{"id":3401,"date":"2025-01-26T12:47:57","date_gmt":"2025-01-26T11:47:57","guid":{"rendered":"https:\/\/www.pogotowieflagowe.pl\/aktualne\/timi-zajc-triumfujacy-w-gigantycznym-imprezie-ski-flying-oberstdorf\/"},"modified":"2025-01-26T12:47:57","modified_gmt":"2025-01-26T11:47:57","slug":"timi-zajc-triumfujacy-w-gigantycznym-imprezie-ski-flying-oberstdorf","status":"publish","type":"post","link":"https:\/\/www.pogotowieflagowe.pl\/aktualne\/timi-zajc-triumfujacy-w-gigantycznym-imprezie-ski-flying-oberstdorf\/","title":{"rendered":"Timi Zajc triumfuj\u0105cy w gigantycznym imprezie Ski Flying Oberstdorf"},"content":{"rendered":"\n<div class=\"td_block_wrap tdb_single_content tdi_41 td-pb-border-top td_block_template_8 td-post-content tagdiv-type\" data-td-block-uid=\"tdi_41\">\n<style>.tdi_41 {margin-top: 0px! Wa\u017cne; margines-bottom: 0px! WA\u017bNY; PALDING-TOP: 0PX! WA\u017bNY; PALDING-BOTTOM: 0PX! WA\u017bNE}<\/style>\n<style>.tdb_single_content {margin-bottom: 0;*zoom: 1} .tdb_single_content: wcze\u015bniej, .tdb_single_content: po {display: Table; content: ''; line-height: 0} .TDB-BLOCK-INner>*: nie (.WP-BLOCK-QUOTE): NOT (.Alignwide): not (.alignfull.wp-block-cover.has-parallax): not (.td-a-ad) {margin-left: auto; margin-right: auto} .tdb_single_content a {wska\u017anik-events: auto} .tdb_single_content .td-spot-id-top_ad .tdc-placeholder-title: przed {content: 'top ad'! Wa\u017cne} .tdb_single_content .td-spot-id-inline_ad0 .tdc-miejsce-title: przed {content: \u201eArtyku\u0142 inline AD 1 '! Wa\u017cne} .tdb_single_content. {content: 'Artyku\u0142 inline AD 2'! Wa\u017cny} .tdb_single_content .td-spot-inline_ad2 .tdc-miejsce-title: przed {content: 'Artyku\u0142 inline AD 3'! Wa\u017cny} .tdb_single_content .td-spot-id-id -Bottom_Ad .tdc-Placeholder-Title: przed {content: 'artyku\u0142 dolny ad'! Wa\u017cny} .tdb_single_content .id_top_ad, .tdb_single_content .id_bottom_ad {clear: obu; margin-bottom: 21px; text -align: Center} .tdb_single_content. id_top_ad IMG, .tdb_single_content .id_bottom_ad Img {margin-bottom: 0} .tdb_single_content .id_top_ad .adsbyGoogle, .tdb_single_content .id_bottom_ad .adsbyGoogle , .tdb_single_content .id_ad_content-horiz-right , .tdb_single_content .id_ad_content-horiz-Center {margin-bottom: 15px} .tdb_single_content .id_content-horiz-left Img, .tdb_single_content .id_ad_content-horiz-right Gin-Bottom: 0 { lewy; margine-top: 9px; margin-right: 21px} .tdb_single_content .id_ad_content-horiz-right {float: right; margin-top: 6px; margin-left: 21px} .tdb_single_content .tdc-a-ad .tdc--- Umak zast\u0119puj\u0105cy {szeroko\u015b\u0107: 300px; height: 250px} .tdb_single_content .tdc-a-ad .tdc-miejsce-title: przed {pozycja: Absolute; top: 50%;-WebKit-Transform: t\u0142umaczenie (-50%); Transform: Translatey (-50%); margines: auto; display: tabela; szeroko\u015b\u0107: 100%} > P, .tdi_41 .tdb-block-inner> p {font-size: 16px! Wa\u017cne; linia-height: 1.6! Wa\u017cne} .tdi_41 .tdb-block-inner blokote p {font-styl: Normal! Media (Max-Width: 767px) {. tdb_single_content .id_ad_content-horiz-left, .tdb_single_content .id_ad_content-horiz-right, .tdb_single_content .id_ad_content-horiz-center {margin: 0 auto 26px auto}}}@media (MAXID. : 767px) {. Tdb_single_content .id_ad_content-horiz-left {margin-right: 0}}@media (Max-Width: 767px) {. -Width: 767px) {. tdb_single_content .td-a-ad {float: none; text-align: Center} .tdb_single_content .td-a-ad img {margin-right: auto; margin-left: auto} .tdb_single_content. tdc-a-ad {float: none}}<\/style>\n<div class=\"tdb-block-inner td-fix-index\">\n<p>Timi Zajc z S\u0142owenii wyg\u0142osi\u0142 gwiezdny wyst\u0119p, aby odnie\u015b\u0107 zwyci\u0119stwo w sobotnim konkursie Pucharu \u015awiata w SKI SKI FIS Skocing na Heini Klopfer Ski Flying Hill w Oberstdorf. Zajc wzr\u00f3s\u0142 do imponuj\u0105cych odleg\u0142o\u015bci 222 i 233 metr\u00f3w, zdobywaj\u0105c wygran\u0105 w sumie 453,7 punktu. Jest to jego pi\u0105te zwyci\u0119stwo w Pucharze \u015awiata i czwarte na znanym oberstdorf Hill.<\/p>\n<p>Norweski Johann Andre Forfang, kt\u00f3ry prowadzi\u0142 po pierwszej rundzie, zapewni\u0142 drugie miejsce ze skokami 221,5 i 235 metr\u00f3w, ale straci\u0142 przewag\u0119 z powodu chwiejnego l\u0105dowania, ko\u0144cz\u0105c 5,1 punkt\u00f3w za Zajc. S\u0142owe\u0144ski Domen Prevc zaokr\u0105gli\u0142 podium skokami 217 i 231,5 metra, gromadz\u0105c 444,9 punktu. Daniel Tschofenig z Austrii w\u0105sko opu\u015bci\u0142 podium, zajmuj\u0105c czwarte miejsce.<\/p>\n<p>Polski kontyngent mia\u0142 trudny dzie\u0144, a Piotr \u017by\u0142a osi\u0105gn\u0105\u0142 najlepszy wynik w\u015br\u00f3d nich na 17 miejscu po skokach 205,5 i 215 metr\u00f3w za 400,6 punktu. Jakub Wolny (22nd), Aleksander Zniszczok (28.), Kamil Stoch (32nd) i Pawleb Wisek (35.) walczyli o utrzymanie wymagaj\u0105cego wzg\u00f3rza. Zar\u00f3wno Stoch, jak i W\u0105Sek nie awansowali poza pierwsz\u0105 rund\u0119.<\/p>\n<p>Zwyci\u0119stwo Zajc umacnia jego dominacj\u0119 na wzg\u00f3rzu Oberstdorf \u201eMammoth\u201d, dodaj\u0105c kolejny rozdzia\u0142 do jego imponuj\u0105cego latarstwa na nartach.<\/p>\n<\/div>\n<\/div>\n","protected":false},"excerpt":{"rendered":"<p>Timi Zajc z S\u0142owenii wyg\u0142osi\u0142 gwiezdny wyst\u0119p, aby odnie\u015b\u0107 zwyci\u0119stwo w sobotnim konkursie Pucharu \u015awiata w SKI SKI FIS Skocing<\/p>\n","protected":false},"author":1,"featured_media":611,"comment_status":"closed","ping_status":"","sticky":false,"template":"","format":"standard","meta":{"footnotes":""},"categories":[118],"tags":[4872,4870,4871,4873,4502,4867,4869,4868],"class_list":["post-3401","post","type-post","status-publish","format-standard","has-post-thumbnail","hentry","category-lekkoatletyka","tag-flying","tag-gigantycznym","tag-imprezie","tag-oberstdorf","tag-ski","tag-timi","tag-triumfujacy","tag-zajc","generate-columns","tablet-grid-50","mobile-grid-100","grid-parent","grid-50","resize-featured-image"],"yoast_head":"<!-- This site is optimized with the Yoast SEO plugin v23.2 - https:\/\/yoast.com\/wordpress\/plugins\/seo\/ -->\n<title>Timi Zajc triumfuj\u0105cy w gigantycznym imprezie Ski Flying Oberstdorf - POGOTOWIE FLAGOWE\u00ae<\/title>\n<meta name=\"robots\" content=\"index, follow, max-snippet:-1, max-image-preview:large, max-video-preview:-1\" \/>\n<link rel=\"canonical\" href=\"https:\/\/www.pogotowieflagowe.pl\/aktualne\/timi-zajc-triumfujacy-w-gigantycznym-imprezie-ski-flying-oberstdorf\/\" \/>\n<meta property=\"og:locale\" content=\"pl_PL\" \/>\n<meta property=\"og:type\" content=\"article\" \/>\n<meta property=\"og:title\" content=\"Timi Zajc triumfuj\u0105cy w gigantycznym imprezie Ski Flying Oberstdorf - POGOTOWIE FLAGOWE\u00ae\" \/>\n<meta property=\"og:description\" content=\"Timi Zajc z S\u0142owenii wyg\u0142osi\u0142 gwiezdny wyst\u0119p, aby odnie\u015b\u0107 zwyci\u0119stwo w sobotnim konkursie Pucharu \u015awiata w SKI SKI FIS Skocing\" \/>\n<meta property=\"og:url\" content=\"https:\/\/www.pogotowieflagowe.pl\/aktualne\/timi-zajc-triumfujacy-w-gigantycznym-imprezie-ski-flying-oberstdorf\/\" \/>\n<meta property=\"og:site_name\" content=\"POGOTOWIE FLAGOWE\u00ae\" \/>\n<meta property=\"article:published_time\" content=\"2025-01-26T11:47:57+00:00\" \/>\n<meta property=\"og:image\" content=\"https:\/\/www.pogotowieflagowe.pl\/aktualne\/wp-content\/uploads\/2024\/09\/Wspomnienie-Roberta-Witkego-Polskie-dziedzictwo-skokow-narciarskich.jpg\" \/>\n\t<meta property=\"og:image:width\" content=\"1000\" \/>\n\t<meta property=\"og:image:height\" content=\"567\" \/>\n\t<meta property=\"og:image:type\" content=\"image\/jpeg\" \/>\n<meta name=\"author\" content=\"Filip\" \/>\n<meta name=\"twitter:card\" content=\"summary_large_image\" \/>\n<meta name=\"twitter:label1\" content=\"Napisane przez\" \/>\n\t<meta name=\"twitter:data1\" content=\"Filip\" \/>\n\t<meta name=\"twitter:label2\" content=\"Szacowany czas czytania\" \/>\n\t<meta name=\"twitter:data2\" content=\"1 minuta\" \/>\n<script type=\"application\/ld+json\" class=\"yoast-schema-graph\">{\"@context\":\"https:\/\/schema.org\",\"@graph\":[{\"@type\":\"Article\",\"@id\":\"https:\/\/www.pogotowieflagowe.pl\/aktualne\/timi-zajc-triumfujacy-w-gigantycznym-imprezie-ski-flying-oberstdorf\/#article\",\"isPartOf\":{\"@id\":\"https:\/\/www.pogotowieflagowe.pl\/aktualne\/timi-zajc-triumfujacy-w-gigantycznym-imprezie-ski-flying-oberstdorf\/\"},\"author\":{\"name\":\"Filip\",\"@id\":\"https:\/\/www.pogotowieflagowe.pl\/aktualne\/#\/schema\/person\/9c2fb7d2362ebf6fa088960d7f0d27b0\"},\"headline\":\"Timi Zajc triumfuj\u0105cy w gigantycznym imprezie Ski Flying Oberstdorf\",\"datePublished\":\"2025-01-26T11:47:57+00:00\",\"dateModified\":\"2025-01-26T11:47:57+00:00\",\"mainEntityOfPage\":{\"@id\":\"https:\/\/www.pogotowieflagowe.pl\/aktualne\/timi-zajc-triumfujacy-w-gigantycznym-imprezie-ski-flying-oberstdorf\/\"},\"wordCount\":214,\"publisher\":{\"@id\":\"https:\/\/www.pogotowieflagowe.pl\/aktualne\/#organization\"},\"image\":{\"@id\":\"https:\/\/www.pogotowieflagowe.pl\/aktualne\/timi-zajc-triumfujacy-w-gigantycznym-imprezie-ski-flying-oberstdorf\/#primaryimage\"},\"thumbnailUrl\":\"https:\/\/www.pogotowieflagowe.pl\/aktualne\/wp-content\/uploads\/2024\/09\/Wspomnienie-Roberta-Witkego-Polskie-dziedzictwo-skokow-narciarskich.jpg\",\"keywords\":[\"Flying\",\"gigantycznym\",\"imprezie\",\"Oberstdorf\",\"Ski\",\"Timi\",\"triumfuj\u0105cy\",\"Zajc\"],\"articleSection\":[\"Lekkoatletyka\"],\"inLanguage\":\"pl-PL\"},{\"@type\":\"WebPage\",\"@id\":\"https:\/\/www.pogotowieflagowe.pl\/aktualne\/timi-zajc-triumfujacy-w-gigantycznym-imprezie-ski-flying-oberstdorf\/\",\"url\":\"https:\/\/www.pogotowieflagowe.pl\/aktualne\/timi-zajc-triumfujacy-w-gigantycznym-imprezie-ski-flying-oberstdorf\/\",\"name\":\"Timi Zajc triumfuj\u0105cy w gigantycznym imprezie Ski Flying Oberstdorf - POGOTOWIE FLAGOWE\u00ae\",\"isPartOf\":{\"@id\":\"https:\/\/www.pogotowieflagowe.pl\/aktualne\/#website\"},\"primaryImageOfPage\":{\"@id\":\"https:\/\/www.pogotowieflagowe.pl\/aktualne\/timi-zajc-triumfujacy-w-gigantycznym-imprezie-ski-flying-oberstdorf\/#primaryimage\"},\"image\":{\"@id\":\"https:\/\/www.pogotowieflagowe.pl\/aktualne\/timi-zajc-triumfujacy-w-gigantycznym-imprezie-ski-flying-oberstdorf\/#primaryimage\"},\"thumbnailUrl\":\"https:\/\/www.pogotowieflagowe.pl\/aktualne\/wp-content\/uploads\/2024\/09\/Wspomnienie-Roberta-Witkego-Polskie-dziedzictwo-skokow-narciarskich.jpg\",\"datePublished\":\"2025-01-26T11:47:57+00:00\",\"dateModified\":\"2025-01-26T11:47:57+00:00\",\"breadcrumb\":{\"@id\":\"https:\/\/www.pogotowieflagowe.pl\/aktualne\/timi-zajc-triumfujacy-w-gigantycznym-imprezie-ski-flying-oberstdorf\/#breadcrumb\"},\"inLanguage\":\"pl-PL\",\"potentialAction\":[{\"@type\":\"ReadAction\",\"target\":[\"https:\/\/www.pogotowieflagowe.pl\/aktualne\/timi-zajc-triumfujacy-w-gigantycznym-imprezie-ski-flying-oberstdorf\/\"]}]},{\"@type\":\"ImageObject\",\"inLanguage\":\"pl-PL\",\"@id\":\"https:\/\/www.pogotowieflagowe.pl\/aktualne\/timi-zajc-triumfujacy-w-gigantycznym-imprezie-ski-flying-oberstdorf\/#primaryimage\",\"url\":\"https:\/\/www.pogotowieflagowe.pl\/aktualne\/wp-content\/uploads\/2024\/09\/Wspomnienie-Roberta-Witkego-Polskie-dziedzictwo-skokow-narciarskich.jpg\",\"contentUrl\":\"https:\/\/www.pogotowieflagowe.pl\/aktualne\/wp-content\/uploads\/2024\/09\/Wspomnienie-Roberta-Witkego-Polskie-dziedzictwo-skokow-narciarskich.jpg\",\"width\":1000,\"height\":567,\"caption\":\"Wspomnienie Roberta Witkego: Polskie dziedzictwo skok\u00f3w narciarskich\"},{\"@type\":\"BreadcrumbList\",\"@id\":\"https:\/\/www.pogotowieflagowe.pl\/aktualne\/timi-zajc-triumfujacy-w-gigantycznym-imprezie-ski-flying-oberstdorf\/#breadcrumb\",\"itemListElement\":[{\"@type\":\"ListItem\",\"position\":1,\"name\":\"Home\",\"item\":\"https:\/\/www.pogotowieflagowe.pl\/aktualne\/\"},{\"@type\":\"ListItem\",\"position\":2,\"name\":\"Timi Zajc triumfuj\u0105cy w gigantycznym imprezie Ski Flying Oberstdorf\"}]},{\"@type\":\"WebSite\",\"@id\":\"https:\/\/www.pogotowieflagowe.pl\/aktualne\/#website\",\"url\":\"https:\/\/www.pogotowieflagowe.pl\/aktualne\/\",\"name\":\"POGOTOWIE FLAGOWE\u00ae\",\"description\":\"\",\"publisher\":{\"@id\":\"https:\/\/www.pogotowieflagowe.pl\/aktualne\/#organization\"},\"potentialAction\":[{\"@type\":\"SearchAction\",\"target\":{\"@type\":\"EntryPoint\",\"urlTemplate\":\"https:\/\/www.pogotowieflagowe.pl\/aktualne\/?s={search_term_string}\"},\"query-input\":\"required name=search_term_string\"}],\"inLanguage\":\"pl-PL\"},{\"@type\":\"Organization\",\"@id\":\"https:\/\/www.pogotowieflagowe.pl\/aktualne\/#organization\",\"name\":\"POGOTOWIE FLAGOWE\u00ae\",\"url\":\"https:\/\/www.pogotowieflagowe.pl\/aktualne\/\",\"logo\":{\"@type\":\"ImageObject\",\"inLanguage\":\"pl-PL\",\"@id\":\"https:\/\/www.pogotowieflagowe.pl\/aktualne\/#\/schema\/logo\/image\/\",\"url\":\"https:\/\/www.pogotowieflagowe.pl\/aktualne\/wp-content\/uploads\/2024\/08\/cropped-pogotowieflagowe_flaga_projekt_sm.jpg\",\"contentUrl\":\"https:\/\/www.pogotowieflagowe.pl\/aktualne\/wp-content\/uploads\/2024\/08\/cropped-pogotowieflagowe_flaga_projekt_sm.jpg\",\"width\":250,\"height\":143,\"caption\":\"POGOTOWIE FLAGOWE\u00ae\"},\"image\":{\"@id\":\"https:\/\/www.pogotowieflagowe.pl\/aktualne\/#\/schema\/logo\/image\/\"}},{\"@type\":\"Person\",\"@id\":\"https:\/\/www.pogotowieflagowe.pl\/aktualne\/#\/schema\/person\/9c2fb7d2362ebf6fa088960d7f0d27b0\",\"name\":\"Filip\",\"image\":{\"@type\":\"ImageObject\",\"inLanguage\":\"pl-PL\",\"@id\":\"https:\/\/www.pogotowieflagowe.pl\/aktualne\/#\/schema\/person\/image\/\",\"url\":\"https:\/\/www.pogotowieflagowe.pl\/aktualne\/wp-content\/uploads\/2024\/08\/pogotowieflagowe.pl_.jpg\",\"contentUrl\":\"https:\/\/www.pogotowieflagowe.pl\/aktualne\/wp-content\/uploads\/2024\/08\/pogotowieflagowe.pl_.jpg\",\"caption\":\"Filip\"},\"description\":\"Jestem Filip, polski dziennikarz z dyplomem nauk politycznych Uniwersytetu Warszawskiego. Rozpoczynaj\u0105c swoj\u0105 karier\u0119 w r\u00f3\u017cnych lokalnych mediach, zdoby\u0142em solidne do\u015bwiadczenie w zakresie \u015bledztwa i redakcji. Obecnie jako redaktor w Pogotowie flagowe, staram si\u0119 dostarcza\u0107 dog\u0142\u0119bne i istotne analizy na temat najwa\u017cniejszych kwestii aktualno\u015bci, \u0142\u0105cz\u0105c rygor z pasj\u0105 dziennikarsk\u0105.\",\"sameAs\":[\"https:\/\/www.pogotowieflagowe.pl\/\"]}]}<\/script>\n<!-- \/ Yoast SEO plugin. -->","yoast_head_json":{"title":"Timi Zajc triumfuj\u0105cy w gigantycznym imprezie Ski Flying Oberstdorf - POGOTOWIE FLAGOWE\u00ae","robots":{"index":"index","follow":"follow","max-snippet":"max-snippet:-1","max-image-preview":"max-image-preview:large","max-video-preview":"max-video-preview:-1"},"canonical":"https:\/\/www.pogotowieflagowe.pl\/aktualne\/timi-zajc-triumfujacy-w-gigantycznym-imprezie-ski-flying-oberstdorf\/","og_locale":"pl_PL","og_type":"article","og_title":"Timi Zajc triumfuj\u0105cy w gigantycznym imprezie Ski Flying Oberstdorf - POGOTOWIE FLAGOWE\u00ae","og_description":"Timi Zajc z S\u0142owenii wyg\u0142osi\u0142 gwiezdny wyst\u0119p, aby odnie\u015b\u0107 zwyci\u0119stwo w sobotnim konkursie Pucharu \u015awiata w SKI SKI FIS Skocing","og_url":"https:\/\/www.pogotowieflagowe.pl\/aktualne\/timi-zajc-triumfujacy-w-gigantycznym-imprezie-ski-flying-oberstdorf\/","og_site_name":"POGOTOWIE FLAGOWE\u00ae","article_published_time":"2025-01-26T11:47:57+00:00","og_image":[{"width":1000,"height":567,"url":"https:\/\/www.pogotowieflagowe.pl\/aktualne\/wp-content\/uploads\/2024\/09\/Wspomnienie-Roberta-Witkego-Polskie-dziedzictwo-skokow-narciarskich.jpg","type":"image\/jpeg"}],"author":"Filip","twitter_card":"summary_large_image","twitter_misc":{"Napisane przez":"Filip","Szacowany czas czytania":"1 minuta"},"schema":{"@context":"https:\/\/schema.org","@graph":[{"@type":"Article","@id":"https:\/\/www.pogotowieflagowe.pl\/aktualne\/timi-zajc-triumfujacy-w-gigantycznym-imprezie-ski-flying-oberstdorf\/#article","isPartOf":{"@id":"https:\/\/www.pogotowieflagowe.pl\/aktualne\/timi-zajc-triumfujacy-w-gigantycznym-imprezie-ski-flying-oberstdorf\/"},"author":{"name":"Filip","@id":"https:\/\/www.pogotowieflagowe.pl\/aktualne\/#\/schema\/person\/9c2fb7d2362ebf6fa088960d7f0d27b0"},"headline":"Timi Zajc triumfuj\u0105cy w gigantycznym imprezie Ski Flying Oberstdorf","datePublished":"2025-01-26T11:47:57+00:00","dateModified":"2025-01-26T11:47:57+00:00","mainEntityOfPage":{"@id":"https:\/\/www.pogotowieflagowe.pl\/aktualne\/timi-zajc-triumfujacy-w-gigantycznym-imprezie-ski-flying-oberstdorf\/"},"wordCount":214,"publisher":{"@id":"https:\/\/www.pogotowieflagowe.pl\/aktualne\/#organization"},"image":{"@id":"https:\/\/www.pogotowieflagowe.pl\/aktualne\/timi-zajc-triumfujacy-w-gigantycznym-imprezie-ski-flying-oberstdorf\/#primaryimage"},"thumbnailUrl":"https:\/\/www.pogotowieflagowe.pl\/aktualne\/wp-content\/uploads\/2024\/09\/Wspomnienie-Roberta-Witkego-Polskie-dziedzictwo-skokow-narciarskich.jpg","keywords":["Flying","gigantycznym","imprezie","Oberstdorf","Ski","Timi","triumfuj\u0105cy","Zajc"],"articleSection":["Lekkoatletyka"],"inLanguage":"pl-PL"},{"@type":"WebPage","@id":"https:\/\/www.pogotowieflagowe.pl\/aktualne\/timi-zajc-triumfujacy-w-gigantycznym-imprezie-ski-flying-oberstdorf\/","url":"https:\/\/www.pogotowieflagowe.pl\/aktualne\/timi-zajc-triumfujacy-w-gigantycznym-imprezie-ski-flying-oberstdorf\/","name":"Timi Zajc triumfuj\u0105cy w gigantycznym imprezie Ski Flying Oberstdorf - POGOTOWIE FLAGOWE\u00ae","isPartOf":{"@id":"https:\/\/www.pogotowieflagowe.pl\/aktualne\/#website"},"primaryImageOfPage":{"@id":"https:\/\/www.pogotowieflagowe.pl\/aktualne\/timi-zajc-triumfujacy-w-gigantycznym-imprezie-ski-flying-oberstdorf\/#primaryimage"},"image":{"@id":"https:\/\/www.pogotowieflagowe.pl\/aktualne\/timi-zajc-triumfujacy-w-gigantycznym-imprezie-ski-flying-oberstdorf\/#primaryimage"},"thumbnailUrl":"https:\/\/www.pogotowieflagowe.pl\/aktualne\/wp-content\/uploads\/2024\/09\/Wspomnienie-Roberta-Witkego-Polskie-dziedzictwo-skokow-narciarskich.jpg","datePublished":"2025-01-26T11:47:57+00:00","dateModified":"2025-01-26T11:47:57+00:00","breadcrumb":{"@id":"https:\/\/www.pogotowieflagowe.pl\/aktualne\/timi-zajc-triumfujacy-w-gigantycznym-imprezie-ski-flying-oberstdorf\/#breadcrumb"},"inLanguage":"pl-PL","potentialAction":[{"@type":"ReadAction","target":["https:\/\/www.pogotowieflagowe.pl\/aktualne\/timi-zajc-triumfujacy-w-gigantycznym-imprezie-ski-flying-oberstdorf\/"]}]},{"@type":"ImageObject","inLanguage":"pl-PL","@id":"https:\/\/www.pogotowieflagowe.pl\/aktualne\/timi-zajc-triumfujacy-w-gigantycznym-imprezie-ski-flying-oberstdorf\/#primaryimage","url":"https:\/\/www.pogotowieflagowe.pl\/aktualne\/wp-content\/uploads\/2024\/09\/Wspomnienie-Roberta-Witkego-Polskie-dziedzictwo-skokow-narciarskich.jpg","contentUrl":"https:\/\/www.pogotowieflagowe.pl\/aktualne\/wp-content\/uploads\/2024\/09\/Wspomnienie-Roberta-Witkego-Polskie-dziedzictwo-skokow-narciarskich.jpg","width":1000,"height":567,"caption":"Wspomnienie Roberta Witkego: Polskie dziedzictwo skok\u00f3w narciarskich"},{"@type":"BreadcrumbList","@id":"https:\/\/www.pogotowieflagowe.pl\/aktualne\/timi-zajc-triumfujacy-w-gigantycznym-imprezie-ski-flying-oberstdorf\/#breadcrumb","itemListElement":[{"@type":"ListItem","position":1,"name":"Home","item":"https:\/\/www.pogotowieflagowe.pl\/aktualne\/"},{"@type":"ListItem","position":2,"name":"Timi Zajc triumfuj\u0105cy w gigantycznym imprezie Ski Flying Oberstdorf"}]},{"@type":"WebSite","@id":"https:\/\/www.pogotowieflagowe.pl\/aktualne\/#website","url":"https:\/\/www.pogotowieflagowe.pl\/aktualne\/","name":"POGOTOWIE FLAGOWE\u00ae","description":"","publisher":{"@id":"https:\/\/www.pogotowieflagowe.pl\/aktualne\/#organization"},"potentialAction":[{"@type":"SearchAction","target":{"@type":"EntryPoint","urlTemplate":"https:\/\/www.pogotowieflagowe.pl\/aktualne\/?s={search_term_string}"},"query-input":"required name=search_term_string"}],"inLanguage":"pl-PL"},{"@type":"Organization","@id":"https:\/\/www.pogotowieflagowe.pl\/aktualne\/#organization","name":"POGOTOWIE FLAGOWE\u00ae","url":"https:\/\/www.pogotowieflagowe.pl\/aktualne\/","logo":{"@type":"ImageObject","inLanguage":"pl-PL","@id":"https:\/\/www.pogotowieflagowe.pl\/aktualne\/#\/schema\/logo\/image\/","url":"https:\/\/www.pogotowieflagowe.pl\/aktualne\/wp-content\/uploads\/2024\/08\/cropped-pogotowieflagowe_flaga_projekt_sm.jpg","contentUrl":"https:\/\/www.pogotowieflagowe.pl\/aktualne\/wp-content\/uploads\/2024\/08\/cropped-pogotowieflagowe_flaga_projekt_sm.jpg","width":250,"height":143,"caption":"POGOTOWIE FLAGOWE\u00ae"},"image":{"@id":"https:\/\/www.pogotowieflagowe.pl\/aktualne\/#\/schema\/logo\/image\/"}},{"@type":"Person","@id":"https:\/\/www.pogotowieflagowe.pl\/aktualne\/#\/schema\/person\/9c2fb7d2362ebf6fa088960d7f0d27b0","name":"Filip","image":{"@type":"ImageObject","inLanguage":"pl-PL","@id":"https:\/\/www.pogotowieflagowe.pl\/aktualne\/#\/schema\/person\/image\/","url":"https:\/\/www.pogotowieflagowe.pl\/aktualne\/wp-content\/uploads\/2024\/08\/pogotowieflagowe.pl_.jpg","contentUrl":"https:\/\/www.pogotowieflagowe.pl\/aktualne\/wp-content\/uploads\/2024\/08\/pogotowieflagowe.pl_.jpg","caption":"Filip"},"description":"Jestem Filip, polski dziennikarz z dyplomem nauk politycznych Uniwersytetu Warszawskiego. Rozpoczynaj\u0105c swoj\u0105 karier\u0119 w r\u00f3\u017cnych lokalnych mediach, zdoby\u0142em solidne do\u015bwiadczenie w zakresie \u015bledztwa i redakcji. Obecnie jako redaktor w Pogotowie flagowe, staram si\u0119 dostarcza\u0107 dog\u0142\u0119bne i istotne analizy na temat najwa\u017cniejszych kwestii aktualno\u015bci, \u0142\u0105cz\u0105c rygor z pasj\u0105 dziennikarsk\u0105.","sameAs":["https:\/\/www.pogotowieflagowe.pl\/"]}]}},"_links":{"self":[{"href":"https:\/\/www.pogotowieflagowe.pl\/aktualne\/wp-json\/wp\/v2\/posts\/3401","targetHints":{"allow":["GET"]}}],"collection":[{"href":"https:\/\/www.pogotowieflagowe.pl\/aktualne\/wp-json\/wp\/v2\/posts"}],"about":[{"href":"https:\/\/www.pogotowieflagowe.pl\/aktualne\/wp-json\/wp\/v2\/types\/post"}],"author":[{"embeddable":true,"href":"https:\/\/www.pogotowieflagowe.pl\/aktualne\/wp-json\/wp\/v2\/users\/1"}],"replies":[{"embeddable":true,"href":"https:\/\/www.pogotowieflagowe.pl\/aktualne\/wp-json\/wp\/v2\/comments?post=3401"}],"version-history":[{"count":1,"href":"https:\/\/www.pogotowieflagowe.pl\/aktualne\/wp-json\/wp\/v2\/posts\/3401\/revisions"}],"predecessor-version":[{"id":3402,"href":"https:\/\/www.pogotowieflagowe.pl\/aktualne\/wp-json\/wp\/v2\/posts\/3401\/revisions\/3402"}],"wp:featuredmedia":[{"embeddable":true,"href":"https:\/\/www.pogotowieflagowe.pl\/aktualne\/wp-json\/wp\/v2\/media\/611"}],"wp:attachment":[{"href":"https:\/\/www.pogotowieflagowe.pl\/aktualne\/wp-json\/wp\/v2\/media?parent=3401"}],"wp:term":[{"taxonomy":"category","embeddable":true,"href":"https:\/\/www.pogotowieflagowe.pl\/aktualne\/wp-json\/wp\/v2\/categories?post=3401"},{"taxonomy":"post_tag","embeddable":true,"href":"https:\/\/www.pogotowieflagowe.pl\/aktualne\/wp-json\/wp\/v2\/tags?post=3401"}],"curies":[{"name":"wp","href":"https:\/\/api.w.org\/{rel}","templated":true}]}}