{"id":3403,"date":"2025-01-26T13:47:12","date_gmt":"2025-01-26T12:47:12","guid":{"rendered":"https:\/\/www.pogotowieflagowe.pl\/aktualne\/ponadczasowa-elegancja-porcelana-tulowice-na-wystawie-w-opole\/"},"modified":"2025-01-26T13:47:12","modified_gmt":"2025-01-26T12:47:12","slug":"ponadczasowa-elegancja-porcelana-tulowice-na-wystawie-w-opole","status":"publish","type":"post","link":"https:\/\/www.pogotowieflagowe.pl\/aktualne\/ponadczasowa-elegancja-porcelana-tulowice-na-wystawie-w-opole\/","title":{"rendered":"Ponadczasowa elegancja: porcelana Tu\u0142owice na wystawie w opole"},"content":{"rendered":"\n<div class=\"td_block_wrap tdb_single_content tdi_41 td-pb-border-top td_block_template_8 td-post-content tagdiv-type\" data-td-block-uid=\"tdi_41\">\n<style>.tdi_41 {margin-top: 0px! Wa\u017cne; margines-bottom: 0px! WA\u017bNY; PALDING-TOP: 0PX! WA\u017bNY; PALDING-BOTTOM: 0PX! WA\u017bNE}<\/style>\n<style>.tdb_single_content {margin-bottom: 0;*zoom: 1} .tdb_single_content: wcze\u015bniej, .tdb_single_content: po {display: Table; content: ''; line-height: 0} .TDB-BLOCK-INner>*: nie (.WP-BLOCK-QUOTE): NOT (.Alignwide): not (.alignfull.wp-block-cover.has-parallax): not (.td-a-ad) {margin-left: auto; margin-right: auto} .tdb_single_content a {wska\u017anik-events: auto} .tdb_single_content .td-spot-id-top_ad .tdc-placeholder-title: przed {content: 'top ad'! Wa\u017cne} .tdb_single_content .td-spot-id-inline_ad0 .tdc-miejsce-title: przed {content: \u201eArtyku\u0142 inline AD 1 '! Wa\u017cne} .tdb_single_content. {content: 'Artyku\u0142 inline AD 2'! Wa\u017cny} .tdb_single_content .td-spot-inline_ad2 .tdc-miejsce-title: przed {content: 'Artyku\u0142 inline AD 3'! Wa\u017cny} .tdb_single_content .td-spot-id-id -Bottom_Ad .tdc-Placeholder-Title: przed {content: 'artyku\u0142 dolny ad'! Wa\u017cny} .tdb_single_content .id_top_ad, .tdb_single_content .id_bottom_ad {clear: obu; margin-bottom: 21px; text -align: Center} .tdb_single_content. id_top_ad IMG, .tdb_single_content .id_bottom_ad Img {margin-bottom: 0} .tdb_single_content .id_top_ad .adsbyGoogle, .tdb_single_content .id_bottom_ad .adsbyGoogle , .tdb_single_content .id_ad_content-horiz-right , .tdb_single_content .id_ad_content-horiz-Center {margin-bottom: 15px} .tdb_single_content .id_content-horiz-left Img, .tdb_single_content .id_ad_content-horiz-right Gin-Bottom: 0 { lewy; margine-top: 9px; margin-right: 21px} .tdb_single_content .id_ad_content-horiz-right {float: right; margin-top: 6px; margin-left: 21px} .tdb_single_content .tdc-a-ad .tdc--- Umak zast\u0119puj\u0105cy {szeroko\u015b\u0107: 300px; height: 250px} .tdb_single_content .tdc-a-ad .tdc-miejsce-title: przed {pozycja: Absolute; top: 50%;-WebKit-Transform: t\u0142umaczenie (-50%); Transform: Translatey (-50%); margines: auto; display: tabela; szeroko\u015b\u0107: 100%} > P, .tdi_41 .tdb-block-inner> p {font-size: 16px! Wa\u017cne; linia-height: 1.6! Wa\u017cne} .tdi_41 .tdb-block-inner blokote p {font-styl: Normal! Media (Max-Width: 767px) {. tdb_single_content .id_ad_content-horiz-left, .tdb_single_content .id_ad_content-horiz-right, .tdb_single_content .id_ad_content-horiz-center {margin: 0 auto 26px auto}}}@media (MAXID. : 767px) {. Tdb_single_content .id_ad_content-horiz-left {margin-right: 0}}@media (Max-Width: 767px) {. -Width: 767px) {. tdb_single_content .td-a-ad {float: none; text-align: Center} .tdb_single_content .td-a-ad img {margin-right: auto; margin-left: auto} .tdb_single_content. tdc-a-ad {float: none}}<\/style>\n<div class=\"tdb-block-inner td-fix-index\">\n<p><strong>Unikalna wystawa prezentuj\u0105ca porcelan\u0119 z znanych fabryk Frankenberg i Schlegelmilch w Tu\u0142owice jest otwarta do ko\u0144ca lutego w miejskiej bibliotece publicznej w Opole. Odwiedzaj\u0105cy mog\u0105 podziwia\u0107 rzadkie 19 i wczesne XX-wieczne zestawy kawowe i obiadowe, mi\u0119dzy innymi skarbami.<\/strong><\/p>\n<h2 class=\"wp-block-heading\">Znakomite kunszt na wystawie<\/h2>\n<p>Wystawy s\u0105 cz\u0119\u015bci\u0105 3000-cz\u0119\u015bciowej kolekcji Muzeum porcelanowego Reinhold Schlegelmilch w Tu\u0142owice. Kolekcja obejmuje delikatne zastawy sto\u0142owe, wazony, s\u0142oiki ze s\u0142odyczami, czajniki, a nawet unikalne przedmioty, takie jak pojemniki do w\u0142os\u00f3w. Te misternie zaprojektowane elementy odzwierciedlaj\u0105 artystyczne opanowanie fabryk porcelanowych Tu\u0142owice.<\/p>\n<p>Historia produkcji porcelany w Tu\u0142owice obejmuje ponad dwa wieki. W XIX wieku r\u0119cznie malowana porcelana z Tu\u0142owice zyska\u0142a globalne uznanie, szczeg\u00f3lnie pod kierownictwem Erharda Schlegelmilcha. Na pocz\u0105tku XX wieku fabryka zatrudnia\u0142a 800 pracownik\u00f3w, eksportuj\u0105c 80% swoich produkt\u00f3w do Ameryki P\u00f3\u0142nocnej. Wykwalifikowani chi\u0144scy dekoratorzy dodali autentyczne projekty dla rynk\u00f3w Azji Wschodniej.<\/p>\n<p><iframe width=\"500\" height=\"705\" style=\"border:none;overflow:hidden\" scrolling=\"no\" frameborder=\"0\" allowfullscreen=\"true\" allow=\"autoplay; clipboard-write; encrypted-media; picture-in-picture; web-share\" data-src=\"https:\/\/www.facebook.com\/plugins\/post.php?href=https%3A%2F%2Fwww.facebook.com%2Fmbpopole%2Fposts%2Fpfbid02aaAeUnueffgopYCSxd2CDEDcqSuZDKFvFaeq9zivYRBVssVB9nY7e4rC3hE22HChl&amp;show_text=true&amp;width=500\" class=\"lazyload\"><\/iframe><\/p>\n<p>Pomimo upadku produkcji porcelany po II wojnie \u015bwiatowej dziedzictwo \u017cyje. Dzisiaj trzy porcelanowe muzea w Tu\u0142owice zachowuj\u0105 i celebruj\u0105 t\u0119 bogat\u0105 tradycj\u0119, utrzymuj\u0105c pami\u0119\u0107 porcelanow\u0105 Tu\u0142owice dla przysz\u0142ych pokole\u0144.<\/p>\n<\/div>\n<\/div>\n","protected":false},"excerpt":{"rendered":"<p>Unikalna wystawa prezentuj\u0105ca porcelan\u0119 z znanych fabryk Frankenberg i Schlegelmilch w Tu\u0142owice jest otwarta do ko\u0144ca lutego w miejskiej bibliotece<\/p>\n","protected":false},"author":1,"featured_media":3250,"comment_status":"closed","ping_status":"","sticky":false,"template":"","format":"standard","meta":{"footnotes":""},"categories":[47],"tags":[4703,4875,4133,4704,4874,4693],"class_list":["post-3403","post","type-post","status-publish","format-standard","has-post-thumbnail","hentry","category-styl-zycia","tag-elegancja","tag-opole","tag-ponadczasowa","tag-porcelana","tag-tulowice","tag-wystawie","generate-columns","tablet-grid-50","mobile-grid-100","grid-parent","grid-50","resize-featured-image"],"yoast_head":"<!-- This site is optimized with the Yoast SEO plugin v23.2 - https:\/\/yoast.com\/wordpress\/plugins\/seo\/ -->\n<title>Ponadczasowa elegancja: porcelana Tu\u0142owice na wystawie w opole - POGOTOWIE FLAGOWE\u00ae<\/title>\n<meta name=\"robots\" content=\"index, follow, max-snippet:-1, max-image-preview:large, max-video-preview:-1\" \/>\n<link rel=\"canonical\" href=\"https:\/\/www.pogotowieflagowe.pl\/aktualne\/ponadczasowa-elegancja-porcelana-tulowice-na-wystawie-w-opole\/\" \/>\n<meta property=\"og:locale\" content=\"pl_PL\" \/>\n<meta property=\"og:type\" content=\"article\" \/>\n<meta property=\"og:title\" content=\"Ponadczasowa elegancja: porcelana Tu\u0142owice na wystawie w opole - POGOTOWIE FLAGOWE\u00ae\" \/>\n<meta property=\"og:description\" content=\"Unikalna wystawa prezentuj\u0105ca porcelan\u0119 z znanych fabryk Frankenberg i Schlegelmilch w Tu\u0142owice jest otwarta do ko\u0144ca lutego w miejskiej bibliotece\" \/>\n<meta property=\"og:url\" content=\"https:\/\/www.pogotowieflagowe.pl\/aktualne\/ponadczasowa-elegancja-porcelana-tulowice-na-wystawie-w-opole\/\" \/>\n<meta property=\"og:site_name\" content=\"POGOTOWIE FLAGOWE\u00ae\" \/>\n<meta property=\"article:published_time\" content=\"2025-01-26T12:47:12+00:00\" \/>\n<meta property=\"og:image\" content=\"https:\/\/www.pogotowieflagowe.pl\/aktualne\/wp-content\/uploads\/2025\/01\/Ponadczasowa-elegancja-Porcelana-Tulowic-na-wystawie-w-Opolu.jpg\" \/>\n\t<meta property=\"og:image:width\" content=\"1620\" \/>\n\t<meta property=\"og:image:height\" content=\"1080\" \/>\n\t<meta property=\"og:image:type\" content=\"image\/jpeg\" \/>\n<meta name=\"author\" content=\"Filip\" \/>\n<meta name=\"twitter:card\" content=\"summary_large_image\" \/>\n<meta name=\"twitter:label1\" content=\"Napisane przez\" \/>\n\t<meta name=\"twitter:data1\" content=\"Filip\" \/>\n\t<meta name=\"twitter:label2\" content=\"Szacowany czas czytania\" \/>\n\t<meta name=\"twitter:data2\" content=\"1 minuta\" \/>\n<script type=\"application\/ld+json\" class=\"yoast-schema-graph\">{\"@context\":\"https:\/\/schema.org\",\"@graph\":[{\"@type\":\"Article\",\"@id\":\"https:\/\/www.pogotowieflagowe.pl\/aktualne\/ponadczasowa-elegancja-porcelana-tulowice-na-wystawie-w-opole\/#article\",\"isPartOf\":{\"@id\":\"https:\/\/www.pogotowieflagowe.pl\/aktualne\/ponadczasowa-elegancja-porcelana-tulowice-na-wystawie-w-opole\/\"},\"author\":{\"name\":\"Filip\",\"@id\":\"https:\/\/www.pogotowieflagowe.pl\/aktualne\/#\/schema\/person\/9c2fb7d2362ebf6fa088960d7f0d27b0\"},\"headline\":\"Ponadczasowa elegancja: porcelana Tu\u0142owice na wystawie w opole\",\"datePublished\":\"2025-01-26T12:47:12+00:00\",\"dateModified\":\"2025-01-26T12:47:12+00:00\",\"mainEntityOfPage\":{\"@id\":\"https:\/\/www.pogotowieflagowe.pl\/aktualne\/ponadczasowa-elegancja-porcelana-tulowice-na-wystawie-w-opole\/\"},\"wordCount\":198,\"publisher\":{\"@id\":\"https:\/\/www.pogotowieflagowe.pl\/aktualne\/#organization\"},\"image\":{\"@id\":\"https:\/\/www.pogotowieflagowe.pl\/aktualne\/ponadczasowa-elegancja-porcelana-tulowice-na-wystawie-w-opole\/#primaryimage\"},\"thumbnailUrl\":\"https:\/\/www.pogotowieflagowe.pl\/aktualne\/wp-content\/uploads\/2025\/01\/Ponadczasowa-elegancja-Porcelana-Tulowic-na-wystawie-w-Opolu.jpg\",\"keywords\":[\"elegancja\",\"opole\",\"Ponadczasowa\",\"Porcelana\",\"Tu\u0142owice\",\"wystawie\"],\"articleSection\":[\"Styl \u017cycia\"],\"inLanguage\":\"pl-PL\"},{\"@type\":\"WebPage\",\"@id\":\"https:\/\/www.pogotowieflagowe.pl\/aktualne\/ponadczasowa-elegancja-porcelana-tulowice-na-wystawie-w-opole\/\",\"url\":\"https:\/\/www.pogotowieflagowe.pl\/aktualne\/ponadczasowa-elegancja-porcelana-tulowice-na-wystawie-w-opole\/\",\"name\":\"Ponadczasowa elegancja: porcelana Tu\u0142owice na wystawie w opole - POGOTOWIE FLAGOWE\u00ae\",\"isPartOf\":{\"@id\":\"https:\/\/www.pogotowieflagowe.pl\/aktualne\/#website\"},\"primaryImageOfPage\":{\"@id\":\"https:\/\/www.pogotowieflagowe.pl\/aktualne\/ponadczasowa-elegancja-porcelana-tulowice-na-wystawie-w-opole\/#primaryimage\"},\"image\":{\"@id\":\"https:\/\/www.pogotowieflagowe.pl\/aktualne\/ponadczasowa-elegancja-porcelana-tulowice-na-wystawie-w-opole\/#primaryimage\"},\"thumbnailUrl\":\"https:\/\/www.pogotowieflagowe.pl\/aktualne\/wp-content\/uploads\/2025\/01\/Ponadczasowa-elegancja-Porcelana-Tulowic-na-wystawie-w-Opolu.jpg\",\"datePublished\":\"2025-01-26T12:47:12+00:00\",\"dateModified\":\"2025-01-26T12:47:12+00:00\",\"breadcrumb\":{\"@id\":\"https:\/\/www.pogotowieflagowe.pl\/aktualne\/ponadczasowa-elegancja-porcelana-tulowice-na-wystawie-w-opole\/#breadcrumb\"},\"inLanguage\":\"pl-PL\",\"potentialAction\":[{\"@type\":\"ReadAction\",\"target\":[\"https:\/\/www.pogotowieflagowe.pl\/aktualne\/ponadczasowa-elegancja-porcelana-tulowice-na-wystawie-w-opole\/\"]}]},{\"@type\":\"ImageObject\",\"inLanguage\":\"pl-PL\",\"@id\":\"https:\/\/www.pogotowieflagowe.pl\/aktualne\/ponadczasowa-elegancja-porcelana-tulowice-na-wystawie-w-opole\/#primaryimage\",\"url\":\"https:\/\/www.pogotowieflagowe.pl\/aktualne\/wp-content\/uploads\/2025\/01\/Ponadczasowa-elegancja-Porcelana-Tulowic-na-wystawie-w-Opolu.jpg\",\"contentUrl\":\"https:\/\/www.pogotowieflagowe.pl\/aktualne\/wp-content\/uploads\/2025\/01\/Ponadczasowa-elegancja-Porcelana-Tulowic-na-wystawie-w-Opolu.jpg\",\"width\":1620,\"height\":1080,\"caption\":\"Ponadczasowa elegancja: Porcelana Tu\u0142owic na wystawie w Opolu\"},{\"@type\":\"BreadcrumbList\",\"@id\":\"https:\/\/www.pogotowieflagowe.pl\/aktualne\/ponadczasowa-elegancja-porcelana-tulowice-na-wystawie-w-opole\/#breadcrumb\",\"itemListElement\":[{\"@type\":\"ListItem\",\"position\":1,\"name\":\"Home\",\"item\":\"https:\/\/www.pogotowieflagowe.pl\/aktualne\/\"},{\"@type\":\"ListItem\",\"position\":2,\"name\":\"Ponadczasowa elegancja: porcelana Tu\u0142owice na wystawie w opole\"}]},{\"@type\":\"WebSite\",\"@id\":\"https:\/\/www.pogotowieflagowe.pl\/aktualne\/#website\",\"url\":\"https:\/\/www.pogotowieflagowe.pl\/aktualne\/\",\"name\":\"POGOTOWIE FLAGOWE\u00ae\",\"description\":\"\",\"publisher\":{\"@id\":\"https:\/\/www.pogotowieflagowe.pl\/aktualne\/#organization\"},\"potentialAction\":[{\"@type\":\"SearchAction\",\"target\":{\"@type\":\"EntryPoint\",\"urlTemplate\":\"https:\/\/www.pogotowieflagowe.pl\/aktualne\/?s={search_term_string}\"},\"query-input\":\"required name=search_term_string\"}],\"inLanguage\":\"pl-PL\"},{\"@type\":\"Organization\",\"@id\":\"https:\/\/www.pogotowieflagowe.pl\/aktualne\/#organization\",\"name\":\"POGOTOWIE FLAGOWE\u00ae\",\"url\":\"https:\/\/www.pogotowieflagowe.pl\/aktualne\/\",\"logo\":{\"@type\":\"ImageObject\",\"inLanguage\":\"pl-PL\",\"@id\":\"https:\/\/www.pogotowieflagowe.pl\/aktualne\/#\/schema\/logo\/image\/\",\"url\":\"https:\/\/www.pogotowieflagowe.pl\/aktualne\/wp-content\/uploads\/2024\/08\/cropped-pogotowieflagowe_flaga_projekt_sm.jpg\",\"contentUrl\":\"https:\/\/www.pogotowieflagowe.pl\/aktualne\/wp-content\/uploads\/2024\/08\/cropped-pogotowieflagowe_flaga_projekt_sm.jpg\",\"width\":250,\"height\":143,\"caption\":\"POGOTOWIE FLAGOWE\u00ae\"},\"image\":{\"@id\":\"https:\/\/www.pogotowieflagowe.pl\/aktualne\/#\/schema\/logo\/image\/\"}},{\"@type\":\"Person\",\"@id\":\"https:\/\/www.pogotowieflagowe.pl\/aktualne\/#\/schema\/person\/9c2fb7d2362ebf6fa088960d7f0d27b0\",\"name\":\"Filip\",\"image\":{\"@type\":\"ImageObject\",\"inLanguage\":\"pl-PL\",\"@id\":\"https:\/\/www.pogotowieflagowe.pl\/aktualne\/#\/schema\/person\/image\/\",\"url\":\"https:\/\/www.pogotowieflagowe.pl\/aktualne\/wp-content\/uploads\/2024\/08\/pogotowieflagowe.pl_.jpg\",\"contentUrl\":\"https:\/\/www.pogotowieflagowe.pl\/aktualne\/wp-content\/uploads\/2024\/08\/pogotowieflagowe.pl_.jpg\",\"caption\":\"Filip\"},\"description\":\"Jestem Filip, polski dziennikarz z dyplomem nauk politycznych Uniwersytetu Warszawskiego. Rozpoczynaj\u0105c swoj\u0105 karier\u0119 w r\u00f3\u017cnych lokalnych mediach, zdoby\u0142em solidne do\u015bwiadczenie w zakresie \u015bledztwa i redakcji. Obecnie jako redaktor w Pogotowie flagowe, staram si\u0119 dostarcza\u0107 dog\u0142\u0119bne i istotne analizy na temat najwa\u017cniejszych kwestii aktualno\u015bci, \u0142\u0105cz\u0105c rygor z pasj\u0105 dziennikarsk\u0105.\",\"sameAs\":[\"https:\/\/www.pogotowieflagowe.pl\/\"]}]}<\/script>\n<!-- \/ Yoast SEO plugin. -->","yoast_head_json":{"title":"Ponadczasowa elegancja: porcelana Tu\u0142owice na wystawie w opole - POGOTOWIE FLAGOWE\u00ae","robots":{"index":"index","follow":"follow","max-snippet":"max-snippet:-1","max-image-preview":"max-image-preview:large","max-video-preview":"max-video-preview:-1"},"canonical":"https:\/\/www.pogotowieflagowe.pl\/aktualne\/ponadczasowa-elegancja-porcelana-tulowice-na-wystawie-w-opole\/","og_locale":"pl_PL","og_type":"article","og_title":"Ponadczasowa elegancja: porcelana Tu\u0142owice na wystawie w opole - POGOTOWIE FLAGOWE\u00ae","og_description":"Unikalna wystawa prezentuj\u0105ca porcelan\u0119 z znanych fabryk Frankenberg i Schlegelmilch w Tu\u0142owice jest otwarta do ko\u0144ca lutego w miejskiej bibliotece","og_url":"https:\/\/www.pogotowieflagowe.pl\/aktualne\/ponadczasowa-elegancja-porcelana-tulowice-na-wystawie-w-opole\/","og_site_name":"POGOTOWIE FLAGOWE\u00ae","article_published_time":"2025-01-26T12:47:12+00:00","og_image":[{"width":1620,"height":1080,"url":"https:\/\/www.pogotowieflagowe.pl\/aktualne\/wp-content\/uploads\/2025\/01\/Ponadczasowa-elegancja-Porcelana-Tulowic-na-wystawie-w-Opolu.jpg","type":"image\/jpeg"}],"author":"Filip","twitter_card":"summary_large_image","twitter_misc":{"Napisane przez":"Filip","Szacowany czas czytania":"1 minuta"},"schema":{"@context":"https:\/\/schema.org","@graph":[{"@type":"Article","@id":"https:\/\/www.pogotowieflagowe.pl\/aktualne\/ponadczasowa-elegancja-porcelana-tulowice-na-wystawie-w-opole\/#article","isPartOf":{"@id":"https:\/\/www.pogotowieflagowe.pl\/aktualne\/ponadczasowa-elegancja-porcelana-tulowice-na-wystawie-w-opole\/"},"author":{"name":"Filip","@id":"https:\/\/www.pogotowieflagowe.pl\/aktualne\/#\/schema\/person\/9c2fb7d2362ebf6fa088960d7f0d27b0"},"headline":"Ponadczasowa elegancja: porcelana Tu\u0142owice na wystawie w opole","datePublished":"2025-01-26T12:47:12+00:00","dateModified":"2025-01-26T12:47:12+00:00","mainEntityOfPage":{"@id":"https:\/\/www.pogotowieflagowe.pl\/aktualne\/ponadczasowa-elegancja-porcelana-tulowice-na-wystawie-w-opole\/"},"wordCount":198,"publisher":{"@id":"https:\/\/www.pogotowieflagowe.pl\/aktualne\/#organization"},"image":{"@id":"https:\/\/www.pogotowieflagowe.pl\/aktualne\/ponadczasowa-elegancja-porcelana-tulowice-na-wystawie-w-opole\/#primaryimage"},"thumbnailUrl":"https:\/\/www.pogotowieflagowe.pl\/aktualne\/wp-content\/uploads\/2025\/01\/Ponadczasowa-elegancja-Porcelana-Tulowic-na-wystawie-w-Opolu.jpg","keywords":["elegancja","opole","Ponadczasowa","Porcelana","Tu\u0142owice","wystawie"],"articleSection":["Styl \u017cycia"],"inLanguage":"pl-PL"},{"@type":"WebPage","@id":"https:\/\/www.pogotowieflagowe.pl\/aktualne\/ponadczasowa-elegancja-porcelana-tulowice-na-wystawie-w-opole\/","url":"https:\/\/www.pogotowieflagowe.pl\/aktualne\/ponadczasowa-elegancja-porcelana-tulowice-na-wystawie-w-opole\/","name":"Ponadczasowa elegancja: porcelana Tu\u0142owice na wystawie w opole - POGOTOWIE FLAGOWE\u00ae","isPartOf":{"@id":"https:\/\/www.pogotowieflagowe.pl\/aktualne\/#website"},"primaryImageOfPage":{"@id":"https:\/\/www.pogotowieflagowe.pl\/aktualne\/ponadczasowa-elegancja-porcelana-tulowice-na-wystawie-w-opole\/#primaryimage"},"image":{"@id":"https:\/\/www.pogotowieflagowe.pl\/aktualne\/ponadczasowa-elegancja-porcelana-tulowice-na-wystawie-w-opole\/#primaryimage"},"thumbnailUrl":"https:\/\/www.pogotowieflagowe.pl\/aktualne\/wp-content\/uploads\/2025\/01\/Ponadczasowa-elegancja-Porcelana-Tulowic-na-wystawie-w-Opolu.jpg","datePublished":"2025-01-26T12:47:12+00:00","dateModified":"2025-01-26T12:47:12+00:00","breadcrumb":{"@id":"https:\/\/www.pogotowieflagowe.pl\/aktualne\/ponadczasowa-elegancja-porcelana-tulowice-na-wystawie-w-opole\/#breadcrumb"},"inLanguage":"pl-PL","potentialAction":[{"@type":"ReadAction","target":["https:\/\/www.pogotowieflagowe.pl\/aktualne\/ponadczasowa-elegancja-porcelana-tulowice-na-wystawie-w-opole\/"]}]},{"@type":"ImageObject","inLanguage":"pl-PL","@id":"https:\/\/www.pogotowieflagowe.pl\/aktualne\/ponadczasowa-elegancja-porcelana-tulowice-na-wystawie-w-opole\/#primaryimage","url":"https:\/\/www.pogotowieflagowe.pl\/aktualne\/wp-content\/uploads\/2025\/01\/Ponadczasowa-elegancja-Porcelana-Tulowic-na-wystawie-w-Opolu.jpg","contentUrl":"https:\/\/www.pogotowieflagowe.pl\/aktualne\/wp-content\/uploads\/2025\/01\/Ponadczasowa-elegancja-Porcelana-Tulowic-na-wystawie-w-Opolu.jpg","width":1620,"height":1080,"caption":"Ponadczasowa elegancja: Porcelana Tu\u0142owic na wystawie w Opolu"},{"@type":"BreadcrumbList","@id":"https:\/\/www.pogotowieflagowe.pl\/aktualne\/ponadczasowa-elegancja-porcelana-tulowice-na-wystawie-w-opole\/#breadcrumb","itemListElement":[{"@type":"ListItem","position":1,"name":"Home","item":"https:\/\/www.pogotowieflagowe.pl\/aktualne\/"},{"@type":"ListItem","position":2,"name":"Ponadczasowa elegancja: porcelana Tu\u0142owice na wystawie w opole"}]},{"@type":"WebSite","@id":"https:\/\/www.pogotowieflagowe.pl\/aktualne\/#website","url":"https:\/\/www.pogotowieflagowe.pl\/aktualne\/","name":"POGOTOWIE FLAGOWE\u00ae","description":"","publisher":{"@id":"https:\/\/www.pogotowieflagowe.pl\/aktualne\/#organization"},"potentialAction":[{"@type":"SearchAction","target":{"@type":"EntryPoint","urlTemplate":"https:\/\/www.pogotowieflagowe.pl\/aktualne\/?s={search_term_string}"},"query-input":"required name=search_term_string"}],"inLanguage":"pl-PL"},{"@type":"Organization","@id":"https:\/\/www.pogotowieflagowe.pl\/aktualne\/#organization","name":"POGOTOWIE FLAGOWE\u00ae","url":"https:\/\/www.pogotowieflagowe.pl\/aktualne\/","logo":{"@type":"ImageObject","inLanguage":"pl-PL","@id":"https:\/\/www.pogotowieflagowe.pl\/aktualne\/#\/schema\/logo\/image\/","url":"https:\/\/www.pogotowieflagowe.pl\/aktualne\/wp-content\/uploads\/2024\/08\/cropped-pogotowieflagowe_flaga_projekt_sm.jpg","contentUrl":"https:\/\/www.pogotowieflagowe.pl\/aktualne\/wp-content\/uploads\/2024\/08\/cropped-pogotowieflagowe_flaga_projekt_sm.jpg","width":250,"height":143,"caption":"POGOTOWIE FLAGOWE\u00ae"},"image":{"@id":"https:\/\/www.pogotowieflagowe.pl\/aktualne\/#\/schema\/logo\/image\/"}},{"@type":"Person","@id":"https:\/\/www.pogotowieflagowe.pl\/aktualne\/#\/schema\/person\/9c2fb7d2362ebf6fa088960d7f0d27b0","name":"Filip","image":{"@type":"ImageObject","inLanguage":"pl-PL","@id":"https:\/\/www.pogotowieflagowe.pl\/aktualne\/#\/schema\/person\/image\/","url":"https:\/\/www.pogotowieflagowe.pl\/aktualne\/wp-content\/uploads\/2024\/08\/pogotowieflagowe.pl_.jpg","contentUrl":"https:\/\/www.pogotowieflagowe.pl\/aktualne\/wp-content\/uploads\/2024\/08\/pogotowieflagowe.pl_.jpg","caption":"Filip"},"description":"Jestem Filip, polski dziennikarz z dyplomem nauk politycznych Uniwersytetu Warszawskiego. Rozpoczynaj\u0105c swoj\u0105 karier\u0119 w r\u00f3\u017cnych lokalnych mediach, zdoby\u0142em solidne do\u015bwiadczenie w zakresie \u015bledztwa i redakcji. Obecnie jako redaktor w Pogotowie flagowe, staram si\u0119 dostarcza\u0107 dog\u0142\u0119bne i istotne analizy na temat najwa\u017cniejszych kwestii aktualno\u015bci, \u0142\u0105cz\u0105c rygor z pasj\u0105 dziennikarsk\u0105.","sameAs":["https:\/\/www.pogotowieflagowe.pl\/"]}]}},"_links":{"self":[{"href":"https:\/\/www.pogotowieflagowe.pl\/aktualne\/wp-json\/wp\/v2\/posts\/3403","targetHints":{"allow":["GET"]}}],"collection":[{"href":"https:\/\/www.pogotowieflagowe.pl\/aktualne\/wp-json\/wp\/v2\/posts"}],"about":[{"href":"https:\/\/www.pogotowieflagowe.pl\/aktualne\/wp-json\/wp\/v2\/types\/post"}],"author":[{"embeddable":true,"href":"https:\/\/www.pogotowieflagowe.pl\/aktualne\/wp-json\/wp\/v2\/users\/1"}],"replies":[{"embeddable":true,"href":"https:\/\/www.pogotowieflagowe.pl\/aktualne\/wp-json\/wp\/v2\/comments?post=3403"}],"version-history":[{"count":1,"href":"https:\/\/www.pogotowieflagowe.pl\/aktualne\/wp-json\/wp\/v2\/posts\/3403\/revisions"}],"predecessor-version":[{"id":3404,"href":"https:\/\/www.pogotowieflagowe.pl\/aktualne\/wp-json\/wp\/v2\/posts\/3403\/revisions\/3404"}],"wp:featuredmedia":[{"embeddable":true,"href":"https:\/\/www.pogotowieflagowe.pl\/aktualne\/wp-json\/wp\/v2\/media\/3250"}],"wp:attachment":[{"href":"https:\/\/www.pogotowieflagowe.pl\/aktualne\/wp-json\/wp\/v2\/media?parent=3403"}],"wp:term":[{"taxonomy":"category","embeddable":true,"href":"https:\/\/www.pogotowieflagowe.pl\/aktualne\/wp-json\/wp\/v2\/categories?post=3403"},{"taxonomy":"post_tag","embeddable":true,"href":"https:\/\/www.pogotowieflagowe.pl\/aktualne\/wp-json\/wp\/v2\/tags?post=3403"}],"curies":[{"name":"wp","href":"https:\/\/api.w.org\/{rel}","templated":true}]}}