{"id":3405,"date":"2025-01-26T14:47:21","date_gmt":"2025-01-26T13:47:21","guid":{"rendered":"https:\/\/www.pogotowieflagowe.pl\/aktualne\/czy-polska-moze-zostac-liderem-technologii-nawrocki-podnosi-alarm-w-zwiazku-z-niewykorzystanymi-szansami\/"},"modified":"2025-01-26T14:47:25","modified_gmt":"2025-01-26T13:47:25","slug":"czy-polska-moze-zostac-liderem-technologii-nawrocki-podnosi-alarm-w-zwiazku-z-niewykorzystanymi-szansami","status":"publish","type":"post","link":"https:\/\/www.pogotowieflagowe.pl\/aktualne\/czy-polska-moze-zostac-liderem-technologii-nawrocki-podnosi-alarm-w-zwiazku-z-niewykorzystanymi-szansami\/","title":{"rendered":"Czy Polska mo\u017ce zosta\u0107 liderem technologii? Nawrocki podnosi alarm w zwi\u0105zku z niewykorzystanymi szansami"},"content":{"rendered":"\n<div class=\"td_block_wrap tdb_single_content tdi_41 td-pb-border-top td_block_template_8 td-post-content tagdiv-type\" data-td-block-uid=\"tdi_41\">\n<style>.tdi_41{margines-top:0px!important;margin-bottom:0px!important;dope\u0142nienie-g\u00f3ra:0px!important;dope\u0142nienie-d\u00f3\u0142:0px!important}<\/style>\n<style>.tdb_single_content{margin-bottom:0;*zoom:1}.tdb_single_content:before,.tdb_single_content:after{display:table;content:'';line-height:0}.tdb_single_content:after{clear:both}.tdb_single_content .tdb-block-inner>*:not(.wp-block-quote):not(.alignwide):not(.alignfull.wp-block-cover.has-parallax):not(.td-a-ad) {margin-left:auto;margin-right:auto}.tdb_single_content a{pointer-events:auto}.tdb_single_content .td-spot-id-top_ad .tdc-placeholder-title:before{content:'Article Top Ad'!important}.tdb_single_content .td-spot-id-inline_ad0 .tdc-placeholder-title:before{content:'Article Reklama wbudowana 1'!important}.tdb_single_content .td-spot-id-inline_ad1 .tdc-placeholder-title:before{content:'Article Inline Ad 2'!important}.tdb_single_content .td-spot-id-inline_ad2 .tdc-placeholder-title:before{content:' Reklama wbudowana w artyku\u0142 3'!important}.tdb_single_content .td-spot-id-bottom_ad .tdc-placeholder-title:before{content:'Article Bottom Ad'!important}.tdb_single_content .id_top_ad,.tdb_single_content .id_bottom_ad{clear:both;margin-bottom:21px;text-align:center}.tdb_single_content .id_top_ad img,.tdb_single_content .id_bottom_ad img{margin-bottom:0}.tdb_single_content .id_top_ad .adsbygoogle,.tdb_single_content .id_bottom_ad .adsbygoogle{position:relative}.tdb_single_content .id_ad_content-horiz-left,.tdb_single_content .id_ad_content-horiz-right,.tdb_single_content .id_ad_content-horiz-center{margin-bottom:15px}.tdb_single_content .id_ad_content-horiz-left img,.tdb_single_content .id_ad_content-horiz-right img,.tdb_single_content .id_ad_content-horiz-center img{margin-bottom:0}.tdb_single_content .id_ad_content-horiz-center{text-align:center}.tdb_single_content .id_ad_content-horiz-center img{margin-right:auto;margin-left:auto}.tdb_single_content .id_ad_content-horiz-left{float:left;margin-top:9px;margin-right:21px}.tdb_single_content .id_ad_content-horiz-right{float:right;margin-top:6px;margin-left:21px}.tdb_single_content .tdc-a-ad .tdc-placeholder-title{width:300px;height:250px}.tdb_single_content .tdc-a-ad .tdc-placeholder-title:before{position:absolute;top:50%;-webkit-transform:translateY(-50%);transform:translateY(-50%);margines:auto;display:table;width:100 %}.tdb_single_content .tdb-block-inner.td-fix-index{word-break:break-word}.tdi_41,.tdi_41>p,.tdi_41 .tdb-block-inner>p{font-size:16px!important;line- wysoko\u015b\u0107:1,6!wa\u017cne}.tdi_41 .tdb-block-inner blockquote p{font-style:normal!important}@media (max-width:767px){.tdb_single_content .id_ad_content-horiz-left,.tdb_single_content .id_ad_content-horiz-right,.tdb_single_content .id_ad_content-horiz-center{margin:0 automatyczny 26px auto}}@media (max-width:767px){.tdb_single_content .id_ad_content-horiz-left{margin-right:0}}@media (max-width:767px){.tdb_single_content .id_ad_content-horiz-right{margin -left:0}}@media (max-width:767px){.tdb_single_content .td-a-ad{float:none;text-align:center}.tdb_single_content .td-a-ad img{margin-right:auto;margin-left:auto}. tdb_single_content .tdc-a-ad{float:none}}<\/style>\n<div class=\"tdb-block-inner td-fix-index\">\n<p>W \u015arodzie \u015al\u0105skiej Karol Nawrocki, kandydat na prezydenta wspierany przez PiS, przemawia\u0142 do t\u0142um\u00f3w z mieszanin\u0105 nadziei i frustracji. W centrum jego przes\u0142ania znajdowa\u0142o si\u0119 wielkie pytanie: Czy Polska mo\u017ce odzyska\u0107 ambicje bycia liderem w zakresie nowych technologii? W swoim przem\u00f3wieniu poruszy\u0142 kwesti\u0119 zawieszonej niedawno inwestycji Intela, napi\u0119tych relacji ameryka\u0144sko-polskich oraz ci\u0105g\u0142ego zaniedbywania mniejszych polskich region\u00f3w.<\/p>\n<h2 class=\"wp-block-heading\">Stracona szansa na innowacje<\/h2>\n<p>Intel, jedna z najwi\u0119kszych firm technologicznych na \u015bwiecie, inwestuje w Polsce 20 miliard\u00f3w z\u0142otych w budow\u0119 najnowocze\u015bniejszej fabryki p\u00f3\u0142przewodnik\u00f3w. Taki by\u0142 plan. By\u0142oby to co\u015b zupe\u0142nie nowego, czyni\u0105cego z Polski kluczowego gracza na globalnej scenie technologicznej. Ale teraz to marzenie jest zawieszone.<\/p>\n<p>\u201eTa inwestycja to nie tylko pieni\u0105dze, to nadzieja, \u017ce \u200b\u200bPolska stanie si\u0119 prawdziwym liderem nowych technologii\u201d \u2013 m\u00f3wi\u0142 Nawrocki. Jego rozczarowanie by\u0142o wyra\u017ane. Dla niego nie chodzi tylko o jeden projekt, ale o to, co on m\u00f3wi o przysz\u0142o\u015bci Polski. \u201eMusimy wykorzysta\u0107 te mo\u017cliwo\u015bci i dostosowa\u0107 si\u0119 do wymaga\u0144 technologicznych wsp\u00f3\u0142czesnego \u015bwiata\u201d.<\/p>\n<h2 class=\"wp-block-heading\">Budowanie most\u00f3w z USA<\/h2>\n<p>Nawrocki nie powstrzymywa\u0142 si\u0119 od dyskusji na temat relacji Polski ze Stanami Zjednoczonymi. Przekonywa\u0142, \u017ce pod przyw\u00f3dztwem Platformy Obywatelskiej kraj mia\u0142 trudno\u015bci z utrzymaniem silnych wi\u0119zi z Ameryk\u0105, zw\u0142aszcza za prezydentury Donalda Trumpa.<\/p>\n<p>\u201eTrudno budowa\u0107 solidne partnerstwo, gdy politycy opozycji otwarcie okazywali Trumpowi brak szacunku\u201d \u2013 stwierdzi\u0142. Nawrocki wierzy, \u017ce po powrocie Trumpa do Bia\u0142ego Domu Polska stoi przed now\u0105 szans\u0105 \u2013 ale tylko pod warunkiem, \u017ce b\u0119dzie gotowa do zwi\u0119kszenia swoich wysi\u0142k\u00f3w.<\/p>\n<p>\u201ePolska musi by\u0107 liderem Unii Europejskiej w stosunkach z USA \u2013 nie tylko w zakresie bezpiecze\u0144stwa, ale tak\u017ce technologii\u201d \u2013 stwierdzi\u0142. \u201ePowinni\u015bmy by\u0107 bram\u0105 Ameryki do Europy, aby m\u00f3c budowa\u0107 przemys\u0142 technologiczny jutra\u201d.<\/p>\n<h2 class=\"wp-block-heading\">W obronie \u201ePolski Powiatowej\u201d<\/h2>\n<p>Nawrocki znalaz\u0142 tak\u017ce czas, aby poruszy\u0107 temat bliski sercu wielu Polak\u00f3w: zaniedbanie ma\u0142ych miast i wsi. Zarzuca\u0142 w\u0142adzom centralnym, \u017ce zbytnio skupiaj\u0105 si\u0119 na du\u017cych miastach, pozostawiaj\u0105c mniejsze powiaty, takie jak \u015aroda \u015al\u0105ska, samym sobie.<\/p>\n<p>\u201ePowiat Polski cz\u0119sto jest pomijany w kluczowych programach, takich jak Program Inwestycji Strategicznych czy Fundusz Rozwoju Dr\u00f3g\u201d \u2013 stwierdzi\u0142. Dla Nawrockiego wizyta w \u015arodzie \u015al\u0105skiej nie by\u0142a tylko przystankiem w ramach kampanii, ale tak\u017ce okazj\u0105 do promowania projekt\u00f3w, kt\u00f3re mog\u0105 naprawd\u0119 co\u015b zmieni\u0107, takich jak doko\u0144czenie modernizacji autostrady A4 i modernizacja drogi klasy S \u0142\u0105cz\u0105cej \u015arod\u0119 \u015al\u0105sk\u0105 z Wroc\u0142awiem.<\/p>\n<\/div>\n<\/div>\n","protected":false},"excerpt":{"rendered":"<p>W \u015arodzie \u015al\u0105skiej Karol Nawrocki, kandydat na prezydenta wspierany przez PiS, przemawia\u0142 do t\u0142um\u00f3w z mieszanin\u0105 nadziei i frustracji. W<\/p>\n","protected":false},"author":1,"featured_media":3406,"comment_status":"closed","ping_status":"","sticky":false,"template":"","format":"standard","meta":{"footnotes":""},"categories":[45],"tags":[3192,501,706,2219,2727,4878,4877,4,4879,4876,326,33],"class_list":["post-3405","post","type-post","status-publish","format-standard","has-post-thumbnail","hentry","category-biznes","tag-alarm","tag-czy","tag-liderem","tag-moze","tag-nawrocki","tag-niewykorzystanymi","tag-podnosi","tag-polska","tag-szansami","tag-technologii","tag-zostac","tag-zwiazku","generate-columns","tablet-grid-50","mobile-grid-100","grid-parent","grid-50","resize-featured-image"],"yoast_head":"<!-- This site is optimized with the Yoast SEO plugin v23.2 - https:\/\/yoast.com\/wordpress\/plugins\/seo\/ -->\n<title>Czy Polska mo\u017ce zosta\u0107 liderem technologii? Nawrocki podnosi alarm w zwi\u0105zku z niewykorzystanymi szansami - POGOTOWIE FLAGOWE\u00ae<\/title>\n<meta name=\"robots\" content=\"index, follow, max-snippet:-1, max-image-preview:large, max-video-preview:-1\" \/>\n<link rel=\"canonical\" href=\"https:\/\/www.pogotowieflagowe.pl\/aktualne\/czy-polska-moze-zostac-liderem-technologii-nawrocki-podnosi-alarm-w-zwiazku-z-niewykorzystanymi-szansami\/\" \/>\n<meta property=\"og:locale\" content=\"pl_PL\" \/>\n<meta property=\"og:type\" content=\"article\" \/>\n<meta property=\"og:title\" content=\"Czy Polska mo\u017ce zosta\u0107 liderem technologii? Nawrocki podnosi alarm w zwi\u0105zku z niewykorzystanymi szansami - POGOTOWIE FLAGOWE\u00ae\" \/>\n<meta property=\"og:description\" content=\"W \u015arodzie \u015al\u0105skiej Karol Nawrocki, kandydat na prezydenta wspierany przez PiS, przemawia\u0142 do t\u0142um\u00f3w z mieszanin\u0105 nadziei i frustracji. W\" \/>\n<meta property=\"og:url\" content=\"https:\/\/www.pogotowieflagowe.pl\/aktualne\/czy-polska-moze-zostac-liderem-technologii-nawrocki-podnosi-alarm-w-zwiazku-z-niewykorzystanymi-szansami\/\" \/>\n<meta property=\"og:site_name\" content=\"POGOTOWIE FLAGOWE\u00ae\" \/>\n<meta property=\"article:published_time\" content=\"2025-01-26T13:47:21+00:00\" \/>\n<meta property=\"article:modified_time\" content=\"2025-01-26T13:47:25+00:00\" \/>\n<meta property=\"og:image\" content=\"https:\/\/www.pogotowieflagowe.pl\/aktualne\/wp-content\/uploads\/2025\/01\/Czy-Polska-moze-zostac-liderem-technologii-Nawrocki-podnosi-alarm-w.jpg\" \/>\n\t<meta property=\"og:image:width\" content=\"1920\" \/>\n\t<meta property=\"og:image:height\" content=\"1282\" \/>\n\t<meta property=\"og:image:type\" content=\"image\/jpeg\" \/>\n<meta name=\"author\" content=\"Filip\" \/>\n<meta name=\"twitter:card\" content=\"summary_large_image\" \/>\n<meta name=\"twitter:label1\" content=\"Napisane przez\" \/>\n\t<meta name=\"twitter:data1\" content=\"Filip\" \/>\n\t<meta name=\"twitter:label2\" content=\"Szacowany czas czytania\" \/>\n\t<meta name=\"twitter:data2\" content=\"2 minuty\" \/>\n<script type=\"application\/ld+json\" class=\"yoast-schema-graph\">{\"@context\":\"https:\/\/schema.org\",\"@graph\":[{\"@type\":\"Article\",\"@id\":\"https:\/\/www.pogotowieflagowe.pl\/aktualne\/czy-polska-moze-zostac-liderem-technologii-nawrocki-podnosi-alarm-w-zwiazku-z-niewykorzystanymi-szansami\/#article\",\"isPartOf\":{\"@id\":\"https:\/\/www.pogotowieflagowe.pl\/aktualne\/czy-polska-moze-zostac-liderem-technologii-nawrocki-podnosi-alarm-w-zwiazku-z-niewykorzystanymi-szansami\/\"},\"author\":{\"name\":\"Filip\",\"@id\":\"https:\/\/www.pogotowieflagowe.pl\/aktualne\/#\/schema\/person\/9c2fb7d2362ebf6fa088960d7f0d27b0\"},\"headline\":\"Czy Polska mo\u017ce zosta\u0107 liderem technologii? Nawrocki podnosi alarm w zwi\u0105zku z niewykorzystanymi szansami\",\"datePublished\":\"2025-01-26T13:47:21+00:00\",\"dateModified\":\"2025-01-26T13:47:25+00:00\",\"mainEntityOfPage\":{\"@id\":\"https:\/\/www.pogotowieflagowe.pl\/aktualne\/czy-polska-moze-zostac-liderem-technologii-nawrocki-podnosi-alarm-w-zwiazku-z-niewykorzystanymi-szansami\/\"},\"wordCount\":434,\"publisher\":{\"@id\":\"https:\/\/www.pogotowieflagowe.pl\/aktualne\/#organization\"},\"image\":{\"@id\":\"https:\/\/www.pogotowieflagowe.pl\/aktualne\/czy-polska-moze-zostac-liderem-technologii-nawrocki-podnosi-alarm-w-zwiazku-z-niewykorzystanymi-szansami\/#primaryimage\"},\"thumbnailUrl\":\"https:\/\/www.pogotowieflagowe.pl\/aktualne\/wp-content\/uploads\/2025\/01\/Czy-Polska-moze-zostac-liderem-technologii-Nawrocki-podnosi-alarm-w.jpg\",\"keywords\":[\"alarm\",\"Czy\",\"liderem\",\"mo\u017ce\",\"Nawrocki\",\"niewykorzystanymi\",\"podnosi\",\"polska\",\"szansami\",\"technologii\",\"zosta\u0107\",\"zwi\u0105zku\"],\"articleSection\":[\"Biznes\"],\"inLanguage\":\"pl-PL\"},{\"@type\":\"WebPage\",\"@id\":\"https:\/\/www.pogotowieflagowe.pl\/aktualne\/czy-polska-moze-zostac-liderem-technologii-nawrocki-podnosi-alarm-w-zwiazku-z-niewykorzystanymi-szansami\/\",\"url\":\"https:\/\/www.pogotowieflagowe.pl\/aktualne\/czy-polska-moze-zostac-liderem-technologii-nawrocki-podnosi-alarm-w-zwiazku-z-niewykorzystanymi-szansami\/\",\"name\":\"Czy Polska mo\u017ce zosta\u0107 liderem technologii? Nawrocki podnosi alarm w zwi\u0105zku z niewykorzystanymi szansami - POGOTOWIE FLAGOWE\u00ae\",\"isPartOf\":{\"@id\":\"https:\/\/www.pogotowieflagowe.pl\/aktualne\/#website\"},\"primaryImageOfPage\":{\"@id\":\"https:\/\/www.pogotowieflagowe.pl\/aktualne\/czy-polska-moze-zostac-liderem-technologii-nawrocki-podnosi-alarm-w-zwiazku-z-niewykorzystanymi-szansami\/#primaryimage\"},\"image\":{\"@id\":\"https:\/\/www.pogotowieflagowe.pl\/aktualne\/czy-polska-moze-zostac-liderem-technologii-nawrocki-podnosi-alarm-w-zwiazku-z-niewykorzystanymi-szansami\/#primaryimage\"},\"thumbnailUrl\":\"https:\/\/www.pogotowieflagowe.pl\/aktualne\/wp-content\/uploads\/2025\/01\/Czy-Polska-moze-zostac-liderem-technologii-Nawrocki-podnosi-alarm-w.jpg\",\"datePublished\":\"2025-01-26T13:47:21+00:00\",\"dateModified\":\"2025-01-26T13:47:25+00:00\",\"breadcrumb\":{\"@id\":\"https:\/\/www.pogotowieflagowe.pl\/aktualne\/czy-polska-moze-zostac-liderem-technologii-nawrocki-podnosi-alarm-w-zwiazku-z-niewykorzystanymi-szansami\/#breadcrumb\"},\"inLanguage\":\"pl-PL\",\"potentialAction\":[{\"@type\":\"ReadAction\",\"target\":[\"https:\/\/www.pogotowieflagowe.pl\/aktualne\/czy-polska-moze-zostac-liderem-technologii-nawrocki-podnosi-alarm-w-zwiazku-z-niewykorzystanymi-szansami\/\"]}]},{\"@type\":\"ImageObject\",\"inLanguage\":\"pl-PL\",\"@id\":\"https:\/\/www.pogotowieflagowe.pl\/aktualne\/czy-polska-moze-zostac-liderem-technologii-nawrocki-podnosi-alarm-w-zwiazku-z-niewykorzystanymi-szansami\/#primaryimage\",\"url\":\"https:\/\/www.pogotowieflagowe.pl\/aktualne\/wp-content\/uploads\/2025\/01\/Czy-Polska-moze-zostac-liderem-technologii-Nawrocki-podnosi-alarm-w.jpg\",\"contentUrl\":\"https:\/\/www.pogotowieflagowe.pl\/aktualne\/wp-content\/uploads\/2025\/01\/Czy-Polska-moze-zostac-liderem-technologii-Nawrocki-podnosi-alarm-w.jpg\",\"width\":1920,\"height\":1282,\"caption\":\"Czy Polska mo\u017ce zosta\u0107 liderem technologii? Nawrocki podnosi alarm w zwi\u0105zku z niewykorzystanymi szansami\"},{\"@type\":\"BreadcrumbList\",\"@id\":\"https:\/\/www.pogotowieflagowe.pl\/aktualne\/czy-polska-moze-zostac-liderem-technologii-nawrocki-podnosi-alarm-w-zwiazku-z-niewykorzystanymi-szansami\/#breadcrumb\",\"itemListElement\":[{\"@type\":\"ListItem\",\"position\":1,\"name\":\"Home\",\"item\":\"https:\/\/www.pogotowieflagowe.pl\/aktualne\/\"},{\"@type\":\"ListItem\",\"position\":2,\"name\":\"Czy Polska mo\u017ce zosta\u0107 liderem technologii? Nawrocki podnosi alarm w zwi\u0105zku z niewykorzystanymi szansami\"}]},{\"@type\":\"WebSite\",\"@id\":\"https:\/\/www.pogotowieflagowe.pl\/aktualne\/#website\",\"url\":\"https:\/\/www.pogotowieflagowe.pl\/aktualne\/\",\"name\":\"POGOTOWIE FLAGOWE\u00ae\",\"description\":\"\",\"publisher\":{\"@id\":\"https:\/\/www.pogotowieflagowe.pl\/aktualne\/#organization\"},\"potentialAction\":[{\"@type\":\"SearchAction\",\"target\":{\"@type\":\"EntryPoint\",\"urlTemplate\":\"https:\/\/www.pogotowieflagowe.pl\/aktualne\/?s={search_term_string}\"},\"query-input\":\"required name=search_term_string\"}],\"inLanguage\":\"pl-PL\"},{\"@type\":\"Organization\",\"@id\":\"https:\/\/www.pogotowieflagowe.pl\/aktualne\/#organization\",\"name\":\"POGOTOWIE FLAGOWE\u00ae\",\"url\":\"https:\/\/www.pogotowieflagowe.pl\/aktualne\/\",\"logo\":{\"@type\":\"ImageObject\",\"inLanguage\":\"pl-PL\",\"@id\":\"https:\/\/www.pogotowieflagowe.pl\/aktualne\/#\/schema\/logo\/image\/\",\"url\":\"https:\/\/www.pogotowieflagowe.pl\/aktualne\/wp-content\/uploads\/2024\/08\/cropped-pogotowieflagowe_flaga_projekt_sm.jpg\",\"contentUrl\":\"https:\/\/www.pogotowieflagowe.pl\/aktualne\/wp-content\/uploads\/2024\/08\/cropped-pogotowieflagowe_flaga_projekt_sm.jpg\",\"width\":250,\"height\":143,\"caption\":\"POGOTOWIE FLAGOWE\u00ae\"},\"image\":{\"@id\":\"https:\/\/www.pogotowieflagowe.pl\/aktualne\/#\/schema\/logo\/image\/\"}},{\"@type\":\"Person\",\"@id\":\"https:\/\/www.pogotowieflagowe.pl\/aktualne\/#\/schema\/person\/9c2fb7d2362ebf6fa088960d7f0d27b0\",\"name\":\"Filip\",\"image\":{\"@type\":\"ImageObject\",\"inLanguage\":\"pl-PL\",\"@id\":\"https:\/\/www.pogotowieflagowe.pl\/aktualne\/#\/schema\/person\/image\/\",\"url\":\"https:\/\/www.pogotowieflagowe.pl\/aktualne\/wp-content\/uploads\/2024\/08\/pogotowieflagowe.pl_.jpg\",\"contentUrl\":\"https:\/\/www.pogotowieflagowe.pl\/aktualne\/wp-content\/uploads\/2024\/08\/pogotowieflagowe.pl_.jpg\",\"caption\":\"Filip\"},\"description\":\"Jestem Filip, polski dziennikarz z dyplomem nauk politycznych Uniwersytetu Warszawskiego. Rozpoczynaj\u0105c swoj\u0105 karier\u0119 w r\u00f3\u017cnych lokalnych mediach, zdoby\u0142em solidne do\u015bwiadczenie w zakresie \u015bledztwa i redakcji. Obecnie jako redaktor w Pogotowie flagowe, staram si\u0119 dostarcza\u0107 dog\u0142\u0119bne i istotne analizy na temat najwa\u017cniejszych kwestii aktualno\u015bci, \u0142\u0105cz\u0105c rygor z pasj\u0105 dziennikarsk\u0105.\",\"sameAs\":[\"https:\/\/www.pogotowieflagowe.pl\/\"]}]}<\/script>\n<!-- \/ Yoast SEO plugin. -->","yoast_head_json":{"title":"Czy Polska mo\u017ce zosta\u0107 liderem technologii? Nawrocki podnosi alarm w zwi\u0105zku z niewykorzystanymi szansami - POGOTOWIE FLAGOWE\u00ae","robots":{"index":"index","follow":"follow","max-snippet":"max-snippet:-1","max-image-preview":"max-image-preview:large","max-video-preview":"max-video-preview:-1"},"canonical":"https:\/\/www.pogotowieflagowe.pl\/aktualne\/czy-polska-moze-zostac-liderem-technologii-nawrocki-podnosi-alarm-w-zwiazku-z-niewykorzystanymi-szansami\/","og_locale":"pl_PL","og_type":"article","og_title":"Czy Polska mo\u017ce zosta\u0107 liderem technologii? Nawrocki podnosi alarm w zwi\u0105zku z niewykorzystanymi szansami - POGOTOWIE FLAGOWE\u00ae","og_description":"W \u015arodzie \u015al\u0105skiej Karol Nawrocki, kandydat na prezydenta wspierany przez PiS, przemawia\u0142 do t\u0142um\u00f3w z mieszanin\u0105 nadziei i frustracji. W","og_url":"https:\/\/www.pogotowieflagowe.pl\/aktualne\/czy-polska-moze-zostac-liderem-technologii-nawrocki-podnosi-alarm-w-zwiazku-z-niewykorzystanymi-szansami\/","og_site_name":"POGOTOWIE FLAGOWE\u00ae","article_published_time":"2025-01-26T13:47:21+00:00","article_modified_time":"2025-01-26T13:47:25+00:00","og_image":[{"width":1920,"height":1282,"url":"https:\/\/www.pogotowieflagowe.pl\/aktualne\/wp-content\/uploads\/2025\/01\/Czy-Polska-moze-zostac-liderem-technologii-Nawrocki-podnosi-alarm-w.jpg","type":"image\/jpeg"}],"author":"Filip","twitter_card":"summary_large_image","twitter_misc":{"Napisane przez":"Filip","Szacowany czas czytania":"2 minuty"},"schema":{"@context":"https:\/\/schema.org","@graph":[{"@type":"Article","@id":"https:\/\/www.pogotowieflagowe.pl\/aktualne\/czy-polska-moze-zostac-liderem-technologii-nawrocki-podnosi-alarm-w-zwiazku-z-niewykorzystanymi-szansami\/#article","isPartOf":{"@id":"https:\/\/www.pogotowieflagowe.pl\/aktualne\/czy-polska-moze-zostac-liderem-technologii-nawrocki-podnosi-alarm-w-zwiazku-z-niewykorzystanymi-szansami\/"},"author":{"name":"Filip","@id":"https:\/\/www.pogotowieflagowe.pl\/aktualne\/#\/schema\/person\/9c2fb7d2362ebf6fa088960d7f0d27b0"},"headline":"Czy Polska mo\u017ce zosta\u0107 liderem technologii? Nawrocki podnosi alarm w zwi\u0105zku z niewykorzystanymi szansami","datePublished":"2025-01-26T13:47:21+00:00","dateModified":"2025-01-26T13:47:25+00:00","mainEntityOfPage":{"@id":"https:\/\/www.pogotowieflagowe.pl\/aktualne\/czy-polska-moze-zostac-liderem-technologii-nawrocki-podnosi-alarm-w-zwiazku-z-niewykorzystanymi-szansami\/"},"wordCount":434,"publisher":{"@id":"https:\/\/www.pogotowieflagowe.pl\/aktualne\/#organization"},"image":{"@id":"https:\/\/www.pogotowieflagowe.pl\/aktualne\/czy-polska-moze-zostac-liderem-technologii-nawrocki-podnosi-alarm-w-zwiazku-z-niewykorzystanymi-szansami\/#primaryimage"},"thumbnailUrl":"https:\/\/www.pogotowieflagowe.pl\/aktualne\/wp-content\/uploads\/2025\/01\/Czy-Polska-moze-zostac-liderem-technologii-Nawrocki-podnosi-alarm-w.jpg","keywords":["alarm","Czy","liderem","mo\u017ce","Nawrocki","niewykorzystanymi","podnosi","polska","szansami","technologii","zosta\u0107","zwi\u0105zku"],"articleSection":["Biznes"],"inLanguage":"pl-PL"},{"@type":"WebPage","@id":"https:\/\/www.pogotowieflagowe.pl\/aktualne\/czy-polska-moze-zostac-liderem-technologii-nawrocki-podnosi-alarm-w-zwiazku-z-niewykorzystanymi-szansami\/","url":"https:\/\/www.pogotowieflagowe.pl\/aktualne\/czy-polska-moze-zostac-liderem-technologii-nawrocki-podnosi-alarm-w-zwiazku-z-niewykorzystanymi-szansami\/","name":"Czy Polska mo\u017ce zosta\u0107 liderem technologii? Nawrocki podnosi alarm w zwi\u0105zku z niewykorzystanymi szansami - POGOTOWIE FLAGOWE\u00ae","isPartOf":{"@id":"https:\/\/www.pogotowieflagowe.pl\/aktualne\/#website"},"primaryImageOfPage":{"@id":"https:\/\/www.pogotowieflagowe.pl\/aktualne\/czy-polska-moze-zostac-liderem-technologii-nawrocki-podnosi-alarm-w-zwiazku-z-niewykorzystanymi-szansami\/#primaryimage"},"image":{"@id":"https:\/\/www.pogotowieflagowe.pl\/aktualne\/czy-polska-moze-zostac-liderem-technologii-nawrocki-podnosi-alarm-w-zwiazku-z-niewykorzystanymi-szansami\/#primaryimage"},"thumbnailUrl":"https:\/\/www.pogotowieflagowe.pl\/aktualne\/wp-content\/uploads\/2025\/01\/Czy-Polska-moze-zostac-liderem-technologii-Nawrocki-podnosi-alarm-w.jpg","datePublished":"2025-01-26T13:47:21+00:00","dateModified":"2025-01-26T13:47:25+00:00","breadcrumb":{"@id":"https:\/\/www.pogotowieflagowe.pl\/aktualne\/czy-polska-moze-zostac-liderem-technologii-nawrocki-podnosi-alarm-w-zwiazku-z-niewykorzystanymi-szansami\/#breadcrumb"},"inLanguage":"pl-PL","potentialAction":[{"@type":"ReadAction","target":["https:\/\/www.pogotowieflagowe.pl\/aktualne\/czy-polska-moze-zostac-liderem-technologii-nawrocki-podnosi-alarm-w-zwiazku-z-niewykorzystanymi-szansami\/"]}]},{"@type":"ImageObject","inLanguage":"pl-PL","@id":"https:\/\/www.pogotowieflagowe.pl\/aktualne\/czy-polska-moze-zostac-liderem-technologii-nawrocki-podnosi-alarm-w-zwiazku-z-niewykorzystanymi-szansami\/#primaryimage","url":"https:\/\/www.pogotowieflagowe.pl\/aktualne\/wp-content\/uploads\/2025\/01\/Czy-Polska-moze-zostac-liderem-technologii-Nawrocki-podnosi-alarm-w.jpg","contentUrl":"https:\/\/www.pogotowieflagowe.pl\/aktualne\/wp-content\/uploads\/2025\/01\/Czy-Polska-moze-zostac-liderem-technologii-Nawrocki-podnosi-alarm-w.jpg","width":1920,"height":1282,"caption":"Czy Polska mo\u017ce zosta\u0107 liderem technologii? Nawrocki podnosi alarm w zwi\u0105zku z niewykorzystanymi szansami"},{"@type":"BreadcrumbList","@id":"https:\/\/www.pogotowieflagowe.pl\/aktualne\/czy-polska-moze-zostac-liderem-technologii-nawrocki-podnosi-alarm-w-zwiazku-z-niewykorzystanymi-szansami\/#breadcrumb","itemListElement":[{"@type":"ListItem","position":1,"name":"Home","item":"https:\/\/www.pogotowieflagowe.pl\/aktualne\/"},{"@type":"ListItem","position":2,"name":"Czy Polska mo\u017ce zosta\u0107 liderem technologii? Nawrocki podnosi alarm w zwi\u0105zku z niewykorzystanymi szansami"}]},{"@type":"WebSite","@id":"https:\/\/www.pogotowieflagowe.pl\/aktualne\/#website","url":"https:\/\/www.pogotowieflagowe.pl\/aktualne\/","name":"POGOTOWIE FLAGOWE\u00ae","description":"","publisher":{"@id":"https:\/\/www.pogotowieflagowe.pl\/aktualne\/#organization"},"potentialAction":[{"@type":"SearchAction","target":{"@type":"EntryPoint","urlTemplate":"https:\/\/www.pogotowieflagowe.pl\/aktualne\/?s={search_term_string}"},"query-input":"required name=search_term_string"}],"inLanguage":"pl-PL"},{"@type":"Organization","@id":"https:\/\/www.pogotowieflagowe.pl\/aktualne\/#organization","name":"POGOTOWIE FLAGOWE\u00ae","url":"https:\/\/www.pogotowieflagowe.pl\/aktualne\/","logo":{"@type":"ImageObject","inLanguage":"pl-PL","@id":"https:\/\/www.pogotowieflagowe.pl\/aktualne\/#\/schema\/logo\/image\/","url":"https:\/\/www.pogotowieflagowe.pl\/aktualne\/wp-content\/uploads\/2024\/08\/cropped-pogotowieflagowe_flaga_projekt_sm.jpg","contentUrl":"https:\/\/www.pogotowieflagowe.pl\/aktualne\/wp-content\/uploads\/2024\/08\/cropped-pogotowieflagowe_flaga_projekt_sm.jpg","width":250,"height":143,"caption":"POGOTOWIE FLAGOWE\u00ae"},"image":{"@id":"https:\/\/www.pogotowieflagowe.pl\/aktualne\/#\/schema\/logo\/image\/"}},{"@type":"Person","@id":"https:\/\/www.pogotowieflagowe.pl\/aktualne\/#\/schema\/person\/9c2fb7d2362ebf6fa088960d7f0d27b0","name":"Filip","image":{"@type":"ImageObject","inLanguage":"pl-PL","@id":"https:\/\/www.pogotowieflagowe.pl\/aktualne\/#\/schema\/person\/image\/","url":"https:\/\/www.pogotowieflagowe.pl\/aktualne\/wp-content\/uploads\/2024\/08\/pogotowieflagowe.pl_.jpg","contentUrl":"https:\/\/www.pogotowieflagowe.pl\/aktualne\/wp-content\/uploads\/2024\/08\/pogotowieflagowe.pl_.jpg","caption":"Filip"},"description":"Jestem Filip, polski dziennikarz z dyplomem nauk politycznych Uniwersytetu Warszawskiego. Rozpoczynaj\u0105c swoj\u0105 karier\u0119 w r\u00f3\u017cnych lokalnych mediach, zdoby\u0142em solidne do\u015bwiadczenie w zakresie \u015bledztwa i redakcji. Obecnie jako redaktor w Pogotowie flagowe, staram si\u0119 dostarcza\u0107 dog\u0142\u0119bne i istotne analizy na temat najwa\u017cniejszych kwestii aktualno\u015bci, \u0142\u0105cz\u0105c rygor z pasj\u0105 dziennikarsk\u0105.","sameAs":["https:\/\/www.pogotowieflagowe.pl\/"]}]}},"_links":{"self":[{"href":"https:\/\/www.pogotowieflagowe.pl\/aktualne\/wp-json\/wp\/v2\/posts\/3405","targetHints":{"allow":["GET"]}}],"collection":[{"href":"https:\/\/www.pogotowieflagowe.pl\/aktualne\/wp-json\/wp\/v2\/posts"}],"about":[{"href":"https:\/\/www.pogotowieflagowe.pl\/aktualne\/wp-json\/wp\/v2\/types\/post"}],"author":[{"embeddable":true,"href":"https:\/\/www.pogotowieflagowe.pl\/aktualne\/wp-json\/wp\/v2\/users\/1"}],"replies":[{"embeddable":true,"href":"https:\/\/www.pogotowieflagowe.pl\/aktualne\/wp-json\/wp\/v2\/comments?post=3405"}],"version-history":[{"count":1,"href":"https:\/\/www.pogotowieflagowe.pl\/aktualne\/wp-json\/wp\/v2\/posts\/3405\/revisions"}],"predecessor-version":[{"id":3407,"href":"https:\/\/www.pogotowieflagowe.pl\/aktualne\/wp-json\/wp\/v2\/posts\/3405\/revisions\/3407"}],"wp:featuredmedia":[{"embeddable":true,"href":"https:\/\/www.pogotowieflagowe.pl\/aktualne\/wp-json\/wp\/v2\/media\/3406"}],"wp:attachment":[{"href":"https:\/\/www.pogotowieflagowe.pl\/aktualne\/wp-json\/wp\/v2\/media?parent=3405"}],"wp:term":[{"taxonomy":"category","embeddable":true,"href":"https:\/\/www.pogotowieflagowe.pl\/aktualne\/wp-json\/wp\/v2\/categories?post=3405"},{"taxonomy":"post_tag","embeddable":true,"href":"https:\/\/www.pogotowieflagowe.pl\/aktualne\/wp-json\/wp\/v2\/tags?post=3405"}],"curies":[{"name":"wp","href":"https:\/\/api.w.org\/{rel}","templated":true}]}}