{"id":3418,"date":"2025-01-26T19:47:15","date_gmt":"2025-01-26T18:47:15","guid":{"rendered":"https:\/\/www.pogotowieflagowe.pl\/aktualne\/grand-prix-dla-wielun-choru-i-zespolu-na-festiwalu-karols\/"},"modified":"2025-01-26T19:47:15","modified_gmt":"2025-01-26T18:47:15","slug":"grand-prix-dla-wielun-choru-i-zespolu-na-festiwalu-karols","status":"publish","type":"post","link":"https:\/\/www.pogotowieflagowe.pl\/aktualne\/grand-prix-dla-wielun-choru-i-zespolu-na-festiwalu-karols\/","title":{"rendered":"Grand Prix dla Wielu\u0144 Ch\u00f3ru i zespo\u0142u na Festiwalu Karols"},"content":{"rendered":"\n<div class=\"td_block_wrap tdb_single_content tdi_41 td-pb-border-top td_block_template_8 td-post-content tagdiv-type\" data-td-block-uid=\"tdi_41\">\n<style>.tdi_41 {margin-top: 0px! Wa\u017cne; margines-bottom: 0px! WA\u017bNY; PALDING-TOP: 0PX! WA\u017bNY; PALDING-BOTTOM: 0PX! WA\u017bNE}<\/style>\n<style>.tdb_single_content {margin-bottom: 0;*zoom: 1} .tdb_single_content: wcze\u015bniej, .tdb_single_content: po {display: Table; content: ''; line-height: 0} .TDB-BLOCK-INner>*: nie (.WP-BLOCK-QUOTE): NOT (.Alignwide): not (.alignfull.wp-block-cover.has-parallax): not (.td-a-ad) {margin-left: auto; margin-right: auto} .tdb_single_content a {wska\u017anik-events: auto} .tdb_single_content .td-spot-id-top_ad .tdc-placeholder-title: przed {content: 'top ad'! Wa\u017cne} .tdb_single_content .td-spot-id-inline_ad0 .tdc-miejsce-title: przed {content: \u201eArtyku\u0142 inline AD 1 '! Wa\u017cne} .tdb_single_content. {content: 'Artyku\u0142 inline AD 2'! Wa\u017cny} .tdb_single_content .td-spot-inline_ad2 .tdc-miejsce-title: przed {content: 'Artyku\u0142 inline AD 3'! Wa\u017cny} .tdb_single_content .td-spot-id-id -Bottom_Ad .tdc-Placeholder-Title: przed {content: 'artyku\u0142 dolny ad'! Wa\u017cny} .tdb_single_content .id_top_ad, .tdb_single_content .id_bottom_ad {clear: obu; margin-bottom: 21px; text -align: Center} .tdb_single_content. id_top_ad IMG, .tdb_single_content .id_bottom_ad Img {margin-bottom: 0} .tdb_single_content .id_top_ad .adsbyGoogle, .tdb_single_content .id_bottom_ad .adsbyGoogle , .tdb_single_content .id_ad_content-horiz-right , .tdb_single_content .id_ad_content-horiz-Center {margin-bottom: 15px} .tdb_single_content .id_content-horiz-left Img, .tdb_single_content .id_ad_content-horiz-right Gin-Bottom: 0 { lewy; margine-top: 9px; margin-right: 21px} .tdb_single_content .id_ad_content-horiz-right {float: right; margin-top: 6px; margin-left: 21px} .tdb_single_content .tdc-a-ad .tdc--- Umak zast\u0119puj\u0105cy {szeroko\u015b\u0107: 300px; height: 250px} .tdb_single_content .tdc-a-ad .tdc-miejsce-title: przed {pozycja: Absolute; top: 50%;-WebKit-Transform: t\u0142umaczenie (-50%); Transform: Translatey (-50%); margines: auto; display: tabela; szeroko\u015b\u0107: 100%} > P, .tdi_41 .tdb-block-inner> p {font-size: 16px! Wa\u017cne; linia-height: 1.6! Wa\u017cne} .tdi_41 .tdb-block-inner blokote p {font-styl: Normal! Media (Max-Width: 767px) {. tdb_single_content .id_ad_content-horiz-left, .tdb_single_content .id_ad_content-horiz-right, .tdb_single_content .id_ad_content-horiz-center {margin: 0 auto 26px auto}}}@media (MAXID. : 767px) {. Tdb_single_content .id_ad_content-horiz-left {margin-right: 0}}@media (Max-Width: 767px) {. -Width: 767px) {. tdb_single_content .td-a-ad {float: none; text-align: Center} .tdb_single_content .td-a-ad img {margin-right: auto; margin-left: auto} .tdb_single_content. tdc-a-ad {float: none}}<\/style>\n<div class=\"tdb-block-inner td-fix-index\">\n<p><strong>Ch\u00f3r i wczesny zesp\u00f3\u0142 muzyczny M\u0142odzie\u017cy Cultural and Sports Center w Wielu\u0144 zdobyli Grand Prix 31. Mi\u0119dzynarodowego Festiwalu Kol\u0119d\u00f3w i Pastora\u0142\u00f3w w B\u0119dzin w Polsce. Zwyci\u0119zcy otrzymali nagrod\u0119 w wysoko\u015bci 10 000 PLN, finansowanego przez burmistrza B\u0119dzin, \u0141ukasza Komoniewskiego.<\/strong><\/p>\n<h2 class=\"wp-block-heading\">Prezentacja talent\u00f3w w ca\u0142ej Europie<\/h2>\n<p>Ten festiwal jest najwi\u0119ksz\u0105 wizyt\u00f3wk\u0105 kol\u0119d\u0105 w Europie i jednym z najwi\u0119kszych festiwali muzycznych amatorskich w Polsce. Ponad 1300 uczestnik\u00f3w z Polski, Litwy, Ukrainy i W\u0142och rywalizowa\u0142o w r\u00f3\u017cnych kategoriach, w tym w ch\u00f3rach, grupach wokalnych i zespo\u0142ach regionalnych. W wielkim finale zawiera\u0142o 133 wykonawc\u00f3w, ocenionych przez jury profesor\u00f3w muzycznych prowadzonych przez profesor Katarrzyna Sokokowske.<\/p>\n<p>Po raz pierwszy w 1995 r. Festiwal rozpocz\u0105\u0142 si\u0119 w ko\u015bciele \u015awi\u0119tej Tr\u00f3jcy B\u0119dzina. Pocz\u0105tkowo przyci\u0105gn\u0119\u0142o 116 uczestnik\u00f3w, ale dzi\u015b organizuje ponad tysi\u0105c ka\u017cdego roku. Do tej pory w tym wydarzeniu wzi\u0119\u0142o udzia\u0142 oko\u0142o 40 000 os\u00f3b, uhonoruj\u0105c zmar\u0142ego patrona festiwalu, ojciec Kazimierz Szwarlik.<\/p>\n<p><iframe width=\"267\" height=\"476\" style=\"border:none;overflow:hidden\" scrolling=\"no\" frameborder=\"0\" allowfullscreen=\"true\" allow=\"autoplay; clipboard-write; encrypted-media; picture-in-picture; web-share\" data-src=\"https:\/\/www.facebook.com\/plugins\/video.php?height=476&amp;href=https%3A%2F%2Fwww.facebook.com%2FOFKiP%2Fvideos%2F1717598285452298%2F&amp;show_text=false&amp;width=267&amp;t=0\" class=\"lazyload\"><\/iframe><\/p>\n<p>Jurorzy chwalili edycj\u0119 2024 za kreatywn\u0105 i przyjazn\u0105 atmosfer\u0119, z szczer\u0105 wdzi\u0119czno\u015bci\u0105 wyra\u017con\u0105 dla wykonawc\u00f3w za ich pasj\u0119 i po\u015bwi\u0119cenie si\u0119 muzyce.<\/p>\n<\/div>\n<\/div>\n","protected":false},"excerpt":{"rendered":"<p>Ch\u00f3r i wczesny zesp\u00f3\u0142 muzyczny M\u0142odzie\u017cy Cultural and Sports Center w Wielu\u0144 zdobyli Grand Prix 31. Mi\u0119dzynarodowego Festiwalu Kol\u0119d\u00f3w i<\/p>\n","protected":false},"author":1,"featured_media":3253,"comment_status":"closed","ping_status":"","sticky":false,"template":"","format":"standard","meta":{"footnotes":""},"categories":[47],"tags":[4707,131,400,1655,4891,1656,4890,1910],"class_list":["post-3418","post","type-post","status-publish","format-standard","has-post-thumbnail","hentry","category-styl-zycia","tag-choru","tag-dla","tag-festiwalu","tag-grand","tag-karols","tag-prix","tag-wielun","tag-zespolu","generate-columns","tablet-grid-50","mobile-grid-100","grid-parent","grid-50","resize-featured-image"],"yoast_head":"<!-- This site is optimized with the Yoast SEO plugin v23.2 - https:\/\/yoast.com\/wordpress\/plugins\/seo\/ -->\n<title>Grand Prix dla Wielu\u0144 Ch\u00f3ru i zespo\u0142u na Festiwalu Karols - POGOTOWIE FLAGOWE\u00ae<\/title>\n<meta name=\"robots\" content=\"index, follow, max-snippet:-1, max-image-preview:large, max-video-preview:-1\" \/>\n<link rel=\"canonical\" href=\"https:\/\/www.pogotowieflagowe.pl\/aktualne\/grand-prix-dla-wielun-choru-i-zespolu-na-festiwalu-karols\/\" \/>\n<meta property=\"og:locale\" content=\"pl_PL\" \/>\n<meta property=\"og:type\" content=\"article\" \/>\n<meta property=\"og:title\" content=\"Grand Prix dla Wielu\u0144 Ch\u00f3ru i zespo\u0142u na Festiwalu Karols - POGOTOWIE FLAGOWE\u00ae\" \/>\n<meta property=\"og:description\" content=\"Ch\u00f3r i wczesny zesp\u00f3\u0142 muzyczny M\u0142odzie\u017cy Cultural and Sports Center w Wielu\u0144 zdobyli Grand Prix 31. Mi\u0119dzynarodowego Festiwalu Kol\u0119d\u00f3w i\" \/>\n<meta property=\"og:url\" content=\"https:\/\/www.pogotowieflagowe.pl\/aktualne\/grand-prix-dla-wielun-choru-i-zespolu-na-festiwalu-karols\/\" \/>\n<meta property=\"og:site_name\" content=\"POGOTOWIE FLAGOWE\u00ae\" \/>\n<meta property=\"article:published_time\" content=\"2025-01-26T18:47:15+00:00\" \/>\n<meta property=\"og:image\" content=\"https:\/\/www.pogotowieflagowe.pl\/aktualne\/wp-content\/uploads\/2025\/01\/Grand-Prix-dla-Choru-i-Zespolu-Wielunskiego-na-Festiwalu-Koled.jpg\" \/>\n\t<meta property=\"og:image:width\" content=\"2048\" \/>\n\t<meta property=\"og:image:height\" content=\"1536\" \/>\n\t<meta property=\"og:image:type\" content=\"image\/jpeg\" \/>\n<meta name=\"author\" content=\"Filip\" \/>\n<meta name=\"twitter:card\" content=\"summary_large_image\" \/>\n<meta name=\"twitter:label1\" content=\"Napisane przez\" \/>\n\t<meta name=\"twitter:data1\" content=\"Filip\" \/>\n\t<meta name=\"twitter:label2\" content=\"Szacowany czas czytania\" \/>\n\t<meta name=\"twitter:data2\" content=\"1 minuta\" \/>\n<script type=\"application\/ld+json\" class=\"yoast-schema-graph\">{\"@context\":\"https:\/\/schema.org\",\"@graph\":[{\"@type\":\"Article\",\"@id\":\"https:\/\/www.pogotowieflagowe.pl\/aktualne\/grand-prix-dla-wielun-choru-i-zespolu-na-festiwalu-karols\/#article\",\"isPartOf\":{\"@id\":\"https:\/\/www.pogotowieflagowe.pl\/aktualne\/grand-prix-dla-wielun-choru-i-zespolu-na-festiwalu-karols\/\"},\"author\":{\"name\":\"Filip\",\"@id\":\"https:\/\/www.pogotowieflagowe.pl\/aktualne\/#\/schema\/person\/9c2fb7d2362ebf6fa088960d7f0d27b0\"},\"headline\":\"Grand Prix dla Wielu\u0144 Ch\u00f3ru i zespo\u0142u na Festiwalu Karols\",\"datePublished\":\"2025-01-26T18:47:15+00:00\",\"dateModified\":\"2025-01-26T18:47:15+00:00\",\"mainEntityOfPage\":{\"@id\":\"https:\/\/www.pogotowieflagowe.pl\/aktualne\/grand-prix-dla-wielun-choru-i-zespolu-na-festiwalu-karols\/\"},\"wordCount\":214,\"publisher\":{\"@id\":\"https:\/\/www.pogotowieflagowe.pl\/aktualne\/#organization\"},\"image\":{\"@id\":\"https:\/\/www.pogotowieflagowe.pl\/aktualne\/grand-prix-dla-wielun-choru-i-zespolu-na-festiwalu-karols\/#primaryimage\"},\"thumbnailUrl\":\"https:\/\/www.pogotowieflagowe.pl\/aktualne\/wp-content\/uploads\/2025\/01\/Grand-Prix-dla-Choru-i-Zespolu-Wielunskiego-na-Festiwalu-Koled.jpg\",\"keywords\":[\"Ch\u00f3ru\",\"dla\",\"Festiwalu\",\"Grand\",\"Karols\",\"Prix\",\"Wielu\u0144\",\"zespo\u0142u\"],\"articleSection\":[\"Styl \u017cycia\"],\"inLanguage\":\"pl-PL\"},{\"@type\":\"WebPage\",\"@id\":\"https:\/\/www.pogotowieflagowe.pl\/aktualne\/grand-prix-dla-wielun-choru-i-zespolu-na-festiwalu-karols\/\",\"url\":\"https:\/\/www.pogotowieflagowe.pl\/aktualne\/grand-prix-dla-wielun-choru-i-zespolu-na-festiwalu-karols\/\",\"name\":\"Grand Prix dla Wielu\u0144 Ch\u00f3ru i zespo\u0142u na Festiwalu Karols - POGOTOWIE FLAGOWE\u00ae\",\"isPartOf\":{\"@id\":\"https:\/\/www.pogotowieflagowe.pl\/aktualne\/#website\"},\"primaryImageOfPage\":{\"@id\":\"https:\/\/www.pogotowieflagowe.pl\/aktualne\/grand-prix-dla-wielun-choru-i-zespolu-na-festiwalu-karols\/#primaryimage\"},\"image\":{\"@id\":\"https:\/\/www.pogotowieflagowe.pl\/aktualne\/grand-prix-dla-wielun-choru-i-zespolu-na-festiwalu-karols\/#primaryimage\"},\"thumbnailUrl\":\"https:\/\/www.pogotowieflagowe.pl\/aktualne\/wp-content\/uploads\/2025\/01\/Grand-Prix-dla-Choru-i-Zespolu-Wielunskiego-na-Festiwalu-Koled.jpg\",\"datePublished\":\"2025-01-26T18:47:15+00:00\",\"dateModified\":\"2025-01-26T18:47:15+00:00\",\"breadcrumb\":{\"@id\":\"https:\/\/www.pogotowieflagowe.pl\/aktualne\/grand-prix-dla-wielun-choru-i-zespolu-na-festiwalu-karols\/#breadcrumb\"},\"inLanguage\":\"pl-PL\",\"potentialAction\":[{\"@type\":\"ReadAction\",\"target\":[\"https:\/\/www.pogotowieflagowe.pl\/aktualne\/grand-prix-dla-wielun-choru-i-zespolu-na-festiwalu-karols\/\"]}]},{\"@type\":\"ImageObject\",\"inLanguage\":\"pl-PL\",\"@id\":\"https:\/\/www.pogotowieflagowe.pl\/aktualne\/grand-prix-dla-wielun-choru-i-zespolu-na-festiwalu-karols\/#primaryimage\",\"url\":\"https:\/\/www.pogotowieflagowe.pl\/aktualne\/wp-content\/uploads\/2025\/01\/Grand-Prix-dla-Choru-i-Zespolu-Wielunskiego-na-Festiwalu-Koled.jpg\",\"contentUrl\":\"https:\/\/www.pogotowieflagowe.pl\/aktualne\/wp-content\/uploads\/2025\/01\/Grand-Prix-dla-Choru-i-Zespolu-Wielunskiego-na-Festiwalu-Koled.jpg\",\"width\":2048,\"height\":1536,\"caption\":\"Grand Prix dla Ch\u00f3ru i Zespo\u0142u Wielu\u0144skiego na Festiwalu Kol\u0119d\"},{\"@type\":\"BreadcrumbList\",\"@id\":\"https:\/\/www.pogotowieflagowe.pl\/aktualne\/grand-prix-dla-wielun-choru-i-zespolu-na-festiwalu-karols\/#breadcrumb\",\"itemListElement\":[{\"@type\":\"ListItem\",\"position\":1,\"name\":\"Home\",\"item\":\"https:\/\/www.pogotowieflagowe.pl\/aktualne\/\"},{\"@type\":\"ListItem\",\"position\":2,\"name\":\"Grand Prix dla Wielu\u0144 Ch\u00f3ru i zespo\u0142u na Festiwalu Karols\"}]},{\"@type\":\"WebSite\",\"@id\":\"https:\/\/www.pogotowieflagowe.pl\/aktualne\/#website\",\"url\":\"https:\/\/www.pogotowieflagowe.pl\/aktualne\/\",\"name\":\"POGOTOWIE FLAGOWE\u00ae\",\"description\":\"\",\"publisher\":{\"@id\":\"https:\/\/www.pogotowieflagowe.pl\/aktualne\/#organization\"},\"potentialAction\":[{\"@type\":\"SearchAction\",\"target\":{\"@type\":\"EntryPoint\",\"urlTemplate\":\"https:\/\/www.pogotowieflagowe.pl\/aktualne\/?s={search_term_string}\"},\"query-input\":\"required name=search_term_string\"}],\"inLanguage\":\"pl-PL\"},{\"@type\":\"Organization\",\"@id\":\"https:\/\/www.pogotowieflagowe.pl\/aktualne\/#organization\",\"name\":\"POGOTOWIE FLAGOWE\u00ae\",\"url\":\"https:\/\/www.pogotowieflagowe.pl\/aktualne\/\",\"logo\":{\"@type\":\"ImageObject\",\"inLanguage\":\"pl-PL\",\"@id\":\"https:\/\/www.pogotowieflagowe.pl\/aktualne\/#\/schema\/logo\/image\/\",\"url\":\"https:\/\/www.pogotowieflagowe.pl\/aktualne\/wp-content\/uploads\/2024\/08\/cropped-pogotowieflagowe_flaga_projekt_sm.jpg\",\"contentUrl\":\"https:\/\/www.pogotowieflagowe.pl\/aktualne\/wp-content\/uploads\/2024\/08\/cropped-pogotowieflagowe_flaga_projekt_sm.jpg\",\"width\":250,\"height\":143,\"caption\":\"POGOTOWIE FLAGOWE\u00ae\"},\"image\":{\"@id\":\"https:\/\/www.pogotowieflagowe.pl\/aktualne\/#\/schema\/logo\/image\/\"}},{\"@type\":\"Person\",\"@id\":\"https:\/\/www.pogotowieflagowe.pl\/aktualne\/#\/schema\/person\/9c2fb7d2362ebf6fa088960d7f0d27b0\",\"name\":\"Filip\",\"image\":{\"@type\":\"ImageObject\",\"inLanguage\":\"pl-PL\",\"@id\":\"https:\/\/www.pogotowieflagowe.pl\/aktualne\/#\/schema\/person\/image\/\",\"url\":\"https:\/\/www.pogotowieflagowe.pl\/aktualne\/wp-content\/uploads\/2024\/08\/pogotowieflagowe.pl_.jpg\",\"contentUrl\":\"https:\/\/www.pogotowieflagowe.pl\/aktualne\/wp-content\/uploads\/2024\/08\/pogotowieflagowe.pl_.jpg\",\"caption\":\"Filip\"},\"description\":\"Jestem Filip, polski dziennikarz z dyplomem nauk politycznych Uniwersytetu Warszawskiego. Rozpoczynaj\u0105c swoj\u0105 karier\u0119 w r\u00f3\u017cnych lokalnych mediach, zdoby\u0142em solidne do\u015bwiadczenie w zakresie \u015bledztwa i redakcji. Obecnie jako redaktor w Pogotowie flagowe, staram si\u0119 dostarcza\u0107 dog\u0142\u0119bne i istotne analizy na temat najwa\u017cniejszych kwestii aktualno\u015bci, \u0142\u0105cz\u0105c rygor z pasj\u0105 dziennikarsk\u0105.\",\"sameAs\":[\"https:\/\/www.pogotowieflagowe.pl\/\"]}]}<\/script>\n<!-- \/ Yoast SEO plugin. -->","yoast_head_json":{"title":"Grand Prix dla Wielu\u0144 Ch\u00f3ru i zespo\u0142u na Festiwalu Karols - POGOTOWIE FLAGOWE\u00ae","robots":{"index":"index","follow":"follow","max-snippet":"max-snippet:-1","max-image-preview":"max-image-preview:large","max-video-preview":"max-video-preview:-1"},"canonical":"https:\/\/www.pogotowieflagowe.pl\/aktualne\/grand-prix-dla-wielun-choru-i-zespolu-na-festiwalu-karols\/","og_locale":"pl_PL","og_type":"article","og_title":"Grand Prix dla Wielu\u0144 Ch\u00f3ru i zespo\u0142u na Festiwalu Karols - POGOTOWIE FLAGOWE\u00ae","og_description":"Ch\u00f3r i wczesny zesp\u00f3\u0142 muzyczny M\u0142odzie\u017cy Cultural and Sports Center w Wielu\u0144 zdobyli Grand Prix 31. Mi\u0119dzynarodowego Festiwalu Kol\u0119d\u00f3w i","og_url":"https:\/\/www.pogotowieflagowe.pl\/aktualne\/grand-prix-dla-wielun-choru-i-zespolu-na-festiwalu-karols\/","og_site_name":"POGOTOWIE FLAGOWE\u00ae","article_published_time":"2025-01-26T18:47:15+00:00","og_image":[{"width":2048,"height":1536,"url":"https:\/\/www.pogotowieflagowe.pl\/aktualne\/wp-content\/uploads\/2025\/01\/Grand-Prix-dla-Choru-i-Zespolu-Wielunskiego-na-Festiwalu-Koled.jpg","type":"image\/jpeg"}],"author":"Filip","twitter_card":"summary_large_image","twitter_misc":{"Napisane przez":"Filip","Szacowany czas czytania":"1 minuta"},"schema":{"@context":"https:\/\/schema.org","@graph":[{"@type":"Article","@id":"https:\/\/www.pogotowieflagowe.pl\/aktualne\/grand-prix-dla-wielun-choru-i-zespolu-na-festiwalu-karols\/#article","isPartOf":{"@id":"https:\/\/www.pogotowieflagowe.pl\/aktualne\/grand-prix-dla-wielun-choru-i-zespolu-na-festiwalu-karols\/"},"author":{"name":"Filip","@id":"https:\/\/www.pogotowieflagowe.pl\/aktualne\/#\/schema\/person\/9c2fb7d2362ebf6fa088960d7f0d27b0"},"headline":"Grand Prix dla Wielu\u0144 Ch\u00f3ru i zespo\u0142u na Festiwalu Karols","datePublished":"2025-01-26T18:47:15+00:00","dateModified":"2025-01-26T18:47:15+00:00","mainEntityOfPage":{"@id":"https:\/\/www.pogotowieflagowe.pl\/aktualne\/grand-prix-dla-wielun-choru-i-zespolu-na-festiwalu-karols\/"},"wordCount":214,"publisher":{"@id":"https:\/\/www.pogotowieflagowe.pl\/aktualne\/#organization"},"image":{"@id":"https:\/\/www.pogotowieflagowe.pl\/aktualne\/grand-prix-dla-wielun-choru-i-zespolu-na-festiwalu-karols\/#primaryimage"},"thumbnailUrl":"https:\/\/www.pogotowieflagowe.pl\/aktualne\/wp-content\/uploads\/2025\/01\/Grand-Prix-dla-Choru-i-Zespolu-Wielunskiego-na-Festiwalu-Koled.jpg","keywords":["Ch\u00f3ru","dla","Festiwalu","Grand","Karols","Prix","Wielu\u0144","zespo\u0142u"],"articleSection":["Styl \u017cycia"],"inLanguage":"pl-PL"},{"@type":"WebPage","@id":"https:\/\/www.pogotowieflagowe.pl\/aktualne\/grand-prix-dla-wielun-choru-i-zespolu-na-festiwalu-karols\/","url":"https:\/\/www.pogotowieflagowe.pl\/aktualne\/grand-prix-dla-wielun-choru-i-zespolu-na-festiwalu-karols\/","name":"Grand Prix dla Wielu\u0144 Ch\u00f3ru i zespo\u0142u na Festiwalu Karols - POGOTOWIE FLAGOWE\u00ae","isPartOf":{"@id":"https:\/\/www.pogotowieflagowe.pl\/aktualne\/#website"},"primaryImageOfPage":{"@id":"https:\/\/www.pogotowieflagowe.pl\/aktualne\/grand-prix-dla-wielun-choru-i-zespolu-na-festiwalu-karols\/#primaryimage"},"image":{"@id":"https:\/\/www.pogotowieflagowe.pl\/aktualne\/grand-prix-dla-wielun-choru-i-zespolu-na-festiwalu-karols\/#primaryimage"},"thumbnailUrl":"https:\/\/www.pogotowieflagowe.pl\/aktualne\/wp-content\/uploads\/2025\/01\/Grand-Prix-dla-Choru-i-Zespolu-Wielunskiego-na-Festiwalu-Koled.jpg","datePublished":"2025-01-26T18:47:15+00:00","dateModified":"2025-01-26T18:47:15+00:00","breadcrumb":{"@id":"https:\/\/www.pogotowieflagowe.pl\/aktualne\/grand-prix-dla-wielun-choru-i-zespolu-na-festiwalu-karols\/#breadcrumb"},"inLanguage":"pl-PL","potentialAction":[{"@type":"ReadAction","target":["https:\/\/www.pogotowieflagowe.pl\/aktualne\/grand-prix-dla-wielun-choru-i-zespolu-na-festiwalu-karols\/"]}]},{"@type":"ImageObject","inLanguage":"pl-PL","@id":"https:\/\/www.pogotowieflagowe.pl\/aktualne\/grand-prix-dla-wielun-choru-i-zespolu-na-festiwalu-karols\/#primaryimage","url":"https:\/\/www.pogotowieflagowe.pl\/aktualne\/wp-content\/uploads\/2025\/01\/Grand-Prix-dla-Choru-i-Zespolu-Wielunskiego-na-Festiwalu-Koled.jpg","contentUrl":"https:\/\/www.pogotowieflagowe.pl\/aktualne\/wp-content\/uploads\/2025\/01\/Grand-Prix-dla-Choru-i-Zespolu-Wielunskiego-na-Festiwalu-Koled.jpg","width":2048,"height":1536,"caption":"Grand Prix dla Ch\u00f3ru i Zespo\u0142u Wielu\u0144skiego na Festiwalu Kol\u0119d"},{"@type":"BreadcrumbList","@id":"https:\/\/www.pogotowieflagowe.pl\/aktualne\/grand-prix-dla-wielun-choru-i-zespolu-na-festiwalu-karols\/#breadcrumb","itemListElement":[{"@type":"ListItem","position":1,"name":"Home","item":"https:\/\/www.pogotowieflagowe.pl\/aktualne\/"},{"@type":"ListItem","position":2,"name":"Grand Prix dla Wielu\u0144 Ch\u00f3ru i zespo\u0142u na Festiwalu Karols"}]},{"@type":"WebSite","@id":"https:\/\/www.pogotowieflagowe.pl\/aktualne\/#website","url":"https:\/\/www.pogotowieflagowe.pl\/aktualne\/","name":"POGOTOWIE FLAGOWE\u00ae","description":"","publisher":{"@id":"https:\/\/www.pogotowieflagowe.pl\/aktualne\/#organization"},"potentialAction":[{"@type":"SearchAction","target":{"@type":"EntryPoint","urlTemplate":"https:\/\/www.pogotowieflagowe.pl\/aktualne\/?s={search_term_string}"},"query-input":"required name=search_term_string"}],"inLanguage":"pl-PL"},{"@type":"Organization","@id":"https:\/\/www.pogotowieflagowe.pl\/aktualne\/#organization","name":"POGOTOWIE FLAGOWE\u00ae","url":"https:\/\/www.pogotowieflagowe.pl\/aktualne\/","logo":{"@type":"ImageObject","inLanguage":"pl-PL","@id":"https:\/\/www.pogotowieflagowe.pl\/aktualne\/#\/schema\/logo\/image\/","url":"https:\/\/www.pogotowieflagowe.pl\/aktualne\/wp-content\/uploads\/2024\/08\/cropped-pogotowieflagowe_flaga_projekt_sm.jpg","contentUrl":"https:\/\/www.pogotowieflagowe.pl\/aktualne\/wp-content\/uploads\/2024\/08\/cropped-pogotowieflagowe_flaga_projekt_sm.jpg","width":250,"height":143,"caption":"POGOTOWIE FLAGOWE\u00ae"},"image":{"@id":"https:\/\/www.pogotowieflagowe.pl\/aktualne\/#\/schema\/logo\/image\/"}},{"@type":"Person","@id":"https:\/\/www.pogotowieflagowe.pl\/aktualne\/#\/schema\/person\/9c2fb7d2362ebf6fa088960d7f0d27b0","name":"Filip","image":{"@type":"ImageObject","inLanguage":"pl-PL","@id":"https:\/\/www.pogotowieflagowe.pl\/aktualne\/#\/schema\/person\/image\/","url":"https:\/\/www.pogotowieflagowe.pl\/aktualne\/wp-content\/uploads\/2024\/08\/pogotowieflagowe.pl_.jpg","contentUrl":"https:\/\/www.pogotowieflagowe.pl\/aktualne\/wp-content\/uploads\/2024\/08\/pogotowieflagowe.pl_.jpg","caption":"Filip"},"description":"Jestem Filip, polski dziennikarz z dyplomem nauk politycznych Uniwersytetu Warszawskiego. Rozpoczynaj\u0105c swoj\u0105 karier\u0119 w r\u00f3\u017cnych lokalnych mediach, zdoby\u0142em solidne do\u015bwiadczenie w zakresie \u015bledztwa i redakcji. Obecnie jako redaktor w Pogotowie flagowe, staram si\u0119 dostarcza\u0107 dog\u0142\u0119bne i istotne analizy na temat najwa\u017cniejszych kwestii aktualno\u015bci, \u0142\u0105cz\u0105c rygor z pasj\u0105 dziennikarsk\u0105.","sameAs":["https:\/\/www.pogotowieflagowe.pl\/"]}]}},"_links":{"self":[{"href":"https:\/\/www.pogotowieflagowe.pl\/aktualne\/wp-json\/wp\/v2\/posts\/3418","targetHints":{"allow":["GET"]}}],"collection":[{"href":"https:\/\/www.pogotowieflagowe.pl\/aktualne\/wp-json\/wp\/v2\/posts"}],"about":[{"href":"https:\/\/www.pogotowieflagowe.pl\/aktualne\/wp-json\/wp\/v2\/types\/post"}],"author":[{"embeddable":true,"href":"https:\/\/www.pogotowieflagowe.pl\/aktualne\/wp-json\/wp\/v2\/users\/1"}],"replies":[{"embeddable":true,"href":"https:\/\/www.pogotowieflagowe.pl\/aktualne\/wp-json\/wp\/v2\/comments?post=3418"}],"version-history":[{"count":1,"href":"https:\/\/www.pogotowieflagowe.pl\/aktualne\/wp-json\/wp\/v2\/posts\/3418\/revisions"}],"predecessor-version":[{"id":3419,"href":"https:\/\/www.pogotowieflagowe.pl\/aktualne\/wp-json\/wp\/v2\/posts\/3418\/revisions\/3419"}],"wp:featuredmedia":[{"embeddable":true,"href":"https:\/\/www.pogotowieflagowe.pl\/aktualne\/wp-json\/wp\/v2\/media\/3253"}],"wp:attachment":[{"href":"https:\/\/www.pogotowieflagowe.pl\/aktualne\/wp-json\/wp\/v2\/media?parent=3418"}],"wp:term":[{"taxonomy":"category","embeddable":true,"href":"https:\/\/www.pogotowieflagowe.pl\/aktualne\/wp-json\/wp\/v2\/categories?post=3418"},{"taxonomy":"post_tag","embeddable":true,"href":"https:\/\/www.pogotowieflagowe.pl\/aktualne\/wp-json\/wp\/v2\/tags?post=3418"}],"curies":[{"name":"wp","href":"https:\/\/api.w.org\/{rel}","templated":true}]}}