{"id":3422,"date":"2025-01-26T21:46:50","date_gmt":"2025-01-26T20:46:50","guid":{"rendered":"https:\/\/www.pogotowieflagowe.pl\/aktualne\/rozbijajacy-marsz-na-zycie-przejmuje-waszyngton-trump-i-vance-rozmawiaja-z-pro-life-zwolennikow\/"},"modified":"2025-01-26T21:46:51","modified_gmt":"2025-01-26T20:46:51","slug":"rozbijajacy-marsz-na-zycie-przejmuje-waszyngton-trump-i-vance-rozmawiaja-z-pro-life-zwolennikow","status":"publish","type":"post","link":"https:\/\/www.pogotowieflagowe.pl\/aktualne\/rozbijajacy-marsz-na-zycie-przejmuje-waszyngton-trump-i-vance-rozmawiaja-z-pro-life-zwolennikow\/","title":{"rendered":"Rozbijaj\u0105cy marsz na \u017cycie przejmuje Waszyngton: Trump i Vance rozmawiaj\u0105 z pro-life zwolennik\u00f3w"},"content":{"rendered":"\n<div class=\"td_block_wrap tdb_single_content tdi_41 td-pb-border-top td_block_template_8 td-post-content tagdiv-type\" data-td-block-uid=\"tdi_41\">\n<style>.tdi_41 {margin-top: 0px! Wa\u017cne; margines-bottom: 0px! WA\u017bNY; PALDING-TOP: 0PX! WA\u017bNY; PALDING-BOTTOM: 0PX! WA\u017bNE}<\/style>\n<style>.tdb_single_content {margin-bottom: 0;*zoom: 1} .tdb_single_content: wcze\u015bniej, .tdb_single_content: po {display: Table; content: ''; line-height: 0} .TDB-BLOCK-INner>*: nie (.WP-BLOCK-QUOTE): NOT (.Alignwide): not (.alignfull.wp-block-cover.has-parallax): not (.td-a-ad) {margin-left: auto; margin-right: auto} .tdb_single_content a {wska\u017anik-events: auto} .tdb_single_content .td-spot-id-top_ad .tdc-placeholder-title: przed {content: 'top ad'! Wa\u017cne} .tdb_single_content .td-spot-id-inline_ad0 .tdc-miejsce-title: przed {content: \u201eArtyku\u0142 inline AD 1 '! Wa\u017cne} .tdb_single_content. {content: 'Artyku\u0142 inline AD 2'! Wa\u017cny} .tdb_single_content .td-spot-inline_ad2 .tdc-miejsce-title: przed {content: 'Artyku\u0142 inline AD 3'! Wa\u017cny} .tdb_single_content .td-spot-id-id -Bottom_Ad .tdc-Placeholder-Title: przed {content: 'artyku\u0142 dolny ad'! Wa\u017cny} .tdb_single_content .id_top_ad, .tdb_single_content .id_bottom_ad {clear: obu; margin-bottom: 21px; text -align: Center} .tdb_single_content. id_top_ad IMG, .tdb_single_content .id_bottom_ad Img {margin-bottom: 0} .tdb_single_content .id_top_ad .adsbyGoogle, .tdb_single_content .id_bottom_ad .adsbyGoogle , .tdb_single_content .id_ad_content-horiz-right , .tdb_single_content .id_ad_content-horiz-Center {margin-bottom: 15px} .tdb_single_content .id_content-horiz-left Img, .tdb_single_content .id_ad_content-horiz-right Gin-Bottom: 0 { lewy; margine-top: 9px; margin-right: 21px} .tdb_single_content .id_ad_content-horiz-right {float: right; margin-top: 6px; margin-left: 21px} .tdb_single_content .tdc-a-ad .tdc--- Umak zast\u0119puj\u0105cy {szeroko\u015b\u0107: 300px; height: 250px} .tdb_single_content .tdc-a-ad .tdc-miejsce-title: przed {pozycja: Absolute; top: 50%;-WebKit-Transform: t\u0142umaczenie (-50%); Transform: Translatey (-50%); margines: auto; display: tabela; szeroko\u015b\u0107: 100%} > P, .tdi_41 .tdb-block-inner> p {font-size: 16px! Wa\u017cne; linia-height: 1.6! Wa\u017cne} .tdi_41 .tdb-block-inner blokote p {font-styl: Normal! Media (Max-Width: 767px) {. tdb_single_content .id_ad_content-horiz-left, .tdb_single_content .id_ad_content-horiz-right, .tdb_single_content .id_ad_content-horiz-center {margin: 0 auto 26px auto}}}@media (MAXID. : 767px) {. Tdb_single_content .id_ad_content-horiz-left {margin-right: 0}}@media (Max-Width: 767px) {. -Width: 767px) {. tdb_single_content .td-a-ad {float: none; text-align: Center} .tdb_single_content .td-a-ad img {margin-right: auto; margin-left: auto} .tdb_single_content. tdc-a-ad {float: none}}<\/style>\n<div class=\"tdb-block-inner td-fix-index\">\n<p>Ulice Waszyngtonu o\u017cy\u0142y dzi\u015b pot\u0119\u017cn\u0105 demonstracj\u0105 wiary, przekonania i niezachwianego poparcia dla \u015bwi\u0119to\u015bci \u017cycia. Tysi\u0105ce zwolennik\u00f3w pro-life z ca\u0142ego narodu zebra\u0142o si\u0119 na 52. doroczny March For Life, przekszta\u0142caj\u0105c miasto w latarni\u0119 nadziei i jedno\u015bci. W\u015br\u00f3d uczestnik\u00f3w byli wiceprezydent JD Vance i by\u0142y prezydent Donald Trump, kt\u00f3rego przem\u00f3wienia o\u017cywi\u0142y t\u0142um i podkre\u015bli\u0142y ich wsp\u00f3ln\u0105 misj\u0119 do popierania \u017cycia.<\/p>\n<h3 class=\"wp-block-heading\">Turning the Tide: Celebration of Change<\/h3>\n<p>Marsz na \u017cycie naznaczono atmosfer\u0105 rado\u015bci i triumfu, poniewa\u017c uczestnicy \u015bwi\u0119towali to, co wielu okre\u015bli\u0142o jako kluczow\u0105 zmian\u0119 w krajobrazie kulturowym i politycznym Ameryki. Po latach tego, co niekt\u00f3rzy nazywali \u201eciemno\u015bci\u0105\u201d pod administracj\u0105 Biden, zwolennicy pro-life wyrazili odnowiony optymizm w walce z tym, co nazywali \u201eproaborcyjnym liberalnym programem\u201d.<\/p>\n<p>Prelegenci z r\u00f3\u017cnych \u015brodowisk wyszli na scen\u0119 przed rozpocz\u0119ciem marszu, dziel\u0105c szczere zeznania i osobiste historie, kt\u00f3re podkre\u015bli\u0142y nieod\u0142\u0105czn\u0105 warto\u015b\u0107 ka\u017cdego ludzkiego \u017cycia. Wielu przywo\u0142a\u0142o swoj\u0105 wiar\u0119 jako podstaw\u0119 ich zaanga\u017cowania w spraw\u0119 pro-life, podkre\u015blaj\u0105c wizj\u0119 spo\u0142ecze\u0144stwa, kt\u00f3re piel\u0119gnuje \u017cycie od pocz\u0119cia.<\/p>\n<h3 class=\"wp-block-heading\">Poruszaj\u0105ce przes\u0142anie Trumpa: wezwanie do ochrony \u017cycia<\/h3>\n<p>W wcze\u015bniej nagranej wiadomo\u015bci wideo Donald Trump zwr\u00f3ci\u0142 si\u0119 do t\u0142umu z charakterystyczn\u0105 pasj\u0105. \u201eWasze serca s\u0105 ciep\u0142e, a twoje duchy s\u0105 silne, poniewa\u017c twoja sprawa jest sprawiedliwa i czysta\u201d &#8211; o\u015bwiadczy\u0142. \u201eNasz\u0105 misj\u0105 jest stworzenie spo\u0142ecze\u0144stwa, kt\u00f3re wita i chroni ka\u017cde dziecko jako pi\u0119kny dar od Stw\u00f3rcy\u201d.<\/p>\n<p>S\u0142owa Trumpa uderzy\u0142y w publiczno\u015b\u0107, wzmacniaj\u0105c jego rol\u0119 zagorza\u0142ego sojusznika ruchu pro-life i wokalnego przeciwnika polityk, kt\u00f3re, jak argumentuje, podwa\u017ca \u015bwi\u0119to\u015b\u0107 \u017cycia.<\/p>\n<blockquote class=\"twitter-tweet\">\n<p lang=\"en\" dir=\"ltr\">Prezydent Trump do <a rel=\"nofollow\" href=\"https:\/\/twitter.com\/March_for_Life?ref_src=twsrc%5Etfw\">@March_For_Life<\/a>: \u201eWiem, \u017ce wasze serca s\u0105 ciep\u0142e, a twoje duchy s\u0105 silne, poniewa\u017c twoja misja jest po prostu, bardzo, bardzo czysta: tworzy\u0107 spo\u0142ecze\u0144stwo, kt\u00f3re wita i chroni ka\u017cde dziecko jako pi\u0119kny dar z r\u0119ki naszego Stw\u00f3rcy\u201d. <a rel=\"nofollow\" href=\"https:\/\/t.co\/GxXL0ibiDr\">pic.twitter.com\/gxxl0ibidr<\/a><\/p>\n<p>&#8211; Prezydent Donald J. Trump (@potus) <a rel=\"nofollow\" href=\"https:\/\/twitter.com\/POTUS\/status\/1882891449366138893?ref_src=twsrc%5Etfw\">24 stycznia 2025 r<\/a><\/p><\/blockquote>\n<h3 class=\"wp-block-heading\">Wiceprezydent Vance: wizja kwitn\u0105cej przysz\u0142o\u015bci<\/h3>\n<p>Wiceprezydent JD Vance, kt\u00f3ry uczestniczy\u0142 w marszu z rodzin\u0105, rozmawia\u0142 bezpo\u015brednio z zgromadzonym t\u0142umem, oferuj\u0105c pe\u0142n\u0105 nadziei wizj\u0119 Ameryki. \u201eChc\u0119 wi\u0119cej dzieci w Stanach Zjednoczonych Ameryki\u201d &#8211; og\u0142osi\u0142 Vance. \u201eChc\u0119 wi\u0119cej szcz\u0119\u015bliwych dzieci w naszym kraju. Chc\u0119 m\u0142odych m\u0119\u017cczyzn i kobiet, kt\u00f3rzy ch\u0119tnie powitaj\u0105 ich na \u015bwiecie i wychowywa\u0107 z mi\u0142o\u015bci\u0105 i trosk\u0105 \u201d.<\/p>\n<p>Vance podkre\u015bli\u0142 odpowiedzialno\u015b\u0107 rz\u0105du za wspieranie rodzin i zapewnienie, aby m\u0142odzi rodzice mog\u0105 sprowadzi\u0107 dzieci na \u015bwiat bez strachu i trudno\u015bci. Jego s\u0142owa rezonowa\u0142y z wieloma, tworz\u0105c ruch pro-life jako nie tylko moraln\u0105 krucjat\u0119, ale tak\u017ce praktyczne zaanga\u017cowanie w wspieranie kultury \u017cycia.<\/p>\n<blockquote class=\"twitter-tweet\">\n<p lang=\"en\" dir=\"ltr\">\u201eMaszerujemy, aby g\u0142osi\u0107 i \u017cy\u0107 \u015bwi\u0119t\u0105 prawd\u0105, \u017ce ka\u017cde dziecko jest cudem i darem od Boga\u201d.<\/p>\n<p>-Vice Prezydent JD Vance <a rel=\"nofollow\" href=\"https:\/\/t.co\/C2bfw6v6v3\">pic.twitter.com\/c2bfw6v6v3<\/a><\/p>\n<p>&#8211; March for Life (@March_For_Life) <a rel=\"nofollow\" href=\"https:\/\/twitter.com\/March_for_Life\/status\/1882933370138546357?ref_src=twsrc%5Etfw\">24 stycznia 2025 r<\/a><\/p><\/blockquote>\n<h3 class=\"wp-block-heading\">Odwa\u017cne wiadomo\u015bci i po\u0142\u0105czenia do dzia\u0142ania<\/h3>\n<p>Przez ca\u0142y marsz cz\u0142onkowie student\u00f3w Life of America (SFLA) ujawnili swoj\u0105 obecno\u015b\u0107 z uderzaj\u0105cymi sztandarami, kt\u00f3re nios\u0142y pot\u0119\u017cne przes\u0142ania. Jeden sztandar podkre\u015bli\u0142 niebezpiecze\u0144stwa zwi\u0105zane z chemicznymi tabletkami na aborcj\u0119, o\u015bwiadczaj\u0105c: \u201etabletki aborcyjne chemiczne zabijaj\u0105 nienarodzone dzieci\u201d, podczas gdy inny wezwa\u0142 prawodawc\u00f3w do \u201edefundacji planowanego rodzicielstwa\u201d.<\/p>\n<p>Alicia Foreman, regionalny koordynator SFLA w Carolinas, rzuci \u015bwiat\u0142o na rosn\u0105ce obawy w ruchu. \u201eAborcja chemiczna sta\u0142a si\u0119 obecnie g\u0142\u00f3wn\u0105 metod\u0105 uzyskania aborcji\u201d &#8211; wyja\u015bni\u0142a, podkre\u015blaj\u0105c pilno\u015b\u0107 rozwi\u0105zania tego problemu poprzez edukacj\u0119 i rzecznictwo.<\/p>\n<h3 class=\"wp-block-heading\">Ruch o\u017cywi\u0142 si\u0119<\/h3>\n<p>Dla spo\u0142eczno\u015bci pro-life tegoroczny Marsz For Life by\u0142 nie tylko protestem, ale \u015bwi\u0119towaniem odporno\u015bci i post\u0119pu. Obecno\u015b\u0107 przyw\u00f3dc\u00f3w takich jak Trump i Vance energetyzowali zwolennik\u00f3w i podkre\u015bli\u0142a ci\u0105g\u0142y wp\u0142yw ruchu w kszta\u0142towanie dyskursu kulturowego i politycznego Ameryki.<\/p>\n<p>Gdy maszerowcy rozproszyli si\u0119, ich przes\u0142anie pozosta\u0142o jasne: walka o \u017cycie jest daleka od ko\u0144ca, ale z jedno\u015bci\u0105, determinacj\u0105 i wiar\u0105 uwa\u017caj\u0105, \u017ce lepsza przysz\u0142o\u015b\u0107 jest w zasi\u0119gu r\u0119ki.<\/p>\n<\/div>\n<\/div>\n<p><script async src=\"https:\/\/platform.twitter.com\/widgets.js\" charset=\"utf-8\"><\/script><\/p>\n","protected":false},"excerpt":{"rendered":"<p>Ulice Waszyngtonu o\u017cy\u0142y dzi\u015b pot\u0119\u017cn\u0105 demonstracj\u0105 wiary, przekonania i niezachwianego poparcia dla \u015bwi\u0119to\u015bci \u017cycia. Tysi\u0105ce zwolennik\u00f3w pro-life z ca\u0142ego narodu<\/p>\n","protected":false},"author":1,"featured_media":3423,"comment_status":"closed","ping_status":"","sticky":false,"template":"","format":"standard","meta":{"footnotes":""},"categories":[44],"tags":[2197,4898,1938,4894,4897,251,4896,4895,4899,1785],"class_list":["post-3422","post","type-post","status-publish","format-standard","has-post-thumbnail","hentry","category-polityka","tag-marsz","tag-prolife","tag-przejmuje","tag-rozbijajacy","tag-rozmawiaja","tag-trump","tag-vance","tag-waszyngton","tag-zwolennikow","tag-zycie","generate-columns","tablet-grid-50","mobile-grid-100","grid-parent","grid-50","resize-featured-image"],"yoast_head":"<!-- This site is optimized with the Yoast SEO plugin v23.2 - https:\/\/yoast.com\/wordpress\/plugins\/seo\/ -->\n<title>Rozbijaj\u0105cy marsz na \u017cycie przejmuje Waszyngton: Trump i Vance rozmawiaj\u0105 z pro-life zwolennik\u00f3w - POGOTOWIE FLAGOWE\u00ae<\/title>\n<meta name=\"robots\" content=\"index, follow, max-snippet:-1, max-image-preview:large, max-video-preview:-1\" \/>\n<link rel=\"canonical\" href=\"https:\/\/www.pogotowieflagowe.pl\/aktualne\/rozbijajacy-marsz-na-zycie-przejmuje-waszyngton-trump-i-vance-rozmawiaja-z-pro-life-zwolennikow\/\" \/>\n<meta property=\"og:locale\" content=\"pl_PL\" \/>\n<meta property=\"og:type\" content=\"article\" \/>\n<meta property=\"og:title\" content=\"Rozbijaj\u0105cy marsz na \u017cycie przejmuje Waszyngton: Trump i Vance rozmawiaj\u0105 z pro-life zwolennik\u00f3w - POGOTOWIE FLAGOWE\u00ae\" \/>\n<meta property=\"og:description\" content=\"Ulice Waszyngtonu o\u017cy\u0142y dzi\u015b pot\u0119\u017cn\u0105 demonstracj\u0105 wiary, przekonania i niezachwianego poparcia dla \u015bwi\u0119to\u015bci \u017cycia. Tysi\u0105ce zwolennik\u00f3w pro-life z ca\u0142ego narodu\" \/>\n<meta property=\"og:url\" content=\"https:\/\/www.pogotowieflagowe.pl\/aktualne\/rozbijajacy-marsz-na-zycie-przejmuje-waszyngton-trump-i-vance-rozmawiaja-z-pro-life-zwolennikow\/\" \/>\n<meta property=\"og:site_name\" content=\"POGOTOWIE FLAGOWE\u00ae\" \/>\n<meta property=\"article:published_time\" content=\"2025-01-26T20:46:50+00:00\" \/>\n<meta property=\"article:modified_time\" content=\"2025-01-26T20:46:51+00:00\" \/>\n<meta property=\"og:image\" content=\"https:\/\/www.pogotowieflagowe.pl\/aktualne\/wp-content\/uploads\/2025\/01\/Rozbijajacy-marsz-na-zycie-przejmuje-Waszyngton-Trump-i-Vance-rozmawiaja.jpg\" \/>\n\t<meta property=\"og:image:width\" content=\"1200\" \/>\n\t<meta property=\"og:image:height\" content=\"675\" \/>\n\t<meta property=\"og:image:type\" content=\"image\/jpeg\" \/>\n<meta name=\"author\" content=\"Filip\" \/>\n<meta name=\"twitter:card\" content=\"summary_large_image\" \/>\n<meta name=\"twitter:label1\" content=\"Napisane przez\" \/>\n\t<meta name=\"twitter:data1\" content=\"Filip\" \/>\n\t<meta name=\"twitter:label2\" content=\"Szacowany czas czytania\" \/>\n\t<meta name=\"twitter:data2\" content=\"4 minuty\" \/>\n<script type=\"application\/ld+json\" class=\"yoast-schema-graph\">{\"@context\":\"https:\/\/schema.org\",\"@graph\":[{\"@type\":\"Article\",\"@id\":\"https:\/\/www.pogotowieflagowe.pl\/aktualne\/rozbijajacy-marsz-na-zycie-przejmuje-waszyngton-trump-i-vance-rozmawiaja-z-pro-life-zwolennikow\/#article\",\"isPartOf\":{\"@id\":\"https:\/\/www.pogotowieflagowe.pl\/aktualne\/rozbijajacy-marsz-na-zycie-przejmuje-waszyngton-trump-i-vance-rozmawiaja-z-pro-life-zwolennikow\/\"},\"author\":{\"name\":\"Filip\",\"@id\":\"https:\/\/www.pogotowieflagowe.pl\/aktualne\/#\/schema\/person\/9c2fb7d2362ebf6fa088960d7f0d27b0\"},\"headline\":\"Rozbijaj\u0105cy marsz na \u017cycie przejmuje Waszyngton: Trump i Vance rozmawiaj\u0105 z pro-life zwolennik\u00f3w\",\"datePublished\":\"2025-01-26T20:46:50+00:00\",\"dateModified\":\"2025-01-26T20:46:51+00:00\",\"mainEntityOfPage\":{\"@id\":\"https:\/\/www.pogotowieflagowe.pl\/aktualne\/rozbijajacy-marsz-na-zycie-przejmuje-waszyngton-trump-i-vance-rozmawiaja-z-pro-life-zwolennikow\/\"},\"wordCount\":746,\"publisher\":{\"@id\":\"https:\/\/www.pogotowieflagowe.pl\/aktualne\/#organization\"},\"image\":{\"@id\":\"https:\/\/www.pogotowieflagowe.pl\/aktualne\/rozbijajacy-marsz-na-zycie-przejmuje-waszyngton-trump-i-vance-rozmawiaja-z-pro-life-zwolennikow\/#primaryimage\"},\"thumbnailUrl\":\"https:\/\/www.pogotowieflagowe.pl\/aktualne\/wp-content\/uploads\/2025\/01\/Rozbijajacy-marsz-na-zycie-przejmuje-Waszyngton-Trump-i-Vance-rozmawiaja.jpg\",\"keywords\":[\"Marsz\",\"prolife\",\"przejmuje\",\"Rozbijaj\u0105cy\",\"rozmawiaj\u0105\",\"Trump\",\"Vance\",\"Waszyngton\",\"zwolennik\u00f3w\",\"\u017cycie\"],\"articleSection\":[\"Polityka\"],\"inLanguage\":\"pl-PL\"},{\"@type\":\"WebPage\",\"@id\":\"https:\/\/www.pogotowieflagowe.pl\/aktualne\/rozbijajacy-marsz-na-zycie-przejmuje-waszyngton-trump-i-vance-rozmawiaja-z-pro-life-zwolennikow\/\",\"url\":\"https:\/\/www.pogotowieflagowe.pl\/aktualne\/rozbijajacy-marsz-na-zycie-przejmuje-waszyngton-trump-i-vance-rozmawiaja-z-pro-life-zwolennikow\/\",\"name\":\"Rozbijaj\u0105cy marsz na \u017cycie przejmuje Waszyngton: Trump i Vance rozmawiaj\u0105 z pro-life zwolennik\u00f3w - POGOTOWIE FLAGOWE\u00ae\",\"isPartOf\":{\"@id\":\"https:\/\/www.pogotowieflagowe.pl\/aktualne\/#website\"},\"primaryImageOfPage\":{\"@id\":\"https:\/\/www.pogotowieflagowe.pl\/aktualne\/rozbijajacy-marsz-na-zycie-przejmuje-waszyngton-trump-i-vance-rozmawiaja-z-pro-life-zwolennikow\/#primaryimage\"},\"image\":{\"@id\":\"https:\/\/www.pogotowieflagowe.pl\/aktualne\/rozbijajacy-marsz-na-zycie-przejmuje-waszyngton-trump-i-vance-rozmawiaja-z-pro-life-zwolennikow\/#primaryimage\"},\"thumbnailUrl\":\"https:\/\/www.pogotowieflagowe.pl\/aktualne\/wp-content\/uploads\/2025\/01\/Rozbijajacy-marsz-na-zycie-przejmuje-Waszyngton-Trump-i-Vance-rozmawiaja.jpg\",\"datePublished\":\"2025-01-26T20:46:50+00:00\",\"dateModified\":\"2025-01-26T20:46:51+00:00\",\"breadcrumb\":{\"@id\":\"https:\/\/www.pogotowieflagowe.pl\/aktualne\/rozbijajacy-marsz-na-zycie-przejmuje-waszyngton-trump-i-vance-rozmawiaja-z-pro-life-zwolennikow\/#breadcrumb\"},\"inLanguage\":\"pl-PL\",\"potentialAction\":[{\"@type\":\"ReadAction\",\"target\":[\"https:\/\/www.pogotowieflagowe.pl\/aktualne\/rozbijajacy-marsz-na-zycie-przejmuje-waszyngton-trump-i-vance-rozmawiaja-z-pro-life-zwolennikow\/\"]}]},{\"@type\":\"ImageObject\",\"inLanguage\":\"pl-PL\",\"@id\":\"https:\/\/www.pogotowieflagowe.pl\/aktualne\/rozbijajacy-marsz-na-zycie-przejmuje-waszyngton-trump-i-vance-rozmawiaja-z-pro-life-zwolennikow\/#primaryimage\",\"url\":\"https:\/\/www.pogotowieflagowe.pl\/aktualne\/wp-content\/uploads\/2025\/01\/Rozbijajacy-marsz-na-zycie-przejmuje-Waszyngton-Trump-i-Vance-rozmawiaja.jpg\",\"contentUrl\":\"https:\/\/www.pogotowieflagowe.pl\/aktualne\/wp-content\/uploads\/2025\/01\/Rozbijajacy-marsz-na-zycie-przejmuje-Waszyngton-Trump-i-Vance-rozmawiaja.jpg\",\"width\":1200,\"height\":675,\"caption\":\"Rozbijaj\u0105cy marsz na \u017cycie przejmuje Waszyngton: Trump i Vance rozmawiaj\u0105 z pro-life zwolennik\u00f3w\"},{\"@type\":\"BreadcrumbList\",\"@id\":\"https:\/\/www.pogotowieflagowe.pl\/aktualne\/rozbijajacy-marsz-na-zycie-przejmuje-waszyngton-trump-i-vance-rozmawiaja-z-pro-life-zwolennikow\/#breadcrumb\",\"itemListElement\":[{\"@type\":\"ListItem\",\"position\":1,\"name\":\"Home\",\"item\":\"https:\/\/www.pogotowieflagowe.pl\/aktualne\/\"},{\"@type\":\"ListItem\",\"position\":2,\"name\":\"Rozbijaj\u0105cy marsz na \u017cycie przejmuje Waszyngton: Trump i Vance rozmawiaj\u0105 z pro-life zwolennik\u00f3w\"}]},{\"@type\":\"WebSite\",\"@id\":\"https:\/\/www.pogotowieflagowe.pl\/aktualne\/#website\",\"url\":\"https:\/\/www.pogotowieflagowe.pl\/aktualne\/\",\"name\":\"POGOTOWIE FLAGOWE\u00ae\",\"description\":\"\",\"publisher\":{\"@id\":\"https:\/\/www.pogotowieflagowe.pl\/aktualne\/#organization\"},\"potentialAction\":[{\"@type\":\"SearchAction\",\"target\":{\"@type\":\"EntryPoint\",\"urlTemplate\":\"https:\/\/www.pogotowieflagowe.pl\/aktualne\/?s={search_term_string}\"},\"query-input\":\"required name=search_term_string\"}],\"inLanguage\":\"pl-PL\"},{\"@type\":\"Organization\",\"@id\":\"https:\/\/www.pogotowieflagowe.pl\/aktualne\/#organization\",\"name\":\"POGOTOWIE FLAGOWE\u00ae\",\"url\":\"https:\/\/www.pogotowieflagowe.pl\/aktualne\/\",\"logo\":{\"@type\":\"ImageObject\",\"inLanguage\":\"pl-PL\",\"@id\":\"https:\/\/www.pogotowieflagowe.pl\/aktualne\/#\/schema\/logo\/image\/\",\"url\":\"https:\/\/www.pogotowieflagowe.pl\/aktualne\/wp-content\/uploads\/2024\/08\/cropped-pogotowieflagowe_flaga_projekt_sm.jpg\",\"contentUrl\":\"https:\/\/www.pogotowieflagowe.pl\/aktualne\/wp-content\/uploads\/2024\/08\/cropped-pogotowieflagowe_flaga_projekt_sm.jpg\",\"width\":250,\"height\":143,\"caption\":\"POGOTOWIE FLAGOWE\u00ae\"},\"image\":{\"@id\":\"https:\/\/www.pogotowieflagowe.pl\/aktualne\/#\/schema\/logo\/image\/\"}},{\"@type\":\"Person\",\"@id\":\"https:\/\/www.pogotowieflagowe.pl\/aktualne\/#\/schema\/person\/9c2fb7d2362ebf6fa088960d7f0d27b0\",\"name\":\"Filip\",\"image\":{\"@type\":\"ImageObject\",\"inLanguage\":\"pl-PL\",\"@id\":\"https:\/\/www.pogotowieflagowe.pl\/aktualne\/#\/schema\/person\/image\/\",\"url\":\"https:\/\/www.pogotowieflagowe.pl\/aktualne\/wp-content\/uploads\/2024\/08\/pogotowieflagowe.pl_.jpg\",\"contentUrl\":\"https:\/\/www.pogotowieflagowe.pl\/aktualne\/wp-content\/uploads\/2024\/08\/pogotowieflagowe.pl_.jpg\",\"caption\":\"Filip\"},\"description\":\"Jestem Filip, polski dziennikarz z dyplomem nauk politycznych Uniwersytetu Warszawskiego. Rozpoczynaj\u0105c swoj\u0105 karier\u0119 w r\u00f3\u017cnych lokalnych mediach, zdoby\u0142em solidne do\u015bwiadczenie w zakresie \u015bledztwa i redakcji. Obecnie jako redaktor w Pogotowie flagowe, staram si\u0119 dostarcza\u0107 dog\u0142\u0119bne i istotne analizy na temat najwa\u017cniejszych kwestii aktualno\u015bci, \u0142\u0105cz\u0105c rygor z pasj\u0105 dziennikarsk\u0105.\",\"sameAs\":[\"https:\/\/www.pogotowieflagowe.pl\/\"]}]}<\/script>\n<!-- \/ Yoast SEO plugin. -->","yoast_head_json":{"title":"Rozbijaj\u0105cy marsz na \u017cycie przejmuje Waszyngton: Trump i Vance rozmawiaj\u0105 z pro-life zwolennik\u00f3w - POGOTOWIE FLAGOWE\u00ae","robots":{"index":"index","follow":"follow","max-snippet":"max-snippet:-1","max-image-preview":"max-image-preview:large","max-video-preview":"max-video-preview:-1"},"canonical":"https:\/\/www.pogotowieflagowe.pl\/aktualne\/rozbijajacy-marsz-na-zycie-przejmuje-waszyngton-trump-i-vance-rozmawiaja-z-pro-life-zwolennikow\/","og_locale":"pl_PL","og_type":"article","og_title":"Rozbijaj\u0105cy marsz na \u017cycie przejmuje Waszyngton: Trump i Vance rozmawiaj\u0105 z pro-life zwolennik\u00f3w - POGOTOWIE FLAGOWE\u00ae","og_description":"Ulice Waszyngtonu o\u017cy\u0142y dzi\u015b pot\u0119\u017cn\u0105 demonstracj\u0105 wiary, przekonania i niezachwianego poparcia dla \u015bwi\u0119to\u015bci \u017cycia. Tysi\u0105ce zwolennik\u00f3w pro-life z ca\u0142ego narodu","og_url":"https:\/\/www.pogotowieflagowe.pl\/aktualne\/rozbijajacy-marsz-na-zycie-przejmuje-waszyngton-trump-i-vance-rozmawiaja-z-pro-life-zwolennikow\/","og_site_name":"POGOTOWIE FLAGOWE\u00ae","article_published_time":"2025-01-26T20:46:50+00:00","article_modified_time":"2025-01-26T20:46:51+00:00","og_image":[{"width":1200,"height":675,"url":"https:\/\/www.pogotowieflagowe.pl\/aktualne\/wp-content\/uploads\/2025\/01\/Rozbijajacy-marsz-na-zycie-przejmuje-Waszyngton-Trump-i-Vance-rozmawiaja.jpg","type":"image\/jpeg"}],"author":"Filip","twitter_card":"summary_large_image","twitter_misc":{"Napisane przez":"Filip","Szacowany czas czytania":"4 minuty"},"schema":{"@context":"https:\/\/schema.org","@graph":[{"@type":"Article","@id":"https:\/\/www.pogotowieflagowe.pl\/aktualne\/rozbijajacy-marsz-na-zycie-przejmuje-waszyngton-trump-i-vance-rozmawiaja-z-pro-life-zwolennikow\/#article","isPartOf":{"@id":"https:\/\/www.pogotowieflagowe.pl\/aktualne\/rozbijajacy-marsz-na-zycie-przejmuje-waszyngton-trump-i-vance-rozmawiaja-z-pro-life-zwolennikow\/"},"author":{"name":"Filip","@id":"https:\/\/www.pogotowieflagowe.pl\/aktualne\/#\/schema\/person\/9c2fb7d2362ebf6fa088960d7f0d27b0"},"headline":"Rozbijaj\u0105cy marsz na \u017cycie przejmuje Waszyngton: Trump i Vance rozmawiaj\u0105 z pro-life zwolennik\u00f3w","datePublished":"2025-01-26T20:46:50+00:00","dateModified":"2025-01-26T20:46:51+00:00","mainEntityOfPage":{"@id":"https:\/\/www.pogotowieflagowe.pl\/aktualne\/rozbijajacy-marsz-na-zycie-przejmuje-waszyngton-trump-i-vance-rozmawiaja-z-pro-life-zwolennikow\/"},"wordCount":746,"publisher":{"@id":"https:\/\/www.pogotowieflagowe.pl\/aktualne\/#organization"},"image":{"@id":"https:\/\/www.pogotowieflagowe.pl\/aktualne\/rozbijajacy-marsz-na-zycie-przejmuje-waszyngton-trump-i-vance-rozmawiaja-z-pro-life-zwolennikow\/#primaryimage"},"thumbnailUrl":"https:\/\/www.pogotowieflagowe.pl\/aktualne\/wp-content\/uploads\/2025\/01\/Rozbijajacy-marsz-na-zycie-przejmuje-Waszyngton-Trump-i-Vance-rozmawiaja.jpg","keywords":["Marsz","prolife","przejmuje","Rozbijaj\u0105cy","rozmawiaj\u0105","Trump","Vance","Waszyngton","zwolennik\u00f3w","\u017cycie"],"articleSection":["Polityka"],"inLanguage":"pl-PL"},{"@type":"WebPage","@id":"https:\/\/www.pogotowieflagowe.pl\/aktualne\/rozbijajacy-marsz-na-zycie-przejmuje-waszyngton-trump-i-vance-rozmawiaja-z-pro-life-zwolennikow\/","url":"https:\/\/www.pogotowieflagowe.pl\/aktualne\/rozbijajacy-marsz-na-zycie-przejmuje-waszyngton-trump-i-vance-rozmawiaja-z-pro-life-zwolennikow\/","name":"Rozbijaj\u0105cy marsz na \u017cycie przejmuje Waszyngton: Trump i Vance rozmawiaj\u0105 z pro-life zwolennik\u00f3w - POGOTOWIE FLAGOWE\u00ae","isPartOf":{"@id":"https:\/\/www.pogotowieflagowe.pl\/aktualne\/#website"},"primaryImageOfPage":{"@id":"https:\/\/www.pogotowieflagowe.pl\/aktualne\/rozbijajacy-marsz-na-zycie-przejmuje-waszyngton-trump-i-vance-rozmawiaja-z-pro-life-zwolennikow\/#primaryimage"},"image":{"@id":"https:\/\/www.pogotowieflagowe.pl\/aktualne\/rozbijajacy-marsz-na-zycie-przejmuje-waszyngton-trump-i-vance-rozmawiaja-z-pro-life-zwolennikow\/#primaryimage"},"thumbnailUrl":"https:\/\/www.pogotowieflagowe.pl\/aktualne\/wp-content\/uploads\/2025\/01\/Rozbijajacy-marsz-na-zycie-przejmuje-Waszyngton-Trump-i-Vance-rozmawiaja.jpg","datePublished":"2025-01-26T20:46:50+00:00","dateModified":"2025-01-26T20:46:51+00:00","breadcrumb":{"@id":"https:\/\/www.pogotowieflagowe.pl\/aktualne\/rozbijajacy-marsz-na-zycie-przejmuje-waszyngton-trump-i-vance-rozmawiaja-z-pro-life-zwolennikow\/#breadcrumb"},"inLanguage":"pl-PL","potentialAction":[{"@type":"ReadAction","target":["https:\/\/www.pogotowieflagowe.pl\/aktualne\/rozbijajacy-marsz-na-zycie-przejmuje-waszyngton-trump-i-vance-rozmawiaja-z-pro-life-zwolennikow\/"]}]},{"@type":"ImageObject","inLanguage":"pl-PL","@id":"https:\/\/www.pogotowieflagowe.pl\/aktualne\/rozbijajacy-marsz-na-zycie-przejmuje-waszyngton-trump-i-vance-rozmawiaja-z-pro-life-zwolennikow\/#primaryimage","url":"https:\/\/www.pogotowieflagowe.pl\/aktualne\/wp-content\/uploads\/2025\/01\/Rozbijajacy-marsz-na-zycie-przejmuje-Waszyngton-Trump-i-Vance-rozmawiaja.jpg","contentUrl":"https:\/\/www.pogotowieflagowe.pl\/aktualne\/wp-content\/uploads\/2025\/01\/Rozbijajacy-marsz-na-zycie-przejmuje-Waszyngton-Trump-i-Vance-rozmawiaja.jpg","width":1200,"height":675,"caption":"Rozbijaj\u0105cy marsz na \u017cycie przejmuje Waszyngton: Trump i Vance rozmawiaj\u0105 z pro-life zwolennik\u00f3w"},{"@type":"BreadcrumbList","@id":"https:\/\/www.pogotowieflagowe.pl\/aktualne\/rozbijajacy-marsz-na-zycie-przejmuje-waszyngton-trump-i-vance-rozmawiaja-z-pro-life-zwolennikow\/#breadcrumb","itemListElement":[{"@type":"ListItem","position":1,"name":"Home","item":"https:\/\/www.pogotowieflagowe.pl\/aktualne\/"},{"@type":"ListItem","position":2,"name":"Rozbijaj\u0105cy marsz na \u017cycie przejmuje Waszyngton: Trump i Vance rozmawiaj\u0105 z pro-life zwolennik\u00f3w"}]},{"@type":"WebSite","@id":"https:\/\/www.pogotowieflagowe.pl\/aktualne\/#website","url":"https:\/\/www.pogotowieflagowe.pl\/aktualne\/","name":"POGOTOWIE FLAGOWE\u00ae","description":"","publisher":{"@id":"https:\/\/www.pogotowieflagowe.pl\/aktualne\/#organization"},"potentialAction":[{"@type":"SearchAction","target":{"@type":"EntryPoint","urlTemplate":"https:\/\/www.pogotowieflagowe.pl\/aktualne\/?s={search_term_string}"},"query-input":"required name=search_term_string"}],"inLanguage":"pl-PL"},{"@type":"Organization","@id":"https:\/\/www.pogotowieflagowe.pl\/aktualne\/#organization","name":"POGOTOWIE FLAGOWE\u00ae","url":"https:\/\/www.pogotowieflagowe.pl\/aktualne\/","logo":{"@type":"ImageObject","inLanguage":"pl-PL","@id":"https:\/\/www.pogotowieflagowe.pl\/aktualne\/#\/schema\/logo\/image\/","url":"https:\/\/www.pogotowieflagowe.pl\/aktualne\/wp-content\/uploads\/2024\/08\/cropped-pogotowieflagowe_flaga_projekt_sm.jpg","contentUrl":"https:\/\/www.pogotowieflagowe.pl\/aktualne\/wp-content\/uploads\/2024\/08\/cropped-pogotowieflagowe_flaga_projekt_sm.jpg","width":250,"height":143,"caption":"POGOTOWIE FLAGOWE\u00ae"},"image":{"@id":"https:\/\/www.pogotowieflagowe.pl\/aktualne\/#\/schema\/logo\/image\/"}},{"@type":"Person","@id":"https:\/\/www.pogotowieflagowe.pl\/aktualne\/#\/schema\/person\/9c2fb7d2362ebf6fa088960d7f0d27b0","name":"Filip","image":{"@type":"ImageObject","inLanguage":"pl-PL","@id":"https:\/\/www.pogotowieflagowe.pl\/aktualne\/#\/schema\/person\/image\/","url":"https:\/\/www.pogotowieflagowe.pl\/aktualne\/wp-content\/uploads\/2024\/08\/pogotowieflagowe.pl_.jpg","contentUrl":"https:\/\/www.pogotowieflagowe.pl\/aktualne\/wp-content\/uploads\/2024\/08\/pogotowieflagowe.pl_.jpg","caption":"Filip"},"description":"Jestem Filip, polski dziennikarz z dyplomem nauk politycznych Uniwersytetu Warszawskiego. Rozpoczynaj\u0105c swoj\u0105 karier\u0119 w r\u00f3\u017cnych lokalnych mediach, zdoby\u0142em solidne do\u015bwiadczenie w zakresie \u015bledztwa i redakcji. Obecnie jako redaktor w Pogotowie flagowe, staram si\u0119 dostarcza\u0107 dog\u0142\u0119bne i istotne analizy na temat najwa\u017cniejszych kwestii aktualno\u015bci, \u0142\u0105cz\u0105c rygor z pasj\u0105 dziennikarsk\u0105.","sameAs":["https:\/\/www.pogotowieflagowe.pl\/"]}]}},"_links":{"self":[{"href":"https:\/\/www.pogotowieflagowe.pl\/aktualne\/wp-json\/wp\/v2\/posts\/3422","targetHints":{"allow":["GET"]}}],"collection":[{"href":"https:\/\/www.pogotowieflagowe.pl\/aktualne\/wp-json\/wp\/v2\/posts"}],"about":[{"href":"https:\/\/www.pogotowieflagowe.pl\/aktualne\/wp-json\/wp\/v2\/types\/post"}],"author":[{"embeddable":true,"href":"https:\/\/www.pogotowieflagowe.pl\/aktualne\/wp-json\/wp\/v2\/users\/1"}],"replies":[{"embeddable":true,"href":"https:\/\/www.pogotowieflagowe.pl\/aktualne\/wp-json\/wp\/v2\/comments?post=3422"}],"version-history":[{"count":1,"href":"https:\/\/www.pogotowieflagowe.pl\/aktualne\/wp-json\/wp\/v2\/posts\/3422\/revisions"}],"predecessor-version":[{"id":3424,"href":"https:\/\/www.pogotowieflagowe.pl\/aktualne\/wp-json\/wp\/v2\/posts\/3422\/revisions\/3424"}],"wp:featuredmedia":[{"embeddable":true,"href":"https:\/\/www.pogotowieflagowe.pl\/aktualne\/wp-json\/wp\/v2\/media\/3423"}],"wp:attachment":[{"href":"https:\/\/www.pogotowieflagowe.pl\/aktualne\/wp-json\/wp\/v2\/media?parent=3422"}],"wp:term":[{"taxonomy":"category","embeddable":true,"href":"https:\/\/www.pogotowieflagowe.pl\/aktualne\/wp-json\/wp\/v2\/categories?post=3422"},{"taxonomy":"post_tag","embeddable":true,"href":"https:\/\/www.pogotowieflagowe.pl\/aktualne\/wp-json\/wp\/v2\/tags?post=3422"}],"curies":[{"name":"wp","href":"https:\/\/api.w.org\/{rel}","templated":true}]}}