{"id":3425,"date":"2025-01-26T22:47:12","date_gmt":"2025-01-26T21:47:12","guid":{"rendered":"https:\/\/www.pogotowieflagowe.pl\/aktualne\/storm-eowyn-opuszcza-szkocje-walczac-z-chaosem-podrozy-i-awarii-zasilania\/"},"modified":"2025-01-26T22:47:12","modified_gmt":"2025-01-26T21:47:12","slug":"storm-eowyn-opuszcza-szkocje-walczac-z-chaosem-podrozy-i-awarii-zasilania","status":"publish","type":"post","link":"https:\/\/www.pogotowieflagowe.pl\/aktualne\/storm-eowyn-opuszcza-szkocje-walczac-z-chaosem-podrozy-i-awarii-zasilania\/","title":{"rendered":"Storm \u00e9OWYN opuszcza Szkocj\u0119 walcz\u0105c z chaosem podr\u00f3\u017cy i awarii zasilania"},"content":{"rendered":"\n<div class=\"td_block_wrap tdb_single_content tdi_41 td-pb-border-top td_block_template_8 td-post-content tagdiv-type\" data-td-block-uid=\"tdi_41\">\n<style>.tdi_41 {margin-top: 0px! Wa\u017cne; margines-bottom: 0px! WA\u017bNY; PALDING-TOP: 0PX! WA\u017bNY; PALDING-BOTTOM: 0PX! WA\u017bNE}<\/style>\n<style>.tdb_single_content {margin-bottom: 0;*zoom: 1} .tdb_single_content: wcze\u015bniej, .tdb_single_content: po {display: Table; content: ''; line-height: 0} .TDB-BLOCK-INner>*: nie (.WP-BLOCK-QUOTE): NOT (.Alignwide): not (.alignfull.wp-block-cover.has-parallax): not (.td-a-ad) {margin-left: auto; margin-right: auto} .tdb_single_content a {wska\u017anik-events: auto} .tdb_single_content .td-spot-id-top_ad .tdc-placeholder-title: przed {content: 'top ad'! Wa\u017cne} .tdb_single_content .td-spot-id-inline_ad0 .tdc-miejsce-title: przed {content: \u201eArtyku\u0142 inline AD 1 '! Wa\u017cne} .tdb_single_content. {content: 'Artyku\u0142 inline AD 2'! Wa\u017cny} .tdb_single_content .td-spot-inline_ad2 .tdc-miejsce-title: przed {content: 'Artyku\u0142 inline AD 3'! Wa\u017cny} .tdb_single_content .td-spot-id-id -Bottom_Ad .tdc-Placeholder-Title: przed {content: 'artyku\u0142 dolny ad'! Wa\u017cny} .tdb_single_content .id_top_ad, .tdb_single_content .id_bottom_ad {clear: obu; margin-bottom: 21px; text -align: Center} .tdb_single_content. id_top_ad IMG, .tdb_single_content .id_bottom_ad Img {margin-bottom: 0} .tdb_single_content .id_top_ad .adsbyGoogle, .tdb_single_content .id_bottom_ad .adsbyGoogle , .tdb_single_content .id_ad_content-horiz-right , .tdb_single_content .id_ad_content-horiz-Center {margin-bottom: 15px} .tdb_single_content .id_content-horiz-left Img, .tdb_single_content .id_ad_content-horiz-right Gin-Bottom: 0 { lewy; margine-top: 9px; margin-right: 21px} .tdb_single_content .id_ad_content-horiz-right {float: right; margin-top: 6px; margin-left: 21px} .tdb_single_content .tdc-a-ad .tdc--- Umak zast\u0119puj\u0105cy {szeroko\u015b\u0107: 300px; height: 250px} .tdb_single_content .tdc-a-ad .tdc-miejsce-title: przed {pozycja: Absolute; top: 50%;-WebKit-Transform: t\u0142umaczenie (-50%); Transform: Translatey (-50%); margines: auto; display: tabela; szeroko\u015b\u0107: 100%} > P, .tdi_41 .tdb-block-inner> p {font-size: 16px! Wa\u017cne; linia-height: 1.6! Wa\u017cne} .tdi_41 .tdb-block-inner blokote p {font-styl: Normal! Media (Max-Width: 767px) {. tdb_single_content .id_ad_content-horiz-left, .tdb_single_content .id_ad_content-horiz-right, .tdb_single_content .id_ad_content-horiz-center {margin: 0 auto 26px auto}}}@media (MAXID. : 767px) {. Tdb_single_content .id_ad_content-horiz-left {margin-right: 0}}@media (Max-Width: 767px) {. -Width: 767px) {. tdb_single_content .td-a-ad {float: none; text-align: Center} .tdb_single_content .td-a-ad img {margin-right: auto; margin-left: auto} .tdb_single_content. tdc-a-ad {float: none}}<\/style>\n<div class=\"tdb-block-inner td-fix-index\">\n<p><em>Tysi\u0105ce pozostaj\u0105 bez w\u0142adzy, a zak\u0142\u00f3cenia podr\u00f3\u017cy utrzymuj\u0105 si\u0119 w miar\u0119 kontynuowania dzia\u0142a\u0144 odzyskiwania.<\/em><\/p>\n<figure class=\"wp-block-embed is-type-rich is-provider-twitter wp-block-embed-twitter\">\n<div class=\"wp-block-embed__wrapper\">\n<blockquote class=\"twitter-tweet\" data-width=\"550\" data-dnt=\"true\">\n<p lang=\"en\" dir=\"ltr\">Ogl\u0105danie burzy ulegaj\u0105cej wybuchowej cyklogenezie jest naprawd\u0119 jednym z najbardziej spektakularnych proces\u00f3w meteorologicznych, kt\u00f3rych nale\u017cy \u015bwiadczy\u0107. \u00c9OWYN w\u0142a\u015bnie to udowodni\u0142. <a rel=\"nofollow\" href=\"https:\/\/t.co\/DSfR8mXZsc\">pic.twitter.com\/dsfr8mxzsc<\/a><\/p>\n<p>&#8211; Nahel Belgherze (@WXNB_) <a rel=\"nofollow\" href=\"https:\/\/twitter.com\/WxNB_\/status\/1882831472266268943?ref_src=twsrc%5Etfw\">24 stycznia 2025 r<\/a><\/p><\/blockquote>\n<\/div>\n<\/figure>\n<h2 class=\"wp-block-heading\">Szkocja walczy o powa\u017cne zak\u0142\u00f3cenia podr\u00f3\u017cy i przerwy w dostawie pr\u0105du po Storm \u00e9owen. Tysi\u0105ce pozostaj\u0105 bez energii elektrycznej, a us\u0142ugi transportowe stoj\u0105 przed powa\u017cnymi wyzwaniami z powodu powszechnych szk\u00f3d.<\/h2>\n<p><strong>Przerwy w dostawie pr\u0105du wp\u0142ywaj\u0105 tysi\u0105ce dom\u00f3w<\/strong><br \/>W nast\u0119pstwie Storm \u00e9owen Szkocja zmaga si\u0119 z powszechnymi przeradami pr\u0105du i rozleg\u0142ych szk\u00f3d. Od sobotniego wieczoru oko\u0142o 35 000 dom\u00f3w pozosta\u0142o bez pr\u0105du, a niekt\u00f3rzy mieszka\u0144cy ostrzegli, \u017ce pe\u0142ne przywr\u00f3cenie mo\u017ce potrwa\u0107 kilka dni. Scottish i Southern Electricity Networks (SSEN) poinformowa\u0142y, \u017ce przywr\u00f3cili w\u0142adz\u0119 ponad 75 000 klient\u00f3w, podczas gdy Scottish Power ponownie po\u0142\u0105czy\u0142o prawie 192 000 nieruchomo\u015bci. Jednak wysi\u0142ki naprawcze nadal staj\u0105 w obliczu niepowodze\u0144 z powodu uporczywych silnych wiatr\u00f3w, \u015bniegu i zanieczyszcze\u0144 na dotkni\u0119tych obszarach. Pierwszy minister John Swinney potwierdzi\u0142 nadchodz\u0105ce wyzwania, wzywaj\u0105c cierpliwo\u015b\u0107, gdy za\u0142ogi pracuj\u0105 w celu naprawy rozleg\u0142ych szk\u00f3d. Tymczasem policja Szkocja potwierdzi\u0142a, \u017ce \u200b\u200bodpowiedz na prawie 1900 incydent\u00f3w zwi\u0105zanych z pogod\u0105, podkre\u015blaj\u0105c powa\u017cny wp\u0142yw burzy na spo\u0142eczno\u015bci.<\/p>\n<p><strong>Us\u0142ugi transportowe powa\u017cnie zak\u0142\u00f3cone<\/strong><br \/>Chaos podr\u00f3\u017cy pozostaje kluczowym problemem, a szkockie us\u0142ugi promowe i promowe s\u0105 w obliczu znacznych zak\u0142\u00f3ce\u0144. Scotrail zg\u0142osi\u0142o \u201erozleg\u0142e uszkodzenia\u201d g\u00f3rnych linii energetycznych i ponad 400 incydent\u00f3w uszkodze\u0144 kolejowych, w tym szcz\u0105tk\u00f3w i powalonych drzew blokuj\u0105cych torby. Pomimo post\u0119p\u00f3w na niekt\u00f3rych trasach wi\u0119kszo\u015b\u0107 us\u0142ug kolejowych pozostaje zawieszona. Operator promowy Caltakac og\u0142osi\u0142 anulowanie i zmieni\u0142 rozk\u0142ad harmonogramu na wielu trasach, podczas gdy drogi lokalne i baga\u017cowe nadal do\u015bwiadczaj\u0105 zamkni\u0119cia z powodu powodzi. Dzi\u0119ki dw\u00f3m \u017c\u00f3\u0142tym ostrze\u017ceniom o \u015bniegu, lodzie i silnych wiatrach w\u0142adze zach\u0119caj\u0105 podr\u00f3\u017cnik\u00f3w do sprawdzania harmonogram\u00f3w i aktualizacji przed wyj\u015bciem. Oczekuje si\u0119, \u017ce wysi\u0142ki odzyskiwania wzrosn\u0105 do nadchodz\u0105cych dni, poniewa\u017c Szkocja pracuje nad przywr\u00f3ceniem normalno\u015bci po niszczycielskiej burzy.<\/p>\n<figure class=\"wp-block-embed is-type-rich is-provider-twitter wp-block-embed-twitter\">\n<div class=\"wp-block-embed__wrapper\">\n<blockquote class=\"twitter-tweet\" data-width=\"550\" data-dnt=\"true\">\n<p lang=\"en\" dir=\"ltr\"><a rel=\"nofollow\" href=\"https:\/\/twitter.com\/hashtag\/WATCH?src=hash&amp;ref_src=twsrc%5Etfw\">#OGL\u0104DA\u0106<\/a> : Ci\u0119\u017car\u00f3wka uderzona przez wiatr w Szkocji. <a rel=\"nofollow\" href=\"https:\/\/twitter.com\/hashtag\/Storm%C3%89owyn?src=hash&amp;ref_src=twsrc%5Etfw\">#Storm\u00e9owyn<\/a> <a rel=\"nofollow\" href=\"https:\/\/twitter.com\/hashtag\/STORM?src=hash&amp;ref_src=twsrc%5Etfw\">#BURZA<\/a> <a rel=\"nofollow\" href=\"https:\/\/twitter.com\/hashtag\/StormEowyn?src=hash&amp;ref_src=twsrc%5Etfw\">#StormeOWYN<\/a> <a rel=\"nofollow\" href=\"https:\/\/twitter.com\/hashtag\/%C3%89owyn?src=hash&amp;ref_src=twsrc%5Etfw\">#\u00c9OWYN<\/a> <a rel=\"nofollow\" href=\"https:\/\/twitter.com\/hashtag\/WeatherUpdate?src=hash&amp;ref_src=twsrc%5Etfw\">#Weatherupdate<\/a> <a rel=\"nofollow\" href=\"https:\/\/twitter.com\/hashtag\/WeatherAlert?src=hash&amp;ref_src=twsrc%5Etfw\">#Weatheralert<\/a> <a rel=\"nofollow\" href=\"https:\/\/twitter.com\/hashtag\/Scotland?src=hash&amp;ref_src=twsrc%5Etfw\">#Scotland<\/a> <a rel=\"nofollow\" href=\"https:\/\/t.co\/SrG5CL4P1x\">pic.twitter.com\/srg5cl4p1x<\/a><\/p>\n<p>&#8211; upuknews (@upukkews1) <a rel=\"nofollow\" href=\"https:\/\/twitter.com\/upuknews1\/status\/1882842087810621882?ref_src=twsrc%5Etfw\">24 stycznia 2025 r<\/a><\/p><\/blockquote>\n<\/div>\n<\/figure>\n<\/div>\n<\/div>\n<p><script async src=\"https:\/\/platform.twitter.com\/widgets.js\" charset=\"utf-8\"><\/script><\/p>\n","protected":false},"excerpt":{"rendered":"<p>Tysi\u0105ce pozostaj\u0105 bez w\u0142adzy, a zak\u0142\u00f3cenia podr\u00f3\u017cy utrzymuj\u0105 si\u0119 w miar\u0119 kontynuowania dzia\u0142a\u0144 odzyskiwania. Ogl\u0105danie burzy ulegaj\u0105cej wybuchowej cyklogenezie jest<\/p>\n","protected":false},"author":1,"featured_media":3426,"comment_status":"closed","ping_status":"","sticky":false,"template":"","format":"standard","meta":{"footnotes":""},"categories":[4748],"tags":[4905,4904,4901,525,4814,4900,4902,4903,4906],"class_list":["post-3425","post","type-post","status-publish","format-standard","has-post-thumbnail","hentry","category-aktualne","tag-awarii","tag-chaosem","tag-eowyn","tag-opuszcza","tag-podrozy","tag-storm","tag-szkocje","tag-walczac","tag-zasilania","generate-columns","tablet-grid-50","mobile-grid-100","grid-parent","grid-50","resize-featured-image"],"yoast_head":"<!-- This site is optimized with the Yoast SEO plugin v23.2 - https:\/\/yoast.com\/wordpress\/plugins\/seo\/ -->\n<title>Storm \u00e9OWYN opuszcza Szkocj\u0119 walcz\u0105c z chaosem podr\u00f3\u017cy i awarii zasilania - POGOTOWIE FLAGOWE\u00ae<\/title>\n<meta name=\"robots\" content=\"index, follow, max-snippet:-1, max-image-preview:large, max-video-preview:-1\" \/>\n<link rel=\"canonical\" href=\"https:\/\/www.pogotowieflagowe.pl\/aktualne\/storm-eowyn-opuszcza-szkocje-walczac-z-chaosem-podrozy-i-awarii-zasilania\/\" \/>\n<meta property=\"og:locale\" content=\"pl_PL\" \/>\n<meta property=\"og:type\" content=\"article\" \/>\n<meta property=\"og:title\" content=\"Storm \u00e9OWYN opuszcza Szkocj\u0119 walcz\u0105c z chaosem podr\u00f3\u017cy i awarii zasilania - POGOTOWIE FLAGOWE\u00ae\" \/>\n<meta property=\"og:description\" content=\"Tysi\u0105ce pozostaj\u0105 bez w\u0142adzy, a zak\u0142\u00f3cenia podr\u00f3\u017cy utrzymuj\u0105 si\u0119 w miar\u0119 kontynuowania dzia\u0142a\u0144 odzyskiwania. Ogl\u0105danie burzy ulegaj\u0105cej wybuchowej cyklogenezie jest\" \/>\n<meta property=\"og:url\" content=\"https:\/\/www.pogotowieflagowe.pl\/aktualne\/storm-eowyn-opuszcza-szkocje-walczac-z-chaosem-podrozy-i-awarii-zasilania\/\" \/>\n<meta property=\"og:site_name\" content=\"POGOTOWIE FLAGOWE\u00ae\" \/>\n<meta property=\"article:published_time\" content=\"2025-01-26T21:47:12+00:00\" \/>\n<meta property=\"og:image\" content=\"https:\/\/www.pogotowieflagowe.pl\/aktualne\/wp-content\/uploads\/2025\/01\/Storm-eOWYN-opuszcza-Szkocje-walczac-z-chaosem-podrozy-i-awarii.jpeg\" \/>\n\t<meta property=\"og:image:width\" content=\"421\" \/>\n\t<meta property=\"og:image:height\" content=\"485\" \/>\n\t<meta property=\"og:image:type\" content=\"image\/jpeg\" \/>\n<meta name=\"author\" content=\"Filip\" \/>\n<meta name=\"twitter:card\" content=\"summary_large_image\" \/>\n<meta name=\"twitter:label1\" content=\"Napisane przez\" \/>\n\t<meta name=\"twitter:data1\" content=\"Filip\" \/>\n\t<meta name=\"twitter:label2\" content=\"Szacowany czas czytania\" \/>\n\t<meta name=\"twitter:data2\" content=\"2 minuty\" \/>\n<script type=\"application\/ld+json\" class=\"yoast-schema-graph\">{\"@context\":\"https:\/\/schema.org\",\"@graph\":[{\"@type\":\"Article\",\"@id\":\"https:\/\/www.pogotowieflagowe.pl\/aktualne\/storm-eowyn-opuszcza-szkocje-walczac-z-chaosem-podrozy-i-awarii-zasilania\/#article\",\"isPartOf\":{\"@id\":\"https:\/\/www.pogotowieflagowe.pl\/aktualne\/storm-eowyn-opuszcza-szkocje-walczac-z-chaosem-podrozy-i-awarii-zasilania\/\"},\"author\":{\"name\":\"Filip\",\"@id\":\"https:\/\/www.pogotowieflagowe.pl\/aktualne\/#\/schema\/person\/9c2fb7d2362ebf6fa088960d7f0d27b0\"},\"headline\":\"Storm \u00e9OWYN opuszcza Szkocj\u0119 walcz\u0105c z chaosem podr\u00f3\u017cy i awarii zasilania\",\"datePublished\":\"2025-01-26T21:47:12+00:00\",\"dateModified\":\"2025-01-26T21:47:12+00:00\",\"mainEntityOfPage\":{\"@id\":\"https:\/\/www.pogotowieflagowe.pl\/aktualne\/storm-eowyn-opuszcza-szkocje-walczac-z-chaosem-podrozy-i-awarii-zasilania\/\"},\"wordCount\":442,\"publisher\":{\"@id\":\"https:\/\/www.pogotowieflagowe.pl\/aktualne\/#organization\"},\"image\":{\"@id\":\"https:\/\/www.pogotowieflagowe.pl\/aktualne\/storm-eowyn-opuszcza-szkocje-walczac-z-chaosem-podrozy-i-awarii-zasilania\/#primaryimage\"},\"thumbnailUrl\":\"https:\/\/www.pogotowieflagowe.pl\/aktualne\/wp-content\/uploads\/2025\/01\/Storm-eOWYN-opuszcza-Szkocje-walczac-z-chaosem-podrozy-i-awarii.jpeg\",\"keywords\":[\"awarii\",\"chaosem\",\"\u00e9OWYN\",\"opuszcza\",\"podr\u00f3\u017cy\",\"Storm\",\"Szkocj\u0119\",\"walcz\u0105c\",\"zasilania\"],\"articleSection\":[\"Aktualne\"],\"inLanguage\":\"pl-PL\"},{\"@type\":\"WebPage\",\"@id\":\"https:\/\/www.pogotowieflagowe.pl\/aktualne\/storm-eowyn-opuszcza-szkocje-walczac-z-chaosem-podrozy-i-awarii-zasilania\/\",\"url\":\"https:\/\/www.pogotowieflagowe.pl\/aktualne\/storm-eowyn-opuszcza-szkocje-walczac-z-chaosem-podrozy-i-awarii-zasilania\/\",\"name\":\"Storm \u00e9OWYN opuszcza Szkocj\u0119 walcz\u0105c z chaosem podr\u00f3\u017cy i awarii zasilania - POGOTOWIE FLAGOWE\u00ae\",\"isPartOf\":{\"@id\":\"https:\/\/www.pogotowieflagowe.pl\/aktualne\/#website\"},\"primaryImageOfPage\":{\"@id\":\"https:\/\/www.pogotowieflagowe.pl\/aktualne\/storm-eowyn-opuszcza-szkocje-walczac-z-chaosem-podrozy-i-awarii-zasilania\/#primaryimage\"},\"image\":{\"@id\":\"https:\/\/www.pogotowieflagowe.pl\/aktualne\/storm-eowyn-opuszcza-szkocje-walczac-z-chaosem-podrozy-i-awarii-zasilania\/#primaryimage\"},\"thumbnailUrl\":\"https:\/\/www.pogotowieflagowe.pl\/aktualne\/wp-content\/uploads\/2025\/01\/Storm-eOWYN-opuszcza-Szkocje-walczac-z-chaosem-podrozy-i-awarii.jpeg\",\"datePublished\":\"2025-01-26T21:47:12+00:00\",\"dateModified\":\"2025-01-26T21:47:12+00:00\",\"breadcrumb\":{\"@id\":\"https:\/\/www.pogotowieflagowe.pl\/aktualne\/storm-eowyn-opuszcza-szkocje-walczac-z-chaosem-podrozy-i-awarii-zasilania\/#breadcrumb\"},\"inLanguage\":\"pl-PL\",\"potentialAction\":[{\"@type\":\"ReadAction\",\"target\":[\"https:\/\/www.pogotowieflagowe.pl\/aktualne\/storm-eowyn-opuszcza-szkocje-walczac-z-chaosem-podrozy-i-awarii-zasilania\/\"]}]},{\"@type\":\"ImageObject\",\"inLanguage\":\"pl-PL\",\"@id\":\"https:\/\/www.pogotowieflagowe.pl\/aktualne\/storm-eowyn-opuszcza-szkocje-walczac-z-chaosem-podrozy-i-awarii-zasilania\/#primaryimage\",\"url\":\"https:\/\/www.pogotowieflagowe.pl\/aktualne\/wp-content\/uploads\/2025\/01\/Storm-eOWYN-opuszcza-Szkocje-walczac-z-chaosem-podrozy-i-awarii.jpeg\",\"contentUrl\":\"https:\/\/www.pogotowieflagowe.pl\/aktualne\/wp-content\/uploads\/2025\/01\/Storm-eOWYN-opuszcza-Szkocje-walczac-z-chaosem-podrozy-i-awarii.jpeg\",\"width\":421,\"height\":485,\"caption\":\"Storm \u00e9OWYN opuszcza Szkocj\u0119 walcz\u0105c z chaosem podr\u00f3\u017cy i awarii zasilania\"},{\"@type\":\"BreadcrumbList\",\"@id\":\"https:\/\/www.pogotowieflagowe.pl\/aktualne\/storm-eowyn-opuszcza-szkocje-walczac-z-chaosem-podrozy-i-awarii-zasilania\/#breadcrumb\",\"itemListElement\":[{\"@type\":\"ListItem\",\"position\":1,\"name\":\"Home\",\"item\":\"https:\/\/www.pogotowieflagowe.pl\/aktualne\/\"},{\"@type\":\"ListItem\",\"position\":2,\"name\":\"Storm \u00e9OWYN opuszcza Szkocj\u0119 walcz\u0105c z chaosem podr\u00f3\u017cy i awarii zasilania\"}]},{\"@type\":\"WebSite\",\"@id\":\"https:\/\/www.pogotowieflagowe.pl\/aktualne\/#website\",\"url\":\"https:\/\/www.pogotowieflagowe.pl\/aktualne\/\",\"name\":\"POGOTOWIE FLAGOWE\u00ae\",\"description\":\"\",\"publisher\":{\"@id\":\"https:\/\/www.pogotowieflagowe.pl\/aktualne\/#organization\"},\"potentialAction\":[{\"@type\":\"SearchAction\",\"target\":{\"@type\":\"EntryPoint\",\"urlTemplate\":\"https:\/\/www.pogotowieflagowe.pl\/aktualne\/?s={search_term_string}\"},\"query-input\":\"required name=search_term_string\"}],\"inLanguage\":\"pl-PL\"},{\"@type\":\"Organization\",\"@id\":\"https:\/\/www.pogotowieflagowe.pl\/aktualne\/#organization\",\"name\":\"POGOTOWIE FLAGOWE\u00ae\",\"url\":\"https:\/\/www.pogotowieflagowe.pl\/aktualne\/\",\"logo\":{\"@type\":\"ImageObject\",\"inLanguage\":\"pl-PL\",\"@id\":\"https:\/\/www.pogotowieflagowe.pl\/aktualne\/#\/schema\/logo\/image\/\",\"url\":\"https:\/\/www.pogotowieflagowe.pl\/aktualne\/wp-content\/uploads\/2024\/08\/cropped-pogotowieflagowe_flaga_projekt_sm.jpg\",\"contentUrl\":\"https:\/\/www.pogotowieflagowe.pl\/aktualne\/wp-content\/uploads\/2024\/08\/cropped-pogotowieflagowe_flaga_projekt_sm.jpg\",\"width\":250,\"height\":143,\"caption\":\"POGOTOWIE FLAGOWE\u00ae\"},\"image\":{\"@id\":\"https:\/\/www.pogotowieflagowe.pl\/aktualne\/#\/schema\/logo\/image\/\"}},{\"@type\":\"Person\",\"@id\":\"https:\/\/www.pogotowieflagowe.pl\/aktualne\/#\/schema\/person\/9c2fb7d2362ebf6fa088960d7f0d27b0\",\"name\":\"Filip\",\"image\":{\"@type\":\"ImageObject\",\"inLanguage\":\"pl-PL\",\"@id\":\"https:\/\/www.pogotowieflagowe.pl\/aktualne\/#\/schema\/person\/image\/\",\"url\":\"https:\/\/www.pogotowieflagowe.pl\/aktualne\/wp-content\/uploads\/2024\/08\/pogotowieflagowe.pl_.jpg\",\"contentUrl\":\"https:\/\/www.pogotowieflagowe.pl\/aktualne\/wp-content\/uploads\/2024\/08\/pogotowieflagowe.pl_.jpg\",\"caption\":\"Filip\"},\"description\":\"Jestem Filip, polski dziennikarz z dyplomem nauk politycznych Uniwersytetu Warszawskiego. Rozpoczynaj\u0105c swoj\u0105 karier\u0119 w r\u00f3\u017cnych lokalnych mediach, zdoby\u0142em solidne do\u015bwiadczenie w zakresie \u015bledztwa i redakcji. Obecnie jako redaktor w Pogotowie flagowe, staram si\u0119 dostarcza\u0107 dog\u0142\u0119bne i istotne analizy na temat najwa\u017cniejszych kwestii aktualno\u015bci, \u0142\u0105cz\u0105c rygor z pasj\u0105 dziennikarsk\u0105.\",\"sameAs\":[\"https:\/\/www.pogotowieflagowe.pl\/\"]}]}<\/script>\n<!-- \/ Yoast SEO plugin. -->","yoast_head_json":{"title":"Storm \u00e9OWYN opuszcza Szkocj\u0119 walcz\u0105c z chaosem podr\u00f3\u017cy i awarii zasilania - POGOTOWIE FLAGOWE\u00ae","robots":{"index":"index","follow":"follow","max-snippet":"max-snippet:-1","max-image-preview":"max-image-preview:large","max-video-preview":"max-video-preview:-1"},"canonical":"https:\/\/www.pogotowieflagowe.pl\/aktualne\/storm-eowyn-opuszcza-szkocje-walczac-z-chaosem-podrozy-i-awarii-zasilania\/","og_locale":"pl_PL","og_type":"article","og_title":"Storm \u00e9OWYN opuszcza Szkocj\u0119 walcz\u0105c z chaosem podr\u00f3\u017cy i awarii zasilania - POGOTOWIE FLAGOWE\u00ae","og_description":"Tysi\u0105ce pozostaj\u0105 bez w\u0142adzy, a zak\u0142\u00f3cenia podr\u00f3\u017cy utrzymuj\u0105 si\u0119 w miar\u0119 kontynuowania dzia\u0142a\u0144 odzyskiwania. Ogl\u0105danie burzy ulegaj\u0105cej wybuchowej cyklogenezie jest","og_url":"https:\/\/www.pogotowieflagowe.pl\/aktualne\/storm-eowyn-opuszcza-szkocje-walczac-z-chaosem-podrozy-i-awarii-zasilania\/","og_site_name":"POGOTOWIE FLAGOWE\u00ae","article_published_time":"2025-01-26T21:47:12+00:00","og_image":[{"width":421,"height":485,"url":"https:\/\/www.pogotowieflagowe.pl\/aktualne\/wp-content\/uploads\/2025\/01\/Storm-eOWYN-opuszcza-Szkocje-walczac-z-chaosem-podrozy-i-awarii.jpeg","type":"image\/jpeg"}],"author":"Filip","twitter_card":"summary_large_image","twitter_misc":{"Napisane przez":"Filip","Szacowany czas czytania":"2 minuty"},"schema":{"@context":"https:\/\/schema.org","@graph":[{"@type":"Article","@id":"https:\/\/www.pogotowieflagowe.pl\/aktualne\/storm-eowyn-opuszcza-szkocje-walczac-z-chaosem-podrozy-i-awarii-zasilania\/#article","isPartOf":{"@id":"https:\/\/www.pogotowieflagowe.pl\/aktualne\/storm-eowyn-opuszcza-szkocje-walczac-z-chaosem-podrozy-i-awarii-zasilania\/"},"author":{"name":"Filip","@id":"https:\/\/www.pogotowieflagowe.pl\/aktualne\/#\/schema\/person\/9c2fb7d2362ebf6fa088960d7f0d27b0"},"headline":"Storm \u00e9OWYN opuszcza Szkocj\u0119 walcz\u0105c z chaosem podr\u00f3\u017cy i awarii zasilania","datePublished":"2025-01-26T21:47:12+00:00","dateModified":"2025-01-26T21:47:12+00:00","mainEntityOfPage":{"@id":"https:\/\/www.pogotowieflagowe.pl\/aktualne\/storm-eowyn-opuszcza-szkocje-walczac-z-chaosem-podrozy-i-awarii-zasilania\/"},"wordCount":442,"publisher":{"@id":"https:\/\/www.pogotowieflagowe.pl\/aktualne\/#organization"},"image":{"@id":"https:\/\/www.pogotowieflagowe.pl\/aktualne\/storm-eowyn-opuszcza-szkocje-walczac-z-chaosem-podrozy-i-awarii-zasilania\/#primaryimage"},"thumbnailUrl":"https:\/\/www.pogotowieflagowe.pl\/aktualne\/wp-content\/uploads\/2025\/01\/Storm-eOWYN-opuszcza-Szkocje-walczac-z-chaosem-podrozy-i-awarii.jpeg","keywords":["awarii","chaosem","\u00e9OWYN","opuszcza","podr\u00f3\u017cy","Storm","Szkocj\u0119","walcz\u0105c","zasilania"],"articleSection":["Aktualne"],"inLanguage":"pl-PL"},{"@type":"WebPage","@id":"https:\/\/www.pogotowieflagowe.pl\/aktualne\/storm-eowyn-opuszcza-szkocje-walczac-z-chaosem-podrozy-i-awarii-zasilania\/","url":"https:\/\/www.pogotowieflagowe.pl\/aktualne\/storm-eowyn-opuszcza-szkocje-walczac-z-chaosem-podrozy-i-awarii-zasilania\/","name":"Storm \u00e9OWYN opuszcza Szkocj\u0119 walcz\u0105c z chaosem podr\u00f3\u017cy i awarii zasilania - POGOTOWIE FLAGOWE\u00ae","isPartOf":{"@id":"https:\/\/www.pogotowieflagowe.pl\/aktualne\/#website"},"primaryImageOfPage":{"@id":"https:\/\/www.pogotowieflagowe.pl\/aktualne\/storm-eowyn-opuszcza-szkocje-walczac-z-chaosem-podrozy-i-awarii-zasilania\/#primaryimage"},"image":{"@id":"https:\/\/www.pogotowieflagowe.pl\/aktualne\/storm-eowyn-opuszcza-szkocje-walczac-z-chaosem-podrozy-i-awarii-zasilania\/#primaryimage"},"thumbnailUrl":"https:\/\/www.pogotowieflagowe.pl\/aktualne\/wp-content\/uploads\/2025\/01\/Storm-eOWYN-opuszcza-Szkocje-walczac-z-chaosem-podrozy-i-awarii.jpeg","datePublished":"2025-01-26T21:47:12+00:00","dateModified":"2025-01-26T21:47:12+00:00","breadcrumb":{"@id":"https:\/\/www.pogotowieflagowe.pl\/aktualne\/storm-eowyn-opuszcza-szkocje-walczac-z-chaosem-podrozy-i-awarii-zasilania\/#breadcrumb"},"inLanguage":"pl-PL","potentialAction":[{"@type":"ReadAction","target":["https:\/\/www.pogotowieflagowe.pl\/aktualne\/storm-eowyn-opuszcza-szkocje-walczac-z-chaosem-podrozy-i-awarii-zasilania\/"]}]},{"@type":"ImageObject","inLanguage":"pl-PL","@id":"https:\/\/www.pogotowieflagowe.pl\/aktualne\/storm-eowyn-opuszcza-szkocje-walczac-z-chaosem-podrozy-i-awarii-zasilania\/#primaryimage","url":"https:\/\/www.pogotowieflagowe.pl\/aktualne\/wp-content\/uploads\/2025\/01\/Storm-eOWYN-opuszcza-Szkocje-walczac-z-chaosem-podrozy-i-awarii.jpeg","contentUrl":"https:\/\/www.pogotowieflagowe.pl\/aktualne\/wp-content\/uploads\/2025\/01\/Storm-eOWYN-opuszcza-Szkocje-walczac-z-chaosem-podrozy-i-awarii.jpeg","width":421,"height":485,"caption":"Storm \u00e9OWYN opuszcza Szkocj\u0119 walcz\u0105c z chaosem podr\u00f3\u017cy i awarii zasilania"},{"@type":"BreadcrumbList","@id":"https:\/\/www.pogotowieflagowe.pl\/aktualne\/storm-eowyn-opuszcza-szkocje-walczac-z-chaosem-podrozy-i-awarii-zasilania\/#breadcrumb","itemListElement":[{"@type":"ListItem","position":1,"name":"Home","item":"https:\/\/www.pogotowieflagowe.pl\/aktualne\/"},{"@type":"ListItem","position":2,"name":"Storm \u00e9OWYN opuszcza Szkocj\u0119 walcz\u0105c z chaosem podr\u00f3\u017cy i awarii zasilania"}]},{"@type":"WebSite","@id":"https:\/\/www.pogotowieflagowe.pl\/aktualne\/#website","url":"https:\/\/www.pogotowieflagowe.pl\/aktualne\/","name":"POGOTOWIE FLAGOWE\u00ae","description":"","publisher":{"@id":"https:\/\/www.pogotowieflagowe.pl\/aktualne\/#organization"},"potentialAction":[{"@type":"SearchAction","target":{"@type":"EntryPoint","urlTemplate":"https:\/\/www.pogotowieflagowe.pl\/aktualne\/?s={search_term_string}"},"query-input":"required name=search_term_string"}],"inLanguage":"pl-PL"},{"@type":"Organization","@id":"https:\/\/www.pogotowieflagowe.pl\/aktualne\/#organization","name":"POGOTOWIE FLAGOWE\u00ae","url":"https:\/\/www.pogotowieflagowe.pl\/aktualne\/","logo":{"@type":"ImageObject","inLanguage":"pl-PL","@id":"https:\/\/www.pogotowieflagowe.pl\/aktualne\/#\/schema\/logo\/image\/","url":"https:\/\/www.pogotowieflagowe.pl\/aktualne\/wp-content\/uploads\/2024\/08\/cropped-pogotowieflagowe_flaga_projekt_sm.jpg","contentUrl":"https:\/\/www.pogotowieflagowe.pl\/aktualne\/wp-content\/uploads\/2024\/08\/cropped-pogotowieflagowe_flaga_projekt_sm.jpg","width":250,"height":143,"caption":"POGOTOWIE FLAGOWE\u00ae"},"image":{"@id":"https:\/\/www.pogotowieflagowe.pl\/aktualne\/#\/schema\/logo\/image\/"}},{"@type":"Person","@id":"https:\/\/www.pogotowieflagowe.pl\/aktualne\/#\/schema\/person\/9c2fb7d2362ebf6fa088960d7f0d27b0","name":"Filip","image":{"@type":"ImageObject","inLanguage":"pl-PL","@id":"https:\/\/www.pogotowieflagowe.pl\/aktualne\/#\/schema\/person\/image\/","url":"https:\/\/www.pogotowieflagowe.pl\/aktualne\/wp-content\/uploads\/2024\/08\/pogotowieflagowe.pl_.jpg","contentUrl":"https:\/\/www.pogotowieflagowe.pl\/aktualne\/wp-content\/uploads\/2024\/08\/pogotowieflagowe.pl_.jpg","caption":"Filip"},"description":"Jestem Filip, polski dziennikarz z dyplomem nauk politycznych Uniwersytetu Warszawskiego. Rozpoczynaj\u0105c swoj\u0105 karier\u0119 w r\u00f3\u017cnych lokalnych mediach, zdoby\u0142em solidne do\u015bwiadczenie w zakresie \u015bledztwa i redakcji. Obecnie jako redaktor w Pogotowie flagowe, staram si\u0119 dostarcza\u0107 dog\u0142\u0119bne i istotne analizy na temat najwa\u017cniejszych kwestii aktualno\u015bci, \u0142\u0105cz\u0105c rygor z pasj\u0105 dziennikarsk\u0105.","sameAs":["https:\/\/www.pogotowieflagowe.pl\/"]}]}},"_links":{"self":[{"href":"https:\/\/www.pogotowieflagowe.pl\/aktualne\/wp-json\/wp\/v2\/posts\/3425","targetHints":{"allow":["GET"]}}],"collection":[{"href":"https:\/\/www.pogotowieflagowe.pl\/aktualne\/wp-json\/wp\/v2\/posts"}],"about":[{"href":"https:\/\/www.pogotowieflagowe.pl\/aktualne\/wp-json\/wp\/v2\/types\/post"}],"author":[{"embeddable":true,"href":"https:\/\/www.pogotowieflagowe.pl\/aktualne\/wp-json\/wp\/v2\/users\/1"}],"replies":[{"embeddable":true,"href":"https:\/\/www.pogotowieflagowe.pl\/aktualne\/wp-json\/wp\/v2\/comments?post=3425"}],"version-history":[{"count":1,"href":"https:\/\/www.pogotowieflagowe.pl\/aktualne\/wp-json\/wp\/v2\/posts\/3425\/revisions"}],"predecessor-version":[{"id":3427,"href":"https:\/\/www.pogotowieflagowe.pl\/aktualne\/wp-json\/wp\/v2\/posts\/3425\/revisions\/3427"}],"wp:featuredmedia":[{"embeddable":true,"href":"https:\/\/www.pogotowieflagowe.pl\/aktualne\/wp-json\/wp\/v2\/media\/3426"}],"wp:attachment":[{"href":"https:\/\/www.pogotowieflagowe.pl\/aktualne\/wp-json\/wp\/v2\/media?parent=3425"}],"wp:term":[{"taxonomy":"category","embeddable":true,"href":"https:\/\/www.pogotowieflagowe.pl\/aktualne\/wp-json\/wp\/v2\/categories?post=3425"},{"taxonomy":"post_tag","embeddable":true,"href":"https:\/\/www.pogotowieflagowe.pl\/aktualne\/wp-json\/wp\/v2\/tags?post=3425"}],"curies":[{"name":"wp","href":"https:\/\/api.w.org\/{rel}","templated":true}]}}