{"id":3486,"date":"2025-01-28T10:47:03","date_gmt":"2025-01-28T09:47:03","guid":{"rendered":"https:\/\/www.pogotowieflagowe.pl\/aktualne\/storm-herminia-side-havoc-w-portugalii-pozostawiajac-jednego-zmarlego-i-kilku-rannych\/"},"modified":"2025-01-28T10:47:06","modified_gmt":"2025-01-28T09:47:06","slug":"storm-herminia-side-havoc-w-portugalii-pozostawiajac-jednego-zmarlego-i-kilku-rannych","status":"publish","type":"post","link":"https:\/\/www.pogotowieflagowe.pl\/aktualne\/storm-herminia-side-havoc-w-portugalii-pozostawiajac-jednego-zmarlego-i-kilku-rannych\/","title":{"rendered":"Storm Herminia Side Havoc w Portugalii, pozostawiaj\u0105c jednego zmar\u0142ego i kilku rannych"},"content":{"rendered":"\n<div class=\"td_block_wrap tdb_single_content tdi_41 td-pb-border-top td_block_template_8 td-post-content tagdiv-type\" data-td-block-uid=\"tdi_41\">\n<style>.tdi_41 {margin-top: 0px! Wa\u017cne; margines-bottom: 0px! WA\u017bNY; PALDING-TOP: 0PX! WA\u017bNY; PALDING-BOTTOM: 0PX! WA\u017bNE}<\/style>\n<style>.tdb_single_content {margin-bottom: 0;*zoom: 1} .tdb_single_content: wcze\u015bniej, .tdb_single_content: po {display: Table; content: ''; line-height: 0} .TDB-BLOCK-INner>*: nie (.WP-BLOCK-QUOTE): NOT (.Alignwide): not (.alignfull.wp-block-cover.has-parallax): not (.td-a-ad) {margin-left: auto; margin-right: auto} .tdb_single_content a {wska\u017anik-events: auto} .tdb_single_content .td-spot-id-top_ad .tdc-placeholder-title: przed {content: 'top ad'! Wa\u017cne} .tdb_single_content .td-spot-id-inline_ad0 .tdc-miejsce-title: przed {content: \u201eArtyku\u0142 inline AD 1 '! Wa\u017cne} .tdb_single_content. {content: 'Artyku\u0142 inline AD 2'! Wa\u017cny} .tdb_single_content .td-spot-inline_ad2 .tdc-miejsce-title: przed {content: 'Artyku\u0142 inline AD 3'! Wa\u017cny} .tdb_single_content .td-spot-id-id -Bottom_Ad .tdc-Placeholder-Title: przed {content: 'artyku\u0142 dolny ad'! Wa\u017cne} .tdb_single_content .id_top_ad, .tdb_single_content .id_bottom_ad {clear: obu; margin-bottom: 21px; text -align: Center} .tdb_single_content. id_top_ad IMG, .tdb_single_content .id_bottom_ad Img {margin-bottom: 0} .tdb_single_content .id_top_ad .adsbyGoogle, .tdb_single_content .id_bottom_ad .adsbyGoogle , .tdb_single_content .id_ad_content-horiz-right , .tdb_single_content .id_ad_content-horiz-Center {margin-bottom: 15px} .tdb_single_content .id_content-horiz-left Img, .tdb_single_content .id_ad_content-horiz-right Gin-Bottom: 0 { lewy; margine-top: 9px; margin-right: 21px} .tdb_single_content .id_ad_content-horiz-right {float: right; margin-top: 6px; margin-left: 21px} .tdb_single_content .tdc-a-ad .tdc--- Umak zast\u0119puj\u0105cy {szeroko\u015b\u0107: 300px; height: 250px} .tdb_single_content .tdc-a-ad .tdc-miejsce-title: przed {pozycja: Absolute; top: 50%;-WebKit-Transform: t\u0142umaczenie (-50%); Transform: Translatey (-50%); margines: auto; display: tabela; szeroko\u015b\u0107: 100%} > P, .tdi_41 .tdb-block-inner> p {font-size: 16px! Wa\u017cne; linia-height: 1.6! Wa\u017cne} .tdi_41 .tdb-block-inner blokote p {font-styl: Normal! Media (Max-Width: 767px) {. tdb_single_content .id_ad_content-horiz-left, .tdb_single_content .id_ad_content-horiz-right, .tdb_single_content .id_ad_content-horiz-center {margin: 0 auto 26px auto}}}@media (MAXID. : 767px) {. Tdb_single_content .id_ad_content-horiz-left {margin-right: 0}}@media (Max-Width: 767px) {. -Width: 767px) {. tdb_single_content .td-a-ad {float: none; text-align: Center} .tdb_single_content .td-a-ad img {margin-right: auto; margin-left: auto} .tdb_single_content. tdc-a-ad {float: none}}<\/style>\n<div class=\"tdb-block-inner td-fix-index\">\n<h2 class=\"wp-block-heading\">Storm Herminia spustoszyp portugal, powoduj\u0105c jedn\u0105 \u015bmier\u0107 i cztery obra\u017cenia. Silne wiatry, powodzie i 10-metrowe fale zak\u0142\u00f3caj\u0105 porty transportu i parali\u017cowania.<\/h2>\n<p>Storm Herminia spowodowa\u0142 powszechne zniszczenie w ca\u0142ej Portugalii, pozostawiaj\u0105c jednego cz\u0142owieka martwego, a czterech innych zosta\u0142o rannych. Ofiara utopi\u0142a si\u0119 w niedziel\u0119 w pobli\u017cu pla\u017cy w Povoa de Varyzim, po\u0142o\u017conym na p\u00f3\u0142nocnym zachodzie kraju. Ponadto cztery osoby zosta\u0142y ranne, gdy ich \u0142\u00f3d\u017a wywr\u00f3ci\u0142a si\u0119 w delcie rzeki Tagus w pobli\u017cu Lizbony. Burza, kt\u00f3ra rozpocz\u0119\u0142a si\u0119 w sobot\u0119, przynios\u0142a wiatry o sile huraganu, co spowodowa\u0142o setki incydent\u00f3w powodziowych, upad\u0142ych drzew i uszkodzonych metalowych struktur, powa\u017cnie zak\u0142\u00f3caj\u0105c transport drogowy i codzienne \u017cycie.<\/p>\n<figure class=\"wp-block-embed is-type-rich is-provider-twitter wp-block-embed-twitter\">\n<div class=\"wp-block-embed__wrapper\">\n<blockquote class=\"twitter-tweet\" data-width=\"550\" data-dnt=\"true\">\n<p lang=\"en\" dir=\"ltr\">\ud83c\udf00 Storm <a rel=\"nofollow\" href=\"https:\/\/twitter.com\/hashtag\/Herminia?src=hash&amp;ref_src=twsrc%5Etfw\">#Herminia<\/a> Ju\u017c teraz znany jest w dystrykcie w Lizbonie w Portugalii. <\/p>\n<p>\ud83d\udccdvila franca de xira <a rel=\"nofollow\" href=\"https:\/\/t.co\/4mxUtinIjs\">pic.twitter.com\/4mxutinijs<\/a><\/p>\n<p>&#8211; Weather Watcher (@WXWatcher07) <a rel=\"nofollow\" href=\"https:\/\/twitter.com\/WXWatcher07\/status\/1883574289338908934?ref_src=twsrc%5Etfw\">26 stycznia 2025 r<\/a><\/p><\/blockquote>\n<\/div>\n<\/figure>\n<h3 class=\"wp-block-heading\">Kontynuacja niebezpiecze\u0144stwa i ostrze\u017ce\u0144<\/h3>\n<p>W\u0142adze ostrzegaj\u0105 o ci\u0105g\u0142ym ryzyku w miar\u0119 utrzymywania si\u0119 burzy. Portugalski Instytut Morza i Atmosfery (IPMA) przewiduje, \u017ce fale oceaniczne mog\u0105 si\u0119gn\u0105\u0107 w poniedzia\u0142ek do 10 metr\u00f3w, szczeg\u00f3lnie wp\u0142ywaj\u0105cych na porty na p\u00f3\u0142nocnym zachodzie. Zarudziny zosta\u0142y r\u00f3wnie\u017c zg\u0142oszone w kilku obszarach z powodu gleby podmokanej, co dodatkowo komplikuje sytuacj\u0119. Przy rozleg\u0142ych uszkodzeniach i niebezpiecznych warunkach trwaj\u0105 wysi\u0142ki na rzecz powrotu do zdrowia, ale oczekuje si\u0119, \u017ce skutki burzy pozostan\u0105.<\/p>\n<blockquote class=\"twitter-tweet\">\n<p lang=\"es\" dir=\"ltr\">\ud83d\udcf9 As\u00ed se Dej\u00f3 Sentir El Temporal Herminia en <a rel=\"nofollow\" href=\"https:\/\/twitter.com\/hashtag\/O%C3%89zaro?src=hash&amp;ref_src=twsrc%5Etfw\">#O\u00e9zaro<\/a> y as\u00ed lo capt\u00f3 Basilio Bello \ud83d\udc47 <a rel=\"nofollow\" href=\"https:\/\/t.co\/7exjVcKhWx\">pic.twitter.com\/7exjvckhwx<\/a><\/p>\n<p>&#8211; La Voz de Galicia (@lavozdegalicia) <a rel=\"nofollow\" href=\"https:\/\/twitter.com\/lavozdegalicia\/status\/1883597095464059320?ref_src=twsrc%5Etfw\">26 stycznia 2025 r<\/a><\/p><\/blockquote>\n<\/div>\n<\/div>\n<p><script async src=\"https:\/\/platform.twitter.com\/widgets.js\" charset=\"utf-8\"><\/script><\/p>\n","protected":false},"excerpt":{"rendered":"<p>Storm Herminia spustoszyp portugal, powoduj\u0105c jedn\u0105 \u015bmier\u0107 i cztery obra\u017cenia. Silne wiatry, powodzie i 10-metrowe fale zak\u0142\u00f3caj\u0105 porty transportu i<\/p>\n","protected":false},"author":1,"featured_media":3487,"comment_status":"closed","ping_status":"","sticky":false,"template":"","format":"standard","meta":{"footnotes":""},"categories":[4748],"tags":[4974,4972,4976,4977,389,4975,4978,4973,4900,345],"class_list":["post-3486","post","type-post","status-publish","format-standard","has-post-thumbnail","hentry","category-aktualne","tag-havoc","tag-herminia","tag-jednego","tag-kilku","tag-portugalii","tag-pozostawiajac","tag-rannych","tag-side","tag-storm","tag-zmarlego","generate-columns","tablet-grid-50","mobile-grid-100","grid-parent","grid-50","resize-featured-image"],"yoast_head":"<!-- This site is optimized with the Yoast SEO plugin v23.2 - https:\/\/yoast.com\/wordpress\/plugins\/seo\/ -->\n<title>Storm Herminia Side Havoc w Portugalii, pozostawiaj\u0105c jednego zmar\u0142ego i kilku rannych - POGOTOWIE FLAGOWE\u00ae<\/title>\n<meta name=\"robots\" content=\"index, follow, max-snippet:-1, max-image-preview:large, max-video-preview:-1\" \/>\n<link rel=\"canonical\" href=\"https:\/\/www.pogotowieflagowe.pl\/aktualne\/storm-herminia-side-havoc-w-portugalii-pozostawiajac-jednego-zmarlego-i-kilku-rannych\/\" \/>\n<meta property=\"og:locale\" content=\"pl_PL\" \/>\n<meta property=\"og:type\" content=\"article\" \/>\n<meta property=\"og:title\" content=\"Storm Herminia Side Havoc w Portugalii, pozostawiaj\u0105c jednego zmar\u0142ego i kilku rannych - POGOTOWIE FLAGOWE\u00ae\" \/>\n<meta property=\"og:description\" content=\"Storm Herminia spustoszyp portugal, powoduj\u0105c jedn\u0105 \u015bmier\u0107 i cztery obra\u017cenia. Silne wiatry, powodzie i 10-metrowe fale zak\u0142\u00f3caj\u0105 porty transportu i\" \/>\n<meta property=\"og:url\" content=\"https:\/\/www.pogotowieflagowe.pl\/aktualne\/storm-herminia-side-havoc-w-portugalii-pozostawiajac-jednego-zmarlego-i-kilku-rannych\/\" \/>\n<meta property=\"og:site_name\" content=\"POGOTOWIE FLAGOWE\u00ae\" \/>\n<meta property=\"article:published_time\" content=\"2025-01-28T09:47:03+00:00\" \/>\n<meta property=\"article:modified_time\" content=\"2025-01-28T09:47:06+00:00\" \/>\n<meta property=\"og:image\" content=\"https:\/\/www.pogotowieflagowe.pl\/aktualne\/wp-content\/uploads\/2025\/01\/Storm-Herminia-Side-Havoc-w-Portugalii-pozostawiajac-jednego-zmarlego-i.jpg\" \/>\n\t<meta property=\"og:image:width\" content=\"1895\" \/>\n\t<meta property=\"og:image:height\" content=\"893\" \/>\n\t<meta property=\"og:image:type\" content=\"image\/jpeg\" \/>\n<meta name=\"author\" content=\"Filip\" \/>\n<meta name=\"twitter:card\" content=\"summary_large_image\" \/>\n<meta name=\"twitter:label1\" content=\"Napisane przez\" \/>\n\t<meta name=\"twitter:data1\" content=\"Filip\" \/>\n\t<meta name=\"twitter:label2\" content=\"Szacowany czas czytania\" \/>\n\t<meta name=\"twitter:data2\" content=\"1 minuta\" \/>\n<script type=\"application\/ld+json\" class=\"yoast-schema-graph\">{\"@context\":\"https:\/\/schema.org\",\"@graph\":[{\"@type\":\"Article\",\"@id\":\"https:\/\/www.pogotowieflagowe.pl\/aktualne\/storm-herminia-side-havoc-w-portugalii-pozostawiajac-jednego-zmarlego-i-kilku-rannych\/#article\",\"isPartOf\":{\"@id\":\"https:\/\/www.pogotowieflagowe.pl\/aktualne\/storm-herminia-side-havoc-w-portugalii-pozostawiajac-jednego-zmarlego-i-kilku-rannych\/\"},\"author\":{\"name\":\"Filip\",\"@id\":\"https:\/\/www.pogotowieflagowe.pl\/aktualne\/#\/schema\/person\/9c2fb7d2362ebf6fa088960d7f0d27b0\"},\"headline\":\"Storm Herminia Side Havoc w Portugalii, pozostawiaj\u0105c jednego zmar\u0142ego i kilku rannych\",\"datePublished\":\"2025-01-28T09:47:03+00:00\",\"dateModified\":\"2025-01-28T09:47:06+00:00\",\"mainEntityOfPage\":{\"@id\":\"https:\/\/www.pogotowieflagowe.pl\/aktualne\/storm-herminia-side-havoc-w-portugalii-pozostawiajac-jednego-zmarlego-i-kilku-rannych\/\"},\"wordCount\":285,\"publisher\":{\"@id\":\"https:\/\/www.pogotowieflagowe.pl\/aktualne\/#organization\"},\"image\":{\"@id\":\"https:\/\/www.pogotowieflagowe.pl\/aktualne\/storm-herminia-side-havoc-w-portugalii-pozostawiajac-jednego-zmarlego-i-kilku-rannych\/#primaryimage\"},\"thumbnailUrl\":\"https:\/\/www.pogotowieflagowe.pl\/aktualne\/wp-content\/uploads\/2025\/01\/Storm-Herminia-Side-Havoc-w-Portugalii-pozostawiajac-jednego-zmarlego-i.jpg\",\"keywords\":[\"Havoc\",\"Herminia\",\"jednego\",\"kilku\",\"Portugalii\",\"pozostawiaj\u0105c\",\"rannych\",\"Side\",\"Storm\",\"zmar\u0142ego\"],\"articleSection\":[\"Aktualne\"],\"inLanguage\":\"pl-PL\"},{\"@type\":\"WebPage\",\"@id\":\"https:\/\/www.pogotowieflagowe.pl\/aktualne\/storm-herminia-side-havoc-w-portugalii-pozostawiajac-jednego-zmarlego-i-kilku-rannych\/\",\"url\":\"https:\/\/www.pogotowieflagowe.pl\/aktualne\/storm-herminia-side-havoc-w-portugalii-pozostawiajac-jednego-zmarlego-i-kilku-rannych\/\",\"name\":\"Storm Herminia Side Havoc w Portugalii, pozostawiaj\u0105c jednego zmar\u0142ego i kilku rannych - POGOTOWIE FLAGOWE\u00ae\",\"isPartOf\":{\"@id\":\"https:\/\/www.pogotowieflagowe.pl\/aktualne\/#website\"},\"primaryImageOfPage\":{\"@id\":\"https:\/\/www.pogotowieflagowe.pl\/aktualne\/storm-herminia-side-havoc-w-portugalii-pozostawiajac-jednego-zmarlego-i-kilku-rannych\/#primaryimage\"},\"image\":{\"@id\":\"https:\/\/www.pogotowieflagowe.pl\/aktualne\/storm-herminia-side-havoc-w-portugalii-pozostawiajac-jednego-zmarlego-i-kilku-rannych\/#primaryimage\"},\"thumbnailUrl\":\"https:\/\/www.pogotowieflagowe.pl\/aktualne\/wp-content\/uploads\/2025\/01\/Storm-Herminia-Side-Havoc-w-Portugalii-pozostawiajac-jednego-zmarlego-i.jpg\",\"datePublished\":\"2025-01-28T09:47:03+00:00\",\"dateModified\":\"2025-01-28T09:47:06+00:00\",\"breadcrumb\":{\"@id\":\"https:\/\/www.pogotowieflagowe.pl\/aktualne\/storm-herminia-side-havoc-w-portugalii-pozostawiajac-jednego-zmarlego-i-kilku-rannych\/#breadcrumb\"},\"inLanguage\":\"pl-PL\",\"potentialAction\":[{\"@type\":\"ReadAction\",\"target\":[\"https:\/\/www.pogotowieflagowe.pl\/aktualne\/storm-herminia-side-havoc-w-portugalii-pozostawiajac-jednego-zmarlego-i-kilku-rannych\/\"]}]},{\"@type\":\"ImageObject\",\"inLanguage\":\"pl-PL\",\"@id\":\"https:\/\/www.pogotowieflagowe.pl\/aktualne\/storm-herminia-side-havoc-w-portugalii-pozostawiajac-jednego-zmarlego-i-kilku-rannych\/#primaryimage\",\"url\":\"https:\/\/www.pogotowieflagowe.pl\/aktualne\/wp-content\/uploads\/2025\/01\/Storm-Herminia-Side-Havoc-w-Portugalii-pozostawiajac-jednego-zmarlego-i.jpg\",\"contentUrl\":\"https:\/\/www.pogotowieflagowe.pl\/aktualne\/wp-content\/uploads\/2025\/01\/Storm-Herminia-Side-Havoc-w-Portugalii-pozostawiajac-jednego-zmarlego-i.jpg\",\"width\":1895,\"height\":893,\"caption\":\"Storm Herminia Side Havoc w Portugalii, pozostawiaj\u0105c jednego zmar\u0142ego i kilku rannych\"},{\"@type\":\"BreadcrumbList\",\"@id\":\"https:\/\/www.pogotowieflagowe.pl\/aktualne\/storm-herminia-side-havoc-w-portugalii-pozostawiajac-jednego-zmarlego-i-kilku-rannych\/#breadcrumb\",\"itemListElement\":[{\"@type\":\"ListItem\",\"position\":1,\"name\":\"Home\",\"item\":\"https:\/\/www.pogotowieflagowe.pl\/aktualne\/\"},{\"@type\":\"ListItem\",\"position\":2,\"name\":\"Storm Herminia Side Havoc w Portugalii, pozostawiaj\u0105c jednego zmar\u0142ego i kilku rannych\"}]},{\"@type\":\"WebSite\",\"@id\":\"https:\/\/www.pogotowieflagowe.pl\/aktualne\/#website\",\"url\":\"https:\/\/www.pogotowieflagowe.pl\/aktualne\/\",\"name\":\"POGOTOWIE FLAGOWE\u00ae\",\"description\":\"\",\"publisher\":{\"@id\":\"https:\/\/www.pogotowieflagowe.pl\/aktualne\/#organization\"},\"potentialAction\":[{\"@type\":\"SearchAction\",\"target\":{\"@type\":\"EntryPoint\",\"urlTemplate\":\"https:\/\/www.pogotowieflagowe.pl\/aktualne\/?s={search_term_string}\"},\"query-input\":\"required name=search_term_string\"}],\"inLanguage\":\"pl-PL\"},{\"@type\":\"Organization\",\"@id\":\"https:\/\/www.pogotowieflagowe.pl\/aktualne\/#organization\",\"name\":\"POGOTOWIE FLAGOWE\u00ae\",\"url\":\"https:\/\/www.pogotowieflagowe.pl\/aktualne\/\",\"logo\":{\"@type\":\"ImageObject\",\"inLanguage\":\"pl-PL\",\"@id\":\"https:\/\/www.pogotowieflagowe.pl\/aktualne\/#\/schema\/logo\/image\/\",\"url\":\"https:\/\/www.pogotowieflagowe.pl\/aktualne\/wp-content\/uploads\/2024\/08\/cropped-pogotowieflagowe_flaga_projekt_sm.jpg\",\"contentUrl\":\"https:\/\/www.pogotowieflagowe.pl\/aktualne\/wp-content\/uploads\/2024\/08\/cropped-pogotowieflagowe_flaga_projekt_sm.jpg\",\"width\":250,\"height\":143,\"caption\":\"POGOTOWIE FLAGOWE\u00ae\"},\"image\":{\"@id\":\"https:\/\/www.pogotowieflagowe.pl\/aktualne\/#\/schema\/logo\/image\/\"}},{\"@type\":\"Person\",\"@id\":\"https:\/\/www.pogotowieflagowe.pl\/aktualne\/#\/schema\/person\/9c2fb7d2362ebf6fa088960d7f0d27b0\",\"name\":\"Filip\",\"image\":{\"@type\":\"ImageObject\",\"inLanguage\":\"pl-PL\",\"@id\":\"https:\/\/www.pogotowieflagowe.pl\/aktualne\/#\/schema\/person\/image\/\",\"url\":\"https:\/\/www.pogotowieflagowe.pl\/aktualne\/wp-content\/uploads\/2024\/08\/pogotowieflagowe.pl_.jpg\",\"contentUrl\":\"https:\/\/www.pogotowieflagowe.pl\/aktualne\/wp-content\/uploads\/2024\/08\/pogotowieflagowe.pl_.jpg\",\"caption\":\"Filip\"},\"description\":\"Jestem Filip, polski dziennikarz z dyplomem nauk politycznych Uniwersytetu Warszawskiego. Rozpoczynaj\u0105c swoj\u0105 karier\u0119 w r\u00f3\u017cnych lokalnych mediach, zdoby\u0142em solidne do\u015bwiadczenie w zakresie \u015bledztwa i redakcji. Obecnie jako redaktor w Pogotowie flagowe, staram si\u0119 dostarcza\u0107 dog\u0142\u0119bne i istotne analizy na temat najwa\u017cniejszych kwestii aktualno\u015bci, \u0142\u0105cz\u0105c rygor z pasj\u0105 dziennikarsk\u0105.\",\"sameAs\":[\"https:\/\/www.pogotowieflagowe.pl\/\"]}]}<\/script>\n<!-- \/ Yoast SEO plugin. -->","yoast_head_json":{"title":"Storm Herminia Side Havoc w Portugalii, pozostawiaj\u0105c jednego zmar\u0142ego i kilku rannych - POGOTOWIE FLAGOWE\u00ae","robots":{"index":"index","follow":"follow","max-snippet":"max-snippet:-1","max-image-preview":"max-image-preview:large","max-video-preview":"max-video-preview:-1"},"canonical":"https:\/\/www.pogotowieflagowe.pl\/aktualne\/storm-herminia-side-havoc-w-portugalii-pozostawiajac-jednego-zmarlego-i-kilku-rannych\/","og_locale":"pl_PL","og_type":"article","og_title":"Storm Herminia Side Havoc w Portugalii, pozostawiaj\u0105c jednego zmar\u0142ego i kilku rannych - POGOTOWIE FLAGOWE\u00ae","og_description":"Storm Herminia spustoszyp portugal, powoduj\u0105c jedn\u0105 \u015bmier\u0107 i cztery obra\u017cenia. Silne wiatry, powodzie i 10-metrowe fale zak\u0142\u00f3caj\u0105 porty transportu i","og_url":"https:\/\/www.pogotowieflagowe.pl\/aktualne\/storm-herminia-side-havoc-w-portugalii-pozostawiajac-jednego-zmarlego-i-kilku-rannych\/","og_site_name":"POGOTOWIE FLAGOWE\u00ae","article_published_time":"2025-01-28T09:47:03+00:00","article_modified_time":"2025-01-28T09:47:06+00:00","og_image":[{"width":1895,"height":893,"url":"https:\/\/www.pogotowieflagowe.pl\/aktualne\/wp-content\/uploads\/2025\/01\/Storm-Herminia-Side-Havoc-w-Portugalii-pozostawiajac-jednego-zmarlego-i.jpg","type":"image\/jpeg"}],"author":"Filip","twitter_card":"summary_large_image","twitter_misc":{"Napisane przez":"Filip","Szacowany czas czytania":"1 minuta"},"schema":{"@context":"https:\/\/schema.org","@graph":[{"@type":"Article","@id":"https:\/\/www.pogotowieflagowe.pl\/aktualne\/storm-herminia-side-havoc-w-portugalii-pozostawiajac-jednego-zmarlego-i-kilku-rannych\/#article","isPartOf":{"@id":"https:\/\/www.pogotowieflagowe.pl\/aktualne\/storm-herminia-side-havoc-w-portugalii-pozostawiajac-jednego-zmarlego-i-kilku-rannych\/"},"author":{"name":"Filip","@id":"https:\/\/www.pogotowieflagowe.pl\/aktualne\/#\/schema\/person\/9c2fb7d2362ebf6fa088960d7f0d27b0"},"headline":"Storm Herminia Side Havoc w Portugalii, pozostawiaj\u0105c jednego zmar\u0142ego i kilku rannych","datePublished":"2025-01-28T09:47:03+00:00","dateModified":"2025-01-28T09:47:06+00:00","mainEntityOfPage":{"@id":"https:\/\/www.pogotowieflagowe.pl\/aktualne\/storm-herminia-side-havoc-w-portugalii-pozostawiajac-jednego-zmarlego-i-kilku-rannych\/"},"wordCount":285,"publisher":{"@id":"https:\/\/www.pogotowieflagowe.pl\/aktualne\/#organization"},"image":{"@id":"https:\/\/www.pogotowieflagowe.pl\/aktualne\/storm-herminia-side-havoc-w-portugalii-pozostawiajac-jednego-zmarlego-i-kilku-rannych\/#primaryimage"},"thumbnailUrl":"https:\/\/www.pogotowieflagowe.pl\/aktualne\/wp-content\/uploads\/2025\/01\/Storm-Herminia-Side-Havoc-w-Portugalii-pozostawiajac-jednego-zmarlego-i.jpg","keywords":["Havoc","Herminia","jednego","kilku","Portugalii","pozostawiaj\u0105c","rannych","Side","Storm","zmar\u0142ego"],"articleSection":["Aktualne"],"inLanguage":"pl-PL"},{"@type":"WebPage","@id":"https:\/\/www.pogotowieflagowe.pl\/aktualne\/storm-herminia-side-havoc-w-portugalii-pozostawiajac-jednego-zmarlego-i-kilku-rannych\/","url":"https:\/\/www.pogotowieflagowe.pl\/aktualne\/storm-herminia-side-havoc-w-portugalii-pozostawiajac-jednego-zmarlego-i-kilku-rannych\/","name":"Storm Herminia Side Havoc w Portugalii, pozostawiaj\u0105c jednego zmar\u0142ego i kilku rannych - POGOTOWIE FLAGOWE\u00ae","isPartOf":{"@id":"https:\/\/www.pogotowieflagowe.pl\/aktualne\/#website"},"primaryImageOfPage":{"@id":"https:\/\/www.pogotowieflagowe.pl\/aktualne\/storm-herminia-side-havoc-w-portugalii-pozostawiajac-jednego-zmarlego-i-kilku-rannych\/#primaryimage"},"image":{"@id":"https:\/\/www.pogotowieflagowe.pl\/aktualne\/storm-herminia-side-havoc-w-portugalii-pozostawiajac-jednego-zmarlego-i-kilku-rannych\/#primaryimage"},"thumbnailUrl":"https:\/\/www.pogotowieflagowe.pl\/aktualne\/wp-content\/uploads\/2025\/01\/Storm-Herminia-Side-Havoc-w-Portugalii-pozostawiajac-jednego-zmarlego-i.jpg","datePublished":"2025-01-28T09:47:03+00:00","dateModified":"2025-01-28T09:47:06+00:00","breadcrumb":{"@id":"https:\/\/www.pogotowieflagowe.pl\/aktualne\/storm-herminia-side-havoc-w-portugalii-pozostawiajac-jednego-zmarlego-i-kilku-rannych\/#breadcrumb"},"inLanguage":"pl-PL","potentialAction":[{"@type":"ReadAction","target":["https:\/\/www.pogotowieflagowe.pl\/aktualne\/storm-herminia-side-havoc-w-portugalii-pozostawiajac-jednego-zmarlego-i-kilku-rannych\/"]}]},{"@type":"ImageObject","inLanguage":"pl-PL","@id":"https:\/\/www.pogotowieflagowe.pl\/aktualne\/storm-herminia-side-havoc-w-portugalii-pozostawiajac-jednego-zmarlego-i-kilku-rannych\/#primaryimage","url":"https:\/\/www.pogotowieflagowe.pl\/aktualne\/wp-content\/uploads\/2025\/01\/Storm-Herminia-Side-Havoc-w-Portugalii-pozostawiajac-jednego-zmarlego-i.jpg","contentUrl":"https:\/\/www.pogotowieflagowe.pl\/aktualne\/wp-content\/uploads\/2025\/01\/Storm-Herminia-Side-Havoc-w-Portugalii-pozostawiajac-jednego-zmarlego-i.jpg","width":1895,"height":893,"caption":"Storm Herminia Side Havoc w Portugalii, pozostawiaj\u0105c jednego zmar\u0142ego i kilku rannych"},{"@type":"BreadcrumbList","@id":"https:\/\/www.pogotowieflagowe.pl\/aktualne\/storm-herminia-side-havoc-w-portugalii-pozostawiajac-jednego-zmarlego-i-kilku-rannych\/#breadcrumb","itemListElement":[{"@type":"ListItem","position":1,"name":"Home","item":"https:\/\/www.pogotowieflagowe.pl\/aktualne\/"},{"@type":"ListItem","position":2,"name":"Storm Herminia Side Havoc w Portugalii, pozostawiaj\u0105c jednego zmar\u0142ego i kilku rannych"}]},{"@type":"WebSite","@id":"https:\/\/www.pogotowieflagowe.pl\/aktualne\/#website","url":"https:\/\/www.pogotowieflagowe.pl\/aktualne\/","name":"POGOTOWIE FLAGOWE\u00ae","description":"","publisher":{"@id":"https:\/\/www.pogotowieflagowe.pl\/aktualne\/#organization"},"potentialAction":[{"@type":"SearchAction","target":{"@type":"EntryPoint","urlTemplate":"https:\/\/www.pogotowieflagowe.pl\/aktualne\/?s={search_term_string}"},"query-input":"required name=search_term_string"}],"inLanguage":"pl-PL"},{"@type":"Organization","@id":"https:\/\/www.pogotowieflagowe.pl\/aktualne\/#organization","name":"POGOTOWIE FLAGOWE\u00ae","url":"https:\/\/www.pogotowieflagowe.pl\/aktualne\/","logo":{"@type":"ImageObject","inLanguage":"pl-PL","@id":"https:\/\/www.pogotowieflagowe.pl\/aktualne\/#\/schema\/logo\/image\/","url":"https:\/\/www.pogotowieflagowe.pl\/aktualne\/wp-content\/uploads\/2024\/08\/cropped-pogotowieflagowe_flaga_projekt_sm.jpg","contentUrl":"https:\/\/www.pogotowieflagowe.pl\/aktualne\/wp-content\/uploads\/2024\/08\/cropped-pogotowieflagowe_flaga_projekt_sm.jpg","width":250,"height":143,"caption":"POGOTOWIE FLAGOWE\u00ae"},"image":{"@id":"https:\/\/www.pogotowieflagowe.pl\/aktualne\/#\/schema\/logo\/image\/"}},{"@type":"Person","@id":"https:\/\/www.pogotowieflagowe.pl\/aktualne\/#\/schema\/person\/9c2fb7d2362ebf6fa088960d7f0d27b0","name":"Filip","image":{"@type":"ImageObject","inLanguage":"pl-PL","@id":"https:\/\/www.pogotowieflagowe.pl\/aktualne\/#\/schema\/person\/image\/","url":"https:\/\/www.pogotowieflagowe.pl\/aktualne\/wp-content\/uploads\/2024\/08\/pogotowieflagowe.pl_.jpg","contentUrl":"https:\/\/www.pogotowieflagowe.pl\/aktualne\/wp-content\/uploads\/2024\/08\/pogotowieflagowe.pl_.jpg","caption":"Filip"},"description":"Jestem Filip, polski dziennikarz z dyplomem nauk politycznych Uniwersytetu Warszawskiego. Rozpoczynaj\u0105c swoj\u0105 karier\u0119 w r\u00f3\u017cnych lokalnych mediach, zdoby\u0142em solidne do\u015bwiadczenie w zakresie \u015bledztwa i redakcji. Obecnie jako redaktor w Pogotowie flagowe, staram si\u0119 dostarcza\u0107 dog\u0142\u0119bne i istotne analizy na temat najwa\u017cniejszych kwestii aktualno\u015bci, \u0142\u0105cz\u0105c rygor z pasj\u0105 dziennikarsk\u0105.","sameAs":["https:\/\/www.pogotowieflagowe.pl\/"]}]}},"_links":{"self":[{"href":"https:\/\/www.pogotowieflagowe.pl\/aktualne\/wp-json\/wp\/v2\/posts\/3486","targetHints":{"allow":["GET"]}}],"collection":[{"href":"https:\/\/www.pogotowieflagowe.pl\/aktualne\/wp-json\/wp\/v2\/posts"}],"about":[{"href":"https:\/\/www.pogotowieflagowe.pl\/aktualne\/wp-json\/wp\/v2\/types\/post"}],"author":[{"embeddable":true,"href":"https:\/\/www.pogotowieflagowe.pl\/aktualne\/wp-json\/wp\/v2\/users\/1"}],"replies":[{"embeddable":true,"href":"https:\/\/www.pogotowieflagowe.pl\/aktualne\/wp-json\/wp\/v2\/comments?post=3486"}],"version-history":[{"count":1,"href":"https:\/\/www.pogotowieflagowe.pl\/aktualne\/wp-json\/wp\/v2\/posts\/3486\/revisions"}],"predecessor-version":[{"id":3488,"href":"https:\/\/www.pogotowieflagowe.pl\/aktualne\/wp-json\/wp\/v2\/posts\/3486\/revisions\/3488"}],"wp:featuredmedia":[{"embeddable":true,"href":"https:\/\/www.pogotowieflagowe.pl\/aktualne\/wp-json\/wp\/v2\/media\/3487"}],"wp:attachment":[{"href":"https:\/\/www.pogotowieflagowe.pl\/aktualne\/wp-json\/wp\/v2\/media?parent=3486"}],"wp:term":[{"taxonomy":"category","embeddable":true,"href":"https:\/\/www.pogotowieflagowe.pl\/aktualne\/wp-json\/wp\/v2\/categories?post=3486"},{"taxonomy":"post_tag","embeddable":true,"href":"https:\/\/www.pogotowieflagowe.pl\/aktualne\/wp-json\/wp\/v2\/tags?post=3486"}],"curies":[{"name":"wp","href":"https:\/\/api.w.org\/{rel}","templated":true}]}}