{"id":3513,"date":"2025-01-29T04:46:57","date_gmt":"2025-01-29T03:46:57","guid":{"rendered":"https:\/\/www.pogotowieflagowe.pl\/aktualne\/minister-w-rzadzie-tuska-polscy-nazisci-zbudowali-obozy-smierci\/"},"modified":"2025-01-29T04:46:57","modified_gmt":"2025-01-29T03:46:57","slug":"minister-w-rzadzie-tuska-polscy-nazisci-zbudowali-obozy-smierci","status":"publish","type":"post","link":"https:\/\/www.pogotowieflagowe.pl\/aktualne\/minister-w-rzadzie-tuska-polscy-nazisci-zbudowali-obozy-smierci\/","title":{"rendered":"Minister w rz\u0105dzie Tuska: \u201ePolscy nazi\u015bci zbudowali obozy \u015bmierci\u201d"},"content":{"rendered":"\n<div class=\"td_block_wrap tdb_single_content tdi_41 td-pb-border-top td_block_template_8 td-post-content tagdiv-type\" data-td-block-uid=\"tdi_41\">\n<style>.tdi_41 {margin-top: 0px! Wa\u017cne; margines-bottom: 0px! WA\u017bNY; PALDING-TOP: 0PX! WA\u017bNY; PALDING-BOTTOM: 0PX! WA\u017bNE}<\/style>\n<style>.tdb_single_content {margin-bottom: 0;*zoom: 1} .tdb_single_content: wcze\u015bniej, .tdb_single_content: po {display: Table; content: ''; line-height: 0} .TDB-BLOCK-INner>*: nie (.WP-BLOCK-QUOTE): NOT (.Alignwide): not (.alignfull.wp-block-cover.has-parallax): not (.td-a-ad) {margin-left: auto; margin-right: auto} .tdb_single_content a {wska\u017anik-events: auto} .tdb_single_content .td-spot-id-top_ad .tdc-placeholder-title: przed {content: 'top ad'! Wa\u017cne} .tdb_single_content .td-spot-id-inline_ad0 .tdc-miejsce-title: przed {content: \u201eArtyku\u0142 inline AD 1 '! Wa\u017cne} .tdb_single_content. {content: 'Artyku\u0142 inline AD 2'! Wa\u017cny} .tdb_single_content .td-spot-inline_ad2 .tdc-miejsce-title: przed {content: 'Artyku\u0142 inline AD 3'! Wa\u017cny} .tdb_single_content .td-spot-id-id -Bottom_Ad .tdc-Placeholder-Title: przed {content: 'artyku\u0142 dolny ad'! Wa\u017cne} .tdb_single_content .id_top_ad, .tdb_single_content .id_bottom_ad {clear: obu; margin-bottom: 21px; text -align: Center} .tdb_single_content. id_top_ad IMG, .tdb_single_content .id_bottom_ad Img {margin-bottom: 0} .tdb_single_content .id_top_ad .adsbyGoogle, .tdb_single_content .id_bottom_ad .adsbyGoogle , .tdb_single_content .id_ad_content-horiz-right , .tdb_single_content .id_ad_content-horiz-Center {margin-bottom: 15px} .tdb_single_content .id_content-horiz-left Img, .tdb_single_content .id_ad_content-horiz-right Gin-Bottom: 0 { lewy; margine-top: 9px; margin-right: 21px} .tdb_single_content .id_ad_content-horiz-right {float: right; margin-top: 6px; margin-left: 21px} .tdb_single_content .tdc-a-ad .tdc--- Umak zast\u0119puj\u0105cy {szeroko\u015b\u0107: 300px; height: 250px} .tdb_single_content .tdc-a-ad .tdc-miejsce-title: przed {pozycja: Absolute; top: 50%;-WebKit-Transform: t\u0142umaczenie (-50%); Transform: Translatey (-50%); margines: auto; display: tabela; szeroko\u015b\u0107: 100%} > P, .tdi_41 .tdb-block-inner> p {font-size: 16px! Wa\u017cne; linia-height: 1.6! Wa\u017cne} .tdi_41 .tdb-block-inner blokote p {font-styl: Normal! Media (Max-Width: 767px) {. tdb_single_content .id_ad_content-horiz-left, .tdb_single_content .id_ad_content-horiz-right, .tdb_single_content .id_ad_content-horiz-center {margin: 0 auto 26px auto}}}@media (MAXID. : 767px) {. Tdb_single_content .id_ad_content-horiz-left {margin-right: 0}}@media (Max-Width: 767px) {. -Width: 767px) {. tdb_single_content .td-a-ad {float: none; text-align: Center} .tdb_single_content .td-a-ad img {margin-right: auto; margin-left: auto} .tdb_single_content. tdc-a-ad {float: none}}<\/style>\n<div class=\"tdb-block-inner td-fix-index\">\n<p>Barbara Nowacka, minister edukacji narodowej w rz\u0105dzie Donalda Tuska, spowodowa\u0142a kontrowersje podczas mi\u0119dzynarodowej konferencji z okazji 80. rocznicy wyzwolenia niemieckiego obozu nazistowskiego i eksterminacji Auschwitz-Birkenau. W swoim przem\u00f3wieniu odnosi\u0142a si\u0119 do \u201epolskich nazist\u00f3w\u201d, o\u015bwiadczenia, kt\u00f3re wywo\u0142a\u0142o oburzenie online i w\u015br\u00f3d historyk\u00f3w.<\/p>\n<p>Krytycy szybko przypominali Nowacki, \u017ce to nazistowskie Niemcy by\u0142y agresorem i sprawc\u0105 okrucie\u0144stw, podczas gdy Pola, wraz z \u017bydami, byli w\u015br\u00f3d tych, kt\u00f3rzy najbardziej ucierpali w Auschwitz.<\/p>\n<p>Wyra\u017cenie u\u017cywane przez Nowack\u0119 podczas tak znacz\u0105cego i uroczystego wydarzenia pozostawi\u0142o wielu zdziwionych, staraj\u0105c si\u0119 znale\u017a\u0107 racjonalne wyja\u015bnienie jej s\u0142\u00f3w. W obliczu powszechnego luzu, Nowacka przeprosi\u0142 p\u00f3\u017aniej za to, co opisa\u0142a jako \u201epo\u015blizg j\u0119zyka\u201d, wyja\u015bniaj\u0105c, \u017ce b\u0142\u0119dnie pomija\u0142a, wspominaj\u0105c o \u201epolskich nazistach, kt\u00f3rzy zbudowali obozy \u015bmierci na terytorium okupowanym przez Niemcy\u201d. Jednak jej uwagi nadal podsycaj\u0105 gor\u0105c\u0105 debat\u0119 i krytyk\u0119.<\/p>\n<\/div>\n<\/div>\n","protected":false},"excerpt":{"rendered":"<p>Barbara Nowacka, minister edukacji narodowej w rz\u0105dzie Donalda Tuska, spowodowa\u0142a kontrowersje podczas mi\u0119dzynarodowej konferencji z okazji 80. rocznicy wyzwolenia niemieckiego<\/p>\n","protected":false},"author":1,"featured_media":1660,"comment_status":"closed","ping_status":"","sticky":false,"template":"","format":"standard","meta":{"footnotes":""},"categories":[4748],"tags":[187,5011,5013,177,5010,2427,567,5012],"class_list":["post-3513","post","type-post","status-publish","format-standard","has-post-thumbnail","hentry","category-aktualne","tag-minister","tag-nazisci","tag-obozy","tag-polscy","tag-rzadzie","tag-smierci","tag-tuska","tag-zbudowali","generate-columns","tablet-grid-50","mobile-grid-100","grid-parent","grid-50","resize-featured-image"],"yoast_head":"<!-- This site is optimized with the Yoast SEO plugin v23.2 - https:\/\/yoast.com\/wordpress\/plugins\/seo\/ -->\n<title>Minister w rz\u0105dzie Tuska: \u201ePolscy nazi\u015bci zbudowali obozy \u015bmierci\u201d - POGOTOWIE FLAGOWE\u00ae<\/title>\n<meta name=\"robots\" content=\"index, follow, max-snippet:-1, max-image-preview:large, max-video-preview:-1\" \/>\n<link rel=\"canonical\" href=\"https:\/\/www.pogotowieflagowe.pl\/aktualne\/minister-w-rzadzie-tuska-polscy-nazisci-zbudowali-obozy-smierci\/\" \/>\n<meta property=\"og:locale\" content=\"pl_PL\" \/>\n<meta property=\"og:type\" content=\"article\" \/>\n<meta property=\"og:title\" content=\"Minister w rz\u0105dzie Tuska: \u201ePolscy nazi\u015bci zbudowali obozy \u015bmierci\u201d - POGOTOWIE FLAGOWE\u00ae\" \/>\n<meta property=\"og:description\" content=\"Barbara Nowacka, minister edukacji narodowej w rz\u0105dzie Donalda Tuska, spowodowa\u0142a kontrowersje podczas mi\u0119dzynarodowej konferencji z okazji 80. rocznicy wyzwolenia niemieckiego\" \/>\n<meta property=\"og:url\" content=\"https:\/\/www.pogotowieflagowe.pl\/aktualne\/minister-w-rzadzie-tuska-polscy-nazisci-zbudowali-obozy-smierci\/\" \/>\n<meta property=\"og:site_name\" content=\"POGOTOWIE FLAGOWE\u00ae\" \/>\n<meta property=\"article:published_time\" content=\"2025-01-29T03:46:57+00:00\" \/>\n<meta property=\"og:image\" content=\"https:\/\/www.pogotowieflagowe.pl\/aktualne\/wp-content\/uploads\/2024\/11\/Rodzice-i-nauczyciele-wsciekli-po-zakazie-odrabiania-zadan-domowych-przez.jpg\" \/>\n\t<meta property=\"og:image:width\" content=\"1064\" \/>\n\t<meta property=\"og:image:height\" content=\"600\" \/>\n\t<meta property=\"og:image:type\" content=\"image\/jpeg\" \/>\n<meta name=\"author\" content=\"Filip\" \/>\n<meta name=\"twitter:card\" content=\"summary_large_image\" \/>\n<meta name=\"twitter:label1\" content=\"Napisane przez\" \/>\n\t<meta name=\"twitter:data1\" content=\"Filip\" \/>\n\t<meta name=\"twitter:label2\" content=\"Szacowany czas czytania\" \/>\n\t<meta name=\"twitter:data2\" content=\"1 minuta\" \/>\n<script type=\"application\/ld+json\" class=\"yoast-schema-graph\">{\"@context\":\"https:\/\/schema.org\",\"@graph\":[{\"@type\":\"Article\",\"@id\":\"https:\/\/www.pogotowieflagowe.pl\/aktualne\/minister-w-rzadzie-tuska-polscy-nazisci-zbudowali-obozy-smierci\/#article\",\"isPartOf\":{\"@id\":\"https:\/\/www.pogotowieflagowe.pl\/aktualne\/minister-w-rzadzie-tuska-polscy-nazisci-zbudowali-obozy-smierci\/\"},\"author\":{\"name\":\"Filip\",\"@id\":\"https:\/\/www.pogotowieflagowe.pl\/aktualne\/#\/schema\/person\/9c2fb7d2362ebf6fa088960d7f0d27b0\"},\"headline\":\"Minister w rz\u0105dzie Tuska: \u201ePolscy nazi\u015bci zbudowali obozy \u015bmierci\u201d\",\"datePublished\":\"2025-01-29T03:46:57+00:00\",\"dateModified\":\"2025-01-29T03:46:57+00:00\",\"mainEntityOfPage\":{\"@id\":\"https:\/\/www.pogotowieflagowe.pl\/aktualne\/minister-w-rzadzie-tuska-polscy-nazisci-zbudowali-obozy-smierci\/\"},\"wordCount\":174,\"publisher\":{\"@id\":\"https:\/\/www.pogotowieflagowe.pl\/aktualne\/#organization\"},\"image\":{\"@id\":\"https:\/\/www.pogotowieflagowe.pl\/aktualne\/minister-w-rzadzie-tuska-polscy-nazisci-zbudowali-obozy-smierci\/#primaryimage\"},\"thumbnailUrl\":\"https:\/\/www.pogotowieflagowe.pl\/aktualne\/wp-content\/uploads\/2024\/11\/Rodzice-i-nauczyciele-wsciekli-po-zakazie-odrabiania-zadan-domowych-przez.jpg\",\"keywords\":[\"minister\",\"nazi\u015bci\",\"obozy\",\"Polscy\",\"rz\u0105dzie\",\"\u015bmierci\",\"Tuska\",\"zbudowali\"],\"articleSection\":[\"Aktualne\"],\"inLanguage\":\"pl-PL\"},{\"@type\":\"WebPage\",\"@id\":\"https:\/\/www.pogotowieflagowe.pl\/aktualne\/minister-w-rzadzie-tuska-polscy-nazisci-zbudowali-obozy-smierci\/\",\"url\":\"https:\/\/www.pogotowieflagowe.pl\/aktualne\/minister-w-rzadzie-tuska-polscy-nazisci-zbudowali-obozy-smierci\/\",\"name\":\"Minister w rz\u0105dzie Tuska: \u201ePolscy nazi\u015bci zbudowali obozy \u015bmierci\u201d - POGOTOWIE FLAGOWE\u00ae\",\"isPartOf\":{\"@id\":\"https:\/\/www.pogotowieflagowe.pl\/aktualne\/#website\"},\"primaryImageOfPage\":{\"@id\":\"https:\/\/www.pogotowieflagowe.pl\/aktualne\/minister-w-rzadzie-tuska-polscy-nazisci-zbudowali-obozy-smierci\/#primaryimage\"},\"image\":{\"@id\":\"https:\/\/www.pogotowieflagowe.pl\/aktualne\/minister-w-rzadzie-tuska-polscy-nazisci-zbudowali-obozy-smierci\/#primaryimage\"},\"thumbnailUrl\":\"https:\/\/www.pogotowieflagowe.pl\/aktualne\/wp-content\/uploads\/2024\/11\/Rodzice-i-nauczyciele-wsciekli-po-zakazie-odrabiania-zadan-domowych-przez.jpg\",\"datePublished\":\"2025-01-29T03:46:57+00:00\",\"dateModified\":\"2025-01-29T03:46:57+00:00\",\"breadcrumb\":{\"@id\":\"https:\/\/www.pogotowieflagowe.pl\/aktualne\/minister-w-rzadzie-tuska-polscy-nazisci-zbudowali-obozy-smierci\/#breadcrumb\"},\"inLanguage\":\"pl-PL\",\"potentialAction\":[{\"@type\":\"ReadAction\",\"target\":[\"https:\/\/www.pogotowieflagowe.pl\/aktualne\/minister-w-rzadzie-tuska-polscy-nazisci-zbudowali-obozy-smierci\/\"]}]},{\"@type\":\"ImageObject\",\"inLanguage\":\"pl-PL\",\"@id\":\"https:\/\/www.pogotowieflagowe.pl\/aktualne\/minister-w-rzadzie-tuska-polscy-nazisci-zbudowali-obozy-smierci\/#primaryimage\",\"url\":\"https:\/\/www.pogotowieflagowe.pl\/aktualne\/wp-content\/uploads\/2024\/11\/Rodzice-i-nauczyciele-wsciekli-po-zakazie-odrabiania-zadan-domowych-przez.jpg\",\"contentUrl\":\"https:\/\/www.pogotowieflagowe.pl\/aktualne\/wp-content\/uploads\/2024\/11\/Rodzice-i-nauczyciele-wsciekli-po-zakazie-odrabiania-zadan-domowych-przez.jpg\",\"width\":1064,\"height\":600,\"caption\":\"Rodzice i nauczyciele w\u015bciekli po zakazie odrabiania zada\u0144 domowych przez minister Nowack\u0105\"},{\"@type\":\"BreadcrumbList\",\"@id\":\"https:\/\/www.pogotowieflagowe.pl\/aktualne\/minister-w-rzadzie-tuska-polscy-nazisci-zbudowali-obozy-smierci\/#breadcrumb\",\"itemListElement\":[{\"@type\":\"ListItem\",\"position\":1,\"name\":\"Home\",\"item\":\"https:\/\/www.pogotowieflagowe.pl\/aktualne\/\"},{\"@type\":\"ListItem\",\"position\":2,\"name\":\"Minister w rz\u0105dzie Tuska: \u201ePolscy nazi\u015bci zbudowali obozy \u015bmierci\u201d\"}]},{\"@type\":\"WebSite\",\"@id\":\"https:\/\/www.pogotowieflagowe.pl\/aktualne\/#website\",\"url\":\"https:\/\/www.pogotowieflagowe.pl\/aktualne\/\",\"name\":\"POGOTOWIE FLAGOWE\u00ae\",\"description\":\"\",\"publisher\":{\"@id\":\"https:\/\/www.pogotowieflagowe.pl\/aktualne\/#organization\"},\"potentialAction\":[{\"@type\":\"SearchAction\",\"target\":{\"@type\":\"EntryPoint\",\"urlTemplate\":\"https:\/\/www.pogotowieflagowe.pl\/aktualne\/?s={search_term_string}\"},\"query-input\":\"required name=search_term_string\"}],\"inLanguage\":\"pl-PL\"},{\"@type\":\"Organization\",\"@id\":\"https:\/\/www.pogotowieflagowe.pl\/aktualne\/#organization\",\"name\":\"POGOTOWIE FLAGOWE\u00ae\",\"url\":\"https:\/\/www.pogotowieflagowe.pl\/aktualne\/\",\"logo\":{\"@type\":\"ImageObject\",\"inLanguage\":\"pl-PL\",\"@id\":\"https:\/\/www.pogotowieflagowe.pl\/aktualne\/#\/schema\/logo\/image\/\",\"url\":\"https:\/\/www.pogotowieflagowe.pl\/aktualne\/wp-content\/uploads\/2024\/08\/cropped-pogotowieflagowe_flaga_projekt_sm.jpg\",\"contentUrl\":\"https:\/\/www.pogotowieflagowe.pl\/aktualne\/wp-content\/uploads\/2024\/08\/cropped-pogotowieflagowe_flaga_projekt_sm.jpg\",\"width\":250,\"height\":143,\"caption\":\"POGOTOWIE FLAGOWE\u00ae\"},\"image\":{\"@id\":\"https:\/\/www.pogotowieflagowe.pl\/aktualne\/#\/schema\/logo\/image\/\"}},{\"@type\":\"Person\",\"@id\":\"https:\/\/www.pogotowieflagowe.pl\/aktualne\/#\/schema\/person\/9c2fb7d2362ebf6fa088960d7f0d27b0\",\"name\":\"Filip\",\"image\":{\"@type\":\"ImageObject\",\"inLanguage\":\"pl-PL\",\"@id\":\"https:\/\/www.pogotowieflagowe.pl\/aktualne\/#\/schema\/person\/image\/\",\"url\":\"https:\/\/www.pogotowieflagowe.pl\/aktualne\/wp-content\/uploads\/2024\/08\/pogotowieflagowe.pl_.jpg\",\"contentUrl\":\"https:\/\/www.pogotowieflagowe.pl\/aktualne\/wp-content\/uploads\/2024\/08\/pogotowieflagowe.pl_.jpg\",\"caption\":\"Filip\"},\"description\":\"Jestem Filip, polski dziennikarz z dyplomem nauk politycznych Uniwersytetu Warszawskiego. Rozpoczynaj\u0105c swoj\u0105 karier\u0119 w r\u00f3\u017cnych lokalnych mediach, zdoby\u0142em solidne do\u015bwiadczenie w zakresie \u015bledztwa i redakcji. Obecnie jako redaktor w Pogotowie flagowe, staram si\u0119 dostarcza\u0107 dog\u0142\u0119bne i istotne analizy na temat najwa\u017cniejszych kwestii aktualno\u015bci, \u0142\u0105cz\u0105c rygor z pasj\u0105 dziennikarsk\u0105.\",\"sameAs\":[\"https:\/\/www.pogotowieflagowe.pl\/\"]}]}<\/script>\n<!-- \/ Yoast SEO plugin. -->","yoast_head_json":{"title":"Minister w rz\u0105dzie Tuska: \u201ePolscy nazi\u015bci zbudowali obozy \u015bmierci\u201d - POGOTOWIE FLAGOWE\u00ae","robots":{"index":"index","follow":"follow","max-snippet":"max-snippet:-1","max-image-preview":"max-image-preview:large","max-video-preview":"max-video-preview:-1"},"canonical":"https:\/\/www.pogotowieflagowe.pl\/aktualne\/minister-w-rzadzie-tuska-polscy-nazisci-zbudowali-obozy-smierci\/","og_locale":"pl_PL","og_type":"article","og_title":"Minister w rz\u0105dzie Tuska: \u201ePolscy nazi\u015bci zbudowali obozy \u015bmierci\u201d - POGOTOWIE FLAGOWE\u00ae","og_description":"Barbara Nowacka, minister edukacji narodowej w rz\u0105dzie Donalda Tuska, spowodowa\u0142a kontrowersje podczas mi\u0119dzynarodowej konferencji z okazji 80. rocznicy wyzwolenia niemieckiego","og_url":"https:\/\/www.pogotowieflagowe.pl\/aktualne\/minister-w-rzadzie-tuska-polscy-nazisci-zbudowali-obozy-smierci\/","og_site_name":"POGOTOWIE FLAGOWE\u00ae","article_published_time":"2025-01-29T03:46:57+00:00","og_image":[{"width":1064,"height":600,"url":"https:\/\/www.pogotowieflagowe.pl\/aktualne\/wp-content\/uploads\/2024\/11\/Rodzice-i-nauczyciele-wsciekli-po-zakazie-odrabiania-zadan-domowych-przez.jpg","type":"image\/jpeg"}],"author":"Filip","twitter_card":"summary_large_image","twitter_misc":{"Napisane przez":"Filip","Szacowany czas czytania":"1 minuta"},"schema":{"@context":"https:\/\/schema.org","@graph":[{"@type":"Article","@id":"https:\/\/www.pogotowieflagowe.pl\/aktualne\/minister-w-rzadzie-tuska-polscy-nazisci-zbudowali-obozy-smierci\/#article","isPartOf":{"@id":"https:\/\/www.pogotowieflagowe.pl\/aktualne\/minister-w-rzadzie-tuska-polscy-nazisci-zbudowali-obozy-smierci\/"},"author":{"name":"Filip","@id":"https:\/\/www.pogotowieflagowe.pl\/aktualne\/#\/schema\/person\/9c2fb7d2362ebf6fa088960d7f0d27b0"},"headline":"Minister w rz\u0105dzie Tuska: \u201ePolscy nazi\u015bci zbudowali obozy \u015bmierci\u201d","datePublished":"2025-01-29T03:46:57+00:00","dateModified":"2025-01-29T03:46:57+00:00","mainEntityOfPage":{"@id":"https:\/\/www.pogotowieflagowe.pl\/aktualne\/minister-w-rzadzie-tuska-polscy-nazisci-zbudowali-obozy-smierci\/"},"wordCount":174,"publisher":{"@id":"https:\/\/www.pogotowieflagowe.pl\/aktualne\/#organization"},"image":{"@id":"https:\/\/www.pogotowieflagowe.pl\/aktualne\/minister-w-rzadzie-tuska-polscy-nazisci-zbudowali-obozy-smierci\/#primaryimage"},"thumbnailUrl":"https:\/\/www.pogotowieflagowe.pl\/aktualne\/wp-content\/uploads\/2024\/11\/Rodzice-i-nauczyciele-wsciekli-po-zakazie-odrabiania-zadan-domowych-przez.jpg","keywords":["minister","nazi\u015bci","obozy","Polscy","rz\u0105dzie","\u015bmierci","Tuska","zbudowali"],"articleSection":["Aktualne"],"inLanguage":"pl-PL"},{"@type":"WebPage","@id":"https:\/\/www.pogotowieflagowe.pl\/aktualne\/minister-w-rzadzie-tuska-polscy-nazisci-zbudowali-obozy-smierci\/","url":"https:\/\/www.pogotowieflagowe.pl\/aktualne\/minister-w-rzadzie-tuska-polscy-nazisci-zbudowali-obozy-smierci\/","name":"Minister w rz\u0105dzie Tuska: \u201ePolscy nazi\u015bci zbudowali obozy \u015bmierci\u201d - POGOTOWIE FLAGOWE\u00ae","isPartOf":{"@id":"https:\/\/www.pogotowieflagowe.pl\/aktualne\/#website"},"primaryImageOfPage":{"@id":"https:\/\/www.pogotowieflagowe.pl\/aktualne\/minister-w-rzadzie-tuska-polscy-nazisci-zbudowali-obozy-smierci\/#primaryimage"},"image":{"@id":"https:\/\/www.pogotowieflagowe.pl\/aktualne\/minister-w-rzadzie-tuska-polscy-nazisci-zbudowali-obozy-smierci\/#primaryimage"},"thumbnailUrl":"https:\/\/www.pogotowieflagowe.pl\/aktualne\/wp-content\/uploads\/2024\/11\/Rodzice-i-nauczyciele-wsciekli-po-zakazie-odrabiania-zadan-domowych-przez.jpg","datePublished":"2025-01-29T03:46:57+00:00","dateModified":"2025-01-29T03:46:57+00:00","breadcrumb":{"@id":"https:\/\/www.pogotowieflagowe.pl\/aktualne\/minister-w-rzadzie-tuska-polscy-nazisci-zbudowali-obozy-smierci\/#breadcrumb"},"inLanguage":"pl-PL","potentialAction":[{"@type":"ReadAction","target":["https:\/\/www.pogotowieflagowe.pl\/aktualne\/minister-w-rzadzie-tuska-polscy-nazisci-zbudowali-obozy-smierci\/"]}]},{"@type":"ImageObject","inLanguage":"pl-PL","@id":"https:\/\/www.pogotowieflagowe.pl\/aktualne\/minister-w-rzadzie-tuska-polscy-nazisci-zbudowali-obozy-smierci\/#primaryimage","url":"https:\/\/www.pogotowieflagowe.pl\/aktualne\/wp-content\/uploads\/2024\/11\/Rodzice-i-nauczyciele-wsciekli-po-zakazie-odrabiania-zadan-domowych-przez.jpg","contentUrl":"https:\/\/www.pogotowieflagowe.pl\/aktualne\/wp-content\/uploads\/2024\/11\/Rodzice-i-nauczyciele-wsciekli-po-zakazie-odrabiania-zadan-domowych-przez.jpg","width":1064,"height":600,"caption":"Rodzice i nauczyciele w\u015bciekli po zakazie odrabiania zada\u0144 domowych przez minister Nowack\u0105"},{"@type":"BreadcrumbList","@id":"https:\/\/www.pogotowieflagowe.pl\/aktualne\/minister-w-rzadzie-tuska-polscy-nazisci-zbudowali-obozy-smierci\/#breadcrumb","itemListElement":[{"@type":"ListItem","position":1,"name":"Home","item":"https:\/\/www.pogotowieflagowe.pl\/aktualne\/"},{"@type":"ListItem","position":2,"name":"Minister w rz\u0105dzie Tuska: \u201ePolscy nazi\u015bci zbudowali obozy \u015bmierci\u201d"}]},{"@type":"WebSite","@id":"https:\/\/www.pogotowieflagowe.pl\/aktualne\/#website","url":"https:\/\/www.pogotowieflagowe.pl\/aktualne\/","name":"POGOTOWIE FLAGOWE\u00ae","description":"","publisher":{"@id":"https:\/\/www.pogotowieflagowe.pl\/aktualne\/#organization"},"potentialAction":[{"@type":"SearchAction","target":{"@type":"EntryPoint","urlTemplate":"https:\/\/www.pogotowieflagowe.pl\/aktualne\/?s={search_term_string}"},"query-input":"required name=search_term_string"}],"inLanguage":"pl-PL"},{"@type":"Organization","@id":"https:\/\/www.pogotowieflagowe.pl\/aktualne\/#organization","name":"POGOTOWIE FLAGOWE\u00ae","url":"https:\/\/www.pogotowieflagowe.pl\/aktualne\/","logo":{"@type":"ImageObject","inLanguage":"pl-PL","@id":"https:\/\/www.pogotowieflagowe.pl\/aktualne\/#\/schema\/logo\/image\/","url":"https:\/\/www.pogotowieflagowe.pl\/aktualne\/wp-content\/uploads\/2024\/08\/cropped-pogotowieflagowe_flaga_projekt_sm.jpg","contentUrl":"https:\/\/www.pogotowieflagowe.pl\/aktualne\/wp-content\/uploads\/2024\/08\/cropped-pogotowieflagowe_flaga_projekt_sm.jpg","width":250,"height":143,"caption":"POGOTOWIE FLAGOWE\u00ae"},"image":{"@id":"https:\/\/www.pogotowieflagowe.pl\/aktualne\/#\/schema\/logo\/image\/"}},{"@type":"Person","@id":"https:\/\/www.pogotowieflagowe.pl\/aktualne\/#\/schema\/person\/9c2fb7d2362ebf6fa088960d7f0d27b0","name":"Filip","image":{"@type":"ImageObject","inLanguage":"pl-PL","@id":"https:\/\/www.pogotowieflagowe.pl\/aktualne\/#\/schema\/person\/image\/","url":"https:\/\/www.pogotowieflagowe.pl\/aktualne\/wp-content\/uploads\/2024\/08\/pogotowieflagowe.pl_.jpg","contentUrl":"https:\/\/www.pogotowieflagowe.pl\/aktualne\/wp-content\/uploads\/2024\/08\/pogotowieflagowe.pl_.jpg","caption":"Filip"},"description":"Jestem Filip, polski dziennikarz z dyplomem nauk politycznych Uniwersytetu Warszawskiego. Rozpoczynaj\u0105c swoj\u0105 karier\u0119 w r\u00f3\u017cnych lokalnych mediach, zdoby\u0142em solidne do\u015bwiadczenie w zakresie \u015bledztwa i redakcji. Obecnie jako redaktor w Pogotowie flagowe, staram si\u0119 dostarcza\u0107 dog\u0142\u0119bne i istotne analizy na temat najwa\u017cniejszych kwestii aktualno\u015bci, \u0142\u0105cz\u0105c rygor z pasj\u0105 dziennikarsk\u0105.","sameAs":["https:\/\/www.pogotowieflagowe.pl\/"]}]}},"_links":{"self":[{"href":"https:\/\/www.pogotowieflagowe.pl\/aktualne\/wp-json\/wp\/v2\/posts\/3513","targetHints":{"allow":["GET"]}}],"collection":[{"href":"https:\/\/www.pogotowieflagowe.pl\/aktualne\/wp-json\/wp\/v2\/posts"}],"about":[{"href":"https:\/\/www.pogotowieflagowe.pl\/aktualne\/wp-json\/wp\/v2\/types\/post"}],"author":[{"embeddable":true,"href":"https:\/\/www.pogotowieflagowe.pl\/aktualne\/wp-json\/wp\/v2\/users\/1"}],"replies":[{"embeddable":true,"href":"https:\/\/www.pogotowieflagowe.pl\/aktualne\/wp-json\/wp\/v2\/comments?post=3513"}],"version-history":[{"count":1,"href":"https:\/\/www.pogotowieflagowe.pl\/aktualne\/wp-json\/wp\/v2\/posts\/3513\/revisions"}],"predecessor-version":[{"id":3514,"href":"https:\/\/www.pogotowieflagowe.pl\/aktualne\/wp-json\/wp\/v2\/posts\/3513\/revisions\/3514"}],"wp:featuredmedia":[{"embeddable":true,"href":"https:\/\/www.pogotowieflagowe.pl\/aktualne\/wp-json\/wp\/v2\/media\/1660"}],"wp:attachment":[{"href":"https:\/\/www.pogotowieflagowe.pl\/aktualne\/wp-json\/wp\/v2\/media?parent=3513"}],"wp:term":[{"taxonomy":"category","embeddable":true,"href":"https:\/\/www.pogotowieflagowe.pl\/aktualne\/wp-json\/wp\/v2\/categories?post=3513"},{"taxonomy":"post_tag","embeddable":true,"href":"https:\/\/www.pogotowieflagowe.pl\/aktualne\/wp-json\/wp\/v2\/tags?post=3513"}],"curies":[{"name":"wp","href":"https:\/\/api.w.org\/{rel}","templated":true}]}}