{"id":3515,"date":"2025-01-29T10:47:01","date_gmt":"2025-01-29T09:47:01","guid":{"rendered":"https:\/\/www.pogotowieflagowe.pl\/aktualne\/niepokojaca-ignorancja-holokaustu-i-polskich-ofiar\/"},"modified":"2025-01-29T10:47:02","modified_gmt":"2025-01-29T09:47:02","slug":"niepokojaca-ignorancja-holokaustu-i-polskich-ofiar","status":"publish","type":"post","link":"https:\/\/www.pogotowieflagowe.pl\/aktualne\/niepokojaca-ignorancja-holokaustu-i-polskich-ofiar\/","title":{"rendered":"Niepokoj\u0105ca ignorancja Holokaustu i polskich ofiar"},"content":{"rendered":"\n<div class=\"td_block_wrap tdb_single_content tdi_41 td-pb-border-top td_block_template_8 td-post-content tagdiv-type\" data-td-block-uid=\"tdi_41\">\n<style>.tdi_41 {margin-top: 0px! Wa\u017cne; margines-bottom: 0px! WA\u017bNY; PALDING-TOP: 0PX! WA\u017bNY; PALDING-BOTTOM: 0PX! WA\u017bNE}<\/style>\n<style>.tdb_single_content {margin-bottom: 0;*zoom: 1} .tdb_single_content: wcze\u015bniej, .tdb_single_content: po {display: Table; content: ''; line-height: 0} .TDB-BLOCK-INner>*: nie (.WP-BLOCK-QUOTE): NOT (.Alignwide): not (.alignfull.wp-block-cover.has-parallax): not (.td-a-ad) {margin-left: auto; margin-right: auto} .tdb_single_content a {wska\u017anik-events: auto} .tdb_single_content .td-spot-id-top_ad .tdc-placeholder-title: przed {content: 'top ad'! Wa\u017cne} .tdb_single_content .td-spot-id-inline_ad0 .tdc-miejsce-title: przed {content: \u201eArtyku\u0142 inline AD 1 '! Wa\u017cne} .tdb_single_content. {content: 'Artyku\u0142 inline AD 2'! Wa\u017cny} .tdb_single_content .td-spot-inline_ad2 .tdc-miejsce-title: przed {content: 'Artyku\u0142 inline AD 3'! Wa\u017cny} .tdb_single_content .td-spot-id-id -Bottom_Ad .tdc-Placeholder-Title: przed {content: 'artyku\u0142 dolny ad'! Wa\u017cne} .tdb_single_content .id_top_ad, .tdb_single_content .id_bottom_ad {clear: obu; margin-bottom: 21px; text -align: Center} .tdb_single_content. id_top_ad IMG, .tdb_single_content .id_bottom_ad Img {margin-bottom: 0} .tdb_single_content .id_top_ad .adsbyGoogle, .tdb_single_content .id_bottom_ad .adsbyGoogle , .tdb_single_content .id_ad_content-horiz-right , .tdb_single_content .id_ad_content-horiz-Center {margin-bottom: 15px} .tdb_single_content .id_content-horiz-left Img, .tdb_single_content .id_ad_content-horiz-right Gin-Bottom: 0 { lewy; margine-top: 9px; margin-right: 21px} .tdb_single_content .id_ad_content-horiz-right {float: right; margin-top: 6px; margin-left: 21px} .tdb_single_content .tdc-a-ad .tdc--- Umak zast\u0119puj\u0105cy {szeroko\u015b\u0107: 300px; height: 250px} .tdb_single_content .tdc-a-ad .tdc-miejsce-title: przed {pozycja: Absolute; top: 50%;-WebKit-Transform: t\u0142umaczenie (-50%); Transform: Translatey (-50%); margines: auto; display: tabela; szeroko\u015b\u0107: 100%} > P, .tdi_41 .tdb-block-inner> p {font-size: 16px! Wa\u017cne; linia-height: 1.6! Wa\u017cne} .tdi_41 .tdb-block-inner blokote p {font-styl: Normal! Media (Max-Width: 767px) {. tdb_single_content .id_ad_content-horiz-left, .tdb_single_content .id_ad_content-horiz-right, .tdb_single_content .id_ad_content-horiz-center {margin: 0 auto 26px auto}}}@media (MAXID. : 767px) {. Tdb_single_content .id_ad_content-horiz-left {margin-right: 0}}@media (Max-Width: 767px) {. -Width: 767px) {. tdb_single_content .td-a-ad {float: none; text-align: Center} .tdb_single_content .td-a-ad img {margin-right: auto; margin-left: auto} .tdb_single_content. tdc-a-ad {float: none}}<\/style>\n<div class=\"tdb-block-inner td-fix-index\">\n<p>Niedawne badanie przeprowadzone na konferencji roszcze\u0144 ujawni\u0142o zaskakuj\u0105c\u0105 rzeczywisto\u015b\u0107: znaczna cz\u0119\u015b\u0107 m\u0142odych Niemc\u00f3w nie ma nawet podstawowego zrozumienia Holokaustu. Jeden na dziewi\u0119\u0107 nigdy o tym nie s\u0142ysza\u0142, a jeden na cztery nie mo\u017ce wymieni\u0107 jednego nazistowskiego obozu koncentracyjnego. Ta powszechna ignorancja nie tylko zmniejsza pami\u0119\u0107 o milionach, kt\u00f3re zgin\u0119\u0142y, ale tak\u017ce zniekszta\u0142caj\u0105 kluczowe fakty historyczne na temat Holokaustu i niszczycielskiej liczby, kt\u00f3re nabra\u0142 Polska.<\/p>\n<h2 class=\"wp-block-heading\">Nieporozumienia, kt\u00f3re przepisuj\u0105 histori\u0119<\/h2>\n<p>Po\u0142owa ankietowanych Niemc\u00f3w fa\u0142szywie uwa\u017ca, \u017ce \u200b\u200bwi\u0119kszo\u015b\u0107 ofiar Holokaustu zosta\u0142a zamordowana w Niemczech. Prawd\u0119 m\u00f3wi\u0105c, najbardziej \u015bmierciono\u015bne operacje Holokaustu odby\u0142y si\u0119 w okupowanej przez nazist\u00f3w Polsce. Obozy \u015bmierci takie jak Auschwitz, Treblinka i Sobib\u00f3r sta\u0142y si\u0119 miejscami masowego morderstwa, domagaj\u0105c si\u0119 \u017cycia milion\u00f3w, w tym prawie po\u0142ow\u0119 wszystkich \u017cydowskich ofiar. Jednak tylko 25% Niemc\u00f3w uznaje Polsk\u0119 za podstawow\u0105 lokalizacj\u0119 Holokaustu.<\/p>\n<p>Ta luka wiedzy utrwala w\u0105sk\u0105 i wprowadzaj\u0105c\u0105 w b\u0142\u0105d narracj\u0119, kt\u00f3ra koncentruje si\u0119 na losie niemieckich i zachodnich Europejczyk\u00f3w \u017byd\u00f3w, jednocze\u015bnie usuwaj\u0105c ogromne cierpienie polskich \u017byd\u00f3w i Polskich obywateli pod nazistowskim terrorem. To zniekszta\u0142cenie jest czym\u015b wi\u0119cej ni\u017c nadzorem &#8211; jest to brak konfrontacji z pe\u0142nym zakresem przest\u0119pstw nazistowskich.<\/p>\n<h2 class=\"wp-block-heading\">Zapomniane polskie do\u015bwiadczenie<\/h2>\n<p>Jednym z najbardziej ra\u017c\u0105cych pomini\u0119\u0107 w zbiorowej pami\u0119ci Niemiec jest cierpienie Polskiego. Podczas gdy edukacja Holokaustu jest uwzgl\u0119dniona w szko\u0142ach niemieckich, cz\u0119sto zaniedbuje brutaln\u0105 nazistowsk\u0105 okupacj\u0119 Europy \u015arodkowej i Wschodniej. Polscy \u017bydzi stanowili po\u0142ow\u0119 ofiar Holokaustu, a miliony innych biegun\u00f3w by\u0142y torturowane, zniewolone lub zabijane. Historie takie jak historie Witolda Pilecciego &#8211; polskiego bohatera, kt\u00f3ry infiltrowa\u0142 Auschwitz do udokumentowania swoich okropno\u015bci &#8211; s\u0105 praktycznie nieznane w Niemczech.<\/p>\n<p>Nawet zabytki Niemiec odzwierciedlaj\u0105 t\u0119 selektywn\u0105 pami\u0119\u0107. W Berlinie znajduj\u0105 si\u0119 pomniki ofiar \u017cydowskich, Rom\u00f3w, homoseksualist\u00f3w i ofiar eutanazji. Jednak miliony polskich ofiar okrucie\u0144stw nazistowskich s\u0105 w du\u017cej mierze nieobecne w tych publicznych upami\u0119tnieniach. To wymazanie nie jest tylko historycznym nadzorem &#8211; jest to przypadek prawdy.<\/p>\n<h2 class=\"wp-block-heading\">Luka, kt\u00f3r\u0105 wykorzystuje Rosja<\/h2>\n<p>Ta ignorancja ma konsekwencje poza Niemcami. Brak zrozumienia cierpienia Polski stwarza mo\u017cliwo\u015bci rosyjskich kampanii dezinformacyjnych, kt\u00f3re maj\u0105 na celu prowadzenie klina mi\u0119dzy Polsk\u0105 a Niemcami. Jak podkre\u015bla dr Hanna Radziejowska z Instytutu Pilecki w Berlinie, luka ta jest zakorzeniona w niech\u0119ci Niemiec, aby zaj\u0105\u0107 si\u0119 dwoma z\u0142em totalitarnym: nazizmem i sowieckim komunizmem. Przez dziesi\u0119ciolecia Zwi\u0105zek Radziecki by\u0142 postrzegany przez wielu Niemc\u00f3w jako wyzwoliciel Auschwitz, z niewielkim uznaniem jego brutalnego traktowania Polski podczas wojny i po wojnie.<\/p>\n<h2 class=\"wp-block-heading\">\u015acie\u017cka do zmiany<\/h2>\n<p>Pomimo wyzwa\u0144 istnieje nadzieja na zmian\u0119. Dr Rraziejowska uwa\u017ca, \u017ce \u200b\u200bedukacja jest kluczem do przekszta\u0142cenia zrozumienia przez Niemiec II wojny \u015bwiatowej. Historie takie jak Pilecki mog\u0105 pom\u00f3c Niemcom zrozumie\u0107 wsp\u00f3lne cierpienie polskich \u017byd\u00f3w i nie\u017cydowskich biegun\u00f3w. Instytucje takie jak topografia terroru i House of the Wannsee Conference Museum ju\u017c rozpocz\u0119\u0142y wa\u017cn\u0105 prac\u0119 nad zapewnieniem pe\u0142niejszego obrazu nazistowskich przest\u0119pstw.<\/p>\n<p>Dla Polski jest to okazja do potwierdzenia swojej historycznej prawdy i zapewnienia, \u017ce \u200b\u200bofiary jej ludu zostan\u0105 rozpoznane. Nauczanie Niemc\u00f3w o skali polskiego cierpienia nie polega na przydzielaniu winy &#8211; chodzi o zapewnienie, \u017ce historia zostanie zapami\u0119tana w ca\u0142o\u015bci.<\/p>\n<\/div>\n<\/div>\n","protected":false},"excerpt":{"rendered":"<p>Niedawne badanie przeprowadzone na konferencji roszcze\u0144 ujawni\u0142o zaskakuj\u0105c\u0105 rzeczywisto\u015b\u0107: znaczna cz\u0119\u015b\u0107 m\u0142odych Niemc\u00f3w nie ma nawet podstawowego zrozumienia Holokaustu. Jeden<\/p>\n","protected":false},"author":1,"featured_media":3516,"comment_status":"closed","ping_status":"","sticky":false,"template":"","format":"standard","meta":{"footnotes":""},"categories":[4748],"tags":[4928,5015,5014,1311,83],"class_list":["post-3515","post","type-post","status-publish","format-standard","has-post-thumbnail","hentry","category-aktualne","tag-holokaustu","tag-ignorancja","tag-niepokojaca","tag-ofiar","tag-polskich","generate-columns","tablet-grid-50","mobile-grid-100","grid-parent","grid-50","resize-featured-image"],"yoast_head":"<!-- This site is optimized with the Yoast SEO plugin v23.2 - https:\/\/yoast.com\/wordpress\/plugins\/seo\/ -->\n<title>Niepokoj\u0105ca ignorancja Holokaustu i polskich ofiar - POGOTOWIE FLAGOWE\u00ae<\/title>\n<meta name=\"robots\" content=\"index, follow, max-snippet:-1, max-image-preview:large, max-video-preview:-1\" \/>\n<link rel=\"canonical\" href=\"https:\/\/www.pogotowieflagowe.pl\/aktualne\/niepokojaca-ignorancja-holokaustu-i-polskich-ofiar\/\" \/>\n<meta property=\"og:locale\" content=\"pl_PL\" \/>\n<meta property=\"og:type\" content=\"article\" \/>\n<meta property=\"og:title\" content=\"Niepokoj\u0105ca ignorancja Holokaustu i polskich ofiar - POGOTOWIE FLAGOWE\u00ae\" \/>\n<meta property=\"og:description\" content=\"Niedawne badanie przeprowadzone na konferencji roszcze\u0144 ujawni\u0142o zaskakuj\u0105c\u0105 rzeczywisto\u015b\u0107: znaczna cz\u0119\u015b\u0107 m\u0142odych Niemc\u00f3w nie ma nawet podstawowego zrozumienia Holokaustu. Jeden\" \/>\n<meta property=\"og:url\" content=\"https:\/\/www.pogotowieflagowe.pl\/aktualne\/niepokojaca-ignorancja-holokaustu-i-polskich-ofiar\/\" \/>\n<meta property=\"og:site_name\" content=\"POGOTOWIE FLAGOWE\u00ae\" \/>\n<meta property=\"article:published_time\" content=\"2025-01-29T09:47:01+00:00\" \/>\n<meta property=\"article:modified_time\" content=\"2025-01-29T09:47:02+00:00\" \/>\n<meta property=\"og:image\" content=\"https:\/\/www.pogotowieflagowe.pl\/aktualne\/wp-content\/uploads\/2025\/01\/Niepokojaca-ignorancja-Holokaustu-i-polskich-ofiar.jpg\" \/>\n\t<meta property=\"og:image:width\" content=\"750\" \/>\n\t<meta property=\"og:image:height\" content=\"425\" \/>\n\t<meta property=\"og:image:type\" content=\"image\/jpeg\" \/>\n<meta name=\"author\" content=\"Filip\" \/>\n<meta name=\"twitter:card\" content=\"summary_large_image\" \/>\n<meta name=\"twitter:label1\" content=\"Napisane przez\" \/>\n\t<meta name=\"twitter:data1\" content=\"Filip\" \/>\n\t<meta name=\"twitter:label2\" content=\"Szacowany czas czytania\" \/>\n\t<meta name=\"twitter:data2\" content=\"3 minuty\" \/>\n<script type=\"application\/ld+json\" class=\"yoast-schema-graph\">{\"@context\":\"https:\/\/schema.org\",\"@graph\":[{\"@type\":\"Article\",\"@id\":\"https:\/\/www.pogotowieflagowe.pl\/aktualne\/niepokojaca-ignorancja-holokaustu-i-polskich-ofiar\/#article\",\"isPartOf\":{\"@id\":\"https:\/\/www.pogotowieflagowe.pl\/aktualne\/niepokojaca-ignorancja-holokaustu-i-polskich-ofiar\/\"},\"author\":{\"name\":\"Filip\",\"@id\":\"https:\/\/www.pogotowieflagowe.pl\/aktualne\/#\/schema\/person\/9c2fb7d2362ebf6fa088960d7f0d27b0\"},\"headline\":\"Niepokoj\u0105ca ignorancja Holokaustu i polskich ofiar\",\"datePublished\":\"2025-01-29T09:47:01+00:00\",\"dateModified\":\"2025-01-29T09:47:02+00:00\",\"mainEntityOfPage\":{\"@id\":\"https:\/\/www.pogotowieflagowe.pl\/aktualne\/niepokojaca-ignorancja-holokaustu-i-polskich-ofiar\/\"},\"wordCount\":564,\"publisher\":{\"@id\":\"https:\/\/www.pogotowieflagowe.pl\/aktualne\/#organization\"},\"image\":{\"@id\":\"https:\/\/www.pogotowieflagowe.pl\/aktualne\/niepokojaca-ignorancja-holokaustu-i-polskich-ofiar\/#primaryimage\"},\"thumbnailUrl\":\"https:\/\/www.pogotowieflagowe.pl\/aktualne\/wp-content\/uploads\/2025\/01\/Niepokojaca-ignorancja-Holokaustu-i-polskich-ofiar.jpg\",\"keywords\":[\"Holokaustu\",\"ignorancja\",\"Niepokoj\u0105ca\",\"ofiar\",\"polskich\"],\"articleSection\":[\"Aktualne\"],\"inLanguage\":\"pl-PL\"},{\"@type\":\"WebPage\",\"@id\":\"https:\/\/www.pogotowieflagowe.pl\/aktualne\/niepokojaca-ignorancja-holokaustu-i-polskich-ofiar\/\",\"url\":\"https:\/\/www.pogotowieflagowe.pl\/aktualne\/niepokojaca-ignorancja-holokaustu-i-polskich-ofiar\/\",\"name\":\"Niepokoj\u0105ca ignorancja Holokaustu i polskich ofiar - POGOTOWIE FLAGOWE\u00ae\",\"isPartOf\":{\"@id\":\"https:\/\/www.pogotowieflagowe.pl\/aktualne\/#website\"},\"primaryImageOfPage\":{\"@id\":\"https:\/\/www.pogotowieflagowe.pl\/aktualne\/niepokojaca-ignorancja-holokaustu-i-polskich-ofiar\/#primaryimage\"},\"image\":{\"@id\":\"https:\/\/www.pogotowieflagowe.pl\/aktualne\/niepokojaca-ignorancja-holokaustu-i-polskich-ofiar\/#primaryimage\"},\"thumbnailUrl\":\"https:\/\/www.pogotowieflagowe.pl\/aktualne\/wp-content\/uploads\/2025\/01\/Niepokojaca-ignorancja-Holokaustu-i-polskich-ofiar.jpg\",\"datePublished\":\"2025-01-29T09:47:01+00:00\",\"dateModified\":\"2025-01-29T09:47:02+00:00\",\"breadcrumb\":{\"@id\":\"https:\/\/www.pogotowieflagowe.pl\/aktualne\/niepokojaca-ignorancja-holokaustu-i-polskich-ofiar\/#breadcrumb\"},\"inLanguage\":\"pl-PL\",\"potentialAction\":[{\"@type\":\"ReadAction\",\"target\":[\"https:\/\/www.pogotowieflagowe.pl\/aktualne\/niepokojaca-ignorancja-holokaustu-i-polskich-ofiar\/\"]}]},{\"@type\":\"ImageObject\",\"inLanguage\":\"pl-PL\",\"@id\":\"https:\/\/www.pogotowieflagowe.pl\/aktualne\/niepokojaca-ignorancja-holokaustu-i-polskich-ofiar\/#primaryimage\",\"url\":\"https:\/\/www.pogotowieflagowe.pl\/aktualne\/wp-content\/uploads\/2025\/01\/Niepokojaca-ignorancja-Holokaustu-i-polskich-ofiar.jpg\",\"contentUrl\":\"https:\/\/www.pogotowieflagowe.pl\/aktualne\/wp-content\/uploads\/2025\/01\/Niepokojaca-ignorancja-Holokaustu-i-polskich-ofiar.jpg\",\"width\":750,\"height\":425,\"caption\":\"Niepokoj\u0105ca ignorancja Holokaustu i polskich ofiar\"},{\"@type\":\"BreadcrumbList\",\"@id\":\"https:\/\/www.pogotowieflagowe.pl\/aktualne\/niepokojaca-ignorancja-holokaustu-i-polskich-ofiar\/#breadcrumb\",\"itemListElement\":[{\"@type\":\"ListItem\",\"position\":1,\"name\":\"Home\",\"item\":\"https:\/\/www.pogotowieflagowe.pl\/aktualne\/\"},{\"@type\":\"ListItem\",\"position\":2,\"name\":\"Niepokoj\u0105ca ignorancja Holokaustu i polskich ofiar\"}]},{\"@type\":\"WebSite\",\"@id\":\"https:\/\/www.pogotowieflagowe.pl\/aktualne\/#website\",\"url\":\"https:\/\/www.pogotowieflagowe.pl\/aktualne\/\",\"name\":\"POGOTOWIE FLAGOWE\u00ae\",\"description\":\"\",\"publisher\":{\"@id\":\"https:\/\/www.pogotowieflagowe.pl\/aktualne\/#organization\"},\"potentialAction\":[{\"@type\":\"SearchAction\",\"target\":{\"@type\":\"EntryPoint\",\"urlTemplate\":\"https:\/\/www.pogotowieflagowe.pl\/aktualne\/?s={search_term_string}\"},\"query-input\":\"required name=search_term_string\"}],\"inLanguage\":\"pl-PL\"},{\"@type\":\"Organization\",\"@id\":\"https:\/\/www.pogotowieflagowe.pl\/aktualne\/#organization\",\"name\":\"POGOTOWIE FLAGOWE\u00ae\",\"url\":\"https:\/\/www.pogotowieflagowe.pl\/aktualne\/\",\"logo\":{\"@type\":\"ImageObject\",\"inLanguage\":\"pl-PL\",\"@id\":\"https:\/\/www.pogotowieflagowe.pl\/aktualne\/#\/schema\/logo\/image\/\",\"url\":\"https:\/\/www.pogotowieflagowe.pl\/aktualne\/wp-content\/uploads\/2024\/08\/cropped-pogotowieflagowe_flaga_projekt_sm.jpg\",\"contentUrl\":\"https:\/\/www.pogotowieflagowe.pl\/aktualne\/wp-content\/uploads\/2024\/08\/cropped-pogotowieflagowe_flaga_projekt_sm.jpg\",\"width\":250,\"height\":143,\"caption\":\"POGOTOWIE FLAGOWE\u00ae\"},\"image\":{\"@id\":\"https:\/\/www.pogotowieflagowe.pl\/aktualne\/#\/schema\/logo\/image\/\"}},{\"@type\":\"Person\",\"@id\":\"https:\/\/www.pogotowieflagowe.pl\/aktualne\/#\/schema\/person\/9c2fb7d2362ebf6fa088960d7f0d27b0\",\"name\":\"Filip\",\"image\":{\"@type\":\"ImageObject\",\"inLanguage\":\"pl-PL\",\"@id\":\"https:\/\/www.pogotowieflagowe.pl\/aktualne\/#\/schema\/person\/image\/\",\"url\":\"https:\/\/www.pogotowieflagowe.pl\/aktualne\/wp-content\/uploads\/2024\/08\/pogotowieflagowe.pl_.jpg\",\"contentUrl\":\"https:\/\/www.pogotowieflagowe.pl\/aktualne\/wp-content\/uploads\/2024\/08\/pogotowieflagowe.pl_.jpg\",\"caption\":\"Filip\"},\"description\":\"Jestem Filip, polski dziennikarz z dyplomem nauk politycznych Uniwersytetu Warszawskiego. Rozpoczynaj\u0105c swoj\u0105 karier\u0119 w r\u00f3\u017cnych lokalnych mediach, zdoby\u0142em solidne do\u015bwiadczenie w zakresie \u015bledztwa i redakcji. Obecnie jako redaktor w Pogotowie flagowe, staram si\u0119 dostarcza\u0107 dog\u0142\u0119bne i istotne analizy na temat najwa\u017cniejszych kwestii aktualno\u015bci, \u0142\u0105cz\u0105c rygor z pasj\u0105 dziennikarsk\u0105.\",\"sameAs\":[\"https:\/\/www.pogotowieflagowe.pl\/\"]}]}<\/script>\n<!-- \/ Yoast SEO plugin. -->","yoast_head_json":{"title":"Niepokoj\u0105ca ignorancja Holokaustu i polskich ofiar - POGOTOWIE FLAGOWE\u00ae","robots":{"index":"index","follow":"follow","max-snippet":"max-snippet:-1","max-image-preview":"max-image-preview:large","max-video-preview":"max-video-preview:-1"},"canonical":"https:\/\/www.pogotowieflagowe.pl\/aktualne\/niepokojaca-ignorancja-holokaustu-i-polskich-ofiar\/","og_locale":"pl_PL","og_type":"article","og_title":"Niepokoj\u0105ca ignorancja Holokaustu i polskich ofiar - POGOTOWIE FLAGOWE\u00ae","og_description":"Niedawne badanie przeprowadzone na konferencji roszcze\u0144 ujawni\u0142o zaskakuj\u0105c\u0105 rzeczywisto\u015b\u0107: znaczna cz\u0119\u015b\u0107 m\u0142odych Niemc\u00f3w nie ma nawet podstawowego zrozumienia Holokaustu. Jeden","og_url":"https:\/\/www.pogotowieflagowe.pl\/aktualne\/niepokojaca-ignorancja-holokaustu-i-polskich-ofiar\/","og_site_name":"POGOTOWIE FLAGOWE\u00ae","article_published_time":"2025-01-29T09:47:01+00:00","article_modified_time":"2025-01-29T09:47:02+00:00","og_image":[{"width":750,"height":425,"url":"https:\/\/www.pogotowieflagowe.pl\/aktualne\/wp-content\/uploads\/2025\/01\/Niepokojaca-ignorancja-Holokaustu-i-polskich-ofiar.jpg","type":"image\/jpeg"}],"author":"Filip","twitter_card":"summary_large_image","twitter_misc":{"Napisane przez":"Filip","Szacowany czas czytania":"3 minuty"},"schema":{"@context":"https:\/\/schema.org","@graph":[{"@type":"Article","@id":"https:\/\/www.pogotowieflagowe.pl\/aktualne\/niepokojaca-ignorancja-holokaustu-i-polskich-ofiar\/#article","isPartOf":{"@id":"https:\/\/www.pogotowieflagowe.pl\/aktualne\/niepokojaca-ignorancja-holokaustu-i-polskich-ofiar\/"},"author":{"name":"Filip","@id":"https:\/\/www.pogotowieflagowe.pl\/aktualne\/#\/schema\/person\/9c2fb7d2362ebf6fa088960d7f0d27b0"},"headline":"Niepokoj\u0105ca ignorancja Holokaustu i polskich ofiar","datePublished":"2025-01-29T09:47:01+00:00","dateModified":"2025-01-29T09:47:02+00:00","mainEntityOfPage":{"@id":"https:\/\/www.pogotowieflagowe.pl\/aktualne\/niepokojaca-ignorancja-holokaustu-i-polskich-ofiar\/"},"wordCount":564,"publisher":{"@id":"https:\/\/www.pogotowieflagowe.pl\/aktualne\/#organization"},"image":{"@id":"https:\/\/www.pogotowieflagowe.pl\/aktualne\/niepokojaca-ignorancja-holokaustu-i-polskich-ofiar\/#primaryimage"},"thumbnailUrl":"https:\/\/www.pogotowieflagowe.pl\/aktualne\/wp-content\/uploads\/2025\/01\/Niepokojaca-ignorancja-Holokaustu-i-polskich-ofiar.jpg","keywords":["Holokaustu","ignorancja","Niepokoj\u0105ca","ofiar","polskich"],"articleSection":["Aktualne"],"inLanguage":"pl-PL"},{"@type":"WebPage","@id":"https:\/\/www.pogotowieflagowe.pl\/aktualne\/niepokojaca-ignorancja-holokaustu-i-polskich-ofiar\/","url":"https:\/\/www.pogotowieflagowe.pl\/aktualne\/niepokojaca-ignorancja-holokaustu-i-polskich-ofiar\/","name":"Niepokoj\u0105ca ignorancja Holokaustu i polskich ofiar - POGOTOWIE FLAGOWE\u00ae","isPartOf":{"@id":"https:\/\/www.pogotowieflagowe.pl\/aktualne\/#website"},"primaryImageOfPage":{"@id":"https:\/\/www.pogotowieflagowe.pl\/aktualne\/niepokojaca-ignorancja-holokaustu-i-polskich-ofiar\/#primaryimage"},"image":{"@id":"https:\/\/www.pogotowieflagowe.pl\/aktualne\/niepokojaca-ignorancja-holokaustu-i-polskich-ofiar\/#primaryimage"},"thumbnailUrl":"https:\/\/www.pogotowieflagowe.pl\/aktualne\/wp-content\/uploads\/2025\/01\/Niepokojaca-ignorancja-Holokaustu-i-polskich-ofiar.jpg","datePublished":"2025-01-29T09:47:01+00:00","dateModified":"2025-01-29T09:47:02+00:00","breadcrumb":{"@id":"https:\/\/www.pogotowieflagowe.pl\/aktualne\/niepokojaca-ignorancja-holokaustu-i-polskich-ofiar\/#breadcrumb"},"inLanguage":"pl-PL","potentialAction":[{"@type":"ReadAction","target":["https:\/\/www.pogotowieflagowe.pl\/aktualne\/niepokojaca-ignorancja-holokaustu-i-polskich-ofiar\/"]}]},{"@type":"ImageObject","inLanguage":"pl-PL","@id":"https:\/\/www.pogotowieflagowe.pl\/aktualne\/niepokojaca-ignorancja-holokaustu-i-polskich-ofiar\/#primaryimage","url":"https:\/\/www.pogotowieflagowe.pl\/aktualne\/wp-content\/uploads\/2025\/01\/Niepokojaca-ignorancja-Holokaustu-i-polskich-ofiar.jpg","contentUrl":"https:\/\/www.pogotowieflagowe.pl\/aktualne\/wp-content\/uploads\/2025\/01\/Niepokojaca-ignorancja-Holokaustu-i-polskich-ofiar.jpg","width":750,"height":425,"caption":"Niepokoj\u0105ca ignorancja Holokaustu i polskich ofiar"},{"@type":"BreadcrumbList","@id":"https:\/\/www.pogotowieflagowe.pl\/aktualne\/niepokojaca-ignorancja-holokaustu-i-polskich-ofiar\/#breadcrumb","itemListElement":[{"@type":"ListItem","position":1,"name":"Home","item":"https:\/\/www.pogotowieflagowe.pl\/aktualne\/"},{"@type":"ListItem","position":2,"name":"Niepokoj\u0105ca ignorancja Holokaustu i polskich ofiar"}]},{"@type":"WebSite","@id":"https:\/\/www.pogotowieflagowe.pl\/aktualne\/#website","url":"https:\/\/www.pogotowieflagowe.pl\/aktualne\/","name":"POGOTOWIE FLAGOWE\u00ae","description":"","publisher":{"@id":"https:\/\/www.pogotowieflagowe.pl\/aktualne\/#organization"},"potentialAction":[{"@type":"SearchAction","target":{"@type":"EntryPoint","urlTemplate":"https:\/\/www.pogotowieflagowe.pl\/aktualne\/?s={search_term_string}"},"query-input":"required name=search_term_string"}],"inLanguage":"pl-PL"},{"@type":"Organization","@id":"https:\/\/www.pogotowieflagowe.pl\/aktualne\/#organization","name":"POGOTOWIE FLAGOWE\u00ae","url":"https:\/\/www.pogotowieflagowe.pl\/aktualne\/","logo":{"@type":"ImageObject","inLanguage":"pl-PL","@id":"https:\/\/www.pogotowieflagowe.pl\/aktualne\/#\/schema\/logo\/image\/","url":"https:\/\/www.pogotowieflagowe.pl\/aktualne\/wp-content\/uploads\/2024\/08\/cropped-pogotowieflagowe_flaga_projekt_sm.jpg","contentUrl":"https:\/\/www.pogotowieflagowe.pl\/aktualne\/wp-content\/uploads\/2024\/08\/cropped-pogotowieflagowe_flaga_projekt_sm.jpg","width":250,"height":143,"caption":"POGOTOWIE FLAGOWE\u00ae"},"image":{"@id":"https:\/\/www.pogotowieflagowe.pl\/aktualne\/#\/schema\/logo\/image\/"}},{"@type":"Person","@id":"https:\/\/www.pogotowieflagowe.pl\/aktualne\/#\/schema\/person\/9c2fb7d2362ebf6fa088960d7f0d27b0","name":"Filip","image":{"@type":"ImageObject","inLanguage":"pl-PL","@id":"https:\/\/www.pogotowieflagowe.pl\/aktualne\/#\/schema\/person\/image\/","url":"https:\/\/www.pogotowieflagowe.pl\/aktualne\/wp-content\/uploads\/2024\/08\/pogotowieflagowe.pl_.jpg","contentUrl":"https:\/\/www.pogotowieflagowe.pl\/aktualne\/wp-content\/uploads\/2024\/08\/pogotowieflagowe.pl_.jpg","caption":"Filip"},"description":"Jestem Filip, polski dziennikarz z dyplomem nauk politycznych Uniwersytetu Warszawskiego. Rozpoczynaj\u0105c swoj\u0105 karier\u0119 w r\u00f3\u017cnych lokalnych mediach, zdoby\u0142em solidne do\u015bwiadczenie w zakresie \u015bledztwa i redakcji. Obecnie jako redaktor w Pogotowie flagowe, staram si\u0119 dostarcza\u0107 dog\u0142\u0119bne i istotne analizy na temat najwa\u017cniejszych kwestii aktualno\u015bci, \u0142\u0105cz\u0105c rygor z pasj\u0105 dziennikarsk\u0105.","sameAs":["https:\/\/www.pogotowieflagowe.pl\/"]}]}},"_links":{"self":[{"href":"https:\/\/www.pogotowieflagowe.pl\/aktualne\/wp-json\/wp\/v2\/posts\/3515","targetHints":{"allow":["GET"]}}],"collection":[{"href":"https:\/\/www.pogotowieflagowe.pl\/aktualne\/wp-json\/wp\/v2\/posts"}],"about":[{"href":"https:\/\/www.pogotowieflagowe.pl\/aktualne\/wp-json\/wp\/v2\/types\/post"}],"author":[{"embeddable":true,"href":"https:\/\/www.pogotowieflagowe.pl\/aktualne\/wp-json\/wp\/v2\/users\/1"}],"replies":[{"embeddable":true,"href":"https:\/\/www.pogotowieflagowe.pl\/aktualne\/wp-json\/wp\/v2\/comments?post=3515"}],"version-history":[{"count":1,"href":"https:\/\/www.pogotowieflagowe.pl\/aktualne\/wp-json\/wp\/v2\/posts\/3515\/revisions"}],"predecessor-version":[{"id":3517,"href":"https:\/\/www.pogotowieflagowe.pl\/aktualne\/wp-json\/wp\/v2\/posts\/3515\/revisions\/3517"}],"wp:featuredmedia":[{"embeddable":true,"href":"https:\/\/www.pogotowieflagowe.pl\/aktualne\/wp-json\/wp\/v2\/media\/3516"}],"wp:attachment":[{"href":"https:\/\/www.pogotowieflagowe.pl\/aktualne\/wp-json\/wp\/v2\/media?parent=3515"}],"wp:term":[{"taxonomy":"category","embeddable":true,"href":"https:\/\/www.pogotowieflagowe.pl\/aktualne\/wp-json\/wp\/v2\/categories?post=3515"},{"taxonomy":"post_tag","embeddable":true,"href":"https:\/\/www.pogotowieflagowe.pl\/aktualne\/wp-json\/wp\/v2\/tags?post=3515"}],"curies":[{"name":"wp","href":"https:\/\/api.w.org\/{rel}","templated":true}]}}