{"id":3518,"date":"2025-01-29T12:48:51","date_gmt":"2025-01-29T11:48:51","guid":{"rendered":"https:\/\/www.pogotowieflagowe.pl\/aktualne\/ewa-pajor-i-robert-lewandowski-swieca-na-okladce-catalan-daily\/"},"modified":"2025-01-29T12:48:52","modified_gmt":"2025-01-29T11:48:52","slug":"ewa-pajor-i-robert-lewandowski-swieca-na-okladce-catalan-daily","status":"publish","type":"post","link":"https:\/\/www.pogotowieflagowe.pl\/aktualne\/ewa-pajor-i-robert-lewandowski-swieca-na-okladce-catalan-daily\/","title":{"rendered":"Ewa Pajor i Robert Lewandowski \u015bwiec\u0105 na ok\u0142adce Catalan Daily"},"content":{"rendered":"\n<div class=\"td_block_wrap tdb_single_content tdi_41 td-pb-border-top td_block_template_8 td-post-content tagdiv-type\" data-td-block-uid=\"tdi_41\">\n<style>.tdi_41 {margin-top: 0px! Wa\u017cne; margines-bottom: 0px! WA\u017bNY; PALDING-TOP: 0PX! WA\u017bNY; PALDING-BOTTOM: 0PX! WA\u017bNE}<\/style>\n<style>.tdb_single_content {margin-bottom: 0;*zoom: 1} .tdb_single_content: wcze\u015bniej, .tdb_single_content: po {display: Table; content: ''; line-height: 0} .TDB-BLOCK-INner>*: nie (.WP-BLOCK-QUOTE): NOT (.Alignwide): not (.alignfull.wp-block-cover.has-parallax): not (.td-a-ad) {margin-left: auto; margin-right: auto} .tdb_single_content a {wska\u017anik-events: auto} .tdb_single_content .td-spot-id-top_ad .tdc-placeholder-title: przed {content: 'top ad'! Wa\u017cne} .tdb_single_content .td-spot-id-inline_ad0 .tdc-miejsce-title: przed {content: \u201eArtyku\u0142 inline AD 1 '! Wa\u017cne} .tdb_single_content. {content: 'Artyku\u0142 inline AD 2'! Wa\u017cny} .tdb_single_content .td-spot-inline_ad2 .tdc-miejsce-title: przed {content: 'Artyku\u0142 inline AD 3'! Wa\u017cny} .tdb_single_content .td-spot-id-id -Bottom_Ad .tdc-Placeholder-Title: przed {content: 'artyku\u0142 dolny ad'! Wa\u017cne} .tdb_single_content .id_top_ad, .tdb_single_content .id_bottom_ad {clear: obu; margin-bottom: 21px; text -align: Center} .tdb_single_content. id_top_ad IMG, .tdb_single_content .id_bottom_ad Img {margin-bottom: 0} .tdb_single_content .id_top_ad .adsbyGoogle, .tdb_single_content .id_bottom_ad .adsbyGoogle , .tdb_single_content .id_ad_content-horiz-right , .tdb_single_content .id_ad_content-horiz-Center {margin-bottom: 15px} .tdb_single_content .id_content-horiz-left Img, .tdb_single_content .id_ad_content-horiz-right Gin-Bottom: 0 { lewy; margine-top: 9px; margin-right: 21px} .tdb_single_content .id_ad_content-horiz-right {float: right; margin-top: 6px; margin-left: 21px} .tdb_single_content .tdc-a-ad .tdc--- Umak zast\u0119puj\u0105cy {szeroko\u015b\u0107: 300px; height: 250px} .tdb_single_content .tdc-a-ad .tdc-miejsce-title: przed {pozycja: Absolute; top: 50%;-WebKit-Transform: t\u0142umaczenie (-50%); Transform: Translatey (-50%); margines: auto; display: tabela; szeroko\u015b\u0107: 100%} > P, .tdi_41 .tdb-block-inner> p {font-size: 16px! Wa\u017cne; linia-height: 1.6! Wa\u017cne} .tdi_41 .tdb-block-inner blokote p {font-styl: Normal! Media (Max-Width: 767px) {. tdb_single_content .id_ad_content-horiz-left, .tdb_single_content .id_ad_content-horiz-right, .tdb_single_content .id_ad_content-horiz-center {margin: 0 auto 26px auto}}}@media (MAXID. : 767px) {. Tdb_single_content .id_ad_content-horiz-left {margin-right: 0}}@media (Max-Width: 767px) {. -Width: 767px) {. tdb_single_content .td-a-ad {float: none; text-align: Center} .tdb_single_content .td-a-ad img {margin-right: auto; margin-left: auto} .tdb_single_content. tdc-a-ad {float: none}}<\/style>\n<div class=\"tdb-block-inner td-fix-index\">\n<p>Polska pi\u0142ka no\u017cna ma chwil\u0119 w Hiszpanii, a dwie z jej najzdolniejszych gwiazd, Ewa Pajor i Robert Lewandowski, prowadz\u0105 szar\u017c\u0119. Duet odcisn\u0105\u0142 pi\u0119tno w tym sezonie w hiszpa\u0144skiej pi\u0142ce no\u017cnej i teraz by\u0142 obchodzony na ok\u0142adce katalo\u0144skiej sportu codziennie <em>L&#8217;Esportiu<\/em>. Dzi\u0119ki pogrubionemu nag\u0142\u00f3wkowi \u201een polon\u00e8s\u201d (\u201ew polsku\u201d) funkcja podkre\u015bla ich niesamowite osi\u0105gni\u0119cia i dominacj\u0119 bramkow\u0105.<\/p>\n<h2 class=\"wp-block-heading\">Polskie gwiazdy dominuj\u0105 w Hiszpanii<\/h2>\n<p>Robert Lewandowski, p\u0142odny napastnik Barcelony, pokazuje, dlaczego jest jednym z najlepszych na \u015bwiecie. Z 17 bramkami, obecnie znajduje si\u0119 na szczycie tabeli La Liga, umacniaj\u0105c swoj\u0105 rol\u0119 kluczowej postaci w sukcesie Barcelony. Po stronie kobiet Ewa Pajor by\u0142a r\u00f3wnie imponuj\u0105ca. Gwiazda Liga F osi\u0105gn\u0119\u0142a 14 bramek w tym sezonie, co czyni j\u0105 najlepszym strzelcem ligi i wybitnym graczem dla jej dru\u017cyny.<\/p>\n<figure class=\"wp-block-embed is-type-rich is-provider-twitter wp-block-embed-twitter\">\n<div class=\"wp-block-embed__wrapper\">\n<blockquote class=\"twitter-tweet\" data-width=\"550\" data-dnt=\"true\">\n<p lang=\"ca\" dir=\"ltr\">En polon\u00e8s, La Portada de <a rel=\"nofollow\" href=\"https:\/\/twitter.com\/lesportiuCAT?ref_src=twsrc%5Etfw\">@LesportiUcat<\/a> <a rel=\"nofollow\" href=\"https:\/\/twitter.com\/FCBarcelona_cat?ref_src=twsrc%5Etfw\">@FCBARCELONA_CAT<\/a> <a rel=\"nofollow\" href=\"https:\/\/twitter.com\/FCBfemeni?ref_src=twsrc%5Etfw\">@Fcbfemeni<\/a> <a rel=\"nofollow\" href=\"https:\/\/twitter.com\/UFECcat?ref_src=twsrc%5Etfw\">@Ufeccat<\/a> <a rel=\"nofollow\" href=\"https:\/\/twitter.com\/esportcat?ref_src=twsrc%5Etfw\">@ESportcat<\/a> <a rel=\"nofollow\" href=\"https:\/\/twitter.com\/asanchezfallada?ref_src=twsrc%5Etfw\">@asanchezfallada<\/a> <a rel=\"nofollow\" href=\"https:\/\/twitter.com\/BasquetManresa?ref_src=twsrc%5Etfw\">@Basquetmanresa<\/a> <a rel=\"nofollow\" href=\"https:\/\/twitter.com\/SebOgier?ref_src=twsrc%5Etfw\">@Sebogier<\/a> <a rel=\"nofollow\" href=\"https:\/\/twitter.com\/RCDEspanyol?ref_src=twsrc%5Etfw\">@RcDespanyol<\/a> <a rel=\"nofollow\" href=\"https:\/\/twitter.com\/GironaFC?ref_src=twsrc%5Etfw\">@Gironafc<\/a> <a rel=\"nofollow\" href=\"https:\/\/twitter.com\/NASTICTARRAGONA?ref_src=twsrc%5Etfw\">@Nastictarragona<\/a> <a rel=\"nofollow\" href=\"https:\/\/t.co\/v7kOtzTpaw\">pic.twitter.com\/v7kotztpaw<\/a><\/p>\n<p>&#8211; L&#8217;Esportiu de catalanya (@Lesportiucat) <a rel=\"nofollow\" href=\"https:\/\/twitter.com\/lesportiuCAT\/status\/1884004250474405896?ref_src=twsrc%5Etfw\">27 stycznia 2025 r<\/a><\/p><\/blockquote>\n<\/div>\n<\/figure>\n<h2 class=\"wp-block-heading\">Rozpoznane za instynkt strzelania bramek<\/h2>\n<p>Catalan Daily nie powstrzymywa\u0142 pochwa\u0142y, opisuj\u0105c Pajor i Lewandowski jako graczy, kt\u00f3rzy dziel\u0105 \u201et\u0119 sam\u0105 pozycj\u0119 i instynkt drapie\u017cnego\u201d, kt\u00f3re daj\u0105 Barcelonie przewag\u0119 w ataku. Ich wsp\u00f3lna zdolno\u015b\u0107 do b\u0142yszczenia pod presj\u0105 i konsekwentnego dostarczania cel\u00f3w przyci\u0105gn\u0119\u0142a uwag\u0119 fan\u00f3w pi\u0142ki no\u017cnej w Hiszpanii.<\/p>\n<\/div>\n<\/div>\n<p><script async src=\"https:\/\/platform.twitter.com\/widgets.js\" charset=\"utf-8\"><\/script><\/p>\n","protected":false},"excerpt":{"rendered":"<p>Polska pi\u0142ka no\u017cna ma chwil\u0119 w Hiszpanii, a dwie z jej najzdolniejszych gwiazd, Ewa Pajor i Robert Lewandowski, prowadz\u0105 szar\u017c\u0119.<\/p>\n","protected":false},"author":1,"featured_media":3519,"comment_status":"closed","ping_status":"","sticky":false,"template":"","format":"standard","meta":{"footnotes":""},"categories":[118],"tags":[5018,2633,892,229,5017,893,228,5016],"class_list":["post-3518","post","type-post","status-publish","format-standard","has-post-thumbnail","hentry","category-lekkoatletyka","tag-catalan","tag-daily","tag-ewa","tag-lewandowski","tag-okladce","tag-pajor","tag-robert","tag-swieca","generate-columns","tablet-grid-50","mobile-grid-100","grid-parent","grid-50","resize-featured-image"],"yoast_head":"<!-- This site is optimized with the Yoast SEO plugin v23.2 - https:\/\/yoast.com\/wordpress\/plugins\/seo\/ -->\n<title>Ewa Pajor i Robert Lewandowski \u015bwiec\u0105 na ok\u0142adce Catalan Daily - POGOTOWIE FLAGOWE\u00ae<\/title>\n<meta name=\"robots\" content=\"index, follow, max-snippet:-1, max-image-preview:large, max-video-preview:-1\" \/>\n<link rel=\"canonical\" href=\"https:\/\/www.pogotowieflagowe.pl\/aktualne\/ewa-pajor-i-robert-lewandowski-swieca-na-okladce-catalan-daily\/\" \/>\n<meta property=\"og:locale\" content=\"pl_PL\" \/>\n<meta property=\"og:type\" content=\"article\" \/>\n<meta property=\"og:title\" content=\"Ewa Pajor i Robert Lewandowski \u015bwiec\u0105 na ok\u0142adce Catalan Daily - POGOTOWIE FLAGOWE\u00ae\" \/>\n<meta property=\"og:description\" content=\"Polska pi\u0142ka no\u017cna ma chwil\u0119 w Hiszpanii, a dwie z jej najzdolniejszych gwiazd, Ewa Pajor i Robert Lewandowski, prowadz\u0105 szar\u017c\u0119.\" \/>\n<meta property=\"og:url\" content=\"https:\/\/www.pogotowieflagowe.pl\/aktualne\/ewa-pajor-i-robert-lewandowski-swieca-na-okladce-catalan-daily\/\" \/>\n<meta property=\"og:site_name\" content=\"POGOTOWIE FLAGOWE\u00ae\" \/>\n<meta property=\"article:published_time\" content=\"2025-01-29T11:48:51+00:00\" \/>\n<meta property=\"article:modified_time\" content=\"2025-01-29T11:48:52+00:00\" \/>\n<meta property=\"og:image\" content=\"https:\/\/www.pogotowieflagowe.pl\/aktualne\/wp-content\/uploads\/2025\/01\/Ewa-Pajor-i-Robert-Lewandowski-swieca-na-okladce-Catalan-Daily.jpeg\" \/>\n\t<meta property=\"og:image:width\" content=\"800\" \/>\n\t<meta property=\"og:image:height\" content=\"627\" \/>\n\t<meta property=\"og:image:type\" content=\"image\/jpeg\" \/>\n<meta name=\"author\" content=\"Filip\" \/>\n<meta name=\"twitter:card\" content=\"summary_large_image\" \/>\n<meta name=\"twitter:label1\" content=\"Napisane przez\" \/>\n\t<meta name=\"twitter:data1\" content=\"Filip\" \/>\n\t<meta name=\"twitter:label2\" content=\"Szacowany czas czytania\" \/>\n\t<meta name=\"twitter:data2\" content=\"1 minuta\" \/>\n<script type=\"application\/ld+json\" class=\"yoast-schema-graph\">{\"@context\":\"https:\/\/schema.org\",\"@graph\":[{\"@type\":\"Article\",\"@id\":\"https:\/\/www.pogotowieflagowe.pl\/aktualne\/ewa-pajor-i-robert-lewandowski-swieca-na-okladce-catalan-daily\/#article\",\"isPartOf\":{\"@id\":\"https:\/\/www.pogotowieflagowe.pl\/aktualne\/ewa-pajor-i-robert-lewandowski-swieca-na-okladce-catalan-daily\/\"},\"author\":{\"name\":\"Filip\",\"@id\":\"https:\/\/www.pogotowieflagowe.pl\/aktualne\/#\/schema\/person\/9c2fb7d2362ebf6fa088960d7f0d27b0\"},\"headline\":\"Ewa Pajor i Robert Lewandowski \u015bwiec\u0105 na ok\u0142adce Catalan Daily\",\"datePublished\":\"2025-01-29T11:48:51+00:00\",\"dateModified\":\"2025-01-29T11:48:52+00:00\",\"mainEntityOfPage\":{\"@id\":\"https:\/\/www.pogotowieflagowe.pl\/aktualne\/ewa-pajor-i-robert-lewandowski-swieca-na-okladce-catalan-daily\/\"},\"wordCount\":245,\"publisher\":{\"@id\":\"https:\/\/www.pogotowieflagowe.pl\/aktualne\/#organization\"},\"image\":{\"@id\":\"https:\/\/www.pogotowieflagowe.pl\/aktualne\/ewa-pajor-i-robert-lewandowski-swieca-na-okladce-catalan-daily\/#primaryimage\"},\"thumbnailUrl\":\"https:\/\/www.pogotowieflagowe.pl\/aktualne\/wp-content\/uploads\/2025\/01\/Ewa-Pajor-i-Robert-Lewandowski-swieca-na-okladce-Catalan-Daily.jpeg\",\"keywords\":[\"Catalan\",\"Daily\",\"Ewa\",\"Lewandowski\",\"ok\u0142adce\",\"Pajor\",\"Robert\",\"\u015bwiec\u0105\"],\"articleSection\":[\"Lekkoatletyka\"],\"inLanguage\":\"pl-PL\"},{\"@type\":\"WebPage\",\"@id\":\"https:\/\/www.pogotowieflagowe.pl\/aktualne\/ewa-pajor-i-robert-lewandowski-swieca-na-okladce-catalan-daily\/\",\"url\":\"https:\/\/www.pogotowieflagowe.pl\/aktualne\/ewa-pajor-i-robert-lewandowski-swieca-na-okladce-catalan-daily\/\",\"name\":\"Ewa Pajor i Robert Lewandowski \u015bwiec\u0105 na ok\u0142adce Catalan Daily - POGOTOWIE FLAGOWE\u00ae\",\"isPartOf\":{\"@id\":\"https:\/\/www.pogotowieflagowe.pl\/aktualne\/#website\"},\"primaryImageOfPage\":{\"@id\":\"https:\/\/www.pogotowieflagowe.pl\/aktualne\/ewa-pajor-i-robert-lewandowski-swieca-na-okladce-catalan-daily\/#primaryimage\"},\"image\":{\"@id\":\"https:\/\/www.pogotowieflagowe.pl\/aktualne\/ewa-pajor-i-robert-lewandowski-swieca-na-okladce-catalan-daily\/#primaryimage\"},\"thumbnailUrl\":\"https:\/\/www.pogotowieflagowe.pl\/aktualne\/wp-content\/uploads\/2025\/01\/Ewa-Pajor-i-Robert-Lewandowski-swieca-na-okladce-Catalan-Daily.jpeg\",\"datePublished\":\"2025-01-29T11:48:51+00:00\",\"dateModified\":\"2025-01-29T11:48:52+00:00\",\"breadcrumb\":{\"@id\":\"https:\/\/www.pogotowieflagowe.pl\/aktualne\/ewa-pajor-i-robert-lewandowski-swieca-na-okladce-catalan-daily\/#breadcrumb\"},\"inLanguage\":\"pl-PL\",\"potentialAction\":[{\"@type\":\"ReadAction\",\"target\":[\"https:\/\/www.pogotowieflagowe.pl\/aktualne\/ewa-pajor-i-robert-lewandowski-swieca-na-okladce-catalan-daily\/\"]}]},{\"@type\":\"ImageObject\",\"inLanguage\":\"pl-PL\",\"@id\":\"https:\/\/www.pogotowieflagowe.pl\/aktualne\/ewa-pajor-i-robert-lewandowski-swieca-na-okladce-catalan-daily\/#primaryimage\",\"url\":\"https:\/\/www.pogotowieflagowe.pl\/aktualne\/wp-content\/uploads\/2025\/01\/Ewa-Pajor-i-Robert-Lewandowski-swieca-na-okladce-Catalan-Daily.jpeg\",\"contentUrl\":\"https:\/\/www.pogotowieflagowe.pl\/aktualne\/wp-content\/uploads\/2025\/01\/Ewa-Pajor-i-Robert-Lewandowski-swieca-na-okladce-Catalan-Daily.jpeg\",\"width\":800,\"height\":627,\"caption\":\"Ewa Pajor i Robert Lewandowski \u015bwiec\u0105 na ok\u0142adce Catalan Daily\"},{\"@type\":\"BreadcrumbList\",\"@id\":\"https:\/\/www.pogotowieflagowe.pl\/aktualne\/ewa-pajor-i-robert-lewandowski-swieca-na-okladce-catalan-daily\/#breadcrumb\",\"itemListElement\":[{\"@type\":\"ListItem\",\"position\":1,\"name\":\"Home\",\"item\":\"https:\/\/www.pogotowieflagowe.pl\/aktualne\/\"},{\"@type\":\"ListItem\",\"position\":2,\"name\":\"Ewa Pajor i Robert Lewandowski \u015bwiec\u0105 na ok\u0142adce Catalan Daily\"}]},{\"@type\":\"WebSite\",\"@id\":\"https:\/\/www.pogotowieflagowe.pl\/aktualne\/#website\",\"url\":\"https:\/\/www.pogotowieflagowe.pl\/aktualne\/\",\"name\":\"POGOTOWIE FLAGOWE\u00ae\",\"description\":\"\",\"publisher\":{\"@id\":\"https:\/\/www.pogotowieflagowe.pl\/aktualne\/#organization\"},\"potentialAction\":[{\"@type\":\"SearchAction\",\"target\":{\"@type\":\"EntryPoint\",\"urlTemplate\":\"https:\/\/www.pogotowieflagowe.pl\/aktualne\/?s={search_term_string}\"},\"query-input\":\"required name=search_term_string\"}],\"inLanguage\":\"pl-PL\"},{\"@type\":\"Organization\",\"@id\":\"https:\/\/www.pogotowieflagowe.pl\/aktualne\/#organization\",\"name\":\"POGOTOWIE FLAGOWE\u00ae\",\"url\":\"https:\/\/www.pogotowieflagowe.pl\/aktualne\/\",\"logo\":{\"@type\":\"ImageObject\",\"inLanguage\":\"pl-PL\",\"@id\":\"https:\/\/www.pogotowieflagowe.pl\/aktualne\/#\/schema\/logo\/image\/\",\"url\":\"https:\/\/www.pogotowieflagowe.pl\/aktualne\/wp-content\/uploads\/2024\/08\/cropped-pogotowieflagowe_flaga_projekt_sm.jpg\",\"contentUrl\":\"https:\/\/www.pogotowieflagowe.pl\/aktualne\/wp-content\/uploads\/2024\/08\/cropped-pogotowieflagowe_flaga_projekt_sm.jpg\",\"width\":250,\"height\":143,\"caption\":\"POGOTOWIE FLAGOWE\u00ae\"},\"image\":{\"@id\":\"https:\/\/www.pogotowieflagowe.pl\/aktualne\/#\/schema\/logo\/image\/\"}},{\"@type\":\"Person\",\"@id\":\"https:\/\/www.pogotowieflagowe.pl\/aktualne\/#\/schema\/person\/9c2fb7d2362ebf6fa088960d7f0d27b0\",\"name\":\"Filip\",\"image\":{\"@type\":\"ImageObject\",\"inLanguage\":\"pl-PL\",\"@id\":\"https:\/\/www.pogotowieflagowe.pl\/aktualne\/#\/schema\/person\/image\/\",\"url\":\"https:\/\/www.pogotowieflagowe.pl\/aktualne\/wp-content\/uploads\/2024\/08\/pogotowieflagowe.pl_.jpg\",\"contentUrl\":\"https:\/\/www.pogotowieflagowe.pl\/aktualne\/wp-content\/uploads\/2024\/08\/pogotowieflagowe.pl_.jpg\",\"caption\":\"Filip\"},\"description\":\"Jestem Filip, polski dziennikarz z dyplomem nauk politycznych Uniwersytetu Warszawskiego. Rozpoczynaj\u0105c swoj\u0105 karier\u0119 w r\u00f3\u017cnych lokalnych mediach, zdoby\u0142em solidne do\u015bwiadczenie w zakresie \u015bledztwa i redakcji. Obecnie jako redaktor w Pogotowie flagowe, staram si\u0119 dostarcza\u0107 dog\u0142\u0119bne i istotne analizy na temat najwa\u017cniejszych kwestii aktualno\u015bci, \u0142\u0105cz\u0105c rygor z pasj\u0105 dziennikarsk\u0105.\",\"sameAs\":[\"https:\/\/www.pogotowieflagowe.pl\/\"]}]}<\/script>\n<!-- \/ Yoast SEO plugin. -->","yoast_head_json":{"title":"Ewa Pajor i Robert Lewandowski \u015bwiec\u0105 na ok\u0142adce Catalan Daily - POGOTOWIE FLAGOWE\u00ae","robots":{"index":"index","follow":"follow","max-snippet":"max-snippet:-1","max-image-preview":"max-image-preview:large","max-video-preview":"max-video-preview:-1"},"canonical":"https:\/\/www.pogotowieflagowe.pl\/aktualne\/ewa-pajor-i-robert-lewandowski-swieca-na-okladce-catalan-daily\/","og_locale":"pl_PL","og_type":"article","og_title":"Ewa Pajor i Robert Lewandowski \u015bwiec\u0105 na ok\u0142adce Catalan Daily - POGOTOWIE FLAGOWE\u00ae","og_description":"Polska pi\u0142ka no\u017cna ma chwil\u0119 w Hiszpanii, a dwie z jej najzdolniejszych gwiazd, Ewa Pajor i Robert Lewandowski, prowadz\u0105 szar\u017c\u0119.","og_url":"https:\/\/www.pogotowieflagowe.pl\/aktualne\/ewa-pajor-i-robert-lewandowski-swieca-na-okladce-catalan-daily\/","og_site_name":"POGOTOWIE FLAGOWE\u00ae","article_published_time":"2025-01-29T11:48:51+00:00","article_modified_time":"2025-01-29T11:48:52+00:00","og_image":[{"width":800,"height":627,"url":"https:\/\/www.pogotowieflagowe.pl\/aktualne\/wp-content\/uploads\/2025\/01\/Ewa-Pajor-i-Robert-Lewandowski-swieca-na-okladce-Catalan-Daily.jpeg","type":"image\/jpeg"}],"author":"Filip","twitter_card":"summary_large_image","twitter_misc":{"Napisane przez":"Filip","Szacowany czas czytania":"1 minuta"},"schema":{"@context":"https:\/\/schema.org","@graph":[{"@type":"Article","@id":"https:\/\/www.pogotowieflagowe.pl\/aktualne\/ewa-pajor-i-robert-lewandowski-swieca-na-okladce-catalan-daily\/#article","isPartOf":{"@id":"https:\/\/www.pogotowieflagowe.pl\/aktualne\/ewa-pajor-i-robert-lewandowski-swieca-na-okladce-catalan-daily\/"},"author":{"name":"Filip","@id":"https:\/\/www.pogotowieflagowe.pl\/aktualne\/#\/schema\/person\/9c2fb7d2362ebf6fa088960d7f0d27b0"},"headline":"Ewa Pajor i Robert Lewandowski \u015bwiec\u0105 na ok\u0142adce Catalan Daily","datePublished":"2025-01-29T11:48:51+00:00","dateModified":"2025-01-29T11:48:52+00:00","mainEntityOfPage":{"@id":"https:\/\/www.pogotowieflagowe.pl\/aktualne\/ewa-pajor-i-robert-lewandowski-swieca-na-okladce-catalan-daily\/"},"wordCount":245,"publisher":{"@id":"https:\/\/www.pogotowieflagowe.pl\/aktualne\/#organization"},"image":{"@id":"https:\/\/www.pogotowieflagowe.pl\/aktualne\/ewa-pajor-i-robert-lewandowski-swieca-na-okladce-catalan-daily\/#primaryimage"},"thumbnailUrl":"https:\/\/www.pogotowieflagowe.pl\/aktualne\/wp-content\/uploads\/2025\/01\/Ewa-Pajor-i-Robert-Lewandowski-swieca-na-okladce-Catalan-Daily.jpeg","keywords":["Catalan","Daily","Ewa","Lewandowski","ok\u0142adce","Pajor","Robert","\u015bwiec\u0105"],"articleSection":["Lekkoatletyka"],"inLanguage":"pl-PL"},{"@type":"WebPage","@id":"https:\/\/www.pogotowieflagowe.pl\/aktualne\/ewa-pajor-i-robert-lewandowski-swieca-na-okladce-catalan-daily\/","url":"https:\/\/www.pogotowieflagowe.pl\/aktualne\/ewa-pajor-i-robert-lewandowski-swieca-na-okladce-catalan-daily\/","name":"Ewa Pajor i Robert Lewandowski \u015bwiec\u0105 na ok\u0142adce Catalan Daily - POGOTOWIE FLAGOWE\u00ae","isPartOf":{"@id":"https:\/\/www.pogotowieflagowe.pl\/aktualne\/#website"},"primaryImageOfPage":{"@id":"https:\/\/www.pogotowieflagowe.pl\/aktualne\/ewa-pajor-i-robert-lewandowski-swieca-na-okladce-catalan-daily\/#primaryimage"},"image":{"@id":"https:\/\/www.pogotowieflagowe.pl\/aktualne\/ewa-pajor-i-robert-lewandowski-swieca-na-okladce-catalan-daily\/#primaryimage"},"thumbnailUrl":"https:\/\/www.pogotowieflagowe.pl\/aktualne\/wp-content\/uploads\/2025\/01\/Ewa-Pajor-i-Robert-Lewandowski-swieca-na-okladce-Catalan-Daily.jpeg","datePublished":"2025-01-29T11:48:51+00:00","dateModified":"2025-01-29T11:48:52+00:00","breadcrumb":{"@id":"https:\/\/www.pogotowieflagowe.pl\/aktualne\/ewa-pajor-i-robert-lewandowski-swieca-na-okladce-catalan-daily\/#breadcrumb"},"inLanguage":"pl-PL","potentialAction":[{"@type":"ReadAction","target":["https:\/\/www.pogotowieflagowe.pl\/aktualne\/ewa-pajor-i-robert-lewandowski-swieca-na-okladce-catalan-daily\/"]}]},{"@type":"ImageObject","inLanguage":"pl-PL","@id":"https:\/\/www.pogotowieflagowe.pl\/aktualne\/ewa-pajor-i-robert-lewandowski-swieca-na-okladce-catalan-daily\/#primaryimage","url":"https:\/\/www.pogotowieflagowe.pl\/aktualne\/wp-content\/uploads\/2025\/01\/Ewa-Pajor-i-Robert-Lewandowski-swieca-na-okladce-Catalan-Daily.jpeg","contentUrl":"https:\/\/www.pogotowieflagowe.pl\/aktualne\/wp-content\/uploads\/2025\/01\/Ewa-Pajor-i-Robert-Lewandowski-swieca-na-okladce-Catalan-Daily.jpeg","width":800,"height":627,"caption":"Ewa Pajor i Robert Lewandowski \u015bwiec\u0105 na ok\u0142adce Catalan Daily"},{"@type":"BreadcrumbList","@id":"https:\/\/www.pogotowieflagowe.pl\/aktualne\/ewa-pajor-i-robert-lewandowski-swieca-na-okladce-catalan-daily\/#breadcrumb","itemListElement":[{"@type":"ListItem","position":1,"name":"Home","item":"https:\/\/www.pogotowieflagowe.pl\/aktualne\/"},{"@type":"ListItem","position":2,"name":"Ewa Pajor i Robert Lewandowski \u015bwiec\u0105 na ok\u0142adce Catalan Daily"}]},{"@type":"WebSite","@id":"https:\/\/www.pogotowieflagowe.pl\/aktualne\/#website","url":"https:\/\/www.pogotowieflagowe.pl\/aktualne\/","name":"POGOTOWIE FLAGOWE\u00ae","description":"","publisher":{"@id":"https:\/\/www.pogotowieflagowe.pl\/aktualne\/#organization"},"potentialAction":[{"@type":"SearchAction","target":{"@type":"EntryPoint","urlTemplate":"https:\/\/www.pogotowieflagowe.pl\/aktualne\/?s={search_term_string}"},"query-input":"required name=search_term_string"}],"inLanguage":"pl-PL"},{"@type":"Organization","@id":"https:\/\/www.pogotowieflagowe.pl\/aktualne\/#organization","name":"POGOTOWIE FLAGOWE\u00ae","url":"https:\/\/www.pogotowieflagowe.pl\/aktualne\/","logo":{"@type":"ImageObject","inLanguage":"pl-PL","@id":"https:\/\/www.pogotowieflagowe.pl\/aktualne\/#\/schema\/logo\/image\/","url":"https:\/\/www.pogotowieflagowe.pl\/aktualne\/wp-content\/uploads\/2024\/08\/cropped-pogotowieflagowe_flaga_projekt_sm.jpg","contentUrl":"https:\/\/www.pogotowieflagowe.pl\/aktualne\/wp-content\/uploads\/2024\/08\/cropped-pogotowieflagowe_flaga_projekt_sm.jpg","width":250,"height":143,"caption":"POGOTOWIE FLAGOWE\u00ae"},"image":{"@id":"https:\/\/www.pogotowieflagowe.pl\/aktualne\/#\/schema\/logo\/image\/"}},{"@type":"Person","@id":"https:\/\/www.pogotowieflagowe.pl\/aktualne\/#\/schema\/person\/9c2fb7d2362ebf6fa088960d7f0d27b0","name":"Filip","image":{"@type":"ImageObject","inLanguage":"pl-PL","@id":"https:\/\/www.pogotowieflagowe.pl\/aktualne\/#\/schema\/person\/image\/","url":"https:\/\/www.pogotowieflagowe.pl\/aktualne\/wp-content\/uploads\/2024\/08\/pogotowieflagowe.pl_.jpg","contentUrl":"https:\/\/www.pogotowieflagowe.pl\/aktualne\/wp-content\/uploads\/2024\/08\/pogotowieflagowe.pl_.jpg","caption":"Filip"},"description":"Jestem Filip, polski dziennikarz z dyplomem nauk politycznych Uniwersytetu Warszawskiego. Rozpoczynaj\u0105c swoj\u0105 karier\u0119 w r\u00f3\u017cnych lokalnych mediach, zdoby\u0142em solidne do\u015bwiadczenie w zakresie \u015bledztwa i redakcji. Obecnie jako redaktor w Pogotowie flagowe, staram si\u0119 dostarcza\u0107 dog\u0142\u0119bne i istotne analizy na temat najwa\u017cniejszych kwestii aktualno\u015bci, \u0142\u0105cz\u0105c rygor z pasj\u0105 dziennikarsk\u0105.","sameAs":["https:\/\/www.pogotowieflagowe.pl\/"]}]}},"_links":{"self":[{"href":"https:\/\/www.pogotowieflagowe.pl\/aktualne\/wp-json\/wp\/v2\/posts\/3518","targetHints":{"allow":["GET"]}}],"collection":[{"href":"https:\/\/www.pogotowieflagowe.pl\/aktualne\/wp-json\/wp\/v2\/posts"}],"about":[{"href":"https:\/\/www.pogotowieflagowe.pl\/aktualne\/wp-json\/wp\/v2\/types\/post"}],"author":[{"embeddable":true,"href":"https:\/\/www.pogotowieflagowe.pl\/aktualne\/wp-json\/wp\/v2\/users\/1"}],"replies":[{"embeddable":true,"href":"https:\/\/www.pogotowieflagowe.pl\/aktualne\/wp-json\/wp\/v2\/comments?post=3518"}],"version-history":[{"count":1,"href":"https:\/\/www.pogotowieflagowe.pl\/aktualne\/wp-json\/wp\/v2\/posts\/3518\/revisions"}],"predecessor-version":[{"id":3520,"href":"https:\/\/www.pogotowieflagowe.pl\/aktualne\/wp-json\/wp\/v2\/posts\/3518\/revisions\/3520"}],"wp:featuredmedia":[{"embeddable":true,"href":"https:\/\/www.pogotowieflagowe.pl\/aktualne\/wp-json\/wp\/v2\/media\/3519"}],"wp:attachment":[{"href":"https:\/\/www.pogotowieflagowe.pl\/aktualne\/wp-json\/wp\/v2\/media?parent=3518"}],"wp:term":[{"taxonomy":"category","embeddable":true,"href":"https:\/\/www.pogotowieflagowe.pl\/aktualne\/wp-json\/wp\/v2\/categories?post=3518"},{"taxonomy":"post_tag","embeddable":true,"href":"https:\/\/www.pogotowieflagowe.pl\/aktualne\/wp-json\/wp\/v2\/tags?post=3518"}],"curies":[{"name":"wp","href":"https:\/\/api.w.org\/{rel}","templated":true}]}}