{"id":3577,"date":"2025-01-31T03:47:46","date_gmt":"2025-01-31T02:47:46","guid":{"rendered":"https:\/\/www.pogotowieflagowe.pl\/aktualne\/brutalna-szantaz-przeciwko-telewizji-republika-atak-na-wolnosc-slowa-niewidoczna-w-polsce-od-1989-roku\/"},"modified":"2025-01-31T03:47:46","modified_gmt":"2025-01-31T02:47:46","slug":"brutalna-szantaz-przeciwko-telewizji-republika-atak-na-wolnosc-slowa-niewidoczna-w-polsce-od-1989-roku","status":"publish","type":"post","link":"https:\/\/www.pogotowieflagowe.pl\/aktualne\/brutalna-szantaz-przeciwko-telewizji-republika-atak-na-wolnosc-slowa-niewidoczna-w-polsce-od-1989-roku\/","title":{"rendered":"Brutalna szanta\u017c przeciwko Telewizji Republika: \u201eAtak na wolno\u015b\u0107 s\u0142owa niewidoczna w Polsce od 1989 roku\u201d"},"content":{"rendered":"\n<div class=\"td_block_wrap tdb_single_content tdi_41 td-pb-border-top td_block_template_8 td-post-content tagdiv-type\" data-td-block-uid=\"tdi_41\">\n<style>.tdi_41 {margin-top: 0px! Wa\u017cne; margines-bottom: 0px! WA\u017bNY; PALDING-TOP: 0PX! WA\u017bNY; PALDING-BOTTOM: 0PX! WA\u017bNE}<\/style>\n<style>.tdb_single_content {margin-bottom: 0;*zoom: 1} .tdb_single_content: wcze\u015bniej, .tdb_single_content: po {display: Table; content: ''; line-height: 0} .TDB-BLOCK-INner>*: nie (.WP-BLOCK-QUOTE): NOT (.Alignwide): not (.alignfull.wp-block-cover.has-parallax): not (.td-a-ad) {margin-left: auto; margin-right: auto} .tdb_single_content a {wska\u017anik-events: auto} .tdb_single_content .td-spot-id-top_ad .tdc-placeholder-title: przed {content: 'top ad'! Wa\u017cne} .tdb_single_content .td-spot-id-inline_ad0 .tdc-miejsce-title: przed {content: \u201eArtyku\u0142 inline AD 1 '! Wa\u017cne} .tdb_single_content. {content: 'Artyku\u0142 inline AD 2'! Wa\u017cny} .tdb_single_content .td-spot-inline_ad2 .tdc-miejsce-title: przed {content: 'Artyku\u0142 inline AD 3'! Wa\u017cny} .tdb_single_content .td-spot-id-id -Bottom_Ad .tdc-Placeholder-Title: przed {content: 'artyku\u0142 dolny ad'! Wa\u017cny} .tdb_single_content .id_top_ad, .tdb_single_content .id_bottom_ad {clear: obu; margin-bottom: 21px; text -align: Center} .tdb_single_content. id_top_ad IMG, .tdb_single_content .id_bottom_ad Img {margin-bottom: 0} .tdb_single_content .id_top_ad .adsbyGoogle, .tdb_single_content .id_bottom_ad .adsbyGoogle , .tdb_single_content .id_ad_content-horiz-right , .tdb_single_content .id_ad_content-horiz-Center {margin-bottom: 15px} .tdb_single_content .id_content-horiz-left Img, .tdb_single_content .id_ad_content-horiz-right Gin-Bottom: 0 { lewy; margine-top: 9px; margin-right: 21px} .tdb_single_content .id_ad_content-horiz-right {float: right; margin-top: 6px; margin-left: 21px} .tdb_single_content .tdc-a-ad .tdc--- Umak zast\u0119puj\u0105cy {szeroko\u015b\u0107: 300px; height: 250px} .tdb_single_content .tdc-a-ad .tdc-miejsce-title: przed {pozycja: Absolute; top: 50%;-WebKit-Transform: t\u0142umaczenie (-50%); Transform: Translatey (-50%); margines: auto; display: tabela; szeroko\u015b\u0107: 100%} > P, .tdi_41 .tdb-block-inner> p {font-size: 16px! Wa\u017cne; linia-height: 1.6! Wa\u017cne} .tdi_41 .tdb-block-inner blokote p {font-styl: Normal! Media (Max-Width: 767px) {. tdb_single_content .id_ad_content-horiz-left, .tdb_single_content .id_ad_content-horiz-right, .tdb_single_content .id_ad_content-horiz-center {margin: 0 auto 26px auto}}}@media (MAXID. : 767px) {. Tdb_single_content .id_ad_content-horiz-left {margin-right: 0}}@media (Max-Width: 767px) {. -Width: 767px) {. tdb_single_content .td-a-ad {float: none; text-align: Center} .tdb_single_content .td-a-ad img {margin-right: auto; margin-left: auto} .tdb_single_content. tdc-a-ad {float: none}}<\/style>\n<div class=\"tdb-block-inner td-fix-index\">\n<p>Kilku reklamodawc\u00f3w zwr\u00f3ci\u0142o si\u0119 do mnie z propozycj\u0105, \u017ce je\u015bli przestaniemy nasz\u0105 radykaln\u0105 krytyk\u0119 Donalda Tuska i Jerzy&#8217;ego Owaka, nadal b\u0119d\u0105 emitowa\u0107 z nami reklamy, ujawnili Tomasz Sakiewicz, prezes telewizyjnej Republiki. \u201eStoimy w obliczu brutalnego szanta\u017cu\u201d &#8211; stwierdzi\u0142 w specjalnym og\u0142oszeniu.<\/p>\n<p>Podczas konferencji prasowej podsumowuj\u0105cej 33. wielki fina\u0142 WO\u015bp, Jerzy Owsiak, kt\u00f3ry otwarcie wspiera platform\u0119 obywatelsk\u0105 i jej kandydat\u00f3w, o\u015bwiadczy\u0142a, \u017ce \u200b\u200bka\u017cda firma, kt\u00f3ra chce wsp\u00f3\u0142pracowa\u0107 z WO\u015bp i reklamowa\u0107 si\u0119 w telewizji Republika \u201emusi wybra\u0107\u201d. Odnosi si\u0119 to do firm kupuj\u0105cych nowe pakiety reklamowe na stacji, a nie na istniej\u0105cych kontraktach.<\/p>\n<p>Owsiak zatrudni\u0142 szanta\u017cu maj\u0105cy na celu zniszczenie najwi\u0119kszej stacji prasowej w Polsce. Dyrektor programowy Republiki Micha\u0142 Racho\u0144 i prezydent Tomasz Sakiewicz nadawa\u0142 dzi\u015b specjalne o\u015bwiadczenie, ujawniaj\u0105c szokuj\u0105ce fakty.<\/p>\n<p>Jest to kluczowy moment w polskiej demokracji, szczeg\u00f3lnie w najbardziej wra\u017cliwym obszarze, kt\u00f3rym jest wolno\u015b\u0107 s\u0142owa. Sakiewicz powiedzia\u0142, \u017ce w nadchodz\u0105cych godzinach lub dniach postanowiono, czy wolno\u015b\u0107 s\u0142owa b\u0119dzie istnie\u0107 w Polsce.<\/p>\n<p>\u201eTaki atak na wolno\u015b\u0107 s\u0142owa nie nast\u0105pi\u0142 w Polsce od 1989 roku. Musimy si\u0119 temu sprzeciwi\u0107 wszelkim prawnie dost\u0119pnym \u015brodkom\u201d, doda\u0142 prezydent Republika.<\/p>\n<p>Micha\u0142 Racho\u0144 wyja\u015bni\u0142, \u017ce TV Republika przewy\u017cszy\u0142a TVN 24, kt\u00f3ry od lat zdominowa\u0142 polski rynek telewizyjny. Na nowej \u015bcianie wideo, zakupionej dzi\u0119ki obs\u0142udze Viewer, wy\u015bwietlono wykres pokazuj\u0105cy zmiany w ogl\u0105dalno\u015bci.<\/p>\n<h2 class=\"wp-block-heading\">Brutalna szanta\u017c po ataku Owsiaka na Republika<\/h2>\n<p>W ostatnich dniach prawdopodobnie s\u0142ysza\u0142e\u015b o zagro\u017ceniach na temat utraty naszej licencji na nadawanie. Zagro\u017cenia te obejmuj\u0105 zamkni\u0119cie naszego sygna\u0142u albo poprzez orzeczenia s\u0105dowe, dzia\u0142ania regulacyjne National Broadcasting Council (KRRIT), kt\u00f3ra ma zosta\u0107 przej\u0119ta, a nawet interwencja policyjna. Zacz\u0119li\u015bmy chroni\u0107 si\u0119 przed tym i podj\u0119li\u015bmy kilka krok\u00f3w, aby zapobiec odci\u0119ciu sygna\u0142u. Potem nast\u0105pi\u0142 nast\u0119pny atak &#8211; pr\u00f3ba odci\u0119cia nas od finansowania, atakowania naszego fundamentu i zastraszania naszych reklamodawc\u00f3w, powiedzia\u0142 Tomasz Sakiewicz.<\/p>\n<p>Reklamodawcy s\u0105 tutaj ofiarami. Wi\u0119kszo\u015b\u0107 z nich nie podziela pogl\u0105d\u00f3w obecnego systemu w Polsce. Ale jak powiedzia\u0142 mi jeden z nich: \u201eSir, po prostu boj\u0119 si\u0119 mojego towarzystwa i siebie\u201d. Kilku podesz\u0142o do mnie z propozycj\u0105, \u017ce je\u015bli przestaniemy radykaln\u0105 krytyk\u0119 Donalda Tuska i Jerzego Owsiaka, nadal b\u0119d\u0105 emitowa\u0107 z nami reklamy, ujawnili prezydenta Republiki.<\/p>\n<p>Sakiewicz doda\u0142, \u017ce Republika wypowiedzia\u0142a si\u0119 na ofiary powodzi i chcia\u0142a, aby Jerzy Ossiak wyja\u015bni\u0142, co sta\u0142o si\u0119 z funduszami rz\u0105dowymi, kt\u00f3re otrzyma\u0142, aby pom\u00f3c osobom dotkni\u0119tym.<\/p>\n<blockquote class=\"twitter-tweet\">\n<p lang=\"pl\" dir=\"ltr\">Nigdy Nie Zdradzimy Naszych Widzwis. Reklamodawcy Te\u017c S\u0105 Oriarami, Tego Co Si\u0119 Dzieje. https:\/\/t.co\/nl30lztjxe<\/p>\n<p>&#8211; Tomasz Sakiewicz (@Tomaszsakiewicz) <a rel=\"nofollow\" href=\"https:\/\/twitter.com\/TomaszSakiewicz\/status\/1884968546150588542?ref_src=twsrc%5Etfw\">30 stycznia 2025 r<\/a><\/p><\/blockquote>\n<p>Jego reakcja wskaza\u0142a, \u017ce \u200b\u200bma co\u015b do ukrycia. Od tego momentu rozpocz\u0119\u0142a si\u0119 niesamowita fala nienawi\u015bci. Otrzymali\u015bmy gro\u017aby \u015bmierci wobec nas samych i naszych dzieci, powiedzia\u0142 Sakiewicz, dodaj\u0105c, \u017ce \u201e\u017caden z prawdziwych sprawc\u00f3w zagro\u017ce\u0144 wobec nas nie znaleziono\u201d, mimo \u017ce rzekomo gro\u017c\u0105 Owsiakowi, nie zosta\u0142y szybko zatrzymane.<\/p>\n<p>\u201eDzi\u015b zaproponowali nam &#8211; nie b\u0119dzie problemu, b\u0119dziesz mie\u0107 pieni\u0105dze, je\u015bli zdradzisz swoich widz\u00f3w. C\u00f3\u017c, nie, nie zdradzimy ci\u0119! \u201d Zapewniony prezydent Sakiewicz.<\/p>\n<h2 class=\"wp-block-heading\">TV Republika zawsze wybierze widz\u00f3w<\/h2>\n<p>Jeste\u015bmy gotowi ponie\u015b\u0107 wszelkie konsekwencje dla naszej lojalno\u015bci wobec ciebie i prawdy. Fakt, \u017ce TUSK chce nas zniszczy\u0107, wspieraj\u0105c stacj\u0119, kt\u00f3r\u0105 uwa\u017ca za strategiczny, jest jednym z aspekt\u00f3w tego problemu. Ale pr\u00f3ba uciszczenia wszelkiej krytyki cz\u0142owieka, kt\u00f3ry sta\u0142 si\u0119 znacz\u0105c\u0105 postaci\u0105 w obozie rz\u0105dz\u0105cym &#8211; Jerzy Owakiak &#8211; kt\u00f3ry uczestniczy\u0142 w najbardziej haniebnym akcie zastraszaj\u0105cych reklamodawc\u00f3w.<\/p>\n<p>Sp\u00f3jrz na to, kto z nami reklamuje si\u0119. Je\u015bli kto\u015b to zrobi, wspierajmy tych ludzi. Ale nie mo\u017cemy pozwoli\u0107 sobie na sprzeda\u017c srebrnych monet Judasza, doda\u0142 Sakiewicz.<\/p>\n<p>Dyrektor programowy Republiki Micha\u0142 Racho\u0144 podkre\u015bli\u0142, \u017ce \u201ew obliczu wyboru mi\u0119dzy widzami a pieni\u0119dzmi od biznesmen\u00f3w Republika zawsze wybierze widz\u00f3w\u201d.<\/p>\n<\/div>\n<\/div>\n<p><script async src=\"https:\/\/platform.twitter.com\/widgets.js\" charset=\"utf-8\"><\/script><\/p>\n","protected":false},"excerpt":{"rendered":"<p>Kilku reklamodawc\u00f3w zwr\u00f3ci\u0142o si\u0119 do mnie z propozycj\u0105, \u017ce je\u015bli przestaniemy nasz\u0105 radykaln\u0105 krytyk\u0119 Donalda Tuska i Jerzy&#8217;ego Owaka, nadal<\/p>\n","protected":false},"author":1,"featured_media":549,"comment_status":"closed","ping_status":"","sticky":false,"template":"","format":"standard","meta":{"footnotes":""},"categories":[4748],"tags":[4192,5095,5097,60,355,340,1599,1208,5096,339,1364],"class_list":["post-3577","post","type-post","status-publish","format-standard","has-post-thumbnail","hentry","category-aktualne","tag-atak","tag-brutalna","tag-niewidoczna","tag-polsce","tag-przeciwko","tag-republika","tag-roku","tag-slowa","tag-szantaz","tag-telewizji","tag-wolnosc","generate-columns","tablet-grid-50","mobile-grid-100","grid-parent","grid-50","resize-featured-image"],"yoast_head":"<!-- This site is optimized with the Yoast SEO plugin v23.2 - https:\/\/yoast.com\/wordpress\/plugins\/seo\/ -->\n<title>Brutalna szanta\u017c przeciwko Telewizji Republika: \u201eAtak na wolno\u015b\u0107 s\u0142owa niewidoczna w Polsce od 1989 roku\u201d - POGOTOWIE FLAGOWE\u00ae<\/title>\n<meta name=\"robots\" content=\"index, follow, max-snippet:-1, max-image-preview:large, max-video-preview:-1\" \/>\n<link rel=\"canonical\" href=\"https:\/\/www.pogotowieflagowe.pl\/aktualne\/brutalna-szantaz-przeciwko-telewizji-republika-atak-na-wolnosc-slowa-niewidoczna-w-polsce-od-1989-roku\/\" \/>\n<meta property=\"og:locale\" content=\"pl_PL\" \/>\n<meta property=\"og:type\" content=\"article\" \/>\n<meta property=\"og:title\" content=\"Brutalna szanta\u017c przeciwko Telewizji Republika: \u201eAtak na wolno\u015b\u0107 s\u0142owa niewidoczna w Polsce od 1989 roku\u201d - POGOTOWIE FLAGOWE\u00ae\" \/>\n<meta property=\"og:description\" content=\"Kilku reklamodawc\u00f3w zwr\u00f3ci\u0142o si\u0119 do mnie z propozycj\u0105, \u017ce je\u015bli przestaniemy nasz\u0105 radykaln\u0105 krytyk\u0119 Donalda Tuska i Jerzy&#8217;ego Owaka, nadal\" \/>\n<meta property=\"og:url\" content=\"https:\/\/www.pogotowieflagowe.pl\/aktualne\/brutalna-szantaz-przeciwko-telewizji-republika-atak-na-wolnosc-slowa-niewidoczna-w-polsce-od-1989-roku\/\" \/>\n<meta property=\"og:site_name\" content=\"POGOTOWIE FLAGOWE\u00ae\" \/>\n<meta property=\"article:published_time\" content=\"2025-01-31T02:47:46+00:00\" \/>\n<meta property=\"og:image\" content=\"https:\/\/www.pogotowieflagowe.pl\/aktualne\/wp-content\/uploads\/2024\/09\/Komisja-Europejska-zajmie-sie-cenzura-Republika-TV-Czy-Bruksela-podejmie.jpg\" \/>\n\t<meta property=\"og:image:width\" content=\"1280\" \/>\n\t<meta property=\"og:image:height\" content=\"720\" \/>\n\t<meta property=\"og:image:type\" content=\"image\/jpeg\" \/>\n<meta name=\"author\" content=\"Filip\" \/>\n<meta name=\"twitter:card\" content=\"summary_large_image\" \/>\n<meta name=\"twitter:label1\" content=\"Napisane przez\" \/>\n\t<meta name=\"twitter:data1\" content=\"Filip\" \/>\n\t<meta name=\"twitter:label2\" content=\"Szacowany czas czytania\" \/>\n\t<meta name=\"twitter:data2\" content=\"3 minuty\" \/>\n<script type=\"application\/ld+json\" class=\"yoast-schema-graph\">{\"@context\":\"https:\/\/schema.org\",\"@graph\":[{\"@type\":\"Article\",\"@id\":\"https:\/\/www.pogotowieflagowe.pl\/aktualne\/brutalna-szantaz-przeciwko-telewizji-republika-atak-na-wolnosc-slowa-niewidoczna-w-polsce-od-1989-roku\/#article\",\"isPartOf\":{\"@id\":\"https:\/\/www.pogotowieflagowe.pl\/aktualne\/brutalna-szantaz-przeciwko-telewizji-republika-atak-na-wolnosc-slowa-niewidoczna-w-polsce-od-1989-roku\/\"},\"author\":{\"name\":\"Filip\",\"@id\":\"https:\/\/www.pogotowieflagowe.pl\/aktualne\/#\/schema\/person\/9c2fb7d2362ebf6fa088960d7f0d27b0\"},\"headline\":\"Brutalna szanta\u017c przeciwko Telewizji Republika: \u201eAtak na wolno\u015b\u0107 s\u0142owa niewidoczna w Polsce od 1989 roku\u201d\",\"datePublished\":\"2025-01-31T02:47:46+00:00\",\"dateModified\":\"2025-01-31T02:47:46+00:00\",\"mainEntityOfPage\":{\"@id\":\"https:\/\/www.pogotowieflagowe.pl\/aktualne\/brutalna-szantaz-przeciwko-telewizji-republika-atak-na-wolnosc-slowa-niewidoczna-w-polsce-od-1989-roku\/\"},\"wordCount\":697,\"publisher\":{\"@id\":\"https:\/\/www.pogotowieflagowe.pl\/aktualne\/#organization\"},\"image\":{\"@id\":\"https:\/\/www.pogotowieflagowe.pl\/aktualne\/brutalna-szantaz-przeciwko-telewizji-republika-atak-na-wolnosc-slowa-niewidoczna-w-polsce-od-1989-roku\/#primaryimage\"},\"thumbnailUrl\":\"https:\/\/www.pogotowieflagowe.pl\/aktualne\/wp-content\/uploads\/2024\/09\/Komisja-Europejska-zajmie-sie-cenzura-Republika-TV-Czy-Bruksela-podejmie.jpg\",\"keywords\":[\"Atak\",\"Brutalna\",\"niewidoczna\",\"Polsce\",\"przeciwko\",\"Republika\",\"roku\",\"s\u0142owa\",\"szanta\u017c\",\"telewizji\",\"Wolno\u015b\u0107\"],\"articleSection\":[\"Aktualne\"],\"inLanguage\":\"pl-PL\"},{\"@type\":\"WebPage\",\"@id\":\"https:\/\/www.pogotowieflagowe.pl\/aktualne\/brutalna-szantaz-przeciwko-telewizji-republika-atak-na-wolnosc-slowa-niewidoczna-w-polsce-od-1989-roku\/\",\"url\":\"https:\/\/www.pogotowieflagowe.pl\/aktualne\/brutalna-szantaz-przeciwko-telewizji-republika-atak-na-wolnosc-slowa-niewidoczna-w-polsce-od-1989-roku\/\",\"name\":\"Brutalna szanta\u017c przeciwko Telewizji Republika: \u201eAtak na wolno\u015b\u0107 s\u0142owa niewidoczna w Polsce od 1989 roku\u201d - POGOTOWIE FLAGOWE\u00ae\",\"isPartOf\":{\"@id\":\"https:\/\/www.pogotowieflagowe.pl\/aktualne\/#website\"},\"primaryImageOfPage\":{\"@id\":\"https:\/\/www.pogotowieflagowe.pl\/aktualne\/brutalna-szantaz-przeciwko-telewizji-republika-atak-na-wolnosc-slowa-niewidoczna-w-polsce-od-1989-roku\/#primaryimage\"},\"image\":{\"@id\":\"https:\/\/www.pogotowieflagowe.pl\/aktualne\/brutalna-szantaz-przeciwko-telewizji-republika-atak-na-wolnosc-slowa-niewidoczna-w-polsce-od-1989-roku\/#primaryimage\"},\"thumbnailUrl\":\"https:\/\/www.pogotowieflagowe.pl\/aktualne\/wp-content\/uploads\/2024\/09\/Komisja-Europejska-zajmie-sie-cenzura-Republika-TV-Czy-Bruksela-podejmie.jpg\",\"datePublished\":\"2025-01-31T02:47:46+00:00\",\"dateModified\":\"2025-01-31T02:47:46+00:00\",\"breadcrumb\":{\"@id\":\"https:\/\/www.pogotowieflagowe.pl\/aktualne\/brutalna-szantaz-przeciwko-telewizji-republika-atak-na-wolnosc-slowa-niewidoczna-w-polsce-od-1989-roku\/#breadcrumb\"},\"inLanguage\":\"pl-PL\",\"potentialAction\":[{\"@type\":\"ReadAction\",\"target\":[\"https:\/\/www.pogotowieflagowe.pl\/aktualne\/brutalna-szantaz-przeciwko-telewizji-republika-atak-na-wolnosc-slowa-niewidoczna-w-polsce-od-1989-roku\/\"]}]},{\"@type\":\"ImageObject\",\"inLanguage\":\"pl-PL\",\"@id\":\"https:\/\/www.pogotowieflagowe.pl\/aktualne\/brutalna-szantaz-przeciwko-telewizji-republika-atak-na-wolnosc-slowa-niewidoczna-w-polsce-od-1989-roku\/#primaryimage\",\"url\":\"https:\/\/www.pogotowieflagowe.pl\/aktualne\/wp-content\/uploads\/2024\/09\/Komisja-Europejska-zajmie-sie-cenzura-Republika-TV-Czy-Bruksela-podejmie.jpg\",\"contentUrl\":\"https:\/\/www.pogotowieflagowe.pl\/aktualne\/wp-content\/uploads\/2024\/09\/Komisja-Europejska-zajmie-sie-cenzura-Republika-TV-Czy-Bruksela-podejmie.jpg\",\"width\":1280,\"height\":720,\"caption\":\"Komisja Europejska zajmie si\u0119 cenzur\u0105 Republika TV: Czy Bruksela podejmie dzia\u0142ania przeciwko Tuskowi?\"},{\"@type\":\"BreadcrumbList\",\"@id\":\"https:\/\/www.pogotowieflagowe.pl\/aktualne\/brutalna-szantaz-przeciwko-telewizji-republika-atak-na-wolnosc-slowa-niewidoczna-w-polsce-od-1989-roku\/#breadcrumb\",\"itemListElement\":[{\"@type\":\"ListItem\",\"position\":1,\"name\":\"Home\",\"item\":\"https:\/\/www.pogotowieflagowe.pl\/aktualne\/\"},{\"@type\":\"ListItem\",\"position\":2,\"name\":\"Brutalna szanta\u017c przeciwko Telewizji Republika: \u201eAtak na wolno\u015b\u0107 s\u0142owa niewidoczna w Polsce od 1989 roku\u201d\"}]},{\"@type\":\"WebSite\",\"@id\":\"https:\/\/www.pogotowieflagowe.pl\/aktualne\/#website\",\"url\":\"https:\/\/www.pogotowieflagowe.pl\/aktualne\/\",\"name\":\"POGOTOWIE FLAGOWE\u00ae\",\"description\":\"\",\"publisher\":{\"@id\":\"https:\/\/www.pogotowieflagowe.pl\/aktualne\/#organization\"},\"potentialAction\":[{\"@type\":\"SearchAction\",\"target\":{\"@type\":\"EntryPoint\",\"urlTemplate\":\"https:\/\/www.pogotowieflagowe.pl\/aktualne\/?s={search_term_string}\"},\"query-input\":\"required name=search_term_string\"}],\"inLanguage\":\"pl-PL\"},{\"@type\":\"Organization\",\"@id\":\"https:\/\/www.pogotowieflagowe.pl\/aktualne\/#organization\",\"name\":\"POGOTOWIE FLAGOWE\u00ae\",\"url\":\"https:\/\/www.pogotowieflagowe.pl\/aktualne\/\",\"logo\":{\"@type\":\"ImageObject\",\"inLanguage\":\"pl-PL\",\"@id\":\"https:\/\/www.pogotowieflagowe.pl\/aktualne\/#\/schema\/logo\/image\/\",\"url\":\"https:\/\/www.pogotowieflagowe.pl\/aktualne\/wp-content\/uploads\/2024\/08\/cropped-pogotowieflagowe_flaga_projekt_sm.jpg\",\"contentUrl\":\"https:\/\/www.pogotowieflagowe.pl\/aktualne\/wp-content\/uploads\/2024\/08\/cropped-pogotowieflagowe_flaga_projekt_sm.jpg\",\"width\":250,\"height\":143,\"caption\":\"POGOTOWIE FLAGOWE\u00ae\"},\"image\":{\"@id\":\"https:\/\/www.pogotowieflagowe.pl\/aktualne\/#\/schema\/logo\/image\/\"}},{\"@type\":\"Person\",\"@id\":\"https:\/\/www.pogotowieflagowe.pl\/aktualne\/#\/schema\/person\/9c2fb7d2362ebf6fa088960d7f0d27b0\",\"name\":\"Filip\",\"image\":{\"@type\":\"ImageObject\",\"inLanguage\":\"pl-PL\",\"@id\":\"https:\/\/www.pogotowieflagowe.pl\/aktualne\/#\/schema\/person\/image\/\",\"url\":\"https:\/\/www.pogotowieflagowe.pl\/aktualne\/wp-content\/uploads\/2024\/08\/pogotowieflagowe.pl_.jpg\",\"contentUrl\":\"https:\/\/www.pogotowieflagowe.pl\/aktualne\/wp-content\/uploads\/2024\/08\/pogotowieflagowe.pl_.jpg\",\"caption\":\"Filip\"},\"description\":\"Jestem Filip, polski dziennikarz z dyplomem nauk politycznych Uniwersytetu Warszawskiego. Rozpoczynaj\u0105c swoj\u0105 karier\u0119 w r\u00f3\u017cnych lokalnych mediach, zdoby\u0142em solidne do\u015bwiadczenie w zakresie \u015bledztwa i redakcji. Obecnie jako redaktor w Pogotowie flagowe, staram si\u0119 dostarcza\u0107 dog\u0142\u0119bne i istotne analizy na temat najwa\u017cniejszych kwestii aktualno\u015bci, \u0142\u0105cz\u0105c rygor z pasj\u0105 dziennikarsk\u0105.\",\"sameAs\":[\"https:\/\/www.pogotowieflagowe.pl\/\"]}]}<\/script>\n<!-- \/ Yoast SEO plugin. -->","yoast_head_json":{"title":"Brutalna szanta\u017c przeciwko Telewizji Republika: \u201eAtak na wolno\u015b\u0107 s\u0142owa niewidoczna w Polsce od 1989 roku\u201d - POGOTOWIE FLAGOWE\u00ae","robots":{"index":"index","follow":"follow","max-snippet":"max-snippet:-1","max-image-preview":"max-image-preview:large","max-video-preview":"max-video-preview:-1"},"canonical":"https:\/\/www.pogotowieflagowe.pl\/aktualne\/brutalna-szantaz-przeciwko-telewizji-republika-atak-na-wolnosc-slowa-niewidoczna-w-polsce-od-1989-roku\/","og_locale":"pl_PL","og_type":"article","og_title":"Brutalna szanta\u017c przeciwko Telewizji Republika: \u201eAtak na wolno\u015b\u0107 s\u0142owa niewidoczna w Polsce od 1989 roku\u201d - POGOTOWIE FLAGOWE\u00ae","og_description":"Kilku reklamodawc\u00f3w zwr\u00f3ci\u0142o si\u0119 do mnie z propozycj\u0105, \u017ce je\u015bli przestaniemy nasz\u0105 radykaln\u0105 krytyk\u0119 Donalda Tuska i Jerzy&#8217;ego Owaka, nadal","og_url":"https:\/\/www.pogotowieflagowe.pl\/aktualne\/brutalna-szantaz-przeciwko-telewizji-republika-atak-na-wolnosc-slowa-niewidoczna-w-polsce-od-1989-roku\/","og_site_name":"POGOTOWIE FLAGOWE\u00ae","article_published_time":"2025-01-31T02:47:46+00:00","og_image":[{"width":1280,"height":720,"url":"https:\/\/www.pogotowieflagowe.pl\/aktualne\/wp-content\/uploads\/2024\/09\/Komisja-Europejska-zajmie-sie-cenzura-Republika-TV-Czy-Bruksela-podejmie.jpg","type":"image\/jpeg"}],"author":"Filip","twitter_card":"summary_large_image","twitter_misc":{"Napisane przez":"Filip","Szacowany czas czytania":"3 minuty"},"schema":{"@context":"https:\/\/schema.org","@graph":[{"@type":"Article","@id":"https:\/\/www.pogotowieflagowe.pl\/aktualne\/brutalna-szantaz-przeciwko-telewizji-republika-atak-na-wolnosc-slowa-niewidoczna-w-polsce-od-1989-roku\/#article","isPartOf":{"@id":"https:\/\/www.pogotowieflagowe.pl\/aktualne\/brutalna-szantaz-przeciwko-telewizji-republika-atak-na-wolnosc-slowa-niewidoczna-w-polsce-od-1989-roku\/"},"author":{"name":"Filip","@id":"https:\/\/www.pogotowieflagowe.pl\/aktualne\/#\/schema\/person\/9c2fb7d2362ebf6fa088960d7f0d27b0"},"headline":"Brutalna szanta\u017c przeciwko Telewizji Republika: \u201eAtak na wolno\u015b\u0107 s\u0142owa niewidoczna w Polsce od 1989 roku\u201d","datePublished":"2025-01-31T02:47:46+00:00","dateModified":"2025-01-31T02:47:46+00:00","mainEntityOfPage":{"@id":"https:\/\/www.pogotowieflagowe.pl\/aktualne\/brutalna-szantaz-przeciwko-telewizji-republika-atak-na-wolnosc-slowa-niewidoczna-w-polsce-od-1989-roku\/"},"wordCount":697,"publisher":{"@id":"https:\/\/www.pogotowieflagowe.pl\/aktualne\/#organization"},"image":{"@id":"https:\/\/www.pogotowieflagowe.pl\/aktualne\/brutalna-szantaz-przeciwko-telewizji-republika-atak-na-wolnosc-slowa-niewidoczna-w-polsce-od-1989-roku\/#primaryimage"},"thumbnailUrl":"https:\/\/www.pogotowieflagowe.pl\/aktualne\/wp-content\/uploads\/2024\/09\/Komisja-Europejska-zajmie-sie-cenzura-Republika-TV-Czy-Bruksela-podejmie.jpg","keywords":["Atak","Brutalna","niewidoczna","Polsce","przeciwko","Republika","roku","s\u0142owa","szanta\u017c","telewizji","Wolno\u015b\u0107"],"articleSection":["Aktualne"],"inLanguage":"pl-PL"},{"@type":"WebPage","@id":"https:\/\/www.pogotowieflagowe.pl\/aktualne\/brutalna-szantaz-przeciwko-telewizji-republika-atak-na-wolnosc-slowa-niewidoczna-w-polsce-od-1989-roku\/","url":"https:\/\/www.pogotowieflagowe.pl\/aktualne\/brutalna-szantaz-przeciwko-telewizji-republika-atak-na-wolnosc-slowa-niewidoczna-w-polsce-od-1989-roku\/","name":"Brutalna szanta\u017c przeciwko Telewizji Republika: \u201eAtak na wolno\u015b\u0107 s\u0142owa niewidoczna w Polsce od 1989 roku\u201d - POGOTOWIE FLAGOWE\u00ae","isPartOf":{"@id":"https:\/\/www.pogotowieflagowe.pl\/aktualne\/#website"},"primaryImageOfPage":{"@id":"https:\/\/www.pogotowieflagowe.pl\/aktualne\/brutalna-szantaz-przeciwko-telewizji-republika-atak-na-wolnosc-slowa-niewidoczna-w-polsce-od-1989-roku\/#primaryimage"},"image":{"@id":"https:\/\/www.pogotowieflagowe.pl\/aktualne\/brutalna-szantaz-przeciwko-telewizji-republika-atak-na-wolnosc-slowa-niewidoczna-w-polsce-od-1989-roku\/#primaryimage"},"thumbnailUrl":"https:\/\/www.pogotowieflagowe.pl\/aktualne\/wp-content\/uploads\/2024\/09\/Komisja-Europejska-zajmie-sie-cenzura-Republika-TV-Czy-Bruksela-podejmie.jpg","datePublished":"2025-01-31T02:47:46+00:00","dateModified":"2025-01-31T02:47:46+00:00","breadcrumb":{"@id":"https:\/\/www.pogotowieflagowe.pl\/aktualne\/brutalna-szantaz-przeciwko-telewizji-republika-atak-na-wolnosc-slowa-niewidoczna-w-polsce-od-1989-roku\/#breadcrumb"},"inLanguage":"pl-PL","potentialAction":[{"@type":"ReadAction","target":["https:\/\/www.pogotowieflagowe.pl\/aktualne\/brutalna-szantaz-przeciwko-telewizji-republika-atak-na-wolnosc-slowa-niewidoczna-w-polsce-od-1989-roku\/"]}]},{"@type":"ImageObject","inLanguage":"pl-PL","@id":"https:\/\/www.pogotowieflagowe.pl\/aktualne\/brutalna-szantaz-przeciwko-telewizji-republika-atak-na-wolnosc-slowa-niewidoczna-w-polsce-od-1989-roku\/#primaryimage","url":"https:\/\/www.pogotowieflagowe.pl\/aktualne\/wp-content\/uploads\/2024\/09\/Komisja-Europejska-zajmie-sie-cenzura-Republika-TV-Czy-Bruksela-podejmie.jpg","contentUrl":"https:\/\/www.pogotowieflagowe.pl\/aktualne\/wp-content\/uploads\/2024\/09\/Komisja-Europejska-zajmie-sie-cenzura-Republika-TV-Czy-Bruksela-podejmie.jpg","width":1280,"height":720,"caption":"Komisja Europejska zajmie si\u0119 cenzur\u0105 Republika TV: Czy Bruksela podejmie dzia\u0142ania przeciwko Tuskowi?"},{"@type":"BreadcrumbList","@id":"https:\/\/www.pogotowieflagowe.pl\/aktualne\/brutalna-szantaz-przeciwko-telewizji-republika-atak-na-wolnosc-slowa-niewidoczna-w-polsce-od-1989-roku\/#breadcrumb","itemListElement":[{"@type":"ListItem","position":1,"name":"Home","item":"https:\/\/www.pogotowieflagowe.pl\/aktualne\/"},{"@type":"ListItem","position":2,"name":"Brutalna szanta\u017c przeciwko Telewizji Republika: \u201eAtak na wolno\u015b\u0107 s\u0142owa niewidoczna w Polsce od 1989 roku\u201d"}]},{"@type":"WebSite","@id":"https:\/\/www.pogotowieflagowe.pl\/aktualne\/#website","url":"https:\/\/www.pogotowieflagowe.pl\/aktualne\/","name":"POGOTOWIE FLAGOWE\u00ae","description":"","publisher":{"@id":"https:\/\/www.pogotowieflagowe.pl\/aktualne\/#organization"},"potentialAction":[{"@type":"SearchAction","target":{"@type":"EntryPoint","urlTemplate":"https:\/\/www.pogotowieflagowe.pl\/aktualne\/?s={search_term_string}"},"query-input":"required name=search_term_string"}],"inLanguage":"pl-PL"},{"@type":"Organization","@id":"https:\/\/www.pogotowieflagowe.pl\/aktualne\/#organization","name":"POGOTOWIE FLAGOWE\u00ae","url":"https:\/\/www.pogotowieflagowe.pl\/aktualne\/","logo":{"@type":"ImageObject","inLanguage":"pl-PL","@id":"https:\/\/www.pogotowieflagowe.pl\/aktualne\/#\/schema\/logo\/image\/","url":"https:\/\/www.pogotowieflagowe.pl\/aktualne\/wp-content\/uploads\/2024\/08\/cropped-pogotowieflagowe_flaga_projekt_sm.jpg","contentUrl":"https:\/\/www.pogotowieflagowe.pl\/aktualne\/wp-content\/uploads\/2024\/08\/cropped-pogotowieflagowe_flaga_projekt_sm.jpg","width":250,"height":143,"caption":"POGOTOWIE FLAGOWE\u00ae"},"image":{"@id":"https:\/\/www.pogotowieflagowe.pl\/aktualne\/#\/schema\/logo\/image\/"}},{"@type":"Person","@id":"https:\/\/www.pogotowieflagowe.pl\/aktualne\/#\/schema\/person\/9c2fb7d2362ebf6fa088960d7f0d27b0","name":"Filip","image":{"@type":"ImageObject","inLanguage":"pl-PL","@id":"https:\/\/www.pogotowieflagowe.pl\/aktualne\/#\/schema\/person\/image\/","url":"https:\/\/www.pogotowieflagowe.pl\/aktualne\/wp-content\/uploads\/2024\/08\/pogotowieflagowe.pl_.jpg","contentUrl":"https:\/\/www.pogotowieflagowe.pl\/aktualne\/wp-content\/uploads\/2024\/08\/pogotowieflagowe.pl_.jpg","caption":"Filip"},"description":"Jestem Filip, polski dziennikarz z dyplomem nauk politycznych Uniwersytetu Warszawskiego. Rozpoczynaj\u0105c swoj\u0105 karier\u0119 w r\u00f3\u017cnych lokalnych mediach, zdoby\u0142em solidne do\u015bwiadczenie w zakresie \u015bledztwa i redakcji. Obecnie jako redaktor w Pogotowie flagowe, staram si\u0119 dostarcza\u0107 dog\u0142\u0119bne i istotne analizy na temat najwa\u017cniejszych kwestii aktualno\u015bci, \u0142\u0105cz\u0105c rygor z pasj\u0105 dziennikarsk\u0105.","sameAs":["https:\/\/www.pogotowieflagowe.pl\/"]}]}},"_links":{"self":[{"href":"https:\/\/www.pogotowieflagowe.pl\/aktualne\/wp-json\/wp\/v2\/posts\/3577","targetHints":{"allow":["GET"]}}],"collection":[{"href":"https:\/\/www.pogotowieflagowe.pl\/aktualne\/wp-json\/wp\/v2\/posts"}],"about":[{"href":"https:\/\/www.pogotowieflagowe.pl\/aktualne\/wp-json\/wp\/v2\/types\/post"}],"author":[{"embeddable":true,"href":"https:\/\/www.pogotowieflagowe.pl\/aktualne\/wp-json\/wp\/v2\/users\/1"}],"replies":[{"embeddable":true,"href":"https:\/\/www.pogotowieflagowe.pl\/aktualne\/wp-json\/wp\/v2\/comments?post=3577"}],"version-history":[{"count":1,"href":"https:\/\/www.pogotowieflagowe.pl\/aktualne\/wp-json\/wp\/v2\/posts\/3577\/revisions"}],"predecessor-version":[{"id":3578,"href":"https:\/\/www.pogotowieflagowe.pl\/aktualne\/wp-json\/wp\/v2\/posts\/3577\/revisions\/3578"}],"wp:featuredmedia":[{"embeddable":true,"href":"https:\/\/www.pogotowieflagowe.pl\/aktualne\/wp-json\/wp\/v2\/media\/549"}],"wp:attachment":[{"href":"https:\/\/www.pogotowieflagowe.pl\/aktualne\/wp-json\/wp\/v2\/media?parent=3577"}],"wp:term":[{"taxonomy":"category","embeddable":true,"href":"https:\/\/www.pogotowieflagowe.pl\/aktualne\/wp-json\/wp\/v2\/categories?post=3577"},{"taxonomy":"post_tag","embeddable":true,"href":"https:\/\/www.pogotowieflagowe.pl\/aktualne\/wp-json\/wp\/v2\/tags?post=3577"}],"curies":[{"name":"wp","href":"https:\/\/api.w.org\/{rel}","templated":true}]}}