{"id":3579,"date":"2025-01-31T08:47:32","date_gmt":"2025-01-31T07:47:32","guid":{"rendered":"https:\/\/www.pogotowieflagowe.pl\/aktualne\/prezydent-usa-plec-jest-niezmienna-po-koncepcji-zycie-nalezy-chronic\/"},"modified":"2025-01-31T08:47:32","modified_gmt":"2025-01-31T07:47:32","slug":"prezydent-usa-plec-jest-niezmienna-po-koncepcji-zycie-nalezy-chronic","status":"publish","type":"post","link":"https:\/\/www.pogotowieflagowe.pl\/aktualne\/prezydent-usa-plec-jest-niezmienna-po-koncepcji-zycie-nalezy-chronic\/","title":{"rendered":"Prezydent USA: P\u0142e\u0107 jest niezmienna po koncepcji, \u017cycie nale\u017cy chroni\u0107"},"content":{"rendered":"\n<div class=\"td_block_wrap tdb_single_content tdi_41 td-pb-border-top td_block_template_8 td-post-content tagdiv-type\" data-td-block-uid=\"tdi_41\">\n<style>.tdi_41 {margin-top: 0px! Wa\u017cne; margines-bottom: 0px! WA\u017bNY; PALDING-TOP: 0PX! WA\u017bNY; PALDING-BOTTOM: 0PX! WA\u017bNE}<\/style>\n<style>.tdb_single_content {margin-bottom: 0;*zoom: 1} .tdb_single_content: wcze\u015bniej, .tdb_single_content: po {display: Table; content: ''; line-height: 0} .TDB-BLOCK-INner>*: nie (.WP-BLOCK-QUOTE): NOT (.Alignwide): not (.alignfull.wp-block-cover.has-parallax): not (.td-a-ad) {margin-left: auto; margin-right: auto} .tdb_single_content a {wska\u017anik-events: auto} .tdb_single_content .td-spot-id-top_ad .tdc-placeholder-title: przed {content: 'top ad'! Wa\u017cne} .tdb_single_content .td-spot-id-inline_ad0 .tdc-miejsce-title: przed {content: \u201eArtyku\u0142 inline AD 1 '! Wa\u017cne} .tdb_single_content. {content: 'Artyku\u0142 inline AD 2'! Wa\u017cny} .tdb_single_content .td-spot-inline_ad2 .tdc-miejsce-title: przed {content: 'Artyku\u0142 inline AD 3'! Wa\u017cny} .tdb_single_content .td-spot-id-id -Bottom_Ad .tdc-Placeholder-Title: przed {content: 'artyku\u0142 dolny ad'! Wa\u017cny} .tdb_single_content .id_top_ad, .tdb_single_content .id_bottom_ad {clear: obu; margin-bottom: 21px; text -align: Center} .tdb_single_content. id_top_ad IMG, .tdb_single_content .id_bottom_ad Img {margin-bottom: 0} .tdb_single_content .id_top_ad .adsbyGoogle, .tdb_single_content .id_bottom_ad .adsbyGoogle , .tdb_single_content .id_ad_content-horiz-right , .tdb_single_content .id_ad_content-horiz-Center {margin-bottom: 15px} .tdb_single_content .id_content-horiz-left Img, .tdb_single_content .id_ad_content-horiz-right Gin-Bottom: 0 { lewy; margine-top: 9px; margin-right: 21px} .tdb_single_content .id_ad_content-horiz-right {float: right; margin-top: 6px; margin-left: 21px} .tdb_single_content .tdc-a-ad .tdc--- Umak zast\u0119puj\u0105cy {szeroko\u015b\u0107: 300px; height: 250px} .tdb_single_content .tdc-a-ad .tdc-miejsce-title: przed {pozycja: Absolute; top: 50%;-WebKit-Transform: t\u0142umaczenie (-50%); Transform: Translatey (-50%); margines: auto; display: tabela; szeroko\u015b\u0107: 100%} > P, .tdi_41 .tdb-block-inner> p {font-size: 16px! Wa\u017cne; linia-height: 1.6! Wa\u017cne} .tdi_41 .tdb-block-inner blokote p {font-styl: Normal! Media (Max-Width: 767px) {. tdb_single_content .id_ad_content-horiz-left, .tdb_single_content .id_ad_content-horiz-right, .tdb_single_content .id_ad_content-horiz-center {margin: 0 auto 26px auto}}}@media (MAXID. : 767px) {. Tdb_single_content .id_ad_content-horiz-left {margin-right: 0}}@media (Max-Width: 767px) {. -Width: 767px) {. tdb_single_content .td-a-ad {float: none; text-align: Center} .tdb_single_content .td-a-ad img {margin-right: auto; margin-left: auto} .tdb_single_content. tdc-a-ad {float: none}}<\/style>\n<div class=\"tdb-block-inner td-fix-index\">\n<p>Prezydent USA Donald Trump podpisa\u0142 zarz\u0105dzenie wykonawcze potwierdzaj\u0105ce niezmienno\u015b\u0107 seksu biologicznego. Dokument definiuje kobiet\u0119 jako \u201eosob\u0119 nale\u017c\u0105c\u0105 do p\u0142ci, kt\u00f3ra wytwarza du\u017ce kom\u00f3rki rozrodcze (OVA) z pocz\u0119cia\u201d. Wed\u0142ug Ordo Iuris Institute ten dekret po\u015brednio sugeruje, \u017ce \u017cycie ludzkie zaczyna si\u0119 od pocz\u0119cia. Eksperci prawni zauwa\u017caj\u0105, \u017ce takie uznanie mo\u017ce mie\u0107 znacz\u0105cy implikacje dla prawnej ochrony \u017cycia w Stanach Zjednoczonych.<\/p>\n<h2 class=\"wp-block-heading\">Zakon wykonawczy w sprawie p\u0142ci i prawdy biologicznej<\/h2>\n<p>Zakon wykonawczy, zatytu\u0142owany \u201eOchrona kobiet przed ekstremizmem ideologii p\u0142ciowej i przywracanie biologicznej prawdy w administracji federalnej\u201d, wywo\u0142a\u0142 powszechn\u0105 dyskusj\u0119 w\u015br\u00f3d kr\u0119g\u00f3w prawnych i politycznych. Eksperci podkre\u015blaj\u0105, \u017ce jest to jeden z pierwszych dokument\u00f3w na poziomie federalnym, kt\u00f3ry wyra\u017anie stwierdzi\u0142, \u017ce p\u0142e\u0107 danej osoby, przypisana podczas koncepcji, pozostaje ich biologicznym seksem przez ca\u0142e \u017cycie. Chocia\u017c nie ma ci\u0119\u017caru przepis\u00f3w, ten zarz\u0105dzenie mo\u017ce wp\u0142yn\u0105\u0107 na przysz\u0142e interpretacje prawne.<\/p>\n<p>Ordo Iuris zacytowa\u0142 profesora etyki Andrew T. Walkera, kt\u00f3ry opisa\u0142 ten ruch jako \u201egenialny i strategiczny\u201d w obronie \u017cycia ludzkiego. Tymczasem Mary Ziegler, profesor prawa z University of California, Davis, zauwa\u017cy\u0142a: \u201eZawsze jest to znacz\u0105ce wydarzenie, gdy taki j\u0119zyk wchodzi w prawo federalne\u201d. Holenderska socjolog Elise Van Hoek, kt\u00f3ra szeroko bada\u0142a ustawodawstwo zwi\u0105zane z p\u0142ci\u0105, stwierdzi\u0142a: \u201eNajwy\u017cszy czas, aby spo\u0142ecze\u0144stwo uznali, jak szkodliwe s\u0105 dzia\u0142ania dzia\u0142aczy na rzecz ideologii p\u0142ciowej, poniewa\u017c fa\u0142szywie przedstawiaj\u0105 si\u0119 jako zwolenni praw transpietowych\u201d.<\/p>\n<h2 class=\"wp-block-heading\">Implikacje dla pro-life rzecznictwa<\/h2>\n<p>Instytut Ordo Iuris podkre\u015bla, \u017ce \u200b\u200buznanie p\u0142ci za niezmienne z koncepcji mo\u017ce wp\u0142yn\u0105\u0107 na ustawodawstwo dotycz\u0105ce ochrony \u017cycia w USA \u201eObecnie aborcja jest legalna w wielu stanach, a orzeczenie S\u0105du Najwy\u017cszego w 2022 r. W DOBBS przeciwko Jackson Women&#8217;s Health Organization Organizacja Zdrowia stanowi uprawnienia do uregulowania problemu. Chocia\u017c zarz\u0105dzenie wykonawcze Trumpa tego nie zmienia, mo\u017ce stanowi\u0107 argument prawny dla pro-life zwolennik\u00f3w poszukiwania silniejszej ochrony \u017cycia ludzkiego na szczeblu stanowym lub federalnym \u201d-wyja\u015bnia Instytut.<\/p>\n<p>Profesor Mary Ziegler przyznaje, \u017ce zam\u00f3wienie nie ustanawia nowych zabezpiecze\u0144 prawnych dla zarodk\u00f3w. Pyta jednak, czy sygnalizuje to pocz\u0105tek szerszego wysi\u0142ku w celu wdro\u017cenia surowszych przepis\u00f3w dotycz\u0105cych aborcji i zap\u0142odnienia in vitro, czy te\u017c jest to po prostu symboliczny gest w kierunku ruchu pro-life. \u201eW\u0142\u0105czenie tego j\u0119zyka do polityki federalnej mo\u017ce mie\u0107 dalekosi\u0119\u017cne konsekwencje dla przysz\u0142ych dzia\u0142a\u0144 legislacyjnych na poziomie krajowym\u201d, zauwa\u017cy\u0142a w analizie Ordo Iuris.<\/p>\n<h2 class=\"wp-block-heading\">Kierunek polityki Pro-Life Trump<\/h2>\n<p>Ordo Iuris podkre\u015bla, \u017ce \u200b\u200bw ostatnich latach odnotowano znacz\u0105ce zmiany w ameryka\u0144skich przepisach dotycz\u0105cych aborcji, szczeg\u00f3lnie pod administracj\u0105 Trumpa. \u201ePo przesy\u0142aniu biura Trump podpisa\u0142 zarz\u0105dzenie wykonawcze zakazuj\u0105ce federalnego finansowania organizacji mi\u0119dzynarodowych, kt\u00f3re promuj\u0105 aborcj\u0119\u201d, poinformowa\u0142 Instytut.<\/p>\n<p>Najnowsze zarz\u0105dzenie wykonawcze zezwala na federalne finansowanie aborcji tylko w przypadku gwa\u0142tu, kazirodztwa lub gdy \u017cycie matki jest zagro\u017cone. Trump skrytykowa\u0142 poprzedni\u0105 administracj\u0119 za \u201ewymuszanie aborcji finansowanych przez podatnik\u00f3w na \u017c\u0105danie\u201d za po\u015brednictwem r\u00f3\u017cnych program\u00f3w federalnych. Ponadto odwo\u0142a\u0142 dwa nakazy wykonawcze prezydenta Joe Bidena w 2022 r., Ma\u0142y na celu zwi\u0119kszenie dost\u0119pu do aborcji, w tym postanowienia, kt\u00f3re pozwoli\u0142y Sekretarzowi Zdrowia i Opieki Spo\u0142ecznej na pomoc kobietom podr\u00f3\u017cuj\u0105cym mi\u0119dzy pa\u0144stwami w zakresie us\u0142ug aborcyjnych.<\/p>\n<h2 class=\"wp-block-heading\">Projekt 2025: Republika\u0144ska platforma polityk pro-life<\/h2>\n<p>Ordo Iuris odwo\u0142uje si\u0119 r\u00f3wnie\u017c do projektu 2025, republika\u0144skiej platformy polityki, kt\u00f3ra zawiera wiele odniesie\u0144 do poprawki Hyde &#8211; d\u0142ugotrwa\u0142y przepis zabraniaj\u0105cy wykorzystania funduszy federalnych na aborcj\u0119. Pomimo tego jasnego stanowiska administracja Biden stara\u0142a si\u0119 ograniczy\u0107 sw\u00f3j wniosek.<\/p>\n<p>Wed\u0142ug Ordo Iuris, projekt 2025 proponuje:<\/p>\n<ul class=\"wp-block-list\">\n<li>Cofni\u0119cie interpretacji poprawki Hyde Administration z administracji Biden,<\/li>\n<li>Przeprowadzenie pe\u0142nej kontroli Departamentu Zdrowia i Opieki Spo\u0142ecznej w celu zapewnienia zgodno\u015bci z poprawk\u0105,<\/li>\n<li>Trwale kodyfikuj\u0105c poprawk\u0119 Hyde do prawa federalnego, aby nie wymaga\u0142a corocznego zatwierdzenia Kongresu w ramach procesu bud\u017cetowego.<\/li>\n<\/ul>\n<p>W styczniu republika\u0144scy senatorowie John Kennedy (Luizjana) i Roger Wicker (Mississippi) wprowadzili projekt ustawy na sta\u0142e zabronienie wykorzystania funduszy federalnych na aborcj\u0119. Proponowane przepisy maj\u0105 na celu ustanowienie jednolitego standardu we wszystkich programach rz\u0105dowych.<\/p>\n<p>\u201eJednym z g\u0142\u00f3wnych cel\u00f3w projektu 2025 jest ograniczenie federalnych finansowania organizacji proaborcyjnych, takich jak Planned Parenthood, kt\u00f3re wykorzystuj\u0105 fundusze publiczne do promowania aborcji, antykoncepcji i innych inicjatyw na rzecz praw reprodukcyjnych. Je\u015bli te proponowane zmiany zostan\u0105 wdro\u017cone, mog\u0105 znacznie ograniczy\u0107 dost\u0119pno\u015b\u0107 aborcji finansowanych ze \u015brodk\u00f3w publicznych \u201d, donosi Ordo Iuris.<\/p>\n<h2 class=\"wp-block-heading\">Krok w kierunku silniejszej ochrony \u017cycia<\/h2>\n<p>Instytut Ordo Iuris twierdzi, \u017ce dzia\u0142anie wykonawcze prezydenta Trumpa, wspierane przez republika\u0144skie wsparcie, stanowi okazj\u0119 do zwi\u0119kszenia ochrony prawnej dla ludzkiego \u017cycia.<\/p>\n<p>\u201eZakon wykonawczy prezydenta Donalda Trumpa jest kluczowym krokiem w trwaj\u0105cej debacie na temat ochrony \u017cycia w prawie USA. Chocia\u017c nie przenosi ci\u0119\u017caru przepis\u00f3w, sygnalizuje wyra\u017any kierunek polityki, kt\u00f3ry mo\u017ce kszta\u0142towa\u0107 przysz\u0142e dzia\u0142ania administracji. W\u015br\u00f3d rosn\u0105cej polaryzacji politycznej w USA uznanie \u017cycia ludzkiego od koncepcji pozostanie jednym z najbardziej kontrowersyjnych problem\u00f3w w dyskursie publicznym. Z perspektywy prawa mi\u0119dzynarodowego, uznanie niezmienno\u015bci p\u0142ci od pocz\u0119cia po\u015brednio potwierdza godno\u015b\u0107 \u017cycia ludzkiego, dostosowuj\u0105c si\u0119 do art. 6 Mi\u0119dzynarodowego Przymierza w sprawie praw obywatelskich i politycznych, co gwarantuje prawo do \u017cycia dla ka\u017cdej osoby \u201d, powiedzia\u0142a Julia Ksi\u0105\u017cek Centrum prawa mi\u0119dzynarodowego Ordo Iuris.<\/p>\n<\/div>\n<\/div>\n","protected":false},"excerpt":{"rendered":"<p>Prezydent USA Donald Trump podpisa\u0142 zarz\u0105dzenie wykonawcze potwierdzaj\u0105ce niezmienno\u015b\u0107 seksu biologicznego. Dokument definiuje kobiet\u0119 jako \u201eosob\u0119 nale\u017c\u0105c\u0105 do p\u0142ci, kt\u00f3ra<\/p>\n","protected":false},"author":1,"featured_media":474,"comment_status":"closed","ping_status":"","sticky":false,"template":"","format":"standard","meta":{"footnotes":""},"categories":[44],"tags":[5102,111,5100,5101,5099,5098,341,312,1785],"class_list":["post-3579","post","type-post","status-publish","format-standard","has-post-thumbnail","hentry","category-polityka","tag-chronic","tag-jest","tag-koncepcji","tag-nalezy","tag-niezmienna","tag-plec","tag-prezydent","tag-usa","tag-zycie","generate-columns","tablet-grid-50","mobile-grid-100","grid-parent","grid-50","resize-featured-image"],"yoast_head":"<!-- This site is optimized with the Yoast SEO plugin v23.2 - https:\/\/yoast.com\/wordpress\/plugins\/seo\/ -->\n<title>Prezydent USA: P\u0142e\u0107 jest niezmienna po koncepcji, \u017cycie nale\u017cy chroni\u0107 - POGOTOWIE FLAGOWE\u00ae<\/title>\n<meta name=\"robots\" content=\"index, follow, max-snippet:-1, max-image-preview:large, max-video-preview:-1\" \/>\n<link rel=\"canonical\" href=\"https:\/\/www.pogotowieflagowe.pl\/aktualne\/prezydent-usa-plec-jest-niezmienna-po-koncepcji-zycie-nalezy-chronic\/\" \/>\n<meta property=\"og:locale\" content=\"pl_PL\" \/>\n<meta property=\"og:type\" content=\"article\" \/>\n<meta property=\"og:title\" content=\"Prezydent USA: P\u0142e\u0107 jest niezmienna po koncepcji, \u017cycie nale\u017cy chroni\u0107 - POGOTOWIE FLAGOWE\u00ae\" \/>\n<meta property=\"og:description\" content=\"Prezydent USA Donald Trump podpisa\u0142 zarz\u0105dzenie wykonawcze potwierdzaj\u0105ce niezmienno\u015b\u0107 seksu biologicznego. Dokument definiuje kobiet\u0119 jako \u201eosob\u0119 nale\u017c\u0105c\u0105 do p\u0142ci, kt\u00f3ra\" \/>\n<meta property=\"og:url\" content=\"https:\/\/www.pogotowieflagowe.pl\/aktualne\/prezydent-usa-plec-jest-niezmienna-po-koncepcji-zycie-nalezy-chronic\/\" \/>\n<meta property=\"og:site_name\" content=\"POGOTOWIE FLAGOWE\u00ae\" \/>\n<meta property=\"article:published_time\" content=\"2025-01-31T07:47:32+00:00\" \/>\n<meta property=\"og:image\" content=\"https:\/\/www.pogotowieflagowe.pl\/aktualne\/wp-content\/uploads\/2024\/09\/Kamala-Harris-kontra-Donald-Trump-Czy-nadchodzaca-debata-zmieni-bieg.jpg\" \/>\n\t<meta property=\"og:image:width\" content=\"1918\" \/>\n\t<meta property=\"og:image:height\" content=\"1124\" \/>\n\t<meta property=\"og:image:type\" content=\"image\/jpeg\" \/>\n<meta name=\"author\" content=\"Filip\" \/>\n<meta name=\"twitter:card\" content=\"summary_large_image\" \/>\n<meta name=\"twitter:label1\" content=\"Napisane przez\" \/>\n\t<meta name=\"twitter:data1\" content=\"Filip\" \/>\n\t<meta name=\"twitter:label2\" content=\"Szacowany czas czytania\" \/>\n\t<meta name=\"twitter:data2\" content=\"5 minut\" \/>\n<script type=\"application\/ld+json\" class=\"yoast-schema-graph\">{\"@context\":\"https:\/\/schema.org\",\"@graph\":[{\"@type\":\"Article\",\"@id\":\"https:\/\/www.pogotowieflagowe.pl\/aktualne\/prezydent-usa-plec-jest-niezmienna-po-koncepcji-zycie-nalezy-chronic\/#article\",\"isPartOf\":{\"@id\":\"https:\/\/www.pogotowieflagowe.pl\/aktualne\/prezydent-usa-plec-jest-niezmienna-po-koncepcji-zycie-nalezy-chronic\/\"},\"author\":{\"name\":\"Filip\",\"@id\":\"https:\/\/www.pogotowieflagowe.pl\/aktualne\/#\/schema\/person\/9c2fb7d2362ebf6fa088960d7f0d27b0\"},\"headline\":\"Prezydent USA: P\u0142e\u0107 jest niezmienna po koncepcji, \u017cycie nale\u017cy chroni\u0107\",\"datePublished\":\"2025-01-31T07:47:32+00:00\",\"dateModified\":\"2025-01-31T07:47:32+00:00\",\"mainEntityOfPage\":{\"@id\":\"https:\/\/www.pogotowieflagowe.pl\/aktualne\/prezydent-usa-plec-jest-niezmienna-po-koncepcji-zycie-nalezy-chronic\/\"},\"wordCount\":933,\"publisher\":{\"@id\":\"https:\/\/www.pogotowieflagowe.pl\/aktualne\/#organization\"},\"image\":{\"@id\":\"https:\/\/www.pogotowieflagowe.pl\/aktualne\/prezydent-usa-plec-jest-niezmienna-po-koncepcji-zycie-nalezy-chronic\/#primaryimage\"},\"thumbnailUrl\":\"https:\/\/www.pogotowieflagowe.pl\/aktualne\/wp-content\/uploads\/2024\/09\/Kamala-Harris-kontra-Donald-Trump-Czy-nadchodzaca-debata-zmieni-bieg.jpg\",\"keywords\":[\"chroni\u0107\",\"jest\",\"koncepcji\",\"nale\u017cy\",\"niezmienna\",\"P\u0142e\u0107\",\"Prezydent\",\"USA\",\"\u017cycie\"],\"articleSection\":[\"Polityka\"],\"inLanguage\":\"pl-PL\"},{\"@type\":\"WebPage\",\"@id\":\"https:\/\/www.pogotowieflagowe.pl\/aktualne\/prezydent-usa-plec-jest-niezmienna-po-koncepcji-zycie-nalezy-chronic\/\",\"url\":\"https:\/\/www.pogotowieflagowe.pl\/aktualne\/prezydent-usa-plec-jest-niezmienna-po-koncepcji-zycie-nalezy-chronic\/\",\"name\":\"Prezydent USA: P\u0142e\u0107 jest niezmienna po koncepcji, \u017cycie nale\u017cy chroni\u0107 - POGOTOWIE FLAGOWE\u00ae\",\"isPartOf\":{\"@id\":\"https:\/\/www.pogotowieflagowe.pl\/aktualne\/#website\"},\"primaryImageOfPage\":{\"@id\":\"https:\/\/www.pogotowieflagowe.pl\/aktualne\/prezydent-usa-plec-jest-niezmienna-po-koncepcji-zycie-nalezy-chronic\/#primaryimage\"},\"image\":{\"@id\":\"https:\/\/www.pogotowieflagowe.pl\/aktualne\/prezydent-usa-plec-jest-niezmienna-po-koncepcji-zycie-nalezy-chronic\/#primaryimage\"},\"thumbnailUrl\":\"https:\/\/www.pogotowieflagowe.pl\/aktualne\/wp-content\/uploads\/2024\/09\/Kamala-Harris-kontra-Donald-Trump-Czy-nadchodzaca-debata-zmieni-bieg.jpg\",\"datePublished\":\"2025-01-31T07:47:32+00:00\",\"dateModified\":\"2025-01-31T07:47:32+00:00\",\"breadcrumb\":{\"@id\":\"https:\/\/www.pogotowieflagowe.pl\/aktualne\/prezydent-usa-plec-jest-niezmienna-po-koncepcji-zycie-nalezy-chronic\/#breadcrumb\"},\"inLanguage\":\"pl-PL\",\"potentialAction\":[{\"@type\":\"ReadAction\",\"target\":[\"https:\/\/www.pogotowieflagowe.pl\/aktualne\/prezydent-usa-plec-jest-niezmienna-po-koncepcji-zycie-nalezy-chronic\/\"]}]},{\"@type\":\"ImageObject\",\"inLanguage\":\"pl-PL\",\"@id\":\"https:\/\/www.pogotowieflagowe.pl\/aktualne\/prezydent-usa-plec-jest-niezmienna-po-koncepcji-zycie-nalezy-chronic\/#primaryimage\",\"url\":\"https:\/\/www.pogotowieflagowe.pl\/aktualne\/wp-content\/uploads\/2024\/09\/Kamala-Harris-kontra-Donald-Trump-Czy-nadchodzaca-debata-zmieni-bieg.jpg\",\"contentUrl\":\"https:\/\/www.pogotowieflagowe.pl\/aktualne\/wp-content\/uploads\/2024\/09\/Kamala-Harris-kontra-Donald-Trump-Czy-nadchodzaca-debata-zmieni-bieg.jpg\",\"width\":1918,\"height\":1124,\"caption\":\"Kamala Harris kontra Donald Trump: Czy nadchodz\u0105ca debata zmieni bieg wybor\u00f3w?\"},{\"@type\":\"BreadcrumbList\",\"@id\":\"https:\/\/www.pogotowieflagowe.pl\/aktualne\/prezydent-usa-plec-jest-niezmienna-po-koncepcji-zycie-nalezy-chronic\/#breadcrumb\",\"itemListElement\":[{\"@type\":\"ListItem\",\"position\":1,\"name\":\"Home\",\"item\":\"https:\/\/www.pogotowieflagowe.pl\/aktualne\/\"},{\"@type\":\"ListItem\",\"position\":2,\"name\":\"Prezydent USA: P\u0142e\u0107 jest niezmienna po koncepcji, \u017cycie nale\u017cy chroni\u0107\"}]},{\"@type\":\"WebSite\",\"@id\":\"https:\/\/www.pogotowieflagowe.pl\/aktualne\/#website\",\"url\":\"https:\/\/www.pogotowieflagowe.pl\/aktualne\/\",\"name\":\"POGOTOWIE FLAGOWE\u00ae\",\"description\":\"\",\"publisher\":{\"@id\":\"https:\/\/www.pogotowieflagowe.pl\/aktualne\/#organization\"},\"potentialAction\":[{\"@type\":\"SearchAction\",\"target\":{\"@type\":\"EntryPoint\",\"urlTemplate\":\"https:\/\/www.pogotowieflagowe.pl\/aktualne\/?s={search_term_string}\"},\"query-input\":\"required name=search_term_string\"}],\"inLanguage\":\"pl-PL\"},{\"@type\":\"Organization\",\"@id\":\"https:\/\/www.pogotowieflagowe.pl\/aktualne\/#organization\",\"name\":\"POGOTOWIE FLAGOWE\u00ae\",\"url\":\"https:\/\/www.pogotowieflagowe.pl\/aktualne\/\",\"logo\":{\"@type\":\"ImageObject\",\"inLanguage\":\"pl-PL\",\"@id\":\"https:\/\/www.pogotowieflagowe.pl\/aktualne\/#\/schema\/logo\/image\/\",\"url\":\"https:\/\/www.pogotowieflagowe.pl\/aktualne\/wp-content\/uploads\/2024\/08\/cropped-pogotowieflagowe_flaga_projekt_sm.jpg\",\"contentUrl\":\"https:\/\/www.pogotowieflagowe.pl\/aktualne\/wp-content\/uploads\/2024\/08\/cropped-pogotowieflagowe_flaga_projekt_sm.jpg\",\"width\":250,\"height\":143,\"caption\":\"POGOTOWIE FLAGOWE\u00ae\"},\"image\":{\"@id\":\"https:\/\/www.pogotowieflagowe.pl\/aktualne\/#\/schema\/logo\/image\/\"}},{\"@type\":\"Person\",\"@id\":\"https:\/\/www.pogotowieflagowe.pl\/aktualne\/#\/schema\/person\/9c2fb7d2362ebf6fa088960d7f0d27b0\",\"name\":\"Filip\",\"image\":{\"@type\":\"ImageObject\",\"inLanguage\":\"pl-PL\",\"@id\":\"https:\/\/www.pogotowieflagowe.pl\/aktualne\/#\/schema\/person\/image\/\",\"url\":\"https:\/\/www.pogotowieflagowe.pl\/aktualne\/wp-content\/uploads\/2024\/08\/pogotowieflagowe.pl_.jpg\",\"contentUrl\":\"https:\/\/www.pogotowieflagowe.pl\/aktualne\/wp-content\/uploads\/2024\/08\/pogotowieflagowe.pl_.jpg\",\"caption\":\"Filip\"},\"description\":\"Jestem Filip, polski dziennikarz z dyplomem nauk politycznych Uniwersytetu Warszawskiego. Rozpoczynaj\u0105c swoj\u0105 karier\u0119 w r\u00f3\u017cnych lokalnych mediach, zdoby\u0142em solidne do\u015bwiadczenie w zakresie \u015bledztwa i redakcji. Obecnie jako redaktor w Pogotowie flagowe, staram si\u0119 dostarcza\u0107 dog\u0142\u0119bne i istotne analizy na temat najwa\u017cniejszych kwestii aktualno\u015bci, \u0142\u0105cz\u0105c rygor z pasj\u0105 dziennikarsk\u0105.\",\"sameAs\":[\"https:\/\/www.pogotowieflagowe.pl\/\"]}]}<\/script>\n<!-- \/ Yoast SEO plugin. -->","yoast_head_json":{"title":"Prezydent USA: P\u0142e\u0107 jest niezmienna po koncepcji, \u017cycie nale\u017cy chroni\u0107 - POGOTOWIE FLAGOWE\u00ae","robots":{"index":"index","follow":"follow","max-snippet":"max-snippet:-1","max-image-preview":"max-image-preview:large","max-video-preview":"max-video-preview:-1"},"canonical":"https:\/\/www.pogotowieflagowe.pl\/aktualne\/prezydent-usa-plec-jest-niezmienna-po-koncepcji-zycie-nalezy-chronic\/","og_locale":"pl_PL","og_type":"article","og_title":"Prezydent USA: P\u0142e\u0107 jest niezmienna po koncepcji, \u017cycie nale\u017cy chroni\u0107 - POGOTOWIE FLAGOWE\u00ae","og_description":"Prezydent USA Donald Trump podpisa\u0142 zarz\u0105dzenie wykonawcze potwierdzaj\u0105ce niezmienno\u015b\u0107 seksu biologicznego. Dokument definiuje kobiet\u0119 jako \u201eosob\u0119 nale\u017c\u0105c\u0105 do p\u0142ci, kt\u00f3ra","og_url":"https:\/\/www.pogotowieflagowe.pl\/aktualne\/prezydent-usa-plec-jest-niezmienna-po-koncepcji-zycie-nalezy-chronic\/","og_site_name":"POGOTOWIE FLAGOWE\u00ae","article_published_time":"2025-01-31T07:47:32+00:00","og_image":[{"width":1918,"height":1124,"url":"https:\/\/www.pogotowieflagowe.pl\/aktualne\/wp-content\/uploads\/2024\/09\/Kamala-Harris-kontra-Donald-Trump-Czy-nadchodzaca-debata-zmieni-bieg.jpg","type":"image\/jpeg"}],"author":"Filip","twitter_card":"summary_large_image","twitter_misc":{"Napisane przez":"Filip","Szacowany czas czytania":"5 minut"},"schema":{"@context":"https:\/\/schema.org","@graph":[{"@type":"Article","@id":"https:\/\/www.pogotowieflagowe.pl\/aktualne\/prezydent-usa-plec-jest-niezmienna-po-koncepcji-zycie-nalezy-chronic\/#article","isPartOf":{"@id":"https:\/\/www.pogotowieflagowe.pl\/aktualne\/prezydent-usa-plec-jest-niezmienna-po-koncepcji-zycie-nalezy-chronic\/"},"author":{"name":"Filip","@id":"https:\/\/www.pogotowieflagowe.pl\/aktualne\/#\/schema\/person\/9c2fb7d2362ebf6fa088960d7f0d27b0"},"headline":"Prezydent USA: P\u0142e\u0107 jest niezmienna po koncepcji, \u017cycie nale\u017cy chroni\u0107","datePublished":"2025-01-31T07:47:32+00:00","dateModified":"2025-01-31T07:47:32+00:00","mainEntityOfPage":{"@id":"https:\/\/www.pogotowieflagowe.pl\/aktualne\/prezydent-usa-plec-jest-niezmienna-po-koncepcji-zycie-nalezy-chronic\/"},"wordCount":933,"publisher":{"@id":"https:\/\/www.pogotowieflagowe.pl\/aktualne\/#organization"},"image":{"@id":"https:\/\/www.pogotowieflagowe.pl\/aktualne\/prezydent-usa-plec-jest-niezmienna-po-koncepcji-zycie-nalezy-chronic\/#primaryimage"},"thumbnailUrl":"https:\/\/www.pogotowieflagowe.pl\/aktualne\/wp-content\/uploads\/2024\/09\/Kamala-Harris-kontra-Donald-Trump-Czy-nadchodzaca-debata-zmieni-bieg.jpg","keywords":["chroni\u0107","jest","koncepcji","nale\u017cy","niezmienna","P\u0142e\u0107","Prezydent","USA","\u017cycie"],"articleSection":["Polityka"],"inLanguage":"pl-PL"},{"@type":"WebPage","@id":"https:\/\/www.pogotowieflagowe.pl\/aktualne\/prezydent-usa-plec-jest-niezmienna-po-koncepcji-zycie-nalezy-chronic\/","url":"https:\/\/www.pogotowieflagowe.pl\/aktualne\/prezydent-usa-plec-jest-niezmienna-po-koncepcji-zycie-nalezy-chronic\/","name":"Prezydent USA: P\u0142e\u0107 jest niezmienna po koncepcji, \u017cycie nale\u017cy chroni\u0107 - POGOTOWIE FLAGOWE\u00ae","isPartOf":{"@id":"https:\/\/www.pogotowieflagowe.pl\/aktualne\/#website"},"primaryImageOfPage":{"@id":"https:\/\/www.pogotowieflagowe.pl\/aktualne\/prezydent-usa-plec-jest-niezmienna-po-koncepcji-zycie-nalezy-chronic\/#primaryimage"},"image":{"@id":"https:\/\/www.pogotowieflagowe.pl\/aktualne\/prezydent-usa-plec-jest-niezmienna-po-koncepcji-zycie-nalezy-chronic\/#primaryimage"},"thumbnailUrl":"https:\/\/www.pogotowieflagowe.pl\/aktualne\/wp-content\/uploads\/2024\/09\/Kamala-Harris-kontra-Donald-Trump-Czy-nadchodzaca-debata-zmieni-bieg.jpg","datePublished":"2025-01-31T07:47:32+00:00","dateModified":"2025-01-31T07:47:32+00:00","breadcrumb":{"@id":"https:\/\/www.pogotowieflagowe.pl\/aktualne\/prezydent-usa-plec-jest-niezmienna-po-koncepcji-zycie-nalezy-chronic\/#breadcrumb"},"inLanguage":"pl-PL","potentialAction":[{"@type":"ReadAction","target":["https:\/\/www.pogotowieflagowe.pl\/aktualne\/prezydent-usa-plec-jest-niezmienna-po-koncepcji-zycie-nalezy-chronic\/"]}]},{"@type":"ImageObject","inLanguage":"pl-PL","@id":"https:\/\/www.pogotowieflagowe.pl\/aktualne\/prezydent-usa-plec-jest-niezmienna-po-koncepcji-zycie-nalezy-chronic\/#primaryimage","url":"https:\/\/www.pogotowieflagowe.pl\/aktualne\/wp-content\/uploads\/2024\/09\/Kamala-Harris-kontra-Donald-Trump-Czy-nadchodzaca-debata-zmieni-bieg.jpg","contentUrl":"https:\/\/www.pogotowieflagowe.pl\/aktualne\/wp-content\/uploads\/2024\/09\/Kamala-Harris-kontra-Donald-Trump-Czy-nadchodzaca-debata-zmieni-bieg.jpg","width":1918,"height":1124,"caption":"Kamala Harris kontra Donald Trump: Czy nadchodz\u0105ca debata zmieni bieg wybor\u00f3w?"},{"@type":"BreadcrumbList","@id":"https:\/\/www.pogotowieflagowe.pl\/aktualne\/prezydent-usa-plec-jest-niezmienna-po-koncepcji-zycie-nalezy-chronic\/#breadcrumb","itemListElement":[{"@type":"ListItem","position":1,"name":"Home","item":"https:\/\/www.pogotowieflagowe.pl\/aktualne\/"},{"@type":"ListItem","position":2,"name":"Prezydent USA: P\u0142e\u0107 jest niezmienna po koncepcji, \u017cycie nale\u017cy chroni\u0107"}]},{"@type":"WebSite","@id":"https:\/\/www.pogotowieflagowe.pl\/aktualne\/#website","url":"https:\/\/www.pogotowieflagowe.pl\/aktualne\/","name":"POGOTOWIE FLAGOWE\u00ae","description":"","publisher":{"@id":"https:\/\/www.pogotowieflagowe.pl\/aktualne\/#organization"},"potentialAction":[{"@type":"SearchAction","target":{"@type":"EntryPoint","urlTemplate":"https:\/\/www.pogotowieflagowe.pl\/aktualne\/?s={search_term_string}"},"query-input":"required name=search_term_string"}],"inLanguage":"pl-PL"},{"@type":"Organization","@id":"https:\/\/www.pogotowieflagowe.pl\/aktualne\/#organization","name":"POGOTOWIE FLAGOWE\u00ae","url":"https:\/\/www.pogotowieflagowe.pl\/aktualne\/","logo":{"@type":"ImageObject","inLanguage":"pl-PL","@id":"https:\/\/www.pogotowieflagowe.pl\/aktualne\/#\/schema\/logo\/image\/","url":"https:\/\/www.pogotowieflagowe.pl\/aktualne\/wp-content\/uploads\/2024\/08\/cropped-pogotowieflagowe_flaga_projekt_sm.jpg","contentUrl":"https:\/\/www.pogotowieflagowe.pl\/aktualne\/wp-content\/uploads\/2024\/08\/cropped-pogotowieflagowe_flaga_projekt_sm.jpg","width":250,"height":143,"caption":"POGOTOWIE FLAGOWE\u00ae"},"image":{"@id":"https:\/\/www.pogotowieflagowe.pl\/aktualne\/#\/schema\/logo\/image\/"}},{"@type":"Person","@id":"https:\/\/www.pogotowieflagowe.pl\/aktualne\/#\/schema\/person\/9c2fb7d2362ebf6fa088960d7f0d27b0","name":"Filip","image":{"@type":"ImageObject","inLanguage":"pl-PL","@id":"https:\/\/www.pogotowieflagowe.pl\/aktualne\/#\/schema\/person\/image\/","url":"https:\/\/www.pogotowieflagowe.pl\/aktualne\/wp-content\/uploads\/2024\/08\/pogotowieflagowe.pl_.jpg","contentUrl":"https:\/\/www.pogotowieflagowe.pl\/aktualne\/wp-content\/uploads\/2024\/08\/pogotowieflagowe.pl_.jpg","caption":"Filip"},"description":"Jestem Filip, polski dziennikarz z dyplomem nauk politycznych Uniwersytetu Warszawskiego. Rozpoczynaj\u0105c swoj\u0105 karier\u0119 w r\u00f3\u017cnych lokalnych mediach, zdoby\u0142em solidne do\u015bwiadczenie w zakresie \u015bledztwa i redakcji. Obecnie jako redaktor w Pogotowie flagowe, staram si\u0119 dostarcza\u0107 dog\u0142\u0119bne i istotne analizy na temat najwa\u017cniejszych kwestii aktualno\u015bci, \u0142\u0105cz\u0105c rygor z pasj\u0105 dziennikarsk\u0105.","sameAs":["https:\/\/www.pogotowieflagowe.pl\/"]}]}},"_links":{"self":[{"href":"https:\/\/www.pogotowieflagowe.pl\/aktualne\/wp-json\/wp\/v2\/posts\/3579","targetHints":{"allow":["GET"]}}],"collection":[{"href":"https:\/\/www.pogotowieflagowe.pl\/aktualne\/wp-json\/wp\/v2\/posts"}],"about":[{"href":"https:\/\/www.pogotowieflagowe.pl\/aktualne\/wp-json\/wp\/v2\/types\/post"}],"author":[{"embeddable":true,"href":"https:\/\/www.pogotowieflagowe.pl\/aktualne\/wp-json\/wp\/v2\/users\/1"}],"replies":[{"embeddable":true,"href":"https:\/\/www.pogotowieflagowe.pl\/aktualne\/wp-json\/wp\/v2\/comments?post=3579"}],"version-history":[{"count":1,"href":"https:\/\/www.pogotowieflagowe.pl\/aktualne\/wp-json\/wp\/v2\/posts\/3579\/revisions"}],"predecessor-version":[{"id":3580,"href":"https:\/\/www.pogotowieflagowe.pl\/aktualne\/wp-json\/wp\/v2\/posts\/3579\/revisions\/3580"}],"wp:featuredmedia":[{"embeddable":true,"href":"https:\/\/www.pogotowieflagowe.pl\/aktualne\/wp-json\/wp\/v2\/media\/474"}],"wp:attachment":[{"href":"https:\/\/www.pogotowieflagowe.pl\/aktualne\/wp-json\/wp\/v2\/media?parent=3579"}],"wp:term":[{"taxonomy":"category","embeddable":true,"href":"https:\/\/www.pogotowieflagowe.pl\/aktualne\/wp-json\/wp\/v2\/categories?post=3579"},{"taxonomy":"post_tag","embeddable":true,"href":"https:\/\/www.pogotowieflagowe.pl\/aktualne\/wp-json\/wp\/v2\/tags?post=3579"}],"curies":[{"name":"wp","href":"https:\/\/api.w.org\/{rel}","templated":true}]}}