{"id":3587,"date":"2025-01-31T14:46:56","date_gmt":"2025-01-31T13:46:56","guid":{"rendered":"https:\/\/www.pogotowieflagowe.pl\/aktualne\/matt-schlapp-europa-musi-sie-obudzic-zanim-bedzie-za-pozno\/"},"modified":"2025-01-31T14:46:57","modified_gmt":"2025-01-31T13:46:57","slug":"matt-schlapp-europa-musi-sie-obudzic-zanim-bedzie-za-pozno","status":"publish","type":"post","link":"https:\/\/www.pogotowieflagowe.pl\/aktualne\/matt-schlapp-europa-musi-sie-obudzic-zanim-bedzie-za-pozno\/","title":{"rendered":"Matt Schlapp: Europa musi si\u0119 obudzi\u0107, zanim b\u0119dzie za p\u00f3\u017ano"},"content":{"rendered":"\n<div class=\"td_block_wrap tdb_single_content tdi_41 td-pb-border-top td_block_template_8 td-post-content tagdiv-type\" data-td-block-uid=\"tdi_41\">\n<style>.tdi_41 {margin-top: 0px! Wa\u017cne; margines-bottom: 0px! WA\u017bNY; PALDING-TOP: 0PX! WA\u017bNY; PALDING-BOTTOM: 0PX! WA\u017bNE}<\/style>\n<style>.tdb_single_content {margin-bottom: 0;*zoom: 1} .tdb_single_content: wcze\u015bniej, .tdb_single_content: po {display: Table; content: ''; line-height: 0} .TDB-BLOCK-INner>*: nie (.WP-BLOCK-QUOTE): NOT (.Alignwide): not (.alignfull.wp-block-cover.has-parallax): not (.td-a-ad) {margin-left: auto; margin-right: auto} .tdb_single_content a {wska\u017anik-events: auto} .tdb_single_content .td-spot-id-top_ad .tdc-placeholder-title: przed {content: 'top ad'! Wa\u017cne} .tdb_single_content .td-spot-id-inline_ad0 .tdc-miejsce-title: przed {content: \u201eArtyku\u0142 inline AD 1 '! Wa\u017cne} .tdb_single_content. {content: 'Artyku\u0142 inline AD 2'! Wa\u017cny} .tdb_single_content .td-spot-inline_ad2 .tdc-miejsce-title: przed {content: 'Artyku\u0142 inline AD 3'! Wa\u017cny} .tdb_single_content .td-spot-id-id -Bottom_Ad .tdc-Placeholder-Title: przed {content: 'artyku\u0142 dolny ad'! Wa\u017cny} .tdb_single_content .id_top_ad, .tdb_single_content .id_bottom_ad {clear: obu; margin-bottom: 21px; text -align: Center} .tdb_single_content. id_top_ad IMG, .tdb_single_content .id_bottom_ad Img {margin-bottom: 0} .tdb_single_content .id_top_ad .adsbyGoogle, .tdb_single_content .id_bottom_ad .adsbyGoogle , .tdb_single_content .id_ad_content-horiz-right , .tdb_single_content .id_ad_content-horiz-Center {margin-bottom: 15px} .tdb_single_content .id_content-horiz-left Img, .tdb_single_content .id_ad_content-horiz-right Gin-Bottom: 0 { lewy; margine-top: 9px; margin-right: 21px} .tdb_single_content .id_ad_content-horiz-right {float: right; margin-top: 6px; margin-left: 21px} .tdb_single_content .tdc-a-ad .tdc--- Umak zast\u0119puj\u0105cy {szeroko\u015b\u0107: 300px; height: 250px} .tdb_single_content .tdc-a-ad .tdc-miejsce-title: przed {pozycja: Absolute; top: 50%;-WebKit-Transform: t\u0142umaczenie (-50%); Transform: Translatey (-50%); margines: auto; display: tabela; szeroko\u015b\u0107: 100%} > P, .tdi_41 .tdb-block-inner> p {font-size: 16px! Wa\u017cne; linia-height: 1.6! Wa\u017cne} .tdi_41 .tdb-block-inner blokote p {font-styl: Normal! Media (Max-Width: 767px) {. tdb_single_content .id_ad_content-horiz-left, .tdb_single_content .id_ad_content-horiz-right, .tdb_single_content .id_ad_content-horiz-center {margin: 0 auto 26px auto}}}@media (MAXID. : 767px) {. Tdb_single_content .id_ad_content-horiz-left {margin-right: 0}}@media (Max-Width: 767px) {. -Width: 767px) {. tdb_single_content .td-a-ad {float: none; text-align: Center} .tdb_single_content .td-a-ad img {margin-right: auto; margin-left: auto} .tdb_single_content. tdc-a-ad {float: none}}<\/style>\n<div class=\"tdb-block-inner td-fix-index\">\n<p>Polityczny krajobraz Zachodu zmienia si\u0119, a wraz z ostatnim zwyci\u0119stwem Donalda Trumpa w wyborach w USA konserwaty\u015bci na ca\u0142ym \u015bwiecie musz\u0105 zwr\u00f3ci\u0107 uwag\u0119. Matt Schlapp, silny g\u0142os dla ameryka\u0144skiego konserwatyzmu, brzmi alarm dla Europy: Obud\u017a si\u0119, zanim wpadniesz w t\u0119 sam\u0105 pu\u0142apk\u0119 co Stany Zjednoczone pod regu\u0142\u0105 lewicow\u0105.<\/p>\n<h2 class=\"wp-block-heading\">Zielona umowa i jej konsekwencje<\/h2>\n<p>Podczas dyskusji na temat telewizyjnej Republiki na temat globalnego konserwatyzmu Schlapp nie powstrzymywa\u0142 si\u0119, gdy zajmuje si\u0119 szkodliwymi skutkami post\u0119powych polityk, zw\u0142aszcza tak zwanej \u201ezielonej oferty\u201d. Wyja\u015bni\u0142, \u017ce rosn\u0105ce ceny energii s\u0105 bezpo\u015brednim wynikiem tego radykalnego programu \u015brodowiskowego. Ale nie chodzi tylko o pieni\u0105dze. Wed\u0142ug niego prawdziwym celem jest rozbicie tradycyjnej rodziny i os\u0142abienie wiary religijnej. \u201eLudzie stoj\u0105cy za tym programem nie lubi\u0105 wiary, poniewa\u017c kwestionuje ich pogl\u0105d na w\u0142adz\u0119. Ameryka zosta\u0142a zbawiona, poniewa\u017c B\u00f3g by\u0142 silny &#8211; powiedzia\u0142. \u201eGdyby Trump nie wygra\u0142, Ameryka zosta\u0142aby zako\u0144czona\u201d.<\/p>\n<h2 class=\"wp-block-heading\">Lewicowy atak na spo\u0142ecze\u0144stwo<\/h2>\n<p>Schlapp namalowa\u0142 tragiczny obraz tego, co dzieje si\u0119, gdy lewica jest odpowiedzialna, ostrzegaj\u0105c, \u017ce Europa mo\u017ce wkr\u00f3tce do\u015bwiadczy\u0107 takiego samego chaosu jak g\u0142\u00f3wne miasta Ameryki. \u201eNasze miasta wygl\u0105daj\u0105 teraz okropnie\u201d &#8211; powiedzia\u0142 wprost. Obwinia\u0142 post\u0119powy polityk za spowodowanie podzia\u0142u spo\u0142ecznego, otwierania wetek powodziowych na nielegaln\u0105 imigracj\u0119 i okaleczaj\u0105c organy \u015bcigania. \u201eZmienili\u015bmy przepisy wyborcze, a teraz nawet nie potrzebujesz dowodu to\u017csamo\u015bci, aby g\u0142osowa\u0107. Z tego powodu nasze miasta s\u0105 teraz prowadzone przez radykalnych lewicowc\u00f3w. \u201d Wskaza\u0142 tak\u017ce na odrzucenie policji po protestach Black Lives Matter, m\u00f3wi\u0105c: \u201eWpu\u015bcili\u015bmy 15 milion\u00f3w ludzi, a teraz mamy powa\u017cne problemy\u201d. Jego przes\u0142anie do Europy by\u0142o jasne: \u201ePos\u0142uchaj nas. Nie pozw\u00f3l, aby organizacje pozarz\u0105dowe zmieni\u0142y twoje prawa w spos\u00f3b, w jaki zmienili nasze. \u201d<\/p>\n<h2 class=\"wp-block-heading\">Globalistyczny program i jej taktyka<\/h2>\n<p>Zapytany o aborcj\u0119, Schlapp wskaza\u0142, \u017ce lewica korzysta z tego samego podr\u0119cznika na ca\u0142ym \u015bwiecie. \u201eWchodz\u0105 i m\u00f3wi\u0105, \u017ce potrzebujesz aborcji, \u017ce potrzebujesz kosztownej energii\u201d &#8211; powiedzia\u0142. \u201eMusisz si\u0119 odepchn\u0105\u0107. Jest to dobrze zorganizowany ruch z wykorzystaniem tych samych strategii wsz\u0119dzie. \u201d<\/p>\n<h2 class=\"wp-block-heading\">Strach przed niekontrolowanym Trumpem<\/h2>\n<p>Schlapp zaj\u0105\u0142 si\u0119 r\u00f3wnie\u017c atakami na Trumpa, szczeg\u00f3lnie roszczenia obecnego premiera Polski Donalda Tuska, \u017ce \u200b\u200bTrump by\u0142 agentem rosyjskim. \u201ePrawdziwy pow\u00f3d, dla kt\u00f3rego go atakuj\u0105, jest prosty: boj\u0105 si\u0119, poniewa\u017c nie mog\u0105 go kontrolowa\u0107\u201d &#8211; wyja\u015bni\u0142 Schlapp. \u201eTrump zawsze robi to, co wed\u0142ug niego jest odpowiednie dla kraju. Nikt nie spodziewa\u0142 si\u0119, \u017ce wygra w 2016 roku, a teraz zrobi\u0142 to ponownie. To ich przera\u017ca \u201d.<\/p>\n<p>Wed\u0142ug Schlappa przyw\u00f3dcy tacy jak Polska Andrzej Duda i W\u0142och Giorgia Meloni rozumiej\u0105, co si\u0119 dzieje i odsuwaj\u0105 si\u0119 od lewicowej kontroli. \u201eCi przyw\u00f3dcy maj\u0105 wizj\u0119 i s\u0142uchaj\u0105\u201d &#8211; powiedzia\u0142. \u201eWierz\u0119, \u017ce zobaczymy powa\u017cn\u0105 zmian\u0119, tak jak w USA\u201d<\/p>\n<\/div>\n<\/div>\n","protected":false},"excerpt":{"rendered":"<p>Polityczny krajobraz Zachodu zmienia si\u0119, a wraz z ostatnim zwyci\u0119stwem Donalda Trumpa w wyborach w USA konserwaty\u015bci na ca\u0142ym \u015bwiecie<\/p>\n","protected":false},"author":1,"featured_media":3588,"comment_status":"closed","ping_status":"","sticky":false,"template":"","format":"standard","meta":{"footnotes":""},"categories":[44],"tags":[255,2504,5110,3588,5112,5114,5111,150,5113],"class_list":["post-3587","post","type-post","status-publish","format-standard","has-post-thumbnail","hentry","category-polityka","tag-bedzie","tag-europa","tag-matt","tag-musi","tag-obudzic","tag-pozno","tag-schlapp","tag-sie","tag-zanim","generate-columns","tablet-grid-50","mobile-grid-100","grid-parent","grid-50","resize-featured-image"],"yoast_head":"<!-- This site is optimized with the Yoast SEO plugin v23.2 - https:\/\/yoast.com\/wordpress\/plugins\/seo\/ -->\n<title>Matt Schlapp: Europa musi si\u0119 obudzi\u0107, zanim b\u0119dzie za p\u00f3\u017ano - POGOTOWIE FLAGOWE\u00ae<\/title>\n<meta name=\"robots\" content=\"index, follow, max-snippet:-1, max-image-preview:large, max-video-preview:-1\" \/>\n<link rel=\"canonical\" href=\"https:\/\/www.pogotowieflagowe.pl\/aktualne\/matt-schlapp-europa-musi-sie-obudzic-zanim-bedzie-za-pozno\/\" \/>\n<meta property=\"og:locale\" content=\"pl_PL\" \/>\n<meta property=\"og:type\" content=\"article\" \/>\n<meta property=\"og:title\" content=\"Matt Schlapp: Europa musi si\u0119 obudzi\u0107, zanim b\u0119dzie za p\u00f3\u017ano - POGOTOWIE FLAGOWE\u00ae\" \/>\n<meta property=\"og:description\" content=\"Polityczny krajobraz Zachodu zmienia si\u0119, a wraz z ostatnim zwyci\u0119stwem Donalda Trumpa w wyborach w USA konserwaty\u015bci na ca\u0142ym \u015bwiecie\" \/>\n<meta property=\"og:url\" content=\"https:\/\/www.pogotowieflagowe.pl\/aktualne\/matt-schlapp-europa-musi-sie-obudzic-zanim-bedzie-za-pozno\/\" \/>\n<meta property=\"og:site_name\" content=\"POGOTOWIE FLAGOWE\u00ae\" \/>\n<meta property=\"article:published_time\" content=\"2025-01-31T13:46:56+00:00\" \/>\n<meta property=\"article:modified_time\" content=\"2025-01-31T13:46:57+00:00\" \/>\n<meta property=\"og:image\" content=\"https:\/\/www.pogotowieflagowe.pl\/aktualne\/wp-content\/uploads\/2025\/01\/Matt-Schlapp-Europa-musi-sie-obudzic-zanim-bedzie-za-pozno.jpg\" \/>\n\t<meta property=\"og:image:width\" content=\"600\" \/>\n\t<meta property=\"og:image:height\" content=\"337\" \/>\n\t<meta property=\"og:image:type\" content=\"image\/jpeg\" \/>\n<meta name=\"author\" content=\"Filip\" \/>\n<meta name=\"twitter:card\" content=\"summary_large_image\" \/>\n<meta name=\"twitter:label1\" content=\"Napisane przez\" \/>\n\t<meta name=\"twitter:data1\" content=\"Filip\" \/>\n\t<meta name=\"twitter:label2\" content=\"Szacowany czas czytania\" \/>\n\t<meta name=\"twitter:data2\" content=\"2 minuty\" \/>\n<script type=\"application\/ld+json\" class=\"yoast-schema-graph\">{\"@context\":\"https:\/\/schema.org\",\"@graph\":[{\"@type\":\"Article\",\"@id\":\"https:\/\/www.pogotowieflagowe.pl\/aktualne\/matt-schlapp-europa-musi-sie-obudzic-zanim-bedzie-za-pozno\/#article\",\"isPartOf\":{\"@id\":\"https:\/\/www.pogotowieflagowe.pl\/aktualne\/matt-schlapp-europa-musi-sie-obudzic-zanim-bedzie-za-pozno\/\"},\"author\":{\"name\":\"Filip\",\"@id\":\"https:\/\/www.pogotowieflagowe.pl\/aktualne\/#\/schema\/person\/9c2fb7d2362ebf6fa088960d7f0d27b0\"},\"headline\":\"Matt Schlapp: Europa musi si\u0119 obudzi\u0107, zanim b\u0119dzie za p\u00f3\u017ano\",\"datePublished\":\"2025-01-31T13:46:56+00:00\",\"dateModified\":\"2025-01-31T13:46:57+00:00\",\"mainEntityOfPage\":{\"@id\":\"https:\/\/www.pogotowieflagowe.pl\/aktualne\/matt-schlapp-europa-musi-sie-obudzic-zanim-bedzie-za-pozno\/\"},\"wordCount\":492,\"publisher\":{\"@id\":\"https:\/\/www.pogotowieflagowe.pl\/aktualne\/#organization\"},\"image\":{\"@id\":\"https:\/\/www.pogotowieflagowe.pl\/aktualne\/matt-schlapp-europa-musi-sie-obudzic-zanim-bedzie-za-pozno\/#primaryimage\"},\"thumbnailUrl\":\"https:\/\/www.pogotowieflagowe.pl\/aktualne\/wp-content\/uploads\/2025\/01\/Matt-Schlapp-Europa-musi-sie-obudzic-zanim-bedzie-za-pozno.jpg\",\"keywords\":[\"b\u0119dzie\",\"Europa\",\"Matt\",\"musi\",\"obudzi\u0107\",\"p\u00f3\u017ano\",\"Schlapp\",\"si\u0119\",\"zanim\"],\"articleSection\":[\"Polityka\"],\"inLanguage\":\"pl-PL\"},{\"@type\":\"WebPage\",\"@id\":\"https:\/\/www.pogotowieflagowe.pl\/aktualne\/matt-schlapp-europa-musi-sie-obudzic-zanim-bedzie-za-pozno\/\",\"url\":\"https:\/\/www.pogotowieflagowe.pl\/aktualne\/matt-schlapp-europa-musi-sie-obudzic-zanim-bedzie-za-pozno\/\",\"name\":\"Matt Schlapp: Europa musi si\u0119 obudzi\u0107, zanim b\u0119dzie za p\u00f3\u017ano - POGOTOWIE FLAGOWE\u00ae\",\"isPartOf\":{\"@id\":\"https:\/\/www.pogotowieflagowe.pl\/aktualne\/#website\"},\"primaryImageOfPage\":{\"@id\":\"https:\/\/www.pogotowieflagowe.pl\/aktualne\/matt-schlapp-europa-musi-sie-obudzic-zanim-bedzie-za-pozno\/#primaryimage\"},\"image\":{\"@id\":\"https:\/\/www.pogotowieflagowe.pl\/aktualne\/matt-schlapp-europa-musi-sie-obudzic-zanim-bedzie-za-pozno\/#primaryimage\"},\"thumbnailUrl\":\"https:\/\/www.pogotowieflagowe.pl\/aktualne\/wp-content\/uploads\/2025\/01\/Matt-Schlapp-Europa-musi-sie-obudzic-zanim-bedzie-za-pozno.jpg\",\"datePublished\":\"2025-01-31T13:46:56+00:00\",\"dateModified\":\"2025-01-31T13:46:57+00:00\",\"breadcrumb\":{\"@id\":\"https:\/\/www.pogotowieflagowe.pl\/aktualne\/matt-schlapp-europa-musi-sie-obudzic-zanim-bedzie-za-pozno\/#breadcrumb\"},\"inLanguage\":\"pl-PL\",\"potentialAction\":[{\"@type\":\"ReadAction\",\"target\":[\"https:\/\/www.pogotowieflagowe.pl\/aktualne\/matt-schlapp-europa-musi-sie-obudzic-zanim-bedzie-za-pozno\/\"]}]},{\"@type\":\"ImageObject\",\"inLanguage\":\"pl-PL\",\"@id\":\"https:\/\/www.pogotowieflagowe.pl\/aktualne\/matt-schlapp-europa-musi-sie-obudzic-zanim-bedzie-za-pozno\/#primaryimage\",\"url\":\"https:\/\/www.pogotowieflagowe.pl\/aktualne\/wp-content\/uploads\/2025\/01\/Matt-Schlapp-Europa-musi-sie-obudzic-zanim-bedzie-za-pozno.jpg\",\"contentUrl\":\"https:\/\/www.pogotowieflagowe.pl\/aktualne\/wp-content\/uploads\/2025\/01\/Matt-Schlapp-Europa-musi-sie-obudzic-zanim-bedzie-za-pozno.jpg\",\"width\":600,\"height\":337,\"caption\":\"Matt Schlapp: Europa musi si\u0119 obudzi\u0107, zanim b\u0119dzie za p\u00f3\u017ano\"},{\"@type\":\"BreadcrumbList\",\"@id\":\"https:\/\/www.pogotowieflagowe.pl\/aktualne\/matt-schlapp-europa-musi-sie-obudzic-zanim-bedzie-za-pozno\/#breadcrumb\",\"itemListElement\":[{\"@type\":\"ListItem\",\"position\":1,\"name\":\"Home\",\"item\":\"https:\/\/www.pogotowieflagowe.pl\/aktualne\/\"},{\"@type\":\"ListItem\",\"position\":2,\"name\":\"Matt Schlapp: Europa musi si\u0119 obudzi\u0107, zanim b\u0119dzie za p\u00f3\u017ano\"}]},{\"@type\":\"WebSite\",\"@id\":\"https:\/\/www.pogotowieflagowe.pl\/aktualne\/#website\",\"url\":\"https:\/\/www.pogotowieflagowe.pl\/aktualne\/\",\"name\":\"POGOTOWIE FLAGOWE\u00ae\",\"description\":\"\",\"publisher\":{\"@id\":\"https:\/\/www.pogotowieflagowe.pl\/aktualne\/#organization\"},\"potentialAction\":[{\"@type\":\"SearchAction\",\"target\":{\"@type\":\"EntryPoint\",\"urlTemplate\":\"https:\/\/www.pogotowieflagowe.pl\/aktualne\/?s={search_term_string}\"},\"query-input\":\"required name=search_term_string\"}],\"inLanguage\":\"pl-PL\"},{\"@type\":\"Organization\",\"@id\":\"https:\/\/www.pogotowieflagowe.pl\/aktualne\/#organization\",\"name\":\"POGOTOWIE FLAGOWE\u00ae\",\"url\":\"https:\/\/www.pogotowieflagowe.pl\/aktualne\/\",\"logo\":{\"@type\":\"ImageObject\",\"inLanguage\":\"pl-PL\",\"@id\":\"https:\/\/www.pogotowieflagowe.pl\/aktualne\/#\/schema\/logo\/image\/\",\"url\":\"https:\/\/www.pogotowieflagowe.pl\/aktualne\/wp-content\/uploads\/2024\/08\/cropped-pogotowieflagowe_flaga_projekt_sm.jpg\",\"contentUrl\":\"https:\/\/www.pogotowieflagowe.pl\/aktualne\/wp-content\/uploads\/2024\/08\/cropped-pogotowieflagowe_flaga_projekt_sm.jpg\",\"width\":250,\"height\":143,\"caption\":\"POGOTOWIE FLAGOWE\u00ae\"},\"image\":{\"@id\":\"https:\/\/www.pogotowieflagowe.pl\/aktualne\/#\/schema\/logo\/image\/\"}},{\"@type\":\"Person\",\"@id\":\"https:\/\/www.pogotowieflagowe.pl\/aktualne\/#\/schema\/person\/9c2fb7d2362ebf6fa088960d7f0d27b0\",\"name\":\"Filip\",\"image\":{\"@type\":\"ImageObject\",\"inLanguage\":\"pl-PL\",\"@id\":\"https:\/\/www.pogotowieflagowe.pl\/aktualne\/#\/schema\/person\/image\/\",\"url\":\"https:\/\/www.pogotowieflagowe.pl\/aktualne\/wp-content\/uploads\/2024\/08\/pogotowieflagowe.pl_.jpg\",\"contentUrl\":\"https:\/\/www.pogotowieflagowe.pl\/aktualne\/wp-content\/uploads\/2024\/08\/pogotowieflagowe.pl_.jpg\",\"caption\":\"Filip\"},\"description\":\"Jestem Filip, polski dziennikarz z dyplomem nauk politycznych Uniwersytetu Warszawskiego. Rozpoczynaj\u0105c swoj\u0105 karier\u0119 w r\u00f3\u017cnych lokalnych mediach, zdoby\u0142em solidne do\u015bwiadczenie w zakresie \u015bledztwa i redakcji. Obecnie jako redaktor w Pogotowie flagowe, staram si\u0119 dostarcza\u0107 dog\u0142\u0119bne i istotne analizy na temat najwa\u017cniejszych kwestii aktualno\u015bci, \u0142\u0105cz\u0105c rygor z pasj\u0105 dziennikarsk\u0105.\",\"sameAs\":[\"https:\/\/www.pogotowieflagowe.pl\/\"]}]}<\/script>\n<!-- \/ Yoast SEO plugin. -->","yoast_head_json":{"title":"Matt Schlapp: Europa musi si\u0119 obudzi\u0107, zanim b\u0119dzie za p\u00f3\u017ano - POGOTOWIE FLAGOWE\u00ae","robots":{"index":"index","follow":"follow","max-snippet":"max-snippet:-1","max-image-preview":"max-image-preview:large","max-video-preview":"max-video-preview:-1"},"canonical":"https:\/\/www.pogotowieflagowe.pl\/aktualne\/matt-schlapp-europa-musi-sie-obudzic-zanim-bedzie-za-pozno\/","og_locale":"pl_PL","og_type":"article","og_title":"Matt Schlapp: Europa musi si\u0119 obudzi\u0107, zanim b\u0119dzie za p\u00f3\u017ano - POGOTOWIE FLAGOWE\u00ae","og_description":"Polityczny krajobraz Zachodu zmienia si\u0119, a wraz z ostatnim zwyci\u0119stwem Donalda Trumpa w wyborach w USA konserwaty\u015bci na ca\u0142ym \u015bwiecie","og_url":"https:\/\/www.pogotowieflagowe.pl\/aktualne\/matt-schlapp-europa-musi-sie-obudzic-zanim-bedzie-za-pozno\/","og_site_name":"POGOTOWIE FLAGOWE\u00ae","article_published_time":"2025-01-31T13:46:56+00:00","article_modified_time":"2025-01-31T13:46:57+00:00","og_image":[{"width":600,"height":337,"url":"https:\/\/www.pogotowieflagowe.pl\/aktualne\/wp-content\/uploads\/2025\/01\/Matt-Schlapp-Europa-musi-sie-obudzic-zanim-bedzie-za-pozno.jpg","type":"image\/jpeg"}],"author":"Filip","twitter_card":"summary_large_image","twitter_misc":{"Napisane przez":"Filip","Szacowany czas czytania":"2 minuty"},"schema":{"@context":"https:\/\/schema.org","@graph":[{"@type":"Article","@id":"https:\/\/www.pogotowieflagowe.pl\/aktualne\/matt-schlapp-europa-musi-sie-obudzic-zanim-bedzie-za-pozno\/#article","isPartOf":{"@id":"https:\/\/www.pogotowieflagowe.pl\/aktualne\/matt-schlapp-europa-musi-sie-obudzic-zanim-bedzie-za-pozno\/"},"author":{"name":"Filip","@id":"https:\/\/www.pogotowieflagowe.pl\/aktualne\/#\/schema\/person\/9c2fb7d2362ebf6fa088960d7f0d27b0"},"headline":"Matt Schlapp: Europa musi si\u0119 obudzi\u0107, zanim b\u0119dzie za p\u00f3\u017ano","datePublished":"2025-01-31T13:46:56+00:00","dateModified":"2025-01-31T13:46:57+00:00","mainEntityOfPage":{"@id":"https:\/\/www.pogotowieflagowe.pl\/aktualne\/matt-schlapp-europa-musi-sie-obudzic-zanim-bedzie-za-pozno\/"},"wordCount":492,"publisher":{"@id":"https:\/\/www.pogotowieflagowe.pl\/aktualne\/#organization"},"image":{"@id":"https:\/\/www.pogotowieflagowe.pl\/aktualne\/matt-schlapp-europa-musi-sie-obudzic-zanim-bedzie-za-pozno\/#primaryimage"},"thumbnailUrl":"https:\/\/www.pogotowieflagowe.pl\/aktualne\/wp-content\/uploads\/2025\/01\/Matt-Schlapp-Europa-musi-sie-obudzic-zanim-bedzie-za-pozno.jpg","keywords":["b\u0119dzie","Europa","Matt","musi","obudzi\u0107","p\u00f3\u017ano","Schlapp","si\u0119","zanim"],"articleSection":["Polityka"],"inLanguage":"pl-PL"},{"@type":"WebPage","@id":"https:\/\/www.pogotowieflagowe.pl\/aktualne\/matt-schlapp-europa-musi-sie-obudzic-zanim-bedzie-za-pozno\/","url":"https:\/\/www.pogotowieflagowe.pl\/aktualne\/matt-schlapp-europa-musi-sie-obudzic-zanim-bedzie-za-pozno\/","name":"Matt Schlapp: Europa musi si\u0119 obudzi\u0107, zanim b\u0119dzie za p\u00f3\u017ano - POGOTOWIE FLAGOWE\u00ae","isPartOf":{"@id":"https:\/\/www.pogotowieflagowe.pl\/aktualne\/#website"},"primaryImageOfPage":{"@id":"https:\/\/www.pogotowieflagowe.pl\/aktualne\/matt-schlapp-europa-musi-sie-obudzic-zanim-bedzie-za-pozno\/#primaryimage"},"image":{"@id":"https:\/\/www.pogotowieflagowe.pl\/aktualne\/matt-schlapp-europa-musi-sie-obudzic-zanim-bedzie-za-pozno\/#primaryimage"},"thumbnailUrl":"https:\/\/www.pogotowieflagowe.pl\/aktualne\/wp-content\/uploads\/2025\/01\/Matt-Schlapp-Europa-musi-sie-obudzic-zanim-bedzie-za-pozno.jpg","datePublished":"2025-01-31T13:46:56+00:00","dateModified":"2025-01-31T13:46:57+00:00","breadcrumb":{"@id":"https:\/\/www.pogotowieflagowe.pl\/aktualne\/matt-schlapp-europa-musi-sie-obudzic-zanim-bedzie-za-pozno\/#breadcrumb"},"inLanguage":"pl-PL","potentialAction":[{"@type":"ReadAction","target":["https:\/\/www.pogotowieflagowe.pl\/aktualne\/matt-schlapp-europa-musi-sie-obudzic-zanim-bedzie-za-pozno\/"]}]},{"@type":"ImageObject","inLanguage":"pl-PL","@id":"https:\/\/www.pogotowieflagowe.pl\/aktualne\/matt-schlapp-europa-musi-sie-obudzic-zanim-bedzie-za-pozno\/#primaryimage","url":"https:\/\/www.pogotowieflagowe.pl\/aktualne\/wp-content\/uploads\/2025\/01\/Matt-Schlapp-Europa-musi-sie-obudzic-zanim-bedzie-za-pozno.jpg","contentUrl":"https:\/\/www.pogotowieflagowe.pl\/aktualne\/wp-content\/uploads\/2025\/01\/Matt-Schlapp-Europa-musi-sie-obudzic-zanim-bedzie-za-pozno.jpg","width":600,"height":337,"caption":"Matt Schlapp: Europa musi si\u0119 obudzi\u0107, zanim b\u0119dzie za p\u00f3\u017ano"},{"@type":"BreadcrumbList","@id":"https:\/\/www.pogotowieflagowe.pl\/aktualne\/matt-schlapp-europa-musi-sie-obudzic-zanim-bedzie-za-pozno\/#breadcrumb","itemListElement":[{"@type":"ListItem","position":1,"name":"Home","item":"https:\/\/www.pogotowieflagowe.pl\/aktualne\/"},{"@type":"ListItem","position":2,"name":"Matt Schlapp: Europa musi si\u0119 obudzi\u0107, zanim b\u0119dzie za p\u00f3\u017ano"}]},{"@type":"WebSite","@id":"https:\/\/www.pogotowieflagowe.pl\/aktualne\/#website","url":"https:\/\/www.pogotowieflagowe.pl\/aktualne\/","name":"POGOTOWIE FLAGOWE\u00ae","description":"","publisher":{"@id":"https:\/\/www.pogotowieflagowe.pl\/aktualne\/#organization"},"potentialAction":[{"@type":"SearchAction","target":{"@type":"EntryPoint","urlTemplate":"https:\/\/www.pogotowieflagowe.pl\/aktualne\/?s={search_term_string}"},"query-input":"required name=search_term_string"}],"inLanguage":"pl-PL"},{"@type":"Organization","@id":"https:\/\/www.pogotowieflagowe.pl\/aktualne\/#organization","name":"POGOTOWIE FLAGOWE\u00ae","url":"https:\/\/www.pogotowieflagowe.pl\/aktualne\/","logo":{"@type":"ImageObject","inLanguage":"pl-PL","@id":"https:\/\/www.pogotowieflagowe.pl\/aktualne\/#\/schema\/logo\/image\/","url":"https:\/\/www.pogotowieflagowe.pl\/aktualne\/wp-content\/uploads\/2024\/08\/cropped-pogotowieflagowe_flaga_projekt_sm.jpg","contentUrl":"https:\/\/www.pogotowieflagowe.pl\/aktualne\/wp-content\/uploads\/2024\/08\/cropped-pogotowieflagowe_flaga_projekt_sm.jpg","width":250,"height":143,"caption":"POGOTOWIE FLAGOWE\u00ae"},"image":{"@id":"https:\/\/www.pogotowieflagowe.pl\/aktualne\/#\/schema\/logo\/image\/"}},{"@type":"Person","@id":"https:\/\/www.pogotowieflagowe.pl\/aktualne\/#\/schema\/person\/9c2fb7d2362ebf6fa088960d7f0d27b0","name":"Filip","image":{"@type":"ImageObject","inLanguage":"pl-PL","@id":"https:\/\/www.pogotowieflagowe.pl\/aktualne\/#\/schema\/person\/image\/","url":"https:\/\/www.pogotowieflagowe.pl\/aktualne\/wp-content\/uploads\/2024\/08\/pogotowieflagowe.pl_.jpg","contentUrl":"https:\/\/www.pogotowieflagowe.pl\/aktualne\/wp-content\/uploads\/2024\/08\/pogotowieflagowe.pl_.jpg","caption":"Filip"},"description":"Jestem Filip, polski dziennikarz z dyplomem nauk politycznych Uniwersytetu Warszawskiego. Rozpoczynaj\u0105c swoj\u0105 karier\u0119 w r\u00f3\u017cnych lokalnych mediach, zdoby\u0142em solidne do\u015bwiadczenie w zakresie \u015bledztwa i redakcji. Obecnie jako redaktor w Pogotowie flagowe, staram si\u0119 dostarcza\u0107 dog\u0142\u0119bne i istotne analizy na temat najwa\u017cniejszych kwestii aktualno\u015bci, \u0142\u0105cz\u0105c rygor z pasj\u0105 dziennikarsk\u0105.","sameAs":["https:\/\/www.pogotowieflagowe.pl\/"]}]}},"_links":{"self":[{"href":"https:\/\/www.pogotowieflagowe.pl\/aktualne\/wp-json\/wp\/v2\/posts\/3587","targetHints":{"allow":["GET"]}}],"collection":[{"href":"https:\/\/www.pogotowieflagowe.pl\/aktualne\/wp-json\/wp\/v2\/posts"}],"about":[{"href":"https:\/\/www.pogotowieflagowe.pl\/aktualne\/wp-json\/wp\/v2\/types\/post"}],"author":[{"embeddable":true,"href":"https:\/\/www.pogotowieflagowe.pl\/aktualne\/wp-json\/wp\/v2\/users\/1"}],"replies":[{"embeddable":true,"href":"https:\/\/www.pogotowieflagowe.pl\/aktualne\/wp-json\/wp\/v2\/comments?post=3587"}],"version-history":[{"count":1,"href":"https:\/\/www.pogotowieflagowe.pl\/aktualne\/wp-json\/wp\/v2\/posts\/3587\/revisions"}],"predecessor-version":[{"id":3589,"href":"https:\/\/www.pogotowieflagowe.pl\/aktualne\/wp-json\/wp\/v2\/posts\/3587\/revisions\/3589"}],"wp:featuredmedia":[{"embeddable":true,"href":"https:\/\/www.pogotowieflagowe.pl\/aktualne\/wp-json\/wp\/v2\/media\/3588"}],"wp:attachment":[{"href":"https:\/\/www.pogotowieflagowe.pl\/aktualne\/wp-json\/wp\/v2\/media?parent=3587"}],"wp:term":[{"taxonomy":"category","embeddable":true,"href":"https:\/\/www.pogotowieflagowe.pl\/aktualne\/wp-json\/wp\/v2\/categories?post=3587"},{"taxonomy":"post_tag","embeddable":true,"href":"https:\/\/www.pogotowieflagowe.pl\/aktualne\/wp-json\/wp\/v2\/tags?post=3587"}],"curies":[{"name":"wp","href":"https:\/\/api.w.org\/{rel}","templated":true}]}}