{"id":3590,"date":"2025-01-31T15:48:51","date_gmt":"2025-01-31T14:48:51","guid":{"rendered":"https:\/\/www.pogotowieflagowe.pl\/aktualne\/policja-raid-tv-republika-rzad-tusk-interweniuje-w-niezaleznych-siedzibach-mediow\/"},"modified":"2025-01-31T15:48:51","modified_gmt":"2025-01-31T14:48:51","slug":"policja-raid-tv-republika-rzad-tusk-interweniuje-w-niezaleznych-siedzibach-mediow","status":"publish","type":"post","link":"https:\/\/www.pogotowieflagowe.pl\/aktualne\/policja-raid-tv-republika-rzad-tusk-interweniuje-w-niezaleznych-siedzibach-mediow\/","title":{"rendered":"Policja Raid TV Republika! Rz\u0105d Tusk interweniuje w niezale\u017cnych siedzibach medi\u00f3w"},"content":{"rendered":"\n<div class=\"td_block_wrap tdb_single_content tdi_41 td-pb-border-top td_block_template_8 td-post-content tagdiv-type\" data-td-block-uid=\"tdi_41\">\n<style>.tdi_41 {margin-top: 0px! Wa\u017cne; margines-bottom: 0px! WA\u017bNY; PALDING-TOP: 0PX! WA\u017bNY; PALDING-BOTTOM: 0PX! WA\u017bNE}<\/style>\n<style>.tdb_single_content {margin-bottom: 0;*zoom: 1} .tdb_single_content: wcze\u015bniej, .tdb_single_content: po {display: Table; content: ''; line-height: 0} .TDB-BLOCK-INner>*: nie (.WP-BLOCK-QUOTE): NOT (.Alignwide): not (.alignfull.wp-block-cover.has-parallax): not (.td-a-ad) {margin-left: auto; margin-right: auto} .tdb_single_content a {wska\u017anik-events: auto} .tdb_single_content .td-spot-id-top_ad .tdc-placeholder-title: przed {content: 'top ad'! Wa\u017cne} .tdb_single_content .td-spot-id-inline_ad0 .tdc-miejsce-title: przed {content: \u201eArtyku\u0142 inline AD 1 '! Wa\u017cne} .tdb_single_content. {content: 'Artyku\u0142 inline AD 2'! Wa\u017cny} .tdb_single_content .td-spot-inline_ad2 .tdc-miejsce-title: przed {content: 'Artyku\u0142 inline AD 3'! Wa\u017cny} .tdb_single_content .td-spot-id-id -Bottom_Ad .tdc-Placeholder-Title: przed {content: 'artyku\u0142 dolny ad'! Wa\u017cny} .tdb_single_content .id_top_ad, .tdb_single_content .id_bottom_ad {clear: obu; margin-bottom: 21px; text -align: Center} .tdb_single_content. id_top_ad IMG, .tdb_single_content .id_bottom_ad Img {margin-bottom: 0} .tdb_single_content .id_top_ad .adsbyGoogle, .tdb_single_content .id_bottom_ad .adsbyGoogle , .tdb_single_content .id_ad_content-horiz-right , .tdb_single_content .id_ad_content-horiz-Center {margin-bottom: 15px} .tdb_single_content .id_content-horiz-left Img, .tdb_single_content .id_ad_content-horiz-right Gin-Bottom: 0 { lewy; margine-top: 9px; margin-right: 21px} .tdb_single_content .id_ad_content-horiz-right {float: right; margin-top: 6px; margin-left: 21px} .tdb_single_content .tdc-a-ad .tdc--- Umak zast\u0119puj\u0105cy {szeroko\u015b\u0107: 300px; height: 250px} .tdb_single_content .tdc-a-ad .tdc-miejsce-title: przed {pozycja: Absolute; top: 50%;-WebKit-Transform: t\u0142umaczenie (-50%); Transform: Translatey (-50%); margines: auto; display: tabela; szeroko\u015b\u0107: 100%} > P, .tdi_41 .tdb-block-inner> p {font-size: 16px! Wa\u017cne; linia-height: 1.6! Wa\u017cne} .tdi_41 .tdb-block-inner blokote p {font-styl: Normal! Media (Max-Width: 767px) {. tdb_single_content .id_ad_content-horiz-left, .tdb_single_content .id_ad_content-horiz-right, .tdb_single_content .id_ad_content-horiz-center {margin: 0 auto 26px auto}}}@media (MAXID. : 767px) {. Tdb_single_content .id_ad_content-horiz-left {margin-right: 0}}@media (Max-Width: 767px) {. -Width: 767px) {. tdb_single_content .td-a-ad {float: none; text-align: Center} .tdb_single_content .td-a-ad img {margin-right: auto; margin-left: auto} .tdb_single_content. tdc-a-ad {float: none}}<\/style>\n<div class=\"tdb-block-inner td-fix-index\">\n<p>Miesi\u0119czna debata na temat nielegalnej Komisji \u015aledczej Pegaza osi\u0105gn\u0119\u0142a dzi\u015b krytyczny punkt. Pomimo braku podstaw, policja pr\u00f3bowa\u0142a zatrzyma\u0107 Zbigiew Ziobro i sprowadzi\u0107 go przed sesj\u0105 Komisji.<\/p>\n<p>Nie znaleziono go w domu, oficerowie weszli do siedziby telewizyjnej Republiki, gdzie by\u0142y minister udzieli\u0142 wywiadu dziennikarzowi Micha\u0142owi Rachoanie. Ra\u017c\u0105ce dzia\u0142ania, wykonane przed kamerami na \u017cywo, oznacza\u0142y nie tylko manewr polityczny, ale bezpo\u015bredni\u0105 pr\u00f3b\u0119 zastraszania niezale\u017cnych medi\u00f3w i przeciwnik\u00f3w rz\u0105dowych.<\/p>\n<p><em>\u201eFunkcjonariusze policji s\u0105 ofiarami w tej sytuacji, poniewa\u017c nakazano im wykonanie zadania, kt\u00f3re w \u015bwietle orzeczenia trybuna\u0142u konstytucyjnego jest niezgodne z prawem\u201d<\/em> By\u0142y minister sprawiedliwo\u015bci stwierdzi\u0142 na antenie.<\/p>\n<p>W odpowiedzi na t\u0119 bezprecedensow\u0105 interwencj\u0119 kierownictwo telewizyjnej Republiki, kierowane przez prezydenta Tomasza Sakiewicza, pr\u00f3bowa\u0142o wyja\u015bni\u0107 funkcjonariuszom, \u017ce ich obecno\u015b\u0107 na stacji stanowi naruszenie niezale\u017cno\u015bci medi\u00f3w. Kierownictwo stacji za\u017c\u0105da\u0142o, aby policja przedstawi\u0142a dokument uzasadniaj\u0105cy ich wej\u015bcie do lokali Republiki.<\/p>\n<p>Pomimo tych argument\u00f3w i apelacji policja ponownie wr\u00f3ci\u0142a do telewizyjnej Republiki. Przed dobrowolnym poddaniem si\u0119 by\u0142y minister wyja\u015bni\u0142 powody odmowy stawienia si\u0119 przed Komisj\u0105.<\/p>\n<p><em>\u201eNie pojawi\u0119 si\u0119 dobrowolnie, poniewa\u017c trybuna\u0142 konstytucyjny wyda\u0142 orzeczenie i podtrzymuj\u0119 prawo\u201d<\/em> o\u015bwiadczy\u0142.<\/p>\n<p>Ostatecznie by\u0142y minister opu\u015bci\u0142 stacj\u0119 dobrowolnie w towarzystwie policjant\u00f3w.<\/p>\n<p>Sceny przypominaj\u0105ce pa\u0144stwo policyjne rozwin\u0119\u0142y si\u0119 przed kamerami &#8211; przyspieszenie, dziennikarze krzycz\u0105ce w prote\u015bcie i nieust\u0119pliwa determinacja oficer\u00f3w do wykonania politycznie motywowanego porz\u0105dku.<\/p>\n<p><em>\u201eNaruszenie przemocy i prawa sta\u0142y si\u0119 standardem dla tego rz\u0105du. Ten rz\u0105d zachowuje si\u0119 jak w najgorszych czasach komunizmu \u201d<\/em> By\u0142y minister stwierdzi\u0142 na kilka minut przed aresztowaniem.<\/p>\n<figure class=\"wp-block-embed is-type-video is-provider-youtube wp-block-embed-youtube wp-embed-aspect-16-9 wp-has-aspect-ratio\">\n<div class=\"wp-block-embed__wrapper\">\n<a href=\"https:\/\/www.youtube.com\/watch?v=iqni0nbvlhq\">https:\/\/www.youtube.com\/watch?v=iqni0nbvlhq<\/a>\n<\/div>\n<\/figure>\n<\/div>\n<\/div>\n","protected":false},"excerpt":{"rendered":"<p>Miesi\u0119czna debata na temat nielegalnej Komisji \u015aledczej Pegaza osi\u0105gn\u0119\u0142a dzi\u015b krytyczny punkt. Pomimo braku podstaw, policja pr\u00f3bowa\u0142a zatrzyma\u0107 Zbigiew Ziobro<\/p>\n","protected":false},"author":1,"featured_media":3591,"comment_status":"closed","ping_status":"","sticky":false,"template":"","format":"standard","meta":{"footnotes":""},"categories":[4748],"tags":[5116,1368,5117,2382,5115,340,1554,5118,221],"class_list":["post-3590","post","type-post","status-publish","format-standard","has-post-thumbnail","hentry","category-aktualne","tag-interweniuje","tag-mediow","tag-niezaleznych","tag-policja","tag-raid","tag-republika","tag-rzad","tag-siedzibach","tag-tusk","generate-columns","tablet-grid-50","mobile-grid-100","grid-parent","grid-50","resize-featured-image"],"yoast_head":"<!-- This site is optimized with the Yoast SEO plugin v23.2 - https:\/\/yoast.com\/wordpress\/plugins\/seo\/ -->\n<title>Policja Raid TV Republika! Rz\u0105d Tusk interweniuje w niezale\u017cnych siedzibach medi\u00f3w - POGOTOWIE FLAGOWE\u00ae<\/title>\n<meta name=\"robots\" content=\"index, follow, max-snippet:-1, max-image-preview:large, max-video-preview:-1\" \/>\n<link rel=\"canonical\" href=\"https:\/\/www.pogotowieflagowe.pl\/aktualne\/policja-raid-tv-republika-rzad-tusk-interweniuje-w-niezaleznych-siedzibach-mediow\/\" \/>\n<meta property=\"og:locale\" content=\"pl_PL\" \/>\n<meta property=\"og:type\" content=\"article\" \/>\n<meta property=\"og:title\" content=\"Policja Raid TV Republika! Rz\u0105d Tusk interweniuje w niezale\u017cnych siedzibach medi\u00f3w - POGOTOWIE FLAGOWE\u00ae\" \/>\n<meta property=\"og:description\" content=\"Miesi\u0119czna debata na temat nielegalnej Komisji \u015aledczej Pegaza osi\u0105gn\u0119\u0142a dzi\u015b krytyczny punkt. Pomimo braku podstaw, policja pr\u00f3bowa\u0142a zatrzyma\u0107 Zbigiew Ziobro\" \/>\n<meta property=\"og:url\" content=\"https:\/\/www.pogotowieflagowe.pl\/aktualne\/policja-raid-tv-republika-rzad-tusk-interweniuje-w-niezaleznych-siedzibach-mediow\/\" \/>\n<meta property=\"og:site_name\" content=\"POGOTOWIE FLAGOWE\u00ae\" \/>\n<meta property=\"article:published_time\" content=\"2025-01-31T14:48:51+00:00\" \/>\n<meta property=\"og:image\" content=\"https:\/\/www.pogotowieflagowe.pl\/aktualne\/wp-content\/uploads\/2025\/01\/Policja-Raid-TV-Republika-Rzad-Tusk-interweniuje-w-niezaleznych-siedzibach.jpg\" \/>\n\t<meta property=\"og:image:width\" content=\"600\" \/>\n\t<meta property=\"og:image:height\" content=\"337\" \/>\n\t<meta property=\"og:image:type\" content=\"image\/jpeg\" \/>\n<meta name=\"author\" content=\"Filip\" \/>\n<meta name=\"twitter:card\" content=\"summary_large_image\" \/>\n<meta name=\"twitter:label1\" content=\"Napisane przez\" \/>\n\t<meta name=\"twitter:data1\" content=\"Filip\" \/>\n\t<meta name=\"twitter:label2\" content=\"Szacowany czas czytania\" \/>\n\t<meta name=\"twitter:data2\" content=\"1 minuta\" \/>\n<script type=\"application\/ld+json\" class=\"yoast-schema-graph\">{\"@context\":\"https:\/\/schema.org\",\"@graph\":[{\"@type\":\"Article\",\"@id\":\"https:\/\/www.pogotowieflagowe.pl\/aktualne\/policja-raid-tv-republika-rzad-tusk-interweniuje-w-niezaleznych-siedzibach-mediow\/#article\",\"isPartOf\":{\"@id\":\"https:\/\/www.pogotowieflagowe.pl\/aktualne\/policja-raid-tv-republika-rzad-tusk-interweniuje-w-niezaleznych-siedzibach-mediow\/\"},\"author\":{\"name\":\"Filip\",\"@id\":\"https:\/\/www.pogotowieflagowe.pl\/aktualne\/#\/schema\/person\/9c2fb7d2362ebf6fa088960d7f0d27b0\"},\"headline\":\"Policja Raid TV Republika! Rz\u0105d Tusk interweniuje w niezale\u017cnych siedzibach medi\u00f3w\",\"datePublished\":\"2025-01-31T14:48:51+00:00\",\"dateModified\":\"2025-01-31T14:48:51+00:00\",\"mainEntityOfPage\":{\"@id\":\"https:\/\/www.pogotowieflagowe.pl\/aktualne\/policja-raid-tv-republika-rzad-tusk-interweniuje-w-niezaleznych-siedzibach-mediow\/\"},\"wordCount\":305,\"publisher\":{\"@id\":\"https:\/\/www.pogotowieflagowe.pl\/aktualne\/#organization\"},\"image\":{\"@id\":\"https:\/\/www.pogotowieflagowe.pl\/aktualne\/policja-raid-tv-republika-rzad-tusk-interweniuje-w-niezaleznych-siedzibach-mediow\/#primaryimage\"},\"thumbnailUrl\":\"https:\/\/www.pogotowieflagowe.pl\/aktualne\/wp-content\/uploads\/2025\/01\/Policja-Raid-TV-Republika-Rzad-Tusk-interweniuje-w-niezaleznych-siedzibach.jpg\",\"keywords\":[\"interweniuje\",\"Medi\u00f3w\",\"niezale\u017cnych\",\"policja\",\"Raid\",\"Republika\",\"Rz\u0105d\",\"siedzibach\",\"Tusk\"],\"articleSection\":[\"Aktualne\"],\"inLanguage\":\"pl-PL\"},{\"@type\":\"WebPage\",\"@id\":\"https:\/\/www.pogotowieflagowe.pl\/aktualne\/policja-raid-tv-republika-rzad-tusk-interweniuje-w-niezaleznych-siedzibach-mediow\/\",\"url\":\"https:\/\/www.pogotowieflagowe.pl\/aktualne\/policja-raid-tv-republika-rzad-tusk-interweniuje-w-niezaleznych-siedzibach-mediow\/\",\"name\":\"Policja Raid TV Republika! Rz\u0105d Tusk interweniuje w niezale\u017cnych siedzibach medi\u00f3w - POGOTOWIE FLAGOWE\u00ae\",\"isPartOf\":{\"@id\":\"https:\/\/www.pogotowieflagowe.pl\/aktualne\/#website\"},\"primaryImageOfPage\":{\"@id\":\"https:\/\/www.pogotowieflagowe.pl\/aktualne\/policja-raid-tv-republika-rzad-tusk-interweniuje-w-niezaleznych-siedzibach-mediow\/#primaryimage\"},\"image\":{\"@id\":\"https:\/\/www.pogotowieflagowe.pl\/aktualne\/policja-raid-tv-republika-rzad-tusk-interweniuje-w-niezaleznych-siedzibach-mediow\/#primaryimage\"},\"thumbnailUrl\":\"https:\/\/www.pogotowieflagowe.pl\/aktualne\/wp-content\/uploads\/2025\/01\/Policja-Raid-TV-Republika-Rzad-Tusk-interweniuje-w-niezaleznych-siedzibach.jpg\",\"datePublished\":\"2025-01-31T14:48:51+00:00\",\"dateModified\":\"2025-01-31T14:48:51+00:00\",\"breadcrumb\":{\"@id\":\"https:\/\/www.pogotowieflagowe.pl\/aktualne\/policja-raid-tv-republika-rzad-tusk-interweniuje-w-niezaleznych-siedzibach-mediow\/#breadcrumb\"},\"inLanguage\":\"pl-PL\",\"potentialAction\":[{\"@type\":\"ReadAction\",\"target\":[\"https:\/\/www.pogotowieflagowe.pl\/aktualne\/policja-raid-tv-republika-rzad-tusk-interweniuje-w-niezaleznych-siedzibach-mediow\/\"]}]},{\"@type\":\"ImageObject\",\"inLanguage\":\"pl-PL\",\"@id\":\"https:\/\/www.pogotowieflagowe.pl\/aktualne\/policja-raid-tv-republika-rzad-tusk-interweniuje-w-niezaleznych-siedzibach-mediow\/#primaryimage\",\"url\":\"https:\/\/www.pogotowieflagowe.pl\/aktualne\/wp-content\/uploads\/2025\/01\/Policja-Raid-TV-Republika-Rzad-Tusk-interweniuje-w-niezaleznych-siedzibach.jpg\",\"contentUrl\":\"https:\/\/www.pogotowieflagowe.pl\/aktualne\/wp-content\/uploads\/2025\/01\/Policja-Raid-TV-Republika-Rzad-Tusk-interweniuje-w-niezaleznych-siedzibach.jpg\",\"width\":600,\"height\":337,\"caption\":\"Policja Raid TV Republika! Rz\u0105d Tusk interweniuje w niezale\u017cnych siedzibach medi\u00f3w\"},{\"@type\":\"BreadcrumbList\",\"@id\":\"https:\/\/www.pogotowieflagowe.pl\/aktualne\/policja-raid-tv-republika-rzad-tusk-interweniuje-w-niezaleznych-siedzibach-mediow\/#breadcrumb\",\"itemListElement\":[{\"@type\":\"ListItem\",\"position\":1,\"name\":\"Home\",\"item\":\"https:\/\/www.pogotowieflagowe.pl\/aktualne\/\"},{\"@type\":\"ListItem\",\"position\":2,\"name\":\"Policja Raid TV Republika! Rz\u0105d Tusk interweniuje w niezale\u017cnych siedzibach medi\u00f3w\"}]},{\"@type\":\"WebSite\",\"@id\":\"https:\/\/www.pogotowieflagowe.pl\/aktualne\/#website\",\"url\":\"https:\/\/www.pogotowieflagowe.pl\/aktualne\/\",\"name\":\"POGOTOWIE FLAGOWE\u00ae\",\"description\":\"\",\"publisher\":{\"@id\":\"https:\/\/www.pogotowieflagowe.pl\/aktualne\/#organization\"},\"potentialAction\":[{\"@type\":\"SearchAction\",\"target\":{\"@type\":\"EntryPoint\",\"urlTemplate\":\"https:\/\/www.pogotowieflagowe.pl\/aktualne\/?s={search_term_string}\"},\"query-input\":\"required name=search_term_string\"}],\"inLanguage\":\"pl-PL\"},{\"@type\":\"Organization\",\"@id\":\"https:\/\/www.pogotowieflagowe.pl\/aktualne\/#organization\",\"name\":\"POGOTOWIE FLAGOWE\u00ae\",\"url\":\"https:\/\/www.pogotowieflagowe.pl\/aktualne\/\",\"logo\":{\"@type\":\"ImageObject\",\"inLanguage\":\"pl-PL\",\"@id\":\"https:\/\/www.pogotowieflagowe.pl\/aktualne\/#\/schema\/logo\/image\/\",\"url\":\"https:\/\/www.pogotowieflagowe.pl\/aktualne\/wp-content\/uploads\/2024\/08\/cropped-pogotowieflagowe_flaga_projekt_sm.jpg\",\"contentUrl\":\"https:\/\/www.pogotowieflagowe.pl\/aktualne\/wp-content\/uploads\/2024\/08\/cropped-pogotowieflagowe_flaga_projekt_sm.jpg\",\"width\":250,\"height\":143,\"caption\":\"POGOTOWIE FLAGOWE\u00ae\"},\"image\":{\"@id\":\"https:\/\/www.pogotowieflagowe.pl\/aktualne\/#\/schema\/logo\/image\/\"}},{\"@type\":\"Person\",\"@id\":\"https:\/\/www.pogotowieflagowe.pl\/aktualne\/#\/schema\/person\/9c2fb7d2362ebf6fa088960d7f0d27b0\",\"name\":\"Filip\",\"image\":{\"@type\":\"ImageObject\",\"inLanguage\":\"pl-PL\",\"@id\":\"https:\/\/www.pogotowieflagowe.pl\/aktualne\/#\/schema\/person\/image\/\",\"url\":\"https:\/\/www.pogotowieflagowe.pl\/aktualne\/wp-content\/uploads\/2024\/08\/pogotowieflagowe.pl_.jpg\",\"contentUrl\":\"https:\/\/www.pogotowieflagowe.pl\/aktualne\/wp-content\/uploads\/2024\/08\/pogotowieflagowe.pl_.jpg\",\"caption\":\"Filip\"},\"description\":\"Jestem Filip, polski dziennikarz z dyplomem nauk politycznych Uniwersytetu Warszawskiego. Rozpoczynaj\u0105c swoj\u0105 karier\u0119 w r\u00f3\u017cnych lokalnych mediach, zdoby\u0142em solidne do\u015bwiadczenie w zakresie \u015bledztwa i redakcji. Obecnie jako redaktor w Pogotowie flagowe, staram si\u0119 dostarcza\u0107 dog\u0142\u0119bne i istotne analizy na temat najwa\u017cniejszych kwestii aktualno\u015bci, \u0142\u0105cz\u0105c rygor z pasj\u0105 dziennikarsk\u0105.\",\"sameAs\":[\"https:\/\/www.pogotowieflagowe.pl\/\"]}]}<\/script>\n<!-- \/ Yoast SEO plugin. -->","yoast_head_json":{"title":"Policja Raid TV Republika! Rz\u0105d Tusk interweniuje w niezale\u017cnych siedzibach medi\u00f3w - POGOTOWIE FLAGOWE\u00ae","robots":{"index":"index","follow":"follow","max-snippet":"max-snippet:-1","max-image-preview":"max-image-preview:large","max-video-preview":"max-video-preview:-1"},"canonical":"https:\/\/www.pogotowieflagowe.pl\/aktualne\/policja-raid-tv-republika-rzad-tusk-interweniuje-w-niezaleznych-siedzibach-mediow\/","og_locale":"pl_PL","og_type":"article","og_title":"Policja Raid TV Republika! Rz\u0105d Tusk interweniuje w niezale\u017cnych siedzibach medi\u00f3w - POGOTOWIE FLAGOWE\u00ae","og_description":"Miesi\u0119czna debata na temat nielegalnej Komisji \u015aledczej Pegaza osi\u0105gn\u0119\u0142a dzi\u015b krytyczny punkt. Pomimo braku podstaw, policja pr\u00f3bowa\u0142a zatrzyma\u0107 Zbigiew Ziobro","og_url":"https:\/\/www.pogotowieflagowe.pl\/aktualne\/policja-raid-tv-republika-rzad-tusk-interweniuje-w-niezaleznych-siedzibach-mediow\/","og_site_name":"POGOTOWIE FLAGOWE\u00ae","article_published_time":"2025-01-31T14:48:51+00:00","og_image":[{"width":600,"height":337,"url":"https:\/\/www.pogotowieflagowe.pl\/aktualne\/wp-content\/uploads\/2025\/01\/Policja-Raid-TV-Republika-Rzad-Tusk-interweniuje-w-niezaleznych-siedzibach.jpg","type":"image\/jpeg"}],"author":"Filip","twitter_card":"summary_large_image","twitter_misc":{"Napisane przez":"Filip","Szacowany czas czytania":"1 minuta"},"schema":{"@context":"https:\/\/schema.org","@graph":[{"@type":"Article","@id":"https:\/\/www.pogotowieflagowe.pl\/aktualne\/policja-raid-tv-republika-rzad-tusk-interweniuje-w-niezaleznych-siedzibach-mediow\/#article","isPartOf":{"@id":"https:\/\/www.pogotowieflagowe.pl\/aktualne\/policja-raid-tv-republika-rzad-tusk-interweniuje-w-niezaleznych-siedzibach-mediow\/"},"author":{"name":"Filip","@id":"https:\/\/www.pogotowieflagowe.pl\/aktualne\/#\/schema\/person\/9c2fb7d2362ebf6fa088960d7f0d27b0"},"headline":"Policja Raid TV Republika! Rz\u0105d Tusk interweniuje w niezale\u017cnych siedzibach medi\u00f3w","datePublished":"2025-01-31T14:48:51+00:00","dateModified":"2025-01-31T14:48:51+00:00","mainEntityOfPage":{"@id":"https:\/\/www.pogotowieflagowe.pl\/aktualne\/policja-raid-tv-republika-rzad-tusk-interweniuje-w-niezaleznych-siedzibach-mediow\/"},"wordCount":305,"publisher":{"@id":"https:\/\/www.pogotowieflagowe.pl\/aktualne\/#organization"},"image":{"@id":"https:\/\/www.pogotowieflagowe.pl\/aktualne\/policja-raid-tv-republika-rzad-tusk-interweniuje-w-niezaleznych-siedzibach-mediow\/#primaryimage"},"thumbnailUrl":"https:\/\/www.pogotowieflagowe.pl\/aktualne\/wp-content\/uploads\/2025\/01\/Policja-Raid-TV-Republika-Rzad-Tusk-interweniuje-w-niezaleznych-siedzibach.jpg","keywords":["interweniuje","Medi\u00f3w","niezale\u017cnych","policja","Raid","Republika","Rz\u0105d","siedzibach","Tusk"],"articleSection":["Aktualne"],"inLanguage":"pl-PL"},{"@type":"WebPage","@id":"https:\/\/www.pogotowieflagowe.pl\/aktualne\/policja-raid-tv-republika-rzad-tusk-interweniuje-w-niezaleznych-siedzibach-mediow\/","url":"https:\/\/www.pogotowieflagowe.pl\/aktualne\/policja-raid-tv-republika-rzad-tusk-interweniuje-w-niezaleznych-siedzibach-mediow\/","name":"Policja Raid TV Republika! Rz\u0105d Tusk interweniuje w niezale\u017cnych siedzibach medi\u00f3w - POGOTOWIE FLAGOWE\u00ae","isPartOf":{"@id":"https:\/\/www.pogotowieflagowe.pl\/aktualne\/#website"},"primaryImageOfPage":{"@id":"https:\/\/www.pogotowieflagowe.pl\/aktualne\/policja-raid-tv-republika-rzad-tusk-interweniuje-w-niezaleznych-siedzibach-mediow\/#primaryimage"},"image":{"@id":"https:\/\/www.pogotowieflagowe.pl\/aktualne\/policja-raid-tv-republika-rzad-tusk-interweniuje-w-niezaleznych-siedzibach-mediow\/#primaryimage"},"thumbnailUrl":"https:\/\/www.pogotowieflagowe.pl\/aktualne\/wp-content\/uploads\/2025\/01\/Policja-Raid-TV-Republika-Rzad-Tusk-interweniuje-w-niezaleznych-siedzibach.jpg","datePublished":"2025-01-31T14:48:51+00:00","dateModified":"2025-01-31T14:48:51+00:00","breadcrumb":{"@id":"https:\/\/www.pogotowieflagowe.pl\/aktualne\/policja-raid-tv-republika-rzad-tusk-interweniuje-w-niezaleznych-siedzibach-mediow\/#breadcrumb"},"inLanguage":"pl-PL","potentialAction":[{"@type":"ReadAction","target":["https:\/\/www.pogotowieflagowe.pl\/aktualne\/policja-raid-tv-republika-rzad-tusk-interweniuje-w-niezaleznych-siedzibach-mediow\/"]}]},{"@type":"ImageObject","inLanguage":"pl-PL","@id":"https:\/\/www.pogotowieflagowe.pl\/aktualne\/policja-raid-tv-republika-rzad-tusk-interweniuje-w-niezaleznych-siedzibach-mediow\/#primaryimage","url":"https:\/\/www.pogotowieflagowe.pl\/aktualne\/wp-content\/uploads\/2025\/01\/Policja-Raid-TV-Republika-Rzad-Tusk-interweniuje-w-niezaleznych-siedzibach.jpg","contentUrl":"https:\/\/www.pogotowieflagowe.pl\/aktualne\/wp-content\/uploads\/2025\/01\/Policja-Raid-TV-Republika-Rzad-Tusk-interweniuje-w-niezaleznych-siedzibach.jpg","width":600,"height":337,"caption":"Policja Raid TV Republika! Rz\u0105d Tusk interweniuje w niezale\u017cnych siedzibach medi\u00f3w"},{"@type":"BreadcrumbList","@id":"https:\/\/www.pogotowieflagowe.pl\/aktualne\/policja-raid-tv-republika-rzad-tusk-interweniuje-w-niezaleznych-siedzibach-mediow\/#breadcrumb","itemListElement":[{"@type":"ListItem","position":1,"name":"Home","item":"https:\/\/www.pogotowieflagowe.pl\/aktualne\/"},{"@type":"ListItem","position":2,"name":"Policja Raid TV Republika! Rz\u0105d Tusk interweniuje w niezale\u017cnych siedzibach medi\u00f3w"}]},{"@type":"WebSite","@id":"https:\/\/www.pogotowieflagowe.pl\/aktualne\/#website","url":"https:\/\/www.pogotowieflagowe.pl\/aktualne\/","name":"POGOTOWIE FLAGOWE\u00ae","description":"","publisher":{"@id":"https:\/\/www.pogotowieflagowe.pl\/aktualne\/#organization"},"potentialAction":[{"@type":"SearchAction","target":{"@type":"EntryPoint","urlTemplate":"https:\/\/www.pogotowieflagowe.pl\/aktualne\/?s={search_term_string}"},"query-input":"required name=search_term_string"}],"inLanguage":"pl-PL"},{"@type":"Organization","@id":"https:\/\/www.pogotowieflagowe.pl\/aktualne\/#organization","name":"POGOTOWIE FLAGOWE\u00ae","url":"https:\/\/www.pogotowieflagowe.pl\/aktualne\/","logo":{"@type":"ImageObject","inLanguage":"pl-PL","@id":"https:\/\/www.pogotowieflagowe.pl\/aktualne\/#\/schema\/logo\/image\/","url":"https:\/\/www.pogotowieflagowe.pl\/aktualne\/wp-content\/uploads\/2024\/08\/cropped-pogotowieflagowe_flaga_projekt_sm.jpg","contentUrl":"https:\/\/www.pogotowieflagowe.pl\/aktualne\/wp-content\/uploads\/2024\/08\/cropped-pogotowieflagowe_flaga_projekt_sm.jpg","width":250,"height":143,"caption":"POGOTOWIE FLAGOWE\u00ae"},"image":{"@id":"https:\/\/www.pogotowieflagowe.pl\/aktualne\/#\/schema\/logo\/image\/"}},{"@type":"Person","@id":"https:\/\/www.pogotowieflagowe.pl\/aktualne\/#\/schema\/person\/9c2fb7d2362ebf6fa088960d7f0d27b0","name":"Filip","image":{"@type":"ImageObject","inLanguage":"pl-PL","@id":"https:\/\/www.pogotowieflagowe.pl\/aktualne\/#\/schema\/person\/image\/","url":"https:\/\/www.pogotowieflagowe.pl\/aktualne\/wp-content\/uploads\/2024\/08\/pogotowieflagowe.pl_.jpg","contentUrl":"https:\/\/www.pogotowieflagowe.pl\/aktualne\/wp-content\/uploads\/2024\/08\/pogotowieflagowe.pl_.jpg","caption":"Filip"},"description":"Jestem Filip, polski dziennikarz z dyplomem nauk politycznych Uniwersytetu Warszawskiego. Rozpoczynaj\u0105c swoj\u0105 karier\u0119 w r\u00f3\u017cnych lokalnych mediach, zdoby\u0142em solidne do\u015bwiadczenie w zakresie \u015bledztwa i redakcji. Obecnie jako redaktor w Pogotowie flagowe, staram si\u0119 dostarcza\u0107 dog\u0142\u0119bne i istotne analizy na temat najwa\u017cniejszych kwestii aktualno\u015bci, \u0142\u0105cz\u0105c rygor z pasj\u0105 dziennikarsk\u0105.","sameAs":["https:\/\/www.pogotowieflagowe.pl\/"]}]}},"_links":{"self":[{"href":"https:\/\/www.pogotowieflagowe.pl\/aktualne\/wp-json\/wp\/v2\/posts\/3590","targetHints":{"allow":["GET"]}}],"collection":[{"href":"https:\/\/www.pogotowieflagowe.pl\/aktualne\/wp-json\/wp\/v2\/posts"}],"about":[{"href":"https:\/\/www.pogotowieflagowe.pl\/aktualne\/wp-json\/wp\/v2\/types\/post"}],"author":[{"embeddable":true,"href":"https:\/\/www.pogotowieflagowe.pl\/aktualne\/wp-json\/wp\/v2\/users\/1"}],"replies":[{"embeddable":true,"href":"https:\/\/www.pogotowieflagowe.pl\/aktualne\/wp-json\/wp\/v2\/comments?post=3590"}],"version-history":[{"count":1,"href":"https:\/\/www.pogotowieflagowe.pl\/aktualne\/wp-json\/wp\/v2\/posts\/3590\/revisions"}],"predecessor-version":[{"id":3592,"href":"https:\/\/www.pogotowieflagowe.pl\/aktualne\/wp-json\/wp\/v2\/posts\/3590\/revisions\/3592"}],"wp:featuredmedia":[{"embeddable":true,"href":"https:\/\/www.pogotowieflagowe.pl\/aktualne\/wp-json\/wp\/v2\/media\/3591"}],"wp:attachment":[{"href":"https:\/\/www.pogotowieflagowe.pl\/aktualne\/wp-json\/wp\/v2\/media?parent=3590"}],"wp:term":[{"taxonomy":"category","embeddable":true,"href":"https:\/\/www.pogotowieflagowe.pl\/aktualne\/wp-json\/wp\/v2\/categories?post=3590"},{"taxonomy":"post_tag","embeddable":true,"href":"https:\/\/www.pogotowieflagowe.pl\/aktualne\/wp-json\/wp\/v2\/tags?post=3590"}],"curies":[{"name":"wp","href":"https:\/\/api.w.org\/{rel}","templated":true}]}}