{"id":360,"date":"2024-08-29T13:57:40","date_gmt":"2024-08-29T11:57:40","guid":{"rendered":"https:\/\/www.pogotowieflagowe.pl\/aktualne\/rock-rachon-poszerza-horyzont-nowy-rozdzial-otwiera-sie-w-telewizji-republika\/"},"modified":"2024-08-29T13:57:43","modified_gmt":"2024-08-29T11:57:43","slug":"rock-rachon-poszerza-horyzont-nowy-rozdzial-otwiera-sie-w-telewizji-republika","status":"publish","type":"post","link":"https:\/\/www.pogotowieflagowe.pl\/aktualne\/rock-rachon-poszerza-horyzont-nowy-rozdzial-otwiera-sie-w-telewizji-republika\/","title":{"rendered":"\u201eRock Rachon\u201d poszerza horyzont: Nowy rozdzia\u0142 otwiera si\u0119 w telewizji Republika"},"content":{"rendered":"\n<div class=\"td_block_wrap tdb_single_content tdi_48 td-pb-border-top td_block_template_8 td-post-content tagdiv-type\" data-td-block-uid=\"tdi_48\">\n<style>.tdi_48{margines g\u00f3rny:0px!wa\u017cne;margines dolny:0px!wa\u017cne;wype\u0142nienie g\u00f3rne:0px!wa\u017cne;wype\u0142nienie dolne:0px!wa\u017cne}<\/style>\n<style>.tdb_single_content{margines-dolny:0;*powi\u0119kszenie:1}.tdb_single_content:before,.tdb_single_content:after{wy\u015bwietlanie:tabela;zawarto\u015b\u0107:'';wysoko\u015b\u0107-linii:0}.tdb_single_content:after{wyczy\u015b\u0107:oba}.tdb_single_content .tdb-block-inner>*:not(.wp-block-quote):not(.alignwide):not(.alignfull.wp-block-cover.has-parallax):not(.td-a-ad){margines-lewy:auto;margines-prawy:auto}.tdb_single_content a{zdarzenia-wska\u017anika:auto}.tdb_single_content .td-spot-id-top_ad .tdc-placeholder-title:before{zawarto\u015b\u0107:'Pocz\u0105tek artyku\u0142u Reklama'!important}.tdb_single_content .td-spot-id-inline_ad0 .tdc-placeholder-title:before{content:'Reklama inline artyku\u0142u 1'!important}.tdb_single_content .td-spot-id-inline_ad1 .tdc-placeholder-title:before{content:'Reklama inline artyku\u0142u 2'!important}.tdb_single_content .td-spot-id-inline_ad2 .tdc-placeholder-title:before{content:'Reklama inline artyku\u0142u 3'!important}.tdb_single_content .td-spot-id-bottom_ad .tdc-placeholder-title:before{content:'Reklama dolna artyku\u0142u'!important}.tdb_single_content .id_top_ad,.tdb_single_content .id_bottom_ad{clear:both;margines-dolny:21px;wyr\u00f3wnanie-tekstu:\u015brodek}.tdb_single_content .id_top_ad img,.tdb_single_content .id_bottom_ad img{margines-dolny:0}.tdb_single_content .id_top_ad .adsbygoogle,.tdb_single_content .id_bottom_ad .adsbygoogle{pozycja:wzgl\u0119dna}.tdb_single_content .id_ad_content-poziom-lewy,.tdb_single_content .id_ad_content-poziom-prawy,.tdb_single_content .id_ad_content-horiz-center{margines dolny:15px}.tdb_single_content .id_ad_content-horiz-lewy img,.tdb_single_content .id_ad_content-horiz-prawy img,.tdb_single_content .id_ad_content-horiz-center img{margines dolny:0}.tdb_single_content .id_ad_content-horiz-center{wyr\u00f3wnanie tekstu:\u015brodek}.tdb_single_content .id_ad_content-horiz-center img{margines prawy:auto;margines lewy:auto}.tdb_single_content .id_ad_content-horiz-left{float:lewy;margines g\u00f3rny:9px;margines prawy:21px}.tdb_single_content .id_ad_content-horiz-right{float:right;margines-g\u00f3rny:6px;margines-lewy:21px}.tdb_single_content .tdc-a-ad .tdc-placeholder-title{szeroko\u015b\u0107:300px;wysoko\u015b\u0107:250px}.tdb_single_content .tdc-a-ad .tdc-placeholder-title:before{pozycja:absolutna;g\u00f3ra:50%;-webkit-transform:translateY(-50%);przekszta\u0142cenie:translateY(-50%);margines:auto;wy\u015bwietlanie:tabela;szeroko\u015b\u0107:100%}.tdb_single_content .tdb-block-inner.td-fix-index{word-break:break-word}.tdi_48,.tdi_48>p,.tdi_48 .tdb-block-inner>p{rozmiar-czcionki:16px!wa\u017cne;wysoko\u015b\u0107-linii:1.6!wa\u017cne}.tdi_48 .tdb-block-inner cytat p{styl-czcionki:normalny!wa\u017cne}@media (maks. szeroko\u015b\u0107:767px){.tdb_single_content .id_ad_content-poziom-lewo,.tdb_single_content .id_ad_content-poziom-prawo,.tdb_single_content .id_ad_content-poziom-\u015brodek{margines:0 auto 26px auto}}@media (maks. szeroko\u015b\u0107:767px){.tdb_single_content .id_ad_content-poziom-lewo{margines-prawy:0}}@media (maks. szeroko\u015b\u0107:767px){.tdb_single_content .id_ad_content-horiz-right{margines-lewy:0}}@media (maksymalna szeroko\u015b\u0107:767px){.tdb_single_content .td-a-ad{float:none;wyr\u00f3wnanie tekstu:\u015brodek}.tdb_single_content .td-a-ad img{margines-prawy:auto;margines-lewy:auto}.tdb_single_content .tdc-a-ad{float:none}}<\/style>\n<div class=\"tdb-block-inner td-fix-index\">\n<p>W odwa\u017cnym kroku maj\u0105cym na celu rozszerzenie zasi\u0119gu mi\u0119dzynarodowego, Republika TV z dum\u0105 og\u0142asza sta\u0142e w\u0142\u0105czenie programu w j\u0119zyku angielskim <em>Rock Rachon \u2013 Jedziemy<\/em> do swojego programu. Prowadzony przez charyzmatycznego Micha\u0142a Rachonia program szybko sta\u0142 si\u0119 sta\u0142ym elementem na antenie kana\u0142u.<\/p>\n<p>Og\u0142oszenie pojawi\u0142o si\u0119 pod koniec grudnia 2023 r., kiedy Micha\u0142 Racho\u0144, znany ju\u017c z porannego programu \u201eMicha\u0142 Racho\u0144 #JEDZIEMY\u201d, ujawni\u0142 swoje plany obj\u0119cia ster\u00f3w kolejnego anga\u017cuj\u0105cego programu. Ta strategiczna decyzja podkre\u015bla zaanga\u017cowanie Republika TV w oferowanie zr\u00f3\u017cnicowanych tre\u015bci swoim odbiorcom, zar\u00f3wno w Polsce, jak i poza ni\u0105.<\/p>\n<h2 class=\"wp-block-heading\" id=\"h-republika-tv-unveils-bold-expansion-rock-rachon-we-rollin-takes-center-stage\">Republika TV prezentuje odwa\u017cn\u0105 ekspansj\u0119: <em>Rock Rachon \u2013 Jedziemy<\/em> Zajmuje centralne miejsce<\/h2>\n<p>W telewizyjnym o\u015bwiadczeniu Racho\u0144 wyrazi\u0142 sw\u00f3j entuzjazm dla ekspansji, powo\u0142uj\u0105c si\u0119 na zamkni\u0119cie TVP World jako kluczowy moment dla kana\u0142u. \u201eTo dobry moment, aby og\u0142osi\u0107, \u017ce po zamkni\u0119ciu TVP World programy, kt\u00f3re znasz i cenisz, b\u0119d\u0105 r\u00f3wnie\u017c emitowane w Republika TV\u201d \u2013 o\u015bwiadczy\u0142. Oczekuje si\u0119, \u017ce ten ruch znajdzie odd\u017awi\u0119k w\u015br\u00f3d widz\u00f3w, kt\u00f3rzy docenili wnikliw\u0105 i informacyjn\u0105 tre\u015b\u0107 kana\u0142u.<\/p>\n<p>Per\u0142\u0105 w tym rozszerzeniu jest od\u015bwie\u017cona wersja popularnego programu <em>Rock Rachon \u2013 Jedziemy<\/em>. Widzowie s\u0105 zach\u0119cani do zaproszenia przyjaci\u00f3\u0142 i znajomych mieszkaj\u0105cych za granic\u0105, kt\u00f3rzy s\u0105 \u017cywo zainteresowani pozostawaniem na bie\u017c\u0105co z najnowszymi wydarzeniami w Polsce. Program obiecuje wewn\u0119trzn\u0105 perspektyw\u0119 na prawdziwe problemy kszta\u0142tuj\u0105ce nar\u00f3d, przekazywan\u0105 w j\u0119zyku angielskim, aby trafi\u0107 do szerszej publiczno\u015bci.<\/p>\n<h2 class=\"wp-block-heading\" id=\"h-rock-rachon-we-rollin-unveils-nightly-discourse-on-global-affairs\"><em>Rock Rachon \u2013 Jedziemy<\/em> Ods\u0142ania wieczorne dyskusje na temat spraw globalnych<\/h2>\n<p>Emisja programu zaplanowana jest na 23:30 (GMT +1) od poniedzia\u0142ku do czwartku. W programie Racho\u0144 b\u0119dzie prowadzi\u0142 inspiruj\u0105ce rozmowy z r\u00f3\u017cnymi go\u015b\u0107mi, zar\u00f3wno polskimi, jak i zagranicznymi. Dyskusje b\u0119d\u0105 dotyczy\u0107 kluczowych kwestii mi\u0119dzynarodowych, kt\u00f3re maj\u0105 znaczenie dla Polski i jej globalnej diaspory. Prowadz\u0105c te dialogi w j\u0119zyku angielskim, Republika TV ma na celu prze\u0142amanie barier j\u0119zykowych i udost\u0119pnienie tre\u015bci szerszej publiczno\u015bci.<\/p>\n<figure class=\"wp-block-embed is-type-video is-provider-youtube wp-block-embed-youtube wp-embed-aspect-16-9 wp-has-aspect-ratio\">\n<div class=\"wp-block-embed__wrapper\">\n<iframe title=\"Prze\u0142amywanie mit\u00f3w: zamachy bombowe w Charkowie i rakiety ATACMS na Ukrainie | Rock Rachon\" width=\"1200\" height=\"675\" src=\"https:\/\/www.youtube.com\/embed\/KesxkzFvues?feature=oembed\" frameborder=\"0\" allow=\"accelerometer; autoplay; clipboard-write; encrypted-media; gyroscope; picture-in-picture; web-share\" referrerpolicy=\"strict-origin-when-cross-origin\" allowfullscreen><\/iframe>\n<\/div>\n<\/figure>\n<figure class=\"wp-block-embed is-type-video is-provider-youtube wp-block-embed-youtube wp-embed-aspect-16-9 wp-has-aspect-ratio\">\n<div class=\"wp-block-embed__wrapper\">\n<div class=\"youtube-embed\" data-video_id=\"QsXaAzBu5bQ\"><iframe title=\"#RockRachon is back! Putin&#039;s biggest terrorist attack on Ukrainian cities yet\" width=\"1200\" height=\"675\" src=\"https:\/\/www.youtube.com\/embed\/QsXaAzBu5bQ?feature=oembed\" frameborder=\"0\" allow=\"accelerometer; autoplay; clipboard-write; encrypted-media; gyroscope; picture-in-picture; web-share\" referrerpolicy=\"strict-origin-when-cross-origin\" allowfullscreen><\/iframe><\/div>\n<\/div>\n<\/figure>\n<\/div>\n<\/div>\n","protected":false},"excerpt":{"rendered":"<p>W odwa\u017cnym kroku maj\u0105cym na celu rozszerzenie zasi\u0119gu mi\u0119dzynarodowego, Republika TV z dum\u0105 og\u0142asza sta\u0142e w\u0142\u0105czenie programu w j\u0119zyku angielskim<\/p>\n","protected":false},"author":1,"featured_media":361,"comment_status":"closed","ping_status":"","sticky":false,"template":"","format":"standard","meta":{"footnotes":""},"categories":[44],"tags":[580,581,583,579,338,340,337,582,150,339],"class_list":["post-360","post","type-post","status-publish","format-standard","has-post-thumbnail","hentry","category-polityka","tag-horyzont","tag-nowy","tag-otwiera","tag-poszerza","tag-rachon","tag-republika","tag-rock","tag-rozdzial","tag-sie","tag-telewizji","generate-columns","tablet-grid-50","mobile-grid-100","grid-parent","grid-50","resize-featured-image"],"yoast_head":"<!-- This site is optimized with the Yoast SEO plugin v23.2 - https:\/\/yoast.com\/wordpress\/plugins\/seo\/ -->\n<title>\u201eRock Rachon\u201d poszerza horyzont: Nowy rozdzia\u0142 otwiera si\u0119 w telewizji Republika - POGOTOWIE FLAGOWE\u00ae<\/title>\n<meta name=\"robots\" content=\"index, follow, max-snippet:-1, max-image-preview:large, max-video-preview:-1\" \/>\n<link rel=\"canonical\" href=\"https:\/\/www.pogotowieflagowe.pl\/aktualne\/rock-rachon-poszerza-horyzont-nowy-rozdzial-otwiera-sie-w-telewizji-republika\/\" \/>\n<meta property=\"og:locale\" content=\"pl_PL\" \/>\n<meta property=\"og:type\" content=\"article\" \/>\n<meta property=\"og:title\" content=\"\u201eRock Rachon\u201d poszerza horyzont: Nowy rozdzia\u0142 otwiera si\u0119 w telewizji Republika - POGOTOWIE FLAGOWE\u00ae\" \/>\n<meta property=\"og:description\" content=\"W odwa\u017cnym kroku maj\u0105cym na celu rozszerzenie zasi\u0119gu mi\u0119dzynarodowego, Republika TV z dum\u0105 og\u0142asza sta\u0142e w\u0142\u0105czenie programu w j\u0119zyku angielskim\" \/>\n<meta property=\"og:url\" content=\"https:\/\/www.pogotowieflagowe.pl\/aktualne\/rock-rachon-poszerza-horyzont-nowy-rozdzial-otwiera-sie-w-telewizji-republika\/\" \/>\n<meta property=\"og:site_name\" content=\"POGOTOWIE FLAGOWE\u00ae\" \/>\n<meta property=\"article:published_time\" content=\"2024-08-29T11:57:40+00:00\" \/>\n<meta property=\"article:modified_time\" content=\"2024-08-29T11:57:43+00:00\" \/>\n<meta property=\"og:image\" content=\"https:\/\/www.pogotowieflagowe.pl\/aktualne\/wp-content\/uploads\/2024\/08\/\u201eRock-Rachon-poszerza-horyzont-Nowy-rozdzial-otwiera-sie-w-telewizji.jpg\" \/>\n\t<meta property=\"og:image:width\" content=\"1920\" \/>\n\t<meta property=\"og:image:height\" content=\"1085\" \/>\n\t<meta property=\"og:image:type\" content=\"image\/jpeg\" \/>\n<meta name=\"author\" content=\"Filip\" \/>\n<meta name=\"twitter:card\" content=\"summary_large_image\" \/>\n<meta name=\"twitter:label1\" content=\"Napisane przez\" \/>\n\t<meta name=\"twitter:data1\" content=\"Filip\" \/>\n\t<meta name=\"twitter:label2\" content=\"Szacowany czas czytania\" \/>\n\t<meta name=\"twitter:data2\" content=\"2 minuty\" \/>\n<script type=\"application\/ld+json\" class=\"yoast-schema-graph\">{\"@context\":\"https:\/\/schema.org\",\"@graph\":[{\"@type\":\"Article\",\"@id\":\"https:\/\/www.pogotowieflagowe.pl\/aktualne\/rock-rachon-poszerza-horyzont-nowy-rozdzial-otwiera-sie-w-telewizji-republika\/#article\",\"isPartOf\":{\"@id\":\"https:\/\/www.pogotowieflagowe.pl\/aktualne\/rock-rachon-poszerza-horyzont-nowy-rozdzial-otwiera-sie-w-telewizji-republika\/\"},\"author\":{\"name\":\"Filip\",\"@id\":\"https:\/\/www.pogotowieflagowe.pl\/aktualne\/#\/schema\/person\/9c2fb7d2362ebf6fa088960d7f0d27b0\"},\"headline\":\"\u201eRock Rachon\u201d poszerza horyzont: Nowy rozdzia\u0142 otwiera si\u0119 w telewizji Republika\",\"datePublished\":\"2024-08-29T11:57:40+00:00\",\"dateModified\":\"2024-08-29T11:57:43+00:00\",\"mainEntityOfPage\":{\"@id\":\"https:\/\/www.pogotowieflagowe.pl\/aktualne\/rock-rachon-poszerza-horyzont-nowy-rozdzial-otwiera-sie-w-telewizji-republika\/\"},\"wordCount\":378,\"publisher\":{\"@id\":\"https:\/\/www.pogotowieflagowe.pl\/aktualne\/#organization\"},\"image\":{\"@id\":\"https:\/\/www.pogotowieflagowe.pl\/aktualne\/rock-rachon-poszerza-horyzont-nowy-rozdzial-otwiera-sie-w-telewizji-republika\/#primaryimage\"},\"thumbnailUrl\":\"https:\/\/www.pogotowieflagowe.pl\/aktualne\/wp-content\/uploads\/2024\/08\/\u201eRock-Rachon-poszerza-horyzont-Nowy-rozdzial-otwiera-sie-w-telewizji.jpg\",\"keywords\":[\"horyzont\",\"Nowy\",\"otwiera\",\"poszerza\",\"Rachon\",\"Republika\",\"Rock\",\"rozdzia\u0142\",\"si\u0119\",\"telewizji\"],\"articleSection\":[\"Polityka\"],\"inLanguage\":\"pl-PL\"},{\"@type\":\"WebPage\",\"@id\":\"https:\/\/www.pogotowieflagowe.pl\/aktualne\/rock-rachon-poszerza-horyzont-nowy-rozdzial-otwiera-sie-w-telewizji-republika\/\",\"url\":\"https:\/\/www.pogotowieflagowe.pl\/aktualne\/rock-rachon-poszerza-horyzont-nowy-rozdzial-otwiera-sie-w-telewizji-republika\/\",\"name\":\"\u201eRock Rachon\u201d poszerza horyzont: Nowy rozdzia\u0142 otwiera si\u0119 w telewizji Republika - POGOTOWIE FLAGOWE\u00ae\",\"isPartOf\":{\"@id\":\"https:\/\/www.pogotowieflagowe.pl\/aktualne\/#website\"},\"primaryImageOfPage\":{\"@id\":\"https:\/\/www.pogotowieflagowe.pl\/aktualne\/rock-rachon-poszerza-horyzont-nowy-rozdzial-otwiera-sie-w-telewizji-republika\/#primaryimage\"},\"image\":{\"@id\":\"https:\/\/www.pogotowieflagowe.pl\/aktualne\/rock-rachon-poszerza-horyzont-nowy-rozdzial-otwiera-sie-w-telewizji-republika\/#primaryimage\"},\"thumbnailUrl\":\"https:\/\/www.pogotowieflagowe.pl\/aktualne\/wp-content\/uploads\/2024\/08\/\u201eRock-Rachon-poszerza-horyzont-Nowy-rozdzial-otwiera-sie-w-telewizji.jpg\",\"datePublished\":\"2024-08-29T11:57:40+00:00\",\"dateModified\":\"2024-08-29T11:57:43+00:00\",\"breadcrumb\":{\"@id\":\"https:\/\/www.pogotowieflagowe.pl\/aktualne\/rock-rachon-poszerza-horyzont-nowy-rozdzial-otwiera-sie-w-telewizji-republika\/#breadcrumb\"},\"inLanguage\":\"pl-PL\",\"potentialAction\":[{\"@type\":\"ReadAction\",\"target\":[\"https:\/\/www.pogotowieflagowe.pl\/aktualne\/rock-rachon-poszerza-horyzont-nowy-rozdzial-otwiera-sie-w-telewizji-republika\/\"]}]},{\"@type\":\"ImageObject\",\"inLanguage\":\"pl-PL\",\"@id\":\"https:\/\/www.pogotowieflagowe.pl\/aktualne\/rock-rachon-poszerza-horyzont-nowy-rozdzial-otwiera-sie-w-telewizji-republika\/#primaryimage\",\"url\":\"https:\/\/www.pogotowieflagowe.pl\/aktualne\/wp-content\/uploads\/2024\/08\/\u201eRock-Rachon-poszerza-horyzont-Nowy-rozdzial-otwiera-sie-w-telewizji.jpg\",\"contentUrl\":\"https:\/\/www.pogotowieflagowe.pl\/aktualne\/wp-content\/uploads\/2024\/08\/\u201eRock-Rachon-poszerza-horyzont-Nowy-rozdzial-otwiera-sie-w-telewizji.jpg\",\"width\":1920,\"height\":1085,\"caption\":\"\u201eRock Rachon\u201d poszerza horyzont: Nowy rozdzia\u0142 otwiera si\u0119 w telewizji Republika\"},{\"@type\":\"BreadcrumbList\",\"@id\":\"https:\/\/www.pogotowieflagowe.pl\/aktualne\/rock-rachon-poszerza-horyzont-nowy-rozdzial-otwiera-sie-w-telewizji-republika\/#breadcrumb\",\"itemListElement\":[{\"@type\":\"ListItem\",\"position\":1,\"name\":\"Home\",\"item\":\"https:\/\/www.pogotowieflagowe.pl\/aktualne\/\"},{\"@type\":\"ListItem\",\"position\":2,\"name\":\"\u201eRock Rachon\u201d poszerza horyzont: Nowy rozdzia\u0142 otwiera si\u0119 w telewizji Republika\"}]},{\"@type\":\"WebSite\",\"@id\":\"https:\/\/www.pogotowieflagowe.pl\/aktualne\/#website\",\"url\":\"https:\/\/www.pogotowieflagowe.pl\/aktualne\/\",\"name\":\"POGOTOWIE FLAGOWE\u00ae\",\"description\":\"\",\"publisher\":{\"@id\":\"https:\/\/www.pogotowieflagowe.pl\/aktualne\/#organization\"},\"potentialAction\":[{\"@type\":\"SearchAction\",\"target\":{\"@type\":\"EntryPoint\",\"urlTemplate\":\"https:\/\/www.pogotowieflagowe.pl\/aktualne\/?s={search_term_string}\"},\"query-input\":\"required name=search_term_string\"}],\"inLanguage\":\"pl-PL\"},{\"@type\":\"Organization\",\"@id\":\"https:\/\/www.pogotowieflagowe.pl\/aktualne\/#organization\",\"name\":\"POGOTOWIE FLAGOWE\u00ae\",\"url\":\"https:\/\/www.pogotowieflagowe.pl\/aktualne\/\",\"logo\":{\"@type\":\"ImageObject\",\"inLanguage\":\"pl-PL\",\"@id\":\"https:\/\/www.pogotowieflagowe.pl\/aktualne\/#\/schema\/logo\/image\/\",\"url\":\"https:\/\/www.pogotowieflagowe.pl\/aktualne\/wp-content\/uploads\/2024\/08\/cropped-pogotowieflagowe_flaga_projekt_sm.jpg\",\"contentUrl\":\"https:\/\/www.pogotowieflagowe.pl\/aktualne\/wp-content\/uploads\/2024\/08\/cropped-pogotowieflagowe_flaga_projekt_sm.jpg\",\"width\":250,\"height\":143,\"caption\":\"POGOTOWIE FLAGOWE\u00ae\"},\"image\":{\"@id\":\"https:\/\/www.pogotowieflagowe.pl\/aktualne\/#\/schema\/logo\/image\/\"}},{\"@type\":\"Person\",\"@id\":\"https:\/\/www.pogotowieflagowe.pl\/aktualne\/#\/schema\/person\/9c2fb7d2362ebf6fa088960d7f0d27b0\",\"name\":\"Filip\",\"image\":{\"@type\":\"ImageObject\",\"inLanguage\":\"pl-PL\",\"@id\":\"https:\/\/www.pogotowieflagowe.pl\/aktualne\/#\/schema\/person\/image\/\",\"url\":\"https:\/\/www.pogotowieflagowe.pl\/aktualne\/wp-content\/uploads\/2024\/08\/pogotowieflagowe.pl_.jpg\",\"contentUrl\":\"https:\/\/www.pogotowieflagowe.pl\/aktualne\/wp-content\/uploads\/2024\/08\/pogotowieflagowe.pl_.jpg\",\"caption\":\"Filip\"},\"description\":\"Jestem Filip, polski dziennikarz z dyplomem nauk politycznych Uniwersytetu Warszawskiego. Rozpoczynaj\u0105c swoj\u0105 karier\u0119 w r\u00f3\u017cnych lokalnych mediach, zdoby\u0142em solidne do\u015bwiadczenie w zakresie \u015bledztwa i redakcji. Obecnie jako redaktor w Pogotowie flagowe, staram si\u0119 dostarcza\u0107 dog\u0142\u0119bne i istotne analizy na temat najwa\u017cniejszych kwestii aktualno\u015bci, \u0142\u0105cz\u0105c rygor z pasj\u0105 dziennikarsk\u0105.\",\"sameAs\":[\"https:\/\/www.pogotowieflagowe.pl\/\"]}]}<\/script>\n<!-- \/ Yoast SEO plugin. -->","yoast_head_json":{"title":"\u201eRock Rachon\u201d poszerza horyzont: Nowy rozdzia\u0142 otwiera si\u0119 w telewizji Republika - POGOTOWIE FLAGOWE\u00ae","robots":{"index":"index","follow":"follow","max-snippet":"max-snippet:-1","max-image-preview":"max-image-preview:large","max-video-preview":"max-video-preview:-1"},"canonical":"https:\/\/www.pogotowieflagowe.pl\/aktualne\/rock-rachon-poszerza-horyzont-nowy-rozdzial-otwiera-sie-w-telewizji-republika\/","og_locale":"pl_PL","og_type":"article","og_title":"\u201eRock Rachon\u201d poszerza horyzont: Nowy rozdzia\u0142 otwiera si\u0119 w telewizji Republika - POGOTOWIE FLAGOWE\u00ae","og_description":"W odwa\u017cnym kroku maj\u0105cym na celu rozszerzenie zasi\u0119gu mi\u0119dzynarodowego, Republika TV z dum\u0105 og\u0142asza sta\u0142e w\u0142\u0105czenie programu w j\u0119zyku angielskim","og_url":"https:\/\/www.pogotowieflagowe.pl\/aktualne\/rock-rachon-poszerza-horyzont-nowy-rozdzial-otwiera-sie-w-telewizji-republika\/","og_site_name":"POGOTOWIE FLAGOWE\u00ae","article_published_time":"2024-08-29T11:57:40+00:00","article_modified_time":"2024-08-29T11:57:43+00:00","og_image":[{"width":1920,"height":1085,"url":"https:\/\/www.pogotowieflagowe.pl\/aktualne\/wp-content\/uploads\/2024\/08\/\u201eRock-Rachon-poszerza-horyzont-Nowy-rozdzial-otwiera-sie-w-telewizji.jpg","type":"image\/jpeg"}],"author":"Filip","twitter_card":"summary_large_image","twitter_misc":{"Napisane przez":"Filip","Szacowany czas czytania":"2 minuty"},"schema":{"@context":"https:\/\/schema.org","@graph":[{"@type":"Article","@id":"https:\/\/www.pogotowieflagowe.pl\/aktualne\/rock-rachon-poszerza-horyzont-nowy-rozdzial-otwiera-sie-w-telewizji-republika\/#article","isPartOf":{"@id":"https:\/\/www.pogotowieflagowe.pl\/aktualne\/rock-rachon-poszerza-horyzont-nowy-rozdzial-otwiera-sie-w-telewizji-republika\/"},"author":{"name":"Filip","@id":"https:\/\/www.pogotowieflagowe.pl\/aktualne\/#\/schema\/person\/9c2fb7d2362ebf6fa088960d7f0d27b0"},"headline":"\u201eRock Rachon\u201d poszerza horyzont: Nowy rozdzia\u0142 otwiera si\u0119 w telewizji Republika","datePublished":"2024-08-29T11:57:40+00:00","dateModified":"2024-08-29T11:57:43+00:00","mainEntityOfPage":{"@id":"https:\/\/www.pogotowieflagowe.pl\/aktualne\/rock-rachon-poszerza-horyzont-nowy-rozdzial-otwiera-sie-w-telewizji-republika\/"},"wordCount":378,"publisher":{"@id":"https:\/\/www.pogotowieflagowe.pl\/aktualne\/#organization"},"image":{"@id":"https:\/\/www.pogotowieflagowe.pl\/aktualne\/rock-rachon-poszerza-horyzont-nowy-rozdzial-otwiera-sie-w-telewizji-republika\/#primaryimage"},"thumbnailUrl":"https:\/\/www.pogotowieflagowe.pl\/aktualne\/wp-content\/uploads\/2024\/08\/\u201eRock-Rachon-poszerza-horyzont-Nowy-rozdzial-otwiera-sie-w-telewizji.jpg","keywords":["horyzont","Nowy","otwiera","poszerza","Rachon","Republika","Rock","rozdzia\u0142","si\u0119","telewizji"],"articleSection":["Polityka"],"inLanguage":"pl-PL"},{"@type":"WebPage","@id":"https:\/\/www.pogotowieflagowe.pl\/aktualne\/rock-rachon-poszerza-horyzont-nowy-rozdzial-otwiera-sie-w-telewizji-republika\/","url":"https:\/\/www.pogotowieflagowe.pl\/aktualne\/rock-rachon-poszerza-horyzont-nowy-rozdzial-otwiera-sie-w-telewizji-republika\/","name":"\u201eRock Rachon\u201d poszerza horyzont: Nowy rozdzia\u0142 otwiera si\u0119 w telewizji Republika - POGOTOWIE FLAGOWE\u00ae","isPartOf":{"@id":"https:\/\/www.pogotowieflagowe.pl\/aktualne\/#website"},"primaryImageOfPage":{"@id":"https:\/\/www.pogotowieflagowe.pl\/aktualne\/rock-rachon-poszerza-horyzont-nowy-rozdzial-otwiera-sie-w-telewizji-republika\/#primaryimage"},"image":{"@id":"https:\/\/www.pogotowieflagowe.pl\/aktualne\/rock-rachon-poszerza-horyzont-nowy-rozdzial-otwiera-sie-w-telewizji-republika\/#primaryimage"},"thumbnailUrl":"https:\/\/www.pogotowieflagowe.pl\/aktualne\/wp-content\/uploads\/2024\/08\/\u201eRock-Rachon-poszerza-horyzont-Nowy-rozdzial-otwiera-sie-w-telewizji.jpg","datePublished":"2024-08-29T11:57:40+00:00","dateModified":"2024-08-29T11:57:43+00:00","breadcrumb":{"@id":"https:\/\/www.pogotowieflagowe.pl\/aktualne\/rock-rachon-poszerza-horyzont-nowy-rozdzial-otwiera-sie-w-telewizji-republika\/#breadcrumb"},"inLanguage":"pl-PL","potentialAction":[{"@type":"ReadAction","target":["https:\/\/www.pogotowieflagowe.pl\/aktualne\/rock-rachon-poszerza-horyzont-nowy-rozdzial-otwiera-sie-w-telewizji-republika\/"]}]},{"@type":"ImageObject","inLanguage":"pl-PL","@id":"https:\/\/www.pogotowieflagowe.pl\/aktualne\/rock-rachon-poszerza-horyzont-nowy-rozdzial-otwiera-sie-w-telewizji-republika\/#primaryimage","url":"https:\/\/www.pogotowieflagowe.pl\/aktualne\/wp-content\/uploads\/2024\/08\/\u201eRock-Rachon-poszerza-horyzont-Nowy-rozdzial-otwiera-sie-w-telewizji.jpg","contentUrl":"https:\/\/www.pogotowieflagowe.pl\/aktualne\/wp-content\/uploads\/2024\/08\/\u201eRock-Rachon-poszerza-horyzont-Nowy-rozdzial-otwiera-sie-w-telewizji.jpg","width":1920,"height":1085,"caption":"\u201eRock Rachon\u201d poszerza horyzont: Nowy rozdzia\u0142 otwiera si\u0119 w telewizji Republika"},{"@type":"BreadcrumbList","@id":"https:\/\/www.pogotowieflagowe.pl\/aktualne\/rock-rachon-poszerza-horyzont-nowy-rozdzial-otwiera-sie-w-telewizji-republika\/#breadcrumb","itemListElement":[{"@type":"ListItem","position":1,"name":"Home","item":"https:\/\/www.pogotowieflagowe.pl\/aktualne\/"},{"@type":"ListItem","position":2,"name":"\u201eRock Rachon\u201d poszerza horyzont: Nowy rozdzia\u0142 otwiera si\u0119 w telewizji Republika"}]},{"@type":"WebSite","@id":"https:\/\/www.pogotowieflagowe.pl\/aktualne\/#website","url":"https:\/\/www.pogotowieflagowe.pl\/aktualne\/","name":"POGOTOWIE FLAGOWE\u00ae","description":"","publisher":{"@id":"https:\/\/www.pogotowieflagowe.pl\/aktualne\/#organization"},"potentialAction":[{"@type":"SearchAction","target":{"@type":"EntryPoint","urlTemplate":"https:\/\/www.pogotowieflagowe.pl\/aktualne\/?s={search_term_string}"},"query-input":"required name=search_term_string"}],"inLanguage":"pl-PL"},{"@type":"Organization","@id":"https:\/\/www.pogotowieflagowe.pl\/aktualne\/#organization","name":"POGOTOWIE FLAGOWE\u00ae","url":"https:\/\/www.pogotowieflagowe.pl\/aktualne\/","logo":{"@type":"ImageObject","inLanguage":"pl-PL","@id":"https:\/\/www.pogotowieflagowe.pl\/aktualne\/#\/schema\/logo\/image\/","url":"https:\/\/www.pogotowieflagowe.pl\/aktualne\/wp-content\/uploads\/2024\/08\/cropped-pogotowieflagowe_flaga_projekt_sm.jpg","contentUrl":"https:\/\/www.pogotowieflagowe.pl\/aktualne\/wp-content\/uploads\/2024\/08\/cropped-pogotowieflagowe_flaga_projekt_sm.jpg","width":250,"height":143,"caption":"POGOTOWIE FLAGOWE\u00ae"},"image":{"@id":"https:\/\/www.pogotowieflagowe.pl\/aktualne\/#\/schema\/logo\/image\/"}},{"@type":"Person","@id":"https:\/\/www.pogotowieflagowe.pl\/aktualne\/#\/schema\/person\/9c2fb7d2362ebf6fa088960d7f0d27b0","name":"Filip","image":{"@type":"ImageObject","inLanguage":"pl-PL","@id":"https:\/\/www.pogotowieflagowe.pl\/aktualne\/#\/schema\/person\/image\/","url":"https:\/\/www.pogotowieflagowe.pl\/aktualne\/wp-content\/uploads\/2024\/08\/pogotowieflagowe.pl_.jpg","contentUrl":"https:\/\/www.pogotowieflagowe.pl\/aktualne\/wp-content\/uploads\/2024\/08\/pogotowieflagowe.pl_.jpg","caption":"Filip"},"description":"Jestem Filip, polski dziennikarz z dyplomem nauk politycznych Uniwersytetu Warszawskiego. Rozpoczynaj\u0105c swoj\u0105 karier\u0119 w r\u00f3\u017cnych lokalnych mediach, zdoby\u0142em solidne do\u015bwiadczenie w zakresie \u015bledztwa i redakcji. Obecnie jako redaktor w Pogotowie flagowe, staram si\u0119 dostarcza\u0107 dog\u0142\u0119bne i istotne analizy na temat najwa\u017cniejszych kwestii aktualno\u015bci, \u0142\u0105cz\u0105c rygor z pasj\u0105 dziennikarsk\u0105.","sameAs":["https:\/\/www.pogotowieflagowe.pl\/"]}]}},"_links":{"self":[{"href":"https:\/\/www.pogotowieflagowe.pl\/aktualne\/wp-json\/wp\/v2\/posts\/360","targetHints":{"allow":["GET"]}}],"collection":[{"href":"https:\/\/www.pogotowieflagowe.pl\/aktualne\/wp-json\/wp\/v2\/posts"}],"about":[{"href":"https:\/\/www.pogotowieflagowe.pl\/aktualne\/wp-json\/wp\/v2\/types\/post"}],"author":[{"embeddable":true,"href":"https:\/\/www.pogotowieflagowe.pl\/aktualne\/wp-json\/wp\/v2\/users\/1"}],"replies":[{"embeddable":true,"href":"https:\/\/www.pogotowieflagowe.pl\/aktualne\/wp-json\/wp\/v2\/comments?post=360"}],"version-history":[{"count":1,"href":"https:\/\/www.pogotowieflagowe.pl\/aktualne\/wp-json\/wp\/v2\/posts\/360\/revisions"}],"predecessor-version":[{"id":362,"href":"https:\/\/www.pogotowieflagowe.pl\/aktualne\/wp-json\/wp\/v2\/posts\/360\/revisions\/362"}],"wp:featuredmedia":[{"embeddable":true,"href":"https:\/\/www.pogotowieflagowe.pl\/aktualne\/wp-json\/wp\/v2\/media\/361"}],"wp:attachment":[{"href":"https:\/\/www.pogotowieflagowe.pl\/aktualne\/wp-json\/wp\/v2\/media?parent=360"}],"wp:term":[{"taxonomy":"category","embeddable":true,"href":"https:\/\/www.pogotowieflagowe.pl\/aktualne\/wp-json\/wp\/v2\/categories?post=360"},{"taxonomy":"post_tag","embeddable":true,"href":"https:\/\/www.pogotowieflagowe.pl\/aktualne\/wp-json\/wp\/v2\/tags?post=360"}],"curies":[{"name":"wp","href":"https:\/\/api.w.org\/{rel}","templated":true}]}}