{"id":3620,"date":"2025-02-01T13:47:03","date_gmt":"2025-02-01T12:47:03","guid":{"rendered":"https:\/\/www.pogotowieflagowe.pl\/aktualne\/pkp-intercity-breaks-record-z-785-milionami-pasazerow-w-2024-r\/"},"modified":"2025-02-01T13:47:03","modified_gmt":"2025-02-01T12:47:03","slug":"pkp-intercity-breaks-record-z-785-milionami-pasazerow-w-2024-r","status":"publish","type":"post","link":"https:\/\/www.pogotowieflagowe.pl\/aktualne\/pkp-intercity-breaks-record-z-785-milionami-pasazerow-w-2024-r\/","title":{"rendered":"PKP Intercity Breaks Record z 78,5 milionami pasa\u017cer\u00f3w w 2024 r."},"content":{"rendered":"\n<div class=\"td_block_wrap tdb_single_content tdi_41 td-pb-border-top td_block_template_8 td-post-content tagdiv-type\" data-td-block-uid=\"tdi_41\">\n<style>.tdi_41 {margin-top: 0px! Wa\u017cne; margines-bottom: 0px! WA\u017bNY; PALDING-TOP: 0PX! WA\u017bNY; PALDING-BOTTOM: 0PX! WA\u017bNE}<\/style>\n<style>.tdb_single_content {margin-bottom: 0;*zoom: 1} .tdb_single_content: wcze\u015bniej, .tdb_single_content: po {display: Table; content: ''; line-height: 0} .TDB-BLOCK-INner>*: nie (.WP-BLOCK-QUOTE): NOT (.Alignwide): not (.alignfull.wp-block-cover.has-parallax): not (.td-a-ad) {margin-left: auto; margin-right: auto} .tdb_single_content a {wska\u017anik-events: auto} .tdb_single_content .td-spot-id-top_ad .tdc-placeholder-title: przed {content: 'top ad'! Wa\u017cne} .tdb_single_content .td-spot-id-inline_ad0 .tdc-miejsce-title: przed {content: \u201eArtyku\u0142 inline AD 1 '! Wa\u017cne} .tdb_single_content. {content: 'Artyku\u0142 inline AD 2'! Wa\u017cny} .tdb_single_content .td-spot-inline_ad2 .tdc-miejsce-title: przed {content: 'Artyku\u0142 inline AD 3'! Wa\u017cny} .tdb_single_content .td-spot-id-id -Bottom_Ad .tdc-Placeholder-Title: przed {content: 'artyku\u0142 dolny ad'! Wa\u017cne} .tdb_single_content .id_top_ad, .tdb_single_content .id_bottom_ad {clear: obu; margin-bottom: 21px; text -align: Center} .tdb_single_content. id_top_ad IMG, .tdb_single_content .id_bottom_ad Img {margin-bottom: 0} .tdb_single_content .id_top_ad .adsbyGoogle, .tdb_single_content .id_bottom_ad .adsbyGoogle , .tdb_single_content .id_ad_content-horiz-right , .tdb_single_content .id_ad_content-horiz-Center {margin-bottom: 15px} .tdb_single_content .id_content-horiz-left Img, .tdb_single_content .id_ad_content-horiz-right Gin-Bottom: 0 { lewy; margine-top: 9px; margin-right: 21px} .tdb_single_content .id_ad_content-horiz-right {float: right; margin-top: 6px; margin-left: 21px} .tdb_single_content .tdc-a-ad .tdc--- Umak zast\u0119puj\u0105cy {szeroko\u015b\u0107: 300px; height: 250px} .tdb_single_content .tdc-a-ad .tdc-miejsce-title: przed {pozycja: Absolute; top: 50%;-WebKit-Transform: t\u0142umaczenie (-50%); Transform: Translatey (-50%); margines: auto; display: tabela; szeroko\u015b\u0107: 100%} > P, .tdi_41 .tdb-block-inner> p {font-size: 16px! Wa\u017cne; linia-height: 1.6! Wa\u017cne} .tdi_41 .tdb-block-inner blokote p {font-styl: Normal! Media (Max-Width: 767px) {. tdb_single_content .id_ad_content-horiz-left, .tdb_single_content .id_ad_content-horiz-right, .tdb_single_content .id_ad_content-horiz-center {Margin: 0 Auto : 767px) {. Tdb_single_content .id_ad_content-horiz-left {margin-right: 0}}@media (Max-Width: 767px) {. -Width: 767px) {. tdb_single_content .td-a-ad {float: none; text-align: Center} .tdb_single_content .td-a-ad img {margin-right: auto; margin-left: auto} .tdb_single_content. tdc-a-ad {float: none}}<\/style>\n<div class=\"tdb-block-inner td-fix-index\">\n<h2 class=\"wp-block-heading\">PKP Intercity ustanowi\u0142o nowy rekord w 2024 r. Z 78,5 milionami pasa\u017cer\u00f3w. Odkryj kluczowe statystyki, popularne trasy, trendy pok\u0142adowe i przysz\u0142e plany ekspansji.<\/h2>\n<h4 class=\"wp-block-heading\">Rok wzrostu i rekordowe liczby <\/h4>\n<p>W 2024 r. PKP intercity osi\u0105gn\u0119\u0142o rekordowe 78,5 miliona pasa\u017cer\u00f3w, oznaczaj\u0105c 15% wzrost z 2023 r. I 33% z 2022 r. Najpopularniejsze trasy po\u0142\u0105czy\u0142y Warszaw\u0119 z g\u0142\u00f3wnymi miastami, takimi jak Gda\u0144sk, Krak\u00f3w, \u0141odzku, Pona\u0144 i Lublin. \u015arednio 214 000 os\u00f3b podr\u00f3\u017cowa\u0142o codziennie, z prawie 78% bilet\u00f3w na zakup online. Firma ma na celu przekroczenie 83,5 miliona pasa\u017cer\u00f3w w 2025 r. I do 2030 r. Osi\u0105gnia 110 milion\u00f3w.<\/p>\n<h4 class=\"wp-block-heading\">Rosn\u0105ce do\u015bwiadczenie pasa\u017cer\u00f3w i trendy pok\u0142adowe <\/h4>\n<p>Podr\u00f3\u017cni coraz cz\u0119\u015bciej korzystaj\u0105 z udogodnie\u0144 na pok\u0142adzie, a Wars Restaurant Services odnotowuje 15% wzrost transakcji. Najcz\u0119\u015bciej zamawianym posi\u0142kiem by\u0142y Pierogi, a nast\u0119pnie sznitki, jajecznice jaja i \u017burek. Kawa pozosta\u0142a g\u00f3rnym napojem, z podaniem 1,1 miliona fili\u017canek. U\u017cytkownicy Wi-Fi przesy\u0142ali strumieniowo tre\u015bci, s\u0142uchali muzyki i uzyskali dost\u0119p do VPN do pracy. Specjalne us\u0142ugi, takie jak cicha strefa, podr\u00f3\u017ce zwierz\u0105t domowych i transport rower\u00f3w, r\u00f3wnie\u017c odnotowa\u0142y rosn\u0105c\u0105 popularno\u015b\u0107. PKP Intercity nadal dostosowuje si\u0119 do potrzeb pasa\u017cer\u00f3w, dodaj\u0105c 14 000 dodatkowych powoz\u00f3w w 2024 r., Aby zapewni\u0107 komfort w szczycie sezon\u00f3w.<\/p>\n<\/div>\n<\/div>\n","protected":false},"excerpt":{"rendered":"<p>PKP Intercity ustanowi\u0142o nowy rekord w 2024 r. Z 78,5 milionami pasa\u017cer\u00f3w. Odkryj kluczowe statystyki, popularne trasy, trendy pok\u0142adowe i<\/p>\n","protected":false},"author":1,"featured_media":3621,"comment_status":"closed","ping_status":"","sticky":false,"template":"","format":"standard","meta":{"footnotes":""},"categories":[45],"tags":[5144,3430,4360,5146,244,5145],"class_list":["post-3620","post","type-post","status-publish","format-standard","has-post-thumbnail","hentry","category-biznes","tag-breaks","tag-intercity","tag-milionami","tag-pasazerow","tag-pkp","tag-record","generate-columns","tablet-grid-50","mobile-grid-100","grid-parent","grid-50","resize-featured-image"],"yoast_head":"<!-- This site is optimized with the Yoast SEO plugin v23.2 - https:\/\/yoast.com\/wordpress\/plugins\/seo\/ -->\n<title>PKP Intercity Breaks Record z 78,5 milionami pasa\u017cer\u00f3w w 2024 r. - POGOTOWIE FLAGOWE\u00ae<\/title>\n<meta name=\"robots\" content=\"index, follow, max-snippet:-1, max-image-preview:large, max-video-preview:-1\" \/>\n<link rel=\"canonical\" href=\"https:\/\/www.pogotowieflagowe.pl\/aktualne\/pkp-intercity-breaks-record-z-785-milionami-pasazerow-w-2024-r\/\" \/>\n<meta property=\"og:locale\" content=\"pl_PL\" \/>\n<meta property=\"og:type\" content=\"article\" \/>\n<meta property=\"og:title\" content=\"PKP Intercity Breaks Record z 78,5 milionami pasa\u017cer\u00f3w w 2024 r. - POGOTOWIE FLAGOWE\u00ae\" \/>\n<meta property=\"og:description\" content=\"PKP Intercity ustanowi\u0142o nowy rekord w 2024 r. Z 78,5 milionami pasa\u017cer\u00f3w. Odkryj kluczowe statystyki, popularne trasy, trendy pok\u0142adowe i\" \/>\n<meta property=\"og:url\" content=\"https:\/\/www.pogotowieflagowe.pl\/aktualne\/pkp-intercity-breaks-record-z-785-milionami-pasazerow-w-2024-r\/\" \/>\n<meta property=\"og:site_name\" content=\"POGOTOWIE FLAGOWE\u00ae\" \/>\n<meta property=\"article:published_time\" content=\"2025-02-01T12:47:03+00:00\" \/>\n<meta property=\"og:image\" content=\"https:\/\/www.pogotowieflagowe.pl\/aktualne\/wp-content\/uploads\/2025\/02\/PKP-Intercity-Breaks-Record-z-785-milionami-pasazerow-w-2024.jpg\" \/>\n\t<meta property=\"og:image:width\" content=\"737\" \/>\n\t<meta property=\"og:image:height\" content=\"415\" \/>\n\t<meta property=\"og:image:type\" content=\"image\/jpeg\" \/>\n<meta name=\"author\" content=\"Filip\" \/>\n<meta name=\"twitter:card\" content=\"summary_large_image\" \/>\n<meta name=\"twitter:label1\" content=\"Napisane przez\" \/>\n\t<meta name=\"twitter:data1\" content=\"Filip\" \/>\n\t<meta name=\"twitter:label2\" content=\"Szacowany czas czytania\" \/>\n\t<meta name=\"twitter:data2\" content=\"1 minuta\" \/>\n<script type=\"application\/ld+json\" class=\"yoast-schema-graph\">{\"@context\":\"https:\/\/schema.org\",\"@graph\":[{\"@type\":\"Article\",\"@id\":\"https:\/\/www.pogotowieflagowe.pl\/aktualne\/pkp-intercity-breaks-record-z-785-milionami-pasazerow-w-2024-r\/#article\",\"isPartOf\":{\"@id\":\"https:\/\/www.pogotowieflagowe.pl\/aktualne\/pkp-intercity-breaks-record-z-785-milionami-pasazerow-w-2024-r\/\"},\"author\":{\"name\":\"Filip\",\"@id\":\"https:\/\/www.pogotowieflagowe.pl\/aktualne\/#\/schema\/person\/9c2fb7d2362ebf6fa088960d7f0d27b0\"},\"headline\":\"PKP Intercity Breaks Record z 78,5 milionami pasa\u017cer\u00f3w w 2024 r.\",\"datePublished\":\"2025-02-01T12:47:03+00:00\",\"dateModified\":\"2025-02-01T12:47:03+00:00\",\"mainEntityOfPage\":{\"@id\":\"https:\/\/www.pogotowieflagowe.pl\/aktualne\/pkp-intercity-breaks-record-z-785-milionami-pasazerow-w-2024-r\/\"},\"wordCount\":236,\"publisher\":{\"@id\":\"https:\/\/www.pogotowieflagowe.pl\/aktualne\/#organization\"},\"image\":{\"@id\":\"https:\/\/www.pogotowieflagowe.pl\/aktualne\/pkp-intercity-breaks-record-z-785-milionami-pasazerow-w-2024-r\/#primaryimage\"},\"thumbnailUrl\":\"https:\/\/www.pogotowieflagowe.pl\/aktualne\/wp-content\/uploads\/2025\/02\/PKP-Intercity-Breaks-Record-z-785-milionami-pasazerow-w-2024.jpg\",\"keywords\":[\"Breaks\",\"Intercity\",\"milionami\",\"pasa\u017cer\u00f3w\",\"PKP\",\"Record\"],\"articleSection\":[\"Biznes\"],\"inLanguage\":\"pl-PL\"},{\"@type\":\"WebPage\",\"@id\":\"https:\/\/www.pogotowieflagowe.pl\/aktualne\/pkp-intercity-breaks-record-z-785-milionami-pasazerow-w-2024-r\/\",\"url\":\"https:\/\/www.pogotowieflagowe.pl\/aktualne\/pkp-intercity-breaks-record-z-785-milionami-pasazerow-w-2024-r\/\",\"name\":\"PKP Intercity Breaks Record z 78,5 milionami pasa\u017cer\u00f3w w 2024 r. - POGOTOWIE FLAGOWE\u00ae\",\"isPartOf\":{\"@id\":\"https:\/\/www.pogotowieflagowe.pl\/aktualne\/#website\"},\"primaryImageOfPage\":{\"@id\":\"https:\/\/www.pogotowieflagowe.pl\/aktualne\/pkp-intercity-breaks-record-z-785-milionami-pasazerow-w-2024-r\/#primaryimage\"},\"image\":{\"@id\":\"https:\/\/www.pogotowieflagowe.pl\/aktualne\/pkp-intercity-breaks-record-z-785-milionami-pasazerow-w-2024-r\/#primaryimage\"},\"thumbnailUrl\":\"https:\/\/www.pogotowieflagowe.pl\/aktualne\/wp-content\/uploads\/2025\/02\/PKP-Intercity-Breaks-Record-z-785-milionami-pasazerow-w-2024.jpg\",\"datePublished\":\"2025-02-01T12:47:03+00:00\",\"dateModified\":\"2025-02-01T12:47:03+00:00\",\"breadcrumb\":{\"@id\":\"https:\/\/www.pogotowieflagowe.pl\/aktualne\/pkp-intercity-breaks-record-z-785-milionami-pasazerow-w-2024-r\/#breadcrumb\"},\"inLanguage\":\"pl-PL\",\"potentialAction\":[{\"@type\":\"ReadAction\",\"target\":[\"https:\/\/www.pogotowieflagowe.pl\/aktualne\/pkp-intercity-breaks-record-z-785-milionami-pasazerow-w-2024-r\/\"]}]},{\"@type\":\"ImageObject\",\"inLanguage\":\"pl-PL\",\"@id\":\"https:\/\/www.pogotowieflagowe.pl\/aktualne\/pkp-intercity-breaks-record-z-785-milionami-pasazerow-w-2024-r\/#primaryimage\",\"url\":\"https:\/\/www.pogotowieflagowe.pl\/aktualne\/wp-content\/uploads\/2025\/02\/PKP-Intercity-Breaks-Record-z-785-milionami-pasazerow-w-2024.jpg\",\"contentUrl\":\"https:\/\/www.pogotowieflagowe.pl\/aktualne\/wp-content\/uploads\/2025\/02\/PKP-Intercity-Breaks-Record-z-785-milionami-pasazerow-w-2024.jpg\",\"width\":737,\"height\":415,\"caption\":\"PKP Intercity Breaks Record z 78,5 milionami pasa\u017cer\u00f3w w 2024 r.\"},{\"@type\":\"BreadcrumbList\",\"@id\":\"https:\/\/www.pogotowieflagowe.pl\/aktualne\/pkp-intercity-breaks-record-z-785-milionami-pasazerow-w-2024-r\/#breadcrumb\",\"itemListElement\":[{\"@type\":\"ListItem\",\"position\":1,\"name\":\"Home\",\"item\":\"https:\/\/www.pogotowieflagowe.pl\/aktualne\/\"},{\"@type\":\"ListItem\",\"position\":2,\"name\":\"PKP Intercity Breaks Record z 78,5 milionami pasa\u017cer\u00f3w w 2024 r.\"}]},{\"@type\":\"WebSite\",\"@id\":\"https:\/\/www.pogotowieflagowe.pl\/aktualne\/#website\",\"url\":\"https:\/\/www.pogotowieflagowe.pl\/aktualne\/\",\"name\":\"POGOTOWIE FLAGOWE\u00ae\",\"description\":\"\",\"publisher\":{\"@id\":\"https:\/\/www.pogotowieflagowe.pl\/aktualne\/#organization\"},\"potentialAction\":[{\"@type\":\"SearchAction\",\"target\":{\"@type\":\"EntryPoint\",\"urlTemplate\":\"https:\/\/www.pogotowieflagowe.pl\/aktualne\/?s={search_term_string}\"},\"query-input\":\"required name=search_term_string\"}],\"inLanguage\":\"pl-PL\"},{\"@type\":\"Organization\",\"@id\":\"https:\/\/www.pogotowieflagowe.pl\/aktualne\/#organization\",\"name\":\"POGOTOWIE FLAGOWE\u00ae\",\"url\":\"https:\/\/www.pogotowieflagowe.pl\/aktualne\/\",\"logo\":{\"@type\":\"ImageObject\",\"inLanguage\":\"pl-PL\",\"@id\":\"https:\/\/www.pogotowieflagowe.pl\/aktualne\/#\/schema\/logo\/image\/\",\"url\":\"https:\/\/www.pogotowieflagowe.pl\/aktualne\/wp-content\/uploads\/2024\/08\/cropped-pogotowieflagowe_flaga_projekt_sm.jpg\",\"contentUrl\":\"https:\/\/www.pogotowieflagowe.pl\/aktualne\/wp-content\/uploads\/2024\/08\/cropped-pogotowieflagowe_flaga_projekt_sm.jpg\",\"width\":250,\"height\":143,\"caption\":\"POGOTOWIE FLAGOWE\u00ae\"},\"image\":{\"@id\":\"https:\/\/www.pogotowieflagowe.pl\/aktualne\/#\/schema\/logo\/image\/\"}},{\"@type\":\"Person\",\"@id\":\"https:\/\/www.pogotowieflagowe.pl\/aktualne\/#\/schema\/person\/9c2fb7d2362ebf6fa088960d7f0d27b0\",\"name\":\"Filip\",\"image\":{\"@type\":\"ImageObject\",\"inLanguage\":\"pl-PL\",\"@id\":\"https:\/\/www.pogotowieflagowe.pl\/aktualne\/#\/schema\/person\/image\/\",\"url\":\"https:\/\/www.pogotowieflagowe.pl\/aktualne\/wp-content\/uploads\/2024\/08\/pogotowieflagowe.pl_.jpg\",\"contentUrl\":\"https:\/\/www.pogotowieflagowe.pl\/aktualne\/wp-content\/uploads\/2024\/08\/pogotowieflagowe.pl_.jpg\",\"caption\":\"Filip\"},\"description\":\"Jestem Filip, polski dziennikarz z dyplomem nauk politycznych Uniwersytetu Warszawskiego. Rozpoczynaj\u0105c swoj\u0105 karier\u0119 w r\u00f3\u017cnych lokalnych mediach, zdoby\u0142em solidne do\u015bwiadczenie w zakresie \u015bledztwa i redakcji. Obecnie jako redaktor w Pogotowie flagowe, staram si\u0119 dostarcza\u0107 dog\u0142\u0119bne i istotne analizy na temat najwa\u017cniejszych kwestii aktualno\u015bci, \u0142\u0105cz\u0105c rygor z pasj\u0105 dziennikarsk\u0105.\",\"sameAs\":[\"https:\/\/www.pogotowieflagowe.pl\/\"]}]}<\/script>\n<!-- \/ Yoast SEO plugin. -->","yoast_head_json":{"title":"PKP Intercity Breaks Record z 78,5 milionami pasa\u017cer\u00f3w w 2024 r. - POGOTOWIE FLAGOWE\u00ae","robots":{"index":"index","follow":"follow","max-snippet":"max-snippet:-1","max-image-preview":"max-image-preview:large","max-video-preview":"max-video-preview:-1"},"canonical":"https:\/\/www.pogotowieflagowe.pl\/aktualne\/pkp-intercity-breaks-record-z-785-milionami-pasazerow-w-2024-r\/","og_locale":"pl_PL","og_type":"article","og_title":"PKP Intercity Breaks Record z 78,5 milionami pasa\u017cer\u00f3w w 2024 r. - POGOTOWIE FLAGOWE\u00ae","og_description":"PKP Intercity ustanowi\u0142o nowy rekord w 2024 r. Z 78,5 milionami pasa\u017cer\u00f3w. Odkryj kluczowe statystyki, popularne trasy, trendy pok\u0142adowe i","og_url":"https:\/\/www.pogotowieflagowe.pl\/aktualne\/pkp-intercity-breaks-record-z-785-milionami-pasazerow-w-2024-r\/","og_site_name":"POGOTOWIE FLAGOWE\u00ae","article_published_time":"2025-02-01T12:47:03+00:00","og_image":[{"width":737,"height":415,"url":"https:\/\/www.pogotowieflagowe.pl\/aktualne\/wp-content\/uploads\/2025\/02\/PKP-Intercity-Breaks-Record-z-785-milionami-pasazerow-w-2024.jpg","type":"image\/jpeg"}],"author":"Filip","twitter_card":"summary_large_image","twitter_misc":{"Napisane przez":"Filip","Szacowany czas czytania":"1 minuta"},"schema":{"@context":"https:\/\/schema.org","@graph":[{"@type":"Article","@id":"https:\/\/www.pogotowieflagowe.pl\/aktualne\/pkp-intercity-breaks-record-z-785-milionami-pasazerow-w-2024-r\/#article","isPartOf":{"@id":"https:\/\/www.pogotowieflagowe.pl\/aktualne\/pkp-intercity-breaks-record-z-785-milionami-pasazerow-w-2024-r\/"},"author":{"name":"Filip","@id":"https:\/\/www.pogotowieflagowe.pl\/aktualne\/#\/schema\/person\/9c2fb7d2362ebf6fa088960d7f0d27b0"},"headline":"PKP Intercity Breaks Record z 78,5 milionami pasa\u017cer\u00f3w w 2024 r.","datePublished":"2025-02-01T12:47:03+00:00","dateModified":"2025-02-01T12:47:03+00:00","mainEntityOfPage":{"@id":"https:\/\/www.pogotowieflagowe.pl\/aktualne\/pkp-intercity-breaks-record-z-785-milionami-pasazerow-w-2024-r\/"},"wordCount":236,"publisher":{"@id":"https:\/\/www.pogotowieflagowe.pl\/aktualne\/#organization"},"image":{"@id":"https:\/\/www.pogotowieflagowe.pl\/aktualne\/pkp-intercity-breaks-record-z-785-milionami-pasazerow-w-2024-r\/#primaryimage"},"thumbnailUrl":"https:\/\/www.pogotowieflagowe.pl\/aktualne\/wp-content\/uploads\/2025\/02\/PKP-Intercity-Breaks-Record-z-785-milionami-pasazerow-w-2024.jpg","keywords":["Breaks","Intercity","milionami","pasa\u017cer\u00f3w","PKP","Record"],"articleSection":["Biznes"],"inLanguage":"pl-PL"},{"@type":"WebPage","@id":"https:\/\/www.pogotowieflagowe.pl\/aktualne\/pkp-intercity-breaks-record-z-785-milionami-pasazerow-w-2024-r\/","url":"https:\/\/www.pogotowieflagowe.pl\/aktualne\/pkp-intercity-breaks-record-z-785-milionami-pasazerow-w-2024-r\/","name":"PKP Intercity Breaks Record z 78,5 milionami pasa\u017cer\u00f3w w 2024 r. - POGOTOWIE FLAGOWE\u00ae","isPartOf":{"@id":"https:\/\/www.pogotowieflagowe.pl\/aktualne\/#website"},"primaryImageOfPage":{"@id":"https:\/\/www.pogotowieflagowe.pl\/aktualne\/pkp-intercity-breaks-record-z-785-milionami-pasazerow-w-2024-r\/#primaryimage"},"image":{"@id":"https:\/\/www.pogotowieflagowe.pl\/aktualne\/pkp-intercity-breaks-record-z-785-milionami-pasazerow-w-2024-r\/#primaryimage"},"thumbnailUrl":"https:\/\/www.pogotowieflagowe.pl\/aktualne\/wp-content\/uploads\/2025\/02\/PKP-Intercity-Breaks-Record-z-785-milionami-pasazerow-w-2024.jpg","datePublished":"2025-02-01T12:47:03+00:00","dateModified":"2025-02-01T12:47:03+00:00","breadcrumb":{"@id":"https:\/\/www.pogotowieflagowe.pl\/aktualne\/pkp-intercity-breaks-record-z-785-milionami-pasazerow-w-2024-r\/#breadcrumb"},"inLanguage":"pl-PL","potentialAction":[{"@type":"ReadAction","target":["https:\/\/www.pogotowieflagowe.pl\/aktualne\/pkp-intercity-breaks-record-z-785-milionami-pasazerow-w-2024-r\/"]}]},{"@type":"ImageObject","inLanguage":"pl-PL","@id":"https:\/\/www.pogotowieflagowe.pl\/aktualne\/pkp-intercity-breaks-record-z-785-milionami-pasazerow-w-2024-r\/#primaryimage","url":"https:\/\/www.pogotowieflagowe.pl\/aktualne\/wp-content\/uploads\/2025\/02\/PKP-Intercity-Breaks-Record-z-785-milionami-pasazerow-w-2024.jpg","contentUrl":"https:\/\/www.pogotowieflagowe.pl\/aktualne\/wp-content\/uploads\/2025\/02\/PKP-Intercity-Breaks-Record-z-785-milionami-pasazerow-w-2024.jpg","width":737,"height":415,"caption":"PKP Intercity Breaks Record z 78,5 milionami pasa\u017cer\u00f3w w 2024 r."},{"@type":"BreadcrumbList","@id":"https:\/\/www.pogotowieflagowe.pl\/aktualne\/pkp-intercity-breaks-record-z-785-milionami-pasazerow-w-2024-r\/#breadcrumb","itemListElement":[{"@type":"ListItem","position":1,"name":"Home","item":"https:\/\/www.pogotowieflagowe.pl\/aktualne\/"},{"@type":"ListItem","position":2,"name":"PKP Intercity Breaks Record z 78,5 milionami pasa\u017cer\u00f3w w 2024 r."}]},{"@type":"WebSite","@id":"https:\/\/www.pogotowieflagowe.pl\/aktualne\/#website","url":"https:\/\/www.pogotowieflagowe.pl\/aktualne\/","name":"POGOTOWIE FLAGOWE\u00ae","description":"","publisher":{"@id":"https:\/\/www.pogotowieflagowe.pl\/aktualne\/#organization"},"potentialAction":[{"@type":"SearchAction","target":{"@type":"EntryPoint","urlTemplate":"https:\/\/www.pogotowieflagowe.pl\/aktualne\/?s={search_term_string}"},"query-input":"required name=search_term_string"}],"inLanguage":"pl-PL"},{"@type":"Organization","@id":"https:\/\/www.pogotowieflagowe.pl\/aktualne\/#organization","name":"POGOTOWIE FLAGOWE\u00ae","url":"https:\/\/www.pogotowieflagowe.pl\/aktualne\/","logo":{"@type":"ImageObject","inLanguage":"pl-PL","@id":"https:\/\/www.pogotowieflagowe.pl\/aktualne\/#\/schema\/logo\/image\/","url":"https:\/\/www.pogotowieflagowe.pl\/aktualne\/wp-content\/uploads\/2024\/08\/cropped-pogotowieflagowe_flaga_projekt_sm.jpg","contentUrl":"https:\/\/www.pogotowieflagowe.pl\/aktualne\/wp-content\/uploads\/2024\/08\/cropped-pogotowieflagowe_flaga_projekt_sm.jpg","width":250,"height":143,"caption":"POGOTOWIE FLAGOWE\u00ae"},"image":{"@id":"https:\/\/www.pogotowieflagowe.pl\/aktualne\/#\/schema\/logo\/image\/"}},{"@type":"Person","@id":"https:\/\/www.pogotowieflagowe.pl\/aktualne\/#\/schema\/person\/9c2fb7d2362ebf6fa088960d7f0d27b0","name":"Filip","image":{"@type":"ImageObject","inLanguage":"pl-PL","@id":"https:\/\/www.pogotowieflagowe.pl\/aktualne\/#\/schema\/person\/image\/","url":"https:\/\/www.pogotowieflagowe.pl\/aktualne\/wp-content\/uploads\/2024\/08\/pogotowieflagowe.pl_.jpg","contentUrl":"https:\/\/www.pogotowieflagowe.pl\/aktualne\/wp-content\/uploads\/2024\/08\/pogotowieflagowe.pl_.jpg","caption":"Filip"},"description":"Jestem Filip, polski dziennikarz z dyplomem nauk politycznych Uniwersytetu Warszawskiego. Rozpoczynaj\u0105c swoj\u0105 karier\u0119 w r\u00f3\u017cnych lokalnych mediach, zdoby\u0142em solidne do\u015bwiadczenie w zakresie \u015bledztwa i redakcji. Obecnie jako redaktor w Pogotowie flagowe, staram si\u0119 dostarcza\u0107 dog\u0142\u0119bne i istotne analizy na temat najwa\u017cniejszych kwestii aktualno\u015bci, \u0142\u0105cz\u0105c rygor z pasj\u0105 dziennikarsk\u0105.","sameAs":["https:\/\/www.pogotowieflagowe.pl\/"]}]}},"_links":{"self":[{"href":"https:\/\/www.pogotowieflagowe.pl\/aktualne\/wp-json\/wp\/v2\/posts\/3620","targetHints":{"allow":["GET"]}}],"collection":[{"href":"https:\/\/www.pogotowieflagowe.pl\/aktualne\/wp-json\/wp\/v2\/posts"}],"about":[{"href":"https:\/\/www.pogotowieflagowe.pl\/aktualne\/wp-json\/wp\/v2\/types\/post"}],"author":[{"embeddable":true,"href":"https:\/\/www.pogotowieflagowe.pl\/aktualne\/wp-json\/wp\/v2\/users\/1"}],"replies":[{"embeddable":true,"href":"https:\/\/www.pogotowieflagowe.pl\/aktualne\/wp-json\/wp\/v2\/comments?post=3620"}],"version-history":[{"count":1,"href":"https:\/\/www.pogotowieflagowe.pl\/aktualne\/wp-json\/wp\/v2\/posts\/3620\/revisions"}],"predecessor-version":[{"id":3622,"href":"https:\/\/www.pogotowieflagowe.pl\/aktualne\/wp-json\/wp\/v2\/posts\/3620\/revisions\/3622"}],"wp:featuredmedia":[{"embeddable":true,"href":"https:\/\/www.pogotowieflagowe.pl\/aktualne\/wp-json\/wp\/v2\/media\/3621"}],"wp:attachment":[{"href":"https:\/\/www.pogotowieflagowe.pl\/aktualne\/wp-json\/wp\/v2\/media?parent=3620"}],"wp:term":[{"taxonomy":"category","embeddable":true,"href":"https:\/\/www.pogotowieflagowe.pl\/aktualne\/wp-json\/wp\/v2\/categories?post=3620"},{"taxonomy":"post_tag","embeddable":true,"href":"https:\/\/www.pogotowieflagowe.pl\/aktualne\/wp-json\/wp\/v2\/tags?post=3620"}],"curies":[{"name":"wp","href":"https:\/\/api.w.org\/{rel}","templated":true}]}}