{"id":366,"date":"2024-08-29T23:06:23","date_gmt":"2024-08-29T21:06:23","guid":{"rendered":"https:\/\/www.pogotowieflagowe.pl\/aktualne\/nowa-fabryka-amunicji-powstanie-w-regionie-lodzkim\/"},"modified":"2024-08-29T23:06:26","modified_gmt":"2024-08-29T21:06:26","slug":"nowa-fabryka-amunicji-powstanie-w-regionie-lodzkim","status":"publish","type":"post","link":"https:\/\/www.pogotowieflagowe.pl\/aktualne\/nowa-fabryka-amunicji-powstanie-w-regionie-lodzkim\/","title":{"rendered":"Nowa fabryka amunicji powstanie w regionie \u0142\u00f3dzkim"},"content":{"rendered":"\n<div class=\"td_block_wrap tdb_single_content tdi_48 td-pb-border-top td_block_template_8 td-post-content tagdiv-type\" data-td-block-uid=\"tdi_48\">\n<style>.tdi_48{margines g\u00f3rny:0px!wa\u017cne;margines dolny:0px!wa\u017cne;wype\u0142nienie g\u00f3rne:0px!wa\u017cne;wype\u0142nienie dolne:0px!wa\u017cne}<\/style>\n<style>.tdb_single_content{margines-dolny:0;*powi\u0119kszenie:1}.tdb_single_content:before,.tdb_single_content:after{wy\u015bwietlanie:tabela;zawarto\u015b\u0107:'';wysoko\u015b\u0107-linii:0}.tdb_single_content:after{wyczy\u015b\u0107:oba}.tdb_single_content .tdb-block-inner>*:not(.wp-block-quote):not(.alignwide):not(.alignfull.wp-block-cover.has-parallax):not(.td-a-ad){margines-lewy:auto;margines-prawy:auto}.tdb_single_content a{zdarzenia-wska\u017anika:auto}.tdb_single_content .td-spot-id-top_ad .tdc-placeholder-title:before{zawarto\u015b\u0107:'Pocz\u0105tek artyku\u0142u Reklama'!important}.tdb_single_content .td-spot-id-inline_ad0 .tdc-placeholder-title:before{content:'Reklama inline artyku\u0142u 1'!important}.tdb_single_content .td-spot-id-inline_ad1 .tdc-placeholder-title:before{content:'Reklama inline artyku\u0142u 2'!important}.tdb_single_content .td-spot-id-inline_ad2 .tdc-placeholder-title:before{content:'Reklama inline artyku\u0142u 3'!important}.tdb_single_content .td-spot-id-bottom_ad .tdc-placeholder-title:before{content:'Reklama dolna artyku\u0142u'!important}.tdb_single_content .id_top_ad,.tdb_single_content .id_bottom_ad{clear:both;margines-dolny:21px;wyr\u00f3wnanie-tekstu:\u015brodek}.tdb_single_content .id_top_ad img,.tdb_single_content .id_bottom_ad img{margines-dolny:0}.tdb_single_content .id_top_ad .adsbygoogle,.tdb_single_content .id_bottom_ad .adsbygoogle{pozycja:wzgl\u0119dna}.tdb_single_content .id_ad_content-poziom-lewy,.tdb_single_content .id_ad_content-poziom-prawy,.tdb_single_content .id_ad_content-horiz-center{margines dolny:15px}.tdb_single_content .id_ad_content-horiz-lewy img,.tdb_single_content .id_ad_content-horiz-prawy img,.tdb_single_content .id_ad_content-horiz-center img{margines dolny:0}.tdb_single_content .id_ad_content-horiz-center{wyr\u00f3wnanie tekstu:\u015brodek}.tdb_single_content .id_ad_content-horiz-center img{margines prawy:auto;margines lewy:auto}.tdb_single_content .id_ad_content-horiz-left{float:lewy;margines g\u00f3rny:9px;margines prawy:21px}.tdb_single_content .id_ad_content-horiz-right{float:right;margines-g\u00f3rny:6px;margines-lewy:21px}.tdb_single_content .tdc-a-ad .tdc-placeholder-title{szeroko\u015b\u0107:300px;wysoko\u015b\u0107:250px}.tdb_single_content .tdc-a-ad .tdc-placeholder-title:before{pozycja:absolutna;g\u00f3ra:50%;-webkit-transform:translateY(-50%);przekszta\u0142cenie:translateY(-50%);margines:auto;wy\u015bwietlanie:tabela;szeroko\u015b\u0107:100%}.tdb_single_content .tdb-block-inner.td-fix-index{word-break:break-word}.tdi_48,.tdi_48>p,.tdi_48 .tdb-block-inner>p{rozmiar-czcionki:16px!wa\u017cne;wysoko\u015b\u0107-linii:1.6!wa\u017cne}.tdi_48 .tdb-block-inner cytat p{styl-czcionki:normalny!wa\u017cne}@media (maks. szeroko\u015b\u0107:767px){.tdb_single_content .id_ad_content-poziom-lewo,.tdb_single_content .id_ad_content-poziom-prawo,.tdb_single_content .id_ad_content-poziom-\u015brodek{margines:0 auto 26px auto}}@media (maks. szeroko\u015b\u0107:767px){.tdb_single_content .id_ad_content-poziom-lewo{margines-prawy:0}}@media (maks. szeroko\u015b\u0107:767px){.tdb_single_content .id_ad_content-horiz-right{margines-lewy:0}}@media (maksymalna szeroko\u015b\u0107:767px){.tdb_single_content .td-a-ad{float:none;wyr\u00f3wnanie tekstu:\u015brodek}.tdb_single_content .td-a-ad img{margines-prawy:auto;margines-lewy:auto}.tdb_single_content .tdc-a-ad{float:none}}<\/style>\n<div class=\"tdb-block-inner td-fix-index\">\n<p>Grupa Niewiad\u00f3w, najwi\u0119kszy prywatny producent amunicji w kraju, og\u0142osi\u0142a plany budowy nowej fabryki amunicji wielkokalibrowej w Niewiadowie, w wojew\u00f3dztwie \u0142\u00f3dzkim. Ten ambitny projekt ma na celu rozpocz\u0119cie produkcji w ci\u0105gu dw\u00f3ch lat, a roczna produkcja ma wynie\u015b\u0107 180 000 sztuk pocisk\u00f3w artyleryjskich kal. 155 mm. Inwestycja szacowana jest na oko\u0142o 250 mln z\u0142.<\/p>\n<p>Jak twierdzi Grzegorz Niedzielski, prezes Grupy Niewiad\u00f3w, sp\u00f3\u0142ka jest na zaawansowanym etapie prac nad uruchomieniem produkcji amunicji kalibru 155 mm, kt\u00f3ra jest standardem NATO i kluczowym elementem nowoczesnych system\u00f3w artyleryjskich, takich jak samobie\u017cna haubica Krab i K9 Thunder, niedawno nabyta przez polskie wojsko od Korei Po\u0142udniowej.<\/p>\n<p>Nowy zak\u0142ad b\u0119dzie obejmowa\u0142 lini\u0119 produkcyjn\u0105, powierzchnie magazynowe i centrum badawczo-rozwojowe, rewitalizuj\u0105c teren dawnej fabryki w gminie Ujazd ko\u0142o Tomaszowa Mazowieckiego. \u201eOpieraj\u0105c si\u0119 na stuletnim dziedzictwie oryginalnej fabryki amunicji, jeste\u015bmy przygotowani do uruchomienia produkcji z wykorzystaniem istniej\u0105cej infrastruktury, poligonu testowego oraz niezb\u0119dnych zezwole\u0144 i wiedzy fachowej\u201d \u2013 stwierdzi\u0142 Niedzielski.<\/p>\n<p>Ostatnie wydarzenia na \u015bwiecie podkre\u015bli\u0142y strategiczne znaczenie amunicji artyleryjskiej 155 mm. W trwaj\u0105cym konflikcie na Ukrainie codziennie u\u017cywa si\u0119 od 3000 do 10 000 tych pocisk\u00f3w, co wskazuje na znaczny niedob\u00f3r w stosunku do potrzeb, kt\u00f3re, jak zauwa\u017cy\u0142 Niedzielski, s\u0105 r\u00f3wnie\u017c znaczne dla Si\u0142 Zbrojnych RP. Obecne polskie zdolno\u015bci produkcyjne wynosz\u0105 maksymalnie 30 000 pocisk\u00f3w rocznie, co jest zdecydowanie niewystarczaj\u0105ce w obliczu rosn\u0105cych potrzeb magazynowych szacowanych na nawet 3 miliony sztuk.<\/p>\n<p>\u201eObudzili\u015bmy si\u0119 ze z\u0142udzenia \u017cycia w bezpiecznym \u015bwiecie\u201d \u2013 podkre\u015bli\u0142 Niedzielski. \u201eZnaj\u0105c poziom zam\u00f3wie\u0144 i obecne mo\u017cliwo\u015bci produkcyjne naszego krajowego przemys\u0142u, utworzenie tej nowej fabryki w Niewiadowie jest zar\u00f3wno strategicznym, jak i biznesowym imperatywem\u201d.<\/p>\n<p>Firma podj\u0119\u0142a ju\u017c dzia\u0142ania przygotowawcze, w tym modernizacj\u0119 niszczej\u0105cych obiekt\u00f3w magazynowych, aby pomie\u015bci\u0107 do 1,1 miliona kg tr\u00f3jnitrotoluenu (TNT). Projekt fazowy pocz\u0105tkowo b\u0119dzie koncentrowa\u0142 si\u0119 na monta\u017cu \u0142adunk\u00f3w wybuchowych w \u0142uskach naboj\u00f3w pochodz\u0105cych z zewn\u0105trz. W ci\u0105gu oko\u0142o 20 miesi\u0119cy pierwsze linie produkcyjne zostan\u0105 uruchomione, a plany zak\u0142adaj\u0105, \u017ce \u0142uski b\u0119d\u0105 ostatecznie produkowane w kraju. Ostateczna wydajno\u015b\u0107 obiektu wyniesie 180 000 jednostek rocznie, wspierana przez solidne strefy bezpiecze\u0144stwa i mo\u017cliwo\u015bci magazynowania.<\/p>\n<p>Opr\u00f3cz lokalnych udoskonale\u0144 produkcyjnych Grupa Niewiad\u00f3w wsp\u00f3\u0142pracuje na arenie mi\u0119dzynarodowej, w\u0142\u0105czaj\u0105c komponenty od partner\u00f3w indyjskich, niemieckich i s\u0142owackich, pod nadzorem szwedzkiego producenta broni Bofors. Ponadto Niedzielski ujawni\u0142 trwaj\u0105ce wysi\u0142ki na rzecz opracowania zastrze\u017conej polskiej dokumentacji technicznej dla amunicji, maj\u0105cej na celu samodzielno\u015b\u0107 w produkcji i przysz\u0142ym rozwoju.<\/p>\n<\/div>\n<\/div>\n","protected":false},"excerpt":{"rendered":"<p>Grupa Niewiad\u00f3w, najwi\u0119kszy prywatny producent amunicji w kraju, og\u0142osi\u0142a plany budowy nowej fabryki amunicji wielkokalibrowej w Niewiadowie, w wojew\u00f3dztwie \u0142\u00f3dzkim.<\/p>\n","protected":false},"author":1,"featured_media":367,"comment_status":"closed","ping_status":"","sticky":false,"template":"","format":"standard","meta":{"footnotes":""},"categories":[45],"tags":[591,590,594,589,592,593],"class_list":["post-366","post","type-post","status-publish","format-standard","has-post-thumbnail","hentry","category-biznes","tag-amunicji","tag-fabryka","tag-lodzkim","tag-nowa","tag-powstanie","tag-regionie","generate-columns","tablet-grid-50","mobile-grid-100","grid-parent","grid-50","resize-featured-image"],"yoast_head":"<!-- This site is optimized with the Yoast SEO plugin v23.2 - https:\/\/yoast.com\/wordpress\/plugins\/seo\/ -->\n<title>Nowa fabryka amunicji powstanie w regionie \u0142\u00f3dzkim - POGOTOWIE FLAGOWE\u00ae<\/title>\n<meta name=\"robots\" content=\"index, follow, max-snippet:-1, max-image-preview:large, max-video-preview:-1\" \/>\n<link rel=\"canonical\" href=\"https:\/\/www.pogotowieflagowe.pl\/aktualne\/nowa-fabryka-amunicji-powstanie-w-regionie-lodzkim\/\" \/>\n<meta property=\"og:locale\" content=\"pl_PL\" \/>\n<meta property=\"og:type\" content=\"article\" \/>\n<meta property=\"og:title\" content=\"Nowa fabryka amunicji powstanie w regionie \u0142\u00f3dzkim - POGOTOWIE FLAGOWE\u00ae\" \/>\n<meta property=\"og:description\" content=\"Grupa Niewiad\u00f3w, najwi\u0119kszy prywatny producent amunicji w kraju, og\u0142osi\u0142a plany budowy nowej fabryki amunicji wielkokalibrowej w Niewiadowie, w wojew\u00f3dztwie \u0142\u00f3dzkim.\" \/>\n<meta property=\"og:url\" content=\"https:\/\/www.pogotowieflagowe.pl\/aktualne\/nowa-fabryka-amunicji-powstanie-w-regionie-lodzkim\/\" \/>\n<meta property=\"og:site_name\" content=\"POGOTOWIE FLAGOWE\u00ae\" \/>\n<meta property=\"article:published_time\" content=\"2024-08-29T21:06:23+00:00\" \/>\n<meta property=\"article:modified_time\" content=\"2024-08-29T21:06:26+00:00\" \/>\n<meta property=\"og:image\" content=\"https:\/\/www.pogotowieflagowe.pl\/aktualne\/wp-content\/uploads\/2024\/08\/Nowa-fabryka-amunicji-powstanie-w-regionie-lodzkim.jpg\" \/>\n\t<meta property=\"og:image:width\" content=\"2048\" \/>\n\t<meta property=\"og:image:height\" content=\"1162\" \/>\n\t<meta property=\"og:image:type\" content=\"image\/jpeg\" \/>\n<meta name=\"author\" content=\"Filip\" \/>\n<meta name=\"twitter:card\" content=\"summary_large_image\" \/>\n<meta name=\"twitter:label1\" content=\"Napisane przez\" \/>\n\t<meta name=\"twitter:data1\" content=\"Filip\" \/>\n\t<meta name=\"twitter:label2\" content=\"Szacowany czas czytania\" \/>\n\t<meta name=\"twitter:data2\" content=\"2 minuty\" \/>\n<script type=\"application\/ld+json\" class=\"yoast-schema-graph\">{\"@context\":\"https:\/\/schema.org\",\"@graph\":[{\"@type\":\"Article\",\"@id\":\"https:\/\/www.pogotowieflagowe.pl\/aktualne\/nowa-fabryka-amunicji-powstanie-w-regionie-lodzkim\/#article\",\"isPartOf\":{\"@id\":\"https:\/\/www.pogotowieflagowe.pl\/aktualne\/nowa-fabryka-amunicji-powstanie-w-regionie-lodzkim\/\"},\"author\":{\"name\":\"Filip\",\"@id\":\"https:\/\/www.pogotowieflagowe.pl\/aktualne\/#\/schema\/person\/9c2fb7d2362ebf6fa088960d7f0d27b0\"},\"headline\":\"Nowa fabryka amunicji powstanie w regionie \u0142\u00f3dzkim\",\"datePublished\":\"2024-08-29T21:06:23+00:00\",\"dateModified\":\"2024-08-29T21:06:26+00:00\",\"mainEntityOfPage\":{\"@id\":\"https:\/\/www.pogotowieflagowe.pl\/aktualne\/nowa-fabryka-amunicji-powstanie-w-regionie-lodzkim\/\"},\"wordCount\":440,\"publisher\":{\"@id\":\"https:\/\/www.pogotowieflagowe.pl\/aktualne\/#organization\"},\"image\":{\"@id\":\"https:\/\/www.pogotowieflagowe.pl\/aktualne\/nowa-fabryka-amunicji-powstanie-w-regionie-lodzkim\/#primaryimage\"},\"thumbnailUrl\":\"https:\/\/www.pogotowieflagowe.pl\/aktualne\/wp-content\/uploads\/2024\/08\/Nowa-fabryka-amunicji-powstanie-w-regionie-lodzkim.jpg\",\"keywords\":[\"amunicji\",\"fabryka\",\"\u0142\u00f3dzkim\",\"Nowa\",\"powstanie\",\"regionie\"],\"articleSection\":[\"Biznes\"],\"inLanguage\":\"pl-PL\"},{\"@type\":\"WebPage\",\"@id\":\"https:\/\/www.pogotowieflagowe.pl\/aktualne\/nowa-fabryka-amunicji-powstanie-w-regionie-lodzkim\/\",\"url\":\"https:\/\/www.pogotowieflagowe.pl\/aktualne\/nowa-fabryka-amunicji-powstanie-w-regionie-lodzkim\/\",\"name\":\"Nowa fabryka amunicji powstanie w regionie \u0142\u00f3dzkim - POGOTOWIE FLAGOWE\u00ae\",\"isPartOf\":{\"@id\":\"https:\/\/www.pogotowieflagowe.pl\/aktualne\/#website\"},\"primaryImageOfPage\":{\"@id\":\"https:\/\/www.pogotowieflagowe.pl\/aktualne\/nowa-fabryka-amunicji-powstanie-w-regionie-lodzkim\/#primaryimage\"},\"image\":{\"@id\":\"https:\/\/www.pogotowieflagowe.pl\/aktualne\/nowa-fabryka-amunicji-powstanie-w-regionie-lodzkim\/#primaryimage\"},\"thumbnailUrl\":\"https:\/\/www.pogotowieflagowe.pl\/aktualne\/wp-content\/uploads\/2024\/08\/Nowa-fabryka-amunicji-powstanie-w-regionie-lodzkim.jpg\",\"datePublished\":\"2024-08-29T21:06:23+00:00\",\"dateModified\":\"2024-08-29T21:06:26+00:00\",\"breadcrumb\":{\"@id\":\"https:\/\/www.pogotowieflagowe.pl\/aktualne\/nowa-fabryka-amunicji-powstanie-w-regionie-lodzkim\/#breadcrumb\"},\"inLanguage\":\"pl-PL\",\"potentialAction\":[{\"@type\":\"ReadAction\",\"target\":[\"https:\/\/www.pogotowieflagowe.pl\/aktualne\/nowa-fabryka-amunicji-powstanie-w-regionie-lodzkim\/\"]}]},{\"@type\":\"ImageObject\",\"inLanguage\":\"pl-PL\",\"@id\":\"https:\/\/www.pogotowieflagowe.pl\/aktualne\/nowa-fabryka-amunicji-powstanie-w-regionie-lodzkim\/#primaryimage\",\"url\":\"https:\/\/www.pogotowieflagowe.pl\/aktualne\/wp-content\/uploads\/2024\/08\/Nowa-fabryka-amunicji-powstanie-w-regionie-lodzkim.jpg\",\"contentUrl\":\"https:\/\/www.pogotowieflagowe.pl\/aktualne\/wp-content\/uploads\/2024\/08\/Nowa-fabryka-amunicji-powstanie-w-regionie-lodzkim.jpg\",\"width\":2048,\"height\":1162,\"caption\":\"Nowa fabryka amunicji powstanie w regionie \u0142\u00f3dzkim\"},{\"@type\":\"BreadcrumbList\",\"@id\":\"https:\/\/www.pogotowieflagowe.pl\/aktualne\/nowa-fabryka-amunicji-powstanie-w-regionie-lodzkim\/#breadcrumb\",\"itemListElement\":[{\"@type\":\"ListItem\",\"position\":1,\"name\":\"Home\",\"item\":\"https:\/\/www.pogotowieflagowe.pl\/aktualne\/\"},{\"@type\":\"ListItem\",\"position\":2,\"name\":\"Nowa fabryka amunicji powstanie w regionie \u0142\u00f3dzkim\"}]},{\"@type\":\"WebSite\",\"@id\":\"https:\/\/www.pogotowieflagowe.pl\/aktualne\/#website\",\"url\":\"https:\/\/www.pogotowieflagowe.pl\/aktualne\/\",\"name\":\"POGOTOWIE FLAGOWE\u00ae\",\"description\":\"\",\"publisher\":{\"@id\":\"https:\/\/www.pogotowieflagowe.pl\/aktualne\/#organization\"},\"potentialAction\":[{\"@type\":\"SearchAction\",\"target\":{\"@type\":\"EntryPoint\",\"urlTemplate\":\"https:\/\/www.pogotowieflagowe.pl\/aktualne\/?s={search_term_string}\"},\"query-input\":\"required name=search_term_string\"}],\"inLanguage\":\"pl-PL\"},{\"@type\":\"Organization\",\"@id\":\"https:\/\/www.pogotowieflagowe.pl\/aktualne\/#organization\",\"name\":\"POGOTOWIE FLAGOWE\u00ae\",\"url\":\"https:\/\/www.pogotowieflagowe.pl\/aktualne\/\",\"logo\":{\"@type\":\"ImageObject\",\"inLanguage\":\"pl-PL\",\"@id\":\"https:\/\/www.pogotowieflagowe.pl\/aktualne\/#\/schema\/logo\/image\/\",\"url\":\"https:\/\/www.pogotowieflagowe.pl\/aktualne\/wp-content\/uploads\/2024\/08\/cropped-pogotowieflagowe_flaga_projekt_sm.jpg\",\"contentUrl\":\"https:\/\/www.pogotowieflagowe.pl\/aktualne\/wp-content\/uploads\/2024\/08\/cropped-pogotowieflagowe_flaga_projekt_sm.jpg\",\"width\":250,\"height\":143,\"caption\":\"POGOTOWIE FLAGOWE\u00ae\"},\"image\":{\"@id\":\"https:\/\/www.pogotowieflagowe.pl\/aktualne\/#\/schema\/logo\/image\/\"}},{\"@type\":\"Person\",\"@id\":\"https:\/\/www.pogotowieflagowe.pl\/aktualne\/#\/schema\/person\/9c2fb7d2362ebf6fa088960d7f0d27b0\",\"name\":\"Filip\",\"image\":{\"@type\":\"ImageObject\",\"inLanguage\":\"pl-PL\",\"@id\":\"https:\/\/www.pogotowieflagowe.pl\/aktualne\/#\/schema\/person\/image\/\",\"url\":\"https:\/\/www.pogotowieflagowe.pl\/aktualne\/wp-content\/uploads\/2024\/08\/pogotowieflagowe.pl_.jpg\",\"contentUrl\":\"https:\/\/www.pogotowieflagowe.pl\/aktualne\/wp-content\/uploads\/2024\/08\/pogotowieflagowe.pl_.jpg\",\"caption\":\"Filip\"},\"description\":\"Jestem Filip, polski dziennikarz z dyplomem nauk politycznych Uniwersytetu Warszawskiego. Rozpoczynaj\u0105c swoj\u0105 karier\u0119 w r\u00f3\u017cnych lokalnych mediach, zdoby\u0142em solidne do\u015bwiadczenie w zakresie \u015bledztwa i redakcji. Obecnie jako redaktor w Pogotowie flagowe, staram si\u0119 dostarcza\u0107 dog\u0142\u0119bne i istotne analizy na temat najwa\u017cniejszych kwestii aktualno\u015bci, \u0142\u0105cz\u0105c rygor z pasj\u0105 dziennikarsk\u0105.\",\"sameAs\":[\"https:\/\/www.pogotowieflagowe.pl\/\"]}]}<\/script>\n<!-- \/ Yoast SEO plugin. -->","yoast_head_json":{"title":"Nowa fabryka amunicji powstanie w regionie \u0142\u00f3dzkim - POGOTOWIE FLAGOWE\u00ae","robots":{"index":"index","follow":"follow","max-snippet":"max-snippet:-1","max-image-preview":"max-image-preview:large","max-video-preview":"max-video-preview:-1"},"canonical":"https:\/\/www.pogotowieflagowe.pl\/aktualne\/nowa-fabryka-amunicji-powstanie-w-regionie-lodzkim\/","og_locale":"pl_PL","og_type":"article","og_title":"Nowa fabryka amunicji powstanie w regionie \u0142\u00f3dzkim - POGOTOWIE FLAGOWE\u00ae","og_description":"Grupa Niewiad\u00f3w, najwi\u0119kszy prywatny producent amunicji w kraju, og\u0142osi\u0142a plany budowy nowej fabryki amunicji wielkokalibrowej w Niewiadowie, w wojew\u00f3dztwie \u0142\u00f3dzkim.","og_url":"https:\/\/www.pogotowieflagowe.pl\/aktualne\/nowa-fabryka-amunicji-powstanie-w-regionie-lodzkim\/","og_site_name":"POGOTOWIE FLAGOWE\u00ae","article_published_time":"2024-08-29T21:06:23+00:00","article_modified_time":"2024-08-29T21:06:26+00:00","og_image":[{"width":2048,"height":1162,"url":"https:\/\/www.pogotowieflagowe.pl\/aktualne\/wp-content\/uploads\/2024\/08\/Nowa-fabryka-amunicji-powstanie-w-regionie-lodzkim.jpg","type":"image\/jpeg"}],"author":"Filip","twitter_card":"summary_large_image","twitter_misc":{"Napisane przez":"Filip","Szacowany czas czytania":"2 minuty"},"schema":{"@context":"https:\/\/schema.org","@graph":[{"@type":"Article","@id":"https:\/\/www.pogotowieflagowe.pl\/aktualne\/nowa-fabryka-amunicji-powstanie-w-regionie-lodzkim\/#article","isPartOf":{"@id":"https:\/\/www.pogotowieflagowe.pl\/aktualne\/nowa-fabryka-amunicji-powstanie-w-regionie-lodzkim\/"},"author":{"name":"Filip","@id":"https:\/\/www.pogotowieflagowe.pl\/aktualne\/#\/schema\/person\/9c2fb7d2362ebf6fa088960d7f0d27b0"},"headline":"Nowa fabryka amunicji powstanie w regionie \u0142\u00f3dzkim","datePublished":"2024-08-29T21:06:23+00:00","dateModified":"2024-08-29T21:06:26+00:00","mainEntityOfPage":{"@id":"https:\/\/www.pogotowieflagowe.pl\/aktualne\/nowa-fabryka-amunicji-powstanie-w-regionie-lodzkim\/"},"wordCount":440,"publisher":{"@id":"https:\/\/www.pogotowieflagowe.pl\/aktualne\/#organization"},"image":{"@id":"https:\/\/www.pogotowieflagowe.pl\/aktualne\/nowa-fabryka-amunicji-powstanie-w-regionie-lodzkim\/#primaryimage"},"thumbnailUrl":"https:\/\/www.pogotowieflagowe.pl\/aktualne\/wp-content\/uploads\/2024\/08\/Nowa-fabryka-amunicji-powstanie-w-regionie-lodzkim.jpg","keywords":["amunicji","fabryka","\u0142\u00f3dzkim","Nowa","powstanie","regionie"],"articleSection":["Biznes"],"inLanguage":"pl-PL"},{"@type":"WebPage","@id":"https:\/\/www.pogotowieflagowe.pl\/aktualne\/nowa-fabryka-amunicji-powstanie-w-regionie-lodzkim\/","url":"https:\/\/www.pogotowieflagowe.pl\/aktualne\/nowa-fabryka-amunicji-powstanie-w-regionie-lodzkim\/","name":"Nowa fabryka amunicji powstanie w regionie \u0142\u00f3dzkim - POGOTOWIE FLAGOWE\u00ae","isPartOf":{"@id":"https:\/\/www.pogotowieflagowe.pl\/aktualne\/#website"},"primaryImageOfPage":{"@id":"https:\/\/www.pogotowieflagowe.pl\/aktualne\/nowa-fabryka-amunicji-powstanie-w-regionie-lodzkim\/#primaryimage"},"image":{"@id":"https:\/\/www.pogotowieflagowe.pl\/aktualne\/nowa-fabryka-amunicji-powstanie-w-regionie-lodzkim\/#primaryimage"},"thumbnailUrl":"https:\/\/www.pogotowieflagowe.pl\/aktualne\/wp-content\/uploads\/2024\/08\/Nowa-fabryka-amunicji-powstanie-w-regionie-lodzkim.jpg","datePublished":"2024-08-29T21:06:23+00:00","dateModified":"2024-08-29T21:06:26+00:00","breadcrumb":{"@id":"https:\/\/www.pogotowieflagowe.pl\/aktualne\/nowa-fabryka-amunicji-powstanie-w-regionie-lodzkim\/#breadcrumb"},"inLanguage":"pl-PL","potentialAction":[{"@type":"ReadAction","target":["https:\/\/www.pogotowieflagowe.pl\/aktualne\/nowa-fabryka-amunicji-powstanie-w-regionie-lodzkim\/"]}]},{"@type":"ImageObject","inLanguage":"pl-PL","@id":"https:\/\/www.pogotowieflagowe.pl\/aktualne\/nowa-fabryka-amunicji-powstanie-w-regionie-lodzkim\/#primaryimage","url":"https:\/\/www.pogotowieflagowe.pl\/aktualne\/wp-content\/uploads\/2024\/08\/Nowa-fabryka-amunicji-powstanie-w-regionie-lodzkim.jpg","contentUrl":"https:\/\/www.pogotowieflagowe.pl\/aktualne\/wp-content\/uploads\/2024\/08\/Nowa-fabryka-amunicji-powstanie-w-regionie-lodzkim.jpg","width":2048,"height":1162,"caption":"Nowa fabryka amunicji powstanie w regionie \u0142\u00f3dzkim"},{"@type":"BreadcrumbList","@id":"https:\/\/www.pogotowieflagowe.pl\/aktualne\/nowa-fabryka-amunicji-powstanie-w-regionie-lodzkim\/#breadcrumb","itemListElement":[{"@type":"ListItem","position":1,"name":"Home","item":"https:\/\/www.pogotowieflagowe.pl\/aktualne\/"},{"@type":"ListItem","position":2,"name":"Nowa fabryka amunicji powstanie w regionie \u0142\u00f3dzkim"}]},{"@type":"WebSite","@id":"https:\/\/www.pogotowieflagowe.pl\/aktualne\/#website","url":"https:\/\/www.pogotowieflagowe.pl\/aktualne\/","name":"POGOTOWIE FLAGOWE\u00ae","description":"","publisher":{"@id":"https:\/\/www.pogotowieflagowe.pl\/aktualne\/#organization"},"potentialAction":[{"@type":"SearchAction","target":{"@type":"EntryPoint","urlTemplate":"https:\/\/www.pogotowieflagowe.pl\/aktualne\/?s={search_term_string}"},"query-input":"required name=search_term_string"}],"inLanguage":"pl-PL"},{"@type":"Organization","@id":"https:\/\/www.pogotowieflagowe.pl\/aktualne\/#organization","name":"POGOTOWIE FLAGOWE\u00ae","url":"https:\/\/www.pogotowieflagowe.pl\/aktualne\/","logo":{"@type":"ImageObject","inLanguage":"pl-PL","@id":"https:\/\/www.pogotowieflagowe.pl\/aktualne\/#\/schema\/logo\/image\/","url":"https:\/\/www.pogotowieflagowe.pl\/aktualne\/wp-content\/uploads\/2024\/08\/cropped-pogotowieflagowe_flaga_projekt_sm.jpg","contentUrl":"https:\/\/www.pogotowieflagowe.pl\/aktualne\/wp-content\/uploads\/2024\/08\/cropped-pogotowieflagowe_flaga_projekt_sm.jpg","width":250,"height":143,"caption":"POGOTOWIE FLAGOWE\u00ae"},"image":{"@id":"https:\/\/www.pogotowieflagowe.pl\/aktualne\/#\/schema\/logo\/image\/"}},{"@type":"Person","@id":"https:\/\/www.pogotowieflagowe.pl\/aktualne\/#\/schema\/person\/9c2fb7d2362ebf6fa088960d7f0d27b0","name":"Filip","image":{"@type":"ImageObject","inLanguage":"pl-PL","@id":"https:\/\/www.pogotowieflagowe.pl\/aktualne\/#\/schema\/person\/image\/","url":"https:\/\/www.pogotowieflagowe.pl\/aktualne\/wp-content\/uploads\/2024\/08\/pogotowieflagowe.pl_.jpg","contentUrl":"https:\/\/www.pogotowieflagowe.pl\/aktualne\/wp-content\/uploads\/2024\/08\/pogotowieflagowe.pl_.jpg","caption":"Filip"},"description":"Jestem Filip, polski dziennikarz z dyplomem nauk politycznych Uniwersytetu Warszawskiego. Rozpoczynaj\u0105c swoj\u0105 karier\u0119 w r\u00f3\u017cnych lokalnych mediach, zdoby\u0142em solidne do\u015bwiadczenie w zakresie \u015bledztwa i redakcji. Obecnie jako redaktor w Pogotowie flagowe, staram si\u0119 dostarcza\u0107 dog\u0142\u0119bne i istotne analizy na temat najwa\u017cniejszych kwestii aktualno\u015bci, \u0142\u0105cz\u0105c rygor z pasj\u0105 dziennikarsk\u0105.","sameAs":["https:\/\/www.pogotowieflagowe.pl\/"]}]}},"_links":{"self":[{"href":"https:\/\/www.pogotowieflagowe.pl\/aktualne\/wp-json\/wp\/v2\/posts\/366","targetHints":{"allow":["GET"]}}],"collection":[{"href":"https:\/\/www.pogotowieflagowe.pl\/aktualne\/wp-json\/wp\/v2\/posts"}],"about":[{"href":"https:\/\/www.pogotowieflagowe.pl\/aktualne\/wp-json\/wp\/v2\/types\/post"}],"author":[{"embeddable":true,"href":"https:\/\/www.pogotowieflagowe.pl\/aktualne\/wp-json\/wp\/v2\/users\/1"}],"replies":[{"embeddable":true,"href":"https:\/\/www.pogotowieflagowe.pl\/aktualne\/wp-json\/wp\/v2\/comments?post=366"}],"version-history":[{"count":1,"href":"https:\/\/www.pogotowieflagowe.pl\/aktualne\/wp-json\/wp\/v2\/posts\/366\/revisions"}],"predecessor-version":[{"id":368,"href":"https:\/\/www.pogotowieflagowe.pl\/aktualne\/wp-json\/wp\/v2\/posts\/366\/revisions\/368"}],"wp:featuredmedia":[{"embeddable":true,"href":"https:\/\/www.pogotowieflagowe.pl\/aktualne\/wp-json\/wp\/v2\/media\/367"}],"wp:attachment":[{"href":"https:\/\/www.pogotowieflagowe.pl\/aktualne\/wp-json\/wp\/v2\/media?parent=366"}],"wp:term":[{"taxonomy":"category","embeddable":true,"href":"https:\/\/www.pogotowieflagowe.pl\/aktualne\/wp-json\/wp\/v2\/categories?post=366"},{"taxonomy":"post_tag","embeddable":true,"href":"https:\/\/www.pogotowieflagowe.pl\/aktualne\/wp-json\/wp\/v2\/tags?post=366"}],"curies":[{"name":"wp","href":"https:\/\/api.w.org\/{rel}","templated":true}]}}