{"id":372,"date":"2024-08-30T00:49:51","date_gmt":"2024-08-29T22:49:51","guid":{"rendered":"https:\/\/www.pogotowieflagowe.pl\/aktualne\/kamil-otowski-zdobywa-pierwsze-zloto-dla-polski-na-igrzyskach-paraolimpijskich-w-paryzu\/"},"modified":"2024-08-30T00:49:51","modified_gmt":"2024-08-29T22:49:51","slug":"kamil-otowski-zdobywa-pierwsze-zloto-dla-polski-na-igrzyskach-paraolimpijskich-w-paryzu","status":"publish","type":"post","link":"https:\/\/www.pogotowieflagowe.pl\/aktualne\/kamil-otowski-zdobywa-pierwsze-zloto-dla-polski-na-igrzyskach-paraolimpijskich-w-paryzu\/","title":{"rendered":"Kamil Otowski zdobywa pierwsze z\u0142oto dla Polski na Igrzyskach Paraolimpijskich w Pary\u017cu"},"content":{"rendered":"\n<div class=\"td_block_wrap tdb_single_content tdi_48 td-pb-border-top td_block_template_8 td-post-content tagdiv-type\" data-td-block-uid=\"tdi_48\">\n<style>.tdi_48{margines g\u00f3rny:0px!wa\u017cne;margines dolny:0px!wa\u017cne;wype\u0142nienie g\u00f3rne:0px!wa\u017cne;wype\u0142nienie dolne:0px!wa\u017cne}<\/style>\n<style>.tdb_single_content{margines-dolny:0;*powi\u0119kszenie:1}.tdb_single_content:before,.tdb_single_content:after{wy\u015bwietlanie:tabela;zawarto\u015b\u0107:'';wysoko\u015b\u0107-linii:0}.tdb_single_content:after{wyczy\u015b\u0107:oba}.tdb_single_content .tdb-block-inner>*:not(.wp-block-quote):not(.alignwide):not(.alignfull.wp-block-cover.has-parallax):not(.td-a-ad){margines-lewy:auto;margines-prawy:auto}.tdb_single_content a{zdarzenia-wska\u017anika:auto}.tdb_single_content .td-spot-id-top_ad .tdc-placeholder-title:before{zawarto\u015b\u0107:'Pocz\u0105tek artyku\u0142u Reklama'!important}.tdb_single_content .td-spot-id-inline_ad0 .tdc-placeholder-title:before{content:'Reklama inline artyku\u0142u 1'!important}.tdb_single_content .td-spot-id-inline_ad1 .tdc-placeholder-title:before{content:'Reklama inline artyku\u0142u 2'!important}.tdb_single_content .td-spot-id-inline_ad2 .tdc-placeholder-title:before{content:'Reklama inline artyku\u0142u 3'!important}.tdb_single_content .td-spot-id-bottom_ad .tdc-placeholder-title:before{content:'Reklama dolna artyku\u0142u'!important}.tdb_single_content .id_top_ad,.tdb_single_content .id_bottom_ad{clear:both;margines-dolny:21px;wyr\u00f3wnanie-tekstu:\u015brodek}.tdb_single_content .id_top_ad img,.tdb_single_content .id_bottom_ad img{margines-dolny:0}.tdb_single_content .id_top_ad .adsbygoogle,.tdb_single_content .id_bottom_ad .adsbygoogle{pozycja:wzgl\u0119dna}.tdb_single_content .id_ad_content-poziom-lewy,.tdb_single_content .id_ad_content-poziom-prawy,.tdb_single_content .id_ad_content-horiz-center{margines dolny:15px}.tdb_single_content .id_ad_content-horiz-lewy img,.tdb_single_content .id_ad_content-horiz-prawy img,.tdb_single_content .id_ad_content-horiz-center img{margines dolny:0}.tdb_single_content .id_ad_content-horiz-center{wyr\u00f3wnanie tekstu:\u015brodek}.tdb_single_content .id_ad_content-horiz-center img{margines prawy:auto;margines lewy:auto}.tdb_single_content .id_ad_content-horiz-left{float:lewy;margines g\u00f3rny:9px;margines prawy:21px}.tdb_single_content .id_ad_content-horiz-right{float:right;margines-g\u00f3rny:6px;margines-lewy:21px}.tdb_single_content .tdc-a-ad .tdc-placeholder-title{szeroko\u015b\u0107:300px;wysoko\u015b\u0107:250px}.tdb_single_content .tdc-a-ad .tdc-placeholder-title:before{pozycja:absolutna;g\u00f3ra:50%;-webkit-transform:translateY(-50%);przekszta\u0142cenie:translateY(-50%);margines:auto;wy\u015bwietlanie:tabela;szeroko\u015b\u0107:100%}.tdb_single_content .tdb-block-inner.td-fix-index{word-break:break-word}.tdi_48,.tdi_48>p,.tdi_48 .tdb-block-inner>p{rozmiar-czcionki:16px!wa\u017cne;wysoko\u015b\u0107-linii:1.6!wa\u017cne}.tdi_48 .tdb-block-inner cytat p{styl-czcionki:normalny!wa\u017cne}@media (maks. szeroko\u015b\u0107:767px){.tdb_single_content .id_ad_content-poziom-lewo,.tdb_single_content .id_ad_content-poziom-prawo,.tdb_single_content .id_ad_content-poziom-\u015brodek{margines:0 auto 26px auto}}@media (maks. szeroko\u015b\u0107:767px){.tdb_single_content .id_ad_content-poziom-lewo{margines-prawy:0}}@media (maks. szeroko\u015b\u0107:767px){.tdb_single_content .id_ad_content-horiz-right{margines-lewy:0}}@media (maksymalna szeroko\u015b\u0107:767px){.tdb_single_content .td-a-ad{float:none;wyr\u00f3wnanie tekstu:\u015brodek}.tdb_single_content .td-a-ad img{margines-prawy:auto;margines-lewy:auto}.tdb_single_content .tdc-a-ad{float:none}}<\/style>\n<div class=\"tdb-block-inner td-fix-index\">\n<p>Polski p\u0142ywak Kamil Otowski zaprezentowa\u0142 historyczny wyst\u0119p na igrzyskach paraolimpijskich w Pary\u017cu, zapewniaj\u0105c Polsce pierwszy z\u0142oty medal igrzysk. Rywalizuj\u0105c na 100 metr\u00f3w stylem grzbietowym w kategorii S1, Otowski zako\u0144czy\u0142 wy\u015bcig z wyra\u017an\u0105 przewag\u0105, osi\u0105gaj\u0105c czas 2:17.85.<\/p>\n<p>Wydarzenie to oznacza\u0142o wspania\u0142y start Polski na Paraolimpiadzie, a Otowski prowadzi\u0142 wy\u015bcig od samego pocz\u0105tku, ko\u0144cz\u0105c wy\u015bcig z przewag\u0105 16 sekund nad Antonem Kolem z Ukrainy, kt\u00f3ry zdoby\u0142 srebro. Br\u0105z przypad\u0142 W\u0142ochowi Francesco Betelli.<\/p>\n<blockquote class=\"twitter-tweet\" data-media-max-width=\"560\">\n<p lang=\"pl\" dir=\"ltr\">Kamil Otowski zdoby\u0142 z\u0142oty medal w p\u0142ywaniu na igrzyskach paralimpijskich w Pary\u017cu 2024! \ud83e\udd47<\/p>\n<p>Polski zawodnik wygra\u0142 wy\u015bcig na 100 metr\u00f3w stylem grzbietowym (S1) \ud83d\udc4f<a rel=\"nofollow\" href=\"https:\/\/twitter.com\/hashtag\/Paralympics?src=hash&amp;ref_src=twsrc%5Etfw\">#Paralimpiady<\/a> <a rel=\"nofollow\" href=\"https:\/\/twitter.com\/hashtag\/Paris2024?src=hash&amp;ref_src=twsrc%5Etfw\">#Pary\u017c2024<\/a> <a rel=\"nofollow\" href=\"https:\/\/t.co\/ZqdsH9F5wn\">fot.twitter.com\/ZqdsH9F5wn<\/a><\/p>\n<p>\u2014 Polsat Sport (@polsatsport) <a rel=\"nofollow\" href=\"https:\/\/twitter.com\/polsatsport\/status\/1829202228411826321?ref_src=twsrc%5Etfw\">29 sierpnia 2024 r.<\/a><\/p><\/blockquote>\n<p>To zwyci\u0119stwo nie tylko jest osobistym triumfem 24-letniego sportowca, ale tak\u017ce dodaje z\u0142ot\u0105 warstw\u0119 do rosn\u0105cej listy wyr\u00f3\u017cnie\u0144 Polski w sportach paraolimpijskich. Trzy lata temu, na Igrzyskach Paraolimpijskich w Tokio, Polska zdoby\u0142a \u0142\u0105cznie 24 medale, w tym siedem z\u0142otych, co da\u0142o jej 17. miejsce w og\u00f3lnym rankingu kraju.<\/p>\n<p>W igrzyskach paraolimpijskich w Pary\u017cu, kt\u00f3re maj\u0105 zako\u0144czy\u0107 si\u0119 8 wrze\u015bnia, bierze udzia\u0142 oko\u0142o 4400 sportowc\u00f3w ze 168 kraj\u00f3w, rywalizuj\u0105cych w 22 dyscyplinach sportowych, zdobywaj\u0105c \u0142\u0105cznie 549 zestaw\u00f3w medali. Polska wys\u0142a\u0142a solidn\u0105 dru\u017cyn\u0119 sk\u0142adaj\u0105c\u0105 si\u0119 z 84 sportowc\u00f3w, kt\u00f3rzy maj\u0105 nadziej\u0119 wykorzysta\u0107 swoje wcze\u015bniejsze sukcesy i wywrze\u0107 znacz\u0105cy wp\u0142yw na igrzyska. Wczesne z\u0142oto Otowskiego mo\u017ce by\u0107 iskr\u0105 potrzebn\u0105 do inspiruj\u0105cego wyst\u0119pu Polak\u00f3w w Pary\u017cu.<\/p>\n<\/div>\n<\/div>\n<p><script async src=\"https:\/\/platform.twitter.com\/widgets.js\" charset=\"utf-8\"><\/script><\/p>\n","protected":false},"excerpt":{"rendered":"<p>Polski p\u0142ywak Kamil Otowski zaprezentowa\u0142 historyczny wyst\u0119p na igrzyskach paraolimpijskich w Pary\u017cu, zapewniaj\u0105c Polsce pierwszy z\u0142oty medal igrzysk. Rywalizuj\u0105c na<\/p>\n","protected":false},"author":1,"featured_media":373,"comment_status":"closed","ping_status":"","sticky":false,"template":"","format":"standard","meta":{"footnotes":""},"categories":[118],"tags":[131,604,198,600,605,606,602,72,601,603],"class_list":["post-372","post","type-post","status-publish","format-standard","has-post-thumbnail","hentry","category-lekkoatletyka","tag-dla","tag-igrzyskach","tag-kamil","tag-otowski","tag-paraolimpijskich","tag-paryzu","tag-pierwsze","tag-polski","tag-zdobywa","tag-zloto","generate-columns","tablet-grid-50","mobile-grid-100","grid-parent","grid-50","resize-featured-image"],"yoast_head":"<!-- This site is optimized with the Yoast SEO plugin v23.2 - https:\/\/yoast.com\/wordpress\/plugins\/seo\/ -->\n<title>Kamil Otowski zdobywa pierwsze z\u0142oto dla Polski na Igrzyskach Paraolimpijskich w Pary\u017cu - POGOTOWIE FLAGOWE\u00ae<\/title>\n<meta name=\"robots\" content=\"index, follow, max-snippet:-1, max-image-preview:large, max-video-preview:-1\" \/>\n<link rel=\"canonical\" href=\"https:\/\/www.pogotowieflagowe.pl\/aktualne\/kamil-otowski-zdobywa-pierwsze-zloto-dla-polski-na-igrzyskach-paraolimpijskich-w-paryzu\/\" \/>\n<meta property=\"og:locale\" content=\"pl_PL\" \/>\n<meta property=\"og:type\" content=\"article\" \/>\n<meta property=\"og:title\" content=\"Kamil Otowski zdobywa pierwsze z\u0142oto dla Polski na Igrzyskach Paraolimpijskich w Pary\u017cu - POGOTOWIE FLAGOWE\u00ae\" \/>\n<meta property=\"og:description\" content=\"Polski p\u0142ywak Kamil Otowski zaprezentowa\u0142 historyczny wyst\u0119p na igrzyskach paraolimpijskich w Pary\u017cu, zapewniaj\u0105c Polsce pierwszy z\u0142oty medal igrzysk. Rywalizuj\u0105c na\" \/>\n<meta property=\"og:url\" content=\"https:\/\/www.pogotowieflagowe.pl\/aktualne\/kamil-otowski-zdobywa-pierwsze-zloto-dla-polski-na-igrzyskach-paraolimpijskich-w-paryzu\/\" \/>\n<meta property=\"og:site_name\" content=\"POGOTOWIE FLAGOWE\u00ae\" \/>\n<meta property=\"article:published_time\" content=\"2024-08-29T22:49:51+00:00\" \/>\n<meta property=\"og:image\" content=\"https:\/\/www.pogotowieflagowe.pl\/aktualne\/wp-content\/uploads\/2024\/08\/Kamil-Otowski-zdobywa-pierwsze-zloto-dla-Polski-na-Igrzyskach-Paraolimpijskich.jpeg\" \/>\n\t<meta property=\"og:image:width\" content=\"560\" \/>\n\t<meta property=\"og:image:height\" content=\"315\" \/>\n\t<meta property=\"og:image:type\" content=\"image\/jpeg\" \/>\n<meta name=\"author\" content=\"Filip\" \/>\n<meta name=\"twitter:card\" content=\"summary_large_image\" \/>\n<meta name=\"twitter:label1\" content=\"Napisane przez\" \/>\n\t<meta name=\"twitter:data1\" content=\"Filip\" \/>\n\t<meta name=\"twitter:label2\" content=\"Szacowany czas czytania\" \/>\n\t<meta name=\"twitter:data2\" content=\"1 minuta\" \/>\n<script type=\"application\/ld+json\" class=\"yoast-schema-graph\">{\"@context\":\"https:\/\/schema.org\",\"@graph\":[{\"@type\":\"Article\",\"@id\":\"https:\/\/www.pogotowieflagowe.pl\/aktualne\/kamil-otowski-zdobywa-pierwsze-zloto-dla-polski-na-igrzyskach-paraolimpijskich-w-paryzu\/#article\",\"isPartOf\":{\"@id\":\"https:\/\/www.pogotowieflagowe.pl\/aktualne\/kamil-otowski-zdobywa-pierwsze-zloto-dla-polski-na-igrzyskach-paraolimpijskich-w-paryzu\/\"},\"author\":{\"name\":\"Filip\",\"@id\":\"https:\/\/www.pogotowieflagowe.pl\/aktualne\/#\/schema\/person\/9c2fb7d2362ebf6fa088960d7f0d27b0\"},\"headline\":\"Kamil Otowski zdobywa pierwsze z\u0142oto dla Polski na Igrzyskach Paraolimpijskich w Pary\u017cu\",\"datePublished\":\"2024-08-29T22:49:51+00:00\",\"dateModified\":\"2024-08-29T22:49:51+00:00\",\"mainEntityOfPage\":{\"@id\":\"https:\/\/www.pogotowieflagowe.pl\/aktualne\/kamil-otowski-zdobywa-pierwsze-zloto-dla-polski-na-igrzyskach-paraolimpijskich-w-paryzu\/\"},\"wordCount\":281,\"publisher\":{\"@id\":\"https:\/\/www.pogotowieflagowe.pl\/aktualne\/#organization\"},\"image\":{\"@id\":\"https:\/\/www.pogotowieflagowe.pl\/aktualne\/kamil-otowski-zdobywa-pierwsze-zloto-dla-polski-na-igrzyskach-paraolimpijskich-w-paryzu\/#primaryimage\"},\"thumbnailUrl\":\"https:\/\/www.pogotowieflagowe.pl\/aktualne\/wp-content\/uploads\/2024\/08\/Kamil-Otowski-zdobywa-pierwsze-zloto-dla-Polski-na-Igrzyskach-Paraolimpijskich.jpeg\",\"keywords\":[\"dla\",\"Igrzyskach\",\"Kamil\",\"Otowski\",\"Paraolimpijskich\",\"Pary\u017cu\",\"pierwsze\",\"polski\",\"zdobywa\",\"z\u0142oto\"],\"articleSection\":[\"Lekkoatletyka\"],\"inLanguage\":\"pl-PL\"},{\"@type\":\"WebPage\",\"@id\":\"https:\/\/www.pogotowieflagowe.pl\/aktualne\/kamil-otowski-zdobywa-pierwsze-zloto-dla-polski-na-igrzyskach-paraolimpijskich-w-paryzu\/\",\"url\":\"https:\/\/www.pogotowieflagowe.pl\/aktualne\/kamil-otowski-zdobywa-pierwsze-zloto-dla-polski-na-igrzyskach-paraolimpijskich-w-paryzu\/\",\"name\":\"Kamil Otowski zdobywa pierwsze z\u0142oto dla Polski na Igrzyskach Paraolimpijskich w Pary\u017cu - POGOTOWIE FLAGOWE\u00ae\",\"isPartOf\":{\"@id\":\"https:\/\/www.pogotowieflagowe.pl\/aktualne\/#website\"},\"primaryImageOfPage\":{\"@id\":\"https:\/\/www.pogotowieflagowe.pl\/aktualne\/kamil-otowski-zdobywa-pierwsze-zloto-dla-polski-na-igrzyskach-paraolimpijskich-w-paryzu\/#primaryimage\"},\"image\":{\"@id\":\"https:\/\/www.pogotowieflagowe.pl\/aktualne\/kamil-otowski-zdobywa-pierwsze-zloto-dla-polski-na-igrzyskach-paraolimpijskich-w-paryzu\/#primaryimage\"},\"thumbnailUrl\":\"https:\/\/www.pogotowieflagowe.pl\/aktualne\/wp-content\/uploads\/2024\/08\/Kamil-Otowski-zdobywa-pierwsze-zloto-dla-Polski-na-Igrzyskach-Paraolimpijskich.jpeg\",\"datePublished\":\"2024-08-29T22:49:51+00:00\",\"dateModified\":\"2024-08-29T22:49:51+00:00\",\"breadcrumb\":{\"@id\":\"https:\/\/www.pogotowieflagowe.pl\/aktualne\/kamil-otowski-zdobywa-pierwsze-zloto-dla-polski-na-igrzyskach-paraolimpijskich-w-paryzu\/#breadcrumb\"},\"inLanguage\":\"pl-PL\",\"potentialAction\":[{\"@type\":\"ReadAction\",\"target\":[\"https:\/\/www.pogotowieflagowe.pl\/aktualne\/kamil-otowski-zdobywa-pierwsze-zloto-dla-polski-na-igrzyskach-paraolimpijskich-w-paryzu\/\"]}]},{\"@type\":\"ImageObject\",\"inLanguage\":\"pl-PL\",\"@id\":\"https:\/\/www.pogotowieflagowe.pl\/aktualne\/kamil-otowski-zdobywa-pierwsze-zloto-dla-polski-na-igrzyskach-paraolimpijskich-w-paryzu\/#primaryimage\",\"url\":\"https:\/\/www.pogotowieflagowe.pl\/aktualne\/wp-content\/uploads\/2024\/08\/Kamil-Otowski-zdobywa-pierwsze-zloto-dla-Polski-na-Igrzyskach-Paraolimpijskich.jpeg\",\"contentUrl\":\"https:\/\/www.pogotowieflagowe.pl\/aktualne\/wp-content\/uploads\/2024\/08\/Kamil-Otowski-zdobywa-pierwsze-zloto-dla-Polski-na-Igrzyskach-Paraolimpijskich.jpeg\",\"width\":560,\"height\":315,\"caption\":\"Kamil Otowski zdobywa pierwsze z\u0142oto dla Polski na Igrzyskach Paraolimpijskich w Pary\u017cu\"},{\"@type\":\"BreadcrumbList\",\"@id\":\"https:\/\/www.pogotowieflagowe.pl\/aktualne\/kamil-otowski-zdobywa-pierwsze-zloto-dla-polski-na-igrzyskach-paraolimpijskich-w-paryzu\/#breadcrumb\",\"itemListElement\":[{\"@type\":\"ListItem\",\"position\":1,\"name\":\"Home\",\"item\":\"https:\/\/www.pogotowieflagowe.pl\/aktualne\/\"},{\"@type\":\"ListItem\",\"position\":2,\"name\":\"Kamil Otowski zdobywa pierwsze z\u0142oto dla Polski na Igrzyskach Paraolimpijskich w Pary\u017cu\"}]},{\"@type\":\"WebSite\",\"@id\":\"https:\/\/www.pogotowieflagowe.pl\/aktualne\/#website\",\"url\":\"https:\/\/www.pogotowieflagowe.pl\/aktualne\/\",\"name\":\"POGOTOWIE FLAGOWE\u00ae\",\"description\":\"\",\"publisher\":{\"@id\":\"https:\/\/www.pogotowieflagowe.pl\/aktualne\/#organization\"},\"potentialAction\":[{\"@type\":\"SearchAction\",\"target\":{\"@type\":\"EntryPoint\",\"urlTemplate\":\"https:\/\/www.pogotowieflagowe.pl\/aktualne\/?s={search_term_string}\"},\"query-input\":\"required name=search_term_string\"}],\"inLanguage\":\"pl-PL\"},{\"@type\":\"Organization\",\"@id\":\"https:\/\/www.pogotowieflagowe.pl\/aktualne\/#organization\",\"name\":\"POGOTOWIE FLAGOWE\u00ae\",\"url\":\"https:\/\/www.pogotowieflagowe.pl\/aktualne\/\",\"logo\":{\"@type\":\"ImageObject\",\"inLanguage\":\"pl-PL\",\"@id\":\"https:\/\/www.pogotowieflagowe.pl\/aktualne\/#\/schema\/logo\/image\/\",\"url\":\"https:\/\/www.pogotowieflagowe.pl\/aktualne\/wp-content\/uploads\/2024\/08\/cropped-pogotowieflagowe_flaga_projekt_sm.jpg\",\"contentUrl\":\"https:\/\/www.pogotowieflagowe.pl\/aktualne\/wp-content\/uploads\/2024\/08\/cropped-pogotowieflagowe_flaga_projekt_sm.jpg\",\"width\":250,\"height\":143,\"caption\":\"POGOTOWIE FLAGOWE\u00ae\"},\"image\":{\"@id\":\"https:\/\/www.pogotowieflagowe.pl\/aktualne\/#\/schema\/logo\/image\/\"}},{\"@type\":\"Person\",\"@id\":\"https:\/\/www.pogotowieflagowe.pl\/aktualne\/#\/schema\/person\/9c2fb7d2362ebf6fa088960d7f0d27b0\",\"name\":\"Filip\",\"image\":{\"@type\":\"ImageObject\",\"inLanguage\":\"pl-PL\",\"@id\":\"https:\/\/www.pogotowieflagowe.pl\/aktualne\/#\/schema\/person\/image\/\",\"url\":\"https:\/\/www.pogotowieflagowe.pl\/aktualne\/wp-content\/uploads\/2024\/08\/pogotowieflagowe.pl_.jpg\",\"contentUrl\":\"https:\/\/www.pogotowieflagowe.pl\/aktualne\/wp-content\/uploads\/2024\/08\/pogotowieflagowe.pl_.jpg\",\"caption\":\"Filip\"},\"description\":\"Jestem Filip, polski dziennikarz z dyplomem nauk politycznych Uniwersytetu Warszawskiego. Rozpoczynaj\u0105c swoj\u0105 karier\u0119 w r\u00f3\u017cnych lokalnych mediach, zdoby\u0142em solidne do\u015bwiadczenie w zakresie \u015bledztwa i redakcji. Obecnie jako redaktor w Pogotowie flagowe, staram si\u0119 dostarcza\u0107 dog\u0142\u0119bne i istotne analizy na temat najwa\u017cniejszych kwestii aktualno\u015bci, \u0142\u0105cz\u0105c rygor z pasj\u0105 dziennikarsk\u0105.\",\"sameAs\":[\"https:\/\/www.pogotowieflagowe.pl\/\"]}]}<\/script>\n<!-- \/ Yoast SEO plugin. -->","yoast_head_json":{"title":"Kamil Otowski zdobywa pierwsze z\u0142oto dla Polski na Igrzyskach Paraolimpijskich w Pary\u017cu - POGOTOWIE FLAGOWE\u00ae","robots":{"index":"index","follow":"follow","max-snippet":"max-snippet:-1","max-image-preview":"max-image-preview:large","max-video-preview":"max-video-preview:-1"},"canonical":"https:\/\/www.pogotowieflagowe.pl\/aktualne\/kamil-otowski-zdobywa-pierwsze-zloto-dla-polski-na-igrzyskach-paraolimpijskich-w-paryzu\/","og_locale":"pl_PL","og_type":"article","og_title":"Kamil Otowski zdobywa pierwsze z\u0142oto dla Polski na Igrzyskach Paraolimpijskich w Pary\u017cu - POGOTOWIE FLAGOWE\u00ae","og_description":"Polski p\u0142ywak Kamil Otowski zaprezentowa\u0142 historyczny wyst\u0119p na igrzyskach paraolimpijskich w Pary\u017cu, zapewniaj\u0105c Polsce pierwszy z\u0142oty medal igrzysk. Rywalizuj\u0105c na","og_url":"https:\/\/www.pogotowieflagowe.pl\/aktualne\/kamil-otowski-zdobywa-pierwsze-zloto-dla-polski-na-igrzyskach-paraolimpijskich-w-paryzu\/","og_site_name":"POGOTOWIE FLAGOWE\u00ae","article_published_time":"2024-08-29T22:49:51+00:00","og_image":[{"width":560,"height":315,"url":"https:\/\/www.pogotowieflagowe.pl\/aktualne\/wp-content\/uploads\/2024\/08\/Kamil-Otowski-zdobywa-pierwsze-zloto-dla-Polski-na-Igrzyskach-Paraolimpijskich.jpeg","type":"image\/jpeg"}],"author":"Filip","twitter_card":"summary_large_image","twitter_misc":{"Napisane przez":"Filip","Szacowany czas czytania":"1 minuta"},"schema":{"@context":"https:\/\/schema.org","@graph":[{"@type":"Article","@id":"https:\/\/www.pogotowieflagowe.pl\/aktualne\/kamil-otowski-zdobywa-pierwsze-zloto-dla-polski-na-igrzyskach-paraolimpijskich-w-paryzu\/#article","isPartOf":{"@id":"https:\/\/www.pogotowieflagowe.pl\/aktualne\/kamil-otowski-zdobywa-pierwsze-zloto-dla-polski-na-igrzyskach-paraolimpijskich-w-paryzu\/"},"author":{"name":"Filip","@id":"https:\/\/www.pogotowieflagowe.pl\/aktualne\/#\/schema\/person\/9c2fb7d2362ebf6fa088960d7f0d27b0"},"headline":"Kamil Otowski zdobywa pierwsze z\u0142oto dla Polski na Igrzyskach Paraolimpijskich w Pary\u017cu","datePublished":"2024-08-29T22:49:51+00:00","dateModified":"2024-08-29T22:49:51+00:00","mainEntityOfPage":{"@id":"https:\/\/www.pogotowieflagowe.pl\/aktualne\/kamil-otowski-zdobywa-pierwsze-zloto-dla-polski-na-igrzyskach-paraolimpijskich-w-paryzu\/"},"wordCount":281,"publisher":{"@id":"https:\/\/www.pogotowieflagowe.pl\/aktualne\/#organization"},"image":{"@id":"https:\/\/www.pogotowieflagowe.pl\/aktualne\/kamil-otowski-zdobywa-pierwsze-zloto-dla-polski-na-igrzyskach-paraolimpijskich-w-paryzu\/#primaryimage"},"thumbnailUrl":"https:\/\/www.pogotowieflagowe.pl\/aktualne\/wp-content\/uploads\/2024\/08\/Kamil-Otowski-zdobywa-pierwsze-zloto-dla-Polski-na-Igrzyskach-Paraolimpijskich.jpeg","keywords":["dla","Igrzyskach","Kamil","Otowski","Paraolimpijskich","Pary\u017cu","pierwsze","polski","zdobywa","z\u0142oto"],"articleSection":["Lekkoatletyka"],"inLanguage":"pl-PL"},{"@type":"WebPage","@id":"https:\/\/www.pogotowieflagowe.pl\/aktualne\/kamil-otowski-zdobywa-pierwsze-zloto-dla-polski-na-igrzyskach-paraolimpijskich-w-paryzu\/","url":"https:\/\/www.pogotowieflagowe.pl\/aktualne\/kamil-otowski-zdobywa-pierwsze-zloto-dla-polski-na-igrzyskach-paraolimpijskich-w-paryzu\/","name":"Kamil Otowski zdobywa pierwsze z\u0142oto dla Polski na Igrzyskach Paraolimpijskich w Pary\u017cu - POGOTOWIE FLAGOWE\u00ae","isPartOf":{"@id":"https:\/\/www.pogotowieflagowe.pl\/aktualne\/#website"},"primaryImageOfPage":{"@id":"https:\/\/www.pogotowieflagowe.pl\/aktualne\/kamil-otowski-zdobywa-pierwsze-zloto-dla-polski-na-igrzyskach-paraolimpijskich-w-paryzu\/#primaryimage"},"image":{"@id":"https:\/\/www.pogotowieflagowe.pl\/aktualne\/kamil-otowski-zdobywa-pierwsze-zloto-dla-polski-na-igrzyskach-paraolimpijskich-w-paryzu\/#primaryimage"},"thumbnailUrl":"https:\/\/www.pogotowieflagowe.pl\/aktualne\/wp-content\/uploads\/2024\/08\/Kamil-Otowski-zdobywa-pierwsze-zloto-dla-Polski-na-Igrzyskach-Paraolimpijskich.jpeg","datePublished":"2024-08-29T22:49:51+00:00","dateModified":"2024-08-29T22:49:51+00:00","breadcrumb":{"@id":"https:\/\/www.pogotowieflagowe.pl\/aktualne\/kamil-otowski-zdobywa-pierwsze-zloto-dla-polski-na-igrzyskach-paraolimpijskich-w-paryzu\/#breadcrumb"},"inLanguage":"pl-PL","potentialAction":[{"@type":"ReadAction","target":["https:\/\/www.pogotowieflagowe.pl\/aktualne\/kamil-otowski-zdobywa-pierwsze-zloto-dla-polski-na-igrzyskach-paraolimpijskich-w-paryzu\/"]}]},{"@type":"ImageObject","inLanguage":"pl-PL","@id":"https:\/\/www.pogotowieflagowe.pl\/aktualne\/kamil-otowski-zdobywa-pierwsze-zloto-dla-polski-na-igrzyskach-paraolimpijskich-w-paryzu\/#primaryimage","url":"https:\/\/www.pogotowieflagowe.pl\/aktualne\/wp-content\/uploads\/2024\/08\/Kamil-Otowski-zdobywa-pierwsze-zloto-dla-Polski-na-Igrzyskach-Paraolimpijskich.jpeg","contentUrl":"https:\/\/www.pogotowieflagowe.pl\/aktualne\/wp-content\/uploads\/2024\/08\/Kamil-Otowski-zdobywa-pierwsze-zloto-dla-Polski-na-Igrzyskach-Paraolimpijskich.jpeg","width":560,"height":315,"caption":"Kamil Otowski zdobywa pierwsze z\u0142oto dla Polski na Igrzyskach Paraolimpijskich w Pary\u017cu"},{"@type":"BreadcrumbList","@id":"https:\/\/www.pogotowieflagowe.pl\/aktualne\/kamil-otowski-zdobywa-pierwsze-zloto-dla-polski-na-igrzyskach-paraolimpijskich-w-paryzu\/#breadcrumb","itemListElement":[{"@type":"ListItem","position":1,"name":"Home","item":"https:\/\/www.pogotowieflagowe.pl\/aktualne\/"},{"@type":"ListItem","position":2,"name":"Kamil Otowski zdobywa pierwsze z\u0142oto dla Polski na Igrzyskach Paraolimpijskich w Pary\u017cu"}]},{"@type":"WebSite","@id":"https:\/\/www.pogotowieflagowe.pl\/aktualne\/#website","url":"https:\/\/www.pogotowieflagowe.pl\/aktualne\/","name":"POGOTOWIE FLAGOWE\u00ae","description":"","publisher":{"@id":"https:\/\/www.pogotowieflagowe.pl\/aktualne\/#organization"},"potentialAction":[{"@type":"SearchAction","target":{"@type":"EntryPoint","urlTemplate":"https:\/\/www.pogotowieflagowe.pl\/aktualne\/?s={search_term_string}"},"query-input":"required name=search_term_string"}],"inLanguage":"pl-PL"},{"@type":"Organization","@id":"https:\/\/www.pogotowieflagowe.pl\/aktualne\/#organization","name":"POGOTOWIE FLAGOWE\u00ae","url":"https:\/\/www.pogotowieflagowe.pl\/aktualne\/","logo":{"@type":"ImageObject","inLanguage":"pl-PL","@id":"https:\/\/www.pogotowieflagowe.pl\/aktualne\/#\/schema\/logo\/image\/","url":"https:\/\/www.pogotowieflagowe.pl\/aktualne\/wp-content\/uploads\/2024\/08\/cropped-pogotowieflagowe_flaga_projekt_sm.jpg","contentUrl":"https:\/\/www.pogotowieflagowe.pl\/aktualne\/wp-content\/uploads\/2024\/08\/cropped-pogotowieflagowe_flaga_projekt_sm.jpg","width":250,"height":143,"caption":"POGOTOWIE FLAGOWE\u00ae"},"image":{"@id":"https:\/\/www.pogotowieflagowe.pl\/aktualne\/#\/schema\/logo\/image\/"}},{"@type":"Person","@id":"https:\/\/www.pogotowieflagowe.pl\/aktualne\/#\/schema\/person\/9c2fb7d2362ebf6fa088960d7f0d27b0","name":"Filip","image":{"@type":"ImageObject","inLanguage":"pl-PL","@id":"https:\/\/www.pogotowieflagowe.pl\/aktualne\/#\/schema\/person\/image\/","url":"https:\/\/www.pogotowieflagowe.pl\/aktualne\/wp-content\/uploads\/2024\/08\/pogotowieflagowe.pl_.jpg","contentUrl":"https:\/\/www.pogotowieflagowe.pl\/aktualne\/wp-content\/uploads\/2024\/08\/pogotowieflagowe.pl_.jpg","caption":"Filip"},"description":"Jestem Filip, polski dziennikarz z dyplomem nauk politycznych Uniwersytetu Warszawskiego. Rozpoczynaj\u0105c swoj\u0105 karier\u0119 w r\u00f3\u017cnych lokalnych mediach, zdoby\u0142em solidne do\u015bwiadczenie w zakresie \u015bledztwa i redakcji. Obecnie jako redaktor w Pogotowie flagowe, staram si\u0119 dostarcza\u0107 dog\u0142\u0119bne i istotne analizy na temat najwa\u017cniejszych kwestii aktualno\u015bci, \u0142\u0105cz\u0105c rygor z pasj\u0105 dziennikarsk\u0105.","sameAs":["https:\/\/www.pogotowieflagowe.pl\/"]}]}},"_links":{"self":[{"href":"https:\/\/www.pogotowieflagowe.pl\/aktualne\/wp-json\/wp\/v2\/posts\/372","targetHints":{"allow":["GET"]}}],"collection":[{"href":"https:\/\/www.pogotowieflagowe.pl\/aktualne\/wp-json\/wp\/v2\/posts"}],"about":[{"href":"https:\/\/www.pogotowieflagowe.pl\/aktualne\/wp-json\/wp\/v2\/types\/post"}],"author":[{"embeddable":true,"href":"https:\/\/www.pogotowieflagowe.pl\/aktualne\/wp-json\/wp\/v2\/users\/1"}],"replies":[{"embeddable":true,"href":"https:\/\/www.pogotowieflagowe.pl\/aktualne\/wp-json\/wp\/v2\/comments?post=372"}],"version-history":[{"count":1,"href":"https:\/\/www.pogotowieflagowe.pl\/aktualne\/wp-json\/wp\/v2\/posts\/372\/revisions"}],"predecessor-version":[{"id":374,"href":"https:\/\/www.pogotowieflagowe.pl\/aktualne\/wp-json\/wp\/v2\/posts\/372\/revisions\/374"}],"wp:featuredmedia":[{"embeddable":true,"href":"https:\/\/www.pogotowieflagowe.pl\/aktualne\/wp-json\/wp\/v2\/media\/373"}],"wp:attachment":[{"href":"https:\/\/www.pogotowieflagowe.pl\/aktualne\/wp-json\/wp\/v2\/media?parent=372"}],"wp:term":[{"taxonomy":"category","embeddable":true,"href":"https:\/\/www.pogotowieflagowe.pl\/aktualne\/wp-json\/wp\/v2\/categories?post=372"},{"taxonomy":"post_tag","embeddable":true,"href":"https:\/\/www.pogotowieflagowe.pl\/aktualne\/wp-json\/wp\/v2\/tags?post=372"}],"curies":[{"name":"wp","href":"https:\/\/api.w.org\/{rel}","templated":true}]}}