{"id":3724,"date":"2025-02-05T07:47:16","date_gmt":"2025-02-05T06:47:16","guid":{"rendered":"https:\/\/www.pogotowieflagowe.pl\/aktualne\/upadek-rafako-700-miejsc-pracy-na-krawedzi-gdy-odwazne-obietnice-tuska-zwracaja-sie-do-ciszy\/"},"modified":"2025-02-05T07:47:17","modified_gmt":"2025-02-05T06:47:17","slug":"upadek-rafako-700-miejsc-pracy-na-krawedzi-gdy-odwazne-obietnice-tuska-zwracaja-sie-do-ciszy","status":"publish","type":"post","link":"https:\/\/www.pogotowieflagowe.pl\/aktualne\/upadek-rafako-700-miejsc-pracy-na-krawedzi-gdy-odwazne-obietnice-tuska-zwracaja-sie-do-ciszy\/","title":{"rendered":"Upadek Rafako: 700 miejsc pracy na kraw\u0119dzi, gdy odwa\u017cne obietnice Tuska zwracaj\u0105 si\u0119 do ciszy"},"content":{"rendered":"\n<div class=\"td_block_wrap tdb_single_content tdi_41 td-pb-border-top td_block_template_8 td-post-content tagdiv-type\" data-td-block-uid=\"tdi_41\">\n<style>.tdi_41 {margin-top: 0px! Wa\u017cne; margines-bottom: 0px! WA\u017bNY; PALDING-TOP: 0PX! WA\u017bNY; PALDING-BOTTOM: 0PX! WA\u017bNE}<\/style>\n<style>.tdb_single_content {margin-bottom: 0;*zoom: 1} .tdb_single_content: wcze\u015bniej, .tdb_single_content: po {display: Table; content: ''; line-height: 0} .TDB-BLOCK-INner>*: nie (.WP-BLOCK-QUOTE): NOT (.Alignwide): not (.alignfull.wp-block-cover.has-parallax): not (.td-a-ad) {margin-left: auto; margin-right: auto} .tdb_single_content a {wska\u017anik-events: auto} .tdb_single_content .td-spot-id-top_ad .tdc-placeholder-title: przed {content: 'top ad'! Wa\u017cne} .tdb_single_content .td-spot-id-inline_ad0 .tdc-miejsce-title: przed {content: \u201eArtyku\u0142 inline AD 1 '! Wa\u017cne} .tdb_single_content. {content: 'Artyku\u0142 inline AD 2'! Wa\u017cny} .tdb_single_content .td-spot-inline_ad2 .tdc-miejsce-title: przed {content: 'Artyku\u0142 inline AD 3'! Wa\u017cny} .tdb_single_content .td-spot-id-id -Bottom_Ad .tdc-Placeholder-Title: przed {content: 'artyku\u0142 dolny ad'! Wa\u017cne} .tdb_single_content .id_top_ad, .tdb_single_content .id_bottom_ad {clear: obu; margin-bottom: 21px; text -align: Center} .tdb_single_content. id_top_ad IMG, .tdb_single_content .id_bottom_ad Img {margin-bottom: 0} .tdb_single_content .id_top_ad .adsbyGoogle, .tdb_single_content .id_bottom_ad .adsbyGoogle , .tdb_single_content .id_ad_content-horiz-right , .tdb_single_content .id_ad_content-horiz-Center {margin-bottom: 15px} .tdb_single_content .id_content-horiz-left Img, .tdb_single_content .id_ad_content-horiz-right Gin-Bottom: 0 { lewy; margine-top: 9px; margin-right: 21px} .tdb_single_content .id_ad_content-horiz-right {float: right; margin-top: 6px; margin-left: 21px} .tdb_single_content .tdc-a-ad .tdc--- Umak zast\u0119puj\u0105cy {szeroko\u015b\u0107: 300px; height: 250px} .tdb_single_content .tdc-a-ad .tdc-miejsce-title: przed {pozycja: Absolute; top: 50%;-WebKit-Transform: t\u0142umaczenie (-50%); Transform: Translatey (-50%); margines: auto; display: tabela; szeroko\u015b\u0107: 100%} > P, .tdi_41 .tdb-block-inner> p {font-size: 16px! Wa\u017cne; linia-height: 1.6! Wa\u017cne} .tdi_41 .tdb-block-inner blokote p {font-styl: Normal! Media (Max-Width: 767px) {. tdb_single_content .id_ad_content-horiz-left, .tdb_single_content .id_ad_content-horiz-right, .tdb_single_content .id_ad_content-horiz-center {margin: 0 auto 26px auto}}}@media (MAXID. : 767px) {. Tdb_single_content .id_ad_content-horiz-left {margin-right: 0}}@media (Max-Width: 767px) {. -Width: 767px) {. tdb_single_content .td-a-ad {float: none; text-align: Center} .tdb_single_content .td-a-ad img {margin-right: auto; margin-left: auto} .tdb_single_content. tdc-a-ad {float: none}}<\/style>\n<div class=\"tdb-block-inner td-fix-index\">\n<p>Do 28 lutego prawie 700 os\u00f3b w Rafako &#8211; dop\u00f3ki niedawno najwi\u0119ksze w Europie przedsi\u0119biorstwa produkuj\u0105ce kot\u0142y dla sektora energetycznego &#8211; straci prac\u0119. W ramach zwolnie\u0144 grupowych pracownicy mog\u0105 w najlepszym razie oczekiwa\u0107 odprawy p\u0142aconej w wysoko\u015bci trzykrotnie ich wynagrodzenia. Od grudnia ubieg\u0142ego roku ro\u015blina by\u0142a w stanie upad\u0142o\u015bci. Cz\u0142onkowie zwi\u0105zku wydali list otwarty do premiera Donalda Tuska, prosz\u0105c o pomoc. Jednak ju\u017c raz wypu\u015bci\u0142 mieszka\u0144c\u00f3w rasib\u00f3rrza.<\/p>\n<p>Jest teraz jesie\u0144 2023 r. Jednak po ponad roku rz\u0105d\u00f3w koalicji zwolnienia grupowe z 13 grudnia rozpocz\u0119\u0142y si\u0119 w Rafako, poniewa\u017c w grudniu ubieg\u0142ego roku s\u0105d rejonowy w GliWice og\u0142osi\u0142 bankrut w zak\u0142adach. Prawie 700 os\u00f3b straci prac\u0119 &#8211; praktycznie ca\u0142\u0105 si\u0142\u0119 robocz\u0105 firmy. Zwolnienia zostan\u0105 przeprowadzone do 28 lutego w tym roku, a okresy wypowiedzenia zako\u0144cz\u0105 si\u0119 nie p\u00f3\u017aniej ni\u017c 31 maja 2025 r. Pracownicy mog\u0105 oczekiwa\u0107, \u017ce odprawa p\u0142acowa do trzykrotnie ich miesi\u0119czna pensja &#8211; dotyczy to os\u00f3b, kt\u00f3re pracowali od ponad o\u015bmiu lat; Osoby zatrudnione od dw\u00f3ch do o\u015bmiu lat otrzymaj\u0105 podw\u00f3jne pensj\u0119; A osoby z mniej ni\u017c dwa lata s\u0142u\u017cby otrzymaj\u0105 miesi\u0119czny pensja jako odprawa. Powiernik upad\u0142o\u015bciowy nie zgodzi\u0142 si\u0119 na wy\u017csze p\u0142atno\u015bci z odprawami, chocia\u017c zwi\u0105zki o ich poprosi\u0142. Ponadto za nieca\u0142e sze\u015b\u0107 miesi\u0119cy akcje Rafako maj\u0105 zosta\u0107 wycofane z handlu gie\u0142d\u0105.<\/p>\n<p>Kwota odprawy jest regulowana przez przepisy dotycz\u0105ce zwolnie\u0144 grupowych, podobnie jak spos\u00f3b ich przeprowadzania. Powiernik stara si\u0119 zachowa\u0107 mo\u017cliwo\u015b\u0107 dalszego istnienia zak\u0142adu,<br \/>&#8211; Skomentowa\u0142 Jacek Balcer, dyrektor ds. Komunikacji korporacyjnej i rzecznik prasowy Rafako SA w upad\u0142o\u015bci, przemawiaj\u0105c do <em>Niezalezna.pl<\/em>.<\/p>\n<h3 class=\"wp-block-heading\">S\u0142aba sytuacja gospodarcza firmy<\/h3>\n<p>\u201eDecyzja o inicjowaniu zwolnie\u0144 grupowych wynika z z\u0142ej sytuacji gospodarczej firmy, orzeczenie s\u0105du uzasadniaj\u0105ce bankructwo, konieczno\u015b\u0107 likwidacji zak\u0142adu &#8211; w tym eliminowanie pozycji &#8211; oraz obecnie ustalonego braku jakiegokolwiek alternatywnego \u015brodk\u00f3w dla firmy do prowadzenia dzia\u0142alno\u015bci gospodarczej lub wykorzystania dzia\u0142alno\u015bci gospodarczej lub wykorzystania dzia\u0142alno\u015bci gospodarczej lub wykorzystania dzia\u0142alno\u015bci gospodarczej lub wykorzystania firmy Jego zasoby \u201d &#8211; w bie\u017c\u0105cym raporcie Wojciech Zymek, prawnik i powiernik upad\u0142o\u015bciowy dla Rafako.<\/p>\n<p>Rafako, najwi\u0119kszy w Europie producent kot\u0142\u00f3w na energi\u0119 w\u0119glow\u0105, jest r\u00f3wnie\u017c najwi\u0119kszym pracodawc\u0105 w Racieb\u00f3rz-mie\u015bcie 50 000 mieszka\u0144c\u00f3w.<\/p>\n<p>Cz\u0142onkowie Unii wci\u0105\u017c wierz\u0105 w premiera Donalda Tuska. Uwa\u017caj\u0105, \u017ce jeszcze nie jest za p\u00f3\u017ano. W ubieg\u0142ym tygodniu Marek Langer, Marek Tylka i Wies\u0142aw Olezowski, szefowie zwi\u0105zk\u00f3w zawodowych Rafako, wydali do premiera list otwarty, wzywaj\u0105c go do uratowania zak\u0142adu. Dokument zosta\u0142 r\u00f3wnie\u017c podpisany przez burmistrza Racib\u00f3rrza, Jaceka Wojciechowicza (z PO), by\u0142ego zast\u0119pcy Hanny Gronkiewicz-Waltz (by\u0142ego burmistrza Warszawy) oraz szefa hrabstwa Racib\u00f3rz Grzegorz Swoboda. Wzywaj\u0105 do szybkiej odpowiedzi agencji ds. Rozwoju przemys\u0142owego, kt\u00f3ra jest podporz\u0105dkowana Ministerstwu Aktywa pa\u0144stwowego (MAP) i jest w\u0142a\u015bcicielem wi\u0119kszo\u015bci akcji sp\u00f3\u0142ki. To ta sama agencja, kt\u00f3rej prezydent zosta\u0142 oddalony po raportach <em>Niezalezna.pl<\/em> o naruszeniach prawa antykorupcyjnego.<\/p>\n<h3 class=\"wp-block-heading\">O\u015blepianie oczu opinii publicznej<\/h3>\n<p>Poprosili\u015bmy Micha\u0142 Wob\u015ba, cz\u0142onka Partii Prawa i Sprawiedliwo\u015bci z Racib\u00f3rz &#8211; i, mi\u0119dzy innymi, ministra w pierwszym i drugim rz\u0105dzie Mateusza Morawickiego &#8211; o jego komentarze na temat sytuacji w Rafako.<\/p>\n<p>\u201eRafako jest zakorzeniony w DNA mieszka\u0144c\u00f3w racib\u00f3rrza. Nie ma tu osoby, kt\u00f3ra nie ma kogo\u015b w swojej rodzinie &#8211; rodzic\u00f3w, wujk\u00f3w, kuzyn\u00f3w &#8211; powi\u0105zanych z tym. Rafako prze\u017cy\u0142 transformacj\u0119 pod Balcerowiczem. Nie przetrwa\u0142 roku rz\u0105du Donalda Tuska i koalicji z 13 grudnia &#8211; koalicji pana Ha\u0142owii, Kosiniak i Czarze. Podczas kampanii 2023 Donald Tusk by\u0142 tutaj; Napisa\u0142 s\u0142ynne has\u0142o na platformie X: \u201eMateusz, przesu\u0144 d\u017awigni\u0119\u201d. Teraz s\u0142yszymy: \u201eDonald, przesu\u0144 d\u017awigni\u0119\u201d\u2026 \u201d<br \/>&#8211; Micha\u0142 Wo\u015b m\u00f3wi Niezale\u017cna.<\/p>\n<p>&#8222;Pan. Tusk powiedzia\u0142 r\u00f3wnie\u017c w tym czasie, \u017ce nie m\u00f3g\u0142 sobie wyobrazi\u0107 \u201edu\u017cej, prywatnej firmy zrujnowanej przez decyzje innych du\u017cych pa\u0144stwowych firm skarbowych\u201d. To s\u0105 jego s\u0142owa &#8211; zaplasowuj\u0105 oczy opinii publicznej. Ale jak wygl\u0105da rzeczywisto\u015b\u0107? Bezpo\u015bredni\u0105 przyczyn\u0105 zg\u0142oszenia upad\u0142o\u015bci Rafako by\u0142a wniosek z\u0142o\u017cony przez JSW Koks, pa\u0144stwow\u0105 sp\u00f3\u0142k\u0119 skarbow\u0105 dzia\u0142aj\u0105c\u0105 w JSW. \u201d<\/p>\n<h3 class=\"wp-block-heading\">\u201eFat Cat\u201d platformy<\/h3>\n<p>Wed\u0142ug WO\u015b wniosek zosta\u0142 z\u0142o\u017cony przez nominowanego do platformy obywatelskiej-tak zwanego \u201eFat Pussycat\u201d partii-Joanna Schmid.<\/p>\n<p>\u201eMieszka\u0144cy Racib\u00f3rz pokazuj\u0105 zdj\u0119cia pani Schmida z wieczoru wyborczego 15 pa\u017adziernika 2023 r., Kiedy \u015bwi\u0119towa\u0142a zwyci\u0119stwo Donalda Tuska z innymi, na przyk\u0142ad z panem Sa\u0142ug\u0105, kt\u00f3ry jest dzi\u015b marsza\u0142kiem g\u0119sto\u015bci heizyjskiej. Donald Tusk nie by\u0142 daleko; M\u00f3g\u0142 zadzwoni\u0107 do nominowanego do partii i powiedzia\u0142, \u017ce nie mo\u017ce sobie wyobrazi\u0107 du\u017cej pa\u0144stwowej firmy skarbowej powoduj\u0105ca upadek Rafako \u201d &#8211; dodaje.<\/p>\n<p>W opinii WO\u015b nie przypadek nie przypadek, \u017ce du\u017ce firmy wybra\u0142y Rafako na ogromne projekty, kt\u00f3re technicznie przekroczy\u0142y mo\u017cliwo\u015bci przedsi\u0119biorstwa &#8211; po raz pierwszy projekt opole, kt\u00f3ry skutecznie przekazano niemieckiej firmie, a p\u00f3\u017aniej s\u0142ynny projekt Jaworzno II dla dla Tauron, kt\u00f3ry wci\u0105gn\u0105\u0142 Rafako. W tym czasie banki pa\u0144stwowe zorganizowa\u0142y lini\u0119 kredytow\u0105 dla firmy racib\u00f3rz, a PKO Bank Polski w\u015br\u00f3d po\u017cyczkodawc\u00f3w.<\/p>\n<h3 class=\"wp-block-heading\">Teraz jest upadek zielonej umowy<\/h3>\n<p>W dzisiejszych czasach Rafako otrzyma\u0142 pomoc publiczn\u0105 w wysoko\u015bci 100 milion\u00f3w PLN, a polski fundusz rozwoju naby\u0142 prawie 10 procent akcji Rafako. Dokonano tego dok\u0142adnie tak, aby pa\u0144stwo wiedzia\u0142o, co dzia\u0142o si\u0119 na podstawie um\u00f3w. Donald Tusk oszuka\u0142 zar\u00f3wno \u201elud Rafako\u201d, jak i mieszka\u0144c\u00f3w Racib\u00f3rz. Teraz zarz\u0105dzanie Rafako zosta\u0142o przej\u0119te przez powiernika upad\u0142o\u015bciowego, kt\u00f3ry udzieli\u0142 kilku wywiad\u00f3w stwierdzaj\u0105cych, \u017ce szuka kogo\u015b, kto kupi\u0142by w ca\u0142o\u015bci ro\u015blin\u0119, albo przynajmniej wynaj\u0119\u0107 jej cz\u0119\u015b\u0107, aby zachowa\u0107 ten istotny aktyw\u00f3w. Ka\u017cda okr\u0119gowa instalacja grzewcza i elektrownia w Polsce, kt\u00f3ra wykorzystuje 200-tonowe kot\u0142y, dostaje je produkowane w racib\u00f3rz. Rafako to klejnot w koronie polskiej energii, u szczytu zatrudniaj\u0105cego prawie 10 000 os\u00f3b. Sprowadzenie Rafako do bankructwa to symboliczny akt rz\u0105du Donalda Tuska. Wystarczy spojrze\u0107: w ca\u0142ej Polsce wzrost zwolnie\u0144 grupowych-czy to w GliWice lub Bielsko-Biala. Wynika to bezpo\u015brednio z zielonej umowy i pomys\u0142\u00f3w Europejskiej Partii Ludowej (EPP). Teraz Donald Tusk twierdzi, \u017ce nie ma z tym nic wsp\u00f3lnego. Jak mo\u017ce twierdzi\u0107, \u017ce stoj\u0105c obok pana Webera, szefa EPP? Pan Weber wielokrotnie stwierdzi\u0142, \u017ce EPP jest parti\u0105 zielonej umowy, wynalezionej przez pani\u0105 von der Leyen, szef Komisji Europejskiej. S\u0105 jedn\u0105 i t\u0105 sam\u0105 grup\u0105 ludzi \u201d &#8211; dodaje MP Wo\u015b.<\/p>\n<\/div>\n<\/div>\n","protected":false},"excerpt":{"rendered":"<p>Do 28 lutego prawie 700 os\u00f3b w Rafako &#8211; dop\u00f3ki niedawno najwi\u0119ksze w Europie przedsi\u0119biorstwa produkuj\u0105ce kot\u0142y dla sektora energetycznego<\/p>\n","protected":false},"author":1,"featured_media":3725,"comment_status":"closed","ping_status":"","sticky":false,"template":"","format":"standard","meta":{"footnotes":""},"categories":[45],"tags":[5271,2503,4729,967,2006,3132,968,5269,150,567,3623,5270],"class_list":["post-3724","post","type-post","status-publish","format-standard","has-post-thumbnail","hentry","category-biznes","tag-ciszy","tag-gdy","tag-krawedzi","tag-miejsc","tag-obietnice","tag-odwazne","tag-pracy","tag-rafako","tag-sie","tag-tuska","tag-upadek","tag-zwracaja","generate-columns","tablet-grid-50","mobile-grid-100","grid-parent","grid-50","resize-featured-image"],"yoast_head":"<!-- This site is optimized with the Yoast SEO plugin v23.2 - https:\/\/yoast.com\/wordpress\/plugins\/seo\/ -->\n<title>Upadek Rafako: 700 miejsc pracy na kraw\u0119dzi, gdy odwa\u017cne obietnice Tuska zwracaj\u0105 si\u0119 do ciszy - POGOTOWIE FLAGOWE\u00ae<\/title>\n<meta name=\"robots\" content=\"index, follow, max-snippet:-1, max-image-preview:large, max-video-preview:-1\" \/>\n<link rel=\"canonical\" href=\"https:\/\/www.pogotowieflagowe.pl\/aktualne\/upadek-rafako-700-miejsc-pracy-na-krawedzi-gdy-odwazne-obietnice-tuska-zwracaja-sie-do-ciszy\/\" \/>\n<meta property=\"og:locale\" content=\"pl_PL\" \/>\n<meta property=\"og:type\" content=\"article\" \/>\n<meta property=\"og:title\" content=\"Upadek Rafako: 700 miejsc pracy na kraw\u0119dzi, gdy odwa\u017cne obietnice Tuska zwracaj\u0105 si\u0119 do ciszy - POGOTOWIE FLAGOWE\u00ae\" \/>\n<meta property=\"og:description\" content=\"Do 28 lutego prawie 700 os\u00f3b w Rafako &#8211; dop\u00f3ki niedawno najwi\u0119ksze w Europie przedsi\u0119biorstwa produkuj\u0105ce kot\u0142y dla sektora energetycznego\" \/>\n<meta property=\"og:url\" content=\"https:\/\/www.pogotowieflagowe.pl\/aktualne\/upadek-rafako-700-miejsc-pracy-na-krawedzi-gdy-odwazne-obietnice-tuska-zwracaja-sie-do-ciszy\/\" \/>\n<meta property=\"og:site_name\" content=\"POGOTOWIE FLAGOWE\u00ae\" \/>\n<meta property=\"article:published_time\" content=\"2025-02-05T06:47:16+00:00\" \/>\n<meta property=\"article:modified_time\" content=\"2025-02-05T06:47:17+00:00\" \/>\n<meta property=\"og:image\" content=\"https:\/\/www.pogotowieflagowe.pl\/aktualne\/wp-content\/uploads\/2025\/02\/Upadek-Rafako-700-miejsc-pracy-na-krawedzi-gdy-odwazne-obietnice.jpg\" \/>\n\t<meta property=\"og:image:width\" content=\"750\" \/>\n\t<meta property=\"og:image:height\" content=\"425\" \/>\n\t<meta property=\"og:image:type\" content=\"image\/jpeg\" \/>\n<meta name=\"author\" content=\"Filip\" \/>\n<meta name=\"twitter:card\" content=\"summary_large_image\" \/>\n<meta name=\"twitter:label1\" content=\"Napisane przez\" \/>\n\t<meta name=\"twitter:data1\" content=\"Filip\" \/>\n\t<meta name=\"twitter:label2\" content=\"Szacowany czas czytania\" \/>\n\t<meta name=\"twitter:data2\" content=\"6 minut\" \/>\n<script type=\"application\/ld+json\" class=\"yoast-schema-graph\">{\"@context\":\"https:\/\/schema.org\",\"@graph\":[{\"@type\":\"Article\",\"@id\":\"https:\/\/www.pogotowieflagowe.pl\/aktualne\/upadek-rafako-700-miejsc-pracy-na-krawedzi-gdy-odwazne-obietnice-tuska-zwracaja-sie-do-ciszy\/#article\",\"isPartOf\":{\"@id\":\"https:\/\/www.pogotowieflagowe.pl\/aktualne\/upadek-rafako-700-miejsc-pracy-na-krawedzi-gdy-odwazne-obietnice-tuska-zwracaja-sie-do-ciszy\/\"},\"author\":{\"name\":\"Filip\",\"@id\":\"https:\/\/www.pogotowieflagowe.pl\/aktualne\/#\/schema\/person\/9c2fb7d2362ebf6fa088960d7f0d27b0\"},\"headline\":\"Upadek Rafako: 700 miejsc pracy na kraw\u0119dzi, gdy odwa\u017cne obietnice Tuska zwracaj\u0105 si\u0119 do ciszy\",\"datePublished\":\"2025-02-05T06:47:16+00:00\",\"dateModified\":\"2025-02-05T06:47:17+00:00\",\"mainEntityOfPage\":{\"@id\":\"https:\/\/www.pogotowieflagowe.pl\/aktualne\/upadek-rafako-700-miejsc-pracy-na-krawedzi-gdy-odwazne-obietnice-tuska-zwracaja-sie-do-ciszy\/\"},\"wordCount\":1158,\"publisher\":{\"@id\":\"https:\/\/www.pogotowieflagowe.pl\/aktualne\/#organization\"},\"image\":{\"@id\":\"https:\/\/www.pogotowieflagowe.pl\/aktualne\/upadek-rafako-700-miejsc-pracy-na-krawedzi-gdy-odwazne-obietnice-tuska-zwracaja-sie-do-ciszy\/#primaryimage\"},\"thumbnailUrl\":\"https:\/\/www.pogotowieflagowe.pl\/aktualne\/wp-content\/uploads\/2025\/02\/Upadek-Rafako-700-miejsc-pracy-na-krawedzi-gdy-odwazne-obietnice.jpg\",\"keywords\":[\"ciszy\",\"gdy\",\"kraw\u0119dzi\",\"miejsc\",\"obietnice\",\"Odwa\u017cne\",\"pracy\",\"Rafako\",\"si\u0119\",\"Tuska\",\"Upadek\",\"zwracaj\u0105\"],\"articleSection\":[\"Biznes\"],\"inLanguage\":\"pl-PL\"},{\"@type\":\"WebPage\",\"@id\":\"https:\/\/www.pogotowieflagowe.pl\/aktualne\/upadek-rafako-700-miejsc-pracy-na-krawedzi-gdy-odwazne-obietnice-tuska-zwracaja-sie-do-ciszy\/\",\"url\":\"https:\/\/www.pogotowieflagowe.pl\/aktualne\/upadek-rafako-700-miejsc-pracy-na-krawedzi-gdy-odwazne-obietnice-tuska-zwracaja-sie-do-ciszy\/\",\"name\":\"Upadek Rafako: 700 miejsc pracy na kraw\u0119dzi, gdy odwa\u017cne obietnice Tuska zwracaj\u0105 si\u0119 do ciszy - POGOTOWIE FLAGOWE\u00ae\",\"isPartOf\":{\"@id\":\"https:\/\/www.pogotowieflagowe.pl\/aktualne\/#website\"},\"primaryImageOfPage\":{\"@id\":\"https:\/\/www.pogotowieflagowe.pl\/aktualne\/upadek-rafako-700-miejsc-pracy-na-krawedzi-gdy-odwazne-obietnice-tuska-zwracaja-sie-do-ciszy\/#primaryimage\"},\"image\":{\"@id\":\"https:\/\/www.pogotowieflagowe.pl\/aktualne\/upadek-rafako-700-miejsc-pracy-na-krawedzi-gdy-odwazne-obietnice-tuska-zwracaja-sie-do-ciszy\/#primaryimage\"},\"thumbnailUrl\":\"https:\/\/www.pogotowieflagowe.pl\/aktualne\/wp-content\/uploads\/2025\/02\/Upadek-Rafako-700-miejsc-pracy-na-krawedzi-gdy-odwazne-obietnice.jpg\",\"datePublished\":\"2025-02-05T06:47:16+00:00\",\"dateModified\":\"2025-02-05T06:47:17+00:00\",\"breadcrumb\":{\"@id\":\"https:\/\/www.pogotowieflagowe.pl\/aktualne\/upadek-rafako-700-miejsc-pracy-na-krawedzi-gdy-odwazne-obietnice-tuska-zwracaja-sie-do-ciszy\/#breadcrumb\"},\"inLanguage\":\"pl-PL\",\"potentialAction\":[{\"@type\":\"ReadAction\",\"target\":[\"https:\/\/www.pogotowieflagowe.pl\/aktualne\/upadek-rafako-700-miejsc-pracy-na-krawedzi-gdy-odwazne-obietnice-tuska-zwracaja-sie-do-ciszy\/\"]}]},{\"@type\":\"ImageObject\",\"inLanguage\":\"pl-PL\",\"@id\":\"https:\/\/www.pogotowieflagowe.pl\/aktualne\/upadek-rafako-700-miejsc-pracy-na-krawedzi-gdy-odwazne-obietnice-tuska-zwracaja-sie-do-ciszy\/#primaryimage\",\"url\":\"https:\/\/www.pogotowieflagowe.pl\/aktualne\/wp-content\/uploads\/2025\/02\/Upadek-Rafako-700-miejsc-pracy-na-krawedzi-gdy-odwazne-obietnice.jpg\",\"contentUrl\":\"https:\/\/www.pogotowieflagowe.pl\/aktualne\/wp-content\/uploads\/2025\/02\/Upadek-Rafako-700-miejsc-pracy-na-krawedzi-gdy-odwazne-obietnice.jpg\",\"width\":750,\"height\":425,\"caption\":\"Upadek Rafako: 700 miejsc pracy na kraw\u0119dzi, gdy odwa\u017cne obietnice Tuska zwracaj\u0105 si\u0119 do ciszy\"},{\"@type\":\"BreadcrumbList\",\"@id\":\"https:\/\/www.pogotowieflagowe.pl\/aktualne\/upadek-rafako-700-miejsc-pracy-na-krawedzi-gdy-odwazne-obietnice-tuska-zwracaja-sie-do-ciszy\/#breadcrumb\",\"itemListElement\":[{\"@type\":\"ListItem\",\"position\":1,\"name\":\"Home\",\"item\":\"https:\/\/www.pogotowieflagowe.pl\/aktualne\/\"},{\"@type\":\"ListItem\",\"position\":2,\"name\":\"Upadek Rafako: 700 miejsc pracy na kraw\u0119dzi, gdy odwa\u017cne obietnice Tuska zwracaj\u0105 si\u0119 do ciszy\"}]},{\"@type\":\"WebSite\",\"@id\":\"https:\/\/www.pogotowieflagowe.pl\/aktualne\/#website\",\"url\":\"https:\/\/www.pogotowieflagowe.pl\/aktualne\/\",\"name\":\"POGOTOWIE FLAGOWE\u00ae\",\"description\":\"\",\"publisher\":{\"@id\":\"https:\/\/www.pogotowieflagowe.pl\/aktualne\/#organization\"},\"potentialAction\":[{\"@type\":\"SearchAction\",\"target\":{\"@type\":\"EntryPoint\",\"urlTemplate\":\"https:\/\/www.pogotowieflagowe.pl\/aktualne\/?s={search_term_string}\"},\"query-input\":\"required name=search_term_string\"}],\"inLanguage\":\"pl-PL\"},{\"@type\":\"Organization\",\"@id\":\"https:\/\/www.pogotowieflagowe.pl\/aktualne\/#organization\",\"name\":\"POGOTOWIE FLAGOWE\u00ae\",\"url\":\"https:\/\/www.pogotowieflagowe.pl\/aktualne\/\",\"logo\":{\"@type\":\"ImageObject\",\"inLanguage\":\"pl-PL\",\"@id\":\"https:\/\/www.pogotowieflagowe.pl\/aktualne\/#\/schema\/logo\/image\/\",\"url\":\"https:\/\/www.pogotowieflagowe.pl\/aktualne\/wp-content\/uploads\/2024\/08\/cropped-pogotowieflagowe_flaga_projekt_sm.jpg\",\"contentUrl\":\"https:\/\/www.pogotowieflagowe.pl\/aktualne\/wp-content\/uploads\/2024\/08\/cropped-pogotowieflagowe_flaga_projekt_sm.jpg\",\"width\":250,\"height\":143,\"caption\":\"POGOTOWIE FLAGOWE\u00ae\"},\"image\":{\"@id\":\"https:\/\/www.pogotowieflagowe.pl\/aktualne\/#\/schema\/logo\/image\/\"}},{\"@type\":\"Person\",\"@id\":\"https:\/\/www.pogotowieflagowe.pl\/aktualne\/#\/schema\/person\/9c2fb7d2362ebf6fa088960d7f0d27b0\",\"name\":\"Filip\",\"image\":{\"@type\":\"ImageObject\",\"inLanguage\":\"pl-PL\",\"@id\":\"https:\/\/www.pogotowieflagowe.pl\/aktualne\/#\/schema\/person\/image\/\",\"url\":\"https:\/\/www.pogotowieflagowe.pl\/aktualne\/wp-content\/uploads\/2024\/08\/pogotowieflagowe.pl_.jpg\",\"contentUrl\":\"https:\/\/www.pogotowieflagowe.pl\/aktualne\/wp-content\/uploads\/2024\/08\/pogotowieflagowe.pl_.jpg\",\"caption\":\"Filip\"},\"description\":\"Jestem Filip, polski dziennikarz z dyplomem nauk politycznych Uniwersytetu Warszawskiego. Rozpoczynaj\u0105c swoj\u0105 karier\u0119 w r\u00f3\u017cnych lokalnych mediach, zdoby\u0142em solidne do\u015bwiadczenie w zakresie \u015bledztwa i redakcji. Obecnie jako redaktor w Pogotowie flagowe, staram si\u0119 dostarcza\u0107 dog\u0142\u0119bne i istotne analizy na temat najwa\u017cniejszych kwestii aktualno\u015bci, \u0142\u0105cz\u0105c rygor z pasj\u0105 dziennikarsk\u0105.\",\"sameAs\":[\"https:\/\/www.pogotowieflagowe.pl\/\"]}]}<\/script>\n<!-- \/ Yoast SEO plugin. -->","yoast_head_json":{"title":"Upadek Rafako: 700 miejsc pracy na kraw\u0119dzi, gdy odwa\u017cne obietnice Tuska zwracaj\u0105 si\u0119 do ciszy - POGOTOWIE FLAGOWE\u00ae","robots":{"index":"index","follow":"follow","max-snippet":"max-snippet:-1","max-image-preview":"max-image-preview:large","max-video-preview":"max-video-preview:-1"},"canonical":"https:\/\/www.pogotowieflagowe.pl\/aktualne\/upadek-rafako-700-miejsc-pracy-na-krawedzi-gdy-odwazne-obietnice-tuska-zwracaja-sie-do-ciszy\/","og_locale":"pl_PL","og_type":"article","og_title":"Upadek Rafako: 700 miejsc pracy na kraw\u0119dzi, gdy odwa\u017cne obietnice Tuska zwracaj\u0105 si\u0119 do ciszy - POGOTOWIE FLAGOWE\u00ae","og_description":"Do 28 lutego prawie 700 os\u00f3b w Rafako &#8211; dop\u00f3ki niedawno najwi\u0119ksze w Europie przedsi\u0119biorstwa produkuj\u0105ce kot\u0142y dla sektora energetycznego","og_url":"https:\/\/www.pogotowieflagowe.pl\/aktualne\/upadek-rafako-700-miejsc-pracy-na-krawedzi-gdy-odwazne-obietnice-tuska-zwracaja-sie-do-ciszy\/","og_site_name":"POGOTOWIE FLAGOWE\u00ae","article_published_time":"2025-02-05T06:47:16+00:00","article_modified_time":"2025-02-05T06:47:17+00:00","og_image":[{"width":750,"height":425,"url":"https:\/\/www.pogotowieflagowe.pl\/aktualne\/wp-content\/uploads\/2025\/02\/Upadek-Rafako-700-miejsc-pracy-na-krawedzi-gdy-odwazne-obietnice.jpg","type":"image\/jpeg"}],"author":"Filip","twitter_card":"summary_large_image","twitter_misc":{"Napisane przez":"Filip","Szacowany czas czytania":"6 minut"},"schema":{"@context":"https:\/\/schema.org","@graph":[{"@type":"Article","@id":"https:\/\/www.pogotowieflagowe.pl\/aktualne\/upadek-rafako-700-miejsc-pracy-na-krawedzi-gdy-odwazne-obietnice-tuska-zwracaja-sie-do-ciszy\/#article","isPartOf":{"@id":"https:\/\/www.pogotowieflagowe.pl\/aktualne\/upadek-rafako-700-miejsc-pracy-na-krawedzi-gdy-odwazne-obietnice-tuska-zwracaja-sie-do-ciszy\/"},"author":{"name":"Filip","@id":"https:\/\/www.pogotowieflagowe.pl\/aktualne\/#\/schema\/person\/9c2fb7d2362ebf6fa088960d7f0d27b0"},"headline":"Upadek Rafako: 700 miejsc pracy na kraw\u0119dzi, gdy odwa\u017cne obietnice Tuska zwracaj\u0105 si\u0119 do ciszy","datePublished":"2025-02-05T06:47:16+00:00","dateModified":"2025-02-05T06:47:17+00:00","mainEntityOfPage":{"@id":"https:\/\/www.pogotowieflagowe.pl\/aktualne\/upadek-rafako-700-miejsc-pracy-na-krawedzi-gdy-odwazne-obietnice-tuska-zwracaja-sie-do-ciszy\/"},"wordCount":1158,"publisher":{"@id":"https:\/\/www.pogotowieflagowe.pl\/aktualne\/#organization"},"image":{"@id":"https:\/\/www.pogotowieflagowe.pl\/aktualne\/upadek-rafako-700-miejsc-pracy-na-krawedzi-gdy-odwazne-obietnice-tuska-zwracaja-sie-do-ciszy\/#primaryimage"},"thumbnailUrl":"https:\/\/www.pogotowieflagowe.pl\/aktualne\/wp-content\/uploads\/2025\/02\/Upadek-Rafako-700-miejsc-pracy-na-krawedzi-gdy-odwazne-obietnice.jpg","keywords":["ciszy","gdy","kraw\u0119dzi","miejsc","obietnice","Odwa\u017cne","pracy","Rafako","si\u0119","Tuska","Upadek","zwracaj\u0105"],"articleSection":["Biznes"],"inLanguage":"pl-PL"},{"@type":"WebPage","@id":"https:\/\/www.pogotowieflagowe.pl\/aktualne\/upadek-rafako-700-miejsc-pracy-na-krawedzi-gdy-odwazne-obietnice-tuska-zwracaja-sie-do-ciszy\/","url":"https:\/\/www.pogotowieflagowe.pl\/aktualne\/upadek-rafako-700-miejsc-pracy-na-krawedzi-gdy-odwazne-obietnice-tuska-zwracaja-sie-do-ciszy\/","name":"Upadek Rafako: 700 miejsc pracy na kraw\u0119dzi, gdy odwa\u017cne obietnice Tuska zwracaj\u0105 si\u0119 do ciszy - POGOTOWIE FLAGOWE\u00ae","isPartOf":{"@id":"https:\/\/www.pogotowieflagowe.pl\/aktualne\/#website"},"primaryImageOfPage":{"@id":"https:\/\/www.pogotowieflagowe.pl\/aktualne\/upadek-rafako-700-miejsc-pracy-na-krawedzi-gdy-odwazne-obietnice-tuska-zwracaja-sie-do-ciszy\/#primaryimage"},"image":{"@id":"https:\/\/www.pogotowieflagowe.pl\/aktualne\/upadek-rafako-700-miejsc-pracy-na-krawedzi-gdy-odwazne-obietnice-tuska-zwracaja-sie-do-ciszy\/#primaryimage"},"thumbnailUrl":"https:\/\/www.pogotowieflagowe.pl\/aktualne\/wp-content\/uploads\/2025\/02\/Upadek-Rafako-700-miejsc-pracy-na-krawedzi-gdy-odwazne-obietnice.jpg","datePublished":"2025-02-05T06:47:16+00:00","dateModified":"2025-02-05T06:47:17+00:00","breadcrumb":{"@id":"https:\/\/www.pogotowieflagowe.pl\/aktualne\/upadek-rafako-700-miejsc-pracy-na-krawedzi-gdy-odwazne-obietnice-tuska-zwracaja-sie-do-ciszy\/#breadcrumb"},"inLanguage":"pl-PL","potentialAction":[{"@type":"ReadAction","target":["https:\/\/www.pogotowieflagowe.pl\/aktualne\/upadek-rafako-700-miejsc-pracy-na-krawedzi-gdy-odwazne-obietnice-tuska-zwracaja-sie-do-ciszy\/"]}]},{"@type":"ImageObject","inLanguage":"pl-PL","@id":"https:\/\/www.pogotowieflagowe.pl\/aktualne\/upadek-rafako-700-miejsc-pracy-na-krawedzi-gdy-odwazne-obietnice-tuska-zwracaja-sie-do-ciszy\/#primaryimage","url":"https:\/\/www.pogotowieflagowe.pl\/aktualne\/wp-content\/uploads\/2025\/02\/Upadek-Rafako-700-miejsc-pracy-na-krawedzi-gdy-odwazne-obietnice.jpg","contentUrl":"https:\/\/www.pogotowieflagowe.pl\/aktualne\/wp-content\/uploads\/2025\/02\/Upadek-Rafako-700-miejsc-pracy-na-krawedzi-gdy-odwazne-obietnice.jpg","width":750,"height":425,"caption":"Upadek Rafako: 700 miejsc pracy na kraw\u0119dzi, gdy odwa\u017cne obietnice Tuska zwracaj\u0105 si\u0119 do ciszy"},{"@type":"BreadcrumbList","@id":"https:\/\/www.pogotowieflagowe.pl\/aktualne\/upadek-rafako-700-miejsc-pracy-na-krawedzi-gdy-odwazne-obietnice-tuska-zwracaja-sie-do-ciszy\/#breadcrumb","itemListElement":[{"@type":"ListItem","position":1,"name":"Home","item":"https:\/\/www.pogotowieflagowe.pl\/aktualne\/"},{"@type":"ListItem","position":2,"name":"Upadek Rafako: 700 miejsc pracy na kraw\u0119dzi, gdy odwa\u017cne obietnice Tuska zwracaj\u0105 si\u0119 do ciszy"}]},{"@type":"WebSite","@id":"https:\/\/www.pogotowieflagowe.pl\/aktualne\/#website","url":"https:\/\/www.pogotowieflagowe.pl\/aktualne\/","name":"POGOTOWIE FLAGOWE\u00ae","description":"","publisher":{"@id":"https:\/\/www.pogotowieflagowe.pl\/aktualne\/#organization"},"potentialAction":[{"@type":"SearchAction","target":{"@type":"EntryPoint","urlTemplate":"https:\/\/www.pogotowieflagowe.pl\/aktualne\/?s={search_term_string}"},"query-input":"required name=search_term_string"}],"inLanguage":"pl-PL"},{"@type":"Organization","@id":"https:\/\/www.pogotowieflagowe.pl\/aktualne\/#organization","name":"POGOTOWIE FLAGOWE\u00ae","url":"https:\/\/www.pogotowieflagowe.pl\/aktualne\/","logo":{"@type":"ImageObject","inLanguage":"pl-PL","@id":"https:\/\/www.pogotowieflagowe.pl\/aktualne\/#\/schema\/logo\/image\/","url":"https:\/\/www.pogotowieflagowe.pl\/aktualne\/wp-content\/uploads\/2024\/08\/cropped-pogotowieflagowe_flaga_projekt_sm.jpg","contentUrl":"https:\/\/www.pogotowieflagowe.pl\/aktualne\/wp-content\/uploads\/2024\/08\/cropped-pogotowieflagowe_flaga_projekt_sm.jpg","width":250,"height":143,"caption":"POGOTOWIE FLAGOWE\u00ae"},"image":{"@id":"https:\/\/www.pogotowieflagowe.pl\/aktualne\/#\/schema\/logo\/image\/"}},{"@type":"Person","@id":"https:\/\/www.pogotowieflagowe.pl\/aktualne\/#\/schema\/person\/9c2fb7d2362ebf6fa088960d7f0d27b0","name":"Filip","image":{"@type":"ImageObject","inLanguage":"pl-PL","@id":"https:\/\/www.pogotowieflagowe.pl\/aktualne\/#\/schema\/person\/image\/","url":"https:\/\/www.pogotowieflagowe.pl\/aktualne\/wp-content\/uploads\/2024\/08\/pogotowieflagowe.pl_.jpg","contentUrl":"https:\/\/www.pogotowieflagowe.pl\/aktualne\/wp-content\/uploads\/2024\/08\/pogotowieflagowe.pl_.jpg","caption":"Filip"},"description":"Jestem Filip, polski dziennikarz z dyplomem nauk politycznych Uniwersytetu Warszawskiego. Rozpoczynaj\u0105c swoj\u0105 karier\u0119 w r\u00f3\u017cnych lokalnych mediach, zdoby\u0142em solidne do\u015bwiadczenie w zakresie \u015bledztwa i redakcji. Obecnie jako redaktor w Pogotowie flagowe, staram si\u0119 dostarcza\u0107 dog\u0142\u0119bne i istotne analizy na temat najwa\u017cniejszych kwestii aktualno\u015bci, \u0142\u0105cz\u0105c rygor z pasj\u0105 dziennikarsk\u0105.","sameAs":["https:\/\/www.pogotowieflagowe.pl\/"]}]}},"_links":{"self":[{"href":"https:\/\/www.pogotowieflagowe.pl\/aktualne\/wp-json\/wp\/v2\/posts\/3724","targetHints":{"allow":["GET"]}}],"collection":[{"href":"https:\/\/www.pogotowieflagowe.pl\/aktualne\/wp-json\/wp\/v2\/posts"}],"about":[{"href":"https:\/\/www.pogotowieflagowe.pl\/aktualne\/wp-json\/wp\/v2\/types\/post"}],"author":[{"embeddable":true,"href":"https:\/\/www.pogotowieflagowe.pl\/aktualne\/wp-json\/wp\/v2\/users\/1"}],"replies":[{"embeddable":true,"href":"https:\/\/www.pogotowieflagowe.pl\/aktualne\/wp-json\/wp\/v2\/comments?post=3724"}],"version-history":[{"count":1,"href":"https:\/\/www.pogotowieflagowe.pl\/aktualne\/wp-json\/wp\/v2\/posts\/3724\/revisions"}],"predecessor-version":[{"id":3726,"href":"https:\/\/www.pogotowieflagowe.pl\/aktualne\/wp-json\/wp\/v2\/posts\/3724\/revisions\/3726"}],"wp:featuredmedia":[{"embeddable":true,"href":"https:\/\/www.pogotowieflagowe.pl\/aktualne\/wp-json\/wp\/v2\/media\/3725"}],"wp:attachment":[{"href":"https:\/\/www.pogotowieflagowe.pl\/aktualne\/wp-json\/wp\/v2\/media?parent=3724"}],"wp:term":[{"taxonomy":"category","embeddable":true,"href":"https:\/\/www.pogotowieflagowe.pl\/aktualne\/wp-json\/wp\/v2\/categories?post=3724"},{"taxonomy":"post_tag","embeddable":true,"href":"https:\/\/www.pogotowieflagowe.pl\/aktualne\/wp-json\/wp\/v2\/tags?post=3724"}],"curies":[{"name":"wp","href":"https:\/\/api.w.org\/{rel}","templated":true}]}}