{"id":3730,"date":"2025-02-05T13:46:58","date_gmt":"2025-02-05T12:46:58","guid":{"rendered":"https:\/\/www.pogotowieflagowe.pl\/aktualne\/francuski-gigant-detaliczny-carrefour-oglasza-zwolnienia-grupowe-w-polsce\/"},"modified":"2025-02-05T13:47:00","modified_gmt":"2025-02-05T12:47:00","slug":"francuski-gigant-detaliczny-carrefour-oglasza-zwolnienia-grupowe-w-polsce","status":"publish","type":"post","link":"https:\/\/www.pogotowieflagowe.pl\/aktualne\/francuski-gigant-detaliczny-carrefour-oglasza-zwolnienia-grupowe-w-polsce\/","title":{"rendered":"Francuski gigant detaliczny Carrefour og\u0142asza zwolnienia grupowe w Polsce"},"content":{"rendered":"\n<div class=\"td_block_wrap tdb_single_content tdi_41 td-pb-border-top td_block_template_8 td-post-content tagdiv-type\" data-td-block-uid=\"tdi_41\">\n<style>.tdi_41 {margin-top: 0px! Wa\u017cne; margines-bottom: 0px! Wa\u017cne; padding-top: 0px! WA\u017bNE; PALDING-Bottom: 0px! Wa\u017cne}<\/style>\n<style>.tdb_single_content {margin-bottom: 0;*zoom: 1} .tdb_single_content: wcze\u015bniej, .tdb_single_content: po {display: Table; content: ''; line-height: 0} .TDB-BLOCK-INner>*: nie (.WP-BLOCK-QUOTE): NOT (.Alignwide): not (.alignfull.wp-block-cover.has-parallax): not (.td-a-ad) {margin-left: auto; margin-right: auto} .tdb_single_content a {wska\u017anik-events: auto} .tdb_single_content .td-spot-id-top_ad .tdc-placeholder-title: przed {content: 'top ad'! Wa\u017cne} .tdb_single_content .td-spot-id-inline_ad0 .tdc-miejsce-title: przed {content: \u201eArtyku\u0142 inline AD 1 '! Wa\u017cne} .tdb_single_content. {content: 'Artyku\u0142 inline AD 2'! Wa\u017cny} .tdb_single_content .td-spot-inline_ad2 .tdc-miejsce-title: przed {content: 'Artyku\u0142 inline AD 3'! Wa\u017cny} .tdb_single_content .td-spot-id-id -Bottom_Ad .tdc-Placeholder-Title: przed {content: 'artyku\u0142 dolny ad'! Wa\u017cne} .tdb_single_content .id_top_ad, .tdb_single_content .id_bottom_ad {clear: obu; margin-bottom: 21px; text -align: Center} .tdb_single_content. id_top_ad IMG, .tdb_single_content .id_bottom_ad Img {margin-bottom: 0} .tdb_single_content .id_top_ad .adsbyGoogle, .tdb_single_content .id_bottom_ad .adsbyGoogle , .tdb_single_content .id_ad_content-horiz-right , .tdb_single_content .id_ad_content-horiz-Center {margin-bottom: 15px} .tdb_single_content .id_content-horiz-left Img, .tdb_single_content .id_ad_content-horiz-right Gin-Bottom: 0 { lewy; margine-top: 9px; margin-right: 21px} .tdb_single_content .id_ad_content-horiz-right {float: right; margin-top: 6px; margin-left: 21px} .tdb_single_content .tdc-a-ad .tdc--- Umak zast\u0119puj\u0105cy {szeroko\u015b\u0107: 300px; height: 250px} .tdb_single_content .tdc-a-ad .tdc-miejsce-title: przed {pozycja: Absolute; top: 50%;-WebKit-Transform: t\u0142umaczenie (-50%); Transform: Translatey (-50%); margines: auto; display: tabela; szeroko\u015b\u0107: 100%} > P, .tdi_41 .tdb-block-inner> p {font-size: 16px! Wa\u017cne; linia-height: 1.6! Wa\u017cne} .tdi_41 .tdb-block-inner blokote p {font-styl: Normal! Media (Max-Width: 767px) {. tdb_single_content .id_ad_content-horiz-left, .tdb_single_content .id_ad_content-horiz-right, .tdb_single_content .id_ad_content-horiz-center {margin: 0 auto 26px auto}}}@media (MAXID. : 767px) {. Tdb_single_content .id_ad_content-horiz-left {margin-right: 0}}@media (Max-Width: 767px) {. -Width: 767px) {. tdb_single_content .td-a-ad {float: none; text-align: Center} .tdb_single_content .td-a-ad img {margin-right: auto; margin-left: auto} .tdb_single_content. tdc-a-ad {float: none}}<\/style>\n<div class=\"tdb-block-inner td-fix-index\">\n<p>Carrefour og\u0142osi\u0142 plany wdro\u017cenia zbiorowych zwolnie\u0144, kt\u00f3re mog\u0105 mie\u0107 wp\u0142yw na 340 pracownik\u00f3w podczas jego dzia\u0142alno\u015bci w Warszawie i Bydgoszcze. Ten ruch pojawia si\u0119, gdy francuski gigant detaliczny stara si\u0119 dostosowa\u0107 do presji na trudny rynek dystrybucji \u017cywno\u015bci i rosn\u0105ce koszty operacyjne.<\/p>\n<p>W zg\u0142oszeniu z\u0142o\u017conym pod koniec stycznia w biurze pracy w okr\u0119gu Warszawskim Carrefour Polska og\u0142osi\u0142 zamiar przeprowadzenia tych zwolnie\u0144. Firma zainicjowa\u0142a r\u00f3wnie\u017c konsultacje ze zwi\u0105zkami zawodowymi dotycz\u0105cymi planowanych ci\u0119\u0107 miejsc pracy, a dyskusje zako\u0144czy\u0142y si\u0119 18 lutego 2025 r.<\/p>\n<p>Wed\u0142ug Portalkujawskiego.pl oficjalne zawiadomienie zosta\u0142o z\u0142o\u017cone 29 stycznia 2025 r., Co wskazuje, \u017ce restrukturyzacja ma na celu optymalizacj\u0119 wydajno\u015bci operacyjnej poprzez zmniejszenie koszt\u00f3w wynagrodze\u0144. Decyzja odzwierciedla szersze wysi\u0142ki Carrefour, aby dostosowa\u0107 sw\u00f3j model biznesowy w zwi\u0105zku z dynamicznym i konkurencyjnym \u015brodowiskiem rynku.<\/p>\n<p>Raporty finansowe ujawniaj\u0105, \u017ce polskie operacje Carrefoura odnotowa\u0142y 3,2 -procentowy spadek przychod\u00f3w po trzecim kwartale 2024 r. Tego spowolnienia towarzyszy stopniowe zmniejszenie liczby si\u0142y roboczej; Pod koniec 2023 r. Carrefour zatrudni\u0142 9 935 os\u00f3b w Polsce, w por\u00f3wnaniu z 10 886 w 2022 r. Firma nie ujawni\u0142a jeszcze danych w poprzednim roku.<\/p>\n<\/div>\n<\/div>\n","protected":false},"excerpt":{"rendered":"<p>Carrefour og\u0142osi\u0142 plany wdro\u017cenia zbiorowych zwolnie\u0144, kt\u00f3re mog\u0105 mie\u0107 wp\u0142yw na 340 pracownik\u00f3w podczas jego dzia\u0142alno\u015bci w Warszawie i Bydgoszcze.<\/p>\n","protected":false},"author":1,"featured_media":3731,"comment_status":"closed","ping_status":"","sticky":false,"template":"","format":"standard","meta":{"footnotes":""},"categories":[45],"tags":[5274,5273,5272,4463,5275,544,60,539],"class_list":["post-3730","post","type-post","status-publish","format-standard","has-post-thumbnail","hentry","category-biznes","tag-carrefour","tag-detaliczny","tag-francuski","tag-gigant","tag-grupowe","tag-oglasza","tag-polsce","tag-zwolnienia","generate-columns","tablet-grid-50","mobile-grid-100","grid-parent","grid-50","resize-featured-image"],"yoast_head":"<!-- This site is optimized with the Yoast SEO plugin v23.2 - https:\/\/yoast.com\/wordpress\/plugins\/seo\/ -->\n<title>Francuski gigant detaliczny Carrefour og\u0142asza zwolnienia grupowe w Polsce - POGOTOWIE FLAGOWE\u00ae<\/title>\n<meta name=\"robots\" content=\"index, follow, max-snippet:-1, max-image-preview:large, max-video-preview:-1\" \/>\n<link rel=\"canonical\" href=\"https:\/\/www.pogotowieflagowe.pl\/aktualne\/francuski-gigant-detaliczny-carrefour-oglasza-zwolnienia-grupowe-w-polsce\/\" \/>\n<meta property=\"og:locale\" content=\"pl_PL\" \/>\n<meta property=\"og:type\" content=\"article\" \/>\n<meta property=\"og:title\" content=\"Francuski gigant detaliczny Carrefour og\u0142asza zwolnienia grupowe w Polsce - POGOTOWIE FLAGOWE\u00ae\" \/>\n<meta property=\"og:description\" content=\"Carrefour og\u0142osi\u0142 plany wdro\u017cenia zbiorowych zwolnie\u0144, kt\u00f3re mog\u0105 mie\u0107 wp\u0142yw na 340 pracownik\u00f3w podczas jego dzia\u0142alno\u015bci w Warszawie i Bydgoszcze.\" \/>\n<meta property=\"og:url\" content=\"https:\/\/www.pogotowieflagowe.pl\/aktualne\/francuski-gigant-detaliczny-carrefour-oglasza-zwolnienia-grupowe-w-polsce\/\" \/>\n<meta property=\"og:site_name\" content=\"POGOTOWIE FLAGOWE\u00ae\" \/>\n<meta property=\"article:published_time\" content=\"2025-02-05T12:46:58+00:00\" \/>\n<meta property=\"article:modified_time\" content=\"2025-02-05T12:47:00+00:00\" \/>\n<meta property=\"og:image\" content=\"https:\/\/www.pogotowieflagowe.pl\/aktualne\/wp-content\/uploads\/2025\/02\/Francuski-gigant-detaliczny-Carrefour-oglasza-zwolnienia-grupowe-w-Polsce.jpg\" \/>\n\t<meta property=\"og:image:width\" content=\"1200\" \/>\n\t<meta property=\"og:image:height\" content=\"675\" \/>\n\t<meta property=\"og:image:type\" content=\"image\/jpeg\" \/>\n<meta name=\"author\" content=\"Filip\" \/>\n<meta name=\"twitter:card\" content=\"summary_large_image\" \/>\n<meta name=\"twitter:label1\" content=\"Napisane przez\" \/>\n\t<meta name=\"twitter:data1\" content=\"Filip\" \/>\n\t<meta name=\"twitter:label2\" content=\"Szacowany czas czytania\" \/>\n\t<meta name=\"twitter:data2\" content=\"1 minuta\" \/>\n<script type=\"application\/ld+json\" class=\"yoast-schema-graph\">{\"@context\":\"https:\/\/schema.org\",\"@graph\":[{\"@type\":\"Article\",\"@id\":\"https:\/\/www.pogotowieflagowe.pl\/aktualne\/francuski-gigant-detaliczny-carrefour-oglasza-zwolnienia-grupowe-w-polsce\/#article\",\"isPartOf\":{\"@id\":\"https:\/\/www.pogotowieflagowe.pl\/aktualne\/francuski-gigant-detaliczny-carrefour-oglasza-zwolnienia-grupowe-w-polsce\/\"},\"author\":{\"name\":\"Filip\",\"@id\":\"https:\/\/www.pogotowieflagowe.pl\/aktualne\/#\/schema\/person\/9c2fb7d2362ebf6fa088960d7f0d27b0\"},\"headline\":\"Francuski gigant detaliczny Carrefour og\u0142asza zwolnienia grupowe w Polsce\",\"datePublished\":\"2025-02-05T12:46:58+00:00\",\"dateModified\":\"2025-02-05T12:47:00+00:00\",\"mainEntityOfPage\":{\"@id\":\"https:\/\/www.pogotowieflagowe.pl\/aktualne\/francuski-gigant-detaliczny-carrefour-oglasza-zwolnienia-grupowe-w-polsce\/\"},\"wordCount\":208,\"publisher\":{\"@id\":\"https:\/\/www.pogotowieflagowe.pl\/aktualne\/#organization\"},\"image\":{\"@id\":\"https:\/\/www.pogotowieflagowe.pl\/aktualne\/francuski-gigant-detaliczny-carrefour-oglasza-zwolnienia-grupowe-w-polsce\/#primaryimage\"},\"thumbnailUrl\":\"https:\/\/www.pogotowieflagowe.pl\/aktualne\/wp-content\/uploads\/2025\/02\/Francuski-gigant-detaliczny-Carrefour-oglasza-zwolnienia-grupowe-w-Polsce.jpg\",\"keywords\":[\"Carrefour\",\"detaliczny\",\"Francuski\",\"gigant\",\"grupowe\",\"og\u0142asza\",\"Polsce\",\"zwolnienia\"],\"articleSection\":[\"Biznes\"],\"inLanguage\":\"pl-PL\"},{\"@type\":\"WebPage\",\"@id\":\"https:\/\/www.pogotowieflagowe.pl\/aktualne\/francuski-gigant-detaliczny-carrefour-oglasza-zwolnienia-grupowe-w-polsce\/\",\"url\":\"https:\/\/www.pogotowieflagowe.pl\/aktualne\/francuski-gigant-detaliczny-carrefour-oglasza-zwolnienia-grupowe-w-polsce\/\",\"name\":\"Francuski gigant detaliczny Carrefour og\u0142asza zwolnienia grupowe w Polsce - POGOTOWIE FLAGOWE\u00ae\",\"isPartOf\":{\"@id\":\"https:\/\/www.pogotowieflagowe.pl\/aktualne\/#website\"},\"primaryImageOfPage\":{\"@id\":\"https:\/\/www.pogotowieflagowe.pl\/aktualne\/francuski-gigant-detaliczny-carrefour-oglasza-zwolnienia-grupowe-w-polsce\/#primaryimage\"},\"image\":{\"@id\":\"https:\/\/www.pogotowieflagowe.pl\/aktualne\/francuski-gigant-detaliczny-carrefour-oglasza-zwolnienia-grupowe-w-polsce\/#primaryimage\"},\"thumbnailUrl\":\"https:\/\/www.pogotowieflagowe.pl\/aktualne\/wp-content\/uploads\/2025\/02\/Francuski-gigant-detaliczny-Carrefour-oglasza-zwolnienia-grupowe-w-Polsce.jpg\",\"datePublished\":\"2025-02-05T12:46:58+00:00\",\"dateModified\":\"2025-02-05T12:47:00+00:00\",\"breadcrumb\":{\"@id\":\"https:\/\/www.pogotowieflagowe.pl\/aktualne\/francuski-gigant-detaliczny-carrefour-oglasza-zwolnienia-grupowe-w-polsce\/#breadcrumb\"},\"inLanguage\":\"pl-PL\",\"potentialAction\":[{\"@type\":\"ReadAction\",\"target\":[\"https:\/\/www.pogotowieflagowe.pl\/aktualne\/francuski-gigant-detaliczny-carrefour-oglasza-zwolnienia-grupowe-w-polsce\/\"]}]},{\"@type\":\"ImageObject\",\"inLanguage\":\"pl-PL\",\"@id\":\"https:\/\/www.pogotowieflagowe.pl\/aktualne\/francuski-gigant-detaliczny-carrefour-oglasza-zwolnienia-grupowe-w-polsce\/#primaryimage\",\"url\":\"https:\/\/www.pogotowieflagowe.pl\/aktualne\/wp-content\/uploads\/2025\/02\/Francuski-gigant-detaliczny-Carrefour-oglasza-zwolnienia-grupowe-w-Polsce.jpg\",\"contentUrl\":\"https:\/\/www.pogotowieflagowe.pl\/aktualne\/wp-content\/uploads\/2025\/02\/Francuski-gigant-detaliczny-Carrefour-oglasza-zwolnienia-grupowe-w-Polsce.jpg\",\"width\":1200,\"height\":675,\"caption\":\"Francuski gigant detaliczny Carrefour og\u0142asza zwolnienia grupowe w Polsce\"},{\"@type\":\"BreadcrumbList\",\"@id\":\"https:\/\/www.pogotowieflagowe.pl\/aktualne\/francuski-gigant-detaliczny-carrefour-oglasza-zwolnienia-grupowe-w-polsce\/#breadcrumb\",\"itemListElement\":[{\"@type\":\"ListItem\",\"position\":1,\"name\":\"Home\",\"item\":\"https:\/\/www.pogotowieflagowe.pl\/aktualne\/\"},{\"@type\":\"ListItem\",\"position\":2,\"name\":\"Francuski gigant detaliczny Carrefour og\u0142asza zwolnienia grupowe w Polsce\"}]},{\"@type\":\"WebSite\",\"@id\":\"https:\/\/www.pogotowieflagowe.pl\/aktualne\/#website\",\"url\":\"https:\/\/www.pogotowieflagowe.pl\/aktualne\/\",\"name\":\"POGOTOWIE FLAGOWE\u00ae\",\"description\":\"\",\"publisher\":{\"@id\":\"https:\/\/www.pogotowieflagowe.pl\/aktualne\/#organization\"},\"potentialAction\":[{\"@type\":\"SearchAction\",\"target\":{\"@type\":\"EntryPoint\",\"urlTemplate\":\"https:\/\/www.pogotowieflagowe.pl\/aktualne\/?s={search_term_string}\"},\"query-input\":\"required name=search_term_string\"}],\"inLanguage\":\"pl-PL\"},{\"@type\":\"Organization\",\"@id\":\"https:\/\/www.pogotowieflagowe.pl\/aktualne\/#organization\",\"name\":\"POGOTOWIE FLAGOWE\u00ae\",\"url\":\"https:\/\/www.pogotowieflagowe.pl\/aktualne\/\",\"logo\":{\"@type\":\"ImageObject\",\"inLanguage\":\"pl-PL\",\"@id\":\"https:\/\/www.pogotowieflagowe.pl\/aktualne\/#\/schema\/logo\/image\/\",\"url\":\"https:\/\/www.pogotowieflagowe.pl\/aktualne\/wp-content\/uploads\/2024\/08\/cropped-pogotowieflagowe_flaga_projekt_sm.jpg\",\"contentUrl\":\"https:\/\/www.pogotowieflagowe.pl\/aktualne\/wp-content\/uploads\/2024\/08\/cropped-pogotowieflagowe_flaga_projekt_sm.jpg\",\"width\":250,\"height\":143,\"caption\":\"POGOTOWIE FLAGOWE\u00ae\"},\"image\":{\"@id\":\"https:\/\/www.pogotowieflagowe.pl\/aktualne\/#\/schema\/logo\/image\/\"}},{\"@type\":\"Person\",\"@id\":\"https:\/\/www.pogotowieflagowe.pl\/aktualne\/#\/schema\/person\/9c2fb7d2362ebf6fa088960d7f0d27b0\",\"name\":\"Filip\",\"image\":{\"@type\":\"ImageObject\",\"inLanguage\":\"pl-PL\",\"@id\":\"https:\/\/www.pogotowieflagowe.pl\/aktualne\/#\/schema\/person\/image\/\",\"url\":\"https:\/\/www.pogotowieflagowe.pl\/aktualne\/wp-content\/uploads\/2024\/08\/pogotowieflagowe.pl_.jpg\",\"contentUrl\":\"https:\/\/www.pogotowieflagowe.pl\/aktualne\/wp-content\/uploads\/2024\/08\/pogotowieflagowe.pl_.jpg\",\"caption\":\"Filip\"},\"description\":\"Jestem Filip, polski dziennikarz z dyplomem nauk politycznych Uniwersytetu Warszawskiego. Rozpoczynaj\u0105c swoj\u0105 karier\u0119 w r\u00f3\u017cnych lokalnych mediach, zdoby\u0142em solidne do\u015bwiadczenie w zakresie \u015bledztwa i redakcji. Obecnie jako redaktor w Pogotowie flagowe, staram si\u0119 dostarcza\u0107 dog\u0142\u0119bne i istotne analizy na temat najwa\u017cniejszych kwestii aktualno\u015bci, \u0142\u0105cz\u0105c rygor z pasj\u0105 dziennikarsk\u0105.\",\"sameAs\":[\"https:\/\/www.pogotowieflagowe.pl\/\"]}]}<\/script>\n<!-- \/ Yoast SEO plugin. -->","yoast_head_json":{"title":"Francuski gigant detaliczny Carrefour og\u0142asza zwolnienia grupowe w Polsce - POGOTOWIE FLAGOWE\u00ae","robots":{"index":"index","follow":"follow","max-snippet":"max-snippet:-1","max-image-preview":"max-image-preview:large","max-video-preview":"max-video-preview:-1"},"canonical":"https:\/\/www.pogotowieflagowe.pl\/aktualne\/francuski-gigant-detaliczny-carrefour-oglasza-zwolnienia-grupowe-w-polsce\/","og_locale":"pl_PL","og_type":"article","og_title":"Francuski gigant detaliczny Carrefour og\u0142asza zwolnienia grupowe w Polsce - POGOTOWIE FLAGOWE\u00ae","og_description":"Carrefour og\u0142osi\u0142 plany wdro\u017cenia zbiorowych zwolnie\u0144, kt\u00f3re mog\u0105 mie\u0107 wp\u0142yw na 340 pracownik\u00f3w podczas jego dzia\u0142alno\u015bci w Warszawie i Bydgoszcze.","og_url":"https:\/\/www.pogotowieflagowe.pl\/aktualne\/francuski-gigant-detaliczny-carrefour-oglasza-zwolnienia-grupowe-w-polsce\/","og_site_name":"POGOTOWIE FLAGOWE\u00ae","article_published_time":"2025-02-05T12:46:58+00:00","article_modified_time":"2025-02-05T12:47:00+00:00","og_image":[{"width":1200,"height":675,"url":"https:\/\/www.pogotowieflagowe.pl\/aktualne\/wp-content\/uploads\/2025\/02\/Francuski-gigant-detaliczny-Carrefour-oglasza-zwolnienia-grupowe-w-Polsce.jpg","type":"image\/jpeg"}],"author":"Filip","twitter_card":"summary_large_image","twitter_misc":{"Napisane przez":"Filip","Szacowany czas czytania":"1 minuta"},"schema":{"@context":"https:\/\/schema.org","@graph":[{"@type":"Article","@id":"https:\/\/www.pogotowieflagowe.pl\/aktualne\/francuski-gigant-detaliczny-carrefour-oglasza-zwolnienia-grupowe-w-polsce\/#article","isPartOf":{"@id":"https:\/\/www.pogotowieflagowe.pl\/aktualne\/francuski-gigant-detaliczny-carrefour-oglasza-zwolnienia-grupowe-w-polsce\/"},"author":{"name":"Filip","@id":"https:\/\/www.pogotowieflagowe.pl\/aktualne\/#\/schema\/person\/9c2fb7d2362ebf6fa088960d7f0d27b0"},"headline":"Francuski gigant detaliczny Carrefour og\u0142asza zwolnienia grupowe w Polsce","datePublished":"2025-02-05T12:46:58+00:00","dateModified":"2025-02-05T12:47:00+00:00","mainEntityOfPage":{"@id":"https:\/\/www.pogotowieflagowe.pl\/aktualne\/francuski-gigant-detaliczny-carrefour-oglasza-zwolnienia-grupowe-w-polsce\/"},"wordCount":208,"publisher":{"@id":"https:\/\/www.pogotowieflagowe.pl\/aktualne\/#organization"},"image":{"@id":"https:\/\/www.pogotowieflagowe.pl\/aktualne\/francuski-gigant-detaliczny-carrefour-oglasza-zwolnienia-grupowe-w-polsce\/#primaryimage"},"thumbnailUrl":"https:\/\/www.pogotowieflagowe.pl\/aktualne\/wp-content\/uploads\/2025\/02\/Francuski-gigant-detaliczny-Carrefour-oglasza-zwolnienia-grupowe-w-Polsce.jpg","keywords":["Carrefour","detaliczny","Francuski","gigant","grupowe","og\u0142asza","Polsce","zwolnienia"],"articleSection":["Biznes"],"inLanguage":"pl-PL"},{"@type":"WebPage","@id":"https:\/\/www.pogotowieflagowe.pl\/aktualne\/francuski-gigant-detaliczny-carrefour-oglasza-zwolnienia-grupowe-w-polsce\/","url":"https:\/\/www.pogotowieflagowe.pl\/aktualne\/francuski-gigant-detaliczny-carrefour-oglasza-zwolnienia-grupowe-w-polsce\/","name":"Francuski gigant detaliczny Carrefour og\u0142asza zwolnienia grupowe w Polsce - POGOTOWIE FLAGOWE\u00ae","isPartOf":{"@id":"https:\/\/www.pogotowieflagowe.pl\/aktualne\/#website"},"primaryImageOfPage":{"@id":"https:\/\/www.pogotowieflagowe.pl\/aktualne\/francuski-gigant-detaliczny-carrefour-oglasza-zwolnienia-grupowe-w-polsce\/#primaryimage"},"image":{"@id":"https:\/\/www.pogotowieflagowe.pl\/aktualne\/francuski-gigant-detaliczny-carrefour-oglasza-zwolnienia-grupowe-w-polsce\/#primaryimage"},"thumbnailUrl":"https:\/\/www.pogotowieflagowe.pl\/aktualne\/wp-content\/uploads\/2025\/02\/Francuski-gigant-detaliczny-Carrefour-oglasza-zwolnienia-grupowe-w-Polsce.jpg","datePublished":"2025-02-05T12:46:58+00:00","dateModified":"2025-02-05T12:47:00+00:00","breadcrumb":{"@id":"https:\/\/www.pogotowieflagowe.pl\/aktualne\/francuski-gigant-detaliczny-carrefour-oglasza-zwolnienia-grupowe-w-polsce\/#breadcrumb"},"inLanguage":"pl-PL","potentialAction":[{"@type":"ReadAction","target":["https:\/\/www.pogotowieflagowe.pl\/aktualne\/francuski-gigant-detaliczny-carrefour-oglasza-zwolnienia-grupowe-w-polsce\/"]}]},{"@type":"ImageObject","inLanguage":"pl-PL","@id":"https:\/\/www.pogotowieflagowe.pl\/aktualne\/francuski-gigant-detaliczny-carrefour-oglasza-zwolnienia-grupowe-w-polsce\/#primaryimage","url":"https:\/\/www.pogotowieflagowe.pl\/aktualne\/wp-content\/uploads\/2025\/02\/Francuski-gigant-detaliczny-Carrefour-oglasza-zwolnienia-grupowe-w-Polsce.jpg","contentUrl":"https:\/\/www.pogotowieflagowe.pl\/aktualne\/wp-content\/uploads\/2025\/02\/Francuski-gigant-detaliczny-Carrefour-oglasza-zwolnienia-grupowe-w-Polsce.jpg","width":1200,"height":675,"caption":"Francuski gigant detaliczny Carrefour og\u0142asza zwolnienia grupowe w Polsce"},{"@type":"BreadcrumbList","@id":"https:\/\/www.pogotowieflagowe.pl\/aktualne\/francuski-gigant-detaliczny-carrefour-oglasza-zwolnienia-grupowe-w-polsce\/#breadcrumb","itemListElement":[{"@type":"ListItem","position":1,"name":"Home","item":"https:\/\/www.pogotowieflagowe.pl\/aktualne\/"},{"@type":"ListItem","position":2,"name":"Francuski gigant detaliczny Carrefour og\u0142asza zwolnienia grupowe w Polsce"}]},{"@type":"WebSite","@id":"https:\/\/www.pogotowieflagowe.pl\/aktualne\/#website","url":"https:\/\/www.pogotowieflagowe.pl\/aktualne\/","name":"POGOTOWIE FLAGOWE\u00ae","description":"","publisher":{"@id":"https:\/\/www.pogotowieflagowe.pl\/aktualne\/#organization"},"potentialAction":[{"@type":"SearchAction","target":{"@type":"EntryPoint","urlTemplate":"https:\/\/www.pogotowieflagowe.pl\/aktualne\/?s={search_term_string}"},"query-input":"required name=search_term_string"}],"inLanguage":"pl-PL"},{"@type":"Organization","@id":"https:\/\/www.pogotowieflagowe.pl\/aktualne\/#organization","name":"POGOTOWIE FLAGOWE\u00ae","url":"https:\/\/www.pogotowieflagowe.pl\/aktualne\/","logo":{"@type":"ImageObject","inLanguage":"pl-PL","@id":"https:\/\/www.pogotowieflagowe.pl\/aktualne\/#\/schema\/logo\/image\/","url":"https:\/\/www.pogotowieflagowe.pl\/aktualne\/wp-content\/uploads\/2024\/08\/cropped-pogotowieflagowe_flaga_projekt_sm.jpg","contentUrl":"https:\/\/www.pogotowieflagowe.pl\/aktualne\/wp-content\/uploads\/2024\/08\/cropped-pogotowieflagowe_flaga_projekt_sm.jpg","width":250,"height":143,"caption":"POGOTOWIE FLAGOWE\u00ae"},"image":{"@id":"https:\/\/www.pogotowieflagowe.pl\/aktualne\/#\/schema\/logo\/image\/"}},{"@type":"Person","@id":"https:\/\/www.pogotowieflagowe.pl\/aktualne\/#\/schema\/person\/9c2fb7d2362ebf6fa088960d7f0d27b0","name":"Filip","image":{"@type":"ImageObject","inLanguage":"pl-PL","@id":"https:\/\/www.pogotowieflagowe.pl\/aktualne\/#\/schema\/person\/image\/","url":"https:\/\/www.pogotowieflagowe.pl\/aktualne\/wp-content\/uploads\/2024\/08\/pogotowieflagowe.pl_.jpg","contentUrl":"https:\/\/www.pogotowieflagowe.pl\/aktualne\/wp-content\/uploads\/2024\/08\/pogotowieflagowe.pl_.jpg","caption":"Filip"},"description":"Jestem Filip, polski dziennikarz z dyplomem nauk politycznych Uniwersytetu Warszawskiego. Rozpoczynaj\u0105c swoj\u0105 karier\u0119 w r\u00f3\u017cnych lokalnych mediach, zdoby\u0142em solidne do\u015bwiadczenie w zakresie \u015bledztwa i redakcji. Obecnie jako redaktor w Pogotowie flagowe, staram si\u0119 dostarcza\u0107 dog\u0142\u0119bne i istotne analizy na temat najwa\u017cniejszych kwestii aktualno\u015bci, \u0142\u0105cz\u0105c rygor z pasj\u0105 dziennikarsk\u0105.","sameAs":["https:\/\/www.pogotowieflagowe.pl\/"]}]}},"_links":{"self":[{"href":"https:\/\/www.pogotowieflagowe.pl\/aktualne\/wp-json\/wp\/v2\/posts\/3730","targetHints":{"allow":["GET"]}}],"collection":[{"href":"https:\/\/www.pogotowieflagowe.pl\/aktualne\/wp-json\/wp\/v2\/posts"}],"about":[{"href":"https:\/\/www.pogotowieflagowe.pl\/aktualne\/wp-json\/wp\/v2\/types\/post"}],"author":[{"embeddable":true,"href":"https:\/\/www.pogotowieflagowe.pl\/aktualne\/wp-json\/wp\/v2\/users\/1"}],"replies":[{"embeddable":true,"href":"https:\/\/www.pogotowieflagowe.pl\/aktualne\/wp-json\/wp\/v2\/comments?post=3730"}],"version-history":[{"count":1,"href":"https:\/\/www.pogotowieflagowe.pl\/aktualne\/wp-json\/wp\/v2\/posts\/3730\/revisions"}],"predecessor-version":[{"id":3732,"href":"https:\/\/www.pogotowieflagowe.pl\/aktualne\/wp-json\/wp\/v2\/posts\/3730\/revisions\/3732"}],"wp:featuredmedia":[{"embeddable":true,"href":"https:\/\/www.pogotowieflagowe.pl\/aktualne\/wp-json\/wp\/v2\/media\/3731"}],"wp:attachment":[{"href":"https:\/\/www.pogotowieflagowe.pl\/aktualne\/wp-json\/wp\/v2\/media?parent=3730"}],"wp:term":[{"taxonomy":"category","embeddable":true,"href":"https:\/\/www.pogotowieflagowe.pl\/aktualne\/wp-json\/wp\/v2\/categories?post=3730"},{"taxonomy":"post_tag","embeddable":true,"href":"https:\/\/www.pogotowieflagowe.pl\/aktualne\/wp-json\/wp\/v2\/tags?post=3730"}],"curies":[{"name":"wp","href":"https:\/\/api.w.org\/{rel}","templated":true}]}}