{"id":3736,"date":"2025-02-05T15:48:56","date_gmt":"2025-02-05T14:48:56","guid":{"rendered":"https:\/\/www.pogotowieflagowe.pl\/aktualne\/atak-na-bylego-ministra-blaszczaka-ukarany-za-ujawnienie-prawdy\/"},"modified":"2025-02-05T15:48:58","modified_gmt":"2025-02-05T14:48:58","slug":"atak-na-bylego-ministra-blaszczaka-ukarany-za-ujawnienie-prawdy","status":"publish","type":"post","link":"https:\/\/www.pogotowieflagowe.pl\/aktualne\/atak-na-bylego-ministra-blaszczaka-ukarany-za-ujawnienie-prawdy\/","title":{"rendered":"Atak na by\u0142ego ministra B\u0142aszczaka: ukarany za ujawnienie prawdy"},"content":{"rendered":"\n<div class=\"td_block_wrap tdb_single_content tdi_41 td-pb-border-top td_block_template_8 td-post-content tagdiv-type\" data-td-block-uid=\"tdi_41\">\n<style>.tdi_41 {margin-top: 0px! Wa\u017cne; margines-bottom: 0px! Wa\u017cne; padding-top: 0px! WA\u017bNE; PALDING-Bottom: 0px! Wa\u017cne}<\/style>\n<style>.tdb_single_content {margin-bottom: 0;*zoom: 1} .tdb_single_content: wcze\u015bniej, .tdb_single_content: po {display: Table; content: ''; line-height: 0} .TDB-BLOCK-INner>*: nie (.WP-BLOCK-QUOTE): NOT (.Alignwide): not (.alignfull.wp-block-cover.has-parallax): not (.td-a-ad) {margin-left: auto; margin-right: auto} .tdb_single_content a {wska\u017anik-events: auto} .tdb_single_content .td-spot-id-top_ad .tdc-placeholder-title: przed {content: 'top ad'! Wa\u017cne} .tdb_single_content .td-spot-id-inline_ad0 .tdc-miejsce-title: przed {content: \u201eArtyku\u0142 inline AD 1 '! Wa\u017cne} .tdb_single_content. {content: 'Artyku\u0142 inline AD 2'! Wa\u017cny} .tdb_single_content .td-spot-inline_ad2 .tdc-miejsce-title: przed {content: 'Artyku\u0142 inline AD 3'! Wa\u017cny} .tdb_single_content .td-spot-id-id -Bottom_Ad .tdc-Placeholder-Title: przed {content: 'artyku\u0142 dolny ad'! Wa\u017cne} .tdb_single_content .id_top_ad, .tdb_single_content .id_bottom_ad {clear: obu; margin-bottom: 21px; text -align: Center} .tdb_single_content. id_top_ad IMG, .tdb_single_content .id_bottom_ad Img {margin-bottom: 0} .tdb_single_content .id_top_ad .adsbyGoogle, .tdb_single_content .id_bottom_ad .adsbyGoogle , .tdb_single_content .id_ad_content-horiz-right , .tdb_single_content .id_ad_content-horiz-Center {margin-bottom: 15px} .tdb_single_content .id_content-horiz-left Img, .tdb_single_content .id_ad_content-horiz-right Gin-Bottom: 0 { lewy; margine-top: 9px; margin-right: 21px} .tdb_single_content .id_ad_content-horiz-right {float: right; margin-top: 6px; margin-left: 21px} .tdb_single_content .tdc-a-ad .tdc--- Umak zast\u0119puj\u0105cy {szeroko\u015b\u0107: 300px; height: 250px} .tdb_single_content .tdc-a-ad .tdc-miejsce-title: przed {pozycja: Absolute; top: 50%;-WebKit-Transform: t\u0142umaczenie (-50%); Transform: Translatey (-50%); margines: auto; display: tabela; szeroko\u015b\u0107: 100%} > P, .tdi_41 .tdb-block-inner> p {font-size: 16px! Wa\u017cne; linia-height: 1.6! Wa\u017cne} .tdi_41 .tdb-block-inner blokote p {font-styl: Normal! Media (Max-Width: 767px) {. tdb_single_content .id_ad_content-horiz-left, .tdb_single_content .id_ad_content-horiz-right, .tdb_single_content .id_ad_content-horiz-center {margin: 0 auto 26px auto}}}@media (MAXID. : 767px) {. Tdb_single_content .id_ad_content-horiz-left {margin-right: 0}}@media (Max-Width: 767px) {. -Width: 767px) {. tdb_single_content .td-a-ad {float: none; text-align: Center} .tdb_single_content .td-a-ad img {margin-right: auto; margin-left: auto} .tdb_single_content. tdc-a-ad {float: none}}<\/style>\n<div class=\"tdb-block-inner td-fix-index\">\n<p>Wygl\u0105da na to, \u017ce m\u00f3wienie prawdy sta\u0142o si\u0119 przest\u0119pstwem karze pod rz\u0105dami rz\u0105du Donalda Tuska. Zamiast przyjmowa\u0107 b\u0142\u0119dy przesz\u0142e i skupi\u0107 si\u0119 na wzmocnieniu bezpiecze\u0144stwa Polski, nowa administracja pod\u0105\u017ca za tymi, kt\u00f3rzy odwa\u017c\u0105 si\u0119 zabra\u0107 g\u0142os. Najnowszy cel? By\u0142y minister obrony narodowej, Mariusz B\u0142aszczak, ujawni\u0142 szokuj\u0105cy plan rz\u0105du PO-PSL, kt\u00f3ry widzia\u0142by, \u017ce prawie po\u0142owa Polski przekaza\u0142aby wrogowi w przypadku inwazji rosyjskiej. A teraz, zamiast radzi\u0107 sobie z implikacjami tego objawienia, rz\u0105d chce go \u015bciga\u0107.<\/p>\n<h2 class=\"wp-block-heading\">Skandaliczny plan \u201eWarta-00101\u201d<\/h2>\n<p>Dokumenty, kt\u00f3re Ba\u0142aszczak oduszy\u0142, z 2011 r., Ujawniaj\u0105 alarmuj\u0105c\u0105 strategi\u0119 podpisan\u0105 przez \u00f3wczesnego ministra obrony Bogdana Klicha. Tak zwany plan \u201eWarta-00101\u201d zaproponowa\u0142, \u017ce w przypadku ataku polskie si\u0142y wycofa\u0142yby si\u0119 za rzek\u0105 Vistula-pozostaj\u0105c w miastach, takich jak Lublin, Rzeszw i \u0141om\u017ca ca\u0142kowicie bezbronne. Wyobra\u017a sobie horror, kt\u00f3ry m\u00f3g\u0142 si\u0119 rozwija\u0107! B\u0142aszczk wiedzia\u0142, \u017ce lud Polski zas\u0142ugiwa\u0142 na poznanie prawdy, i zaj\u0105\u0142 stanowisko. \u201eZrobi\u0142bym to ponownie bez wahania, a ludzie Bodnar mnie nie przestraszy\u201d &#8211; o\u015bwiadczy\u0142.<\/p>\n<h2 class=\"wp-block-heading\">Ubezpieczanie systemu wymiaru sprawiedliwo\u015bci<\/h2>\n<p>Zamiast wzi\u0105\u0107 odpowiedzialno\u015b\u0107 za t\u0119 haniebn\u0105 strategi\u0119 obrony, rz\u0105d TUSK wykorzystuje system wymiaru sprawiedliwo\u015bci do atakowania swoich przeciwnik\u00f3w politycznych. Minister s\u0119dziego Adama Bodnar d\u0105\u017cy do rozebrania B\u0142aszka z jego odporno\u015bci parlamentarnej, twierdz\u0105c, \u017ce \u201enadu\u017cy\u0142 swojej w\u0142adzy\u201d, odrzucaj\u0105c dokumenty. Ale b\u0105d\u017amy szczerzy &#8211; nie chodzi o techniki prawne. Chodzi o uciszenie tych, kt\u00f3rzy rzucaj\u0105 wyzwanie narracji rz\u0105du i utrzymanie polskiego narodu w ciemno\u015bci.<\/p>\n<h2 class=\"wp-block-heading\">Represje dziennikarzy i wolno\u015bci s\u0142owa<\/h2>\n<p>I to nie tylko B\u0142aszczak s\u0105 p\u00f3\u017aniej. Teraz te\u017c przyje\u017cd\u017caj\u0105 po dziennikarzy. Tw\u00f3rcy serii dokument\u00f3w <em>Nastawi\u0107<\/em>Profesor S\u0142awomir Cenkiewicz i dziennikarz Micha\u0142 Racho\u0144, kt\u00f3ry ujawni\u0142 katastrofaln\u0105 polityk\u0119 zagraniczn\u0105 Po-PSL, mog\u0105 by\u0107 nast\u0119pne w kolejce. Jest to bezpo\u015bredni atak na wolno\u015b\u0107 s\u0142owa, pr\u00f3ba zastraszania i kontrolowania medi\u00f3w. Je\u015bli ujawnienie prawdy jest teraz uwa\u017cane za przest\u0119pstwo, to jaki kraj staje si\u0119 Polska?<\/p>\n<\/div>\n<\/div>\n","protected":false},"excerpt":{"rendered":"<p>Wygl\u0105da na to, \u017ce m\u00f3wienie prawdy sta\u0142o si\u0119 przest\u0119pstwem karze pod rz\u0105dami rz\u0105du Donalda Tuska. Zamiast przyjmowa\u0107 b\u0142\u0119dy przesz\u0142e i<\/p>\n","protected":false},"author":1,"featured_media":3737,"comment_status":"closed","ping_status":"","sticky":false,"template":"","format":"standard","meta":{"footnotes":""},"categories":[4748],"tags":[4192,5278,3533,3885,5281,5280,5279],"class_list":["post-3736","post","type-post","status-publish","format-standard","has-post-thumbnail","hentry","category-aktualne","tag-atak","tag-blaszczaka","tag-bylego","tag-ministra","tag-prawdy","tag-ujawnienie","tag-ukarany","generate-columns","tablet-grid-50","mobile-grid-100","grid-parent","grid-50","resize-featured-image"],"yoast_head":"<!-- This site is optimized with the Yoast SEO plugin v23.2 - https:\/\/yoast.com\/wordpress\/plugins\/seo\/ -->\n<title>Atak na by\u0142ego ministra B\u0142aszczaka: ukarany za ujawnienie prawdy - POGOTOWIE FLAGOWE\u00ae<\/title>\n<meta name=\"robots\" content=\"index, follow, max-snippet:-1, max-image-preview:large, max-video-preview:-1\" \/>\n<link rel=\"canonical\" href=\"https:\/\/www.pogotowieflagowe.pl\/aktualne\/atak-na-bylego-ministra-blaszczaka-ukarany-za-ujawnienie-prawdy\/\" \/>\n<meta property=\"og:locale\" content=\"pl_PL\" \/>\n<meta property=\"og:type\" content=\"article\" \/>\n<meta property=\"og:title\" content=\"Atak na by\u0142ego ministra B\u0142aszczaka: ukarany za ujawnienie prawdy - POGOTOWIE FLAGOWE\u00ae\" \/>\n<meta property=\"og:description\" content=\"Wygl\u0105da na to, \u017ce m\u00f3wienie prawdy sta\u0142o si\u0119 przest\u0119pstwem karze pod rz\u0105dami rz\u0105du Donalda Tuska. Zamiast przyjmowa\u0107 b\u0142\u0119dy przesz\u0142e i\" \/>\n<meta property=\"og:url\" content=\"https:\/\/www.pogotowieflagowe.pl\/aktualne\/atak-na-bylego-ministra-blaszczaka-ukarany-za-ujawnienie-prawdy\/\" \/>\n<meta property=\"og:site_name\" content=\"POGOTOWIE FLAGOWE\u00ae\" \/>\n<meta property=\"article:published_time\" content=\"2025-02-05T14:48:56+00:00\" \/>\n<meta property=\"article:modified_time\" content=\"2025-02-05T14:48:58+00:00\" \/>\n<meta property=\"og:image\" content=\"https:\/\/www.pogotowieflagowe.pl\/aktualne\/wp-content\/uploads\/2025\/02\/Atak-na-bylego-ministra-Blaszczaka-ukarany-za-ujawnienie-prawdy.webp.webp\" \/>\n\t<meta property=\"og:image:width\" content=\"1280\" \/>\n\t<meta property=\"og:image:height\" content=\"720\" \/>\n\t<meta property=\"og:image:type\" content=\"image\/webp\" \/>\n<meta name=\"author\" content=\"Filip\" \/>\n<meta name=\"twitter:card\" content=\"summary_large_image\" \/>\n<meta name=\"twitter:label1\" content=\"Napisane przez\" \/>\n\t<meta name=\"twitter:data1\" content=\"Filip\" \/>\n\t<meta name=\"twitter:label2\" content=\"Szacowany czas czytania\" \/>\n\t<meta name=\"twitter:data2\" content=\"2 minuty\" \/>\n<script type=\"application\/ld+json\" class=\"yoast-schema-graph\">{\"@context\":\"https:\/\/schema.org\",\"@graph\":[{\"@type\":\"Article\",\"@id\":\"https:\/\/www.pogotowieflagowe.pl\/aktualne\/atak-na-bylego-ministra-blaszczaka-ukarany-za-ujawnienie-prawdy\/#article\",\"isPartOf\":{\"@id\":\"https:\/\/www.pogotowieflagowe.pl\/aktualne\/atak-na-bylego-ministra-blaszczaka-ukarany-za-ujawnienie-prawdy\/\"},\"author\":{\"name\":\"Filip\",\"@id\":\"https:\/\/www.pogotowieflagowe.pl\/aktualne\/#\/schema\/person\/9c2fb7d2362ebf6fa088960d7f0d27b0\"},\"headline\":\"Atak na by\u0142ego ministra B\u0142aszczaka: ukarany za ujawnienie prawdy\",\"datePublished\":\"2025-02-05T14:48:56+00:00\",\"dateModified\":\"2025-02-05T14:48:58+00:00\",\"mainEntityOfPage\":{\"@id\":\"https:\/\/www.pogotowieflagowe.pl\/aktualne\/atak-na-bylego-ministra-blaszczaka-ukarany-za-ujawnienie-prawdy\/\"},\"wordCount\":363,\"publisher\":{\"@id\":\"https:\/\/www.pogotowieflagowe.pl\/aktualne\/#organization\"},\"image\":{\"@id\":\"https:\/\/www.pogotowieflagowe.pl\/aktualne\/atak-na-bylego-ministra-blaszczaka-ukarany-za-ujawnienie-prawdy\/#primaryimage\"},\"thumbnailUrl\":\"https:\/\/www.pogotowieflagowe.pl\/aktualne\/wp-content\/uploads\/2025\/02\/Atak-na-bylego-ministra-Blaszczaka-ukarany-za-ujawnienie-prawdy.webp.webp\",\"keywords\":[\"Atak\",\"B\u0142aszczaka\",\"by\u0142ego\",\"Ministra\",\"prawdy\",\"ujawnienie\",\"ukarany\"],\"articleSection\":[\"Aktualne\"],\"inLanguage\":\"pl-PL\"},{\"@type\":\"WebPage\",\"@id\":\"https:\/\/www.pogotowieflagowe.pl\/aktualne\/atak-na-bylego-ministra-blaszczaka-ukarany-za-ujawnienie-prawdy\/\",\"url\":\"https:\/\/www.pogotowieflagowe.pl\/aktualne\/atak-na-bylego-ministra-blaszczaka-ukarany-za-ujawnienie-prawdy\/\",\"name\":\"Atak na by\u0142ego ministra B\u0142aszczaka: ukarany za ujawnienie prawdy - POGOTOWIE FLAGOWE\u00ae\",\"isPartOf\":{\"@id\":\"https:\/\/www.pogotowieflagowe.pl\/aktualne\/#website\"},\"primaryImageOfPage\":{\"@id\":\"https:\/\/www.pogotowieflagowe.pl\/aktualne\/atak-na-bylego-ministra-blaszczaka-ukarany-za-ujawnienie-prawdy\/#primaryimage\"},\"image\":{\"@id\":\"https:\/\/www.pogotowieflagowe.pl\/aktualne\/atak-na-bylego-ministra-blaszczaka-ukarany-za-ujawnienie-prawdy\/#primaryimage\"},\"thumbnailUrl\":\"https:\/\/www.pogotowieflagowe.pl\/aktualne\/wp-content\/uploads\/2025\/02\/Atak-na-bylego-ministra-Blaszczaka-ukarany-za-ujawnienie-prawdy.webp.webp\",\"datePublished\":\"2025-02-05T14:48:56+00:00\",\"dateModified\":\"2025-02-05T14:48:58+00:00\",\"breadcrumb\":{\"@id\":\"https:\/\/www.pogotowieflagowe.pl\/aktualne\/atak-na-bylego-ministra-blaszczaka-ukarany-za-ujawnienie-prawdy\/#breadcrumb\"},\"inLanguage\":\"pl-PL\",\"potentialAction\":[{\"@type\":\"ReadAction\",\"target\":[\"https:\/\/www.pogotowieflagowe.pl\/aktualne\/atak-na-bylego-ministra-blaszczaka-ukarany-za-ujawnienie-prawdy\/\"]}]},{\"@type\":\"ImageObject\",\"inLanguage\":\"pl-PL\",\"@id\":\"https:\/\/www.pogotowieflagowe.pl\/aktualne\/atak-na-bylego-ministra-blaszczaka-ukarany-za-ujawnienie-prawdy\/#primaryimage\",\"url\":\"https:\/\/www.pogotowieflagowe.pl\/aktualne\/wp-content\/uploads\/2025\/02\/Atak-na-bylego-ministra-Blaszczaka-ukarany-za-ujawnienie-prawdy.webp.webp\",\"contentUrl\":\"https:\/\/www.pogotowieflagowe.pl\/aktualne\/wp-content\/uploads\/2025\/02\/Atak-na-bylego-ministra-Blaszczaka-ukarany-za-ujawnienie-prawdy.webp.webp\",\"width\":1280,\"height\":720,\"caption\":\"Atak na by\u0142ego ministra B\u0142aszczaka: ukarany za ujawnienie prawdy\"},{\"@type\":\"BreadcrumbList\",\"@id\":\"https:\/\/www.pogotowieflagowe.pl\/aktualne\/atak-na-bylego-ministra-blaszczaka-ukarany-za-ujawnienie-prawdy\/#breadcrumb\",\"itemListElement\":[{\"@type\":\"ListItem\",\"position\":1,\"name\":\"Home\",\"item\":\"https:\/\/www.pogotowieflagowe.pl\/aktualne\/\"},{\"@type\":\"ListItem\",\"position\":2,\"name\":\"Atak na by\u0142ego ministra B\u0142aszczaka: ukarany za ujawnienie prawdy\"}]},{\"@type\":\"WebSite\",\"@id\":\"https:\/\/www.pogotowieflagowe.pl\/aktualne\/#website\",\"url\":\"https:\/\/www.pogotowieflagowe.pl\/aktualne\/\",\"name\":\"POGOTOWIE FLAGOWE\u00ae\",\"description\":\"\",\"publisher\":{\"@id\":\"https:\/\/www.pogotowieflagowe.pl\/aktualne\/#organization\"},\"potentialAction\":[{\"@type\":\"SearchAction\",\"target\":{\"@type\":\"EntryPoint\",\"urlTemplate\":\"https:\/\/www.pogotowieflagowe.pl\/aktualne\/?s={search_term_string}\"},\"query-input\":\"required name=search_term_string\"}],\"inLanguage\":\"pl-PL\"},{\"@type\":\"Organization\",\"@id\":\"https:\/\/www.pogotowieflagowe.pl\/aktualne\/#organization\",\"name\":\"POGOTOWIE FLAGOWE\u00ae\",\"url\":\"https:\/\/www.pogotowieflagowe.pl\/aktualne\/\",\"logo\":{\"@type\":\"ImageObject\",\"inLanguage\":\"pl-PL\",\"@id\":\"https:\/\/www.pogotowieflagowe.pl\/aktualne\/#\/schema\/logo\/image\/\",\"url\":\"https:\/\/www.pogotowieflagowe.pl\/aktualne\/wp-content\/uploads\/2024\/08\/cropped-pogotowieflagowe_flaga_projekt_sm.jpg\",\"contentUrl\":\"https:\/\/www.pogotowieflagowe.pl\/aktualne\/wp-content\/uploads\/2024\/08\/cropped-pogotowieflagowe_flaga_projekt_sm.jpg\",\"width\":250,\"height\":143,\"caption\":\"POGOTOWIE FLAGOWE\u00ae\"},\"image\":{\"@id\":\"https:\/\/www.pogotowieflagowe.pl\/aktualne\/#\/schema\/logo\/image\/\"}},{\"@type\":\"Person\",\"@id\":\"https:\/\/www.pogotowieflagowe.pl\/aktualne\/#\/schema\/person\/9c2fb7d2362ebf6fa088960d7f0d27b0\",\"name\":\"Filip\",\"image\":{\"@type\":\"ImageObject\",\"inLanguage\":\"pl-PL\",\"@id\":\"https:\/\/www.pogotowieflagowe.pl\/aktualne\/#\/schema\/person\/image\/\",\"url\":\"https:\/\/www.pogotowieflagowe.pl\/aktualne\/wp-content\/uploads\/2024\/08\/pogotowieflagowe.pl_.jpg\",\"contentUrl\":\"https:\/\/www.pogotowieflagowe.pl\/aktualne\/wp-content\/uploads\/2024\/08\/pogotowieflagowe.pl_.jpg\",\"caption\":\"Filip\"},\"description\":\"Jestem Filip, polski dziennikarz z dyplomem nauk politycznych Uniwersytetu Warszawskiego. Rozpoczynaj\u0105c swoj\u0105 karier\u0119 w r\u00f3\u017cnych lokalnych mediach, zdoby\u0142em solidne do\u015bwiadczenie w zakresie \u015bledztwa i redakcji. Obecnie jako redaktor w Pogotowie flagowe, staram si\u0119 dostarcza\u0107 dog\u0142\u0119bne i istotne analizy na temat najwa\u017cniejszych kwestii aktualno\u015bci, \u0142\u0105cz\u0105c rygor z pasj\u0105 dziennikarsk\u0105.\",\"sameAs\":[\"https:\/\/www.pogotowieflagowe.pl\/\"]}]}<\/script>\n<!-- \/ Yoast SEO plugin. -->","yoast_head_json":{"title":"Atak na by\u0142ego ministra B\u0142aszczaka: ukarany za ujawnienie prawdy - POGOTOWIE FLAGOWE\u00ae","robots":{"index":"index","follow":"follow","max-snippet":"max-snippet:-1","max-image-preview":"max-image-preview:large","max-video-preview":"max-video-preview:-1"},"canonical":"https:\/\/www.pogotowieflagowe.pl\/aktualne\/atak-na-bylego-ministra-blaszczaka-ukarany-za-ujawnienie-prawdy\/","og_locale":"pl_PL","og_type":"article","og_title":"Atak na by\u0142ego ministra B\u0142aszczaka: ukarany za ujawnienie prawdy - POGOTOWIE FLAGOWE\u00ae","og_description":"Wygl\u0105da na to, \u017ce m\u00f3wienie prawdy sta\u0142o si\u0119 przest\u0119pstwem karze pod rz\u0105dami rz\u0105du Donalda Tuska. Zamiast przyjmowa\u0107 b\u0142\u0119dy przesz\u0142e i","og_url":"https:\/\/www.pogotowieflagowe.pl\/aktualne\/atak-na-bylego-ministra-blaszczaka-ukarany-za-ujawnienie-prawdy\/","og_site_name":"POGOTOWIE FLAGOWE\u00ae","article_published_time":"2025-02-05T14:48:56+00:00","article_modified_time":"2025-02-05T14:48:58+00:00","og_image":[{"width":1280,"height":720,"url":"https:\/\/www.pogotowieflagowe.pl\/aktualne\/wp-content\/uploads\/2025\/02\/Atak-na-bylego-ministra-Blaszczaka-ukarany-za-ujawnienie-prawdy.webp.webp","type":"image\/webp"}],"author":"Filip","twitter_card":"summary_large_image","twitter_misc":{"Napisane przez":"Filip","Szacowany czas czytania":"2 minuty"},"schema":{"@context":"https:\/\/schema.org","@graph":[{"@type":"Article","@id":"https:\/\/www.pogotowieflagowe.pl\/aktualne\/atak-na-bylego-ministra-blaszczaka-ukarany-za-ujawnienie-prawdy\/#article","isPartOf":{"@id":"https:\/\/www.pogotowieflagowe.pl\/aktualne\/atak-na-bylego-ministra-blaszczaka-ukarany-za-ujawnienie-prawdy\/"},"author":{"name":"Filip","@id":"https:\/\/www.pogotowieflagowe.pl\/aktualne\/#\/schema\/person\/9c2fb7d2362ebf6fa088960d7f0d27b0"},"headline":"Atak na by\u0142ego ministra B\u0142aszczaka: ukarany za ujawnienie prawdy","datePublished":"2025-02-05T14:48:56+00:00","dateModified":"2025-02-05T14:48:58+00:00","mainEntityOfPage":{"@id":"https:\/\/www.pogotowieflagowe.pl\/aktualne\/atak-na-bylego-ministra-blaszczaka-ukarany-za-ujawnienie-prawdy\/"},"wordCount":363,"publisher":{"@id":"https:\/\/www.pogotowieflagowe.pl\/aktualne\/#organization"},"image":{"@id":"https:\/\/www.pogotowieflagowe.pl\/aktualne\/atak-na-bylego-ministra-blaszczaka-ukarany-za-ujawnienie-prawdy\/#primaryimage"},"thumbnailUrl":"https:\/\/www.pogotowieflagowe.pl\/aktualne\/wp-content\/uploads\/2025\/02\/Atak-na-bylego-ministra-Blaszczaka-ukarany-za-ujawnienie-prawdy.webp.webp","keywords":["Atak","B\u0142aszczaka","by\u0142ego","Ministra","prawdy","ujawnienie","ukarany"],"articleSection":["Aktualne"],"inLanguage":"pl-PL"},{"@type":"WebPage","@id":"https:\/\/www.pogotowieflagowe.pl\/aktualne\/atak-na-bylego-ministra-blaszczaka-ukarany-za-ujawnienie-prawdy\/","url":"https:\/\/www.pogotowieflagowe.pl\/aktualne\/atak-na-bylego-ministra-blaszczaka-ukarany-za-ujawnienie-prawdy\/","name":"Atak na by\u0142ego ministra B\u0142aszczaka: ukarany za ujawnienie prawdy - POGOTOWIE FLAGOWE\u00ae","isPartOf":{"@id":"https:\/\/www.pogotowieflagowe.pl\/aktualne\/#website"},"primaryImageOfPage":{"@id":"https:\/\/www.pogotowieflagowe.pl\/aktualne\/atak-na-bylego-ministra-blaszczaka-ukarany-za-ujawnienie-prawdy\/#primaryimage"},"image":{"@id":"https:\/\/www.pogotowieflagowe.pl\/aktualne\/atak-na-bylego-ministra-blaszczaka-ukarany-za-ujawnienie-prawdy\/#primaryimage"},"thumbnailUrl":"https:\/\/www.pogotowieflagowe.pl\/aktualne\/wp-content\/uploads\/2025\/02\/Atak-na-bylego-ministra-Blaszczaka-ukarany-za-ujawnienie-prawdy.webp.webp","datePublished":"2025-02-05T14:48:56+00:00","dateModified":"2025-02-05T14:48:58+00:00","breadcrumb":{"@id":"https:\/\/www.pogotowieflagowe.pl\/aktualne\/atak-na-bylego-ministra-blaszczaka-ukarany-za-ujawnienie-prawdy\/#breadcrumb"},"inLanguage":"pl-PL","potentialAction":[{"@type":"ReadAction","target":["https:\/\/www.pogotowieflagowe.pl\/aktualne\/atak-na-bylego-ministra-blaszczaka-ukarany-za-ujawnienie-prawdy\/"]}]},{"@type":"ImageObject","inLanguage":"pl-PL","@id":"https:\/\/www.pogotowieflagowe.pl\/aktualne\/atak-na-bylego-ministra-blaszczaka-ukarany-za-ujawnienie-prawdy\/#primaryimage","url":"https:\/\/www.pogotowieflagowe.pl\/aktualne\/wp-content\/uploads\/2025\/02\/Atak-na-bylego-ministra-Blaszczaka-ukarany-za-ujawnienie-prawdy.webp.webp","contentUrl":"https:\/\/www.pogotowieflagowe.pl\/aktualne\/wp-content\/uploads\/2025\/02\/Atak-na-bylego-ministra-Blaszczaka-ukarany-za-ujawnienie-prawdy.webp.webp","width":1280,"height":720,"caption":"Atak na by\u0142ego ministra B\u0142aszczaka: ukarany za ujawnienie prawdy"},{"@type":"BreadcrumbList","@id":"https:\/\/www.pogotowieflagowe.pl\/aktualne\/atak-na-bylego-ministra-blaszczaka-ukarany-za-ujawnienie-prawdy\/#breadcrumb","itemListElement":[{"@type":"ListItem","position":1,"name":"Home","item":"https:\/\/www.pogotowieflagowe.pl\/aktualne\/"},{"@type":"ListItem","position":2,"name":"Atak na by\u0142ego ministra B\u0142aszczaka: ukarany za ujawnienie prawdy"}]},{"@type":"WebSite","@id":"https:\/\/www.pogotowieflagowe.pl\/aktualne\/#website","url":"https:\/\/www.pogotowieflagowe.pl\/aktualne\/","name":"POGOTOWIE FLAGOWE\u00ae","description":"","publisher":{"@id":"https:\/\/www.pogotowieflagowe.pl\/aktualne\/#organization"},"potentialAction":[{"@type":"SearchAction","target":{"@type":"EntryPoint","urlTemplate":"https:\/\/www.pogotowieflagowe.pl\/aktualne\/?s={search_term_string}"},"query-input":"required name=search_term_string"}],"inLanguage":"pl-PL"},{"@type":"Organization","@id":"https:\/\/www.pogotowieflagowe.pl\/aktualne\/#organization","name":"POGOTOWIE FLAGOWE\u00ae","url":"https:\/\/www.pogotowieflagowe.pl\/aktualne\/","logo":{"@type":"ImageObject","inLanguage":"pl-PL","@id":"https:\/\/www.pogotowieflagowe.pl\/aktualne\/#\/schema\/logo\/image\/","url":"https:\/\/www.pogotowieflagowe.pl\/aktualne\/wp-content\/uploads\/2024\/08\/cropped-pogotowieflagowe_flaga_projekt_sm.jpg","contentUrl":"https:\/\/www.pogotowieflagowe.pl\/aktualne\/wp-content\/uploads\/2024\/08\/cropped-pogotowieflagowe_flaga_projekt_sm.jpg","width":250,"height":143,"caption":"POGOTOWIE FLAGOWE\u00ae"},"image":{"@id":"https:\/\/www.pogotowieflagowe.pl\/aktualne\/#\/schema\/logo\/image\/"}},{"@type":"Person","@id":"https:\/\/www.pogotowieflagowe.pl\/aktualne\/#\/schema\/person\/9c2fb7d2362ebf6fa088960d7f0d27b0","name":"Filip","image":{"@type":"ImageObject","inLanguage":"pl-PL","@id":"https:\/\/www.pogotowieflagowe.pl\/aktualne\/#\/schema\/person\/image\/","url":"https:\/\/www.pogotowieflagowe.pl\/aktualne\/wp-content\/uploads\/2024\/08\/pogotowieflagowe.pl_.jpg","contentUrl":"https:\/\/www.pogotowieflagowe.pl\/aktualne\/wp-content\/uploads\/2024\/08\/pogotowieflagowe.pl_.jpg","caption":"Filip"},"description":"Jestem Filip, polski dziennikarz z dyplomem nauk politycznych Uniwersytetu Warszawskiego. Rozpoczynaj\u0105c swoj\u0105 karier\u0119 w r\u00f3\u017cnych lokalnych mediach, zdoby\u0142em solidne do\u015bwiadczenie w zakresie \u015bledztwa i redakcji. Obecnie jako redaktor w Pogotowie flagowe, staram si\u0119 dostarcza\u0107 dog\u0142\u0119bne i istotne analizy na temat najwa\u017cniejszych kwestii aktualno\u015bci, \u0142\u0105cz\u0105c rygor z pasj\u0105 dziennikarsk\u0105.","sameAs":["https:\/\/www.pogotowieflagowe.pl\/"]}]}},"_links":{"self":[{"href":"https:\/\/www.pogotowieflagowe.pl\/aktualne\/wp-json\/wp\/v2\/posts\/3736","targetHints":{"allow":["GET"]}}],"collection":[{"href":"https:\/\/www.pogotowieflagowe.pl\/aktualne\/wp-json\/wp\/v2\/posts"}],"about":[{"href":"https:\/\/www.pogotowieflagowe.pl\/aktualne\/wp-json\/wp\/v2\/types\/post"}],"author":[{"embeddable":true,"href":"https:\/\/www.pogotowieflagowe.pl\/aktualne\/wp-json\/wp\/v2\/users\/1"}],"replies":[{"embeddable":true,"href":"https:\/\/www.pogotowieflagowe.pl\/aktualne\/wp-json\/wp\/v2\/comments?post=3736"}],"version-history":[{"count":1,"href":"https:\/\/www.pogotowieflagowe.pl\/aktualne\/wp-json\/wp\/v2\/posts\/3736\/revisions"}],"predecessor-version":[{"id":3738,"href":"https:\/\/www.pogotowieflagowe.pl\/aktualne\/wp-json\/wp\/v2\/posts\/3736\/revisions\/3738"}],"wp:featuredmedia":[{"embeddable":true,"href":"https:\/\/www.pogotowieflagowe.pl\/aktualne\/wp-json\/wp\/v2\/media\/3737"}],"wp:attachment":[{"href":"https:\/\/www.pogotowieflagowe.pl\/aktualne\/wp-json\/wp\/v2\/media?parent=3736"}],"wp:term":[{"taxonomy":"category","embeddable":true,"href":"https:\/\/www.pogotowieflagowe.pl\/aktualne\/wp-json\/wp\/v2\/categories?post=3736"},{"taxonomy":"post_tag","embeddable":true,"href":"https:\/\/www.pogotowieflagowe.pl\/aktualne\/wp-json\/wp\/v2\/tags?post=3736"}],"curies":[{"name":"wp","href":"https:\/\/api.w.org\/{rel}","templated":true}]}}