{"id":3744,"date":"2025-02-06T03:47:33","date_gmt":"2025-02-06T02:47:33","guid":{"rendered":"https:\/\/www.pogotowieflagowe.pl\/aktualne\/polscy-dziennikarze-bronia-piotr-lisiewicz-przed-nielegalnym-zwolnieniem\/"},"modified":"2025-02-06T03:47:35","modified_gmt":"2025-02-06T02:47:35","slug":"polscy-dziennikarze-bronia-piotr-lisiewicz-przed-nielegalnym-zwolnieniem","status":"publish","type":"post","link":"https:\/\/www.pogotowieflagowe.pl\/aktualne\/polscy-dziennikarze-bronia-piotr-lisiewicz-przed-nielegalnym-zwolnieniem\/","title":{"rendered":"Polscy dziennikarze broni\u0105 Piotr Lisiewicz przed nielegalnym zwolnieniem"},"content":{"rendered":"\n<div class=\"td_block_wrap tdb_single_content tdi_41 td-pb-border-top td_block_template_8 td-post-content tagdiv-type\" data-td-block-uid=\"tdi_41\">\n<style>.tdi_41 {margin-top: 0px! Wa\u017cne; margines-bottom: 0px! Wa\u017cne; padding-top: 0px! WA\u017bNE; PALDING-Bottom: 0px! Wa\u017cne}<\/style>\n<style>.tdb_single_content {margin-bottom: 0;*zoom: 1} .tdb_single_content: wcze\u015bniej, .tdb_single_content: po {display: Table; content: ''; line-height: 0} .TDB-BLOCK-INner>*: nie (.WP-BLOCK-QUOTE): NOT (.Alignwide): not (.alignfull.wp-block-cover.has-parallax): not (.td-a-ad) {margin-left: auto; margin-right: auto} .tdb_single_content a {wska\u017anik-events: auto} .tdb_single_content .td-spot-id-top_ad .tdc-placeholder-title: przed {content: 'top ad'! Wa\u017cne} .tdb_single_content .td-spot-id-inline_ad0 .tdc-miejsce-title: przed {content: \u201eArtyku\u0142 inline AD 1 '! Wa\u017cne} .tdb_single_content. {content: 'Artyku\u0142 inline AD 2'! Wa\u017cny} .tdb_single_content .td-spot-inline_ad2 .tdc-miejsce-title: przed {content: 'Artyku\u0142 inline AD 3'! Wa\u017cny} .tdb_single_content .td-spot-id-id -Bottom_Ad .tdc-Placeholder-Title: przed {content: 'artyku\u0142 dolny ad'! Wa\u017cne} .tdb_single_content .id_top_ad, .tdb_single_content .id_bottom_ad {clear: obu; margin-bottom: 21px; text -align: Center} .tdb_single_content. id_top_ad IMG, .tdb_single_content .id_bottom_ad Img {margin-bottom: 0} .tdb_single_content .id_top_ad .adsbyGoogle, .tdb_single_content .id_bottom_ad .adsbyGoogle , .tdb_single_content .id_ad_content-horiz-right , .tdb_single_content .id_ad_content-horiz-Center {margin-bottom: 15px} .tdb_single_content .id_content-horiz-left Img, .tdb_single_content .id_ad_content-horiz-right Gin-Bottom: 0 { lewy; margine-top: 9px; margin-right: 21px} .tdb_single_content .id_ad_content-horiz-right {float: right; margin-top: 6px; margin-left: 21px} .tdb_single_content .tdc-a-ad .tdc--- Umak zast\u0119puj\u0105cy {szeroko\u015b\u0107: 300px; height: 250px} .tdb_single_content .tdc-a-ad .tdc-miejsce-title: przed {pozycja: Absolute; top: 50%;-WebKit-Transform: t\u0142umaczenie (-50%); Transform: Translatey (-50%); margines: auto; display: tabela; szeroko\u015b\u0107: 100%} > P, .tdi_41 .tdb-block-inner> p {font-size: 16px! Wa\u017cne; linia-height: 1.6! Wa\u017cne} .tdi_41 .tdb-block-inner blokote p {font-styl: Normal! Media (Max-Width: 767px) {. tdb_single_content .id_ad_content-horiz-left, .tdb_single_content .id_ad_content-horiz-right, .tdb_single_content .id_ad_content-horiz-center {margin: 0 auto 26px auto}}}@media (MAXID. : 767px) {. Tdb_single_content .id_ad_content-horiz-left {margin-right: 0}}@media (Max-Width: 767px) {. -Width: 767px) {. tdb_single_content .td-a-ad {float: none; text-align: Center} .tdb_single_content .td-a-ad img {margin-right: auto; margin-left: auto} .tdb_single_content. tdc-a-ad {float: none}}<\/style>\n<div class=\"tdb-block-inner td-fix-index\">\n<p>Polskie Centrum Monitorowania Wolno\u015bci Press (CMWP SDP) zdecydowanie pot\u0119pi\u0142o zwolnienie dziennikarza Piotra Lisiewicza z jego roli przewodnicz\u0105cego Rady Programu Radia Pozna\u0144 przez National Media Council (RMN). Wed\u0142ug SDP decyzja narusza polskie prawo medialne, kt\u00f3re okre\u015bla procedury spotkania, ale nie pozwala na przedwczesne usuni\u0119cie. Dzia\u0142anie to jest postrzegane jako atak na niepodleg\u0142o\u015b\u0107 dziennikarsk\u0105, szczeg\u00f3lnie bior\u0105c pod uwag\u0119, \u017ce nawet by\u0142y cz\u0142onek rady oskar\u017cony o powa\u017cne przest\u0119pstwa nie zosta\u0142 usuni\u0119ty w podobnych okoliczno\u015bciach.<\/p>\n<figure class=\"wp-block-embed is-type-video is-provider-youtube wp-block-embed-youtube wp-embed-aspect-16-9 wp-has-aspect-ratio\">\n<div class=\"wp-block-embed__wrapper\">\n<div class=\"youtube-embed\" data-video_id=\"WRzjOkA8I_Q\"><a href=\"https:\/\/www.youtube.com\/watch?v=wrzoka8i_q\">https:\/\/www.youtube.com\/watch?v=wrzoka8i_q<\/a><\/div>\n<\/div>\n<\/figure>\n<h4 class=\"wp-block-heading\">Oskar\u017cenia o cenzur\u0119 i t\u0142umienie medi\u00f3w<\/h4>\n<p>Opr\u00f3cz usuni\u0119cia Lisiewicz, ponad 200 odcink\u00f3w jego d\u0142ugotrwa\u0142ego programu radiowego <em>WYWIAD Z CHULIGANEM<\/em> zostali w tajemniczy spos\u00f3b usuni\u0119ci z publicznego dost\u0119pu. SDP twierdzi, \u017ce jest to akt cenzury maj\u0105cy na celu usuni\u0119cie pracy szanowanego dziennikarza z ponad 30 -letnim do\u015bwiadczeniem. W odpowiedzi zamaskowanych demonstrant\u00f3w, nazywaj\u0105c siebie \u201estra\u017cnikami wolno\u015bci prasy\u201d, protestowali poza radiem pozna\u0144ski, podczas gdy SDP wezwa\u0142 RMN do odwr\u00f3cenia decyzji i poszanowania niezale\u017cno\u015bci dziennikarskiej.<\/p>\n<\/div>\n<\/div>\n","protected":false},"excerpt":{"rendered":"<p>Polskie Centrum Monitorowania Wolno\u015bci Press (CMWP SDP) zdecydowanie pot\u0119pi\u0142o zwolnienie dziennikarza Piotra Lisiewicza z jego roli przewodnicz\u0105cego Rady Programu Radia<\/p>\n","protected":false},"author":1,"featured_media":3745,"comment_status":"closed","ping_status":"","sticky":false,"template":"","format":"standard","meta":{"footnotes":""},"categories":[4748],"tags":[3045,5289,4098,5291,5290,177,643,5292],"class_list":["post-3744","post","type-post","status-publish","format-standard","has-post-thumbnail","hentry","category-aktualne","tag-bronia","tag-dziennikarze","tag-lisiewicz","tag-nielegalnym","tag-piotr","tag-polscy","tag-przed","tag-zwolnieniem","generate-columns","tablet-grid-50","mobile-grid-100","grid-parent","grid-50","resize-featured-image"],"yoast_head":"<!-- This site is optimized with the Yoast SEO plugin v23.2 - https:\/\/yoast.com\/wordpress\/plugins\/seo\/ -->\n<title>Polscy dziennikarze broni\u0105 Piotr Lisiewicz przed nielegalnym zwolnieniem - POGOTOWIE FLAGOWE\u00ae<\/title>\n<meta name=\"robots\" content=\"index, follow, max-snippet:-1, max-image-preview:large, max-video-preview:-1\" \/>\n<link rel=\"canonical\" href=\"https:\/\/www.pogotowieflagowe.pl\/aktualne\/polscy-dziennikarze-bronia-piotr-lisiewicz-przed-nielegalnym-zwolnieniem\/\" \/>\n<meta property=\"og:locale\" content=\"pl_PL\" \/>\n<meta property=\"og:type\" content=\"article\" \/>\n<meta property=\"og:title\" content=\"Polscy dziennikarze broni\u0105 Piotr Lisiewicz przed nielegalnym zwolnieniem - POGOTOWIE FLAGOWE\u00ae\" \/>\n<meta property=\"og:description\" content=\"Polskie Centrum Monitorowania Wolno\u015bci Press (CMWP SDP) zdecydowanie pot\u0119pi\u0142o zwolnienie dziennikarza Piotra Lisiewicza z jego roli przewodnicz\u0105cego Rady Programu Radia\" \/>\n<meta property=\"og:url\" content=\"https:\/\/www.pogotowieflagowe.pl\/aktualne\/polscy-dziennikarze-bronia-piotr-lisiewicz-przed-nielegalnym-zwolnieniem\/\" \/>\n<meta property=\"og:site_name\" content=\"POGOTOWIE FLAGOWE\u00ae\" \/>\n<meta property=\"article:published_time\" content=\"2025-02-06T02:47:33+00:00\" \/>\n<meta property=\"article:modified_time\" content=\"2025-02-06T02:47:35+00:00\" \/>\n<meta property=\"og:image\" content=\"https:\/\/www.pogotowieflagowe.pl\/aktualne\/wp-content\/uploads\/2025\/02\/Polscy-dziennikarze-bronia-Piotr-Lisiewicz-przed-nielegalnym-zwolnieniem.webp.webp\" \/>\n\t<meta property=\"og:image:width\" content=\"1280\" \/>\n\t<meta property=\"og:image:height\" content=\"720\" \/>\n\t<meta property=\"og:image:type\" content=\"image\/webp\" \/>\n<meta name=\"author\" content=\"Filip\" \/>\n<meta name=\"twitter:card\" content=\"summary_large_image\" \/>\n<meta name=\"twitter:label1\" content=\"Napisane przez\" \/>\n\t<meta name=\"twitter:data1\" content=\"Filip\" \/>\n\t<meta name=\"twitter:label2\" content=\"Szacowany czas czytania\" \/>\n\t<meta name=\"twitter:data2\" content=\"1 minuta\" \/>\n<script type=\"application\/ld+json\" class=\"yoast-schema-graph\">{\"@context\":\"https:\/\/schema.org\",\"@graph\":[{\"@type\":\"Article\",\"@id\":\"https:\/\/www.pogotowieflagowe.pl\/aktualne\/polscy-dziennikarze-bronia-piotr-lisiewicz-przed-nielegalnym-zwolnieniem\/#article\",\"isPartOf\":{\"@id\":\"https:\/\/www.pogotowieflagowe.pl\/aktualne\/polscy-dziennikarze-bronia-piotr-lisiewicz-przed-nielegalnym-zwolnieniem\/\"},\"author\":{\"name\":\"Filip\",\"@id\":\"https:\/\/www.pogotowieflagowe.pl\/aktualne\/#\/schema\/person\/9c2fb7d2362ebf6fa088960d7f0d27b0\"},\"headline\":\"Polscy dziennikarze broni\u0105 Piotr Lisiewicz przed nielegalnym zwolnieniem\",\"datePublished\":\"2025-02-06T02:47:33+00:00\",\"dateModified\":\"2025-02-06T02:47:35+00:00\",\"mainEntityOfPage\":{\"@id\":\"https:\/\/www.pogotowieflagowe.pl\/aktualne\/polscy-dziennikarze-bronia-piotr-lisiewicz-przed-nielegalnym-zwolnieniem\/\"},\"wordCount\":200,\"publisher\":{\"@id\":\"https:\/\/www.pogotowieflagowe.pl\/aktualne\/#organization\"},\"image\":{\"@id\":\"https:\/\/www.pogotowieflagowe.pl\/aktualne\/polscy-dziennikarze-bronia-piotr-lisiewicz-przed-nielegalnym-zwolnieniem\/#primaryimage\"},\"thumbnailUrl\":\"https:\/\/www.pogotowieflagowe.pl\/aktualne\/wp-content\/uploads\/2025\/02\/Polscy-dziennikarze-bronia-Piotr-Lisiewicz-przed-nielegalnym-zwolnieniem.webp.webp\",\"keywords\":[\"broni\u0105\",\"dziennikarze\",\"Lisiewicz\",\"nielegalnym\",\"Piotr\",\"Polscy\",\"przed\",\"zwolnieniem\"],\"articleSection\":[\"Aktualne\"],\"inLanguage\":\"pl-PL\"},{\"@type\":\"WebPage\",\"@id\":\"https:\/\/www.pogotowieflagowe.pl\/aktualne\/polscy-dziennikarze-bronia-piotr-lisiewicz-przed-nielegalnym-zwolnieniem\/\",\"url\":\"https:\/\/www.pogotowieflagowe.pl\/aktualne\/polscy-dziennikarze-bronia-piotr-lisiewicz-przed-nielegalnym-zwolnieniem\/\",\"name\":\"Polscy dziennikarze broni\u0105 Piotr Lisiewicz przed nielegalnym zwolnieniem - POGOTOWIE FLAGOWE\u00ae\",\"isPartOf\":{\"@id\":\"https:\/\/www.pogotowieflagowe.pl\/aktualne\/#website\"},\"primaryImageOfPage\":{\"@id\":\"https:\/\/www.pogotowieflagowe.pl\/aktualne\/polscy-dziennikarze-bronia-piotr-lisiewicz-przed-nielegalnym-zwolnieniem\/#primaryimage\"},\"image\":{\"@id\":\"https:\/\/www.pogotowieflagowe.pl\/aktualne\/polscy-dziennikarze-bronia-piotr-lisiewicz-przed-nielegalnym-zwolnieniem\/#primaryimage\"},\"thumbnailUrl\":\"https:\/\/www.pogotowieflagowe.pl\/aktualne\/wp-content\/uploads\/2025\/02\/Polscy-dziennikarze-bronia-Piotr-Lisiewicz-przed-nielegalnym-zwolnieniem.webp.webp\",\"datePublished\":\"2025-02-06T02:47:33+00:00\",\"dateModified\":\"2025-02-06T02:47:35+00:00\",\"breadcrumb\":{\"@id\":\"https:\/\/www.pogotowieflagowe.pl\/aktualne\/polscy-dziennikarze-bronia-piotr-lisiewicz-przed-nielegalnym-zwolnieniem\/#breadcrumb\"},\"inLanguage\":\"pl-PL\",\"potentialAction\":[{\"@type\":\"ReadAction\",\"target\":[\"https:\/\/www.pogotowieflagowe.pl\/aktualne\/polscy-dziennikarze-bronia-piotr-lisiewicz-przed-nielegalnym-zwolnieniem\/\"]}]},{\"@type\":\"ImageObject\",\"inLanguage\":\"pl-PL\",\"@id\":\"https:\/\/www.pogotowieflagowe.pl\/aktualne\/polscy-dziennikarze-bronia-piotr-lisiewicz-przed-nielegalnym-zwolnieniem\/#primaryimage\",\"url\":\"https:\/\/www.pogotowieflagowe.pl\/aktualne\/wp-content\/uploads\/2025\/02\/Polscy-dziennikarze-bronia-Piotr-Lisiewicz-przed-nielegalnym-zwolnieniem.webp.webp\",\"contentUrl\":\"https:\/\/www.pogotowieflagowe.pl\/aktualne\/wp-content\/uploads\/2025\/02\/Polscy-dziennikarze-bronia-Piotr-Lisiewicz-przed-nielegalnym-zwolnieniem.webp.webp\",\"width\":1280,\"height\":720,\"caption\":\"Polscy dziennikarze broni\u0105 Piotr Lisiewicz przed nielegalnym zwolnieniem\"},{\"@type\":\"BreadcrumbList\",\"@id\":\"https:\/\/www.pogotowieflagowe.pl\/aktualne\/polscy-dziennikarze-bronia-piotr-lisiewicz-przed-nielegalnym-zwolnieniem\/#breadcrumb\",\"itemListElement\":[{\"@type\":\"ListItem\",\"position\":1,\"name\":\"Home\",\"item\":\"https:\/\/www.pogotowieflagowe.pl\/aktualne\/\"},{\"@type\":\"ListItem\",\"position\":2,\"name\":\"Polscy dziennikarze broni\u0105 Piotr Lisiewicz przed nielegalnym zwolnieniem\"}]},{\"@type\":\"WebSite\",\"@id\":\"https:\/\/www.pogotowieflagowe.pl\/aktualne\/#website\",\"url\":\"https:\/\/www.pogotowieflagowe.pl\/aktualne\/\",\"name\":\"POGOTOWIE FLAGOWE\u00ae\",\"description\":\"\",\"publisher\":{\"@id\":\"https:\/\/www.pogotowieflagowe.pl\/aktualne\/#organization\"},\"potentialAction\":[{\"@type\":\"SearchAction\",\"target\":{\"@type\":\"EntryPoint\",\"urlTemplate\":\"https:\/\/www.pogotowieflagowe.pl\/aktualne\/?s={search_term_string}\"},\"query-input\":\"required name=search_term_string\"}],\"inLanguage\":\"pl-PL\"},{\"@type\":\"Organization\",\"@id\":\"https:\/\/www.pogotowieflagowe.pl\/aktualne\/#organization\",\"name\":\"POGOTOWIE FLAGOWE\u00ae\",\"url\":\"https:\/\/www.pogotowieflagowe.pl\/aktualne\/\",\"logo\":{\"@type\":\"ImageObject\",\"inLanguage\":\"pl-PL\",\"@id\":\"https:\/\/www.pogotowieflagowe.pl\/aktualne\/#\/schema\/logo\/image\/\",\"url\":\"https:\/\/www.pogotowieflagowe.pl\/aktualne\/wp-content\/uploads\/2024\/08\/cropped-pogotowieflagowe_flaga_projekt_sm.jpg\",\"contentUrl\":\"https:\/\/www.pogotowieflagowe.pl\/aktualne\/wp-content\/uploads\/2024\/08\/cropped-pogotowieflagowe_flaga_projekt_sm.jpg\",\"width\":250,\"height\":143,\"caption\":\"POGOTOWIE FLAGOWE\u00ae\"},\"image\":{\"@id\":\"https:\/\/www.pogotowieflagowe.pl\/aktualne\/#\/schema\/logo\/image\/\"}},{\"@type\":\"Person\",\"@id\":\"https:\/\/www.pogotowieflagowe.pl\/aktualne\/#\/schema\/person\/9c2fb7d2362ebf6fa088960d7f0d27b0\",\"name\":\"Filip\",\"image\":{\"@type\":\"ImageObject\",\"inLanguage\":\"pl-PL\",\"@id\":\"https:\/\/www.pogotowieflagowe.pl\/aktualne\/#\/schema\/person\/image\/\",\"url\":\"https:\/\/www.pogotowieflagowe.pl\/aktualne\/wp-content\/uploads\/2024\/08\/pogotowieflagowe.pl_.jpg\",\"contentUrl\":\"https:\/\/www.pogotowieflagowe.pl\/aktualne\/wp-content\/uploads\/2024\/08\/pogotowieflagowe.pl_.jpg\",\"caption\":\"Filip\"},\"description\":\"Jestem Filip, polski dziennikarz z dyplomem nauk politycznych Uniwersytetu Warszawskiego. Rozpoczynaj\u0105c swoj\u0105 karier\u0119 w r\u00f3\u017cnych lokalnych mediach, zdoby\u0142em solidne do\u015bwiadczenie w zakresie \u015bledztwa i redakcji. Obecnie jako redaktor w Pogotowie flagowe, staram si\u0119 dostarcza\u0107 dog\u0142\u0119bne i istotne analizy na temat najwa\u017cniejszych kwestii aktualno\u015bci, \u0142\u0105cz\u0105c rygor z pasj\u0105 dziennikarsk\u0105.\",\"sameAs\":[\"https:\/\/www.pogotowieflagowe.pl\/\"]}]}<\/script>\n<!-- \/ Yoast SEO plugin. -->","yoast_head_json":{"title":"Polscy dziennikarze broni\u0105 Piotr Lisiewicz przed nielegalnym zwolnieniem - POGOTOWIE FLAGOWE\u00ae","robots":{"index":"index","follow":"follow","max-snippet":"max-snippet:-1","max-image-preview":"max-image-preview:large","max-video-preview":"max-video-preview:-1"},"canonical":"https:\/\/www.pogotowieflagowe.pl\/aktualne\/polscy-dziennikarze-bronia-piotr-lisiewicz-przed-nielegalnym-zwolnieniem\/","og_locale":"pl_PL","og_type":"article","og_title":"Polscy dziennikarze broni\u0105 Piotr Lisiewicz przed nielegalnym zwolnieniem - POGOTOWIE FLAGOWE\u00ae","og_description":"Polskie Centrum Monitorowania Wolno\u015bci Press (CMWP SDP) zdecydowanie pot\u0119pi\u0142o zwolnienie dziennikarza Piotra Lisiewicza z jego roli przewodnicz\u0105cego Rady Programu Radia","og_url":"https:\/\/www.pogotowieflagowe.pl\/aktualne\/polscy-dziennikarze-bronia-piotr-lisiewicz-przed-nielegalnym-zwolnieniem\/","og_site_name":"POGOTOWIE FLAGOWE\u00ae","article_published_time":"2025-02-06T02:47:33+00:00","article_modified_time":"2025-02-06T02:47:35+00:00","og_image":[{"width":1280,"height":720,"url":"https:\/\/www.pogotowieflagowe.pl\/aktualne\/wp-content\/uploads\/2025\/02\/Polscy-dziennikarze-bronia-Piotr-Lisiewicz-przed-nielegalnym-zwolnieniem.webp.webp","type":"image\/webp"}],"author":"Filip","twitter_card":"summary_large_image","twitter_misc":{"Napisane przez":"Filip","Szacowany czas czytania":"1 minuta"},"schema":{"@context":"https:\/\/schema.org","@graph":[{"@type":"Article","@id":"https:\/\/www.pogotowieflagowe.pl\/aktualne\/polscy-dziennikarze-bronia-piotr-lisiewicz-przed-nielegalnym-zwolnieniem\/#article","isPartOf":{"@id":"https:\/\/www.pogotowieflagowe.pl\/aktualne\/polscy-dziennikarze-bronia-piotr-lisiewicz-przed-nielegalnym-zwolnieniem\/"},"author":{"name":"Filip","@id":"https:\/\/www.pogotowieflagowe.pl\/aktualne\/#\/schema\/person\/9c2fb7d2362ebf6fa088960d7f0d27b0"},"headline":"Polscy dziennikarze broni\u0105 Piotr Lisiewicz przed nielegalnym zwolnieniem","datePublished":"2025-02-06T02:47:33+00:00","dateModified":"2025-02-06T02:47:35+00:00","mainEntityOfPage":{"@id":"https:\/\/www.pogotowieflagowe.pl\/aktualne\/polscy-dziennikarze-bronia-piotr-lisiewicz-przed-nielegalnym-zwolnieniem\/"},"wordCount":200,"publisher":{"@id":"https:\/\/www.pogotowieflagowe.pl\/aktualne\/#organization"},"image":{"@id":"https:\/\/www.pogotowieflagowe.pl\/aktualne\/polscy-dziennikarze-bronia-piotr-lisiewicz-przed-nielegalnym-zwolnieniem\/#primaryimage"},"thumbnailUrl":"https:\/\/www.pogotowieflagowe.pl\/aktualne\/wp-content\/uploads\/2025\/02\/Polscy-dziennikarze-bronia-Piotr-Lisiewicz-przed-nielegalnym-zwolnieniem.webp.webp","keywords":["broni\u0105","dziennikarze","Lisiewicz","nielegalnym","Piotr","Polscy","przed","zwolnieniem"],"articleSection":["Aktualne"],"inLanguage":"pl-PL"},{"@type":"WebPage","@id":"https:\/\/www.pogotowieflagowe.pl\/aktualne\/polscy-dziennikarze-bronia-piotr-lisiewicz-przed-nielegalnym-zwolnieniem\/","url":"https:\/\/www.pogotowieflagowe.pl\/aktualne\/polscy-dziennikarze-bronia-piotr-lisiewicz-przed-nielegalnym-zwolnieniem\/","name":"Polscy dziennikarze broni\u0105 Piotr Lisiewicz przed nielegalnym zwolnieniem - POGOTOWIE FLAGOWE\u00ae","isPartOf":{"@id":"https:\/\/www.pogotowieflagowe.pl\/aktualne\/#website"},"primaryImageOfPage":{"@id":"https:\/\/www.pogotowieflagowe.pl\/aktualne\/polscy-dziennikarze-bronia-piotr-lisiewicz-przed-nielegalnym-zwolnieniem\/#primaryimage"},"image":{"@id":"https:\/\/www.pogotowieflagowe.pl\/aktualne\/polscy-dziennikarze-bronia-piotr-lisiewicz-przed-nielegalnym-zwolnieniem\/#primaryimage"},"thumbnailUrl":"https:\/\/www.pogotowieflagowe.pl\/aktualne\/wp-content\/uploads\/2025\/02\/Polscy-dziennikarze-bronia-Piotr-Lisiewicz-przed-nielegalnym-zwolnieniem.webp.webp","datePublished":"2025-02-06T02:47:33+00:00","dateModified":"2025-02-06T02:47:35+00:00","breadcrumb":{"@id":"https:\/\/www.pogotowieflagowe.pl\/aktualne\/polscy-dziennikarze-bronia-piotr-lisiewicz-przed-nielegalnym-zwolnieniem\/#breadcrumb"},"inLanguage":"pl-PL","potentialAction":[{"@type":"ReadAction","target":["https:\/\/www.pogotowieflagowe.pl\/aktualne\/polscy-dziennikarze-bronia-piotr-lisiewicz-przed-nielegalnym-zwolnieniem\/"]}]},{"@type":"ImageObject","inLanguage":"pl-PL","@id":"https:\/\/www.pogotowieflagowe.pl\/aktualne\/polscy-dziennikarze-bronia-piotr-lisiewicz-przed-nielegalnym-zwolnieniem\/#primaryimage","url":"https:\/\/www.pogotowieflagowe.pl\/aktualne\/wp-content\/uploads\/2025\/02\/Polscy-dziennikarze-bronia-Piotr-Lisiewicz-przed-nielegalnym-zwolnieniem.webp.webp","contentUrl":"https:\/\/www.pogotowieflagowe.pl\/aktualne\/wp-content\/uploads\/2025\/02\/Polscy-dziennikarze-bronia-Piotr-Lisiewicz-przed-nielegalnym-zwolnieniem.webp.webp","width":1280,"height":720,"caption":"Polscy dziennikarze broni\u0105 Piotr Lisiewicz przed nielegalnym zwolnieniem"},{"@type":"BreadcrumbList","@id":"https:\/\/www.pogotowieflagowe.pl\/aktualne\/polscy-dziennikarze-bronia-piotr-lisiewicz-przed-nielegalnym-zwolnieniem\/#breadcrumb","itemListElement":[{"@type":"ListItem","position":1,"name":"Home","item":"https:\/\/www.pogotowieflagowe.pl\/aktualne\/"},{"@type":"ListItem","position":2,"name":"Polscy dziennikarze broni\u0105 Piotr Lisiewicz przed nielegalnym zwolnieniem"}]},{"@type":"WebSite","@id":"https:\/\/www.pogotowieflagowe.pl\/aktualne\/#website","url":"https:\/\/www.pogotowieflagowe.pl\/aktualne\/","name":"POGOTOWIE FLAGOWE\u00ae","description":"","publisher":{"@id":"https:\/\/www.pogotowieflagowe.pl\/aktualne\/#organization"},"potentialAction":[{"@type":"SearchAction","target":{"@type":"EntryPoint","urlTemplate":"https:\/\/www.pogotowieflagowe.pl\/aktualne\/?s={search_term_string}"},"query-input":"required name=search_term_string"}],"inLanguage":"pl-PL"},{"@type":"Organization","@id":"https:\/\/www.pogotowieflagowe.pl\/aktualne\/#organization","name":"POGOTOWIE FLAGOWE\u00ae","url":"https:\/\/www.pogotowieflagowe.pl\/aktualne\/","logo":{"@type":"ImageObject","inLanguage":"pl-PL","@id":"https:\/\/www.pogotowieflagowe.pl\/aktualne\/#\/schema\/logo\/image\/","url":"https:\/\/www.pogotowieflagowe.pl\/aktualne\/wp-content\/uploads\/2024\/08\/cropped-pogotowieflagowe_flaga_projekt_sm.jpg","contentUrl":"https:\/\/www.pogotowieflagowe.pl\/aktualne\/wp-content\/uploads\/2024\/08\/cropped-pogotowieflagowe_flaga_projekt_sm.jpg","width":250,"height":143,"caption":"POGOTOWIE FLAGOWE\u00ae"},"image":{"@id":"https:\/\/www.pogotowieflagowe.pl\/aktualne\/#\/schema\/logo\/image\/"}},{"@type":"Person","@id":"https:\/\/www.pogotowieflagowe.pl\/aktualne\/#\/schema\/person\/9c2fb7d2362ebf6fa088960d7f0d27b0","name":"Filip","image":{"@type":"ImageObject","inLanguage":"pl-PL","@id":"https:\/\/www.pogotowieflagowe.pl\/aktualne\/#\/schema\/person\/image\/","url":"https:\/\/www.pogotowieflagowe.pl\/aktualne\/wp-content\/uploads\/2024\/08\/pogotowieflagowe.pl_.jpg","contentUrl":"https:\/\/www.pogotowieflagowe.pl\/aktualne\/wp-content\/uploads\/2024\/08\/pogotowieflagowe.pl_.jpg","caption":"Filip"},"description":"Jestem Filip, polski dziennikarz z dyplomem nauk politycznych Uniwersytetu Warszawskiego. Rozpoczynaj\u0105c swoj\u0105 karier\u0119 w r\u00f3\u017cnych lokalnych mediach, zdoby\u0142em solidne do\u015bwiadczenie w zakresie \u015bledztwa i redakcji. Obecnie jako redaktor w Pogotowie flagowe, staram si\u0119 dostarcza\u0107 dog\u0142\u0119bne i istotne analizy na temat najwa\u017cniejszych kwestii aktualno\u015bci, \u0142\u0105cz\u0105c rygor z pasj\u0105 dziennikarsk\u0105.","sameAs":["https:\/\/www.pogotowieflagowe.pl\/"]}]}},"_links":{"self":[{"href":"https:\/\/www.pogotowieflagowe.pl\/aktualne\/wp-json\/wp\/v2\/posts\/3744","targetHints":{"allow":["GET"]}}],"collection":[{"href":"https:\/\/www.pogotowieflagowe.pl\/aktualne\/wp-json\/wp\/v2\/posts"}],"about":[{"href":"https:\/\/www.pogotowieflagowe.pl\/aktualne\/wp-json\/wp\/v2\/types\/post"}],"author":[{"embeddable":true,"href":"https:\/\/www.pogotowieflagowe.pl\/aktualne\/wp-json\/wp\/v2\/users\/1"}],"replies":[{"embeddable":true,"href":"https:\/\/www.pogotowieflagowe.pl\/aktualne\/wp-json\/wp\/v2\/comments?post=3744"}],"version-history":[{"count":1,"href":"https:\/\/www.pogotowieflagowe.pl\/aktualne\/wp-json\/wp\/v2\/posts\/3744\/revisions"}],"predecessor-version":[{"id":3746,"href":"https:\/\/www.pogotowieflagowe.pl\/aktualne\/wp-json\/wp\/v2\/posts\/3744\/revisions\/3746"}],"wp:featuredmedia":[{"embeddable":true,"href":"https:\/\/www.pogotowieflagowe.pl\/aktualne\/wp-json\/wp\/v2\/media\/3745"}],"wp:attachment":[{"href":"https:\/\/www.pogotowieflagowe.pl\/aktualne\/wp-json\/wp\/v2\/media?parent=3744"}],"wp:term":[{"taxonomy":"category","embeddable":true,"href":"https:\/\/www.pogotowieflagowe.pl\/aktualne\/wp-json\/wp\/v2\/categories?post=3744"},{"taxonomy":"post_tag","embeddable":true,"href":"https:\/\/www.pogotowieflagowe.pl\/aktualne\/wp-json\/wp\/v2\/tags?post=3744"}],"curies":[{"name":"wp","href":"https:\/\/api.w.org\/{rel}","templated":true}]}}