{"id":3861,"date":"2025-02-11T20:48:17","date_gmt":"2025-02-11T19:48:17","guid":{"rendered":"https:\/\/www.pogotowieflagowe.pl\/aktualne\/niemiecki-skandal-migrantow-czy-tusk-sprzedaje-polske\/"},"modified":"2025-02-11T20:48:17","modified_gmt":"2025-02-11T19:48:17","slug":"niemiecki-skandal-migrantow-czy-tusk-sprzedaje-polske","status":"publish","type":"post","link":"https:\/\/www.pogotowieflagowe.pl\/aktualne\/niemiecki-skandal-migrantow-czy-tusk-sprzedaje-polske\/","title":{"rendered":"Niemiecki skandal migrant\u00f3w: Czy Tusk sprzedaje Polsk\u0119?"},"content":{"rendered":"\n<div class=\"td_block_wrap tdb_single_content tdi_41 td-pb-border-top td_block_template_8 td-post-content tagdiv-type\" data-td-block-uid=\"tdi_41\">\n<style>.tdi_41 {margin-top: 0px! Wa\u017cne; margines-bottom: 0px! WA\u017bNY; PALDING-TOP: 0PX! WA\u017bNY; PALDING-BOTTOM: 0PX! WA\u017bNE}<\/style>\n<style>.tdb_single_content {margin-bottom: 0;*zoom: 1} .tdb_single_content: wcze\u015bniej, .tdb_single_content: po {display: Table; content: ''; line-height: 0} .TDB-BLOCK-INner>*: nie (.WP-BLOCK-QUOTE): NOT (.Alignwide): not (.alignfull.wp-block-cover.has-parallax): not (.td-a-ad) {margin-left: auto; margin-right: auto} .tdb_single_content a {wska\u017anik-events: auto} .tdb_single_content .td-spot-id-top_ad .tdc-placeholder-title: przed {content: 'top ad'! Wa\u017cne} .tdb_single_content .td-spot-id-inline_ad0 .tdc-miejsce-title: przed {content: \u201eArtyku\u0142 inline AD 1 '! Wa\u017cne} .tdb_single_content. {content: 'Artyku\u0142 inline AD 2'! Wa\u017cny} .tdb_single_content .td-spot-inline_ad2 .tdc-miejsce-title: przed {content: 'Artyku\u0142 inline AD 3'! Wa\u017cny} .tdb_single_content .td-spot-id-id -Bottom_Ad .tdc-Placeholder-Title: przed {content: 'artyku\u0142 dolny ad'! Wa\u017cne} .tdb_single_content .id_top_ad, .tdb_single_content .id_bottom_ad {clear: obu; margin-bottom: 21px; text -align: Center} .tdb_single_content. id_top_ad IMG, .tdb_single_content .id_bottom_ad Img {margin-bottom: 0} .tdb_single_content .id_top_ad .adsbyGoogle, .tdb_single_content .id_bottom_ad .adsbyGoogle , .tdb_single_content .id_ad_content-horiz-right , .tdb_single_content .id_ad_content-horiz-Center {margin-bottom: 15px} .tdb_single_content .id_content-horiz-left Img, .tdb_single_content .id_ad_content-horiz-right Gin-Bottom: 0 { lewy; margine-top: 9px; margin-right: 21px} .tdb_single_content .id_ad_content-horiz-right {float: right; margin-top: 6px; margin-left: 21px} .tdb_single_content .tdc-a-ad .tdc--- Umak zast\u0119puj\u0105cy {szeroko\u015b\u0107: 300px; height: 250px} .tdb_single_content .tdc-a-ad .tdc-miejsce-title: przed {pozycja: Absolute; top: 50%;-WebKit-Transform: t\u0142umaczenie (-50%); Transform: Translatey (-50%); margines: auto; display: tabela; szeroko\u015b\u0107: 100%} > p, .tdi_41 .tdb-block-inner> p, .wp-block-column> p {font-size: 16px! Wa\u017cne; linia-height: 1.6! Wa\u017cne} .tdi_41 .tdb-Block-Inner blockquote p { Font-styl: Normal! Wa\u017cne} @media (Max-Width: 767px) {. tdb_single_content .id_ad_content-horiz-left, .tdb_single_content .id_ad_content-horiz-right, .tdb_single_content .id_ad_content-horiz-center {margin: 0 aut auto}}@media (Max-Width: 767px) {. tdb_single_content .id_ad_content-horiz-left {margin-right: 0}}@media (max-width: 767px) {. po lewej: 0}}@media (Max-Width: 767px) {. tdb_single_content .td-a-ad {float: none; text-align: Center} .tdb_single_content .td-a-admg {margin-right: auto; margin-left: auto} .tdb_single_content .tdc-a-ad {float: none}}<\/style>\n<div class=\"tdb-block-inner td-fix-index\">\n<p>Wysz\u0142o na jawne szokuj\u0105ce nowe objawienie: Niemcy rzekomo oznaczaj\u0105 Polsk\u0119 jako punkt wej\u015bcia dla nielegalnych migrant\u00f3w, kt\u00f3rych chce deportowa\u0107. PIS Policik Pawel Jab\u0142o\u0144ski brzmi alarm, m\u00f3wi\u0105c: \u201eNiemcy, ktokolwiek, kto \u0142apie na swoim terytorium, rejestruj\u0105 jako\u201e przybyli z Polski \u201d &#8211; nawet je\u015bli przybyli przez Austri\u0119 lub inn\u0105 drog\u0119\u201d. Dlaczego? Poniewa\u017c, jak to uj\u0105\u0142 Jab\u0142o\u0144ski, \u201enaj\u0142atwiej jest wys\u0142a\u0107 ich z powrotem do Polski\u201d.<\/p>\n<h2 class=\"wp-block-heading\">Presja Scholza, cisza Tuska<\/h2>\n<p>Niemiecki kanclerz Olaf Scholz niedawno og\u0142osi\u0142 w telewizji na \u017cywo, \u017ce deportacja migrant\u00f3w z Niemiec jest \u201eca\u0142kowicie legalna\u201d. Przyzna\u0142 nawet, \u017ce zadzwoni\u0142 do wszystkich s\u0105siednich przyw\u00f3dc\u00f3w krajowych, w tym premiera Polski Donald Tusk, aby powiedzie\u0107 im, \u017ce nie maj\u0105 innego wyj\u015bcia, jak zaakceptowa\u0107 te deportacje.<\/p>\n<p>Jab\u0142o\u0144ski domaga si\u0119 odpowiedzi. \u201eMamy sygna\u0142y z kancelarii, \u017ce jest notatka z tej rozmowy, ale jest sklasyfikowana\u201d &#8211; ujawni\u0142. \u201ePolaki zas\u0142uguj\u0105 na prawd\u0119 &#8211; le\u017ca\u0142o Scholz, czy te\u017c Tusk zgodzi\u0142 si\u0119 na to za zamkni\u0119tymi drzwiami?\u201d Je\u015bli Scholz m\u00f3wi\u0142 prawd\u0119, dlaczego Tusk milczy?<\/p>\n<h2 class=\"wp-block-heading\">Niemiecka taktyka graniczna: Polska bierze upadek<\/h2>\n<p>Prawdziwy skandal? Wed\u0142ug Jab\u0142o\u0144skiego Niemcy wykorzystuj\u0105 biurokratyczne sztuczki, aby Polska by\u0142a odpowiedzialna za migrant\u00f3w. \u201eWidzieli\u015bmy, w jaki spos\u00f3b niemiecka policja dos\u0142ownie zrzuci\u0142a migrant\u00f3w na terytorium polskiego, zostawi\u0142a ich na parkingach\u201d &#8211; wspomina\u0142. \u201eSta\u0142o si\u0119 to wielokrotnie\u201d.<\/p>\n<p>Polski rz\u0105d ma pe\u0142ne prawo do weryfikacji tych zwrot\u00f3w i odepchni\u0119cie, ale Tusk odmawia. \u201eZapytali\u015bmy o to w czerwcu ubieg\u0142ego roku i by\u0142a to ta sama historia\u201d &#8211; powiedzia\u0142 Jab\u0142o\u0144ski. \u201ePolscy stra\u017cnicy granicy niczego nie weryfikuj\u0105. I z jakiego\u015b powodu Tusk nawet nie wzywa niemieckiego ambasadora do protestu. \u201d Dlaczego nie? \u201ePoniewa\u017c Scholz zadzwoni\u0142, a Tusk by\u0142 pos\u0142uszny\u201d &#8211; twierdzi\u0142.<\/p>\n<h2 class=\"wp-block-heading\">Ilu migrant\u00f3w zosta\u0142o wys\u0142anych do Polski?<\/h2>\n<p>Liczby pozostaj\u0105 mroczne. \u201ePojawi\u0142y si\u0119 doniesienia, \u017ce \u200b\u200bNiemcy deportowa\u0142y 40 000 os\u00f3b w ci\u0105gu jednego roku\u201d &#8211; powiedzia\u0142 Jab\u0142o\u0144ski. \u201eNie wiemy, ilu sko\u0144czy\u0142o si\u0119 w Polsce, ale wiemy, \u017ce to ogromny udzia\u0142\u201d.<\/p>\n<p>Wed\u0142ug raportu policji federalnej niemieckiej, od po\u0142owy wrze\u015bnia 2024 r. Do pocz\u0105tku lutego 2025 r. W\u0142adze niemieckie deportowa\u0142y lub odwr\u00f3ci\u0142y prawie 14 000 migrant\u00f3w.<\/p>\n<\/div>\n<\/div>\n","protected":false},"excerpt":{"rendered":"<p>Wysz\u0142o na jawne szokuj\u0105ce nowe objawienie: Niemcy rzekomo oznaczaj\u0105 Polsk\u0119 jako punkt wej\u015bcia dla nielegalnych migrant\u00f3w, kt\u00f3rych chce deportowa\u0107. PIS<\/p>\n","protected":false},"author":1,"featured_media":3627,"comment_status":"closed","ping_status":"","sticky":false,"template":"","format":"standard","meta":{"footnotes":""},"categories":[44],"tags":[501,1185,5423,698,2358,3314,221],"class_list":["post-3861","post","type-post","status-publish","format-standard","has-post-thumbnail","hentry","category-polityka","tag-czy","tag-migrantow","tag-niemiecki","tag-polske","tag-skandal","tag-sprzedaje","tag-tusk","generate-columns","tablet-grid-50","mobile-grid-100","grid-parent","grid-50","resize-featured-image"],"yoast_head":"<!-- This site is optimized with the Yoast SEO plugin v23.2 - https:\/\/yoast.com\/wordpress\/plugins\/seo\/ -->\n<title>Niemiecki skandal migrant\u00f3w: Czy Tusk sprzedaje Polsk\u0119? - POGOTOWIE FLAGOWE\u00ae<\/title>\n<meta name=\"robots\" content=\"index, follow, max-snippet:-1, max-image-preview:large, max-video-preview:-1\" \/>\n<link rel=\"canonical\" href=\"https:\/\/www.pogotowieflagowe.pl\/aktualne\/niemiecki-skandal-migrantow-czy-tusk-sprzedaje-polske\/\" \/>\n<meta property=\"og:locale\" content=\"pl_PL\" \/>\n<meta property=\"og:type\" content=\"article\" \/>\n<meta property=\"og:title\" content=\"Niemiecki skandal migrant\u00f3w: Czy Tusk sprzedaje Polsk\u0119? - POGOTOWIE FLAGOWE\u00ae\" \/>\n<meta property=\"og:description\" content=\"Wysz\u0142o na jawne szokuj\u0105ce nowe objawienie: Niemcy rzekomo oznaczaj\u0105 Polsk\u0119 jako punkt wej\u015bcia dla nielegalnych migrant\u00f3w, kt\u00f3rych chce deportowa\u0107. PIS\" \/>\n<meta property=\"og:url\" content=\"https:\/\/www.pogotowieflagowe.pl\/aktualne\/niemiecki-skandal-migrantow-czy-tusk-sprzedaje-polske\/\" \/>\n<meta property=\"og:site_name\" content=\"POGOTOWIE FLAGOWE\u00ae\" \/>\n<meta property=\"article:published_time\" content=\"2025-02-11T19:48:17+00:00\" \/>\n<meta property=\"og:image\" content=\"https:\/\/www.pogotowieflagowe.pl\/aktualne\/wp-content\/uploads\/2025\/02\/Polska-wyprzedana-Rzad-rzuca-pakt-migracyjny-UE-ignorujac-interesy-narodowe.jpg\" \/>\n\t<meta property=\"og:image:width\" content=\"1920\" \/>\n\t<meta property=\"og:image:height\" content=\"1038\" \/>\n\t<meta property=\"og:image:type\" content=\"image\/jpeg\" \/>\n<meta name=\"author\" content=\"Filip\" \/>\n<meta name=\"twitter:card\" content=\"summary_large_image\" \/>\n<meta name=\"twitter:label1\" content=\"Napisane przez\" \/>\n\t<meta name=\"twitter:data1\" content=\"Filip\" \/>\n\t<meta name=\"twitter:label2\" content=\"Szacowany czas czytania\" \/>\n\t<meta name=\"twitter:data2\" content=\"2 minuty\" \/>\n<script type=\"application\/ld+json\" class=\"yoast-schema-graph\">{\"@context\":\"https:\/\/schema.org\",\"@graph\":[{\"@type\":\"Article\",\"@id\":\"https:\/\/www.pogotowieflagowe.pl\/aktualne\/niemiecki-skandal-migrantow-czy-tusk-sprzedaje-polske\/#article\",\"isPartOf\":{\"@id\":\"https:\/\/www.pogotowieflagowe.pl\/aktualne\/niemiecki-skandal-migrantow-czy-tusk-sprzedaje-polske\/\"},\"author\":{\"name\":\"Filip\",\"@id\":\"https:\/\/www.pogotowieflagowe.pl\/aktualne\/#\/schema\/person\/9c2fb7d2362ebf6fa088960d7f0d27b0\"},\"headline\":\"Niemiecki skandal migrant\u00f3w: Czy Tusk sprzedaje Polsk\u0119?\",\"datePublished\":\"2025-02-11T19:48:17+00:00\",\"dateModified\":\"2025-02-11T19:48:17+00:00\",\"mainEntityOfPage\":{\"@id\":\"https:\/\/www.pogotowieflagowe.pl\/aktualne\/niemiecki-skandal-migrantow-czy-tusk-sprzedaje-polske\/\"},\"wordCount\":391,\"publisher\":{\"@id\":\"https:\/\/www.pogotowieflagowe.pl\/aktualne\/#organization\"},\"image\":{\"@id\":\"https:\/\/www.pogotowieflagowe.pl\/aktualne\/niemiecki-skandal-migrantow-czy-tusk-sprzedaje-polske\/#primaryimage\"},\"thumbnailUrl\":\"https:\/\/www.pogotowieflagowe.pl\/aktualne\/wp-content\/uploads\/2025\/02\/Polska-wyprzedana-Rzad-rzuca-pakt-migracyjny-UE-ignorujac-interesy-narodowe.jpg\",\"keywords\":[\"Czy\",\"migrant\u00f3w\",\"Niemiecki\",\"Polsk\u0119\",\"skandal\",\"sprzedaje\",\"Tusk\"],\"articleSection\":[\"Polityka\"],\"inLanguage\":\"pl-PL\"},{\"@type\":\"WebPage\",\"@id\":\"https:\/\/www.pogotowieflagowe.pl\/aktualne\/niemiecki-skandal-migrantow-czy-tusk-sprzedaje-polske\/\",\"url\":\"https:\/\/www.pogotowieflagowe.pl\/aktualne\/niemiecki-skandal-migrantow-czy-tusk-sprzedaje-polske\/\",\"name\":\"Niemiecki skandal migrant\u00f3w: Czy Tusk sprzedaje Polsk\u0119? - POGOTOWIE FLAGOWE\u00ae\",\"isPartOf\":{\"@id\":\"https:\/\/www.pogotowieflagowe.pl\/aktualne\/#website\"},\"primaryImageOfPage\":{\"@id\":\"https:\/\/www.pogotowieflagowe.pl\/aktualne\/niemiecki-skandal-migrantow-czy-tusk-sprzedaje-polske\/#primaryimage\"},\"image\":{\"@id\":\"https:\/\/www.pogotowieflagowe.pl\/aktualne\/niemiecki-skandal-migrantow-czy-tusk-sprzedaje-polske\/#primaryimage\"},\"thumbnailUrl\":\"https:\/\/www.pogotowieflagowe.pl\/aktualne\/wp-content\/uploads\/2025\/02\/Polska-wyprzedana-Rzad-rzuca-pakt-migracyjny-UE-ignorujac-interesy-narodowe.jpg\",\"datePublished\":\"2025-02-11T19:48:17+00:00\",\"dateModified\":\"2025-02-11T19:48:17+00:00\",\"breadcrumb\":{\"@id\":\"https:\/\/www.pogotowieflagowe.pl\/aktualne\/niemiecki-skandal-migrantow-czy-tusk-sprzedaje-polske\/#breadcrumb\"},\"inLanguage\":\"pl-PL\",\"potentialAction\":[{\"@type\":\"ReadAction\",\"target\":[\"https:\/\/www.pogotowieflagowe.pl\/aktualne\/niemiecki-skandal-migrantow-czy-tusk-sprzedaje-polske\/\"]}]},{\"@type\":\"ImageObject\",\"inLanguage\":\"pl-PL\",\"@id\":\"https:\/\/www.pogotowieflagowe.pl\/aktualne\/niemiecki-skandal-migrantow-czy-tusk-sprzedaje-polske\/#primaryimage\",\"url\":\"https:\/\/www.pogotowieflagowe.pl\/aktualne\/wp-content\/uploads\/2025\/02\/Polska-wyprzedana-Rzad-rzuca-pakt-migracyjny-UE-ignorujac-interesy-narodowe.jpg\",\"contentUrl\":\"https:\/\/www.pogotowieflagowe.pl\/aktualne\/wp-content\/uploads\/2025\/02\/Polska-wyprzedana-Rzad-rzuca-pakt-migracyjny-UE-ignorujac-interesy-narodowe.jpg\",\"width\":1920,\"height\":1038,\"caption\":\"Polska wyprzedana: Rz\u0105d rzuca pakt migracyjny UE, ignoruj\u0105c interesy narodowe\"},{\"@type\":\"BreadcrumbList\",\"@id\":\"https:\/\/www.pogotowieflagowe.pl\/aktualne\/niemiecki-skandal-migrantow-czy-tusk-sprzedaje-polske\/#breadcrumb\",\"itemListElement\":[{\"@type\":\"ListItem\",\"position\":1,\"name\":\"Home\",\"item\":\"https:\/\/www.pogotowieflagowe.pl\/aktualne\/\"},{\"@type\":\"ListItem\",\"position\":2,\"name\":\"Niemiecki skandal migrant\u00f3w: Czy Tusk sprzedaje Polsk\u0119?\"}]},{\"@type\":\"WebSite\",\"@id\":\"https:\/\/www.pogotowieflagowe.pl\/aktualne\/#website\",\"url\":\"https:\/\/www.pogotowieflagowe.pl\/aktualne\/\",\"name\":\"POGOTOWIE FLAGOWE\u00ae\",\"description\":\"\",\"publisher\":{\"@id\":\"https:\/\/www.pogotowieflagowe.pl\/aktualne\/#organization\"},\"potentialAction\":[{\"@type\":\"SearchAction\",\"target\":{\"@type\":\"EntryPoint\",\"urlTemplate\":\"https:\/\/www.pogotowieflagowe.pl\/aktualne\/?s={search_term_string}\"},\"query-input\":\"required name=search_term_string\"}],\"inLanguage\":\"pl-PL\"},{\"@type\":\"Organization\",\"@id\":\"https:\/\/www.pogotowieflagowe.pl\/aktualne\/#organization\",\"name\":\"POGOTOWIE FLAGOWE\u00ae\",\"url\":\"https:\/\/www.pogotowieflagowe.pl\/aktualne\/\",\"logo\":{\"@type\":\"ImageObject\",\"inLanguage\":\"pl-PL\",\"@id\":\"https:\/\/www.pogotowieflagowe.pl\/aktualne\/#\/schema\/logo\/image\/\",\"url\":\"https:\/\/www.pogotowieflagowe.pl\/aktualne\/wp-content\/uploads\/2024\/08\/cropped-pogotowieflagowe_flaga_projekt_sm.jpg\",\"contentUrl\":\"https:\/\/www.pogotowieflagowe.pl\/aktualne\/wp-content\/uploads\/2024\/08\/cropped-pogotowieflagowe_flaga_projekt_sm.jpg\",\"width\":250,\"height\":143,\"caption\":\"POGOTOWIE FLAGOWE\u00ae\"},\"image\":{\"@id\":\"https:\/\/www.pogotowieflagowe.pl\/aktualne\/#\/schema\/logo\/image\/\"}},{\"@type\":\"Person\",\"@id\":\"https:\/\/www.pogotowieflagowe.pl\/aktualne\/#\/schema\/person\/9c2fb7d2362ebf6fa088960d7f0d27b0\",\"name\":\"Filip\",\"image\":{\"@type\":\"ImageObject\",\"inLanguage\":\"pl-PL\",\"@id\":\"https:\/\/www.pogotowieflagowe.pl\/aktualne\/#\/schema\/person\/image\/\",\"url\":\"https:\/\/www.pogotowieflagowe.pl\/aktualne\/wp-content\/uploads\/2024\/08\/pogotowieflagowe.pl_.jpg\",\"contentUrl\":\"https:\/\/www.pogotowieflagowe.pl\/aktualne\/wp-content\/uploads\/2024\/08\/pogotowieflagowe.pl_.jpg\",\"caption\":\"Filip\"},\"description\":\"Jestem Filip, polski dziennikarz z dyplomem nauk politycznych Uniwersytetu Warszawskiego. Rozpoczynaj\u0105c swoj\u0105 karier\u0119 w r\u00f3\u017cnych lokalnych mediach, zdoby\u0142em solidne do\u015bwiadczenie w zakresie \u015bledztwa i redakcji. Obecnie jako redaktor w Pogotowie flagowe, staram si\u0119 dostarcza\u0107 dog\u0142\u0119bne i istotne analizy na temat najwa\u017cniejszych kwestii aktualno\u015bci, \u0142\u0105cz\u0105c rygor z pasj\u0105 dziennikarsk\u0105.\",\"sameAs\":[\"https:\/\/www.pogotowieflagowe.pl\/\"]}]}<\/script>\n<!-- \/ Yoast SEO plugin. -->","yoast_head_json":{"title":"Niemiecki skandal migrant\u00f3w: Czy Tusk sprzedaje Polsk\u0119? - POGOTOWIE FLAGOWE\u00ae","robots":{"index":"index","follow":"follow","max-snippet":"max-snippet:-1","max-image-preview":"max-image-preview:large","max-video-preview":"max-video-preview:-1"},"canonical":"https:\/\/www.pogotowieflagowe.pl\/aktualne\/niemiecki-skandal-migrantow-czy-tusk-sprzedaje-polske\/","og_locale":"pl_PL","og_type":"article","og_title":"Niemiecki skandal migrant\u00f3w: Czy Tusk sprzedaje Polsk\u0119? - POGOTOWIE FLAGOWE\u00ae","og_description":"Wysz\u0142o na jawne szokuj\u0105ce nowe objawienie: Niemcy rzekomo oznaczaj\u0105 Polsk\u0119 jako punkt wej\u015bcia dla nielegalnych migrant\u00f3w, kt\u00f3rych chce deportowa\u0107. PIS","og_url":"https:\/\/www.pogotowieflagowe.pl\/aktualne\/niemiecki-skandal-migrantow-czy-tusk-sprzedaje-polske\/","og_site_name":"POGOTOWIE FLAGOWE\u00ae","article_published_time":"2025-02-11T19:48:17+00:00","og_image":[{"width":1920,"height":1038,"url":"https:\/\/www.pogotowieflagowe.pl\/aktualne\/wp-content\/uploads\/2025\/02\/Polska-wyprzedana-Rzad-rzuca-pakt-migracyjny-UE-ignorujac-interesy-narodowe.jpg","type":"image\/jpeg"}],"author":"Filip","twitter_card":"summary_large_image","twitter_misc":{"Napisane przez":"Filip","Szacowany czas czytania":"2 minuty"},"schema":{"@context":"https:\/\/schema.org","@graph":[{"@type":"Article","@id":"https:\/\/www.pogotowieflagowe.pl\/aktualne\/niemiecki-skandal-migrantow-czy-tusk-sprzedaje-polske\/#article","isPartOf":{"@id":"https:\/\/www.pogotowieflagowe.pl\/aktualne\/niemiecki-skandal-migrantow-czy-tusk-sprzedaje-polske\/"},"author":{"name":"Filip","@id":"https:\/\/www.pogotowieflagowe.pl\/aktualne\/#\/schema\/person\/9c2fb7d2362ebf6fa088960d7f0d27b0"},"headline":"Niemiecki skandal migrant\u00f3w: Czy Tusk sprzedaje Polsk\u0119?","datePublished":"2025-02-11T19:48:17+00:00","dateModified":"2025-02-11T19:48:17+00:00","mainEntityOfPage":{"@id":"https:\/\/www.pogotowieflagowe.pl\/aktualne\/niemiecki-skandal-migrantow-czy-tusk-sprzedaje-polske\/"},"wordCount":391,"publisher":{"@id":"https:\/\/www.pogotowieflagowe.pl\/aktualne\/#organization"},"image":{"@id":"https:\/\/www.pogotowieflagowe.pl\/aktualne\/niemiecki-skandal-migrantow-czy-tusk-sprzedaje-polske\/#primaryimage"},"thumbnailUrl":"https:\/\/www.pogotowieflagowe.pl\/aktualne\/wp-content\/uploads\/2025\/02\/Polska-wyprzedana-Rzad-rzuca-pakt-migracyjny-UE-ignorujac-interesy-narodowe.jpg","keywords":["Czy","migrant\u00f3w","Niemiecki","Polsk\u0119","skandal","sprzedaje","Tusk"],"articleSection":["Polityka"],"inLanguage":"pl-PL"},{"@type":"WebPage","@id":"https:\/\/www.pogotowieflagowe.pl\/aktualne\/niemiecki-skandal-migrantow-czy-tusk-sprzedaje-polske\/","url":"https:\/\/www.pogotowieflagowe.pl\/aktualne\/niemiecki-skandal-migrantow-czy-tusk-sprzedaje-polske\/","name":"Niemiecki skandal migrant\u00f3w: Czy Tusk sprzedaje Polsk\u0119? - POGOTOWIE FLAGOWE\u00ae","isPartOf":{"@id":"https:\/\/www.pogotowieflagowe.pl\/aktualne\/#website"},"primaryImageOfPage":{"@id":"https:\/\/www.pogotowieflagowe.pl\/aktualne\/niemiecki-skandal-migrantow-czy-tusk-sprzedaje-polske\/#primaryimage"},"image":{"@id":"https:\/\/www.pogotowieflagowe.pl\/aktualne\/niemiecki-skandal-migrantow-czy-tusk-sprzedaje-polske\/#primaryimage"},"thumbnailUrl":"https:\/\/www.pogotowieflagowe.pl\/aktualne\/wp-content\/uploads\/2025\/02\/Polska-wyprzedana-Rzad-rzuca-pakt-migracyjny-UE-ignorujac-interesy-narodowe.jpg","datePublished":"2025-02-11T19:48:17+00:00","dateModified":"2025-02-11T19:48:17+00:00","breadcrumb":{"@id":"https:\/\/www.pogotowieflagowe.pl\/aktualne\/niemiecki-skandal-migrantow-czy-tusk-sprzedaje-polske\/#breadcrumb"},"inLanguage":"pl-PL","potentialAction":[{"@type":"ReadAction","target":["https:\/\/www.pogotowieflagowe.pl\/aktualne\/niemiecki-skandal-migrantow-czy-tusk-sprzedaje-polske\/"]}]},{"@type":"ImageObject","inLanguage":"pl-PL","@id":"https:\/\/www.pogotowieflagowe.pl\/aktualne\/niemiecki-skandal-migrantow-czy-tusk-sprzedaje-polske\/#primaryimage","url":"https:\/\/www.pogotowieflagowe.pl\/aktualne\/wp-content\/uploads\/2025\/02\/Polska-wyprzedana-Rzad-rzuca-pakt-migracyjny-UE-ignorujac-interesy-narodowe.jpg","contentUrl":"https:\/\/www.pogotowieflagowe.pl\/aktualne\/wp-content\/uploads\/2025\/02\/Polska-wyprzedana-Rzad-rzuca-pakt-migracyjny-UE-ignorujac-interesy-narodowe.jpg","width":1920,"height":1038,"caption":"Polska wyprzedana: Rz\u0105d rzuca pakt migracyjny UE, ignoruj\u0105c interesy narodowe"},{"@type":"BreadcrumbList","@id":"https:\/\/www.pogotowieflagowe.pl\/aktualne\/niemiecki-skandal-migrantow-czy-tusk-sprzedaje-polske\/#breadcrumb","itemListElement":[{"@type":"ListItem","position":1,"name":"Home","item":"https:\/\/www.pogotowieflagowe.pl\/aktualne\/"},{"@type":"ListItem","position":2,"name":"Niemiecki skandal migrant\u00f3w: Czy Tusk sprzedaje Polsk\u0119?"}]},{"@type":"WebSite","@id":"https:\/\/www.pogotowieflagowe.pl\/aktualne\/#website","url":"https:\/\/www.pogotowieflagowe.pl\/aktualne\/","name":"POGOTOWIE FLAGOWE\u00ae","description":"","publisher":{"@id":"https:\/\/www.pogotowieflagowe.pl\/aktualne\/#organization"},"potentialAction":[{"@type":"SearchAction","target":{"@type":"EntryPoint","urlTemplate":"https:\/\/www.pogotowieflagowe.pl\/aktualne\/?s={search_term_string}"},"query-input":"required name=search_term_string"}],"inLanguage":"pl-PL"},{"@type":"Organization","@id":"https:\/\/www.pogotowieflagowe.pl\/aktualne\/#organization","name":"POGOTOWIE FLAGOWE\u00ae","url":"https:\/\/www.pogotowieflagowe.pl\/aktualne\/","logo":{"@type":"ImageObject","inLanguage":"pl-PL","@id":"https:\/\/www.pogotowieflagowe.pl\/aktualne\/#\/schema\/logo\/image\/","url":"https:\/\/www.pogotowieflagowe.pl\/aktualne\/wp-content\/uploads\/2024\/08\/cropped-pogotowieflagowe_flaga_projekt_sm.jpg","contentUrl":"https:\/\/www.pogotowieflagowe.pl\/aktualne\/wp-content\/uploads\/2024\/08\/cropped-pogotowieflagowe_flaga_projekt_sm.jpg","width":250,"height":143,"caption":"POGOTOWIE FLAGOWE\u00ae"},"image":{"@id":"https:\/\/www.pogotowieflagowe.pl\/aktualne\/#\/schema\/logo\/image\/"}},{"@type":"Person","@id":"https:\/\/www.pogotowieflagowe.pl\/aktualne\/#\/schema\/person\/9c2fb7d2362ebf6fa088960d7f0d27b0","name":"Filip","image":{"@type":"ImageObject","inLanguage":"pl-PL","@id":"https:\/\/www.pogotowieflagowe.pl\/aktualne\/#\/schema\/person\/image\/","url":"https:\/\/www.pogotowieflagowe.pl\/aktualne\/wp-content\/uploads\/2024\/08\/pogotowieflagowe.pl_.jpg","contentUrl":"https:\/\/www.pogotowieflagowe.pl\/aktualne\/wp-content\/uploads\/2024\/08\/pogotowieflagowe.pl_.jpg","caption":"Filip"},"description":"Jestem Filip, polski dziennikarz z dyplomem nauk politycznych Uniwersytetu Warszawskiego. Rozpoczynaj\u0105c swoj\u0105 karier\u0119 w r\u00f3\u017cnych lokalnych mediach, zdoby\u0142em solidne do\u015bwiadczenie w zakresie \u015bledztwa i redakcji. Obecnie jako redaktor w Pogotowie flagowe, staram si\u0119 dostarcza\u0107 dog\u0142\u0119bne i istotne analizy na temat najwa\u017cniejszych kwestii aktualno\u015bci, \u0142\u0105cz\u0105c rygor z pasj\u0105 dziennikarsk\u0105.","sameAs":["https:\/\/www.pogotowieflagowe.pl\/"]}]}},"_links":{"self":[{"href":"https:\/\/www.pogotowieflagowe.pl\/aktualne\/wp-json\/wp\/v2\/posts\/3861","targetHints":{"allow":["GET"]}}],"collection":[{"href":"https:\/\/www.pogotowieflagowe.pl\/aktualne\/wp-json\/wp\/v2\/posts"}],"about":[{"href":"https:\/\/www.pogotowieflagowe.pl\/aktualne\/wp-json\/wp\/v2\/types\/post"}],"author":[{"embeddable":true,"href":"https:\/\/www.pogotowieflagowe.pl\/aktualne\/wp-json\/wp\/v2\/users\/1"}],"replies":[{"embeddable":true,"href":"https:\/\/www.pogotowieflagowe.pl\/aktualne\/wp-json\/wp\/v2\/comments?post=3861"}],"version-history":[{"count":1,"href":"https:\/\/www.pogotowieflagowe.pl\/aktualne\/wp-json\/wp\/v2\/posts\/3861\/revisions"}],"predecessor-version":[{"id":3862,"href":"https:\/\/www.pogotowieflagowe.pl\/aktualne\/wp-json\/wp\/v2\/posts\/3861\/revisions\/3862"}],"wp:featuredmedia":[{"embeddable":true,"href":"https:\/\/www.pogotowieflagowe.pl\/aktualne\/wp-json\/wp\/v2\/media\/3627"}],"wp:attachment":[{"href":"https:\/\/www.pogotowieflagowe.pl\/aktualne\/wp-json\/wp\/v2\/media?parent=3861"}],"wp:term":[{"taxonomy":"category","embeddable":true,"href":"https:\/\/www.pogotowieflagowe.pl\/aktualne\/wp-json\/wp\/v2\/categories?post=3861"},{"taxonomy":"post_tag","embeddable":true,"href":"https:\/\/www.pogotowieflagowe.pl\/aktualne\/wp-json\/wp\/v2\/tags?post=3861"}],"curies":[{"name":"wp","href":"https:\/\/api.w.org\/{rel}","templated":true}]}}