{"id":3884,"date":"2025-02-12T20:47:03","date_gmt":"2025-02-12T19:47:03","guid":{"rendered":"https:\/\/www.pogotowieflagowe.pl\/aktualne\/rosnace-zagrozenie-wojskowe-rosji-czy-nato-powinno-sie-martwic\/"},"modified":"2025-02-12T20:47:04","modified_gmt":"2025-02-12T19:47:04","slug":"rosnace-zagrozenie-wojskowe-rosji-czy-nato-powinno-sie-martwic","status":"publish","type":"post","link":"https:\/\/www.pogotowieflagowe.pl\/aktualne\/rosnace-zagrozenie-wojskowe-rosji-czy-nato-powinno-sie-martwic\/","title":{"rendered":"Rosn\u0105ce zagro\u017cenie wojskowe Rosji: czy NATO powinno si\u0119 martwi\u0107?"},"content":{"rendered":"\n<div class=\"td_block_wrap tdb_single_content tdi_41 td-pb-border-top td_block_template_8 td-post-content tagdiv-type\" data-td-block-uid=\"tdi_41\">\n<style>.tdi_41 {margin-top: 0px! Wa\u017cne; margines-bottom: 0px! WA\u017bNY; PALDING-TOP: 0PX! WA\u017bNY; PALDING-BOTTOM: 0PX! WA\u017bNE}<\/style>\n<style>.tdb_single_content {margin-bottom: 0;*zoom: 1} .tdb_single_content: wcze\u015bniej, .tdb_single_content: po {display: Table; content: ''; line-height: 0} .TDB-BLOCK-INner>*: nie (.WP-BLOCK-QUOTE): NOT (.Alignwide): not (.alignfull.wp-block-cover.has-parallax): not (.td-a-ad) {margin-left: auto; margin-right: auto} .tdb_single_content a {wska\u017anik-events: auto} .tdb_single_content .td-spot-id-top_ad .tdc-placeholder-title: przed {content: 'top ad'! Wa\u017cne} .tdb_single_content .td-spot-id-inline_ad0 .tdc-miejsce-title: przed {content: \u201eArtyku\u0142 inline AD 1 '! Wa\u017cne} .tdb_single_content. {content: 'Artyku\u0142 inline AD 2'! Wa\u017cny} .tdb_single_content .td-spot-inline_ad2 .tdc-miejsce-title: przed {content: 'Artyku\u0142 inline AD 3'! Wa\u017cny} .tdb_single_content .td-spot-id-id -Bottom_Ad .tdc-Placeholder-Title: przed {content: 'artyku\u0142 dolny ad'! Wa\u017cne} .tdb_single_content .id_top_ad, .tdb_single_content .id_bottom_ad {clear: obu; margin-bottom: 21px; text -align: Center} .tdb_single_content. id_top_ad IMG, .tdb_single_content .id_bottom_ad Img {margin-bottom: 0} .tdb_single_content .id_top_ad .adsbyGoogle, .tdb_single_content .id_bottom_ad .adsbyGoogle , .tdb_single_content .id_ad_content-horiz-right , .tdb_single_content .id_ad_content-horiz-Center {margin-bottom: 15px} .tdb_single_content .id_content-horiz-left Img, .tdb_single_content .id_ad_content-horiz-right Gin-Bottom: 0 { lewy; margine-top: 9px; margin-right: 21px} .tdb_single_content .id_ad_content-horiz-right {float: right; margin-top: 6px; margin-left: 21px} .tdb_single_content .tdc-a-ad .tdc--- Umak zast\u0119puj\u0105cy {szeroko\u015b\u0107: 300px; height: 250px} .tdb_single_content .tdc-a-ad .tdc-miejsce-title: przed {pozycja: Absolute; top: 50%;-WebKit-Transform: t\u0142umaczenie (-50%); Transform: Translatey (-50%); margines: auto; display: tabela; szeroko\u015b\u0107: 100%} > p, .tdi_41 .tdb-block-inner> p, .wp-block-column> p {font-size: 16px! Wa\u017cne; linia-height: 1.6! Wa\u017cne} .tdi_41 .tdb-Block-Inner blockquote p { Font-styl: Normal! Wa\u017cne} @media (Max-Width: 767px) {. tdb_single_content .id_ad_content-horiz-left, .tdb_single_content .id_ad_content-horiz-right, .tdb_single_content .id_ad_content-horiz-center {margin: 0 aut auto}}@media (Max-Width: 767px) {. tdb_single_content .id_ad_content-horiz-left {margin-right: 0}}@media (max-width: 767px) {. po lewej: 0}}@media (Max-Width: 767px) {. tdb_single_content .td-a-ad {float: none; text-align: Center} .tdb_single_content .td-a-admg {margin-right: auto; margin-left: auto} .tdb_single_content .tdc-a-ad {float: none}}<\/style>\n<div class=\"tdb-block-inner td-fix-index\">\n<h4 class=\"wp-block-heading\">Rosja odbudowuje swoje wojsko pomimo strat na Ukrainie, zwi\u0119kszaj\u0105c obawy dla NATO. Eksperci ostrzegaj\u0105 o potencjalnych zagro\u017ceniach dla pa\u0144stw ba\u0142tyckich i rosn\u0105cej taktyce hybrydowej wojny.<\/h4>\n<p>Pomimo du\u017cych strat na Ukrainie, Rosja pozostaje powa\u017cnym zagro\u017ceniem dla NATO. Moskwa przenios\u0142a swoj\u0105 gospodark\u0119 na wojn\u0119, zwi\u0119kszaj\u0105c produkcj\u0119 broni i nawi\u0105zuj\u0105c sojusze z stanami przeciwzachodniowymi. Eksperci ostrzegaj\u0105, \u017ce Rosja jest teraz bardziej niebezpieczna ni\u017c kiedykolwiek, zdobywaj\u0105c nieocenione do\u015bwiadczenie na polu bitwy. Podczas gdy jego si\u0142y naziemne ucierpia\u0142y, Rosja zachowuje znaczn\u0105 si\u0142\u0119 morsk\u0105 i powietrzn\u0105. Analitycy wojskowi podkre\u015blaj\u0105, \u017ce ambicje Moskwy wykraczaj\u0105 poza Ukrain\u0119, z potencjalnymi zagro\u017ceniami dla wschodniej flanki NATO, w tym pa\u0144stw ba\u0142tyckich.<\/p>\n<h4 class=\"wp-block-heading\">Rosn\u0105ca wojna hybrydowa i ostrze\u017cenia europejskie<\/h4>\n<p>Przyw\u00f3dcy europejscy s\u0105 coraz bardziej zaniepokojeni rosn\u0105cymi zdolno\u015bciami wojskowymi Rosji. Litwa, \u0141otwa i Estonia obawiaj\u0105 si\u0119 potencjalnej agresji, podczas gdy Szwecja wyda\u0142a obywatelom przewodniki gotowo\u015bci wojennej. Raporty o cyberatakach, sabota\u017cu i ukierunkowanych zab\u00f3jstwach sugeruj\u0105, \u017ce rosyjskie taktyki wojny hybrydowej s\u0105 ju\u017c w ruchu. Pomimo obecnych niepowodze\u0144 eksperci przewiduj\u0105, \u017ce Rosja mo\u017ce w pe\u0142ni przywr\u00f3ci\u0107 swoj\u0105 si\u0142\u0119 militarn\u0105 w ci\u0105gu pi\u0119ciu lat, stanowi\u0105c d\u0142ugoterminowe wyzwanie dla bezpiecze\u0144stwa NATO i europejskiego.<\/p>\n<\/div>\n<\/div>\n","protected":false},"excerpt":{"rendered":"<p>Rosja odbudowuje swoje wojsko pomimo strat na Ukrainie, zwi\u0119kszaj\u0105c obawy dla NATO. Eksperci ostrzegaj\u0105 o potencjalnych zagro\u017ceniach dla pa\u0144stw ba\u0142tyckich<\/p>\n","protected":false},"author":1,"featured_media":3885,"comment_status":"closed","ping_status":"","sticky":false,"template":"","format":"standard","meta":{"footnotes":""},"categories":[44],"tags":[501,5443,515,5442,27,140,150,614,141],"class_list":["post-3884","post","type-post","status-publish","format-standard","has-post-thumbnail","hentry","category-polityka","tag-czy","tag-martwic","tag-nato","tag-powinno","tag-rosji","tag-rosnace","tag-sie","tag-wojskowe","tag-zagrozenie","generate-columns","tablet-grid-50","mobile-grid-100","grid-parent","grid-50","resize-featured-image"],"yoast_head":"<!-- This site is optimized with the Yoast SEO plugin v23.2 - https:\/\/yoast.com\/wordpress\/plugins\/seo\/ -->\n<title>Rosn\u0105ce zagro\u017cenie wojskowe Rosji: czy NATO powinno si\u0119 martwi\u0107? - POGOTOWIE FLAGOWE\u00ae<\/title>\n<meta name=\"robots\" content=\"index, follow, max-snippet:-1, max-image-preview:large, max-video-preview:-1\" \/>\n<link rel=\"canonical\" href=\"https:\/\/www.pogotowieflagowe.pl\/aktualne\/rosnace-zagrozenie-wojskowe-rosji-czy-nato-powinno-sie-martwic\/\" \/>\n<meta property=\"og:locale\" content=\"pl_PL\" \/>\n<meta property=\"og:type\" content=\"article\" \/>\n<meta property=\"og:title\" content=\"Rosn\u0105ce zagro\u017cenie wojskowe Rosji: czy NATO powinno si\u0119 martwi\u0107? - POGOTOWIE FLAGOWE\u00ae\" \/>\n<meta property=\"og:description\" content=\"Rosja odbudowuje swoje wojsko pomimo strat na Ukrainie, zwi\u0119kszaj\u0105c obawy dla NATO. Eksperci ostrzegaj\u0105 o potencjalnych zagro\u017ceniach dla pa\u0144stw ba\u0142tyckich\" \/>\n<meta property=\"og:url\" content=\"https:\/\/www.pogotowieflagowe.pl\/aktualne\/rosnace-zagrozenie-wojskowe-rosji-czy-nato-powinno-sie-martwic\/\" \/>\n<meta property=\"og:site_name\" content=\"POGOTOWIE FLAGOWE\u00ae\" \/>\n<meta property=\"article:published_time\" content=\"2025-02-12T19:47:03+00:00\" \/>\n<meta property=\"article:modified_time\" content=\"2025-02-12T19:47:04+00:00\" \/>\n<meta property=\"og:image\" content=\"https:\/\/www.pogotowieflagowe.pl\/aktualne\/wp-content\/uploads\/2025\/02\/Rosnace-zagrozenie-wojskowe-Rosji-czy-NATO-powinno-sie-martwic.jpg\" \/>\n\t<meta property=\"og:image:width\" content=\"1200\" \/>\n\t<meta property=\"og:image:height\" content=\"675\" \/>\n\t<meta property=\"og:image:type\" content=\"image\/jpeg\" \/>\n<meta name=\"author\" content=\"Filip\" \/>\n<meta name=\"twitter:card\" content=\"summary_large_image\" \/>\n<meta name=\"twitter:label1\" content=\"Napisane przez\" \/>\n\t<meta name=\"twitter:data1\" content=\"Filip\" \/>\n\t<meta name=\"twitter:label2\" content=\"Szacowany czas czytania\" \/>\n\t<meta name=\"twitter:data2\" content=\"1 minuta\" \/>\n<script type=\"application\/ld+json\" class=\"yoast-schema-graph\">{\"@context\":\"https:\/\/schema.org\",\"@graph\":[{\"@type\":\"Article\",\"@id\":\"https:\/\/www.pogotowieflagowe.pl\/aktualne\/rosnace-zagrozenie-wojskowe-rosji-czy-nato-powinno-sie-martwic\/#article\",\"isPartOf\":{\"@id\":\"https:\/\/www.pogotowieflagowe.pl\/aktualne\/rosnace-zagrozenie-wojskowe-rosji-czy-nato-powinno-sie-martwic\/\"},\"author\":{\"name\":\"Filip\",\"@id\":\"https:\/\/www.pogotowieflagowe.pl\/aktualne\/#\/schema\/person\/9c2fb7d2362ebf6fa088960d7f0d27b0\"},\"headline\":\"Rosn\u0105ce zagro\u017cenie wojskowe Rosji: czy NATO powinno si\u0119 martwi\u0107?\",\"datePublished\":\"2025-02-12T19:47:03+00:00\",\"dateModified\":\"2025-02-12T19:47:04+00:00\",\"mainEntityOfPage\":{\"@id\":\"https:\/\/www.pogotowieflagowe.pl\/aktualne\/rosnace-zagrozenie-wojskowe-rosji-czy-nato-powinno-sie-martwic\/\"},\"wordCount\":225,\"publisher\":{\"@id\":\"https:\/\/www.pogotowieflagowe.pl\/aktualne\/#organization\"},\"image\":{\"@id\":\"https:\/\/www.pogotowieflagowe.pl\/aktualne\/rosnace-zagrozenie-wojskowe-rosji-czy-nato-powinno-sie-martwic\/#primaryimage\"},\"thumbnailUrl\":\"https:\/\/www.pogotowieflagowe.pl\/aktualne\/wp-content\/uploads\/2025\/02\/Rosnace-zagrozenie-wojskowe-Rosji-czy-NATO-powinno-sie-martwic.jpg\",\"keywords\":[\"Czy\",\"martwi\u0107\",\"NATO\",\"powinno\",\"Rosji\",\"rosn\u0105ce\",\"si\u0119\",\"wojskowe\",\"zagro\u017cenie\"],\"articleSection\":[\"Polityka\"],\"inLanguage\":\"pl-PL\"},{\"@type\":\"WebPage\",\"@id\":\"https:\/\/www.pogotowieflagowe.pl\/aktualne\/rosnace-zagrozenie-wojskowe-rosji-czy-nato-powinno-sie-martwic\/\",\"url\":\"https:\/\/www.pogotowieflagowe.pl\/aktualne\/rosnace-zagrozenie-wojskowe-rosji-czy-nato-powinno-sie-martwic\/\",\"name\":\"Rosn\u0105ce zagro\u017cenie wojskowe Rosji: czy NATO powinno si\u0119 martwi\u0107? - POGOTOWIE FLAGOWE\u00ae\",\"isPartOf\":{\"@id\":\"https:\/\/www.pogotowieflagowe.pl\/aktualne\/#website\"},\"primaryImageOfPage\":{\"@id\":\"https:\/\/www.pogotowieflagowe.pl\/aktualne\/rosnace-zagrozenie-wojskowe-rosji-czy-nato-powinno-sie-martwic\/#primaryimage\"},\"image\":{\"@id\":\"https:\/\/www.pogotowieflagowe.pl\/aktualne\/rosnace-zagrozenie-wojskowe-rosji-czy-nato-powinno-sie-martwic\/#primaryimage\"},\"thumbnailUrl\":\"https:\/\/www.pogotowieflagowe.pl\/aktualne\/wp-content\/uploads\/2025\/02\/Rosnace-zagrozenie-wojskowe-Rosji-czy-NATO-powinno-sie-martwic.jpg\",\"datePublished\":\"2025-02-12T19:47:03+00:00\",\"dateModified\":\"2025-02-12T19:47:04+00:00\",\"breadcrumb\":{\"@id\":\"https:\/\/www.pogotowieflagowe.pl\/aktualne\/rosnace-zagrozenie-wojskowe-rosji-czy-nato-powinno-sie-martwic\/#breadcrumb\"},\"inLanguage\":\"pl-PL\",\"potentialAction\":[{\"@type\":\"ReadAction\",\"target\":[\"https:\/\/www.pogotowieflagowe.pl\/aktualne\/rosnace-zagrozenie-wojskowe-rosji-czy-nato-powinno-sie-martwic\/\"]}]},{\"@type\":\"ImageObject\",\"inLanguage\":\"pl-PL\",\"@id\":\"https:\/\/www.pogotowieflagowe.pl\/aktualne\/rosnace-zagrozenie-wojskowe-rosji-czy-nato-powinno-sie-martwic\/#primaryimage\",\"url\":\"https:\/\/www.pogotowieflagowe.pl\/aktualne\/wp-content\/uploads\/2025\/02\/Rosnace-zagrozenie-wojskowe-Rosji-czy-NATO-powinno-sie-martwic.jpg\",\"contentUrl\":\"https:\/\/www.pogotowieflagowe.pl\/aktualne\/wp-content\/uploads\/2025\/02\/Rosnace-zagrozenie-wojskowe-Rosji-czy-NATO-powinno-sie-martwic.jpg\",\"width\":1200,\"height\":675,\"caption\":\"Rosn\u0105ce zagro\u017cenie wojskowe Rosji: czy NATO powinno si\u0119 martwi\u0107?\"},{\"@type\":\"BreadcrumbList\",\"@id\":\"https:\/\/www.pogotowieflagowe.pl\/aktualne\/rosnace-zagrozenie-wojskowe-rosji-czy-nato-powinno-sie-martwic\/#breadcrumb\",\"itemListElement\":[{\"@type\":\"ListItem\",\"position\":1,\"name\":\"Home\",\"item\":\"https:\/\/www.pogotowieflagowe.pl\/aktualne\/\"},{\"@type\":\"ListItem\",\"position\":2,\"name\":\"Rosn\u0105ce zagro\u017cenie wojskowe Rosji: czy NATO powinno si\u0119 martwi\u0107?\"}]},{\"@type\":\"WebSite\",\"@id\":\"https:\/\/www.pogotowieflagowe.pl\/aktualne\/#website\",\"url\":\"https:\/\/www.pogotowieflagowe.pl\/aktualne\/\",\"name\":\"POGOTOWIE FLAGOWE\u00ae\",\"description\":\"\",\"publisher\":{\"@id\":\"https:\/\/www.pogotowieflagowe.pl\/aktualne\/#organization\"},\"potentialAction\":[{\"@type\":\"SearchAction\",\"target\":{\"@type\":\"EntryPoint\",\"urlTemplate\":\"https:\/\/www.pogotowieflagowe.pl\/aktualne\/?s={search_term_string}\"},\"query-input\":\"required name=search_term_string\"}],\"inLanguage\":\"pl-PL\"},{\"@type\":\"Organization\",\"@id\":\"https:\/\/www.pogotowieflagowe.pl\/aktualne\/#organization\",\"name\":\"POGOTOWIE FLAGOWE\u00ae\",\"url\":\"https:\/\/www.pogotowieflagowe.pl\/aktualne\/\",\"logo\":{\"@type\":\"ImageObject\",\"inLanguage\":\"pl-PL\",\"@id\":\"https:\/\/www.pogotowieflagowe.pl\/aktualne\/#\/schema\/logo\/image\/\",\"url\":\"https:\/\/www.pogotowieflagowe.pl\/aktualne\/wp-content\/uploads\/2024\/08\/cropped-pogotowieflagowe_flaga_projekt_sm.jpg\",\"contentUrl\":\"https:\/\/www.pogotowieflagowe.pl\/aktualne\/wp-content\/uploads\/2024\/08\/cropped-pogotowieflagowe_flaga_projekt_sm.jpg\",\"width\":250,\"height\":143,\"caption\":\"POGOTOWIE FLAGOWE\u00ae\"},\"image\":{\"@id\":\"https:\/\/www.pogotowieflagowe.pl\/aktualne\/#\/schema\/logo\/image\/\"}},{\"@type\":\"Person\",\"@id\":\"https:\/\/www.pogotowieflagowe.pl\/aktualne\/#\/schema\/person\/9c2fb7d2362ebf6fa088960d7f0d27b0\",\"name\":\"Filip\",\"image\":{\"@type\":\"ImageObject\",\"inLanguage\":\"pl-PL\",\"@id\":\"https:\/\/www.pogotowieflagowe.pl\/aktualne\/#\/schema\/person\/image\/\",\"url\":\"https:\/\/www.pogotowieflagowe.pl\/aktualne\/wp-content\/uploads\/2024\/08\/pogotowieflagowe.pl_.jpg\",\"contentUrl\":\"https:\/\/www.pogotowieflagowe.pl\/aktualne\/wp-content\/uploads\/2024\/08\/pogotowieflagowe.pl_.jpg\",\"caption\":\"Filip\"},\"description\":\"Jestem Filip, polski dziennikarz z dyplomem nauk politycznych Uniwersytetu Warszawskiego. Rozpoczynaj\u0105c swoj\u0105 karier\u0119 w r\u00f3\u017cnych lokalnych mediach, zdoby\u0142em solidne do\u015bwiadczenie w zakresie \u015bledztwa i redakcji. Obecnie jako redaktor w Pogotowie flagowe, staram si\u0119 dostarcza\u0107 dog\u0142\u0119bne i istotne analizy na temat najwa\u017cniejszych kwestii aktualno\u015bci, \u0142\u0105cz\u0105c rygor z pasj\u0105 dziennikarsk\u0105.\",\"sameAs\":[\"https:\/\/www.pogotowieflagowe.pl\/\"]}]}<\/script>\n<!-- \/ Yoast SEO plugin. -->","yoast_head_json":{"title":"Rosn\u0105ce zagro\u017cenie wojskowe Rosji: czy NATO powinno si\u0119 martwi\u0107? - POGOTOWIE FLAGOWE\u00ae","robots":{"index":"index","follow":"follow","max-snippet":"max-snippet:-1","max-image-preview":"max-image-preview:large","max-video-preview":"max-video-preview:-1"},"canonical":"https:\/\/www.pogotowieflagowe.pl\/aktualne\/rosnace-zagrozenie-wojskowe-rosji-czy-nato-powinno-sie-martwic\/","og_locale":"pl_PL","og_type":"article","og_title":"Rosn\u0105ce zagro\u017cenie wojskowe Rosji: czy NATO powinno si\u0119 martwi\u0107? - POGOTOWIE FLAGOWE\u00ae","og_description":"Rosja odbudowuje swoje wojsko pomimo strat na Ukrainie, zwi\u0119kszaj\u0105c obawy dla NATO. Eksperci ostrzegaj\u0105 o potencjalnych zagro\u017ceniach dla pa\u0144stw ba\u0142tyckich","og_url":"https:\/\/www.pogotowieflagowe.pl\/aktualne\/rosnace-zagrozenie-wojskowe-rosji-czy-nato-powinno-sie-martwic\/","og_site_name":"POGOTOWIE FLAGOWE\u00ae","article_published_time":"2025-02-12T19:47:03+00:00","article_modified_time":"2025-02-12T19:47:04+00:00","og_image":[{"width":1200,"height":675,"url":"https:\/\/www.pogotowieflagowe.pl\/aktualne\/wp-content\/uploads\/2025\/02\/Rosnace-zagrozenie-wojskowe-Rosji-czy-NATO-powinno-sie-martwic.jpg","type":"image\/jpeg"}],"author":"Filip","twitter_card":"summary_large_image","twitter_misc":{"Napisane przez":"Filip","Szacowany czas czytania":"1 minuta"},"schema":{"@context":"https:\/\/schema.org","@graph":[{"@type":"Article","@id":"https:\/\/www.pogotowieflagowe.pl\/aktualne\/rosnace-zagrozenie-wojskowe-rosji-czy-nato-powinno-sie-martwic\/#article","isPartOf":{"@id":"https:\/\/www.pogotowieflagowe.pl\/aktualne\/rosnace-zagrozenie-wojskowe-rosji-czy-nato-powinno-sie-martwic\/"},"author":{"name":"Filip","@id":"https:\/\/www.pogotowieflagowe.pl\/aktualne\/#\/schema\/person\/9c2fb7d2362ebf6fa088960d7f0d27b0"},"headline":"Rosn\u0105ce zagro\u017cenie wojskowe Rosji: czy NATO powinno si\u0119 martwi\u0107?","datePublished":"2025-02-12T19:47:03+00:00","dateModified":"2025-02-12T19:47:04+00:00","mainEntityOfPage":{"@id":"https:\/\/www.pogotowieflagowe.pl\/aktualne\/rosnace-zagrozenie-wojskowe-rosji-czy-nato-powinno-sie-martwic\/"},"wordCount":225,"publisher":{"@id":"https:\/\/www.pogotowieflagowe.pl\/aktualne\/#organization"},"image":{"@id":"https:\/\/www.pogotowieflagowe.pl\/aktualne\/rosnace-zagrozenie-wojskowe-rosji-czy-nato-powinno-sie-martwic\/#primaryimage"},"thumbnailUrl":"https:\/\/www.pogotowieflagowe.pl\/aktualne\/wp-content\/uploads\/2025\/02\/Rosnace-zagrozenie-wojskowe-Rosji-czy-NATO-powinno-sie-martwic.jpg","keywords":["Czy","martwi\u0107","NATO","powinno","Rosji","rosn\u0105ce","si\u0119","wojskowe","zagro\u017cenie"],"articleSection":["Polityka"],"inLanguage":"pl-PL"},{"@type":"WebPage","@id":"https:\/\/www.pogotowieflagowe.pl\/aktualne\/rosnace-zagrozenie-wojskowe-rosji-czy-nato-powinno-sie-martwic\/","url":"https:\/\/www.pogotowieflagowe.pl\/aktualne\/rosnace-zagrozenie-wojskowe-rosji-czy-nato-powinno-sie-martwic\/","name":"Rosn\u0105ce zagro\u017cenie wojskowe Rosji: czy NATO powinno si\u0119 martwi\u0107? - POGOTOWIE FLAGOWE\u00ae","isPartOf":{"@id":"https:\/\/www.pogotowieflagowe.pl\/aktualne\/#website"},"primaryImageOfPage":{"@id":"https:\/\/www.pogotowieflagowe.pl\/aktualne\/rosnace-zagrozenie-wojskowe-rosji-czy-nato-powinno-sie-martwic\/#primaryimage"},"image":{"@id":"https:\/\/www.pogotowieflagowe.pl\/aktualne\/rosnace-zagrozenie-wojskowe-rosji-czy-nato-powinno-sie-martwic\/#primaryimage"},"thumbnailUrl":"https:\/\/www.pogotowieflagowe.pl\/aktualne\/wp-content\/uploads\/2025\/02\/Rosnace-zagrozenie-wojskowe-Rosji-czy-NATO-powinno-sie-martwic.jpg","datePublished":"2025-02-12T19:47:03+00:00","dateModified":"2025-02-12T19:47:04+00:00","breadcrumb":{"@id":"https:\/\/www.pogotowieflagowe.pl\/aktualne\/rosnace-zagrozenie-wojskowe-rosji-czy-nato-powinno-sie-martwic\/#breadcrumb"},"inLanguage":"pl-PL","potentialAction":[{"@type":"ReadAction","target":["https:\/\/www.pogotowieflagowe.pl\/aktualne\/rosnace-zagrozenie-wojskowe-rosji-czy-nato-powinno-sie-martwic\/"]}]},{"@type":"ImageObject","inLanguage":"pl-PL","@id":"https:\/\/www.pogotowieflagowe.pl\/aktualne\/rosnace-zagrozenie-wojskowe-rosji-czy-nato-powinno-sie-martwic\/#primaryimage","url":"https:\/\/www.pogotowieflagowe.pl\/aktualne\/wp-content\/uploads\/2025\/02\/Rosnace-zagrozenie-wojskowe-Rosji-czy-NATO-powinno-sie-martwic.jpg","contentUrl":"https:\/\/www.pogotowieflagowe.pl\/aktualne\/wp-content\/uploads\/2025\/02\/Rosnace-zagrozenie-wojskowe-Rosji-czy-NATO-powinno-sie-martwic.jpg","width":1200,"height":675,"caption":"Rosn\u0105ce zagro\u017cenie wojskowe Rosji: czy NATO powinno si\u0119 martwi\u0107?"},{"@type":"BreadcrumbList","@id":"https:\/\/www.pogotowieflagowe.pl\/aktualne\/rosnace-zagrozenie-wojskowe-rosji-czy-nato-powinno-sie-martwic\/#breadcrumb","itemListElement":[{"@type":"ListItem","position":1,"name":"Home","item":"https:\/\/www.pogotowieflagowe.pl\/aktualne\/"},{"@type":"ListItem","position":2,"name":"Rosn\u0105ce zagro\u017cenie wojskowe Rosji: czy NATO powinno si\u0119 martwi\u0107?"}]},{"@type":"WebSite","@id":"https:\/\/www.pogotowieflagowe.pl\/aktualne\/#website","url":"https:\/\/www.pogotowieflagowe.pl\/aktualne\/","name":"POGOTOWIE FLAGOWE\u00ae","description":"","publisher":{"@id":"https:\/\/www.pogotowieflagowe.pl\/aktualne\/#organization"},"potentialAction":[{"@type":"SearchAction","target":{"@type":"EntryPoint","urlTemplate":"https:\/\/www.pogotowieflagowe.pl\/aktualne\/?s={search_term_string}"},"query-input":"required name=search_term_string"}],"inLanguage":"pl-PL"},{"@type":"Organization","@id":"https:\/\/www.pogotowieflagowe.pl\/aktualne\/#organization","name":"POGOTOWIE FLAGOWE\u00ae","url":"https:\/\/www.pogotowieflagowe.pl\/aktualne\/","logo":{"@type":"ImageObject","inLanguage":"pl-PL","@id":"https:\/\/www.pogotowieflagowe.pl\/aktualne\/#\/schema\/logo\/image\/","url":"https:\/\/www.pogotowieflagowe.pl\/aktualne\/wp-content\/uploads\/2024\/08\/cropped-pogotowieflagowe_flaga_projekt_sm.jpg","contentUrl":"https:\/\/www.pogotowieflagowe.pl\/aktualne\/wp-content\/uploads\/2024\/08\/cropped-pogotowieflagowe_flaga_projekt_sm.jpg","width":250,"height":143,"caption":"POGOTOWIE FLAGOWE\u00ae"},"image":{"@id":"https:\/\/www.pogotowieflagowe.pl\/aktualne\/#\/schema\/logo\/image\/"}},{"@type":"Person","@id":"https:\/\/www.pogotowieflagowe.pl\/aktualne\/#\/schema\/person\/9c2fb7d2362ebf6fa088960d7f0d27b0","name":"Filip","image":{"@type":"ImageObject","inLanguage":"pl-PL","@id":"https:\/\/www.pogotowieflagowe.pl\/aktualne\/#\/schema\/person\/image\/","url":"https:\/\/www.pogotowieflagowe.pl\/aktualne\/wp-content\/uploads\/2024\/08\/pogotowieflagowe.pl_.jpg","contentUrl":"https:\/\/www.pogotowieflagowe.pl\/aktualne\/wp-content\/uploads\/2024\/08\/pogotowieflagowe.pl_.jpg","caption":"Filip"},"description":"Jestem Filip, polski dziennikarz z dyplomem nauk politycznych Uniwersytetu Warszawskiego. Rozpoczynaj\u0105c swoj\u0105 karier\u0119 w r\u00f3\u017cnych lokalnych mediach, zdoby\u0142em solidne do\u015bwiadczenie w zakresie \u015bledztwa i redakcji. Obecnie jako redaktor w Pogotowie flagowe, staram si\u0119 dostarcza\u0107 dog\u0142\u0119bne i istotne analizy na temat najwa\u017cniejszych kwestii aktualno\u015bci, \u0142\u0105cz\u0105c rygor z pasj\u0105 dziennikarsk\u0105.","sameAs":["https:\/\/www.pogotowieflagowe.pl\/"]}]}},"_links":{"self":[{"href":"https:\/\/www.pogotowieflagowe.pl\/aktualne\/wp-json\/wp\/v2\/posts\/3884","targetHints":{"allow":["GET"]}}],"collection":[{"href":"https:\/\/www.pogotowieflagowe.pl\/aktualne\/wp-json\/wp\/v2\/posts"}],"about":[{"href":"https:\/\/www.pogotowieflagowe.pl\/aktualne\/wp-json\/wp\/v2\/types\/post"}],"author":[{"embeddable":true,"href":"https:\/\/www.pogotowieflagowe.pl\/aktualne\/wp-json\/wp\/v2\/users\/1"}],"replies":[{"embeddable":true,"href":"https:\/\/www.pogotowieflagowe.pl\/aktualne\/wp-json\/wp\/v2\/comments?post=3884"}],"version-history":[{"count":1,"href":"https:\/\/www.pogotowieflagowe.pl\/aktualne\/wp-json\/wp\/v2\/posts\/3884\/revisions"}],"predecessor-version":[{"id":3886,"href":"https:\/\/www.pogotowieflagowe.pl\/aktualne\/wp-json\/wp\/v2\/posts\/3884\/revisions\/3886"}],"wp:featuredmedia":[{"embeddable":true,"href":"https:\/\/www.pogotowieflagowe.pl\/aktualne\/wp-json\/wp\/v2\/media\/3885"}],"wp:attachment":[{"href":"https:\/\/www.pogotowieflagowe.pl\/aktualne\/wp-json\/wp\/v2\/media?parent=3884"}],"wp:term":[{"taxonomy":"category","embeddable":true,"href":"https:\/\/www.pogotowieflagowe.pl\/aktualne\/wp-json\/wp\/v2\/categories?post=3884"},{"taxonomy":"post_tag","embeddable":true,"href":"https:\/\/www.pogotowieflagowe.pl\/aktualne\/wp-json\/wp\/v2\/tags?post=3884"}],"curies":[{"name":"wp","href":"https:\/\/api.w.org\/{rel}","templated":true}]}}