{"id":3998,"date":"2025-02-18T01:47:03","date_gmt":"2025-02-18T00:47:03","guid":{"rendered":"https:\/\/www.pogotowieflagowe.pl\/aktualne\/europejska-gospodarka-w-trudnych-ciesninach-obajtek-proponuje-dwa-rozwiazania-wtedy-bylibysmy-bezpieczni\/"},"modified":"2025-02-18T01:47:05","modified_gmt":"2025-02-18T00:47:05","slug":"europejska-gospodarka-w-trudnych-ciesninach-obajtek-proponuje-dwa-rozwiazania-wtedy-bylibysmy-bezpieczni","status":"publish","type":"post","link":"https:\/\/www.pogotowieflagowe.pl\/aktualne\/europejska-gospodarka-w-trudnych-ciesninach-obajtek-proponuje-dwa-rozwiazania-wtedy-bylibysmy-bezpieczni\/","title":{"rendered":"Europejska gospodarka w trudnych Cie\u015bninach: Obajtek proponuje dwa rozwi\u0105zania: \u201eWtedy byliby\u015bmy bezpieczni!\u201d"},"content":{"rendered":"\n<div class=\"td_block_wrap tdb_single_content tdi_41 td-pb-border-top td_block_template_8 td-post-content tagdiv-type\" data-td-block-uid=\"tdi_41\">\n<style>.tdi_41 {margin-top: 0px! Wa\u017cne; margines-bottom: 0px! WA\u017bNY; PALDING-TOP: 0PX! WA\u017bNY; PALDING-BOTTOM: 0PX! WA\u017bNE}<\/style>\n<style>.tdb_single_content {margin-bottom: 0;*zoom: 1} .tdb_single_content: wcze\u015bniej, .tdb_single_content: po {display: Table; content: ''; line-height: 0} .TDB-BLOCK-INner>*: nie (.WP-BLOCK-QUOTE): NOT (.Alignwide): not (.alignfull.wp-block-cover.has-parallax): not (.td-a-ad) {margin-left: auto; margin-right: auto} .tdb_single_content a {wska\u017anik-events: auto} .tdb_single_content .td-spot-id-top_ad .tdc-placeholder-title: przed {content: 'top ad'! Wa\u017cne} .tdb_single_content .td-spot-id-inline_ad0 .tdc-miejsce-title: przed {content: \u201eArtyku\u0142 inline AD 1 '! Wa\u017cne} .tdb_single_content. {content: 'Artyku\u0142 inline AD 2'! Wa\u017cny} .tdb_single_content .td-spot-inline_ad2 .tdc-miejsce-title: przed {content: 'Artyku\u0142 inline AD 3'! Wa\u017cny} .tdb_single_content .td-spot-id-id -Bottom_Ad .tdc-Placeholder-Title: przed {content: 'artyku\u0142 dolny ad'! Wa\u017cne} .tdb_single_content .id_top_ad, .tdb_single_content .id_bottom_ad {clear: obu; margin-bottom: 21px; text -align: Center} .tdb_single_content. id_top_ad IMG, .tdb_single_content .id_bottom_ad Img {margin-bottom: 0} .tdb_single_content .id_top_ad .adsbyGoogle, .tdb_single_content .id_bottom_ad .adsbyGoogle , .tdb_single_content .id_ad_content-horiz-right , .tdb_single_content .id_ad_content-horiz-Center {margin-bottom: 15px} .tdb_single_content .id_content-horiz-left Img, .tdb_single_content .id_ad_content-horiz-right Gin-Bottom: 0 { lewy; margine-top: 9px; margin-right: 21px} .tdb_single_content .id_ad_content-horiz-right {float: right; margin-top: 6px; margin-left: 21px} .tdb_single_content .tdc-a-ad .tdc--- Umak zast\u0119puj\u0105cy {szeroko\u015b\u0107: 300px; height: 250px} .tdb_single_content .tdc-a-ad .tdc-miejsce-title: przed {pozycja: Absolute; top: 50%;-WebKit-Transform: t\u0142umaczenie (-50%); Transform: Translatey (-50%); margines: auto; display: tabela; szeroko\u015b\u0107: 100%} > p, .tdi_41 .tdb-block-inner> p, .wp-block-column> p {font-size: 16px! Wa\u017cne; linia-height: 1.6! Wa\u017cne} .tdi_41 .tdb-Block-Inner blockquote p { Font-styl: Normal! Wa\u017cne} @media (Max-Width: 767px) {. tdb_single_content .id_ad_content-horiz-left, .tdb_single_content .id_ad_content-horiz-right, .tdb_single_content .id_ad_content-horiz-center {margin: 0 aut auto}}@media (Max-Width: 767px) {. tdb_single_content .id_ad_content-horiz-left {margin-right: 0}}@media (max-width: 767px) {. po lewej: 0}}@media (Max-Width: 767px) {. tdb_single_content .td-a-ad {float: none; text-align: Center} .tdb_single_content .td-a-admg {margin-right: auto; margin-left: auto} .tdb_single_content .tdc-a-ad {float: none}}<\/style>\n<div class=\"tdb-block-inner td-fix-index\">\n<p>Fala kontrowersji nast\u0105pi\u0142a po uwagach wiceprezydenta Stan\u00f3w Zjednoczonych JD Vance&#8217;a na konferencji bezpiecze\u0144stwa w Monachium, gdzie zapewni\u0142 ostr\u0105 krytyk\u0119 obecnej sytuacji politycznej i gospodarczej w Europie. Wed\u0142ug Vance&#8217;a najwi\u0119ksze zagro\u017cenie w Europie wynika od wewn\u0105trz: erozja zasad demokratycznych, t\u0142umienie wolno\u015bci s\u0142owa i rosn\u0105ce nietolerancja &#8211; obok wyzwa\u0144 zwi\u0105zanych z niezbadan\u0105 migracj\u0105. Przywo\u0142a\u0142 wezwanie \u015bwi\u0119tego Jana Paw\u0142a II \u201enie b\u00f3j si\u0119\u201d, wzywaj\u0105c przyw\u00f3dc\u00f3w Europy do zaufania swoim obywatelom i przysz\u0142o\u015bci.<\/p>\n<p>Jednak krytyczne stanowisko Vance&#8217;a nie tylko wywo\u0142a\u0142o debat\u0119 na temat wolno\u015bci politycznych i praw obywatelskich &#8211; r\u00f3wnie\u017c wyr\u00f3\u017cnia\u0142o walcz\u0105c\u0105 gospodark\u0119 Europy. Na pocz\u0105tku tego tygodnia by\u0142y polski premier Mateusz Morawiecki zabrzmia\u0142 alarm w mediach spo\u0142eczno\u015bciowych, podkre\u015blaj\u0105c, \u017ce gospodarka Stan\u00f3w Zjednoczonych jest obecnie o oko\u0142o 50 procent wi\u0119ksza ni\u017c w Unii Europejskiej. Argumentowa\u0142, \u017ce podczas gdy Europa wybra\u0142a \u015bcie\u017ck\u0119 przepis\u00f3w i \u201ekoncentruj\u0105c si\u0119 na trywialno\u015bci\u201d, USA zdecydowa\u0142y si\u0119 na innowacje i szybki wzrost gospodarczy.<\/p>\n<h2 class=\"wp-block-heading\">\u201ePowiedzia\u0142 prawd\u0119\u201d<\/h2>\n<p>W wywiadzie dla dziennikarza Micha\u0142a Racho\u0144a Daniel Obajtek &#8211; MEP z Partii Polski i Sprawiedliwo\u015bci (PIS) oraz by\u0142ego prezydenta giganta naftowego Pkn Orlen &#8211; odpowiedzia\u0142 zar\u00f3wno na krytyk\u0119 wiceprezydenta Vance&#8217;a, jak i narastaj\u0105ce obawy dotycz\u0105ce os\u0142abionej pozycji gospodarczej UE.<\/p>\n<p>\u201eTeraz istnieje oburzenie tym, co powiedzia\u0142 wiceprezydent USA, ale po prostu powiedzia\u0142 prawd\u0119\u201d &#8211; zauwa\u017cy\u0142 Obajtek. \u201eWp\u0142ywa to r\u00f3wnie\u017c na biznes. Firma nap\u0119dzana ideologi\u0105 &#8211; czy to marksizm, komunizm lub lewica &#8211; mo\u017ce bardzo dobrze zawodzi\u0107. \u201d<br \/>Obajtek opisa\u0142 dominuj\u0105c\u0105 atmosfer\u0119 w parlamencie europejskim jako \u201elewicow\u0105 idiotyk\u0119\u201d, kt\u00f3ra jego zdaniem eroduje Europ\u0119 zar\u00f3wno moralnie, jak i ekonomicznie. Zwr\u00f3ci\u0142 uwag\u0119, \u017ce UE wydaje si\u0119 bardziej ch\u0119tnie rywalizowa\u0107 we w\u0142asnych granicach ni\u017c walczy\u0107 z wi\u0119kszymi globalnymi rywalami, takimi jak Chiny i USA<\/p>\n<h2 class=\"wp-block-heading\">Wr\u00f3\u0107 do korzeni Europy<\/h2>\n<p>Zapytany, co mo\u017cna zrobi\u0107, aby odwr\u00f3ci\u0107 trajektori\u0119 w d\u00f3\u0142 Europy, Obajtek zaproponowa\u0142 dwie g\u0142\u00f3wne strategie:<\/p>\n<ul class=\"wp-block-list\">\n<li>Wr\u00f3\u0107 do \u201eEuropy ojczyzny\u201d. Wezwa\u0142 do ponownego skupienia zasad za\u0142o\u017cycieli europejskiego projektu, podkre\u015blaj\u0105c znaczenie zachowania to\u017csamo\u015bci narodowej i interes\u00f3w w ramach UE.<\/li>\n<li>Wzmocnienie wi\u0119zi z USA Obajtek podkre\u015bli\u0142 znaczenie wykuwania solidnego sojuszu transatlantyckiego &#8211; szczeg\u00f3lnie w dziedzinie energii i innowacji. Argumentowa\u0142, \u017ce zabezpieczenie istotnych um\u00f3w na ameryka\u0144ski gaz i rop\u0119 naftow\u0105 mo\u017ce stworzy\u0107 pot\u0119\u017cn\u0105 zach\u0119t\u0119 dla inwestor\u00f3w ameryka\u0144skich, a wraz z nim zwi\u0119kszone bezpiecze\u0144stwo dla Europy.<\/li>\n<\/ul>\n<p>\u201eGdyby Amerykanie sprzedawali gaz i rop\u0119 w tym regionie za oko\u0142o 200 miliard\u00f3w Za\u0142otych &#8211; oko\u0142o 50 milion\u00f3w dolar\u00f3w &#8211; to byliby\u015bmy w pe\u0142ni bezpieczni. Nikt nie mo\u017ce zagwarantowa\u0107 bezpiecze\u0144stwa, je\u015bli w regionie nie ma udzia\u0142u lub wsp\u00f3lnych odsetek &#8211; doda\u0142.<\/p>\n<h2 class=\"wp-block-heading\">Malej\u0105ca konkurencyjno\u015b\u0107 Europy<\/h2>\n<p>Obajtek powt\u00f3rzy\u0142 pogl\u0105d Morawickiego, \u017ce nadmierna regulacja w Europie i nieproporcjonalny wp\u0142yw wi\u0119kszych pa\u0144stw UE odbija si\u0119 na biedniejszych, mniej rozwini\u0119tych krajach cz\u0142onkowskich. Ta wewn\u0119trzna konkurencja, jak powiedzia\u0142, odwraca uwag\u0119 od prawdziwego wyzwania &#8211; utrzymuj\u0105c konkurencyjno\u015b\u0107 z globalnymi ci\u0119\u017ckimi wagi gospodarczej.<\/p>\n<p>\u201eEuropa wybra\u0142a przepisy i jest zaj\u0119ta rzeczami, kt\u00f3re nie przynosz\u0105 prawdziwego wzrostu gospodarczego\u201d, zauwa\u017cy\u0142 Morawiecki we wcze\u015bniejszym o\u015bwiadczeniu. \u201eTymczasem USA wybra\u0142y innowacje i szybko rozszerzy\u0142y swoj\u0105 gospodark\u0119\u201d.<\/p>\n<h2 class=\"wp-block-heading\">Wezwanie do odwa\u017cnego dzia\u0142ania<\/h2>\n<p>Niedawna debata &#8211; wyznaczona przez przem\u00f3wienie wiceprezydenta Vance&#8217;a w Monachium &#8211; wynosi rosn\u0105cy konsensus, kt\u00f3rego Europa nie mo\u017ce sobie pozwoli\u0107 na zachowanie samozadowolenia. Obajtek, wraz z kilkoma innymi wybitnymi politykami, nalega, \u017ce \u200b\u200bbez decyduj\u0105cej zmiany strategii ryzyko UE ze\u015blizguje si\u0119 za USA i innych globalnych konkurent\u00f3w.<\/p>\n<p>To, czy przyw\u00f3dcy europejscy b\u0119d\u0105 pos\u0142ucha\u0107 tych ostrze\u017ce\u0144 i obracaj\u0105 si\u0119 w kierunku swobodnych rynk\u00f3w, silniejszych wi\u0119zi transatlantyckich i powr\u00f3t do za\u0142o\u017cycielskich warto\u015bci demokratycznych, dopiero si\u0119 oka\u017ce. Jednak podstawowe przes\u0142anie z obu stron Atlantyku jest jasne: czas na odwa\u017cne dzia\u0142ania gospodarcze i polityczne w Europie nigdy nie by\u0142 bardziej pilny.<\/p>\n<\/div>\n<\/div>\n","protected":false},"excerpt":{"rendered":"<p>Fala kontrowersji nast\u0105pi\u0142a po uwagach wiceprezydenta Stan\u00f3w Zjednoczonych JD Vance&#8217;a na konferencji bezpiecze\u0144stwa w Monachium, gdzie zapewni\u0142 ostr\u0105 krytyk\u0119 obecnej<\/p>\n","protected":false},"author":1,"featured_media":3999,"comment_status":"closed","ping_status":"","sticky":false,"template":"","format":"standard","meta":{"footnotes":""},"categories":[45],"tags":[5582,5581,5579,223,914,386,1174,3920,772,5578,5580],"class_list":["post-3998","post","type-post","status-publish","format-standard","has-post-thumbnail","hentry","category-biznes","tag-bezpieczni","tag-bylibysmy","tag-ciesninach","tag-dwa","tag-europejska","tag-gospodarka","tag-obajtek","tag-proponuje","tag-rozwiazania","tag-trudnych","tag-wtedy","generate-columns","tablet-grid-50","mobile-grid-100","grid-parent","grid-50","resize-featured-image"],"yoast_head":"<!-- This site is optimized with the Yoast SEO plugin v23.2 - https:\/\/yoast.com\/wordpress\/plugins\/seo\/ -->\n<title>Europejska gospodarka w trudnych Cie\u015bninach: Obajtek proponuje dwa rozwi\u0105zania: \u201eWtedy byliby\u015bmy bezpieczni!\u201d - POGOTOWIE FLAGOWE\u00ae<\/title>\n<meta name=\"robots\" content=\"index, follow, max-snippet:-1, max-image-preview:large, max-video-preview:-1\" \/>\n<link rel=\"canonical\" href=\"https:\/\/www.pogotowieflagowe.pl\/aktualne\/europejska-gospodarka-w-trudnych-ciesninach-obajtek-proponuje-dwa-rozwiazania-wtedy-bylibysmy-bezpieczni\/\" \/>\n<meta property=\"og:locale\" content=\"pl_PL\" \/>\n<meta property=\"og:type\" content=\"article\" \/>\n<meta property=\"og:title\" content=\"Europejska gospodarka w trudnych Cie\u015bninach: Obajtek proponuje dwa rozwi\u0105zania: \u201eWtedy byliby\u015bmy bezpieczni!\u201d - POGOTOWIE FLAGOWE\u00ae\" \/>\n<meta property=\"og:description\" content=\"Fala kontrowersji nast\u0105pi\u0142a po uwagach wiceprezydenta Stan\u00f3w Zjednoczonych JD Vance&#8217;a na konferencji bezpiecze\u0144stwa w Monachium, gdzie zapewni\u0142 ostr\u0105 krytyk\u0119 obecnej\" \/>\n<meta property=\"og:url\" content=\"https:\/\/www.pogotowieflagowe.pl\/aktualne\/europejska-gospodarka-w-trudnych-ciesninach-obajtek-proponuje-dwa-rozwiazania-wtedy-bylibysmy-bezpieczni\/\" \/>\n<meta property=\"og:site_name\" content=\"POGOTOWIE FLAGOWE\u00ae\" \/>\n<meta property=\"article:published_time\" content=\"2025-02-18T00:47:03+00:00\" \/>\n<meta property=\"article:modified_time\" content=\"2025-02-18T00:47:05+00:00\" \/>\n<meta property=\"og:image\" content=\"https:\/\/www.pogotowieflagowe.pl\/aktualne\/wp-content\/uploads\/2025\/02\/Europejska-gospodarka-w-trudnych-Ciesninach-Obajtek-proponuje-dwa-rozwiazania-\u201eWtedy.jpg\" \/>\n\t<meta property=\"og:image:width\" content=\"1920\" \/>\n\t<meta property=\"og:image:height\" content=\"1279\" \/>\n\t<meta property=\"og:image:type\" content=\"image\/jpeg\" \/>\n<meta name=\"author\" content=\"Filip\" \/>\n<meta name=\"twitter:card\" content=\"summary_large_image\" \/>\n<meta name=\"twitter:label1\" content=\"Napisane przez\" \/>\n\t<meta name=\"twitter:data1\" content=\"Filip\" \/>\n\t<meta name=\"twitter:label2\" content=\"Szacowany czas czytania\" \/>\n\t<meta name=\"twitter:data2\" content=\"3 minuty\" \/>\n<script type=\"application\/ld+json\" class=\"yoast-schema-graph\">{\"@context\":\"https:\/\/schema.org\",\"@graph\":[{\"@type\":\"Article\",\"@id\":\"https:\/\/www.pogotowieflagowe.pl\/aktualne\/europejska-gospodarka-w-trudnych-ciesninach-obajtek-proponuje-dwa-rozwiazania-wtedy-bylibysmy-bezpieczni\/#article\",\"isPartOf\":{\"@id\":\"https:\/\/www.pogotowieflagowe.pl\/aktualne\/europejska-gospodarka-w-trudnych-ciesninach-obajtek-proponuje-dwa-rozwiazania-wtedy-bylibysmy-bezpieczni\/\"},\"author\":{\"name\":\"Filip\",\"@id\":\"https:\/\/www.pogotowieflagowe.pl\/aktualne\/#\/schema\/person\/9c2fb7d2362ebf6fa088960d7f0d27b0\"},\"headline\":\"Europejska gospodarka w trudnych Cie\u015bninach: Obajtek proponuje dwa rozwi\u0105zania: \u201eWtedy byliby\u015bmy bezpieczni!\u201d\",\"datePublished\":\"2025-02-18T00:47:03+00:00\",\"dateModified\":\"2025-02-18T00:47:05+00:00\",\"mainEntityOfPage\":{\"@id\":\"https:\/\/www.pogotowieflagowe.pl\/aktualne\/europejska-gospodarka-w-trudnych-ciesninach-obajtek-proponuje-dwa-rozwiazania-wtedy-bylibysmy-bezpieczni\/\"},\"wordCount\":717,\"publisher\":{\"@id\":\"https:\/\/www.pogotowieflagowe.pl\/aktualne\/#organization\"},\"image\":{\"@id\":\"https:\/\/www.pogotowieflagowe.pl\/aktualne\/europejska-gospodarka-w-trudnych-ciesninach-obajtek-proponuje-dwa-rozwiazania-wtedy-bylibysmy-bezpieczni\/#primaryimage\"},\"thumbnailUrl\":\"https:\/\/www.pogotowieflagowe.pl\/aktualne\/wp-content\/uploads\/2025\/02\/Europejska-gospodarka-w-trudnych-Ciesninach-Obajtek-proponuje-dwa-rozwiazania-\u201eWtedy.jpg\",\"keywords\":[\"bezpieczni\",\"byliby\u015bmy\",\"Cie\u015bninach\",\"Dwa\",\"Europejska\",\"Gospodarka\",\"Obajtek\",\"proponuje\",\"rozwi\u0105zania\",\"trudnych\",\"Wtedy\"],\"articleSection\":[\"Biznes\"],\"inLanguage\":\"pl-PL\"},{\"@type\":\"WebPage\",\"@id\":\"https:\/\/www.pogotowieflagowe.pl\/aktualne\/europejska-gospodarka-w-trudnych-ciesninach-obajtek-proponuje-dwa-rozwiazania-wtedy-bylibysmy-bezpieczni\/\",\"url\":\"https:\/\/www.pogotowieflagowe.pl\/aktualne\/europejska-gospodarka-w-trudnych-ciesninach-obajtek-proponuje-dwa-rozwiazania-wtedy-bylibysmy-bezpieczni\/\",\"name\":\"Europejska gospodarka w trudnych Cie\u015bninach: Obajtek proponuje dwa rozwi\u0105zania: \u201eWtedy byliby\u015bmy bezpieczni!\u201d - POGOTOWIE FLAGOWE\u00ae\",\"isPartOf\":{\"@id\":\"https:\/\/www.pogotowieflagowe.pl\/aktualne\/#website\"},\"primaryImageOfPage\":{\"@id\":\"https:\/\/www.pogotowieflagowe.pl\/aktualne\/europejska-gospodarka-w-trudnych-ciesninach-obajtek-proponuje-dwa-rozwiazania-wtedy-bylibysmy-bezpieczni\/#primaryimage\"},\"image\":{\"@id\":\"https:\/\/www.pogotowieflagowe.pl\/aktualne\/europejska-gospodarka-w-trudnych-ciesninach-obajtek-proponuje-dwa-rozwiazania-wtedy-bylibysmy-bezpieczni\/#primaryimage\"},\"thumbnailUrl\":\"https:\/\/www.pogotowieflagowe.pl\/aktualne\/wp-content\/uploads\/2025\/02\/Europejska-gospodarka-w-trudnych-Ciesninach-Obajtek-proponuje-dwa-rozwiazania-\u201eWtedy.jpg\",\"datePublished\":\"2025-02-18T00:47:03+00:00\",\"dateModified\":\"2025-02-18T00:47:05+00:00\",\"breadcrumb\":{\"@id\":\"https:\/\/www.pogotowieflagowe.pl\/aktualne\/europejska-gospodarka-w-trudnych-ciesninach-obajtek-proponuje-dwa-rozwiazania-wtedy-bylibysmy-bezpieczni\/#breadcrumb\"},\"inLanguage\":\"pl-PL\",\"potentialAction\":[{\"@type\":\"ReadAction\",\"target\":[\"https:\/\/www.pogotowieflagowe.pl\/aktualne\/europejska-gospodarka-w-trudnych-ciesninach-obajtek-proponuje-dwa-rozwiazania-wtedy-bylibysmy-bezpieczni\/\"]}]},{\"@type\":\"ImageObject\",\"inLanguage\":\"pl-PL\",\"@id\":\"https:\/\/www.pogotowieflagowe.pl\/aktualne\/europejska-gospodarka-w-trudnych-ciesninach-obajtek-proponuje-dwa-rozwiazania-wtedy-bylibysmy-bezpieczni\/#primaryimage\",\"url\":\"https:\/\/www.pogotowieflagowe.pl\/aktualne\/wp-content\/uploads\/2025\/02\/Europejska-gospodarka-w-trudnych-Ciesninach-Obajtek-proponuje-dwa-rozwiazania-\u201eWtedy.jpg\",\"contentUrl\":\"https:\/\/www.pogotowieflagowe.pl\/aktualne\/wp-content\/uploads\/2025\/02\/Europejska-gospodarka-w-trudnych-Ciesninach-Obajtek-proponuje-dwa-rozwiazania-\u201eWtedy.jpg\",\"width\":1920,\"height\":1279,\"caption\":\"Europejska gospodarka w trudnych Cie\u015bninach: Obajtek proponuje dwa rozwi\u0105zania: \u201eWtedy byliby\u015bmy bezpieczni!\u201d\"},{\"@type\":\"BreadcrumbList\",\"@id\":\"https:\/\/www.pogotowieflagowe.pl\/aktualne\/europejska-gospodarka-w-trudnych-ciesninach-obajtek-proponuje-dwa-rozwiazania-wtedy-bylibysmy-bezpieczni\/#breadcrumb\",\"itemListElement\":[{\"@type\":\"ListItem\",\"position\":1,\"name\":\"Home\",\"item\":\"https:\/\/www.pogotowieflagowe.pl\/aktualne\/\"},{\"@type\":\"ListItem\",\"position\":2,\"name\":\"Europejska gospodarka w trudnych Cie\u015bninach: Obajtek proponuje dwa rozwi\u0105zania: \u201eWtedy byliby\u015bmy bezpieczni!\u201d\"}]},{\"@type\":\"WebSite\",\"@id\":\"https:\/\/www.pogotowieflagowe.pl\/aktualne\/#website\",\"url\":\"https:\/\/www.pogotowieflagowe.pl\/aktualne\/\",\"name\":\"POGOTOWIE FLAGOWE\u00ae\",\"description\":\"\",\"publisher\":{\"@id\":\"https:\/\/www.pogotowieflagowe.pl\/aktualne\/#organization\"},\"potentialAction\":[{\"@type\":\"SearchAction\",\"target\":{\"@type\":\"EntryPoint\",\"urlTemplate\":\"https:\/\/www.pogotowieflagowe.pl\/aktualne\/?s={search_term_string}\"},\"query-input\":\"required name=search_term_string\"}],\"inLanguage\":\"pl-PL\"},{\"@type\":\"Organization\",\"@id\":\"https:\/\/www.pogotowieflagowe.pl\/aktualne\/#organization\",\"name\":\"POGOTOWIE FLAGOWE\u00ae\",\"url\":\"https:\/\/www.pogotowieflagowe.pl\/aktualne\/\",\"logo\":{\"@type\":\"ImageObject\",\"inLanguage\":\"pl-PL\",\"@id\":\"https:\/\/www.pogotowieflagowe.pl\/aktualne\/#\/schema\/logo\/image\/\",\"url\":\"https:\/\/www.pogotowieflagowe.pl\/aktualne\/wp-content\/uploads\/2024\/08\/cropped-pogotowieflagowe_flaga_projekt_sm.jpg\",\"contentUrl\":\"https:\/\/www.pogotowieflagowe.pl\/aktualne\/wp-content\/uploads\/2024\/08\/cropped-pogotowieflagowe_flaga_projekt_sm.jpg\",\"width\":250,\"height\":143,\"caption\":\"POGOTOWIE FLAGOWE\u00ae\"},\"image\":{\"@id\":\"https:\/\/www.pogotowieflagowe.pl\/aktualne\/#\/schema\/logo\/image\/\"}},{\"@type\":\"Person\",\"@id\":\"https:\/\/www.pogotowieflagowe.pl\/aktualne\/#\/schema\/person\/9c2fb7d2362ebf6fa088960d7f0d27b0\",\"name\":\"Filip\",\"image\":{\"@type\":\"ImageObject\",\"inLanguage\":\"pl-PL\",\"@id\":\"https:\/\/www.pogotowieflagowe.pl\/aktualne\/#\/schema\/person\/image\/\",\"url\":\"https:\/\/www.pogotowieflagowe.pl\/aktualne\/wp-content\/uploads\/2024\/08\/pogotowieflagowe.pl_.jpg\",\"contentUrl\":\"https:\/\/www.pogotowieflagowe.pl\/aktualne\/wp-content\/uploads\/2024\/08\/pogotowieflagowe.pl_.jpg\",\"caption\":\"Filip\"},\"description\":\"Jestem Filip, polski dziennikarz z dyplomem nauk politycznych Uniwersytetu Warszawskiego. Rozpoczynaj\u0105c swoj\u0105 karier\u0119 w r\u00f3\u017cnych lokalnych mediach, zdoby\u0142em solidne do\u015bwiadczenie w zakresie \u015bledztwa i redakcji. Obecnie jako redaktor w Pogotowie flagowe, staram si\u0119 dostarcza\u0107 dog\u0142\u0119bne i istotne analizy na temat najwa\u017cniejszych kwestii aktualno\u015bci, \u0142\u0105cz\u0105c rygor z pasj\u0105 dziennikarsk\u0105.\",\"sameAs\":[\"https:\/\/www.pogotowieflagowe.pl\/\"]}]}<\/script>\n<!-- \/ Yoast SEO plugin. -->","yoast_head_json":{"title":"Europejska gospodarka w trudnych Cie\u015bninach: Obajtek proponuje dwa rozwi\u0105zania: \u201eWtedy byliby\u015bmy bezpieczni!\u201d - POGOTOWIE FLAGOWE\u00ae","robots":{"index":"index","follow":"follow","max-snippet":"max-snippet:-1","max-image-preview":"max-image-preview:large","max-video-preview":"max-video-preview:-1"},"canonical":"https:\/\/www.pogotowieflagowe.pl\/aktualne\/europejska-gospodarka-w-trudnych-ciesninach-obajtek-proponuje-dwa-rozwiazania-wtedy-bylibysmy-bezpieczni\/","og_locale":"pl_PL","og_type":"article","og_title":"Europejska gospodarka w trudnych Cie\u015bninach: Obajtek proponuje dwa rozwi\u0105zania: \u201eWtedy byliby\u015bmy bezpieczni!\u201d - POGOTOWIE FLAGOWE\u00ae","og_description":"Fala kontrowersji nast\u0105pi\u0142a po uwagach wiceprezydenta Stan\u00f3w Zjednoczonych JD Vance&#8217;a na konferencji bezpiecze\u0144stwa w Monachium, gdzie zapewni\u0142 ostr\u0105 krytyk\u0119 obecnej","og_url":"https:\/\/www.pogotowieflagowe.pl\/aktualne\/europejska-gospodarka-w-trudnych-ciesninach-obajtek-proponuje-dwa-rozwiazania-wtedy-bylibysmy-bezpieczni\/","og_site_name":"POGOTOWIE FLAGOWE\u00ae","article_published_time":"2025-02-18T00:47:03+00:00","article_modified_time":"2025-02-18T00:47:05+00:00","og_image":[{"width":1920,"height":1279,"url":"https:\/\/www.pogotowieflagowe.pl\/aktualne\/wp-content\/uploads\/2025\/02\/Europejska-gospodarka-w-trudnych-Ciesninach-Obajtek-proponuje-dwa-rozwiazania-\u201eWtedy.jpg","type":"image\/jpeg"}],"author":"Filip","twitter_card":"summary_large_image","twitter_misc":{"Napisane przez":"Filip","Szacowany czas czytania":"3 minuty"},"schema":{"@context":"https:\/\/schema.org","@graph":[{"@type":"Article","@id":"https:\/\/www.pogotowieflagowe.pl\/aktualne\/europejska-gospodarka-w-trudnych-ciesninach-obajtek-proponuje-dwa-rozwiazania-wtedy-bylibysmy-bezpieczni\/#article","isPartOf":{"@id":"https:\/\/www.pogotowieflagowe.pl\/aktualne\/europejska-gospodarka-w-trudnych-ciesninach-obajtek-proponuje-dwa-rozwiazania-wtedy-bylibysmy-bezpieczni\/"},"author":{"name":"Filip","@id":"https:\/\/www.pogotowieflagowe.pl\/aktualne\/#\/schema\/person\/9c2fb7d2362ebf6fa088960d7f0d27b0"},"headline":"Europejska gospodarka w trudnych Cie\u015bninach: Obajtek proponuje dwa rozwi\u0105zania: \u201eWtedy byliby\u015bmy bezpieczni!\u201d","datePublished":"2025-02-18T00:47:03+00:00","dateModified":"2025-02-18T00:47:05+00:00","mainEntityOfPage":{"@id":"https:\/\/www.pogotowieflagowe.pl\/aktualne\/europejska-gospodarka-w-trudnych-ciesninach-obajtek-proponuje-dwa-rozwiazania-wtedy-bylibysmy-bezpieczni\/"},"wordCount":717,"publisher":{"@id":"https:\/\/www.pogotowieflagowe.pl\/aktualne\/#organization"},"image":{"@id":"https:\/\/www.pogotowieflagowe.pl\/aktualne\/europejska-gospodarka-w-trudnych-ciesninach-obajtek-proponuje-dwa-rozwiazania-wtedy-bylibysmy-bezpieczni\/#primaryimage"},"thumbnailUrl":"https:\/\/www.pogotowieflagowe.pl\/aktualne\/wp-content\/uploads\/2025\/02\/Europejska-gospodarka-w-trudnych-Ciesninach-Obajtek-proponuje-dwa-rozwiazania-\u201eWtedy.jpg","keywords":["bezpieczni","byliby\u015bmy","Cie\u015bninach","Dwa","Europejska","Gospodarka","Obajtek","proponuje","rozwi\u0105zania","trudnych","Wtedy"],"articleSection":["Biznes"],"inLanguage":"pl-PL"},{"@type":"WebPage","@id":"https:\/\/www.pogotowieflagowe.pl\/aktualne\/europejska-gospodarka-w-trudnych-ciesninach-obajtek-proponuje-dwa-rozwiazania-wtedy-bylibysmy-bezpieczni\/","url":"https:\/\/www.pogotowieflagowe.pl\/aktualne\/europejska-gospodarka-w-trudnych-ciesninach-obajtek-proponuje-dwa-rozwiazania-wtedy-bylibysmy-bezpieczni\/","name":"Europejska gospodarka w trudnych Cie\u015bninach: Obajtek proponuje dwa rozwi\u0105zania: \u201eWtedy byliby\u015bmy bezpieczni!\u201d - POGOTOWIE FLAGOWE\u00ae","isPartOf":{"@id":"https:\/\/www.pogotowieflagowe.pl\/aktualne\/#website"},"primaryImageOfPage":{"@id":"https:\/\/www.pogotowieflagowe.pl\/aktualne\/europejska-gospodarka-w-trudnych-ciesninach-obajtek-proponuje-dwa-rozwiazania-wtedy-bylibysmy-bezpieczni\/#primaryimage"},"image":{"@id":"https:\/\/www.pogotowieflagowe.pl\/aktualne\/europejska-gospodarka-w-trudnych-ciesninach-obajtek-proponuje-dwa-rozwiazania-wtedy-bylibysmy-bezpieczni\/#primaryimage"},"thumbnailUrl":"https:\/\/www.pogotowieflagowe.pl\/aktualne\/wp-content\/uploads\/2025\/02\/Europejska-gospodarka-w-trudnych-Ciesninach-Obajtek-proponuje-dwa-rozwiazania-\u201eWtedy.jpg","datePublished":"2025-02-18T00:47:03+00:00","dateModified":"2025-02-18T00:47:05+00:00","breadcrumb":{"@id":"https:\/\/www.pogotowieflagowe.pl\/aktualne\/europejska-gospodarka-w-trudnych-ciesninach-obajtek-proponuje-dwa-rozwiazania-wtedy-bylibysmy-bezpieczni\/#breadcrumb"},"inLanguage":"pl-PL","potentialAction":[{"@type":"ReadAction","target":["https:\/\/www.pogotowieflagowe.pl\/aktualne\/europejska-gospodarka-w-trudnych-ciesninach-obajtek-proponuje-dwa-rozwiazania-wtedy-bylibysmy-bezpieczni\/"]}]},{"@type":"ImageObject","inLanguage":"pl-PL","@id":"https:\/\/www.pogotowieflagowe.pl\/aktualne\/europejska-gospodarka-w-trudnych-ciesninach-obajtek-proponuje-dwa-rozwiazania-wtedy-bylibysmy-bezpieczni\/#primaryimage","url":"https:\/\/www.pogotowieflagowe.pl\/aktualne\/wp-content\/uploads\/2025\/02\/Europejska-gospodarka-w-trudnych-Ciesninach-Obajtek-proponuje-dwa-rozwiazania-\u201eWtedy.jpg","contentUrl":"https:\/\/www.pogotowieflagowe.pl\/aktualne\/wp-content\/uploads\/2025\/02\/Europejska-gospodarka-w-trudnych-Ciesninach-Obajtek-proponuje-dwa-rozwiazania-\u201eWtedy.jpg","width":1920,"height":1279,"caption":"Europejska gospodarka w trudnych Cie\u015bninach: Obajtek proponuje dwa rozwi\u0105zania: \u201eWtedy byliby\u015bmy bezpieczni!\u201d"},{"@type":"BreadcrumbList","@id":"https:\/\/www.pogotowieflagowe.pl\/aktualne\/europejska-gospodarka-w-trudnych-ciesninach-obajtek-proponuje-dwa-rozwiazania-wtedy-bylibysmy-bezpieczni\/#breadcrumb","itemListElement":[{"@type":"ListItem","position":1,"name":"Home","item":"https:\/\/www.pogotowieflagowe.pl\/aktualne\/"},{"@type":"ListItem","position":2,"name":"Europejska gospodarka w trudnych Cie\u015bninach: Obajtek proponuje dwa rozwi\u0105zania: \u201eWtedy byliby\u015bmy bezpieczni!\u201d"}]},{"@type":"WebSite","@id":"https:\/\/www.pogotowieflagowe.pl\/aktualne\/#website","url":"https:\/\/www.pogotowieflagowe.pl\/aktualne\/","name":"POGOTOWIE FLAGOWE\u00ae","description":"","publisher":{"@id":"https:\/\/www.pogotowieflagowe.pl\/aktualne\/#organization"},"potentialAction":[{"@type":"SearchAction","target":{"@type":"EntryPoint","urlTemplate":"https:\/\/www.pogotowieflagowe.pl\/aktualne\/?s={search_term_string}"},"query-input":"required name=search_term_string"}],"inLanguage":"pl-PL"},{"@type":"Organization","@id":"https:\/\/www.pogotowieflagowe.pl\/aktualne\/#organization","name":"POGOTOWIE FLAGOWE\u00ae","url":"https:\/\/www.pogotowieflagowe.pl\/aktualne\/","logo":{"@type":"ImageObject","inLanguage":"pl-PL","@id":"https:\/\/www.pogotowieflagowe.pl\/aktualne\/#\/schema\/logo\/image\/","url":"https:\/\/www.pogotowieflagowe.pl\/aktualne\/wp-content\/uploads\/2024\/08\/cropped-pogotowieflagowe_flaga_projekt_sm.jpg","contentUrl":"https:\/\/www.pogotowieflagowe.pl\/aktualne\/wp-content\/uploads\/2024\/08\/cropped-pogotowieflagowe_flaga_projekt_sm.jpg","width":250,"height":143,"caption":"POGOTOWIE FLAGOWE\u00ae"},"image":{"@id":"https:\/\/www.pogotowieflagowe.pl\/aktualne\/#\/schema\/logo\/image\/"}},{"@type":"Person","@id":"https:\/\/www.pogotowieflagowe.pl\/aktualne\/#\/schema\/person\/9c2fb7d2362ebf6fa088960d7f0d27b0","name":"Filip","image":{"@type":"ImageObject","inLanguage":"pl-PL","@id":"https:\/\/www.pogotowieflagowe.pl\/aktualne\/#\/schema\/person\/image\/","url":"https:\/\/www.pogotowieflagowe.pl\/aktualne\/wp-content\/uploads\/2024\/08\/pogotowieflagowe.pl_.jpg","contentUrl":"https:\/\/www.pogotowieflagowe.pl\/aktualne\/wp-content\/uploads\/2024\/08\/pogotowieflagowe.pl_.jpg","caption":"Filip"},"description":"Jestem Filip, polski dziennikarz z dyplomem nauk politycznych Uniwersytetu Warszawskiego. Rozpoczynaj\u0105c swoj\u0105 karier\u0119 w r\u00f3\u017cnych lokalnych mediach, zdoby\u0142em solidne do\u015bwiadczenie w zakresie \u015bledztwa i redakcji. Obecnie jako redaktor w Pogotowie flagowe, staram si\u0119 dostarcza\u0107 dog\u0142\u0119bne i istotne analizy na temat najwa\u017cniejszych kwestii aktualno\u015bci, \u0142\u0105cz\u0105c rygor z pasj\u0105 dziennikarsk\u0105.","sameAs":["https:\/\/www.pogotowieflagowe.pl\/"]}]}},"_links":{"self":[{"href":"https:\/\/www.pogotowieflagowe.pl\/aktualne\/wp-json\/wp\/v2\/posts\/3998","targetHints":{"allow":["GET"]}}],"collection":[{"href":"https:\/\/www.pogotowieflagowe.pl\/aktualne\/wp-json\/wp\/v2\/posts"}],"about":[{"href":"https:\/\/www.pogotowieflagowe.pl\/aktualne\/wp-json\/wp\/v2\/types\/post"}],"author":[{"embeddable":true,"href":"https:\/\/www.pogotowieflagowe.pl\/aktualne\/wp-json\/wp\/v2\/users\/1"}],"replies":[{"embeddable":true,"href":"https:\/\/www.pogotowieflagowe.pl\/aktualne\/wp-json\/wp\/v2\/comments?post=3998"}],"version-history":[{"count":1,"href":"https:\/\/www.pogotowieflagowe.pl\/aktualne\/wp-json\/wp\/v2\/posts\/3998\/revisions"}],"predecessor-version":[{"id":4000,"href":"https:\/\/www.pogotowieflagowe.pl\/aktualne\/wp-json\/wp\/v2\/posts\/3998\/revisions\/4000"}],"wp:featuredmedia":[{"embeddable":true,"href":"https:\/\/www.pogotowieflagowe.pl\/aktualne\/wp-json\/wp\/v2\/media\/3999"}],"wp:attachment":[{"href":"https:\/\/www.pogotowieflagowe.pl\/aktualne\/wp-json\/wp\/v2\/media?parent=3998"}],"wp:term":[{"taxonomy":"category","embeddable":true,"href":"https:\/\/www.pogotowieflagowe.pl\/aktualne\/wp-json\/wp\/v2\/categories?post=3998"},{"taxonomy":"post_tag","embeddable":true,"href":"https:\/\/www.pogotowieflagowe.pl\/aktualne\/wp-json\/wp\/v2\/tags?post=3998"}],"curies":[{"name":"wp","href":"https:\/\/api.w.org\/{rel}","templated":true}]}}