{"id":4004,"date":"2025-02-18T08:46:51","date_gmt":"2025-02-18T07:46:51","guid":{"rendered":"https:\/\/www.pogotowieflagowe.pl\/aktualne\/polityka-klimatyczna-ue-piece-gazowe-wycofaly-sie-kiedy-skonczy-sie-szalenstwo\/"},"modified":"2025-02-18T08:46:52","modified_gmt":"2025-02-18T07:46:52","slug":"polityka-klimatyczna-ue-piece-gazowe-wycofaly-sie-kiedy-skonczy-sie-szalenstwo","status":"publish","type":"post","link":"https:\/\/www.pogotowieflagowe.pl\/aktualne\/polityka-klimatyczna-ue-piece-gazowe-wycofaly-sie-kiedy-skonczy-sie-szalenstwo\/","title":{"rendered":"Polityka klimatyczna UE: Piece gazowe wycofa\u0142y si\u0119, kiedy sko\u0144czy si\u0119 szale\u0144stwo?"},"content":{"rendered":"\n<div class=\"td_block_wrap tdb_single_content tdi_39 td-pb-border-top td_block_template_8 td-post-content tagdiv-type\" data-td-block-uid=\"tdi_39\">\n<style>.tdi_39 {margin-top: 0px! Wa\u017cne}<\/style>\n<style>.tdb_single_content {margin-bottom: 0;*zoom: 1} .tdb_single_content: wcze\u015bniej, .tdb_single_content: po {display: Table; content: ''; line-height: 0} .TDB-BLOCK-INner>*: nie (.WP-BLOCK-QUOTE): NOT (.Alignwide): not (.alignfull.wp-block-cover.has-parallax): not (.td-a-ad) {margin-left: auto; margin-right: auto} .tdb_single_content a {wska\u017anik-events: auto} .tdb_single_content .td-spot-id-top_ad .tdc-placeholder-title: przed {content: 'top ad'! Wa\u017cne} .tdb_single_content .td-spot-id-inline_ad0 .tdc-miejsce-title: przed {content: \u201eArtyku\u0142 inline AD 1 '! Wa\u017cne} .tdb_single_content. {content: 'Artyku\u0142 inline AD 2'! Wa\u017cny} .tdb_single_content .td-spot-inline_ad2 .tdc-miejsce-title: przed {content: 'Artyku\u0142 inline AD 3'! Wa\u017cny} .tdb_single_content .td-spot-id-id -Bottom_Ad .tdc-Placeholder-Title: przed {content: 'artyku\u0142 dolny ad'! Wa\u017cne} .tdb_single_content .id_top_ad, .tdb_single_content .id_bottom_ad {clear: obu; margin-bottom: 21px; text -align: Center} .tdb_single_content. id_top_ad IMG, .tdb_single_content .id_bottom_ad Img {margin-bottom: 0} .tdb_single_content .id_top_ad .adsbyGoogle, .tdb_single_content .id_bottom_ad .adsbyGoogle , .tdb_single_content .id_ad_content-horiz-right , .tdb_single_content .id_ad_content-horiz-Center {margin-bottom: 15px} .tdb_single_content .id_content-horiz-left Img, .tdb_single_content .id_ad_content-horiz-right Gin-Bottom: 0 { lewy; margine-top: 9px; margin-right: 21px} .tdb_single_content .id_ad_content-horiz-right {float: right; margin-top: 6px; margin-left: 21px} .tdb_single_content .tdc-a-ad .tdc--- Umak zast\u0119puj\u0105cy {szeroko\u015b\u0107: 300px; height: 250px} .tdb_single_content .tdc-a-ad .tdc-miejsce-title: przed {pozycja: Absolute; top: 50%;-WebKit-Transform: t\u0142umaczenie (-50%); Transform: Translatey (-50%); margines: auto; display: tabela; szeroko\u015b\u0107: 100%} > P, .tdi_39 .tdb-block-inner> p, .Wp-Block-Column> p {font-size: 16px! Wa\u017cne; linia-height: 1.6! Wa\u017cne} .tdi_39 .tdb-block-inner bloktorz p { Font-styl: Normal! Wa\u017cne} @media (Max-Width: 767px) {. tdb_single_content .id_ad_content-horiz-left, .tdb_single_content .id_ad_content-horiz-right, .tdb_single_content .id_ad_content-horiz-center {margin: 0 aut auto}}@media (Max-Width: 767px) {. tdb_single_content .id_ad_content-horiz-left {margin-right: 0}}@media (max-width: 767px) {. po lewej: 0}}@media (Max-Width: 767px) {. tdb_single_content .td-a-ad {float: none; text-align: Center} .tdb_single_content .td-a-admg {margin-right: auto; margin-left: auto} .tdb_single_content .tdc-a-ad {float: none}}<\/style>\n<div class=\"tdb-block-inner td-fix-index\">\n<figure class=\"wp-block-embed is-type-video is-provider-youtube wp-block-embed-youtube wp-embed-aspect-16-9 wp-has-aspect-ratio\">\n<div class=\"wp-block-embed__wrapper\">\n<div class=\"youtube-embed\" data-video_id=\"j-qPA6GMWMc\"><a href=\"https:\/\/www.youtube.com\/watch?v=j-qpa6gmwmc\">https:\/\/www.youtube.com\/watch?v=j-qpa6gmwmc<\/a><\/div>\n<\/div>\n<\/figure>\n<\/div>\n<\/div>\n","protected":false},"excerpt":{"rendered":"","protected":false},"author":1,"featured_media":4005,"comment_status":"closed","ping_status":"","sticky":false,"template":"","format":"standard","meta":{"footnotes":""},"categories":[44],"tags":[5590,3995,5588,5589,5286,150,5592,1435,5591],"class_list":["post-4004","post","type-post","status-publish","format-standard","has-post-thumbnail","hentry","category-polityka","tag-gazowe","tag-kiedy","tag-klimatyczna","tag-piece","tag-polityka","tag-sie","tag-skonczy","tag-szalenstwo","tag-wycofaly","generate-columns","tablet-grid-50","mobile-grid-100","grid-parent","grid-50","resize-featured-image"],"yoast_head":"<!-- This site is optimized with the Yoast SEO plugin v23.2 - https:\/\/yoast.com\/wordpress\/plugins\/seo\/ -->\n<title>Polityka klimatyczna UE: Piece gazowe wycofa\u0142y si\u0119, kiedy sko\u0144czy si\u0119 szale\u0144stwo? - POGOTOWIE FLAGOWE\u00ae<\/title>\n<meta name=\"robots\" content=\"index, follow, max-snippet:-1, max-image-preview:large, max-video-preview:-1\" \/>\n<link rel=\"canonical\" href=\"https:\/\/www.pogotowieflagowe.pl\/aktualne\/polityka-klimatyczna-ue-piece-gazowe-wycofaly-sie-kiedy-skonczy-sie-szalenstwo\/\" \/>\n<meta property=\"og:locale\" content=\"pl_PL\" \/>\n<meta property=\"og:type\" content=\"article\" \/>\n<meta property=\"og:title\" content=\"Polityka klimatyczna UE: Piece gazowe wycofa\u0142y si\u0119, kiedy sko\u0144czy si\u0119 szale\u0144stwo? - POGOTOWIE FLAGOWE\u00ae\" \/>\n<meta property=\"og:url\" content=\"https:\/\/www.pogotowieflagowe.pl\/aktualne\/polityka-klimatyczna-ue-piece-gazowe-wycofaly-sie-kiedy-skonczy-sie-szalenstwo\/\" \/>\n<meta property=\"og:site_name\" content=\"POGOTOWIE FLAGOWE\u00ae\" \/>\n<meta property=\"article:published_time\" content=\"2025-02-18T07:46:51+00:00\" \/>\n<meta property=\"article:modified_time\" content=\"2025-02-18T07:46:52+00:00\" \/>\n<meta property=\"og:image\" content=\"https:\/\/www.pogotowieflagowe.pl\/aktualne\/wp-content\/uploads\/2025\/02\/Polityka-klimatyczna-UE-Piece-gazowe-wycofaly-sie-kiedy-skonczy-sie.jpg\" \/>\n\t<meta property=\"og:image:width\" content=\"1280\" \/>\n\t<meta property=\"og:image:height\" content=\"720\" \/>\n\t<meta property=\"og:image:type\" content=\"image\/jpeg\" \/>\n<meta name=\"author\" content=\"Filip\" \/>\n<meta name=\"twitter:card\" content=\"summary_large_image\" \/>\n<meta name=\"twitter:label1\" content=\"Napisane przez\" \/>\n\t<meta name=\"twitter:data1\" content=\"Filip\" \/>\n<script type=\"application\/ld+json\" class=\"yoast-schema-graph\">{\"@context\":\"https:\/\/schema.org\",\"@graph\":[{\"@type\":\"Article\",\"@id\":\"https:\/\/www.pogotowieflagowe.pl\/aktualne\/polityka-klimatyczna-ue-piece-gazowe-wycofaly-sie-kiedy-skonczy-sie-szalenstwo\/#article\",\"isPartOf\":{\"@id\":\"https:\/\/www.pogotowieflagowe.pl\/aktualne\/polityka-klimatyczna-ue-piece-gazowe-wycofaly-sie-kiedy-skonczy-sie-szalenstwo\/\"},\"author\":{\"name\":\"Filip\",\"@id\":\"https:\/\/www.pogotowieflagowe.pl\/aktualne\/#\/schema\/person\/9c2fb7d2362ebf6fa088960d7f0d27b0\"},\"headline\":\"Polityka klimatyczna UE: Piece gazowe wycofa\u0142y si\u0119, kiedy sko\u0144czy si\u0119 szale\u0144stwo?\",\"datePublished\":\"2025-02-18T07:46:51+00:00\",\"dateModified\":\"2025-02-18T07:46:52+00:00\",\"mainEntityOfPage\":{\"@id\":\"https:\/\/www.pogotowieflagowe.pl\/aktualne\/polityka-klimatyczna-ue-piece-gazowe-wycofaly-sie-kiedy-skonczy-sie-szalenstwo\/\"},\"wordCount\":24,\"publisher\":{\"@id\":\"https:\/\/www.pogotowieflagowe.pl\/aktualne\/#organization\"},\"image\":{\"@id\":\"https:\/\/www.pogotowieflagowe.pl\/aktualne\/polityka-klimatyczna-ue-piece-gazowe-wycofaly-sie-kiedy-skonczy-sie-szalenstwo\/#primaryimage\"},\"thumbnailUrl\":\"https:\/\/www.pogotowieflagowe.pl\/aktualne\/wp-content\/uploads\/2025\/02\/Polityka-klimatyczna-UE-Piece-gazowe-wycofaly-sie-kiedy-skonczy-sie.jpg\",\"keywords\":[\"gazowe\",\"Kiedy\",\"klimatyczna\",\"Piece\",\"polityk\u0105\",\"si\u0119\",\"sko\u0144czy\",\"szale\u0144stwo\",\"wycofa\u0142y\"],\"articleSection\":[\"Polityka\"],\"inLanguage\":\"pl-PL\"},{\"@type\":\"WebPage\",\"@id\":\"https:\/\/www.pogotowieflagowe.pl\/aktualne\/polityka-klimatyczna-ue-piece-gazowe-wycofaly-sie-kiedy-skonczy-sie-szalenstwo\/\",\"url\":\"https:\/\/www.pogotowieflagowe.pl\/aktualne\/polityka-klimatyczna-ue-piece-gazowe-wycofaly-sie-kiedy-skonczy-sie-szalenstwo\/\",\"name\":\"Polityka klimatyczna UE: Piece gazowe wycofa\u0142y si\u0119, kiedy sko\u0144czy si\u0119 szale\u0144stwo? - POGOTOWIE FLAGOWE\u00ae\",\"isPartOf\":{\"@id\":\"https:\/\/www.pogotowieflagowe.pl\/aktualne\/#website\"},\"primaryImageOfPage\":{\"@id\":\"https:\/\/www.pogotowieflagowe.pl\/aktualne\/polityka-klimatyczna-ue-piece-gazowe-wycofaly-sie-kiedy-skonczy-sie-szalenstwo\/#primaryimage\"},\"image\":{\"@id\":\"https:\/\/www.pogotowieflagowe.pl\/aktualne\/polityka-klimatyczna-ue-piece-gazowe-wycofaly-sie-kiedy-skonczy-sie-szalenstwo\/#primaryimage\"},\"thumbnailUrl\":\"https:\/\/www.pogotowieflagowe.pl\/aktualne\/wp-content\/uploads\/2025\/02\/Polityka-klimatyczna-UE-Piece-gazowe-wycofaly-sie-kiedy-skonczy-sie.jpg\",\"datePublished\":\"2025-02-18T07:46:51+00:00\",\"dateModified\":\"2025-02-18T07:46:52+00:00\",\"breadcrumb\":{\"@id\":\"https:\/\/www.pogotowieflagowe.pl\/aktualne\/polityka-klimatyczna-ue-piece-gazowe-wycofaly-sie-kiedy-skonczy-sie-szalenstwo\/#breadcrumb\"},\"inLanguage\":\"pl-PL\",\"potentialAction\":[{\"@type\":\"ReadAction\",\"target\":[\"https:\/\/www.pogotowieflagowe.pl\/aktualne\/polityka-klimatyczna-ue-piece-gazowe-wycofaly-sie-kiedy-skonczy-sie-szalenstwo\/\"]}]},{\"@type\":\"ImageObject\",\"inLanguage\":\"pl-PL\",\"@id\":\"https:\/\/www.pogotowieflagowe.pl\/aktualne\/polityka-klimatyczna-ue-piece-gazowe-wycofaly-sie-kiedy-skonczy-sie-szalenstwo\/#primaryimage\",\"url\":\"https:\/\/www.pogotowieflagowe.pl\/aktualne\/wp-content\/uploads\/2025\/02\/Polityka-klimatyczna-UE-Piece-gazowe-wycofaly-sie-kiedy-skonczy-sie.jpg\",\"contentUrl\":\"https:\/\/www.pogotowieflagowe.pl\/aktualne\/wp-content\/uploads\/2025\/02\/Polityka-klimatyczna-UE-Piece-gazowe-wycofaly-sie-kiedy-skonczy-sie.jpg\",\"width\":1280,\"height\":720,\"caption\":\"Polityka klimatyczna UE: Piece gazowe wycofa\u0142y si\u0119, kiedy sko\u0144czy si\u0119 szale\u0144stwo?\"},{\"@type\":\"BreadcrumbList\",\"@id\":\"https:\/\/www.pogotowieflagowe.pl\/aktualne\/polityka-klimatyczna-ue-piece-gazowe-wycofaly-sie-kiedy-skonczy-sie-szalenstwo\/#breadcrumb\",\"itemListElement\":[{\"@type\":\"ListItem\",\"position\":1,\"name\":\"Home\",\"item\":\"https:\/\/www.pogotowieflagowe.pl\/aktualne\/\"},{\"@type\":\"ListItem\",\"position\":2,\"name\":\"Polityka klimatyczna UE: Piece gazowe wycofa\u0142y si\u0119, kiedy sko\u0144czy si\u0119 szale\u0144stwo?\"}]},{\"@type\":\"WebSite\",\"@id\":\"https:\/\/www.pogotowieflagowe.pl\/aktualne\/#website\",\"url\":\"https:\/\/www.pogotowieflagowe.pl\/aktualne\/\",\"name\":\"POGOTOWIE FLAGOWE\u00ae\",\"description\":\"\",\"publisher\":{\"@id\":\"https:\/\/www.pogotowieflagowe.pl\/aktualne\/#organization\"},\"potentialAction\":[{\"@type\":\"SearchAction\",\"target\":{\"@type\":\"EntryPoint\",\"urlTemplate\":\"https:\/\/www.pogotowieflagowe.pl\/aktualne\/?s={search_term_string}\"},\"query-input\":\"required name=search_term_string\"}],\"inLanguage\":\"pl-PL\"},{\"@type\":\"Organization\",\"@id\":\"https:\/\/www.pogotowieflagowe.pl\/aktualne\/#organization\",\"name\":\"POGOTOWIE FLAGOWE\u00ae\",\"url\":\"https:\/\/www.pogotowieflagowe.pl\/aktualne\/\",\"logo\":{\"@type\":\"ImageObject\",\"inLanguage\":\"pl-PL\",\"@id\":\"https:\/\/www.pogotowieflagowe.pl\/aktualne\/#\/schema\/logo\/image\/\",\"url\":\"https:\/\/www.pogotowieflagowe.pl\/aktualne\/wp-content\/uploads\/2024\/08\/cropped-pogotowieflagowe_flaga_projekt_sm.jpg\",\"contentUrl\":\"https:\/\/www.pogotowieflagowe.pl\/aktualne\/wp-content\/uploads\/2024\/08\/cropped-pogotowieflagowe_flaga_projekt_sm.jpg\",\"width\":250,\"height\":143,\"caption\":\"POGOTOWIE FLAGOWE\u00ae\"},\"image\":{\"@id\":\"https:\/\/www.pogotowieflagowe.pl\/aktualne\/#\/schema\/logo\/image\/\"}},{\"@type\":\"Person\",\"@id\":\"https:\/\/www.pogotowieflagowe.pl\/aktualne\/#\/schema\/person\/9c2fb7d2362ebf6fa088960d7f0d27b0\",\"name\":\"Filip\",\"image\":{\"@type\":\"ImageObject\",\"inLanguage\":\"pl-PL\",\"@id\":\"https:\/\/www.pogotowieflagowe.pl\/aktualne\/#\/schema\/person\/image\/\",\"url\":\"https:\/\/www.pogotowieflagowe.pl\/aktualne\/wp-content\/uploads\/2024\/08\/pogotowieflagowe.pl_.jpg\",\"contentUrl\":\"https:\/\/www.pogotowieflagowe.pl\/aktualne\/wp-content\/uploads\/2024\/08\/pogotowieflagowe.pl_.jpg\",\"caption\":\"Filip\"},\"description\":\"Jestem Filip, polski dziennikarz z dyplomem nauk politycznych Uniwersytetu Warszawskiego. Rozpoczynaj\u0105c swoj\u0105 karier\u0119 w r\u00f3\u017cnych lokalnych mediach, zdoby\u0142em solidne do\u015bwiadczenie w zakresie \u015bledztwa i redakcji. Obecnie jako redaktor w Pogotowie flagowe, staram si\u0119 dostarcza\u0107 dog\u0142\u0119bne i istotne analizy na temat najwa\u017cniejszych kwestii aktualno\u015bci, \u0142\u0105cz\u0105c rygor z pasj\u0105 dziennikarsk\u0105.\",\"sameAs\":[\"https:\/\/www.pogotowieflagowe.pl\/\"]}]}<\/script>\n<!-- \/ Yoast SEO plugin. -->","yoast_head_json":{"title":"Polityka klimatyczna UE: Piece gazowe wycofa\u0142y si\u0119, kiedy sko\u0144czy si\u0119 szale\u0144stwo? - POGOTOWIE FLAGOWE\u00ae","robots":{"index":"index","follow":"follow","max-snippet":"max-snippet:-1","max-image-preview":"max-image-preview:large","max-video-preview":"max-video-preview:-1"},"canonical":"https:\/\/www.pogotowieflagowe.pl\/aktualne\/polityka-klimatyczna-ue-piece-gazowe-wycofaly-sie-kiedy-skonczy-sie-szalenstwo\/","og_locale":"pl_PL","og_type":"article","og_title":"Polityka klimatyczna UE: Piece gazowe wycofa\u0142y si\u0119, kiedy sko\u0144czy si\u0119 szale\u0144stwo? - POGOTOWIE FLAGOWE\u00ae","og_url":"https:\/\/www.pogotowieflagowe.pl\/aktualne\/polityka-klimatyczna-ue-piece-gazowe-wycofaly-sie-kiedy-skonczy-sie-szalenstwo\/","og_site_name":"POGOTOWIE FLAGOWE\u00ae","article_published_time":"2025-02-18T07:46:51+00:00","article_modified_time":"2025-02-18T07:46:52+00:00","og_image":[{"width":1280,"height":720,"url":"https:\/\/www.pogotowieflagowe.pl\/aktualne\/wp-content\/uploads\/2025\/02\/Polityka-klimatyczna-UE-Piece-gazowe-wycofaly-sie-kiedy-skonczy-sie.jpg","type":"image\/jpeg"}],"author":"Filip","twitter_card":"summary_large_image","twitter_misc":{"Napisane przez":"Filip"},"schema":{"@context":"https:\/\/schema.org","@graph":[{"@type":"Article","@id":"https:\/\/www.pogotowieflagowe.pl\/aktualne\/polityka-klimatyczna-ue-piece-gazowe-wycofaly-sie-kiedy-skonczy-sie-szalenstwo\/#article","isPartOf":{"@id":"https:\/\/www.pogotowieflagowe.pl\/aktualne\/polityka-klimatyczna-ue-piece-gazowe-wycofaly-sie-kiedy-skonczy-sie-szalenstwo\/"},"author":{"name":"Filip","@id":"https:\/\/www.pogotowieflagowe.pl\/aktualne\/#\/schema\/person\/9c2fb7d2362ebf6fa088960d7f0d27b0"},"headline":"Polityka klimatyczna UE: Piece gazowe wycofa\u0142y si\u0119, kiedy sko\u0144czy si\u0119 szale\u0144stwo?","datePublished":"2025-02-18T07:46:51+00:00","dateModified":"2025-02-18T07:46:52+00:00","mainEntityOfPage":{"@id":"https:\/\/www.pogotowieflagowe.pl\/aktualne\/polityka-klimatyczna-ue-piece-gazowe-wycofaly-sie-kiedy-skonczy-sie-szalenstwo\/"},"wordCount":24,"publisher":{"@id":"https:\/\/www.pogotowieflagowe.pl\/aktualne\/#organization"},"image":{"@id":"https:\/\/www.pogotowieflagowe.pl\/aktualne\/polityka-klimatyczna-ue-piece-gazowe-wycofaly-sie-kiedy-skonczy-sie-szalenstwo\/#primaryimage"},"thumbnailUrl":"https:\/\/www.pogotowieflagowe.pl\/aktualne\/wp-content\/uploads\/2025\/02\/Polityka-klimatyczna-UE-Piece-gazowe-wycofaly-sie-kiedy-skonczy-sie.jpg","keywords":["gazowe","Kiedy","klimatyczna","Piece","polityk\u0105","si\u0119","sko\u0144czy","szale\u0144stwo","wycofa\u0142y"],"articleSection":["Polityka"],"inLanguage":"pl-PL"},{"@type":"WebPage","@id":"https:\/\/www.pogotowieflagowe.pl\/aktualne\/polityka-klimatyczna-ue-piece-gazowe-wycofaly-sie-kiedy-skonczy-sie-szalenstwo\/","url":"https:\/\/www.pogotowieflagowe.pl\/aktualne\/polityka-klimatyczna-ue-piece-gazowe-wycofaly-sie-kiedy-skonczy-sie-szalenstwo\/","name":"Polityka klimatyczna UE: Piece gazowe wycofa\u0142y si\u0119, kiedy sko\u0144czy si\u0119 szale\u0144stwo? - POGOTOWIE FLAGOWE\u00ae","isPartOf":{"@id":"https:\/\/www.pogotowieflagowe.pl\/aktualne\/#website"},"primaryImageOfPage":{"@id":"https:\/\/www.pogotowieflagowe.pl\/aktualne\/polityka-klimatyczna-ue-piece-gazowe-wycofaly-sie-kiedy-skonczy-sie-szalenstwo\/#primaryimage"},"image":{"@id":"https:\/\/www.pogotowieflagowe.pl\/aktualne\/polityka-klimatyczna-ue-piece-gazowe-wycofaly-sie-kiedy-skonczy-sie-szalenstwo\/#primaryimage"},"thumbnailUrl":"https:\/\/www.pogotowieflagowe.pl\/aktualne\/wp-content\/uploads\/2025\/02\/Polityka-klimatyczna-UE-Piece-gazowe-wycofaly-sie-kiedy-skonczy-sie.jpg","datePublished":"2025-02-18T07:46:51+00:00","dateModified":"2025-02-18T07:46:52+00:00","breadcrumb":{"@id":"https:\/\/www.pogotowieflagowe.pl\/aktualne\/polityka-klimatyczna-ue-piece-gazowe-wycofaly-sie-kiedy-skonczy-sie-szalenstwo\/#breadcrumb"},"inLanguage":"pl-PL","potentialAction":[{"@type":"ReadAction","target":["https:\/\/www.pogotowieflagowe.pl\/aktualne\/polityka-klimatyczna-ue-piece-gazowe-wycofaly-sie-kiedy-skonczy-sie-szalenstwo\/"]}]},{"@type":"ImageObject","inLanguage":"pl-PL","@id":"https:\/\/www.pogotowieflagowe.pl\/aktualne\/polityka-klimatyczna-ue-piece-gazowe-wycofaly-sie-kiedy-skonczy-sie-szalenstwo\/#primaryimage","url":"https:\/\/www.pogotowieflagowe.pl\/aktualne\/wp-content\/uploads\/2025\/02\/Polityka-klimatyczna-UE-Piece-gazowe-wycofaly-sie-kiedy-skonczy-sie.jpg","contentUrl":"https:\/\/www.pogotowieflagowe.pl\/aktualne\/wp-content\/uploads\/2025\/02\/Polityka-klimatyczna-UE-Piece-gazowe-wycofaly-sie-kiedy-skonczy-sie.jpg","width":1280,"height":720,"caption":"Polityka klimatyczna UE: Piece gazowe wycofa\u0142y si\u0119, kiedy sko\u0144czy si\u0119 szale\u0144stwo?"},{"@type":"BreadcrumbList","@id":"https:\/\/www.pogotowieflagowe.pl\/aktualne\/polityka-klimatyczna-ue-piece-gazowe-wycofaly-sie-kiedy-skonczy-sie-szalenstwo\/#breadcrumb","itemListElement":[{"@type":"ListItem","position":1,"name":"Home","item":"https:\/\/www.pogotowieflagowe.pl\/aktualne\/"},{"@type":"ListItem","position":2,"name":"Polityka klimatyczna UE: Piece gazowe wycofa\u0142y si\u0119, kiedy sko\u0144czy si\u0119 szale\u0144stwo?"}]},{"@type":"WebSite","@id":"https:\/\/www.pogotowieflagowe.pl\/aktualne\/#website","url":"https:\/\/www.pogotowieflagowe.pl\/aktualne\/","name":"POGOTOWIE FLAGOWE\u00ae","description":"","publisher":{"@id":"https:\/\/www.pogotowieflagowe.pl\/aktualne\/#organization"},"potentialAction":[{"@type":"SearchAction","target":{"@type":"EntryPoint","urlTemplate":"https:\/\/www.pogotowieflagowe.pl\/aktualne\/?s={search_term_string}"},"query-input":"required name=search_term_string"}],"inLanguage":"pl-PL"},{"@type":"Organization","@id":"https:\/\/www.pogotowieflagowe.pl\/aktualne\/#organization","name":"POGOTOWIE FLAGOWE\u00ae","url":"https:\/\/www.pogotowieflagowe.pl\/aktualne\/","logo":{"@type":"ImageObject","inLanguage":"pl-PL","@id":"https:\/\/www.pogotowieflagowe.pl\/aktualne\/#\/schema\/logo\/image\/","url":"https:\/\/www.pogotowieflagowe.pl\/aktualne\/wp-content\/uploads\/2024\/08\/cropped-pogotowieflagowe_flaga_projekt_sm.jpg","contentUrl":"https:\/\/www.pogotowieflagowe.pl\/aktualne\/wp-content\/uploads\/2024\/08\/cropped-pogotowieflagowe_flaga_projekt_sm.jpg","width":250,"height":143,"caption":"POGOTOWIE FLAGOWE\u00ae"},"image":{"@id":"https:\/\/www.pogotowieflagowe.pl\/aktualne\/#\/schema\/logo\/image\/"}},{"@type":"Person","@id":"https:\/\/www.pogotowieflagowe.pl\/aktualne\/#\/schema\/person\/9c2fb7d2362ebf6fa088960d7f0d27b0","name":"Filip","image":{"@type":"ImageObject","inLanguage":"pl-PL","@id":"https:\/\/www.pogotowieflagowe.pl\/aktualne\/#\/schema\/person\/image\/","url":"https:\/\/www.pogotowieflagowe.pl\/aktualne\/wp-content\/uploads\/2024\/08\/pogotowieflagowe.pl_.jpg","contentUrl":"https:\/\/www.pogotowieflagowe.pl\/aktualne\/wp-content\/uploads\/2024\/08\/pogotowieflagowe.pl_.jpg","caption":"Filip"},"description":"Jestem Filip, polski dziennikarz z dyplomem nauk politycznych Uniwersytetu Warszawskiego. Rozpoczynaj\u0105c swoj\u0105 karier\u0119 w r\u00f3\u017cnych lokalnych mediach, zdoby\u0142em solidne do\u015bwiadczenie w zakresie \u015bledztwa i redakcji. Obecnie jako redaktor w Pogotowie flagowe, staram si\u0119 dostarcza\u0107 dog\u0142\u0119bne i istotne analizy na temat najwa\u017cniejszych kwestii aktualno\u015bci, \u0142\u0105cz\u0105c rygor z pasj\u0105 dziennikarsk\u0105.","sameAs":["https:\/\/www.pogotowieflagowe.pl\/"]}]}},"_links":{"self":[{"href":"https:\/\/www.pogotowieflagowe.pl\/aktualne\/wp-json\/wp\/v2\/posts\/4004","targetHints":{"allow":["GET"]}}],"collection":[{"href":"https:\/\/www.pogotowieflagowe.pl\/aktualne\/wp-json\/wp\/v2\/posts"}],"about":[{"href":"https:\/\/www.pogotowieflagowe.pl\/aktualne\/wp-json\/wp\/v2\/types\/post"}],"author":[{"embeddable":true,"href":"https:\/\/www.pogotowieflagowe.pl\/aktualne\/wp-json\/wp\/v2\/users\/1"}],"replies":[{"embeddable":true,"href":"https:\/\/www.pogotowieflagowe.pl\/aktualne\/wp-json\/wp\/v2\/comments?post=4004"}],"version-history":[{"count":1,"href":"https:\/\/www.pogotowieflagowe.pl\/aktualne\/wp-json\/wp\/v2\/posts\/4004\/revisions"}],"predecessor-version":[{"id":4006,"href":"https:\/\/www.pogotowieflagowe.pl\/aktualne\/wp-json\/wp\/v2\/posts\/4004\/revisions\/4006"}],"wp:featuredmedia":[{"embeddable":true,"href":"https:\/\/www.pogotowieflagowe.pl\/aktualne\/wp-json\/wp\/v2\/media\/4005"}],"wp:attachment":[{"href":"https:\/\/www.pogotowieflagowe.pl\/aktualne\/wp-json\/wp\/v2\/media?parent=4004"}],"wp:term":[{"taxonomy":"category","embeddable":true,"href":"https:\/\/www.pogotowieflagowe.pl\/aktualne\/wp-json\/wp\/v2\/categories?post=4004"},{"taxonomy":"post_tag","embeddable":true,"href":"https:\/\/www.pogotowieflagowe.pl\/aktualne\/wp-json\/wp\/v2\/tags?post=4004"}],"curies":[{"name":"wp","href":"https:\/\/api.w.org\/{rel}","templated":true}]}}