{"id":4007,"date":"2025-02-18T09:47:07","date_gmt":"2025-02-18T08:47:07","guid":{"rendered":"https:\/\/www.pogotowieflagowe.pl\/aktualne\/tusk-wzywa-do-jednosci-ale-porusza-sie-do-podwazenia-prezydenta\/"},"modified":"2025-02-18T09:47:09","modified_gmt":"2025-02-18T08:47:09","slug":"tusk-wzywa-do-jednosci-ale-porusza-sie-do-podwazenia-prezydenta","status":"publish","type":"post","link":"https:\/\/www.pogotowieflagowe.pl\/aktualne\/tusk-wzywa-do-jednosci-ale-porusza-sie-do-podwazenia-prezydenta\/","title":{"rendered":"Tusk wzywa do jedno\u015bci, ale porusza si\u0119 do podwa\u017cenia prezydenta"},"content":{"rendered":"\n<div class=\"td_block_wrap tdb_single_content tdi_41 td-pb-border-top td_block_template_8 td-post-content tagdiv-type\" data-td-block-uid=\"tdi_41\">\n<style>.tdi_41 {margin-top: 0px! Wa\u017cne; margines-bottom: 0px! Wa\u017cne; padding-top: 0px! WA\u017bNE; PALDING-Bottom: 0px! Wa\u017cne}<\/style>\n<style>.tdb_single_content {margin-bottom: 0;*zoom: 1} .tdb_single_content: wcze\u015bniej, .tdb_single_content: po {display: Table; content: ''; line-height: 0} .TDB-BLOCK-INner>*: nie (.WP-BLOCK-QUOTE): NOT (.Alignwide): not (.alignfull.wp-block-cover.has-parallax): not (.td-a-ad) {margin-left: auto; margin-right: auto} .tdb_single_content a {wska\u017anik-events: auto} .tdb_single_content .td-spot-id-top_ad .tdc-placeholder-title: przed {content: 'top ad'! Wa\u017cne} .tdb_single_content .td-spot-id-inline_ad0 .tdc-miejsce-title: przed {content: \u201eArtyku\u0142 inline AD 1 '! Wa\u017cne} .tdb_single_content. {content: 'Artyku\u0142 inline AD 2'! Wa\u017cny} .tdb_single_content .td-spot-inline_ad2 .tdc-miejsce-title: przed {content: 'Artyku\u0142 inline AD 3'! Wa\u017cny} .tdb_single_content .td-spot-id-id -Bottom_Ad .tdc-Placeholder-Title: przed {content: 'artyku\u0142 dolny ad'! Wa\u017cne} .tdb_single_content .id_top_ad, .tdb_single_content .id_bottom_ad {clear: obu; margin-bottom: 21px; text -align: Center} .tdb_single_content. id_top_ad IMG, .tdb_single_content .id_bottom_ad Img {margin-bottom: 0} .tdb_single_content .id_top_ad .adsbyGoogle, .tdb_single_content .id_bottom_ad .adsbyGoogle , .tdb_single_content .id_ad_content-horiz-right , .tdb_single_content .id_ad_content-horiz-Center {margin-bottom: 15px} .tdb_single_content .id_content-horiz-left Img, .tdb_single_content .id_ad_content-horiz-right Gin-Bottom: 0 { lewy; margine-top: 9px; margin-right: 21px} .tdb_single_content .id_ad_content-horiz-right {float: right; margin-top: 6px; margin-left: 21px} .tdb_single_content .tdc-a-ad .tdc--- Umak zast\u0119puj\u0105cy {szeroko\u015b\u0107: 300px; height: 250px} .tdb_single_content .tdc-a-ad .tdc-miejsce-title: przed {pozycja: Absolute; top: 50%;-WebKit-Transform: t\u0142umaczenie (-50%); Transform: Translatey (-50%); margines: auto; display: tabela; szeroko\u015b\u0107: 100%} > p, .tdi_41 .tdb-block-inner> p, .wp-block-column> p {font-size: 16px! Wa\u017cne; linia-height: 1.6! Wa\u017cne} .tdi_41 .tdb-Block-Inner blockquote p { Font-styl: Normal! Wa\u017cne} @media (Max-Width: 767px) {. tdb_single_content .id_ad_content-horiz-left, .tdb_single_content .id_ad_content-horiz-right, .tdb_single_content .id_ad_content-horiz-center {margin: 0 aut auto}}@media (Max-Width: 767px) {. tdb_single_content .id_ad_content-horiz-left {margin-right: 0}}@media (max-width: 767px) {. po lewej: 0}}@media (Max-Width: 767px) {. tdb_single_content .td-a-ad {float: none; text-align: Center} .tdb_single_content .td-a-admg {margin-right: auto; margin-left: auto} .tdb_single_content .tdc-a-ad {float: none}}<\/style>\n<div class=\"tdb-block-inner td-fix-index\">\n<p>Donald Tusk m\u00f3wi o wsp\u00f3\u0142pracy i jedno\u015bci narodowej, ale popycha projekt ustawy maj\u0105cy na celu os\u0142abienie roli Prezydenta Polski w sprawach bezpiecze\u0144stwa narodowego. To kolejny krok w kierunku centralizacji w\u0142adzy w rz\u0105dzie i na bok g\u0142owy pa\u0144stwa.<\/p>\n<h2 class=\"wp-block-heading\">Puste odwo\u0142ania o jedno\u015b\u0107<\/h2>\n<p>W czwartek Tusk wezwa\u0142 wszystkie si\u0142y polityczne do zawieszenia spor\u00f3w dotycz\u0105cych wojny i pokoju na Ukrainie, podkre\u015blaj\u0105c, \u017ce Polska i ca\u0142y Zach\u00f3d potrzebuj\u0105 pe\u0142nej wsp\u00f3\u0142pracy i solidarno\u015bci. <\/p>\n<figure class=\"wp-block-pullquote\">\n<blockquote>\n<p>\u201eSytuacja mi\u0119dzynarodowa jest tak powa\u017cna, \u017ce \u200b\u200bnie mo\u017cemy sobie pozwoli\u0107 na wewn\u0119trzne spory dotycz\u0105ce naszego bezpiecze\u0144stwa. Wzywam wszystkie si\u0142y polityczne i przyw\u00f3dc\u00f3w do zawieszenia spor\u00f3w w kwesti\u0119 wojny i pokoju na Ukrainie oraz zjednoczenia si\u0119 w obliczu zagro\u017ce\u0144 ze strony Wschodu. Polska, Europa i ca\u0142y Zach\u00f3d potrzebuj\u0105 dzi\u015b pe\u0142nej wsp\u00f3\u0142pracy i solidarno\u015bci \u201d,\u201d<\/p>\n<p><cite>  Tusk poda\u0142 na platformie X.<\/cite><\/p><\/blockquote>\n<\/figure>\n<blockquote class=\"twitter-tweet\">\n<p lang=\"pl\" dir=\"ltr\">SYTUACJA mi\u0119DZYNARODOWA JEST NA TYLE POWAGNA, \u017bE NIE MO\u017cemy Sobie Pozwoli\u0107 na K\u0142\u00f3tnie W Kraju W Sprawie Naszego Bezpieze\u0144Stwa. WZYWAM WSYSYSTKIE SILY Polityczne i liderowie do Zawieszeia sporiem na temat wojny i Pokoju w ukraina i jedno\u015bci wobec zagro\u017ce\u0144 ze wschodu. Polska, Europa\u2026<\/p>\n<p>&#8211; Donald Tusk (@donaldtuska) <a rel=\"nofollow\" href=\"https:\/\/twitter.com\/donaldtusk\/status\/1890008457090118106?ref_src=twsrc%5Etfw\">13 lutego 2025 r<\/a><\/p><\/blockquote>\n<p>Jednak jego s\u0142owa wydaj\u0105 si\u0119 by\u0107 niczym wi\u0119cej ni\u017c pust\u0105 retoryk\u0105.<\/p>\n<h2 class=\"wp-block-heading\">Nowe przepisy ukierunkowane na prezydenta<\/h2>\n<p>Wed\u0142ug dziennikarza RMF FM, Krzysztof Berenda, rz\u0105d TUSK ma wprowadzi\u0107 now\u0105 poprawk\u0119 do ustawy Rady Ministr\u00f3w, skutecznie wycofuj\u0105c przedstawiciela prezydenta z kluczowych dyskusji na temat bezpiecze\u0144stwa narodowego. <\/p>\n<figure class=\"wp-block-pullquote\">\n<blockquote>\n<p>\u201eInteresuj\u0105ca zmiana na dzisiejszym spotkaniu rz\u0105dowym (czerwonym): w Radzie Ministr\u00f3w pojawi si\u0119 projekt ustawy, w kt\u00f3rej rz\u0105d Tuska odci\u0105\u0142 przedstawiciela prezydenta. Czy to dobrze? Ka\u017cdy mo\u017ce sami oceni\u0107 \u201d<\/p>\n<p><cite>  Berenda napisa\u0142a na X.<\/cite><\/p><\/blockquote>\n<\/figure>\n<blockquote class=\"twitter-tweet\">\n<p lang=\"pl\" dir=\"ltr\">Cikawostka na posiemniu rz\u0105du jutro\u2026<\/p>\n<p>B\u0119dzie PROJEKT USTAWY O RODZIE MINISTROW\u2026 W KT\u00d3RYM to PROJEKCIE RZ\u0105D <a rel=\"nofollow\" href=\"https:\/\/twitter.com\/donaldtusk?ref_src=twsrc%5Etfw\">@donaldtusk<\/a> Odetnie si\u0119 nieco od <a rel=\"nofollow\" href=\"https:\/\/twitter.com\/prezydentpl?ref_src=twsrc%5Etfw\">@PrezyDentpl<\/a> <a rel=\"nofollow\" href=\"https:\/\/twitter.com\/AndrzejDuda?ref_src=twsrc%5Etfw\">@Andrzejduda<\/a>\u2026<\/p>\n<p>CZY DO DOBRES? Ka\u017cdy Mo\u017ce Os\u0105dzi\u0107 Samozielnie. <a rel=\"nofollow\" href=\"https:\/\/t.co\/wS16h9F2ou\">pic.twitter.com\/ws16h9f2ou<\/a><\/p>\n<p>&#8211; Krzysztof Berenda (@K_Berenda) <a rel=\"nofollow\" href=\"https:\/\/twitter.com\/k_berenda\/status\/1891474378526753049?ref_src=twsrc%5Etfw\">17 lutego 2025 r<\/a><\/p><\/blockquote>\n<p>Obecne prawo stanowi: \u201ePrzedstawiciel Prezydenta Republiki Polski bierze udzia\u0142 w posiedzeniu Rady Ministr\u00f3w, gdy omawiane s\u0105 sprawy dotycz\u0105ce bezpiecze\u0144stwa pa\u0144stwa i obrony\u201d. Proponowana zmiana brzmi: \u201ePremier mo\u017ce zaprosi\u0107 przedstawiciela Prezydenta Republiki Polski na spotkanie Rady Ministr\u00f3w, gdy omawiane s\u0105 sprawy dotycz\u0105ce bezpiecze\u0144stwa i obrony pa\u0144stwa\u201d.<\/p>\n<p>Ta zmiana oznacza, \u017ce \u200b\u200bobecno\u015b\u0107 przedstawiciela prezydenta b\u0119dzie teraz zale\u017ce\u0107 od uznania premiera, a nie gwarantowanego prawa.<\/p>\n<h2 class=\"wp-block-heading\">Manewrowanie polityczne zamiast prawdziwej wsp\u00f3\u0142pracy<\/h2>\n<p>Reakcja postaci opozycyjnych by\u0142a szybka. \u201eI to wszystko, je\u015bli chodzi o wsp\u00f3\u0142prac\u0119 i solidarno\u015b\u0107 w bezpiecze\u0144stwie naszego kraju\u2026\u201d skomentowa\u0142 senator Marek P\u0119k. Tymczasem pose\u0142 Jozafa Szczurek-Rejlazko zwr\u00f3ci\u0142 uwag\u0119, \u017ce ruch Tuska mo\u017ce wynika\u0107 z u\u015bwiadomienia sobie, \u017ce jego kandydat raczej nie wygra\u0142 kolejnych wybor\u00f3w prezydenckich.<\/p>\n<\/div>\n<\/div>\n<p><script async src=\"https:\/\/platform.twitter.com\/widgets.js\" charset=\"utf-8\"><\/script><\/p>\n","protected":false},"excerpt":{"rendered":"<p>Donald Tusk m\u00f3wi o wsp\u00f3\u0142pracy i jedno\u015bci narodowej, ale popycha projekt ustawy maj\u0105cy na celu os\u0142abienie roli Prezydenta Polski w<\/p>\n","protected":false},"author":1,"featured_media":4008,"comment_status":"closed","ping_status":"","sticky":false,"template":"","format":"standard","meta":{"footnotes":""},"categories":[4748],"tags":[1124,5188,5594,5593,568,150,221,1331],"class_list":["post-4007","post","type-post","status-publish","format-standard","has-post-thumbnail","hentry","category-aktualne","tag-ale","tag-jednosci","tag-podwazenia","tag-porusza","tag-prezydenta","tag-sie","tag-tusk","tag-wzywa","generate-columns","tablet-grid-50","mobile-grid-100","grid-parent","grid-50","resize-featured-image"],"yoast_head":"<!-- This site is optimized with the Yoast SEO plugin v23.2 - https:\/\/yoast.com\/wordpress\/plugins\/seo\/ -->\n<title>Tusk wzywa do jedno\u015bci, ale porusza si\u0119 do podwa\u017cenia prezydenta - POGOTOWIE FLAGOWE\u00ae<\/title>\n<meta name=\"robots\" content=\"index, follow, max-snippet:-1, max-image-preview:large, max-video-preview:-1\" \/>\n<link rel=\"canonical\" href=\"https:\/\/www.pogotowieflagowe.pl\/aktualne\/tusk-wzywa-do-jednosci-ale-porusza-sie-do-podwazenia-prezydenta\/\" \/>\n<meta property=\"og:locale\" content=\"pl_PL\" \/>\n<meta property=\"og:type\" content=\"article\" \/>\n<meta property=\"og:title\" content=\"Tusk wzywa do jedno\u015bci, ale porusza si\u0119 do podwa\u017cenia prezydenta - POGOTOWIE FLAGOWE\u00ae\" \/>\n<meta property=\"og:description\" content=\"Donald Tusk m\u00f3wi o wsp\u00f3\u0142pracy i jedno\u015bci narodowej, ale popycha projekt ustawy maj\u0105cy na celu os\u0142abienie roli Prezydenta Polski w\" \/>\n<meta property=\"og:url\" content=\"https:\/\/www.pogotowieflagowe.pl\/aktualne\/tusk-wzywa-do-jednosci-ale-porusza-sie-do-podwazenia-prezydenta\/\" \/>\n<meta property=\"og:site_name\" content=\"POGOTOWIE FLAGOWE\u00ae\" \/>\n<meta property=\"article:published_time\" content=\"2025-02-18T08:47:07+00:00\" \/>\n<meta property=\"article:modified_time\" content=\"2025-02-18T08:47:09+00:00\" \/>\n<meta property=\"og:image\" content=\"https:\/\/www.pogotowieflagowe.pl\/aktualne\/wp-content\/uploads\/2025\/02\/Tusk-wzywa-do-jednosci-ale-porusza-sie-do-podwazenia-prezydenta.jpeg\" \/>\n\t<meta property=\"og:image:width\" content=\"1920\" \/>\n\t<meta property=\"og:image:height\" content=\"1281\" \/>\n\t<meta property=\"og:image:type\" content=\"image\/jpeg\" \/>\n<meta name=\"author\" content=\"Filip\" \/>\n<meta name=\"twitter:card\" content=\"summary_large_image\" \/>\n<meta name=\"twitter:label1\" content=\"Napisane przez\" \/>\n\t<meta name=\"twitter:data1\" content=\"Filip\" \/>\n\t<meta name=\"twitter:label2\" content=\"Szacowany czas czytania\" \/>\n\t<meta name=\"twitter:data2\" content=\"2 minuty\" \/>\n<script type=\"application\/ld+json\" class=\"yoast-schema-graph\">{\"@context\":\"https:\/\/schema.org\",\"@graph\":[{\"@type\":\"Article\",\"@id\":\"https:\/\/www.pogotowieflagowe.pl\/aktualne\/tusk-wzywa-do-jednosci-ale-porusza-sie-do-podwazenia-prezydenta\/#article\",\"isPartOf\":{\"@id\":\"https:\/\/www.pogotowieflagowe.pl\/aktualne\/tusk-wzywa-do-jednosci-ale-porusza-sie-do-podwazenia-prezydenta\/\"},\"author\":{\"name\":\"Filip\",\"@id\":\"https:\/\/www.pogotowieflagowe.pl\/aktualne\/#\/schema\/person\/9c2fb7d2362ebf6fa088960d7f0d27b0\"},\"headline\":\"Tusk wzywa do jedno\u015bci, ale porusza si\u0119 do podwa\u017cenia prezydenta\",\"datePublished\":\"2025-02-18T08:47:07+00:00\",\"dateModified\":\"2025-02-18T08:47:09+00:00\",\"mainEntityOfPage\":{\"@id\":\"https:\/\/www.pogotowieflagowe.pl\/aktualne\/tusk-wzywa-do-jednosci-ale-porusza-sie-do-podwazenia-prezydenta\/\"},\"wordCount\":503,\"publisher\":{\"@id\":\"https:\/\/www.pogotowieflagowe.pl\/aktualne\/#organization\"},\"image\":{\"@id\":\"https:\/\/www.pogotowieflagowe.pl\/aktualne\/tusk-wzywa-do-jednosci-ale-porusza-sie-do-podwazenia-prezydenta\/#primaryimage\"},\"thumbnailUrl\":\"https:\/\/www.pogotowieflagowe.pl\/aktualne\/wp-content\/uploads\/2025\/02\/Tusk-wzywa-do-jednosci-ale-porusza-sie-do-podwazenia-prezydenta.jpeg\",\"keywords\":[\"ale\",\"jedno\u015bci\",\"podwa\u017cenia\",\"porusza\",\"prezydenta\",\"si\u0119\",\"Tusk\",\"wzywa\"],\"articleSection\":[\"Aktualne\"],\"inLanguage\":\"pl-PL\"},{\"@type\":\"WebPage\",\"@id\":\"https:\/\/www.pogotowieflagowe.pl\/aktualne\/tusk-wzywa-do-jednosci-ale-porusza-sie-do-podwazenia-prezydenta\/\",\"url\":\"https:\/\/www.pogotowieflagowe.pl\/aktualne\/tusk-wzywa-do-jednosci-ale-porusza-sie-do-podwazenia-prezydenta\/\",\"name\":\"Tusk wzywa do jedno\u015bci, ale porusza si\u0119 do podwa\u017cenia prezydenta - POGOTOWIE FLAGOWE\u00ae\",\"isPartOf\":{\"@id\":\"https:\/\/www.pogotowieflagowe.pl\/aktualne\/#website\"},\"primaryImageOfPage\":{\"@id\":\"https:\/\/www.pogotowieflagowe.pl\/aktualne\/tusk-wzywa-do-jednosci-ale-porusza-sie-do-podwazenia-prezydenta\/#primaryimage\"},\"image\":{\"@id\":\"https:\/\/www.pogotowieflagowe.pl\/aktualne\/tusk-wzywa-do-jednosci-ale-porusza-sie-do-podwazenia-prezydenta\/#primaryimage\"},\"thumbnailUrl\":\"https:\/\/www.pogotowieflagowe.pl\/aktualne\/wp-content\/uploads\/2025\/02\/Tusk-wzywa-do-jednosci-ale-porusza-sie-do-podwazenia-prezydenta.jpeg\",\"datePublished\":\"2025-02-18T08:47:07+00:00\",\"dateModified\":\"2025-02-18T08:47:09+00:00\",\"breadcrumb\":{\"@id\":\"https:\/\/www.pogotowieflagowe.pl\/aktualne\/tusk-wzywa-do-jednosci-ale-porusza-sie-do-podwazenia-prezydenta\/#breadcrumb\"},\"inLanguage\":\"pl-PL\",\"potentialAction\":[{\"@type\":\"ReadAction\",\"target\":[\"https:\/\/www.pogotowieflagowe.pl\/aktualne\/tusk-wzywa-do-jednosci-ale-porusza-sie-do-podwazenia-prezydenta\/\"]}]},{\"@type\":\"ImageObject\",\"inLanguage\":\"pl-PL\",\"@id\":\"https:\/\/www.pogotowieflagowe.pl\/aktualne\/tusk-wzywa-do-jednosci-ale-porusza-sie-do-podwazenia-prezydenta\/#primaryimage\",\"url\":\"https:\/\/www.pogotowieflagowe.pl\/aktualne\/wp-content\/uploads\/2025\/02\/Tusk-wzywa-do-jednosci-ale-porusza-sie-do-podwazenia-prezydenta.jpeg\",\"contentUrl\":\"https:\/\/www.pogotowieflagowe.pl\/aktualne\/wp-content\/uploads\/2025\/02\/Tusk-wzywa-do-jednosci-ale-porusza-sie-do-podwazenia-prezydenta.jpeg\",\"width\":1920,\"height\":1281,\"caption\":\"Tusk wzywa do jedno\u015bci, ale porusza si\u0119 do podwa\u017cenia prezydenta\"},{\"@type\":\"BreadcrumbList\",\"@id\":\"https:\/\/www.pogotowieflagowe.pl\/aktualne\/tusk-wzywa-do-jednosci-ale-porusza-sie-do-podwazenia-prezydenta\/#breadcrumb\",\"itemListElement\":[{\"@type\":\"ListItem\",\"position\":1,\"name\":\"Home\",\"item\":\"https:\/\/www.pogotowieflagowe.pl\/aktualne\/\"},{\"@type\":\"ListItem\",\"position\":2,\"name\":\"Tusk wzywa do jedno\u015bci, ale porusza si\u0119 do podwa\u017cenia prezydenta\"}]},{\"@type\":\"WebSite\",\"@id\":\"https:\/\/www.pogotowieflagowe.pl\/aktualne\/#website\",\"url\":\"https:\/\/www.pogotowieflagowe.pl\/aktualne\/\",\"name\":\"POGOTOWIE FLAGOWE\u00ae\",\"description\":\"\",\"publisher\":{\"@id\":\"https:\/\/www.pogotowieflagowe.pl\/aktualne\/#organization\"},\"potentialAction\":[{\"@type\":\"SearchAction\",\"target\":{\"@type\":\"EntryPoint\",\"urlTemplate\":\"https:\/\/www.pogotowieflagowe.pl\/aktualne\/?s={search_term_string}\"},\"query-input\":\"required name=search_term_string\"}],\"inLanguage\":\"pl-PL\"},{\"@type\":\"Organization\",\"@id\":\"https:\/\/www.pogotowieflagowe.pl\/aktualne\/#organization\",\"name\":\"POGOTOWIE FLAGOWE\u00ae\",\"url\":\"https:\/\/www.pogotowieflagowe.pl\/aktualne\/\",\"logo\":{\"@type\":\"ImageObject\",\"inLanguage\":\"pl-PL\",\"@id\":\"https:\/\/www.pogotowieflagowe.pl\/aktualne\/#\/schema\/logo\/image\/\",\"url\":\"https:\/\/www.pogotowieflagowe.pl\/aktualne\/wp-content\/uploads\/2024\/08\/cropped-pogotowieflagowe_flaga_projekt_sm.jpg\",\"contentUrl\":\"https:\/\/www.pogotowieflagowe.pl\/aktualne\/wp-content\/uploads\/2024\/08\/cropped-pogotowieflagowe_flaga_projekt_sm.jpg\",\"width\":250,\"height\":143,\"caption\":\"POGOTOWIE FLAGOWE\u00ae\"},\"image\":{\"@id\":\"https:\/\/www.pogotowieflagowe.pl\/aktualne\/#\/schema\/logo\/image\/\"}},{\"@type\":\"Person\",\"@id\":\"https:\/\/www.pogotowieflagowe.pl\/aktualne\/#\/schema\/person\/9c2fb7d2362ebf6fa088960d7f0d27b0\",\"name\":\"Filip\",\"image\":{\"@type\":\"ImageObject\",\"inLanguage\":\"pl-PL\",\"@id\":\"https:\/\/www.pogotowieflagowe.pl\/aktualne\/#\/schema\/person\/image\/\",\"url\":\"https:\/\/www.pogotowieflagowe.pl\/aktualne\/wp-content\/uploads\/2024\/08\/pogotowieflagowe.pl_.jpg\",\"contentUrl\":\"https:\/\/www.pogotowieflagowe.pl\/aktualne\/wp-content\/uploads\/2024\/08\/pogotowieflagowe.pl_.jpg\",\"caption\":\"Filip\"},\"description\":\"Jestem Filip, polski dziennikarz z dyplomem nauk politycznych Uniwersytetu Warszawskiego. Rozpoczynaj\u0105c swoj\u0105 karier\u0119 w r\u00f3\u017cnych lokalnych mediach, zdoby\u0142em solidne do\u015bwiadczenie w zakresie \u015bledztwa i redakcji. Obecnie jako redaktor w Pogotowie flagowe, staram si\u0119 dostarcza\u0107 dog\u0142\u0119bne i istotne analizy na temat najwa\u017cniejszych kwestii aktualno\u015bci, \u0142\u0105cz\u0105c rygor z pasj\u0105 dziennikarsk\u0105.\",\"sameAs\":[\"https:\/\/www.pogotowieflagowe.pl\/\"]}]}<\/script>\n<!-- \/ Yoast SEO plugin. -->","yoast_head_json":{"title":"Tusk wzywa do jedno\u015bci, ale porusza si\u0119 do podwa\u017cenia prezydenta - POGOTOWIE FLAGOWE\u00ae","robots":{"index":"index","follow":"follow","max-snippet":"max-snippet:-1","max-image-preview":"max-image-preview:large","max-video-preview":"max-video-preview:-1"},"canonical":"https:\/\/www.pogotowieflagowe.pl\/aktualne\/tusk-wzywa-do-jednosci-ale-porusza-sie-do-podwazenia-prezydenta\/","og_locale":"pl_PL","og_type":"article","og_title":"Tusk wzywa do jedno\u015bci, ale porusza si\u0119 do podwa\u017cenia prezydenta - POGOTOWIE FLAGOWE\u00ae","og_description":"Donald Tusk m\u00f3wi o wsp\u00f3\u0142pracy i jedno\u015bci narodowej, ale popycha projekt ustawy maj\u0105cy na celu os\u0142abienie roli Prezydenta Polski w","og_url":"https:\/\/www.pogotowieflagowe.pl\/aktualne\/tusk-wzywa-do-jednosci-ale-porusza-sie-do-podwazenia-prezydenta\/","og_site_name":"POGOTOWIE FLAGOWE\u00ae","article_published_time":"2025-02-18T08:47:07+00:00","article_modified_time":"2025-02-18T08:47:09+00:00","og_image":[{"width":1920,"height":1281,"url":"https:\/\/www.pogotowieflagowe.pl\/aktualne\/wp-content\/uploads\/2025\/02\/Tusk-wzywa-do-jednosci-ale-porusza-sie-do-podwazenia-prezydenta.jpeg","type":"image\/jpeg"}],"author":"Filip","twitter_card":"summary_large_image","twitter_misc":{"Napisane przez":"Filip","Szacowany czas czytania":"2 minuty"},"schema":{"@context":"https:\/\/schema.org","@graph":[{"@type":"Article","@id":"https:\/\/www.pogotowieflagowe.pl\/aktualne\/tusk-wzywa-do-jednosci-ale-porusza-sie-do-podwazenia-prezydenta\/#article","isPartOf":{"@id":"https:\/\/www.pogotowieflagowe.pl\/aktualne\/tusk-wzywa-do-jednosci-ale-porusza-sie-do-podwazenia-prezydenta\/"},"author":{"name":"Filip","@id":"https:\/\/www.pogotowieflagowe.pl\/aktualne\/#\/schema\/person\/9c2fb7d2362ebf6fa088960d7f0d27b0"},"headline":"Tusk wzywa do jedno\u015bci, ale porusza si\u0119 do podwa\u017cenia prezydenta","datePublished":"2025-02-18T08:47:07+00:00","dateModified":"2025-02-18T08:47:09+00:00","mainEntityOfPage":{"@id":"https:\/\/www.pogotowieflagowe.pl\/aktualne\/tusk-wzywa-do-jednosci-ale-porusza-sie-do-podwazenia-prezydenta\/"},"wordCount":503,"publisher":{"@id":"https:\/\/www.pogotowieflagowe.pl\/aktualne\/#organization"},"image":{"@id":"https:\/\/www.pogotowieflagowe.pl\/aktualne\/tusk-wzywa-do-jednosci-ale-porusza-sie-do-podwazenia-prezydenta\/#primaryimage"},"thumbnailUrl":"https:\/\/www.pogotowieflagowe.pl\/aktualne\/wp-content\/uploads\/2025\/02\/Tusk-wzywa-do-jednosci-ale-porusza-sie-do-podwazenia-prezydenta.jpeg","keywords":["ale","jedno\u015bci","podwa\u017cenia","porusza","prezydenta","si\u0119","Tusk","wzywa"],"articleSection":["Aktualne"],"inLanguage":"pl-PL"},{"@type":"WebPage","@id":"https:\/\/www.pogotowieflagowe.pl\/aktualne\/tusk-wzywa-do-jednosci-ale-porusza-sie-do-podwazenia-prezydenta\/","url":"https:\/\/www.pogotowieflagowe.pl\/aktualne\/tusk-wzywa-do-jednosci-ale-porusza-sie-do-podwazenia-prezydenta\/","name":"Tusk wzywa do jedno\u015bci, ale porusza si\u0119 do podwa\u017cenia prezydenta - POGOTOWIE FLAGOWE\u00ae","isPartOf":{"@id":"https:\/\/www.pogotowieflagowe.pl\/aktualne\/#website"},"primaryImageOfPage":{"@id":"https:\/\/www.pogotowieflagowe.pl\/aktualne\/tusk-wzywa-do-jednosci-ale-porusza-sie-do-podwazenia-prezydenta\/#primaryimage"},"image":{"@id":"https:\/\/www.pogotowieflagowe.pl\/aktualne\/tusk-wzywa-do-jednosci-ale-porusza-sie-do-podwazenia-prezydenta\/#primaryimage"},"thumbnailUrl":"https:\/\/www.pogotowieflagowe.pl\/aktualne\/wp-content\/uploads\/2025\/02\/Tusk-wzywa-do-jednosci-ale-porusza-sie-do-podwazenia-prezydenta.jpeg","datePublished":"2025-02-18T08:47:07+00:00","dateModified":"2025-02-18T08:47:09+00:00","breadcrumb":{"@id":"https:\/\/www.pogotowieflagowe.pl\/aktualne\/tusk-wzywa-do-jednosci-ale-porusza-sie-do-podwazenia-prezydenta\/#breadcrumb"},"inLanguage":"pl-PL","potentialAction":[{"@type":"ReadAction","target":["https:\/\/www.pogotowieflagowe.pl\/aktualne\/tusk-wzywa-do-jednosci-ale-porusza-sie-do-podwazenia-prezydenta\/"]}]},{"@type":"ImageObject","inLanguage":"pl-PL","@id":"https:\/\/www.pogotowieflagowe.pl\/aktualne\/tusk-wzywa-do-jednosci-ale-porusza-sie-do-podwazenia-prezydenta\/#primaryimage","url":"https:\/\/www.pogotowieflagowe.pl\/aktualne\/wp-content\/uploads\/2025\/02\/Tusk-wzywa-do-jednosci-ale-porusza-sie-do-podwazenia-prezydenta.jpeg","contentUrl":"https:\/\/www.pogotowieflagowe.pl\/aktualne\/wp-content\/uploads\/2025\/02\/Tusk-wzywa-do-jednosci-ale-porusza-sie-do-podwazenia-prezydenta.jpeg","width":1920,"height":1281,"caption":"Tusk wzywa do jedno\u015bci, ale porusza si\u0119 do podwa\u017cenia prezydenta"},{"@type":"BreadcrumbList","@id":"https:\/\/www.pogotowieflagowe.pl\/aktualne\/tusk-wzywa-do-jednosci-ale-porusza-sie-do-podwazenia-prezydenta\/#breadcrumb","itemListElement":[{"@type":"ListItem","position":1,"name":"Home","item":"https:\/\/www.pogotowieflagowe.pl\/aktualne\/"},{"@type":"ListItem","position":2,"name":"Tusk wzywa do jedno\u015bci, ale porusza si\u0119 do podwa\u017cenia prezydenta"}]},{"@type":"WebSite","@id":"https:\/\/www.pogotowieflagowe.pl\/aktualne\/#website","url":"https:\/\/www.pogotowieflagowe.pl\/aktualne\/","name":"POGOTOWIE FLAGOWE\u00ae","description":"","publisher":{"@id":"https:\/\/www.pogotowieflagowe.pl\/aktualne\/#organization"},"potentialAction":[{"@type":"SearchAction","target":{"@type":"EntryPoint","urlTemplate":"https:\/\/www.pogotowieflagowe.pl\/aktualne\/?s={search_term_string}"},"query-input":"required name=search_term_string"}],"inLanguage":"pl-PL"},{"@type":"Organization","@id":"https:\/\/www.pogotowieflagowe.pl\/aktualne\/#organization","name":"POGOTOWIE FLAGOWE\u00ae","url":"https:\/\/www.pogotowieflagowe.pl\/aktualne\/","logo":{"@type":"ImageObject","inLanguage":"pl-PL","@id":"https:\/\/www.pogotowieflagowe.pl\/aktualne\/#\/schema\/logo\/image\/","url":"https:\/\/www.pogotowieflagowe.pl\/aktualne\/wp-content\/uploads\/2024\/08\/cropped-pogotowieflagowe_flaga_projekt_sm.jpg","contentUrl":"https:\/\/www.pogotowieflagowe.pl\/aktualne\/wp-content\/uploads\/2024\/08\/cropped-pogotowieflagowe_flaga_projekt_sm.jpg","width":250,"height":143,"caption":"POGOTOWIE FLAGOWE\u00ae"},"image":{"@id":"https:\/\/www.pogotowieflagowe.pl\/aktualne\/#\/schema\/logo\/image\/"}},{"@type":"Person","@id":"https:\/\/www.pogotowieflagowe.pl\/aktualne\/#\/schema\/person\/9c2fb7d2362ebf6fa088960d7f0d27b0","name":"Filip","image":{"@type":"ImageObject","inLanguage":"pl-PL","@id":"https:\/\/www.pogotowieflagowe.pl\/aktualne\/#\/schema\/person\/image\/","url":"https:\/\/www.pogotowieflagowe.pl\/aktualne\/wp-content\/uploads\/2024\/08\/pogotowieflagowe.pl_.jpg","contentUrl":"https:\/\/www.pogotowieflagowe.pl\/aktualne\/wp-content\/uploads\/2024\/08\/pogotowieflagowe.pl_.jpg","caption":"Filip"},"description":"Jestem Filip, polski dziennikarz z dyplomem nauk politycznych Uniwersytetu Warszawskiego. Rozpoczynaj\u0105c swoj\u0105 karier\u0119 w r\u00f3\u017cnych lokalnych mediach, zdoby\u0142em solidne do\u015bwiadczenie w zakresie \u015bledztwa i redakcji. Obecnie jako redaktor w Pogotowie flagowe, staram si\u0119 dostarcza\u0107 dog\u0142\u0119bne i istotne analizy na temat najwa\u017cniejszych kwestii aktualno\u015bci, \u0142\u0105cz\u0105c rygor z pasj\u0105 dziennikarsk\u0105.","sameAs":["https:\/\/www.pogotowieflagowe.pl\/"]}]}},"_links":{"self":[{"href":"https:\/\/www.pogotowieflagowe.pl\/aktualne\/wp-json\/wp\/v2\/posts\/4007","targetHints":{"allow":["GET"]}}],"collection":[{"href":"https:\/\/www.pogotowieflagowe.pl\/aktualne\/wp-json\/wp\/v2\/posts"}],"about":[{"href":"https:\/\/www.pogotowieflagowe.pl\/aktualne\/wp-json\/wp\/v2\/types\/post"}],"author":[{"embeddable":true,"href":"https:\/\/www.pogotowieflagowe.pl\/aktualne\/wp-json\/wp\/v2\/users\/1"}],"replies":[{"embeddable":true,"href":"https:\/\/www.pogotowieflagowe.pl\/aktualne\/wp-json\/wp\/v2\/comments?post=4007"}],"version-history":[{"count":1,"href":"https:\/\/www.pogotowieflagowe.pl\/aktualne\/wp-json\/wp\/v2\/posts\/4007\/revisions"}],"predecessor-version":[{"id":4009,"href":"https:\/\/www.pogotowieflagowe.pl\/aktualne\/wp-json\/wp\/v2\/posts\/4007\/revisions\/4009"}],"wp:featuredmedia":[{"embeddable":true,"href":"https:\/\/www.pogotowieflagowe.pl\/aktualne\/wp-json\/wp\/v2\/media\/4008"}],"wp:attachment":[{"href":"https:\/\/www.pogotowieflagowe.pl\/aktualne\/wp-json\/wp\/v2\/media?parent=4007"}],"wp:term":[{"taxonomy":"category","embeddable":true,"href":"https:\/\/www.pogotowieflagowe.pl\/aktualne\/wp-json\/wp\/v2\/categories?post=4007"},{"taxonomy":"post_tag","embeddable":true,"href":"https:\/\/www.pogotowieflagowe.pl\/aktualne\/wp-json\/wp\/v2\/tags?post=4007"}],"curies":[{"name":"wp","href":"https:\/\/api.w.org\/{rel}","templated":true}]}}