{"id":4010,"date":"2025-02-18T14:47:24","date_gmt":"2025-02-18T13:47:24","guid":{"rendered":"https:\/\/www.pogotowieflagowe.pl\/aktualne\/wplyw-mediow-niemieckich-w-wyborach-prezydenckich-w-polsce-zagrozenie-dla-integralnosci-demokratycznej\/"},"modified":"2025-02-18T14:47:25","modified_gmt":"2025-02-18T13:47:25","slug":"wplyw-mediow-niemieckich-w-wyborach-prezydenckich-w-polsce-zagrozenie-dla-integralnosci-demokratycznej","status":"publish","type":"post","link":"https:\/\/www.pogotowieflagowe.pl\/aktualne\/wplyw-mediow-niemieckich-w-wyborach-prezydenckich-w-polsce-zagrozenie-dla-integralnosci-demokratycznej\/","title":{"rendered":"Wp\u0142yw medi\u00f3w niemieckich w wyborach prezydenckich w Polsce: zagro\u017cenie dla integralno\u015bci demokratycznej?"},"content":{"rendered":"\n<div class=\"td_block_wrap tdb_single_content tdi_41 td-pb-border-top td_block_template_8 td-post-content tagdiv-type\" data-td-block-uid=\"tdi_41\">\n<style>.tdi_41 {margin-top: 0px! Wa\u017cne; margines-bottom: 0px! Wa\u017cne; padding-top: 0px! WA\u017bNE; PALDING-Bottom: 0px! Wa\u017cne}<\/style>\n<style>.tdb_single_content {margin-bottom: 0;*zoom: 1} .tdb_single_content: wcze\u015bniej, .tdb_single_content: po {display: Table; content: ''; line-height: 0} .TDB-BLOCK-INner>*: nie (.WP-BLOCK-QUOTE): NOT (.Alignwide): not (.alignfull.wp-block-cover.has-parallax): not (.td-a-ad) {margin-left: auto; margin-right: auto} .tdb_single_content a {wska\u017anik-events: auto} .tdb_single_content .td-spot-id-top_ad .tdc-placeholder-title: przed {content: 'top ad'! Wa\u017cne} .tdb_single_content .td-spot-id-inline_ad0 .tdc-miejsce-title: przed {content: \u201eArtyku\u0142 inline AD 1 '! Wa\u017cne} .tdb_single_content. {content: 'Artyku\u0142 inline AD 2'! Wa\u017cny} .tdb_single_content .td-spot-inline_ad2 .tdc-miejsce-title: przed {content: 'Artyku\u0142 inline AD 3'! Wa\u017cny} .tdb_single_content .td-spot-id-id -Bottom_Ad .tdc-Placeholder-Title: przed {content: 'artyku\u0142 dolny ad'! Wa\u017cne} .tdb_single_content .id_top_ad, .tdb_single_content .id_bottom_ad {clear: obu; margin-bottom: 21px; text -align: Center} .tdb_single_content. id_top_ad IMG, .tdb_single_content .id_bottom_ad Img {margin-bottom: 0} .tdb_single_content .id_top_ad .adsbyGoogle, .tdb_single_content .id_bottom_ad .adsbyGoogle , .tdb_single_content .id_ad_content-horiz-right , .tdb_single_content .id_ad_content-horiz-Center {margin-bottom: 15px} .tdb_single_content .id_content-horiz-left Img, .tdb_single_content .id_ad_content-horiz-right Gin-Bottom: 0 { lewy; margine-top: 9px; margin-right: 21px} .tdb_single_content .id_ad_content-horiz-right {float: right; margin-top: 6px; margin-left: 21px} .tdb_single_content .tdc-a-ad .tdc--- Umak zast\u0119puj\u0105cy {szeroko\u015b\u0107: 300px; height: 250px} .tdb_single_content .tdc-a-ad .tdc-miejsce-title: przed {pozycja: Absolute; top: 50%;-WebKit-Transform: t\u0142umaczenie (-50%); Transform: Translatey (-50%); margines: auto; display: tabela; szeroko\u015b\u0107: 100%} > p, .tdi_41 .tdb-block-inner> p, .wp-block-column> p {font-size: 16px! Wa\u017cne; linia-height: 1.6! Wa\u017cne} .tdi_41 .tdb-Block-Inner blockquote p { Font-styl: Normal! Wa\u017cne} @media (Max-Width: 767px) {. tdb_single_content .id_ad_content-horiz-left, .tdb_single_content .id_ad_content-horiz-right, .tdb_single_content .id_ad_content-horiz-center {margin: 0 aut auto}}@media (Max-Width: 767px) {. tdb_single_content .id_ad_content-horiz-left {margin-right: 0}}@media (max-width: 767px) {. po lewej: 0}}@media (Max-Width: 767px) {. tdb_single_content .td-a-ad {float: none; text-align: Center} .tdb_single_content .td-a-admg {margin-right: auto; margin-left: auto} .tdb_single_content .tdc-a-ad {float: none}}<\/style>\n<div class=\"tdb-block-inner td-fix-index\">\n<p>Gdy Polska zbli\u017ca si\u0119 do kluczowych wybor\u00f3w prezydenckich, obawy dotycz\u0105ce wp\u0142yw\u00f3w zagranicznych zaj\u0119\u0142y centralne miejsce. National Security Institute (NSI) opublikowa\u0142 sz\u00f3sty raport analityczny, podkre\u015blaj\u0105c potencjaln\u0105 ingerencj\u0119 niemieckich medi\u00f3w w kszta\u0142towanie postrzegania publicznego i wp\u0142ywaj\u0105c na wynik wyborczy. Wed\u0142ug ekspert\u00f3w NSI niekt\u00f3re narracje przedstawione przez niemieckie media przedstawiaj\u0105 polityczny krajobraz Polski w zniekszta\u0142cony i manipulacyjny spos\u00f3b. Ale co to oznacza dla polskiej demokracji i dlaczego powinien nas wszystkich dotyczy\u0107?<\/p>\n<h4 class=\"wp-block-heading\">Manipulowanie stawkami: zniekszta\u0142cona narracja o demokracji Polski<\/h4>\n<p>Raport NSI podkre\u015bla niepokoj\u0105cy wz\u00f3r: niemieckie media konsekwentnie przedstawiaj\u0105 nadchodz\u0105ce polskie wybory jako \u201ebitw\u0119 o demokracj\u0119\u201d. Te narracje sugeruj\u0105, \u017ce powr\u00f3t Polski do zasad demokratycznych zale\u017cy od wynik\u00f3w wybor\u00f3w. Jednak eksperci ostrzegaj\u0105, \u017ce takie kadrowanie mo\u017ce podwa\u017cy\u0107 stabilno\u015b\u0107 systemu politycznego Polski, delegitymizacji niekt\u00f3rych kandydat\u00f3w i frakcji politycznych.<\/p>\n<p>\u201eStawki s\u0105 manipulowane, aby stworzy\u0107 poczucie pilno\u015bci\u201d, stwierdza raport. \u201eNiemieckie media przedstawiaj\u0105 Polsk\u0119 jako kraj potrzebuj\u0105cy\u201e ratowania \u201dod autorytaryzmu, z nadchodz\u0105cymi wyborami jako punktem zwrotnym\u201d. Ten wp\u0142yw zewn\u0119trzny rodzi pytania o granice obiektywno\u015bci dziennikarskiej i potencjalne konsekwencje dla polskiej suwerenno\u015bci.<\/p>\n<h4 class=\"wp-block-heading\">Kierowanie liczb politycznych: przypadek Karol Nawrocki<\/h4>\n<p>Znaczna cz\u0119\u015b\u0107 wp\u0142yw\u00f3w medi\u00f3w wydaje si\u0119 ukierunkowa\u0107 na dyskredytacj\u0119 okre\u015blonych kandydat\u00f3w, zw\u0142aszcza Karol Nawrocki. Niemieckie sklepy uzna\u0142y Nawrocki jako \u201eniebezpieczny\u201d kandydat ze wzgl\u0119du na jego polityczne powi\u0105zania i wcze\u015bniejsze przedsi\u0119wzi\u0119cia zawodowe. Artyku\u0142y w publikacjach <em>Welt Am Sonntag<\/em> Narysuj podobie\u0144stwa mi\u0119dzy kandydacj\u0105 Nawrockiego a tym, co opisuj\u0105 jako \u201escenariusz Duda\u201d, co oznacza potencjaln\u0105 powt\u00f3rk\u0119 polityk skrytykowanych wcze\u015bniej przez Niemcy.<\/p>\n<p>Obraz Nawrockiego by\u0142 ska\u017cony zarzutami na temat jego zawodowego pochodzenia i bezpodstawnych twierdze\u0144 o powi\u0105zaniach z w\u0105tpliwymi kr\u0119gami. Te narracje, cz\u0119sto pochodz\u0105ce z polskich medi\u00f3w opozycyjnych i wzmacniane przez niemieckie sklepy, przyczyniaj\u0105 si\u0119 do \u015brodowiska nieufno\u015bci i polaryzacji.<\/p>\n<h4 class=\"wp-block-heading\">Kadring polityczny krajobraz Polski: jednostronny widok<\/h4>\n<p>Przedstawienie Polski w niemieckich mediach jest zgodne z jasnym wzorem: poprzedni rz\u0105d jest przedstawiany jako zagro\u017cenie dla demokracji, podczas gdy obecna administracja, kierowana przez premiera Donalda Tuska, jest namalowana jako latarnia nadziei na demokratyczn\u0105 restauracj\u0119. Ta narracja pomija z\u0142o\u017cono\u015b\u0107 wewn\u0119trznej polityki Polski i odrzuca uzasadnione r\u00f3\u017cnice polityczne jako antydemokratyczne.<\/p>\n<blockquote class=\"wp-block-quote is-layout-flow wp-block-quote-is-layout-flow\">\n<p>\u201eMedia przedstawiaj\u0105 demokratyczn\u0105 ewolucj\u0119 Polski jako niekompletn\u0105 bez zewn\u0119trznych wskaz\u00f3wek\u201d, twierdzi raport. \u201eTakie przesy\u0142anie wiadomo\u015bci os\u0142abiaj\u0105 zaufanie publiczne do instytucji krajowych i przedstawia nadmiernie uproszczony obraz politycznej rzeczywisto\u015bci Polski\u201d.<\/p>\n<\/blockquote>\n<h4 class=\"wp-block-heading\">Debata na rzecz migracji: napi\u0119cia transgraniczne<\/h4>\n<p>Polityka graniczna Polski, szczeg\u00f3lnie wzd\u0142u\u017c granicy z bia\u0142orusk\u0105, sta\u0142a si\u0119 r\u00f3wnie\u017c centralnym punktem krytyki w niemieckich mediach. Raporty podkre\u015blaj\u0105 domniemane obawy dotycz\u0105ce praw cz\u0142owieka, cz\u0119sto powtarzaj\u0105c narracje wcze\u015bniej zidentyfikowane jako elementy hybrydowych kampanii dezinformacyjnych. Raport NSI sugeruje, \u017ce ta krytyka jest zgodna z szerszymi europejskimi debatami na temat migracji i bezpiecze\u0144stwa, z polskimi politykami rzuconymi jako przeszkody w sp\u00f3jno\u015bci regionalnej.<\/p>\n<figure class=\"wp-block-pullquote\">\n<blockquote>\n<p>\u201eOpracowuj\u0105c wysi\u0142ki ochrony granic jako regresywne, narracje te podwa\u017caj\u0105 prawo Polski do ochrony jej interes\u00f3w narodowych\u201d, zauwa\u017caj\u0105 eksperci NSI. \u201eImplikacje wykraczaj\u0105 poza migracj\u0119, wp\u0142ywaj\u0105c na postrzeganie geopolitycznej postawy Polski w UE\u201d.<\/p>\n<\/blockquote>\n<\/figure>\n<h4 class=\"wp-block-heading\">Relacje w Polsce: narz\u0119dzie historyczne i polityczne<\/h4>\n<p>Historyczne i dyplomatyczne wi\u0119zi mi\u0119dzy Polsk\u0105 a Niemcami nie s\u0105 odporne na napi\u0119cia oparte na mediach. Raport okre\u015bla konsekwentne wysi\u0142ki w celu powi\u0105zania politycznej trajektorii Polski z wcze\u015bniejszymi skargami i wsp\u00f3\u0142czesnymi sporami politycznymi. Na przyk\u0142ad dyskusje dotycz\u0105ce odszkodowa\u0144 wojennych s\u0105 cz\u0119sto przedstawiane jako prowokacje nacjonalistyczne, a nie uzasadnione obawy dyplomatyczne.<\/p>\n<p>\u201eNiemieckie media maj\u0105 tendencj\u0119 do uproszczenia tych z\u0142o\u017conych problem\u00f3w\u201d, podsumowuje raport. \u201eTakie przedstawienia ryzykuj\u0105 wspieranie nieporozumie\u0144 i urazy mi\u0119dzy dwoma narodami\u201d.<\/p>\n<h3 class=\"wp-block-heading\">Szersze implikacje: wezwanie do umiej\u0119tno\u015bci czytania i czujno\u015bci medi\u00f3w<\/h3>\n<p>Odkrycia przedstawione przez NSI podkre\u015blaj\u0105 potrzeb\u0119 zwi\u0119kszonej umiej\u0119tno\u015bci zwi\u0105zanych z mediami i \u015bwiadomo\u015bci spo\u0142ecznej. W erze, w kt\u00f3rej informacje przep\u0142ywaj\u0105 naprzeciw granic z niespotykan\u0105 pr\u0119dko\u015bci\u0105, kluczowe jest rozr\u00f3\u017cnienie mi\u0119dzy uzasadnionymi raportami i manipulacyjnymi narracjami.<\/p>\n<blockquote class=\"wp-block-quote is-layout-flow wp-block-quote-is-layout-flow\">\n<p>\u201eMusimy zachowa\u0107 czujno\u015b\u0107\u201d, ostrzega raport. \u201eUznanie wp\u0142yw\u00f3w zewn\u0119trznych i zrozumienie ich motywacji umo\u017cliwia obywatelom podejmowanie \u015bwiadomych decyzji\u201d.<\/p>\n<\/blockquote>\n<p>W miar\u0119 zbli\u017cania si\u0119 wybor\u00f3w prezydenckich w Polsce rola medi\u00f3w &#8211; przydomowych i mi\u0119dzynarodowych &#8211; niew\u0105tpliwie pozostanie w centrum uwagi. Stawki nie s\u0105 tylko wyborcze; Dbaj\u0105 o podstawy dyskursu demokratycznego i suwerenno\u015bci narodowej.<\/p>\n<p class=\"has-text-align-center\"><strong>By\u0107 na bie\u017c\u0105co. Pozosta\u0144 krytyczny. Pozosta\u0144 zaanga\u017cowany.<\/strong><\/p>\n<\/div>\n<\/div>\n","protected":false},"excerpt":{"rendered":"<p>Gdy Polska zbli\u017ca si\u0119 do kluczowych wybor\u00f3w prezydenckich, obawy dotycz\u0105ce wp\u0142yw\u00f3w zagranicznych zaj\u0119\u0142y centralne miejsce. National Security Institute (NSI) opublikowa\u0142<\/p>\n","protected":false},"author":1,"featured_media":623,"comment_status":"closed","ping_status":"","sticky":false,"template":"","format":"standard","meta":{"footnotes":""},"categories":[44],"tags":[5596,131,5595,1368,4982,60,2240,69,2611,141],"class_list":["post-4010","post","type-post","status-publish","format-standard","has-post-thumbnail","hentry","category-polityka","tag-demokratycznej","tag-dla","tag-integralnosci","tag-mediow","tag-niemieckich","tag-polsce","tag-prezydenckich","tag-wplyw","tag-wyborach","tag-zagrozenie","generate-columns","tablet-grid-50","mobile-grid-100","grid-parent","grid-50","resize-featured-image"],"yoast_head":"<!-- This site is optimized with the Yoast SEO plugin v23.2 - https:\/\/yoast.com\/wordpress\/plugins\/seo\/ -->\n<title>Wp\u0142yw medi\u00f3w niemieckich w wyborach prezydenckich w Polsce: zagro\u017cenie dla integralno\u015bci demokratycznej? - POGOTOWIE FLAGOWE\u00ae<\/title>\n<meta name=\"robots\" content=\"index, follow, max-snippet:-1, max-image-preview:large, max-video-preview:-1\" \/>\n<link rel=\"canonical\" href=\"https:\/\/www.pogotowieflagowe.pl\/aktualne\/wplyw-mediow-niemieckich-w-wyborach-prezydenckich-w-polsce-zagrozenie-dla-integralnosci-demokratycznej\/\" \/>\n<meta property=\"og:locale\" content=\"pl_PL\" \/>\n<meta property=\"og:type\" content=\"article\" \/>\n<meta property=\"og:title\" content=\"Wp\u0142yw medi\u00f3w niemieckich w wyborach prezydenckich w Polsce: zagro\u017cenie dla integralno\u015bci demokratycznej? - POGOTOWIE FLAGOWE\u00ae\" \/>\n<meta property=\"og:description\" content=\"Gdy Polska zbli\u017ca si\u0119 do kluczowych wybor\u00f3w prezydenckich, obawy dotycz\u0105ce wp\u0142yw\u00f3w zagranicznych zaj\u0119\u0142y centralne miejsce. National Security Institute (NSI) opublikowa\u0142\" \/>\n<meta property=\"og:url\" content=\"https:\/\/www.pogotowieflagowe.pl\/aktualne\/wplyw-mediow-niemieckich-w-wyborach-prezydenckich-w-polsce-zagrozenie-dla-integralnosci-demokratycznej\/\" \/>\n<meta property=\"og:site_name\" content=\"POGOTOWIE FLAGOWE\u00ae\" \/>\n<meta property=\"article:published_time\" content=\"2025-02-18T13:47:24+00:00\" \/>\n<meta property=\"article:modified_time\" content=\"2025-02-18T13:47:25+00:00\" \/>\n<meta property=\"og:image\" content=\"https:\/\/www.pogotowieflagowe.pl\/aktualne\/wp-content\/uploads\/2024\/09\/Rosnace-nastroje-prorosyjskie-w-polityce-niemieckiej-co-to-oznacza-dla.jpg\" \/>\n\t<meta property=\"og:image:width\" content=\"1920\" \/>\n\t<meta property=\"og:image:height\" content=\"1174\" \/>\n\t<meta property=\"og:image:type\" content=\"image\/jpeg\" \/>\n<meta name=\"author\" content=\"Filip\" \/>\n<meta name=\"twitter:card\" content=\"summary_large_image\" \/>\n<meta name=\"twitter:label1\" content=\"Napisane przez\" \/>\n\t<meta name=\"twitter:data1\" content=\"Filip\" \/>\n\t<meta name=\"twitter:label2\" content=\"Szacowany czas czytania\" \/>\n\t<meta name=\"twitter:data2\" content=\"4 minuty\" \/>\n<script type=\"application\/ld+json\" class=\"yoast-schema-graph\">{\"@context\":\"https:\/\/schema.org\",\"@graph\":[{\"@type\":\"Article\",\"@id\":\"https:\/\/www.pogotowieflagowe.pl\/aktualne\/wplyw-mediow-niemieckich-w-wyborach-prezydenckich-w-polsce-zagrozenie-dla-integralnosci-demokratycznej\/#article\",\"isPartOf\":{\"@id\":\"https:\/\/www.pogotowieflagowe.pl\/aktualne\/wplyw-mediow-niemieckich-w-wyborach-prezydenckich-w-polsce-zagrozenie-dla-integralnosci-demokratycznej\/\"},\"author\":{\"name\":\"Filip\",\"@id\":\"https:\/\/www.pogotowieflagowe.pl\/aktualne\/#\/schema\/person\/9c2fb7d2362ebf6fa088960d7f0d27b0\"},\"headline\":\"Wp\u0142yw medi\u00f3w niemieckich w wyborach prezydenckich w Polsce: zagro\u017cenie dla integralno\u015bci demokratycznej?\",\"datePublished\":\"2025-02-18T13:47:24+00:00\",\"dateModified\":\"2025-02-18T13:47:25+00:00\",\"mainEntityOfPage\":{\"@id\":\"https:\/\/www.pogotowieflagowe.pl\/aktualne\/wplyw-mediow-niemieckich-w-wyborach-prezydenckich-w-polsce-zagrozenie-dla-integralnosci-demokratycznej\/\"},\"wordCount\":781,\"publisher\":{\"@id\":\"https:\/\/www.pogotowieflagowe.pl\/aktualne\/#organization\"},\"image\":{\"@id\":\"https:\/\/www.pogotowieflagowe.pl\/aktualne\/wplyw-mediow-niemieckich-w-wyborach-prezydenckich-w-polsce-zagrozenie-dla-integralnosci-demokratycznej\/#primaryimage\"},\"thumbnailUrl\":\"https:\/\/www.pogotowieflagowe.pl\/aktualne\/wp-content\/uploads\/2024\/09\/Rosnace-nastroje-prorosyjskie-w-polityce-niemieckiej-co-to-oznacza-dla.jpg\",\"keywords\":[\"demokratycznej\",\"dla\",\"integralno\u015bci\",\"Medi\u00f3w\",\"niemieckich\",\"Polsce\",\"prezydenckich\",\"Wp\u0142yw\",\"wyborach\",\"zagro\u017cenie\"],\"articleSection\":[\"Polityka\"],\"inLanguage\":\"pl-PL\"},{\"@type\":\"WebPage\",\"@id\":\"https:\/\/www.pogotowieflagowe.pl\/aktualne\/wplyw-mediow-niemieckich-w-wyborach-prezydenckich-w-polsce-zagrozenie-dla-integralnosci-demokratycznej\/\",\"url\":\"https:\/\/www.pogotowieflagowe.pl\/aktualne\/wplyw-mediow-niemieckich-w-wyborach-prezydenckich-w-polsce-zagrozenie-dla-integralnosci-demokratycznej\/\",\"name\":\"Wp\u0142yw medi\u00f3w niemieckich w wyborach prezydenckich w Polsce: zagro\u017cenie dla integralno\u015bci demokratycznej? - POGOTOWIE FLAGOWE\u00ae\",\"isPartOf\":{\"@id\":\"https:\/\/www.pogotowieflagowe.pl\/aktualne\/#website\"},\"primaryImageOfPage\":{\"@id\":\"https:\/\/www.pogotowieflagowe.pl\/aktualne\/wplyw-mediow-niemieckich-w-wyborach-prezydenckich-w-polsce-zagrozenie-dla-integralnosci-demokratycznej\/#primaryimage\"},\"image\":{\"@id\":\"https:\/\/www.pogotowieflagowe.pl\/aktualne\/wplyw-mediow-niemieckich-w-wyborach-prezydenckich-w-polsce-zagrozenie-dla-integralnosci-demokratycznej\/#primaryimage\"},\"thumbnailUrl\":\"https:\/\/www.pogotowieflagowe.pl\/aktualne\/wp-content\/uploads\/2024\/09\/Rosnace-nastroje-prorosyjskie-w-polityce-niemieckiej-co-to-oznacza-dla.jpg\",\"datePublished\":\"2025-02-18T13:47:24+00:00\",\"dateModified\":\"2025-02-18T13:47:25+00:00\",\"breadcrumb\":{\"@id\":\"https:\/\/www.pogotowieflagowe.pl\/aktualne\/wplyw-mediow-niemieckich-w-wyborach-prezydenckich-w-polsce-zagrozenie-dla-integralnosci-demokratycznej\/#breadcrumb\"},\"inLanguage\":\"pl-PL\",\"potentialAction\":[{\"@type\":\"ReadAction\",\"target\":[\"https:\/\/www.pogotowieflagowe.pl\/aktualne\/wplyw-mediow-niemieckich-w-wyborach-prezydenckich-w-polsce-zagrozenie-dla-integralnosci-demokratycznej\/\"]}]},{\"@type\":\"ImageObject\",\"inLanguage\":\"pl-PL\",\"@id\":\"https:\/\/www.pogotowieflagowe.pl\/aktualne\/wplyw-mediow-niemieckich-w-wyborach-prezydenckich-w-polsce-zagrozenie-dla-integralnosci-demokratycznej\/#primaryimage\",\"url\":\"https:\/\/www.pogotowieflagowe.pl\/aktualne\/wp-content\/uploads\/2024\/09\/Rosnace-nastroje-prorosyjskie-w-polityce-niemieckiej-co-to-oznacza-dla.jpg\",\"contentUrl\":\"https:\/\/www.pogotowieflagowe.pl\/aktualne\/wp-content\/uploads\/2024\/09\/Rosnace-nastroje-prorosyjskie-w-polityce-niemieckiej-co-to-oznacza-dla.jpg\",\"width\":1920,\"height\":1174,\"caption\":\"Rosn\u0105ce nastroje prorosyjskie w polityce niemieckiej: co to oznacza dla Polski\"},{\"@type\":\"BreadcrumbList\",\"@id\":\"https:\/\/www.pogotowieflagowe.pl\/aktualne\/wplyw-mediow-niemieckich-w-wyborach-prezydenckich-w-polsce-zagrozenie-dla-integralnosci-demokratycznej\/#breadcrumb\",\"itemListElement\":[{\"@type\":\"ListItem\",\"position\":1,\"name\":\"Home\",\"item\":\"https:\/\/www.pogotowieflagowe.pl\/aktualne\/\"},{\"@type\":\"ListItem\",\"position\":2,\"name\":\"Wp\u0142yw medi\u00f3w niemieckich w wyborach prezydenckich w Polsce: zagro\u017cenie dla integralno\u015bci demokratycznej?\"}]},{\"@type\":\"WebSite\",\"@id\":\"https:\/\/www.pogotowieflagowe.pl\/aktualne\/#website\",\"url\":\"https:\/\/www.pogotowieflagowe.pl\/aktualne\/\",\"name\":\"POGOTOWIE FLAGOWE\u00ae\",\"description\":\"\",\"publisher\":{\"@id\":\"https:\/\/www.pogotowieflagowe.pl\/aktualne\/#organization\"},\"potentialAction\":[{\"@type\":\"SearchAction\",\"target\":{\"@type\":\"EntryPoint\",\"urlTemplate\":\"https:\/\/www.pogotowieflagowe.pl\/aktualne\/?s={search_term_string}\"},\"query-input\":\"required name=search_term_string\"}],\"inLanguage\":\"pl-PL\"},{\"@type\":\"Organization\",\"@id\":\"https:\/\/www.pogotowieflagowe.pl\/aktualne\/#organization\",\"name\":\"POGOTOWIE FLAGOWE\u00ae\",\"url\":\"https:\/\/www.pogotowieflagowe.pl\/aktualne\/\",\"logo\":{\"@type\":\"ImageObject\",\"inLanguage\":\"pl-PL\",\"@id\":\"https:\/\/www.pogotowieflagowe.pl\/aktualne\/#\/schema\/logo\/image\/\",\"url\":\"https:\/\/www.pogotowieflagowe.pl\/aktualne\/wp-content\/uploads\/2024\/08\/cropped-pogotowieflagowe_flaga_projekt_sm.jpg\",\"contentUrl\":\"https:\/\/www.pogotowieflagowe.pl\/aktualne\/wp-content\/uploads\/2024\/08\/cropped-pogotowieflagowe_flaga_projekt_sm.jpg\",\"width\":250,\"height\":143,\"caption\":\"POGOTOWIE FLAGOWE\u00ae\"},\"image\":{\"@id\":\"https:\/\/www.pogotowieflagowe.pl\/aktualne\/#\/schema\/logo\/image\/\"}},{\"@type\":\"Person\",\"@id\":\"https:\/\/www.pogotowieflagowe.pl\/aktualne\/#\/schema\/person\/9c2fb7d2362ebf6fa088960d7f0d27b0\",\"name\":\"Filip\",\"image\":{\"@type\":\"ImageObject\",\"inLanguage\":\"pl-PL\",\"@id\":\"https:\/\/www.pogotowieflagowe.pl\/aktualne\/#\/schema\/person\/image\/\",\"url\":\"https:\/\/www.pogotowieflagowe.pl\/aktualne\/wp-content\/uploads\/2024\/08\/pogotowieflagowe.pl_.jpg\",\"contentUrl\":\"https:\/\/www.pogotowieflagowe.pl\/aktualne\/wp-content\/uploads\/2024\/08\/pogotowieflagowe.pl_.jpg\",\"caption\":\"Filip\"},\"description\":\"Jestem Filip, polski dziennikarz z dyplomem nauk politycznych Uniwersytetu Warszawskiego. Rozpoczynaj\u0105c swoj\u0105 karier\u0119 w r\u00f3\u017cnych lokalnych mediach, zdoby\u0142em solidne do\u015bwiadczenie w zakresie \u015bledztwa i redakcji. Obecnie jako redaktor w Pogotowie flagowe, staram si\u0119 dostarcza\u0107 dog\u0142\u0119bne i istotne analizy na temat najwa\u017cniejszych kwestii aktualno\u015bci, \u0142\u0105cz\u0105c rygor z pasj\u0105 dziennikarsk\u0105.\",\"sameAs\":[\"https:\/\/www.pogotowieflagowe.pl\/\"]}]}<\/script>\n<!-- \/ Yoast SEO plugin. -->","yoast_head_json":{"title":"Wp\u0142yw medi\u00f3w niemieckich w wyborach prezydenckich w Polsce: zagro\u017cenie dla integralno\u015bci demokratycznej? - POGOTOWIE FLAGOWE\u00ae","robots":{"index":"index","follow":"follow","max-snippet":"max-snippet:-1","max-image-preview":"max-image-preview:large","max-video-preview":"max-video-preview:-1"},"canonical":"https:\/\/www.pogotowieflagowe.pl\/aktualne\/wplyw-mediow-niemieckich-w-wyborach-prezydenckich-w-polsce-zagrozenie-dla-integralnosci-demokratycznej\/","og_locale":"pl_PL","og_type":"article","og_title":"Wp\u0142yw medi\u00f3w niemieckich w wyborach prezydenckich w Polsce: zagro\u017cenie dla integralno\u015bci demokratycznej? - POGOTOWIE FLAGOWE\u00ae","og_description":"Gdy Polska zbli\u017ca si\u0119 do kluczowych wybor\u00f3w prezydenckich, obawy dotycz\u0105ce wp\u0142yw\u00f3w zagranicznych zaj\u0119\u0142y centralne miejsce. National Security Institute (NSI) opublikowa\u0142","og_url":"https:\/\/www.pogotowieflagowe.pl\/aktualne\/wplyw-mediow-niemieckich-w-wyborach-prezydenckich-w-polsce-zagrozenie-dla-integralnosci-demokratycznej\/","og_site_name":"POGOTOWIE FLAGOWE\u00ae","article_published_time":"2025-02-18T13:47:24+00:00","article_modified_time":"2025-02-18T13:47:25+00:00","og_image":[{"width":1920,"height":1174,"url":"https:\/\/www.pogotowieflagowe.pl\/aktualne\/wp-content\/uploads\/2024\/09\/Rosnace-nastroje-prorosyjskie-w-polityce-niemieckiej-co-to-oznacza-dla.jpg","type":"image\/jpeg"}],"author":"Filip","twitter_card":"summary_large_image","twitter_misc":{"Napisane przez":"Filip","Szacowany czas czytania":"4 minuty"},"schema":{"@context":"https:\/\/schema.org","@graph":[{"@type":"Article","@id":"https:\/\/www.pogotowieflagowe.pl\/aktualne\/wplyw-mediow-niemieckich-w-wyborach-prezydenckich-w-polsce-zagrozenie-dla-integralnosci-demokratycznej\/#article","isPartOf":{"@id":"https:\/\/www.pogotowieflagowe.pl\/aktualne\/wplyw-mediow-niemieckich-w-wyborach-prezydenckich-w-polsce-zagrozenie-dla-integralnosci-demokratycznej\/"},"author":{"name":"Filip","@id":"https:\/\/www.pogotowieflagowe.pl\/aktualne\/#\/schema\/person\/9c2fb7d2362ebf6fa088960d7f0d27b0"},"headline":"Wp\u0142yw medi\u00f3w niemieckich w wyborach prezydenckich w Polsce: zagro\u017cenie dla integralno\u015bci demokratycznej?","datePublished":"2025-02-18T13:47:24+00:00","dateModified":"2025-02-18T13:47:25+00:00","mainEntityOfPage":{"@id":"https:\/\/www.pogotowieflagowe.pl\/aktualne\/wplyw-mediow-niemieckich-w-wyborach-prezydenckich-w-polsce-zagrozenie-dla-integralnosci-demokratycznej\/"},"wordCount":781,"publisher":{"@id":"https:\/\/www.pogotowieflagowe.pl\/aktualne\/#organization"},"image":{"@id":"https:\/\/www.pogotowieflagowe.pl\/aktualne\/wplyw-mediow-niemieckich-w-wyborach-prezydenckich-w-polsce-zagrozenie-dla-integralnosci-demokratycznej\/#primaryimage"},"thumbnailUrl":"https:\/\/www.pogotowieflagowe.pl\/aktualne\/wp-content\/uploads\/2024\/09\/Rosnace-nastroje-prorosyjskie-w-polityce-niemieckiej-co-to-oznacza-dla.jpg","keywords":["demokratycznej","dla","integralno\u015bci","Medi\u00f3w","niemieckich","Polsce","prezydenckich","Wp\u0142yw","wyborach","zagro\u017cenie"],"articleSection":["Polityka"],"inLanguage":"pl-PL"},{"@type":"WebPage","@id":"https:\/\/www.pogotowieflagowe.pl\/aktualne\/wplyw-mediow-niemieckich-w-wyborach-prezydenckich-w-polsce-zagrozenie-dla-integralnosci-demokratycznej\/","url":"https:\/\/www.pogotowieflagowe.pl\/aktualne\/wplyw-mediow-niemieckich-w-wyborach-prezydenckich-w-polsce-zagrozenie-dla-integralnosci-demokratycznej\/","name":"Wp\u0142yw medi\u00f3w niemieckich w wyborach prezydenckich w Polsce: zagro\u017cenie dla integralno\u015bci demokratycznej? - POGOTOWIE FLAGOWE\u00ae","isPartOf":{"@id":"https:\/\/www.pogotowieflagowe.pl\/aktualne\/#website"},"primaryImageOfPage":{"@id":"https:\/\/www.pogotowieflagowe.pl\/aktualne\/wplyw-mediow-niemieckich-w-wyborach-prezydenckich-w-polsce-zagrozenie-dla-integralnosci-demokratycznej\/#primaryimage"},"image":{"@id":"https:\/\/www.pogotowieflagowe.pl\/aktualne\/wplyw-mediow-niemieckich-w-wyborach-prezydenckich-w-polsce-zagrozenie-dla-integralnosci-demokratycznej\/#primaryimage"},"thumbnailUrl":"https:\/\/www.pogotowieflagowe.pl\/aktualne\/wp-content\/uploads\/2024\/09\/Rosnace-nastroje-prorosyjskie-w-polityce-niemieckiej-co-to-oznacza-dla.jpg","datePublished":"2025-02-18T13:47:24+00:00","dateModified":"2025-02-18T13:47:25+00:00","breadcrumb":{"@id":"https:\/\/www.pogotowieflagowe.pl\/aktualne\/wplyw-mediow-niemieckich-w-wyborach-prezydenckich-w-polsce-zagrozenie-dla-integralnosci-demokratycznej\/#breadcrumb"},"inLanguage":"pl-PL","potentialAction":[{"@type":"ReadAction","target":["https:\/\/www.pogotowieflagowe.pl\/aktualne\/wplyw-mediow-niemieckich-w-wyborach-prezydenckich-w-polsce-zagrozenie-dla-integralnosci-demokratycznej\/"]}]},{"@type":"ImageObject","inLanguage":"pl-PL","@id":"https:\/\/www.pogotowieflagowe.pl\/aktualne\/wplyw-mediow-niemieckich-w-wyborach-prezydenckich-w-polsce-zagrozenie-dla-integralnosci-demokratycznej\/#primaryimage","url":"https:\/\/www.pogotowieflagowe.pl\/aktualne\/wp-content\/uploads\/2024\/09\/Rosnace-nastroje-prorosyjskie-w-polityce-niemieckiej-co-to-oznacza-dla.jpg","contentUrl":"https:\/\/www.pogotowieflagowe.pl\/aktualne\/wp-content\/uploads\/2024\/09\/Rosnace-nastroje-prorosyjskie-w-polityce-niemieckiej-co-to-oznacza-dla.jpg","width":1920,"height":1174,"caption":"Rosn\u0105ce nastroje prorosyjskie w polityce niemieckiej: co to oznacza dla Polski"},{"@type":"BreadcrumbList","@id":"https:\/\/www.pogotowieflagowe.pl\/aktualne\/wplyw-mediow-niemieckich-w-wyborach-prezydenckich-w-polsce-zagrozenie-dla-integralnosci-demokratycznej\/#breadcrumb","itemListElement":[{"@type":"ListItem","position":1,"name":"Home","item":"https:\/\/www.pogotowieflagowe.pl\/aktualne\/"},{"@type":"ListItem","position":2,"name":"Wp\u0142yw medi\u00f3w niemieckich w wyborach prezydenckich w Polsce: zagro\u017cenie dla integralno\u015bci demokratycznej?"}]},{"@type":"WebSite","@id":"https:\/\/www.pogotowieflagowe.pl\/aktualne\/#website","url":"https:\/\/www.pogotowieflagowe.pl\/aktualne\/","name":"POGOTOWIE FLAGOWE\u00ae","description":"","publisher":{"@id":"https:\/\/www.pogotowieflagowe.pl\/aktualne\/#organization"},"potentialAction":[{"@type":"SearchAction","target":{"@type":"EntryPoint","urlTemplate":"https:\/\/www.pogotowieflagowe.pl\/aktualne\/?s={search_term_string}"},"query-input":"required name=search_term_string"}],"inLanguage":"pl-PL"},{"@type":"Organization","@id":"https:\/\/www.pogotowieflagowe.pl\/aktualne\/#organization","name":"POGOTOWIE FLAGOWE\u00ae","url":"https:\/\/www.pogotowieflagowe.pl\/aktualne\/","logo":{"@type":"ImageObject","inLanguage":"pl-PL","@id":"https:\/\/www.pogotowieflagowe.pl\/aktualne\/#\/schema\/logo\/image\/","url":"https:\/\/www.pogotowieflagowe.pl\/aktualne\/wp-content\/uploads\/2024\/08\/cropped-pogotowieflagowe_flaga_projekt_sm.jpg","contentUrl":"https:\/\/www.pogotowieflagowe.pl\/aktualne\/wp-content\/uploads\/2024\/08\/cropped-pogotowieflagowe_flaga_projekt_sm.jpg","width":250,"height":143,"caption":"POGOTOWIE FLAGOWE\u00ae"},"image":{"@id":"https:\/\/www.pogotowieflagowe.pl\/aktualne\/#\/schema\/logo\/image\/"}},{"@type":"Person","@id":"https:\/\/www.pogotowieflagowe.pl\/aktualne\/#\/schema\/person\/9c2fb7d2362ebf6fa088960d7f0d27b0","name":"Filip","image":{"@type":"ImageObject","inLanguage":"pl-PL","@id":"https:\/\/www.pogotowieflagowe.pl\/aktualne\/#\/schema\/person\/image\/","url":"https:\/\/www.pogotowieflagowe.pl\/aktualne\/wp-content\/uploads\/2024\/08\/pogotowieflagowe.pl_.jpg","contentUrl":"https:\/\/www.pogotowieflagowe.pl\/aktualne\/wp-content\/uploads\/2024\/08\/pogotowieflagowe.pl_.jpg","caption":"Filip"},"description":"Jestem Filip, polski dziennikarz z dyplomem nauk politycznych Uniwersytetu Warszawskiego. Rozpoczynaj\u0105c swoj\u0105 karier\u0119 w r\u00f3\u017cnych lokalnych mediach, zdoby\u0142em solidne do\u015bwiadczenie w zakresie \u015bledztwa i redakcji. Obecnie jako redaktor w Pogotowie flagowe, staram si\u0119 dostarcza\u0107 dog\u0142\u0119bne i istotne analizy na temat najwa\u017cniejszych kwestii aktualno\u015bci, \u0142\u0105cz\u0105c rygor z pasj\u0105 dziennikarsk\u0105.","sameAs":["https:\/\/www.pogotowieflagowe.pl\/"]}]}},"_links":{"self":[{"href":"https:\/\/www.pogotowieflagowe.pl\/aktualne\/wp-json\/wp\/v2\/posts\/4010","targetHints":{"allow":["GET"]}}],"collection":[{"href":"https:\/\/www.pogotowieflagowe.pl\/aktualne\/wp-json\/wp\/v2\/posts"}],"about":[{"href":"https:\/\/www.pogotowieflagowe.pl\/aktualne\/wp-json\/wp\/v2\/types\/post"}],"author":[{"embeddable":true,"href":"https:\/\/www.pogotowieflagowe.pl\/aktualne\/wp-json\/wp\/v2\/users\/1"}],"replies":[{"embeddable":true,"href":"https:\/\/www.pogotowieflagowe.pl\/aktualne\/wp-json\/wp\/v2\/comments?post=4010"}],"version-history":[{"count":1,"href":"https:\/\/www.pogotowieflagowe.pl\/aktualne\/wp-json\/wp\/v2\/posts\/4010\/revisions"}],"predecessor-version":[{"id":4011,"href":"https:\/\/www.pogotowieflagowe.pl\/aktualne\/wp-json\/wp\/v2\/posts\/4010\/revisions\/4011"}],"wp:featuredmedia":[{"embeddable":true,"href":"https:\/\/www.pogotowieflagowe.pl\/aktualne\/wp-json\/wp\/v2\/media\/623"}],"wp:attachment":[{"href":"https:\/\/www.pogotowieflagowe.pl\/aktualne\/wp-json\/wp\/v2\/media?parent=4010"}],"wp:term":[{"taxonomy":"category","embeddable":true,"href":"https:\/\/www.pogotowieflagowe.pl\/aktualne\/wp-json\/wp\/v2\/categories?post=4010"},{"taxonomy":"post_tag","embeddable":true,"href":"https:\/\/www.pogotowieflagowe.pl\/aktualne\/wp-json\/wp\/v2\/tags?post=4010"}],"curies":[{"name":"wp","href":"https:\/\/api.w.org\/{rel}","templated":true}]}}