{"id":4040,"date":"2025-02-19T15:46:59","date_gmt":"2025-02-19T14:46:59","guid":{"rendered":"https:\/\/www.pogotowieflagowe.pl\/aktualne\/pis-oskarza-biuro-premiera-o-wstrzymanie-informacji\/"},"modified":"2025-02-19T15:47:00","modified_gmt":"2025-02-19T14:47:00","slug":"pis-oskarza-biuro-premiera-o-wstrzymanie-informacji","status":"publish","type":"post","link":"https:\/\/www.pogotowieflagowe.pl\/aktualne\/pis-oskarza-biuro-premiera-o-wstrzymanie-informacji\/","title":{"rendered":"PIS oskar\u017ca biuro premiera o wstrzymanie informacji"},"content":{"rendered":"\n<div class=\"td_block_wrap tdb_single_content tdi_41 td-pb-border-top td_block_template_8 td-post-content tagdiv-type\" data-td-block-uid=\"tdi_41\">\n<style>.tdi_41 {margin-top: 0px! Wa\u017cne; margines-bottom: 0px! WA\u017bNY; PALDING-TOP: 0PX! WA\u017bNY; PALDING-BOTTOM: 0PX! WA\u017bNE}<\/style>\n<style>.tdb_single_content {margin-bottom: 0;*zoom: 1} .tdb_single_content: wcze\u015bniej, .tdb_single_content: po {display: Table; content: ''; line-height: 0} .TDB-BLOCK-INner>*: nie (.WP-BLOCK-QUOTE): NOT (.Alignwide): not (.alignfull.wp-block-cover.has-parallax): not (.td-a-ad) {margin-left: auto; margin-right: auto} .tdb_single_content a {wska\u017anik-events: auto} .tdb_single_content .td-spot-top_ad .tdc-pl-plameholder-title: przed {content: \u201eArtyku\u0142 top ad\u201d! Wa\u017cne} .tdb_single_content .td-spot-id-inline_ad0 .tdc-- THE PLACEHENTER TITLE: Wcze\u015bniej {content: \u201eArtyku\u0142 inline AD 1 '! Wa\u017cne} .tdb_single_content .td-spot-id-inline_ad1 .tdc-miejsce-title: przed {content:' Artyku\u0142 inline AD 2 '! Wa\u017cny}. Tytu\u0142: Przed {Content: \u201eArtyku\u0142 Inline AD 3 '! Wa\u017cne} .tdb_single_content .td-Spot-Id-Bottom_Ad .tdc-Placeholder-Title: przed {content: \u201eArtyku\u0142 Bottom Ad\u201d! Wa\u017cne} .tdb_single_content .id_top_ad, .tdb_single_content_content .id_bottom_ad {clear: oba; margin-bottom: 21px; text-align: Center} .tdb_single_content .id_top_ad img, .tdb_single_content .id_bottom_ad img {margin-bottom: 0} .tdb_single_conTent .id_top_ad .adsbyGoogle, .tdb_single_content .id_bottom_ad .adsbyGoogle {pozycja: relatyw} .tdb_single_content .id_ad_content-horiz-left, .tdb_single_content .id_ad_content-horiz-right, .tdb_single_content .id_ad_content-horiz-Center {margin-bottom: 15px} .tdb_single_content .id_ad_content-horiz-left Img, .tdb_single_content .id_ad_content-horiz-right img, .tdb_single_content .id_ad_content-horiz-centerter img {margin-bottom: 0} .tdb_single_content .id_ad_content-horiz-center {text-align: Center} .tdb_single_content .id_ad_content-horiz-center img {margin-right: auto; margin-let: auto} .tdb_single_content .id_ad_content-horiz-left {float: left; margin-top: 9px; margin-right: 21px} .tdb_single_content .id_ad_content-horiz-right {float: right; margin-top: 6px; margin-left: 21px} .tdb_single_content .tdc-a-ad .TDC-Placeholder-Title {szeroko\u015b\u0107: 300px; height: 250px} .tdb_single_content .tdc-a-ad .TDC-Placeholder-Title: Przed {Pozycja: Absolute; TOP: 50%;-WebKit-Transform: Translatey (-50%); Transform: Translatey (-50%); margines: auto; wy\u015bwietlacz: Tabela; szeroko\u015b\u0107: 100 %}. tdb_single_content .TDB-BLOCK-INNER.TD-FIX-INDEX {Word-Break: Break-word} .tdi_41, .tdi_41> p, .tdi_41 .tdb-block-inner> p, .wp-block-column> p {font -Size: 16px! Wa\u017cne; wysoko\u015b\u0107 linii: 1.6! Wa\u017cne} .tdi_41 .tdb-block-inner Blockquote P {font-styl: normalne! Wa\u017cne} @media (Max-Width: 767px) {. tdb_single_content .id_ad_content-horiz-left, .tdb_single_content .id_ad_content-horiz-right, .tdb_single_content .id_ad_content-horiz-center {Margin: 0 Auto 26px auto}}@media (Max-Width: 767px) {. tdb_single_content .id_ad_content-horiz-left {margin-right: 0}}@media (max-width: 767px) {. po lewej: 0}}@media (Max-Width: 767px) {. tdb_single_content .td-a-ad {float: none; text-align: Center} .tdb_single_content .td-a-ad img {margin-right: auto; margin-left: auto}. tdb_single_content .tdc-a-ad {float: none}}<\/style>\n<div class=\"tdb-block-inner td-fix-index\">\n<p><strong>Polscy pos\u0142owie Bartosz Kowacki i Jaroz\u0142aw Krajewski z Partii Prawa Opozycyjnego i Sprawiedliwo\u015bci (PIS) oskar\u017cyli Biuro Premiera (KPRM) o wstrzymanie informacji. Twierdz\u0105, \u017ce przez ponad 70 dni ich oficjalne zapytania dotycz\u0105ce dzia\u0142alno\u015bci biura, w tym harmonogram premiera Donalda Tuska i korzystanie z transportu specjalnego, pozosta\u0142y bez odpowiedzi.<\/strong><\/p>\n<h2 class=\"wp-block-heading\">Brak reakcji Sparks kontrowersje<\/h2>\n<p>Pos\u0142owie stwierdzili, \u017ce podczas inspekcji parlamentarnej w KPRM 11 grudnia 2024 r. Urz\u0119dnicy nie byli w stanie lub nie chcieli udzieli\u0107 odpowiedzi. Wed\u0142ug Kowacki kierownictwo biura by\u0142o nieobecne, a pracownicy wydawali si\u0119 niespokojni z powodu ich obecno\u015bci. Po wizycie z\u0142o\u017cyli formalny wniosek o informacje, ale jeszcze nie otrzymali odpowiedzi.<\/p>\n<p>Aby eskalowa\u0107 t\u0119 spraw\u0119, Kowacki i Krajewski zg\u0142osili problem z m\u00f3wc\u0105 parlamentu Szymonem Ha\u0142ownia, kt\u00f3ry wed\u0142ug nich skierowa\u0142 szefa KPRM Jan Grabiec o ujawnienie \u017c\u0105danych szczeg\u00f3\u0142\u00f3w. Mimo to nie podj\u0119to \u017cadnych dalszych dzia\u0142a\u0144, co sk\u0142oni\u0142o pos\u0142\u00f3w do \u017c\u0105dania natychmiastowych odpowiedzi zar\u00f3wno z Tusk, jak i Grabiec.<\/p>\n<figure class=\"wp-block-embed is-type-rich is-provider-twitter wp-block-embed-twitter\">\n<div class=\"wp-block-embed__wrapper\">\n<blockquote class=\"twitter-tweet\" data-width=\"550\" data-dnt=\"true\">\n<p lang=\"pl\" dir=\"ltr\">\ud83d\udcac PMSLE Pis <a rel=\"nofollow\" href=\"https:\/\/twitter.com\/KrajewskiJarek?ref_src=twsrc%5Etfw\">@Krajewskijarek<\/a>: OD 70 DNI D. TUSK UCIEKA PZED UGIELELIEM Informacji Polakom, na co poncznaczane s\u0105 \u015brodki publiczne. Zadali\u015bmy 10 Pyta\u0144ski Odno\u015bnie m. in. UJawniennia Umwis US\u0141UG PRAWNOK, PR CZY DORADZYczych. Do Bya\u0142dy Bardzo Istotne Pytania, Kture MIALY ODPOWIEGIEM, Jak\u2026 <a rel=\"nofollow\" href=\"https:\/\/t.co\/pBXVEDdwXd\">pic.twitter.com\/pbxveddwxd<\/a><\/p>\n<p>&#8211; Prrawo I roztrawiedliwo\u015bu (@Pisorgpl) <a rel=\"nofollow\" href=\"https:\/\/twitter.com\/pisorgpl\/status\/1892152693537349862?ref_src=twsrc%5Etfw\">19 lutego 2025 r<\/a><\/p><\/blockquote>\n<\/div>\n<\/figure>\n<p>Krajewski publicznie zapyta\u0142, dlaczego biuro premiera niech\u0119tnie udost\u0119pnia wymagane informacje. \u201eCzego boi si\u0119 Donald Tusk? Co si\u0119 ukrywa minister Grabiec? \u201d &#8211; zapyta\u0142, podkre\u015blaj\u0105c \u017c\u0105danie PIS na przejrzysto\u015b\u0107 w operacjach rz\u0105dowych.<\/p>\n<\/div>\n<\/div>\n<p><script async src=\"https:\/\/platform.twitter.com\/widgets.js\" charset=\"utf-8\"><\/script><\/p>\n","protected":false},"excerpt":{"rendered":"<p>Polscy pos\u0142owie Bartosz Kowacki i Jaroz\u0142aw Krajewski z Partii Prawa Opozycyjnego i Sprawiedliwo\u015bci (PIS) oskar\u017cyli Biuro Premiera (KPRM) o wstrzymanie<\/p>\n","protected":false},"author":1,"featured_media":4041,"comment_status":"closed","ping_status":"","sticky":false,"template":"","format":"standard","meta":{"footnotes":""},"categories":[4748],"tags":[5639,5640,50,166,1380,2360],"class_list":["post-4040","post","type-post","status-publish","format-standard","has-post-thumbnail","hentry","category-aktualne","tag-biuro","tag-informacji","tag-oskarza","tag-pis","tag-premiera","tag-wstrzymanie","generate-columns","tablet-grid-50","mobile-grid-100","grid-parent","grid-50","resize-featured-image"],"yoast_head":"<!-- This site is optimized with the Yoast SEO plugin v23.2 - https:\/\/yoast.com\/wordpress\/plugins\/seo\/ -->\n<title>PIS oskar\u017ca biuro premiera o wstrzymanie informacji - POGOTOWIE FLAGOWE\u00ae<\/title>\n<meta name=\"robots\" content=\"index, follow, max-snippet:-1, max-image-preview:large, max-video-preview:-1\" \/>\n<link rel=\"canonical\" href=\"https:\/\/www.pogotowieflagowe.pl\/aktualne\/pis-oskarza-biuro-premiera-o-wstrzymanie-informacji\/\" \/>\n<meta property=\"og:locale\" content=\"pl_PL\" \/>\n<meta property=\"og:type\" content=\"article\" \/>\n<meta property=\"og:title\" content=\"PIS oskar\u017ca biuro premiera o wstrzymanie informacji - POGOTOWIE FLAGOWE\u00ae\" \/>\n<meta property=\"og:description\" content=\"Polscy pos\u0142owie Bartosz Kowacki i Jaroz\u0142aw Krajewski z Partii Prawa Opozycyjnego i Sprawiedliwo\u015bci (PIS) oskar\u017cyli Biuro Premiera (KPRM) o wstrzymanie\" \/>\n<meta property=\"og:url\" content=\"https:\/\/www.pogotowieflagowe.pl\/aktualne\/pis-oskarza-biuro-premiera-o-wstrzymanie-informacji\/\" \/>\n<meta property=\"og:site_name\" content=\"POGOTOWIE FLAGOWE\u00ae\" \/>\n<meta property=\"article:published_time\" content=\"2025-02-19T14:46:59+00:00\" \/>\n<meta property=\"article:modified_time\" content=\"2025-02-19T14:47:00+00:00\" \/>\n<meta property=\"og:image\" content=\"https:\/\/www.pogotowieflagowe.pl\/aktualne\/wp-content\/uploads\/2025\/02\/PIS-oskarza-biuro-premiera-o-wstrzymanie-informacji.jpg\" \/>\n\t<meta property=\"og:image:width\" content=\"1280\" \/>\n\t<meta property=\"og:image:height\" content=\"720\" \/>\n\t<meta property=\"og:image:type\" content=\"image\/jpeg\" \/>\n<meta name=\"author\" content=\"Filip\" \/>\n<meta name=\"twitter:card\" content=\"summary_large_image\" \/>\n<meta name=\"twitter:label1\" content=\"Napisane przez\" \/>\n\t<meta name=\"twitter:data1\" content=\"Filip\" \/>\n\t<meta name=\"twitter:label2\" content=\"Szacowany czas czytania\" \/>\n\t<meta name=\"twitter:data2\" content=\"1 minuta\" \/>\n<script type=\"application\/ld+json\" class=\"yoast-schema-graph\">{\"@context\":\"https:\/\/schema.org\",\"@graph\":[{\"@type\":\"Article\",\"@id\":\"https:\/\/www.pogotowieflagowe.pl\/aktualne\/pis-oskarza-biuro-premiera-o-wstrzymanie-informacji\/#article\",\"isPartOf\":{\"@id\":\"https:\/\/www.pogotowieflagowe.pl\/aktualne\/pis-oskarza-biuro-premiera-o-wstrzymanie-informacji\/\"},\"author\":{\"name\":\"Filip\",\"@id\":\"https:\/\/www.pogotowieflagowe.pl\/aktualne\/#\/schema\/person\/9c2fb7d2362ebf6fa088960d7f0d27b0\"},\"headline\":\"PIS oskar\u017ca biuro premiera o wstrzymanie informacji\",\"datePublished\":\"2025-02-19T14:46:59+00:00\",\"dateModified\":\"2025-02-19T14:47:00+00:00\",\"mainEntityOfPage\":{\"@id\":\"https:\/\/www.pogotowieflagowe.pl\/aktualne\/pis-oskarza-biuro-premiera-o-wstrzymanie-informacji\/\"},\"wordCount\":269,\"publisher\":{\"@id\":\"https:\/\/www.pogotowieflagowe.pl\/aktualne\/#organization\"},\"image\":{\"@id\":\"https:\/\/www.pogotowieflagowe.pl\/aktualne\/pis-oskarza-biuro-premiera-o-wstrzymanie-informacji\/#primaryimage\"},\"thumbnailUrl\":\"https:\/\/www.pogotowieflagowe.pl\/aktualne\/wp-content\/uploads\/2025\/02\/PIS-oskarza-biuro-premiera-o-wstrzymanie-informacji.jpg\",\"keywords\":[\"biuro\",\"informacji\",\"oskar\u017ca\",\"PiS\",\"premiera\",\"Wstrzymanie\"],\"articleSection\":[\"Aktualne\"],\"inLanguage\":\"pl-PL\"},{\"@type\":\"WebPage\",\"@id\":\"https:\/\/www.pogotowieflagowe.pl\/aktualne\/pis-oskarza-biuro-premiera-o-wstrzymanie-informacji\/\",\"url\":\"https:\/\/www.pogotowieflagowe.pl\/aktualne\/pis-oskarza-biuro-premiera-o-wstrzymanie-informacji\/\",\"name\":\"PIS oskar\u017ca biuro premiera o wstrzymanie informacji - POGOTOWIE FLAGOWE\u00ae\",\"isPartOf\":{\"@id\":\"https:\/\/www.pogotowieflagowe.pl\/aktualne\/#website\"},\"primaryImageOfPage\":{\"@id\":\"https:\/\/www.pogotowieflagowe.pl\/aktualne\/pis-oskarza-biuro-premiera-o-wstrzymanie-informacji\/#primaryimage\"},\"image\":{\"@id\":\"https:\/\/www.pogotowieflagowe.pl\/aktualne\/pis-oskarza-biuro-premiera-o-wstrzymanie-informacji\/#primaryimage\"},\"thumbnailUrl\":\"https:\/\/www.pogotowieflagowe.pl\/aktualne\/wp-content\/uploads\/2025\/02\/PIS-oskarza-biuro-premiera-o-wstrzymanie-informacji.jpg\",\"datePublished\":\"2025-02-19T14:46:59+00:00\",\"dateModified\":\"2025-02-19T14:47:00+00:00\",\"breadcrumb\":{\"@id\":\"https:\/\/www.pogotowieflagowe.pl\/aktualne\/pis-oskarza-biuro-premiera-o-wstrzymanie-informacji\/#breadcrumb\"},\"inLanguage\":\"pl-PL\",\"potentialAction\":[{\"@type\":\"ReadAction\",\"target\":[\"https:\/\/www.pogotowieflagowe.pl\/aktualne\/pis-oskarza-biuro-premiera-o-wstrzymanie-informacji\/\"]}]},{\"@type\":\"ImageObject\",\"inLanguage\":\"pl-PL\",\"@id\":\"https:\/\/www.pogotowieflagowe.pl\/aktualne\/pis-oskarza-biuro-premiera-o-wstrzymanie-informacji\/#primaryimage\",\"url\":\"https:\/\/www.pogotowieflagowe.pl\/aktualne\/wp-content\/uploads\/2025\/02\/PIS-oskarza-biuro-premiera-o-wstrzymanie-informacji.jpg\",\"contentUrl\":\"https:\/\/www.pogotowieflagowe.pl\/aktualne\/wp-content\/uploads\/2025\/02\/PIS-oskarza-biuro-premiera-o-wstrzymanie-informacji.jpg\",\"width\":1280,\"height\":720,\"caption\":\"PIS oskar\u017ca biuro premiera o wstrzymanie informacji\"},{\"@type\":\"BreadcrumbList\",\"@id\":\"https:\/\/www.pogotowieflagowe.pl\/aktualne\/pis-oskarza-biuro-premiera-o-wstrzymanie-informacji\/#breadcrumb\",\"itemListElement\":[{\"@type\":\"ListItem\",\"position\":1,\"name\":\"Home\",\"item\":\"https:\/\/www.pogotowieflagowe.pl\/aktualne\/\"},{\"@type\":\"ListItem\",\"position\":2,\"name\":\"PIS oskar\u017ca biuro premiera o wstrzymanie informacji\"}]},{\"@type\":\"WebSite\",\"@id\":\"https:\/\/www.pogotowieflagowe.pl\/aktualne\/#website\",\"url\":\"https:\/\/www.pogotowieflagowe.pl\/aktualne\/\",\"name\":\"POGOTOWIE FLAGOWE\u00ae\",\"description\":\"\",\"publisher\":{\"@id\":\"https:\/\/www.pogotowieflagowe.pl\/aktualne\/#organization\"},\"potentialAction\":[{\"@type\":\"SearchAction\",\"target\":{\"@type\":\"EntryPoint\",\"urlTemplate\":\"https:\/\/www.pogotowieflagowe.pl\/aktualne\/?s={search_term_string}\"},\"query-input\":\"required name=search_term_string\"}],\"inLanguage\":\"pl-PL\"},{\"@type\":\"Organization\",\"@id\":\"https:\/\/www.pogotowieflagowe.pl\/aktualne\/#organization\",\"name\":\"POGOTOWIE FLAGOWE\u00ae\",\"url\":\"https:\/\/www.pogotowieflagowe.pl\/aktualne\/\",\"logo\":{\"@type\":\"ImageObject\",\"inLanguage\":\"pl-PL\",\"@id\":\"https:\/\/www.pogotowieflagowe.pl\/aktualne\/#\/schema\/logo\/image\/\",\"url\":\"https:\/\/www.pogotowieflagowe.pl\/aktualne\/wp-content\/uploads\/2024\/08\/cropped-pogotowieflagowe_flaga_projekt_sm.jpg\",\"contentUrl\":\"https:\/\/www.pogotowieflagowe.pl\/aktualne\/wp-content\/uploads\/2024\/08\/cropped-pogotowieflagowe_flaga_projekt_sm.jpg\",\"width\":250,\"height\":143,\"caption\":\"POGOTOWIE FLAGOWE\u00ae\"},\"image\":{\"@id\":\"https:\/\/www.pogotowieflagowe.pl\/aktualne\/#\/schema\/logo\/image\/\"}},{\"@type\":\"Person\",\"@id\":\"https:\/\/www.pogotowieflagowe.pl\/aktualne\/#\/schema\/person\/9c2fb7d2362ebf6fa088960d7f0d27b0\",\"name\":\"Filip\",\"image\":{\"@type\":\"ImageObject\",\"inLanguage\":\"pl-PL\",\"@id\":\"https:\/\/www.pogotowieflagowe.pl\/aktualne\/#\/schema\/person\/image\/\",\"url\":\"https:\/\/www.pogotowieflagowe.pl\/aktualne\/wp-content\/uploads\/2024\/08\/pogotowieflagowe.pl_.jpg\",\"contentUrl\":\"https:\/\/www.pogotowieflagowe.pl\/aktualne\/wp-content\/uploads\/2024\/08\/pogotowieflagowe.pl_.jpg\",\"caption\":\"Filip\"},\"description\":\"Jestem Filip, polski dziennikarz z dyplomem nauk politycznych Uniwersytetu Warszawskiego. Rozpoczynaj\u0105c swoj\u0105 karier\u0119 w r\u00f3\u017cnych lokalnych mediach, zdoby\u0142em solidne do\u015bwiadczenie w zakresie \u015bledztwa i redakcji. Obecnie jako redaktor w Pogotowie flagowe, staram si\u0119 dostarcza\u0107 dog\u0142\u0119bne i istotne analizy na temat najwa\u017cniejszych kwestii aktualno\u015bci, \u0142\u0105cz\u0105c rygor z pasj\u0105 dziennikarsk\u0105.\",\"sameAs\":[\"https:\/\/www.pogotowieflagowe.pl\/\"]}]}<\/script>\n<!-- \/ Yoast SEO plugin. -->","yoast_head_json":{"title":"PIS oskar\u017ca biuro premiera o wstrzymanie informacji - POGOTOWIE FLAGOWE\u00ae","robots":{"index":"index","follow":"follow","max-snippet":"max-snippet:-1","max-image-preview":"max-image-preview:large","max-video-preview":"max-video-preview:-1"},"canonical":"https:\/\/www.pogotowieflagowe.pl\/aktualne\/pis-oskarza-biuro-premiera-o-wstrzymanie-informacji\/","og_locale":"pl_PL","og_type":"article","og_title":"PIS oskar\u017ca biuro premiera o wstrzymanie informacji - POGOTOWIE FLAGOWE\u00ae","og_description":"Polscy pos\u0142owie Bartosz Kowacki i Jaroz\u0142aw Krajewski z Partii Prawa Opozycyjnego i Sprawiedliwo\u015bci (PIS) oskar\u017cyli Biuro Premiera (KPRM) o wstrzymanie","og_url":"https:\/\/www.pogotowieflagowe.pl\/aktualne\/pis-oskarza-biuro-premiera-o-wstrzymanie-informacji\/","og_site_name":"POGOTOWIE FLAGOWE\u00ae","article_published_time":"2025-02-19T14:46:59+00:00","article_modified_time":"2025-02-19T14:47:00+00:00","og_image":[{"width":1280,"height":720,"url":"https:\/\/www.pogotowieflagowe.pl\/aktualne\/wp-content\/uploads\/2025\/02\/PIS-oskarza-biuro-premiera-o-wstrzymanie-informacji.jpg","type":"image\/jpeg"}],"author":"Filip","twitter_card":"summary_large_image","twitter_misc":{"Napisane przez":"Filip","Szacowany czas czytania":"1 minuta"},"schema":{"@context":"https:\/\/schema.org","@graph":[{"@type":"Article","@id":"https:\/\/www.pogotowieflagowe.pl\/aktualne\/pis-oskarza-biuro-premiera-o-wstrzymanie-informacji\/#article","isPartOf":{"@id":"https:\/\/www.pogotowieflagowe.pl\/aktualne\/pis-oskarza-biuro-premiera-o-wstrzymanie-informacji\/"},"author":{"name":"Filip","@id":"https:\/\/www.pogotowieflagowe.pl\/aktualne\/#\/schema\/person\/9c2fb7d2362ebf6fa088960d7f0d27b0"},"headline":"PIS oskar\u017ca biuro premiera o wstrzymanie informacji","datePublished":"2025-02-19T14:46:59+00:00","dateModified":"2025-02-19T14:47:00+00:00","mainEntityOfPage":{"@id":"https:\/\/www.pogotowieflagowe.pl\/aktualne\/pis-oskarza-biuro-premiera-o-wstrzymanie-informacji\/"},"wordCount":269,"publisher":{"@id":"https:\/\/www.pogotowieflagowe.pl\/aktualne\/#organization"},"image":{"@id":"https:\/\/www.pogotowieflagowe.pl\/aktualne\/pis-oskarza-biuro-premiera-o-wstrzymanie-informacji\/#primaryimage"},"thumbnailUrl":"https:\/\/www.pogotowieflagowe.pl\/aktualne\/wp-content\/uploads\/2025\/02\/PIS-oskarza-biuro-premiera-o-wstrzymanie-informacji.jpg","keywords":["biuro","informacji","oskar\u017ca","PiS","premiera","Wstrzymanie"],"articleSection":["Aktualne"],"inLanguage":"pl-PL"},{"@type":"WebPage","@id":"https:\/\/www.pogotowieflagowe.pl\/aktualne\/pis-oskarza-biuro-premiera-o-wstrzymanie-informacji\/","url":"https:\/\/www.pogotowieflagowe.pl\/aktualne\/pis-oskarza-biuro-premiera-o-wstrzymanie-informacji\/","name":"PIS oskar\u017ca biuro premiera o wstrzymanie informacji - POGOTOWIE FLAGOWE\u00ae","isPartOf":{"@id":"https:\/\/www.pogotowieflagowe.pl\/aktualne\/#website"},"primaryImageOfPage":{"@id":"https:\/\/www.pogotowieflagowe.pl\/aktualne\/pis-oskarza-biuro-premiera-o-wstrzymanie-informacji\/#primaryimage"},"image":{"@id":"https:\/\/www.pogotowieflagowe.pl\/aktualne\/pis-oskarza-biuro-premiera-o-wstrzymanie-informacji\/#primaryimage"},"thumbnailUrl":"https:\/\/www.pogotowieflagowe.pl\/aktualne\/wp-content\/uploads\/2025\/02\/PIS-oskarza-biuro-premiera-o-wstrzymanie-informacji.jpg","datePublished":"2025-02-19T14:46:59+00:00","dateModified":"2025-02-19T14:47:00+00:00","breadcrumb":{"@id":"https:\/\/www.pogotowieflagowe.pl\/aktualne\/pis-oskarza-biuro-premiera-o-wstrzymanie-informacji\/#breadcrumb"},"inLanguage":"pl-PL","potentialAction":[{"@type":"ReadAction","target":["https:\/\/www.pogotowieflagowe.pl\/aktualne\/pis-oskarza-biuro-premiera-o-wstrzymanie-informacji\/"]}]},{"@type":"ImageObject","inLanguage":"pl-PL","@id":"https:\/\/www.pogotowieflagowe.pl\/aktualne\/pis-oskarza-biuro-premiera-o-wstrzymanie-informacji\/#primaryimage","url":"https:\/\/www.pogotowieflagowe.pl\/aktualne\/wp-content\/uploads\/2025\/02\/PIS-oskarza-biuro-premiera-o-wstrzymanie-informacji.jpg","contentUrl":"https:\/\/www.pogotowieflagowe.pl\/aktualne\/wp-content\/uploads\/2025\/02\/PIS-oskarza-biuro-premiera-o-wstrzymanie-informacji.jpg","width":1280,"height":720,"caption":"PIS oskar\u017ca biuro premiera o wstrzymanie informacji"},{"@type":"BreadcrumbList","@id":"https:\/\/www.pogotowieflagowe.pl\/aktualne\/pis-oskarza-biuro-premiera-o-wstrzymanie-informacji\/#breadcrumb","itemListElement":[{"@type":"ListItem","position":1,"name":"Home","item":"https:\/\/www.pogotowieflagowe.pl\/aktualne\/"},{"@type":"ListItem","position":2,"name":"PIS oskar\u017ca biuro premiera o wstrzymanie informacji"}]},{"@type":"WebSite","@id":"https:\/\/www.pogotowieflagowe.pl\/aktualne\/#website","url":"https:\/\/www.pogotowieflagowe.pl\/aktualne\/","name":"POGOTOWIE FLAGOWE\u00ae","description":"","publisher":{"@id":"https:\/\/www.pogotowieflagowe.pl\/aktualne\/#organization"},"potentialAction":[{"@type":"SearchAction","target":{"@type":"EntryPoint","urlTemplate":"https:\/\/www.pogotowieflagowe.pl\/aktualne\/?s={search_term_string}"},"query-input":"required name=search_term_string"}],"inLanguage":"pl-PL"},{"@type":"Organization","@id":"https:\/\/www.pogotowieflagowe.pl\/aktualne\/#organization","name":"POGOTOWIE FLAGOWE\u00ae","url":"https:\/\/www.pogotowieflagowe.pl\/aktualne\/","logo":{"@type":"ImageObject","inLanguage":"pl-PL","@id":"https:\/\/www.pogotowieflagowe.pl\/aktualne\/#\/schema\/logo\/image\/","url":"https:\/\/www.pogotowieflagowe.pl\/aktualne\/wp-content\/uploads\/2024\/08\/cropped-pogotowieflagowe_flaga_projekt_sm.jpg","contentUrl":"https:\/\/www.pogotowieflagowe.pl\/aktualne\/wp-content\/uploads\/2024\/08\/cropped-pogotowieflagowe_flaga_projekt_sm.jpg","width":250,"height":143,"caption":"POGOTOWIE FLAGOWE\u00ae"},"image":{"@id":"https:\/\/www.pogotowieflagowe.pl\/aktualne\/#\/schema\/logo\/image\/"}},{"@type":"Person","@id":"https:\/\/www.pogotowieflagowe.pl\/aktualne\/#\/schema\/person\/9c2fb7d2362ebf6fa088960d7f0d27b0","name":"Filip","image":{"@type":"ImageObject","inLanguage":"pl-PL","@id":"https:\/\/www.pogotowieflagowe.pl\/aktualne\/#\/schema\/person\/image\/","url":"https:\/\/www.pogotowieflagowe.pl\/aktualne\/wp-content\/uploads\/2024\/08\/pogotowieflagowe.pl_.jpg","contentUrl":"https:\/\/www.pogotowieflagowe.pl\/aktualne\/wp-content\/uploads\/2024\/08\/pogotowieflagowe.pl_.jpg","caption":"Filip"},"description":"Jestem Filip, polski dziennikarz z dyplomem nauk politycznych Uniwersytetu Warszawskiego. Rozpoczynaj\u0105c swoj\u0105 karier\u0119 w r\u00f3\u017cnych lokalnych mediach, zdoby\u0142em solidne do\u015bwiadczenie w zakresie \u015bledztwa i redakcji. Obecnie jako redaktor w Pogotowie flagowe, staram si\u0119 dostarcza\u0107 dog\u0142\u0119bne i istotne analizy na temat najwa\u017cniejszych kwestii aktualno\u015bci, \u0142\u0105cz\u0105c rygor z pasj\u0105 dziennikarsk\u0105.","sameAs":["https:\/\/www.pogotowieflagowe.pl\/"]}]}},"_links":{"self":[{"href":"https:\/\/www.pogotowieflagowe.pl\/aktualne\/wp-json\/wp\/v2\/posts\/4040","targetHints":{"allow":["GET"]}}],"collection":[{"href":"https:\/\/www.pogotowieflagowe.pl\/aktualne\/wp-json\/wp\/v2\/posts"}],"about":[{"href":"https:\/\/www.pogotowieflagowe.pl\/aktualne\/wp-json\/wp\/v2\/types\/post"}],"author":[{"embeddable":true,"href":"https:\/\/www.pogotowieflagowe.pl\/aktualne\/wp-json\/wp\/v2\/users\/1"}],"replies":[{"embeddable":true,"href":"https:\/\/www.pogotowieflagowe.pl\/aktualne\/wp-json\/wp\/v2\/comments?post=4040"}],"version-history":[{"count":1,"href":"https:\/\/www.pogotowieflagowe.pl\/aktualne\/wp-json\/wp\/v2\/posts\/4040\/revisions"}],"predecessor-version":[{"id":4042,"href":"https:\/\/www.pogotowieflagowe.pl\/aktualne\/wp-json\/wp\/v2\/posts\/4040\/revisions\/4042"}],"wp:featuredmedia":[{"embeddable":true,"href":"https:\/\/www.pogotowieflagowe.pl\/aktualne\/wp-json\/wp\/v2\/media\/4041"}],"wp:attachment":[{"href":"https:\/\/www.pogotowieflagowe.pl\/aktualne\/wp-json\/wp\/v2\/media?parent=4040"}],"wp:term":[{"taxonomy":"category","embeddable":true,"href":"https:\/\/www.pogotowieflagowe.pl\/aktualne\/wp-json\/wp\/v2\/categories?post=4040"},{"taxonomy":"post_tag","embeddable":true,"href":"https:\/\/www.pogotowieflagowe.pl\/aktualne\/wp-json\/wp\/v2\/tags?post=4040"}],"curies":[{"name":"wp","href":"https:\/\/api.w.org\/{rel}","templated":true}]}}