{"id":4049,"date":"2025-02-19T21:47:42","date_gmt":"2025-02-19T20:47:42","guid":{"rendered":"https:\/\/www.pogotowieflagowe.pl\/aktualne\/polska-agencja-kosmiczna-ostrzegla-przed-rakieta-falcon-9-minister-obrony-niedoinformowany\/"},"modified":"2025-02-19T21:47:43","modified_gmt":"2025-02-19T20:47:43","slug":"polska-agencja-kosmiczna-ostrzegla-przed-rakieta-falcon-9-minister-obrony-niedoinformowany","status":"publish","type":"post","link":"https:\/\/www.pogotowieflagowe.pl\/aktualne\/polska-agencja-kosmiczna-ostrzegla-przed-rakieta-falcon-9-minister-obrony-niedoinformowany\/","title":{"rendered":"Polska Agencja Kosmiczna ostrzeg\u0142a przed rakiet\u0105 Falcon 9 &#8211; minister obrony niedoinformowany"},"content":{"rendered":"\n<div class=\"td_block_wrap tdb_single_content tdi_41 td-pb-border-top td_block_template_8 td-post-content tagdiv-type\" data-td-block-uid=\"tdi_41\">\n<style>.tdi_41 {margin-top: 0px! Wa\u017cne; margines-bottom: 0px! WA\u017bNY; PALDING-TOP: 0PX! WA\u017bNY; PALDING-BOTTOM: 0PX! WA\u017bNE}<\/style>\n<style>.tdb_single_content {margin-bottom: 0;*zoom: 1} .tdb_single_content: wcze\u015bniej, .tdb_single_content: po {display: Table; content: ''; line-height: 0} .TDB-BLOCK-INner>*: nie (.WP-BLOCK-QUOTE): NOT (.Alignwide): not (.alignfull.wp-block-cover.has-parallax): not (.td-a-ad) {margin-left: auto; margin-right: auto} .tdb_single_content a {wska\u017anik-events: auto} .tdb_single_content .td-spot-top_ad .tdc-pl-plameholder-title: przed {content: \u201eArtyku\u0142 top ad\u201d! Wa\u017cne} .tdb_single_content .td-spot-id-inline_ad0 .tdc-- THE PLACEHENTER TITLE: Wcze\u015bniej {content: \u201eArtyku\u0142 inline AD 1 '! Wa\u017cne} .tdb_single_content .td-spot-id-inline_ad1 .tdc-miejsce-title: przed {content:' Artyku\u0142 inline AD 2 '! Wa\u017cny}. Tytu\u0142: Przed {Content: \u201eArtyku\u0142 Inline AD 3 '! Wa\u017cne} .tdb_single_content .td-Spot-Id-Bottom_Ad .tdc-Placeholder-Title: przed {content: \u201eArtyku\u0142 Bottom Ad\u201d! Wa\u017cne} .tdb_single_content .id_top_ad, .tdb_single_content_content .id_bottom_ad {clear: oba; margin-bottom: 21px; text-align: Center} .tdb_single_content .id_top_ad img, .tdb_single_content .id_bottom_ad img {margin-bottom: 0} .tdb_single_conTent .id_top_ad .adsbyGoogle, .tdb_single_content .id_bottom_ad .adsbyGoogle {pozycja: relatyw} .tdb_single_content .id_ad_content-horiz-left, .tdb_single_content .id_ad_content-horiz-right, .tdb_single_content .id_ad_content-horiz-Center {margin-bottom: 15px} .tdb_single_content .id_ad_content-horiz-left Img, .tdb_single_content .id_ad_content-horiz-right img, .tdb_single_content .id_ad_content-horiz-centerter img {margin-bottom: 0} .tdb_single_content .id_ad_content-horiz-center {text-align: Center} .tdb_single_content .id_ad_content-horiz-center img {margin-right: auto; margin-let: auto} .tdb_single_content .id_ad_content-horiz-left {float: left; margin-top: 9px; margin-right: 21px} .tdb_single_content .id_ad_content-horiz-right {float: right; margin-top: 6px; margin-left: 21px} .tdb_single_content .tdc-a-ad .TDC-Placeholder-Title {szeroko\u015b\u0107: 300px; height: 250px} .tdb_single_content .tdc-a-ad .TDC-Placeholder-Title: Przed {Pozycja: Absolute; TOP: 50%;-WebKit-Transform: Translatey (-50%); Transform: Translatey (-50%); margines: auto; wy\u015bwietlacz: Tabela; szeroko\u015b\u0107: 100 %}. tdb_single_content .TDB-BLOCK-INNER.TD-FIX-INDEX {Word-Break: Break-word} .tdi_41, .tdi_41> p, .tdi_41 .tdb-block-inner> p, .wp-block-column> p {font -Size: 16px! Wa\u017cne; wysoko\u015b\u0107 linii: 1.6! Wa\u017cne} .tdi_41 .tdb-block-inner Blockquote P {font-styl: normalne! Wa\u017cne} @media (Max-Width: 767px) {. tdb_single_content .id_ad_content-horiz-left, .tdb_single_content .id_ad_content-horiz-right, .tdb_single_content .id_ad_content-horiz-center {Margin: 0 Auto 26px auto}}@media (Max-Width: 767px) {. tdb_single_content .id_ad_content-horiz-left {margin-right: 0}}@media (max-width: 767px) {. po lewej: 0}}@media (Max-Width: 767px) {. tdb_single_content .td-a-ad {float: none; text-align: Center} .tdb_single_content .td-a-ad img {margin-right: auto; margin-left: auto}. tdb_single_content .tdc-a-ad {float: none}}<\/style>\n<div class=\"tdb-block-inner td-fix-index\">\n<p>Polska agencja kosmiczna (Polsa) \u015bledzi\u0142a trajektori\u0119 gruzu z Falcon 9 Rocket Booster i przekaza\u0142a informacje odpowiednim ministerstwom i us\u0142ugom, wed\u0142ug rzecznika Polsy Agnieszki Gapys w o\u015bwiadczeniu dla Niezale\u017cna.pl. Jednak minister obrony narodowej W\u0142adys\u0142aw Kosiniak-Kamisz twierdzi, \u017ce nigdy nie zosta\u0142 poinformowany o potencjalnym zagro\u017ceniu przez jego podw\u0142adnych.<\/p>\n<h3 class=\"wp-block-heading\">Post\u0119powanie z Polsa<\/h3>\n<p>Jak donosi RMF FM, polskie ministerstwa, w tym Ministerstwo Obrony Narodowej, Ministerstwo Spraw Wewn\u0119trznych i Administracji oraz Ministerstwo Rozwoju i Technologii, zosta\u0142y poinformowane przez Polsa ju\u017c we wtorek w po\u0142udnie, \u017ce niekontrolowane atmosferyczne wej\u015bcie soko\u0144 9 Fragment rakietowych oczekiwa\u0142 nad Polsk\u0105. Stacja radiowa kwestionowa\u0142a, w jaki spos\u00f3b urz\u0119dnicy rz\u0105dowi poradzili sobie z tym ostrze\u017ceniem.<\/p>\n<h3 class=\"wp-block-heading\">Kosiniak-Kamysz pozosta\u0142 w ciemno\u015bci<\/h3>\n<p>We wtorek Polsa wyda\u0142a ostrze\u017cenie stwierdzaj\u0105ce, \u017ce mi\u0119dzy 3:00 a 6:00 rano spodziewano si\u0119, \u017ce segment rakiety Falcon 9 w niekontrolowany spos\u00f3b wejdzie do atmosfery nad Polsk\u0105. Raporty medialne sugeruj\u0105, \u017ce zanieczyszczenia, kt\u00f3re nie spali\u0142y si\u0119 w atmosferze, mog\u0142y upa\u015b\u0107 w regionie Polski (Wielkopolska), wed\u0142ug RMF FM.<\/p>\n<p>Mimo to minister obrony W\u0142adys\u0142aw Kosiniak-Kamisz, kt\u00f3ry rano pojawi\u0142 si\u0119 na RMF FM, stwierdzi\u0142, \u017ce nie zosta\u0142 poinformowany o potencjalnym zagro\u017ceniu.<\/p>\n<p>\u201eZwykle budz\u0119 si\u0119 we wczesnych godzinach porannych, je\u015bli co\u015b takiego dzieje si\u0119 na Ukrainie, na przyk\u0142ad masywny atak. Tym razem nikt mnie nie obudzi\u0142, wi\u0119c nie by\u0142o to uznane za zagro\u017cenie dla bezpiecze\u0144stwa dla pa\u0144stwa, ani nie by\u0142o zwi\u0105zane z sytuacj\u0105 na Ukrainie \u201d-powiedzia\u0142 Kosiniak-Kamysz w swoim wywiadzie RMF FM.<\/p>\n<h3 class=\"wp-block-heading\">Polsa: informacje zosta\u0142y przekazane<\/h3>\n<p>Niezale\u017cna.pl skontaktowa\u0142 si\u0119 z rzecznikiem Polsy Agnieszka Gapys w celu wyja\u015bnienia.<\/p>\n<p>\u201eTrwa weryfikacja. Polska agencja kosmiczna by\u0142a na miejscu i ma kontakt z policj\u0105. Zdj\u0119cia zosta\u0142y zrobione i nale\u017cy teraz wys\u0142a\u0107 do SpaceX. Polsa nieustannie monitoruje dzia\u0142ania kosmiczne, w tym trajektorie przedmiot\u00f3w na orbicie. Je\u015bli obiekt stanowi ryzyko ponownego wej\u015bcia w stosunku do Polski, wysy\u0142amy powiadomienie do odpowiednich ministerstw i us\u0142ug. Nie mo\u017cna przewidzie\u0107 dok\u0142adnej lokalizacji wp\u0142ywu, poniewa\u017c nie wiemy dok\u0142adnie, w jaki spos\u00f3b obiekt b\u0119dzie zachowywa\u0142 si\u0119 po wej\u015bciu atmosferycznym. Zazwyczaj takie resztki p\u0142on\u0105 \u201d &#8211; wyja\u015bni\u0142a.<\/p>\n<p>Zapytany konkretnie o gruz znaleziony w Komornika, Gapys stwierdzi\u0142:<\/p>\n<p>\u201eNie mog\u0119 potwierdzi\u0107 ani zaprzeczy\u0107, czy obiekt znaleziony w Komniki jest cz\u0119\u015bci\u0105 rakiety Falcon 9, kt\u00f3r\u0105 \u015bledzili\u015bmy. Monitorowali\u015bmy trajektori\u0119 segmentu rakietowego Falcon 9 i poinformowali\u015bmy odpowiednie w\u0142adze. Jednak potwierdzenie, czy zanieczyszczenia znalezione w Komniki pochodz\u0105 z tej konkretnej rakiety, wymaga dalszej weryfikacji. \u201d<\/p>\n<\/div>\n<\/div>\n","protected":false},"excerpt":{"rendered":"<p>Polska agencja kosmiczna (Polsa) \u015bledzi\u0142a trajektori\u0119 gruzu z Falcon 9 Rocket Booster i przekaza\u0142a informacje odpowiednim ministerstwom i us\u0142ugom, wed\u0142ug<\/p>\n","protected":false},"author":1,"featured_media":4050,"comment_status":"closed","ping_status":"","sticky":false,"template":"","format":"standard","meta":{"footnotes":""},"categories":[4748],"tags":[5644,5648,5645,187,5649,509,5646,4,643,5647],"class_list":["post-4049","post","type-post","status-publish","format-standard","has-post-thumbnail","hentry","category-aktualne","tag-agencja","tag-falcon","tag-kosmiczna","tag-minister","tag-niedoinformowany","tag-obrony","tag-ostrzegla","tag-polska","tag-przed","tag-rakieta","generate-columns","tablet-grid-50","mobile-grid-100","grid-parent","grid-50","resize-featured-image"],"yoast_head":"<!-- This site is optimized with the Yoast SEO plugin v23.2 - https:\/\/yoast.com\/wordpress\/plugins\/seo\/ -->\n<title>Polska Agencja Kosmiczna ostrzeg\u0142a przed rakiet\u0105 Falcon 9 - minister obrony niedoinformowany - POGOTOWIE FLAGOWE\u00ae<\/title>\n<meta name=\"robots\" content=\"index, follow, max-snippet:-1, max-image-preview:large, max-video-preview:-1\" \/>\n<link rel=\"canonical\" href=\"https:\/\/www.pogotowieflagowe.pl\/aktualne\/polska-agencja-kosmiczna-ostrzegla-przed-rakieta-falcon-9-minister-obrony-niedoinformowany\/\" \/>\n<meta property=\"og:locale\" content=\"pl_PL\" \/>\n<meta property=\"og:type\" content=\"article\" \/>\n<meta property=\"og:title\" content=\"Polska Agencja Kosmiczna ostrzeg\u0142a przed rakiet\u0105 Falcon 9 - minister obrony niedoinformowany - POGOTOWIE FLAGOWE\u00ae\" \/>\n<meta property=\"og:description\" content=\"Polska agencja kosmiczna (Polsa) \u015bledzi\u0142a trajektori\u0119 gruzu z Falcon 9 Rocket Booster i przekaza\u0142a informacje odpowiednim ministerstwom i us\u0142ugom, wed\u0142ug\" \/>\n<meta property=\"og:url\" content=\"https:\/\/www.pogotowieflagowe.pl\/aktualne\/polska-agencja-kosmiczna-ostrzegla-przed-rakieta-falcon-9-minister-obrony-niedoinformowany\/\" \/>\n<meta property=\"og:site_name\" content=\"POGOTOWIE FLAGOWE\u00ae\" \/>\n<meta property=\"article:published_time\" content=\"2025-02-19T20:47:42+00:00\" \/>\n<meta property=\"article:modified_time\" content=\"2025-02-19T20:47:43+00:00\" \/>\n<meta property=\"og:image\" content=\"https:\/\/www.pogotowieflagowe.pl\/aktualne\/wp-content\/uploads\/2025\/02\/Polska-Agencja-Kosmiczna-ostrzegla-przed-rakieta-Falcon-9-minister.jpg\" \/>\n\t<meta property=\"og:image:width\" content=\"759\" \/>\n\t<meta property=\"og:image:height\" content=\"430\" \/>\n\t<meta property=\"og:image:type\" content=\"image\/jpeg\" \/>\n<meta name=\"author\" content=\"Filip\" \/>\n<meta name=\"twitter:card\" content=\"summary_large_image\" \/>\n<meta name=\"twitter:label1\" content=\"Napisane przez\" \/>\n\t<meta name=\"twitter:data1\" content=\"Filip\" \/>\n\t<meta name=\"twitter:label2\" content=\"Szacowany czas czytania\" \/>\n\t<meta name=\"twitter:data2\" content=\"2 minuty\" \/>\n<script type=\"application\/ld+json\" class=\"yoast-schema-graph\">{\"@context\":\"https:\/\/schema.org\",\"@graph\":[{\"@type\":\"Article\",\"@id\":\"https:\/\/www.pogotowieflagowe.pl\/aktualne\/polska-agencja-kosmiczna-ostrzegla-przed-rakieta-falcon-9-minister-obrony-niedoinformowany\/#article\",\"isPartOf\":{\"@id\":\"https:\/\/www.pogotowieflagowe.pl\/aktualne\/polska-agencja-kosmiczna-ostrzegla-przed-rakieta-falcon-9-minister-obrony-niedoinformowany\/\"},\"author\":{\"name\":\"Filip\",\"@id\":\"https:\/\/www.pogotowieflagowe.pl\/aktualne\/#\/schema\/person\/9c2fb7d2362ebf6fa088960d7f0d27b0\"},\"headline\":\"Polska Agencja Kosmiczna ostrzeg\u0142a przed rakiet\u0105 Falcon 9 &#8211; minister obrony niedoinformowany\",\"datePublished\":\"2025-02-19T20:47:42+00:00\",\"dateModified\":\"2025-02-19T20:47:43+00:00\",\"mainEntityOfPage\":{\"@id\":\"https:\/\/www.pogotowieflagowe.pl\/aktualne\/polska-agencja-kosmiczna-ostrzegla-przed-rakieta-falcon-9-minister-obrony-niedoinformowany\/\"},\"wordCount\":447,\"publisher\":{\"@id\":\"https:\/\/www.pogotowieflagowe.pl\/aktualne\/#organization\"},\"image\":{\"@id\":\"https:\/\/www.pogotowieflagowe.pl\/aktualne\/polska-agencja-kosmiczna-ostrzegla-przed-rakieta-falcon-9-minister-obrony-niedoinformowany\/#primaryimage\"},\"thumbnailUrl\":\"https:\/\/www.pogotowieflagowe.pl\/aktualne\/wp-content\/uploads\/2025\/02\/Polska-Agencja-Kosmiczna-ostrzegla-przed-rakieta-Falcon-9-minister.jpg\",\"keywords\":[\"Agencja\",\"Falcon\",\"Kosmiczna\",\"minister\",\"niedoinformowany\",\"obrony\",\"ostrzeg\u0142a\",\"polska\",\"przed\",\"rakiet\u0105\"],\"articleSection\":[\"Aktualne\"],\"inLanguage\":\"pl-PL\"},{\"@type\":\"WebPage\",\"@id\":\"https:\/\/www.pogotowieflagowe.pl\/aktualne\/polska-agencja-kosmiczna-ostrzegla-przed-rakieta-falcon-9-minister-obrony-niedoinformowany\/\",\"url\":\"https:\/\/www.pogotowieflagowe.pl\/aktualne\/polska-agencja-kosmiczna-ostrzegla-przed-rakieta-falcon-9-minister-obrony-niedoinformowany\/\",\"name\":\"Polska Agencja Kosmiczna ostrzeg\u0142a przed rakiet\u0105 Falcon 9 - minister obrony niedoinformowany - POGOTOWIE FLAGOWE\u00ae\",\"isPartOf\":{\"@id\":\"https:\/\/www.pogotowieflagowe.pl\/aktualne\/#website\"},\"primaryImageOfPage\":{\"@id\":\"https:\/\/www.pogotowieflagowe.pl\/aktualne\/polska-agencja-kosmiczna-ostrzegla-przed-rakieta-falcon-9-minister-obrony-niedoinformowany\/#primaryimage\"},\"image\":{\"@id\":\"https:\/\/www.pogotowieflagowe.pl\/aktualne\/polska-agencja-kosmiczna-ostrzegla-przed-rakieta-falcon-9-minister-obrony-niedoinformowany\/#primaryimage\"},\"thumbnailUrl\":\"https:\/\/www.pogotowieflagowe.pl\/aktualne\/wp-content\/uploads\/2025\/02\/Polska-Agencja-Kosmiczna-ostrzegla-przed-rakieta-Falcon-9-minister.jpg\",\"datePublished\":\"2025-02-19T20:47:42+00:00\",\"dateModified\":\"2025-02-19T20:47:43+00:00\",\"breadcrumb\":{\"@id\":\"https:\/\/www.pogotowieflagowe.pl\/aktualne\/polska-agencja-kosmiczna-ostrzegla-przed-rakieta-falcon-9-minister-obrony-niedoinformowany\/#breadcrumb\"},\"inLanguage\":\"pl-PL\",\"potentialAction\":[{\"@type\":\"ReadAction\",\"target\":[\"https:\/\/www.pogotowieflagowe.pl\/aktualne\/polska-agencja-kosmiczna-ostrzegla-przed-rakieta-falcon-9-minister-obrony-niedoinformowany\/\"]}]},{\"@type\":\"ImageObject\",\"inLanguage\":\"pl-PL\",\"@id\":\"https:\/\/www.pogotowieflagowe.pl\/aktualne\/polska-agencja-kosmiczna-ostrzegla-przed-rakieta-falcon-9-minister-obrony-niedoinformowany\/#primaryimage\",\"url\":\"https:\/\/www.pogotowieflagowe.pl\/aktualne\/wp-content\/uploads\/2025\/02\/Polska-Agencja-Kosmiczna-ostrzegla-przed-rakieta-Falcon-9-minister.jpg\",\"contentUrl\":\"https:\/\/www.pogotowieflagowe.pl\/aktualne\/wp-content\/uploads\/2025\/02\/Polska-Agencja-Kosmiczna-ostrzegla-przed-rakieta-Falcon-9-minister.jpg\",\"width\":759,\"height\":430,\"caption\":\"Polska Agencja Kosmiczna ostrzeg\u0142a przed rakiet\u0105 Falcon 9 - minister obrony niedoinformowany\"},{\"@type\":\"BreadcrumbList\",\"@id\":\"https:\/\/www.pogotowieflagowe.pl\/aktualne\/polska-agencja-kosmiczna-ostrzegla-przed-rakieta-falcon-9-minister-obrony-niedoinformowany\/#breadcrumb\",\"itemListElement\":[{\"@type\":\"ListItem\",\"position\":1,\"name\":\"Home\",\"item\":\"https:\/\/www.pogotowieflagowe.pl\/aktualne\/\"},{\"@type\":\"ListItem\",\"position\":2,\"name\":\"Polska Agencja Kosmiczna ostrzeg\u0142a przed rakiet\u0105 Falcon 9 &#8211; minister obrony niedoinformowany\"}]},{\"@type\":\"WebSite\",\"@id\":\"https:\/\/www.pogotowieflagowe.pl\/aktualne\/#website\",\"url\":\"https:\/\/www.pogotowieflagowe.pl\/aktualne\/\",\"name\":\"POGOTOWIE FLAGOWE\u00ae\",\"description\":\"\",\"publisher\":{\"@id\":\"https:\/\/www.pogotowieflagowe.pl\/aktualne\/#organization\"},\"potentialAction\":[{\"@type\":\"SearchAction\",\"target\":{\"@type\":\"EntryPoint\",\"urlTemplate\":\"https:\/\/www.pogotowieflagowe.pl\/aktualne\/?s={search_term_string}\"},\"query-input\":\"required name=search_term_string\"}],\"inLanguage\":\"pl-PL\"},{\"@type\":\"Organization\",\"@id\":\"https:\/\/www.pogotowieflagowe.pl\/aktualne\/#organization\",\"name\":\"POGOTOWIE FLAGOWE\u00ae\",\"url\":\"https:\/\/www.pogotowieflagowe.pl\/aktualne\/\",\"logo\":{\"@type\":\"ImageObject\",\"inLanguage\":\"pl-PL\",\"@id\":\"https:\/\/www.pogotowieflagowe.pl\/aktualne\/#\/schema\/logo\/image\/\",\"url\":\"https:\/\/www.pogotowieflagowe.pl\/aktualne\/wp-content\/uploads\/2024\/08\/cropped-pogotowieflagowe_flaga_projekt_sm.jpg\",\"contentUrl\":\"https:\/\/www.pogotowieflagowe.pl\/aktualne\/wp-content\/uploads\/2024\/08\/cropped-pogotowieflagowe_flaga_projekt_sm.jpg\",\"width\":250,\"height\":143,\"caption\":\"POGOTOWIE FLAGOWE\u00ae\"},\"image\":{\"@id\":\"https:\/\/www.pogotowieflagowe.pl\/aktualne\/#\/schema\/logo\/image\/\"}},{\"@type\":\"Person\",\"@id\":\"https:\/\/www.pogotowieflagowe.pl\/aktualne\/#\/schema\/person\/9c2fb7d2362ebf6fa088960d7f0d27b0\",\"name\":\"Filip\",\"image\":{\"@type\":\"ImageObject\",\"inLanguage\":\"pl-PL\",\"@id\":\"https:\/\/www.pogotowieflagowe.pl\/aktualne\/#\/schema\/person\/image\/\",\"url\":\"https:\/\/www.pogotowieflagowe.pl\/aktualne\/wp-content\/uploads\/2024\/08\/pogotowieflagowe.pl_.jpg\",\"contentUrl\":\"https:\/\/www.pogotowieflagowe.pl\/aktualne\/wp-content\/uploads\/2024\/08\/pogotowieflagowe.pl_.jpg\",\"caption\":\"Filip\"},\"description\":\"Jestem Filip, polski dziennikarz z dyplomem nauk politycznych Uniwersytetu Warszawskiego. Rozpoczynaj\u0105c swoj\u0105 karier\u0119 w r\u00f3\u017cnych lokalnych mediach, zdoby\u0142em solidne do\u015bwiadczenie w zakresie \u015bledztwa i redakcji. Obecnie jako redaktor w Pogotowie flagowe, staram si\u0119 dostarcza\u0107 dog\u0142\u0119bne i istotne analizy na temat najwa\u017cniejszych kwestii aktualno\u015bci, \u0142\u0105cz\u0105c rygor z pasj\u0105 dziennikarsk\u0105.\",\"sameAs\":[\"https:\/\/www.pogotowieflagowe.pl\/\"]}]}<\/script>\n<!-- \/ Yoast SEO plugin. -->","yoast_head_json":{"title":"Polska Agencja Kosmiczna ostrzeg\u0142a przed rakiet\u0105 Falcon 9 - minister obrony niedoinformowany - POGOTOWIE FLAGOWE\u00ae","robots":{"index":"index","follow":"follow","max-snippet":"max-snippet:-1","max-image-preview":"max-image-preview:large","max-video-preview":"max-video-preview:-1"},"canonical":"https:\/\/www.pogotowieflagowe.pl\/aktualne\/polska-agencja-kosmiczna-ostrzegla-przed-rakieta-falcon-9-minister-obrony-niedoinformowany\/","og_locale":"pl_PL","og_type":"article","og_title":"Polska Agencja Kosmiczna ostrzeg\u0142a przed rakiet\u0105 Falcon 9 - minister obrony niedoinformowany - POGOTOWIE FLAGOWE\u00ae","og_description":"Polska agencja kosmiczna (Polsa) \u015bledzi\u0142a trajektori\u0119 gruzu z Falcon 9 Rocket Booster i przekaza\u0142a informacje odpowiednim ministerstwom i us\u0142ugom, wed\u0142ug","og_url":"https:\/\/www.pogotowieflagowe.pl\/aktualne\/polska-agencja-kosmiczna-ostrzegla-przed-rakieta-falcon-9-minister-obrony-niedoinformowany\/","og_site_name":"POGOTOWIE FLAGOWE\u00ae","article_published_time":"2025-02-19T20:47:42+00:00","article_modified_time":"2025-02-19T20:47:43+00:00","og_image":[{"width":759,"height":430,"url":"https:\/\/www.pogotowieflagowe.pl\/aktualne\/wp-content\/uploads\/2025\/02\/Polska-Agencja-Kosmiczna-ostrzegla-przed-rakieta-Falcon-9-minister.jpg","type":"image\/jpeg"}],"author":"Filip","twitter_card":"summary_large_image","twitter_misc":{"Napisane przez":"Filip","Szacowany czas czytania":"2 minuty"},"schema":{"@context":"https:\/\/schema.org","@graph":[{"@type":"Article","@id":"https:\/\/www.pogotowieflagowe.pl\/aktualne\/polska-agencja-kosmiczna-ostrzegla-przed-rakieta-falcon-9-minister-obrony-niedoinformowany\/#article","isPartOf":{"@id":"https:\/\/www.pogotowieflagowe.pl\/aktualne\/polska-agencja-kosmiczna-ostrzegla-przed-rakieta-falcon-9-minister-obrony-niedoinformowany\/"},"author":{"name":"Filip","@id":"https:\/\/www.pogotowieflagowe.pl\/aktualne\/#\/schema\/person\/9c2fb7d2362ebf6fa088960d7f0d27b0"},"headline":"Polska Agencja Kosmiczna ostrzeg\u0142a przed rakiet\u0105 Falcon 9 &#8211; minister obrony niedoinformowany","datePublished":"2025-02-19T20:47:42+00:00","dateModified":"2025-02-19T20:47:43+00:00","mainEntityOfPage":{"@id":"https:\/\/www.pogotowieflagowe.pl\/aktualne\/polska-agencja-kosmiczna-ostrzegla-przed-rakieta-falcon-9-minister-obrony-niedoinformowany\/"},"wordCount":447,"publisher":{"@id":"https:\/\/www.pogotowieflagowe.pl\/aktualne\/#organization"},"image":{"@id":"https:\/\/www.pogotowieflagowe.pl\/aktualne\/polska-agencja-kosmiczna-ostrzegla-przed-rakieta-falcon-9-minister-obrony-niedoinformowany\/#primaryimage"},"thumbnailUrl":"https:\/\/www.pogotowieflagowe.pl\/aktualne\/wp-content\/uploads\/2025\/02\/Polska-Agencja-Kosmiczna-ostrzegla-przed-rakieta-Falcon-9-minister.jpg","keywords":["Agencja","Falcon","Kosmiczna","minister","niedoinformowany","obrony","ostrzeg\u0142a","polska","przed","rakiet\u0105"],"articleSection":["Aktualne"],"inLanguage":"pl-PL"},{"@type":"WebPage","@id":"https:\/\/www.pogotowieflagowe.pl\/aktualne\/polska-agencja-kosmiczna-ostrzegla-przed-rakieta-falcon-9-minister-obrony-niedoinformowany\/","url":"https:\/\/www.pogotowieflagowe.pl\/aktualne\/polska-agencja-kosmiczna-ostrzegla-przed-rakieta-falcon-9-minister-obrony-niedoinformowany\/","name":"Polska Agencja Kosmiczna ostrzeg\u0142a przed rakiet\u0105 Falcon 9 - minister obrony niedoinformowany - POGOTOWIE FLAGOWE\u00ae","isPartOf":{"@id":"https:\/\/www.pogotowieflagowe.pl\/aktualne\/#website"},"primaryImageOfPage":{"@id":"https:\/\/www.pogotowieflagowe.pl\/aktualne\/polska-agencja-kosmiczna-ostrzegla-przed-rakieta-falcon-9-minister-obrony-niedoinformowany\/#primaryimage"},"image":{"@id":"https:\/\/www.pogotowieflagowe.pl\/aktualne\/polska-agencja-kosmiczna-ostrzegla-przed-rakieta-falcon-9-minister-obrony-niedoinformowany\/#primaryimage"},"thumbnailUrl":"https:\/\/www.pogotowieflagowe.pl\/aktualne\/wp-content\/uploads\/2025\/02\/Polska-Agencja-Kosmiczna-ostrzegla-przed-rakieta-Falcon-9-minister.jpg","datePublished":"2025-02-19T20:47:42+00:00","dateModified":"2025-02-19T20:47:43+00:00","breadcrumb":{"@id":"https:\/\/www.pogotowieflagowe.pl\/aktualne\/polska-agencja-kosmiczna-ostrzegla-przed-rakieta-falcon-9-minister-obrony-niedoinformowany\/#breadcrumb"},"inLanguage":"pl-PL","potentialAction":[{"@type":"ReadAction","target":["https:\/\/www.pogotowieflagowe.pl\/aktualne\/polska-agencja-kosmiczna-ostrzegla-przed-rakieta-falcon-9-minister-obrony-niedoinformowany\/"]}]},{"@type":"ImageObject","inLanguage":"pl-PL","@id":"https:\/\/www.pogotowieflagowe.pl\/aktualne\/polska-agencja-kosmiczna-ostrzegla-przed-rakieta-falcon-9-minister-obrony-niedoinformowany\/#primaryimage","url":"https:\/\/www.pogotowieflagowe.pl\/aktualne\/wp-content\/uploads\/2025\/02\/Polska-Agencja-Kosmiczna-ostrzegla-przed-rakieta-Falcon-9-minister.jpg","contentUrl":"https:\/\/www.pogotowieflagowe.pl\/aktualne\/wp-content\/uploads\/2025\/02\/Polska-Agencja-Kosmiczna-ostrzegla-przed-rakieta-Falcon-9-minister.jpg","width":759,"height":430,"caption":"Polska Agencja Kosmiczna ostrzeg\u0142a przed rakiet\u0105 Falcon 9 - minister obrony niedoinformowany"},{"@type":"BreadcrumbList","@id":"https:\/\/www.pogotowieflagowe.pl\/aktualne\/polska-agencja-kosmiczna-ostrzegla-przed-rakieta-falcon-9-minister-obrony-niedoinformowany\/#breadcrumb","itemListElement":[{"@type":"ListItem","position":1,"name":"Home","item":"https:\/\/www.pogotowieflagowe.pl\/aktualne\/"},{"@type":"ListItem","position":2,"name":"Polska Agencja Kosmiczna ostrzeg\u0142a przed rakiet\u0105 Falcon 9 &#8211; minister obrony niedoinformowany"}]},{"@type":"WebSite","@id":"https:\/\/www.pogotowieflagowe.pl\/aktualne\/#website","url":"https:\/\/www.pogotowieflagowe.pl\/aktualne\/","name":"POGOTOWIE FLAGOWE\u00ae","description":"","publisher":{"@id":"https:\/\/www.pogotowieflagowe.pl\/aktualne\/#organization"},"potentialAction":[{"@type":"SearchAction","target":{"@type":"EntryPoint","urlTemplate":"https:\/\/www.pogotowieflagowe.pl\/aktualne\/?s={search_term_string}"},"query-input":"required name=search_term_string"}],"inLanguage":"pl-PL"},{"@type":"Organization","@id":"https:\/\/www.pogotowieflagowe.pl\/aktualne\/#organization","name":"POGOTOWIE FLAGOWE\u00ae","url":"https:\/\/www.pogotowieflagowe.pl\/aktualne\/","logo":{"@type":"ImageObject","inLanguage":"pl-PL","@id":"https:\/\/www.pogotowieflagowe.pl\/aktualne\/#\/schema\/logo\/image\/","url":"https:\/\/www.pogotowieflagowe.pl\/aktualne\/wp-content\/uploads\/2024\/08\/cropped-pogotowieflagowe_flaga_projekt_sm.jpg","contentUrl":"https:\/\/www.pogotowieflagowe.pl\/aktualne\/wp-content\/uploads\/2024\/08\/cropped-pogotowieflagowe_flaga_projekt_sm.jpg","width":250,"height":143,"caption":"POGOTOWIE FLAGOWE\u00ae"},"image":{"@id":"https:\/\/www.pogotowieflagowe.pl\/aktualne\/#\/schema\/logo\/image\/"}},{"@type":"Person","@id":"https:\/\/www.pogotowieflagowe.pl\/aktualne\/#\/schema\/person\/9c2fb7d2362ebf6fa088960d7f0d27b0","name":"Filip","image":{"@type":"ImageObject","inLanguage":"pl-PL","@id":"https:\/\/www.pogotowieflagowe.pl\/aktualne\/#\/schema\/person\/image\/","url":"https:\/\/www.pogotowieflagowe.pl\/aktualne\/wp-content\/uploads\/2024\/08\/pogotowieflagowe.pl_.jpg","contentUrl":"https:\/\/www.pogotowieflagowe.pl\/aktualne\/wp-content\/uploads\/2024\/08\/pogotowieflagowe.pl_.jpg","caption":"Filip"},"description":"Jestem Filip, polski dziennikarz z dyplomem nauk politycznych Uniwersytetu Warszawskiego. Rozpoczynaj\u0105c swoj\u0105 karier\u0119 w r\u00f3\u017cnych lokalnych mediach, zdoby\u0142em solidne do\u015bwiadczenie w zakresie \u015bledztwa i redakcji. Obecnie jako redaktor w Pogotowie flagowe, staram si\u0119 dostarcza\u0107 dog\u0142\u0119bne i istotne analizy na temat najwa\u017cniejszych kwestii aktualno\u015bci, \u0142\u0105cz\u0105c rygor z pasj\u0105 dziennikarsk\u0105.","sameAs":["https:\/\/www.pogotowieflagowe.pl\/"]}]}},"_links":{"self":[{"href":"https:\/\/www.pogotowieflagowe.pl\/aktualne\/wp-json\/wp\/v2\/posts\/4049","targetHints":{"allow":["GET"]}}],"collection":[{"href":"https:\/\/www.pogotowieflagowe.pl\/aktualne\/wp-json\/wp\/v2\/posts"}],"about":[{"href":"https:\/\/www.pogotowieflagowe.pl\/aktualne\/wp-json\/wp\/v2\/types\/post"}],"author":[{"embeddable":true,"href":"https:\/\/www.pogotowieflagowe.pl\/aktualne\/wp-json\/wp\/v2\/users\/1"}],"replies":[{"embeddable":true,"href":"https:\/\/www.pogotowieflagowe.pl\/aktualne\/wp-json\/wp\/v2\/comments?post=4049"}],"version-history":[{"count":1,"href":"https:\/\/www.pogotowieflagowe.pl\/aktualne\/wp-json\/wp\/v2\/posts\/4049\/revisions"}],"predecessor-version":[{"id":4051,"href":"https:\/\/www.pogotowieflagowe.pl\/aktualne\/wp-json\/wp\/v2\/posts\/4049\/revisions\/4051"}],"wp:featuredmedia":[{"embeddable":true,"href":"https:\/\/www.pogotowieflagowe.pl\/aktualne\/wp-json\/wp\/v2\/media\/4050"}],"wp:attachment":[{"href":"https:\/\/www.pogotowieflagowe.pl\/aktualne\/wp-json\/wp\/v2\/media?parent=4049"}],"wp:term":[{"taxonomy":"category","embeddable":true,"href":"https:\/\/www.pogotowieflagowe.pl\/aktualne\/wp-json\/wp\/v2\/categories?post=4049"},{"taxonomy":"post_tag","embeddable":true,"href":"https:\/\/www.pogotowieflagowe.pl\/aktualne\/wp-json\/wp\/v2\/tags?post=4049"}],"curies":[{"name":"wp","href":"https:\/\/api.w.org\/{rel}","templated":true}]}}