{"id":4061,"date":"2025-02-20T09:47:35","date_gmt":"2025-02-20T08:47:35","guid":{"rendered":"https:\/\/www.pogotowieflagowe.pl\/aktualne\/gp-traci-pozew-o-satyryczne-przedstawienie-tusk-ostrzezenie-dla-innych-punktow-sprzedazy\/"},"modified":"2025-02-20T09:47:36","modified_gmt":"2025-02-20T08:47:36","slug":"gp-traci-pozew-o-satyryczne-przedstawienie-tusk-ostrzezenie-dla-innych-punktow-sprzedazy","status":"publish","type":"post","link":"https:\/\/www.pogotowieflagowe.pl\/aktualne\/gp-traci-pozew-o-satyryczne-przedstawienie-tusk-ostrzezenie-dla-innych-punktow-sprzedazy\/","title":{"rendered":"GP traci pozew o satyryczne przedstawienie TUSK: Ostrze\u017cenie dla innych punkt\u00f3w sprzeda\u017cy?"},"content":{"rendered":"\n<div class=\"td_block_wrap tdb_single_content tdi_41 td-pb-border-top td_block_template_8 td-post-content tagdiv-type\" data-td-block-uid=\"tdi_41\">\n<style>.tdi_41 {margin-top: 0px! Wa\u017cne; margines-bottom: 0px! WA\u017bNY; PALDING-TOP: 0PX! WA\u017bNY; PALDING-BOTTOM: 0PX! WA\u017bNE}<\/style>\n<style>.tdb_single_content {margin-bottom: 0;*zoom: 1} .tdb_single_content: wcze\u015bniej, .tdb_single_content: po {display: Table; content: ''; line-height: 0} .TDB-BLOCK-INner>*: nie (.WP-BLOCK-QUOTE): NOT (.Alignwide): not (.alignfull.wp-block-cover.has-parallax): not (.td-a-ad) {margin-left: auto; margin-right: auto} .tdb_single_content a {wska\u017anik-events: auto} .tdb_single_content .td-spot-top_ad .tdc-pl-plameholder-title: przed {content: \u201eArtyku\u0142 top ad\u201d! Wa\u017cne} .tdb_single_content .td-spot-id-inline_ad0 .tdc-- THE PLACEHENTER TITLE: Wcze\u015bniej {content: \u201eArtyku\u0142 inline AD 1 '! Wa\u017cne} .tdb_single_content .td-spot-id-inline_ad1 .tdc-miejsce-title: przed {content:' Artyku\u0142 inline AD 2 '! Wa\u017cny}. Tytu\u0142: Przed {Content: \u201eArtyku\u0142 Inline AD 3 '! Wa\u017cne} .tdb_single_content .td-Spot-Id-Bottom_Ad .tdc-Placeholder-Title: przed {content: \u201eArtyku\u0142 Bottom Ad\u201d! Wa\u017cne} .tdb_single_content .id_top_ad, .tdb_single_content_content .id_bottom_ad {clear: oba; margin-bottom: 21px; text-align: Center} .tdb_single_content .id_top_ad img, .tdb_single_content .id_bottom_ad img {margin-bottom: 0} .tdb_single_conTent .id_top_ad .adsbyGoogle, .tdb_single_content .id_bottom_ad .adsbyGoogle {pozycja: relatyw} .tdb_single_content .id_ad_content-horiz-left, .tdb_single_content .id_ad_content-horiz-right, .tdb_single_content .id_ad_content-horiz-Center {margin-bottom: 15px} .tdb_single_content .id_ad_content-horiz-left Img, .tdb_single_content .id_ad_content-horiz-right img, .tdb_single_content .id_ad_content-horiz-centerter img {margin-bottom: 0} .tdb_single_content .id_ad_content-horiz-center {text-align: Center} .tdb_single_content .id_ad_content-horiz-center img {margin-right: auto; margin-let: auto} .tdb_single_content .id_ad_content-horiz-left {float: left; margin-top: 9px; margin-right: 21px} .tdb_single_content .id_ad_content-horiz-right {float: right; margin-top: 6px; margin-left: 21px} .tdb_single_content .tdc-a-ad .TDC-Placeholder-Title {szeroko\u015b\u0107: 300px; height: 250px} .tdb_single_content .tdc-a-ad .TDC-Placeholder-Title: Przed {Pozycja: Absolute; TOP: 50%;-WebKit-Transform: Translatey (-50%); Transform: Translatey (-50%); margines: auto; wy\u015bwietlacz: Tabela; szeroko\u015b\u0107: 100 %}. tdb_single_content .TDB-BLOCK-INNER.TD-FIX-INDEX {Word-Break: Break-word} .tdi_41, .tdi_41> p, .tdi_41 .tdb-block-inner> p, .wp-block-column> p {font -Size: 16px! Wa\u017cne; wysoko\u015b\u0107 linii: 1.6! Wa\u017cne} .tdi_41 .tdb-block-inner Blockquote P {font-styl: normalne! Wa\u017cne} @media (Max-Width: 767px) {. tdb_single_content .id_ad_content-horiz-left, .tdb_single_content .id_ad_content-horiz-right, .tdb_single_content .id_ad_content-horiz-center {Margin: 0 Auto 26px auto}}@media (Max-Width: 767px) {. tdb_single_content .id_ad_content-horiz-left {margin-right: 0}}@media (max-width: 767px) {. po lewej: 0}}@media (Max-Width: 767px) {. tdb_single_content .td-a-ad {float: none; text-align: Center} .tdb_single_content .td-a-ad img {margin-right: auto; margin-left: auto}. tdb_single_content .tdc-a-ad {float: none}}<\/style>\n<div class=\"tdb-block-inner td-fix-index\">\n<p>Legalna bitwa mi\u0119dzy by\u0142ym polskim liderem opozycji Donaldem Tuskiem i \u201eGazeta Polska\u201d wyci\u0105gn\u0119\u0142a wniosek w s\u0105dzie rejonowym Warszawskim. Orzeczenie nakazuje cotygodniow\u0105 gazet\u0119 do wydania przeprosin za satyryczn\u0105 ok\u0142adk\u0119 opublikowan\u0105 20 lipca 2022 r. Ok\u0142adka by\u0142a bezpo\u015brednim odniesieniem do stwierdzenia Tuska: \u201eJe\u015bli wierzysz w Boga, nie g\u0142osujesz na PI\u201d, kt\u00f3ry mia\u0142, \u201d, kt\u00f3ry mia\u0142 powtarzane wiele razy. Pomimo wyra\u017anego ogniwa z uwagami Tuska, \u201eGazeta Polska\u201d zosta\u0142a uznana za odpowiedzialn\u0105.<\/p>\n<p>Po werdykcie S\u0142awomir Sawicki, przedstawiciel prawny \u201eGazeta Polska\u201d i jego redaktor naczelny, Tomasz Sakiewicz, wyrazili sw\u00f3j sp\u00f3r z decyzj\u0105 s\u0105du.<\/p>\n<p>\u201eNie zgadzamy si\u0119 z tym orzeczeniem. Ok\u0142adka zawiera\u0142a satyr\u0119 i karykatur\u0119, bezpo\u015brednio zwi\u0105zane z tre\u015bci\u0105 artyku\u0142u. Ju\u017c wyra\u017anie odwo\u0142ywa\u0142 si\u0119 do o\u015bwiadcze\u0144 Donalda Tuska, gdy by\u0142 jeszcze przyw\u00f3dc\u0105 opozycji. Odwo\u0142amy si\u0119 od decyzji \u201d &#8211; stwierdzi\u0142 Swiki.<\/p>\n<p>Stowarzyszenie dziennikarza Stowarzerie\u0144a Dzienniarze Polskich r\u00f3wnie\u017c interweniowa\u0142o, argumentuj\u0105c, \u017ce taka satyryczna os\u0142ona powinna by\u0107 dopuszczalna. Jednak s\u0105d oddali\u0142 te argumenty.<\/p>\n<p>\u201eUzasadnienie jest do\u015b\u0107 interesuj\u0105ce, szczeg\u00f3lnie gdy s\u0119dzia odni\u00f3s\u0142 si\u0119 do moich ostatecznych uwag dotycz\u0105cych Stan\u00f3w Zjednoczonych. W Stanach Zjednoczonych taka ok\u0142adka nie by\u0142aby kwesti\u0105 sporu prawnego, poniewa\u017c wolno\u015b\u0107 s\u0142owa jest tam wysoce chroniona \u201d &#8211; zauwa\u017cy\u0142 Swiki.<\/p>\n<p>Podkre\u015bli\u0142, \u017ce \u201eprzedstawienie kogo\u015b w spos\u00f3b satyryczny powinien by\u0107 prawnie dozwolony i nie powinien podlega\u0107 post\u0119powaniu s\u0105dowym\u201d.<\/p>\n<p>Zapytany, czy orzeczenie mo\u017ce s\u0142u\u017cy\u0107 jako ostrze\u017cenie dla innych medi\u00f3w, Siwicki odpowiedzia\u0142:<\/p>\n<p>\u201eMo\u017cna to interpretowa\u0107 w ten spos\u00f3b. Podobne dzia\u0142ania przeciwko \u201eGazeta Polska\u201d nie otrzyma\u0142y takiej samej ochrony s\u0105dowej jak pozew Donalda Tuska. Taka satyra nie powinna podlega\u0107 ograniczeniom prawnym. \u201d<\/p>\n<p>Stwierdzi\u0142, stwierdzaj\u0105c, \u017ce odwo\u0142anie koncentruje si\u0119 na podobnych argumentach, ale poczekaj\u0105 na pisemne uzasadnienie s\u0105du przed dalszym post\u0119pem.<\/p>\n<\/div>\n<\/div>\n","protected":false},"excerpt":{"rendered":"<p>Legalna bitwa mi\u0119dzy by\u0142ym polskim liderem opozycji Donaldem Tuskiem i \u201eGazeta Polska\u201d wyci\u0105gn\u0119\u0142a wniosek w s\u0105dzie rejonowym Warszawskim. Orzeczenie nakazuje<\/p>\n","protected":false},"author":1,"featured_media":4062,"comment_status":"closed","ping_status":"","sticky":false,"template":"","format":"standard","meta":{"footnotes":""},"categories":[4748],"tags":[131,5664,1808,5329,5663,3019,5662,2533,705,221],"class_list":["post-4061","post","type-post","status-publish","format-standard","has-post-thumbnail","hentry","category-aktualne","tag-dla","tag-innych","tag-ostrzezenie","tag-pozew","tag-przedstawienie","tag-punktow","tag-satyryczne","tag-sprzedazy","tag-traci","tag-tusk","generate-columns","tablet-grid-50","mobile-grid-100","grid-parent","grid-50","resize-featured-image"],"yoast_head":"<!-- This site is optimized with the Yoast SEO plugin v23.2 - https:\/\/yoast.com\/wordpress\/plugins\/seo\/ -->\n<title>GP traci pozew o satyryczne przedstawienie TUSK: Ostrze\u017cenie dla innych punkt\u00f3w sprzeda\u017cy? - POGOTOWIE FLAGOWE\u00ae<\/title>\n<meta name=\"robots\" content=\"index, follow, max-snippet:-1, max-image-preview:large, max-video-preview:-1\" \/>\n<link rel=\"canonical\" href=\"https:\/\/www.pogotowieflagowe.pl\/aktualne\/gp-traci-pozew-o-satyryczne-przedstawienie-tusk-ostrzezenie-dla-innych-punktow-sprzedazy\/\" \/>\n<meta property=\"og:locale\" content=\"pl_PL\" \/>\n<meta property=\"og:type\" content=\"article\" \/>\n<meta property=\"og:title\" content=\"GP traci pozew o satyryczne przedstawienie TUSK: Ostrze\u017cenie dla innych punkt\u00f3w sprzeda\u017cy? - POGOTOWIE FLAGOWE\u00ae\" \/>\n<meta property=\"og:description\" content=\"Legalna bitwa mi\u0119dzy by\u0142ym polskim liderem opozycji Donaldem Tuskiem i \u201eGazeta Polska\u201d wyci\u0105gn\u0119\u0142a wniosek w s\u0105dzie rejonowym Warszawskim. Orzeczenie nakazuje\" \/>\n<meta property=\"og:url\" content=\"https:\/\/www.pogotowieflagowe.pl\/aktualne\/gp-traci-pozew-o-satyryczne-przedstawienie-tusk-ostrzezenie-dla-innych-punktow-sprzedazy\/\" \/>\n<meta property=\"og:site_name\" content=\"POGOTOWIE FLAGOWE\u00ae\" \/>\n<meta property=\"article:published_time\" content=\"2025-02-20T08:47:35+00:00\" \/>\n<meta property=\"article:modified_time\" content=\"2025-02-20T08:47:36+00:00\" \/>\n<meta property=\"og:image\" content=\"https:\/\/www.pogotowieflagowe.pl\/aktualne\/wp-content\/uploads\/2025\/02\/GP-traci-pozew-o-satyryczne-przedstawienie-TUSK-Ostrzezenie-dla-innych.jpg\" \/>\n\t<meta property=\"og:image:width\" content=\"1280\" \/>\n\t<meta property=\"og:image:height\" content=\"720\" \/>\n\t<meta property=\"og:image:type\" content=\"image\/jpeg\" \/>\n<meta name=\"author\" content=\"Filip\" \/>\n<meta name=\"twitter:card\" content=\"summary_large_image\" \/>\n<meta name=\"twitter:label1\" content=\"Napisane przez\" \/>\n\t<meta name=\"twitter:data1\" content=\"Filip\" \/>\n\t<meta name=\"twitter:label2\" content=\"Szacowany czas czytania\" \/>\n\t<meta name=\"twitter:data2\" content=\"2 minuty\" \/>\n<script type=\"application\/ld+json\" class=\"yoast-schema-graph\">{\"@context\":\"https:\/\/schema.org\",\"@graph\":[{\"@type\":\"Article\",\"@id\":\"https:\/\/www.pogotowieflagowe.pl\/aktualne\/gp-traci-pozew-o-satyryczne-przedstawienie-tusk-ostrzezenie-dla-innych-punktow-sprzedazy\/#article\",\"isPartOf\":{\"@id\":\"https:\/\/www.pogotowieflagowe.pl\/aktualne\/gp-traci-pozew-o-satyryczne-przedstawienie-tusk-ostrzezenie-dla-innych-punktow-sprzedazy\/\"},\"author\":{\"name\":\"Filip\",\"@id\":\"https:\/\/www.pogotowieflagowe.pl\/aktualne\/#\/schema\/person\/9c2fb7d2362ebf6fa088960d7f0d27b0\"},\"headline\":\"GP traci pozew o satyryczne przedstawienie TUSK: Ostrze\u017cenie dla innych punkt\u00f3w sprzeda\u017cy?\",\"datePublished\":\"2025-02-20T08:47:35+00:00\",\"dateModified\":\"2025-02-20T08:47:36+00:00\",\"mainEntityOfPage\":{\"@id\":\"https:\/\/www.pogotowieflagowe.pl\/aktualne\/gp-traci-pozew-o-satyryczne-przedstawienie-tusk-ostrzezenie-dla-innych-punktow-sprzedazy\/\"},\"wordCount\":331,\"publisher\":{\"@id\":\"https:\/\/www.pogotowieflagowe.pl\/aktualne\/#organization\"},\"image\":{\"@id\":\"https:\/\/www.pogotowieflagowe.pl\/aktualne\/gp-traci-pozew-o-satyryczne-przedstawienie-tusk-ostrzezenie-dla-innych-punktow-sprzedazy\/#primaryimage\"},\"thumbnailUrl\":\"https:\/\/www.pogotowieflagowe.pl\/aktualne\/wp-content\/uploads\/2025\/02\/GP-traci-pozew-o-satyryczne-przedstawienie-TUSK-Ostrzezenie-dla-innych.jpg\",\"keywords\":[\"dla\",\"innych\",\"ostrze\u017cenie\",\"pozew\",\"przedstawienie\",\"punkt\u00f3w\",\"satyryczne\",\"sprzeda\u017cy\",\"traci\",\"Tusk\"],\"articleSection\":[\"Aktualne\"],\"inLanguage\":\"pl-PL\"},{\"@type\":\"WebPage\",\"@id\":\"https:\/\/www.pogotowieflagowe.pl\/aktualne\/gp-traci-pozew-o-satyryczne-przedstawienie-tusk-ostrzezenie-dla-innych-punktow-sprzedazy\/\",\"url\":\"https:\/\/www.pogotowieflagowe.pl\/aktualne\/gp-traci-pozew-o-satyryczne-przedstawienie-tusk-ostrzezenie-dla-innych-punktow-sprzedazy\/\",\"name\":\"GP traci pozew o satyryczne przedstawienie TUSK: Ostrze\u017cenie dla innych punkt\u00f3w sprzeda\u017cy? - POGOTOWIE FLAGOWE\u00ae\",\"isPartOf\":{\"@id\":\"https:\/\/www.pogotowieflagowe.pl\/aktualne\/#website\"},\"primaryImageOfPage\":{\"@id\":\"https:\/\/www.pogotowieflagowe.pl\/aktualne\/gp-traci-pozew-o-satyryczne-przedstawienie-tusk-ostrzezenie-dla-innych-punktow-sprzedazy\/#primaryimage\"},\"image\":{\"@id\":\"https:\/\/www.pogotowieflagowe.pl\/aktualne\/gp-traci-pozew-o-satyryczne-przedstawienie-tusk-ostrzezenie-dla-innych-punktow-sprzedazy\/#primaryimage\"},\"thumbnailUrl\":\"https:\/\/www.pogotowieflagowe.pl\/aktualne\/wp-content\/uploads\/2025\/02\/GP-traci-pozew-o-satyryczne-przedstawienie-TUSK-Ostrzezenie-dla-innych.jpg\",\"datePublished\":\"2025-02-20T08:47:35+00:00\",\"dateModified\":\"2025-02-20T08:47:36+00:00\",\"breadcrumb\":{\"@id\":\"https:\/\/www.pogotowieflagowe.pl\/aktualne\/gp-traci-pozew-o-satyryczne-przedstawienie-tusk-ostrzezenie-dla-innych-punktow-sprzedazy\/#breadcrumb\"},\"inLanguage\":\"pl-PL\",\"potentialAction\":[{\"@type\":\"ReadAction\",\"target\":[\"https:\/\/www.pogotowieflagowe.pl\/aktualne\/gp-traci-pozew-o-satyryczne-przedstawienie-tusk-ostrzezenie-dla-innych-punktow-sprzedazy\/\"]}]},{\"@type\":\"ImageObject\",\"inLanguage\":\"pl-PL\",\"@id\":\"https:\/\/www.pogotowieflagowe.pl\/aktualne\/gp-traci-pozew-o-satyryczne-przedstawienie-tusk-ostrzezenie-dla-innych-punktow-sprzedazy\/#primaryimage\",\"url\":\"https:\/\/www.pogotowieflagowe.pl\/aktualne\/wp-content\/uploads\/2025\/02\/GP-traci-pozew-o-satyryczne-przedstawienie-TUSK-Ostrzezenie-dla-innych.jpg\",\"contentUrl\":\"https:\/\/www.pogotowieflagowe.pl\/aktualne\/wp-content\/uploads\/2025\/02\/GP-traci-pozew-o-satyryczne-przedstawienie-TUSK-Ostrzezenie-dla-innych.jpg\",\"width\":1280,\"height\":720,\"caption\":\"GP traci pozew o satyryczne przedstawienie TUSK: Ostrze\u017cenie dla innych punkt\u00f3w sprzeda\u017cy?\"},{\"@type\":\"BreadcrumbList\",\"@id\":\"https:\/\/www.pogotowieflagowe.pl\/aktualne\/gp-traci-pozew-o-satyryczne-przedstawienie-tusk-ostrzezenie-dla-innych-punktow-sprzedazy\/#breadcrumb\",\"itemListElement\":[{\"@type\":\"ListItem\",\"position\":1,\"name\":\"Home\",\"item\":\"https:\/\/www.pogotowieflagowe.pl\/aktualne\/\"},{\"@type\":\"ListItem\",\"position\":2,\"name\":\"GP traci pozew o satyryczne przedstawienie TUSK: Ostrze\u017cenie dla innych punkt\u00f3w sprzeda\u017cy?\"}]},{\"@type\":\"WebSite\",\"@id\":\"https:\/\/www.pogotowieflagowe.pl\/aktualne\/#website\",\"url\":\"https:\/\/www.pogotowieflagowe.pl\/aktualne\/\",\"name\":\"POGOTOWIE FLAGOWE\u00ae\",\"description\":\"\",\"publisher\":{\"@id\":\"https:\/\/www.pogotowieflagowe.pl\/aktualne\/#organization\"},\"potentialAction\":[{\"@type\":\"SearchAction\",\"target\":{\"@type\":\"EntryPoint\",\"urlTemplate\":\"https:\/\/www.pogotowieflagowe.pl\/aktualne\/?s={search_term_string}\"},\"query-input\":\"required name=search_term_string\"}],\"inLanguage\":\"pl-PL\"},{\"@type\":\"Organization\",\"@id\":\"https:\/\/www.pogotowieflagowe.pl\/aktualne\/#organization\",\"name\":\"POGOTOWIE FLAGOWE\u00ae\",\"url\":\"https:\/\/www.pogotowieflagowe.pl\/aktualne\/\",\"logo\":{\"@type\":\"ImageObject\",\"inLanguage\":\"pl-PL\",\"@id\":\"https:\/\/www.pogotowieflagowe.pl\/aktualne\/#\/schema\/logo\/image\/\",\"url\":\"https:\/\/www.pogotowieflagowe.pl\/aktualne\/wp-content\/uploads\/2024\/08\/cropped-pogotowieflagowe_flaga_projekt_sm.jpg\",\"contentUrl\":\"https:\/\/www.pogotowieflagowe.pl\/aktualne\/wp-content\/uploads\/2024\/08\/cropped-pogotowieflagowe_flaga_projekt_sm.jpg\",\"width\":250,\"height\":143,\"caption\":\"POGOTOWIE FLAGOWE\u00ae\"},\"image\":{\"@id\":\"https:\/\/www.pogotowieflagowe.pl\/aktualne\/#\/schema\/logo\/image\/\"}},{\"@type\":\"Person\",\"@id\":\"https:\/\/www.pogotowieflagowe.pl\/aktualne\/#\/schema\/person\/9c2fb7d2362ebf6fa088960d7f0d27b0\",\"name\":\"Filip\",\"image\":{\"@type\":\"ImageObject\",\"inLanguage\":\"pl-PL\",\"@id\":\"https:\/\/www.pogotowieflagowe.pl\/aktualne\/#\/schema\/person\/image\/\",\"url\":\"https:\/\/www.pogotowieflagowe.pl\/aktualne\/wp-content\/uploads\/2024\/08\/pogotowieflagowe.pl_.jpg\",\"contentUrl\":\"https:\/\/www.pogotowieflagowe.pl\/aktualne\/wp-content\/uploads\/2024\/08\/pogotowieflagowe.pl_.jpg\",\"caption\":\"Filip\"},\"description\":\"Jestem Filip, polski dziennikarz z dyplomem nauk politycznych Uniwersytetu Warszawskiego. Rozpoczynaj\u0105c swoj\u0105 karier\u0119 w r\u00f3\u017cnych lokalnych mediach, zdoby\u0142em solidne do\u015bwiadczenie w zakresie \u015bledztwa i redakcji. Obecnie jako redaktor w Pogotowie flagowe, staram si\u0119 dostarcza\u0107 dog\u0142\u0119bne i istotne analizy na temat najwa\u017cniejszych kwestii aktualno\u015bci, \u0142\u0105cz\u0105c rygor z pasj\u0105 dziennikarsk\u0105.\",\"sameAs\":[\"https:\/\/www.pogotowieflagowe.pl\/\"]}]}<\/script>\n<!-- \/ Yoast SEO plugin. -->","yoast_head_json":{"title":"GP traci pozew o satyryczne przedstawienie TUSK: Ostrze\u017cenie dla innych punkt\u00f3w sprzeda\u017cy? - POGOTOWIE FLAGOWE\u00ae","robots":{"index":"index","follow":"follow","max-snippet":"max-snippet:-1","max-image-preview":"max-image-preview:large","max-video-preview":"max-video-preview:-1"},"canonical":"https:\/\/www.pogotowieflagowe.pl\/aktualne\/gp-traci-pozew-o-satyryczne-przedstawienie-tusk-ostrzezenie-dla-innych-punktow-sprzedazy\/","og_locale":"pl_PL","og_type":"article","og_title":"GP traci pozew o satyryczne przedstawienie TUSK: Ostrze\u017cenie dla innych punkt\u00f3w sprzeda\u017cy? - POGOTOWIE FLAGOWE\u00ae","og_description":"Legalna bitwa mi\u0119dzy by\u0142ym polskim liderem opozycji Donaldem Tuskiem i \u201eGazeta Polska\u201d wyci\u0105gn\u0119\u0142a wniosek w s\u0105dzie rejonowym Warszawskim. Orzeczenie nakazuje","og_url":"https:\/\/www.pogotowieflagowe.pl\/aktualne\/gp-traci-pozew-o-satyryczne-przedstawienie-tusk-ostrzezenie-dla-innych-punktow-sprzedazy\/","og_site_name":"POGOTOWIE FLAGOWE\u00ae","article_published_time":"2025-02-20T08:47:35+00:00","article_modified_time":"2025-02-20T08:47:36+00:00","og_image":[{"width":1280,"height":720,"url":"https:\/\/www.pogotowieflagowe.pl\/aktualne\/wp-content\/uploads\/2025\/02\/GP-traci-pozew-o-satyryczne-przedstawienie-TUSK-Ostrzezenie-dla-innych.jpg","type":"image\/jpeg"}],"author":"Filip","twitter_card":"summary_large_image","twitter_misc":{"Napisane przez":"Filip","Szacowany czas czytania":"2 minuty"},"schema":{"@context":"https:\/\/schema.org","@graph":[{"@type":"Article","@id":"https:\/\/www.pogotowieflagowe.pl\/aktualne\/gp-traci-pozew-o-satyryczne-przedstawienie-tusk-ostrzezenie-dla-innych-punktow-sprzedazy\/#article","isPartOf":{"@id":"https:\/\/www.pogotowieflagowe.pl\/aktualne\/gp-traci-pozew-o-satyryczne-przedstawienie-tusk-ostrzezenie-dla-innych-punktow-sprzedazy\/"},"author":{"name":"Filip","@id":"https:\/\/www.pogotowieflagowe.pl\/aktualne\/#\/schema\/person\/9c2fb7d2362ebf6fa088960d7f0d27b0"},"headline":"GP traci pozew o satyryczne przedstawienie TUSK: Ostrze\u017cenie dla innych punkt\u00f3w sprzeda\u017cy?","datePublished":"2025-02-20T08:47:35+00:00","dateModified":"2025-02-20T08:47:36+00:00","mainEntityOfPage":{"@id":"https:\/\/www.pogotowieflagowe.pl\/aktualne\/gp-traci-pozew-o-satyryczne-przedstawienie-tusk-ostrzezenie-dla-innych-punktow-sprzedazy\/"},"wordCount":331,"publisher":{"@id":"https:\/\/www.pogotowieflagowe.pl\/aktualne\/#organization"},"image":{"@id":"https:\/\/www.pogotowieflagowe.pl\/aktualne\/gp-traci-pozew-o-satyryczne-przedstawienie-tusk-ostrzezenie-dla-innych-punktow-sprzedazy\/#primaryimage"},"thumbnailUrl":"https:\/\/www.pogotowieflagowe.pl\/aktualne\/wp-content\/uploads\/2025\/02\/GP-traci-pozew-o-satyryczne-przedstawienie-TUSK-Ostrzezenie-dla-innych.jpg","keywords":["dla","innych","ostrze\u017cenie","pozew","przedstawienie","punkt\u00f3w","satyryczne","sprzeda\u017cy","traci","Tusk"],"articleSection":["Aktualne"],"inLanguage":"pl-PL"},{"@type":"WebPage","@id":"https:\/\/www.pogotowieflagowe.pl\/aktualne\/gp-traci-pozew-o-satyryczne-przedstawienie-tusk-ostrzezenie-dla-innych-punktow-sprzedazy\/","url":"https:\/\/www.pogotowieflagowe.pl\/aktualne\/gp-traci-pozew-o-satyryczne-przedstawienie-tusk-ostrzezenie-dla-innych-punktow-sprzedazy\/","name":"GP traci pozew o satyryczne przedstawienie TUSK: Ostrze\u017cenie dla innych punkt\u00f3w sprzeda\u017cy? - POGOTOWIE FLAGOWE\u00ae","isPartOf":{"@id":"https:\/\/www.pogotowieflagowe.pl\/aktualne\/#website"},"primaryImageOfPage":{"@id":"https:\/\/www.pogotowieflagowe.pl\/aktualne\/gp-traci-pozew-o-satyryczne-przedstawienie-tusk-ostrzezenie-dla-innych-punktow-sprzedazy\/#primaryimage"},"image":{"@id":"https:\/\/www.pogotowieflagowe.pl\/aktualne\/gp-traci-pozew-o-satyryczne-przedstawienie-tusk-ostrzezenie-dla-innych-punktow-sprzedazy\/#primaryimage"},"thumbnailUrl":"https:\/\/www.pogotowieflagowe.pl\/aktualne\/wp-content\/uploads\/2025\/02\/GP-traci-pozew-o-satyryczne-przedstawienie-TUSK-Ostrzezenie-dla-innych.jpg","datePublished":"2025-02-20T08:47:35+00:00","dateModified":"2025-02-20T08:47:36+00:00","breadcrumb":{"@id":"https:\/\/www.pogotowieflagowe.pl\/aktualne\/gp-traci-pozew-o-satyryczne-przedstawienie-tusk-ostrzezenie-dla-innych-punktow-sprzedazy\/#breadcrumb"},"inLanguage":"pl-PL","potentialAction":[{"@type":"ReadAction","target":["https:\/\/www.pogotowieflagowe.pl\/aktualne\/gp-traci-pozew-o-satyryczne-przedstawienie-tusk-ostrzezenie-dla-innych-punktow-sprzedazy\/"]}]},{"@type":"ImageObject","inLanguage":"pl-PL","@id":"https:\/\/www.pogotowieflagowe.pl\/aktualne\/gp-traci-pozew-o-satyryczne-przedstawienie-tusk-ostrzezenie-dla-innych-punktow-sprzedazy\/#primaryimage","url":"https:\/\/www.pogotowieflagowe.pl\/aktualne\/wp-content\/uploads\/2025\/02\/GP-traci-pozew-o-satyryczne-przedstawienie-TUSK-Ostrzezenie-dla-innych.jpg","contentUrl":"https:\/\/www.pogotowieflagowe.pl\/aktualne\/wp-content\/uploads\/2025\/02\/GP-traci-pozew-o-satyryczne-przedstawienie-TUSK-Ostrzezenie-dla-innych.jpg","width":1280,"height":720,"caption":"GP traci pozew o satyryczne przedstawienie TUSK: Ostrze\u017cenie dla innych punkt\u00f3w sprzeda\u017cy?"},{"@type":"BreadcrumbList","@id":"https:\/\/www.pogotowieflagowe.pl\/aktualne\/gp-traci-pozew-o-satyryczne-przedstawienie-tusk-ostrzezenie-dla-innych-punktow-sprzedazy\/#breadcrumb","itemListElement":[{"@type":"ListItem","position":1,"name":"Home","item":"https:\/\/www.pogotowieflagowe.pl\/aktualne\/"},{"@type":"ListItem","position":2,"name":"GP traci pozew o satyryczne przedstawienie TUSK: Ostrze\u017cenie dla innych punkt\u00f3w sprzeda\u017cy?"}]},{"@type":"WebSite","@id":"https:\/\/www.pogotowieflagowe.pl\/aktualne\/#website","url":"https:\/\/www.pogotowieflagowe.pl\/aktualne\/","name":"POGOTOWIE FLAGOWE\u00ae","description":"","publisher":{"@id":"https:\/\/www.pogotowieflagowe.pl\/aktualne\/#organization"},"potentialAction":[{"@type":"SearchAction","target":{"@type":"EntryPoint","urlTemplate":"https:\/\/www.pogotowieflagowe.pl\/aktualne\/?s={search_term_string}"},"query-input":"required name=search_term_string"}],"inLanguage":"pl-PL"},{"@type":"Organization","@id":"https:\/\/www.pogotowieflagowe.pl\/aktualne\/#organization","name":"POGOTOWIE FLAGOWE\u00ae","url":"https:\/\/www.pogotowieflagowe.pl\/aktualne\/","logo":{"@type":"ImageObject","inLanguage":"pl-PL","@id":"https:\/\/www.pogotowieflagowe.pl\/aktualne\/#\/schema\/logo\/image\/","url":"https:\/\/www.pogotowieflagowe.pl\/aktualne\/wp-content\/uploads\/2024\/08\/cropped-pogotowieflagowe_flaga_projekt_sm.jpg","contentUrl":"https:\/\/www.pogotowieflagowe.pl\/aktualne\/wp-content\/uploads\/2024\/08\/cropped-pogotowieflagowe_flaga_projekt_sm.jpg","width":250,"height":143,"caption":"POGOTOWIE FLAGOWE\u00ae"},"image":{"@id":"https:\/\/www.pogotowieflagowe.pl\/aktualne\/#\/schema\/logo\/image\/"}},{"@type":"Person","@id":"https:\/\/www.pogotowieflagowe.pl\/aktualne\/#\/schema\/person\/9c2fb7d2362ebf6fa088960d7f0d27b0","name":"Filip","image":{"@type":"ImageObject","inLanguage":"pl-PL","@id":"https:\/\/www.pogotowieflagowe.pl\/aktualne\/#\/schema\/person\/image\/","url":"https:\/\/www.pogotowieflagowe.pl\/aktualne\/wp-content\/uploads\/2024\/08\/pogotowieflagowe.pl_.jpg","contentUrl":"https:\/\/www.pogotowieflagowe.pl\/aktualne\/wp-content\/uploads\/2024\/08\/pogotowieflagowe.pl_.jpg","caption":"Filip"},"description":"Jestem Filip, polski dziennikarz z dyplomem nauk politycznych Uniwersytetu Warszawskiego. Rozpoczynaj\u0105c swoj\u0105 karier\u0119 w r\u00f3\u017cnych lokalnych mediach, zdoby\u0142em solidne do\u015bwiadczenie w zakresie \u015bledztwa i redakcji. Obecnie jako redaktor w Pogotowie flagowe, staram si\u0119 dostarcza\u0107 dog\u0142\u0119bne i istotne analizy na temat najwa\u017cniejszych kwestii aktualno\u015bci, \u0142\u0105cz\u0105c rygor z pasj\u0105 dziennikarsk\u0105.","sameAs":["https:\/\/www.pogotowieflagowe.pl\/"]}]}},"_links":{"self":[{"href":"https:\/\/www.pogotowieflagowe.pl\/aktualne\/wp-json\/wp\/v2\/posts\/4061","targetHints":{"allow":["GET"]}}],"collection":[{"href":"https:\/\/www.pogotowieflagowe.pl\/aktualne\/wp-json\/wp\/v2\/posts"}],"about":[{"href":"https:\/\/www.pogotowieflagowe.pl\/aktualne\/wp-json\/wp\/v2\/types\/post"}],"author":[{"embeddable":true,"href":"https:\/\/www.pogotowieflagowe.pl\/aktualne\/wp-json\/wp\/v2\/users\/1"}],"replies":[{"embeddable":true,"href":"https:\/\/www.pogotowieflagowe.pl\/aktualne\/wp-json\/wp\/v2\/comments?post=4061"}],"version-history":[{"count":1,"href":"https:\/\/www.pogotowieflagowe.pl\/aktualne\/wp-json\/wp\/v2\/posts\/4061\/revisions"}],"predecessor-version":[{"id":4063,"href":"https:\/\/www.pogotowieflagowe.pl\/aktualne\/wp-json\/wp\/v2\/posts\/4061\/revisions\/4063"}],"wp:featuredmedia":[{"embeddable":true,"href":"https:\/\/www.pogotowieflagowe.pl\/aktualne\/wp-json\/wp\/v2\/media\/4062"}],"wp:attachment":[{"href":"https:\/\/www.pogotowieflagowe.pl\/aktualne\/wp-json\/wp\/v2\/media?parent=4061"}],"wp:term":[{"taxonomy":"category","embeddable":true,"href":"https:\/\/www.pogotowieflagowe.pl\/aktualne\/wp-json\/wp\/v2\/categories?post=4061"},{"taxonomy":"post_tag","embeddable":true,"href":"https:\/\/www.pogotowieflagowe.pl\/aktualne\/wp-json\/wp\/v2\/tags?post=4061"}],"curies":[{"name":"wp","href":"https:\/\/api.w.org\/{rel}","templated":true}]}}