{"id":4064,"date":"2025-02-20T14:47:13","date_gmt":"2025-02-20T13:47:13","guid":{"rendered":"https:\/\/www.pogotowieflagowe.pl\/aktualne\/sakiewicz-europejska-tendencja-do-obrazania-sie-w-stanach-zjednoczonych\/"},"modified":"2025-02-20T14:47:14","modified_gmt":"2025-02-20T13:47:14","slug":"sakiewicz-europejska-tendencja-do-obrazania-sie-w-stanach-zjednoczonych","status":"publish","type":"post","link":"https:\/\/www.pogotowieflagowe.pl\/aktualne\/sakiewicz-europejska-tendencja-do-obrazania-sie-w-stanach-zjednoczonych\/","title":{"rendered":"Sakiewicz: Europejska tendencja do obra\u017cania si\u0119 w Stanach Zjednoczonych"},"content":{"rendered":"\n<div class=\"td_block_wrap tdb_single_content tdi_41 td-pb-border-top td_block_template_8 td-post-content tagdiv-type\" data-td-block-uid=\"tdi_41\">\n<style>.tdi_41 {margin-top: 0px! Wa\u017cne; margines-bottom: 0px! WA\u017bNY; PALDING-TOP: 0PX! WA\u017bNY; PALDING-BOTTOM: 0PX! WA\u017bNE}<\/style>\n<style>.tdb_single_content {margin-bottom: 0;*zoom: 1} .tdb_single_content: wcze\u015bniej, .tdb_single_content: po {display: Table; content: ''; line-height: 0} .TDB-BLOCK-INner>*: nie (.WP-BLOCK-QUOTE): NOT (.Alignwide): not (.alignfull.wp-block-cover.has-parallax): not (.td-a-ad) {margin-left: auto; margin-right: auto} .tdb_single_content a {wska\u017anik-events: auto} .tdb_single_content .td-spot-top_ad .tdc-pl-plameholder-title: przed {content: \u201eArtyku\u0142 top ad\u201d! Wa\u017cne} .tdb_single_content .td-spot-id-inline_ad0 .tdc-- THE PLACEHENTER TITLE: Wcze\u015bniej {content: \u201eArtyku\u0142 inline AD 1 '! Wa\u017cne} .tdb_single_content .td-spot-id-inline_ad1 .tdc-miejsce-title: przed {content:' Artyku\u0142 inline AD 2 '! Wa\u017cny}. Tytu\u0142: Przed {Content: \u201eArtyku\u0142 Inline AD 3 '! Wa\u017cne} .tdb_single_content .td-Spot-Id-Bottom_Ad .tdc-Placeholder-Title: przed {content: \u201eArtyku\u0142 Bottom Ad\u201d! Wa\u017cne} .tdb_single_content .id_top_ad, .tdb_single_content_content .id_bottom_ad {clear: oba; margin-bottom: 21px; text-align: Center} .tdb_single_content .id_top_ad img, .tdb_single_content .id_bottom_ad img {margin-bottom: 0} .tdb_single_conTent .id_top_ad .adsbyGoogle, .tdb_single_content .id_bottom_ad .adsbyGoogle {pozycja: relatyw} .tdb_single_content .id_ad_content-horiz-left, .tdb_single_content .id_ad_content-horiz-right, .tdb_single_content .id_ad_content-horiz-Center {margin-bottom: 15px} .tdb_single_content .id_ad_content-horiz-left Img, .tdb_single_content .id_ad_content-horiz-right img, .tdb_single_content .id_ad_content-horiz-centerter img {margin-bottom: 0} .tdb_single_content .id_ad_content-horiz-center {text-align: Center} .tdb_single_content .id_ad_content-horiz-center img {margin-right: auto; margin-let: auto} .tdb_single_content .id_ad_content-horiz-left {float: left; margin-top: 9px; margin-right: 21px} .tdb_single_content .id_ad_content-horiz-right {float: right; margin-top: 6px; margin-left: 21px} .tdb_single_content .tdc-a-ad .TDC-Placeholder-Title {szeroko\u015b\u0107: 300px; height: 250px} .tdb_single_content .tdc-a-ad .TDC-Placeholder-Title: Przed {Pozycja: Absolute; TOP: 50%;-WebKit-Transform: Translatey (-50%); Transform: Translatey (-50%); margines: auto; wy\u015bwietlacz: Tabela; szeroko\u015b\u0107: 100 %}. tdb_single_content .TDB-BLOCK-INNER.TD-FIX-INDEX {Word-Break: Break-word} .tdi_41, .tdi_41> p, .tdi_41 .tdb-block-inner> p, .wp-block-column> p {font -Size: 16px! Wa\u017cne; wysoko\u015b\u0107 linii: 1.6! Wa\u017cne} .tdi_41 .tdb-block-inner Blockquote P {font-styl: normalne! Wa\u017cne} @media (Max-Width: 767px) {. tdb_single_content .id_ad_content-horiz-left, .tdb_single_content .id_ad_content-horiz-right, .tdb_single_content .id_ad_content-horiz-center {Margin: 0 Auto 26px auto}}@media (Max-Width: 767px) {. tdb_single_content .id_ad_content-horiz-left {margin-right: 0}}@media (max-width: 767px) {. po lewej: 0}}@media (Max-Width: 767px) {. tdb_single_content .td-a-ad {float: none; text-align: Center} .tdb_single_content .td-a-ad img {margin-right: auto; margin-left: auto}. tdb_single_content .tdc-a-ad {float: none}}<\/style>\n<div class=\"tdb-block-inner td-fix-index\">\n<p>Europa ma od dawna nawyk obra\u017cania si\u0119 w Stanach Zjednoczonych, zw\u0142aszcza gdy Ameryka staje w sobie w\u0142asnych interes\u00f3w. Jak zauwa\u017cy\u0142 redaktor naczelny Tomasz Sakiewicz, \u201eEuropa ma zwyczaj obra\u017cania si\u0119 w Stanach Zjednoczonych, szczeg\u00f3lnie gdy USA broni swoich interes\u00f3w-nawet na koszt Europy, ale po prostu gdy odmawia bycia wykorzystanym\u201d.<\/p>\n<h2 class=\"wp-block-heading\">Polska lewica i agenda antyameryka\u0144ska<\/h2>\n<p>Niedawny raport by\u0142ego dyplomata Matthew Boyse&#8217;a i Petera Dorana z Fundacji Obrony Demokracji (FDD) przygl\u0105da si\u0119 pa\u0144stwu demokracji w Polsce pod obecn\u0105 koalicj\u0105 liberalno-lewicow\u0105. Raport zauwa\u017ca, \u017ce \u200b\u200bpowtarzaj\u0105 krytyk\u0119 by\u0142ego prezydenta USA Donalda Trumpa przez polskiego premiera Donalda Tuska i jego rz\u0105du. Autorzy stwierdzaj\u0105 wprost, \u017ce obecne przyw\u00f3dztwo Polski jest \u201ezdecydowanie proeuropejskie i pro-niemieckie\u201d.<\/p>\n<h2 class=\"wp-block-heading\">Relacje w USA-Europy spadaj\u0105<\/h2>\n<p>Omawiaj\u0105c ustalenia w telewizji Republika, Sakiewicz-Joining z USA-wraz z Micha\u0142em Racho\u0144skim i Karol Gartat, zaj\u0119\u0142o si\u0119 konsekwencjami dla stosunk\u00f3w USA-Europy. Sakiewicz przypomnia\u0142 sobie s\u0142owa wiceprezydenta USA JD Vance na konferencji bezpiecze\u0144stwa w Monachium: \u201eW szerokim interesie Ameryki jest obrona podstawowych warto\u015bci, takich jak wolno\u015b\u0107 s\u0142owa, demokracja i szacunek dla podstawowych praw cz\u0142owieka &#8211; warto\u015bci, kt\u00f3re s\u0105 dzi\u015b coraz cz\u0119\u015bciej naruszane w Europie . \u201d<\/p>\n<h2 class=\"wp-block-heading\">Niebezpieczna trajektoria Polski<\/h2>\n<p>Sakiewicz nie udost\u0119pni\u0142 s\u0142\u00f3w podczas dyskusji na temat obecnej trajektorii Polski, ostrzegaj\u0105c, \u017ce kraj przenosi si\u0119 na niebezpieczne terytorium, w kt\u00f3rym podwa\u017ca si\u0119 podstawowe warto\u015bci cywilizacji zachodniej i szacunku konstytucyjnego. Wed\u0142ug niego \u201ePolska, kwestionuj\u0105c podstawowe zasady cywilizacji zachodniej, zwraca si\u0119 przeciwko polityce przywracaj\u0105cej przez Trumpa. Pod przyw\u00f3dztwem Joe Bidena Ameryka zosta\u0142a z\u0142apana w paradoksie &#8211; jednej r\u0119ce, wypchni\u0119tej z Europy przez elity europejskie, podczas gdy z drugiej Europa b\u0142aga o ochron\u0119 USA przed Rosj\u0105. \u201d<\/p>\n<h2 class=\"wp-block-heading\">Spadek europejskiego porz\u0105dku TUSK<\/h2>\n<p>Je\u015bli chodzi o TUSK, Sakiewicz by\u0142 r\u00f3wnie t\u0119py: \u201eTusk jest pozosta\u0142o\u015bci\u0105 przestarza\u0142ego europejskiego porz\u0105dku politycznego, kt\u00f3ry po prostu nie mo\u017ce si\u0119 d\u0142u\u017cej utrzyma\u0107. Upadek rz\u0105d\u00f3w lewicowych w ca\u0142ej Europie jest tego dowodem. \u201d <\/p>\n<p>Sakiewicz zako\u0144czy\u0142 ostrze\u017ceniem: \u201ePolska pod Tuskiem odwr\u00f3ci\u0142a si\u0119 od Stan\u00f3w Zjednoczonych. Prowadzi nie tylko antyameryka\u0144ski projekt w Europie, ale aktywnie lekcewa\u017cy podstawowe warto\u015bci, kt\u00f3re od dawna s\u0105 podstaw\u0105 wolnego \u015bwiata. \u201d<\/p>\n<\/div>\n<\/div>\n","protected":false},"excerpt":{"rendered":"<p>Europa ma od dawna nawyk obra\u017cania si\u0119 w Stanach Zjednoczonych, zw\u0142aszcza gdy Ameryka staje w sobie w\u0142asnych interes\u00f3w. Jak zauwa\u017cy\u0142<\/p>\n","protected":false},"author":1,"featured_media":4065,"comment_status":"closed","ping_status":"","sticky":false,"template":"","format":"standard","meta":{"footnotes":""},"categories":[44],"tags":[914,5666,373,150,1954,5665,1955],"class_list":["post-4064","post","type-post","status-publish","format-standard","has-post-thumbnail","hentry","category-polityka","tag-europejska","tag-obrazania","tag-sakiewicz","tag-sie","tag-stanach","tag-tendencja","tag-zjednoczonych","generate-columns","tablet-grid-50","mobile-grid-100","grid-parent","grid-50","resize-featured-image"],"yoast_head":"<!-- This site is optimized with the Yoast SEO plugin v23.2 - https:\/\/yoast.com\/wordpress\/plugins\/seo\/ -->\n<title>Sakiewicz: Europejska tendencja do obra\u017cania si\u0119 w Stanach Zjednoczonych - POGOTOWIE FLAGOWE\u00ae<\/title>\n<meta name=\"robots\" content=\"index, follow, max-snippet:-1, max-image-preview:large, max-video-preview:-1\" \/>\n<link rel=\"canonical\" href=\"https:\/\/www.pogotowieflagowe.pl\/aktualne\/sakiewicz-europejska-tendencja-do-obrazania-sie-w-stanach-zjednoczonych\/\" \/>\n<meta property=\"og:locale\" content=\"pl_PL\" \/>\n<meta property=\"og:type\" content=\"article\" \/>\n<meta property=\"og:title\" content=\"Sakiewicz: Europejska tendencja do obra\u017cania si\u0119 w Stanach Zjednoczonych - POGOTOWIE FLAGOWE\u00ae\" \/>\n<meta property=\"og:description\" content=\"Europa ma od dawna nawyk obra\u017cania si\u0119 w Stanach Zjednoczonych, zw\u0142aszcza gdy Ameryka staje w sobie w\u0142asnych interes\u00f3w. Jak zauwa\u017cy\u0142\" \/>\n<meta property=\"og:url\" content=\"https:\/\/www.pogotowieflagowe.pl\/aktualne\/sakiewicz-europejska-tendencja-do-obrazania-sie-w-stanach-zjednoczonych\/\" \/>\n<meta property=\"og:site_name\" content=\"POGOTOWIE FLAGOWE\u00ae\" \/>\n<meta property=\"article:published_time\" content=\"2025-02-20T13:47:13+00:00\" \/>\n<meta property=\"article:modified_time\" content=\"2025-02-20T13:47:14+00:00\" \/>\n<meta property=\"og:image\" content=\"https:\/\/www.pogotowieflagowe.pl\/aktualne\/wp-content\/uploads\/2025\/02\/Sakiewicz-Europejska-tendencja-do-obrazania-sie-w-Stanach-Zjednoczonych.webp.webp\" \/>\n\t<meta property=\"og:image:width\" content=\"1280\" \/>\n\t<meta property=\"og:image:height\" content=\"720\" \/>\n\t<meta property=\"og:image:type\" content=\"image\/webp\" \/>\n<meta name=\"author\" content=\"Filip\" \/>\n<meta name=\"twitter:card\" content=\"summary_large_image\" \/>\n<meta name=\"twitter:label1\" content=\"Napisane przez\" \/>\n\t<meta name=\"twitter:data1\" content=\"Filip\" \/>\n\t<meta name=\"twitter:label2\" content=\"Szacowany czas czytania\" \/>\n\t<meta name=\"twitter:data2\" content=\"2 minuty\" \/>\n<script type=\"application\/ld+json\" class=\"yoast-schema-graph\">{\"@context\":\"https:\/\/schema.org\",\"@graph\":[{\"@type\":\"Article\",\"@id\":\"https:\/\/www.pogotowieflagowe.pl\/aktualne\/sakiewicz-europejska-tendencja-do-obrazania-sie-w-stanach-zjednoczonych\/#article\",\"isPartOf\":{\"@id\":\"https:\/\/www.pogotowieflagowe.pl\/aktualne\/sakiewicz-europejska-tendencja-do-obrazania-sie-w-stanach-zjednoczonych\/\"},\"author\":{\"name\":\"Filip\",\"@id\":\"https:\/\/www.pogotowieflagowe.pl\/aktualne\/#\/schema\/person\/9c2fb7d2362ebf6fa088960d7f0d27b0\"},\"headline\":\"Sakiewicz: Europejska tendencja do obra\u017cania si\u0119 w Stanach Zjednoczonych\",\"datePublished\":\"2025-02-20T13:47:13+00:00\",\"dateModified\":\"2025-02-20T13:47:14+00:00\",\"mainEntityOfPage\":{\"@id\":\"https:\/\/www.pogotowieflagowe.pl\/aktualne\/sakiewicz-europejska-tendencja-do-obrazania-sie-w-stanach-zjednoczonych\/\"},\"wordCount\":395,\"publisher\":{\"@id\":\"https:\/\/www.pogotowieflagowe.pl\/aktualne\/#organization\"},\"image\":{\"@id\":\"https:\/\/www.pogotowieflagowe.pl\/aktualne\/sakiewicz-europejska-tendencja-do-obrazania-sie-w-stanach-zjednoczonych\/#primaryimage\"},\"thumbnailUrl\":\"https:\/\/www.pogotowieflagowe.pl\/aktualne\/wp-content\/uploads\/2025\/02\/Sakiewicz-Europejska-tendencja-do-obrazania-sie-w-Stanach-Zjednoczonych.webp.webp\",\"keywords\":[\"Europejska\",\"obra\u017cania\",\"Sakiewicz\",\"si\u0119\",\"Stanach\",\"tendencja\",\"Zjednoczonych\"],\"articleSection\":[\"Polityka\"],\"inLanguage\":\"pl-PL\"},{\"@type\":\"WebPage\",\"@id\":\"https:\/\/www.pogotowieflagowe.pl\/aktualne\/sakiewicz-europejska-tendencja-do-obrazania-sie-w-stanach-zjednoczonych\/\",\"url\":\"https:\/\/www.pogotowieflagowe.pl\/aktualne\/sakiewicz-europejska-tendencja-do-obrazania-sie-w-stanach-zjednoczonych\/\",\"name\":\"Sakiewicz: Europejska tendencja do obra\u017cania si\u0119 w Stanach Zjednoczonych - POGOTOWIE FLAGOWE\u00ae\",\"isPartOf\":{\"@id\":\"https:\/\/www.pogotowieflagowe.pl\/aktualne\/#website\"},\"primaryImageOfPage\":{\"@id\":\"https:\/\/www.pogotowieflagowe.pl\/aktualne\/sakiewicz-europejska-tendencja-do-obrazania-sie-w-stanach-zjednoczonych\/#primaryimage\"},\"image\":{\"@id\":\"https:\/\/www.pogotowieflagowe.pl\/aktualne\/sakiewicz-europejska-tendencja-do-obrazania-sie-w-stanach-zjednoczonych\/#primaryimage\"},\"thumbnailUrl\":\"https:\/\/www.pogotowieflagowe.pl\/aktualne\/wp-content\/uploads\/2025\/02\/Sakiewicz-Europejska-tendencja-do-obrazania-sie-w-Stanach-Zjednoczonych.webp.webp\",\"datePublished\":\"2025-02-20T13:47:13+00:00\",\"dateModified\":\"2025-02-20T13:47:14+00:00\",\"breadcrumb\":{\"@id\":\"https:\/\/www.pogotowieflagowe.pl\/aktualne\/sakiewicz-europejska-tendencja-do-obrazania-sie-w-stanach-zjednoczonych\/#breadcrumb\"},\"inLanguage\":\"pl-PL\",\"potentialAction\":[{\"@type\":\"ReadAction\",\"target\":[\"https:\/\/www.pogotowieflagowe.pl\/aktualne\/sakiewicz-europejska-tendencja-do-obrazania-sie-w-stanach-zjednoczonych\/\"]}]},{\"@type\":\"ImageObject\",\"inLanguage\":\"pl-PL\",\"@id\":\"https:\/\/www.pogotowieflagowe.pl\/aktualne\/sakiewicz-europejska-tendencja-do-obrazania-sie-w-stanach-zjednoczonych\/#primaryimage\",\"url\":\"https:\/\/www.pogotowieflagowe.pl\/aktualne\/wp-content\/uploads\/2025\/02\/Sakiewicz-Europejska-tendencja-do-obrazania-sie-w-Stanach-Zjednoczonych.webp.webp\",\"contentUrl\":\"https:\/\/www.pogotowieflagowe.pl\/aktualne\/wp-content\/uploads\/2025\/02\/Sakiewicz-Europejska-tendencja-do-obrazania-sie-w-Stanach-Zjednoczonych.webp.webp\",\"width\":1280,\"height\":720,\"caption\":\"Sakiewicz: Europejska tendencja do obra\u017cania si\u0119 w Stanach Zjednoczonych\"},{\"@type\":\"BreadcrumbList\",\"@id\":\"https:\/\/www.pogotowieflagowe.pl\/aktualne\/sakiewicz-europejska-tendencja-do-obrazania-sie-w-stanach-zjednoczonych\/#breadcrumb\",\"itemListElement\":[{\"@type\":\"ListItem\",\"position\":1,\"name\":\"Home\",\"item\":\"https:\/\/www.pogotowieflagowe.pl\/aktualne\/\"},{\"@type\":\"ListItem\",\"position\":2,\"name\":\"Sakiewicz: Europejska tendencja do obra\u017cania si\u0119 w Stanach Zjednoczonych\"}]},{\"@type\":\"WebSite\",\"@id\":\"https:\/\/www.pogotowieflagowe.pl\/aktualne\/#website\",\"url\":\"https:\/\/www.pogotowieflagowe.pl\/aktualne\/\",\"name\":\"POGOTOWIE FLAGOWE\u00ae\",\"description\":\"\",\"publisher\":{\"@id\":\"https:\/\/www.pogotowieflagowe.pl\/aktualne\/#organization\"},\"potentialAction\":[{\"@type\":\"SearchAction\",\"target\":{\"@type\":\"EntryPoint\",\"urlTemplate\":\"https:\/\/www.pogotowieflagowe.pl\/aktualne\/?s={search_term_string}\"},\"query-input\":\"required name=search_term_string\"}],\"inLanguage\":\"pl-PL\"},{\"@type\":\"Organization\",\"@id\":\"https:\/\/www.pogotowieflagowe.pl\/aktualne\/#organization\",\"name\":\"POGOTOWIE FLAGOWE\u00ae\",\"url\":\"https:\/\/www.pogotowieflagowe.pl\/aktualne\/\",\"logo\":{\"@type\":\"ImageObject\",\"inLanguage\":\"pl-PL\",\"@id\":\"https:\/\/www.pogotowieflagowe.pl\/aktualne\/#\/schema\/logo\/image\/\",\"url\":\"https:\/\/www.pogotowieflagowe.pl\/aktualne\/wp-content\/uploads\/2024\/08\/cropped-pogotowieflagowe_flaga_projekt_sm.jpg\",\"contentUrl\":\"https:\/\/www.pogotowieflagowe.pl\/aktualne\/wp-content\/uploads\/2024\/08\/cropped-pogotowieflagowe_flaga_projekt_sm.jpg\",\"width\":250,\"height\":143,\"caption\":\"POGOTOWIE FLAGOWE\u00ae\"},\"image\":{\"@id\":\"https:\/\/www.pogotowieflagowe.pl\/aktualne\/#\/schema\/logo\/image\/\"}},{\"@type\":\"Person\",\"@id\":\"https:\/\/www.pogotowieflagowe.pl\/aktualne\/#\/schema\/person\/9c2fb7d2362ebf6fa088960d7f0d27b0\",\"name\":\"Filip\",\"image\":{\"@type\":\"ImageObject\",\"inLanguage\":\"pl-PL\",\"@id\":\"https:\/\/www.pogotowieflagowe.pl\/aktualne\/#\/schema\/person\/image\/\",\"url\":\"https:\/\/www.pogotowieflagowe.pl\/aktualne\/wp-content\/uploads\/2024\/08\/pogotowieflagowe.pl_.jpg\",\"contentUrl\":\"https:\/\/www.pogotowieflagowe.pl\/aktualne\/wp-content\/uploads\/2024\/08\/pogotowieflagowe.pl_.jpg\",\"caption\":\"Filip\"},\"description\":\"Jestem Filip, polski dziennikarz z dyplomem nauk politycznych Uniwersytetu Warszawskiego. Rozpoczynaj\u0105c swoj\u0105 karier\u0119 w r\u00f3\u017cnych lokalnych mediach, zdoby\u0142em solidne do\u015bwiadczenie w zakresie \u015bledztwa i redakcji. Obecnie jako redaktor w Pogotowie flagowe, staram si\u0119 dostarcza\u0107 dog\u0142\u0119bne i istotne analizy na temat najwa\u017cniejszych kwestii aktualno\u015bci, \u0142\u0105cz\u0105c rygor z pasj\u0105 dziennikarsk\u0105.\",\"sameAs\":[\"https:\/\/www.pogotowieflagowe.pl\/\"]}]}<\/script>\n<!-- \/ Yoast SEO plugin. -->","yoast_head_json":{"title":"Sakiewicz: Europejska tendencja do obra\u017cania si\u0119 w Stanach Zjednoczonych - POGOTOWIE FLAGOWE\u00ae","robots":{"index":"index","follow":"follow","max-snippet":"max-snippet:-1","max-image-preview":"max-image-preview:large","max-video-preview":"max-video-preview:-1"},"canonical":"https:\/\/www.pogotowieflagowe.pl\/aktualne\/sakiewicz-europejska-tendencja-do-obrazania-sie-w-stanach-zjednoczonych\/","og_locale":"pl_PL","og_type":"article","og_title":"Sakiewicz: Europejska tendencja do obra\u017cania si\u0119 w Stanach Zjednoczonych - POGOTOWIE FLAGOWE\u00ae","og_description":"Europa ma od dawna nawyk obra\u017cania si\u0119 w Stanach Zjednoczonych, zw\u0142aszcza gdy Ameryka staje w sobie w\u0142asnych interes\u00f3w. Jak zauwa\u017cy\u0142","og_url":"https:\/\/www.pogotowieflagowe.pl\/aktualne\/sakiewicz-europejska-tendencja-do-obrazania-sie-w-stanach-zjednoczonych\/","og_site_name":"POGOTOWIE FLAGOWE\u00ae","article_published_time":"2025-02-20T13:47:13+00:00","article_modified_time":"2025-02-20T13:47:14+00:00","og_image":[{"width":1280,"height":720,"url":"https:\/\/www.pogotowieflagowe.pl\/aktualne\/wp-content\/uploads\/2025\/02\/Sakiewicz-Europejska-tendencja-do-obrazania-sie-w-Stanach-Zjednoczonych.webp.webp","type":"image\/webp"}],"author":"Filip","twitter_card":"summary_large_image","twitter_misc":{"Napisane przez":"Filip","Szacowany czas czytania":"2 minuty"},"schema":{"@context":"https:\/\/schema.org","@graph":[{"@type":"Article","@id":"https:\/\/www.pogotowieflagowe.pl\/aktualne\/sakiewicz-europejska-tendencja-do-obrazania-sie-w-stanach-zjednoczonych\/#article","isPartOf":{"@id":"https:\/\/www.pogotowieflagowe.pl\/aktualne\/sakiewicz-europejska-tendencja-do-obrazania-sie-w-stanach-zjednoczonych\/"},"author":{"name":"Filip","@id":"https:\/\/www.pogotowieflagowe.pl\/aktualne\/#\/schema\/person\/9c2fb7d2362ebf6fa088960d7f0d27b0"},"headline":"Sakiewicz: Europejska tendencja do obra\u017cania si\u0119 w Stanach Zjednoczonych","datePublished":"2025-02-20T13:47:13+00:00","dateModified":"2025-02-20T13:47:14+00:00","mainEntityOfPage":{"@id":"https:\/\/www.pogotowieflagowe.pl\/aktualne\/sakiewicz-europejska-tendencja-do-obrazania-sie-w-stanach-zjednoczonych\/"},"wordCount":395,"publisher":{"@id":"https:\/\/www.pogotowieflagowe.pl\/aktualne\/#organization"},"image":{"@id":"https:\/\/www.pogotowieflagowe.pl\/aktualne\/sakiewicz-europejska-tendencja-do-obrazania-sie-w-stanach-zjednoczonych\/#primaryimage"},"thumbnailUrl":"https:\/\/www.pogotowieflagowe.pl\/aktualne\/wp-content\/uploads\/2025\/02\/Sakiewicz-Europejska-tendencja-do-obrazania-sie-w-Stanach-Zjednoczonych.webp.webp","keywords":["Europejska","obra\u017cania","Sakiewicz","si\u0119","Stanach","tendencja","Zjednoczonych"],"articleSection":["Polityka"],"inLanguage":"pl-PL"},{"@type":"WebPage","@id":"https:\/\/www.pogotowieflagowe.pl\/aktualne\/sakiewicz-europejska-tendencja-do-obrazania-sie-w-stanach-zjednoczonych\/","url":"https:\/\/www.pogotowieflagowe.pl\/aktualne\/sakiewicz-europejska-tendencja-do-obrazania-sie-w-stanach-zjednoczonych\/","name":"Sakiewicz: Europejska tendencja do obra\u017cania si\u0119 w Stanach Zjednoczonych - POGOTOWIE FLAGOWE\u00ae","isPartOf":{"@id":"https:\/\/www.pogotowieflagowe.pl\/aktualne\/#website"},"primaryImageOfPage":{"@id":"https:\/\/www.pogotowieflagowe.pl\/aktualne\/sakiewicz-europejska-tendencja-do-obrazania-sie-w-stanach-zjednoczonych\/#primaryimage"},"image":{"@id":"https:\/\/www.pogotowieflagowe.pl\/aktualne\/sakiewicz-europejska-tendencja-do-obrazania-sie-w-stanach-zjednoczonych\/#primaryimage"},"thumbnailUrl":"https:\/\/www.pogotowieflagowe.pl\/aktualne\/wp-content\/uploads\/2025\/02\/Sakiewicz-Europejska-tendencja-do-obrazania-sie-w-Stanach-Zjednoczonych.webp.webp","datePublished":"2025-02-20T13:47:13+00:00","dateModified":"2025-02-20T13:47:14+00:00","breadcrumb":{"@id":"https:\/\/www.pogotowieflagowe.pl\/aktualne\/sakiewicz-europejska-tendencja-do-obrazania-sie-w-stanach-zjednoczonych\/#breadcrumb"},"inLanguage":"pl-PL","potentialAction":[{"@type":"ReadAction","target":["https:\/\/www.pogotowieflagowe.pl\/aktualne\/sakiewicz-europejska-tendencja-do-obrazania-sie-w-stanach-zjednoczonych\/"]}]},{"@type":"ImageObject","inLanguage":"pl-PL","@id":"https:\/\/www.pogotowieflagowe.pl\/aktualne\/sakiewicz-europejska-tendencja-do-obrazania-sie-w-stanach-zjednoczonych\/#primaryimage","url":"https:\/\/www.pogotowieflagowe.pl\/aktualne\/wp-content\/uploads\/2025\/02\/Sakiewicz-Europejska-tendencja-do-obrazania-sie-w-Stanach-Zjednoczonych.webp.webp","contentUrl":"https:\/\/www.pogotowieflagowe.pl\/aktualne\/wp-content\/uploads\/2025\/02\/Sakiewicz-Europejska-tendencja-do-obrazania-sie-w-Stanach-Zjednoczonych.webp.webp","width":1280,"height":720,"caption":"Sakiewicz: Europejska tendencja do obra\u017cania si\u0119 w Stanach Zjednoczonych"},{"@type":"BreadcrumbList","@id":"https:\/\/www.pogotowieflagowe.pl\/aktualne\/sakiewicz-europejska-tendencja-do-obrazania-sie-w-stanach-zjednoczonych\/#breadcrumb","itemListElement":[{"@type":"ListItem","position":1,"name":"Home","item":"https:\/\/www.pogotowieflagowe.pl\/aktualne\/"},{"@type":"ListItem","position":2,"name":"Sakiewicz: Europejska tendencja do obra\u017cania si\u0119 w Stanach Zjednoczonych"}]},{"@type":"WebSite","@id":"https:\/\/www.pogotowieflagowe.pl\/aktualne\/#website","url":"https:\/\/www.pogotowieflagowe.pl\/aktualne\/","name":"POGOTOWIE FLAGOWE\u00ae","description":"","publisher":{"@id":"https:\/\/www.pogotowieflagowe.pl\/aktualne\/#organization"},"potentialAction":[{"@type":"SearchAction","target":{"@type":"EntryPoint","urlTemplate":"https:\/\/www.pogotowieflagowe.pl\/aktualne\/?s={search_term_string}"},"query-input":"required name=search_term_string"}],"inLanguage":"pl-PL"},{"@type":"Organization","@id":"https:\/\/www.pogotowieflagowe.pl\/aktualne\/#organization","name":"POGOTOWIE FLAGOWE\u00ae","url":"https:\/\/www.pogotowieflagowe.pl\/aktualne\/","logo":{"@type":"ImageObject","inLanguage":"pl-PL","@id":"https:\/\/www.pogotowieflagowe.pl\/aktualne\/#\/schema\/logo\/image\/","url":"https:\/\/www.pogotowieflagowe.pl\/aktualne\/wp-content\/uploads\/2024\/08\/cropped-pogotowieflagowe_flaga_projekt_sm.jpg","contentUrl":"https:\/\/www.pogotowieflagowe.pl\/aktualne\/wp-content\/uploads\/2024\/08\/cropped-pogotowieflagowe_flaga_projekt_sm.jpg","width":250,"height":143,"caption":"POGOTOWIE FLAGOWE\u00ae"},"image":{"@id":"https:\/\/www.pogotowieflagowe.pl\/aktualne\/#\/schema\/logo\/image\/"}},{"@type":"Person","@id":"https:\/\/www.pogotowieflagowe.pl\/aktualne\/#\/schema\/person\/9c2fb7d2362ebf6fa088960d7f0d27b0","name":"Filip","image":{"@type":"ImageObject","inLanguage":"pl-PL","@id":"https:\/\/www.pogotowieflagowe.pl\/aktualne\/#\/schema\/person\/image\/","url":"https:\/\/www.pogotowieflagowe.pl\/aktualne\/wp-content\/uploads\/2024\/08\/pogotowieflagowe.pl_.jpg","contentUrl":"https:\/\/www.pogotowieflagowe.pl\/aktualne\/wp-content\/uploads\/2024\/08\/pogotowieflagowe.pl_.jpg","caption":"Filip"},"description":"Jestem Filip, polski dziennikarz z dyplomem nauk politycznych Uniwersytetu Warszawskiego. Rozpoczynaj\u0105c swoj\u0105 karier\u0119 w r\u00f3\u017cnych lokalnych mediach, zdoby\u0142em solidne do\u015bwiadczenie w zakresie \u015bledztwa i redakcji. Obecnie jako redaktor w Pogotowie flagowe, staram si\u0119 dostarcza\u0107 dog\u0142\u0119bne i istotne analizy na temat najwa\u017cniejszych kwestii aktualno\u015bci, \u0142\u0105cz\u0105c rygor z pasj\u0105 dziennikarsk\u0105.","sameAs":["https:\/\/www.pogotowieflagowe.pl\/"]}]}},"_links":{"self":[{"href":"https:\/\/www.pogotowieflagowe.pl\/aktualne\/wp-json\/wp\/v2\/posts\/4064","targetHints":{"allow":["GET"]}}],"collection":[{"href":"https:\/\/www.pogotowieflagowe.pl\/aktualne\/wp-json\/wp\/v2\/posts"}],"about":[{"href":"https:\/\/www.pogotowieflagowe.pl\/aktualne\/wp-json\/wp\/v2\/types\/post"}],"author":[{"embeddable":true,"href":"https:\/\/www.pogotowieflagowe.pl\/aktualne\/wp-json\/wp\/v2\/users\/1"}],"replies":[{"embeddable":true,"href":"https:\/\/www.pogotowieflagowe.pl\/aktualne\/wp-json\/wp\/v2\/comments?post=4064"}],"version-history":[{"count":1,"href":"https:\/\/www.pogotowieflagowe.pl\/aktualne\/wp-json\/wp\/v2\/posts\/4064\/revisions"}],"predecessor-version":[{"id":4066,"href":"https:\/\/www.pogotowieflagowe.pl\/aktualne\/wp-json\/wp\/v2\/posts\/4064\/revisions\/4066"}],"wp:featuredmedia":[{"embeddable":true,"href":"https:\/\/www.pogotowieflagowe.pl\/aktualne\/wp-json\/wp\/v2\/media\/4065"}],"wp:attachment":[{"href":"https:\/\/www.pogotowieflagowe.pl\/aktualne\/wp-json\/wp\/v2\/media?parent=4064"}],"wp:term":[{"taxonomy":"category","embeddable":true,"href":"https:\/\/www.pogotowieflagowe.pl\/aktualne\/wp-json\/wp\/v2\/categories?post=4064"},{"taxonomy":"post_tag","embeddable":true,"href":"https:\/\/www.pogotowieflagowe.pl\/aktualne\/wp-json\/wp\/v2\/tags?post=4064"}],"curies":[{"name":"wp","href":"https:\/\/api.w.org\/{rel}","templated":true}]}}