{"id":4067,"date":"2025-02-20T15:47:10","date_gmt":"2025-02-20T14:47:10","guid":{"rendered":"https:\/\/www.pogotowieflagowe.pl\/aktualne\/lost-in-space-falcon-9-gzady-nad-polska-zaskoczyl-wojsko\/"},"modified":"2025-02-20T15:47:10","modified_gmt":"2025-02-20T14:47:10","slug":"lost-in-space-falcon-9-gzady-nad-polska-zaskoczyl-wojsko","status":"publish","type":"post","link":"https:\/\/www.pogotowieflagowe.pl\/aktualne\/lost-in-space-falcon-9-gzady-nad-polska-zaskoczyl-wojsko\/","title":{"rendered":"Lost in Space: Falcon 9 Gz\u0105dy nad Polsk\u0105 zaskoczy\u0142 wojsko"},"content":{"rendered":"\n<div class=\"td_block_wrap tdb_single_content tdi_41 td-pb-border-top td_block_template_8 td-post-content tagdiv-type\" data-td-block-uid=\"tdi_41\">\n<style>.tdi_41 {margin-top: 0px! Wa\u017cne; margines-bottom: 0px! WA\u017bNY; PALDING-TOP: 0PX! WA\u017bNY; PALDING-BOTTOM: 0PX! WA\u017bNE}<\/style>\n<style>.tdb_single_content {margin-bottom: 0;*zoom: 1} .tdb_single_content: wcze\u015bniej, .tdb_single_content: po {display: Table; content: ''; line-height: 0} .TDB-BLOCK-INner>*: nie (.WP-BLOCK-QUOTE): NOT (.Alignwide): not (.alignfull.wp-block-cover.has-parallax): not (.td-a-ad) {margin-left: auto; margin-right: auto} .tdb_single_content a {wska\u017anik-events: auto} .tdb_single_content .td-spot-top_ad .tdc-pl-plameholder-title: przed {content: \u201eArtyku\u0142 top ad\u201d! Wa\u017cne} .tdb_single_content .td-spot-id-inline_ad0 .tdc-- THE PLACEHENTER TITLE: Wcze\u015bniej {content: \u201eArtyku\u0142 inline AD 1 '! Wa\u017cne} .tdb_single_content .td-spot-id-inline_ad1 .tdc-miejsce-title: przed {content:' Artyku\u0142 inline AD 2 '! Wa\u017cny}. Tytu\u0142: Przed {Content: \u201eArtyku\u0142 Inline AD 3 '! Wa\u017cne} .tdb_single_content .td-Spot-Id-Bottom_Ad .tdc-Placeholder-Title: przed {content: \u201eArtyku\u0142 Bottom Ad\u201d! Wa\u017cne} .tdb_single_content .id_top_ad, .tdb_single_content_content .id_bottom_ad {clear: oba; margin-bottom: 21px; text-align: Center} .tdb_single_content .id_top_ad img, .tdb_single_content .id_bottom_ad img {margin-bottom: 0} .tdb_single_conTent .id_top_ad .adsbyGoogle, .tdb_single_content .id_bottom_ad .adsbyGoogle {pozycja: relatyw} .tdb_single_content .id_ad_content-horiz-left, .tdb_single_content .id_ad_content-horiz-right, .tdb_single_content .id_ad_content-horiz-Center {margin-bottom: 15px} .tdb_single_content .id_ad_content-horiz-left Img, .tdb_single_content .id_ad_content-horiz-right img, .tdb_single_content .id_ad_content-horiz-centerter img {margin-bottom: 0} .tdb_single_content .id_ad_content-horiz-center {text-align: Center} .tdb_single_content .id_ad_content-horiz-center img {margin-right: auto; margin-let: auto} .tdb_single_content .id_ad_content-horiz-left {float: left; margin-top: 9px; margin-right: 21px} .tdb_single_content .id_ad_content-horiz-right {float: right; margin-top: 6px; margin-left: 21px} .tdb_single_content .tdc-a-ad .TDC-Placeholder-Title {szeroko\u015b\u0107: 300px; height: 250px} .tdb_single_content .tdc-a-ad .TDC-Placeholder-Title: Przed {Pozycja: Absolute; TOP: 50%;-WebKit-Transform: Translatey (-50%); Transform: Translatey (-50%); margines: auto; wy\u015bwietlacz: Tabela; szeroko\u015b\u0107: 100 %}. tdb_single_content .TDB-BLOCK-INNER.TD-FIX-INDEX {Word-Break: Break-word} .tdi_41, .tdi_41> p, .tdi_41 .tdb-block-inner> p, .wp-block-column> p {font -Size: 16px! Wa\u017cne; wysoko\u015b\u0107 linii: 1.6! Wa\u017cne} .tdi_41 .tdb-block-inner Blockquote P {font-styl: normalne! Wa\u017cne} @media (Max-Width: 767px) {. tdb_single_content .id_ad_content-horiz-left, .tdb_single_content .id_ad_content-horiz-right, .tdb_single_content .id_ad_content-horiz-center {Margin: 0 Auto 26px auto}}@media (Max-Width: 767px) {. tdb_single_content .id_ad_content-horiz-left {margin-right: 0}}@media (max-width: 767px) {. po lewej: 0}}@media (Max-Width: 767px) {. tdb_single_content .td-a-ad {float: none; text-align: Center} .tdb_single_content .td-a-ad img {margin-right: auto; margin-left: auto}. tdb_single_content .tdc-a-ad {float: none}}<\/style>\n<div class=\"tdb-block-inner td-fix-index\">\n<h4 class=\"wp-block-heading\">Rakiety Falcon 9 sp\u0142on\u0119\u0142y nad Polsk\u0105, ale wojsko nie by\u0142o \u015bwiadome z powodu przestarza\u0142ego e -maila. Urz\u0119dnicy staraj\u0105 si\u0119 teraz przypisywa\u0107 procedury winy i poprawi\u0107.<\/h4>\n<h4 class=\"wp-block-heading\"><strong>Wojsko nie\u015bwiadome z powodu \u201eprzestarza\u0142ego e -maila\u201d<\/strong><\/h4>\n<p>Polskie wojsko zosta\u0142o zaskoczone, gdy gruz z rakiety Falcon 9 wszed\u0142 do krajowej przestrzeni powietrznej. Oczekiwano, \u017ce drugi etap rakiety SpaceX, po pomy\u015blnym wdro\u017ceniu 22 satelit\u00f3w Starlink, kontrolowany. Tym razem jednak ponownie wesz\u0142a w atmosfer\u0119 Ziemi, p\u0142on\u0105\u0142 nad Polsk\u0105, zanim uda\u0142 si\u0119 w kierunku Ukrainy. Mimo to polskie si\u0142y zbrojne nie zosta\u0142y poinformowane z ministrem obrony narodowej, W\u0142adys\u0142aw Kosiniak-Kamisz, powo\u0142uj\u0105c si\u0119 na przestarza\u0142y e-mail jako przyczyn\u0119 awarii komunikacji.<\/p>\n<h4 class=\"wp-block-heading\"><strong>Winna gra zaczyna si\u0119<\/strong><\/h4>\n<p>Incydent wywo\u0142a\u0142 kontrowersje polityczne. Polska Agencja Kosmiczna (Polsa) rzekomo wys\u0142a\u0142a ostrze\u017cenie, ale pozosta\u0142a niezauwa\u017cona z powodu przestarza\u0142ych danych kontaktowych. Po objawieniu minister Kosiniak-Kamysz stan\u0105\u0142 w obliczu krytyki, co sk\u0142oni\u0142o rz\u0105d do przeprowadzenia wewn\u0119trznego \u015bledztwa. Od tego czasu Ministerstwo Rozwoju i Technologii wezwa\u0142o do pilnych zmian proceduralnych w Polsa, aby zapobiec podobnej nieporozumienia w przysz\u0142o\u015bci. Gdy urz\u0119dnicy staraj\u0105 si\u0119 przypisa\u0107 odpowiedzialno\u015b\u0107, incydent podkre\u015bla krytyczne luki w protokole bezpiecze\u0144stwa lotniczego w Polsce.<\/p>\n<figure class=\"wp-block-embed is-type-rich is-provider-twitter wp-block-embed-twitter\">\n<div class=\"wp-block-embed__wrapper\">\n<blockquote class=\"twitter-tweet\" data-width=\"550\" data-dnt=\"true\">\n<p lang=\"pl\" dir=\"ltr\">Co za kompromitacja\u203c \ufe0f<\/p>\n<p>WOJSKO nie Wieziaa\u0142o o spadaj\u0105cych szcz\u0105tkich rakiety, Poniewager Polska agencja kosmiczna nie Zna\u0142a ZMienionego Maila w Wojsku \ud83e\udd26\u200d\u2642\ufe0f <a rel=\"nofollow\" href=\"https:\/\/t.co\/ClIVJwK1m7\">pic.twitter.com\/clivjwk1m7<\/a><\/p>\n<p>&#8211; Sebastian Kaleta (@Sjkaleta) <a rel=\"nofollow\" href=\"https:\/\/twitter.com\/sjkaleta\/status\/1892487737631973394?ref_src=twsrc%5Etfw\">20 lutego 2025 r<\/a><\/p><\/blockquote>\n<\/div>\n<\/figure>\n<\/div>\n<\/div>\n<p><script async src=\"https:\/\/platform.twitter.com\/widgets.js\" charset=\"utf-8\"><\/script><\/p>\n","protected":false},"excerpt":{"rendered":"<p>Rakiety Falcon 9 sp\u0142on\u0119\u0142y nad Polsk\u0105, ale wojsko nie by\u0142o \u015bwiadome z powodu przestarza\u0142ego e -maila. Urz\u0119dnicy staraj\u0105 si\u0119 teraz<\/p>\n","protected":false},"author":1,"featured_media":4068,"comment_status":"closed","ping_status":"","sticky":false,"template":"","format":"standard","meta":{"footnotes":""},"categories":[4748],"tags":[5648,5668,5667,552,4,3234,488,5669],"class_list":["post-4067","post","type-post","status-publish","format-standard","has-post-thumbnail","hentry","category-aktualne","tag-falcon","tag-gzady","tag-lost","tag-nad","tag-polska","tag-space","tag-wojsko","tag-zaskoczyl","generate-columns","tablet-grid-50","mobile-grid-100","grid-parent","grid-50","resize-featured-image"],"yoast_head":"<!-- This site is optimized with the Yoast SEO plugin v23.2 - https:\/\/yoast.com\/wordpress\/plugins\/seo\/ -->\n<title>Lost in Space: Falcon 9 Gz\u0105dy nad Polsk\u0105 zaskoczy\u0142 wojsko - POGOTOWIE FLAGOWE\u00ae<\/title>\n<meta name=\"robots\" content=\"index, follow, max-snippet:-1, max-image-preview:large, max-video-preview:-1\" \/>\n<link rel=\"canonical\" href=\"https:\/\/www.pogotowieflagowe.pl\/aktualne\/lost-in-space-falcon-9-gzady-nad-polska-zaskoczyl-wojsko\/\" \/>\n<meta property=\"og:locale\" content=\"pl_PL\" \/>\n<meta property=\"og:type\" content=\"article\" \/>\n<meta property=\"og:title\" content=\"Lost in Space: Falcon 9 Gz\u0105dy nad Polsk\u0105 zaskoczy\u0142 wojsko - POGOTOWIE FLAGOWE\u00ae\" \/>\n<meta property=\"og:description\" content=\"Rakiety Falcon 9 sp\u0142on\u0119\u0142y nad Polsk\u0105, ale wojsko nie by\u0142o \u015bwiadome z powodu przestarza\u0142ego e -maila. Urz\u0119dnicy staraj\u0105 si\u0119 teraz\" \/>\n<meta property=\"og:url\" content=\"https:\/\/www.pogotowieflagowe.pl\/aktualne\/lost-in-space-falcon-9-gzady-nad-polska-zaskoczyl-wojsko\/\" \/>\n<meta property=\"og:site_name\" content=\"POGOTOWIE FLAGOWE\u00ae\" \/>\n<meta property=\"article:published_time\" content=\"2025-02-20T14:47:10+00:00\" \/>\n<meta property=\"og:image\" content=\"https:\/\/www.pogotowieflagowe.pl\/aktualne\/wp-content\/uploads\/2025\/02\/Lost-in-Space-Falcon-9-Gzady-nad-Polska-zaskoczyl-wojsko.webp.webp\" \/>\n\t<meta property=\"og:image:width\" content=\"1280\" \/>\n\t<meta property=\"og:image:height\" content=\"720\" \/>\n\t<meta property=\"og:image:type\" content=\"image\/webp\" \/>\n<meta name=\"author\" content=\"Filip\" \/>\n<meta name=\"twitter:card\" content=\"summary_large_image\" \/>\n<meta name=\"twitter:label1\" content=\"Napisane przez\" \/>\n\t<meta name=\"twitter:data1\" content=\"Filip\" \/>\n\t<meta name=\"twitter:label2\" content=\"Szacowany czas czytania\" \/>\n\t<meta name=\"twitter:data2\" content=\"1 minuta\" \/>\n<script type=\"application\/ld+json\" class=\"yoast-schema-graph\">{\"@context\":\"https:\/\/schema.org\",\"@graph\":[{\"@type\":\"Article\",\"@id\":\"https:\/\/www.pogotowieflagowe.pl\/aktualne\/lost-in-space-falcon-9-gzady-nad-polska-zaskoczyl-wojsko\/#article\",\"isPartOf\":{\"@id\":\"https:\/\/www.pogotowieflagowe.pl\/aktualne\/lost-in-space-falcon-9-gzady-nad-polska-zaskoczyl-wojsko\/\"},\"author\":{\"name\":\"Filip\",\"@id\":\"https:\/\/www.pogotowieflagowe.pl\/aktualne\/#\/schema\/person\/9c2fb7d2362ebf6fa088960d7f0d27b0\"},\"headline\":\"Lost in Space: Falcon 9 Gz\u0105dy nad Polsk\u0105 zaskoczy\u0142 wojsko\",\"datePublished\":\"2025-02-20T14:47:10+00:00\",\"dateModified\":\"2025-02-20T14:47:10+00:00\",\"mainEntityOfPage\":{\"@id\":\"https:\/\/www.pogotowieflagowe.pl\/aktualne\/lost-in-space-falcon-9-gzady-nad-polska-zaskoczyl-wojsko\/\"},\"wordCount\":253,\"publisher\":{\"@id\":\"https:\/\/www.pogotowieflagowe.pl\/aktualne\/#organization\"},\"image\":{\"@id\":\"https:\/\/www.pogotowieflagowe.pl\/aktualne\/lost-in-space-falcon-9-gzady-nad-polska-zaskoczyl-wojsko\/#primaryimage\"},\"thumbnailUrl\":\"https:\/\/www.pogotowieflagowe.pl\/aktualne\/wp-content\/uploads\/2025\/02\/Lost-in-Space-Falcon-9-Gzady-nad-Polska-zaskoczyl-wojsko.webp.webp\",\"keywords\":[\"Falcon\",\"Gz\u0105dy\",\"Lost\",\"nad\",\"polska\",\"Space\",\"wojsko\",\"zaskoczy\u0142\"],\"articleSection\":[\"Aktualne\"],\"inLanguage\":\"pl-PL\"},{\"@type\":\"WebPage\",\"@id\":\"https:\/\/www.pogotowieflagowe.pl\/aktualne\/lost-in-space-falcon-9-gzady-nad-polska-zaskoczyl-wojsko\/\",\"url\":\"https:\/\/www.pogotowieflagowe.pl\/aktualne\/lost-in-space-falcon-9-gzady-nad-polska-zaskoczyl-wojsko\/\",\"name\":\"Lost in Space: Falcon 9 Gz\u0105dy nad Polsk\u0105 zaskoczy\u0142 wojsko - POGOTOWIE FLAGOWE\u00ae\",\"isPartOf\":{\"@id\":\"https:\/\/www.pogotowieflagowe.pl\/aktualne\/#website\"},\"primaryImageOfPage\":{\"@id\":\"https:\/\/www.pogotowieflagowe.pl\/aktualne\/lost-in-space-falcon-9-gzady-nad-polska-zaskoczyl-wojsko\/#primaryimage\"},\"image\":{\"@id\":\"https:\/\/www.pogotowieflagowe.pl\/aktualne\/lost-in-space-falcon-9-gzady-nad-polska-zaskoczyl-wojsko\/#primaryimage\"},\"thumbnailUrl\":\"https:\/\/www.pogotowieflagowe.pl\/aktualne\/wp-content\/uploads\/2025\/02\/Lost-in-Space-Falcon-9-Gzady-nad-Polska-zaskoczyl-wojsko.webp.webp\",\"datePublished\":\"2025-02-20T14:47:10+00:00\",\"dateModified\":\"2025-02-20T14:47:10+00:00\",\"breadcrumb\":{\"@id\":\"https:\/\/www.pogotowieflagowe.pl\/aktualne\/lost-in-space-falcon-9-gzady-nad-polska-zaskoczyl-wojsko\/#breadcrumb\"},\"inLanguage\":\"pl-PL\",\"potentialAction\":[{\"@type\":\"ReadAction\",\"target\":[\"https:\/\/www.pogotowieflagowe.pl\/aktualne\/lost-in-space-falcon-9-gzady-nad-polska-zaskoczyl-wojsko\/\"]}]},{\"@type\":\"ImageObject\",\"inLanguage\":\"pl-PL\",\"@id\":\"https:\/\/www.pogotowieflagowe.pl\/aktualne\/lost-in-space-falcon-9-gzady-nad-polska-zaskoczyl-wojsko\/#primaryimage\",\"url\":\"https:\/\/www.pogotowieflagowe.pl\/aktualne\/wp-content\/uploads\/2025\/02\/Lost-in-Space-Falcon-9-Gzady-nad-Polska-zaskoczyl-wojsko.webp.webp\",\"contentUrl\":\"https:\/\/www.pogotowieflagowe.pl\/aktualne\/wp-content\/uploads\/2025\/02\/Lost-in-Space-Falcon-9-Gzady-nad-Polska-zaskoczyl-wojsko.webp.webp\",\"width\":1280,\"height\":720,\"caption\":\"Lost in Space: Falcon 9 Gz\u0105dy nad Polsk\u0105 zaskoczy\u0142 wojsko\"},{\"@type\":\"BreadcrumbList\",\"@id\":\"https:\/\/www.pogotowieflagowe.pl\/aktualne\/lost-in-space-falcon-9-gzady-nad-polska-zaskoczyl-wojsko\/#breadcrumb\",\"itemListElement\":[{\"@type\":\"ListItem\",\"position\":1,\"name\":\"Home\",\"item\":\"https:\/\/www.pogotowieflagowe.pl\/aktualne\/\"},{\"@type\":\"ListItem\",\"position\":2,\"name\":\"Lost in Space: Falcon 9 Gz\u0105dy nad Polsk\u0105 zaskoczy\u0142 wojsko\"}]},{\"@type\":\"WebSite\",\"@id\":\"https:\/\/www.pogotowieflagowe.pl\/aktualne\/#website\",\"url\":\"https:\/\/www.pogotowieflagowe.pl\/aktualne\/\",\"name\":\"POGOTOWIE FLAGOWE\u00ae\",\"description\":\"\",\"publisher\":{\"@id\":\"https:\/\/www.pogotowieflagowe.pl\/aktualne\/#organization\"},\"potentialAction\":[{\"@type\":\"SearchAction\",\"target\":{\"@type\":\"EntryPoint\",\"urlTemplate\":\"https:\/\/www.pogotowieflagowe.pl\/aktualne\/?s={search_term_string}\"},\"query-input\":\"required name=search_term_string\"}],\"inLanguage\":\"pl-PL\"},{\"@type\":\"Organization\",\"@id\":\"https:\/\/www.pogotowieflagowe.pl\/aktualne\/#organization\",\"name\":\"POGOTOWIE FLAGOWE\u00ae\",\"url\":\"https:\/\/www.pogotowieflagowe.pl\/aktualne\/\",\"logo\":{\"@type\":\"ImageObject\",\"inLanguage\":\"pl-PL\",\"@id\":\"https:\/\/www.pogotowieflagowe.pl\/aktualne\/#\/schema\/logo\/image\/\",\"url\":\"https:\/\/www.pogotowieflagowe.pl\/aktualne\/wp-content\/uploads\/2024\/08\/cropped-pogotowieflagowe_flaga_projekt_sm.jpg\",\"contentUrl\":\"https:\/\/www.pogotowieflagowe.pl\/aktualne\/wp-content\/uploads\/2024\/08\/cropped-pogotowieflagowe_flaga_projekt_sm.jpg\",\"width\":250,\"height\":143,\"caption\":\"POGOTOWIE FLAGOWE\u00ae\"},\"image\":{\"@id\":\"https:\/\/www.pogotowieflagowe.pl\/aktualne\/#\/schema\/logo\/image\/\"}},{\"@type\":\"Person\",\"@id\":\"https:\/\/www.pogotowieflagowe.pl\/aktualne\/#\/schema\/person\/9c2fb7d2362ebf6fa088960d7f0d27b0\",\"name\":\"Filip\",\"image\":{\"@type\":\"ImageObject\",\"inLanguage\":\"pl-PL\",\"@id\":\"https:\/\/www.pogotowieflagowe.pl\/aktualne\/#\/schema\/person\/image\/\",\"url\":\"https:\/\/www.pogotowieflagowe.pl\/aktualne\/wp-content\/uploads\/2024\/08\/pogotowieflagowe.pl_.jpg\",\"contentUrl\":\"https:\/\/www.pogotowieflagowe.pl\/aktualne\/wp-content\/uploads\/2024\/08\/pogotowieflagowe.pl_.jpg\",\"caption\":\"Filip\"},\"description\":\"Jestem Filip, polski dziennikarz z dyplomem nauk politycznych Uniwersytetu Warszawskiego. Rozpoczynaj\u0105c swoj\u0105 karier\u0119 w r\u00f3\u017cnych lokalnych mediach, zdoby\u0142em solidne do\u015bwiadczenie w zakresie \u015bledztwa i redakcji. Obecnie jako redaktor w Pogotowie flagowe, staram si\u0119 dostarcza\u0107 dog\u0142\u0119bne i istotne analizy na temat najwa\u017cniejszych kwestii aktualno\u015bci, \u0142\u0105cz\u0105c rygor z pasj\u0105 dziennikarsk\u0105.\",\"sameAs\":[\"https:\/\/www.pogotowieflagowe.pl\/\"]}]}<\/script>\n<!-- \/ Yoast SEO plugin. -->","yoast_head_json":{"title":"Lost in Space: Falcon 9 Gz\u0105dy nad Polsk\u0105 zaskoczy\u0142 wojsko - POGOTOWIE FLAGOWE\u00ae","robots":{"index":"index","follow":"follow","max-snippet":"max-snippet:-1","max-image-preview":"max-image-preview:large","max-video-preview":"max-video-preview:-1"},"canonical":"https:\/\/www.pogotowieflagowe.pl\/aktualne\/lost-in-space-falcon-9-gzady-nad-polska-zaskoczyl-wojsko\/","og_locale":"pl_PL","og_type":"article","og_title":"Lost in Space: Falcon 9 Gz\u0105dy nad Polsk\u0105 zaskoczy\u0142 wojsko - POGOTOWIE FLAGOWE\u00ae","og_description":"Rakiety Falcon 9 sp\u0142on\u0119\u0142y nad Polsk\u0105, ale wojsko nie by\u0142o \u015bwiadome z powodu przestarza\u0142ego e -maila. Urz\u0119dnicy staraj\u0105 si\u0119 teraz","og_url":"https:\/\/www.pogotowieflagowe.pl\/aktualne\/lost-in-space-falcon-9-gzady-nad-polska-zaskoczyl-wojsko\/","og_site_name":"POGOTOWIE FLAGOWE\u00ae","article_published_time":"2025-02-20T14:47:10+00:00","og_image":[{"width":1280,"height":720,"url":"https:\/\/www.pogotowieflagowe.pl\/aktualne\/wp-content\/uploads\/2025\/02\/Lost-in-Space-Falcon-9-Gzady-nad-Polska-zaskoczyl-wojsko.webp.webp","type":"image\/webp"}],"author":"Filip","twitter_card":"summary_large_image","twitter_misc":{"Napisane przez":"Filip","Szacowany czas czytania":"1 minuta"},"schema":{"@context":"https:\/\/schema.org","@graph":[{"@type":"Article","@id":"https:\/\/www.pogotowieflagowe.pl\/aktualne\/lost-in-space-falcon-9-gzady-nad-polska-zaskoczyl-wojsko\/#article","isPartOf":{"@id":"https:\/\/www.pogotowieflagowe.pl\/aktualne\/lost-in-space-falcon-9-gzady-nad-polska-zaskoczyl-wojsko\/"},"author":{"name":"Filip","@id":"https:\/\/www.pogotowieflagowe.pl\/aktualne\/#\/schema\/person\/9c2fb7d2362ebf6fa088960d7f0d27b0"},"headline":"Lost in Space: Falcon 9 Gz\u0105dy nad Polsk\u0105 zaskoczy\u0142 wojsko","datePublished":"2025-02-20T14:47:10+00:00","dateModified":"2025-02-20T14:47:10+00:00","mainEntityOfPage":{"@id":"https:\/\/www.pogotowieflagowe.pl\/aktualne\/lost-in-space-falcon-9-gzady-nad-polska-zaskoczyl-wojsko\/"},"wordCount":253,"publisher":{"@id":"https:\/\/www.pogotowieflagowe.pl\/aktualne\/#organization"},"image":{"@id":"https:\/\/www.pogotowieflagowe.pl\/aktualne\/lost-in-space-falcon-9-gzady-nad-polska-zaskoczyl-wojsko\/#primaryimage"},"thumbnailUrl":"https:\/\/www.pogotowieflagowe.pl\/aktualne\/wp-content\/uploads\/2025\/02\/Lost-in-Space-Falcon-9-Gzady-nad-Polska-zaskoczyl-wojsko.webp.webp","keywords":["Falcon","Gz\u0105dy","Lost","nad","polska","Space","wojsko","zaskoczy\u0142"],"articleSection":["Aktualne"],"inLanguage":"pl-PL"},{"@type":"WebPage","@id":"https:\/\/www.pogotowieflagowe.pl\/aktualne\/lost-in-space-falcon-9-gzady-nad-polska-zaskoczyl-wojsko\/","url":"https:\/\/www.pogotowieflagowe.pl\/aktualne\/lost-in-space-falcon-9-gzady-nad-polska-zaskoczyl-wojsko\/","name":"Lost in Space: Falcon 9 Gz\u0105dy nad Polsk\u0105 zaskoczy\u0142 wojsko - POGOTOWIE FLAGOWE\u00ae","isPartOf":{"@id":"https:\/\/www.pogotowieflagowe.pl\/aktualne\/#website"},"primaryImageOfPage":{"@id":"https:\/\/www.pogotowieflagowe.pl\/aktualne\/lost-in-space-falcon-9-gzady-nad-polska-zaskoczyl-wojsko\/#primaryimage"},"image":{"@id":"https:\/\/www.pogotowieflagowe.pl\/aktualne\/lost-in-space-falcon-9-gzady-nad-polska-zaskoczyl-wojsko\/#primaryimage"},"thumbnailUrl":"https:\/\/www.pogotowieflagowe.pl\/aktualne\/wp-content\/uploads\/2025\/02\/Lost-in-Space-Falcon-9-Gzady-nad-Polska-zaskoczyl-wojsko.webp.webp","datePublished":"2025-02-20T14:47:10+00:00","dateModified":"2025-02-20T14:47:10+00:00","breadcrumb":{"@id":"https:\/\/www.pogotowieflagowe.pl\/aktualne\/lost-in-space-falcon-9-gzady-nad-polska-zaskoczyl-wojsko\/#breadcrumb"},"inLanguage":"pl-PL","potentialAction":[{"@type":"ReadAction","target":["https:\/\/www.pogotowieflagowe.pl\/aktualne\/lost-in-space-falcon-9-gzady-nad-polska-zaskoczyl-wojsko\/"]}]},{"@type":"ImageObject","inLanguage":"pl-PL","@id":"https:\/\/www.pogotowieflagowe.pl\/aktualne\/lost-in-space-falcon-9-gzady-nad-polska-zaskoczyl-wojsko\/#primaryimage","url":"https:\/\/www.pogotowieflagowe.pl\/aktualne\/wp-content\/uploads\/2025\/02\/Lost-in-Space-Falcon-9-Gzady-nad-Polska-zaskoczyl-wojsko.webp.webp","contentUrl":"https:\/\/www.pogotowieflagowe.pl\/aktualne\/wp-content\/uploads\/2025\/02\/Lost-in-Space-Falcon-9-Gzady-nad-Polska-zaskoczyl-wojsko.webp.webp","width":1280,"height":720,"caption":"Lost in Space: Falcon 9 Gz\u0105dy nad Polsk\u0105 zaskoczy\u0142 wojsko"},{"@type":"BreadcrumbList","@id":"https:\/\/www.pogotowieflagowe.pl\/aktualne\/lost-in-space-falcon-9-gzady-nad-polska-zaskoczyl-wojsko\/#breadcrumb","itemListElement":[{"@type":"ListItem","position":1,"name":"Home","item":"https:\/\/www.pogotowieflagowe.pl\/aktualne\/"},{"@type":"ListItem","position":2,"name":"Lost in Space: Falcon 9 Gz\u0105dy nad Polsk\u0105 zaskoczy\u0142 wojsko"}]},{"@type":"WebSite","@id":"https:\/\/www.pogotowieflagowe.pl\/aktualne\/#website","url":"https:\/\/www.pogotowieflagowe.pl\/aktualne\/","name":"POGOTOWIE FLAGOWE\u00ae","description":"","publisher":{"@id":"https:\/\/www.pogotowieflagowe.pl\/aktualne\/#organization"},"potentialAction":[{"@type":"SearchAction","target":{"@type":"EntryPoint","urlTemplate":"https:\/\/www.pogotowieflagowe.pl\/aktualne\/?s={search_term_string}"},"query-input":"required name=search_term_string"}],"inLanguage":"pl-PL"},{"@type":"Organization","@id":"https:\/\/www.pogotowieflagowe.pl\/aktualne\/#organization","name":"POGOTOWIE FLAGOWE\u00ae","url":"https:\/\/www.pogotowieflagowe.pl\/aktualne\/","logo":{"@type":"ImageObject","inLanguage":"pl-PL","@id":"https:\/\/www.pogotowieflagowe.pl\/aktualne\/#\/schema\/logo\/image\/","url":"https:\/\/www.pogotowieflagowe.pl\/aktualne\/wp-content\/uploads\/2024\/08\/cropped-pogotowieflagowe_flaga_projekt_sm.jpg","contentUrl":"https:\/\/www.pogotowieflagowe.pl\/aktualne\/wp-content\/uploads\/2024\/08\/cropped-pogotowieflagowe_flaga_projekt_sm.jpg","width":250,"height":143,"caption":"POGOTOWIE FLAGOWE\u00ae"},"image":{"@id":"https:\/\/www.pogotowieflagowe.pl\/aktualne\/#\/schema\/logo\/image\/"}},{"@type":"Person","@id":"https:\/\/www.pogotowieflagowe.pl\/aktualne\/#\/schema\/person\/9c2fb7d2362ebf6fa088960d7f0d27b0","name":"Filip","image":{"@type":"ImageObject","inLanguage":"pl-PL","@id":"https:\/\/www.pogotowieflagowe.pl\/aktualne\/#\/schema\/person\/image\/","url":"https:\/\/www.pogotowieflagowe.pl\/aktualne\/wp-content\/uploads\/2024\/08\/pogotowieflagowe.pl_.jpg","contentUrl":"https:\/\/www.pogotowieflagowe.pl\/aktualne\/wp-content\/uploads\/2024\/08\/pogotowieflagowe.pl_.jpg","caption":"Filip"},"description":"Jestem Filip, polski dziennikarz z dyplomem nauk politycznych Uniwersytetu Warszawskiego. Rozpoczynaj\u0105c swoj\u0105 karier\u0119 w r\u00f3\u017cnych lokalnych mediach, zdoby\u0142em solidne do\u015bwiadczenie w zakresie \u015bledztwa i redakcji. Obecnie jako redaktor w Pogotowie flagowe, staram si\u0119 dostarcza\u0107 dog\u0142\u0119bne i istotne analizy na temat najwa\u017cniejszych kwestii aktualno\u015bci, \u0142\u0105cz\u0105c rygor z pasj\u0105 dziennikarsk\u0105.","sameAs":["https:\/\/www.pogotowieflagowe.pl\/"]}]}},"_links":{"self":[{"href":"https:\/\/www.pogotowieflagowe.pl\/aktualne\/wp-json\/wp\/v2\/posts\/4067","targetHints":{"allow":["GET"]}}],"collection":[{"href":"https:\/\/www.pogotowieflagowe.pl\/aktualne\/wp-json\/wp\/v2\/posts"}],"about":[{"href":"https:\/\/www.pogotowieflagowe.pl\/aktualne\/wp-json\/wp\/v2\/types\/post"}],"author":[{"embeddable":true,"href":"https:\/\/www.pogotowieflagowe.pl\/aktualne\/wp-json\/wp\/v2\/users\/1"}],"replies":[{"embeddable":true,"href":"https:\/\/www.pogotowieflagowe.pl\/aktualne\/wp-json\/wp\/v2\/comments?post=4067"}],"version-history":[{"count":1,"href":"https:\/\/www.pogotowieflagowe.pl\/aktualne\/wp-json\/wp\/v2\/posts\/4067\/revisions"}],"predecessor-version":[{"id":4069,"href":"https:\/\/www.pogotowieflagowe.pl\/aktualne\/wp-json\/wp\/v2\/posts\/4067\/revisions\/4069"}],"wp:featuredmedia":[{"embeddable":true,"href":"https:\/\/www.pogotowieflagowe.pl\/aktualne\/wp-json\/wp\/v2\/media\/4068"}],"wp:attachment":[{"href":"https:\/\/www.pogotowieflagowe.pl\/aktualne\/wp-json\/wp\/v2\/media?parent=4067"}],"wp:term":[{"taxonomy":"category","embeddable":true,"href":"https:\/\/www.pogotowieflagowe.pl\/aktualne\/wp-json\/wp\/v2\/categories?post=4067"},{"taxonomy":"post_tag","embeddable":true,"href":"https:\/\/www.pogotowieflagowe.pl\/aktualne\/wp-json\/wp\/v2\/tags?post=4067"}],"curies":[{"name":"wp","href":"https:\/\/api.w.org\/{rel}","templated":true}]}}