{"id":4070,"date":"2025-02-20T19:47:25","date_gmt":"2025-02-20T18:47:25","guid":{"rendered":"https:\/\/www.pogotowieflagowe.pl\/aktualne\/reforma-podatku-od-nieruchomosci-moze-zniszczyc-polskie-gospodarstwa-domowe\/"},"modified":"2025-02-20T19:47:26","modified_gmt":"2025-02-20T18:47:26","slug":"reforma-podatku-od-nieruchomosci-moze-zniszczyc-polskie-gospodarstwa-domowe","status":"publish","type":"post","link":"https:\/\/www.pogotowieflagowe.pl\/aktualne\/reforma-podatku-od-nieruchomosci-moze-zniszczyc-polskie-gospodarstwa-domowe\/","title":{"rendered":"Reforma podatku od nieruchomo\u015bci mo\u017ce zniszczy\u0107 polskie gospodarstwa domowe"},"content":{"rendered":"\n<div class=\"td_block_wrap tdb_single_content tdi_41 td-pb-border-top td_block_template_8 td-post-content tagdiv-type\" data-td-block-uid=\"tdi_41\">\n<style>.tdi_41 {margin-top: 0px! Wa\u017cne; margines-bottom: 0px! WA\u017bNY; PALDING-TOP: 0PX! WA\u017bNY; PALDING-BOTTOM: 0PX! WA\u017bNE}<\/style>\n<style>.tdb_single_content {margin-bottom: 0;*zoom: 1} .tdb_single_content: wcze\u015bniej, .tdb_single_content: po {display: Table; content: ''; line-height: 0} .TDB-BLOCK-INner>*: nie (.WP-BLOCK-QUOTE): NOT (.Alignwide): not (.alignfull.wp-block-cover.has-parallax): not (.td-a-ad) {margin-left: auto; margin-right: auto} .tdb_single_content a {wska\u017anik-events: auto} .tdb_single_content .td-spot-top_ad .tdc-pl-plameholder-title: przed {content: \u201eArtyku\u0142 top ad\u201d! Wa\u017cne} .tdb_single_content .td-spot-id-inline_ad0 .tdc-- THE PLACEHENTER TITLE: Wcze\u015bniej {content: \u201eArtyku\u0142 inline AD 1 '! Wa\u017cne} .tdb_single_content .td-spot-id-inline_ad1 .tdc-miejsce-title: przed {content:' Artyku\u0142 inline AD 2 '! Wa\u017cny}. Tytu\u0142: Przed {Content: \u201eArtyku\u0142 Inline AD 3 '! Wa\u017cne} .tdb_single_content .td-Spot-Id-Bottom_Ad .tdc-Placeholder-Title: przed {content: \u201eArtyku\u0142 Bottom Ad\u201d! Wa\u017cne} .tdb_single_content .id_top_ad, .tdb_single_content_content .id_bottom_ad {clear: oba; margin-bottom: 21px; text-align: Center} .tdb_single_content .id_top_ad img, .tdb_single_content .id_bottom_ad img {margin-bottom: 0} .tdb_single_conTent .id_top_ad .adsbyGoogle, .tdb_single_content .id_bottom_ad .adsbyGoogle {pozycja: relatyw} .tdb_single_content .id_ad_content-horiz-left, .tdb_single_content .id_ad_content-horiz-right, .tdb_single_content .id_ad_content-horiz-Center {margin-bottom: 15px} .tdb_single_content .id_ad_content-horiz-left Img, .tdb_single_content .id_ad_content-horiz-right img, .tdb_single_content .id_ad_content-horiz-centerter img {margin-bottom: 0} .tdb_single_content .id_ad_content-horiz-center {text-align: Center} .tdb_single_content .id_ad_content-horiz-center img {margin-right: auto; margin-let: auto} .tdb_single_content .id_ad_content-horiz-left {float: left; margin-top: 9px; margin-right: 21px} .tdb_single_content .id_ad_content-horiz-right {float: right; margin-top: 6px; margin-left: 21px} .tdb_single_content .tdc-a-ad .TDC-Placeholder-Title {szeroko\u015b\u0107: 300px; height: 250px} .tdb_single_content .tdc-a-ad .TDC-Placeholder-Title: Przed {Pozycja: Absolute; TOP: 50%;-WebKit-Transform: Translatey (-50%); Transform: Translatey (-50%); margines: auto; wy\u015bwietlacz: Tabela; szeroko\u015b\u0107: 100 %}. tdb_single_content .TDB-BLOCK-INNER.TD-FIX-INDEX {Word-Break: Break-word} .tdi_41, .tdi_41> p, .tdi_41 .tdb-block-inner> p, .wp-block-column> p {font -Size: 16px! Wa\u017cne; wysoko\u015b\u0107 linii: 1.6! Wa\u017cne} .tdi_41 .tdb-block-inner Blockquote P {font-styl: normalne! Wa\u017cne} @media (Max-Width: 767px) {. tdb_single_content .id_ad_content-horiz-left, .tdb_single_content .id_ad_content-horiz-right, .tdb_single_content .id_ad_content-horiz-center {Margin: 0 Auto 26px auto}}@media (Max-Width: 767px) {. tdb_single_content .id_ad_content-horiz-left {margin-right: 0}}@media (max-width: 767px) {. po lewej: 0}}@media (Max-Width: 767px) {. tdb_single_content .td-a-ad {float: none; text-align: Center} .tdb_single_content .td-a-ad img {margin-right: auto; margin-left: auto}. tdb_single_content .tdc-a-ad {float: none}}<\/style>\n<div class=\"tdb-block-inner td-fix-index\">\n<h4 class=\"wp-block-heading\">Proponowany podatek katastralny w Polsce mo\u017ce znacznie zwi\u0119kszy\u0107 obci\u0105\u017cenie finansowe w\u0142a\u015bcicieli dom\u00f3w. Eksperci ostrzegaj\u0105 przed powa\u017cnymi konsekwencjami, podczas gdy rz\u0105d pozostaje niejednoznaczny co do swoich plan\u00f3w.<\/h4>\n<blockquote class=\"twitter-tweet\">\n<p lang=\"pl\" dir=\"ltr\">Jednak! CHC\u0105 WProwadzi\u0107 PodaK Katastrall! Minister<a rel=\"nofollow\" href=\"https:\/\/twitter.com\/KrzysztofPaszyk?ref_src=twsrc%5Etfw\">@Krzysztofpaszyk<\/a>MOwi Jasno: \u201ePotrozba Rozmowy W Tym Wzgl\u0119dzie\u201d. Je\u015bli to wprowadz\u0105, do Wlacjiciciliel Mieszkania zaplaci Kilka tysi\u0119cy Z\u0142otych, domu Nawet Kilkana\u015bcie. ROcznie !!! <a rel=\"nofollow\" href=\"https:\/\/t.co\/vnzKEHMEPN\">pic.twitter.com\/vnzkehmepn<\/a><\/p>\n<p>&#8211; Marcin Warchowal (@MarCinWarchol) <a rel=\"nofollow\" href=\"https:\/\/twitter.com\/marcinwarchol\/status\/1891877411563696178?ref_src=twsrc%5Etfw\">18 lutego 2025 r<\/a><\/p><\/blockquote>\n<h4 class=\"wp-block-heading\">Kontrowersyjna propozycja budzi obawy<\/h4>\n<p>Proponowany podatek katastralny, obliczony na podstawie warto\u015bci nieruchomo\u015bci, a nie wielko\u015bci, jest zaleceniem Mi\u0119dzynarodowego Funduszu Walutowego (MFW) dla Polski. Podczas gdy rz\u0105d uspokaja obywateli, \u017ce taki podatek nie ma na stole, rzeczywisto\u015b\u0107 mo\u017ce by\u0107 inna. Eksperci ostrzegaj\u0105, \u017ce ta zmiana mo\u017ce powa\u017cnie wp\u0142yn\u0105\u0107 na bud\u017cety gospodarstw domowych. Zapytany bezpo\u015brednio o podatek od Radio Zet, minister Krzydztof Paszyk unikn\u0105\u0142 jasnej odpowiedzi: <em>\u201eTo temat do d\u0142u\u017cszej dyskusji\u201d.<\/em> Jego reakcja podsyci\u0142a spekulacje, a politycy opozycyjne argumentuj\u0105, \u017ce rz\u0105d rozwa\u017ca podatek. Pis MP Marcin Warchowal stwierdzi\u0142 na platformie X: <em>\u201eW\u0142a\u015bciciel domu mo\u017ce zap\u0142aci\u0107 kilka tysi\u0119cy Zlotys, w\u0142a\u015bciciela domu nawet dziesi\u0105tki tysi\u0119cy. Rocznie!!!&#8221;<\/em><\/p>\n<h4 class=\"wp-block-heading\">Obci\u0105\u017cenie finansowe dla w\u0142a\u015bcicieli dom\u00f3w<\/h4>\n<p>Obecnie podatek od nieruchomo\u015bci w Polsce opiera si\u0119 na wielko\u015bci, co kosztuje oko\u0142o 59,5 PLN rocznie za mieszkanie o powierzchni 50 metr\u00f3w kwadratowych. Je\u015bli jednak wprowadzono 1% podatek od katastralny, koszt tego samego mieszkania &#8211; warto\u015b\u0107 600 000 PLN &#8211; zwi\u0119kszy\u0142by si\u0119 do 6000 PLN rocznie. W\u0142a\u015bciciele dom\u00f3w obawiaj\u0105 si\u0119, \u017ce taka reforma mo\u017ce zmusi\u0107 wielu do sprzeda\u017cy swoich nieruchomo\u015bci. Podczas gdy rz\u0105d pozostaje niejasny w swoich planach, rosn\u0105ce obawy sugeruj\u0105, \u017ce dla polskich rodzin mo\u017ce si\u0119 zbli\u017ca\u0107 drastyczn\u0105 zmian\u0119 finansow\u0105.<\/p>\n<\/div>\n<\/div>\n<p><script async src=\"https:\/\/platform.twitter.com\/widgets.js\" charset=\"utf-8\"><\/script><\/p>\n","protected":false},"excerpt":{"rendered":"<p>Proponowany podatek katastralny w Polsce mo\u017ce znacznie zwi\u0119kszy\u0107 obci\u0105\u017cenie finansowe w\u0142a\u015bcicieli dom\u00f3w. Eksperci ostrzegaj\u0105 przed powa\u017cnymi konsekwencjami, podczas gdy rz\u0105d<\/p>\n","protected":false},"author":1,"featured_media":1551,"comment_status":"closed","ping_status":"","sticky":false,"template":"","format":"standard","meta":{"footnotes":""},"categories":[45],"tags":[1509,3170,2219,273,1164,487,5282,5670],"class_list":["post-4070","post","type-post","status-publish","format-standard","has-post-thumbnail","hentry","category-biznes","tag-domowe","tag-gospodarstwa","tag-moze","tag-nieruchomosci","tag-podatku","tag-polskie","tag-reforma","tag-zniszczyc","generate-columns","tablet-grid-50","mobile-grid-100","grid-parent","grid-50","resize-featured-image"],"yoast_head":"<!-- This site is optimized with the Yoast SEO plugin v23.2 - https:\/\/yoast.com\/wordpress\/plugins\/seo\/ -->\n<title>Reforma podatku od nieruchomo\u015bci mo\u017ce zniszczy\u0107 polskie gospodarstwa domowe - POGOTOWIE FLAGOWE\u00ae<\/title>\n<meta name=\"robots\" content=\"index, follow, max-snippet:-1, max-image-preview:large, max-video-preview:-1\" \/>\n<link rel=\"canonical\" href=\"https:\/\/www.pogotowieflagowe.pl\/aktualne\/reforma-podatku-od-nieruchomosci-moze-zniszczyc-polskie-gospodarstwa-domowe\/\" \/>\n<meta property=\"og:locale\" content=\"pl_PL\" \/>\n<meta property=\"og:type\" content=\"article\" \/>\n<meta property=\"og:title\" content=\"Reforma podatku od nieruchomo\u015bci mo\u017ce zniszczy\u0107 polskie gospodarstwa domowe - POGOTOWIE FLAGOWE\u00ae\" \/>\n<meta property=\"og:description\" content=\"Proponowany podatek katastralny w Polsce mo\u017ce znacznie zwi\u0119kszy\u0107 obci\u0105\u017cenie finansowe w\u0142a\u015bcicieli dom\u00f3w. Eksperci ostrzegaj\u0105 przed powa\u017cnymi konsekwencjami, podczas gdy rz\u0105d\" \/>\n<meta property=\"og:url\" content=\"https:\/\/www.pogotowieflagowe.pl\/aktualne\/reforma-podatku-od-nieruchomosci-moze-zniszczyc-polskie-gospodarstwa-domowe\/\" \/>\n<meta property=\"og:site_name\" content=\"POGOTOWIE FLAGOWE\u00ae\" \/>\n<meta property=\"article:published_time\" content=\"2025-02-20T18:47:25+00:00\" \/>\n<meta property=\"article:modified_time\" content=\"2025-02-20T18:47:26+00:00\" \/>\n<meta property=\"og:image\" content=\"https:\/\/www.pogotowieflagowe.pl\/aktualne\/wp-content\/uploads\/2024\/10\/Polski-rzad-zwieksza-deficyt-budzetowy-na-rok-2024-w-obliczu.jpg\" \/>\n\t<meta property=\"og:image:width\" content=\"1280\" \/>\n\t<meta property=\"og:image:height\" content=\"719\" \/>\n\t<meta property=\"og:image:type\" content=\"image\/jpeg\" \/>\n<meta name=\"author\" content=\"Filip\" \/>\n<meta name=\"twitter:card\" content=\"summary_large_image\" \/>\n<meta name=\"twitter:label1\" content=\"Napisane przez\" \/>\n\t<meta name=\"twitter:data1\" content=\"Filip\" \/>\n\t<meta name=\"twitter:label2\" content=\"Szacowany czas czytania\" \/>\n\t<meta name=\"twitter:data2\" content=\"2 minuty\" \/>\n<script type=\"application\/ld+json\" class=\"yoast-schema-graph\">{\"@context\":\"https:\/\/schema.org\",\"@graph\":[{\"@type\":\"Article\",\"@id\":\"https:\/\/www.pogotowieflagowe.pl\/aktualne\/reforma-podatku-od-nieruchomosci-moze-zniszczyc-polskie-gospodarstwa-domowe\/#article\",\"isPartOf\":{\"@id\":\"https:\/\/www.pogotowieflagowe.pl\/aktualne\/reforma-podatku-od-nieruchomosci-moze-zniszczyc-polskie-gospodarstwa-domowe\/\"},\"author\":{\"name\":\"Filip\",\"@id\":\"https:\/\/www.pogotowieflagowe.pl\/aktualne\/#\/schema\/person\/9c2fb7d2362ebf6fa088960d7f0d27b0\"},\"headline\":\"Reforma podatku od nieruchomo\u015bci mo\u017ce zniszczy\u0107 polskie gospodarstwa domowe\",\"datePublished\":\"2025-02-20T18:47:25+00:00\",\"dateModified\":\"2025-02-20T18:47:26+00:00\",\"mainEntityOfPage\":{\"@id\":\"https:\/\/www.pogotowieflagowe.pl\/aktualne\/reforma-podatku-od-nieruchomosci-moze-zniszczyc-polskie-gospodarstwa-domowe\/\"},\"wordCount\":316,\"publisher\":{\"@id\":\"https:\/\/www.pogotowieflagowe.pl\/aktualne\/#organization\"},\"image\":{\"@id\":\"https:\/\/www.pogotowieflagowe.pl\/aktualne\/reforma-podatku-od-nieruchomosci-moze-zniszczyc-polskie-gospodarstwa-domowe\/#primaryimage\"},\"thumbnailUrl\":\"https:\/\/www.pogotowieflagowe.pl\/aktualne\/wp-content\/uploads\/2024\/10\/Polski-rzad-zwieksza-deficyt-budzetowy-na-rok-2024-w-obliczu.jpg\",\"keywords\":[\"Domowe\",\"gospodarstwa\",\"mo\u017ce\",\"nieruchomo\u015bci\",\"podatku\",\"Polskie\",\"Reforma\",\"zniszczy\u0107\"],\"articleSection\":[\"Biznes\"],\"inLanguage\":\"pl-PL\"},{\"@type\":\"WebPage\",\"@id\":\"https:\/\/www.pogotowieflagowe.pl\/aktualne\/reforma-podatku-od-nieruchomosci-moze-zniszczyc-polskie-gospodarstwa-domowe\/\",\"url\":\"https:\/\/www.pogotowieflagowe.pl\/aktualne\/reforma-podatku-od-nieruchomosci-moze-zniszczyc-polskie-gospodarstwa-domowe\/\",\"name\":\"Reforma podatku od nieruchomo\u015bci mo\u017ce zniszczy\u0107 polskie gospodarstwa domowe - POGOTOWIE FLAGOWE\u00ae\",\"isPartOf\":{\"@id\":\"https:\/\/www.pogotowieflagowe.pl\/aktualne\/#website\"},\"primaryImageOfPage\":{\"@id\":\"https:\/\/www.pogotowieflagowe.pl\/aktualne\/reforma-podatku-od-nieruchomosci-moze-zniszczyc-polskie-gospodarstwa-domowe\/#primaryimage\"},\"image\":{\"@id\":\"https:\/\/www.pogotowieflagowe.pl\/aktualne\/reforma-podatku-od-nieruchomosci-moze-zniszczyc-polskie-gospodarstwa-domowe\/#primaryimage\"},\"thumbnailUrl\":\"https:\/\/www.pogotowieflagowe.pl\/aktualne\/wp-content\/uploads\/2024\/10\/Polski-rzad-zwieksza-deficyt-budzetowy-na-rok-2024-w-obliczu.jpg\",\"datePublished\":\"2025-02-20T18:47:25+00:00\",\"dateModified\":\"2025-02-20T18:47:26+00:00\",\"breadcrumb\":{\"@id\":\"https:\/\/www.pogotowieflagowe.pl\/aktualne\/reforma-podatku-od-nieruchomosci-moze-zniszczyc-polskie-gospodarstwa-domowe\/#breadcrumb\"},\"inLanguage\":\"pl-PL\",\"potentialAction\":[{\"@type\":\"ReadAction\",\"target\":[\"https:\/\/www.pogotowieflagowe.pl\/aktualne\/reforma-podatku-od-nieruchomosci-moze-zniszczyc-polskie-gospodarstwa-domowe\/\"]}]},{\"@type\":\"ImageObject\",\"inLanguage\":\"pl-PL\",\"@id\":\"https:\/\/www.pogotowieflagowe.pl\/aktualne\/reforma-podatku-od-nieruchomosci-moze-zniszczyc-polskie-gospodarstwa-domowe\/#primaryimage\",\"url\":\"https:\/\/www.pogotowieflagowe.pl\/aktualne\/wp-content\/uploads\/2024\/10\/Polski-rzad-zwieksza-deficyt-budzetowy-na-rok-2024-w-obliczu.jpg\",\"contentUrl\":\"https:\/\/www.pogotowieflagowe.pl\/aktualne\/wp-content\/uploads\/2024\/10\/Polski-rzad-zwieksza-deficyt-budzetowy-na-rok-2024-w-obliczu.jpg\",\"width\":1280,\"height\":719,\"caption\":\"Polski rz\u0105d zwi\u0119ksza deficyt bud\u017cetowy na rok 2024 w obliczu wyzwa\u0144 gospodarczych\"},{\"@type\":\"BreadcrumbList\",\"@id\":\"https:\/\/www.pogotowieflagowe.pl\/aktualne\/reforma-podatku-od-nieruchomosci-moze-zniszczyc-polskie-gospodarstwa-domowe\/#breadcrumb\",\"itemListElement\":[{\"@type\":\"ListItem\",\"position\":1,\"name\":\"Home\",\"item\":\"https:\/\/www.pogotowieflagowe.pl\/aktualne\/\"},{\"@type\":\"ListItem\",\"position\":2,\"name\":\"Reforma podatku od nieruchomo\u015bci mo\u017ce zniszczy\u0107 polskie gospodarstwa domowe\"}]},{\"@type\":\"WebSite\",\"@id\":\"https:\/\/www.pogotowieflagowe.pl\/aktualne\/#website\",\"url\":\"https:\/\/www.pogotowieflagowe.pl\/aktualne\/\",\"name\":\"POGOTOWIE FLAGOWE\u00ae\",\"description\":\"\",\"publisher\":{\"@id\":\"https:\/\/www.pogotowieflagowe.pl\/aktualne\/#organization\"},\"potentialAction\":[{\"@type\":\"SearchAction\",\"target\":{\"@type\":\"EntryPoint\",\"urlTemplate\":\"https:\/\/www.pogotowieflagowe.pl\/aktualne\/?s={search_term_string}\"},\"query-input\":\"required name=search_term_string\"}],\"inLanguage\":\"pl-PL\"},{\"@type\":\"Organization\",\"@id\":\"https:\/\/www.pogotowieflagowe.pl\/aktualne\/#organization\",\"name\":\"POGOTOWIE FLAGOWE\u00ae\",\"url\":\"https:\/\/www.pogotowieflagowe.pl\/aktualne\/\",\"logo\":{\"@type\":\"ImageObject\",\"inLanguage\":\"pl-PL\",\"@id\":\"https:\/\/www.pogotowieflagowe.pl\/aktualne\/#\/schema\/logo\/image\/\",\"url\":\"https:\/\/www.pogotowieflagowe.pl\/aktualne\/wp-content\/uploads\/2024\/08\/cropped-pogotowieflagowe_flaga_projekt_sm.jpg\",\"contentUrl\":\"https:\/\/www.pogotowieflagowe.pl\/aktualne\/wp-content\/uploads\/2024\/08\/cropped-pogotowieflagowe_flaga_projekt_sm.jpg\",\"width\":250,\"height\":143,\"caption\":\"POGOTOWIE FLAGOWE\u00ae\"},\"image\":{\"@id\":\"https:\/\/www.pogotowieflagowe.pl\/aktualne\/#\/schema\/logo\/image\/\"}},{\"@type\":\"Person\",\"@id\":\"https:\/\/www.pogotowieflagowe.pl\/aktualne\/#\/schema\/person\/9c2fb7d2362ebf6fa088960d7f0d27b0\",\"name\":\"Filip\",\"image\":{\"@type\":\"ImageObject\",\"inLanguage\":\"pl-PL\",\"@id\":\"https:\/\/www.pogotowieflagowe.pl\/aktualne\/#\/schema\/person\/image\/\",\"url\":\"https:\/\/www.pogotowieflagowe.pl\/aktualne\/wp-content\/uploads\/2024\/08\/pogotowieflagowe.pl_.jpg\",\"contentUrl\":\"https:\/\/www.pogotowieflagowe.pl\/aktualne\/wp-content\/uploads\/2024\/08\/pogotowieflagowe.pl_.jpg\",\"caption\":\"Filip\"},\"description\":\"Jestem Filip, polski dziennikarz z dyplomem nauk politycznych Uniwersytetu Warszawskiego. Rozpoczynaj\u0105c swoj\u0105 karier\u0119 w r\u00f3\u017cnych lokalnych mediach, zdoby\u0142em solidne do\u015bwiadczenie w zakresie \u015bledztwa i redakcji. Obecnie jako redaktor w Pogotowie flagowe, staram si\u0119 dostarcza\u0107 dog\u0142\u0119bne i istotne analizy na temat najwa\u017cniejszych kwestii aktualno\u015bci, \u0142\u0105cz\u0105c rygor z pasj\u0105 dziennikarsk\u0105.\",\"sameAs\":[\"https:\/\/www.pogotowieflagowe.pl\/\"]}]}<\/script>\n<!-- \/ Yoast SEO plugin. -->","yoast_head_json":{"title":"Reforma podatku od nieruchomo\u015bci mo\u017ce zniszczy\u0107 polskie gospodarstwa domowe - POGOTOWIE FLAGOWE\u00ae","robots":{"index":"index","follow":"follow","max-snippet":"max-snippet:-1","max-image-preview":"max-image-preview:large","max-video-preview":"max-video-preview:-1"},"canonical":"https:\/\/www.pogotowieflagowe.pl\/aktualne\/reforma-podatku-od-nieruchomosci-moze-zniszczyc-polskie-gospodarstwa-domowe\/","og_locale":"pl_PL","og_type":"article","og_title":"Reforma podatku od nieruchomo\u015bci mo\u017ce zniszczy\u0107 polskie gospodarstwa domowe - POGOTOWIE FLAGOWE\u00ae","og_description":"Proponowany podatek katastralny w Polsce mo\u017ce znacznie zwi\u0119kszy\u0107 obci\u0105\u017cenie finansowe w\u0142a\u015bcicieli dom\u00f3w. Eksperci ostrzegaj\u0105 przed powa\u017cnymi konsekwencjami, podczas gdy rz\u0105d","og_url":"https:\/\/www.pogotowieflagowe.pl\/aktualne\/reforma-podatku-od-nieruchomosci-moze-zniszczyc-polskie-gospodarstwa-domowe\/","og_site_name":"POGOTOWIE FLAGOWE\u00ae","article_published_time":"2025-02-20T18:47:25+00:00","article_modified_time":"2025-02-20T18:47:26+00:00","og_image":[{"width":1280,"height":719,"url":"https:\/\/www.pogotowieflagowe.pl\/aktualne\/wp-content\/uploads\/2024\/10\/Polski-rzad-zwieksza-deficyt-budzetowy-na-rok-2024-w-obliczu.jpg","type":"image\/jpeg"}],"author":"Filip","twitter_card":"summary_large_image","twitter_misc":{"Napisane przez":"Filip","Szacowany czas czytania":"2 minuty"},"schema":{"@context":"https:\/\/schema.org","@graph":[{"@type":"Article","@id":"https:\/\/www.pogotowieflagowe.pl\/aktualne\/reforma-podatku-od-nieruchomosci-moze-zniszczyc-polskie-gospodarstwa-domowe\/#article","isPartOf":{"@id":"https:\/\/www.pogotowieflagowe.pl\/aktualne\/reforma-podatku-od-nieruchomosci-moze-zniszczyc-polskie-gospodarstwa-domowe\/"},"author":{"name":"Filip","@id":"https:\/\/www.pogotowieflagowe.pl\/aktualne\/#\/schema\/person\/9c2fb7d2362ebf6fa088960d7f0d27b0"},"headline":"Reforma podatku od nieruchomo\u015bci mo\u017ce zniszczy\u0107 polskie gospodarstwa domowe","datePublished":"2025-02-20T18:47:25+00:00","dateModified":"2025-02-20T18:47:26+00:00","mainEntityOfPage":{"@id":"https:\/\/www.pogotowieflagowe.pl\/aktualne\/reforma-podatku-od-nieruchomosci-moze-zniszczyc-polskie-gospodarstwa-domowe\/"},"wordCount":316,"publisher":{"@id":"https:\/\/www.pogotowieflagowe.pl\/aktualne\/#organization"},"image":{"@id":"https:\/\/www.pogotowieflagowe.pl\/aktualne\/reforma-podatku-od-nieruchomosci-moze-zniszczyc-polskie-gospodarstwa-domowe\/#primaryimage"},"thumbnailUrl":"https:\/\/www.pogotowieflagowe.pl\/aktualne\/wp-content\/uploads\/2024\/10\/Polski-rzad-zwieksza-deficyt-budzetowy-na-rok-2024-w-obliczu.jpg","keywords":["Domowe","gospodarstwa","mo\u017ce","nieruchomo\u015bci","podatku","Polskie","Reforma","zniszczy\u0107"],"articleSection":["Biznes"],"inLanguage":"pl-PL"},{"@type":"WebPage","@id":"https:\/\/www.pogotowieflagowe.pl\/aktualne\/reforma-podatku-od-nieruchomosci-moze-zniszczyc-polskie-gospodarstwa-domowe\/","url":"https:\/\/www.pogotowieflagowe.pl\/aktualne\/reforma-podatku-od-nieruchomosci-moze-zniszczyc-polskie-gospodarstwa-domowe\/","name":"Reforma podatku od nieruchomo\u015bci mo\u017ce zniszczy\u0107 polskie gospodarstwa domowe - POGOTOWIE FLAGOWE\u00ae","isPartOf":{"@id":"https:\/\/www.pogotowieflagowe.pl\/aktualne\/#website"},"primaryImageOfPage":{"@id":"https:\/\/www.pogotowieflagowe.pl\/aktualne\/reforma-podatku-od-nieruchomosci-moze-zniszczyc-polskie-gospodarstwa-domowe\/#primaryimage"},"image":{"@id":"https:\/\/www.pogotowieflagowe.pl\/aktualne\/reforma-podatku-od-nieruchomosci-moze-zniszczyc-polskie-gospodarstwa-domowe\/#primaryimage"},"thumbnailUrl":"https:\/\/www.pogotowieflagowe.pl\/aktualne\/wp-content\/uploads\/2024\/10\/Polski-rzad-zwieksza-deficyt-budzetowy-na-rok-2024-w-obliczu.jpg","datePublished":"2025-02-20T18:47:25+00:00","dateModified":"2025-02-20T18:47:26+00:00","breadcrumb":{"@id":"https:\/\/www.pogotowieflagowe.pl\/aktualne\/reforma-podatku-od-nieruchomosci-moze-zniszczyc-polskie-gospodarstwa-domowe\/#breadcrumb"},"inLanguage":"pl-PL","potentialAction":[{"@type":"ReadAction","target":["https:\/\/www.pogotowieflagowe.pl\/aktualne\/reforma-podatku-od-nieruchomosci-moze-zniszczyc-polskie-gospodarstwa-domowe\/"]}]},{"@type":"ImageObject","inLanguage":"pl-PL","@id":"https:\/\/www.pogotowieflagowe.pl\/aktualne\/reforma-podatku-od-nieruchomosci-moze-zniszczyc-polskie-gospodarstwa-domowe\/#primaryimage","url":"https:\/\/www.pogotowieflagowe.pl\/aktualne\/wp-content\/uploads\/2024\/10\/Polski-rzad-zwieksza-deficyt-budzetowy-na-rok-2024-w-obliczu.jpg","contentUrl":"https:\/\/www.pogotowieflagowe.pl\/aktualne\/wp-content\/uploads\/2024\/10\/Polski-rzad-zwieksza-deficyt-budzetowy-na-rok-2024-w-obliczu.jpg","width":1280,"height":719,"caption":"Polski rz\u0105d zwi\u0119ksza deficyt bud\u017cetowy na rok 2024 w obliczu wyzwa\u0144 gospodarczych"},{"@type":"BreadcrumbList","@id":"https:\/\/www.pogotowieflagowe.pl\/aktualne\/reforma-podatku-od-nieruchomosci-moze-zniszczyc-polskie-gospodarstwa-domowe\/#breadcrumb","itemListElement":[{"@type":"ListItem","position":1,"name":"Home","item":"https:\/\/www.pogotowieflagowe.pl\/aktualne\/"},{"@type":"ListItem","position":2,"name":"Reforma podatku od nieruchomo\u015bci mo\u017ce zniszczy\u0107 polskie gospodarstwa domowe"}]},{"@type":"WebSite","@id":"https:\/\/www.pogotowieflagowe.pl\/aktualne\/#website","url":"https:\/\/www.pogotowieflagowe.pl\/aktualne\/","name":"POGOTOWIE FLAGOWE\u00ae","description":"","publisher":{"@id":"https:\/\/www.pogotowieflagowe.pl\/aktualne\/#organization"},"potentialAction":[{"@type":"SearchAction","target":{"@type":"EntryPoint","urlTemplate":"https:\/\/www.pogotowieflagowe.pl\/aktualne\/?s={search_term_string}"},"query-input":"required name=search_term_string"}],"inLanguage":"pl-PL"},{"@type":"Organization","@id":"https:\/\/www.pogotowieflagowe.pl\/aktualne\/#organization","name":"POGOTOWIE FLAGOWE\u00ae","url":"https:\/\/www.pogotowieflagowe.pl\/aktualne\/","logo":{"@type":"ImageObject","inLanguage":"pl-PL","@id":"https:\/\/www.pogotowieflagowe.pl\/aktualne\/#\/schema\/logo\/image\/","url":"https:\/\/www.pogotowieflagowe.pl\/aktualne\/wp-content\/uploads\/2024\/08\/cropped-pogotowieflagowe_flaga_projekt_sm.jpg","contentUrl":"https:\/\/www.pogotowieflagowe.pl\/aktualne\/wp-content\/uploads\/2024\/08\/cropped-pogotowieflagowe_flaga_projekt_sm.jpg","width":250,"height":143,"caption":"POGOTOWIE FLAGOWE\u00ae"},"image":{"@id":"https:\/\/www.pogotowieflagowe.pl\/aktualne\/#\/schema\/logo\/image\/"}},{"@type":"Person","@id":"https:\/\/www.pogotowieflagowe.pl\/aktualne\/#\/schema\/person\/9c2fb7d2362ebf6fa088960d7f0d27b0","name":"Filip","image":{"@type":"ImageObject","inLanguage":"pl-PL","@id":"https:\/\/www.pogotowieflagowe.pl\/aktualne\/#\/schema\/person\/image\/","url":"https:\/\/www.pogotowieflagowe.pl\/aktualne\/wp-content\/uploads\/2024\/08\/pogotowieflagowe.pl_.jpg","contentUrl":"https:\/\/www.pogotowieflagowe.pl\/aktualne\/wp-content\/uploads\/2024\/08\/pogotowieflagowe.pl_.jpg","caption":"Filip"},"description":"Jestem Filip, polski dziennikarz z dyplomem nauk politycznych Uniwersytetu Warszawskiego. Rozpoczynaj\u0105c swoj\u0105 karier\u0119 w r\u00f3\u017cnych lokalnych mediach, zdoby\u0142em solidne do\u015bwiadczenie w zakresie \u015bledztwa i redakcji. Obecnie jako redaktor w Pogotowie flagowe, staram si\u0119 dostarcza\u0107 dog\u0142\u0119bne i istotne analizy na temat najwa\u017cniejszych kwestii aktualno\u015bci, \u0142\u0105cz\u0105c rygor z pasj\u0105 dziennikarsk\u0105.","sameAs":["https:\/\/www.pogotowieflagowe.pl\/"]}]}},"_links":{"self":[{"href":"https:\/\/www.pogotowieflagowe.pl\/aktualne\/wp-json\/wp\/v2\/posts\/4070","targetHints":{"allow":["GET"]}}],"collection":[{"href":"https:\/\/www.pogotowieflagowe.pl\/aktualne\/wp-json\/wp\/v2\/posts"}],"about":[{"href":"https:\/\/www.pogotowieflagowe.pl\/aktualne\/wp-json\/wp\/v2\/types\/post"}],"author":[{"embeddable":true,"href":"https:\/\/www.pogotowieflagowe.pl\/aktualne\/wp-json\/wp\/v2\/users\/1"}],"replies":[{"embeddable":true,"href":"https:\/\/www.pogotowieflagowe.pl\/aktualne\/wp-json\/wp\/v2\/comments?post=4070"}],"version-history":[{"count":1,"href":"https:\/\/www.pogotowieflagowe.pl\/aktualne\/wp-json\/wp\/v2\/posts\/4070\/revisions"}],"predecessor-version":[{"id":4071,"href":"https:\/\/www.pogotowieflagowe.pl\/aktualne\/wp-json\/wp\/v2\/posts\/4070\/revisions\/4071"}],"wp:featuredmedia":[{"embeddable":true,"href":"https:\/\/www.pogotowieflagowe.pl\/aktualne\/wp-json\/wp\/v2\/media\/1551"}],"wp:attachment":[{"href":"https:\/\/www.pogotowieflagowe.pl\/aktualne\/wp-json\/wp\/v2\/media?parent=4070"}],"wp:term":[{"taxonomy":"category","embeddable":true,"href":"https:\/\/www.pogotowieflagowe.pl\/aktualne\/wp-json\/wp\/v2\/categories?post=4070"},{"taxonomy":"post_tag","embeddable":true,"href":"https:\/\/www.pogotowieflagowe.pl\/aktualne\/wp-json\/wp\/v2\/tags?post=4070"}],"curies":[{"name":"wp","href":"https:\/\/api.w.org\/{rel}","templated":true}]}}