{"id":4075,"date":"2025-02-20T21:48:14","date_gmt":"2025-02-20T20:48:14","guid":{"rendered":"https:\/\/www.pogotowieflagowe.pl\/aktualne\/moment-polski-do-wzmocnienia-saryusz-wolski-na-temat-realiow-geopolitycznych\/"},"modified":"2025-02-20T21:48:14","modified_gmt":"2025-02-20T20:48:14","slug":"moment-polski-do-wzmocnienia-saryusz-wolski-na-temat-realiow-geopolitycznych","status":"publish","type":"post","link":"https:\/\/www.pogotowieflagowe.pl\/aktualne\/moment-polski-do-wzmocnienia-saryusz-wolski-na-temat-realiow-geopolitycznych\/","title":{"rendered":"Moment Polski do wzmocnienia: Saryusz-Wolski na temat reali\u00f3w geopolitycznych"},"content":{"rendered":"\n<div class=\"td_block_wrap tdb_single_content tdi_41 td-pb-border-top td_block_template_8 td-post-content tagdiv-type\" data-td-block-uid=\"tdi_41\">\n<style>.tdi_41 {margin-top: 0px! Wa\u017cne; margines-bottom: 0px! WA\u017bNY; PALDING-TOP: 0PX! WA\u017bNY; PALDING-BOTTOM: 0PX! WA\u017bNE}<\/style>\n<style>.tdb_single_content {margin-bottom: 0;*zoom: 1} .tdb_single_content: wcze\u015bniej, .tdb_single_content: po {display: Table; content: ''; line-height: 0} .TDB-BLOCK-INner>*: nie (.WP-BLOCK-QUOTE): NOT (.Alignwide): not (.alignfull.wp-block-cover.has-parallax): not (.td-a-ad) {margin-left: auto; margin-right: auto} .tdb_single_content a {wska\u017anik-events: auto} .tdb_single_content .td-spot-top_ad .tdc-pl-plameholder-title: przed {content: \u201eArtyku\u0142 top ad\u201d! Wa\u017cne} .tdb_single_content .td-spot-id-inline_ad0 .tdc-- THE PLACEHENTER TITLE: Wcze\u015bniej {content: \u201eArtyku\u0142 inline AD 1 '! Wa\u017cne} .tdb_single_content .td-spot-id-inline_ad1 .tdc-miejsce-title: przed {content:' Artyku\u0142 inline AD 2 '! Wa\u017cny}. Tytu\u0142: Przed {Content: \u201eArtyku\u0142 Inline AD 3 '! Wa\u017cne} .tdb_single_content .td-Spot-Id-Bottom_Ad .tdc-Placeholder-Title: przed {content: \u201eArtyku\u0142 Bottom Ad\u201d! Wa\u017cne} .tdb_single_content .id_top_ad, .tdb_single_content_content .id_bottom_ad {clear: oba; margin-bottom: 21px; text-align: Center} .tdb_single_content .id_top_ad img, .tdb_single_content .id_bottom_ad img {margin-bottom: 0} .tdb_single_conTent .id_top_ad .adsbyGoogle, .tdb_single_content .id_bottom_ad .adsbyGoogle {pozycja: relatyw} .tdb_single_content .id_ad_content-horiz-left, .tdb_single_content .id_ad_content-horiz-right, .tdb_single_content .id_ad_content-horiz-Center {margin-bottom: 15px} .tdb_single_content .id_ad_content-horiz-left Img, .tdb_single_content .id_ad_content-horiz-right img, .tdb_single_content .id_ad_content-horiz-centerter img {margin-bottom: 0} .tdb_single_content .id_ad_content-horiz-center {text-align: Center} .tdb_single_content .id_ad_content-horiz-center img {margin-right: auto; margin-let: auto} .tdb_single_content .id_ad_content-horiz-left {float: left; margin-top: 9px; margin-right: 21px} .tdb_single_content .id_ad_content-horiz-right {float: right; margin-top: 6px; margin-left: 21px} .tdb_single_content .tdc-a-ad .TDC-Placeholder-Title {szeroko\u015b\u0107: 300px; height: 250px} .tdb_single_content .tdc-a-ad .TDC-Placeholder-Title: Przed {Pozycja: Absolute; TOP: 50%;-WebKit-Transform: Translatey (-50%); Transform: Translatey (-50%); margines: auto; wy\u015bwietlacz: Tabela; szeroko\u015b\u0107: 100 %}. tdb_single_content .TDB-BLOCK-INNER.TD-FIX-INDEX {Word-Break: Break-word} .tdi_41, .tdi_41> p, .tdi_41 .tdb-block-inner> p, .wp-block-column> p {font -Size: 16px! Wa\u017cne; wysoko\u015b\u0107 linii: 1.6! Wa\u017cne} .tdi_41 .tdb-block-inner Blockquote P {font-styl: normalne! Wa\u017cne} @media (Max-Width: 767px) {. tdb_single_content .id_ad_content-horiz-left, .tdb_single_content .id_ad_content-horiz-right, .tdb_single_content .id_ad_content-horiz-center {Margin: 0 Auto 26px auto}}@media (Max-Width: 767px) {. tdb_single_content .id_ad_content-horiz-left {margin-right: 0}}@media (max-width: 767px) {. po lewej: 0}}@media (Max-Width: 767px) {. tdb_single_content .td-a-ad {float: none; text-align: Center} .tdb_single_content .td-a-ad img {margin-right: auto; margin-left: auto}. tdb_single_content .tdc-a-ad {float: none}}<\/style>\n<div class=\"tdb-block-inner td-fix-index\">\n<p>W ostatnich dniach wys\u0142annicy prezydenta USA Donalda Trumpa przerzucili Europ\u0119, pr\u00f3buj\u0105c znale\u017a\u0107 spos\u00f3b na zako\u0144czenie wojny na Ukrainie, wywo\u0142anej przez rosyjsk\u0105 inwazj\u0119. Po\u0142\u0105czenie i frustracja rozprzestrzeni\u0142y si\u0119 w\u015br\u00f3d elit politycznych w Europie, gdy lec\u0105 r\u00f3\u017cne wiadomo\u015bci. W tym samym czasie rozmowy mi\u0119dzy ameryka\u0144skimi i rosyjskimi urz\u0119dnikami rozpocz\u0119\u0142y si\u0119 w Rijadzie, a Europa stara si\u0119 o miejsce przy stole negocjacyjnym.<\/p>\n<p>Jacek Saryusz-Wolski, by\u0142y PET z Polski Partii Prawa i Sprawiedliwo\u015bci (PIS), rozwa\u017ca\u0142 z\u0142o\u017con\u0105 sytuacj\u0119 podczas wywiadu z dziennikarz\u0105 Katarzyn\u0105 G\u00f3jsk\u0105 w telewizji Republika.<\/p>\n<h2 class=\"wp-block-heading\">Mg\u0142a negocjacji i panika europejska<\/h2>\n<p>Saryusz-Wolski opisa\u0142 negocjacje jako wci\u0105\u017c w powijakach, z niewielkimi informacjami z pierwszych spotka\u0144 w Rijadzie. \u201eDotychczasowe stwierdzenia nie oferuj\u0105 zbyt wiele poza tym, \u017ce obie strony s\u0105 wobec siebie uprzejmi\u201d &#8211; powiedzia\u0142.<\/p>\n<p>Zwr\u00f3ci\u0142 uwag\u0119 na mieszane sygna\u0142y pochodz\u0105ce z r\u00f3\u017cnych \u017ar\u00f3de\u0142, w tym Rijadu i wybitnych postaci, takich jak Pete Hegseth i gen. Keith Kellogg. Uwa\u017ca, \u017ce \u200b\u200bto \u201ezamieszanie\u201d nie jest przypadkowe, ale celow\u0105 taktyk\u0119. \u201eWysy\u0142ane s\u0105 sprzeczne wiadomo\u015bci w celu oceny stanowiska drugiej strony. Jest to obliczony ruch Waszyngtonu, a nie b\u0142\u0105d &#8211; wyja\u015bni\u0142.<\/p>\n<p>Wed\u0142ug Saryusz-Wolski przyw\u00f3dcy europejscy panikuj\u0105. \u201eW\u015br\u00f3d elit w Europie jest prawdziwa histeria, a nawet niekt\u00f3re polskie media zostaj\u0105 w to wci\u0105gni\u0119te. Musimy zachowa\u0107 spok\u00f3j i racjonalne. Nadal jeste\u015bmy na bardzo wczesnym etapie tego procesu &#8211; podkre\u015bli\u0142.<\/p>\n<h2 class=\"wp-block-heading\">Puste obietnice i potrzeba strefy buforowej<\/h2>\n<p>Patrz\u0105c na mo\u017cliwe wyniki, Saryusz-Wolski wspomnia\u0142 o potencjalnych ramach, w kt\u00f3rych ustanowiono lini\u0119 rozgraniczaj\u0105cego, z stacjonuj\u0105cymi przez ni\u0105 wojsk europejskich, a Rosja zgadza si\u0119 na takie warunki. \u201eJe\u015bli jest to mo\u017cliwe do osi\u0105gni\u0119cia i zr\u00f3wnowa\u017cone, mo\u017ce to by\u0107 dobre rozwi\u0105zanie. Zapewni\u0142oby to Polsce istotn\u0105 stref\u0119 buforow\u0105 &#8211; powiedzia\u0142.<\/p>\n<p>Jednak odrzuci\u0142 ostatni szczyt w Pary\u017cu jako nic wi\u0119cej ni\u017c pusta rozmowa. \u201eZa tymi stwierdzeniami nie ma \u017cadnej substancji\u201d &#8211; powiedzia\u0142 wprost.<\/p>\n<h2 class=\"wp-block-heading\">Polska musi teraz podj\u0105\u0107 dzia\u0142ania<\/h2>\n<p>Bior\u0105c pod uwag\u0119 obecn\u0105 niestabilno\u015b\u0107 geopolityczn\u0105, Saryusz-Wolski podkre\u015bli\u0142, \u017ce Polska musi dzia\u0142a\u0107 zdecydowanie. \u201eJest tam du\u017co zamieszania, a niekt\u00f3rzy my\u015bl\u0105, \u017ce to koniec \u015bwiata. Ale Polska musi pozosta\u0107 pragmatyczna i wykorzysta\u0107 t\u0119 okazj\u0119. Musimy zrobi\u0107 drugi du\u017cy skok w ekspansji wojskowej, przygotowuj\u0105c si\u0119 do najgorszego scenariusza \u201d-powiedzia\u0142.<\/p>\n<p>Ostrzeg\u0142, \u017ce nawet je\u015bli osi\u0105gni\u0119to umow\u0119 mi\u0119dzy Ukrain\u0105 a Rosj\u0105, mo\u017ce to by\u0107 tylko tymczasowe. \u201eEksperci wojskowi twierdz\u0105, \u017ce nawet je\u015bli zostanie zawarte umowy, da nam to tylko kr\u00f3tk\u0105 przerw\u0119. W najgorszym przypadku musimy by\u0107 ponownie gotowi na konflikt za trzy lub cztery lata. Oznacza to znaczne zwi\u0119kszenie wydatk\u00f3w na obron\u0119 i upewnienie si\u0119, \u017ce utrzymujemy proameryka\u0144skiego prezydenta u w\u0142adzy \u201d-doradzi\u0142 Saryusz-Wolski.<\/p>\n<h2 class=\"wp-block-heading\">Postawa Turcji i niebezpieczny hazard w Europie<\/h2>\n<p>Saryusz-Wolski zwr\u00f3ci\u0142 r\u00f3wnie\u017c uwag\u0119 na cz\u0119sto odwr\u00f3cony czynnik: silny sprzeciw Turcji wobec Ukrainy rezygnuj\u0105cy z jakiegokolwiek terytorium. \u201ePodczas gdy Europa Zachodnia wydaje si\u0119 gotowa zaakceptowa\u0107 utrat\u0119 ziemi, Turcja &#8211; pod prezydentem Erdo\u011fanem &#8211; wyja\u015bni\u0142a, \u017ce \u200b\u200bnie pozwol\u0105. To dodaje kolejn\u0105 nieprzewidywaln\u0105 warstw\u0119 do tego, jak rzeczy mog\u0105 si\u0119 sko\u0144czy\u0107 \u201d &#8211; zauwa\u017cy\u0142.<\/p>\n<h2 class=\"wp-block-heading\">Stoj\u0105c silnie w USA<\/h2>\n<p>Dla Polski nadszed\u0142 czas, aby umocni\u0107, wzmocni\u0107 swoje wojsko i podwoi\u0107 sojusz ze Stanami Zjednoczonymi.<\/p>\n<figure class=\"wp-block-pullquote\">\n<blockquote>\n<p>\u201eNie mo\u017cemy pod\u0105\u017ca\u0107 za elitami europejskimi, kt\u00f3re s\u0105 zdenerwowane Ameryk\u0105, \u017ce poinformowa\u0142o ich prawd\u0119. Niekt\u00f3rzy m\u00f3wi\u0105 nawet o uzyskaniu gwarancji bezpiecze\u0144stwa z Chin, co jest nie tylko naiwne, ale mog\u0105 niebezpiecznie sprowokowa\u0107 USA \u201d<\/p>\n<p><cite>  Ostrzeg\u0142.<\/cite><\/p><\/blockquote>\n<\/figure>\n<\/div>\n<\/div>\n","protected":false},"excerpt":{"rendered":"<p>W ostatnich dniach wys\u0142annicy prezydenta USA Donalda Trumpa przerzucili Europ\u0119, pr\u00f3buj\u0105c znale\u017a\u0107 spos\u00f3b na zako\u0144czenie wojny na Ukrainie, wywo\u0142anej przez<\/p>\n","protected":false},"author":1,"featured_media":1987,"comment_status":"closed","ping_status":"","sticky":false,"template":"","format":"standard","meta":{"footnotes":""},"categories":[4748],"tags":[4400,3915,72,5672,3217,412,5671],"class_list":["post-4075","post","type-post","status-publish","format-standard","has-post-thumbnail","hentry","category-aktualne","tag-geopolitycznych","tag-moment","tag-polski","tag-realiow","tag-saryuszwolski","tag-temat","tag-wzmocnienia","generate-columns","tablet-grid-50","mobile-grid-100","grid-parent","grid-50","resize-featured-image"],"yoast_head":"<!-- This site is optimized with the Yoast SEO plugin v23.2 - https:\/\/yoast.com\/wordpress\/plugins\/seo\/ -->\n<title>Moment Polski do wzmocnienia: Saryusz-Wolski na temat reali\u00f3w geopolitycznych - POGOTOWIE FLAGOWE\u00ae<\/title>\n<meta name=\"robots\" content=\"index, follow, max-snippet:-1, max-image-preview:large, max-video-preview:-1\" \/>\n<link rel=\"canonical\" href=\"https:\/\/www.pogotowieflagowe.pl\/aktualne\/moment-polski-do-wzmocnienia-saryusz-wolski-na-temat-realiow-geopolitycznych\/\" \/>\n<meta property=\"og:locale\" content=\"pl_PL\" \/>\n<meta property=\"og:type\" content=\"article\" \/>\n<meta property=\"og:title\" content=\"Moment Polski do wzmocnienia: Saryusz-Wolski na temat reali\u00f3w geopolitycznych - POGOTOWIE FLAGOWE\u00ae\" \/>\n<meta property=\"og:description\" content=\"W ostatnich dniach wys\u0142annicy prezydenta USA Donalda Trumpa przerzucili Europ\u0119, pr\u00f3buj\u0105c znale\u017a\u0107 spos\u00f3b na zako\u0144czenie wojny na Ukrainie, wywo\u0142anej przez\" \/>\n<meta property=\"og:url\" content=\"https:\/\/www.pogotowieflagowe.pl\/aktualne\/moment-polski-do-wzmocnienia-saryusz-wolski-na-temat-realiow-geopolitycznych\/\" \/>\n<meta property=\"og:site_name\" content=\"POGOTOWIE FLAGOWE\u00ae\" \/>\n<meta property=\"article:published_time\" content=\"2025-02-20T20:48:14+00:00\" \/>\n<meta property=\"og:image\" content=\"https:\/\/www.pogotowieflagowe.pl\/aktualne\/wp-content\/uploads\/2024\/11\/Saryusz-Wolski-wyjasnia-Elona-Muska-Niemcy-sa-najwiekszym-beneficjentem-UE-a.jpg\" \/>\n\t<meta property=\"og:image:width\" content=\"747\" \/>\n\t<meta property=\"og:image:height\" content=\"424\" \/>\n\t<meta property=\"og:image:type\" content=\"image\/jpeg\" \/>\n<meta name=\"author\" content=\"Filip\" \/>\n<meta name=\"twitter:card\" content=\"summary_large_image\" \/>\n<meta name=\"twitter:label1\" content=\"Napisane przez\" \/>\n\t<meta name=\"twitter:data1\" content=\"Filip\" \/>\n\t<meta name=\"twitter:label2\" content=\"Szacowany czas czytania\" \/>\n\t<meta name=\"twitter:data2\" content=\"3 minuty\" \/>\n<script type=\"application\/ld+json\" class=\"yoast-schema-graph\">{\"@context\":\"https:\/\/schema.org\",\"@graph\":[{\"@type\":\"Article\",\"@id\":\"https:\/\/www.pogotowieflagowe.pl\/aktualne\/moment-polski-do-wzmocnienia-saryusz-wolski-na-temat-realiow-geopolitycznych\/#article\",\"isPartOf\":{\"@id\":\"https:\/\/www.pogotowieflagowe.pl\/aktualne\/moment-polski-do-wzmocnienia-saryusz-wolski-na-temat-realiow-geopolitycznych\/\"},\"author\":{\"name\":\"Filip\",\"@id\":\"https:\/\/www.pogotowieflagowe.pl\/aktualne\/#\/schema\/person\/9c2fb7d2362ebf6fa088960d7f0d27b0\"},\"headline\":\"Moment Polski do wzmocnienia: Saryusz-Wolski na temat reali\u00f3w geopolitycznych\",\"datePublished\":\"2025-02-20T20:48:14+00:00\",\"dateModified\":\"2025-02-20T20:48:14+00:00\",\"mainEntityOfPage\":{\"@id\":\"https:\/\/www.pogotowieflagowe.pl\/aktualne\/moment-polski-do-wzmocnienia-saryusz-wolski-na-temat-realiow-geopolitycznych\/\"},\"wordCount\":616,\"publisher\":{\"@id\":\"https:\/\/www.pogotowieflagowe.pl\/aktualne\/#organization\"},\"image\":{\"@id\":\"https:\/\/www.pogotowieflagowe.pl\/aktualne\/moment-polski-do-wzmocnienia-saryusz-wolski-na-temat-realiow-geopolitycznych\/#primaryimage\"},\"thumbnailUrl\":\"https:\/\/www.pogotowieflagowe.pl\/aktualne\/wp-content\/uploads\/2024\/11\/Saryusz-Wolski-wyjasnia-Elona-Muska-Niemcy-sa-najwiekszym-beneficjentem-UE-a.jpg\",\"keywords\":[\"geopolitycznych\",\"moment\",\"polski\",\"reali\u00f3w\",\"SaryuszWolski\",\"temat\",\"wzmocnienia\"],\"articleSection\":[\"Aktualne\"],\"inLanguage\":\"pl-PL\"},{\"@type\":\"WebPage\",\"@id\":\"https:\/\/www.pogotowieflagowe.pl\/aktualne\/moment-polski-do-wzmocnienia-saryusz-wolski-na-temat-realiow-geopolitycznych\/\",\"url\":\"https:\/\/www.pogotowieflagowe.pl\/aktualne\/moment-polski-do-wzmocnienia-saryusz-wolski-na-temat-realiow-geopolitycznych\/\",\"name\":\"Moment Polski do wzmocnienia: Saryusz-Wolski na temat reali\u00f3w geopolitycznych - POGOTOWIE FLAGOWE\u00ae\",\"isPartOf\":{\"@id\":\"https:\/\/www.pogotowieflagowe.pl\/aktualne\/#website\"},\"primaryImageOfPage\":{\"@id\":\"https:\/\/www.pogotowieflagowe.pl\/aktualne\/moment-polski-do-wzmocnienia-saryusz-wolski-na-temat-realiow-geopolitycznych\/#primaryimage\"},\"image\":{\"@id\":\"https:\/\/www.pogotowieflagowe.pl\/aktualne\/moment-polski-do-wzmocnienia-saryusz-wolski-na-temat-realiow-geopolitycznych\/#primaryimage\"},\"thumbnailUrl\":\"https:\/\/www.pogotowieflagowe.pl\/aktualne\/wp-content\/uploads\/2024\/11\/Saryusz-Wolski-wyjasnia-Elona-Muska-Niemcy-sa-najwiekszym-beneficjentem-UE-a.jpg\",\"datePublished\":\"2025-02-20T20:48:14+00:00\",\"dateModified\":\"2025-02-20T20:48:14+00:00\",\"breadcrumb\":{\"@id\":\"https:\/\/www.pogotowieflagowe.pl\/aktualne\/moment-polski-do-wzmocnienia-saryusz-wolski-na-temat-realiow-geopolitycznych\/#breadcrumb\"},\"inLanguage\":\"pl-PL\",\"potentialAction\":[{\"@type\":\"ReadAction\",\"target\":[\"https:\/\/www.pogotowieflagowe.pl\/aktualne\/moment-polski-do-wzmocnienia-saryusz-wolski-na-temat-realiow-geopolitycznych\/\"]}]},{\"@type\":\"ImageObject\",\"inLanguage\":\"pl-PL\",\"@id\":\"https:\/\/www.pogotowieflagowe.pl\/aktualne\/moment-polski-do-wzmocnienia-saryusz-wolski-na-temat-realiow-geopolitycznych\/#primaryimage\",\"url\":\"https:\/\/www.pogotowieflagowe.pl\/aktualne\/wp-content\/uploads\/2024\/11\/Saryusz-Wolski-wyjasnia-Elona-Muska-Niemcy-sa-najwiekszym-beneficjentem-UE-a.jpg\",\"contentUrl\":\"https:\/\/www.pogotowieflagowe.pl\/aktualne\/wp-content\/uploads\/2024\/11\/Saryusz-Wolski-wyjasnia-Elona-Muska-Niemcy-sa-najwiekszym-beneficjentem-UE-a.jpg\",\"width\":747,\"height\":424,\"caption\":\"Saryusz-Wolski wyja\u015bnia Elona Muska: Niemcy s\u0105 najwi\u0119kszym beneficjentem UE, a nie najwi\u0119kszym darczy\u0144c\u0105\"},{\"@type\":\"BreadcrumbList\",\"@id\":\"https:\/\/www.pogotowieflagowe.pl\/aktualne\/moment-polski-do-wzmocnienia-saryusz-wolski-na-temat-realiow-geopolitycznych\/#breadcrumb\",\"itemListElement\":[{\"@type\":\"ListItem\",\"position\":1,\"name\":\"Home\",\"item\":\"https:\/\/www.pogotowieflagowe.pl\/aktualne\/\"},{\"@type\":\"ListItem\",\"position\":2,\"name\":\"Moment Polski do wzmocnienia: Saryusz-Wolski na temat reali\u00f3w geopolitycznych\"}]},{\"@type\":\"WebSite\",\"@id\":\"https:\/\/www.pogotowieflagowe.pl\/aktualne\/#website\",\"url\":\"https:\/\/www.pogotowieflagowe.pl\/aktualne\/\",\"name\":\"POGOTOWIE FLAGOWE\u00ae\",\"description\":\"\",\"publisher\":{\"@id\":\"https:\/\/www.pogotowieflagowe.pl\/aktualne\/#organization\"},\"potentialAction\":[{\"@type\":\"SearchAction\",\"target\":{\"@type\":\"EntryPoint\",\"urlTemplate\":\"https:\/\/www.pogotowieflagowe.pl\/aktualne\/?s={search_term_string}\"},\"query-input\":\"required name=search_term_string\"}],\"inLanguage\":\"pl-PL\"},{\"@type\":\"Organization\",\"@id\":\"https:\/\/www.pogotowieflagowe.pl\/aktualne\/#organization\",\"name\":\"POGOTOWIE FLAGOWE\u00ae\",\"url\":\"https:\/\/www.pogotowieflagowe.pl\/aktualne\/\",\"logo\":{\"@type\":\"ImageObject\",\"inLanguage\":\"pl-PL\",\"@id\":\"https:\/\/www.pogotowieflagowe.pl\/aktualne\/#\/schema\/logo\/image\/\",\"url\":\"https:\/\/www.pogotowieflagowe.pl\/aktualne\/wp-content\/uploads\/2024\/08\/cropped-pogotowieflagowe_flaga_projekt_sm.jpg\",\"contentUrl\":\"https:\/\/www.pogotowieflagowe.pl\/aktualne\/wp-content\/uploads\/2024\/08\/cropped-pogotowieflagowe_flaga_projekt_sm.jpg\",\"width\":250,\"height\":143,\"caption\":\"POGOTOWIE FLAGOWE\u00ae\"},\"image\":{\"@id\":\"https:\/\/www.pogotowieflagowe.pl\/aktualne\/#\/schema\/logo\/image\/\"}},{\"@type\":\"Person\",\"@id\":\"https:\/\/www.pogotowieflagowe.pl\/aktualne\/#\/schema\/person\/9c2fb7d2362ebf6fa088960d7f0d27b0\",\"name\":\"Filip\",\"image\":{\"@type\":\"ImageObject\",\"inLanguage\":\"pl-PL\",\"@id\":\"https:\/\/www.pogotowieflagowe.pl\/aktualne\/#\/schema\/person\/image\/\",\"url\":\"https:\/\/www.pogotowieflagowe.pl\/aktualne\/wp-content\/uploads\/2024\/08\/pogotowieflagowe.pl_.jpg\",\"contentUrl\":\"https:\/\/www.pogotowieflagowe.pl\/aktualne\/wp-content\/uploads\/2024\/08\/pogotowieflagowe.pl_.jpg\",\"caption\":\"Filip\"},\"description\":\"Jestem Filip, polski dziennikarz z dyplomem nauk politycznych Uniwersytetu Warszawskiego. Rozpoczynaj\u0105c swoj\u0105 karier\u0119 w r\u00f3\u017cnych lokalnych mediach, zdoby\u0142em solidne do\u015bwiadczenie w zakresie \u015bledztwa i redakcji. Obecnie jako redaktor w Pogotowie flagowe, staram si\u0119 dostarcza\u0107 dog\u0142\u0119bne i istotne analizy na temat najwa\u017cniejszych kwestii aktualno\u015bci, \u0142\u0105cz\u0105c rygor z pasj\u0105 dziennikarsk\u0105.\",\"sameAs\":[\"https:\/\/www.pogotowieflagowe.pl\/\"]}]}<\/script>\n<!-- \/ Yoast SEO plugin. -->","yoast_head_json":{"title":"Moment Polski do wzmocnienia: Saryusz-Wolski na temat reali\u00f3w geopolitycznych - POGOTOWIE FLAGOWE\u00ae","robots":{"index":"index","follow":"follow","max-snippet":"max-snippet:-1","max-image-preview":"max-image-preview:large","max-video-preview":"max-video-preview:-1"},"canonical":"https:\/\/www.pogotowieflagowe.pl\/aktualne\/moment-polski-do-wzmocnienia-saryusz-wolski-na-temat-realiow-geopolitycznych\/","og_locale":"pl_PL","og_type":"article","og_title":"Moment Polski do wzmocnienia: Saryusz-Wolski na temat reali\u00f3w geopolitycznych - POGOTOWIE FLAGOWE\u00ae","og_description":"W ostatnich dniach wys\u0142annicy prezydenta USA Donalda Trumpa przerzucili Europ\u0119, pr\u00f3buj\u0105c znale\u017a\u0107 spos\u00f3b na zako\u0144czenie wojny na Ukrainie, wywo\u0142anej przez","og_url":"https:\/\/www.pogotowieflagowe.pl\/aktualne\/moment-polski-do-wzmocnienia-saryusz-wolski-na-temat-realiow-geopolitycznych\/","og_site_name":"POGOTOWIE FLAGOWE\u00ae","article_published_time":"2025-02-20T20:48:14+00:00","og_image":[{"width":747,"height":424,"url":"https:\/\/www.pogotowieflagowe.pl\/aktualne\/wp-content\/uploads\/2024\/11\/Saryusz-Wolski-wyjasnia-Elona-Muska-Niemcy-sa-najwiekszym-beneficjentem-UE-a.jpg","type":"image\/jpeg"}],"author":"Filip","twitter_card":"summary_large_image","twitter_misc":{"Napisane przez":"Filip","Szacowany czas czytania":"3 minuty"},"schema":{"@context":"https:\/\/schema.org","@graph":[{"@type":"Article","@id":"https:\/\/www.pogotowieflagowe.pl\/aktualne\/moment-polski-do-wzmocnienia-saryusz-wolski-na-temat-realiow-geopolitycznych\/#article","isPartOf":{"@id":"https:\/\/www.pogotowieflagowe.pl\/aktualne\/moment-polski-do-wzmocnienia-saryusz-wolski-na-temat-realiow-geopolitycznych\/"},"author":{"name":"Filip","@id":"https:\/\/www.pogotowieflagowe.pl\/aktualne\/#\/schema\/person\/9c2fb7d2362ebf6fa088960d7f0d27b0"},"headline":"Moment Polski do wzmocnienia: Saryusz-Wolski na temat reali\u00f3w geopolitycznych","datePublished":"2025-02-20T20:48:14+00:00","dateModified":"2025-02-20T20:48:14+00:00","mainEntityOfPage":{"@id":"https:\/\/www.pogotowieflagowe.pl\/aktualne\/moment-polski-do-wzmocnienia-saryusz-wolski-na-temat-realiow-geopolitycznych\/"},"wordCount":616,"publisher":{"@id":"https:\/\/www.pogotowieflagowe.pl\/aktualne\/#organization"},"image":{"@id":"https:\/\/www.pogotowieflagowe.pl\/aktualne\/moment-polski-do-wzmocnienia-saryusz-wolski-na-temat-realiow-geopolitycznych\/#primaryimage"},"thumbnailUrl":"https:\/\/www.pogotowieflagowe.pl\/aktualne\/wp-content\/uploads\/2024\/11\/Saryusz-Wolski-wyjasnia-Elona-Muska-Niemcy-sa-najwiekszym-beneficjentem-UE-a.jpg","keywords":["geopolitycznych","moment","polski","reali\u00f3w","SaryuszWolski","temat","wzmocnienia"],"articleSection":["Aktualne"],"inLanguage":"pl-PL"},{"@type":"WebPage","@id":"https:\/\/www.pogotowieflagowe.pl\/aktualne\/moment-polski-do-wzmocnienia-saryusz-wolski-na-temat-realiow-geopolitycznych\/","url":"https:\/\/www.pogotowieflagowe.pl\/aktualne\/moment-polski-do-wzmocnienia-saryusz-wolski-na-temat-realiow-geopolitycznych\/","name":"Moment Polski do wzmocnienia: Saryusz-Wolski na temat reali\u00f3w geopolitycznych - POGOTOWIE FLAGOWE\u00ae","isPartOf":{"@id":"https:\/\/www.pogotowieflagowe.pl\/aktualne\/#website"},"primaryImageOfPage":{"@id":"https:\/\/www.pogotowieflagowe.pl\/aktualne\/moment-polski-do-wzmocnienia-saryusz-wolski-na-temat-realiow-geopolitycznych\/#primaryimage"},"image":{"@id":"https:\/\/www.pogotowieflagowe.pl\/aktualne\/moment-polski-do-wzmocnienia-saryusz-wolski-na-temat-realiow-geopolitycznych\/#primaryimage"},"thumbnailUrl":"https:\/\/www.pogotowieflagowe.pl\/aktualne\/wp-content\/uploads\/2024\/11\/Saryusz-Wolski-wyjasnia-Elona-Muska-Niemcy-sa-najwiekszym-beneficjentem-UE-a.jpg","datePublished":"2025-02-20T20:48:14+00:00","dateModified":"2025-02-20T20:48:14+00:00","breadcrumb":{"@id":"https:\/\/www.pogotowieflagowe.pl\/aktualne\/moment-polski-do-wzmocnienia-saryusz-wolski-na-temat-realiow-geopolitycznych\/#breadcrumb"},"inLanguage":"pl-PL","potentialAction":[{"@type":"ReadAction","target":["https:\/\/www.pogotowieflagowe.pl\/aktualne\/moment-polski-do-wzmocnienia-saryusz-wolski-na-temat-realiow-geopolitycznych\/"]}]},{"@type":"ImageObject","inLanguage":"pl-PL","@id":"https:\/\/www.pogotowieflagowe.pl\/aktualne\/moment-polski-do-wzmocnienia-saryusz-wolski-na-temat-realiow-geopolitycznych\/#primaryimage","url":"https:\/\/www.pogotowieflagowe.pl\/aktualne\/wp-content\/uploads\/2024\/11\/Saryusz-Wolski-wyjasnia-Elona-Muska-Niemcy-sa-najwiekszym-beneficjentem-UE-a.jpg","contentUrl":"https:\/\/www.pogotowieflagowe.pl\/aktualne\/wp-content\/uploads\/2024\/11\/Saryusz-Wolski-wyjasnia-Elona-Muska-Niemcy-sa-najwiekszym-beneficjentem-UE-a.jpg","width":747,"height":424,"caption":"Saryusz-Wolski wyja\u015bnia Elona Muska: Niemcy s\u0105 najwi\u0119kszym beneficjentem UE, a nie najwi\u0119kszym darczy\u0144c\u0105"},{"@type":"BreadcrumbList","@id":"https:\/\/www.pogotowieflagowe.pl\/aktualne\/moment-polski-do-wzmocnienia-saryusz-wolski-na-temat-realiow-geopolitycznych\/#breadcrumb","itemListElement":[{"@type":"ListItem","position":1,"name":"Home","item":"https:\/\/www.pogotowieflagowe.pl\/aktualne\/"},{"@type":"ListItem","position":2,"name":"Moment Polski do wzmocnienia: Saryusz-Wolski na temat reali\u00f3w geopolitycznych"}]},{"@type":"WebSite","@id":"https:\/\/www.pogotowieflagowe.pl\/aktualne\/#website","url":"https:\/\/www.pogotowieflagowe.pl\/aktualne\/","name":"POGOTOWIE FLAGOWE\u00ae","description":"","publisher":{"@id":"https:\/\/www.pogotowieflagowe.pl\/aktualne\/#organization"},"potentialAction":[{"@type":"SearchAction","target":{"@type":"EntryPoint","urlTemplate":"https:\/\/www.pogotowieflagowe.pl\/aktualne\/?s={search_term_string}"},"query-input":"required name=search_term_string"}],"inLanguage":"pl-PL"},{"@type":"Organization","@id":"https:\/\/www.pogotowieflagowe.pl\/aktualne\/#organization","name":"POGOTOWIE FLAGOWE\u00ae","url":"https:\/\/www.pogotowieflagowe.pl\/aktualne\/","logo":{"@type":"ImageObject","inLanguage":"pl-PL","@id":"https:\/\/www.pogotowieflagowe.pl\/aktualne\/#\/schema\/logo\/image\/","url":"https:\/\/www.pogotowieflagowe.pl\/aktualne\/wp-content\/uploads\/2024\/08\/cropped-pogotowieflagowe_flaga_projekt_sm.jpg","contentUrl":"https:\/\/www.pogotowieflagowe.pl\/aktualne\/wp-content\/uploads\/2024\/08\/cropped-pogotowieflagowe_flaga_projekt_sm.jpg","width":250,"height":143,"caption":"POGOTOWIE FLAGOWE\u00ae"},"image":{"@id":"https:\/\/www.pogotowieflagowe.pl\/aktualne\/#\/schema\/logo\/image\/"}},{"@type":"Person","@id":"https:\/\/www.pogotowieflagowe.pl\/aktualne\/#\/schema\/person\/9c2fb7d2362ebf6fa088960d7f0d27b0","name":"Filip","image":{"@type":"ImageObject","inLanguage":"pl-PL","@id":"https:\/\/www.pogotowieflagowe.pl\/aktualne\/#\/schema\/person\/image\/","url":"https:\/\/www.pogotowieflagowe.pl\/aktualne\/wp-content\/uploads\/2024\/08\/pogotowieflagowe.pl_.jpg","contentUrl":"https:\/\/www.pogotowieflagowe.pl\/aktualne\/wp-content\/uploads\/2024\/08\/pogotowieflagowe.pl_.jpg","caption":"Filip"},"description":"Jestem Filip, polski dziennikarz z dyplomem nauk politycznych Uniwersytetu Warszawskiego. Rozpoczynaj\u0105c swoj\u0105 karier\u0119 w r\u00f3\u017cnych lokalnych mediach, zdoby\u0142em solidne do\u015bwiadczenie w zakresie \u015bledztwa i redakcji. Obecnie jako redaktor w Pogotowie flagowe, staram si\u0119 dostarcza\u0107 dog\u0142\u0119bne i istotne analizy na temat najwa\u017cniejszych kwestii aktualno\u015bci, \u0142\u0105cz\u0105c rygor z pasj\u0105 dziennikarsk\u0105.","sameAs":["https:\/\/www.pogotowieflagowe.pl\/"]}]}},"_links":{"self":[{"href":"https:\/\/www.pogotowieflagowe.pl\/aktualne\/wp-json\/wp\/v2\/posts\/4075","targetHints":{"allow":["GET"]}}],"collection":[{"href":"https:\/\/www.pogotowieflagowe.pl\/aktualne\/wp-json\/wp\/v2\/posts"}],"about":[{"href":"https:\/\/www.pogotowieflagowe.pl\/aktualne\/wp-json\/wp\/v2\/types\/post"}],"author":[{"embeddable":true,"href":"https:\/\/www.pogotowieflagowe.pl\/aktualne\/wp-json\/wp\/v2\/users\/1"}],"replies":[{"embeddable":true,"href":"https:\/\/www.pogotowieflagowe.pl\/aktualne\/wp-json\/wp\/v2\/comments?post=4075"}],"version-history":[{"count":1,"href":"https:\/\/www.pogotowieflagowe.pl\/aktualne\/wp-json\/wp\/v2\/posts\/4075\/revisions"}],"predecessor-version":[{"id":4076,"href":"https:\/\/www.pogotowieflagowe.pl\/aktualne\/wp-json\/wp\/v2\/posts\/4075\/revisions\/4076"}],"wp:featuredmedia":[{"embeddable":true,"href":"https:\/\/www.pogotowieflagowe.pl\/aktualne\/wp-json\/wp\/v2\/media\/1987"}],"wp:attachment":[{"href":"https:\/\/www.pogotowieflagowe.pl\/aktualne\/wp-json\/wp\/v2\/media?parent=4075"}],"wp:term":[{"taxonomy":"category","embeddable":true,"href":"https:\/\/www.pogotowieflagowe.pl\/aktualne\/wp-json\/wp\/v2\/categories?post=4075"},{"taxonomy":"post_tag","embeddable":true,"href":"https:\/\/www.pogotowieflagowe.pl\/aktualne\/wp-json\/wp\/v2\/tags?post=4075"}],"curies":[{"name":"wp","href":"https:\/\/api.w.org\/{rel}","templated":true}]}}