{"id":4079,"date":"2025-02-21T02:47:12","date_gmt":"2025-02-21T01:47:12","guid":{"rendered":"https:\/\/www.pogotowieflagowe.pl\/aktualne\/polska-musi-prowadzic-wizja-nawrockiego-na-innowacje-i-globalne-uznanie\/"},"modified":"2025-02-21T02:47:12","modified_gmt":"2025-02-21T01:47:12","slug":"polska-musi-prowadzic-wizja-nawrockiego-na-innowacje-i-globalne-uznanie","status":"publish","type":"post","link":"https:\/\/www.pogotowieflagowe.pl\/aktualne\/polska-musi-prowadzic-wizja-nawrockiego-na-innowacje-i-globalne-uznanie\/","title":{"rendered":"Polska musi prowadzi\u0107: wizja Nawrockiego na innowacje i globalne uznanie"},"content":{"rendered":"\n<div class=\"td_block_wrap tdb_single_content tdi_41 td-pb-border-top td_block_template_8 td-post-content tagdiv-type\" data-td-block-uid=\"tdi_41\">\n<style>.tdi_41 {margin-top: 0px! Wa\u017cne; margines-bottom: 0px! WA\u017bNY; PALDING-TOP: 0PX! WA\u017bNY; PALDING-BOTTOM: 0PX! WA\u017bNE}<\/style>\n<style>.tdb_single_content {margin-bottom: 0;*zoom: 1} .tdb_single_content: wcze\u015bniej, .tdb_single_content: po {display: Table; content: ''; line-height: 0} .TDB-BLOCK-INner>*: nie (.WP-BLOCK-QUOTE): NOT (.Alignwide): not (.alignfull.wp-block-cover.has-parallax): not (.td-a-ad) {margin-left: auto; margin-right: auto} .tdb_single_content a {wska\u017anik-events: auto} .tdb_single_content .td-spot-top_ad .tdc-pl-plameholder-title: przed {content: \u201eArtyku\u0142 top ad\u201d! Wa\u017cne} .tdb_single_content .td-spot-id-inline_ad0 .tdc-- THE PLACEHENTER TITLE: Wcze\u015bniej {content: \u201eArtyku\u0142 inline AD 1 '! Wa\u017cne} .tdb_single_content .td-spot-id-inline_ad1 .tdc-miejsce-title: przed {content:' Artyku\u0142 inline AD 2 '! Wa\u017cny}. Tytu\u0142: Przed {Content: \u201eArtyku\u0142 Inline AD 3 '! Wa\u017cne} .tdb_single_content .td-Spot-Id-Bottom_Ad .tdc-Placeholder-Title: przed {content: \u201eArtyku\u0142 Bottom Ad\u201d! Wa\u017cne} .tdb_single_content .id_top_ad, .tdb_single_content_content .id_bottom_ad {clear: oba; margin-bottom: 21px; text-align: Center} .tdb_single_content .id_top_ad img, .tdb_single_content .id_bottom_ad img {margin-bottom: 0} .tdb_single_conTent .id_top_ad .adsbyGoogle, .tdb_single_content .id_bottom_ad .adsbyGoogle {pozycja: relatyw} .tdb_single_content .id_ad_content-horiz-left, .tdb_single_content .id_ad_content-horiz-right, .tdb_single_content .id_ad_content-horiz-Center {margin-bottom: 15px} .tdb_single_content .id_ad_content-horiz-left Img, .tdb_single_content .id_ad_content-horiz-right img, .tdb_single_content .id_ad_content-horiz-centerter img {margin-bottom: 0} .tdb_single_content .id_ad_content-horiz-center {text-align: Center} .tdb_single_content .id_ad_content-horiz-center img {margin-right: auto; margin-let: auto} .tdb_single_content .id_ad_content-horiz-left {float: left; margin-top: 9px; margin-right: 21px} .tdb_single_content .id_ad_content-horiz-right {float: right; margin-top: 6px; margin-left: 21px} .tdb_single_content .tdc-a-ad .TDC-Placeholder-Title {szeroko\u015b\u0107: 300px; height: 250px} .tdb_single_content .tdc-a-ad .TDC-Placeholder-Title: Przed {Pozycja: Absolute; TOP: 50%;-WebKit-Transform: Translatey (-50%); Transform: Translatey (-50%); margines: auto; wy\u015bwietlacz: Tabela; szeroko\u015b\u0107: 100 %}. tdb_single_content .TDB-BLOCK-INNER.TD-FIX-INDEX {Word-Break: Break-word} .tdi_41, .tdi_41> p, .tdi_41 .tdb-block-inner> p, .wp-block-column> p {font -Size: 16px! Wa\u017cne; wysoko\u015b\u0107 linii: 1.6! Wa\u017cne} .tdi_41 .tdb-block-inner Blockquote P {font-styl: normalne! Wa\u017cne} @media (Max-Width: 767px) {. tdb_single_content .id_ad_content-horiz-left, .tdb_single_content .id_ad_content-horiz-right, .tdb_single_content .id_ad_content-horiz-center {Margin: 0 Auto 26px auto}}@media (Max-Width: 767px) {. tdb_single_content .id_ad_content-horiz-left {margin-right: 0}}@media (max-width: 767px) {. po lewej: 0}}@media (Max-Width: 767px) {. tdb_single_content .td-a-ad {float: none; text-align: Center} .tdb_single_content .td-a-ad img {margin-right: auto; margin-left: auto}. tdb_single_content .tdc-a-ad {float: none}}<\/style>\n<div class=\"tdb-block-inner td-fix-index\">\n<h3 class=\"wp-block-heading\">Polski kandydat na prezydenta, Karol Nawrocki zach\u0119ca Polsk\u0119 do kierowania UE w stosunkach naukowych, technologicznych i transatlantyckich, zapewniaj\u0105c globalne uznanie polskim badaczom.<\/h3>\n<figure class=\"wp-block-embed is-type-rich is-provider-twitter wp-block-embed-twitter\">\n<div class=\"wp-block-embed__wrapper\">\n<blockquote class=\"twitter-tweet\" data-width=\"550\" data-dnt=\"true\">\n<p lang=\"pl\" dir=\"ltr\">Karol Nawrocki &#8211; Spotkanie Kandydata na Prezydenta RP | Przysucha <a rel=\"nofollow\" href=\"https:\/\/twitter.com\/hashtag\/Nawrocki2025?src=hash&amp;ref_src=twsrc%5Etfw\">#NawroCKI2025<\/a> https:\/\/t.co\/zpglbkjetp<\/p>\n<p>&#8211; #NawRocki2025 (@NawRocki25) <a rel=\"nofollow\" href=\"https:\/\/twitter.com\/Nawrocki25\/status\/1892241500488241152?ref_src=twsrc%5Etfw\">19 lutego 2025 r<\/a><\/p><\/blockquote>\n<\/div>\n<\/figure>\n<p>Podczas otwartego spotkania w Pzysucha kandydat na prezydenta Polski Karol Nawrocki podkre\u015bli\u0142 znaczenie uczynienia polskich osi\u0105gni\u0119\u0107 naukowych znanych na ca\u0142ym \u015bwiecie.<strong> \u201e\u015awiat musi o tym wiedzie\u0107\u201d<\/strong> O\u015bwiadczy\u0142 honoruj\u0105c naukowc\u00f3w w Pols Science Day. Nawrocki podkre\u015bli\u0142, \u017ce Polska powinna obj\u0105\u0107 inicjatyw\u0119 w Unii Europejskiej w stosunkach transatlantyckich, nowych technologiach, bezpiecze\u0144stwie i ekonomii, aby podkre\u015bli\u0107 wk\u0142ad polskich badaczy.<\/p>\n<h3 class=\"wp-block-heading\">Poza zatwierdzeniem europejskim<\/h3>\n<p>Nawrocki skrytykowa\u0142 tych, kt\u00f3rzy nie doceniaj\u0105 globalnego potencja\u0142u Polski, stwierdzaj\u0105c, \u017ce przyw\u00f3dztwo nie jest czym\u015b wi\u0119cej ni\u017c szukaniem walidacji ze strony elitarnych elit.<strong> \u201eCi, kt\u00f3rzy uwa\u017caj\u0105, \u017ce nasze aspiracje ko\u0144cz\u0105 si\u0119 na lotnisku w Berlinie, a nie w Warszawie lub Baranowie, nie powinni by\u0107 premierami lub prezydentami\u201d, \u201d <\/strong>argumentowa\u0142. Gdy Polska \u015bwi\u0119tuje wk\u0142ad postaci takich jak Nicolaus Copernicus, wizja Nawrockiego wymaga odwa\u017cnej krajowej strategii w celu podniesienia naukowego i technologicznego wp\u0142ywu kraju na \u015bwiatow\u0105 scen\u0119.<\/p>\n<\/div>\n<\/div>\n<p><script async src=\"https:\/\/platform.twitter.com\/widgets.js\" charset=\"utf-8\"><\/script><\/p>\n","protected":false},"excerpt":{"rendered":"<p>Polski kandydat na prezydenta, Karol Nawrocki zach\u0119ca Polsk\u0119 do kierowania UE w stosunkach naukowych, technologicznych i transatlantyckich, zapewniaj\u0105c globalne uznanie<\/p>\n","protected":false},"author":1,"featured_media":1649,"comment_status":"closed","ping_status":"","sticky":false,"template":"","format":"standard","meta":{"footnotes":""},"categories":[44],"tags":[2827,2233,3588,3306,4,5673,4477,4946],"class_list":["post-4079","post","type-post","status-publish","format-standard","has-post-thumbnail","hentry","category-polityka","tag-globalne","tag-innowacje","tag-musi","tag-nawrockiego","tag-polska","tag-prowadzic","tag-uznanie","tag-wizja","generate-columns","tablet-grid-50","mobile-grid-100","grid-parent","grid-50","resize-featured-image"],"yoast_head":"<!-- This site is optimized with the Yoast SEO plugin v23.2 - https:\/\/yoast.com\/wordpress\/plugins\/seo\/ -->\n<title>Polska musi prowadzi\u0107: wizja Nawrockiego na innowacje i globalne uznanie - POGOTOWIE FLAGOWE\u00ae<\/title>\n<meta name=\"robots\" content=\"index, follow, max-snippet:-1, max-image-preview:large, max-video-preview:-1\" \/>\n<link rel=\"canonical\" href=\"https:\/\/www.pogotowieflagowe.pl\/aktualne\/polska-musi-prowadzic-wizja-nawrockiego-na-innowacje-i-globalne-uznanie\/\" \/>\n<meta property=\"og:locale\" content=\"pl_PL\" \/>\n<meta property=\"og:type\" content=\"article\" \/>\n<meta property=\"og:title\" content=\"Polska musi prowadzi\u0107: wizja Nawrockiego na innowacje i globalne uznanie - POGOTOWIE FLAGOWE\u00ae\" \/>\n<meta property=\"og:description\" content=\"Polski kandydat na prezydenta, Karol Nawrocki zach\u0119ca Polsk\u0119 do kierowania UE w stosunkach naukowych, technologicznych i transatlantyckich, zapewniaj\u0105c globalne uznanie\" \/>\n<meta property=\"og:url\" content=\"https:\/\/www.pogotowieflagowe.pl\/aktualne\/polska-musi-prowadzic-wizja-nawrockiego-na-innowacje-i-globalne-uznanie\/\" \/>\n<meta property=\"og:site_name\" content=\"POGOTOWIE FLAGOWE\u00ae\" \/>\n<meta property=\"article:published_time\" content=\"2025-02-21T01:47:12+00:00\" \/>\n<meta property=\"og:image\" content=\"https:\/\/www.pogotowieflagowe.pl\/aktualne\/wp-content\/uploads\/2024\/11\/Doktor-Karol-Nawrocki-sygnalizuje-gotowosc-do-kandydowania-na-prezydenta.jpg\" \/>\n\t<meta property=\"og:image:width\" content=\"2048\" \/>\n\t<meta property=\"og:image:height\" content=\"1162\" \/>\n\t<meta property=\"og:image:type\" content=\"image\/jpeg\" \/>\n<meta name=\"author\" content=\"Filip\" \/>\n<meta name=\"twitter:card\" content=\"summary_large_image\" \/>\n<meta name=\"twitter:label1\" content=\"Napisane przez\" \/>\n\t<meta name=\"twitter:data1\" content=\"Filip\" \/>\n\t<meta name=\"twitter:label2\" content=\"Szacowany czas czytania\" \/>\n\t<meta name=\"twitter:data2\" content=\"1 minuta\" \/>\n<script type=\"application\/ld+json\" class=\"yoast-schema-graph\">{\"@context\":\"https:\/\/schema.org\",\"@graph\":[{\"@type\":\"Article\",\"@id\":\"https:\/\/www.pogotowieflagowe.pl\/aktualne\/polska-musi-prowadzic-wizja-nawrockiego-na-innowacje-i-globalne-uznanie\/#article\",\"isPartOf\":{\"@id\":\"https:\/\/www.pogotowieflagowe.pl\/aktualne\/polska-musi-prowadzic-wizja-nawrockiego-na-innowacje-i-globalne-uznanie\/\"},\"author\":{\"name\":\"Filip\",\"@id\":\"https:\/\/www.pogotowieflagowe.pl\/aktualne\/#\/schema\/person\/9c2fb7d2362ebf6fa088960d7f0d27b0\"},\"headline\":\"Polska musi prowadzi\u0107: wizja Nawrockiego na innowacje i globalne uznanie\",\"datePublished\":\"2025-02-21T01:47:12+00:00\",\"dateModified\":\"2025-02-21T01:47:12+00:00\",\"mainEntityOfPage\":{\"@id\":\"https:\/\/www.pogotowieflagowe.pl\/aktualne\/polska-musi-prowadzic-wizja-nawrockiego-na-innowacje-i-globalne-uznanie\/\"},\"wordCount\":207,\"publisher\":{\"@id\":\"https:\/\/www.pogotowieflagowe.pl\/aktualne\/#organization\"},\"image\":{\"@id\":\"https:\/\/www.pogotowieflagowe.pl\/aktualne\/polska-musi-prowadzic-wizja-nawrockiego-na-innowacje-i-globalne-uznanie\/#primaryimage\"},\"thumbnailUrl\":\"https:\/\/www.pogotowieflagowe.pl\/aktualne\/wp-content\/uploads\/2024\/11\/Doktor-Karol-Nawrocki-sygnalizuje-gotowosc-do-kandydowania-na-prezydenta.jpg\",\"keywords\":[\"globalne\",\"innowacje\",\"musi\",\"Nawrockiego\",\"polska\",\"prowadzi\u0107\",\"uznanie\",\"Wizja\"],\"articleSection\":[\"Polityka\"],\"inLanguage\":\"pl-PL\"},{\"@type\":\"WebPage\",\"@id\":\"https:\/\/www.pogotowieflagowe.pl\/aktualne\/polska-musi-prowadzic-wizja-nawrockiego-na-innowacje-i-globalne-uznanie\/\",\"url\":\"https:\/\/www.pogotowieflagowe.pl\/aktualne\/polska-musi-prowadzic-wizja-nawrockiego-na-innowacje-i-globalne-uznanie\/\",\"name\":\"Polska musi prowadzi\u0107: wizja Nawrockiego na innowacje i globalne uznanie - POGOTOWIE FLAGOWE\u00ae\",\"isPartOf\":{\"@id\":\"https:\/\/www.pogotowieflagowe.pl\/aktualne\/#website\"},\"primaryImageOfPage\":{\"@id\":\"https:\/\/www.pogotowieflagowe.pl\/aktualne\/polska-musi-prowadzic-wizja-nawrockiego-na-innowacje-i-globalne-uznanie\/#primaryimage\"},\"image\":{\"@id\":\"https:\/\/www.pogotowieflagowe.pl\/aktualne\/polska-musi-prowadzic-wizja-nawrockiego-na-innowacje-i-globalne-uznanie\/#primaryimage\"},\"thumbnailUrl\":\"https:\/\/www.pogotowieflagowe.pl\/aktualne\/wp-content\/uploads\/2024\/11\/Doktor-Karol-Nawrocki-sygnalizuje-gotowosc-do-kandydowania-na-prezydenta.jpg\",\"datePublished\":\"2025-02-21T01:47:12+00:00\",\"dateModified\":\"2025-02-21T01:47:12+00:00\",\"breadcrumb\":{\"@id\":\"https:\/\/www.pogotowieflagowe.pl\/aktualne\/polska-musi-prowadzic-wizja-nawrockiego-na-innowacje-i-globalne-uznanie\/#breadcrumb\"},\"inLanguage\":\"pl-PL\",\"potentialAction\":[{\"@type\":\"ReadAction\",\"target\":[\"https:\/\/www.pogotowieflagowe.pl\/aktualne\/polska-musi-prowadzic-wizja-nawrockiego-na-innowacje-i-globalne-uznanie\/\"]}]},{\"@type\":\"ImageObject\",\"inLanguage\":\"pl-PL\",\"@id\":\"https:\/\/www.pogotowieflagowe.pl\/aktualne\/polska-musi-prowadzic-wizja-nawrockiego-na-innowacje-i-globalne-uznanie\/#primaryimage\",\"url\":\"https:\/\/www.pogotowieflagowe.pl\/aktualne\/wp-content\/uploads\/2024\/11\/Doktor-Karol-Nawrocki-sygnalizuje-gotowosc-do-kandydowania-na-prezydenta.jpg\",\"contentUrl\":\"https:\/\/www.pogotowieflagowe.pl\/aktualne\/wp-content\/uploads\/2024\/11\/Doktor-Karol-Nawrocki-sygnalizuje-gotowosc-do-kandydowania-na-prezydenta.jpg\",\"width\":2048,\"height\":1162,\"caption\":\"Doktor Karol Nawrocki sygnalizuje gotowo\u015b\u0107 do kandydowania na prezydenta\"},{\"@type\":\"BreadcrumbList\",\"@id\":\"https:\/\/www.pogotowieflagowe.pl\/aktualne\/polska-musi-prowadzic-wizja-nawrockiego-na-innowacje-i-globalne-uznanie\/#breadcrumb\",\"itemListElement\":[{\"@type\":\"ListItem\",\"position\":1,\"name\":\"Home\",\"item\":\"https:\/\/www.pogotowieflagowe.pl\/aktualne\/\"},{\"@type\":\"ListItem\",\"position\":2,\"name\":\"Polska musi prowadzi\u0107: wizja Nawrockiego na innowacje i globalne uznanie\"}]},{\"@type\":\"WebSite\",\"@id\":\"https:\/\/www.pogotowieflagowe.pl\/aktualne\/#website\",\"url\":\"https:\/\/www.pogotowieflagowe.pl\/aktualne\/\",\"name\":\"POGOTOWIE FLAGOWE\u00ae\",\"description\":\"\",\"publisher\":{\"@id\":\"https:\/\/www.pogotowieflagowe.pl\/aktualne\/#organization\"},\"potentialAction\":[{\"@type\":\"SearchAction\",\"target\":{\"@type\":\"EntryPoint\",\"urlTemplate\":\"https:\/\/www.pogotowieflagowe.pl\/aktualne\/?s={search_term_string}\"},\"query-input\":\"required name=search_term_string\"}],\"inLanguage\":\"pl-PL\"},{\"@type\":\"Organization\",\"@id\":\"https:\/\/www.pogotowieflagowe.pl\/aktualne\/#organization\",\"name\":\"POGOTOWIE FLAGOWE\u00ae\",\"url\":\"https:\/\/www.pogotowieflagowe.pl\/aktualne\/\",\"logo\":{\"@type\":\"ImageObject\",\"inLanguage\":\"pl-PL\",\"@id\":\"https:\/\/www.pogotowieflagowe.pl\/aktualne\/#\/schema\/logo\/image\/\",\"url\":\"https:\/\/www.pogotowieflagowe.pl\/aktualne\/wp-content\/uploads\/2024\/08\/cropped-pogotowieflagowe_flaga_projekt_sm.jpg\",\"contentUrl\":\"https:\/\/www.pogotowieflagowe.pl\/aktualne\/wp-content\/uploads\/2024\/08\/cropped-pogotowieflagowe_flaga_projekt_sm.jpg\",\"width\":250,\"height\":143,\"caption\":\"POGOTOWIE FLAGOWE\u00ae\"},\"image\":{\"@id\":\"https:\/\/www.pogotowieflagowe.pl\/aktualne\/#\/schema\/logo\/image\/\"}},{\"@type\":\"Person\",\"@id\":\"https:\/\/www.pogotowieflagowe.pl\/aktualne\/#\/schema\/person\/9c2fb7d2362ebf6fa088960d7f0d27b0\",\"name\":\"Filip\",\"image\":{\"@type\":\"ImageObject\",\"inLanguage\":\"pl-PL\",\"@id\":\"https:\/\/www.pogotowieflagowe.pl\/aktualne\/#\/schema\/person\/image\/\",\"url\":\"https:\/\/www.pogotowieflagowe.pl\/aktualne\/wp-content\/uploads\/2024\/08\/pogotowieflagowe.pl_.jpg\",\"contentUrl\":\"https:\/\/www.pogotowieflagowe.pl\/aktualne\/wp-content\/uploads\/2024\/08\/pogotowieflagowe.pl_.jpg\",\"caption\":\"Filip\"},\"description\":\"Jestem Filip, polski dziennikarz z dyplomem nauk politycznych Uniwersytetu Warszawskiego. Rozpoczynaj\u0105c swoj\u0105 karier\u0119 w r\u00f3\u017cnych lokalnych mediach, zdoby\u0142em solidne do\u015bwiadczenie w zakresie \u015bledztwa i redakcji. Obecnie jako redaktor w Pogotowie flagowe, staram si\u0119 dostarcza\u0107 dog\u0142\u0119bne i istotne analizy na temat najwa\u017cniejszych kwestii aktualno\u015bci, \u0142\u0105cz\u0105c rygor z pasj\u0105 dziennikarsk\u0105.\",\"sameAs\":[\"https:\/\/www.pogotowieflagowe.pl\/\"]}]}<\/script>\n<!-- \/ Yoast SEO plugin. -->","yoast_head_json":{"title":"Polska musi prowadzi\u0107: wizja Nawrockiego na innowacje i globalne uznanie - POGOTOWIE FLAGOWE\u00ae","robots":{"index":"index","follow":"follow","max-snippet":"max-snippet:-1","max-image-preview":"max-image-preview:large","max-video-preview":"max-video-preview:-1"},"canonical":"https:\/\/www.pogotowieflagowe.pl\/aktualne\/polska-musi-prowadzic-wizja-nawrockiego-na-innowacje-i-globalne-uznanie\/","og_locale":"pl_PL","og_type":"article","og_title":"Polska musi prowadzi\u0107: wizja Nawrockiego na innowacje i globalne uznanie - POGOTOWIE FLAGOWE\u00ae","og_description":"Polski kandydat na prezydenta, Karol Nawrocki zach\u0119ca Polsk\u0119 do kierowania UE w stosunkach naukowych, technologicznych i transatlantyckich, zapewniaj\u0105c globalne uznanie","og_url":"https:\/\/www.pogotowieflagowe.pl\/aktualne\/polska-musi-prowadzic-wizja-nawrockiego-na-innowacje-i-globalne-uznanie\/","og_site_name":"POGOTOWIE FLAGOWE\u00ae","article_published_time":"2025-02-21T01:47:12+00:00","og_image":[{"width":2048,"height":1162,"url":"https:\/\/www.pogotowieflagowe.pl\/aktualne\/wp-content\/uploads\/2024\/11\/Doktor-Karol-Nawrocki-sygnalizuje-gotowosc-do-kandydowania-na-prezydenta.jpg","type":"image\/jpeg"}],"author":"Filip","twitter_card":"summary_large_image","twitter_misc":{"Napisane przez":"Filip","Szacowany czas czytania":"1 minuta"},"schema":{"@context":"https:\/\/schema.org","@graph":[{"@type":"Article","@id":"https:\/\/www.pogotowieflagowe.pl\/aktualne\/polska-musi-prowadzic-wizja-nawrockiego-na-innowacje-i-globalne-uznanie\/#article","isPartOf":{"@id":"https:\/\/www.pogotowieflagowe.pl\/aktualne\/polska-musi-prowadzic-wizja-nawrockiego-na-innowacje-i-globalne-uznanie\/"},"author":{"name":"Filip","@id":"https:\/\/www.pogotowieflagowe.pl\/aktualne\/#\/schema\/person\/9c2fb7d2362ebf6fa088960d7f0d27b0"},"headline":"Polska musi prowadzi\u0107: wizja Nawrockiego na innowacje i globalne uznanie","datePublished":"2025-02-21T01:47:12+00:00","dateModified":"2025-02-21T01:47:12+00:00","mainEntityOfPage":{"@id":"https:\/\/www.pogotowieflagowe.pl\/aktualne\/polska-musi-prowadzic-wizja-nawrockiego-na-innowacje-i-globalne-uznanie\/"},"wordCount":207,"publisher":{"@id":"https:\/\/www.pogotowieflagowe.pl\/aktualne\/#organization"},"image":{"@id":"https:\/\/www.pogotowieflagowe.pl\/aktualne\/polska-musi-prowadzic-wizja-nawrockiego-na-innowacje-i-globalne-uznanie\/#primaryimage"},"thumbnailUrl":"https:\/\/www.pogotowieflagowe.pl\/aktualne\/wp-content\/uploads\/2024\/11\/Doktor-Karol-Nawrocki-sygnalizuje-gotowosc-do-kandydowania-na-prezydenta.jpg","keywords":["globalne","innowacje","musi","Nawrockiego","polska","prowadzi\u0107","uznanie","Wizja"],"articleSection":["Polityka"],"inLanguage":"pl-PL"},{"@type":"WebPage","@id":"https:\/\/www.pogotowieflagowe.pl\/aktualne\/polska-musi-prowadzic-wizja-nawrockiego-na-innowacje-i-globalne-uznanie\/","url":"https:\/\/www.pogotowieflagowe.pl\/aktualne\/polska-musi-prowadzic-wizja-nawrockiego-na-innowacje-i-globalne-uznanie\/","name":"Polska musi prowadzi\u0107: wizja Nawrockiego na innowacje i globalne uznanie - POGOTOWIE FLAGOWE\u00ae","isPartOf":{"@id":"https:\/\/www.pogotowieflagowe.pl\/aktualne\/#website"},"primaryImageOfPage":{"@id":"https:\/\/www.pogotowieflagowe.pl\/aktualne\/polska-musi-prowadzic-wizja-nawrockiego-na-innowacje-i-globalne-uznanie\/#primaryimage"},"image":{"@id":"https:\/\/www.pogotowieflagowe.pl\/aktualne\/polska-musi-prowadzic-wizja-nawrockiego-na-innowacje-i-globalne-uznanie\/#primaryimage"},"thumbnailUrl":"https:\/\/www.pogotowieflagowe.pl\/aktualne\/wp-content\/uploads\/2024\/11\/Doktor-Karol-Nawrocki-sygnalizuje-gotowosc-do-kandydowania-na-prezydenta.jpg","datePublished":"2025-02-21T01:47:12+00:00","dateModified":"2025-02-21T01:47:12+00:00","breadcrumb":{"@id":"https:\/\/www.pogotowieflagowe.pl\/aktualne\/polska-musi-prowadzic-wizja-nawrockiego-na-innowacje-i-globalne-uznanie\/#breadcrumb"},"inLanguage":"pl-PL","potentialAction":[{"@type":"ReadAction","target":["https:\/\/www.pogotowieflagowe.pl\/aktualne\/polska-musi-prowadzic-wizja-nawrockiego-na-innowacje-i-globalne-uznanie\/"]}]},{"@type":"ImageObject","inLanguage":"pl-PL","@id":"https:\/\/www.pogotowieflagowe.pl\/aktualne\/polska-musi-prowadzic-wizja-nawrockiego-na-innowacje-i-globalne-uznanie\/#primaryimage","url":"https:\/\/www.pogotowieflagowe.pl\/aktualne\/wp-content\/uploads\/2024\/11\/Doktor-Karol-Nawrocki-sygnalizuje-gotowosc-do-kandydowania-na-prezydenta.jpg","contentUrl":"https:\/\/www.pogotowieflagowe.pl\/aktualne\/wp-content\/uploads\/2024\/11\/Doktor-Karol-Nawrocki-sygnalizuje-gotowosc-do-kandydowania-na-prezydenta.jpg","width":2048,"height":1162,"caption":"Doktor Karol Nawrocki sygnalizuje gotowo\u015b\u0107 do kandydowania na prezydenta"},{"@type":"BreadcrumbList","@id":"https:\/\/www.pogotowieflagowe.pl\/aktualne\/polska-musi-prowadzic-wizja-nawrockiego-na-innowacje-i-globalne-uznanie\/#breadcrumb","itemListElement":[{"@type":"ListItem","position":1,"name":"Home","item":"https:\/\/www.pogotowieflagowe.pl\/aktualne\/"},{"@type":"ListItem","position":2,"name":"Polska musi prowadzi\u0107: wizja Nawrockiego na innowacje i globalne uznanie"}]},{"@type":"WebSite","@id":"https:\/\/www.pogotowieflagowe.pl\/aktualne\/#website","url":"https:\/\/www.pogotowieflagowe.pl\/aktualne\/","name":"POGOTOWIE FLAGOWE\u00ae","description":"","publisher":{"@id":"https:\/\/www.pogotowieflagowe.pl\/aktualne\/#organization"},"potentialAction":[{"@type":"SearchAction","target":{"@type":"EntryPoint","urlTemplate":"https:\/\/www.pogotowieflagowe.pl\/aktualne\/?s={search_term_string}"},"query-input":"required name=search_term_string"}],"inLanguage":"pl-PL"},{"@type":"Organization","@id":"https:\/\/www.pogotowieflagowe.pl\/aktualne\/#organization","name":"POGOTOWIE FLAGOWE\u00ae","url":"https:\/\/www.pogotowieflagowe.pl\/aktualne\/","logo":{"@type":"ImageObject","inLanguage":"pl-PL","@id":"https:\/\/www.pogotowieflagowe.pl\/aktualne\/#\/schema\/logo\/image\/","url":"https:\/\/www.pogotowieflagowe.pl\/aktualne\/wp-content\/uploads\/2024\/08\/cropped-pogotowieflagowe_flaga_projekt_sm.jpg","contentUrl":"https:\/\/www.pogotowieflagowe.pl\/aktualne\/wp-content\/uploads\/2024\/08\/cropped-pogotowieflagowe_flaga_projekt_sm.jpg","width":250,"height":143,"caption":"POGOTOWIE FLAGOWE\u00ae"},"image":{"@id":"https:\/\/www.pogotowieflagowe.pl\/aktualne\/#\/schema\/logo\/image\/"}},{"@type":"Person","@id":"https:\/\/www.pogotowieflagowe.pl\/aktualne\/#\/schema\/person\/9c2fb7d2362ebf6fa088960d7f0d27b0","name":"Filip","image":{"@type":"ImageObject","inLanguage":"pl-PL","@id":"https:\/\/www.pogotowieflagowe.pl\/aktualne\/#\/schema\/person\/image\/","url":"https:\/\/www.pogotowieflagowe.pl\/aktualne\/wp-content\/uploads\/2024\/08\/pogotowieflagowe.pl_.jpg","contentUrl":"https:\/\/www.pogotowieflagowe.pl\/aktualne\/wp-content\/uploads\/2024\/08\/pogotowieflagowe.pl_.jpg","caption":"Filip"},"description":"Jestem Filip, polski dziennikarz z dyplomem nauk politycznych Uniwersytetu Warszawskiego. Rozpoczynaj\u0105c swoj\u0105 karier\u0119 w r\u00f3\u017cnych lokalnych mediach, zdoby\u0142em solidne do\u015bwiadczenie w zakresie \u015bledztwa i redakcji. Obecnie jako redaktor w Pogotowie flagowe, staram si\u0119 dostarcza\u0107 dog\u0142\u0119bne i istotne analizy na temat najwa\u017cniejszych kwestii aktualno\u015bci, \u0142\u0105cz\u0105c rygor z pasj\u0105 dziennikarsk\u0105.","sameAs":["https:\/\/www.pogotowieflagowe.pl\/"]}]}},"_links":{"self":[{"href":"https:\/\/www.pogotowieflagowe.pl\/aktualne\/wp-json\/wp\/v2\/posts\/4079","targetHints":{"allow":["GET"]}}],"collection":[{"href":"https:\/\/www.pogotowieflagowe.pl\/aktualne\/wp-json\/wp\/v2\/posts"}],"about":[{"href":"https:\/\/www.pogotowieflagowe.pl\/aktualne\/wp-json\/wp\/v2\/types\/post"}],"author":[{"embeddable":true,"href":"https:\/\/www.pogotowieflagowe.pl\/aktualne\/wp-json\/wp\/v2\/users\/1"}],"replies":[{"embeddable":true,"href":"https:\/\/www.pogotowieflagowe.pl\/aktualne\/wp-json\/wp\/v2\/comments?post=4079"}],"version-history":[{"count":1,"href":"https:\/\/www.pogotowieflagowe.pl\/aktualne\/wp-json\/wp\/v2\/posts\/4079\/revisions"}],"predecessor-version":[{"id":4080,"href":"https:\/\/www.pogotowieflagowe.pl\/aktualne\/wp-json\/wp\/v2\/posts\/4079\/revisions\/4080"}],"wp:featuredmedia":[{"embeddable":true,"href":"https:\/\/www.pogotowieflagowe.pl\/aktualne\/wp-json\/wp\/v2\/media\/1649"}],"wp:attachment":[{"href":"https:\/\/www.pogotowieflagowe.pl\/aktualne\/wp-json\/wp\/v2\/media?parent=4079"}],"wp:term":[{"taxonomy":"category","embeddable":true,"href":"https:\/\/www.pogotowieflagowe.pl\/aktualne\/wp-json\/wp\/v2\/categories?post=4079"},{"taxonomy":"post_tag","embeddable":true,"href":"https:\/\/www.pogotowieflagowe.pl\/aktualne\/wp-json\/wp\/v2\/tags?post=4079"}],"curies":[{"name":"wp","href":"https:\/\/api.w.org\/{rel}","templated":true}]}}