{"id":4083,"date":"2025-02-21T08:47:28","date_gmt":"2025-02-21T07:47:28","guid":{"rendered":"https:\/\/www.pogotowieflagowe.pl\/aktualne\/kontrowersyjna-strategia-niemiec-dotyczacy-umowy-ue-mercosur\/"},"modified":"2025-02-21T08:47:29","modified_gmt":"2025-02-21T07:47:29","slug":"kontrowersyjna-strategia-niemiec-dotyczacy-umowy-ue-mercosur","status":"publish","type":"post","link":"https:\/\/www.pogotowieflagowe.pl\/aktualne\/kontrowersyjna-strategia-niemiec-dotyczacy-umowy-ue-mercosur\/","title":{"rendered":"Kontrowersyjna strategia Niemiec dotycz\u0105cy umowy UE-Mercosur"},"content":{"rendered":"\n<div class=\"td_block_wrap tdb_single_content tdi_41 td-pb-border-top td_block_template_8 td-post-content tagdiv-type\" data-td-block-uid=\"tdi_41\">\n<style>.tdi_41 {margin-top: 0px! Wa\u017cne; margines-bottom: 0px! WA\u017bNY; PALDING-TOP: 0PX! WA\u017bNY; PALDING-BOTTOM: 0PX! WA\u017bNE}<\/style>\n<style>.tdb_single_content {margin-bottom: 0;*zoom: 1} .tdb_single_content: wcze\u015bniej, .tdb_single_content: po {display: Table; content: ''; line-height: 0} .TDB-BLOCK-INner>*: nie (.WP-BLOCK-QUOTE): NOT (.Alignwide): not (.alignfull.wp-block-cover.has-parallax): not (.td-a-ad) {margin-left: auto; margin-right: auto} .tdb_single_content a {wska\u017anik-events: auto} .tdb_single_content .td-spot-top_ad .tdc-pl-plameholder-title: przed {content: \u201eArtyku\u0142 top ad\u201d! Wa\u017cne} .tdb_single_content .td-spot-id-inline_ad0 .tdc-- THE PLACEHENTER TITLE: Wcze\u015bniej {content: \u201eArtyku\u0142 inline AD 1 '! Wa\u017cne} .tdb_single_content .td-spot-id-inline_ad1 .tdc-miejsce-title: przed {content:' Artyku\u0142 inline AD 2 '! Wa\u017cny}. Tytu\u0142: Przed {Content: \u201eArtyku\u0142 Inline AD 3 '! Wa\u017cne} .tdb_single_content .td-Spot-Id-Bottom_Ad .tdc-Placeholder-Title: przed {content: \u201eArtyku\u0142 Bottom Ad\u201d! Wa\u017cne} .tdb_single_content .id_top_ad, .tdb_single_content_content .id_bottom_ad {clear: oba; margin-bottom: 21px; text-align: Center} .tdb_single_content .id_top_ad img, .tdb_single_content .id_bottom_ad img {margin-bottom: 0} .tdb_single_conTent .id_top_ad .adsbyGoogle, .tdb_single_content .id_bottom_ad .adsbyGoogle {pozycja: relatyw} .tdb_single_content .id_ad_content-horiz-left, .tdb_single_content .id_ad_content-horiz-right, .tdb_single_content .id_ad_content-horiz-Center {margin-bottom: 15px} .tdb_single_content .id_ad_content-horiz-left Img, .tdb_single_content .id_ad_content-horiz-right img, .tdb_single_content .id_ad_content-horiz-centerter img {margin-bottom: 0} .tdb_single_content .id_ad_content-horiz-center {text-align: Center} .tdb_single_content .id_ad_content-horiz-center img {margin-right: auto; margin-let: auto} .tdb_single_content .id_ad_content-horiz-left {float: left; margin-top: 9px; margin-right: 21px} .tdb_single_content .id_ad_content-horiz-right {float: right; margin-top: 6px; margin-left: 21px} .tdb_single_content .tdc-a-ad .TDC-Placeholder-Title {szeroko\u015b\u0107: 300px; height: 250px} .tdb_single_content .tdc-a-ad .TDC-Placeholder-Title: Przed {Pozycja: Absolute; TOP: 50%;-WebKit-Transform: Translatey (-50%); Transform: Translatey (-50%); margines: auto; wy\u015bwietlacz: Tabela; szeroko\u015b\u0107: 100 %}. tdb_single_content .TDB-BLOCK-INNER.TD-FIX-INDEX {Word-Break: Break-word} .tdi_41, .tdi_41> p, .tdi_41 .tdb-block-inner> p, .wp-block-column> p {font -Size: 16px! Wa\u017cne; wysoko\u015b\u0107 linii: 1.6! Wa\u017cne} .tdi_41 .tdb-block-inner Blockquote P {font-styl: normalne! Wa\u017cne} @media (Max-Width: 767px) {. tdb_single_content .id_ad_content-horiz-left, .tdb_single_content .id_ad_content-horiz-right, .tdb_single_content .id_ad_content-horiz-center {Margin: 0 Auto 26px auto}}@media (Max-Width: 767px) {. tdb_single_content .id_ad_content-horiz-left {margin-right: 0}}@media (max-width: 767px) {. po lewej: 0}}@media (Max-Width: 767px) {. tdb_single_content .td-a-ad {float: none; text-align: Center} .tdb_single_content .td-a-ad img {margin-right: auto; margin-left: auto}. tdb_single_content .tdc-a-ad {float: none}}<\/style>\n<div class=\"tdb-block-inner td-fix-index\">\n<h3 class=\"wp-block-heading\">Niemieckie d\u0105\u017cenie do omini\u0119cia pe\u0142nej ratyfikacji UE umowy handlowej Mercosur budzi obawy dotycz\u0105ce demokratycznego nadzoru. Tymczasem polscy politycy ostrzegaj\u0105 o zagro\u017ceniach dla lokalnego rolnictwa.<\/h3>\n<p>Ostatnie raporty wskazuj\u0105, \u017ce Niemcy pr\u00f3buj\u0105 podzieli\u0107 umow\u0119 UE-Mercosur na dwie cz\u0119\u015bci, umo\u017cliwiaj\u0105c jedn\u0105 sekcj\u0119 na omini\u0119cie pe\u0142nej ratyfikacji przez wszystkie pa\u0144stwa cz\u0142onkowskie UE. By\u0142a polska minister rolnictwa Anna Gembicka podnios\u0142a alarmy, ostrzegaj\u0105c, \u017ce taki ruch mo\u017ce podwa\u017cy\u0107 procedury demokratyczne i przesun\u0105\u0107 porozumienie bez odpowiedniego nadzoru. Umowa, negocjowana przez 20 lat, ma na celu stworzenie strefy wolnego handlu mi\u0119dzy krajami UE i Mercosur &#8211; Argentina, Brazylii, Paragwaju, Boliwii i Urugwaju. Podczas gdy Komisja Europejska ma nadziej\u0119 zabezpieczy\u0107 surowce dla czystych technologii, krytycy twierdz\u0105, \u017ce umowa mo\u017ce zaszkodzi\u0107 lokalnym przemys\u0142om, zw\u0142aszcza rolnictwu.<\/p>\n<h3 class=\"wp-block-heading\">Polskie rolnictwo w zagro\u017ceniu<\/h3>\n<p>Opr\u00f3cz problem\u00f3w handlowych polscy politycy r\u00f3wnie\u017c brzmi\u0105 alarm nad nap\u0142ywem niemieckiej wieprzowiny do Polski, z kt\u00f3rych niekt\u00f3re s\u0105 fa\u0142szywie oznaczone jako produkty krajowe. Prawodawcy twierdz\u0105, \u017ce wprowadza w b\u0142\u0105d konsument\u00f3w i szkodzi lokalnym rolnikom. W odpowiedzi by\u0142y minister Robert Telus zaproponowa\u0142 utworzenie rzecznika rolnego w celu ochrony polskich rolnik\u00f3w przed niesprawiedliwymi przepisami i wyzyskiem korporacyjnym. Ta inicjatywa ma na celu zapewnienie prawnego wsparcia rolnikom, zapewniaj\u0105c, \u017ce maj\u0105 g\u0142os w dyskusjach politycznych i praktykach rynkowych.<\/p>\n<figure class=\"wp-block-embed is-type-rich is-provider-twitter wp-block-embed-twitter\">\n<div class=\"wp-block-embed__wrapper\">\n<blockquote class=\"twitter-tweet\" data-width=\"550\" data-dnt=\"true\">\n<p lang=\"pl\" dir=\"ltr\">\ud83d\udcac PMSLE Pis <a rel=\"nofollow\" href=\"https:\/\/twitter.com\/RobertTelus?ref_src=twsrc%5Etfw\">@Roberttelus<\/a>: Rolnictwo w europie Jest zwijane i dlatego chceMy Broni\u0107 plue WSzyStkim Polskogo Rolnika. Proponujemy Now isstaw\u0119 o rzeczniku rolnikowie. Do instytucja, Kbora B\u0119dzie Bronida PolsKiego Rolnika na wZOr Rzecznika M\u015bp. CHCEMY, \u017bEBY ROLnik By\u0142 Chroniony\u2026 <a rel=\"nofollow\" href=\"https:\/\/t.co\/WGpbGUhW53\">pic.twitter.com\/wgpbguhw53<\/a><\/p>\n<p>&#8211; Prrawo I roztrawiedliwo\u015bu (@Pisorgpl) <a rel=\"nofollow\" href=\"https:\/\/twitter.com\/pisorgpl\/status\/1892491690339962983?ref_src=twsrc%5Etfw\">20 lutego 2025 r<\/a><\/p><\/blockquote>\n<\/div>\n<\/figure>\n<\/div>\n<\/div>\n<p><script async src=\"https:\/\/platform.twitter.com\/widgets.js\" charset=\"utf-8\"><\/script><\/p>\n","protected":false},"excerpt":{"rendered":"<p>Niemieckie d\u0105\u017cenie do omini\u0119cia pe\u0142nej ratyfikacji UE umowy handlowej Mercosur budzi obawy dotycz\u0105ce demokratycznego nadzoru. Tymczasem polscy politycy ostrzegaj\u0105 o<\/p>\n","protected":false},"author":1,"featured_media":4084,"comment_status":"closed","ping_status":"","sticky":false,"template":"","format":"standard","meta":{"footnotes":""},"categories":[44],"tags":[5676,4358,753,2198,5677,842],"class_list":["post-4083","post","type-post","status-publish","format-standard","has-post-thumbnail","hentry","category-polityka","tag-dotyczacy","tag-kontrowersyjna","tag-niemiec","tag-strategia","tag-uemercosur","tag-umowy","generate-columns","tablet-grid-50","mobile-grid-100","grid-parent","grid-50","resize-featured-image"],"yoast_head":"<!-- This site is optimized with the Yoast SEO plugin v23.2 - https:\/\/yoast.com\/wordpress\/plugins\/seo\/ -->\n<title>Kontrowersyjna strategia Niemiec dotycz\u0105cy umowy UE-Mercosur - POGOTOWIE FLAGOWE\u00ae<\/title>\n<meta name=\"robots\" content=\"index, follow, max-snippet:-1, max-image-preview:large, max-video-preview:-1\" \/>\n<link rel=\"canonical\" href=\"https:\/\/www.pogotowieflagowe.pl\/aktualne\/kontrowersyjna-strategia-niemiec-dotyczacy-umowy-ue-mercosur\/\" \/>\n<meta property=\"og:locale\" content=\"pl_PL\" \/>\n<meta property=\"og:type\" content=\"article\" \/>\n<meta property=\"og:title\" content=\"Kontrowersyjna strategia Niemiec dotycz\u0105cy umowy UE-Mercosur - POGOTOWIE FLAGOWE\u00ae\" \/>\n<meta property=\"og:description\" content=\"Niemieckie d\u0105\u017cenie do omini\u0119cia pe\u0142nej ratyfikacji UE umowy handlowej Mercosur budzi obawy dotycz\u0105ce demokratycznego nadzoru. Tymczasem polscy politycy ostrzegaj\u0105 o\" \/>\n<meta property=\"og:url\" content=\"https:\/\/www.pogotowieflagowe.pl\/aktualne\/kontrowersyjna-strategia-niemiec-dotyczacy-umowy-ue-mercosur\/\" \/>\n<meta property=\"og:site_name\" content=\"POGOTOWIE FLAGOWE\u00ae\" \/>\n<meta property=\"article:published_time\" content=\"2025-02-21T07:47:28+00:00\" \/>\n<meta property=\"article:modified_time\" content=\"2025-02-21T07:47:29+00:00\" \/>\n<meta property=\"og:image\" content=\"https:\/\/www.pogotowieflagowe.pl\/aktualne\/wp-content\/uploads\/2025\/02\/Kontrowersyjna-strategia-Niemiec-dotyczacy-umowy-UE-Mercosur.webp.webp\" \/>\n\t<meta property=\"og:image:width\" content=\"1280\" \/>\n\t<meta property=\"og:image:height\" content=\"720\" \/>\n\t<meta property=\"og:image:type\" content=\"image\/webp\" \/>\n<meta name=\"author\" content=\"Filip\" \/>\n<meta name=\"twitter:card\" content=\"summary_large_image\" \/>\n<meta name=\"twitter:label1\" content=\"Napisane przez\" \/>\n\t<meta name=\"twitter:data1\" content=\"Filip\" \/>\n\t<meta name=\"twitter:label2\" content=\"Szacowany czas czytania\" \/>\n\t<meta name=\"twitter:data2\" content=\"1 minuta\" \/>\n<script type=\"application\/ld+json\" class=\"yoast-schema-graph\">{\"@context\":\"https:\/\/schema.org\",\"@graph\":[{\"@type\":\"Article\",\"@id\":\"https:\/\/www.pogotowieflagowe.pl\/aktualne\/kontrowersyjna-strategia-niemiec-dotyczacy-umowy-ue-mercosur\/#article\",\"isPartOf\":{\"@id\":\"https:\/\/www.pogotowieflagowe.pl\/aktualne\/kontrowersyjna-strategia-niemiec-dotyczacy-umowy-ue-mercosur\/\"},\"author\":{\"name\":\"Filip\",\"@id\":\"https:\/\/www.pogotowieflagowe.pl\/aktualne\/#\/schema\/person\/9c2fb7d2362ebf6fa088960d7f0d27b0\"},\"headline\":\"Kontrowersyjna strategia Niemiec dotycz\u0105cy umowy UE-Mercosur\",\"datePublished\":\"2025-02-21T07:47:28+00:00\",\"dateModified\":\"2025-02-21T07:47:29+00:00\",\"mainEntityOfPage\":{\"@id\":\"https:\/\/www.pogotowieflagowe.pl\/aktualne\/kontrowersyjna-strategia-niemiec-dotyczacy-umowy-ue-mercosur\/\"},\"wordCount\":287,\"publisher\":{\"@id\":\"https:\/\/www.pogotowieflagowe.pl\/aktualne\/#organization\"},\"image\":{\"@id\":\"https:\/\/www.pogotowieflagowe.pl\/aktualne\/kontrowersyjna-strategia-niemiec-dotyczacy-umowy-ue-mercosur\/#primaryimage\"},\"thumbnailUrl\":\"https:\/\/www.pogotowieflagowe.pl\/aktualne\/wp-content\/uploads\/2025\/02\/Kontrowersyjna-strategia-Niemiec-dotyczacy-umowy-UE-Mercosur.webp.webp\",\"keywords\":[\"dotycz\u0105cy\",\"kontrowersyjna\",\"Niemiec\",\"strategia\",\"UEMercosur\",\"umowy\"],\"articleSection\":[\"Polityka\"],\"inLanguage\":\"pl-PL\"},{\"@type\":\"WebPage\",\"@id\":\"https:\/\/www.pogotowieflagowe.pl\/aktualne\/kontrowersyjna-strategia-niemiec-dotyczacy-umowy-ue-mercosur\/\",\"url\":\"https:\/\/www.pogotowieflagowe.pl\/aktualne\/kontrowersyjna-strategia-niemiec-dotyczacy-umowy-ue-mercosur\/\",\"name\":\"Kontrowersyjna strategia Niemiec dotycz\u0105cy umowy UE-Mercosur - POGOTOWIE FLAGOWE\u00ae\",\"isPartOf\":{\"@id\":\"https:\/\/www.pogotowieflagowe.pl\/aktualne\/#website\"},\"primaryImageOfPage\":{\"@id\":\"https:\/\/www.pogotowieflagowe.pl\/aktualne\/kontrowersyjna-strategia-niemiec-dotyczacy-umowy-ue-mercosur\/#primaryimage\"},\"image\":{\"@id\":\"https:\/\/www.pogotowieflagowe.pl\/aktualne\/kontrowersyjna-strategia-niemiec-dotyczacy-umowy-ue-mercosur\/#primaryimage\"},\"thumbnailUrl\":\"https:\/\/www.pogotowieflagowe.pl\/aktualne\/wp-content\/uploads\/2025\/02\/Kontrowersyjna-strategia-Niemiec-dotyczacy-umowy-UE-Mercosur.webp.webp\",\"datePublished\":\"2025-02-21T07:47:28+00:00\",\"dateModified\":\"2025-02-21T07:47:29+00:00\",\"breadcrumb\":{\"@id\":\"https:\/\/www.pogotowieflagowe.pl\/aktualne\/kontrowersyjna-strategia-niemiec-dotyczacy-umowy-ue-mercosur\/#breadcrumb\"},\"inLanguage\":\"pl-PL\",\"potentialAction\":[{\"@type\":\"ReadAction\",\"target\":[\"https:\/\/www.pogotowieflagowe.pl\/aktualne\/kontrowersyjna-strategia-niemiec-dotyczacy-umowy-ue-mercosur\/\"]}]},{\"@type\":\"ImageObject\",\"inLanguage\":\"pl-PL\",\"@id\":\"https:\/\/www.pogotowieflagowe.pl\/aktualne\/kontrowersyjna-strategia-niemiec-dotyczacy-umowy-ue-mercosur\/#primaryimage\",\"url\":\"https:\/\/www.pogotowieflagowe.pl\/aktualne\/wp-content\/uploads\/2025\/02\/Kontrowersyjna-strategia-Niemiec-dotyczacy-umowy-UE-Mercosur.webp.webp\",\"contentUrl\":\"https:\/\/www.pogotowieflagowe.pl\/aktualne\/wp-content\/uploads\/2025\/02\/Kontrowersyjna-strategia-Niemiec-dotyczacy-umowy-UE-Mercosur.webp.webp\",\"width\":1280,\"height\":720,\"caption\":\"Kontrowersyjna strategia Niemiec dotycz\u0105cy umowy UE-Mercosur\"},{\"@type\":\"BreadcrumbList\",\"@id\":\"https:\/\/www.pogotowieflagowe.pl\/aktualne\/kontrowersyjna-strategia-niemiec-dotyczacy-umowy-ue-mercosur\/#breadcrumb\",\"itemListElement\":[{\"@type\":\"ListItem\",\"position\":1,\"name\":\"Home\",\"item\":\"https:\/\/www.pogotowieflagowe.pl\/aktualne\/\"},{\"@type\":\"ListItem\",\"position\":2,\"name\":\"Kontrowersyjna strategia Niemiec dotycz\u0105cy umowy UE-Mercosur\"}]},{\"@type\":\"WebSite\",\"@id\":\"https:\/\/www.pogotowieflagowe.pl\/aktualne\/#website\",\"url\":\"https:\/\/www.pogotowieflagowe.pl\/aktualne\/\",\"name\":\"POGOTOWIE FLAGOWE\u00ae\",\"description\":\"\",\"publisher\":{\"@id\":\"https:\/\/www.pogotowieflagowe.pl\/aktualne\/#organization\"},\"potentialAction\":[{\"@type\":\"SearchAction\",\"target\":{\"@type\":\"EntryPoint\",\"urlTemplate\":\"https:\/\/www.pogotowieflagowe.pl\/aktualne\/?s={search_term_string}\"},\"query-input\":\"required name=search_term_string\"}],\"inLanguage\":\"pl-PL\"},{\"@type\":\"Organization\",\"@id\":\"https:\/\/www.pogotowieflagowe.pl\/aktualne\/#organization\",\"name\":\"POGOTOWIE FLAGOWE\u00ae\",\"url\":\"https:\/\/www.pogotowieflagowe.pl\/aktualne\/\",\"logo\":{\"@type\":\"ImageObject\",\"inLanguage\":\"pl-PL\",\"@id\":\"https:\/\/www.pogotowieflagowe.pl\/aktualne\/#\/schema\/logo\/image\/\",\"url\":\"https:\/\/www.pogotowieflagowe.pl\/aktualne\/wp-content\/uploads\/2024\/08\/cropped-pogotowieflagowe_flaga_projekt_sm.jpg\",\"contentUrl\":\"https:\/\/www.pogotowieflagowe.pl\/aktualne\/wp-content\/uploads\/2024\/08\/cropped-pogotowieflagowe_flaga_projekt_sm.jpg\",\"width\":250,\"height\":143,\"caption\":\"POGOTOWIE FLAGOWE\u00ae\"},\"image\":{\"@id\":\"https:\/\/www.pogotowieflagowe.pl\/aktualne\/#\/schema\/logo\/image\/\"}},{\"@type\":\"Person\",\"@id\":\"https:\/\/www.pogotowieflagowe.pl\/aktualne\/#\/schema\/person\/9c2fb7d2362ebf6fa088960d7f0d27b0\",\"name\":\"Filip\",\"image\":{\"@type\":\"ImageObject\",\"inLanguage\":\"pl-PL\",\"@id\":\"https:\/\/www.pogotowieflagowe.pl\/aktualne\/#\/schema\/person\/image\/\",\"url\":\"https:\/\/www.pogotowieflagowe.pl\/aktualne\/wp-content\/uploads\/2024\/08\/pogotowieflagowe.pl_.jpg\",\"contentUrl\":\"https:\/\/www.pogotowieflagowe.pl\/aktualne\/wp-content\/uploads\/2024\/08\/pogotowieflagowe.pl_.jpg\",\"caption\":\"Filip\"},\"description\":\"Jestem Filip, polski dziennikarz z dyplomem nauk politycznych Uniwersytetu Warszawskiego. Rozpoczynaj\u0105c swoj\u0105 karier\u0119 w r\u00f3\u017cnych lokalnych mediach, zdoby\u0142em solidne do\u015bwiadczenie w zakresie \u015bledztwa i redakcji. Obecnie jako redaktor w Pogotowie flagowe, staram si\u0119 dostarcza\u0107 dog\u0142\u0119bne i istotne analizy na temat najwa\u017cniejszych kwestii aktualno\u015bci, \u0142\u0105cz\u0105c rygor z pasj\u0105 dziennikarsk\u0105.\",\"sameAs\":[\"https:\/\/www.pogotowieflagowe.pl\/\"]}]}<\/script>\n<!-- \/ Yoast SEO plugin. -->","yoast_head_json":{"title":"Kontrowersyjna strategia Niemiec dotycz\u0105cy umowy UE-Mercosur - POGOTOWIE FLAGOWE\u00ae","robots":{"index":"index","follow":"follow","max-snippet":"max-snippet:-1","max-image-preview":"max-image-preview:large","max-video-preview":"max-video-preview:-1"},"canonical":"https:\/\/www.pogotowieflagowe.pl\/aktualne\/kontrowersyjna-strategia-niemiec-dotyczacy-umowy-ue-mercosur\/","og_locale":"pl_PL","og_type":"article","og_title":"Kontrowersyjna strategia Niemiec dotycz\u0105cy umowy UE-Mercosur - POGOTOWIE FLAGOWE\u00ae","og_description":"Niemieckie d\u0105\u017cenie do omini\u0119cia pe\u0142nej ratyfikacji UE umowy handlowej Mercosur budzi obawy dotycz\u0105ce demokratycznego nadzoru. Tymczasem polscy politycy ostrzegaj\u0105 o","og_url":"https:\/\/www.pogotowieflagowe.pl\/aktualne\/kontrowersyjna-strategia-niemiec-dotyczacy-umowy-ue-mercosur\/","og_site_name":"POGOTOWIE FLAGOWE\u00ae","article_published_time":"2025-02-21T07:47:28+00:00","article_modified_time":"2025-02-21T07:47:29+00:00","og_image":[{"width":1280,"height":720,"url":"https:\/\/www.pogotowieflagowe.pl\/aktualne\/wp-content\/uploads\/2025\/02\/Kontrowersyjna-strategia-Niemiec-dotyczacy-umowy-UE-Mercosur.webp.webp","type":"image\/webp"}],"author":"Filip","twitter_card":"summary_large_image","twitter_misc":{"Napisane przez":"Filip","Szacowany czas czytania":"1 minuta"},"schema":{"@context":"https:\/\/schema.org","@graph":[{"@type":"Article","@id":"https:\/\/www.pogotowieflagowe.pl\/aktualne\/kontrowersyjna-strategia-niemiec-dotyczacy-umowy-ue-mercosur\/#article","isPartOf":{"@id":"https:\/\/www.pogotowieflagowe.pl\/aktualne\/kontrowersyjna-strategia-niemiec-dotyczacy-umowy-ue-mercosur\/"},"author":{"name":"Filip","@id":"https:\/\/www.pogotowieflagowe.pl\/aktualne\/#\/schema\/person\/9c2fb7d2362ebf6fa088960d7f0d27b0"},"headline":"Kontrowersyjna strategia Niemiec dotycz\u0105cy umowy UE-Mercosur","datePublished":"2025-02-21T07:47:28+00:00","dateModified":"2025-02-21T07:47:29+00:00","mainEntityOfPage":{"@id":"https:\/\/www.pogotowieflagowe.pl\/aktualne\/kontrowersyjna-strategia-niemiec-dotyczacy-umowy-ue-mercosur\/"},"wordCount":287,"publisher":{"@id":"https:\/\/www.pogotowieflagowe.pl\/aktualne\/#organization"},"image":{"@id":"https:\/\/www.pogotowieflagowe.pl\/aktualne\/kontrowersyjna-strategia-niemiec-dotyczacy-umowy-ue-mercosur\/#primaryimage"},"thumbnailUrl":"https:\/\/www.pogotowieflagowe.pl\/aktualne\/wp-content\/uploads\/2025\/02\/Kontrowersyjna-strategia-Niemiec-dotyczacy-umowy-UE-Mercosur.webp.webp","keywords":["dotycz\u0105cy","kontrowersyjna","Niemiec","strategia","UEMercosur","umowy"],"articleSection":["Polityka"],"inLanguage":"pl-PL"},{"@type":"WebPage","@id":"https:\/\/www.pogotowieflagowe.pl\/aktualne\/kontrowersyjna-strategia-niemiec-dotyczacy-umowy-ue-mercosur\/","url":"https:\/\/www.pogotowieflagowe.pl\/aktualne\/kontrowersyjna-strategia-niemiec-dotyczacy-umowy-ue-mercosur\/","name":"Kontrowersyjna strategia Niemiec dotycz\u0105cy umowy UE-Mercosur - POGOTOWIE FLAGOWE\u00ae","isPartOf":{"@id":"https:\/\/www.pogotowieflagowe.pl\/aktualne\/#website"},"primaryImageOfPage":{"@id":"https:\/\/www.pogotowieflagowe.pl\/aktualne\/kontrowersyjna-strategia-niemiec-dotyczacy-umowy-ue-mercosur\/#primaryimage"},"image":{"@id":"https:\/\/www.pogotowieflagowe.pl\/aktualne\/kontrowersyjna-strategia-niemiec-dotyczacy-umowy-ue-mercosur\/#primaryimage"},"thumbnailUrl":"https:\/\/www.pogotowieflagowe.pl\/aktualne\/wp-content\/uploads\/2025\/02\/Kontrowersyjna-strategia-Niemiec-dotyczacy-umowy-UE-Mercosur.webp.webp","datePublished":"2025-02-21T07:47:28+00:00","dateModified":"2025-02-21T07:47:29+00:00","breadcrumb":{"@id":"https:\/\/www.pogotowieflagowe.pl\/aktualne\/kontrowersyjna-strategia-niemiec-dotyczacy-umowy-ue-mercosur\/#breadcrumb"},"inLanguage":"pl-PL","potentialAction":[{"@type":"ReadAction","target":["https:\/\/www.pogotowieflagowe.pl\/aktualne\/kontrowersyjna-strategia-niemiec-dotyczacy-umowy-ue-mercosur\/"]}]},{"@type":"ImageObject","inLanguage":"pl-PL","@id":"https:\/\/www.pogotowieflagowe.pl\/aktualne\/kontrowersyjna-strategia-niemiec-dotyczacy-umowy-ue-mercosur\/#primaryimage","url":"https:\/\/www.pogotowieflagowe.pl\/aktualne\/wp-content\/uploads\/2025\/02\/Kontrowersyjna-strategia-Niemiec-dotyczacy-umowy-UE-Mercosur.webp.webp","contentUrl":"https:\/\/www.pogotowieflagowe.pl\/aktualne\/wp-content\/uploads\/2025\/02\/Kontrowersyjna-strategia-Niemiec-dotyczacy-umowy-UE-Mercosur.webp.webp","width":1280,"height":720,"caption":"Kontrowersyjna strategia Niemiec dotycz\u0105cy umowy UE-Mercosur"},{"@type":"BreadcrumbList","@id":"https:\/\/www.pogotowieflagowe.pl\/aktualne\/kontrowersyjna-strategia-niemiec-dotyczacy-umowy-ue-mercosur\/#breadcrumb","itemListElement":[{"@type":"ListItem","position":1,"name":"Home","item":"https:\/\/www.pogotowieflagowe.pl\/aktualne\/"},{"@type":"ListItem","position":2,"name":"Kontrowersyjna strategia Niemiec dotycz\u0105cy umowy UE-Mercosur"}]},{"@type":"WebSite","@id":"https:\/\/www.pogotowieflagowe.pl\/aktualne\/#website","url":"https:\/\/www.pogotowieflagowe.pl\/aktualne\/","name":"POGOTOWIE FLAGOWE\u00ae","description":"","publisher":{"@id":"https:\/\/www.pogotowieflagowe.pl\/aktualne\/#organization"},"potentialAction":[{"@type":"SearchAction","target":{"@type":"EntryPoint","urlTemplate":"https:\/\/www.pogotowieflagowe.pl\/aktualne\/?s={search_term_string}"},"query-input":"required name=search_term_string"}],"inLanguage":"pl-PL"},{"@type":"Organization","@id":"https:\/\/www.pogotowieflagowe.pl\/aktualne\/#organization","name":"POGOTOWIE FLAGOWE\u00ae","url":"https:\/\/www.pogotowieflagowe.pl\/aktualne\/","logo":{"@type":"ImageObject","inLanguage":"pl-PL","@id":"https:\/\/www.pogotowieflagowe.pl\/aktualne\/#\/schema\/logo\/image\/","url":"https:\/\/www.pogotowieflagowe.pl\/aktualne\/wp-content\/uploads\/2024\/08\/cropped-pogotowieflagowe_flaga_projekt_sm.jpg","contentUrl":"https:\/\/www.pogotowieflagowe.pl\/aktualne\/wp-content\/uploads\/2024\/08\/cropped-pogotowieflagowe_flaga_projekt_sm.jpg","width":250,"height":143,"caption":"POGOTOWIE FLAGOWE\u00ae"},"image":{"@id":"https:\/\/www.pogotowieflagowe.pl\/aktualne\/#\/schema\/logo\/image\/"}},{"@type":"Person","@id":"https:\/\/www.pogotowieflagowe.pl\/aktualne\/#\/schema\/person\/9c2fb7d2362ebf6fa088960d7f0d27b0","name":"Filip","image":{"@type":"ImageObject","inLanguage":"pl-PL","@id":"https:\/\/www.pogotowieflagowe.pl\/aktualne\/#\/schema\/person\/image\/","url":"https:\/\/www.pogotowieflagowe.pl\/aktualne\/wp-content\/uploads\/2024\/08\/pogotowieflagowe.pl_.jpg","contentUrl":"https:\/\/www.pogotowieflagowe.pl\/aktualne\/wp-content\/uploads\/2024\/08\/pogotowieflagowe.pl_.jpg","caption":"Filip"},"description":"Jestem Filip, polski dziennikarz z dyplomem nauk politycznych Uniwersytetu Warszawskiego. Rozpoczynaj\u0105c swoj\u0105 karier\u0119 w r\u00f3\u017cnych lokalnych mediach, zdoby\u0142em solidne do\u015bwiadczenie w zakresie \u015bledztwa i redakcji. Obecnie jako redaktor w Pogotowie flagowe, staram si\u0119 dostarcza\u0107 dog\u0142\u0119bne i istotne analizy na temat najwa\u017cniejszych kwestii aktualno\u015bci, \u0142\u0105cz\u0105c rygor z pasj\u0105 dziennikarsk\u0105.","sameAs":["https:\/\/www.pogotowieflagowe.pl\/"]}]}},"_links":{"self":[{"href":"https:\/\/www.pogotowieflagowe.pl\/aktualne\/wp-json\/wp\/v2\/posts\/4083","targetHints":{"allow":["GET"]}}],"collection":[{"href":"https:\/\/www.pogotowieflagowe.pl\/aktualne\/wp-json\/wp\/v2\/posts"}],"about":[{"href":"https:\/\/www.pogotowieflagowe.pl\/aktualne\/wp-json\/wp\/v2\/types\/post"}],"author":[{"embeddable":true,"href":"https:\/\/www.pogotowieflagowe.pl\/aktualne\/wp-json\/wp\/v2\/users\/1"}],"replies":[{"embeddable":true,"href":"https:\/\/www.pogotowieflagowe.pl\/aktualne\/wp-json\/wp\/v2\/comments?post=4083"}],"version-history":[{"count":1,"href":"https:\/\/www.pogotowieflagowe.pl\/aktualne\/wp-json\/wp\/v2\/posts\/4083\/revisions"}],"predecessor-version":[{"id":4085,"href":"https:\/\/www.pogotowieflagowe.pl\/aktualne\/wp-json\/wp\/v2\/posts\/4083\/revisions\/4085"}],"wp:featuredmedia":[{"embeddable":true,"href":"https:\/\/www.pogotowieflagowe.pl\/aktualne\/wp-json\/wp\/v2\/media\/4084"}],"wp:attachment":[{"href":"https:\/\/www.pogotowieflagowe.pl\/aktualne\/wp-json\/wp\/v2\/media?parent=4083"}],"wp:term":[{"taxonomy":"category","embeddable":true,"href":"https:\/\/www.pogotowieflagowe.pl\/aktualne\/wp-json\/wp\/v2\/categories?post=4083"},{"taxonomy":"post_tag","embeddable":true,"href":"https:\/\/www.pogotowieflagowe.pl\/aktualne\/wp-json\/wp\/v2\/tags?post=4083"}],"curies":[{"name":"wp","href":"https:\/\/api.w.org\/{rel}","templated":true}]}}