{"id":4097,"date":"2025-02-21T20:52:27","date_gmt":"2025-02-21T19:52:27","guid":{"rendered":"https:\/\/www.pogotowieflagowe.pl\/aktualne\/duda-i-zelensky-omawiaja-role-usa-w-wysilkach-pokojowych-ukrainy\/"},"modified":"2025-02-21T20:52:28","modified_gmt":"2025-02-21T19:52:28","slug":"duda-i-zelensky-omawiaja-role-usa-w-wysilkach-pokojowych-ukrainy","status":"publish","type":"post","link":"https:\/\/www.pogotowieflagowe.pl\/aktualne\/duda-i-zelensky-omawiaja-role-usa-w-wysilkach-pokojowych-ukrainy\/","title":{"rendered":"Duda i Zelensky omawiaj\u0105 rol\u0119 USA w wysi\u0142kach pokojowych Ukrainy"},"content":{"rendered":"\n<div class=\"td_block_wrap tdb_single_content tdi_41 td-pb-border-top td_block_template_8 td-post-content tagdiv-type\" data-td-block-uid=\"tdi_41\">\n<style>.tdi_41 {margin-top: 0px! Wa\u017cne; margines-bottom: 0px! WA\u017bNY; PALDING-TOP: 0PX! WA\u017bNY; PALDING-BOTTOM: 0PX! WA\u017bNE}<\/style>\n<style>.tdb_single_content {margin-bottom: 0;*zoom: 1} .tdb_single_content: wcze\u015bniej, .tdb_single_content: po {display: Table; content: ''; line-height: 0} .TDB-BLOCK-INner>*: nie (.WP-BLOCK-QUOTE): NOT (.Alignwide): not (.alignfull.wp-block-cover.has-parallax): not (.td-a-ad) {margin-left: auto; margin-right: auto} .tdb_single_content a {wska\u017anik-events: auto} .tdb_single_content .td-spot-top_ad .tdc-pl-plameholder-title: przed {content: \u201eArtyku\u0142 top ad\u201d! Wa\u017cne} .tdb_single_content .td-spot-id-inline_ad0 .tdc-- THE PLACEHENTER TITLE: Wcze\u015bniej {content: \u201eArtyku\u0142 inline AD 1 '! Wa\u017cne} .tdb_single_content .td-spot-id-inline_ad1 .tdc-miejsce-title: przed {content:' Artyku\u0142 inline AD 2 '! Wa\u017cny}. Tytu\u0142: Przed {Content: \u201eArtyku\u0142 Inline AD 3 '! Wa\u017cne} .tdb_single_content .td-Spot-Id-Bottom_Ad .tdc-Placeholder-Title: przed {content: \u201eArtyku\u0142 Bottom Ad\u201d! Wa\u017cne} .tdb_single_content .id_top_ad, .tdb_single_content_content .id_bottom_ad {clear: oba; margin-bottom: 21px; text-align: Center} .tdb_single_content .id_top_ad img, .tdb_single_content .id_bottom_ad img {margin-bottom: 0} .tdb_single_conTent .id_top_ad .adsbyGoogle, .tdb_single_content .id_bottom_ad .adsbyGoogle {pozycja: relatyw} .tdb_single_content .id_ad_content-horiz-left, .tdb_single_content .id_ad_content-horiz-right, .tdb_single_content .id_ad_content-horiz-Center {margin-bottom: 15px} .tdb_single_content .id_ad_content-horiz-left Img, .tdb_single_content .id_ad_content-horiz-right img, .tdb_single_content .id_ad_content-horiz-centerter img {margin-bottom: 0} .tdb_single_content .id_ad_content-horiz-center {text-align: Center} .tdb_single_content .id_ad_content-horiz-center img {margin-right: auto; margin-let: auto} .tdb_single_content .id_ad_content-horiz-left {float: left; margin-top: 9px; margin-right: 21px} .tdb_single_content .id_ad_content-horiz-right {float: right; margin-top: 6px; margin-left: 21px} .tdb_single_content .tdc-a-ad .TDC-Placeholder-Title {szeroko\u015b\u0107: 300px; height: 250px} .tdb_single_content .tdc-a-ad .TDC-Placeholder-Title: Przed {Pozycja: Absolute; TOP: 50%;-WebKit-Transform: Translatey (-50%); Transform: Translatey (-50%); margines: auto; wy\u015bwietlacz: Tabela; szeroko\u015b\u0107: 100 %}. tdb_single_content .TDB-BLOCK-INNER.TD-FIX-INDEX {Word-Break: Break-word} .tdi_41, .tdi_41> p, .tdi_41 .tdb-block-inner> p, .wp-block-column> p {font -Size: 16px! Wa\u017cne; wysoko\u015b\u0107 linii: 1.6! Wa\u017cne} .tdi_41 .tdb-block-inner Blockquote P {font-styl: normalne! Wa\u017cne} @media (Max-Width: 767px) {. tdb_single_content .id_ad_content-horiz-left, .tdb_single_content .id_ad_content-horiz-right, .tdb_single_content .id_ad_content-horiz-center {Margin: 0 Auto 26px auto}}@media (Max-Width: 767px) {. tdb_single_content .id_ad_content-horiz-left {margin-right: 0}}@media (max-width: 767px) {. po lewej: 0}}@media (Max-Width: 767px) {. tdb_single_content .td-a-ad {float: none; text-align: Center} .tdb_single_content .td-a-ad img {margin-right: auto; margin-left: auto}. tdb_single_content .tdc-a-ad {float: none}}<\/style>\n<div class=\"tdb-block-inner td-fix-index\">\n<h3 class=\"wp-block-heading\">Prezydent polski AndrzeJ Duda wzywa prezydenta ukrai\u0144skiego Volodymyr Zelensky&#8217;ego do utrzymania konstruktywnych wi\u0119zi z prezydentem USA Donaldem Trumpem, podkre\u015blaj\u0105c znaczenie ameryka\u0144skiego poparcia w osi\u0105gni\u0119ciu pokoju na Ukrainie.<\/h3>\n<figure class=\"wp-block-embed is-type-rich is-provider-twitter wp-block-embed-twitter\">\n<div class=\"wp-block-embed__wrapper\">\n<blockquote class=\"twitter-tweet\" data-width=\"550\" data-dnt=\"true\">\n<p lang=\"en\" dir=\"ltr\">Kilka minut temu, prezydent <a rel=\"nofollow\" href=\"https:\/\/twitter.com\/ZelenskyyUa?ref_src=twsrc%5Etfw\">@Zelenskyyua<\/a> zadzwoni\u0142 do mnie. Odbyli\u015bmy szczer\u0105 rozmow\u0119 na pi\u0119tach ostatnich spotka\u0144 z genera\u0142em Kellogg i innymi wydarzeniami. Wyda\u0142em mu, \u017ce konsekwentnie wierzymy, \u017ce nie ma innego sposobu na powstrzymanie rozlewu krwi i osi\u0105gni\u0119cie trwa\u0142ego pokoju\u2026<\/p>\n<p>&#8211; AndrzeJ Duda (@andrzejduda) <a rel=\"nofollow\" href=\"https:\/\/twitter.com\/AndrzejDuda\/status\/1892917122457649183?ref_src=twsrc%5Etfw\">21 lutego 2025 r<\/a><\/p><\/blockquote>\n<\/div>\n<\/figure>\n<p>Prezydent polski AndrzeJ Duda og\u0142osi\u0142, \u017ce rozmawia\u0142 z prezydentem Ukrai\u0144skiego Volodymyr Zelensky&#8217;ego na temat trwaj\u0105cego konfliktu na Ukrainie. Po ostatnich spotkaniach z genera\u0142em Kellogg, Duda podkre\u015bli\u0142 znaczenie poparcia USA w osi\u0105gni\u0119ciu pokoju. \u201eMocno wierzymy, \u017ce nie ma innego sposobu na powstrzymanie rozlewu krwi i osi\u0105gni\u0119cie trwa\u0142ego pokoju na Ukrainie ni\u017c przy wsparciu Stan\u00f3w Zjednoczonych\u201d &#8211; stwierdzi\u0142.<\/p>\n<p>Podczas rozmowy Duda doradzi\u0142 Zelensky&#8217;emu, aby zachowa\u0142 \u201espokojn\u0105 i konstruktywn\u0105 wsp\u00f3\u0142prac\u0119\u201d z prezydentem USA Donaldem Trumpem. Polski przyw\u00f3dca wyrazi\u0142 wiar\u0119 w podej\u015bcie Trumpa, stwierdzaj\u0105c: \u201eNie mam w\u0105tpliwo\u015bci, \u017ce prezydent Trump kieruje si\u0119 g\u0142\u0119bokim poczuciem odpowiedzialno\u015bci za globaln\u0105 stabilno\u015b\u0107 i pok\u00f3j\u201d. Gdy Ukraina kontynuuje walk\u0119, Polska potwierdza swoje zaanga\u017cowanie w wysi\u0142ki dyplomatyczne i jedno\u015b\u0107 transatlantyck\u0105 w rozwi\u0105zaniu kryzysu.<\/p>\n<\/div>\n<\/div>\n<p><script async src=\"https:\/\/platform.twitter.com\/widgets.js\" charset=\"utf-8\"><\/script><\/p>\n","protected":false},"excerpt":{"rendered":"<p>Prezydent polski AndrzeJ Duda wzywa prezydenta ukrai\u0144skiego Volodymyr Zelensky&#8217;ego do utrzymania konstruktywnych wi\u0119zi z prezydentem USA Donaldem Trumpem, podkre\u015blaj\u0105c znaczenie<\/p>\n","protected":false},"author":1,"featured_media":4098,"comment_status":"closed","ping_status":"","sticky":false,"template":"","format":"standard","meta":{"footnotes":""},"categories":[44],"tags":[343,5688,197,514,615,312,5689,5352],"class_list":["post-4097","post","type-post","status-publish","format-standard","has-post-thumbnail","hentry","category-polityka","tag-duda","tag-omawiaja","tag-pokojowych","tag-role","tag-ukrainy","tag-usa","tag-wysilkach","tag-zelensky","generate-columns","tablet-grid-50","mobile-grid-100","grid-parent","grid-50","resize-featured-image"],"yoast_head":"<!-- This site is optimized with the Yoast SEO plugin v23.2 - https:\/\/yoast.com\/wordpress\/plugins\/seo\/ -->\n<title>Duda i Zelensky omawiaj\u0105 rol\u0119 USA w wysi\u0142kach pokojowych Ukrainy - POGOTOWIE FLAGOWE\u00ae<\/title>\n<meta name=\"robots\" content=\"index, follow, max-snippet:-1, max-image-preview:large, max-video-preview:-1\" \/>\n<link rel=\"canonical\" href=\"https:\/\/www.pogotowieflagowe.pl\/aktualne\/duda-i-zelensky-omawiaja-role-usa-w-wysilkach-pokojowych-ukrainy\/\" \/>\n<meta property=\"og:locale\" content=\"pl_PL\" \/>\n<meta property=\"og:type\" content=\"article\" \/>\n<meta property=\"og:title\" content=\"Duda i Zelensky omawiaj\u0105 rol\u0119 USA w wysi\u0142kach pokojowych Ukrainy - POGOTOWIE FLAGOWE\u00ae\" \/>\n<meta property=\"og:description\" content=\"Prezydent polski AndrzeJ Duda wzywa prezydenta ukrai\u0144skiego Volodymyr Zelensky&#8217;ego do utrzymania konstruktywnych wi\u0119zi z prezydentem USA Donaldem Trumpem, podkre\u015blaj\u0105c znaczenie\" \/>\n<meta property=\"og:url\" content=\"https:\/\/www.pogotowieflagowe.pl\/aktualne\/duda-i-zelensky-omawiaja-role-usa-w-wysilkach-pokojowych-ukrainy\/\" \/>\n<meta property=\"og:site_name\" content=\"POGOTOWIE FLAGOWE\u00ae\" \/>\n<meta property=\"article:published_time\" content=\"2025-02-21T19:52:27+00:00\" \/>\n<meta property=\"article:modified_time\" content=\"2025-02-21T19:52:28+00:00\" \/>\n<meta property=\"og:image\" content=\"https:\/\/www.pogotowieflagowe.pl\/aktualne\/wp-content\/uploads\/2025\/02\/Duda-i-Zelensky-omawiaja-role-USA-w-wysilkach-pokojowych-Ukrainy.jpg\" \/>\n\t<meta property=\"og:image:width\" content=\"1200\" \/>\n\t<meta property=\"og:image:height\" content=\"675\" \/>\n\t<meta property=\"og:image:type\" content=\"image\/jpeg\" \/>\n<meta name=\"author\" content=\"Filip\" \/>\n<meta name=\"twitter:card\" content=\"summary_large_image\" \/>\n<meta name=\"twitter:label1\" content=\"Napisane przez\" \/>\n\t<meta name=\"twitter:data1\" content=\"Filip\" \/>\n\t<meta name=\"twitter:label2\" content=\"Szacowany czas czytania\" \/>\n\t<meta name=\"twitter:data2\" content=\"1 minuta\" \/>\n<script type=\"application\/ld+json\" class=\"yoast-schema-graph\">{\"@context\":\"https:\/\/schema.org\",\"@graph\":[{\"@type\":\"Article\",\"@id\":\"https:\/\/www.pogotowieflagowe.pl\/aktualne\/duda-i-zelensky-omawiaja-role-usa-w-wysilkach-pokojowych-ukrainy\/#article\",\"isPartOf\":{\"@id\":\"https:\/\/www.pogotowieflagowe.pl\/aktualne\/duda-i-zelensky-omawiaja-role-usa-w-wysilkach-pokojowych-ukrainy\/\"},\"author\":{\"name\":\"Filip\",\"@id\":\"https:\/\/www.pogotowieflagowe.pl\/aktualne\/#\/schema\/person\/9c2fb7d2362ebf6fa088960d7f0d27b0\"},\"headline\":\"Duda i Zelensky omawiaj\u0105 rol\u0119 USA w wysi\u0142kach pokojowych Ukrainy\",\"datePublished\":\"2025-02-21T19:52:27+00:00\",\"dateModified\":\"2025-02-21T19:52:28+00:00\",\"mainEntityOfPage\":{\"@id\":\"https:\/\/www.pogotowieflagowe.pl\/aktualne\/duda-i-zelensky-omawiaja-role-usa-w-wysilkach-pokojowych-ukrainy\/\"},\"wordCount\":236,\"publisher\":{\"@id\":\"https:\/\/www.pogotowieflagowe.pl\/aktualne\/#organization\"},\"image\":{\"@id\":\"https:\/\/www.pogotowieflagowe.pl\/aktualne\/duda-i-zelensky-omawiaja-role-usa-w-wysilkach-pokojowych-ukrainy\/#primaryimage\"},\"thumbnailUrl\":\"https:\/\/www.pogotowieflagowe.pl\/aktualne\/wp-content\/uploads\/2025\/02\/Duda-i-Zelensky-omawiaja-role-USA-w-wysilkach-pokojowych-Ukrainy.jpg\",\"keywords\":[\"Duda\",\"omawiaj\u0105\",\"pokojowych\",\"rol\u0119\",\"Ukrainy\",\"USA\",\"wysi\u0142kach\",\"Zelensky\"],\"articleSection\":[\"Polityka\"],\"inLanguage\":\"pl-PL\"},{\"@type\":\"WebPage\",\"@id\":\"https:\/\/www.pogotowieflagowe.pl\/aktualne\/duda-i-zelensky-omawiaja-role-usa-w-wysilkach-pokojowych-ukrainy\/\",\"url\":\"https:\/\/www.pogotowieflagowe.pl\/aktualne\/duda-i-zelensky-omawiaja-role-usa-w-wysilkach-pokojowych-ukrainy\/\",\"name\":\"Duda i Zelensky omawiaj\u0105 rol\u0119 USA w wysi\u0142kach pokojowych Ukrainy - POGOTOWIE FLAGOWE\u00ae\",\"isPartOf\":{\"@id\":\"https:\/\/www.pogotowieflagowe.pl\/aktualne\/#website\"},\"primaryImageOfPage\":{\"@id\":\"https:\/\/www.pogotowieflagowe.pl\/aktualne\/duda-i-zelensky-omawiaja-role-usa-w-wysilkach-pokojowych-ukrainy\/#primaryimage\"},\"image\":{\"@id\":\"https:\/\/www.pogotowieflagowe.pl\/aktualne\/duda-i-zelensky-omawiaja-role-usa-w-wysilkach-pokojowych-ukrainy\/#primaryimage\"},\"thumbnailUrl\":\"https:\/\/www.pogotowieflagowe.pl\/aktualne\/wp-content\/uploads\/2025\/02\/Duda-i-Zelensky-omawiaja-role-USA-w-wysilkach-pokojowych-Ukrainy.jpg\",\"datePublished\":\"2025-02-21T19:52:27+00:00\",\"dateModified\":\"2025-02-21T19:52:28+00:00\",\"breadcrumb\":{\"@id\":\"https:\/\/www.pogotowieflagowe.pl\/aktualne\/duda-i-zelensky-omawiaja-role-usa-w-wysilkach-pokojowych-ukrainy\/#breadcrumb\"},\"inLanguage\":\"pl-PL\",\"potentialAction\":[{\"@type\":\"ReadAction\",\"target\":[\"https:\/\/www.pogotowieflagowe.pl\/aktualne\/duda-i-zelensky-omawiaja-role-usa-w-wysilkach-pokojowych-ukrainy\/\"]}]},{\"@type\":\"ImageObject\",\"inLanguage\":\"pl-PL\",\"@id\":\"https:\/\/www.pogotowieflagowe.pl\/aktualne\/duda-i-zelensky-omawiaja-role-usa-w-wysilkach-pokojowych-ukrainy\/#primaryimage\",\"url\":\"https:\/\/www.pogotowieflagowe.pl\/aktualne\/wp-content\/uploads\/2025\/02\/Duda-i-Zelensky-omawiaja-role-USA-w-wysilkach-pokojowych-Ukrainy.jpg\",\"contentUrl\":\"https:\/\/www.pogotowieflagowe.pl\/aktualne\/wp-content\/uploads\/2025\/02\/Duda-i-Zelensky-omawiaja-role-USA-w-wysilkach-pokojowych-Ukrainy.jpg\",\"width\":1200,\"height\":675,\"caption\":\"Duda i Zelensky omawiaj\u0105 rol\u0119 USA w wysi\u0142kach pokojowych Ukrainy\"},{\"@type\":\"BreadcrumbList\",\"@id\":\"https:\/\/www.pogotowieflagowe.pl\/aktualne\/duda-i-zelensky-omawiaja-role-usa-w-wysilkach-pokojowych-ukrainy\/#breadcrumb\",\"itemListElement\":[{\"@type\":\"ListItem\",\"position\":1,\"name\":\"Home\",\"item\":\"https:\/\/www.pogotowieflagowe.pl\/aktualne\/\"},{\"@type\":\"ListItem\",\"position\":2,\"name\":\"Duda i Zelensky omawiaj\u0105 rol\u0119 USA w wysi\u0142kach pokojowych Ukrainy\"}]},{\"@type\":\"WebSite\",\"@id\":\"https:\/\/www.pogotowieflagowe.pl\/aktualne\/#website\",\"url\":\"https:\/\/www.pogotowieflagowe.pl\/aktualne\/\",\"name\":\"POGOTOWIE FLAGOWE\u00ae\",\"description\":\"\",\"publisher\":{\"@id\":\"https:\/\/www.pogotowieflagowe.pl\/aktualne\/#organization\"},\"potentialAction\":[{\"@type\":\"SearchAction\",\"target\":{\"@type\":\"EntryPoint\",\"urlTemplate\":\"https:\/\/www.pogotowieflagowe.pl\/aktualne\/?s={search_term_string}\"},\"query-input\":\"required name=search_term_string\"}],\"inLanguage\":\"pl-PL\"},{\"@type\":\"Organization\",\"@id\":\"https:\/\/www.pogotowieflagowe.pl\/aktualne\/#organization\",\"name\":\"POGOTOWIE FLAGOWE\u00ae\",\"url\":\"https:\/\/www.pogotowieflagowe.pl\/aktualne\/\",\"logo\":{\"@type\":\"ImageObject\",\"inLanguage\":\"pl-PL\",\"@id\":\"https:\/\/www.pogotowieflagowe.pl\/aktualne\/#\/schema\/logo\/image\/\",\"url\":\"https:\/\/www.pogotowieflagowe.pl\/aktualne\/wp-content\/uploads\/2024\/08\/cropped-pogotowieflagowe_flaga_projekt_sm.jpg\",\"contentUrl\":\"https:\/\/www.pogotowieflagowe.pl\/aktualne\/wp-content\/uploads\/2024\/08\/cropped-pogotowieflagowe_flaga_projekt_sm.jpg\",\"width\":250,\"height\":143,\"caption\":\"POGOTOWIE FLAGOWE\u00ae\"},\"image\":{\"@id\":\"https:\/\/www.pogotowieflagowe.pl\/aktualne\/#\/schema\/logo\/image\/\"}},{\"@type\":\"Person\",\"@id\":\"https:\/\/www.pogotowieflagowe.pl\/aktualne\/#\/schema\/person\/9c2fb7d2362ebf6fa088960d7f0d27b0\",\"name\":\"Filip\",\"image\":{\"@type\":\"ImageObject\",\"inLanguage\":\"pl-PL\",\"@id\":\"https:\/\/www.pogotowieflagowe.pl\/aktualne\/#\/schema\/person\/image\/\",\"url\":\"https:\/\/www.pogotowieflagowe.pl\/aktualne\/wp-content\/uploads\/2024\/08\/pogotowieflagowe.pl_.jpg\",\"contentUrl\":\"https:\/\/www.pogotowieflagowe.pl\/aktualne\/wp-content\/uploads\/2024\/08\/pogotowieflagowe.pl_.jpg\",\"caption\":\"Filip\"},\"description\":\"Jestem Filip, polski dziennikarz z dyplomem nauk politycznych Uniwersytetu Warszawskiego. Rozpoczynaj\u0105c swoj\u0105 karier\u0119 w r\u00f3\u017cnych lokalnych mediach, zdoby\u0142em solidne do\u015bwiadczenie w zakresie \u015bledztwa i redakcji. Obecnie jako redaktor w Pogotowie flagowe, staram si\u0119 dostarcza\u0107 dog\u0142\u0119bne i istotne analizy na temat najwa\u017cniejszych kwestii aktualno\u015bci, \u0142\u0105cz\u0105c rygor z pasj\u0105 dziennikarsk\u0105.\",\"sameAs\":[\"https:\/\/www.pogotowieflagowe.pl\/\"]}]}<\/script>\n<!-- \/ Yoast SEO plugin. -->","yoast_head_json":{"title":"Duda i Zelensky omawiaj\u0105 rol\u0119 USA w wysi\u0142kach pokojowych Ukrainy - POGOTOWIE FLAGOWE\u00ae","robots":{"index":"index","follow":"follow","max-snippet":"max-snippet:-1","max-image-preview":"max-image-preview:large","max-video-preview":"max-video-preview:-1"},"canonical":"https:\/\/www.pogotowieflagowe.pl\/aktualne\/duda-i-zelensky-omawiaja-role-usa-w-wysilkach-pokojowych-ukrainy\/","og_locale":"pl_PL","og_type":"article","og_title":"Duda i Zelensky omawiaj\u0105 rol\u0119 USA w wysi\u0142kach pokojowych Ukrainy - POGOTOWIE FLAGOWE\u00ae","og_description":"Prezydent polski AndrzeJ Duda wzywa prezydenta ukrai\u0144skiego Volodymyr Zelensky&#8217;ego do utrzymania konstruktywnych wi\u0119zi z prezydentem USA Donaldem Trumpem, podkre\u015blaj\u0105c znaczenie","og_url":"https:\/\/www.pogotowieflagowe.pl\/aktualne\/duda-i-zelensky-omawiaja-role-usa-w-wysilkach-pokojowych-ukrainy\/","og_site_name":"POGOTOWIE FLAGOWE\u00ae","article_published_time":"2025-02-21T19:52:27+00:00","article_modified_time":"2025-02-21T19:52:28+00:00","og_image":[{"width":1200,"height":675,"url":"https:\/\/www.pogotowieflagowe.pl\/aktualne\/wp-content\/uploads\/2025\/02\/Duda-i-Zelensky-omawiaja-role-USA-w-wysilkach-pokojowych-Ukrainy.jpg","type":"image\/jpeg"}],"author":"Filip","twitter_card":"summary_large_image","twitter_misc":{"Napisane przez":"Filip","Szacowany czas czytania":"1 minuta"},"schema":{"@context":"https:\/\/schema.org","@graph":[{"@type":"Article","@id":"https:\/\/www.pogotowieflagowe.pl\/aktualne\/duda-i-zelensky-omawiaja-role-usa-w-wysilkach-pokojowych-ukrainy\/#article","isPartOf":{"@id":"https:\/\/www.pogotowieflagowe.pl\/aktualne\/duda-i-zelensky-omawiaja-role-usa-w-wysilkach-pokojowych-ukrainy\/"},"author":{"name":"Filip","@id":"https:\/\/www.pogotowieflagowe.pl\/aktualne\/#\/schema\/person\/9c2fb7d2362ebf6fa088960d7f0d27b0"},"headline":"Duda i Zelensky omawiaj\u0105 rol\u0119 USA w wysi\u0142kach pokojowych Ukrainy","datePublished":"2025-02-21T19:52:27+00:00","dateModified":"2025-02-21T19:52:28+00:00","mainEntityOfPage":{"@id":"https:\/\/www.pogotowieflagowe.pl\/aktualne\/duda-i-zelensky-omawiaja-role-usa-w-wysilkach-pokojowych-ukrainy\/"},"wordCount":236,"publisher":{"@id":"https:\/\/www.pogotowieflagowe.pl\/aktualne\/#organization"},"image":{"@id":"https:\/\/www.pogotowieflagowe.pl\/aktualne\/duda-i-zelensky-omawiaja-role-usa-w-wysilkach-pokojowych-ukrainy\/#primaryimage"},"thumbnailUrl":"https:\/\/www.pogotowieflagowe.pl\/aktualne\/wp-content\/uploads\/2025\/02\/Duda-i-Zelensky-omawiaja-role-USA-w-wysilkach-pokojowych-Ukrainy.jpg","keywords":["Duda","omawiaj\u0105","pokojowych","rol\u0119","Ukrainy","USA","wysi\u0142kach","Zelensky"],"articleSection":["Polityka"],"inLanguage":"pl-PL"},{"@type":"WebPage","@id":"https:\/\/www.pogotowieflagowe.pl\/aktualne\/duda-i-zelensky-omawiaja-role-usa-w-wysilkach-pokojowych-ukrainy\/","url":"https:\/\/www.pogotowieflagowe.pl\/aktualne\/duda-i-zelensky-omawiaja-role-usa-w-wysilkach-pokojowych-ukrainy\/","name":"Duda i Zelensky omawiaj\u0105 rol\u0119 USA w wysi\u0142kach pokojowych Ukrainy - POGOTOWIE FLAGOWE\u00ae","isPartOf":{"@id":"https:\/\/www.pogotowieflagowe.pl\/aktualne\/#website"},"primaryImageOfPage":{"@id":"https:\/\/www.pogotowieflagowe.pl\/aktualne\/duda-i-zelensky-omawiaja-role-usa-w-wysilkach-pokojowych-ukrainy\/#primaryimage"},"image":{"@id":"https:\/\/www.pogotowieflagowe.pl\/aktualne\/duda-i-zelensky-omawiaja-role-usa-w-wysilkach-pokojowych-ukrainy\/#primaryimage"},"thumbnailUrl":"https:\/\/www.pogotowieflagowe.pl\/aktualne\/wp-content\/uploads\/2025\/02\/Duda-i-Zelensky-omawiaja-role-USA-w-wysilkach-pokojowych-Ukrainy.jpg","datePublished":"2025-02-21T19:52:27+00:00","dateModified":"2025-02-21T19:52:28+00:00","breadcrumb":{"@id":"https:\/\/www.pogotowieflagowe.pl\/aktualne\/duda-i-zelensky-omawiaja-role-usa-w-wysilkach-pokojowych-ukrainy\/#breadcrumb"},"inLanguage":"pl-PL","potentialAction":[{"@type":"ReadAction","target":["https:\/\/www.pogotowieflagowe.pl\/aktualne\/duda-i-zelensky-omawiaja-role-usa-w-wysilkach-pokojowych-ukrainy\/"]}]},{"@type":"ImageObject","inLanguage":"pl-PL","@id":"https:\/\/www.pogotowieflagowe.pl\/aktualne\/duda-i-zelensky-omawiaja-role-usa-w-wysilkach-pokojowych-ukrainy\/#primaryimage","url":"https:\/\/www.pogotowieflagowe.pl\/aktualne\/wp-content\/uploads\/2025\/02\/Duda-i-Zelensky-omawiaja-role-USA-w-wysilkach-pokojowych-Ukrainy.jpg","contentUrl":"https:\/\/www.pogotowieflagowe.pl\/aktualne\/wp-content\/uploads\/2025\/02\/Duda-i-Zelensky-omawiaja-role-USA-w-wysilkach-pokojowych-Ukrainy.jpg","width":1200,"height":675,"caption":"Duda i Zelensky omawiaj\u0105 rol\u0119 USA w wysi\u0142kach pokojowych Ukrainy"},{"@type":"BreadcrumbList","@id":"https:\/\/www.pogotowieflagowe.pl\/aktualne\/duda-i-zelensky-omawiaja-role-usa-w-wysilkach-pokojowych-ukrainy\/#breadcrumb","itemListElement":[{"@type":"ListItem","position":1,"name":"Home","item":"https:\/\/www.pogotowieflagowe.pl\/aktualne\/"},{"@type":"ListItem","position":2,"name":"Duda i Zelensky omawiaj\u0105 rol\u0119 USA w wysi\u0142kach pokojowych Ukrainy"}]},{"@type":"WebSite","@id":"https:\/\/www.pogotowieflagowe.pl\/aktualne\/#website","url":"https:\/\/www.pogotowieflagowe.pl\/aktualne\/","name":"POGOTOWIE FLAGOWE\u00ae","description":"","publisher":{"@id":"https:\/\/www.pogotowieflagowe.pl\/aktualne\/#organization"},"potentialAction":[{"@type":"SearchAction","target":{"@type":"EntryPoint","urlTemplate":"https:\/\/www.pogotowieflagowe.pl\/aktualne\/?s={search_term_string}"},"query-input":"required name=search_term_string"}],"inLanguage":"pl-PL"},{"@type":"Organization","@id":"https:\/\/www.pogotowieflagowe.pl\/aktualne\/#organization","name":"POGOTOWIE FLAGOWE\u00ae","url":"https:\/\/www.pogotowieflagowe.pl\/aktualne\/","logo":{"@type":"ImageObject","inLanguage":"pl-PL","@id":"https:\/\/www.pogotowieflagowe.pl\/aktualne\/#\/schema\/logo\/image\/","url":"https:\/\/www.pogotowieflagowe.pl\/aktualne\/wp-content\/uploads\/2024\/08\/cropped-pogotowieflagowe_flaga_projekt_sm.jpg","contentUrl":"https:\/\/www.pogotowieflagowe.pl\/aktualne\/wp-content\/uploads\/2024\/08\/cropped-pogotowieflagowe_flaga_projekt_sm.jpg","width":250,"height":143,"caption":"POGOTOWIE FLAGOWE\u00ae"},"image":{"@id":"https:\/\/www.pogotowieflagowe.pl\/aktualne\/#\/schema\/logo\/image\/"}},{"@type":"Person","@id":"https:\/\/www.pogotowieflagowe.pl\/aktualne\/#\/schema\/person\/9c2fb7d2362ebf6fa088960d7f0d27b0","name":"Filip","image":{"@type":"ImageObject","inLanguage":"pl-PL","@id":"https:\/\/www.pogotowieflagowe.pl\/aktualne\/#\/schema\/person\/image\/","url":"https:\/\/www.pogotowieflagowe.pl\/aktualne\/wp-content\/uploads\/2024\/08\/pogotowieflagowe.pl_.jpg","contentUrl":"https:\/\/www.pogotowieflagowe.pl\/aktualne\/wp-content\/uploads\/2024\/08\/pogotowieflagowe.pl_.jpg","caption":"Filip"},"description":"Jestem Filip, polski dziennikarz z dyplomem nauk politycznych Uniwersytetu Warszawskiego. Rozpoczynaj\u0105c swoj\u0105 karier\u0119 w r\u00f3\u017cnych lokalnych mediach, zdoby\u0142em solidne do\u015bwiadczenie w zakresie \u015bledztwa i redakcji. Obecnie jako redaktor w Pogotowie flagowe, staram si\u0119 dostarcza\u0107 dog\u0142\u0119bne i istotne analizy na temat najwa\u017cniejszych kwestii aktualno\u015bci, \u0142\u0105cz\u0105c rygor z pasj\u0105 dziennikarsk\u0105.","sameAs":["https:\/\/www.pogotowieflagowe.pl\/"]}]}},"_links":{"self":[{"href":"https:\/\/www.pogotowieflagowe.pl\/aktualne\/wp-json\/wp\/v2\/posts\/4097","targetHints":{"allow":["GET"]}}],"collection":[{"href":"https:\/\/www.pogotowieflagowe.pl\/aktualne\/wp-json\/wp\/v2\/posts"}],"about":[{"href":"https:\/\/www.pogotowieflagowe.pl\/aktualne\/wp-json\/wp\/v2\/types\/post"}],"author":[{"embeddable":true,"href":"https:\/\/www.pogotowieflagowe.pl\/aktualne\/wp-json\/wp\/v2\/users\/1"}],"replies":[{"embeddable":true,"href":"https:\/\/www.pogotowieflagowe.pl\/aktualne\/wp-json\/wp\/v2\/comments?post=4097"}],"version-history":[{"count":1,"href":"https:\/\/www.pogotowieflagowe.pl\/aktualne\/wp-json\/wp\/v2\/posts\/4097\/revisions"}],"predecessor-version":[{"id":4099,"href":"https:\/\/www.pogotowieflagowe.pl\/aktualne\/wp-json\/wp\/v2\/posts\/4097\/revisions\/4099"}],"wp:featuredmedia":[{"embeddable":true,"href":"https:\/\/www.pogotowieflagowe.pl\/aktualne\/wp-json\/wp\/v2\/media\/4098"}],"wp:attachment":[{"href":"https:\/\/www.pogotowieflagowe.pl\/aktualne\/wp-json\/wp\/v2\/media?parent=4097"}],"wp:term":[{"taxonomy":"category","embeddable":true,"href":"https:\/\/www.pogotowieflagowe.pl\/aktualne\/wp-json\/wp\/v2\/categories?post=4097"},{"taxonomy":"post_tag","embeddable":true,"href":"https:\/\/www.pogotowieflagowe.pl\/aktualne\/wp-json\/wp\/v2\/tags?post=4097"}],"curies":[{"name":"wp","href":"https:\/\/api.w.org\/{rel}","templated":true}]}}