{"id":4109,"date":"2025-02-22T03:50:48","date_gmt":"2025-02-22T02:50:48","guid":{"rendered":"https:\/\/www.pogotowieflagowe.pl\/aktualne\/dzialaja-bez-skrupulow-wewnatrz-alarmujacego-aresztowania-urzednika-biura-premiera\/"},"modified":"2025-02-22T03:50:49","modified_gmt":"2025-02-22T02:50:49","slug":"dzialaja-bez-skrupulow-wewnatrz-alarmujacego-aresztowania-urzednika-biura-premiera","status":"publish","type":"post","link":"https:\/\/www.pogotowieflagowe.pl\/aktualne\/dzialaja-bez-skrupulow-wewnatrz-alarmujacego-aresztowania-urzednika-biura-premiera\/","title":{"rendered":"\u201eDzia\u0142aj\u0105 bez skrupu\u0142\u00f3w\u201d: wewn\u0105trz alarmuj\u0105cego aresztowania urz\u0119dnika biura premiera"},"content":{"rendered":"\n<div class=\"td_block_wrap tdb_single_content tdi_41 td-pb-border-top td_block_template_8 td-post-content tagdiv-type\" data-td-block-uid=\"tdi_41\">\n<style>.tdi_41 {margin-top: 0px! Wa\u017cne; margines-bottom: 0px! WA\u017bNY; PALDING-TOP: 0PX! WA\u017bNY; PALDING-BOTTOM: 0PX! WA\u017bNE}<\/style>\n<style>.tdb_single_content {margin-bottom: 0;*zoom: 1} .tdb_single_content: wcze\u015bniej, .tdb_single_content: po {display: Table; content: ''; line-height: 0} .TDB-BLOCK-INner>*: nie (.WP-BLOCK-QUOTE): NOT (.Alignwide): not (.alignfull.wp-block-cover.has-parallax): not (.td-a-ad) {margin-left: auto; margin-right: auto} .tdb_single_content a {wska\u017anik-events: auto} .tdb_single_content .td-spot-top_ad .tdc-pl-plameholder-title: przed {content: \u201eArtyku\u0142 top ad\u201d! Wa\u017cne} .tdb_single_content .td-spot-id-inline_ad0 .tdc-- THE PLACEHENTER TITLE: Wcze\u015bniej {content: \u201eArtyku\u0142 inline AD 1 '! Wa\u017cne} .tdb_single_content .td-spot-id-inline_ad1 .tdc-miejsce-title: przed {content:' Artyku\u0142 inline AD 2 '! Wa\u017cny}. Tytu\u0142: Przed {Content: \u201eArtyku\u0142 Inline AD 3 '! Wa\u017cne} .tdb_single_content .td-Spot-Id-Bottom_Ad .tdc-Placeholder-Title: przed {content: \u201eArtyku\u0142 Bottom Ad\u201d! Wa\u017cne} .tdb_single_content .id_top_ad, .tdb_single_content_content .id_bottom_ad {clear: oba; margin-bottom: 21px; text-align: Center} .tdb_single_content .id_top_ad img, .tdb_single_content .id_bottom_ad img {margin-bottom: 0} .tdb_single_conTent .id_top_ad .adsbyGoogle, .tdb_single_content .id_bottom_ad .adsbyGoogle {pozycja: relatyw} .tdb_single_content .id_ad_content-horiz-left, .tdb_single_content .id_ad_content-horiz-right, .tdb_single_content .id_ad_content-horiz-Center {margin-bottom: 15px} .tdb_single_content .id_ad_content-horiz-left Img, .tdb_single_content .id_ad_content-horiz-right img, .tdb_single_content .id_ad_content-horiz-centerter img {margin-bottom: 0} .tdb_single_content .id_ad_content-horiz-center {text-align: Center} .tdb_single_content .id_ad_content-horiz-center img {margin-right: auto; margin-let: auto} .tdb_single_content .id_ad_content-horiz-left {float: left; margin-top: 9px; margin-right: 21px} .tdb_single_content .id_ad_content-horiz-right {float: right; margin-top: 6px; margin-left: 21px} .tdb_single_content .tdc-a-ad .TDC-Placeholder-Title {szeroko\u015b\u0107: 300px; height: 250px} .tdb_single_content .tdc-a-ad .TDC-Placeholder-Title: Przed {Pozycja: Absolute; TOP: 50%;-WebKit-Transform: Translatey (-50%); Transform: Translatey (-50%); margines: auto; wy\u015bwietlacz: Tabela; szeroko\u015b\u0107: 100 %}. tdb_single_content .TDB-BLOCK-INNER.TD-FIX-INDEX {Word-Break: Break-word} .tdi_41, .tdi_41> p, .tdi_41 .tdb-block-inner> p, .wp-block-column> p {font -Size: 16px! Wa\u017cne; wysoko\u015b\u0107 linii: 1.6! Wa\u017cne} .tdi_41 .tdb-block-inner Blockquote P {font-styl: normalne! Wa\u017cne} @media (Max-Width: 767px) {. tdb_single_content .id_ad_content-horiz-left, .tdb_single_content .id_ad_content-horiz-right, .tdb_single_content .id_ad_content-horiz-center {Margin: 0 Auto 26px auto}}@media (Max-Width: 767px) {. tdb_single_content .id_ad_content-horiz-left {margin-right: 0}}@media (max-width: 767px) {. po lewej: 0}}@media (Max-Width: 767px) {. tdb_single_content .td-a-ad {float: none; text-align: Center} .tdb_single_content .td-a-ad img {margin-right: auto; margin-left: auto}. tdb_single_content .tdc-a-ad {float: none}}<\/style>\n<div class=\"tdb-block-inner td-fix-index\">\n<p>Z trwaj\u0105cego dochodzenia w sprawie domniemanych nieprawid\u0142owo\u015bci w rz\u0105dowej agencji rezerw strategicznych (RARS) wy\u0142oni\u0142a si\u0119 dramatyczna historia. W \u015brod\u0119, <em>Marek W.<\/em>&#8211; Jedna z os\u00f3b zatrzymanych w zwi\u0105zku ze spraw\u0105 &#8211; zosta\u0142a zwolniona z aresztu. Opisa\u0142 swoje do\u015bwiadczenie w Telewizja Republika, szczeg\u00f3\u0142owo opisuj\u0105c to, co nazywa szokuj\u0105cymi warunkami jego aresztowania. Jego \u017cona, <em>Anna W.<\/em>urz\u0119dnik w kancelarii biura premiera, pozostaje za kratkami, mimo \u017ce g\u0142\u00f3wny podejrzany w dochodzeniu zosta\u0142 ju\u017c uwolniony.<\/p>\n<h2 class=\"wp-block-heading\"><strong>Aresztowany przed \u015bwitem<\/strong><\/h2>\n<p>Przywo\u0142uj\u0105c wydarzenia, kt\u00f3re mia\u0142y miejsce pod koniec stycznia, <em>Marek W.<\/em> powiedzia\u0142: \u201eSta\u0142o si\u0119 to w \u015brod\u0119, tu\u017c po 6 rano, kto\u015b zapuka\u0142 do naszych drzwi. Moja \u017cona posz\u0142a go otworzy\u0107 i od tego momentu rozpocz\u0119\u0142o si\u0119 przeszukanie i formalne powiadomienie o naszym zatrzymaniu \u201d.<\/p>\n<p><em>Anna W.<\/em> a jej m\u0105\u017c zosta\u0142 aresztowany, pozostawiaj\u0105c swoje dzieci bez opieki rodzicielskiej. Jedno z dzieci zdiagnozowano zesp\u00f3\u0142 Aspergera i jako jako <em>Marek W.<\/em> Wyja\u015bnia, wymaga ci\u0105g\u0142ego wsparcia emocjonalnego i stabilno\u015bci. \u201eNie powinien do\u015bwiadcza\u0107 stresu, a ca\u0142a ta sytuacja mia\u0142a na niego bardzo negatywny wp\u0142yw\u201d &#8211; powiedzia\u0142 <em>Marek W.<\/em>.<\/p>\n<h2 class=\"wp-block-heading\"><strong>Dzieci pozostawione bez odpowiedniej opieki<\/strong><\/h2>\n<p>Podczas aresztowania dzieci pary by\u0142y tak przera\u017cone, \u017ce udawa\u0142y, \u017ce \u015bpi\u0105. Nikt z zespo\u0142u aresztowania nie wykazywa\u0142 troski o sw\u00f3j dobrobyt, <em>Marek W.<\/em> twierdzi\u0142. \u201eBy\u0142y dwie zespo\u0142y &#8211; skupione na mojej \u017conie, druga na mnie. Nikt nie dba\u0142 o dzieci &#8211; powiedzia\u0142. \u201ePr\u00f3bowali\u015bmy negocjowa\u0107, pytaj\u0105c, co si\u0119 z nimi stanie. Pocz\u0105tkowo sugestie obejmowa\u0142y schronienie dla nieletnich lub opiek\u0119 zast\u0119pcz\u0105. Niestety by\u0142y to pierwsze pomys\u0142y &#8211; po prostu je zabra\u0107. \u201d<\/p>\n<p>Ostatecznie dzieci opiekowa\u0142 si\u0119 krewnym, kt\u00f3ry wed\u0142ug <em>Marek W.<\/em>nie by\u0142 przygotowany do zaspokojenia unikalnych potrzeb dziecka z Aspergera. \u201eKiedy nasz syn by\u0142 m\u0142odszy, jego nauczyciel odci\u0105gn\u0105\u0142 mnie na bok i powiedzia\u0142:\u201e Zajmij si\u0119 swoj\u0105 \u017con\u0105. Je\u015bli co\u015b stanie si\u0119 z jego matk\u0105, tw\u00f3j syn nie b\u0119dzie w stanie sobie z tym poradzi\u0107. \u201d<\/p>\n<h2 class=\"wp-block-heading\"><strong>Izolacja w areszcie<\/strong><\/h2>\n<p>Po aresztowaniu, <em>Marek W.<\/em> znalaz\u0142 si\u0119 w niemal kompletnej izolacji. \u201eUpewnili si\u0119, \u017ce nie mam kontaktu z nikim, kto nie by\u0142 pracownikiem aresztu\u201d &#8211; powiedzia\u0142. \u201eKiedy pozwolono mi na godzinny spacer, upewnili si\u0119, \u017ce nie spotka\u0142em \u017cadnych innych wi\u0119\u017ani\u00f3w. Oczy\u015bciliby korytarz, zanim zosta\u0142em wpuszczony. \u201d<\/p>\n<p>Opisa\u0142 swoje warunki \u017cycia jako inwazyjne. \u201eW kom\u00f3rce zainstalowano dwa kamery i jedna w toalecie. Mia\u0142em prawo do prysznica dwa razy w tygodniu, ale nawet wtedy oficer sta\u0142 obok mnie. By\u0142em zszokowany \u201d.<\/p>\n<p>Zapyta\u0142 o sytuacj\u0119 \u017cony, <em>Marek W.<\/em> wyrazi\u0142 zaniepokojenie. Nie ma z ni\u0105 \u017cadnego kontaktu; Mo\u017ce rozmawia\u0107 tylko ze swoim prawnikiem. Zak\u0142ada, \u017ce \u200b\u200bdo\u015bwiadcza podobnych warunk\u00f3w.<\/p>\n<h2 class=\"wp-block-heading\"><strong>Kluczowe podejrzane wydane, urz\u0119dnik nadal zatrzymany<\/strong><\/h2>\n<p>Pomimo uwolnienia g\u0142\u00f3wnego podejrzanego w dochodzeniu RARS, <em>Anna W.<\/em>\u2014W, wed\u0142ug jej m\u0119\u017ca, nigdy nie pracowa\u0142 w RARS &#8211; w areszcie. <em>Marek W.<\/em> Uwa\u017ca, \u017ce \u200b\u200baresztowania by\u0142y motywowane politycznie. \u201eBy\u0142em zaskoczony, dlaczego by\u0142em traktowany jak niebezpieczny przest\u0119pca\u201d &#8211; powiedzia\u0142. \u201eTeraz rozumiem, \u017ce by\u0142 to atak na nasz\u0105 rodzin\u0119. To cz\u0119\u015b\u0107 walki politycznej. \u201d<\/p>\n<p>Na razie dzieci pary pozostaj\u0105 pod opiek\u0105 krewnych <em>Anna W.<\/em> nadal odbywa si\u0119 w zatrzymaniu. Sprawa wywo\u0142a\u0142a publiczne oburzenie i podnios\u0142a pytania dotycz\u0105ce stosowania \u015brodk\u00f3w zatrzymania przedprocesowego, zw\u0142aszcza gdy dotyczy to nieletnich i os\u00f3b o specjalnych potrzebach. Trwa dochodzenie w sprawie domniemanych nieprawid\u0142owo\u015bci w RARS, ale wielu kwestionuje metody wykorzystane do zabezpieczenia dowod\u00f3w &#8211; i op\u0142aty te dzia\u0142ania podj\u0119\u0142y si\u0119 ju\u017c w rodzinie.<\/p>\n<figure class=\"wp-block-embed is-type-video is-provider-youtube wp-block-embed-youtube wp-embed-aspect-16-9 wp-has-aspect-ratio\">\n<div class=\"wp-block-embed__wrapper\">\n<div class=\"youtube-embed\" data-video_id=\"FEblg8Q-yAA\"><a href=\"https:\/\/www.youtube.com\/watch?v=feblg8q-yaa\">https:\/\/www.youtube.com\/watch?v=feblg8q-yaa<\/a><\/div>\n<\/div>\n<\/figure>\n<\/div>\n<\/div>\n","protected":false},"excerpt":{"rendered":"<p>Z trwaj\u0105cego dochodzenia w sprawie domniemanych nieprawid\u0142owo\u015bci w rz\u0105dowej agencji rezerw strategicznych (RARS) wy\u0142oni\u0142a si\u0119 dramatyczna historia. W \u015brod\u0119, Marek<\/p>\n","protected":false},"author":1,"featured_media":4110,"comment_status":"closed","ping_status":"","sticky":false,"template":"","format":"standard","meta":{"footnotes":""},"categories":[4748],"tags":[5705,3805,2937,5707,5702,1380,5703,5706,5704],"class_list":["post-4109","post","type-post","status-publish","format-standard","has-post-thumbnail","hentry","category-aktualne","tag-alarmujacego","tag-aresztowania","tag-bez","tag-biura","tag-dzialaja","tag-premiera","tag-skrupulow","tag-urzednika","tag-wewnatrz","generate-columns","tablet-grid-50","mobile-grid-100","grid-parent","grid-50","resize-featured-image"],"yoast_head":"<!-- This site is optimized with the Yoast SEO plugin v23.2 - https:\/\/yoast.com\/wordpress\/plugins\/seo\/ -->\n<title>\u201eDzia\u0142aj\u0105 bez skrupu\u0142\u00f3w\u201d: wewn\u0105trz alarmuj\u0105cego aresztowania urz\u0119dnika biura premiera - POGOTOWIE FLAGOWE\u00ae<\/title>\n<meta name=\"robots\" content=\"index, follow, max-snippet:-1, max-image-preview:large, max-video-preview:-1\" \/>\n<link rel=\"canonical\" href=\"https:\/\/www.pogotowieflagowe.pl\/aktualne\/dzialaja-bez-skrupulow-wewnatrz-alarmujacego-aresztowania-urzednika-biura-premiera\/\" \/>\n<meta property=\"og:locale\" content=\"pl_PL\" \/>\n<meta property=\"og:type\" content=\"article\" \/>\n<meta property=\"og:title\" content=\"\u201eDzia\u0142aj\u0105 bez skrupu\u0142\u00f3w\u201d: wewn\u0105trz alarmuj\u0105cego aresztowania urz\u0119dnika biura premiera - POGOTOWIE FLAGOWE\u00ae\" \/>\n<meta property=\"og:description\" content=\"Z trwaj\u0105cego dochodzenia w sprawie domniemanych nieprawid\u0142owo\u015bci w rz\u0105dowej agencji rezerw strategicznych (RARS) wy\u0142oni\u0142a si\u0119 dramatyczna historia. W \u015brod\u0119, Marek\" \/>\n<meta property=\"og:url\" content=\"https:\/\/www.pogotowieflagowe.pl\/aktualne\/dzialaja-bez-skrupulow-wewnatrz-alarmujacego-aresztowania-urzednika-biura-premiera\/\" \/>\n<meta property=\"og:site_name\" content=\"POGOTOWIE FLAGOWE\u00ae\" \/>\n<meta property=\"article:published_time\" content=\"2025-02-22T02:50:48+00:00\" \/>\n<meta property=\"article:modified_time\" content=\"2025-02-22T02:50:49+00:00\" \/>\n<meta property=\"og:image\" content=\"https:\/\/www.pogotowieflagowe.pl\/aktualne\/wp-content\/uploads\/2025\/02\/\u201eDzialaja-bez-skrupulow-wewnatrz-alarmujacego-aresztowania-urzednika-biura-premiera.jpg\" \/>\n\t<meta property=\"og:image:width\" content=\"1280\" \/>\n\t<meta property=\"og:image:height\" content=\"720\" \/>\n\t<meta property=\"og:image:type\" content=\"image\/jpeg\" \/>\n<meta name=\"author\" content=\"Filip\" \/>\n<meta name=\"twitter:card\" content=\"summary_large_image\" \/>\n<meta name=\"twitter:label1\" content=\"Napisane przez\" \/>\n\t<meta name=\"twitter:data1\" content=\"Filip\" \/>\n\t<meta name=\"twitter:label2\" content=\"Szacowany czas czytania\" \/>\n\t<meta name=\"twitter:data2\" content=\"3 minuty\" \/>\n<script type=\"application\/ld+json\" class=\"yoast-schema-graph\">{\"@context\":\"https:\/\/schema.org\",\"@graph\":[{\"@type\":\"Article\",\"@id\":\"https:\/\/www.pogotowieflagowe.pl\/aktualne\/dzialaja-bez-skrupulow-wewnatrz-alarmujacego-aresztowania-urzednika-biura-premiera\/#article\",\"isPartOf\":{\"@id\":\"https:\/\/www.pogotowieflagowe.pl\/aktualne\/dzialaja-bez-skrupulow-wewnatrz-alarmujacego-aresztowania-urzednika-biura-premiera\/\"},\"author\":{\"name\":\"Filip\",\"@id\":\"https:\/\/www.pogotowieflagowe.pl\/aktualne\/#\/schema\/person\/9c2fb7d2362ebf6fa088960d7f0d27b0\"},\"headline\":\"\u201eDzia\u0142aj\u0105 bez skrupu\u0142\u00f3w\u201d: wewn\u0105trz alarmuj\u0105cego aresztowania urz\u0119dnika biura premiera\",\"datePublished\":\"2025-02-22T02:50:48+00:00\",\"dateModified\":\"2025-02-22T02:50:49+00:00\",\"mainEntityOfPage\":{\"@id\":\"https:\/\/www.pogotowieflagowe.pl\/aktualne\/dzialaja-bez-skrupulow-wewnatrz-alarmujacego-aresztowania-urzednika-biura-premiera\/\"},\"wordCount\":628,\"publisher\":{\"@id\":\"https:\/\/www.pogotowieflagowe.pl\/aktualne\/#organization\"},\"image\":{\"@id\":\"https:\/\/www.pogotowieflagowe.pl\/aktualne\/dzialaja-bez-skrupulow-wewnatrz-alarmujacego-aresztowania-urzednika-biura-premiera\/#primaryimage\"},\"thumbnailUrl\":\"https:\/\/www.pogotowieflagowe.pl\/aktualne\/wp-content\/uploads\/2025\/02\/\u201eDzialaja-bez-skrupulow-wewnatrz-alarmujacego-aresztowania-urzednika-biura-premiera.jpg\",\"keywords\":[\"alarmuj\u0105cego\",\"aresztowania\",\"bez\",\"biura\",\"Dzia\u0142aj\u0105\",\"premiera\",\"skrupu\u0142\u00f3w\",\"urz\u0119dnika\",\"wewn\u0105trz\"],\"articleSection\":[\"Aktualne\"],\"inLanguage\":\"pl-PL\"},{\"@type\":\"WebPage\",\"@id\":\"https:\/\/www.pogotowieflagowe.pl\/aktualne\/dzialaja-bez-skrupulow-wewnatrz-alarmujacego-aresztowania-urzednika-biura-premiera\/\",\"url\":\"https:\/\/www.pogotowieflagowe.pl\/aktualne\/dzialaja-bez-skrupulow-wewnatrz-alarmujacego-aresztowania-urzednika-biura-premiera\/\",\"name\":\"\u201eDzia\u0142aj\u0105 bez skrupu\u0142\u00f3w\u201d: wewn\u0105trz alarmuj\u0105cego aresztowania urz\u0119dnika biura premiera - POGOTOWIE FLAGOWE\u00ae\",\"isPartOf\":{\"@id\":\"https:\/\/www.pogotowieflagowe.pl\/aktualne\/#website\"},\"primaryImageOfPage\":{\"@id\":\"https:\/\/www.pogotowieflagowe.pl\/aktualne\/dzialaja-bez-skrupulow-wewnatrz-alarmujacego-aresztowania-urzednika-biura-premiera\/#primaryimage\"},\"image\":{\"@id\":\"https:\/\/www.pogotowieflagowe.pl\/aktualne\/dzialaja-bez-skrupulow-wewnatrz-alarmujacego-aresztowania-urzednika-biura-premiera\/#primaryimage\"},\"thumbnailUrl\":\"https:\/\/www.pogotowieflagowe.pl\/aktualne\/wp-content\/uploads\/2025\/02\/\u201eDzialaja-bez-skrupulow-wewnatrz-alarmujacego-aresztowania-urzednika-biura-premiera.jpg\",\"datePublished\":\"2025-02-22T02:50:48+00:00\",\"dateModified\":\"2025-02-22T02:50:49+00:00\",\"breadcrumb\":{\"@id\":\"https:\/\/www.pogotowieflagowe.pl\/aktualne\/dzialaja-bez-skrupulow-wewnatrz-alarmujacego-aresztowania-urzednika-biura-premiera\/#breadcrumb\"},\"inLanguage\":\"pl-PL\",\"potentialAction\":[{\"@type\":\"ReadAction\",\"target\":[\"https:\/\/www.pogotowieflagowe.pl\/aktualne\/dzialaja-bez-skrupulow-wewnatrz-alarmujacego-aresztowania-urzednika-biura-premiera\/\"]}]},{\"@type\":\"ImageObject\",\"inLanguage\":\"pl-PL\",\"@id\":\"https:\/\/www.pogotowieflagowe.pl\/aktualne\/dzialaja-bez-skrupulow-wewnatrz-alarmujacego-aresztowania-urzednika-biura-premiera\/#primaryimage\",\"url\":\"https:\/\/www.pogotowieflagowe.pl\/aktualne\/wp-content\/uploads\/2025\/02\/\u201eDzialaja-bez-skrupulow-wewnatrz-alarmujacego-aresztowania-urzednika-biura-premiera.jpg\",\"contentUrl\":\"https:\/\/www.pogotowieflagowe.pl\/aktualne\/wp-content\/uploads\/2025\/02\/\u201eDzialaja-bez-skrupulow-wewnatrz-alarmujacego-aresztowania-urzednika-biura-premiera.jpg\",\"width\":1280,\"height\":720,\"caption\":\"\u201eDzia\u0142aj\u0105 bez skrupu\u0142\u00f3w\u201d: wewn\u0105trz alarmuj\u0105cego aresztowania urz\u0119dnika biura premiera\"},{\"@type\":\"BreadcrumbList\",\"@id\":\"https:\/\/www.pogotowieflagowe.pl\/aktualne\/dzialaja-bez-skrupulow-wewnatrz-alarmujacego-aresztowania-urzednika-biura-premiera\/#breadcrumb\",\"itemListElement\":[{\"@type\":\"ListItem\",\"position\":1,\"name\":\"Home\",\"item\":\"https:\/\/www.pogotowieflagowe.pl\/aktualne\/\"},{\"@type\":\"ListItem\",\"position\":2,\"name\":\"\u201eDzia\u0142aj\u0105 bez skrupu\u0142\u00f3w\u201d: wewn\u0105trz alarmuj\u0105cego aresztowania urz\u0119dnika biura premiera\"}]},{\"@type\":\"WebSite\",\"@id\":\"https:\/\/www.pogotowieflagowe.pl\/aktualne\/#website\",\"url\":\"https:\/\/www.pogotowieflagowe.pl\/aktualne\/\",\"name\":\"POGOTOWIE FLAGOWE\u00ae\",\"description\":\"\",\"publisher\":{\"@id\":\"https:\/\/www.pogotowieflagowe.pl\/aktualne\/#organization\"},\"potentialAction\":[{\"@type\":\"SearchAction\",\"target\":{\"@type\":\"EntryPoint\",\"urlTemplate\":\"https:\/\/www.pogotowieflagowe.pl\/aktualne\/?s={search_term_string}\"},\"query-input\":\"required name=search_term_string\"}],\"inLanguage\":\"pl-PL\"},{\"@type\":\"Organization\",\"@id\":\"https:\/\/www.pogotowieflagowe.pl\/aktualne\/#organization\",\"name\":\"POGOTOWIE FLAGOWE\u00ae\",\"url\":\"https:\/\/www.pogotowieflagowe.pl\/aktualne\/\",\"logo\":{\"@type\":\"ImageObject\",\"inLanguage\":\"pl-PL\",\"@id\":\"https:\/\/www.pogotowieflagowe.pl\/aktualne\/#\/schema\/logo\/image\/\",\"url\":\"https:\/\/www.pogotowieflagowe.pl\/aktualne\/wp-content\/uploads\/2024\/08\/cropped-pogotowieflagowe_flaga_projekt_sm.jpg\",\"contentUrl\":\"https:\/\/www.pogotowieflagowe.pl\/aktualne\/wp-content\/uploads\/2024\/08\/cropped-pogotowieflagowe_flaga_projekt_sm.jpg\",\"width\":250,\"height\":143,\"caption\":\"POGOTOWIE FLAGOWE\u00ae\"},\"image\":{\"@id\":\"https:\/\/www.pogotowieflagowe.pl\/aktualne\/#\/schema\/logo\/image\/\"}},{\"@type\":\"Person\",\"@id\":\"https:\/\/www.pogotowieflagowe.pl\/aktualne\/#\/schema\/person\/9c2fb7d2362ebf6fa088960d7f0d27b0\",\"name\":\"Filip\",\"image\":{\"@type\":\"ImageObject\",\"inLanguage\":\"pl-PL\",\"@id\":\"https:\/\/www.pogotowieflagowe.pl\/aktualne\/#\/schema\/person\/image\/\",\"url\":\"https:\/\/www.pogotowieflagowe.pl\/aktualne\/wp-content\/uploads\/2024\/08\/pogotowieflagowe.pl_.jpg\",\"contentUrl\":\"https:\/\/www.pogotowieflagowe.pl\/aktualne\/wp-content\/uploads\/2024\/08\/pogotowieflagowe.pl_.jpg\",\"caption\":\"Filip\"},\"description\":\"Jestem Filip, polski dziennikarz z dyplomem nauk politycznych Uniwersytetu Warszawskiego. Rozpoczynaj\u0105c swoj\u0105 karier\u0119 w r\u00f3\u017cnych lokalnych mediach, zdoby\u0142em solidne do\u015bwiadczenie w zakresie \u015bledztwa i redakcji. Obecnie jako redaktor w Pogotowie flagowe, staram si\u0119 dostarcza\u0107 dog\u0142\u0119bne i istotne analizy na temat najwa\u017cniejszych kwestii aktualno\u015bci, \u0142\u0105cz\u0105c rygor z pasj\u0105 dziennikarsk\u0105.\",\"sameAs\":[\"https:\/\/www.pogotowieflagowe.pl\/\"]}]}<\/script>\n<!-- \/ Yoast SEO plugin. -->","yoast_head_json":{"title":"\u201eDzia\u0142aj\u0105 bez skrupu\u0142\u00f3w\u201d: wewn\u0105trz alarmuj\u0105cego aresztowania urz\u0119dnika biura premiera - POGOTOWIE FLAGOWE\u00ae","robots":{"index":"index","follow":"follow","max-snippet":"max-snippet:-1","max-image-preview":"max-image-preview:large","max-video-preview":"max-video-preview:-1"},"canonical":"https:\/\/www.pogotowieflagowe.pl\/aktualne\/dzialaja-bez-skrupulow-wewnatrz-alarmujacego-aresztowania-urzednika-biura-premiera\/","og_locale":"pl_PL","og_type":"article","og_title":"\u201eDzia\u0142aj\u0105 bez skrupu\u0142\u00f3w\u201d: wewn\u0105trz alarmuj\u0105cego aresztowania urz\u0119dnika biura premiera - POGOTOWIE FLAGOWE\u00ae","og_description":"Z trwaj\u0105cego dochodzenia w sprawie domniemanych nieprawid\u0142owo\u015bci w rz\u0105dowej agencji rezerw strategicznych (RARS) wy\u0142oni\u0142a si\u0119 dramatyczna historia. W \u015brod\u0119, Marek","og_url":"https:\/\/www.pogotowieflagowe.pl\/aktualne\/dzialaja-bez-skrupulow-wewnatrz-alarmujacego-aresztowania-urzednika-biura-premiera\/","og_site_name":"POGOTOWIE FLAGOWE\u00ae","article_published_time":"2025-02-22T02:50:48+00:00","article_modified_time":"2025-02-22T02:50:49+00:00","og_image":[{"width":1280,"height":720,"url":"https:\/\/www.pogotowieflagowe.pl\/aktualne\/wp-content\/uploads\/2025\/02\/\u201eDzialaja-bez-skrupulow-wewnatrz-alarmujacego-aresztowania-urzednika-biura-premiera.jpg","type":"image\/jpeg"}],"author":"Filip","twitter_card":"summary_large_image","twitter_misc":{"Napisane przez":"Filip","Szacowany czas czytania":"3 minuty"},"schema":{"@context":"https:\/\/schema.org","@graph":[{"@type":"Article","@id":"https:\/\/www.pogotowieflagowe.pl\/aktualne\/dzialaja-bez-skrupulow-wewnatrz-alarmujacego-aresztowania-urzednika-biura-premiera\/#article","isPartOf":{"@id":"https:\/\/www.pogotowieflagowe.pl\/aktualne\/dzialaja-bez-skrupulow-wewnatrz-alarmujacego-aresztowania-urzednika-biura-premiera\/"},"author":{"name":"Filip","@id":"https:\/\/www.pogotowieflagowe.pl\/aktualne\/#\/schema\/person\/9c2fb7d2362ebf6fa088960d7f0d27b0"},"headline":"\u201eDzia\u0142aj\u0105 bez skrupu\u0142\u00f3w\u201d: wewn\u0105trz alarmuj\u0105cego aresztowania urz\u0119dnika biura premiera","datePublished":"2025-02-22T02:50:48+00:00","dateModified":"2025-02-22T02:50:49+00:00","mainEntityOfPage":{"@id":"https:\/\/www.pogotowieflagowe.pl\/aktualne\/dzialaja-bez-skrupulow-wewnatrz-alarmujacego-aresztowania-urzednika-biura-premiera\/"},"wordCount":628,"publisher":{"@id":"https:\/\/www.pogotowieflagowe.pl\/aktualne\/#organization"},"image":{"@id":"https:\/\/www.pogotowieflagowe.pl\/aktualne\/dzialaja-bez-skrupulow-wewnatrz-alarmujacego-aresztowania-urzednika-biura-premiera\/#primaryimage"},"thumbnailUrl":"https:\/\/www.pogotowieflagowe.pl\/aktualne\/wp-content\/uploads\/2025\/02\/\u201eDzialaja-bez-skrupulow-wewnatrz-alarmujacego-aresztowania-urzednika-biura-premiera.jpg","keywords":["alarmuj\u0105cego","aresztowania","bez","biura","Dzia\u0142aj\u0105","premiera","skrupu\u0142\u00f3w","urz\u0119dnika","wewn\u0105trz"],"articleSection":["Aktualne"],"inLanguage":"pl-PL"},{"@type":"WebPage","@id":"https:\/\/www.pogotowieflagowe.pl\/aktualne\/dzialaja-bez-skrupulow-wewnatrz-alarmujacego-aresztowania-urzednika-biura-premiera\/","url":"https:\/\/www.pogotowieflagowe.pl\/aktualne\/dzialaja-bez-skrupulow-wewnatrz-alarmujacego-aresztowania-urzednika-biura-premiera\/","name":"\u201eDzia\u0142aj\u0105 bez skrupu\u0142\u00f3w\u201d: wewn\u0105trz alarmuj\u0105cego aresztowania urz\u0119dnika biura premiera - POGOTOWIE FLAGOWE\u00ae","isPartOf":{"@id":"https:\/\/www.pogotowieflagowe.pl\/aktualne\/#website"},"primaryImageOfPage":{"@id":"https:\/\/www.pogotowieflagowe.pl\/aktualne\/dzialaja-bez-skrupulow-wewnatrz-alarmujacego-aresztowania-urzednika-biura-premiera\/#primaryimage"},"image":{"@id":"https:\/\/www.pogotowieflagowe.pl\/aktualne\/dzialaja-bez-skrupulow-wewnatrz-alarmujacego-aresztowania-urzednika-biura-premiera\/#primaryimage"},"thumbnailUrl":"https:\/\/www.pogotowieflagowe.pl\/aktualne\/wp-content\/uploads\/2025\/02\/\u201eDzialaja-bez-skrupulow-wewnatrz-alarmujacego-aresztowania-urzednika-biura-premiera.jpg","datePublished":"2025-02-22T02:50:48+00:00","dateModified":"2025-02-22T02:50:49+00:00","breadcrumb":{"@id":"https:\/\/www.pogotowieflagowe.pl\/aktualne\/dzialaja-bez-skrupulow-wewnatrz-alarmujacego-aresztowania-urzednika-biura-premiera\/#breadcrumb"},"inLanguage":"pl-PL","potentialAction":[{"@type":"ReadAction","target":["https:\/\/www.pogotowieflagowe.pl\/aktualne\/dzialaja-bez-skrupulow-wewnatrz-alarmujacego-aresztowania-urzednika-biura-premiera\/"]}]},{"@type":"ImageObject","inLanguage":"pl-PL","@id":"https:\/\/www.pogotowieflagowe.pl\/aktualne\/dzialaja-bez-skrupulow-wewnatrz-alarmujacego-aresztowania-urzednika-biura-premiera\/#primaryimage","url":"https:\/\/www.pogotowieflagowe.pl\/aktualne\/wp-content\/uploads\/2025\/02\/\u201eDzialaja-bez-skrupulow-wewnatrz-alarmujacego-aresztowania-urzednika-biura-premiera.jpg","contentUrl":"https:\/\/www.pogotowieflagowe.pl\/aktualne\/wp-content\/uploads\/2025\/02\/\u201eDzialaja-bez-skrupulow-wewnatrz-alarmujacego-aresztowania-urzednika-biura-premiera.jpg","width":1280,"height":720,"caption":"\u201eDzia\u0142aj\u0105 bez skrupu\u0142\u00f3w\u201d: wewn\u0105trz alarmuj\u0105cego aresztowania urz\u0119dnika biura premiera"},{"@type":"BreadcrumbList","@id":"https:\/\/www.pogotowieflagowe.pl\/aktualne\/dzialaja-bez-skrupulow-wewnatrz-alarmujacego-aresztowania-urzednika-biura-premiera\/#breadcrumb","itemListElement":[{"@type":"ListItem","position":1,"name":"Home","item":"https:\/\/www.pogotowieflagowe.pl\/aktualne\/"},{"@type":"ListItem","position":2,"name":"\u201eDzia\u0142aj\u0105 bez skrupu\u0142\u00f3w\u201d: wewn\u0105trz alarmuj\u0105cego aresztowania urz\u0119dnika biura premiera"}]},{"@type":"WebSite","@id":"https:\/\/www.pogotowieflagowe.pl\/aktualne\/#website","url":"https:\/\/www.pogotowieflagowe.pl\/aktualne\/","name":"POGOTOWIE FLAGOWE\u00ae","description":"","publisher":{"@id":"https:\/\/www.pogotowieflagowe.pl\/aktualne\/#organization"},"potentialAction":[{"@type":"SearchAction","target":{"@type":"EntryPoint","urlTemplate":"https:\/\/www.pogotowieflagowe.pl\/aktualne\/?s={search_term_string}"},"query-input":"required name=search_term_string"}],"inLanguage":"pl-PL"},{"@type":"Organization","@id":"https:\/\/www.pogotowieflagowe.pl\/aktualne\/#organization","name":"POGOTOWIE FLAGOWE\u00ae","url":"https:\/\/www.pogotowieflagowe.pl\/aktualne\/","logo":{"@type":"ImageObject","inLanguage":"pl-PL","@id":"https:\/\/www.pogotowieflagowe.pl\/aktualne\/#\/schema\/logo\/image\/","url":"https:\/\/www.pogotowieflagowe.pl\/aktualne\/wp-content\/uploads\/2024\/08\/cropped-pogotowieflagowe_flaga_projekt_sm.jpg","contentUrl":"https:\/\/www.pogotowieflagowe.pl\/aktualne\/wp-content\/uploads\/2024\/08\/cropped-pogotowieflagowe_flaga_projekt_sm.jpg","width":250,"height":143,"caption":"POGOTOWIE FLAGOWE\u00ae"},"image":{"@id":"https:\/\/www.pogotowieflagowe.pl\/aktualne\/#\/schema\/logo\/image\/"}},{"@type":"Person","@id":"https:\/\/www.pogotowieflagowe.pl\/aktualne\/#\/schema\/person\/9c2fb7d2362ebf6fa088960d7f0d27b0","name":"Filip","image":{"@type":"ImageObject","inLanguage":"pl-PL","@id":"https:\/\/www.pogotowieflagowe.pl\/aktualne\/#\/schema\/person\/image\/","url":"https:\/\/www.pogotowieflagowe.pl\/aktualne\/wp-content\/uploads\/2024\/08\/pogotowieflagowe.pl_.jpg","contentUrl":"https:\/\/www.pogotowieflagowe.pl\/aktualne\/wp-content\/uploads\/2024\/08\/pogotowieflagowe.pl_.jpg","caption":"Filip"},"description":"Jestem Filip, polski dziennikarz z dyplomem nauk politycznych Uniwersytetu Warszawskiego. Rozpoczynaj\u0105c swoj\u0105 karier\u0119 w r\u00f3\u017cnych lokalnych mediach, zdoby\u0142em solidne do\u015bwiadczenie w zakresie \u015bledztwa i redakcji. Obecnie jako redaktor w Pogotowie flagowe, staram si\u0119 dostarcza\u0107 dog\u0142\u0119bne i istotne analizy na temat najwa\u017cniejszych kwestii aktualno\u015bci, \u0142\u0105cz\u0105c rygor z pasj\u0105 dziennikarsk\u0105.","sameAs":["https:\/\/www.pogotowieflagowe.pl\/"]}]}},"_links":{"self":[{"href":"https:\/\/www.pogotowieflagowe.pl\/aktualne\/wp-json\/wp\/v2\/posts\/4109","targetHints":{"allow":["GET"]}}],"collection":[{"href":"https:\/\/www.pogotowieflagowe.pl\/aktualne\/wp-json\/wp\/v2\/posts"}],"about":[{"href":"https:\/\/www.pogotowieflagowe.pl\/aktualne\/wp-json\/wp\/v2\/types\/post"}],"author":[{"embeddable":true,"href":"https:\/\/www.pogotowieflagowe.pl\/aktualne\/wp-json\/wp\/v2\/users\/1"}],"replies":[{"embeddable":true,"href":"https:\/\/www.pogotowieflagowe.pl\/aktualne\/wp-json\/wp\/v2\/comments?post=4109"}],"version-history":[{"count":1,"href":"https:\/\/www.pogotowieflagowe.pl\/aktualne\/wp-json\/wp\/v2\/posts\/4109\/revisions"}],"predecessor-version":[{"id":4111,"href":"https:\/\/www.pogotowieflagowe.pl\/aktualne\/wp-json\/wp\/v2\/posts\/4109\/revisions\/4111"}],"wp:featuredmedia":[{"embeddable":true,"href":"https:\/\/www.pogotowieflagowe.pl\/aktualne\/wp-json\/wp\/v2\/media\/4110"}],"wp:attachment":[{"href":"https:\/\/www.pogotowieflagowe.pl\/aktualne\/wp-json\/wp\/v2\/media?parent=4109"}],"wp:term":[{"taxonomy":"category","embeddable":true,"href":"https:\/\/www.pogotowieflagowe.pl\/aktualne\/wp-json\/wp\/v2\/categories?post=4109"},{"taxonomy":"post_tag","embeddable":true,"href":"https:\/\/www.pogotowieflagowe.pl\/aktualne\/wp-json\/wp\/v2\/tags?post=4109"}],"curies":[{"name":"wp","href":"https:\/\/api.w.org\/{rel}","templated":true}]}}