{"id":4133,"date":"2025-02-23T02:47:30","date_gmt":"2025-02-23T01:47:30","guid":{"rendered":"https:\/\/www.pogotowieflagowe.pl\/aktualne\/spotkanie-duda-trump-oswiadczenie-bialego-domu-bliski-sojusz-potwierdzony\/"},"modified":"2025-02-23T02:47:32","modified_gmt":"2025-02-23T01:47:32","slug":"spotkanie-duda-trump-oswiadczenie-bialego-domu-bliski-sojusz-potwierdzony","status":"publish","type":"post","link":"https:\/\/www.pogotowieflagowe.pl\/aktualne\/spotkanie-duda-trump-oswiadczenie-bialego-domu-bliski-sojusz-potwierdzony\/","title":{"rendered":"Spotkanie Duda-Trump. O\u015bwiadczenie Bia\u0142ego Domu: \u201eBliski sojusz potwierdzony\u201d"},"content":{"rendered":"\n<div class=\"td_block_wrap tdb_single_content tdi_41 td-pb-border-top td_block_template_8 td-post-content tagdiv-type\" data-td-block-uid=\"tdi_41\">\n<style>.tdi_41 {margin-top: 0px! Wa\u017cne; margines-bottom: 0px! WA\u017bNY; PALDING-TOP: 0PX! WA\u017bNY; PALDING-BOTTOM: 0PX! WA\u017bNE}<\/style>\n<style>.tdb_single_content {margin-bottom: 0;*zoom: 1} .tdb_single_content: wcze\u015bniej, .tdb_single_content: po {display: Table; content: ''; line-height: 0} .TDB-BLOCK-INner>*: nie (.WP-BLOCK-QUOTE): NOT (.Alignwide): not (.alignfull.wp-block-cover.has-parallax): not (.td-a-ad) {margin-left: auto; margin-right: auto} .tdb_single_content a {wska\u017anik-events: auto} .tdb_single_content .td-spot-top_ad .tdc-pl-plameholder-title: przed {content: \u201eArtyku\u0142 top ad\u201d! Wa\u017cne} .tdb_single_content .td-spot-id-inline_ad0 .tdc-- THE PLACEHENTER TITLE: Wcze\u015bniej {content: \u201eArtyku\u0142 inline AD 1 '! Wa\u017cne} .tdb_single_content .td-spot-id-inline_ad1 .tdc-miejsce-title: przed {content:' Artyku\u0142 inline AD 2 '! Wa\u017cny}. Tytu\u0142: Przed {Content: \u201eArtyku\u0142 Inline AD 3 '! Wa\u017cne} .tdb_single_content .td-Spot-Id-Bottom_Ad .tdc-Placeholder-Title: przed {content: \u201eArtyku\u0142 Bottom Ad\u201d! Wa\u017cne} .tdb_single_content .id_top_ad, .tdb_single_content_content .id_bottom_ad {clear: oba; margin-bottom: 21px; text-align: Center} .tdb_single_content .id_top_ad img, .tdb_single_content .id_bottom_ad img {margin-bottom: 0} .tdb_single_conTent .id_top_ad .adsbyGoogle, .tdb_single_content .id_bottom_ad .adsbyGoogle {pozycja: relatyw} .tdb_single_content .id_ad_content-horiz-left, .tdb_single_content .id_ad_content-horiz-right, .tdb_single_content .id_ad_content-horiz-Center {margin-bottom: 15px} .tdb_single_content .id_ad_content-horiz-left Img, .tdb_single_content .id_ad_content-horiz-right img, .tdb_single_content .id_ad_content-horiz-centerter img {margin-bottom: 0} .tdb_single_content .id_ad_content-horiz-center {text-align: Center} .tdb_single_content .id_ad_content-horiz-center img {margin-right: auto; margin-let: auto} .tdb_single_content .id_ad_content-horiz-left {float: left; margin-top: 9px; margin-right: 21px} .tdb_single_content .id_ad_content-horiz-right {float: right; margin-top: 6px; margin-left: 21px} .tdb_single_content .tdc-a-ad .TDC-Placeholder-Title {szeroko\u015b\u0107: 300px; height: 250px} .tdb_single_content .tdc-a-ad .TDC-Placeholder-Title: Przed {Pozycja: Absolute; TOP: 50%;-WebKit-Transform: Translatey (-50%); Transform: Translatey (-50%); margines: auto; wy\u015bwietlacz: Tabela; szeroko\u015b\u0107: 100 %}. tdb_single_content .TDB-BLOCK-INNER.TD-FIX-INDEX {Word-Break: Break-word} .tdi_41, .tdi_41> p, .tdi_41 .tdb-block-inner> p, .wp-block-column> p {font -Size: 16px! Wa\u017cne; wysoko\u015b\u0107 linii: 1.6! Wa\u017cne} .tdi_41 .tdb-block-inner Blockquote p {font-styl: normalne! Wa\u017cne} @media (max-wdth: 767px) {. tdb_single_content .id_ad_content-horiz-left, .tdb_single_content .id_ad_content-horiz-right, .tdb_single_content .id_ad_content-horiz-center {Margin: 0 Auto 26px auto}}@media (Max-Width: 767px) {. tdb_single_content .id_ad_content-horiz-left {margin-right: 0}}@media (max-width: 767px) {. po lewej: 0}}@media (Max-Width: 767px) {. tdb_single_content .td-a-ad {float: none; text-align: Center} .tdb_single_content .td-a-ad img {margin-right: auto; margin-left: auto}. tdb_single_content .tdc-a-ad {float: none}}<\/style>\n<div class=\"tdb-block-inner td-fix-index\">\n<p>Prezydent Donald Trump potwierdzi\u0142 bliski sojusz mi\u0119dzy Stanami Zjednoczonymi a Polsk\u0105 podczas spotkania z prezydentem Andrzejem Dud\u0105, zgodnie z o\u015bwiadczeniem Bia\u0142ego Domu wydanego po rozmowach lider\u00f3w.<\/p>\n<p>Prezydent Trump przyby\u0142 na konferencj\u0119 konserwatywn\u0105 CPAC, gdzie mia\u0142 wyda\u0107 uwagi. Przed przem\u00f3wieniem spotka\u0142 si\u0119 ze swoim polskim odpowiednikiem. W szczeg\u00f3lno\u015bci AndrzeJ Duda jest pierwszym europejskim przyw\u00f3dc\u0105, kt\u00f3ry spotka si\u0119 z Trumpem od czasu swojej inauguracji.<\/p>\n<p>\u201ePrezydent spotka\u0142 si\u0119 z polskim prezydentem Andrzejem Dud\u0105 i potwierdzi\u0142 nasz bliski sojusz. Prezydent Trump chwali\u0142 tak\u017ce prezydenta Dud\u0119 za zaanga\u017cowanie Polski w zwi\u0119kszenie wydatk\u00f3w na obron\u0119 \u201d, powiedzia\u0142 Bia\u0142y Dom w swoim o\u015bwiadczeniu.<\/p>\n<p>Wraz z og\u0142oszeniem opublikowano dwa zdj\u0119cia z rozmowy lider\u00f3w.<\/p>\n<blockquote class=\"twitter-tweet\">\n<p lang=\"en\" dir=\"ltr\">Za kulisami w CPAC, prezydent Trump spotka\u0142 si\u0119 z prezydentem Andrzejem Dud\u0105 z Polski i potwierdzi\u0142 nasz bliski sojusz. Prezydent Trump pochwali\u0142 r\u00f3wnie\u017c prezydenta <a rel=\"nofollow\" href=\"https:\/\/twitter.com\/AndrzejDuda?ref_src=twsrc%5Etfw\">@Andrzejduda<\/a> Za zaanga\u017cowanie Polski do zwi\u0119kszenia wydatk\u00f3w na obron\u0119. \ud83c\uddfa\ud83c\uddf8\ud83c\uddf5\ud83c\uddf1 <a rel=\"nofollow\" href=\"https:\/\/t.co\/KAim69RXoe\">pic.twitter.com\/kaim69rxoe<\/a><\/p>\n<p>&#8211; Bia\u0142y Dom (@Whitehouse) <a rel=\"nofollow\" href=\"https:\/\/twitter.com\/WhiteHouse\/status\/1893390051301577215?ref_src=twsrc%5Etfw\">22 lutego 2025 r<\/a><\/p><\/blockquote>\n<p>Rzecznik prezydencki Diana G\u0142ownia wyja\u015bni\u0142a, \u017ce \u200b\u200bspotkanie by\u0142o zwie\u0144czeniem dziesi\u0119ciu lat skutecznej i konsekwentnej polityki prezydenta Republiki Polski:<\/p>\n<blockquote class=\"twitter-tweet\">\n<p lang=\"pl\" dir=\"ltr\">BLIECO 10 LAT SUTUTECHNEJ I KonsekwentNej Polityki Prezydenta Rp <a rel=\"nofollow\" href=\"https:\/\/twitter.com\/AndrzejDuda?ref_src=twsrc%5Etfw\">@Andrzejduda<\/a> WZMacnia BezpieZiansWo Naszego Kraju. <\/p>\n<p>\ud83c\uddf5\ud83c\uddf1\ud83e\udd1d\ud83c\uddfa\ud83c\uddf8 Sojusz Jest Silniejszy Ni\u017c Kiedykolwiek, Spotkanie Dzisiejse <a rel=\"nofollow\" href=\"https:\/\/twitter.com\/AndrzejDuda?ref_src=twsrc%5Etfw\">@Andrzejduda<\/a> z <a rel=\"nofollow\" href=\"https:\/\/twitter.com\/POTUS?ref_src=twsrc%5Etfw\">@Potus<\/a> Jest Tego Najlepszym Dowodem. <a rel=\"nofollow\" href=\"https:\/\/t.co\/VgEqdfYw18\">pic.twitter.com\/vgeqdfYW18<\/a><\/p>\n<p>&#8211; Diana G\u0142ownia (@dianaglowna) <a rel=\"nofollow\" href=\"https:\/\/twitter.com\/DianaGlownia\/status\/1893386677608984916?ref_src=twsrc%5Etfw\">22 lutego 2025 r<\/a><\/p><\/blockquote>\n<p>Na kolejnym stanowisku zauwa\u017cono, \u017ce prezydentowi towarzyszy\u0142 szef sztabu Marcin Mastalerek, szef biura polityki mi\u0119dzynarodowej Wojcies Kolarski i zast\u0119pca szefa biura polityki mi\u0119dzynarodowego Nikodem Racho\u0144.<\/p>\n<blockquote class=\"twitter-tweet\">\n<p lang=\"pl\" dir=\"ltr\">Prezydentowi <a rel=\"nofollow\" href=\"https:\/\/twitter.com\/AndrzejDuda?ref_src=twsrc%5Etfw\">@Andrzejduda<\/a> W Spotkaniu z <a rel=\"nofollow\" href=\"https:\/\/twitter.com\/POTUS?ref_src=twsrc%5Etfw\">@Potus<\/a> Towerzyszyli Szef Gabinetu <a rel=\"nofollow\" href=\"https:\/\/twitter.com\/MMastalerek?ref_src=twsrc%5Etfw\">@Mmastalerek<\/a>Szef Biura Polityki Mi\u0119DzyNarodowej <a rel=\"nofollow\" href=\"https:\/\/twitter.com\/wkolarski?ref_src=twsrc%5Etfw\">@wkolary<\/a> Oraz Z-CA Szefa Biura Polityki Mi\u0119DzyNARODOWEJ NIKODEM RACHON. <a rel=\"nofollow\" href=\"https:\/\/t.co\/7tJ2iYrhik\">pic.twitter.com\/7tj2iyrhik<\/a><\/p>\n<p>&#8211; Kancelaria prezydenta (@prezydentpl) <a rel=\"nofollow\" href=\"https:\/\/twitter.com\/prezydentpl\/status\/1893389906778415615?ref_src=twsrc%5Etfw\">22 lutego 2025 r<\/a><\/p><\/blockquote>\n<p>Prezydent Duda pozosta\u0142 na konferencji, aby wys\u0142ucha\u0107 przem\u00f3wienia prezydenta Trumpa.<\/p>\n<blockquote class=\"twitter-tweet\">\n<p lang=\"pl\" dir=\"ltr\">Prezydent <a rel=\"nofollow\" href=\"https:\/\/twitter.com\/AndrzejDuda?ref_src=twsrc%5Etfw\">@Andrzejduda<\/a> Uczestnicz w <a rel=\"nofollow\" href=\"https:\/\/twitter.com\/CPAC?ref_src=twsrc%5Etfw\">@CPAC<\/a>Gdzie Trwa Wyst\u0105pienie <a rel=\"nofollow\" href=\"https:\/\/twitter.com\/POTUS?ref_src=twsrc%5Etfw\">@Potus<\/a> <a rel=\"nofollow\" href=\"https:\/\/twitter.com\/realDonaldTrump?ref_src=twsrc%5Etfw\">@realdonaldTrump<\/a>. <a rel=\"nofollow\" href=\"https:\/\/t.co\/1ejELN5Ktq\">pic.twitter.com\/1ejeln5ktq<\/a><\/p>\n<p>&#8211; Kancelaria prezydenta (@prezydentpl) <a rel=\"nofollow\" href=\"https:\/\/twitter.com\/prezydentpl\/status\/1893395866544660826?ref_src=twsrc%5Etfw\">22 lutego 2025 r<\/a><\/p><\/blockquote>\n<\/div>\n<\/div>\n<p><script async src=\"https:\/\/platform.twitter.com\/widgets.js\" charset=\"utf-8\"><\/script><\/p>\n","protected":false},"excerpt":{"rendered":"<p>Prezydent Donald Trump potwierdzi\u0142 bliski sojusz mi\u0119dzy Stanami Zjednoczonymi a Polsk\u0105 podczas spotkania z prezydentem Andrzejem Dud\u0105, zgodnie z o\u015bwiadczeniem<\/p>\n","protected":false},"author":1,"featured_media":4134,"comment_status":"closed","ping_status":"","sticky":false,"template":"","format":"standard","meta":{"footnotes":""},"categories":[44],"tags":[1860,3468,1690,5725,5726,5727,2850,1700],"class_list":["post-4133","post","type-post","status-publish","format-standard","has-post-thumbnail","hentry","category-polityka","tag-bialego","tag-bliski","tag-domu","tag-dudatrump","tag-oswiadczenie","tag-potwierdzony","tag-sojusz","tag-spotkanie","generate-columns","tablet-grid-50","mobile-grid-100","grid-parent","grid-50","resize-featured-image"],"yoast_head":"<!-- This site is optimized with the Yoast SEO plugin v23.2 - https:\/\/yoast.com\/wordpress\/plugins\/seo\/ -->\n<title>Spotkanie Duda-Trump. O\u015bwiadczenie Bia\u0142ego Domu: \u201eBliski sojusz potwierdzony\u201d - POGOTOWIE FLAGOWE\u00ae<\/title>\n<meta name=\"robots\" content=\"index, follow, max-snippet:-1, max-image-preview:large, max-video-preview:-1\" \/>\n<link rel=\"canonical\" href=\"https:\/\/www.pogotowieflagowe.pl\/aktualne\/spotkanie-duda-trump-oswiadczenie-bialego-domu-bliski-sojusz-potwierdzony\/\" \/>\n<meta property=\"og:locale\" content=\"pl_PL\" \/>\n<meta property=\"og:type\" content=\"article\" \/>\n<meta property=\"og:title\" content=\"Spotkanie Duda-Trump. O\u015bwiadczenie Bia\u0142ego Domu: \u201eBliski sojusz potwierdzony\u201d - POGOTOWIE FLAGOWE\u00ae\" \/>\n<meta property=\"og:description\" content=\"Prezydent Donald Trump potwierdzi\u0142 bliski sojusz mi\u0119dzy Stanami Zjednoczonymi a Polsk\u0105 podczas spotkania z prezydentem Andrzejem Dud\u0105, zgodnie z o\u015bwiadczeniem\" \/>\n<meta property=\"og:url\" content=\"https:\/\/www.pogotowieflagowe.pl\/aktualne\/spotkanie-duda-trump-oswiadczenie-bialego-domu-bliski-sojusz-potwierdzony\/\" \/>\n<meta property=\"og:site_name\" content=\"POGOTOWIE FLAGOWE\u00ae\" \/>\n<meta property=\"article:published_time\" content=\"2025-02-23T01:47:30+00:00\" \/>\n<meta property=\"article:modified_time\" content=\"2025-02-23T01:47:32+00:00\" \/>\n<meta property=\"og:image\" content=\"https:\/\/www.pogotowieflagowe.pl\/aktualne\/wp-content\/uploads\/2025\/02\/Spotkanie-Duda-Trump-Oswiadczenie-Bialego-Domu-\u201eBliski-sojusz-potwierdzony.jpeg\" \/>\n\t<meta property=\"og:image:width\" content=\"1920\" \/>\n\t<meta property=\"og:image:height\" content=\"1280\" \/>\n\t<meta property=\"og:image:type\" content=\"image\/jpeg\" \/>\n<meta name=\"author\" content=\"Filip\" \/>\n<meta name=\"twitter:card\" content=\"summary_large_image\" \/>\n<meta name=\"twitter:label1\" content=\"Napisane przez\" \/>\n\t<meta name=\"twitter:data1\" content=\"Filip\" \/>\n\t<meta name=\"twitter:label2\" content=\"Szacowany czas czytania\" \/>\n\t<meta name=\"twitter:data2\" content=\"2 minuty\" \/>\n<script type=\"application\/ld+json\" class=\"yoast-schema-graph\">{\"@context\":\"https:\/\/schema.org\",\"@graph\":[{\"@type\":\"Article\",\"@id\":\"https:\/\/www.pogotowieflagowe.pl\/aktualne\/spotkanie-duda-trump-oswiadczenie-bialego-domu-bliski-sojusz-potwierdzony\/#article\",\"isPartOf\":{\"@id\":\"https:\/\/www.pogotowieflagowe.pl\/aktualne\/spotkanie-duda-trump-oswiadczenie-bialego-domu-bliski-sojusz-potwierdzony\/\"},\"author\":{\"name\":\"Filip\",\"@id\":\"https:\/\/www.pogotowieflagowe.pl\/aktualne\/#\/schema\/person\/9c2fb7d2362ebf6fa088960d7f0d27b0\"},\"headline\":\"Spotkanie Duda-Trump. O\u015bwiadczenie Bia\u0142ego Domu: \u201eBliski sojusz potwierdzony\u201d\",\"datePublished\":\"2025-02-23T01:47:30+00:00\",\"dateModified\":\"2025-02-23T01:47:32+00:00\",\"mainEntityOfPage\":{\"@id\":\"https:\/\/www.pogotowieflagowe.pl\/aktualne\/spotkanie-duda-trump-oswiadczenie-bialego-domu-bliski-sojusz-potwierdzony\/\"},\"wordCount\":340,\"publisher\":{\"@id\":\"https:\/\/www.pogotowieflagowe.pl\/aktualne\/#organization\"},\"image\":{\"@id\":\"https:\/\/www.pogotowieflagowe.pl\/aktualne\/spotkanie-duda-trump-oswiadczenie-bialego-domu-bliski-sojusz-potwierdzony\/#primaryimage\"},\"thumbnailUrl\":\"https:\/\/www.pogotowieflagowe.pl\/aktualne\/wp-content\/uploads\/2025\/02\/Spotkanie-Duda-Trump-Oswiadczenie-Bialego-Domu-\u201eBliski-sojusz-potwierdzony.jpeg\",\"keywords\":[\"Bia\u0142ego\",\"bliski\",\"domu\",\"DudaTrump\",\"O\u015bwiadczenie\",\"potwierdzony\",\"Sojusz\",\"Spotkanie\"],\"articleSection\":[\"Polityka\"],\"inLanguage\":\"pl-PL\"},{\"@type\":\"WebPage\",\"@id\":\"https:\/\/www.pogotowieflagowe.pl\/aktualne\/spotkanie-duda-trump-oswiadczenie-bialego-domu-bliski-sojusz-potwierdzony\/\",\"url\":\"https:\/\/www.pogotowieflagowe.pl\/aktualne\/spotkanie-duda-trump-oswiadczenie-bialego-domu-bliski-sojusz-potwierdzony\/\",\"name\":\"Spotkanie Duda-Trump. O\u015bwiadczenie Bia\u0142ego Domu: \u201eBliski sojusz potwierdzony\u201d - POGOTOWIE FLAGOWE\u00ae\",\"isPartOf\":{\"@id\":\"https:\/\/www.pogotowieflagowe.pl\/aktualne\/#website\"},\"primaryImageOfPage\":{\"@id\":\"https:\/\/www.pogotowieflagowe.pl\/aktualne\/spotkanie-duda-trump-oswiadczenie-bialego-domu-bliski-sojusz-potwierdzony\/#primaryimage\"},\"image\":{\"@id\":\"https:\/\/www.pogotowieflagowe.pl\/aktualne\/spotkanie-duda-trump-oswiadczenie-bialego-domu-bliski-sojusz-potwierdzony\/#primaryimage\"},\"thumbnailUrl\":\"https:\/\/www.pogotowieflagowe.pl\/aktualne\/wp-content\/uploads\/2025\/02\/Spotkanie-Duda-Trump-Oswiadczenie-Bialego-Domu-\u201eBliski-sojusz-potwierdzony.jpeg\",\"datePublished\":\"2025-02-23T01:47:30+00:00\",\"dateModified\":\"2025-02-23T01:47:32+00:00\",\"breadcrumb\":{\"@id\":\"https:\/\/www.pogotowieflagowe.pl\/aktualne\/spotkanie-duda-trump-oswiadczenie-bialego-domu-bliski-sojusz-potwierdzony\/#breadcrumb\"},\"inLanguage\":\"pl-PL\",\"potentialAction\":[{\"@type\":\"ReadAction\",\"target\":[\"https:\/\/www.pogotowieflagowe.pl\/aktualne\/spotkanie-duda-trump-oswiadczenie-bialego-domu-bliski-sojusz-potwierdzony\/\"]}]},{\"@type\":\"ImageObject\",\"inLanguage\":\"pl-PL\",\"@id\":\"https:\/\/www.pogotowieflagowe.pl\/aktualne\/spotkanie-duda-trump-oswiadczenie-bialego-domu-bliski-sojusz-potwierdzony\/#primaryimage\",\"url\":\"https:\/\/www.pogotowieflagowe.pl\/aktualne\/wp-content\/uploads\/2025\/02\/Spotkanie-Duda-Trump-Oswiadczenie-Bialego-Domu-\u201eBliski-sojusz-potwierdzony.jpeg\",\"contentUrl\":\"https:\/\/www.pogotowieflagowe.pl\/aktualne\/wp-content\/uploads\/2025\/02\/Spotkanie-Duda-Trump-Oswiadczenie-Bialego-Domu-\u201eBliski-sojusz-potwierdzony.jpeg\",\"width\":1920,\"height\":1280,\"caption\":\"Spotkanie Duda-Trump. O\u015bwiadczenie Bia\u0142ego Domu: \u201eBliski sojusz potwierdzony\u201d\"},{\"@type\":\"BreadcrumbList\",\"@id\":\"https:\/\/www.pogotowieflagowe.pl\/aktualne\/spotkanie-duda-trump-oswiadczenie-bialego-domu-bliski-sojusz-potwierdzony\/#breadcrumb\",\"itemListElement\":[{\"@type\":\"ListItem\",\"position\":1,\"name\":\"Home\",\"item\":\"https:\/\/www.pogotowieflagowe.pl\/aktualne\/\"},{\"@type\":\"ListItem\",\"position\":2,\"name\":\"Spotkanie Duda-Trump. O\u015bwiadczenie Bia\u0142ego Domu: \u201eBliski sojusz potwierdzony\u201d\"}]},{\"@type\":\"WebSite\",\"@id\":\"https:\/\/www.pogotowieflagowe.pl\/aktualne\/#website\",\"url\":\"https:\/\/www.pogotowieflagowe.pl\/aktualne\/\",\"name\":\"POGOTOWIE FLAGOWE\u00ae\",\"description\":\"\",\"publisher\":{\"@id\":\"https:\/\/www.pogotowieflagowe.pl\/aktualne\/#organization\"},\"potentialAction\":[{\"@type\":\"SearchAction\",\"target\":{\"@type\":\"EntryPoint\",\"urlTemplate\":\"https:\/\/www.pogotowieflagowe.pl\/aktualne\/?s={search_term_string}\"},\"query-input\":\"required name=search_term_string\"}],\"inLanguage\":\"pl-PL\"},{\"@type\":\"Organization\",\"@id\":\"https:\/\/www.pogotowieflagowe.pl\/aktualne\/#organization\",\"name\":\"POGOTOWIE FLAGOWE\u00ae\",\"url\":\"https:\/\/www.pogotowieflagowe.pl\/aktualne\/\",\"logo\":{\"@type\":\"ImageObject\",\"inLanguage\":\"pl-PL\",\"@id\":\"https:\/\/www.pogotowieflagowe.pl\/aktualne\/#\/schema\/logo\/image\/\",\"url\":\"https:\/\/www.pogotowieflagowe.pl\/aktualne\/wp-content\/uploads\/2024\/08\/cropped-pogotowieflagowe_flaga_projekt_sm.jpg\",\"contentUrl\":\"https:\/\/www.pogotowieflagowe.pl\/aktualne\/wp-content\/uploads\/2024\/08\/cropped-pogotowieflagowe_flaga_projekt_sm.jpg\",\"width\":250,\"height\":143,\"caption\":\"POGOTOWIE FLAGOWE\u00ae\"},\"image\":{\"@id\":\"https:\/\/www.pogotowieflagowe.pl\/aktualne\/#\/schema\/logo\/image\/\"}},{\"@type\":\"Person\",\"@id\":\"https:\/\/www.pogotowieflagowe.pl\/aktualne\/#\/schema\/person\/9c2fb7d2362ebf6fa088960d7f0d27b0\",\"name\":\"Filip\",\"image\":{\"@type\":\"ImageObject\",\"inLanguage\":\"pl-PL\",\"@id\":\"https:\/\/www.pogotowieflagowe.pl\/aktualne\/#\/schema\/person\/image\/\",\"url\":\"https:\/\/www.pogotowieflagowe.pl\/aktualne\/wp-content\/uploads\/2024\/08\/pogotowieflagowe.pl_.jpg\",\"contentUrl\":\"https:\/\/www.pogotowieflagowe.pl\/aktualne\/wp-content\/uploads\/2024\/08\/pogotowieflagowe.pl_.jpg\",\"caption\":\"Filip\"},\"description\":\"Jestem Filip, polski dziennikarz z dyplomem nauk politycznych Uniwersytetu Warszawskiego. Rozpoczynaj\u0105c swoj\u0105 karier\u0119 w r\u00f3\u017cnych lokalnych mediach, zdoby\u0142em solidne do\u015bwiadczenie w zakresie \u015bledztwa i redakcji. Obecnie jako redaktor w Pogotowie flagowe, staram si\u0119 dostarcza\u0107 dog\u0142\u0119bne i istotne analizy na temat najwa\u017cniejszych kwestii aktualno\u015bci, \u0142\u0105cz\u0105c rygor z pasj\u0105 dziennikarsk\u0105.\",\"sameAs\":[\"https:\/\/www.pogotowieflagowe.pl\/\"]}]}<\/script>\n<!-- \/ Yoast SEO plugin. -->","yoast_head_json":{"title":"Spotkanie Duda-Trump. O\u015bwiadczenie Bia\u0142ego Domu: \u201eBliski sojusz potwierdzony\u201d - POGOTOWIE FLAGOWE\u00ae","robots":{"index":"index","follow":"follow","max-snippet":"max-snippet:-1","max-image-preview":"max-image-preview:large","max-video-preview":"max-video-preview:-1"},"canonical":"https:\/\/www.pogotowieflagowe.pl\/aktualne\/spotkanie-duda-trump-oswiadczenie-bialego-domu-bliski-sojusz-potwierdzony\/","og_locale":"pl_PL","og_type":"article","og_title":"Spotkanie Duda-Trump. O\u015bwiadczenie Bia\u0142ego Domu: \u201eBliski sojusz potwierdzony\u201d - POGOTOWIE FLAGOWE\u00ae","og_description":"Prezydent Donald Trump potwierdzi\u0142 bliski sojusz mi\u0119dzy Stanami Zjednoczonymi a Polsk\u0105 podczas spotkania z prezydentem Andrzejem Dud\u0105, zgodnie z o\u015bwiadczeniem","og_url":"https:\/\/www.pogotowieflagowe.pl\/aktualne\/spotkanie-duda-trump-oswiadczenie-bialego-domu-bliski-sojusz-potwierdzony\/","og_site_name":"POGOTOWIE FLAGOWE\u00ae","article_published_time":"2025-02-23T01:47:30+00:00","article_modified_time":"2025-02-23T01:47:32+00:00","og_image":[{"width":1920,"height":1280,"url":"https:\/\/www.pogotowieflagowe.pl\/aktualne\/wp-content\/uploads\/2025\/02\/Spotkanie-Duda-Trump-Oswiadczenie-Bialego-Domu-\u201eBliski-sojusz-potwierdzony.jpeg","type":"image\/jpeg"}],"author":"Filip","twitter_card":"summary_large_image","twitter_misc":{"Napisane przez":"Filip","Szacowany czas czytania":"2 minuty"},"schema":{"@context":"https:\/\/schema.org","@graph":[{"@type":"Article","@id":"https:\/\/www.pogotowieflagowe.pl\/aktualne\/spotkanie-duda-trump-oswiadczenie-bialego-domu-bliski-sojusz-potwierdzony\/#article","isPartOf":{"@id":"https:\/\/www.pogotowieflagowe.pl\/aktualne\/spotkanie-duda-trump-oswiadczenie-bialego-domu-bliski-sojusz-potwierdzony\/"},"author":{"name":"Filip","@id":"https:\/\/www.pogotowieflagowe.pl\/aktualne\/#\/schema\/person\/9c2fb7d2362ebf6fa088960d7f0d27b0"},"headline":"Spotkanie Duda-Trump. O\u015bwiadczenie Bia\u0142ego Domu: \u201eBliski sojusz potwierdzony\u201d","datePublished":"2025-02-23T01:47:30+00:00","dateModified":"2025-02-23T01:47:32+00:00","mainEntityOfPage":{"@id":"https:\/\/www.pogotowieflagowe.pl\/aktualne\/spotkanie-duda-trump-oswiadczenie-bialego-domu-bliski-sojusz-potwierdzony\/"},"wordCount":340,"publisher":{"@id":"https:\/\/www.pogotowieflagowe.pl\/aktualne\/#organization"},"image":{"@id":"https:\/\/www.pogotowieflagowe.pl\/aktualne\/spotkanie-duda-trump-oswiadczenie-bialego-domu-bliski-sojusz-potwierdzony\/#primaryimage"},"thumbnailUrl":"https:\/\/www.pogotowieflagowe.pl\/aktualne\/wp-content\/uploads\/2025\/02\/Spotkanie-Duda-Trump-Oswiadczenie-Bialego-Domu-\u201eBliski-sojusz-potwierdzony.jpeg","keywords":["Bia\u0142ego","bliski","domu","DudaTrump","O\u015bwiadczenie","potwierdzony","Sojusz","Spotkanie"],"articleSection":["Polityka"],"inLanguage":"pl-PL"},{"@type":"WebPage","@id":"https:\/\/www.pogotowieflagowe.pl\/aktualne\/spotkanie-duda-trump-oswiadczenie-bialego-domu-bliski-sojusz-potwierdzony\/","url":"https:\/\/www.pogotowieflagowe.pl\/aktualne\/spotkanie-duda-trump-oswiadczenie-bialego-domu-bliski-sojusz-potwierdzony\/","name":"Spotkanie Duda-Trump. O\u015bwiadczenie Bia\u0142ego Domu: \u201eBliski sojusz potwierdzony\u201d - POGOTOWIE FLAGOWE\u00ae","isPartOf":{"@id":"https:\/\/www.pogotowieflagowe.pl\/aktualne\/#website"},"primaryImageOfPage":{"@id":"https:\/\/www.pogotowieflagowe.pl\/aktualne\/spotkanie-duda-trump-oswiadczenie-bialego-domu-bliski-sojusz-potwierdzony\/#primaryimage"},"image":{"@id":"https:\/\/www.pogotowieflagowe.pl\/aktualne\/spotkanie-duda-trump-oswiadczenie-bialego-domu-bliski-sojusz-potwierdzony\/#primaryimage"},"thumbnailUrl":"https:\/\/www.pogotowieflagowe.pl\/aktualne\/wp-content\/uploads\/2025\/02\/Spotkanie-Duda-Trump-Oswiadczenie-Bialego-Domu-\u201eBliski-sojusz-potwierdzony.jpeg","datePublished":"2025-02-23T01:47:30+00:00","dateModified":"2025-02-23T01:47:32+00:00","breadcrumb":{"@id":"https:\/\/www.pogotowieflagowe.pl\/aktualne\/spotkanie-duda-trump-oswiadczenie-bialego-domu-bliski-sojusz-potwierdzony\/#breadcrumb"},"inLanguage":"pl-PL","potentialAction":[{"@type":"ReadAction","target":["https:\/\/www.pogotowieflagowe.pl\/aktualne\/spotkanie-duda-trump-oswiadczenie-bialego-domu-bliski-sojusz-potwierdzony\/"]}]},{"@type":"ImageObject","inLanguage":"pl-PL","@id":"https:\/\/www.pogotowieflagowe.pl\/aktualne\/spotkanie-duda-trump-oswiadczenie-bialego-domu-bliski-sojusz-potwierdzony\/#primaryimage","url":"https:\/\/www.pogotowieflagowe.pl\/aktualne\/wp-content\/uploads\/2025\/02\/Spotkanie-Duda-Trump-Oswiadczenie-Bialego-Domu-\u201eBliski-sojusz-potwierdzony.jpeg","contentUrl":"https:\/\/www.pogotowieflagowe.pl\/aktualne\/wp-content\/uploads\/2025\/02\/Spotkanie-Duda-Trump-Oswiadczenie-Bialego-Domu-\u201eBliski-sojusz-potwierdzony.jpeg","width":1920,"height":1280,"caption":"Spotkanie Duda-Trump. O\u015bwiadczenie Bia\u0142ego Domu: \u201eBliski sojusz potwierdzony\u201d"},{"@type":"BreadcrumbList","@id":"https:\/\/www.pogotowieflagowe.pl\/aktualne\/spotkanie-duda-trump-oswiadczenie-bialego-domu-bliski-sojusz-potwierdzony\/#breadcrumb","itemListElement":[{"@type":"ListItem","position":1,"name":"Home","item":"https:\/\/www.pogotowieflagowe.pl\/aktualne\/"},{"@type":"ListItem","position":2,"name":"Spotkanie Duda-Trump. O\u015bwiadczenie Bia\u0142ego Domu: \u201eBliski sojusz potwierdzony\u201d"}]},{"@type":"WebSite","@id":"https:\/\/www.pogotowieflagowe.pl\/aktualne\/#website","url":"https:\/\/www.pogotowieflagowe.pl\/aktualne\/","name":"POGOTOWIE FLAGOWE\u00ae","description":"","publisher":{"@id":"https:\/\/www.pogotowieflagowe.pl\/aktualne\/#organization"},"potentialAction":[{"@type":"SearchAction","target":{"@type":"EntryPoint","urlTemplate":"https:\/\/www.pogotowieflagowe.pl\/aktualne\/?s={search_term_string}"},"query-input":"required name=search_term_string"}],"inLanguage":"pl-PL"},{"@type":"Organization","@id":"https:\/\/www.pogotowieflagowe.pl\/aktualne\/#organization","name":"POGOTOWIE FLAGOWE\u00ae","url":"https:\/\/www.pogotowieflagowe.pl\/aktualne\/","logo":{"@type":"ImageObject","inLanguage":"pl-PL","@id":"https:\/\/www.pogotowieflagowe.pl\/aktualne\/#\/schema\/logo\/image\/","url":"https:\/\/www.pogotowieflagowe.pl\/aktualne\/wp-content\/uploads\/2024\/08\/cropped-pogotowieflagowe_flaga_projekt_sm.jpg","contentUrl":"https:\/\/www.pogotowieflagowe.pl\/aktualne\/wp-content\/uploads\/2024\/08\/cropped-pogotowieflagowe_flaga_projekt_sm.jpg","width":250,"height":143,"caption":"POGOTOWIE FLAGOWE\u00ae"},"image":{"@id":"https:\/\/www.pogotowieflagowe.pl\/aktualne\/#\/schema\/logo\/image\/"}},{"@type":"Person","@id":"https:\/\/www.pogotowieflagowe.pl\/aktualne\/#\/schema\/person\/9c2fb7d2362ebf6fa088960d7f0d27b0","name":"Filip","image":{"@type":"ImageObject","inLanguage":"pl-PL","@id":"https:\/\/www.pogotowieflagowe.pl\/aktualne\/#\/schema\/person\/image\/","url":"https:\/\/www.pogotowieflagowe.pl\/aktualne\/wp-content\/uploads\/2024\/08\/pogotowieflagowe.pl_.jpg","contentUrl":"https:\/\/www.pogotowieflagowe.pl\/aktualne\/wp-content\/uploads\/2024\/08\/pogotowieflagowe.pl_.jpg","caption":"Filip"},"description":"Jestem Filip, polski dziennikarz z dyplomem nauk politycznych Uniwersytetu Warszawskiego. Rozpoczynaj\u0105c swoj\u0105 karier\u0119 w r\u00f3\u017cnych lokalnych mediach, zdoby\u0142em solidne do\u015bwiadczenie w zakresie \u015bledztwa i redakcji. Obecnie jako redaktor w Pogotowie flagowe, staram si\u0119 dostarcza\u0107 dog\u0142\u0119bne i istotne analizy na temat najwa\u017cniejszych kwestii aktualno\u015bci, \u0142\u0105cz\u0105c rygor z pasj\u0105 dziennikarsk\u0105.","sameAs":["https:\/\/www.pogotowieflagowe.pl\/"]}]}},"_links":{"self":[{"href":"https:\/\/www.pogotowieflagowe.pl\/aktualne\/wp-json\/wp\/v2\/posts\/4133","targetHints":{"allow":["GET"]}}],"collection":[{"href":"https:\/\/www.pogotowieflagowe.pl\/aktualne\/wp-json\/wp\/v2\/posts"}],"about":[{"href":"https:\/\/www.pogotowieflagowe.pl\/aktualne\/wp-json\/wp\/v2\/types\/post"}],"author":[{"embeddable":true,"href":"https:\/\/www.pogotowieflagowe.pl\/aktualne\/wp-json\/wp\/v2\/users\/1"}],"replies":[{"embeddable":true,"href":"https:\/\/www.pogotowieflagowe.pl\/aktualne\/wp-json\/wp\/v2\/comments?post=4133"}],"version-history":[{"count":1,"href":"https:\/\/www.pogotowieflagowe.pl\/aktualne\/wp-json\/wp\/v2\/posts\/4133\/revisions"}],"predecessor-version":[{"id":4135,"href":"https:\/\/www.pogotowieflagowe.pl\/aktualne\/wp-json\/wp\/v2\/posts\/4133\/revisions\/4135"}],"wp:featuredmedia":[{"embeddable":true,"href":"https:\/\/www.pogotowieflagowe.pl\/aktualne\/wp-json\/wp\/v2\/media\/4134"}],"wp:attachment":[{"href":"https:\/\/www.pogotowieflagowe.pl\/aktualne\/wp-json\/wp\/v2\/media?parent=4133"}],"wp:term":[{"taxonomy":"category","embeddable":true,"href":"https:\/\/www.pogotowieflagowe.pl\/aktualne\/wp-json\/wp\/v2\/categories?post=4133"},{"taxonomy":"post_tag","embeddable":true,"href":"https:\/\/www.pogotowieflagowe.pl\/aktualne\/wp-json\/wp\/v2\/tags?post=4133"}],"curies":[{"name":"wp","href":"https:\/\/api.w.org\/{rel}","templated":true}]}}