{"id":4149,"date":"2025-02-23T14:46:54","date_gmt":"2025-02-23T13:46:54","guid":{"rendered":"https:\/\/www.pogotowieflagowe.pl\/aktualne\/amerykanie-podejmuja-rzad-tuska-do-zadania-to-pierwszy-tego-rodzaju-dokument\/"},"modified":"2025-02-23T14:46:55","modified_gmt":"2025-02-23T13:46:55","slug":"amerykanie-podejmuja-rzad-tuska-do-zadania-to-pierwszy-tego-rodzaju-dokument","status":"publish","type":"post","link":"https:\/\/www.pogotowieflagowe.pl\/aktualne\/amerykanie-podejmuja-rzad-tuska-do-zadania-to-pierwszy-tego-rodzaju-dokument\/","title":{"rendered":"Amerykanie podejmuj\u0105 rz\u0105d Tuska do zadania: \u201eTo pierwszy tego rodzaju dokument\u201d"},"content":{"rendered":"\n<div class=\"td_block_wrap tdb_single_content tdi_41 td-pb-border-top td_block_template_8 td-post-content tagdiv-type\" data-td-block-uid=\"tdi_41\">\n<style>.tdi_41 {margin-top: 0px! Wa\u017cne; margines-bottom: 0px! WA\u017bNY; PALDING-TOP: 0PX! WA\u017bNY; PALDING-BOTTOM: 0PX! WA\u017bNE}<\/style>\n<style>.tdb_single_content {margin-bottom: 0;*zoom: 1} .tdb_single_content: wcze\u015bniej, .tdb_single_content: po {display: Table; content: ''; line-height: 0} .TDB-BLOCK-INner>*: nie (.WP-BLOCK-QUOTE): NOT (.Alignwide): not (.alignfull.wp-block-cover.has-parallax): not (.td-a-ad) {margin-left: auto; margin-right: auto} .tdb_single_content a {wska\u017anik-events: auto} .tdb_single_content .td-spot-top_ad .tdc-pl-plameholder-title: przed {content: \u201eArtyku\u0142 top ad\u201d! Wa\u017cne} .tdb_single_content .td-spot-id-inline_ad0 .tdc-- THE PLACEHENTER TITLE: Wcze\u015bniej {content: \u201eArtyku\u0142 inline AD 1 '! Wa\u017cne} .tdb_single_content .td-spot-id-inline_ad1 .tdc-miejsce-title: przed {content:' Artyku\u0142 inline AD 2 '! Wa\u017cny}. Tytu\u0142: Przed {Content: \u201eArtyku\u0142 Inline AD 3 '! Wa\u017cne} .tdb_single_content .td-Spot-Id-Bottom_Ad .tdc-Placeholder-Title: przed {content: \u201eArtyku\u0142 Bottom Ad\u201d! Wa\u017cne} .tdb_single_content .id_top_ad, .tdb_single_content_content .id_bottom_ad {clear: oba; margin-bottom: 21px; text-align: Center} .tdb_single_content .id_top_ad img, .tdb_single_content .id_bottom_ad img {margin-bottom: 0} .tdb_single_conTent .id_top_ad .adsbyGoogle, .tdb_single_content .id_bottom_ad .adsbyGoogle {pozycja: relatyw} .tdb_single_content .id_ad_content-horiz-left, .tdb_single_content .id_ad_content-horiz-right, .tdb_single_content .id_ad_content-horiz-Center {margin-bottom: 15px} .tdb_single_content .id_ad_content-horiz-left Img, .tdb_single_content .id_ad_content-horiz-right img, .tdb_single_content .id_ad_content-horiz-centerter img {margin-bottom: 0} .tdb_single_content .id_ad_content-horiz-center {text-align: Center} .tdb_single_content .id_ad_content-horiz-center img {margin-right: auto; margin-let: auto} .tdb_single_content .id_ad_content-horiz-left {float: left; margin-top: 9px; margin-right: 21px} .tdb_single_content .id_ad_content-horiz-right {float: right; margin-top: 6px; margin-left: 21px} .tdb_single_content .tdc-a-ad .TDC-Placeholder-Title {szeroko\u015b\u0107: 300px; height: 250px} .tdb_single_content .tdc-a-ad .TDC-Placeholder-Title: Przed {Pozycja: Absolute; TOP: 50%;-WebKit-Transform: Translatey (-50%); Transform: Translatey (-50%); margines: auto; wy\u015bwietlacz: Tabela; szeroko\u015b\u0107: 100 %}. tdb_single_content .TDB-BLOCK-INNER.TD-FIX-INDEX {Word-Break: Break-word} .tdi_41, .tdi_41> p, .tdi_41 .tdb-block-inner> p, .wp-block-column> p {font -Size: 16px! Wa\u017cne; wysoko\u015b\u0107 linii: 1.6! Wa\u017cne} .tdi_41 .tdb-block-inner Blockquote p {font-styl: normalne! Wa\u017cne} @media (max-wdth: 767px) {. tdb_single_content .id_ad_content-horiz-left, .tdb_single_content .id_ad_content-horiz-right, .tdb_single_content .id_ad_content-horiz-center {Margin: 0 Auto 26px auto}}@media (Max-Width: 767px) {. tdb_single_content .id_ad_content-horiz-left {margin-right: 0}}@media (max-width: 767px) {. po lewej: 0}}@media (Max-Width: 767px) {. tdb_single_content .td-a-ad {float: none; text-align: Center} .tdb_single_content .td-a-ad img {margin-right: auto; margin-left: auto}. tdb_single_content .tdc-a-ad {float: none}}<\/style>\n<div class=\"tdb-block-inner td-fix-index\">\n<p>To prawdziwa bomba &#8211; \u201ePrawda przeciwko \u015bwiatu\u201d. W ten spos\u00f3b nale\u017cy czyta\u0107 nie tylko tre\u015b\u0107, ale tak\u017ce sam fakt publikacji raportu, gdy Demokraci rz\u0105dzi niedemokratycznie: przypadek Polski Matthew Boyse i Petera Dorana. Chocia\u017c czytelnicy \u201eCodzienna\u201d prawdopodobnie nie b\u0119d\u0105 zaskoczeni jego wnioskami, nie jest to g\u0142\u00f3wny punkt tutaj. Jest to prawdopodobnie pierwszy dokument o tym znaczeniu, kt\u00f3ry pojawi\u0142 si\u0119 w Ameryce &#8211; i szerzej, zachodnie &#8211; media i akademickie sferze.<\/p>\n<h2 class=\"wp-block-heading\">Amerykanie krytykuj\u0105 rz\u0105d Tuska z konkretnymi przyk\u0142adami<\/h2>\n<p>Ca\u0142y raport opiera si\u0119 na analizie okre\u015blonych obszar\u00f3w, w kt\u00f3rych najpowa\u017cniejsze nadu\u017cycia mia\u0142y miejsce w ci\u0105gu ostatniego roku. Badaj\u0105c sytuacj\u0119 w Polsce, dwaj autorzy docieraj\u0105 do oczywistego &#8211; ale nie uznani na Zachodzie &#8211; konstrukcja, \u017ce \u200b\u200brz\u0105d pod kierownictwem Donalda Tuska narusza zasady demokratyczne i obala porz\u0105dek polityczny w spos\u00f3b niewidoczny od 1989 roku.<\/p>\n<p>Na przyk\u0142ad Boyse i Doran przyjrzeli si\u0119 na przyk\u0142ad na podstawach kryzysu politycznego w Polsce. Twierdz\u0105, \u017ce jest to zderzenie warto\u015bci: z jednej strony istnieje szeroka \u201ekoalicja z 13 grudnia\u201d, zdominowana przez koalicj\u0119 obywatelsk\u0105 (Koalijja Obiwatelska), kt\u00f3ra szuka \u015bcis\u0142ego sojuszu z Niemcami i, co najwa\u017cniejsze, porusza si\u0119 w celu ograniczenia polskiej suwerenno\u015bci. Z drugiej strony znajduje si\u0119 PIS (prawo i sprawiedliwo\u015b\u0107) &#8211; konserwatywna, partia narodowa, d\u0105\u017cy\u0142a do utrzymania wi\u0119kszej niezale\u017cno\u015bci od UE i pozostania krytycznym zar\u00f3wno wobec Niemiec, jak i Rosji.<\/p>\n<p>Nie ma wystarczaj\u0105cej ilo\u015bci miejsca, aby wymieni\u0107 ka\u017cdy przyk\u0142ad nadu\u017cy\u0107 opisanych w raporcie &#8211; czytniki s\u0105 o nich \u015bwiadomi. Wystarczy powiedzie\u0107, \u017ce tekst wiernie przedstawia krajobraz Polski po ponad roku \u201eu\u015bmiechni\u0119tej koalicji\u201d, od napa\u015bci na mediach publicznych po og\u0142oszone odwo\u0142anie licencji telewizyjnej Republiki, cenzur\u0119, podwa\u017caj\u0105c niezale\u017cno\u015b\u0107 Narodowego Banku Polski, Trybuna\u0142 konstytucyjny, pr\u00f3buje upokorzy\u0107 s\u0119dzi\u00f3w (wymagaj\u0105ce od nich wykazania \u201eaktywnych wyrzut\u00f3w sumienia\u201d), propozycji odnosz\u0105cych si\u0119 do \u201eprzej\u015bciowego Sprawiedliwo\u015b\u0107 \u201dlub\u201e demokracja wojownicza \u201d, kt\u00f3ra delegalizacja prawa i sprawiedliwo\u015bci, odci\u0105\u0142aby fundusze partii, uwi\u0119zi\u0107 przeciwnik\u00f3w politycznych i przeprowadzi\u0107 tak zwane\u201e de-Pis-ififity \u201dna praktycznie na ka\u017cdym poziomie administracji.<\/p>\n<h2 class=\"wp-block-heading\">Mit autorytaryzmu pod Pis<\/h2>\n<p>Szczeg\u00f3lnie zas\u0142uguje na nasz\u0105 uwag\u0119, s\u0105 wnioski przedstawione przez analityk\u00f3w Hudson Institute. Podsumowanie stanowi, \u017ce chocia\u017c sp\u00f3r polityczny w Polsce z pewno\u015bci\u0105 nie jest spowodowany wy\u0142\u0105cznie z jednej strony, nie mo\u017cna twierdzi\u0107, \u017ce Polska w latach 2015\u20132023 by\u0142a, jak argumentuj\u0105 krytycy tego okresu, \u201epa\u0144stwo autorytarnym\u201d. Niemniej w tym okresie instytucje mi\u0119dzynarodowe i inne mechanizmy wywiera\u0142y nieproporcjonaln\u0105 presj\u0119 na Polsk\u0119. W szczeg\u00f3lno\u015bci raport wspomina, \u017ce \u200b\u200badministracja Biden (w tym by\u0142y ambasador USA w Polsce Mark Brzezi\u0144ski), Komisja Europejska, a tak\u017ce media, think tanki i eksperci bez w\u0105tpienia przyj\u0119li narracj\u0119 Tuska, przyjmuj\u0105c j\u0105 jako w\u0142asn\u0105. Wszystko to dlatego, \u017ce uznano, \u017ce \u201eludzie g\u0142osowali w niew\u0142a\u015bciwy spos\u00f3b\u201d.<\/p>\n<p>\u201eDemokracja nie dotyczy tylko, gdy wyborcy g\u0142osuj\u0105 na\u201e w\u0142a\u015bciw\u0105 drog\u0119 \u201d, i nie jest to\u201e populizm \u201d, kiedy g\u0142osuj\u0105 inaczej. Polscy wyborcy niekoniecznie s\u0105 \u201eskrajnie prawicowi\u201d tylko dlatego, \u017ce sympatyzuj\u0105 ze stronami innych ni\u017c PO (platforma obywatelska) \u201d, stwierdza raport.<\/p>\n<p>Boyse i Doran r\u00f3wnie\u017c mocno sprowadzaj\u0105 si\u0119 do Unii Europejskiej i poprzedniej administracji USA, otwarcie wskazuj\u0105c, \u017ce ich celem by\u0142a zmiana rz\u0105du w Polsce. Znamy to dobrze; St\u0105d seria presji na nasz kraj i niezwyk\u0142a bierno\u015b\u0107 w obliczu naruszenia prawa i prawa obecnego rz\u0105du.<\/p>\n<p>Co najwa\u017cniejsze, autorzy raportu wskazuj\u0105, \u017ce jednym z g\u0142\u00f3wnych czynnik\u00f3w nap\u0119dzaj\u0105cych Tuska i jego kr\u0119gu jest\u2026 zemsta. Trudno nie stwierdzi\u0107, \u017ce zemsta odgrywa kluczow\u0105 rol\u0119 w tym konflikcie, poniewa\u017c premier Tusk nie zapomnia\u0142 o swoich pora\u017ckach wyborczych, ani \u017ce zosta\u0142 oznaczony jako \u201emarionetka\u201d Rosji i Niemiec. \u201eKoalicja obywatelska szuka zemsty pod pozorem odpowiedzialno\u015bci i powinna zachowa\u0107 ostro\u017cno\u015b\u0107 w poszukiwaniu tej drogi &#8211; nie tylko dlatego, \u017ce w przysz\u0142o\u015bci powinna rozwa\u017cy\u0107 to, co mo\u017ce si\u0119 sta\u0107 z w\u0142asnymi politykami, gdy but jest na drugiej stopie\u201d, Raport twierdzi.<\/p>\n<h2 class=\"wp-block-heading\">Ostrze\u017cenie dla \u201ewalcz\u0105cych Demokrat\u00f3w\u201d<\/h2>\n<p>Podsumowuj\u0105c ten obszerny dokument, istnieje ostrze\u017cenie dla tak zwanych \u201ewalcz\u0105cych Demokrat\u00f3w\u201d. Chocia\u017c Matt Boyse i Peter Doran przyznaj\u0105, \u017ce \u201estosunki ameryka\u0144sko-polish s\u0105 silne, niezale\u017cnie od tego, kto ma w\u0142adz\u0119 w obu stolicach\u201d, dodaj\u0105: \u201eAdministracja Trumpa jest \u015bwiadoma wyra\u017anej preferencji koalicji obywatelskiej dla Partii Demokratycznej i jej krytyki prezydenta Trump w ostatnim cyklu wyborczym. Prezydent Duda ma specjalne wi\u0119zi z prezydentem Trumpem, a bliskie powi\u0105zania PIS z Parti\u0105 Republika\u0144sk\u0105 s\u0105 g\u0142\u00f3wnym atutem w polskiej polityce zagranicznej i stosunkach dwustronnych \u201d.<\/p>\n<p>\u201eZauwa\u017cono dalsze pr\u00f3by rz\u0105du (Tusk&#8217;s &#8211; Ed.<\/p>\n<h2 class=\"wp-block-heading\">Stany Zjednoczone nie b\u0119d\u0105 siedzie\u0107 i ogl\u0105da\u0107<\/h2>\n<p>Trudno jest zinterpretowa\u0107 to jako co\u015b innego ni\u017c powa\u017cne ostrze\u017cenie dla Tuska i jego wsp\u00f3\u0142pracownik\u00f3w, aby spowolni\u0107 lekkomy\u015bln\u0105 d\u0105\u017cenie do zemsty politycznej i unicestwienie ich przeciwnik\u00f3w politycznych. W rzeczywisto\u015bci pojawiaj\u0105 si\u0119 oznaki, \u017ce Stany Zjednoczone nie maj\u0105 zamiaru siedzie\u0107 bezczynnie. Pocz\u0105wszy od faktu, \u017ce w ostatnich tygodniach jedynym polskim politykiem wtajemniczonym do dyskusji na temat kszta\u0142towania nadchodz\u0105cych zmian zwi\u0105zanych z przewidywanym zawieszeniem broni na Ukrainie jest prezydent AndrzeJ Duda &#8211; niekt\u00f3rzy, kt\u00f3ry \u201ecieszy si\u0119 wyj\u0105tkowymi powi\u0105zaniami z Trumpem\u201d. Dowodzi o tym wizyt\u0119 w Polsce przez Sekretarza Obrony Pete&#8217;a Hegsetha, kt\u00f3ry po rutynowym spotkaniu z wicepremier\u0105 W\u0142adys\u0142awem Kosiniak-Kamisz, przeprowadzi\u0142 niezwykle d\u0142ug\u0105 dyskusj\u0119 z prezydentem Dud\u0105. Najbardziej godne uwagi by\u0142o spotkanie prezydenta Dudy i emerytowanego genera\u0142a Keitha Kellogga, specjalnego wys\u0142annika Donalda Trumpa na Ukrainie i Rosji. Nast\u0119pnie polski przyw\u00f3dca zauwa\u017cy\u0142, \u017ce \u201enic nie sugeruje, \u017ce USA planuj\u0105 wycofa\u0107 si\u0119 z Europy\u201d i natychmiast zwo\u0142a\u0142 posiedzenie Rady Bezpiecze\u0144stwa Narodowego.<\/p>\n<p>Po r\u00f3wnoleg\u0142ych rozmowach USA-Rosja w Rijadzie, sekretarz stanu Blinken nazwa\u0142 ministr\u00f3w zagranicznych Francji, Niemiec, W\u0142och, Wielkiej Brytanii i Wysokim przedstawiciela UE do spraw zagranicznych, aby poinformowa\u0107 ich o dyskusjach. Polski minister spraw zagranicznych Radoz\u0142aw Sikorski zosta\u0142 wyra\u017anie pomini\u0119ty. To prawdopodobnie dopiero pocz\u0105tek takiego ostracyzmu.<\/p>\n<p>Nie przeczytasz o raporcie <strong>Kiedy Demokraci rz\u0105dz\u0105 niedemokratycznie: przypadek Polski w g\u0142\u00f3wnym nurcie polskich medi\u00f3w<\/strong>. Kluczowe liczby, kt\u00f3re omawia, milcz\u0105 w tej sprawie. Chocia\u017c nie jest to zaskakuj\u0105ce, mo\u017cna by\u0107 pewnym, \u017ce zbadali go szczeg\u00f3\u0142owo. Nie powinni\u015bmy jednak oczekiwa\u0107 introspekcji od Tuska i jego wsp\u00f3\u0142pracownik\u00f3w &#8211; w szczeg\u00f3lno\u015bci zidentyfikowanych przez Hudson Institute jako \u201ezaanga\u017cowany w \u015bcis\u0142y sojusz z Niemcami\u201d.<\/p>\n<\/div>\n<\/div>\n","protected":false},"excerpt":{"rendered":"<p>To prawdziwa bomba &#8211; \u201ePrawda przeciwko \u015bwiatu\u201d. W ten spos\u00f3b nale\u017cy czyta\u0107 nie tylko tre\u015b\u0107, ale tak\u017ce sam fakt publikacji<\/p>\n","protected":false},"author":1,"featured_media":1210,"comment_status":"closed","ping_status":"","sticky":false,"template":"","format":"standard","meta":{"footnotes":""},"categories":[44],"tags":[1925,5750,152,1004,5749,1554,4768,567,5748],"class_list":["post-4149","post","type-post","status-publish","format-standard","has-post-thumbnail","hentry","category-polityka","tag-amerykanie","tag-dokument","tag-pierwszy","tag-podejmuja","tag-rodzaju","tag-rzad","tag-tego","tag-tuska","tag-zadania","generate-columns","tablet-grid-50","mobile-grid-100","grid-parent","grid-50","resize-featured-image"],"yoast_head":"<!-- This site is optimized with the Yoast SEO plugin v23.2 - https:\/\/yoast.com\/wordpress\/plugins\/seo\/ -->\n<title>Amerykanie podejmuj\u0105 rz\u0105d Tuska do zadania: \u201eTo pierwszy tego rodzaju dokument\u201d - POGOTOWIE FLAGOWE\u00ae<\/title>\n<meta name=\"robots\" content=\"index, follow, max-snippet:-1, max-image-preview:large, max-video-preview:-1\" \/>\n<link rel=\"canonical\" href=\"https:\/\/www.pogotowieflagowe.pl\/aktualne\/amerykanie-podejmuja-rzad-tuska-do-zadania-to-pierwszy-tego-rodzaju-dokument\/\" \/>\n<meta property=\"og:locale\" content=\"pl_PL\" \/>\n<meta property=\"og:type\" content=\"article\" \/>\n<meta property=\"og:title\" content=\"Amerykanie podejmuj\u0105 rz\u0105d Tuska do zadania: \u201eTo pierwszy tego rodzaju dokument\u201d - POGOTOWIE FLAGOWE\u00ae\" \/>\n<meta property=\"og:description\" content=\"To prawdziwa bomba &#8211; \u201ePrawda przeciwko \u015bwiatu\u201d. W ten spos\u00f3b nale\u017cy czyta\u0107 nie tylko tre\u015b\u0107, ale tak\u017ce sam fakt publikacji\" \/>\n<meta property=\"og:url\" content=\"https:\/\/www.pogotowieflagowe.pl\/aktualne\/amerykanie-podejmuja-rzad-tuska-do-zadania-to-pierwszy-tego-rodzaju-dokument\/\" \/>\n<meta property=\"og:site_name\" content=\"POGOTOWIE FLAGOWE\u00ae\" \/>\n<meta property=\"article:published_time\" content=\"2025-02-23T13:46:54+00:00\" \/>\n<meta property=\"article:modified_time\" content=\"2025-02-23T13:46:55+00:00\" \/>\n<meta property=\"og:image\" content=\"https:\/\/www.pogotowieflagowe.pl\/aktualne\/wp-content\/uploads\/2024\/10\/Niespelnione-obietnice-rzad-nie-realizuje-progu-zwolnienia-z-podatku.jpg\" \/>\n\t<meta property=\"og:image:width\" content=\"913\" \/>\n\t<meta property=\"og:image:height\" content=\"597\" \/>\n\t<meta property=\"og:image:type\" content=\"image\/jpeg\" \/>\n<meta name=\"author\" content=\"Filip\" \/>\n<meta name=\"twitter:card\" content=\"summary_large_image\" \/>\n<meta name=\"twitter:label1\" content=\"Napisane przez\" \/>\n\t<meta name=\"twitter:data1\" content=\"Filip\" \/>\n\t<meta name=\"twitter:label2\" content=\"Szacowany czas czytania\" \/>\n\t<meta name=\"twitter:data2\" content=\"5 minut\" \/>\n<script type=\"application\/ld+json\" class=\"yoast-schema-graph\">{\"@context\":\"https:\/\/schema.org\",\"@graph\":[{\"@type\":\"Article\",\"@id\":\"https:\/\/www.pogotowieflagowe.pl\/aktualne\/amerykanie-podejmuja-rzad-tuska-do-zadania-to-pierwszy-tego-rodzaju-dokument\/#article\",\"isPartOf\":{\"@id\":\"https:\/\/www.pogotowieflagowe.pl\/aktualne\/amerykanie-podejmuja-rzad-tuska-do-zadania-to-pierwszy-tego-rodzaju-dokument\/\"},\"author\":{\"name\":\"Filip\",\"@id\":\"https:\/\/www.pogotowieflagowe.pl\/aktualne\/#\/schema\/person\/9c2fb7d2362ebf6fa088960d7f0d27b0\"},\"headline\":\"Amerykanie podejmuj\u0105 rz\u0105d Tuska do zadania: \u201eTo pierwszy tego rodzaju dokument\u201d\",\"datePublished\":\"2025-02-23T13:46:54+00:00\",\"dateModified\":\"2025-02-23T13:46:55+00:00\",\"mainEntityOfPage\":{\"@id\":\"https:\/\/www.pogotowieflagowe.pl\/aktualne\/amerykanie-podejmuja-rzad-tuska-do-zadania-to-pierwszy-tego-rodzaju-dokument\/\"},\"wordCount\":1113,\"publisher\":{\"@id\":\"https:\/\/www.pogotowieflagowe.pl\/aktualne\/#organization\"},\"image\":{\"@id\":\"https:\/\/www.pogotowieflagowe.pl\/aktualne\/amerykanie-podejmuja-rzad-tuska-do-zadania-to-pierwszy-tego-rodzaju-dokument\/#primaryimage\"},\"thumbnailUrl\":\"https:\/\/www.pogotowieflagowe.pl\/aktualne\/wp-content\/uploads\/2024\/10\/Niespelnione-obietnice-rzad-nie-realizuje-progu-zwolnienia-z-podatku.jpg\",\"keywords\":[\"Amerykanie\",\"dokument\",\"Pierwszy\",\"podejmuj\u0105\",\"rodzaju\",\"Rz\u0105d\",\"tego\",\"Tuska\",\"zadania\"],\"articleSection\":[\"Polityka\"],\"inLanguage\":\"pl-PL\"},{\"@type\":\"WebPage\",\"@id\":\"https:\/\/www.pogotowieflagowe.pl\/aktualne\/amerykanie-podejmuja-rzad-tuska-do-zadania-to-pierwszy-tego-rodzaju-dokument\/\",\"url\":\"https:\/\/www.pogotowieflagowe.pl\/aktualne\/amerykanie-podejmuja-rzad-tuska-do-zadania-to-pierwszy-tego-rodzaju-dokument\/\",\"name\":\"Amerykanie podejmuj\u0105 rz\u0105d Tuska do zadania: \u201eTo pierwszy tego rodzaju dokument\u201d - POGOTOWIE FLAGOWE\u00ae\",\"isPartOf\":{\"@id\":\"https:\/\/www.pogotowieflagowe.pl\/aktualne\/#website\"},\"primaryImageOfPage\":{\"@id\":\"https:\/\/www.pogotowieflagowe.pl\/aktualne\/amerykanie-podejmuja-rzad-tuska-do-zadania-to-pierwszy-tego-rodzaju-dokument\/#primaryimage\"},\"image\":{\"@id\":\"https:\/\/www.pogotowieflagowe.pl\/aktualne\/amerykanie-podejmuja-rzad-tuska-do-zadania-to-pierwszy-tego-rodzaju-dokument\/#primaryimage\"},\"thumbnailUrl\":\"https:\/\/www.pogotowieflagowe.pl\/aktualne\/wp-content\/uploads\/2024\/10\/Niespelnione-obietnice-rzad-nie-realizuje-progu-zwolnienia-z-podatku.jpg\",\"datePublished\":\"2025-02-23T13:46:54+00:00\",\"dateModified\":\"2025-02-23T13:46:55+00:00\",\"breadcrumb\":{\"@id\":\"https:\/\/www.pogotowieflagowe.pl\/aktualne\/amerykanie-podejmuja-rzad-tuska-do-zadania-to-pierwszy-tego-rodzaju-dokument\/#breadcrumb\"},\"inLanguage\":\"pl-PL\",\"potentialAction\":[{\"@type\":\"ReadAction\",\"target\":[\"https:\/\/www.pogotowieflagowe.pl\/aktualne\/amerykanie-podejmuja-rzad-tuska-do-zadania-to-pierwszy-tego-rodzaju-dokument\/\"]}]},{\"@type\":\"ImageObject\",\"inLanguage\":\"pl-PL\",\"@id\":\"https:\/\/www.pogotowieflagowe.pl\/aktualne\/amerykanie-podejmuja-rzad-tuska-do-zadania-to-pierwszy-tego-rodzaju-dokument\/#primaryimage\",\"url\":\"https:\/\/www.pogotowieflagowe.pl\/aktualne\/wp-content\/uploads\/2024\/10\/Niespelnione-obietnice-rzad-nie-realizuje-progu-zwolnienia-z-podatku.jpg\",\"contentUrl\":\"https:\/\/www.pogotowieflagowe.pl\/aktualne\/wp-content\/uploads\/2024\/10\/Niespelnione-obietnice-rzad-nie-realizuje-progu-zwolnienia-z-podatku.jpg\",\"width\":913,\"height\":597,\"caption\":\"Niespe\u0142nione obietnice: rz\u0105d nie realizuje progu zwolnienia z podatku\"},{\"@type\":\"BreadcrumbList\",\"@id\":\"https:\/\/www.pogotowieflagowe.pl\/aktualne\/amerykanie-podejmuja-rzad-tuska-do-zadania-to-pierwszy-tego-rodzaju-dokument\/#breadcrumb\",\"itemListElement\":[{\"@type\":\"ListItem\",\"position\":1,\"name\":\"Home\",\"item\":\"https:\/\/www.pogotowieflagowe.pl\/aktualne\/\"},{\"@type\":\"ListItem\",\"position\":2,\"name\":\"Amerykanie podejmuj\u0105 rz\u0105d Tuska do zadania: \u201eTo pierwszy tego rodzaju dokument\u201d\"}]},{\"@type\":\"WebSite\",\"@id\":\"https:\/\/www.pogotowieflagowe.pl\/aktualne\/#website\",\"url\":\"https:\/\/www.pogotowieflagowe.pl\/aktualne\/\",\"name\":\"POGOTOWIE FLAGOWE\u00ae\",\"description\":\"\",\"publisher\":{\"@id\":\"https:\/\/www.pogotowieflagowe.pl\/aktualne\/#organization\"},\"potentialAction\":[{\"@type\":\"SearchAction\",\"target\":{\"@type\":\"EntryPoint\",\"urlTemplate\":\"https:\/\/www.pogotowieflagowe.pl\/aktualne\/?s={search_term_string}\"},\"query-input\":\"required name=search_term_string\"}],\"inLanguage\":\"pl-PL\"},{\"@type\":\"Organization\",\"@id\":\"https:\/\/www.pogotowieflagowe.pl\/aktualne\/#organization\",\"name\":\"POGOTOWIE FLAGOWE\u00ae\",\"url\":\"https:\/\/www.pogotowieflagowe.pl\/aktualne\/\",\"logo\":{\"@type\":\"ImageObject\",\"inLanguage\":\"pl-PL\",\"@id\":\"https:\/\/www.pogotowieflagowe.pl\/aktualne\/#\/schema\/logo\/image\/\",\"url\":\"https:\/\/www.pogotowieflagowe.pl\/aktualne\/wp-content\/uploads\/2024\/08\/cropped-pogotowieflagowe_flaga_projekt_sm.jpg\",\"contentUrl\":\"https:\/\/www.pogotowieflagowe.pl\/aktualne\/wp-content\/uploads\/2024\/08\/cropped-pogotowieflagowe_flaga_projekt_sm.jpg\",\"width\":250,\"height\":143,\"caption\":\"POGOTOWIE FLAGOWE\u00ae\"},\"image\":{\"@id\":\"https:\/\/www.pogotowieflagowe.pl\/aktualne\/#\/schema\/logo\/image\/\"}},{\"@type\":\"Person\",\"@id\":\"https:\/\/www.pogotowieflagowe.pl\/aktualne\/#\/schema\/person\/9c2fb7d2362ebf6fa088960d7f0d27b0\",\"name\":\"Filip\",\"image\":{\"@type\":\"ImageObject\",\"inLanguage\":\"pl-PL\",\"@id\":\"https:\/\/www.pogotowieflagowe.pl\/aktualne\/#\/schema\/person\/image\/\",\"url\":\"https:\/\/www.pogotowieflagowe.pl\/aktualne\/wp-content\/uploads\/2024\/08\/pogotowieflagowe.pl_.jpg\",\"contentUrl\":\"https:\/\/www.pogotowieflagowe.pl\/aktualne\/wp-content\/uploads\/2024\/08\/pogotowieflagowe.pl_.jpg\",\"caption\":\"Filip\"},\"description\":\"Jestem Filip, polski dziennikarz z dyplomem nauk politycznych Uniwersytetu Warszawskiego. Rozpoczynaj\u0105c swoj\u0105 karier\u0119 w r\u00f3\u017cnych lokalnych mediach, zdoby\u0142em solidne do\u015bwiadczenie w zakresie \u015bledztwa i redakcji. Obecnie jako redaktor w Pogotowie flagowe, staram si\u0119 dostarcza\u0107 dog\u0142\u0119bne i istotne analizy na temat najwa\u017cniejszych kwestii aktualno\u015bci, \u0142\u0105cz\u0105c rygor z pasj\u0105 dziennikarsk\u0105.\",\"sameAs\":[\"https:\/\/www.pogotowieflagowe.pl\/\"]}]}<\/script>\n<!-- \/ Yoast SEO plugin. -->","yoast_head_json":{"title":"Amerykanie podejmuj\u0105 rz\u0105d Tuska do zadania: \u201eTo pierwszy tego rodzaju dokument\u201d - POGOTOWIE FLAGOWE\u00ae","robots":{"index":"index","follow":"follow","max-snippet":"max-snippet:-1","max-image-preview":"max-image-preview:large","max-video-preview":"max-video-preview:-1"},"canonical":"https:\/\/www.pogotowieflagowe.pl\/aktualne\/amerykanie-podejmuja-rzad-tuska-do-zadania-to-pierwszy-tego-rodzaju-dokument\/","og_locale":"pl_PL","og_type":"article","og_title":"Amerykanie podejmuj\u0105 rz\u0105d Tuska do zadania: \u201eTo pierwszy tego rodzaju dokument\u201d - POGOTOWIE FLAGOWE\u00ae","og_description":"To prawdziwa bomba &#8211; \u201ePrawda przeciwko \u015bwiatu\u201d. W ten spos\u00f3b nale\u017cy czyta\u0107 nie tylko tre\u015b\u0107, ale tak\u017ce sam fakt publikacji","og_url":"https:\/\/www.pogotowieflagowe.pl\/aktualne\/amerykanie-podejmuja-rzad-tuska-do-zadania-to-pierwszy-tego-rodzaju-dokument\/","og_site_name":"POGOTOWIE FLAGOWE\u00ae","article_published_time":"2025-02-23T13:46:54+00:00","article_modified_time":"2025-02-23T13:46:55+00:00","og_image":[{"width":913,"height":597,"url":"https:\/\/www.pogotowieflagowe.pl\/aktualne\/wp-content\/uploads\/2024\/10\/Niespelnione-obietnice-rzad-nie-realizuje-progu-zwolnienia-z-podatku.jpg","type":"image\/jpeg"}],"author":"Filip","twitter_card":"summary_large_image","twitter_misc":{"Napisane przez":"Filip","Szacowany czas czytania":"5 minut"},"schema":{"@context":"https:\/\/schema.org","@graph":[{"@type":"Article","@id":"https:\/\/www.pogotowieflagowe.pl\/aktualne\/amerykanie-podejmuja-rzad-tuska-do-zadania-to-pierwszy-tego-rodzaju-dokument\/#article","isPartOf":{"@id":"https:\/\/www.pogotowieflagowe.pl\/aktualne\/amerykanie-podejmuja-rzad-tuska-do-zadania-to-pierwszy-tego-rodzaju-dokument\/"},"author":{"name":"Filip","@id":"https:\/\/www.pogotowieflagowe.pl\/aktualne\/#\/schema\/person\/9c2fb7d2362ebf6fa088960d7f0d27b0"},"headline":"Amerykanie podejmuj\u0105 rz\u0105d Tuska do zadania: \u201eTo pierwszy tego rodzaju dokument\u201d","datePublished":"2025-02-23T13:46:54+00:00","dateModified":"2025-02-23T13:46:55+00:00","mainEntityOfPage":{"@id":"https:\/\/www.pogotowieflagowe.pl\/aktualne\/amerykanie-podejmuja-rzad-tuska-do-zadania-to-pierwszy-tego-rodzaju-dokument\/"},"wordCount":1113,"publisher":{"@id":"https:\/\/www.pogotowieflagowe.pl\/aktualne\/#organization"},"image":{"@id":"https:\/\/www.pogotowieflagowe.pl\/aktualne\/amerykanie-podejmuja-rzad-tuska-do-zadania-to-pierwszy-tego-rodzaju-dokument\/#primaryimage"},"thumbnailUrl":"https:\/\/www.pogotowieflagowe.pl\/aktualne\/wp-content\/uploads\/2024\/10\/Niespelnione-obietnice-rzad-nie-realizuje-progu-zwolnienia-z-podatku.jpg","keywords":["Amerykanie","dokument","Pierwszy","podejmuj\u0105","rodzaju","Rz\u0105d","tego","Tuska","zadania"],"articleSection":["Polityka"],"inLanguage":"pl-PL"},{"@type":"WebPage","@id":"https:\/\/www.pogotowieflagowe.pl\/aktualne\/amerykanie-podejmuja-rzad-tuska-do-zadania-to-pierwszy-tego-rodzaju-dokument\/","url":"https:\/\/www.pogotowieflagowe.pl\/aktualne\/amerykanie-podejmuja-rzad-tuska-do-zadania-to-pierwszy-tego-rodzaju-dokument\/","name":"Amerykanie podejmuj\u0105 rz\u0105d Tuska do zadania: \u201eTo pierwszy tego rodzaju dokument\u201d - POGOTOWIE FLAGOWE\u00ae","isPartOf":{"@id":"https:\/\/www.pogotowieflagowe.pl\/aktualne\/#website"},"primaryImageOfPage":{"@id":"https:\/\/www.pogotowieflagowe.pl\/aktualne\/amerykanie-podejmuja-rzad-tuska-do-zadania-to-pierwszy-tego-rodzaju-dokument\/#primaryimage"},"image":{"@id":"https:\/\/www.pogotowieflagowe.pl\/aktualne\/amerykanie-podejmuja-rzad-tuska-do-zadania-to-pierwszy-tego-rodzaju-dokument\/#primaryimage"},"thumbnailUrl":"https:\/\/www.pogotowieflagowe.pl\/aktualne\/wp-content\/uploads\/2024\/10\/Niespelnione-obietnice-rzad-nie-realizuje-progu-zwolnienia-z-podatku.jpg","datePublished":"2025-02-23T13:46:54+00:00","dateModified":"2025-02-23T13:46:55+00:00","breadcrumb":{"@id":"https:\/\/www.pogotowieflagowe.pl\/aktualne\/amerykanie-podejmuja-rzad-tuska-do-zadania-to-pierwszy-tego-rodzaju-dokument\/#breadcrumb"},"inLanguage":"pl-PL","potentialAction":[{"@type":"ReadAction","target":["https:\/\/www.pogotowieflagowe.pl\/aktualne\/amerykanie-podejmuja-rzad-tuska-do-zadania-to-pierwszy-tego-rodzaju-dokument\/"]}]},{"@type":"ImageObject","inLanguage":"pl-PL","@id":"https:\/\/www.pogotowieflagowe.pl\/aktualne\/amerykanie-podejmuja-rzad-tuska-do-zadania-to-pierwszy-tego-rodzaju-dokument\/#primaryimage","url":"https:\/\/www.pogotowieflagowe.pl\/aktualne\/wp-content\/uploads\/2024\/10\/Niespelnione-obietnice-rzad-nie-realizuje-progu-zwolnienia-z-podatku.jpg","contentUrl":"https:\/\/www.pogotowieflagowe.pl\/aktualne\/wp-content\/uploads\/2024\/10\/Niespelnione-obietnice-rzad-nie-realizuje-progu-zwolnienia-z-podatku.jpg","width":913,"height":597,"caption":"Niespe\u0142nione obietnice: rz\u0105d nie realizuje progu zwolnienia z podatku"},{"@type":"BreadcrumbList","@id":"https:\/\/www.pogotowieflagowe.pl\/aktualne\/amerykanie-podejmuja-rzad-tuska-do-zadania-to-pierwszy-tego-rodzaju-dokument\/#breadcrumb","itemListElement":[{"@type":"ListItem","position":1,"name":"Home","item":"https:\/\/www.pogotowieflagowe.pl\/aktualne\/"},{"@type":"ListItem","position":2,"name":"Amerykanie podejmuj\u0105 rz\u0105d Tuska do zadania: \u201eTo pierwszy tego rodzaju dokument\u201d"}]},{"@type":"WebSite","@id":"https:\/\/www.pogotowieflagowe.pl\/aktualne\/#website","url":"https:\/\/www.pogotowieflagowe.pl\/aktualne\/","name":"POGOTOWIE FLAGOWE\u00ae","description":"","publisher":{"@id":"https:\/\/www.pogotowieflagowe.pl\/aktualne\/#organization"},"potentialAction":[{"@type":"SearchAction","target":{"@type":"EntryPoint","urlTemplate":"https:\/\/www.pogotowieflagowe.pl\/aktualne\/?s={search_term_string}"},"query-input":"required name=search_term_string"}],"inLanguage":"pl-PL"},{"@type":"Organization","@id":"https:\/\/www.pogotowieflagowe.pl\/aktualne\/#organization","name":"POGOTOWIE FLAGOWE\u00ae","url":"https:\/\/www.pogotowieflagowe.pl\/aktualne\/","logo":{"@type":"ImageObject","inLanguage":"pl-PL","@id":"https:\/\/www.pogotowieflagowe.pl\/aktualne\/#\/schema\/logo\/image\/","url":"https:\/\/www.pogotowieflagowe.pl\/aktualne\/wp-content\/uploads\/2024\/08\/cropped-pogotowieflagowe_flaga_projekt_sm.jpg","contentUrl":"https:\/\/www.pogotowieflagowe.pl\/aktualne\/wp-content\/uploads\/2024\/08\/cropped-pogotowieflagowe_flaga_projekt_sm.jpg","width":250,"height":143,"caption":"POGOTOWIE FLAGOWE\u00ae"},"image":{"@id":"https:\/\/www.pogotowieflagowe.pl\/aktualne\/#\/schema\/logo\/image\/"}},{"@type":"Person","@id":"https:\/\/www.pogotowieflagowe.pl\/aktualne\/#\/schema\/person\/9c2fb7d2362ebf6fa088960d7f0d27b0","name":"Filip","image":{"@type":"ImageObject","inLanguage":"pl-PL","@id":"https:\/\/www.pogotowieflagowe.pl\/aktualne\/#\/schema\/person\/image\/","url":"https:\/\/www.pogotowieflagowe.pl\/aktualne\/wp-content\/uploads\/2024\/08\/pogotowieflagowe.pl_.jpg","contentUrl":"https:\/\/www.pogotowieflagowe.pl\/aktualne\/wp-content\/uploads\/2024\/08\/pogotowieflagowe.pl_.jpg","caption":"Filip"},"description":"Jestem Filip, polski dziennikarz z dyplomem nauk politycznych Uniwersytetu Warszawskiego. Rozpoczynaj\u0105c swoj\u0105 karier\u0119 w r\u00f3\u017cnych lokalnych mediach, zdoby\u0142em solidne do\u015bwiadczenie w zakresie \u015bledztwa i redakcji. Obecnie jako redaktor w Pogotowie flagowe, staram si\u0119 dostarcza\u0107 dog\u0142\u0119bne i istotne analizy na temat najwa\u017cniejszych kwestii aktualno\u015bci, \u0142\u0105cz\u0105c rygor z pasj\u0105 dziennikarsk\u0105.","sameAs":["https:\/\/www.pogotowieflagowe.pl\/"]}]}},"_links":{"self":[{"href":"https:\/\/www.pogotowieflagowe.pl\/aktualne\/wp-json\/wp\/v2\/posts\/4149","targetHints":{"allow":["GET"]}}],"collection":[{"href":"https:\/\/www.pogotowieflagowe.pl\/aktualne\/wp-json\/wp\/v2\/posts"}],"about":[{"href":"https:\/\/www.pogotowieflagowe.pl\/aktualne\/wp-json\/wp\/v2\/types\/post"}],"author":[{"embeddable":true,"href":"https:\/\/www.pogotowieflagowe.pl\/aktualne\/wp-json\/wp\/v2\/users\/1"}],"replies":[{"embeddable":true,"href":"https:\/\/www.pogotowieflagowe.pl\/aktualne\/wp-json\/wp\/v2\/comments?post=4149"}],"version-history":[{"count":1,"href":"https:\/\/www.pogotowieflagowe.pl\/aktualne\/wp-json\/wp\/v2\/posts\/4149\/revisions"}],"predecessor-version":[{"id":4150,"href":"https:\/\/www.pogotowieflagowe.pl\/aktualne\/wp-json\/wp\/v2\/posts\/4149\/revisions\/4150"}],"wp:featuredmedia":[{"embeddable":true,"href":"https:\/\/www.pogotowieflagowe.pl\/aktualne\/wp-json\/wp\/v2\/media\/1210"}],"wp:attachment":[{"href":"https:\/\/www.pogotowieflagowe.pl\/aktualne\/wp-json\/wp\/v2\/media?parent=4149"}],"wp:term":[{"taxonomy":"category","embeddable":true,"href":"https:\/\/www.pogotowieflagowe.pl\/aktualne\/wp-json\/wp\/v2\/categories?post=4149"},{"taxonomy":"post_tag","embeddable":true,"href":"https:\/\/www.pogotowieflagowe.pl\/aktualne\/wp-json\/wp\/v2\/tags?post=4149"}],"curies":[{"name":"wp","href":"https:\/\/api.w.org\/{rel}","templated":true}]}}