{"id":4163,"date":"2025-02-24T08:47:05","date_gmt":"2025-02-24T07:47:05","guid":{"rendered":"https:\/\/www.pogotowieflagowe.pl\/aktualne\/zagraniczne-media-podkreslaja-spotkanie-duda-trump\/"},"modified":"2025-02-24T08:47:06","modified_gmt":"2025-02-24T07:47:06","slug":"zagraniczne-media-podkreslaja-spotkanie-duda-trump","status":"publish","type":"post","link":"https:\/\/www.pogotowieflagowe.pl\/aktualne\/zagraniczne-media-podkreslaja-spotkanie-duda-trump\/","title":{"rendered":"Zagraniczne media podkre\u015blaj\u0105 spotkanie Duda-Trump"},"content":{"rendered":"\n<div class=\"td_block_wrap tdb_single_content tdi_41 td-pb-border-top td_block_template_8 td-post-content tagdiv-type\" data-td-block-uid=\"tdi_41\">\n<style>.tdi_41 {margin-top: 0px! Wa\u017cne; margines-bottom: 0px! WA\u017bNY; PALDING-TOP: 0PX! WA\u017bNY; PALDING-BOTTOM: 0PX! WA\u017bNE}<\/style>\n<style>.tdb_single_content {margin-bottom: 0;*zoom: 1} .tdb_single_content: wcze\u015bniej, .tdb_single_content: po {display: Table; content: ''; line-height: 0} .TDB-BLOCK-INner>*: nie (.WP-BLOCK-QUOTE): NOT (.Alignwide): not (.alignfull.wp-block-cover.has-parallax): not (.td-a-ad) {margin-left: auto; margin-right: auto} .tdb_single_content a {wska\u017anik-events: auto} .tdb_single_content .td-spot-top_ad .tdc-pl-plameholder-title: przed {content: \u201eArtyku\u0142 top ad\u201d! Wa\u017cne} .tdb_single_content .td-spot-id-inline_ad0 .tdc-- THE PLACEHENTER TITLE: Wcze\u015bniej {content: \u201eArtyku\u0142 inline AD 1 '! Wa\u017cne} .tdb_single_content .td-spot-id-inline_ad1 .tdc-miejsce-title: przed {content:' Artyku\u0142 inline AD 2 '! Wa\u017cny}. Tytu\u0142: Przed {Content: \u201eArtyku\u0142 Inline AD 3 '! Wa\u017cne} .tdb_single_content .td-Spot-Id-Bottom_Ad .tdc-Placeholder-Title: przed {content: \u201eArtyku\u0142 Bottom Ad\u201d! Wa\u017cne} .tdb_single_content .id_top_ad, .tdb_single_content_content .id_bottom_ad {clear: oba; margin-bottom: 21px; text-align: Center} .tdb_single_content .id_top_ad img, .tdb_single_content .id_bottom_ad img {margin-bottom: 0} .tdb_single_conTent .id_top_ad .adsbyGoogle, .tdb_single_content .id_bottom_ad .adsbyGoogle {pozycja: relatyw} .tdb_single_content .id_ad_content-horiz-left, .tdb_single_content .id_ad_content-horiz-right, .tdb_single_content .id_ad_content-horiz-Center {margin-bottom: 15px} .tdb_single_content .id_ad_content-horiz-left Img, .tdb_single_content .id_ad_content-horiz-right img, .tdb_single_content .id_ad_content-horiz-centerter img {margin-bottom: 0} .tdb_single_content .id_ad_content-horiz-center {text-align: Center} .tdb_single_content .id_ad_content-horiz-center img {margin-right: auto; margin-let: auto} .tdb_single_content .id_ad_content-horiz-left {float: left; margin-top: 9px; margin-right: 21px} .tdb_single_content .id_ad_content-horiz-right {float: right; margin-top: 6px; margin-left: 21px} .tdb_single_content .tdc-a-ad .TDC-Placeholder-Title {szeroko\u015b\u0107: 300px; height: 250px} .tdb_single_content .tdc-a-ad .TDC-Placeholder-Title: Przed {Pozycja: Absolute; TOP: 50%;-WebKit-Transform: Translatey (-50%); Transform: Translatey (-50%); margines: auto; wy\u015bwietlacz: Tabela; szeroko\u015b\u0107: 100 %}. tdb_single_content .TDB-BLOCK-INNER.TD-FIX-INDEX {Word-Break: Break-word} .tdi_41, .tdi_41> p, .tdi_41 .tdb-block-inner> p, .wp-block-column> p {font -Size: 16px! Wa\u017cne; wysoko\u015b\u0107 linii: 1.6! Wa\u017cne} .tdi_41 .tdb-block-inner Blockquote P {font-styl: normalne! Wa\u017cne} @media (Max-Width: 767px) {. tdb_single_content .id_ad_content-horiz-left, .tdb_single_content .id_ad_content-horiz-right, .tdb_single_content .id_ad_content-horiz-center {Margin: 0 Auto 26px auto}}@media (Max-Width: 767px) {. tdb_single_content .id_ad_content-horiz-left {margin-right: 0}}@media (max-width: 767px) {. po lewej: 0}}@media (Max-Width: 767px) {. tdb_single_content .td-a-ad {float: none; text-align: Center} .tdb_single_content .td-a-ad img {margin-right: auto; margin-left: auto}. tdb_single_content .tdc-a-ad {float: none}}<\/style>\n<div class=\"tdb-block-inner td-fix-index\">\n<p><strong>Prezydent polski AndrzeJ Duda pojedzie w sobot\u0119 do Waszyngtonu, aby spotka\u0107 si\u0119 z prezydentem USA Donaldem Trumpem. Oczekuje si\u0119, \u017ce spotkanie odb\u0119dzie si\u0119 oko\u0142o 13:30 czasu lokalnego (20:30 w Polsce), by\u0107 mo\u017ce podczas konserwatywnej konferencji akcji politycznej (CPAC), gdzie Trump ma przemawia\u0107. Je\u015bli zostanie to potwierdzone, Duda b\u0119dzie pierwszym europejskim przyw\u00f3dc\u0105, kt\u00f3ry spotka Trumpa od czasu jego powrotu do Bia\u0142ego Domu, wyprzedzaj\u0105c lider\u00f3w takich jak prezydent Francji Emmanuel Macron i premier Wielkiej Brytanii Keir Starmer<\/strong>.<\/p>\n<h2 class=\"wp-block-heading\">Bezpiecze\u0144stwo NATO i obecno\u015b\u0107 \u017co\u0142nierzy USA<\/h2>\n<p>Duda niedawno zapewni\u0142 Polsk\u0119, \u017ce USA nie planuj\u0105 zmniejszy\u0107 swojej obecno\u015bci wojskowej w Europie \u015arodkowej i Wschodniej. Jego o\u015bwiadczenie nast\u0105pi\u0142o po rozmowach z wys\u0142annikiem Trumpa na temat Ukrainy, Keitha Kellogga i sekretarza obrony USA Pete Hegseth. Hegseth wcze\u015bniej zasugerowa\u0142, \u017ce sojusznicy NATO nie powinni zak\u0142ada\u0107, \u017ce obecno\u015b\u0107 Ameryki w Europie jest sta\u0142a. Wraz z rosn\u0105cymi napi\u0119ciami regionalnymi zapewnienia Dudy s\u0105 postrzegane jako kluczowe przes\u0142anie dla partner\u00f3w NATO.<\/p>\n<p>Przed wiadomo\u015bciami o swoim spotkaniu z Trumpem Duda rozmawia\u0142 z prezydentem ukrai\u0144skiego Volodymyr Zelensky, doradzaj\u0105c mu, aby utrzymywa\u0142 \u201espokojny i konstruktywny\u201d zwi\u0105zek z Trumpem. Trump niedawno nazwa\u0142 Zelensky \u201edyktatorem\u201d i wezwa\u0142 go do poszukiwania szybkiego pokoju z Rosj\u0105. Nast\u0119pnie Zelensky z\u0142agodzi\u0142 swoj\u0105 retoryk\u0119 i podkre\u015bli\u0142 znaczenie jedno\u015bci w zapewnieniu trwa\u0142ego pokoju.<\/p>\n<\/div>\n<\/div>\n","protected":false},"excerpt":{"rendered":"<p>Prezydent polski AndrzeJ Duda pojedzie w sobot\u0119 do Waszyngtonu, aby spotka\u0107 si\u0119 z prezydentem USA Donaldem Trumpem. Oczekuje si\u0119, \u017ce<\/p>\n","protected":false},"author":1,"featured_media":4164,"comment_status":"closed","ping_status":"","sticky":false,"template":"","format":"standard","meta":{"footnotes":""},"categories":[44],"tags":[5725,4952,5009,1700,116],"class_list":["post-4163","post","type-post","status-publish","format-standard","has-post-thumbnail","hentry","category-polityka","tag-dudatrump","tag-media","tag-podkreslaja","tag-spotkanie","tag-zagraniczne","generate-columns","tablet-grid-50","mobile-grid-100","grid-parent","grid-50","resize-featured-image"],"yoast_head":"<!-- This site is optimized with the Yoast SEO plugin v23.2 - https:\/\/yoast.com\/wordpress\/plugins\/seo\/ -->\n<title>Zagraniczne media podkre\u015blaj\u0105 spotkanie Duda-Trump - POGOTOWIE FLAGOWE\u00ae<\/title>\n<meta name=\"robots\" content=\"index, follow, max-snippet:-1, max-image-preview:large, max-video-preview:-1\" \/>\n<link rel=\"canonical\" href=\"https:\/\/www.pogotowieflagowe.pl\/aktualne\/zagraniczne-media-podkreslaja-spotkanie-duda-trump\/\" \/>\n<meta property=\"og:locale\" content=\"pl_PL\" \/>\n<meta property=\"og:type\" content=\"article\" \/>\n<meta property=\"og:title\" content=\"Zagraniczne media podkre\u015blaj\u0105 spotkanie Duda-Trump - POGOTOWIE FLAGOWE\u00ae\" \/>\n<meta property=\"og:description\" content=\"Prezydent polski AndrzeJ Duda pojedzie w sobot\u0119 do Waszyngtonu, aby spotka\u0107 si\u0119 z prezydentem USA Donaldem Trumpem. Oczekuje si\u0119, \u017ce\" \/>\n<meta property=\"og:url\" content=\"https:\/\/www.pogotowieflagowe.pl\/aktualne\/zagraniczne-media-podkreslaja-spotkanie-duda-trump\/\" \/>\n<meta property=\"og:site_name\" content=\"POGOTOWIE FLAGOWE\u00ae\" \/>\n<meta property=\"article:published_time\" content=\"2025-02-24T07:47:05+00:00\" \/>\n<meta property=\"article:modified_time\" content=\"2025-02-24T07:47:06+00:00\" \/>\n<meta property=\"og:image\" content=\"https:\/\/www.pogotowieflagowe.pl\/aktualne\/wp-content\/uploads\/2025\/02\/Zagraniczne-media-podkreslaja-spotkanie-Duda-Trump.jpg\" \/>\n\t<meta property=\"og:image:width\" content=\"704\" \/>\n\t<meta property=\"og:image:height\" content=\"399\" \/>\n\t<meta property=\"og:image:type\" content=\"image\/jpeg\" \/>\n<meta name=\"author\" content=\"Filip\" \/>\n<meta name=\"twitter:card\" content=\"summary_large_image\" \/>\n<meta name=\"twitter:label1\" content=\"Napisane przez\" \/>\n\t<meta name=\"twitter:data1\" content=\"Filip\" \/>\n\t<meta name=\"twitter:label2\" content=\"Szacowany czas czytania\" \/>\n\t<meta name=\"twitter:data2\" content=\"1 minuta\" \/>\n<script type=\"application\/ld+json\" class=\"yoast-schema-graph\">{\"@context\":\"https:\/\/schema.org\",\"@graph\":[{\"@type\":\"Article\",\"@id\":\"https:\/\/www.pogotowieflagowe.pl\/aktualne\/zagraniczne-media-podkreslaja-spotkanie-duda-trump\/#article\",\"isPartOf\":{\"@id\":\"https:\/\/www.pogotowieflagowe.pl\/aktualne\/zagraniczne-media-podkreslaja-spotkanie-duda-trump\/\"},\"author\":{\"name\":\"Filip\",\"@id\":\"https:\/\/www.pogotowieflagowe.pl\/aktualne\/#\/schema\/person\/9c2fb7d2362ebf6fa088960d7f0d27b0\"},\"headline\":\"Zagraniczne media podkre\u015blaj\u0105 spotkanie Duda-Trump\",\"datePublished\":\"2025-02-24T07:47:05+00:00\",\"dateModified\":\"2025-02-24T07:47:06+00:00\",\"mainEntityOfPage\":{\"@id\":\"https:\/\/www.pogotowieflagowe.pl\/aktualne\/zagraniczne-media-podkreslaja-spotkanie-duda-trump\/\"},\"wordCount\":236,\"publisher\":{\"@id\":\"https:\/\/www.pogotowieflagowe.pl\/aktualne\/#organization\"},\"image\":{\"@id\":\"https:\/\/www.pogotowieflagowe.pl\/aktualne\/zagraniczne-media-podkreslaja-spotkanie-duda-trump\/#primaryimage\"},\"thumbnailUrl\":\"https:\/\/www.pogotowieflagowe.pl\/aktualne\/wp-content\/uploads\/2025\/02\/Zagraniczne-media-podkreslaja-spotkanie-Duda-Trump.jpg\",\"keywords\":[\"DudaTrump\",\"media\",\"podkre\u015blaj\u0105\",\"Spotkanie\",\"zagraniczne\"],\"articleSection\":[\"Polityka\"],\"inLanguage\":\"pl-PL\"},{\"@type\":\"WebPage\",\"@id\":\"https:\/\/www.pogotowieflagowe.pl\/aktualne\/zagraniczne-media-podkreslaja-spotkanie-duda-trump\/\",\"url\":\"https:\/\/www.pogotowieflagowe.pl\/aktualne\/zagraniczne-media-podkreslaja-spotkanie-duda-trump\/\",\"name\":\"Zagraniczne media podkre\u015blaj\u0105 spotkanie Duda-Trump - POGOTOWIE FLAGOWE\u00ae\",\"isPartOf\":{\"@id\":\"https:\/\/www.pogotowieflagowe.pl\/aktualne\/#website\"},\"primaryImageOfPage\":{\"@id\":\"https:\/\/www.pogotowieflagowe.pl\/aktualne\/zagraniczne-media-podkreslaja-spotkanie-duda-trump\/#primaryimage\"},\"image\":{\"@id\":\"https:\/\/www.pogotowieflagowe.pl\/aktualne\/zagraniczne-media-podkreslaja-spotkanie-duda-trump\/#primaryimage\"},\"thumbnailUrl\":\"https:\/\/www.pogotowieflagowe.pl\/aktualne\/wp-content\/uploads\/2025\/02\/Zagraniczne-media-podkreslaja-spotkanie-Duda-Trump.jpg\",\"datePublished\":\"2025-02-24T07:47:05+00:00\",\"dateModified\":\"2025-02-24T07:47:06+00:00\",\"breadcrumb\":{\"@id\":\"https:\/\/www.pogotowieflagowe.pl\/aktualne\/zagraniczne-media-podkreslaja-spotkanie-duda-trump\/#breadcrumb\"},\"inLanguage\":\"pl-PL\",\"potentialAction\":[{\"@type\":\"ReadAction\",\"target\":[\"https:\/\/www.pogotowieflagowe.pl\/aktualne\/zagraniczne-media-podkreslaja-spotkanie-duda-trump\/\"]}]},{\"@type\":\"ImageObject\",\"inLanguage\":\"pl-PL\",\"@id\":\"https:\/\/www.pogotowieflagowe.pl\/aktualne\/zagraniczne-media-podkreslaja-spotkanie-duda-trump\/#primaryimage\",\"url\":\"https:\/\/www.pogotowieflagowe.pl\/aktualne\/wp-content\/uploads\/2025\/02\/Zagraniczne-media-podkreslaja-spotkanie-Duda-Trump.jpg\",\"contentUrl\":\"https:\/\/www.pogotowieflagowe.pl\/aktualne\/wp-content\/uploads\/2025\/02\/Zagraniczne-media-podkreslaja-spotkanie-Duda-Trump.jpg\",\"width\":704,\"height\":399,\"caption\":\"Zagraniczne media podkre\u015blaj\u0105 spotkanie Duda-Trump\"},{\"@type\":\"BreadcrumbList\",\"@id\":\"https:\/\/www.pogotowieflagowe.pl\/aktualne\/zagraniczne-media-podkreslaja-spotkanie-duda-trump\/#breadcrumb\",\"itemListElement\":[{\"@type\":\"ListItem\",\"position\":1,\"name\":\"Home\",\"item\":\"https:\/\/www.pogotowieflagowe.pl\/aktualne\/\"},{\"@type\":\"ListItem\",\"position\":2,\"name\":\"Zagraniczne media podkre\u015blaj\u0105 spotkanie Duda-Trump\"}]},{\"@type\":\"WebSite\",\"@id\":\"https:\/\/www.pogotowieflagowe.pl\/aktualne\/#website\",\"url\":\"https:\/\/www.pogotowieflagowe.pl\/aktualne\/\",\"name\":\"POGOTOWIE FLAGOWE\u00ae\",\"description\":\"\",\"publisher\":{\"@id\":\"https:\/\/www.pogotowieflagowe.pl\/aktualne\/#organization\"},\"potentialAction\":[{\"@type\":\"SearchAction\",\"target\":{\"@type\":\"EntryPoint\",\"urlTemplate\":\"https:\/\/www.pogotowieflagowe.pl\/aktualne\/?s={search_term_string}\"},\"query-input\":\"required name=search_term_string\"}],\"inLanguage\":\"pl-PL\"},{\"@type\":\"Organization\",\"@id\":\"https:\/\/www.pogotowieflagowe.pl\/aktualne\/#organization\",\"name\":\"POGOTOWIE FLAGOWE\u00ae\",\"url\":\"https:\/\/www.pogotowieflagowe.pl\/aktualne\/\",\"logo\":{\"@type\":\"ImageObject\",\"inLanguage\":\"pl-PL\",\"@id\":\"https:\/\/www.pogotowieflagowe.pl\/aktualne\/#\/schema\/logo\/image\/\",\"url\":\"https:\/\/www.pogotowieflagowe.pl\/aktualne\/wp-content\/uploads\/2024\/08\/cropped-pogotowieflagowe_flaga_projekt_sm.jpg\",\"contentUrl\":\"https:\/\/www.pogotowieflagowe.pl\/aktualne\/wp-content\/uploads\/2024\/08\/cropped-pogotowieflagowe_flaga_projekt_sm.jpg\",\"width\":250,\"height\":143,\"caption\":\"POGOTOWIE FLAGOWE\u00ae\"},\"image\":{\"@id\":\"https:\/\/www.pogotowieflagowe.pl\/aktualne\/#\/schema\/logo\/image\/\"}},{\"@type\":\"Person\",\"@id\":\"https:\/\/www.pogotowieflagowe.pl\/aktualne\/#\/schema\/person\/9c2fb7d2362ebf6fa088960d7f0d27b0\",\"name\":\"Filip\",\"image\":{\"@type\":\"ImageObject\",\"inLanguage\":\"pl-PL\",\"@id\":\"https:\/\/www.pogotowieflagowe.pl\/aktualne\/#\/schema\/person\/image\/\",\"url\":\"https:\/\/www.pogotowieflagowe.pl\/aktualne\/wp-content\/uploads\/2024\/08\/pogotowieflagowe.pl_.jpg\",\"contentUrl\":\"https:\/\/www.pogotowieflagowe.pl\/aktualne\/wp-content\/uploads\/2024\/08\/pogotowieflagowe.pl_.jpg\",\"caption\":\"Filip\"},\"description\":\"Jestem Filip, polski dziennikarz z dyplomem nauk politycznych Uniwersytetu Warszawskiego. Rozpoczynaj\u0105c swoj\u0105 karier\u0119 w r\u00f3\u017cnych lokalnych mediach, zdoby\u0142em solidne do\u015bwiadczenie w zakresie \u015bledztwa i redakcji. Obecnie jako redaktor w Pogotowie flagowe, staram si\u0119 dostarcza\u0107 dog\u0142\u0119bne i istotne analizy na temat najwa\u017cniejszych kwestii aktualno\u015bci, \u0142\u0105cz\u0105c rygor z pasj\u0105 dziennikarsk\u0105.\",\"sameAs\":[\"https:\/\/www.pogotowieflagowe.pl\/\"]}]}<\/script>\n<!-- \/ Yoast SEO plugin. -->","yoast_head_json":{"title":"Zagraniczne media podkre\u015blaj\u0105 spotkanie Duda-Trump - POGOTOWIE FLAGOWE\u00ae","robots":{"index":"index","follow":"follow","max-snippet":"max-snippet:-1","max-image-preview":"max-image-preview:large","max-video-preview":"max-video-preview:-1"},"canonical":"https:\/\/www.pogotowieflagowe.pl\/aktualne\/zagraniczne-media-podkreslaja-spotkanie-duda-trump\/","og_locale":"pl_PL","og_type":"article","og_title":"Zagraniczne media podkre\u015blaj\u0105 spotkanie Duda-Trump - POGOTOWIE FLAGOWE\u00ae","og_description":"Prezydent polski AndrzeJ Duda pojedzie w sobot\u0119 do Waszyngtonu, aby spotka\u0107 si\u0119 z prezydentem USA Donaldem Trumpem. Oczekuje si\u0119, \u017ce","og_url":"https:\/\/www.pogotowieflagowe.pl\/aktualne\/zagraniczne-media-podkreslaja-spotkanie-duda-trump\/","og_site_name":"POGOTOWIE FLAGOWE\u00ae","article_published_time":"2025-02-24T07:47:05+00:00","article_modified_time":"2025-02-24T07:47:06+00:00","og_image":[{"width":704,"height":399,"url":"https:\/\/www.pogotowieflagowe.pl\/aktualne\/wp-content\/uploads\/2025\/02\/Zagraniczne-media-podkreslaja-spotkanie-Duda-Trump.jpg","type":"image\/jpeg"}],"author":"Filip","twitter_card":"summary_large_image","twitter_misc":{"Napisane przez":"Filip","Szacowany czas czytania":"1 minuta"},"schema":{"@context":"https:\/\/schema.org","@graph":[{"@type":"Article","@id":"https:\/\/www.pogotowieflagowe.pl\/aktualne\/zagraniczne-media-podkreslaja-spotkanie-duda-trump\/#article","isPartOf":{"@id":"https:\/\/www.pogotowieflagowe.pl\/aktualne\/zagraniczne-media-podkreslaja-spotkanie-duda-trump\/"},"author":{"name":"Filip","@id":"https:\/\/www.pogotowieflagowe.pl\/aktualne\/#\/schema\/person\/9c2fb7d2362ebf6fa088960d7f0d27b0"},"headline":"Zagraniczne media podkre\u015blaj\u0105 spotkanie Duda-Trump","datePublished":"2025-02-24T07:47:05+00:00","dateModified":"2025-02-24T07:47:06+00:00","mainEntityOfPage":{"@id":"https:\/\/www.pogotowieflagowe.pl\/aktualne\/zagraniczne-media-podkreslaja-spotkanie-duda-trump\/"},"wordCount":236,"publisher":{"@id":"https:\/\/www.pogotowieflagowe.pl\/aktualne\/#organization"},"image":{"@id":"https:\/\/www.pogotowieflagowe.pl\/aktualne\/zagraniczne-media-podkreslaja-spotkanie-duda-trump\/#primaryimage"},"thumbnailUrl":"https:\/\/www.pogotowieflagowe.pl\/aktualne\/wp-content\/uploads\/2025\/02\/Zagraniczne-media-podkreslaja-spotkanie-Duda-Trump.jpg","keywords":["DudaTrump","media","podkre\u015blaj\u0105","Spotkanie","zagraniczne"],"articleSection":["Polityka"],"inLanguage":"pl-PL"},{"@type":"WebPage","@id":"https:\/\/www.pogotowieflagowe.pl\/aktualne\/zagraniczne-media-podkreslaja-spotkanie-duda-trump\/","url":"https:\/\/www.pogotowieflagowe.pl\/aktualne\/zagraniczne-media-podkreslaja-spotkanie-duda-trump\/","name":"Zagraniczne media podkre\u015blaj\u0105 spotkanie Duda-Trump - POGOTOWIE FLAGOWE\u00ae","isPartOf":{"@id":"https:\/\/www.pogotowieflagowe.pl\/aktualne\/#website"},"primaryImageOfPage":{"@id":"https:\/\/www.pogotowieflagowe.pl\/aktualne\/zagraniczne-media-podkreslaja-spotkanie-duda-trump\/#primaryimage"},"image":{"@id":"https:\/\/www.pogotowieflagowe.pl\/aktualne\/zagraniczne-media-podkreslaja-spotkanie-duda-trump\/#primaryimage"},"thumbnailUrl":"https:\/\/www.pogotowieflagowe.pl\/aktualne\/wp-content\/uploads\/2025\/02\/Zagraniczne-media-podkreslaja-spotkanie-Duda-Trump.jpg","datePublished":"2025-02-24T07:47:05+00:00","dateModified":"2025-02-24T07:47:06+00:00","breadcrumb":{"@id":"https:\/\/www.pogotowieflagowe.pl\/aktualne\/zagraniczne-media-podkreslaja-spotkanie-duda-trump\/#breadcrumb"},"inLanguage":"pl-PL","potentialAction":[{"@type":"ReadAction","target":["https:\/\/www.pogotowieflagowe.pl\/aktualne\/zagraniczne-media-podkreslaja-spotkanie-duda-trump\/"]}]},{"@type":"ImageObject","inLanguage":"pl-PL","@id":"https:\/\/www.pogotowieflagowe.pl\/aktualne\/zagraniczne-media-podkreslaja-spotkanie-duda-trump\/#primaryimage","url":"https:\/\/www.pogotowieflagowe.pl\/aktualne\/wp-content\/uploads\/2025\/02\/Zagraniczne-media-podkreslaja-spotkanie-Duda-Trump.jpg","contentUrl":"https:\/\/www.pogotowieflagowe.pl\/aktualne\/wp-content\/uploads\/2025\/02\/Zagraniczne-media-podkreslaja-spotkanie-Duda-Trump.jpg","width":704,"height":399,"caption":"Zagraniczne media podkre\u015blaj\u0105 spotkanie Duda-Trump"},{"@type":"BreadcrumbList","@id":"https:\/\/www.pogotowieflagowe.pl\/aktualne\/zagraniczne-media-podkreslaja-spotkanie-duda-trump\/#breadcrumb","itemListElement":[{"@type":"ListItem","position":1,"name":"Home","item":"https:\/\/www.pogotowieflagowe.pl\/aktualne\/"},{"@type":"ListItem","position":2,"name":"Zagraniczne media podkre\u015blaj\u0105 spotkanie Duda-Trump"}]},{"@type":"WebSite","@id":"https:\/\/www.pogotowieflagowe.pl\/aktualne\/#website","url":"https:\/\/www.pogotowieflagowe.pl\/aktualne\/","name":"POGOTOWIE FLAGOWE\u00ae","description":"","publisher":{"@id":"https:\/\/www.pogotowieflagowe.pl\/aktualne\/#organization"},"potentialAction":[{"@type":"SearchAction","target":{"@type":"EntryPoint","urlTemplate":"https:\/\/www.pogotowieflagowe.pl\/aktualne\/?s={search_term_string}"},"query-input":"required name=search_term_string"}],"inLanguage":"pl-PL"},{"@type":"Organization","@id":"https:\/\/www.pogotowieflagowe.pl\/aktualne\/#organization","name":"POGOTOWIE FLAGOWE\u00ae","url":"https:\/\/www.pogotowieflagowe.pl\/aktualne\/","logo":{"@type":"ImageObject","inLanguage":"pl-PL","@id":"https:\/\/www.pogotowieflagowe.pl\/aktualne\/#\/schema\/logo\/image\/","url":"https:\/\/www.pogotowieflagowe.pl\/aktualne\/wp-content\/uploads\/2024\/08\/cropped-pogotowieflagowe_flaga_projekt_sm.jpg","contentUrl":"https:\/\/www.pogotowieflagowe.pl\/aktualne\/wp-content\/uploads\/2024\/08\/cropped-pogotowieflagowe_flaga_projekt_sm.jpg","width":250,"height":143,"caption":"POGOTOWIE FLAGOWE\u00ae"},"image":{"@id":"https:\/\/www.pogotowieflagowe.pl\/aktualne\/#\/schema\/logo\/image\/"}},{"@type":"Person","@id":"https:\/\/www.pogotowieflagowe.pl\/aktualne\/#\/schema\/person\/9c2fb7d2362ebf6fa088960d7f0d27b0","name":"Filip","image":{"@type":"ImageObject","inLanguage":"pl-PL","@id":"https:\/\/www.pogotowieflagowe.pl\/aktualne\/#\/schema\/person\/image\/","url":"https:\/\/www.pogotowieflagowe.pl\/aktualne\/wp-content\/uploads\/2024\/08\/pogotowieflagowe.pl_.jpg","contentUrl":"https:\/\/www.pogotowieflagowe.pl\/aktualne\/wp-content\/uploads\/2024\/08\/pogotowieflagowe.pl_.jpg","caption":"Filip"},"description":"Jestem Filip, polski dziennikarz z dyplomem nauk politycznych Uniwersytetu Warszawskiego. Rozpoczynaj\u0105c swoj\u0105 karier\u0119 w r\u00f3\u017cnych lokalnych mediach, zdoby\u0142em solidne do\u015bwiadczenie w zakresie \u015bledztwa i redakcji. Obecnie jako redaktor w Pogotowie flagowe, staram si\u0119 dostarcza\u0107 dog\u0142\u0119bne i istotne analizy na temat najwa\u017cniejszych kwestii aktualno\u015bci, \u0142\u0105cz\u0105c rygor z pasj\u0105 dziennikarsk\u0105.","sameAs":["https:\/\/www.pogotowieflagowe.pl\/"]}]}},"_links":{"self":[{"href":"https:\/\/www.pogotowieflagowe.pl\/aktualne\/wp-json\/wp\/v2\/posts\/4163","targetHints":{"allow":["GET"]}}],"collection":[{"href":"https:\/\/www.pogotowieflagowe.pl\/aktualne\/wp-json\/wp\/v2\/posts"}],"about":[{"href":"https:\/\/www.pogotowieflagowe.pl\/aktualne\/wp-json\/wp\/v2\/types\/post"}],"author":[{"embeddable":true,"href":"https:\/\/www.pogotowieflagowe.pl\/aktualne\/wp-json\/wp\/v2\/users\/1"}],"replies":[{"embeddable":true,"href":"https:\/\/www.pogotowieflagowe.pl\/aktualne\/wp-json\/wp\/v2\/comments?post=4163"}],"version-history":[{"count":1,"href":"https:\/\/www.pogotowieflagowe.pl\/aktualne\/wp-json\/wp\/v2\/posts\/4163\/revisions"}],"predecessor-version":[{"id":4165,"href":"https:\/\/www.pogotowieflagowe.pl\/aktualne\/wp-json\/wp\/v2\/posts\/4163\/revisions\/4165"}],"wp:featuredmedia":[{"embeddable":true,"href":"https:\/\/www.pogotowieflagowe.pl\/aktualne\/wp-json\/wp\/v2\/media\/4164"}],"wp:attachment":[{"href":"https:\/\/www.pogotowieflagowe.pl\/aktualne\/wp-json\/wp\/v2\/media?parent=4163"}],"wp:term":[{"taxonomy":"category","embeddable":true,"href":"https:\/\/www.pogotowieflagowe.pl\/aktualne\/wp-json\/wp\/v2\/categories?post=4163"},{"taxonomy":"post_tag","embeddable":true,"href":"https:\/\/www.pogotowieflagowe.pl\/aktualne\/wp-json\/wp\/v2\/tags?post=4163"}],"curies":[{"name":"wp","href":"https:\/\/api.w.org\/{rel}","templated":true}]}}