{"id":417,"date":"2024-08-31T18:48:43","date_gmt":"2024-08-31T16:48:43","guid":{"rendered":"https:\/\/www.pogotowieflagowe.pl\/aktualne\/polska-paraolimpijka-roza-kozakowska-zdyskwalifikowana-po-rekordowym-zwyciestwie\/"},"modified":"2024-08-31T18:48:44","modified_gmt":"2024-08-31T16:48:44","slug":"polska-paraolimpijka-roza-kozakowska-zdyskwalifikowana-po-rekordowym-zwyciestwie","status":"publish","type":"post","link":"https:\/\/www.pogotowieflagowe.pl\/aktualne\/polska-paraolimpijka-roza-kozakowska-zdyskwalifikowana-po-rekordowym-zwyciestwie\/","title":{"rendered":"Polska paraolimpijka R\u00f3\u017ca Kozakowska zdyskwalifikowana po rekordowym zwyci\u0119stwie"},"content":{"rendered":"\n<div class=\"td_block_wrap tdb_single_content tdi_48 td-pb-border-top td_block_template_8 td-post-content tagdiv-type\" data-td-block-uid=\"tdi_48\">\n<style>.tdi_48{margines g\u00f3rny:0px!wa\u017cne;margines dolny:0px!wa\u017cne;wype\u0142nienie g\u00f3rne:0px!wa\u017cne;wype\u0142nienie dolne:0px!wa\u017cne}<\/style>\n<style>.tdb_single_content{margines-dolny:0;*powi\u0119kszenie:1}.tdb_single_content:before,.tdb_single_content:after{wy\u015bwietlanie:tabela;zawarto\u015b\u0107:'';wysoko\u015b\u0107-linii:0}.tdb_single_content:after{wyczy\u015b\u0107:oba}.tdb_single_content .tdb-block-inner>*:not(.wp-block-quote):not(.alignwide):not(.alignfull.wp-block-cover.has-parallax):not(.td-a-ad){margines-lewy:auto;margines-prawy:auto}.tdb_single_content a{zdarzenia-wska\u017anika:auto}.tdb_single_content .td-spot-id-top_ad .tdc-placeholder-title:before{zawarto\u015b\u0107:'Pocz\u0105tek artyku\u0142u Reklama'!important}.tdb_single_content .td-spot-id-inline_ad0 .tdc-placeholder-title:before{content:'Reklama inline artyku\u0142u 1'!important}.tdb_single_content .td-spot-id-inline_ad1 .tdc-placeholder-title:before{content:'Reklama inline artyku\u0142u 2'!important}.tdb_single_content .td-spot-id-inline_ad2 .tdc-placeholder-title:before{content:'Reklama inline artyku\u0142u 3'!important}.tdb_single_content .td-spot-id-bottom_ad .tdc-placeholder-title:before{content:'Reklama dolna artyku\u0142u'!important}.tdb_single_content .id_top_ad,.tdb_single_content .id_bottom_ad{clear:both;margines-dolny:21px;wyr\u00f3wnanie-tekstu:\u015brodek}.tdb_single_content .id_top_ad img,.tdb_single_content .id_bottom_ad img{margines-dolny:0}.tdb_single_content .id_top_ad .adsbygoogle,.tdb_single_content .id_bottom_ad .adsbygoogle{pozycja:wzgl\u0119dna}.tdb_single_content .id_ad_content-poziom-lewy,.tdb_single_content .id_ad_content-poziom-prawy,.tdb_single_content .id_ad_content-horiz-center{margines dolny:15px}.tdb_single_content .id_ad_content-horiz-lewy img,.tdb_single_content .id_ad_content-horiz-prawy img,.tdb_single_content .id_ad_content-horiz-center img{margines dolny:0}.tdb_single_content .id_ad_content-horiz-center{wyr\u00f3wnanie tekstu:\u015brodek}.tdb_single_content .id_ad_content-horiz-center img{margines prawy:auto;margines lewy:auto}.tdb_single_content .id_ad_content-horiz-left{float:lewy;margines g\u00f3rny:9px;margines prawy:21px}.tdb_single_content .id_ad_content-horiz-right{float:right;margines-g\u00f3rny:6px;margines-lewy:21px}.tdb_single_content .tdc-a-ad .tdc-placeholder-title{szeroko\u015b\u0107:300px;wysoko\u015b\u0107:250px}.tdb_single_content .tdc-a-ad .tdc-placeholder-title:before{pozycja:absolutna;g\u00f3ra:50%;-webkit-transform:translateY(-50%);przekszta\u0142cenie:translateY(-50%);margines:auto;wy\u015bwietlanie:tabela;szeroko\u015b\u0107:100%}.tdb_single_content .tdb-block-inner.td-fix-index{word-break:break-word}.tdi_48,.tdi_48>p,.tdi_48 .tdb-block-inner>p{rozmiar-czcionki:16px!wa\u017cne;wysoko\u015b\u0107-linii:1.6!wa\u017cne}.tdi_48 .tdb-block-inner cytat p{styl-czcionki:normalny!wa\u017cne}@media (maks. szeroko\u015b\u0107:767px){.tdb_single_content .id_ad_content-poziom-lewo,.tdb_single_content .id_ad_content-poziom-prawo,.tdb_single_content .id_ad_content-poziom-\u015brodek{margines:0 auto 26px auto}}@media (maks. szeroko\u015b\u0107:767px){.tdb_single_content .id_ad_content-poziom-lewo{margines-prawy:0}}@media (maks. szeroko\u015b\u0107:767px){.tdb_single_content .id_ad_content-horiz-right{margines-lewy:0}}@media (maks. szeroko\u015b\u0107:767px){.tdb_single_content .td-a-ad{float:none;wyr\u00f3wnanie tekstu:\u015brodek}.tdb_single_content .td-a-ad img{margines-prawy:auto;margines-lewy:auto}.tdb_single_content .tdc-a-ad{float:none}}<\/style>\n<div class=\"tdb-block-inner td-fix-index\">\n<p><strong>Polska paraolimpijka R\u00f3\u017ca Kozakowska, kt\u00f3ra ustanowi\u0142a rekord \u015bwiata w rzucie klubowym F32 podczas paryskich igrzysk paraolimpijskich, zosta\u0142a zdyskwalifikowana po prote\u015bcie z\u0142o\u017conym przez inn\u0105 dru\u017cyn\u0119. Protest, z\u0142o\u017cony p\u00f3\u017anym wieczorem w pi\u0105tek, kwestionowa\u0142 rozmiar poduszki u\u017cywanej pod g\u0142ow\u0105 Kozakowskiej podczas zawod\u00f3w. Orzeczenie zosta\u0142o podtrzymane przez w\u0142adze zawod\u00f3w, co doprowadzi\u0142o do jej dyskwalifikacji. Polski Komitet Paraolimpijski natychmiast odwo\u0142a\u0142 si\u0119 od tej decyzji, ale zosta\u0142a ona odrzucona po przegl\u0105dzie w sobotni poranek.<\/strong><\/p>\n<h2 class=\"wp-block-heading\">Obawy o zdrowie w obliczu kontrowersji<\/h2>\n<p>Opr\u00f3cz dyskwalifikacji, Kozakowska dozna\u0142a powa\u017cnego urazu barku podczas swoich rekordowych rzut\u00f3w, co uniemo\u017cliwi\u0142o jej kontynuowanie zawod\u00f3w. Polski Komitet Paraolimpijski wyrazi\u0142 zaniepokojenie o jej zdrowie, podkre\u015blaj\u0105c potrzeb\u0119 przeprowadzenia przejrzystego dochodzenia w sprawie incydentu po Igrzyskach. Kozakowska ma wzi\u0105\u0107 udzia\u0142 w pchni\u0119ciu kul\u0105 4 wrze\u015bnia, ale nie jest pewne, czy jej uraz pozwoli jej wzi\u0105\u0107 udzia\u0142.<\/p>\n<figure class=\"wp-block-embed is-type-rich is-provider-twitter wp-block-embed-twitter\">\n<div class=\"wp-block-embed__wrapper\">\n<blockquote class=\"twitter-tweet\" data-width=\"550\" data-dnt=\"true\">\n<p lang=\"pl\" dir=\"ltr\">R\u00f3\u017ca Kozakowska, kt\u00f3ra zdoby\u0142a z\u0142oty medal w rzucie maczug\u0105 na igrzyskach paralimpijskich, zosta\u0142a zdyskwalifikowana. <\/p>\n<p>by\u0142y to parametry sprz\u0119tu. Anulowano r\u00f3wnie\u017c ustanowiony przez ni\u0105 \u015bwiata. <a rel=\"nofollow\" href=\"https:\/\/t.co\/VWmJarUu3O\">fot.twitter.com\/VWmJarUu3O<\/a><\/p>\n<p>\u2014 MNFPL (@musicnewsfactpl) <a rel=\"nofollow\" href=\"https:\/\/twitter.com\/musicnewsfactpl\/status\/1829793764820598900?ref_src=twsrc%5Etfw\">31 sierpnia 2024 r.<\/a><\/p><\/blockquote>\n<\/div>\n<\/figure>\n<p>Przysz\u0142o\u015b\u0107 Kozakowskiej w trwaj\u0105cych Igrzyskach Paraolimpijskich jest teraz pod znakiem zapytania, rzucaj\u0105c cie\u0144 na jej niezwyk\u0142e osi\u0105gni\u0119cia sportowe. Polski Komitet Paraolimpijski nadal j\u0105 wspiera, skupiaj\u0105c si\u0119 na jej powrocie do zdrowia i zapewniaj\u0105c przeprowadzenie dok\u0142adnego dochodzenia po Igrzyskach.<\/p>\n<\/div>\n<\/div>\n<p><script async src=\"https:\/\/platform.twitter.com\/widgets.js\" charset=\"utf-8\"><\/script><\/p>\n","protected":false},"excerpt":{"rendered":"<p>Polska paraolimpijka R\u00f3\u017ca Kozakowska, kt\u00f3ra ustanowi\u0142a rekord \u015bwiata w rzucie klubowym F32 podczas paryskich igrzysk paraolimpijskich, zosta\u0142a zdyskwalifikowana po prote\u015bcie<\/p>\n","protected":false},"author":1,"featured_media":418,"comment_status":"closed","ping_status":"","sticky":false,"template":"","format":"standard","meta":{"footnotes":""},"categories":[118],"tags":[647,674,4,676,646,675,677],"class_list":["post-417","post","type-post","status-publish","format-standard","has-post-thumbnail","hentry","category-lekkoatletyka","tag-kozakowska","tag-paraolimpijka","tag-polska","tag-rekordowym","tag-roza","tag-zdyskwalifikowana","tag-zwyciestwie","generate-columns","tablet-grid-50","mobile-grid-100","grid-parent","grid-50","resize-featured-image"],"yoast_head":"<!-- This site is optimized with the Yoast SEO plugin v23.2 - https:\/\/yoast.com\/wordpress\/plugins\/seo\/ -->\n<title>Polska paraolimpijka R\u00f3\u017ca Kozakowska zdyskwalifikowana po rekordowym zwyci\u0119stwie - POGOTOWIE FLAGOWE\u00ae<\/title>\n<meta name=\"robots\" content=\"index, follow, max-snippet:-1, max-image-preview:large, max-video-preview:-1\" \/>\n<link rel=\"canonical\" href=\"https:\/\/www.pogotowieflagowe.pl\/aktualne\/polska-paraolimpijka-roza-kozakowska-zdyskwalifikowana-po-rekordowym-zwyciestwie\/\" \/>\n<meta property=\"og:locale\" content=\"pl_PL\" \/>\n<meta property=\"og:type\" content=\"article\" \/>\n<meta property=\"og:title\" content=\"Polska paraolimpijka R\u00f3\u017ca Kozakowska zdyskwalifikowana po rekordowym zwyci\u0119stwie - POGOTOWIE FLAGOWE\u00ae\" \/>\n<meta property=\"og:description\" content=\"Polska paraolimpijka R\u00f3\u017ca Kozakowska, kt\u00f3ra ustanowi\u0142a rekord \u015bwiata w rzucie klubowym F32 podczas paryskich igrzysk paraolimpijskich, zosta\u0142a zdyskwalifikowana po prote\u015bcie\" \/>\n<meta property=\"og:url\" content=\"https:\/\/www.pogotowieflagowe.pl\/aktualne\/polska-paraolimpijka-roza-kozakowska-zdyskwalifikowana-po-rekordowym-zwyciestwie\/\" \/>\n<meta property=\"og:site_name\" content=\"POGOTOWIE FLAGOWE\u00ae\" \/>\n<meta property=\"article:published_time\" content=\"2024-08-31T16:48:43+00:00\" \/>\n<meta property=\"article:modified_time\" content=\"2024-08-31T16:48:44+00:00\" \/>\n<meta property=\"og:image\" content=\"https:\/\/www.pogotowieflagowe.pl\/aktualne\/wp-content\/uploads\/2024\/08\/Polska-paraolimpijka-Roza-Kozakowska-zdyskwalifikowana-po-rekordowym-zwyciestwie.jpg\" \/>\n\t<meta property=\"og:image:width\" content=\"1376\" \/>\n\t<meta property=\"og:image:height\" content=\"781\" \/>\n\t<meta property=\"og:image:type\" content=\"image\/jpeg\" \/>\n<meta name=\"author\" content=\"Filip\" \/>\n<meta name=\"twitter:card\" content=\"summary_large_image\" \/>\n<meta name=\"twitter:label1\" content=\"Napisane przez\" \/>\n\t<meta name=\"twitter:data1\" content=\"Filip\" \/>\n\t<meta name=\"twitter:label2\" content=\"Szacowany czas czytania\" \/>\n\t<meta name=\"twitter:data2\" content=\"1 minuta\" \/>\n<script type=\"application\/ld+json\" class=\"yoast-schema-graph\">{\"@context\":\"https:\/\/schema.org\",\"@graph\":[{\"@type\":\"Article\",\"@id\":\"https:\/\/www.pogotowieflagowe.pl\/aktualne\/polska-paraolimpijka-roza-kozakowska-zdyskwalifikowana-po-rekordowym-zwyciestwie\/#article\",\"isPartOf\":{\"@id\":\"https:\/\/www.pogotowieflagowe.pl\/aktualne\/polska-paraolimpijka-roza-kozakowska-zdyskwalifikowana-po-rekordowym-zwyciestwie\/\"},\"author\":{\"name\":\"Filip\",\"@id\":\"https:\/\/www.pogotowieflagowe.pl\/aktualne\/#\/schema\/person\/9c2fb7d2362ebf6fa088960d7f0d27b0\"},\"headline\":\"Polska paraolimpijka R\u00f3\u017ca Kozakowska zdyskwalifikowana po rekordowym zwyci\u0119stwie\",\"datePublished\":\"2024-08-31T16:48:43+00:00\",\"dateModified\":\"2024-08-31T16:48:44+00:00\",\"mainEntityOfPage\":{\"@id\":\"https:\/\/www.pogotowieflagowe.pl\/aktualne\/polska-paraolimpijka-roza-kozakowska-zdyskwalifikowana-po-rekordowym-zwyciestwie\/\"},\"wordCount\":258,\"publisher\":{\"@id\":\"https:\/\/www.pogotowieflagowe.pl\/aktualne\/#organization\"},\"image\":{\"@id\":\"https:\/\/www.pogotowieflagowe.pl\/aktualne\/polska-paraolimpijka-roza-kozakowska-zdyskwalifikowana-po-rekordowym-zwyciestwie\/#primaryimage\"},\"thumbnailUrl\":\"https:\/\/www.pogotowieflagowe.pl\/aktualne\/wp-content\/uploads\/2024\/08\/Polska-paraolimpijka-Roza-Kozakowska-zdyskwalifikowana-po-rekordowym-zwyciestwie.jpg\",\"keywords\":[\"Kozakowska\",\"paraolimpijka\",\"polska\",\"rekordowym\",\"R\u00f3\u017ca\",\"zdyskwalifikowana\",\"zwyci\u0119stwie\"],\"articleSection\":[\"Lekkoatletyka\"],\"inLanguage\":\"pl-PL\"},{\"@type\":\"WebPage\",\"@id\":\"https:\/\/www.pogotowieflagowe.pl\/aktualne\/polska-paraolimpijka-roza-kozakowska-zdyskwalifikowana-po-rekordowym-zwyciestwie\/\",\"url\":\"https:\/\/www.pogotowieflagowe.pl\/aktualne\/polska-paraolimpijka-roza-kozakowska-zdyskwalifikowana-po-rekordowym-zwyciestwie\/\",\"name\":\"Polska paraolimpijka R\u00f3\u017ca Kozakowska zdyskwalifikowana po rekordowym zwyci\u0119stwie - POGOTOWIE FLAGOWE\u00ae\",\"isPartOf\":{\"@id\":\"https:\/\/www.pogotowieflagowe.pl\/aktualne\/#website\"},\"primaryImageOfPage\":{\"@id\":\"https:\/\/www.pogotowieflagowe.pl\/aktualne\/polska-paraolimpijka-roza-kozakowska-zdyskwalifikowana-po-rekordowym-zwyciestwie\/#primaryimage\"},\"image\":{\"@id\":\"https:\/\/www.pogotowieflagowe.pl\/aktualne\/polska-paraolimpijka-roza-kozakowska-zdyskwalifikowana-po-rekordowym-zwyciestwie\/#primaryimage\"},\"thumbnailUrl\":\"https:\/\/www.pogotowieflagowe.pl\/aktualne\/wp-content\/uploads\/2024\/08\/Polska-paraolimpijka-Roza-Kozakowska-zdyskwalifikowana-po-rekordowym-zwyciestwie.jpg\",\"datePublished\":\"2024-08-31T16:48:43+00:00\",\"dateModified\":\"2024-08-31T16:48:44+00:00\",\"breadcrumb\":{\"@id\":\"https:\/\/www.pogotowieflagowe.pl\/aktualne\/polska-paraolimpijka-roza-kozakowska-zdyskwalifikowana-po-rekordowym-zwyciestwie\/#breadcrumb\"},\"inLanguage\":\"pl-PL\",\"potentialAction\":[{\"@type\":\"ReadAction\",\"target\":[\"https:\/\/www.pogotowieflagowe.pl\/aktualne\/polska-paraolimpijka-roza-kozakowska-zdyskwalifikowana-po-rekordowym-zwyciestwie\/\"]}]},{\"@type\":\"ImageObject\",\"inLanguage\":\"pl-PL\",\"@id\":\"https:\/\/www.pogotowieflagowe.pl\/aktualne\/polska-paraolimpijka-roza-kozakowska-zdyskwalifikowana-po-rekordowym-zwyciestwie\/#primaryimage\",\"url\":\"https:\/\/www.pogotowieflagowe.pl\/aktualne\/wp-content\/uploads\/2024\/08\/Polska-paraolimpijka-Roza-Kozakowska-zdyskwalifikowana-po-rekordowym-zwyciestwie.jpg\",\"contentUrl\":\"https:\/\/www.pogotowieflagowe.pl\/aktualne\/wp-content\/uploads\/2024\/08\/Polska-paraolimpijka-Roza-Kozakowska-zdyskwalifikowana-po-rekordowym-zwyciestwie.jpg\",\"width\":1376,\"height\":781,\"caption\":\"Polska paraolimpijka R\u00f3\u017ca Kozakowska zdyskwalifikowana po rekordowym zwyci\u0119stwie\"},{\"@type\":\"BreadcrumbList\",\"@id\":\"https:\/\/www.pogotowieflagowe.pl\/aktualne\/polska-paraolimpijka-roza-kozakowska-zdyskwalifikowana-po-rekordowym-zwyciestwie\/#breadcrumb\",\"itemListElement\":[{\"@type\":\"ListItem\",\"position\":1,\"name\":\"Home\",\"item\":\"https:\/\/www.pogotowieflagowe.pl\/aktualne\/\"},{\"@type\":\"ListItem\",\"position\":2,\"name\":\"Polska paraolimpijka R\u00f3\u017ca Kozakowska zdyskwalifikowana po rekordowym zwyci\u0119stwie\"}]},{\"@type\":\"WebSite\",\"@id\":\"https:\/\/www.pogotowieflagowe.pl\/aktualne\/#website\",\"url\":\"https:\/\/www.pogotowieflagowe.pl\/aktualne\/\",\"name\":\"POGOTOWIE FLAGOWE\u00ae\",\"description\":\"\",\"publisher\":{\"@id\":\"https:\/\/www.pogotowieflagowe.pl\/aktualne\/#organization\"},\"potentialAction\":[{\"@type\":\"SearchAction\",\"target\":{\"@type\":\"EntryPoint\",\"urlTemplate\":\"https:\/\/www.pogotowieflagowe.pl\/aktualne\/?s={search_term_string}\"},\"query-input\":\"required name=search_term_string\"}],\"inLanguage\":\"pl-PL\"},{\"@type\":\"Organization\",\"@id\":\"https:\/\/www.pogotowieflagowe.pl\/aktualne\/#organization\",\"name\":\"POGOTOWIE FLAGOWE\u00ae\",\"url\":\"https:\/\/www.pogotowieflagowe.pl\/aktualne\/\",\"logo\":{\"@type\":\"ImageObject\",\"inLanguage\":\"pl-PL\",\"@id\":\"https:\/\/www.pogotowieflagowe.pl\/aktualne\/#\/schema\/logo\/image\/\",\"url\":\"https:\/\/www.pogotowieflagowe.pl\/aktualne\/wp-content\/uploads\/2024\/08\/cropped-pogotowieflagowe_flaga_projekt_sm.jpg\",\"contentUrl\":\"https:\/\/www.pogotowieflagowe.pl\/aktualne\/wp-content\/uploads\/2024\/08\/cropped-pogotowieflagowe_flaga_projekt_sm.jpg\",\"width\":250,\"height\":143,\"caption\":\"POGOTOWIE FLAGOWE\u00ae\"},\"image\":{\"@id\":\"https:\/\/www.pogotowieflagowe.pl\/aktualne\/#\/schema\/logo\/image\/\"}},{\"@type\":\"Person\",\"@id\":\"https:\/\/www.pogotowieflagowe.pl\/aktualne\/#\/schema\/person\/9c2fb7d2362ebf6fa088960d7f0d27b0\",\"name\":\"Filip\",\"image\":{\"@type\":\"ImageObject\",\"inLanguage\":\"pl-PL\",\"@id\":\"https:\/\/www.pogotowieflagowe.pl\/aktualne\/#\/schema\/person\/image\/\",\"url\":\"https:\/\/www.pogotowieflagowe.pl\/aktualne\/wp-content\/uploads\/2024\/08\/pogotowieflagowe.pl_.jpg\",\"contentUrl\":\"https:\/\/www.pogotowieflagowe.pl\/aktualne\/wp-content\/uploads\/2024\/08\/pogotowieflagowe.pl_.jpg\",\"caption\":\"Filip\"},\"description\":\"Jestem Filip, polski dziennikarz z dyplomem nauk politycznych Uniwersytetu Warszawskiego. Rozpoczynaj\u0105c swoj\u0105 karier\u0119 w r\u00f3\u017cnych lokalnych mediach, zdoby\u0142em solidne do\u015bwiadczenie w zakresie \u015bledztwa i redakcji. Obecnie jako redaktor w Pogotowie flagowe, staram si\u0119 dostarcza\u0107 dog\u0142\u0119bne i istotne analizy na temat najwa\u017cniejszych kwestii aktualno\u015bci, \u0142\u0105cz\u0105c rygor z pasj\u0105 dziennikarsk\u0105.\",\"sameAs\":[\"https:\/\/www.pogotowieflagowe.pl\/\"]}]}<\/script>\n<!-- \/ Yoast SEO plugin. -->","yoast_head_json":{"title":"Polska paraolimpijka R\u00f3\u017ca Kozakowska zdyskwalifikowana po rekordowym zwyci\u0119stwie - POGOTOWIE FLAGOWE\u00ae","robots":{"index":"index","follow":"follow","max-snippet":"max-snippet:-1","max-image-preview":"max-image-preview:large","max-video-preview":"max-video-preview:-1"},"canonical":"https:\/\/www.pogotowieflagowe.pl\/aktualne\/polska-paraolimpijka-roza-kozakowska-zdyskwalifikowana-po-rekordowym-zwyciestwie\/","og_locale":"pl_PL","og_type":"article","og_title":"Polska paraolimpijka R\u00f3\u017ca Kozakowska zdyskwalifikowana po rekordowym zwyci\u0119stwie - POGOTOWIE FLAGOWE\u00ae","og_description":"Polska paraolimpijka R\u00f3\u017ca Kozakowska, kt\u00f3ra ustanowi\u0142a rekord \u015bwiata w rzucie klubowym F32 podczas paryskich igrzysk paraolimpijskich, zosta\u0142a zdyskwalifikowana po prote\u015bcie","og_url":"https:\/\/www.pogotowieflagowe.pl\/aktualne\/polska-paraolimpijka-roza-kozakowska-zdyskwalifikowana-po-rekordowym-zwyciestwie\/","og_site_name":"POGOTOWIE FLAGOWE\u00ae","article_published_time":"2024-08-31T16:48:43+00:00","article_modified_time":"2024-08-31T16:48:44+00:00","og_image":[{"width":1376,"height":781,"url":"https:\/\/www.pogotowieflagowe.pl\/aktualne\/wp-content\/uploads\/2024\/08\/Polska-paraolimpijka-Roza-Kozakowska-zdyskwalifikowana-po-rekordowym-zwyciestwie.jpg","type":"image\/jpeg"}],"author":"Filip","twitter_card":"summary_large_image","twitter_misc":{"Napisane przez":"Filip","Szacowany czas czytania":"1 minuta"},"schema":{"@context":"https:\/\/schema.org","@graph":[{"@type":"Article","@id":"https:\/\/www.pogotowieflagowe.pl\/aktualne\/polska-paraolimpijka-roza-kozakowska-zdyskwalifikowana-po-rekordowym-zwyciestwie\/#article","isPartOf":{"@id":"https:\/\/www.pogotowieflagowe.pl\/aktualne\/polska-paraolimpijka-roza-kozakowska-zdyskwalifikowana-po-rekordowym-zwyciestwie\/"},"author":{"name":"Filip","@id":"https:\/\/www.pogotowieflagowe.pl\/aktualne\/#\/schema\/person\/9c2fb7d2362ebf6fa088960d7f0d27b0"},"headline":"Polska paraolimpijka R\u00f3\u017ca Kozakowska zdyskwalifikowana po rekordowym zwyci\u0119stwie","datePublished":"2024-08-31T16:48:43+00:00","dateModified":"2024-08-31T16:48:44+00:00","mainEntityOfPage":{"@id":"https:\/\/www.pogotowieflagowe.pl\/aktualne\/polska-paraolimpijka-roza-kozakowska-zdyskwalifikowana-po-rekordowym-zwyciestwie\/"},"wordCount":258,"publisher":{"@id":"https:\/\/www.pogotowieflagowe.pl\/aktualne\/#organization"},"image":{"@id":"https:\/\/www.pogotowieflagowe.pl\/aktualne\/polska-paraolimpijka-roza-kozakowska-zdyskwalifikowana-po-rekordowym-zwyciestwie\/#primaryimage"},"thumbnailUrl":"https:\/\/www.pogotowieflagowe.pl\/aktualne\/wp-content\/uploads\/2024\/08\/Polska-paraolimpijka-Roza-Kozakowska-zdyskwalifikowana-po-rekordowym-zwyciestwie.jpg","keywords":["Kozakowska","paraolimpijka","polska","rekordowym","R\u00f3\u017ca","zdyskwalifikowana","zwyci\u0119stwie"],"articleSection":["Lekkoatletyka"],"inLanguage":"pl-PL"},{"@type":"WebPage","@id":"https:\/\/www.pogotowieflagowe.pl\/aktualne\/polska-paraolimpijka-roza-kozakowska-zdyskwalifikowana-po-rekordowym-zwyciestwie\/","url":"https:\/\/www.pogotowieflagowe.pl\/aktualne\/polska-paraolimpijka-roza-kozakowska-zdyskwalifikowana-po-rekordowym-zwyciestwie\/","name":"Polska paraolimpijka R\u00f3\u017ca Kozakowska zdyskwalifikowana po rekordowym zwyci\u0119stwie - POGOTOWIE FLAGOWE\u00ae","isPartOf":{"@id":"https:\/\/www.pogotowieflagowe.pl\/aktualne\/#website"},"primaryImageOfPage":{"@id":"https:\/\/www.pogotowieflagowe.pl\/aktualne\/polska-paraolimpijka-roza-kozakowska-zdyskwalifikowana-po-rekordowym-zwyciestwie\/#primaryimage"},"image":{"@id":"https:\/\/www.pogotowieflagowe.pl\/aktualne\/polska-paraolimpijka-roza-kozakowska-zdyskwalifikowana-po-rekordowym-zwyciestwie\/#primaryimage"},"thumbnailUrl":"https:\/\/www.pogotowieflagowe.pl\/aktualne\/wp-content\/uploads\/2024\/08\/Polska-paraolimpijka-Roza-Kozakowska-zdyskwalifikowana-po-rekordowym-zwyciestwie.jpg","datePublished":"2024-08-31T16:48:43+00:00","dateModified":"2024-08-31T16:48:44+00:00","breadcrumb":{"@id":"https:\/\/www.pogotowieflagowe.pl\/aktualne\/polska-paraolimpijka-roza-kozakowska-zdyskwalifikowana-po-rekordowym-zwyciestwie\/#breadcrumb"},"inLanguage":"pl-PL","potentialAction":[{"@type":"ReadAction","target":["https:\/\/www.pogotowieflagowe.pl\/aktualne\/polska-paraolimpijka-roza-kozakowska-zdyskwalifikowana-po-rekordowym-zwyciestwie\/"]}]},{"@type":"ImageObject","inLanguage":"pl-PL","@id":"https:\/\/www.pogotowieflagowe.pl\/aktualne\/polska-paraolimpijka-roza-kozakowska-zdyskwalifikowana-po-rekordowym-zwyciestwie\/#primaryimage","url":"https:\/\/www.pogotowieflagowe.pl\/aktualne\/wp-content\/uploads\/2024\/08\/Polska-paraolimpijka-Roza-Kozakowska-zdyskwalifikowana-po-rekordowym-zwyciestwie.jpg","contentUrl":"https:\/\/www.pogotowieflagowe.pl\/aktualne\/wp-content\/uploads\/2024\/08\/Polska-paraolimpijka-Roza-Kozakowska-zdyskwalifikowana-po-rekordowym-zwyciestwie.jpg","width":1376,"height":781,"caption":"Polska paraolimpijka R\u00f3\u017ca Kozakowska zdyskwalifikowana po rekordowym zwyci\u0119stwie"},{"@type":"BreadcrumbList","@id":"https:\/\/www.pogotowieflagowe.pl\/aktualne\/polska-paraolimpijka-roza-kozakowska-zdyskwalifikowana-po-rekordowym-zwyciestwie\/#breadcrumb","itemListElement":[{"@type":"ListItem","position":1,"name":"Home","item":"https:\/\/www.pogotowieflagowe.pl\/aktualne\/"},{"@type":"ListItem","position":2,"name":"Polska paraolimpijka R\u00f3\u017ca Kozakowska zdyskwalifikowana po rekordowym zwyci\u0119stwie"}]},{"@type":"WebSite","@id":"https:\/\/www.pogotowieflagowe.pl\/aktualne\/#website","url":"https:\/\/www.pogotowieflagowe.pl\/aktualne\/","name":"POGOTOWIE FLAGOWE\u00ae","description":"","publisher":{"@id":"https:\/\/www.pogotowieflagowe.pl\/aktualne\/#organization"},"potentialAction":[{"@type":"SearchAction","target":{"@type":"EntryPoint","urlTemplate":"https:\/\/www.pogotowieflagowe.pl\/aktualne\/?s={search_term_string}"},"query-input":"required name=search_term_string"}],"inLanguage":"pl-PL"},{"@type":"Organization","@id":"https:\/\/www.pogotowieflagowe.pl\/aktualne\/#organization","name":"POGOTOWIE FLAGOWE\u00ae","url":"https:\/\/www.pogotowieflagowe.pl\/aktualne\/","logo":{"@type":"ImageObject","inLanguage":"pl-PL","@id":"https:\/\/www.pogotowieflagowe.pl\/aktualne\/#\/schema\/logo\/image\/","url":"https:\/\/www.pogotowieflagowe.pl\/aktualne\/wp-content\/uploads\/2024\/08\/cropped-pogotowieflagowe_flaga_projekt_sm.jpg","contentUrl":"https:\/\/www.pogotowieflagowe.pl\/aktualne\/wp-content\/uploads\/2024\/08\/cropped-pogotowieflagowe_flaga_projekt_sm.jpg","width":250,"height":143,"caption":"POGOTOWIE FLAGOWE\u00ae"},"image":{"@id":"https:\/\/www.pogotowieflagowe.pl\/aktualne\/#\/schema\/logo\/image\/"}},{"@type":"Person","@id":"https:\/\/www.pogotowieflagowe.pl\/aktualne\/#\/schema\/person\/9c2fb7d2362ebf6fa088960d7f0d27b0","name":"Filip","image":{"@type":"ImageObject","inLanguage":"pl-PL","@id":"https:\/\/www.pogotowieflagowe.pl\/aktualne\/#\/schema\/person\/image\/","url":"https:\/\/www.pogotowieflagowe.pl\/aktualne\/wp-content\/uploads\/2024\/08\/pogotowieflagowe.pl_.jpg","contentUrl":"https:\/\/www.pogotowieflagowe.pl\/aktualne\/wp-content\/uploads\/2024\/08\/pogotowieflagowe.pl_.jpg","caption":"Filip"},"description":"Jestem Filip, polski dziennikarz z dyplomem nauk politycznych Uniwersytetu Warszawskiego. Rozpoczynaj\u0105c swoj\u0105 karier\u0119 w r\u00f3\u017cnych lokalnych mediach, zdoby\u0142em solidne do\u015bwiadczenie w zakresie \u015bledztwa i redakcji. Obecnie jako redaktor w Pogotowie flagowe, staram si\u0119 dostarcza\u0107 dog\u0142\u0119bne i istotne analizy na temat najwa\u017cniejszych kwestii aktualno\u015bci, \u0142\u0105cz\u0105c rygor z pasj\u0105 dziennikarsk\u0105.","sameAs":["https:\/\/www.pogotowieflagowe.pl\/"]}]}},"_links":{"self":[{"href":"https:\/\/www.pogotowieflagowe.pl\/aktualne\/wp-json\/wp\/v2\/posts\/417","targetHints":{"allow":["GET"]}}],"collection":[{"href":"https:\/\/www.pogotowieflagowe.pl\/aktualne\/wp-json\/wp\/v2\/posts"}],"about":[{"href":"https:\/\/www.pogotowieflagowe.pl\/aktualne\/wp-json\/wp\/v2\/types\/post"}],"author":[{"embeddable":true,"href":"https:\/\/www.pogotowieflagowe.pl\/aktualne\/wp-json\/wp\/v2\/users\/1"}],"replies":[{"embeddable":true,"href":"https:\/\/www.pogotowieflagowe.pl\/aktualne\/wp-json\/wp\/v2\/comments?post=417"}],"version-history":[{"count":1,"href":"https:\/\/www.pogotowieflagowe.pl\/aktualne\/wp-json\/wp\/v2\/posts\/417\/revisions"}],"predecessor-version":[{"id":419,"href":"https:\/\/www.pogotowieflagowe.pl\/aktualne\/wp-json\/wp\/v2\/posts\/417\/revisions\/419"}],"wp:featuredmedia":[{"embeddable":true,"href":"https:\/\/www.pogotowieflagowe.pl\/aktualne\/wp-json\/wp\/v2\/media\/418"}],"wp:attachment":[{"href":"https:\/\/www.pogotowieflagowe.pl\/aktualne\/wp-json\/wp\/v2\/media?parent=417"}],"wp:term":[{"taxonomy":"category","embeddable":true,"href":"https:\/\/www.pogotowieflagowe.pl\/aktualne\/wp-json\/wp\/v2\/categories?post=417"},{"taxonomy":"post_tag","embeddable":true,"href":"https:\/\/www.pogotowieflagowe.pl\/aktualne\/wp-json\/wp\/v2\/tags?post=417"}],"curies":[{"name":"wp","href":"https:\/\/api.w.org\/{rel}","templated":true}]}}