{"id":4173,"date":"2025-02-24T17:47:02","date_gmt":"2025-02-24T16:47:02","guid":{"rendered":"https:\/\/www.pogotowieflagowe.pl\/aktualne\/anna-falkowska-wygrywa-medal-na-mistrzostwach-swiata-junior-w-quebecu\/"},"modified":"2025-02-24T17:47:03","modified_gmt":"2025-02-24T16:47:03","slug":"anna-falkowska-wygrywa-medal-na-mistrzostwach-swiata-junior-w-quebecu","status":"publish","type":"post","link":"https:\/\/www.pogotowieflagowe.pl\/aktualne\/anna-falkowska-wygrywa-medal-na-mistrzostwach-swiata-junior-w-quebecu\/","title":{"rendered":"Anna Falkowska wygrywa medal na Mistrzostwach \u015awiata Junior w Quebecu"},"content":{"rendered":"\n<div class=\"td_block_wrap tdb_single_content tdi_41 td-pb-border-top td_block_template_8 td-post-content tagdiv-type\" data-td-block-uid=\"tdi_41\">\n<style>.tdi_41 {margin-top: 0px! Wa\u017cne; margines-bottom: 0px! WA\u017bNY; PALDING-TOP: 0PX! WA\u017bNY; PALDING-BOTTOM: 0PX! WA\u017bNE}<\/style>\n<style>.tdb_single_content {margin-bottom: 0;*zoom: 1} .tdb_single_content: wcze\u015bniej, .tdb_single_content: po {display: Table; content: ''; line-height: 0} .TDB-BLOCK-INner>*: nie (.WP-BLOCK-QUOTE): NOT (.Alignwide): not (.alignfull.wp-block-cover.has-parallax): not (.td-a-ad) {margin-left: auto; margin-right: auto} .tdb_single_content a {wska\u017anik-events: auto} .tdb_single_content .td-spot-top_ad .tdc-pl-plameholder-title: przed {content: \u201eArtyku\u0142 top ad\u201d! Wa\u017cne} .tdb_single_content .td-spot-id-inline_ad0 .tdc-- THE PLACEHENTER TITLE: Wcze\u015bniej {content: \u201eArtyku\u0142 inline AD 1 '! Wa\u017cne} .tdb_single_content .td-spot-id-inline_ad1 .tdc-miejsce-title: przed {content:' Artyku\u0142 inline AD 2 '! Wa\u017cny}. Tytu\u0142: Przed {Content: \u201eArtyku\u0142 Inline AD 3 '! Wa\u017cne} .tdb_single_content .td-Spot-Id-Bottom_Ad .tdc-Placeholder-Title: przed {content: \u201eArtyku\u0142 Bottom Ad\u201d! Wa\u017cne} .tdb_single_content .id_top_ad, .tdb_single_content_content .id_bottom_ad {clear: oba; margin-bottom: 21px; text-align: Center} .tdb_single_content .id_top_ad img, .tdb_single_content .id_bottom_ad img {margin-bottom: 0} .tdb_single_conTent .id_top_ad .adsbyGoogle, .tdb_single_content .id_bottom_ad .adsbyGoogle {pozycja: relatyw} .tdb_single_content .id_ad_content-horiz-left, .tdb_single_content .id_ad_content-horiz-right, .tdb_single_content .id_ad_content-horiz-Center {margin-bottom: 15px} .tdb_single_content .id_ad_content-horiz-left Img, .tdb_single_content .id_ad_content-horiz-right img, .tdb_single_content .id_ad_content-horiz-centerter img {margin-bottom: 0} .tdb_single_content .id_ad_content-horiz-center {text-align: Center} .tdb_single_content .id_ad_content-horiz-center img {margin-right: auto; margin-let: auto} .tdb_single_content .id_ad_content-horiz-left {float: left; margin-top: 9px; margin-right: 21px} .tdb_single_content .id_ad_content-horiz-right {float: right; margin-top: 6px; margin-left: 21px} .tdb_single_content .tdc-a-ad .TDC-Placeholder-Title {szeroko\u015b\u0107: 300px; height: 250px} .tdb_single_content .tdc-a-ad .TDC-Placeholder-Title: Przed {Pozycja: Absolute; TOP: 50%;-WebKit-Transform: Translatey (-50%); Transform: Translatey (-50%); margines: auto; wy\u015bwietlacz: Tabela; szeroko\u015b\u0107: 100 %}. tdb_single_content .TDB-BLOCK-INNER.TD-FIX-INDEX {Word-Break: Break-word} .tdi_41, .tdi_41> p, .tdi_41 .tdb-block-inner> p, .wp-block-column> p {font -Size: 16px! Wa\u017cne; wysoko\u015b\u0107 linii: 1.6! Wa\u017cne} .tdi_41 .tdb-block-inner Blockquote P {font-styl: normalne! Wa\u017cne} @media (Max-Width: 767px) {. tdb_single_content .id_ad_content-horiz-left, .tdb_single_content .id_ad_content-horiz-right, .tdb_single_content .id_ad_content-horiz-center {Margin: 0 Auto 26px auto}}@media (Max-Width: 767px) {. tdb_single_content .id_ad_content-horiz-left {margin-right: 0}}@media (max-width: 767px) {. po lewej: 0}}@media (Max-Width: 767px) {. tdb_single_content .td-a-ad {float: none; text-align: Center} .tdb_single_content .td-a-ad img {margin-right: auto; margin-left: auto}. tdb_single_content .tdc-a-ad {float: none}}<\/style>\n<div class=\"tdb-block-inner td-fix-index\">\n<p><strong>Mistrzostwa \u015awiata Junior\u00f3w w Quebecu s\u0142u\u017cy\u0142o jako ostatni test dla Polski kr\u00f3tkiej dru\u017cyny pr\u0119dko\u015bci pr\u0119dko\u015bci przed nadchodz\u0105cymi Mistrzostwami \u015awiata Junior\u00f3w w Calgary. Polska dru\u017cyna, wspierana przez PGE Polsky Grupa Energetyczna SA, przesz\u0142a testy wydajno\u015bci i adaptacj\u0119 wysoko\u015bci w Kanadzie. Konkurs w Quebecu zapewni\u0142 cenne do\u015bwiadczenie przed g\u0142\u00f3wnym wydarzeniem.<\/strong><\/p>\n<h2 class=\"wp-block-heading\"><strong>Falkowska twierdzi, \u017ce br\u0105z w Quebecu<\/strong><\/h2>\n<p>Anna Falkowska by\u0142a jedyn\u0105 polsk\u0105 \u0142y\u017cwiark\u0105, kt\u00f3ra dotar\u0142a na podium, zabezpieczaj\u0105c br\u0105z w imprezie 500m. Kornelia Wo\u017aniak zako\u0144czy\u0142a tu\u017c za medalami na czwartym miejscu. Hanna Mazur r\u00f3wnie\u017c zbli\u017cy\u0142a si\u0119, zajmuj\u0105c sz\u00f3ste miejsce w finale 1500m. Inni polscy \u0142y\u017cwiarze, w tym Michalina Wawer i Krzysztof M\u0105dry, okazali obietnica, ale przegapili najwy\u017csze miejsca. W wydarzeniach sztafetowych zar\u00f3wno m\u0119skie, jak i kobiety, rywalizowa\u0142y w finale B, ko\u0144cz\u0105c odpowiednio trzecie i drugie miejsce.<\/p>\n<p>Poniewa\u017c Mistrzostwa \u015awiata Junior\u00f3w rozpoczynaj\u0105 si\u0119 27 lutego, polska dru\u017cyna koncentruje si\u0119 teraz na odzyskiwaniu. G\u0142\u00f3wny trener Dariusz Kulesza uwa\u017ca, \u017ce \u200b\u200b\u0142y\u017cwiarze s\u0105 dobrze przygotowani, ale podkre\u015bla znaczenie si\u0142y psychicznej w kluczowych momentach. \u201eNast\u0119pne trzy dni zostan\u0105 po\u015bwi\u0119cone rewitalizacji\u201d &#8211; stwierdzi\u0142.<\/p>\n<\/div>\n<\/div>\n","protected":false},"excerpt":{"rendered":"<p>Mistrzostwa \u015awiata Junior\u00f3w w Quebecu s\u0142u\u017cy\u0142o jako ostatni test dla Polski kr\u00f3tkiej dru\u017cyny pr\u0119dko\u015bci pr\u0119dko\u015bci przed nadchodz\u0105cymi Mistrzostwami \u015awiata Junior\u00f3w<\/p>\n","protected":false},"author":1,"featured_media":4174,"comment_status":"closed","ping_status":"","sticky":false,"template":"","format":"standard","meta":{"footnotes":""},"categories":[118],"tags":[4498,5767,5768,666,236,5769,444,8],"class_list":["post-4173","post","type-post","status-publish","format-standard","has-post-thumbnail","hentry","category-lekkoatletyka","tag-anna","tag-falkowska","tag-junior","tag-medal","tag-mistrzostwach","tag-quebecu","tag-swiata","tag-wygrywa","generate-columns","tablet-grid-50","mobile-grid-100","grid-parent","grid-50","resize-featured-image"],"yoast_head":"<!-- This site is optimized with the Yoast SEO plugin v23.2 - https:\/\/yoast.com\/wordpress\/plugins\/seo\/ -->\n<title>Anna Falkowska wygrywa medal na Mistrzostwach \u015awiata Junior w Quebecu - POGOTOWIE FLAGOWE\u00ae<\/title>\n<meta name=\"robots\" content=\"index, follow, max-snippet:-1, max-image-preview:large, max-video-preview:-1\" \/>\n<link rel=\"canonical\" href=\"https:\/\/www.pogotowieflagowe.pl\/aktualne\/anna-falkowska-wygrywa-medal-na-mistrzostwach-swiata-junior-w-quebecu\/\" \/>\n<meta property=\"og:locale\" content=\"pl_PL\" \/>\n<meta property=\"og:type\" content=\"article\" \/>\n<meta property=\"og:title\" content=\"Anna Falkowska wygrywa medal na Mistrzostwach \u015awiata Junior w Quebecu - POGOTOWIE FLAGOWE\u00ae\" \/>\n<meta property=\"og:description\" content=\"Mistrzostwa \u015awiata Junior\u00f3w w Quebecu s\u0142u\u017cy\u0142o jako ostatni test dla Polski kr\u00f3tkiej dru\u017cyny pr\u0119dko\u015bci pr\u0119dko\u015bci przed nadchodz\u0105cymi Mistrzostwami \u015awiata Junior\u00f3w\" \/>\n<meta property=\"og:url\" content=\"https:\/\/www.pogotowieflagowe.pl\/aktualne\/anna-falkowska-wygrywa-medal-na-mistrzostwach-swiata-junior-w-quebecu\/\" \/>\n<meta property=\"og:site_name\" content=\"POGOTOWIE FLAGOWE\u00ae\" \/>\n<meta property=\"article:published_time\" content=\"2025-02-24T16:47:02+00:00\" \/>\n<meta property=\"article:modified_time\" content=\"2025-02-24T16:47:03+00:00\" \/>\n<meta property=\"og:image\" content=\"https:\/\/www.pogotowieflagowe.pl\/aktualne\/wp-content\/uploads\/2025\/02\/Anna-Falkowska-wygrywa-medal-na-Mistrzostwach-Swiata-Junior-w-Quebecu.jpg\" \/>\n\t<meta property=\"og:image:width\" content=\"995\" \/>\n\t<meta property=\"og:image:height\" content=\"1242\" \/>\n\t<meta property=\"og:image:type\" content=\"image\/jpeg\" \/>\n<meta name=\"author\" content=\"Filip\" \/>\n<meta name=\"twitter:card\" content=\"summary_large_image\" \/>\n<meta name=\"twitter:label1\" content=\"Napisane przez\" \/>\n\t<meta name=\"twitter:data1\" content=\"Filip\" \/>\n\t<meta name=\"twitter:label2\" content=\"Szacowany czas czytania\" \/>\n\t<meta name=\"twitter:data2\" content=\"1 minuta\" \/>\n<script type=\"application\/ld+json\" class=\"yoast-schema-graph\">{\"@context\":\"https:\/\/schema.org\",\"@graph\":[{\"@type\":\"Article\",\"@id\":\"https:\/\/www.pogotowieflagowe.pl\/aktualne\/anna-falkowska-wygrywa-medal-na-mistrzostwach-swiata-junior-w-quebecu\/#article\",\"isPartOf\":{\"@id\":\"https:\/\/www.pogotowieflagowe.pl\/aktualne\/anna-falkowska-wygrywa-medal-na-mistrzostwach-swiata-junior-w-quebecu\/\"},\"author\":{\"name\":\"Filip\",\"@id\":\"https:\/\/www.pogotowieflagowe.pl\/aktualne\/#\/schema\/person\/9c2fb7d2362ebf6fa088960d7f0d27b0\"},\"headline\":\"Anna Falkowska wygrywa medal na Mistrzostwach \u015awiata Junior w Quebecu\",\"datePublished\":\"2025-02-24T16:47:02+00:00\",\"dateModified\":\"2025-02-24T16:47:03+00:00\",\"mainEntityOfPage\":{\"@id\":\"https:\/\/www.pogotowieflagowe.pl\/aktualne\/anna-falkowska-wygrywa-medal-na-mistrzostwach-swiata-junior-w-quebecu\/\"},\"wordCount\":224,\"publisher\":{\"@id\":\"https:\/\/www.pogotowieflagowe.pl\/aktualne\/#organization\"},\"image\":{\"@id\":\"https:\/\/www.pogotowieflagowe.pl\/aktualne\/anna-falkowska-wygrywa-medal-na-mistrzostwach-swiata-junior-w-quebecu\/#primaryimage\"},\"thumbnailUrl\":\"https:\/\/www.pogotowieflagowe.pl\/aktualne\/wp-content\/uploads\/2025\/02\/Anna-Falkowska-wygrywa-medal-na-Mistrzostwach-Swiata-Junior-w-Quebecu.jpg\",\"keywords\":[\"Anna\",\"Falkowska\",\"Junior\",\"medal\",\"mistrzostwach\",\"Quebecu\",\"\u015awiata\",\"wygrywa\"],\"articleSection\":[\"Lekkoatletyka\"],\"inLanguage\":\"pl-PL\"},{\"@type\":\"WebPage\",\"@id\":\"https:\/\/www.pogotowieflagowe.pl\/aktualne\/anna-falkowska-wygrywa-medal-na-mistrzostwach-swiata-junior-w-quebecu\/\",\"url\":\"https:\/\/www.pogotowieflagowe.pl\/aktualne\/anna-falkowska-wygrywa-medal-na-mistrzostwach-swiata-junior-w-quebecu\/\",\"name\":\"Anna Falkowska wygrywa medal na Mistrzostwach \u015awiata Junior w Quebecu - POGOTOWIE FLAGOWE\u00ae\",\"isPartOf\":{\"@id\":\"https:\/\/www.pogotowieflagowe.pl\/aktualne\/#website\"},\"primaryImageOfPage\":{\"@id\":\"https:\/\/www.pogotowieflagowe.pl\/aktualne\/anna-falkowska-wygrywa-medal-na-mistrzostwach-swiata-junior-w-quebecu\/#primaryimage\"},\"image\":{\"@id\":\"https:\/\/www.pogotowieflagowe.pl\/aktualne\/anna-falkowska-wygrywa-medal-na-mistrzostwach-swiata-junior-w-quebecu\/#primaryimage\"},\"thumbnailUrl\":\"https:\/\/www.pogotowieflagowe.pl\/aktualne\/wp-content\/uploads\/2025\/02\/Anna-Falkowska-wygrywa-medal-na-Mistrzostwach-Swiata-Junior-w-Quebecu.jpg\",\"datePublished\":\"2025-02-24T16:47:02+00:00\",\"dateModified\":\"2025-02-24T16:47:03+00:00\",\"breadcrumb\":{\"@id\":\"https:\/\/www.pogotowieflagowe.pl\/aktualne\/anna-falkowska-wygrywa-medal-na-mistrzostwach-swiata-junior-w-quebecu\/#breadcrumb\"},\"inLanguage\":\"pl-PL\",\"potentialAction\":[{\"@type\":\"ReadAction\",\"target\":[\"https:\/\/www.pogotowieflagowe.pl\/aktualne\/anna-falkowska-wygrywa-medal-na-mistrzostwach-swiata-junior-w-quebecu\/\"]}]},{\"@type\":\"ImageObject\",\"inLanguage\":\"pl-PL\",\"@id\":\"https:\/\/www.pogotowieflagowe.pl\/aktualne\/anna-falkowska-wygrywa-medal-na-mistrzostwach-swiata-junior-w-quebecu\/#primaryimage\",\"url\":\"https:\/\/www.pogotowieflagowe.pl\/aktualne\/wp-content\/uploads\/2025\/02\/Anna-Falkowska-wygrywa-medal-na-Mistrzostwach-Swiata-Junior-w-Quebecu.jpg\",\"contentUrl\":\"https:\/\/www.pogotowieflagowe.pl\/aktualne\/wp-content\/uploads\/2025\/02\/Anna-Falkowska-wygrywa-medal-na-Mistrzostwach-Swiata-Junior-w-Quebecu.jpg\",\"width\":995,\"height\":1242,\"caption\":\"Anna Falkowska wygrywa medal na Mistrzostwach \u015awiata Junior w Quebecu\"},{\"@type\":\"BreadcrumbList\",\"@id\":\"https:\/\/www.pogotowieflagowe.pl\/aktualne\/anna-falkowska-wygrywa-medal-na-mistrzostwach-swiata-junior-w-quebecu\/#breadcrumb\",\"itemListElement\":[{\"@type\":\"ListItem\",\"position\":1,\"name\":\"Home\",\"item\":\"https:\/\/www.pogotowieflagowe.pl\/aktualne\/\"},{\"@type\":\"ListItem\",\"position\":2,\"name\":\"Anna Falkowska wygrywa medal na Mistrzostwach \u015awiata Junior w Quebecu\"}]},{\"@type\":\"WebSite\",\"@id\":\"https:\/\/www.pogotowieflagowe.pl\/aktualne\/#website\",\"url\":\"https:\/\/www.pogotowieflagowe.pl\/aktualne\/\",\"name\":\"POGOTOWIE FLAGOWE\u00ae\",\"description\":\"\",\"publisher\":{\"@id\":\"https:\/\/www.pogotowieflagowe.pl\/aktualne\/#organization\"},\"potentialAction\":[{\"@type\":\"SearchAction\",\"target\":{\"@type\":\"EntryPoint\",\"urlTemplate\":\"https:\/\/www.pogotowieflagowe.pl\/aktualne\/?s={search_term_string}\"},\"query-input\":\"required name=search_term_string\"}],\"inLanguage\":\"pl-PL\"},{\"@type\":\"Organization\",\"@id\":\"https:\/\/www.pogotowieflagowe.pl\/aktualne\/#organization\",\"name\":\"POGOTOWIE FLAGOWE\u00ae\",\"url\":\"https:\/\/www.pogotowieflagowe.pl\/aktualne\/\",\"logo\":{\"@type\":\"ImageObject\",\"inLanguage\":\"pl-PL\",\"@id\":\"https:\/\/www.pogotowieflagowe.pl\/aktualne\/#\/schema\/logo\/image\/\",\"url\":\"https:\/\/www.pogotowieflagowe.pl\/aktualne\/wp-content\/uploads\/2024\/08\/cropped-pogotowieflagowe_flaga_projekt_sm.jpg\",\"contentUrl\":\"https:\/\/www.pogotowieflagowe.pl\/aktualne\/wp-content\/uploads\/2024\/08\/cropped-pogotowieflagowe_flaga_projekt_sm.jpg\",\"width\":250,\"height\":143,\"caption\":\"POGOTOWIE FLAGOWE\u00ae\"},\"image\":{\"@id\":\"https:\/\/www.pogotowieflagowe.pl\/aktualne\/#\/schema\/logo\/image\/\"}},{\"@type\":\"Person\",\"@id\":\"https:\/\/www.pogotowieflagowe.pl\/aktualne\/#\/schema\/person\/9c2fb7d2362ebf6fa088960d7f0d27b0\",\"name\":\"Filip\",\"image\":{\"@type\":\"ImageObject\",\"inLanguage\":\"pl-PL\",\"@id\":\"https:\/\/www.pogotowieflagowe.pl\/aktualne\/#\/schema\/person\/image\/\",\"url\":\"https:\/\/www.pogotowieflagowe.pl\/aktualne\/wp-content\/uploads\/2024\/08\/pogotowieflagowe.pl_.jpg\",\"contentUrl\":\"https:\/\/www.pogotowieflagowe.pl\/aktualne\/wp-content\/uploads\/2024\/08\/pogotowieflagowe.pl_.jpg\",\"caption\":\"Filip\"},\"description\":\"Jestem Filip, polski dziennikarz z dyplomem nauk politycznych Uniwersytetu Warszawskiego. Rozpoczynaj\u0105c swoj\u0105 karier\u0119 w r\u00f3\u017cnych lokalnych mediach, zdoby\u0142em solidne do\u015bwiadczenie w zakresie \u015bledztwa i redakcji. Obecnie jako redaktor w Pogotowie flagowe, staram si\u0119 dostarcza\u0107 dog\u0142\u0119bne i istotne analizy na temat najwa\u017cniejszych kwestii aktualno\u015bci, \u0142\u0105cz\u0105c rygor z pasj\u0105 dziennikarsk\u0105.\",\"sameAs\":[\"https:\/\/www.pogotowieflagowe.pl\/\"]}]}<\/script>\n<!-- \/ Yoast SEO plugin. -->","yoast_head_json":{"title":"Anna Falkowska wygrywa medal na Mistrzostwach \u015awiata Junior w Quebecu - POGOTOWIE FLAGOWE\u00ae","robots":{"index":"index","follow":"follow","max-snippet":"max-snippet:-1","max-image-preview":"max-image-preview:large","max-video-preview":"max-video-preview:-1"},"canonical":"https:\/\/www.pogotowieflagowe.pl\/aktualne\/anna-falkowska-wygrywa-medal-na-mistrzostwach-swiata-junior-w-quebecu\/","og_locale":"pl_PL","og_type":"article","og_title":"Anna Falkowska wygrywa medal na Mistrzostwach \u015awiata Junior w Quebecu - POGOTOWIE FLAGOWE\u00ae","og_description":"Mistrzostwa \u015awiata Junior\u00f3w w Quebecu s\u0142u\u017cy\u0142o jako ostatni test dla Polski kr\u00f3tkiej dru\u017cyny pr\u0119dko\u015bci pr\u0119dko\u015bci przed nadchodz\u0105cymi Mistrzostwami \u015awiata Junior\u00f3w","og_url":"https:\/\/www.pogotowieflagowe.pl\/aktualne\/anna-falkowska-wygrywa-medal-na-mistrzostwach-swiata-junior-w-quebecu\/","og_site_name":"POGOTOWIE FLAGOWE\u00ae","article_published_time":"2025-02-24T16:47:02+00:00","article_modified_time":"2025-02-24T16:47:03+00:00","og_image":[{"width":995,"height":1242,"url":"https:\/\/www.pogotowieflagowe.pl\/aktualne\/wp-content\/uploads\/2025\/02\/Anna-Falkowska-wygrywa-medal-na-Mistrzostwach-Swiata-Junior-w-Quebecu.jpg","type":"image\/jpeg"}],"author":"Filip","twitter_card":"summary_large_image","twitter_misc":{"Napisane przez":"Filip","Szacowany czas czytania":"1 minuta"},"schema":{"@context":"https:\/\/schema.org","@graph":[{"@type":"Article","@id":"https:\/\/www.pogotowieflagowe.pl\/aktualne\/anna-falkowska-wygrywa-medal-na-mistrzostwach-swiata-junior-w-quebecu\/#article","isPartOf":{"@id":"https:\/\/www.pogotowieflagowe.pl\/aktualne\/anna-falkowska-wygrywa-medal-na-mistrzostwach-swiata-junior-w-quebecu\/"},"author":{"name":"Filip","@id":"https:\/\/www.pogotowieflagowe.pl\/aktualne\/#\/schema\/person\/9c2fb7d2362ebf6fa088960d7f0d27b0"},"headline":"Anna Falkowska wygrywa medal na Mistrzostwach \u015awiata Junior w Quebecu","datePublished":"2025-02-24T16:47:02+00:00","dateModified":"2025-02-24T16:47:03+00:00","mainEntityOfPage":{"@id":"https:\/\/www.pogotowieflagowe.pl\/aktualne\/anna-falkowska-wygrywa-medal-na-mistrzostwach-swiata-junior-w-quebecu\/"},"wordCount":224,"publisher":{"@id":"https:\/\/www.pogotowieflagowe.pl\/aktualne\/#organization"},"image":{"@id":"https:\/\/www.pogotowieflagowe.pl\/aktualne\/anna-falkowska-wygrywa-medal-na-mistrzostwach-swiata-junior-w-quebecu\/#primaryimage"},"thumbnailUrl":"https:\/\/www.pogotowieflagowe.pl\/aktualne\/wp-content\/uploads\/2025\/02\/Anna-Falkowska-wygrywa-medal-na-Mistrzostwach-Swiata-Junior-w-Quebecu.jpg","keywords":["Anna","Falkowska","Junior","medal","mistrzostwach","Quebecu","\u015awiata","wygrywa"],"articleSection":["Lekkoatletyka"],"inLanguage":"pl-PL"},{"@type":"WebPage","@id":"https:\/\/www.pogotowieflagowe.pl\/aktualne\/anna-falkowska-wygrywa-medal-na-mistrzostwach-swiata-junior-w-quebecu\/","url":"https:\/\/www.pogotowieflagowe.pl\/aktualne\/anna-falkowska-wygrywa-medal-na-mistrzostwach-swiata-junior-w-quebecu\/","name":"Anna Falkowska wygrywa medal na Mistrzostwach \u015awiata Junior w Quebecu - POGOTOWIE FLAGOWE\u00ae","isPartOf":{"@id":"https:\/\/www.pogotowieflagowe.pl\/aktualne\/#website"},"primaryImageOfPage":{"@id":"https:\/\/www.pogotowieflagowe.pl\/aktualne\/anna-falkowska-wygrywa-medal-na-mistrzostwach-swiata-junior-w-quebecu\/#primaryimage"},"image":{"@id":"https:\/\/www.pogotowieflagowe.pl\/aktualne\/anna-falkowska-wygrywa-medal-na-mistrzostwach-swiata-junior-w-quebecu\/#primaryimage"},"thumbnailUrl":"https:\/\/www.pogotowieflagowe.pl\/aktualne\/wp-content\/uploads\/2025\/02\/Anna-Falkowska-wygrywa-medal-na-Mistrzostwach-Swiata-Junior-w-Quebecu.jpg","datePublished":"2025-02-24T16:47:02+00:00","dateModified":"2025-02-24T16:47:03+00:00","breadcrumb":{"@id":"https:\/\/www.pogotowieflagowe.pl\/aktualne\/anna-falkowska-wygrywa-medal-na-mistrzostwach-swiata-junior-w-quebecu\/#breadcrumb"},"inLanguage":"pl-PL","potentialAction":[{"@type":"ReadAction","target":["https:\/\/www.pogotowieflagowe.pl\/aktualne\/anna-falkowska-wygrywa-medal-na-mistrzostwach-swiata-junior-w-quebecu\/"]}]},{"@type":"ImageObject","inLanguage":"pl-PL","@id":"https:\/\/www.pogotowieflagowe.pl\/aktualne\/anna-falkowska-wygrywa-medal-na-mistrzostwach-swiata-junior-w-quebecu\/#primaryimage","url":"https:\/\/www.pogotowieflagowe.pl\/aktualne\/wp-content\/uploads\/2025\/02\/Anna-Falkowska-wygrywa-medal-na-Mistrzostwach-Swiata-Junior-w-Quebecu.jpg","contentUrl":"https:\/\/www.pogotowieflagowe.pl\/aktualne\/wp-content\/uploads\/2025\/02\/Anna-Falkowska-wygrywa-medal-na-Mistrzostwach-Swiata-Junior-w-Quebecu.jpg","width":995,"height":1242,"caption":"Anna Falkowska wygrywa medal na Mistrzostwach \u015awiata Junior w Quebecu"},{"@type":"BreadcrumbList","@id":"https:\/\/www.pogotowieflagowe.pl\/aktualne\/anna-falkowska-wygrywa-medal-na-mistrzostwach-swiata-junior-w-quebecu\/#breadcrumb","itemListElement":[{"@type":"ListItem","position":1,"name":"Home","item":"https:\/\/www.pogotowieflagowe.pl\/aktualne\/"},{"@type":"ListItem","position":2,"name":"Anna Falkowska wygrywa medal na Mistrzostwach \u015awiata Junior w Quebecu"}]},{"@type":"WebSite","@id":"https:\/\/www.pogotowieflagowe.pl\/aktualne\/#website","url":"https:\/\/www.pogotowieflagowe.pl\/aktualne\/","name":"POGOTOWIE FLAGOWE\u00ae","description":"","publisher":{"@id":"https:\/\/www.pogotowieflagowe.pl\/aktualne\/#organization"},"potentialAction":[{"@type":"SearchAction","target":{"@type":"EntryPoint","urlTemplate":"https:\/\/www.pogotowieflagowe.pl\/aktualne\/?s={search_term_string}"},"query-input":"required name=search_term_string"}],"inLanguage":"pl-PL"},{"@type":"Organization","@id":"https:\/\/www.pogotowieflagowe.pl\/aktualne\/#organization","name":"POGOTOWIE FLAGOWE\u00ae","url":"https:\/\/www.pogotowieflagowe.pl\/aktualne\/","logo":{"@type":"ImageObject","inLanguage":"pl-PL","@id":"https:\/\/www.pogotowieflagowe.pl\/aktualne\/#\/schema\/logo\/image\/","url":"https:\/\/www.pogotowieflagowe.pl\/aktualne\/wp-content\/uploads\/2024\/08\/cropped-pogotowieflagowe_flaga_projekt_sm.jpg","contentUrl":"https:\/\/www.pogotowieflagowe.pl\/aktualne\/wp-content\/uploads\/2024\/08\/cropped-pogotowieflagowe_flaga_projekt_sm.jpg","width":250,"height":143,"caption":"POGOTOWIE FLAGOWE\u00ae"},"image":{"@id":"https:\/\/www.pogotowieflagowe.pl\/aktualne\/#\/schema\/logo\/image\/"}},{"@type":"Person","@id":"https:\/\/www.pogotowieflagowe.pl\/aktualne\/#\/schema\/person\/9c2fb7d2362ebf6fa088960d7f0d27b0","name":"Filip","image":{"@type":"ImageObject","inLanguage":"pl-PL","@id":"https:\/\/www.pogotowieflagowe.pl\/aktualne\/#\/schema\/person\/image\/","url":"https:\/\/www.pogotowieflagowe.pl\/aktualne\/wp-content\/uploads\/2024\/08\/pogotowieflagowe.pl_.jpg","contentUrl":"https:\/\/www.pogotowieflagowe.pl\/aktualne\/wp-content\/uploads\/2024\/08\/pogotowieflagowe.pl_.jpg","caption":"Filip"},"description":"Jestem Filip, polski dziennikarz z dyplomem nauk politycznych Uniwersytetu Warszawskiego. Rozpoczynaj\u0105c swoj\u0105 karier\u0119 w r\u00f3\u017cnych lokalnych mediach, zdoby\u0142em solidne do\u015bwiadczenie w zakresie \u015bledztwa i redakcji. Obecnie jako redaktor w Pogotowie flagowe, staram si\u0119 dostarcza\u0107 dog\u0142\u0119bne i istotne analizy na temat najwa\u017cniejszych kwestii aktualno\u015bci, \u0142\u0105cz\u0105c rygor z pasj\u0105 dziennikarsk\u0105.","sameAs":["https:\/\/www.pogotowieflagowe.pl\/"]}]}},"_links":{"self":[{"href":"https:\/\/www.pogotowieflagowe.pl\/aktualne\/wp-json\/wp\/v2\/posts\/4173","targetHints":{"allow":["GET"]}}],"collection":[{"href":"https:\/\/www.pogotowieflagowe.pl\/aktualne\/wp-json\/wp\/v2\/posts"}],"about":[{"href":"https:\/\/www.pogotowieflagowe.pl\/aktualne\/wp-json\/wp\/v2\/types\/post"}],"author":[{"embeddable":true,"href":"https:\/\/www.pogotowieflagowe.pl\/aktualne\/wp-json\/wp\/v2\/users\/1"}],"replies":[{"embeddable":true,"href":"https:\/\/www.pogotowieflagowe.pl\/aktualne\/wp-json\/wp\/v2\/comments?post=4173"}],"version-history":[{"count":1,"href":"https:\/\/www.pogotowieflagowe.pl\/aktualne\/wp-json\/wp\/v2\/posts\/4173\/revisions"}],"predecessor-version":[{"id":4175,"href":"https:\/\/www.pogotowieflagowe.pl\/aktualne\/wp-json\/wp\/v2\/posts\/4173\/revisions\/4175"}],"wp:featuredmedia":[{"embeddable":true,"href":"https:\/\/www.pogotowieflagowe.pl\/aktualne\/wp-json\/wp\/v2\/media\/4174"}],"wp:attachment":[{"href":"https:\/\/www.pogotowieflagowe.pl\/aktualne\/wp-json\/wp\/v2\/media?parent=4173"}],"wp:term":[{"taxonomy":"category","embeddable":true,"href":"https:\/\/www.pogotowieflagowe.pl\/aktualne\/wp-json\/wp\/v2\/categories?post=4173"},{"taxonomy":"post_tag","embeddable":true,"href":"https:\/\/www.pogotowieflagowe.pl\/aktualne\/wp-json\/wp\/v2\/tags?post=4173"}],"curies":[{"name":"wp","href":"https:\/\/api.w.org\/{rel}","templated":true}]}}