{"id":4179,"date":"2025-02-24T21:47:38","date_gmt":"2025-02-24T20:47:38","guid":{"rendered":"https:\/\/www.pogotowieflagowe.pl\/aktualne\/w-ten-sposob-lewicowy-senator-zachowywal-sie-w-parlamencie-wyciekl-wideo-18\/"},"modified":"2025-02-24T21:47:39","modified_gmt":"2025-02-24T20:47:39","slug":"w-ten-sposob-lewicowy-senator-zachowywal-sie-w-parlamencie-wyciekl-wideo-18","status":"publish","type":"post","link":"https:\/\/www.pogotowieflagowe.pl\/aktualne\/w-ten-sposob-lewicowy-senator-zachowywal-sie-w-parlamencie-wyciekl-wideo-18\/","title":{"rendered":"W ten spos\u00f3b lewicowy senator zachowywa\u0142 si\u0119 w Parlamencie-wyciek\u0142 wideo (18+)"},"content":{"rendered":"\n<div class=\"td_block_wrap tdb_single_content tdi_41 td-pb-border-top td_block_template_8 td-post-content tagdiv-type\" data-td-block-uid=\"tdi_41\">\n<style>.tdi_41 {margin-top: 0px! Wa\u017cne; margines-bottom: 0px! WA\u017bNY; PALDING-TOP: 0PX! WA\u017bNY; PALDING-BOTTOM: 0PX! WA\u017bNE}<\/style>\n<style>.tdb_single_content {margin-bottom: 0;*zoom: 1} .tdb_single_content: wcze\u015bniej, .tdb_single_content: po {display: Table; content: ''; line-height: 0} .TDB-BLOCK-INner>*: nie (.WP-BLOCK-QUOTE): NOT (.Alignwide): not (.alignfull.wp-block-cover.has-parallax): not (.td-a-ad) {margin-left: auto; margin-right: auto} .tdb_single_content a {wska\u017anik-events: auto} .tdb_single_content .td-spot-top_ad .tdc-pl-plameholder-title: przed {content: \u201eArtyku\u0142 top ad\u201d! Wa\u017cne} .tdb_single_content .td-spot-id-inline_ad0 .tdc-- THE PLACEHENTER TITLE: Wcze\u015bniej {content: \u201eArtyku\u0142 inline AD 1 '! Wa\u017cne} .tdb_single_content .td-spot-id-inline_ad1 .tdc-miejsce-title: przed {content:' Artyku\u0142 inline AD 2 '! Wa\u017cny}. Tytu\u0142: Przed {Content: \u201eArtyku\u0142 Inline AD 3 '! Wa\u017cne} .tdb_single_content .td-Spot-Id-Bottom_Ad .tdc-Placeholder-Title: przed {content: \u201eArtyku\u0142 Bottom Ad\u201d! Wa\u017cne} .tdb_single_content .id_top_ad, .tdb_single_content_content .id_bottom_ad {clear: oba; margin-bottom: 21px; text-align: Center} .tdb_single_content .id_top_ad img, .tdb_single_content .id_bottom_ad img {margin-bottom: 0} .tdb_single_conTent .id_top_ad .adsbyGoogle, .tdb_single_content .id_bottom_ad .adsbyGoogle {pozycja: relatyw} .tdb_single_content .id_ad_content-horiz-left, .tdb_single_content .id_ad_content-horiz-right, .tdb_single_content .id_ad_content-horiz-Center {margin-bottom: 15px} .tdb_single_content .id_ad_content-horiz-left Img, .tdb_single_content .id_ad_content-horiz-right img, .tdb_single_content .id_ad_content-horiz-centerter img {margin-bottom: 0} .tdb_single_content .id_ad_content-horiz-center {text-align: Center} .tdb_single_content .id_ad_content-horiz-center img {margin-right: auto; margin-let: auto} .tdb_single_content .id_ad_content-horiz-left {float: left; margin-top: 9px; margin-right: 21px} .tdb_single_content .id_ad_content-horiz-right {float: right; margin-top: 6px; margin-left: 21px} .tdb_single_content .tdc-a-ad .TDC-Placeholder-Title {szeroko\u015b\u0107: 300px; height: 250px} .tdb_single_content .tdc-a-ad .TDC-Placeholder-Title: Przed {Pozycja: Absolute; TOP: 50%;-WebKit-Transform: Translatey (-50%); Transform: Translatey (-50%); margines: auto; wy\u015bwietlacz: Tabela; szeroko\u015b\u0107: 100 %}. tdb_single_content .TDB-BLOCK-INNER.TD-FIX-INDEX {Word-Break: Break-word} .tdi_41, .tdi_41> p, .tdi_41 .tdb-block-inner> p, .wp-block-column> p {font -Size: 16px! Wa\u017cne; wysoko\u015b\u0107 linii: 1.6! Wa\u017cne} .tdi_41 .tdb-block-inner Blockquote P {font-styl: normalne! Wa\u017cne} @media (Max-Width: 767px) {. tdb_single_content .id_ad_content-horiz-left, .tdb_single_content .id_ad_content-horiz-right, .tdb_single_content .id_ad_content-horiz-center {Margin: 0 Auto 26px auto}}@media (Max-Width: 767px) {. tdb_single_content .id_ad_content-horiz-left {margin-right: 0}}@media (max-width: 767px) {. po lewej: 0}}@media (Max-Width: 767px) {. tdb_single_content .td-a-ad {float: none; text-align: Center} .tdb_single_content .td-a-ad img {margin-right: auto; margin-left: auto}. tdb_single_content .tdc-a-ad {float: none}}<\/style>\n<div class=\"tdb-block-inner td-fix-index\">\n<p>\u201eGdyby ktokolwiek z opozycji zachowywa\u0142 si\u0119 jak senator Maciej Kopiec, organizowa\u0142by\u015b konferencje prasowe i krzycze\u0107 w oburzenie, \u017ce takie sceny nie powinny odbywa\u0107 si\u0119 w polskim parlamencie\u201d, napisa\u0142 pose\u0142 Law and Justice Dariusz Matecki na X. Z udzia\u0142em lewicowego senatora, w kt\u00f3rym Kopiec, walcz\u0105cy z jego przem\u00f3wieniem, mo\u017cna us\u0142ysze\u0107, jak rzucaj\u0105cy wulgarne zagro\u017cenia na innego polityka.<\/p>\n<p>Wed\u0142ug Mateckiego nagranie zosta\u0142o dokonane na terenie parlamentarnym. Materia\u0142 filmowy podobno pokazuje senatora Kopiec kieruj\u0105cy obelgami na inny parlamentarzysta. Post Matecki sugeruje, \u017ce cel m\u00f3g\u0142 by\u0107 politykiem od Konfederacji lub Prawa i Sprawiedliwo\u015bci.<\/p>\n<p>\u201eId\u017a spa\u0107, ty kurwa<em>przest\u0119pca \u201d<\/em><\/p>\n<p>Kopiec m\u00f3wi w opadni\u0119tej mowie, trzymaj\u0105c o\u015bwietlony papieros. Jego zachowanie sugeruje, \u017ce m\u00f3g\u0142 zosta\u0107 odurzony.<\/p>\n<p>\u201eTak, tak\u2026 po prostu \u015bpij, ty pieprzysz si\u0119 bi*ch\u201d &#8211; dodaje.<\/p>\n<p>\u201ePe\u0142ne nagranie jest w posiadaniu stra\u017cnika marsza\u0142ka. Ten cz\u0142owiek stanowi\u0142 fizyczne zagro\u017cenie dla innych parlamentarzyst\u00f3w \u201d &#8211; twierdzi Matecki.<\/p>\n<p>Ponadto stwierdza, \u017ce \u200b\u200bm\u00f3wca Sejm i m\u00f3wca Senatu od dawna zdawali sobie spraw\u0119 z tego incydentu. Matecki wcze\u015bniej zaj\u0105\u0142 si\u0119 t\u0105 spraw\u0105 z parlamentarnego mostka, twierdz\u0105c, \u017ce Kopiec by\u0142 \u201eca\u0142kowicie pijany\u201d.<\/p>\n<p>Wideo 18+:<\/p>\n<blockquote class=\"twitter-tweet\">\n<p lang=\"pl\" dir=\"ltr\">Poni\u017cej maciej Kopiec, senator Paktu Senackiego Rz\u0105du Donalda Tuska, na Terenie Zarz\u0105dzanym pluz Kancelari\u0119 Sejmu, Gdzie Marsza\u0142ek Sejmu Powinien Zapewnia Poslom bezpie\u0144s\u0144swo.<\/p>\n<p>\u017bar\u0107 Tylko Kilka Sekund. Mam Kilkadziesi\u0105t minut Nagrania Takiego Zachowania, w tym tym Jak prrawie\u2026 https:\/\/t.co\/xgl7k6dls4 <a rel=\"nofollow\" href=\"https:\/\/t.co\/lwv4skHKSO\">pic.twitter.com\/lwv4skhkso<\/a><\/p>\n<p>&#8211; Dariusz Matecki (@dariuszmatecki) <a rel=\"nofollow\" href=\"https:\/\/twitter.com\/DariuszMatecki\/status\/1894025008785117251?ref_src=twsrc%5Etfw\">24 lutego 2025 r<\/a><\/p><\/blockquote>\n<\/div>\n<\/div>\n<p><script async src=\"https:\/\/platform.twitter.com\/widgets.js\" charset=\"utf-8\"><\/script><\/p>\n","protected":false},"excerpt":{"rendered":"<p>\u201eGdyby ktokolwiek z opozycji zachowywa\u0142 si\u0119 jak senator Maciej Kopiec, organizowa\u0142by\u015b konferencje prasowe i krzycze\u0107 w oburzenie, \u017ce takie sceny<\/p>\n","protected":false},"author":1,"featured_media":4180,"comment_status":"closed","ping_status":"","sticky":false,"template":"","format":"standard","meta":{"footnotes":""},"categories":[4748],"tags":[5771,5774,5772,150,490,454,4935,5773],"class_list":["post-4179","post","type-post","status-publish","format-standard","has-post-thumbnail","hentry","category-aktualne","tag-lewicowy","tag-parlamenciewyciekl","tag-senator","tag-sie","tag-sposob","tag-ten","tag-wideo","tag-zachowywal","generate-columns","tablet-grid-50","mobile-grid-100","grid-parent","grid-50","resize-featured-image"],"yoast_head":"<!-- This site is optimized with the Yoast SEO plugin v23.2 - https:\/\/yoast.com\/wordpress\/plugins\/seo\/ -->\n<title>W ten spos\u00f3b lewicowy senator zachowywa\u0142 si\u0119 w Parlamencie-wyciek\u0142 wideo (18+) - POGOTOWIE FLAGOWE\u00ae<\/title>\n<meta name=\"robots\" content=\"index, follow, max-snippet:-1, max-image-preview:large, max-video-preview:-1\" \/>\n<link rel=\"canonical\" href=\"https:\/\/www.pogotowieflagowe.pl\/aktualne\/w-ten-sposob-lewicowy-senator-zachowywal-sie-w-parlamencie-wyciekl-wideo-18\/\" \/>\n<meta property=\"og:locale\" content=\"pl_PL\" \/>\n<meta property=\"og:type\" content=\"article\" \/>\n<meta property=\"og:title\" content=\"W ten spos\u00f3b lewicowy senator zachowywa\u0142 si\u0119 w Parlamencie-wyciek\u0142 wideo (18+) - POGOTOWIE FLAGOWE\u00ae\" \/>\n<meta property=\"og:description\" content=\"\u201eGdyby ktokolwiek z opozycji zachowywa\u0142 si\u0119 jak senator Maciej Kopiec, organizowa\u0142by\u015b konferencje prasowe i krzycze\u0107 w oburzenie, \u017ce takie sceny\" \/>\n<meta property=\"og:url\" content=\"https:\/\/www.pogotowieflagowe.pl\/aktualne\/w-ten-sposob-lewicowy-senator-zachowywal-sie-w-parlamencie-wyciekl-wideo-18\/\" \/>\n<meta property=\"og:site_name\" content=\"POGOTOWIE FLAGOWE\u00ae\" \/>\n<meta property=\"article:published_time\" content=\"2025-02-24T20:47:38+00:00\" \/>\n<meta property=\"article:modified_time\" content=\"2025-02-24T20:47:39+00:00\" \/>\n<meta property=\"og:image\" content=\"https:\/\/www.pogotowieflagowe.pl\/aktualne\/wp-content\/uploads\/2025\/02\/W-ten-sposob-lewicowy-senator-zachowywal-sie-w-Parlamencie-wyciekl-wideo.webp.webp\" \/>\n\t<meta property=\"og:image:width\" content=\"1280\" \/>\n\t<meta property=\"og:image:height\" content=\"720\" \/>\n\t<meta property=\"og:image:type\" content=\"image\/webp\" \/>\n<meta name=\"author\" content=\"Filip\" \/>\n<meta name=\"twitter:card\" content=\"summary_large_image\" \/>\n<meta name=\"twitter:label1\" content=\"Napisane przez\" \/>\n\t<meta name=\"twitter:data1\" content=\"Filip\" \/>\n\t<meta name=\"twitter:label2\" content=\"Szacowany czas czytania\" \/>\n\t<meta name=\"twitter:data2\" content=\"1 minuta\" \/>\n<script type=\"application\/ld+json\" class=\"yoast-schema-graph\">{\"@context\":\"https:\/\/schema.org\",\"@graph\":[{\"@type\":\"Article\",\"@id\":\"https:\/\/www.pogotowieflagowe.pl\/aktualne\/w-ten-sposob-lewicowy-senator-zachowywal-sie-w-parlamencie-wyciekl-wideo-18\/#article\",\"isPartOf\":{\"@id\":\"https:\/\/www.pogotowieflagowe.pl\/aktualne\/w-ten-sposob-lewicowy-senator-zachowywal-sie-w-parlamencie-wyciekl-wideo-18\/\"},\"author\":{\"name\":\"Filip\",\"@id\":\"https:\/\/www.pogotowieflagowe.pl\/aktualne\/#\/schema\/person\/9c2fb7d2362ebf6fa088960d7f0d27b0\"},\"headline\":\"W ten spos\u00f3b lewicowy senator zachowywa\u0142 si\u0119 w Parlamencie-wyciek\u0142 wideo (18+)\",\"datePublished\":\"2025-02-24T20:47:38+00:00\",\"dateModified\":\"2025-02-24T20:47:39+00:00\",\"mainEntityOfPage\":{\"@id\":\"https:\/\/www.pogotowieflagowe.pl\/aktualne\/w-ten-sposob-lewicowy-senator-zachowywal-sie-w-parlamencie-wyciekl-wideo-18\/\"},\"wordCount\":273,\"publisher\":{\"@id\":\"https:\/\/www.pogotowieflagowe.pl\/aktualne\/#organization\"},\"image\":{\"@id\":\"https:\/\/www.pogotowieflagowe.pl\/aktualne\/w-ten-sposob-lewicowy-senator-zachowywal-sie-w-parlamencie-wyciekl-wideo-18\/#primaryimage\"},\"thumbnailUrl\":\"https:\/\/www.pogotowieflagowe.pl\/aktualne\/wp-content\/uploads\/2025\/02\/W-ten-sposob-lewicowy-senator-zachowywal-sie-w-Parlamencie-wyciekl-wideo.webp.webp\",\"keywords\":[\"lewicowy\",\"Parlamenciewyciek\u0142\",\"senator\",\"si\u0119\",\"spos\u00f3b\",\"ten\",\"WIDEO\",\"zachowywa\u0142\"],\"articleSection\":[\"Aktualne\"],\"inLanguage\":\"pl-PL\"},{\"@type\":\"WebPage\",\"@id\":\"https:\/\/www.pogotowieflagowe.pl\/aktualne\/w-ten-sposob-lewicowy-senator-zachowywal-sie-w-parlamencie-wyciekl-wideo-18\/\",\"url\":\"https:\/\/www.pogotowieflagowe.pl\/aktualne\/w-ten-sposob-lewicowy-senator-zachowywal-sie-w-parlamencie-wyciekl-wideo-18\/\",\"name\":\"W ten spos\u00f3b lewicowy senator zachowywa\u0142 si\u0119 w Parlamencie-wyciek\u0142 wideo (18+) - POGOTOWIE FLAGOWE\u00ae\",\"isPartOf\":{\"@id\":\"https:\/\/www.pogotowieflagowe.pl\/aktualne\/#website\"},\"primaryImageOfPage\":{\"@id\":\"https:\/\/www.pogotowieflagowe.pl\/aktualne\/w-ten-sposob-lewicowy-senator-zachowywal-sie-w-parlamencie-wyciekl-wideo-18\/#primaryimage\"},\"image\":{\"@id\":\"https:\/\/www.pogotowieflagowe.pl\/aktualne\/w-ten-sposob-lewicowy-senator-zachowywal-sie-w-parlamencie-wyciekl-wideo-18\/#primaryimage\"},\"thumbnailUrl\":\"https:\/\/www.pogotowieflagowe.pl\/aktualne\/wp-content\/uploads\/2025\/02\/W-ten-sposob-lewicowy-senator-zachowywal-sie-w-Parlamencie-wyciekl-wideo.webp.webp\",\"datePublished\":\"2025-02-24T20:47:38+00:00\",\"dateModified\":\"2025-02-24T20:47:39+00:00\",\"breadcrumb\":{\"@id\":\"https:\/\/www.pogotowieflagowe.pl\/aktualne\/w-ten-sposob-lewicowy-senator-zachowywal-sie-w-parlamencie-wyciekl-wideo-18\/#breadcrumb\"},\"inLanguage\":\"pl-PL\",\"potentialAction\":[{\"@type\":\"ReadAction\",\"target\":[\"https:\/\/www.pogotowieflagowe.pl\/aktualne\/w-ten-sposob-lewicowy-senator-zachowywal-sie-w-parlamencie-wyciekl-wideo-18\/\"]}]},{\"@type\":\"ImageObject\",\"inLanguage\":\"pl-PL\",\"@id\":\"https:\/\/www.pogotowieflagowe.pl\/aktualne\/w-ten-sposob-lewicowy-senator-zachowywal-sie-w-parlamencie-wyciekl-wideo-18\/#primaryimage\",\"url\":\"https:\/\/www.pogotowieflagowe.pl\/aktualne\/wp-content\/uploads\/2025\/02\/W-ten-sposob-lewicowy-senator-zachowywal-sie-w-Parlamencie-wyciekl-wideo.webp.webp\",\"contentUrl\":\"https:\/\/www.pogotowieflagowe.pl\/aktualne\/wp-content\/uploads\/2025\/02\/W-ten-sposob-lewicowy-senator-zachowywal-sie-w-Parlamencie-wyciekl-wideo.webp.webp\",\"width\":1280,\"height\":720,\"caption\":\"W ten spos\u00f3b lewicowy senator zachowywa\u0142 si\u0119 w Parlamencie-wyciek\u0142 wideo (18+)\"},{\"@type\":\"BreadcrumbList\",\"@id\":\"https:\/\/www.pogotowieflagowe.pl\/aktualne\/w-ten-sposob-lewicowy-senator-zachowywal-sie-w-parlamencie-wyciekl-wideo-18\/#breadcrumb\",\"itemListElement\":[{\"@type\":\"ListItem\",\"position\":1,\"name\":\"Home\",\"item\":\"https:\/\/www.pogotowieflagowe.pl\/aktualne\/\"},{\"@type\":\"ListItem\",\"position\":2,\"name\":\"W ten spos\u00f3b lewicowy senator zachowywa\u0142 si\u0119 w Parlamencie-wyciek\u0142 wideo (18+)\"}]},{\"@type\":\"WebSite\",\"@id\":\"https:\/\/www.pogotowieflagowe.pl\/aktualne\/#website\",\"url\":\"https:\/\/www.pogotowieflagowe.pl\/aktualne\/\",\"name\":\"POGOTOWIE FLAGOWE\u00ae\",\"description\":\"\",\"publisher\":{\"@id\":\"https:\/\/www.pogotowieflagowe.pl\/aktualne\/#organization\"},\"potentialAction\":[{\"@type\":\"SearchAction\",\"target\":{\"@type\":\"EntryPoint\",\"urlTemplate\":\"https:\/\/www.pogotowieflagowe.pl\/aktualne\/?s={search_term_string}\"},\"query-input\":\"required name=search_term_string\"}],\"inLanguage\":\"pl-PL\"},{\"@type\":\"Organization\",\"@id\":\"https:\/\/www.pogotowieflagowe.pl\/aktualne\/#organization\",\"name\":\"POGOTOWIE FLAGOWE\u00ae\",\"url\":\"https:\/\/www.pogotowieflagowe.pl\/aktualne\/\",\"logo\":{\"@type\":\"ImageObject\",\"inLanguage\":\"pl-PL\",\"@id\":\"https:\/\/www.pogotowieflagowe.pl\/aktualne\/#\/schema\/logo\/image\/\",\"url\":\"https:\/\/www.pogotowieflagowe.pl\/aktualne\/wp-content\/uploads\/2024\/08\/cropped-pogotowieflagowe_flaga_projekt_sm.jpg\",\"contentUrl\":\"https:\/\/www.pogotowieflagowe.pl\/aktualne\/wp-content\/uploads\/2024\/08\/cropped-pogotowieflagowe_flaga_projekt_sm.jpg\",\"width\":250,\"height\":143,\"caption\":\"POGOTOWIE FLAGOWE\u00ae\"},\"image\":{\"@id\":\"https:\/\/www.pogotowieflagowe.pl\/aktualne\/#\/schema\/logo\/image\/\"}},{\"@type\":\"Person\",\"@id\":\"https:\/\/www.pogotowieflagowe.pl\/aktualne\/#\/schema\/person\/9c2fb7d2362ebf6fa088960d7f0d27b0\",\"name\":\"Filip\",\"image\":{\"@type\":\"ImageObject\",\"inLanguage\":\"pl-PL\",\"@id\":\"https:\/\/www.pogotowieflagowe.pl\/aktualne\/#\/schema\/person\/image\/\",\"url\":\"https:\/\/www.pogotowieflagowe.pl\/aktualne\/wp-content\/uploads\/2024\/08\/pogotowieflagowe.pl_.jpg\",\"contentUrl\":\"https:\/\/www.pogotowieflagowe.pl\/aktualne\/wp-content\/uploads\/2024\/08\/pogotowieflagowe.pl_.jpg\",\"caption\":\"Filip\"},\"description\":\"Jestem Filip, polski dziennikarz z dyplomem nauk politycznych Uniwersytetu Warszawskiego. Rozpoczynaj\u0105c swoj\u0105 karier\u0119 w r\u00f3\u017cnych lokalnych mediach, zdoby\u0142em solidne do\u015bwiadczenie w zakresie \u015bledztwa i redakcji. Obecnie jako redaktor w Pogotowie flagowe, staram si\u0119 dostarcza\u0107 dog\u0142\u0119bne i istotne analizy na temat najwa\u017cniejszych kwestii aktualno\u015bci, \u0142\u0105cz\u0105c rygor z pasj\u0105 dziennikarsk\u0105.\",\"sameAs\":[\"https:\/\/www.pogotowieflagowe.pl\/\"]}]}<\/script>\n<!-- \/ Yoast SEO plugin. -->","yoast_head_json":{"title":"W ten spos\u00f3b lewicowy senator zachowywa\u0142 si\u0119 w Parlamencie-wyciek\u0142 wideo (18+) - POGOTOWIE FLAGOWE\u00ae","robots":{"index":"index","follow":"follow","max-snippet":"max-snippet:-1","max-image-preview":"max-image-preview:large","max-video-preview":"max-video-preview:-1"},"canonical":"https:\/\/www.pogotowieflagowe.pl\/aktualne\/w-ten-sposob-lewicowy-senator-zachowywal-sie-w-parlamencie-wyciekl-wideo-18\/","og_locale":"pl_PL","og_type":"article","og_title":"W ten spos\u00f3b lewicowy senator zachowywa\u0142 si\u0119 w Parlamencie-wyciek\u0142 wideo (18+) - POGOTOWIE FLAGOWE\u00ae","og_description":"\u201eGdyby ktokolwiek z opozycji zachowywa\u0142 si\u0119 jak senator Maciej Kopiec, organizowa\u0142by\u015b konferencje prasowe i krzycze\u0107 w oburzenie, \u017ce takie sceny","og_url":"https:\/\/www.pogotowieflagowe.pl\/aktualne\/w-ten-sposob-lewicowy-senator-zachowywal-sie-w-parlamencie-wyciekl-wideo-18\/","og_site_name":"POGOTOWIE FLAGOWE\u00ae","article_published_time":"2025-02-24T20:47:38+00:00","article_modified_time":"2025-02-24T20:47:39+00:00","og_image":[{"width":1280,"height":720,"url":"https:\/\/www.pogotowieflagowe.pl\/aktualne\/wp-content\/uploads\/2025\/02\/W-ten-sposob-lewicowy-senator-zachowywal-sie-w-Parlamencie-wyciekl-wideo.webp.webp","type":"image\/webp"}],"author":"Filip","twitter_card":"summary_large_image","twitter_misc":{"Napisane przez":"Filip","Szacowany czas czytania":"1 minuta"},"schema":{"@context":"https:\/\/schema.org","@graph":[{"@type":"Article","@id":"https:\/\/www.pogotowieflagowe.pl\/aktualne\/w-ten-sposob-lewicowy-senator-zachowywal-sie-w-parlamencie-wyciekl-wideo-18\/#article","isPartOf":{"@id":"https:\/\/www.pogotowieflagowe.pl\/aktualne\/w-ten-sposob-lewicowy-senator-zachowywal-sie-w-parlamencie-wyciekl-wideo-18\/"},"author":{"name":"Filip","@id":"https:\/\/www.pogotowieflagowe.pl\/aktualne\/#\/schema\/person\/9c2fb7d2362ebf6fa088960d7f0d27b0"},"headline":"W ten spos\u00f3b lewicowy senator zachowywa\u0142 si\u0119 w Parlamencie-wyciek\u0142 wideo (18+)","datePublished":"2025-02-24T20:47:38+00:00","dateModified":"2025-02-24T20:47:39+00:00","mainEntityOfPage":{"@id":"https:\/\/www.pogotowieflagowe.pl\/aktualne\/w-ten-sposob-lewicowy-senator-zachowywal-sie-w-parlamencie-wyciekl-wideo-18\/"},"wordCount":273,"publisher":{"@id":"https:\/\/www.pogotowieflagowe.pl\/aktualne\/#organization"},"image":{"@id":"https:\/\/www.pogotowieflagowe.pl\/aktualne\/w-ten-sposob-lewicowy-senator-zachowywal-sie-w-parlamencie-wyciekl-wideo-18\/#primaryimage"},"thumbnailUrl":"https:\/\/www.pogotowieflagowe.pl\/aktualne\/wp-content\/uploads\/2025\/02\/W-ten-sposob-lewicowy-senator-zachowywal-sie-w-Parlamencie-wyciekl-wideo.webp.webp","keywords":["lewicowy","Parlamenciewyciek\u0142","senator","si\u0119","spos\u00f3b","ten","WIDEO","zachowywa\u0142"],"articleSection":["Aktualne"],"inLanguage":"pl-PL"},{"@type":"WebPage","@id":"https:\/\/www.pogotowieflagowe.pl\/aktualne\/w-ten-sposob-lewicowy-senator-zachowywal-sie-w-parlamencie-wyciekl-wideo-18\/","url":"https:\/\/www.pogotowieflagowe.pl\/aktualne\/w-ten-sposob-lewicowy-senator-zachowywal-sie-w-parlamencie-wyciekl-wideo-18\/","name":"W ten spos\u00f3b lewicowy senator zachowywa\u0142 si\u0119 w Parlamencie-wyciek\u0142 wideo (18+) - POGOTOWIE FLAGOWE\u00ae","isPartOf":{"@id":"https:\/\/www.pogotowieflagowe.pl\/aktualne\/#website"},"primaryImageOfPage":{"@id":"https:\/\/www.pogotowieflagowe.pl\/aktualne\/w-ten-sposob-lewicowy-senator-zachowywal-sie-w-parlamencie-wyciekl-wideo-18\/#primaryimage"},"image":{"@id":"https:\/\/www.pogotowieflagowe.pl\/aktualne\/w-ten-sposob-lewicowy-senator-zachowywal-sie-w-parlamencie-wyciekl-wideo-18\/#primaryimage"},"thumbnailUrl":"https:\/\/www.pogotowieflagowe.pl\/aktualne\/wp-content\/uploads\/2025\/02\/W-ten-sposob-lewicowy-senator-zachowywal-sie-w-Parlamencie-wyciekl-wideo.webp.webp","datePublished":"2025-02-24T20:47:38+00:00","dateModified":"2025-02-24T20:47:39+00:00","breadcrumb":{"@id":"https:\/\/www.pogotowieflagowe.pl\/aktualne\/w-ten-sposob-lewicowy-senator-zachowywal-sie-w-parlamencie-wyciekl-wideo-18\/#breadcrumb"},"inLanguage":"pl-PL","potentialAction":[{"@type":"ReadAction","target":["https:\/\/www.pogotowieflagowe.pl\/aktualne\/w-ten-sposob-lewicowy-senator-zachowywal-sie-w-parlamencie-wyciekl-wideo-18\/"]}]},{"@type":"ImageObject","inLanguage":"pl-PL","@id":"https:\/\/www.pogotowieflagowe.pl\/aktualne\/w-ten-sposob-lewicowy-senator-zachowywal-sie-w-parlamencie-wyciekl-wideo-18\/#primaryimage","url":"https:\/\/www.pogotowieflagowe.pl\/aktualne\/wp-content\/uploads\/2025\/02\/W-ten-sposob-lewicowy-senator-zachowywal-sie-w-Parlamencie-wyciekl-wideo.webp.webp","contentUrl":"https:\/\/www.pogotowieflagowe.pl\/aktualne\/wp-content\/uploads\/2025\/02\/W-ten-sposob-lewicowy-senator-zachowywal-sie-w-Parlamencie-wyciekl-wideo.webp.webp","width":1280,"height":720,"caption":"W ten spos\u00f3b lewicowy senator zachowywa\u0142 si\u0119 w Parlamencie-wyciek\u0142 wideo (18+)"},{"@type":"BreadcrumbList","@id":"https:\/\/www.pogotowieflagowe.pl\/aktualne\/w-ten-sposob-lewicowy-senator-zachowywal-sie-w-parlamencie-wyciekl-wideo-18\/#breadcrumb","itemListElement":[{"@type":"ListItem","position":1,"name":"Home","item":"https:\/\/www.pogotowieflagowe.pl\/aktualne\/"},{"@type":"ListItem","position":2,"name":"W ten spos\u00f3b lewicowy senator zachowywa\u0142 si\u0119 w Parlamencie-wyciek\u0142 wideo (18+)"}]},{"@type":"WebSite","@id":"https:\/\/www.pogotowieflagowe.pl\/aktualne\/#website","url":"https:\/\/www.pogotowieflagowe.pl\/aktualne\/","name":"POGOTOWIE FLAGOWE\u00ae","description":"","publisher":{"@id":"https:\/\/www.pogotowieflagowe.pl\/aktualne\/#organization"},"potentialAction":[{"@type":"SearchAction","target":{"@type":"EntryPoint","urlTemplate":"https:\/\/www.pogotowieflagowe.pl\/aktualne\/?s={search_term_string}"},"query-input":"required name=search_term_string"}],"inLanguage":"pl-PL"},{"@type":"Organization","@id":"https:\/\/www.pogotowieflagowe.pl\/aktualne\/#organization","name":"POGOTOWIE FLAGOWE\u00ae","url":"https:\/\/www.pogotowieflagowe.pl\/aktualne\/","logo":{"@type":"ImageObject","inLanguage":"pl-PL","@id":"https:\/\/www.pogotowieflagowe.pl\/aktualne\/#\/schema\/logo\/image\/","url":"https:\/\/www.pogotowieflagowe.pl\/aktualne\/wp-content\/uploads\/2024\/08\/cropped-pogotowieflagowe_flaga_projekt_sm.jpg","contentUrl":"https:\/\/www.pogotowieflagowe.pl\/aktualne\/wp-content\/uploads\/2024\/08\/cropped-pogotowieflagowe_flaga_projekt_sm.jpg","width":250,"height":143,"caption":"POGOTOWIE FLAGOWE\u00ae"},"image":{"@id":"https:\/\/www.pogotowieflagowe.pl\/aktualne\/#\/schema\/logo\/image\/"}},{"@type":"Person","@id":"https:\/\/www.pogotowieflagowe.pl\/aktualne\/#\/schema\/person\/9c2fb7d2362ebf6fa088960d7f0d27b0","name":"Filip","image":{"@type":"ImageObject","inLanguage":"pl-PL","@id":"https:\/\/www.pogotowieflagowe.pl\/aktualne\/#\/schema\/person\/image\/","url":"https:\/\/www.pogotowieflagowe.pl\/aktualne\/wp-content\/uploads\/2024\/08\/pogotowieflagowe.pl_.jpg","contentUrl":"https:\/\/www.pogotowieflagowe.pl\/aktualne\/wp-content\/uploads\/2024\/08\/pogotowieflagowe.pl_.jpg","caption":"Filip"},"description":"Jestem Filip, polski dziennikarz z dyplomem nauk politycznych Uniwersytetu Warszawskiego. Rozpoczynaj\u0105c swoj\u0105 karier\u0119 w r\u00f3\u017cnych lokalnych mediach, zdoby\u0142em solidne do\u015bwiadczenie w zakresie \u015bledztwa i redakcji. Obecnie jako redaktor w Pogotowie flagowe, staram si\u0119 dostarcza\u0107 dog\u0142\u0119bne i istotne analizy na temat najwa\u017cniejszych kwestii aktualno\u015bci, \u0142\u0105cz\u0105c rygor z pasj\u0105 dziennikarsk\u0105.","sameAs":["https:\/\/www.pogotowieflagowe.pl\/"]}]}},"_links":{"self":[{"href":"https:\/\/www.pogotowieflagowe.pl\/aktualne\/wp-json\/wp\/v2\/posts\/4179","targetHints":{"allow":["GET"]}}],"collection":[{"href":"https:\/\/www.pogotowieflagowe.pl\/aktualne\/wp-json\/wp\/v2\/posts"}],"about":[{"href":"https:\/\/www.pogotowieflagowe.pl\/aktualne\/wp-json\/wp\/v2\/types\/post"}],"author":[{"embeddable":true,"href":"https:\/\/www.pogotowieflagowe.pl\/aktualne\/wp-json\/wp\/v2\/users\/1"}],"replies":[{"embeddable":true,"href":"https:\/\/www.pogotowieflagowe.pl\/aktualne\/wp-json\/wp\/v2\/comments?post=4179"}],"version-history":[{"count":1,"href":"https:\/\/www.pogotowieflagowe.pl\/aktualne\/wp-json\/wp\/v2\/posts\/4179\/revisions"}],"predecessor-version":[{"id":4181,"href":"https:\/\/www.pogotowieflagowe.pl\/aktualne\/wp-json\/wp\/v2\/posts\/4179\/revisions\/4181"}],"wp:featuredmedia":[{"embeddable":true,"href":"https:\/\/www.pogotowieflagowe.pl\/aktualne\/wp-json\/wp\/v2\/media\/4180"}],"wp:attachment":[{"href":"https:\/\/www.pogotowieflagowe.pl\/aktualne\/wp-json\/wp\/v2\/media?parent=4179"}],"wp:term":[{"taxonomy":"category","embeddable":true,"href":"https:\/\/www.pogotowieflagowe.pl\/aktualne\/wp-json\/wp\/v2\/categories?post=4179"},{"taxonomy":"post_tag","embeddable":true,"href":"https:\/\/www.pogotowieflagowe.pl\/aktualne\/wp-json\/wp\/v2\/tags?post=4179"}],"curies":[{"name":"wp","href":"https:\/\/api.w.org\/{rel}","templated":true}]}}