{"id":4230,"date":"2025-02-26T21:47:12","date_gmt":"2025-02-26T20:47:12","guid":{"rendered":"https:\/\/www.pogotowieflagowe.pl\/aktualne\/domagam-sie-prezydent-trybunalu-konstytucyjnego-wysyla-silny-list-do-bodnar-w-sprawie-dochodzenia-w-sprawie-zamachu-stanu\/"},"modified":"2025-02-26T21:47:13","modified_gmt":"2025-02-26T20:47:13","slug":"domagam-sie-prezydent-trybunalu-konstytucyjnego-wysyla-silny-list-do-bodnar-w-sprawie-dochodzenia-w-sprawie-zamachu-stanu","status":"publish","type":"post","link":"https:\/\/www.pogotowieflagowe.pl\/aktualne\/domagam-sie-prezydent-trybunalu-konstytucyjnego-wysyla-silny-list-do-bodnar-w-sprawie-dochodzenia-w-sprawie-zamachu-stanu\/","title":{"rendered":"\u201eDomagam si\u0119\u2026\u201d: Prezydent trybuna\u0142u konstytucyjnego wysy\u0142a silny list do Bodnar w sprawie dochodzenia w sprawie zamachu stanu"},"content":{"rendered":"\n<div class=\"td_block_wrap tdb_single_content tdi_41 td-pb-border-top td_block_template_8 td-post-content tagdiv-type\" data-td-block-uid=\"tdi_41\">\n<style>.tdi_41 {margin-top: 0px! Wa\u017cne; margines-bottom: 0px! WA\u017bNY; PALDING-TOP: 0PX! WA\u017bNY; PALDING-BOTTOM: 0PX! WA\u017bNE}<\/style>\n<style>.tdb_single_content {margin-bottom: 0;*zoom: 1} .tdb_single_content: wcze\u015bniej, .tdb_single_content: po {display: Table; content: ''; line-height: 0} .TDB-BLOCK-INner>*: nie (.WP-BLOCK-QUOTE): not (.alignSwide): not (.Alignfull.wp-block-cover.has-parallax): not (.td-a-ad) {margin-left: auto; margin-right: auto} .tdb_single_ConTent a {wska\u017anik-events: auto} .tdb_single_content .td-spot-id-top_ad .tdc-placeholder-title: przed {content: \u201eArtyku\u0142 top ad\u201d! Wa\u017cne} .tdb_single_content .td-Spot-Id-inline_ad0 .tdc-placeholder-title 1 '! Wa\u017cne} .tdb_single_content .td-Spot-Id-inline_Ad1 .tdc-Placeholder-Title: przed {content: \u201eArtyku\u0142 inline AD 2'! Wa\u017cny} .tdb_single_content. 3 '! Wa\u017cne} .tdb_single_content .td-Spot-Id-Bottom_Ad .tdc-Placeholder-Title: przed {content: \u201eArtyku\u0142 Bottom Ad\u201d! Wa\u017cne} .tdb_single_content .id_top_ad, .tdb_single_content_content .id_bottom_ad {clear: oba; margin-bottom: 21px; text-align: Center} .tdb_single_content .id_top_ad img, .tdb_single_content .id_bottom_ad img {margin-bottom: 0} .tdb_single_conTent .id_top_ad .adsbyGoogle, .tdb_single_content .id_bottom_ad .adsbyGoogle {pozycja: relatyw} .tdb_single_content .id_ad_content-horiz-left, .tdb_single_content .id_ad_content-horiz-right, .tdb_single_content .id_ad_content-horiz-Center {margin-bottom: 15px} .tdb_single_content .id_ad_content-horiz-left Img, .tdb_single_content .id_ad_content-horiz-right img, .tdb_single_content .id_ad_content-horiz-centerter img {margin-bottom: 0} .tdb_single_content .id_ad_content-horiz-center {text-align: Center} .tdb_single_content .id_ad_content-horiz-center img {margin-right: auto; margin-let: auto} .tdb_single_content .id_ad_content-horiz-left {float: left; margin-top: 9px; margin-right: 21px} .tdb_single_content .id_ad_content-horiz-right {float: margin-top: 6px; margin-left: 21px} .tdb_single_content .tdc-a-a-ad .TDC-Placeholder-Title {szeroko\u015b\u0107: 300px; height: 250px} .tdb_single_content .tdc-a-ad .TDC-Placeholder-Title: Przed {Pozycja: Absolute; TOP: 50%;-WebKit-Transform: Translatey (-50%); Transform: Translatey (-50%); margines: auto; Display: Tabela; szeroko\u015b\u0107: 100%}. tdb_single_content .TDB-BLOCK-INNER.TD-FIX-INDEX {Word-Break: Break-word} .tdi_41, .tdi_41> p, .tdi_41 .tdb-block-inner> p, .Wp-Block-Column> p {font-size: 16px! Wa\u017cne; wa\u017cny; p {font-styl: normalne! Wa\u017cne} @media (Max-Width: 767px) {. tdb_single_content .id_ad_content-horiz-left, .tdb_single_content .id_ad_content-horiz-right, .tdb_single_content .id_ad_content-horiz-centter {Margin: 0 AUTO 26PXX auto}}@media (Max-Width: 767px) {. tdb_single_content .id_ad_content-horiz-left {margin-right: 0}}@media (max-width: 767px) {. (Max-Width: 767px) {. tdb_single_content .td-a-ad {float: none; text-align: Center} .tdb_single_content .td-a-ad img {margin-right: auto; margin-left: auto} .tdb_single_content .tdc-a-a-a-{margin-right: auto; margin-left: auto} .tdb_single_content .tdd<\/style>\n<div class=\"tdb-block-inner td-fix-index\">\n<p>Prezydent trybuna\u0142u konstytucyjnego Bogdan \u015awi\u0119czkowskiego przem\u00f3wi\u0142 do silnego listu do prokuratora generalnego Adama Bodnar w sprawie trwaj\u0105cego dochodzenia w sprawie domniemanej pr\u00f3by zamachu stanu. \u015awi\u0119czowski wymaga w tym, aby wszystkie kroki proceduralne by\u0142y wykonywane wy\u0142\u0105cznie przez \u201eprawnie mianowanych zast\u0119pc\u00f3w prokurator\u00f3w generalnych\u201d.<\/p>\n<h3 class=\"wp-block-heading\">Dochodzenie w sprawie domniemanego zamachu stanu<\/h3>\n<p>W \u015brod\u0119 rzeczniczka prokuratora generalnego, Anna Adamiak, og\u0142osi\u0142a, \u017ce \u200b\u200bprokurator Dariusz Kornuk przekaza\u0142 powiadomienie Bogdana \u015anie\u0119czkowskiego o podejrzewanej pr\u00f3bie zamachu stanu do prokuratury okr\u0119gowej w Warszawie. Wed\u0142ug Adamiaka celem by\u0142o sprawdzenie i prawdopodobnie kontynuowanie dochodzenia.<\/p>\n<p>Jednak w li\u015bcie z 26 lutego 2025 r. \u015awi\u0119czkowski krytykuje t\u0119 decyzj\u0119. Nalega, aby tylko \u201eprawnie mianowani\u201d zast\u0119pcy prokuraturzy generalni mogli przeprowadzi\u0107 sond\u0119 &#8211; szczeg\u00f3lnie odnosz\u0105c si\u0119 do zast\u0119pcy prokuratora generalnego w sprawie przest\u0119pczo\u015bci zorganizowanej i korupcji Beata Marczaka, po tym, jak Bodnar rzekomo zawiesi\u0142 zast\u0119pc\u0119 prokuratora generalnego Micha\u0142a Ostrowskiego.<\/p>\n<h3 class=\"wp-block-heading\">\u201e\u017b\u0105dam\u2026\u201d &#8211; Kluczowe wymagania \u015awi\u0119czkowskiego<\/h3>\n<p>\u201eDomagam si\u0119, na podstawie art. 9 \u00a7 2 Kodeksu post\u0119powania karnego, aby wszystkie kroki proceduralne w wskazanym dochodzeniu s\u0105 podejmowane wy\u0142\u0105cznie przez prawnie mianowanych zast\u0119pc\u00f3w prokurator\u00f3w generalnych\u201d, pisze \u015awi\u0119czkowski w swoim li\u015bcie. Podkre\u015bla, \u017ce \u200b\u200bomawiana sprawa zosta\u0142a zainicjowana 5 lutego 2025 r. Przez zast\u0119pc\u0119 prokuratora generalnego Micha\u0142a Ostrowskiego, kt\u00f3ry jest teraz, zdaniem \u015awi\u0119czkowskiego, \u201ebezprawnie zawieszony\u201d.<\/p>\n<p>\u015awi\u0119czkowski twierdzi ponadto, \u017ce zar\u00f3wno Adam Bodnar, jako minister sprawiedliwo\u015bci, jak i prokurator generalny, jak i Dariusz Kornuk nale\u017c\u0105 do kr\u0119gu os\u00f3b podejrzanych o \u015bledztwo. Powo\u0142uj\u0105c si\u0119 na ten fakt, utrzymuje, \u017ce nale\u017cy je wykluczy\u0107 z podejmowania wszelkich dzia\u0142a\u0144 proceduralnych w sprawie.<\/p>\n<h3 class=\"wp-block-heading\">Zarzuty dotycz\u0105ce niezgodnych z prawem termin\u00f3w<\/h3>\n<p>Prezydent trybuna\u0142u konstytucyjnego krytykuje r\u00f3wnie\u017c zmiany personelu w systemie prokuratorskim, twierdz\u0105c, \u017ce zostali nielegalnie wykonani po 13 grudnia 2023 r. Twierdzi, \u017ce powo\u0142anie Dariusza Kornulu na rzecz prokuratora krajowego (prokuratora Krajowa) by\u0142o \u201eniezgodne z prawem\u201d, wskazuj\u0105c Dariusza Barskiego na stanowisku.<\/p>\n<p>\u201eZmiany wprowadzone w krajowej prokuraturze po 13 grudnia 2023 r. &#8211; szczeg\u00f3lnie usuni\u0119te nale\u017cycie mianowa\u0142o Dariusza Barskiego ze stanowiska krajowego prokuratora i zainstalowanie Dariusza Kornuluka na jego miejscu &#8211; by\u0142y naruszenia prawa\u201d &#8211; m\u00f3wi \u015awi\u0119czkowski. Wed\u0142ug niego, poniewa\u017c Kornuk nie ma uzasadnionego autorytetu, wszelkie ruchy, kt\u00f3re wykonuje &#8211; takie jak przekazanie sprawy do prokuratury okr\u0119gowej &#8211; mo\u017cna uzna\u0107 za cz\u0119\u015b\u0107 podejrzanej bezprawnej dzia\u0142alno\u015bci, o kt\u00f3rej mowa w pierwotnym powiadomieniu o pr\u00f3bie zamachu stanu.<\/p>\n<h3 class=\"wp-block-heading\">Zadzwo\u0144 do w\u0142a\u015bciwej jurysdykcji<\/h3>\n<p>\u015awi\u0119czkowski podsumowuje, nalegaj\u0105c, \u017ce bior\u0105c pod uwag\u0119 \u201epowag\u0119 sprawy i kr\u0119gu podejrzanych\u201d, musi zosta\u0107 zbadana przez oddzia\u0142 prokuratorski zajmuj\u0105cy si\u0119 przest\u0119pczo\u015bci\u0105 zorganizowan\u0105. M\u00f3wi\u0105c dok\u0142adniej, chce, aby zast\u0119pca prokuratora generalnego za przest\u0119pczo\u015b\u0107 zorganizowan\u0105 i korupcj\u0119 Beata Marczak poprowadzi sond\u0119, podkre\u015blaj\u0105c, \u017ce tylko osoby wyznaczone przed 13 grudnia 2023 r. Powinny przeprowadzi\u0107 wszelkie kroki proceduralne.<\/p>\n<p>Ten najnowszy rozw\u00f3j dodaje kolejnej warstwy z\u0142o\u017cono\u015bci do badania ju\u017c o wysokim stawie. Podkre\u015bla ci\u0105g\u0142e spory o legitymacj\u0119 w najlepszych organach s\u0105dowych i prokuratorskich w Polsce, przygotowuj\u0105c grunt pod potencjalnie kontrowersyjnym prawnym i konstytucyjnym pojedynku w nadchodz\u0105cych tygodniach i miesi\u0105cach.<\/p>\n<\/div>\n<\/div>\n","protected":false},"excerpt":{"rendered":"<p>Prezydent trybuna\u0142u konstytucyjnego Bogdan \u015awi\u0119czkowskiego przem\u00f3wi\u0142 do silnego listu do prokuratora generalnego Adama Bodnar w sprawie trwaj\u0105cego dochodzenia w sprawie<\/p>\n","protected":false},"author":1,"featured_media":4231,"comment_status":"closed","ping_status":"","sticky":false,"template":"","format":"standard","meta":{"footnotes":""},"categories":[4748],"tags":[4099,5827,5825,2737,3270,341,150,5430,35,2874,2736,5826,5288],"class_list":["post-4230","post","type-post","status-publish","format-standard","has-post-thumbnail","hentry","category-aktualne","tag-bodnar","tag-dochodzenia","tag-domagam","tag-konstytucyjnego","tag-list","tag-prezydent","tag-sie","tag-silny","tag-sprawie","tag-stanu","tag-trybunalu","tag-wysyla","tag-zamachu","generate-columns","tablet-grid-50","mobile-grid-100","grid-parent","grid-50","resize-featured-image"],"yoast_head":"<!-- This site is optimized with the Yoast SEO plugin v23.2 - https:\/\/yoast.com\/wordpress\/plugins\/seo\/ -->\n<title>\u201eDomagam si\u0119\u2026\u201d: Prezydent trybuna\u0142u konstytucyjnego wysy\u0142a silny list do Bodnar w sprawie dochodzenia w sprawie zamachu stanu - POGOTOWIE FLAGOWE\u00ae<\/title>\n<meta name=\"robots\" content=\"index, follow, max-snippet:-1, max-image-preview:large, max-video-preview:-1\" \/>\n<link rel=\"canonical\" href=\"https:\/\/www.pogotowieflagowe.pl\/aktualne\/domagam-sie-prezydent-trybunalu-konstytucyjnego-wysyla-silny-list-do-bodnar-w-sprawie-dochodzenia-w-sprawie-zamachu-stanu\/\" \/>\n<meta property=\"og:locale\" content=\"pl_PL\" \/>\n<meta property=\"og:type\" content=\"article\" \/>\n<meta property=\"og:title\" content=\"\u201eDomagam si\u0119\u2026\u201d: Prezydent trybuna\u0142u konstytucyjnego wysy\u0142a silny list do Bodnar w sprawie dochodzenia w sprawie zamachu stanu - POGOTOWIE FLAGOWE\u00ae\" \/>\n<meta property=\"og:description\" content=\"Prezydent trybuna\u0142u konstytucyjnego Bogdan \u015awi\u0119czkowskiego przem\u00f3wi\u0142 do silnego listu do prokuratora generalnego Adama Bodnar w sprawie trwaj\u0105cego dochodzenia w sprawie\" \/>\n<meta property=\"og:url\" content=\"https:\/\/www.pogotowieflagowe.pl\/aktualne\/domagam-sie-prezydent-trybunalu-konstytucyjnego-wysyla-silny-list-do-bodnar-w-sprawie-dochodzenia-w-sprawie-zamachu-stanu\/\" \/>\n<meta property=\"og:site_name\" content=\"POGOTOWIE FLAGOWE\u00ae\" \/>\n<meta property=\"article:published_time\" content=\"2025-02-26T20:47:12+00:00\" \/>\n<meta property=\"article:modified_time\" content=\"2025-02-26T20:47:13+00:00\" \/>\n<meta property=\"og:image\" content=\"https:\/\/www.pogotowieflagowe.pl\/aktualne\/wp-content\/uploads\/2025\/02\/\u201eDomagam-sie\u2026-Prezydent-trybunalu-konstytucyjnego-wysyla-silny-list-do-Bodnar.jpg\" \/>\n\t<meta property=\"og:image:width\" content=\"1200\" \/>\n\t<meta property=\"og:image:height\" content=\"675\" \/>\n\t<meta property=\"og:image:type\" content=\"image\/jpeg\" \/>\n<meta name=\"author\" content=\"Filip\" \/>\n<meta name=\"twitter:card\" content=\"summary_large_image\" \/>\n<meta name=\"twitter:label1\" content=\"Napisane przez\" \/>\n\t<meta name=\"twitter:data1\" content=\"Filip\" \/>\n\t<meta name=\"twitter:label2\" content=\"Szacowany czas czytania\" \/>\n\t<meta name=\"twitter:data2\" content=\"3 minuty\" \/>\n<script type=\"application\/ld+json\" class=\"yoast-schema-graph\">{\"@context\":\"https:\/\/schema.org\",\"@graph\":[{\"@type\":\"Article\",\"@id\":\"https:\/\/www.pogotowieflagowe.pl\/aktualne\/domagam-sie-prezydent-trybunalu-konstytucyjnego-wysyla-silny-list-do-bodnar-w-sprawie-dochodzenia-w-sprawie-zamachu-stanu\/#article\",\"isPartOf\":{\"@id\":\"https:\/\/www.pogotowieflagowe.pl\/aktualne\/domagam-sie-prezydent-trybunalu-konstytucyjnego-wysyla-silny-list-do-bodnar-w-sprawie-dochodzenia-w-sprawie-zamachu-stanu\/\"},\"author\":{\"name\":\"Filip\",\"@id\":\"https:\/\/www.pogotowieflagowe.pl\/aktualne\/#\/schema\/person\/9c2fb7d2362ebf6fa088960d7f0d27b0\"},\"headline\":\"\u201eDomagam si\u0119\u2026\u201d: Prezydent trybuna\u0142u konstytucyjnego wysy\u0142a silny list do Bodnar w sprawie dochodzenia w sprawie zamachu stanu\",\"datePublished\":\"2025-02-26T20:47:12+00:00\",\"dateModified\":\"2025-02-26T20:47:13+00:00\",\"mainEntityOfPage\":{\"@id\":\"https:\/\/www.pogotowieflagowe.pl\/aktualne\/domagam-sie-prezydent-trybunalu-konstytucyjnego-wysyla-silny-list-do-bodnar-w-sprawie-dochodzenia-w-sprawie-zamachu-stanu\/\"},\"wordCount\":557,\"publisher\":{\"@id\":\"https:\/\/www.pogotowieflagowe.pl\/aktualne\/#organization\"},\"image\":{\"@id\":\"https:\/\/www.pogotowieflagowe.pl\/aktualne\/domagam-sie-prezydent-trybunalu-konstytucyjnego-wysyla-silny-list-do-bodnar-w-sprawie-dochodzenia-w-sprawie-zamachu-stanu\/#primaryimage\"},\"thumbnailUrl\":\"https:\/\/www.pogotowieflagowe.pl\/aktualne\/wp-content\/uploads\/2025\/02\/\u201eDomagam-sie\u2026-Prezydent-trybunalu-konstytucyjnego-wysyla-silny-list-do-Bodnar.jpg\",\"keywords\":[\"Bodnar\",\"dochodzenia\",\"Domagam\",\"Konstytucyjnego\",\"list\",\"Prezydent\",\"si\u0119\",\"silny\",\"sprawie\",\"stanu\",\"Trybuna\u0142u\",\"wysy\u0142a\",\"zamachu\"],\"articleSection\":[\"Aktualne\"],\"inLanguage\":\"pl-PL\"},{\"@type\":\"WebPage\",\"@id\":\"https:\/\/www.pogotowieflagowe.pl\/aktualne\/domagam-sie-prezydent-trybunalu-konstytucyjnego-wysyla-silny-list-do-bodnar-w-sprawie-dochodzenia-w-sprawie-zamachu-stanu\/\",\"url\":\"https:\/\/www.pogotowieflagowe.pl\/aktualne\/domagam-sie-prezydent-trybunalu-konstytucyjnego-wysyla-silny-list-do-bodnar-w-sprawie-dochodzenia-w-sprawie-zamachu-stanu\/\",\"name\":\"\u201eDomagam si\u0119\u2026\u201d: Prezydent trybuna\u0142u konstytucyjnego wysy\u0142a silny list do Bodnar w sprawie dochodzenia w sprawie zamachu stanu - POGOTOWIE FLAGOWE\u00ae\",\"isPartOf\":{\"@id\":\"https:\/\/www.pogotowieflagowe.pl\/aktualne\/#website\"},\"primaryImageOfPage\":{\"@id\":\"https:\/\/www.pogotowieflagowe.pl\/aktualne\/domagam-sie-prezydent-trybunalu-konstytucyjnego-wysyla-silny-list-do-bodnar-w-sprawie-dochodzenia-w-sprawie-zamachu-stanu\/#primaryimage\"},\"image\":{\"@id\":\"https:\/\/www.pogotowieflagowe.pl\/aktualne\/domagam-sie-prezydent-trybunalu-konstytucyjnego-wysyla-silny-list-do-bodnar-w-sprawie-dochodzenia-w-sprawie-zamachu-stanu\/#primaryimage\"},\"thumbnailUrl\":\"https:\/\/www.pogotowieflagowe.pl\/aktualne\/wp-content\/uploads\/2025\/02\/\u201eDomagam-sie\u2026-Prezydent-trybunalu-konstytucyjnego-wysyla-silny-list-do-Bodnar.jpg\",\"datePublished\":\"2025-02-26T20:47:12+00:00\",\"dateModified\":\"2025-02-26T20:47:13+00:00\",\"breadcrumb\":{\"@id\":\"https:\/\/www.pogotowieflagowe.pl\/aktualne\/domagam-sie-prezydent-trybunalu-konstytucyjnego-wysyla-silny-list-do-bodnar-w-sprawie-dochodzenia-w-sprawie-zamachu-stanu\/#breadcrumb\"},\"inLanguage\":\"pl-PL\",\"potentialAction\":[{\"@type\":\"ReadAction\",\"target\":[\"https:\/\/www.pogotowieflagowe.pl\/aktualne\/domagam-sie-prezydent-trybunalu-konstytucyjnego-wysyla-silny-list-do-bodnar-w-sprawie-dochodzenia-w-sprawie-zamachu-stanu\/\"]}]},{\"@type\":\"ImageObject\",\"inLanguage\":\"pl-PL\",\"@id\":\"https:\/\/www.pogotowieflagowe.pl\/aktualne\/domagam-sie-prezydent-trybunalu-konstytucyjnego-wysyla-silny-list-do-bodnar-w-sprawie-dochodzenia-w-sprawie-zamachu-stanu\/#primaryimage\",\"url\":\"https:\/\/www.pogotowieflagowe.pl\/aktualne\/wp-content\/uploads\/2025\/02\/\u201eDomagam-sie\u2026-Prezydent-trybunalu-konstytucyjnego-wysyla-silny-list-do-Bodnar.jpg\",\"contentUrl\":\"https:\/\/www.pogotowieflagowe.pl\/aktualne\/wp-content\/uploads\/2025\/02\/\u201eDomagam-sie\u2026-Prezydent-trybunalu-konstytucyjnego-wysyla-silny-list-do-Bodnar.jpg\",\"width\":1200,\"height\":675,\"caption\":\"\u201eDomagam si\u0119\u2026\u201d: Prezydent trybuna\u0142u konstytucyjnego wysy\u0142a silny list do Bodnar w sprawie dochodzenia w sprawie zamachu stanu\"},{\"@type\":\"BreadcrumbList\",\"@id\":\"https:\/\/www.pogotowieflagowe.pl\/aktualne\/domagam-sie-prezydent-trybunalu-konstytucyjnego-wysyla-silny-list-do-bodnar-w-sprawie-dochodzenia-w-sprawie-zamachu-stanu\/#breadcrumb\",\"itemListElement\":[{\"@type\":\"ListItem\",\"position\":1,\"name\":\"Home\",\"item\":\"https:\/\/www.pogotowieflagowe.pl\/aktualne\/\"},{\"@type\":\"ListItem\",\"position\":2,\"name\":\"\u201eDomagam si\u0119\u2026\u201d: Prezydent trybuna\u0142u konstytucyjnego wysy\u0142a silny list do Bodnar w sprawie dochodzenia w sprawie zamachu stanu\"}]},{\"@type\":\"WebSite\",\"@id\":\"https:\/\/www.pogotowieflagowe.pl\/aktualne\/#website\",\"url\":\"https:\/\/www.pogotowieflagowe.pl\/aktualne\/\",\"name\":\"POGOTOWIE FLAGOWE\u00ae\",\"description\":\"\",\"publisher\":{\"@id\":\"https:\/\/www.pogotowieflagowe.pl\/aktualne\/#organization\"},\"potentialAction\":[{\"@type\":\"SearchAction\",\"target\":{\"@type\":\"EntryPoint\",\"urlTemplate\":\"https:\/\/www.pogotowieflagowe.pl\/aktualne\/?s={search_term_string}\"},\"query-input\":\"required name=search_term_string\"}],\"inLanguage\":\"pl-PL\"},{\"@type\":\"Organization\",\"@id\":\"https:\/\/www.pogotowieflagowe.pl\/aktualne\/#organization\",\"name\":\"POGOTOWIE FLAGOWE\u00ae\",\"url\":\"https:\/\/www.pogotowieflagowe.pl\/aktualne\/\",\"logo\":{\"@type\":\"ImageObject\",\"inLanguage\":\"pl-PL\",\"@id\":\"https:\/\/www.pogotowieflagowe.pl\/aktualne\/#\/schema\/logo\/image\/\",\"url\":\"https:\/\/www.pogotowieflagowe.pl\/aktualne\/wp-content\/uploads\/2024\/08\/cropped-pogotowieflagowe_flaga_projekt_sm.jpg\",\"contentUrl\":\"https:\/\/www.pogotowieflagowe.pl\/aktualne\/wp-content\/uploads\/2024\/08\/cropped-pogotowieflagowe_flaga_projekt_sm.jpg\",\"width\":250,\"height\":143,\"caption\":\"POGOTOWIE FLAGOWE\u00ae\"},\"image\":{\"@id\":\"https:\/\/www.pogotowieflagowe.pl\/aktualne\/#\/schema\/logo\/image\/\"}},{\"@type\":\"Person\",\"@id\":\"https:\/\/www.pogotowieflagowe.pl\/aktualne\/#\/schema\/person\/9c2fb7d2362ebf6fa088960d7f0d27b0\",\"name\":\"Filip\",\"image\":{\"@type\":\"ImageObject\",\"inLanguage\":\"pl-PL\",\"@id\":\"https:\/\/www.pogotowieflagowe.pl\/aktualne\/#\/schema\/person\/image\/\",\"url\":\"https:\/\/www.pogotowieflagowe.pl\/aktualne\/wp-content\/uploads\/2024\/08\/pogotowieflagowe.pl_.jpg\",\"contentUrl\":\"https:\/\/www.pogotowieflagowe.pl\/aktualne\/wp-content\/uploads\/2024\/08\/pogotowieflagowe.pl_.jpg\",\"caption\":\"Filip\"},\"description\":\"Jestem Filip, polski dziennikarz z dyplomem nauk politycznych Uniwersytetu Warszawskiego. Rozpoczynaj\u0105c swoj\u0105 karier\u0119 w r\u00f3\u017cnych lokalnych mediach, zdoby\u0142em solidne do\u015bwiadczenie w zakresie \u015bledztwa i redakcji. Obecnie jako redaktor w Pogotowie flagowe, staram si\u0119 dostarcza\u0107 dog\u0142\u0119bne i istotne analizy na temat najwa\u017cniejszych kwestii aktualno\u015bci, \u0142\u0105cz\u0105c rygor z pasj\u0105 dziennikarsk\u0105.\",\"sameAs\":[\"https:\/\/www.pogotowieflagowe.pl\/\"]}]}<\/script>\n<!-- \/ Yoast SEO plugin. -->","yoast_head_json":{"title":"\u201eDomagam si\u0119\u2026\u201d: Prezydent trybuna\u0142u konstytucyjnego wysy\u0142a silny list do Bodnar w sprawie dochodzenia w sprawie zamachu stanu - POGOTOWIE FLAGOWE\u00ae","robots":{"index":"index","follow":"follow","max-snippet":"max-snippet:-1","max-image-preview":"max-image-preview:large","max-video-preview":"max-video-preview:-1"},"canonical":"https:\/\/www.pogotowieflagowe.pl\/aktualne\/domagam-sie-prezydent-trybunalu-konstytucyjnego-wysyla-silny-list-do-bodnar-w-sprawie-dochodzenia-w-sprawie-zamachu-stanu\/","og_locale":"pl_PL","og_type":"article","og_title":"\u201eDomagam si\u0119\u2026\u201d: Prezydent trybuna\u0142u konstytucyjnego wysy\u0142a silny list do Bodnar w sprawie dochodzenia w sprawie zamachu stanu - POGOTOWIE FLAGOWE\u00ae","og_description":"Prezydent trybuna\u0142u konstytucyjnego Bogdan \u015awi\u0119czkowskiego przem\u00f3wi\u0142 do silnego listu do prokuratora generalnego Adama Bodnar w sprawie trwaj\u0105cego dochodzenia w sprawie","og_url":"https:\/\/www.pogotowieflagowe.pl\/aktualne\/domagam-sie-prezydent-trybunalu-konstytucyjnego-wysyla-silny-list-do-bodnar-w-sprawie-dochodzenia-w-sprawie-zamachu-stanu\/","og_site_name":"POGOTOWIE FLAGOWE\u00ae","article_published_time":"2025-02-26T20:47:12+00:00","article_modified_time":"2025-02-26T20:47:13+00:00","og_image":[{"width":1200,"height":675,"url":"https:\/\/www.pogotowieflagowe.pl\/aktualne\/wp-content\/uploads\/2025\/02\/\u201eDomagam-sie\u2026-Prezydent-trybunalu-konstytucyjnego-wysyla-silny-list-do-Bodnar.jpg","type":"image\/jpeg"}],"author":"Filip","twitter_card":"summary_large_image","twitter_misc":{"Napisane przez":"Filip","Szacowany czas czytania":"3 minuty"},"schema":{"@context":"https:\/\/schema.org","@graph":[{"@type":"Article","@id":"https:\/\/www.pogotowieflagowe.pl\/aktualne\/domagam-sie-prezydent-trybunalu-konstytucyjnego-wysyla-silny-list-do-bodnar-w-sprawie-dochodzenia-w-sprawie-zamachu-stanu\/#article","isPartOf":{"@id":"https:\/\/www.pogotowieflagowe.pl\/aktualne\/domagam-sie-prezydent-trybunalu-konstytucyjnego-wysyla-silny-list-do-bodnar-w-sprawie-dochodzenia-w-sprawie-zamachu-stanu\/"},"author":{"name":"Filip","@id":"https:\/\/www.pogotowieflagowe.pl\/aktualne\/#\/schema\/person\/9c2fb7d2362ebf6fa088960d7f0d27b0"},"headline":"\u201eDomagam si\u0119\u2026\u201d: Prezydent trybuna\u0142u konstytucyjnego wysy\u0142a silny list do Bodnar w sprawie dochodzenia w sprawie zamachu stanu","datePublished":"2025-02-26T20:47:12+00:00","dateModified":"2025-02-26T20:47:13+00:00","mainEntityOfPage":{"@id":"https:\/\/www.pogotowieflagowe.pl\/aktualne\/domagam-sie-prezydent-trybunalu-konstytucyjnego-wysyla-silny-list-do-bodnar-w-sprawie-dochodzenia-w-sprawie-zamachu-stanu\/"},"wordCount":557,"publisher":{"@id":"https:\/\/www.pogotowieflagowe.pl\/aktualne\/#organization"},"image":{"@id":"https:\/\/www.pogotowieflagowe.pl\/aktualne\/domagam-sie-prezydent-trybunalu-konstytucyjnego-wysyla-silny-list-do-bodnar-w-sprawie-dochodzenia-w-sprawie-zamachu-stanu\/#primaryimage"},"thumbnailUrl":"https:\/\/www.pogotowieflagowe.pl\/aktualne\/wp-content\/uploads\/2025\/02\/\u201eDomagam-sie\u2026-Prezydent-trybunalu-konstytucyjnego-wysyla-silny-list-do-Bodnar.jpg","keywords":["Bodnar","dochodzenia","Domagam","Konstytucyjnego","list","Prezydent","si\u0119","silny","sprawie","stanu","Trybuna\u0142u","wysy\u0142a","zamachu"],"articleSection":["Aktualne"],"inLanguage":"pl-PL"},{"@type":"WebPage","@id":"https:\/\/www.pogotowieflagowe.pl\/aktualne\/domagam-sie-prezydent-trybunalu-konstytucyjnego-wysyla-silny-list-do-bodnar-w-sprawie-dochodzenia-w-sprawie-zamachu-stanu\/","url":"https:\/\/www.pogotowieflagowe.pl\/aktualne\/domagam-sie-prezydent-trybunalu-konstytucyjnego-wysyla-silny-list-do-bodnar-w-sprawie-dochodzenia-w-sprawie-zamachu-stanu\/","name":"\u201eDomagam si\u0119\u2026\u201d: Prezydent trybuna\u0142u konstytucyjnego wysy\u0142a silny list do Bodnar w sprawie dochodzenia w sprawie zamachu stanu - POGOTOWIE FLAGOWE\u00ae","isPartOf":{"@id":"https:\/\/www.pogotowieflagowe.pl\/aktualne\/#website"},"primaryImageOfPage":{"@id":"https:\/\/www.pogotowieflagowe.pl\/aktualne\/domagam-sie-prezydent-trybunalu-konstytucyjnego-wysyla-silny-list-do-bodnar-w-sprawie-dochodzenia-w-sprawie-zamachu-stanu\/#primaryimage"},"image":{"@id":"https:\/\/www.pogotowieflagowe.pl\/aktualne\/domagam-sie-prezydent-trybunalu-konstytucyjnego-wysyla-silny-list-do-bodnar-w-sprawie-dochodzenia-w-sprawie-zamachu-stanu\/#primaryimage"},"thumbnailUrl":"https:\/\/www.pogotowieflagowe.pl\/aktualne\/wp-content\/uploads\/2025\/02\/\u201eDomagam-sie\u2026-Prezydent-trybunalu-konstytucyjnego-wysyla-silny-list-do-Bodnar.jpg","datePublished":"2025-02-26T20:47:12+00:00","dateModified":"2025-02-26T20:47:13+00:00","breadcrumb":{"@id":"https:\/\/www.pogotowieflagowe.pl\/aktualne\/domagam-sie-prezydent-trybunalu-konstytucyjnego-wysyla-silny-list-do-bodnar-w-sprawie-dochodzenia-w-sprawie-zamachu-stanu\/#breadcrumb"},"inLanguage":"pl-PL","potentialAction":[{"@type":"ReadAction","target":["https:\/\/www.pogotowieflagowe.pl\/aktualne\/domagam-sie-prezydent-trybunalu-konstytucyjnego-wysyla-silny-list-do-bodnar-w-sprawie-dochodzenia-w-sprawie-zamachu-stanu\/"]}]},{"@type":"ImageObject","inLanguage":"pl-PL","@id":"https:\/\/www.pogotowieflagowe.pl\/aktualne\/domagam-sie-prezydent-trybunalu-konstytucyjnego-wysyla-silny-list-do-bodnar-w-sprawie-dochodzenia-w-sprawie-zamachu-stanu\/#primaryimage","url":"https:\/\/www.pogotowieflagowe.pl\/aktualne\/wp-content\/uploads\/2025\/02\/\u201eDomagam-sie\u2026-Prezydent-trybunalu-konstytucyjnego-wysyla-silny-list-do-Bodnar.jpg","contentUrl":"https:\/\/www.pogotowieflagowe.pl\/aktualne\/wp-content\/uploads\/2025\/02\/\u201eDomagam-sie\u2026-Prezydent-trybunalu-konstytucyjnego-wysyla-silny-list-do-Bodnar.jpg","width":1200,"height":675,"caption":"\u201eDomagam si\u0119\u2026\u201d: Prezydent trybuna\u0142u konstytucyjnego wysy\u0142a silny list do Bodnar w sprawie dochodzenia w sprawie zamachu stanu"},{"@type":"BreadcrumbList","@id":"https:\/\/www.pogotowieflagowe.pl\/aktualne\/domagam-sie-prezydent-trybunalu-konstytucyjnego-wysyla-silny-list-do-bodnar-w-sprawie-dochodzenia-w-sprawie-zamachu-stanu\/#breadcrumb","itemListElement":[{"@type":"ListItem","position":1,"name":"Home","item":"https:\/\/www.pogotowieflagowe.pl\/aktualne\/"},{"@type":"ListItem","position":2,"name":"\u201eDomagam si\u0119\u2026\u201d: Prezydent trybuna\u0142u konstytucyjnego wysy\u0142a silny list do Bodnar w sprawie dochodzenia w sprawie zamachu stanu"}]},{"@type":"WebSite","@id":"https:\/\/www.pogotowieflagowe.pl\/aktualne\/#website","url":"https:\/\/www.pogotowieflagowe.pl\/aktualne\/","name":"POGOTOWIE FLAGOWE\u00ae","description":"","publisher":{"@id":"https:\/\/www.pogotowieflagowe.pl\/aktualne\/#organization"},"potentialAction":[{"@type":"SearchAction","target":{"@type":"EntryPoint","urlTemplate":"https:\/\/www.pogotowieflagowe.pl\/aktualne\/?s={search_term_string}"},"query-input":"required name=search_term_string"}],"inLanguage":"pl-PL"},{"@type":"Organization","@id":"https:\/\/www.pogotowieflagowe.pl\/aktualne\/#organization","name":"POGOTOWIE FLAGOWE\u00ae","url":"https:\/\/www.pogotowieflagowe.pl\/aktualne\/","logo":{"@type":"ImageObject","inLanguage":"pl-PL","@id":"https:\/\/www.pogotowieflagowe.pl\/aktualne\/#\/schema\/logo\/image\/","url":"https:\/\/www.pogotowieflagowe.pl\/aktualne\/wp-content\/uploads\/2024\/08\/cropped-pogotowieflagowe_flaga_projekt_sm.jpg","contentUrl":"https:\/\/www.pogotowieflagowe.pl\/aktualne\/wp-content\/uploads\/2024\/08\/cropped-pogotowieflagowe_flaga_projekt_sm.jpg","width":250,"height":143,"caption":"POGOTOWIE FLAGOWE\u00ae"},"image":{"@id":"https:\/\/www.pogotowieflagowe.pl\/aktualne\/#\/schema\/logo\/image\/"}},{"@type":"Person","@id":"https:\/\/www.pogotowieflagowe.pl\/aktualne\/#\/schema\/person\/9c2fb7d2362ebf6fa088960d7f0d27b0","name":"Filip","image":{"@type":"ImageObject","inLanguage":"pl-PL","@id":"https:\/\/www.pogotowieflagowe.pl\/aktualne\/#\/schema\/person\/image\/","url":"https:\/\/www.pogotowieflagowe.pl\/aktualne\/wp-content\/uploads\/2024\/08\/pogotowieflagowe.pl_.jpg","contentUrl":"https:\/\/www.pogotowieflagowe.pl\/aktualne\/wp-content\/uploads\/2024\/08\/pogotowieflagowe.pl_.jpg","caption":"Filip"},"description":"Jestem Filip, polski dziennikarz z dyplomem nauk politycznych Uniwersytetu Warszawskiego. Rozpoczynaj\u0105c swoj\u0105 karier\u0119 w r\u00f3\u017cnych lokalnych mediach, zdoby\u0142em solidne do\u015bwiadczenie w zakresie \u015bledztwa i redakcji. Obecnie jako redaktor w Pogotowie flagowe, staram si\u0119 dostarcza\u0107 dog\u0142\u0119bne i istotne analizy na temat najwa\u017cniejszych kwestii aktualno\u015bci, \u0142\u0105cz\u0105c rygor z pasj\u0105 dziennikarsk\u0105.","sameAs":["https:\/\/www.pogotowieflagowe.pl\/"]}]}},"_links":{"self":[{"href":"https:\/\/www.pogotowieflagowe.pl\/aktualne\/wp-json\/wp\/v2\/posts\/4230","targetHints":{"allow":["GET"]}}],"collection":[{"href":"https:\/\/www.pogotowieflagowe.pl\/aktualne\/wp-json\/wp\/v2\/posts"}],"about":[{"href":"https:\/\/www.pogotowieflagowe.pl\/aktualne\/wp-json\/wp\/v2\/types\/post"}],"author":[{"embeddable":true,"href":"https:\/\/www.pogotowieflagowe.pl\/aktualne\/wp-json\/wp\/v2\/users\/1"}],"replies":[{"embeddable":true,"href":"https:\/\/www.pogotowieflagowe.pl\/aktualne\/wp-json\/wp\/v2\/comments?post=4230"}],"version-history":[{"count":1,"href":"https:\/\/www.pogotowieflagowe.pl\/aktualne\/wp-json\/wp\/v2\/posts\/4230\/revisions"}],"predecessor-version":[{"id":4232,"href":"https:\/\/www.pogotowieflagowe.pl\/aktualne\/wp-json\/wp\/v2\/posts\/4230\/revisions\/4232"}],"wp:featuredmedia":[{"embeddable":true,"href":"https:\/\/www.pogotowieflagowe.pl\/aktualne\/wp-json\/wp\/v2\/media\/4231"}],"wp:attachment":[{"href":"https:\/\/www.pogotowieflagowe.pl\/aktualne\/wp-json\/wp\/v2\/media?parent=4230"}],"wp:term":[{"taxonomy":"category","embeddable":true,"href":"https:\/\/www.pogotowieflagowe.pl\/aktualne\/wp-json\/wp\/v2\/categories?post=4230"},{"taxonomy":"post_tag","embeddable":true,"href":"https:\/\/www.pogotowieflagowe.pl\/aktualne\/wp-json\/wp\/v2\/tags?post=4230"}],"curies":[{"name":"wp","href":"https:\/\/api.w.org\/{rel}","templated":true}]}}