{"id":4306,"date":"2025-03-01T08:49:31","date_gmt":"2025-03-01T07:49:31","guid":{"rendered":"https:\/\/www.pogotowieflagowe.pl\/aktualne\/swiat-sie-zmieni-polska-sie-zmieni-ale-nie-bez-nas-wspomina-sakiewicz\/"},"modified":"2025-03-01T08:49:32","modified_gmt":"2025-03-01T07:49:32","slug":"swiat-sie-zmieni-polska-sie-zmieni-ale-nie-bez-nas-wspomina-sakiewicz","status":"publish","type":"post","link":"https:\/\/www.pogotowieflagowe.pl\/aktualne\/swiat-sie-zmieni-polska-sie-zmieni-ale-nie-bez-nas-wspomina-sakiewicz\/","title":{"rendered":"\u201e\u015awiat si\u0119 zmieni, Polska si\u0119 zmieni, ale nie bez nas\u201d, wspomina Sakiewicz"},"content":{"rendered":"\n<div class=\"td_block_wrap tdb_single_content tdi_41 td-pb-border-top td_block_template_8 td-post-content tagdiv-type\" data-td-block-uid=\"tdi_41\">\n<style>.tdi_41 {margin-top: 0px! Wa\u017cne; margines-bottom: 0px! WA\u017bNY; PALDING-TOP: 0PX! WA\u017bNY; PALDING-BOTTOM: 0PX! WA\u017bNE}<\/style>\n<style>.tdb_single_content {margin-bottom: 0;*zoom: 1} .tdb_single_content: wcze\u015bniej, .tdb_single_content: po {display: Table; content: ''; line-height: 0} .TDB-BLOCK-INner>*: nie (.WP-BLOCK-QUOTE): not (.alignSwide): not (.Alignfull.wp-block-cover.has-parallax): not (.td-a-ad) {margin-left: auto; margin-right: auto} .tdb_single_ConTent a {wska\u017anik-events: auto} .tdb_single_content .td-spot-id-top_ad .tdc-placeholder-title: przed {content: \u201eArtyku\u0142 top ad\u201d! Wa\u017cne} .tdb_single_content .td-Spot-Id-inline_ad0 .tdc-placeholder-title 1 '! Wa\u017cne} .tdb_single_content .td-Spot-Id-inline_Ad1 .tdc-Placeholder-Title: przed {content: \u201eArtyku\u0142 inline AD 2'! Wa\u017cny} .tdb_single_content. 3 '! Wa\u017cne} .tdb_single_content .td-Spot-Id-Bottom_Ad .tdc-Placeholder-Title: przed {content: \u201eArtyku\u0142 Bottom ad\u201d! Wa\u017cne} .tdb_single_content .id_top_ad, .tdb_single_content_content .id_bottom_ad {clear: oba; margin-bottom: 21px; text-align: Center} .tdb_single_content .id_top_ad img, .tdb_single_content .id_bottom_ad img {margin-bottom: 0} .tdb_single_conTent .id_top_ad .adsbyGoogle, .tdb_single_content .id_bottom_ad .adsbyGoogle {pozycja: relatyw} .tdb_single_content .id_ad_content-horiz-left, .tdb_single_content .id_ad_content-horiz-right, .tdb_single_content .id_ad_content-horiz-Center {margin-bottom: 15px} .tdb_single_content .id_ad_content-horiz-left Img, .tdb_single_content .id_ad_content-horiz-right img, .tdb_single_content .id_ad_content-horiz-centerter img {margin-bottom: 0} .tdb_single_content .id_ad_content-horiz-center {text-align: Center} .tdb_single_content .id_ad_content-horiz-center img {margin-right: auto; margin-let: auto} .tdb_single_content .id_ad_content-horiz-left {float: left; margin-top: 9px; margin-right: 21px} .tdb_single_content .id_ad_content-horiz-right {float: margin-top: 6px; margin-left: 21px} .tdb_single_content .tdc-a-a-ad .TDC-Placeholder-Title {szeroko\u015b\u0107: 300px; height: 250px} .tdb_single_content .tdc-a-ad .TDC-Placeholder-Title: Przed {Pozycja: Absolute; TOP: 50%;-WebKit-Transform: Translatey (-50%); Transform: Translatey (-50%); margines: auto; Display: Tabela; szeroko\u015b\u0107: 100%}. tdb_single_content .TDB-BLOCK-INNER.TD-FIX-INDEX {Word-Break: Break-word} .tdi_41, .tdi_41> p, .tdi_41 .tdb-block-inner> p, .Wp-Block-Column> p {font-size: 16px! Wa\u017cne; wa\u017cny; p {font-styl: normalne! Wa\u017cne} @media (Max-Width: 767px) {. tdb_single_content .id_ad_content-horiz-left, .tdb_single_content .id_ad_content-horiz-right, .tdb_single_content .id_ad_content-horiz-centter {Margin: 0 AUTO 26PXX auto}}@media (Max-Width: 767px) {. tdb_single_content .id_ad_content-horiz-left {margin-right: 0}}@media (max-width: 767px) {. (Max-Width: 767px) {. tdb_single_content .td-a-ad {float: none; text-align: Center} .tdb_single_content .td-a-ad img {margin-right: auto; margin-left: auto} .tdb_single_content .tdc-a-a-a-{margin-right: auto; margin-left: auto} .tdb_single_content .tdd<\/style>\n<div class=\"tdb-block-inner td-fix-index\">\n<p>Projekt Liberal Left jest w pe\u0142ni odwrotny, a Amerykanie wracaj\u0105 do firmy, tradycyjnej polityki krajowej i zagranicznej. Nowa administracja zamiatuje dalsze fundusze na projekty, kt\u00f3re zamiast obs\u0142ugiwa\u0107 w\u0142asny kraj, rozwija\u0142y ideologiczne wizje zmiany \u015bwiata. Coraz wi\u0119cej os\u00f3b zdaje sobie spraw\u0119 z szkody, \u017ce administracja Biden zada\u0142a nie tylko Polsk\u0119, ale tak\u017ce Stanom Zjednoczonym poprzez finansowanie obalenia rz\u0105du ameryka\u0144skiego. Kwestia cenzury i narusze\u0144 praw cz\u0142owieka przez rz\u0105d Donalda Tuska jest teraz w porz\u0105dku obrad.<\/p>\n<p>Zmiana w USA jest tak silna, \u017ce \u200b\u200bministrowie Tuska desperacko pr\u00f3buj\u0105 odbudowa\u0107 powi\u0105zania z republikanami, przedstawiaj\u0105c si\u0119 jako \u201eukrytych\u201d konserwatyst\u00f3w. To nie jest \u0142atwe zadanie, bior\u0105c pod uwag\u0119, \u017ce sam Donald Tusk jest tam uwa\u017cany za osobowo\u015b\u0107 non grata. Nie ma w USA, ani w Europie. Czy kto\u015b nawet pami\u0119ta, \u017ce \u200b\u200bPolska jest obecnie &#8211; przynajmniej formalnie &#8211; zajmuj\u0105c si\u0119 prezydencj\u0105 UE?<\/p>\n<p>By\u0142y premier Mateusz Morawiecki zosta\u0142 kilkakrotnie zaproszony do zabrania g\u0142osu w USA, jednak Rados\u0142awowi Sikorskim r\u00f3wnie\u017c uda\u0142o si\u0119 w\u0142o\u017cy\u0107 do konserwatywnego spotkania, pozornie planuj\u0105c, jak boka\u0107 i zabezpieczy\u0107 sobie miejsce w nast\u0119pnej globalnej przetasowi. Sikorski nie by\u0142 dozwolony na scenie, ale jeden z dziesi\u0105tek m\u00f3wc\u00f3w uzna\u0142 jego obecno\u015b\u0107. Taki jest zakres wp\u0142ywu rz\u0105du polskiego tutaj. \u017ba\u0142osne, ale jest to obecny stan polityki rz\u0105dowej.<\/p>\n<p>Amerykanie zdaj\u0105 sobie spraw\u0119, \u017ce w Polsce zrobili ba\u0142agan. Pytanie brzmi teraz, co z tym zrobi\u0105, poniewa\u017c zdaj\u0105 sobie r\u00f3wnie\u017c spraw\u0119, \u017ce bez Polski maj\u0105 problem w Europie &#8211; tylko tak, jak Ukraina stoi teraz w obliczu powa\u017cnego kryzysu. Zelensky pom\u00f3g\u0142 obali\u0107 rz\u0105d Morawiecki i straci\u0142 swojego jedynego adwokata w USA, jego ostatni\u0105 nadziej\u0105 jest prezydent AndrzeJ Duda. Teraz jednak ukrai\u0144ski prezydent uderza w \u015bcian\u0119, poniewa\u017c Amerykanie wprost pytaj\u0105, dlaczego powinni go wspiera\u0107, czy jest zgodny z Niemcami. Cena braku przyjaci\u00f3\u0142 w Waszyngtonie jest stroma, a inwestowanie w te relacje jest kluczowe &#8211; nawet je\u015bli nasi przyjaciele wzd\u0142u\u017c Potomaca nie od razu nie rozumiej\u0105 wszystkiego.<\/p>\n<\/div>\n<\/div>\n","protected":false},"excerpt":{"rendered":"<p>Projekt Liberal Left jest w pe\u0142ni odwrotny, a Amerykanie wracaj\u0105 do firmy, tradycyjnej polityki krajowej i zagranicznej. Nowa administracja zamiatuje<\/p>\n","protected":false},"author":1,"featured_media":4307,"comment_status":"closed","ping_status":"","sticky":false,"template":"","format":"standard","meta":{"footnotes":""},"categories":[44],"tags":[1124,2937,282,450,4,373,150,369,5910,766],"class_list":["post-4306","post","type-post","status-publish","format-standard","has-post-thumbnail","hentry","category-polityka","tag-ale","tag-bez","tag-nas","tag-nie","tag-polska","tag-sakiewicz","tag-sie","tag-swiat","tag-wspomina","tag-zmieni","generate-columns","tablet-grid-50","mobile-grid-100","grid-parent","grid-50","resize-featured-image"],"yoast_head":"<!-- This site is optimized with the Yoast SEO plugin v23.2 - https:\/\/yoast.com\/wordpress\/plugins\/seo\/ -->\n<title>\u201e\u015awiat si\u0119 zmieni, Polska si\u0119 zmieni, ale nie bez nas\u201d, wspomina Sakiewicz - POGOTOWIE FLAGOWE\u00ae<\/title>\n<meta name=\"robots\" content=\"index, follow, max-snippet:-1, max-image-preview:large, max-video-preview:-1\" \/>\n<link rel=\"canonical\" href=\"https:\/\/www.pogotowieflagowe.pl\/aktualne\/swiat-sie-zmieni-polska-sie-zmieni-ale-nie-bez-nas-wspomina-sakiewicz\/\" \/>\n<meta property=\"og:locale\" content=\"pl_PL\" \/>\n<meta property=\"og:type\" content=\"article\" \/>\n<meta property=\"og:title\" content=\"\u201e\u015awiat si\u0119 zmieni, Polska si\u0119 zmieni, ale nie bez nas\u201d, wspomina Sakiewicz - POGOTOWIE FLAGOWE\u00ae\" \/>\n<meta property=\"og:description\" content=\"Projekt Liberal Left jest w pe\u0142ni odwrotny, a Amerykanie wracaj\u0105 do firmy, tradycyjnej polityki krajowej i zagranicznej. Nowa administracja zamiatuje\" \/>\n<meta property=\"og:url\" content=\"https:\/\/www.pogotowieflagowe.pl\/aktualne\/swiat-sie-zmieni-polska-sie-zmieni-ale-nie-bez-nas-wspomina-sakiewicz\/\" \/>\n<meta property=\"og:site_name\" content=\"POGOTOWIE FLAGOWE\u00ae\" \/>\n<meta property=\"article:published_time\" content=\"2025-03-01T07:49:31+00:00\" \/>\n<meta property=\"article:modified_time\" content=\"2025-03-01T07:49:32+00:00\" \/>\n<meta property=\"og:image\" content=\"https:\/\/www.pogotowieflagowe.pl\/aktualne\/wp-content\/uploads\/2025\/03\/\u201eSwiat-sie-zmieni-Polska-sie-zmieni-ale-nie-bez-nas.webp.webp\" \/>\n\t<meta property=\"og:image:width\" content=\"1280\" \/>\n\t<meta property=\"og:image:height\" content=\"720\" \/>\n\t<meta property=\"og:image:type\" content=\"image\/webp\" \/>\n<meta name=\"author\" content=\"Filip\" \/>\n<meta name=\"twitter:card\" content=\"summary_large_image\" \/>\n<meta name=\"twitter:label1\" content=\"Napisane przez\" \/>\n\t<meta name=\"twitter:data1\" content=\"Filip\" \/>\n\t<meta name=\"twitter:label2\" content=\"Szacowany czas czytania\" \/>\n\t<meta name=\"twitter:data2\" content=\"2 minuty\" \/>\n<script type=\"application\/ld+json\" class=\"yoast-schema-graph\">{\"@context\":\"https:\/\/schema.org\",\"@graph\":[{\"@type\":\"Article\",\"@id\":\"https:\/\/www.pogotowieflagowe.pl\/aktualne\/swiat-sie-zmieni-polska-sie-zmieni-ale-nie-bez-nas-wspomina-sakiewicz\/#article\",\"isPartOf\":{\"@id\":\"https:\/\/www.pogotowieflagowe.pl\/aktualne\/swiat-sie-zmieni-polska-sie-zmieni-ale-nie-bez-nas-wspomina-sakiewicz\/\"},\"author\":{\"name\":\"Filip\",\"@id\":\"https:\/\/www.pogotowieflagowe.pl\/aktualne\/#\/schema\/person\/9c2fb7d2362ebf6fa088960d7f0d27b0\"},\"headline\":\"\u201e\u015awiat si\u0119 zmieni, Polska si\u0119 zmieni, ale nie bez nas\u201d, wspomina Sakiewicz\",\"datePublished\":\"2025-03-01T07:49:31+00:00\",\"dateModified\":\"2025-03-01T07:49:32+00:00\",\"mainEntityOfPage\":{\"@id\":\"https:\/\/www.pogotowieflagowe.pl\/aktualne\/swiat-sie-zmieni-polska-sie-zmieni-ale-nie-bez-nas-wspomina-sakiewicz\/\"},\"wordCount\":361,\"publisher\":{\"@id\":\"https:\/\/www.pogotowieflagowe.pl\/aktualne\/#organization\"},\"image\":{\"@id\":\"https:\/\/www.pogotowieflagowe.pl\/aktualne\/swiat-sie-zmieni-polska-sie-zmieni-ale-nie-bez-nas-wspomina-sakiewicz\/#primaryimage\"},\"thumbnailUrl\":\"https:\/\/www.pogotowieflagowe.pl\/aktualne\/wp-content\/uploads\/2025\/03\/\u201eSwiat-sie-zmieni-Polska-sie-zmieni-ale-nie-bez-nas.webp.webp\",\"keywords\":[\"ale\",\"bez\",\"nas\",\"Nie\",\"polska\",\"Sakiewicz\",\"si\u0119\",\"\u015awiat\",\"wspomina\",\"zmieni\"],\"articleSection\":[\"Polityka\"],\"inLanguage\":\"pl-PL\"},{\"@type\":\"WebPage\",\"@id\":\"https:\/\/www.pogotowieflagowe.pl\/aktualne\/swiat-sie-zmieni-polska-sie-zmieni-ale-nie-bez-nas-wspomina-sakiewicz\/\",\"url\":\"https:\/\/www.pogotowieflagowe.pl\/aktualne\/swiat-sie-zmieni-polska-sie-zmieni-ale-nie-bez-nas-wspomina-sakiewicz\/\",\"name\":\"\u201e\u015awiat si\u0119 zmieni, Polska si\u0119 zmieni, ale nie bez nas\u201d, wspomina Sakiewicz - POGOTOWIE FLAGOWE\u00ae\",\"isPartOf\":{\"@id\":\"https:\/\/www.pogotowieflagowe.pl\/aktualne\/#website\"},\"primaryImageOfPage\":{\"@id\":\"https:\/\/www.pogotowieflagowe.pl\/aktualne\/swiat-sie-zmieni-polska-sie-zmieni-ale-nie-bez-nas-wspomina-sakiewicz\/#primaryimage\"},\"image\":{\"@id\":\"https:\/\/www.pogotowieflagowe.pl\/aktualne\/swiat-sie-zmieni-polska-sie-zmieni-ale-nie-bez-nas-wspomina-sakiewicz\/#primaryimage\"},\"thumbnailUrl\":\"https:\/\/www.pogotowieflagowe.pl\/aktualne\/wp-content\/uploads\/2025\/03\/\u201eSwiat-sie-zmieni-Polska-sie-zmieni-ale-nie-bez-nas.webp.webp\",\"datePublished\":\"2025-03-01T07:49:31+00:00\",\"dateModified\":\"2025-03-01T07:49:32+00:00\",\"breadcrumb\":{\"@id\":\"https:\/\/www.pogotowieflagowe.pl\/aktualne\/swiat-sie-zmieni-polska-sie-zmieni-ale-nie-bez-nas-wspomina-sakiewicz\/#breadcrumb\"},\"inLanguage\":\"pl-PL\",\"potentialAction\":[{\"@type\":\"ReadAction\",\"target\":[\"https:\/\/www.pogotowieflagowe.pl\/aktualne\/swiat-sie-zmieni-polska-sie-zmieni-ale-nie-bez-nas-wspomina-sakiewicz\/\"]}]},{\"@type\":\"ImageObject\",\"inLanguage\":\"pl-PL\",\"@id\":\"https:\/\/www.pogotowieflagowe.pl\/aktualne\/swiat-sie-zmieni-polska-sie-zmieni-ale-nie-bez-nas-wspomina-sakiewicz\/#primaryimage\",\"url\":\"https:\/\/www.pogotowieflagowe.pl\/aktualne\/wp-content\/uploads\/2025\/03\/\u201eSwiat-sie-zmieni-Polska-sie-zmieni-ale-nie-bez-nas.webp.webp\",\"contentUrl\":\"https:\/\/www.pogotowieflagowe.pl\/aktualne\/wp-content\/uploads\/2025\/03\/\u201eSwiat-sie-zmieni-Polska-sie-zmieni-ale-nie-bez-nas.webp.webp\",\"width\":1280,\"height\":720,\"caption\":\"\u201e\u015awiat si\u0119 zmieni, Polska si\u0119 zmieni, ale nie bez nas\u201d, wspomina Sakiewicz\"},{\"@type\":\"BreadcrumbList\",\"@id\":\"https:\/\/www.pogotowieflagowe.pl\/aktualne\/swiat-sie-zmieni-polska-sie-zmieni-ale-nie-bez-nas-wspomina-sakiewicz\/#breadcrumb\",\"itemListElement\":[{\"@type\":\"ListItem\",\"position\":1,\"name\":\"Home\",\"item\":\"https:\/\/www.pogotowieflagowe.pl\/aktualne\/\"},{\"@type\":\"ListItem\",\"position\":2,\"name\":\"\u201e\u015awiat si\u0119 zmieni, Polska si\u0119 zmieni, ale nie bez nas\u201d, wspomina Sakiewicz\"}]},{\"@type\":\"WebSite\",\"@id\":\"https:\/\/www.pogotowieflagowe.pl\/aktualne\/#website\",\"url\":\"https:\/\/www.pogotowieflagowe.pl\/aktualne\/\",\"name\":\"POGOTOWIE FLAGOWE\u00ae\",\"description\":\"\",\"publisher\":{\"@id\":\"https:\/\/www.pogotowieflagowe.pl\/aktualne\/#organization\"},\"potentialAction\":[{\"@type\":\"SearchAction\",\"target\":{\"@type\":\"EntryPoint\",\"urlTemplate\":\"https:\/\/www.pogotowieflagowe.pl\/aktualne\/?s={search_term_string}\"},\"query-input\":\"required name=search_term_string\"}],\"inLanguage\":\"pl-PL\"},{\"@type\":\"Organization\",\"@id\":\"https:\/\/www.pogotowieflagowe.pl\/aktualne\/#organization\",\"name\":\"POGOTOWIE FLAGOWE\u00ae\",\"url\":\"https:\/\/www.pogotowieflagowe.pl\/aktualne\/\",\"logo\":{\"@type\":\"ImageObject\",\"inLanguage\":\"pl-PL\",\"@id\":\"https:\/\/www.pogotowieflagowe.pl\/aktualne\/#\/schema\/logo\/image\/\",\"url\":\"https:\/\/www.pogotowieflagowe.pl\/aktualne\/wp-content\/uploads\/2024\/08\/cropped-pogotowieflagowe_flaga_projekt_sm.jpg\",\"contentUrl\":\"https:\/\/www.pogotowieflagowe.pl\/aktualne\/wp-content\/uploads\/2024\/08\/cropped-pogotowieflagowe_flaga_projekt_sm.jpg\",\"width\":250,\"height\":143,\"caption\":\"POGOTOWIE FLAGOWE\u00ae\"},\"image\":{\"@id\":\"https:\/\/www.pogotowieflagowe.pl\/aktualne\/#\/schema\/logo\/image\/\"}},{\"@type\":\"Person\",\"@id\":\"https:\/\/www.pogotowieflagowe.pl\/aktualne\/#\/schema\/person\/9c2fb7d2362ebf6fa088960d7f0d27b0\",\"name\":\"Filip\",\"image\":{\"@type\":\"ImageObject\",\"inLanguage\":\"pl-PL\",\"@id\":\"https:\/\/www.pogotowieflagowe.pl\/aktualne\/#\/schema\/person\/image\/\",\"url\":\"https:\/\/www.pogotowieflagowe.pl\/aktualne\/wp-content\/uploads\/2024\/08\/pogotowieflagowe.pl_.jpg\",\"contentUrl\":\"https:\/\/www.pogotowieflagowe.pl\/aktualne\/wp-content\/uploads\/2024\/08\/pogotowieflagowe.pl_.jpg\",\"caption\":\"Filip\"},\"description\":\"Jestem Filip, polski dziennikarz z dyplomem nauk politycznych Uniwersytetu Warszawskiego. Rozpoczynaj\u0105c swoj\u0105 karier\u0119 w r\u00f3\u017cnych lokalnych mediach, zdoby\u0142em solidne do\u015bwiadczenie w zakresie \u015bledztwa i redakcji. Obecnie jako redaktor w Pogotowie flagowe, staram si\u0119 dostarcza\u0107 dog\u0142\u0119bne i istotne analizy na temat najwa\u017cniejszych kwestii aktualno\u015bci, \u0142\u0105cz\u0105c rygor z pasj\u0105 dziennikarsk\u0105.\",\"sameAs\":[\"https:\/\/www.pogotowieflagowe.pl\/\"]}]}<\/script>\n<!-- \/ Yoast SEO plugin. -->","yoast_head_json":{"title":"\u201e\u015awiat si\u0119 zmieni, Polska si\u0119 zmieni, ale nie bez nas\u201d, wspomina Sakiewicz - POGOTOWIE FLAGOWE\u00ae","robots":{"index":"index","follow":"follow","max-snippet":"max-snippet:-1","max-image-preview":"max-image-preview:large","max-video-preview":"max-video-preview:-1"},"canonical":"https:\/\/www.pogotowieflagowe.pl\/aktualne\/swiat-sie-zmieni-polska-sie-zmieni-ale-nie-bez-nas-wspomina-sakiewicz\/","og_locale":"pl_PL","og_type":"article","og_title":"\u201e\u015awiat si\u0119 zmieni, Polska si\u0119 zmieni, ale nie bez nas\u201d, wspomina Sakiewicz - POGOTOWIE FLAGOWE\u00ae","og_description":"Projekt Liberal Left jest w pe\u0142ni odwrotny, a Amerykanie wracaj\u0105 do firmy, tradycyjnej polityki krajowej i zagranicznej. Nowa administracja zamiatuje","og_url":"https:\/\/www.pogotowieflagowe.pl\/aktualne\/swiat-sie-zmieni-polska-sie-zmieni-ale-nie-bez-nas-wspomina-sakiewicz\/","og_site_name":"POGOTOWIE FLAGOWE\u00ae","article_published_time":"2025-03-01T07:49:31+00:00","article_modified_time":"2025-03-01T07:49:32+00:00","og_image":[{"width":1280,"height":720,"url":"https:\/\/www.pogotowieflagowe.pl\/aktualne\/wp-content\/uploads\/2025\/03\/\u201eSwiat-sie-zmieni-Polska-sie-zmieni-ale-nie-bez-nas.webp.webp","type":"image\/webp"}],"author":"Filip","twitter_card":"summary_large_image","twitter_misc":{"Napisane przez":"Filip","Szacowany czas czytania":"2 minuty"},"schema":{"@context":"https:\/\/schema.org","@graph":[{"@type":"Article","@id":"https:\/\/www.pogotowieflagowe.pl\/aktualne\/swiat-sie-zmieni-polska-sie-zmieni-ale-nie-bez-nas-wspomina-sakiewicz\/#article","isPartOf":{"@id":"https:\/\/www.pogotowieflagowe.pl\/aktualne\/swiat-sie-zmieni-polska-sie-zmieni-ale-nie-bez-nas-wspomina-sakiewicz\/"},"author":{"name":"Filip","@id":"https:\/\/www.pogotowieflagowe.pl\/aktualne\/#\/schema\/person\/9c2fb7d2362ebf6fa088960d7f0d27b0"},"headline":"\u201e\u015awiat si\u0119 zmieni, Polska si\u0119 zmieni, ale nie bez nas\u201d, wspomina Sakiewicz","datePublished":"2025-03-01T07:49:31+00:00","dateModified":"2025-03-01T07:49:32+00:00","mainEntityOfPage":{"@id":"https:\/\/www.pogotowieflagowe.pl\/aktualne\/swiat-sie-zmieni-polska-sie-zmieni-ale-nie-bez-nas-wspomina-sakiewicz\/"},"wordCount":361,"publisher":{"@id":"https:\/\/www.pogotowieflagowe.pl\/aktualne\/#organization"},"image":{"@id":"https:\/\/www.pogotowieflagowe.pl\/aktualne\/swiat-sie-zmieni-polska-sie-zmieni-ale-nie-bez-nas-wspomina-sakiewicz\/#primaryimage"},"thumbnailUrl":"https:\/\/www.pogotowieflagowe.pl\/aktualne\/wp-content\/uploads\/2025\/03\/\u201eSwiat-sie-zmieni-Polska-sie-zmieni-ale-nie-bez-nas.webp.webp","keywords":["ale","bez","nas","Nie","polska","Sakiewicz","si\u0119","\u015awiat","wspomina","zmieni"],"articleSection":["Polityka"],"inLanguage":"pl-PL"},{"@type":"WebPage","@id":"https:\/\/www.pogotowieflagowe.pl\/aktualne\/swiat-sie-zmieni-polska-sie-zmieni-ale-nie-bez-nas-wspomina-sakiewicz\/","url":"https:\/\/www.pogotowieflagowe.pl\/aktualne\/swiat-sie-zmieni-polska-sie-zmieni-ale-nie-bez-nas-wspomina-sakiewicz\/","name":"\u201e\u015awiat si\u0119 zmieni, Polska si\u0119 zmieni, ale nie bez nas\u201d, wspomina Sakiewicz - POGOTOWIE FLAGOWE\u00ae","isPartOf":{"@id":"https:\/\/www.pogotowieflagowe.pl\/aktualne\/#website"},"primaryImageOfPage":{"@id":"https:\/\/www.pogotowieflagowe.pl\/aktualne\/swiat-sie-zmieni-polska-sie-zmieni-ale-nie-bez-nas-wspomina-sakiewicz\/#primaryimage"},"image":{"@id":"https:\/\/www.pogotowieflagowe.pl\/aktualne\/swiat-sie-zmieni-polska-sie-zmieni-ale-nie-bez-nas-wspomina-sakiewicz\/#primaryimage"},"thumbnailUrl":"https:\/\/www.pogotowieflagowe.pl\/aktualne\/wp-content\/uploads\/2025\/03\/\u201eSwiat-sie-zmieni-Polska-sie-zmieni-ale-nie-bez-nas.webp.webp","datePublished":"2025-03-01T07:49:31+00:00","dateModified":"2025-03-01T07:49:32+00:00","breadcrumb":{"@id":"https:\/\/www.pogotowieflagowe.pl\/aktualne\/swiat-sie-zmieni-polska-sie-zmieni-ale-nie-bez-nas-wspomina-sakiewicz\/#breadcrumb"},"inLanguage":"pl-PL","potentialAction":[{"@type":"ReadAction","target":["https:\/\/www.pogotowieflagowe.pl\/aktualne\/swiat-sie-zmieni-polska-sie-zmieni-ale-nie-bez-nas-wspomina-sakiewicz\/"]}]},{"@type":"ImageObject","inLanguage":"pl-PL","@id":"https:\/\/www.pogotowieflagowe.pl\/aktualne\/swiat-sie-zmieni-polska-sie-zmieni-ale-nie-bez-nas-wspomina-sakiewicz\/#primaryimage","url":"https:\/\/www.pogotowieflagowe.pl\/aktualne\/wp-content\/uploads\/2025\/03\/\u201eSwiat-sie-zmieni-Polska-sie-zmieni-ale-nie-bez-nas.webp.webp","contentUrl":"https:\/\/www.pogotowieflagowe.pl\/aktualne\/wp-content\/uploads\/2025\/03\/\u201eSwiat-sie-zmieni-Polska-sie-zmieni-ale-nie-bez-nas.webp.webp","width":1280,"height":720,"caption":"\u201e\u015awiat si\u0119 zmieni, Polska si\u0119 zmieni, ale nie bez nas\u201d, wspomina Sakiewicz"},{"@type":"BreadcrumbList","@id":"https:\/\/www.pogotowieflagowe.pl\/aktualne\/swiat-sie-zmieni-polska-sie-zmieni-ale-nie-bez-nas-wspomina-sakiewicz\/#breadcrumb","itemListElement":[{"@type":"ListItem","position":1,"name":"Home","item":"https:\/\/www.pogotowieflagowe.pl\/aktualne\/"},{"@type":"ListItem","position":2,"name":"\u201e\u015awiat si\u0119 zmieni, Polska si\u0119 zmieni, ale nie bez nas\u201d, wspomina Sakiewicz"}]},{"@type":"WebSite","@id":"https:\/\/www.pogotowieflagowe.pl\/aktualne\/#website","url":"https:\/\/www.pogotowieflagowe.pl\/aktualne\/","name":"POGOTOWIE FLAGOWE\u00ae","description":"","publisher":{"@id":"https:\/\/www.pogotowieflagowe.pl\/aktualne\/#organization"},"potentialAction":[{"@type":"SearchAction","target":{"@type":"EntryPoint","urlTemplate":"https:\/\/www.pogotowieflagowe.pl\/aktualne\/?s={search_term_string}"},"query-input":"required name=search_term_string"}],"inLanguage":"pl-PL"},{"@type":"Organization","@id":"https:\/\/www.pogotowieflagowe.pl\/aktualne\/#organization","name":"POGOTOWIE FLAGOWE\u00ae","url":"https:\/\/www.pogotowieflagowe.pl\/aktualne\/","logo":{"@type":"ImageObject","inLanguage":"pl-PL","@id":"https:\/\/www.pogotowieflagowe.pl\/aktualne\/#\/schema\/logo\/image\/","url":"https:\/\/www.pogotowieflagowe.pl\/aktualne\/wp-content\/uploads\/2024\/08\/cropped-pogotowieflagowe_flaga_projekt_sm.jpg","contentUrl":"https:\/\/www.pogotowieflagowe.pl\/aktualne\/wp-content\/uploads\/2024\/08\/cropped-pogotowieflagowe_flaga_projekt_sm.jpg","width":250,"height":143,"caption":"POGOTOWIE FLAGOWE\u00ae"},"image":{"@id":"https:\/\/www.pogotowieflagowe.pl\/aktualne\/#\/schema\/logo\/image\/"}},{"@type":"Person","@id":"https:\/\/www.pogotowieflagowe.pl\/aktualne\/#\/schema\/person\/9c2fb7d2362ebf6fa088960d7f0d27b0","name":"Filip","image":{"@type":"ImageObject","inLanguage":"pl-PL","@id":"https:\/\/www.pogotowieflagowe.pl\/aktualne\/#\/schema\/person\/image\/","url":"https:\/\/www.pogotowieflagowe.pl\/aktualne\/wp-content\/uploads\/2024\/08\/pogotowieflagowe.pl_.jpg","contentUrl":"https:\/\/www.pogotowieflagowe.pl\/aktualne\/wp-content\/uploads\/2024\/08\/pogotowieflagowe.pl_.jpg","caption":"Filip"},"description":"Jestem Filip, polski dziennikarz z dyplomem nauk politycznych Uniwersytetu Warszawskiego. Rozpoczynaj\u0105c swoj\u0105 karier\u0119 w r\u00f3\u017cnych lokalnych mediach, zdoby\u0142em solidne do\u015bwiadczenie w zakresie \u015bledztwa i redakcji. Obecnie jako redaktor w Pogotowie flagowe, staram si\u0119 dostarcza\u0107 dog\u0142\u0119bne i istotne analizy na temat najwa\u017cniejszych kwestii aktualno\u015bci, \u0142\u0105cz\u0105c rygor z pasj\u0105 dziennikarsk\u0105.","sameAs":["https:\/\/www.pogotowieflagowe.pl\/"]}]}},"_links":{"self":[{"href":"https:\/\/www.pogotowieflagowe.pl\/aktualne\/wp-json\/wp\/v2\/posts\/4306","targetHints":{"allow":["GET"]}}],"collection":[{"href":"https:\/\/www.pogotowieflagowe.pl\/aktualne\/wp-json\/wp\/v2\/posts"}],"about":[{"href":"https:\/\/www.pogotowieflagowe.pl\/aktualne\/wp-json\/wp\/v2\/types\/post"}],"author":[{"embeddable":true,"href":"https:\/\/www.pogotowieflagowe.pl\/aktualne\/wp-json\/wp\/v2\/users\/1"}],"replies":[{"embeddable":true,"href":"https:\/\/www.pogotowieflagowe.pl\/aktualne\/wp-json\/wp\/v2\/comments?post=4306"}],"version-history":[{"count":1,"href":"https:\/\/www.pogotowieflagowe.pl\/aktualne\/wp-json\/wp\/v2\/posts\/4306\/revisions"}],"predecessor-version":[{"id":4308,"href":"https:\/\/www.pogotowieflagowe.pl\/aktualne\/wp-json\/wp\/v2\/posts\/4306\/revisions\/4308"}],"wp:featuredmedia":[{"embeddable":true,"href":"https:\/\/www.pogotowieflagowe.pl\/aktualne\/wp-json\/wp\/v2\/media\/4307"}],"wp:attachment":[{"href":"https:\/\/www.pogotowieflagowe.pl\/aktualne\/wp-json\/wp\/v2\/media?parent=4306"}],"wp:term":[{"taxonomy":"category","embeddable":true,"href":"https:\/\/www.pogotowieflagowe.pl\/aktualne\/wp-json\/wp\/v2\/categories?post=4306"},{"taxonomy":"post_tag","embeddable":true,"href":"https:\/\/www.pogotowieflagowe.pl\/aktualne\/wp-json\/wp\/v2\/tags?post=4306"}],"curies":[{"name":"wp","href":"https:\/\/api.w.org\/{rel}","templated":true}]}}