{"id":4312,"date":"2025-03-01T13:47:04","date_gmt":"2025-03-01T12:47:04","guid":{"rendered":"https:\/\/www.pogotowieflagowe.pl\/aktualne\/polaki-obawiaja-sie-o-swoja-prace-wiecej-firm-oglasza-zwolnienia-grupowe-brak-stabilnosci-pracy\/"},"modified":"2025-03-01T13:47:05","modified_gmt":"2025-03-01T12:47:05","slug":"polaki-obawiaja-sie-o-swoja-prace-wiecej-firm-oglasza-zwolnienia-grupowe-brak-stabilnosci-pracy","status":"publish","type":"post","link":"https:\/\/www.pogotowieflagowe.pl\/aktualne\/polaki-obawiaja-sie-o-swoja-prace-wiecej-firm-oglasza-zwolnienia-grupowe-brak-stabilnosci-pracy\/","title":{"rendered":"Polaki obawiaj\u0105 si\u0119 o swoj\u0105 prac\u0119. Wi\u0119cej firm og\u0142asza zwolnienia grupowe. \u201eBrak stabilno\u015bci pracy\u201d"},"content":{"rendered":"\n<div class=\"td_block_wrap tdb_single_content tdi_41 td-pb-border-top td_block_template_8 td-post-content tagdiv-type\" data-td-block-uid=\"tdi_41\">\n<style>.tdi_41 {margin-top: 0px! Wa\u017cne; margines-bottom: 0px! WA\u017bNY; PALDING-TOP: 0PX! WA\u017bNY; PALDING-BOTTOM: 0PX! WA\u017bNE}<\/style>\n<style>.tdb_single_content {margin-bottom: 0;*zoom: 1} .tdb_single_content: wcze\u015bniej, .tdb_single_content: po {display: Table; content: ''; line-height: 0} .TDB-BLOCK-INner>*: nie (.WP-BLOCK-QUOTE): not (.alignSwide): not (.Alignfull.wp-block-cover.has-parallax): not (.td-a-ad) {margin-left: auto; margin-right: auto} .tdb_single_ConTent a {wska\u017anik-events: auto} .tdb_single_content .td-spot-id-top_ad .tdc-placeholder-title: przed {content: \u201eArtyku\u0142 top ad\u201d! Wa\u017cne} .tdb_single_content .td-Spot-Id-inline_ad0 .tdc-placeholder-title 1 '! Wa\u017cne} .tdb_single_content .td-Spot-Id-inline_Ad1 .tdc-Placeholder-Title: przed {content: \u201eArtyku\u0142 inline AD 2'! Wa\u017cny} .tdb_single_content. 3 '! Wa\u017cne} .tdb_single_content .td-Spot-Id-Bottom_Ad .tdc-Placeholder-Title: przed {content: \u201eArtyku\u0142 Bottom Ad\u201d! Wa\u017cne} .tdb_single_content .id_top_ad, .tdb_single_content_content .id_bottom_ad {clear: oba; margin-bottom: 21px; text-align: Center} .tdb_single_content .id_top_ad img, .tdb_single_content .id_bottom_ad img {margin-bottom: 0} .tdb_single_conTent .id_top_ad .adsbyGoogle, .tdb_single_content .id_bottom_ad .adsbyGoogle {pozycja: relatyw} .tdb_single_content .id_ad_content-horiz-left, .tdb_single_content .id_ad_content-horiz-right, .tdb_single_content .id_ad_content-horiz-Center {margin-bottom: 15px} .tdb_single_content .id_ad_content-horiz-left Img, .tdb_single_content .id_ad_content-horiz-right img, .tdb_single_content .id_ad_content-horiz-centerter img {margin-bottom: 0} .tdb_single_content .id_ad_content-horiz-center {text-align: Center} .tdb_single_content .id_ad_content-horiz-center img {margin-right: auto; margin-let: auto} .tdb_single_content .id_ad_content-horiz-left {float: left; margin-top: 9px; margin-right: 21px} .tdb_single_content .id_ad_content-horiz-right {float: margin-top: 6px; margin-left: 21px} .tdb_single_content .tdc-a-a-ad .TDC-Placeholder-Title {szeroko\u015b\u0107: 300px; height: 250px} .tdb_single_content .tdc-a-ad .TDC-Placeholder-Title: Przed {Pozycja: Absolute; TOP: 50%;-WebKit-Transform: Translatey (-50%); Transform: Translatey (-50%); margines: auto; Display: Tabela; szeroko\u015b\u0107: 100%}. tdb_single_content .TDB-BLOCK-INNER.TD-FIX-INDEX {Word-Break: Break-word} .tdi_41, .tdi_41> p, .tdi_41 .tdb-block-inner> p, .Wp-Block-Column> p {font-size: 16px! Wa\u017cne; wa\u017cny; p {font-styl: normalne! Wa\u017cne} @media (Max-Width: 767px) {. tdb_single_content .id_ad_content-horiz-left, .tdb_single_content .id_ad_content-horiz-right, .tdb_single_content .id_ad_content-horiz-centter {Margin: 0 AUTO 26PXX auto}}@media (Max-Width: 767px) {. tdb_single_content .id_ad_content-horiz-left {margin-right: 0}}@media (max-width: 767px) {. (Max-Width: 767px) {. tdb_single_content .td-a-ad {float: none; text-align: Center} .tdb_single_content .td-a-ad img {margin-right: auto; margin-left: auto} .tdb_single_content .tdc-a-a-a-{margin-right: auto; margin-left: auto} .tdb_single_content .tdd<\/style>\n<div class=\"tdb-block-inner td-fix-index\">\n<p>W \u201eu\u015bmiechni\u0119tej Polsce\u201d koalicji z 13 grudnia Polaki musz\u0105 obawia\u0107 si\u0119 ich utrzymania. Firmy sk\u0142adaj\u0105 plany ograniczenia zatrudnienia, co oznacza wi\u0119cej ludzkich tragedii.<\/p>\n<p>Pracodawcy w regionie Podkarpacie zg\u0142osili si\u0119 do biur pracy w pierwszych dw\u00f3ch miesi\u0105cach tego roku, \u017ce planuj\u0105 zmniejszy\u0107 230 miejsc pracy w ramach zwolnie\u0144 grupowych. Firmy og\u0142aszaj\u0105ce zwolnienia obejmuj\u0105 te w bran\u017cy mebli i lotnictwa. Tylko w styczniu 2025 r. Liczba og\u0142oszonych redukcji pracy wynosi\u0142a 210, a nast\u0119pnie kolejne 20 w lutym.<\/p>\n<p>\u201eWiemy tylko, ile os\u00f3b ostatecznie straci prac\u0119 po zako\u0144czeniu procesu zwolnienia\u201d,<br \/>podkre\u015bli\u0142 <strong>Tomasz Czop<\/strong>Dyrektor prowincjonalnego urz\u0119du pracy w RZeszowie. Zauwa\u017cy\u0142, \u017ce ka\u017cdy raport z zwolnie\u0144 grupowych &#8211; zw\u0142aszcza w firmach opartych na mniejszych miastach &#8211; s\u0105 niepokoj\u0105ce.<\/p>\n<p>Wed\u0142ug CZOP pracodawcy zazwyczaj zg\u0142aszaj\u0105 maksymaln\u0105 mo\u017cliw\u0105 liczb\u0119 pozycji, kt\u00f3re nale\u017cy wyci\u0105\u0107. W niekt\u00f3rych przypadkach, przy zewn\u0119trznym wsparciu i doradztwie, liczba ta mo\u017ce by\u0107 ograniczona lub zmniejszona. W rzeczywisto\u015bci faktyczna liczba przeprowadzonych zwolnie\u0144 jest zwykle ni\u017csza. Czasami firmom udaje si\u0119 nawet zmniejszy\u0107 planowane zwolnienia lub ca\u0142kowicie wycofa\u0107 zawiadomienie.<\/p>\n<p>W ostatnich latach najgorszy okres w Podkarpacie &#8211; uwzgl\u0119dniaj\u0105c liczb\u0119 ci\u0119\u0107 miejsc pracy &#8211; by\u0142 podczas pandemii i w 2022 r., Kiedy wydano prawie 3000 zawiadomie\u0144 o zwolnieniu. CZOP uwa\u017ca, \u017ce \u200b\u200bsytuacja wydaje si\u0119 obecnie stabilna na regionalnym rynku pracy.<\/p>\n<p>\u201eZwolnieni pracownicy-zw\u0142aszcza specjali\u015bci, pracownicy posiadaj\u0105cy certyfikaty lub osoby z znacz\u0105cym do\u015bwiadczeniem-maj\u0105 du\u017c\u0105 szans\u0119 na znalezienie nowego zatrudnienia. Nie jest jednak pewne, czy pozostan\u0105 w tej samej bran\u017cy, czy w tych samych warunkach \u201d<br \/>powiedzia\u0142 szef biura pracy RZesz\u00f3w.<\/p>\n<p>CZOP podkre\u015bli\u0142, \u017ce nadchodz\u0105ce miesi\u0105ce mog\u0105 przynie\u015b\u0107 \u201ebrak stabilno\u015bci zatrudnienia\u201d.<\/p>\n<p>Zwr\u00f3ci\u0142 uwag\u0119, \u017ce trendy demograficzne przyczyniaj\u0105 si\u0119 do tej niepewno\u015bci, w miar\u0119 wzrostu wyludnienia. Oznacza to, \u017ce na rynku pracy b\u0119dzie dost\u0119pnych mniej os\u00f3b w wieku pracy. Z tego samego powodu liczba nowych pracownik\u00f3w wchodz\u0105cych na rynek r\u00f3wnie\u017c b\u0119dzie ni\u017csza. Instytucje edukacyjne, w tym szko\u0142y zawodowe, mog\u0105 nie by\u0107 w stanie zapewni\u0107 wystarczaj\u0105cych wykwalifikowanych specjalist\u00f3w na czas, aby wype\u0142ni\u0107 luk\u0119.<\/p>\n<p>W styczniu tego roku stopa bezrobocia w regionie wynios\u0142a 9,1 procent, co stanowi wzrost o 0,4 punktu procentowego w por\u00f3wnaniu do grudnia 2024 r.<\/p>\n<\/div>\n<\/div>\n","protected":false},"excerpt":{"rendered":"<p>W \u201eu\u015bmiechni\u0119tej Polsce\u201d koalicji z 13 grudnia Polaki musz\u0105 obawia\u0107 si\u0119 ich utrzymania. Firmy sk\u0142adaj\u0105 plany ograniczenia zatrudnienia, co oznacza<\/p>\n","protected":false},"author":1,"featured_media":4313,"comment_status":"closed","ping_status":"","sticky":false,"template":"","format":"standard","meta":{"footnotes":""},"categories":[45],"tags":[577,435,5275,5911,544,4772,2054,968,150,388,3334,4103,539],"class_list":["post-4312","post","type-post","status-publish","format-standard","has-post-thumbnail","hentry","category-biznes","tag-brak","tag-firm","tag-grupowe","tag-obawiaja","tag-oglasza","tag-polaki","tag-prace","tag-pracy","tag-sie","tag-stabilnosci","tag-swoja","tag-wiecej","tag-zwolnienia","generate-columns","tablet-grid-50","mobile-grid-100","grid-parent","grid-50","resize-featured-image"],"yoast_head":"<!-- This site is optimized with the Yoast SEO plugin v23.2 - https:\/\/yoast.com\/wordpress\/plugins\/seo\/ -->\n<title>Polaki obawiaj\u0105 si\u0119 o swoj\u0105 prac\u0119. Wi\u0119cej firm og\u0142asza zwolnienia grupowe. \u201eBrak stabilno\u015bci pracy\u201d - POGOTOWIE FLAGOWE\u00ae<\/title>\n<meta name=\"robots\" content=\"index, follow, max-snippet:-1, max-image-preview:large, max-video-preview:-1\" \/>\n<link rel=\"canonical\" href=\"https:\/\/www.pogotowieflagowe.pl\/aktualne\/polaki-obawiaja-sie-o-swoja-prace-wiecej-firm-oglasza-zwolnienia-grupowe-brak-stabilnosci-pracy\/\" \/>\n<meta property=\"og:locale\" content=\"pl_PL\" \/>\n<meta property=\"og:type\" content=\"article\" \/>\n<meta property=\"og:title\" content=\"Polaki obawiaj\u0105 si\u0119 o swoj\u0105 prac\u0119. Wi\u0119cej firm og\u0142asza zwolnienia grupowe. \u201eBrak stabilno\u015bci pracy\u201d - POGOTOWIE FLAGOWE\u00ae\" \/>\n<meta property=\"og:description\" content=\"W \u201eu\u015bmiechni\u0119tej Polsce\u201d koalicji z 13 grudnia Polaki musz\u0105 obawia\u0107 si\u0119 ich utrzymania. Firmy sk\u0142adaj\u0105 plany ograniczenia zatrudnienia, co oznacza\" \/>\n<meta property=\"og:url\" content=\"https:\/\/www.pogotowieflagowe.pl\/aktualne\/polaki-obawiaja-sie-o-swoja-prace-wiecej-firm-oglasza-zwolnienia-grupowe-brak-stabilnosci-pracy\/\" \/>\n<meta property=\"og:site_name\" content=\"POGOTOWIE FLAGOWE\u00ae\" \/>\n<meta property=\"article:published_time\" content=\"2025-03-01T12:47:04+00:00\" \/>\n<meta property=\"article:modified_time\" content=\"2025-03-01T12:47:05+00:00\" \/>\n<meta property=\"og:image\" content=\"https:\/\/www.pogotowieflagowe.pl\/aktualne\/wp-content\/uploads\/2025\/03\/Polaki-obawiaja-sie-o-swoja-prace-Wiecej-firm-oglasza-zwolnienia.jpg\" \/>\n\t<meta property=\"og:image:width\" content=\"1919\" \/>\n\t<meta property=\"og:image:height\" content=\"1089\" \/>\n\t<meta property=\"og:image:type\" content=\"image\/jpeg\" \/>\n<meta name=\"author\" content=\"Filip\" \/>\n<meta name=\"twitter:card\" content=\"summary_large_image\" \/>\n<meta name=\"twitter:label1\" content=\"Napisane przez\" \/>\n\t<meta name=\"twitter:data1\" content=\"Filip\" \/>\n\t<meta name=\"twitter:label2\" content=\"Szacowany czas czytania\" \/>\n\t<meta name=\"twitter:data2\" content=\"2 minuty\" \/>\n<script type=\"application\/ld+json\" class=\"yoast-schema-graph\">{\"@context\":\"https:\/\/schema.org\",\"@graph\":[{\"@type\":\"Article\",\"@id\":\"https:\/\/www.pogotowieflagowe.pl\/aktualne\/polaki-obawiaja-sie-o-swoja-prace-wiecej-firm-oglasza-zwolnienia-grupowe-brak-stabilnosci-pracy\/#article\",\"isPartOf\":{\"@id\":\"https:\/\/www.pogotowieflagowe.pl\/aktualne\/polaki-obawiaja-sie-o-swoja-prace-wiecej-firm-oglasza-zwolnienia-grupowe-brak-stabilnosci-pracy\/\"},\"author\":{\"name\":\"Filip\",\"@id\":\"https:\/\/www.pogotowieflagowe.pl\/aktualne\/#\/schema\/person\/9c2fb7d2362ebf6fa088960d7f0d27b0\"},\"headline\":\"Polaki obawiaj\u0105 si\u0119 o swoj\u0105 prac\u0119. Wi\u0119cej firm og\u0142asza zwolnienia grupowe. \u201eBrak stabilno\u015bci pracy\u201d\",\"datePublished\":\"2025-03-01T12:47:04+00:00\",\"dateModified\":\"2025-03-01T12:47:05+00:00\",\"mainEntityOfPage\":{\"@id\":\"https:\/\/www.pogotowieflagowe.pl\/aktualne\/polaki-obawiaja-sie-o-swoja-prace-wiecej-firm-oglasza-zwolnienia-grupowe-brak-stabilnosci-pracy\/\"},\"wordCount\":400,\"publisher\":{\"@id\":\"https:\/\/www.pogotowieflagowe.pl\/aktualne\/#organization\"},\"image\":{\"@id\":\"https:\/\/www.pogotowieflagowe.pl\/aktualne\/polaki-obawiaja-sie-o-swoja-prace-wiecej-firm-oglasza-zwolnienia-grupowe-brak-stabilnosci-pracy\/#primaryimage\"},\"thumbnailUrl\":\"https:\/\/www.pogotowieflagowe.pl\/aktualne\/wp-content\/uploads\/2025\/03\/Polaki-obawiaja-sie-o-swoja-prace-Wiecej-firm-oglasza-zwolnienia.jpg\",\"keywords\":[\"brak\",\"firm\",\"grupowe\",\"obawiaj\u0105\",\"og\u0142asza\",\"Polaki\",\"prac\u0119\",\"pracy\",\"si\u0119\",\"Stabilno\u015bci\",\"swoj\u0105\",\"wi\u0119cej\",\"zwolnienia\"],\"articleSection\":[\"Biznes\"],\"inLanguage\":\"pl-PL\"},{\"@type\":\"WebPage\",\"@id\":\"https:\/\/www.pogotowieflagowe.pl\/aktualne\/polaki-obawiaja-sie-o-swoja-prace-wiecej-firm-oglasza-zwolnienia-grupowe-brak-stabilnosci-pracy\/\",\"url\":\"https:\/\/www.pogotowieflagowe.pl\/aktualne\/polaki-obawiaja-sie-o-swoja-prace-wiecej-firm-oglasza-zwolnienia-grupowe-brak-stabilnosci-pracy\/\",\"name\":\"Polaki obawiaj\u0105 si\u0119 o swoj\u0105 prac\u0119. Wi\u0119cej firm og\u0142asza zwolnienia grupowe. \u201eBrak stabilno\u015bci pracy\u201d - POGOTOWIE FLAGOWE\u00ae\",\"isPartOf\":{\"@id\":\"https:\/\/www.pogotowieflagowe.pl\/aktualne\/#website\"},\"primaryImageOfPage\":{\"@id\":\"https:\/\/www.pogotowieflagowe.pl\/aktualne\/polaki-obawiaja-sie-o-swoja-prace-wiecej-firm-oglasza-zwolnienia-grupowe-brak-stabilnosci-pracy\/#primaryimage\"},\"image\":{\"@id\":\"https:\/\/www.pogotowieflagowe.pl\/aktualne\/polaki-obawiaja-sie-o-swoja-prace-wiecej-firm-oglasza-zwolnienia-grupowe-brak-stabilnosci-pracy\/#primaryimage\"},\"thumbnailUrl\":\"https:\/\/www.pogotowieflagowe.pl\/aktualne\/wp-content\/uploads\/2025\/03\/Polaki-obawiaja-sie-o-swoja-prace-Wiecej-firm-oglasza-zwolnienia.jpg\",\"datePublished\":\"2025-03-01T12:47:04+00:00\",\"dateModified\":\"2025-03-01T12:47:05+00:00\",\"breadcrumb\":{\"@id\":\"https:\/\/www.pogotowieflagowe.pl\/aktualne\/polaki-obawiaja-sie-o-swoja-prace-wiecej-firm-oglasza-zwolnienia-grupowe-brak-stabilnosci-pracy\/#breadcrumb\"},\"inLanguage\":\"pl-PL\",\"potentialAction\":[{\"@type\":\"ReadAction\",\"target\":[\"https:\/\/www.pogotowieflagowe.pl\/aktualne\/polaki-obawiaja-sie-o-swoja-prace-wiecej-firm-oglasza-zwolnienia-grupowe-brak-stabilnosci-pracy\/\"]}]},{\"@type\":\"ImageObject\",\"inLanguage\":\"pl-PL\",\"@id\":\"https:\/\/www.pogotowieflagowe.pl\/aktualne\/polaki-obawiaja-sie-o-swoja-prace-wiecej-firm-oglasza-zwolnienia-grupowe-brak-stabilnosci-pracy\/#primaryimage\",\"url\":\"https:\/\/www.pogotowieflagowe.pl\/aktualne\/wp-content\/uploads\/2025\/03\/Polaki-obawiaja-sie-o-swoja-prace-Wiecej-firm-oglasza-zwolnienia.jpg\",\"contentUrl\":\"https:\/\/www.pogotowieflagowe.pl\/aktualne\/wp-content\/uploads\/2025\/03\/Polaki-obawiaja-sie-o-swoja-prace-Wiecej-firm-oglasza-zwolnienia.jpg\",\"width\":1919,\"height\":1089,\"caption\":\"Polaki obawiaj\u0105 si\u0119 o swoj\u0105 prac\u0119. Wi\u0119cej firm og\u0142asza zwolnienia grupowe. \u201eBrak stabilno\u015bci pracy\u201d\"},{\"@type\":\"BreadcrumbList\",\"@id\":\"https:\/\/www.pogotowieflagowe.pl\/aktualne\/polaki-obawiaja-sie-o-swoja-prace-wiecej-firm-oglasza-zwolnienia-grupowe-brak-stabilnosci-pracy\/#breadcrumb\",\"itemListElement\":[{\"@type\":\"ListItem\",\"position\":1,\"name\":\"Home\",\"item\":\"https:\/\/www.pogotowieflagowe.pl\/aktualne\/\"},{\"@type\":\"ListItem\",\"position\":2,\"name\":\"Polaki obawiaj\u0105 si\u0119 o swoj\u0105 prac\u0119. Wi\u0119cej firm og\u0142asza zwolnienia grupowe. \u201eBrak stabilno\u015bci pracy\u201d\"}]},{\"@type\":\"WebSite\",\"@id\":\"https:\/\/www.pogotowieflagowe.pl\/aktualne\/#website\",\"url\":\"https:\/\/www.pogotowieflagowe.pl\/aktualne\/\",\"name\":\"POGOTOWIE FLAGOWE\u00ae\",\"description\":\"\",\"publisher\":{\"@id\":\"https:\/\/www.pogotowieflagowe.pl\/aktualne\/#organization\"},\"potentialAction\":[{\"@type\":\"SearchAction\",\"target\":{\"@type\":\"EntryPoint\",\"urlTemplate\":\"https:\/\/www.pogotowieflagowe.pl\/aktualne\/?s={search_term_string}\"},\"query-input\":\"required name=search_term_string\"}],\"inLanguage\":\"pl-PL\"},{\"@type\":\"Organization\",\"@id\":\"https:\/\/www.pogotowieflagowe.pl\/aktualne\/#organization\",\"name\":\"POGOTOWIE FLAGOWE\u00ae\",\"url\":\"https:\/\/www.pogotowieflagowe.pl\/aktualne\/\",\"logo\":{\"@type\":\"ImageObject\",\"inLanguage\":\"pl-PL\",\"@id\":\"https:\/\/www.pogotowieflagowe.pl\/aktualne\/#\/schema\/logo\/image\/\",\"url\":\"https:\/\/www.pogotowieflagowe.pl\/aktualne\/wp-content\/uploads\/2024\/08\/cropped-pogotowieflagowe_flaga_projekt_sm.jpg\",\"contentUrl\":\"https:\/\/www.pogotowieflagowe.pl\/aktualne\/wp-content\/uploads\/2024\/08\/cropped-pogotowieflagowe_flaga_projekt_sm.jpg\",\"width\":250,\"height\":143,\"caption\":\"POGOTOWIE FLAGOWE\u00ae\"},\"image\":{\"@id\":\"https:\/\/www.pogotowieflagowe.pl\/aktualne\/#\/schema\/logo\/image\/\"}},{\"@type\":\"Person\",\"@id\":\"https:\/\/www.pogotowieflagowe.pl\/aktualne\/#\/schema\/person\/9c2fb7d2362ebf6fa088960d7f0d27b0\",\"name\":\"Filip\",\"image\":{\"@type\":\"ImageObject\",\"inLanguage\":\"pl-PL\",\"@id\":\"https:\/\/www.pogotowieflagowe.pl\/aktualne\/#\/schema\/person\/image\/\",\"url\":\"https:\/\/www.pogotowieflagowe.pl\/aktualne\/wp-content\/uploads\/2024\/08\/pogotowieflagowe.pl_.jpg\",\"contentUrl\":\"https:\/\/www.pogotowieflagowe.pl\/aktualne\/wp-content\/uploads\/2024\/08\/pogotowieflagowe.pl_.jpg\",\"caption\":\"Filip\"},\"description\":\"Jestem Filip, polski dziennikarz z dyplomem nauk politycznych Uniwersytetu Warszawskiego. Rozpoczynaj\u0105c swoj\u0105 karier\u0119 w r\u00f3\u017cnych lokalnych mediach, zdoby\u0142em solidne do\u015bwiadczenie w zakresie \u015bledztwa i redakcji. Obecnie jako redaktor w Pogotowie flagowe, staram si\u0119 dostarcza\u0107 dog\u0142\u0119bne i istotne analizy na temat najwa\u017cniejszych kwestii aktualno\u015bci, \u0142\u0105cz\u0105c rygor z pasj\u0105 dziennikarsk\u0105.\",\"sameAs\":[\"https:\/\/www.pogotowieflagowe.pl\/\"]}]}<\/script>\n<!-- \/ Yoast SEO plugin. -->","yoast_head_json":{"title":"Polaki obawiaj\u0105 si\u0119 o swoj\u0105 prac\u0119. Wi\u0119cej firm og\u0142asza zwolnienia grupowe. \u201eBrak stabilno\u015bci pracy\u201d - POGOTOWIE FLAGOWE\u00ae","robots":{"index":"index","follow":"follow","max-snippet":"max-snippet:-1","max-image-preview":"max-image-preview:large","max-video-preview":"max-video-preview:-1"},"canonical":"https:\/\/www.pogotowieflagowe.pl\/aktualne\/polaki-obawiaja-sie-o-swoja-prace-wiecej-firm-oglasza-zwolnienia-grupowe-brak-stabilnosci-pracy\/","og_locale":"pl_PL","og_type":"article","og_title":"Polaki obawiaj\u0105 si\u0119 o swoj\u0105 prac\u0119. Wi\u0119cej firm og\u0142asza zwolnienia grupowe. \u201eBrak stabilno\u015bci pracy\u201d - POGOTOWIE FLAGOWE\u00ae","og_description":"W \u201eu\u015bmiechni\u0119tej Polsce\u201d koalicji z 13 grudnia Polaki musz\u0105 obawia\u0107 si\u0119 ich utrzymania. Firmy sk\u0142adaj\u0105 plany ograniczenia zatrudnienia, co oznacza","og_url":"https:\/\/www.pogotowieflagowe.pl\/aktualne\/polaki-obawiaja-sie-o-swoja-prace-wiecej-firm-oglasza-zwolnienia-grupowe-brak-stabilnosci-pracy\/","og_site_name":"POGOTOWIE FLAGOWE\u00ae","article_published_time":"2025-03-01T12:47:04+00:00","article_modified_time":"2025-03-01T12:47:05+00:00","og_image":[{"width":1919,"height":1089,"url":"https:\/\/www.pogotowieflagowe.pl\/aktualne\/wp-content\/uploads\/2025\/03\/Polaki-obawiaja-sie-o-swoja-prace-Wiecej-firm-oglasza-zwolnienia.jpg","type":"image\/jpeg"}],"author":"Filip","twitter_card":"summary_large_image","twitter_misc":{"Napisane przez":"Filip","Szacowany czas czytania":"2 minuty"},"schema":{"@context":"https:\/\/schema.org","@graph":[{"@type":"Article","@id":"https:\/\/www.pogotowieflagowe.pl\/aktualne\/polaki-obawiaja-sie-o-swoja-prace-wiecej-firm-oglasza-zwolnienia-grupowe-brak-stabilnosci-pracy\/#article","isPartOf":{"@id":"https:\/\/www.pogotowieflagowe.pl\/aktualne\/polaki-obawiaja-sie-o-swoja-prace-wiecej-firm-oglasza-zwolnienia-grupowe-brak-stabilnosci-pracy\/"},"author":{"name":"Filip","@id":"https:\/\/www.pogotowieflagowe.pl\/aktualne\/#\/schema\/person\/9c2fb7d2362ebf6fa088960d7f0d27b0"},"headline":"Polaki obawiaj\u0105 si\u0119 o swoj\u0105 prac\u0119. Wi\u0119cej firm og\u0142asza zwolnienia grupowe. \u201eBrak stabilno\u015bci pracy\u201d","datePublished":"2025-03-01T12:47:04+00:00","dateModified":"2025-03-01T12:47:05+00:00","mainEntityOfPage":{"@id":"https:\/\/www.pogotowieflagowe.pl\/aktualne\/polaki-obawiaja-sie-o-swoja-prace-wiecej-firm-oglasza-zwolnienia-grupowe-brak-stabilnosci-pracy\/"},"wordCount":400,"publisher":{"@id":"https:\/\/www.pogotowieflagowe.pl\/aktualne\/#organization"},"image":{"@id":"https:\/\/www.pogotowieflagowe.pl\/aktualne\/polaki-obawiaja-sie-o-swoja-prace-wiecej-firm-oglasza-zwolnienia-grupowe-brak-stabilnosci-pracy\/#primaryimage"},"thumbnailUrl":"https:\/\/www.pogotowieflagowe.pl\/aktualne\/wp-content\/uploads\/2025\/03\/Polaki-obawiaja-sie-o-swoja-prace-Wiecej-firm-oglasza-zwolnienia.jpg","keywords":["brak","firm","grupowe","obawiaj\u0105","og\u0142asza","Polaki","prac\u0119","pracy","si\u0119","Stabilno\u015bci","swoj\u0105","wi\u0119cej","zwolnienia"],"articleSection":["Biznes"],"inLanguage":"pl-PL"},{"@type":"WebPage","@id":"https:\/\/www.pogotowieflagowe.pl\/aktualne\/polaki-obawiaja-sie-o-swoja-prace-wiecej-firm-oglasza-zwolnienia-grupowe-brak-stabilnosci-pracy\/","url":"https:\/\/www.pogotowieflagowe.pl\/aktualne\/polaki-obawiaja-sie-o-swoja-prace-wiecej-firm-oglasza-zwolnienia-grupowe-brak-stabilnosci-pracy\/","name":"Polaki obawiaj\u0105 si\u0119 o swoj\u0105 prac\u0119. Wi\u0119cej firm og\u0142asza zwolnienia grupowe. \u201eBrak stabilno\u015bci pracy\u201d - POGOTOWIE FLAGOWE\u00ae","isPartOf":{"@id":"https:\/\/www.pogotowieflagowe.pl\/aktualne\/#website"},"primaryImageOfPage":{"@id":"https:\/\/www.pogotowieflagowe.pl\/aktualne\/polaki-obawiaja-sie-o-swoja-prace-wiecej-firm-oglasza-zwolnienia-grupowe-brak-stabilnosci-pracy\/#primaryimage"},"image":{"@id":"https:\/\/www.pogotowieflagowe.pl\/aktualne\/polaki-obawiaja-sie-o-swoja-prace-wiecej-firm-oglasza-zwolnienia-grupowe-brak-stabilnosci-pracy\/#primaryimage"},"thumbnailUrl":"https:\/\/www.pogotowieflagowe.pl\/aktualne\/wp-content\/uploads\/2025\/03\/Polaki-obawiaja-sie-o-swoja-prace-Wiecej-firm-oglasza-zwolnienia.jpg","datePublished":"2025-03-01T12:47:04+00:00","dateModified":"2025-03-01T12:47:05+00:00","breadcrumb":{"@id":"https:\/\/www.pogotowieflagowe.pl\/aktualne\/polaki-obawiaja-sie-o-swoja-prace-wiecej-firm-oglasza-zwolnienia-grupowe-brak-stabilnosci-pracy\/#breadcrumb"},"inLanguage":"pl-PL","potentialAction":[{"@type":"ReadAction","target":["https:\/\/www.pogotowieflagowe.pl\/aktualne\/polaki-obawiaja-sie-o-swoja-prace-wiecej-firm-oglasza-zwolnienia-grupowe-brak-stabilnosci-pracy\/"]}]},{"@type":"ImageObject","inLanguage":"pl-PL","@id":"https:\/\/www.pogotowieflagowe.pl\/aktualne\/polaki-obawiaja-sie-o-swoja-prace-wiecej-firm-oglasza-zwolnienia-grupowe-brak-stabilnosci-pracy\/#primaryimage","url":"https:\/\/www.pogotowieflagowe.pl\/aktualne\/wp-content\/uploads\/2025\/03\/Polaki-obawiaja-sie-o-swoja-prace-Wiecej-firm-oglasza-zwolnienia.jpg","contentUrl":"https:\/\/www.pogotowieflagowe.pl\/aktualne\/wp-content\/uploads\/2025\/03\/Polaki-obawiaja-sie-o-swoja-prace-Wiecej-firm-oglasza-zwolnienia.jpg","width":1919,"height":1089,"caption":"Polaki obawiaj\u0105 si\u0119 o swoj\u0105 prac\u0119. Wi\u0119cej firm og\u0142asza zwolnienia grupowe. \u201eBrak stabilno\u015bci pracy\u201d"},{"@type":"BreadcrumbList","@id":"https:\/\/www.pogotowieflagowe.pl\/aktualne\/polaki-obawiaja-sie-o-swoja-prace-wiecej-firm-oglasza-zwolnienia-grupowe-brak-stabilnosci-pracy\/#breadcrumb","itemListElement":[{"@type":"ListItem","position":1,"name":"Home","item":"https:\/\/www.pogotowieflagowe.pl\/aktualne\/"},{"@type":"ListItem","position":2,"name":"Polaki obawiaj\u0105 si\u0119 o swoj\u0105 prac\u0119. Wi\u0119cej firm og\u0142asza zwolnienia grupowe. \u201eBrak stabilno\u015bci pracy\u201d"}]},{"@type":"WebSite","@id":"https:\/\/www.pogotowieflagowe.pl\/aktualne\/#website","url":"https:\/\/www.pogotowieflagowe.pl\/aktualne\/","name":"POGOTOWIE FLAGOWE\u00ae","description":"","publisher":{"@id":"https:\/\/www.pogotowieflagowe.pl\/aktualne\/#organization"},"potentialAction":[{"@type":"SearchAction","target":{"@type":"EntryPoint","urlTemplate":"https:\/\/www.pogotowieflagowe.pl\/aktualne\/?s={search_term_string}"},"query-input":"required name=search_term_string"}],"inLanguage":"pl-PL"},{"@type":"Organization","@id":"https:\/\/www.pogotowieflagowe.pl\/aktualne\/#organization","name":"POGOTOWIE FLAGOWE\u00ae","url":"https:\/\/www.pogotowieflagowe.pl\/aktualne\/","logo":{"@type":"ImageObject","inLanguage":"pl-PL","@id":"https:\/\/www.pogotowieflagowe.pl\/aktualne\/#\/schema\/logo\/image\/","url":"https:\/\/www.pogotowieflagowe.pl\/aktualne\/wp-content\/uploads\/2024\/08\/cropped-pogotowieflagowe_flaga_projekt_sm.jpg","contentUrl":"https:\/\/www.pogotowieflagowe.pl\/aktualne\/wp-content\/uploads\/2024\/08\/cropped-pogotowieflagowe_flaga_projekt_sm.jpg","width":250,"height":143,"caption":"POGOTOWIE FLAGOWE\u00ae"},"image":{"@id":"https:\/\/www.pogotowieflagowe.pl\/aktualne\/#\/schema\/logo\/image\/"}},{"@type":"Person","@id":"https:\/\/www.pogotowieflagowe.pl\/aktualne\/#\/schema\/person\/9c2fb7d2362ebf6fa088960d7f0d27b0","name":"Filip","image":{"@type":"ImageObject","inLanguage":"pl-PL","@id":"https:\/\/www.pogotowieflagowe.pl\/aktualne\/#\/schema\/person\/image\/","url":"https:\/\/www.pogotowieflagowe.pl\/aktualne\/wp-content\/uploads\/2024\/08\/pogotowieflagowe.pl_.jpg","contentUrl":"https:\/\/www.pogotowieflagowe.pl\/aktualne\/wp-content\/uploads\/2024\/08\/pogotowieflagowe.pl_.jpg","caption":"Filip"},"description":"Jestem Filip, polski dziennikarz z dyplomem nauk politycznych Uniwersytetu Warszawskiego. Rozpoczynaj\u0105c swoj\u0105 karier\u0119 w r\u00f3\u017cnych lokalnych mediach, zdoby\u0142em solidne do\u015bwiadczenie w zakresie \u015bledztwa i redakcji. Obecnie jako redaktor w Pogotowie flagowe, staram si\u0119 dostarcza\u0107 dog\u0142\u0119bne i istotne analizy na temat najwa\u017cniejszych kwestii aktualno\u015bci, \u0142\u0105cz\u0105c rygor z pasj\u0105 dziennikarsk\u0105.","sameAs":["https:\/\/www.pogotowieflagowe.pl\/"]}]}},"_links":{"self":[{"href":"https:\/\/www.pogotowieflagowe.pl\/aktualne\/wp-json\/wp\/v2\/posts\/4312","targetHints":{"allow":["GET"]}}],"collection":[{"href":"https:\/\/www.pogotowieflagowe.pl\/aktualne\/wp-json\/wp\/v2\/posts"}],"about":[{"href":"https:\/\/www.pogotowieflagowe.pl\/aktualne\/wp-json\/wp\/v2\/types\/post"}],"author":[{"embeddable":true,"href":"https:\/\/www.pogotowieflagowe.pl\/aktualne\/wp-json\/wp\/v2\/users\/1"}],"replies":[{"embeddable":true,"href":"https:\/\/www.pogotowieflagowe.pl\/aktualne\/wp-json\/wp\/v2\/comments?post=4312"}],"version-history":[{"count":1,"href":"https:\/\/www.pogotowieflagowe.pl\/aktualne\/wp-json\/wp\/v2\/posts\/4312\/revisions"}],"predecessor-version":[{"id":4314,"href":"https:\/\/www.pogotowieflagowe.pl\/aktualne\/wp-json\/wp\/v2\/posts\/4312\/revisions\/4314"}],"wp:featuredmedia":[{"embeddable":true,"href":"https:\/\/www.pogotowieflagowe.pl\/aktualne\/wp-json\/wp\/v2\/media\/4313"}],"wp:attachment":[{"href":"https:\/\/www.pogotowieflagowe.pl\/aktualne\/wp-json\/wp\/v2\/media?parent=4312"}],"wp:term":[{"taxonomy":"category","embeddable":true,"href":"https:\/\/www.pogotowieflagowe.pl\/aktualne\/wp-json\/wp\/v2\/categories?post=4312"},{"taxonomy":"post_tag","embeddable":true,"href":"https:\/\/www.pogotowieflagowe.pl\/aktualne\/wp-json\/wp\/v2\/tags?post=4312"}],"curies":[{"name":"wp","href":"https:\/\/api.w.org\/{rel}","templated":true}]}}