{"id":4341,"date":"2025-03-02T15:47:50","date_gmt":"2025-03-02T14:47:50","guid":{"rendered":"https:\/\/www.pogotowieflagowe.pl\/aktualne\/musimy-ugasic-kult-przekletych-zolnierzy-lewicowy-kandydat-na-prezydenta-stwarza-absurdalne-zadanie\/"},"modified":"2025-03-02T15:47:50","modified_gmt":"2025-03-02T14:47:50","slug":"musimy-ugasic-kult-przekletych-zolnierzy-lewicowy-kandydat-na-prezydenta-stwarza-absurdalne-zadanie","status":"publish","type":"post","link":"https:\/\/www.pogotowieflagowe.pl\/aktualne\/musimy-ugasic-kult-przekletych-zolnierzy-lewicowy-kandydat-na-prezydenta-stwarza-absurdalne-zadanie\/","title":{"rendered":"\u201eMusimy ugasi\u0107 kult przekl\u0119tych \u017co\u0142nierzy!\u201d Lewicowy kandydat na prezydenta stwarza absurdalne \u017c\u0105danie"},"content":{"rendered":"\n<div class=\"td_block_wrap tdb_single_content tdi_41 td-pb-border-top td_block_template_8 td-post-content tagdiv-type\" data-td-block-uid=\"tdi_41\">\n<style>.tdi_41 {margin-top: 0px! Wa\u017cne; margines-bottom: 0px! WA\u017bNY; PALDING-TOP: 0PX! WA\u017bNY; PALDING-BOTTOM: 0PX! WA\u017bNE}<\/style>\n<style>.tdb_single_content {margin-bottom: 0;*zoom: 1} .tdb_single_content: wcze\u015bniej, .tdb_single_content: po {display: Table; content: ''; line-height: 0} .TDB-BLOCK-INner>*: nie (.WP-BLOCK-QUOTE): not (.alignSwide): not (.Alignfull.wp-block-cover.has-parallax): not (.td-a-ad) {margin-left: auto; margin-right: auto} .tdb_single_ConTent a {wska\u017anik-events: auto} .tdb_single_content .td-spot-id-top_ad .tdc-placeholder-title: przed {content: \u201eArtyku\u0142 top ad\u201d! Wa\u017cne} .tdb_single_content .td-Spot-Id-inline_ad0 .tdc-placeholder-title 1 '! Wa\u017cne} .tdb_single_content .td-Spot-Id-inline_Ad1 .tdc-Placeholder-Title: przed {content: \u201eArtyku\u0142 inline AD 2'! Wa\u017cny} .tdb_single_content. 3 '! Wa\u017cne} .tdb_single_content .td-Spot-Id-Bottom_Ad .tdc-Placeholder-Title: przed {content: \u201eArtyku\u0142 Bottom Ad\u201d! Wa\u017cne} .tdb_single_content .id_top_ad, .tdb_single_content_content .id_bottom_ad {clear: oba; margin-bottom: 21px; text-align: Center} .tdb_single_content .id_top_ad Img, .tdb_single_content .id_bottom_ad img {margin-bottom: 0} .tdb_single_content .id_top_ad .adsbyGoogle, .tdb_single_content .id_bottom_ad .adsbyGoogle {pozycja: relatyw} .tdb_single_content .id_ad_content-horiz-left, .tdb_single_content .id_ad_content-horiz-right, .tdb_single_content .id_ad_content-horiz-Center {margin-bottom: 15px} .tdb_single_content .id_ad_content-horiz-left Img, .tdb_single_content .id_ad_content-horiz-right img, .tdb_single_content .id_ad_content-horiz-centerter img {margin-bottom: 0} .tdb_single_content .id_ad_content-horiz-center {text-align: Center} .tdb_single_content .id_ad_content-horiz-center img {margin-right: auto; margin-let: auto} .tdb_single_content .id_ad_content-horiz-left {float: left; margin-top: 9px; margin-right: 21px} .tdb_single_content .id_ad_content-horiz-right {float: margin-top: 6px; margin-left: 21px} .tdb_single_content .tdc-a-a-ad .TDC-Placeholder-Title {szeroko\u015b\u0107: 300px; height: 250px} .tdb_single_content .tdc-a-ad .TDC-Placeholder-Title: Przed {Pozycja: Absolute; TOP: 50%;-WebKit-Transform: Translatey (-50%); Transform: Translatey (-50%); margines: auto; Display: Tabela; szeroko\u015b\u0107: 100%}. tdb_single_content .TDB-BLOCK-INNER.TD-FIX-INDEX {Word-Break: Break-word} .tdi_41, .tdi_41> p, .tdi_41 .tdb-block-inner> p, .Wp-Block-Column> p {font-size: 16px! Wa\u017cne; wa\u017cny; p {font-styl: normalne! Wa\u017cne} @media (Max-Width: 767px) {. tdb_single_content .id_ad_content-horiz-left, .tdb_single_content .id_ad_content-horiz-right, .tdb_single_content .id_ad_content-horiz-centter {Margin: 0 AUTO 26PXX auto}}@media (Max-Width: 767px) {. tdb_single_content .id_ad_content-horiz-left {margin-right: 0}}@media (max-width: 767px) {. (Max-Width: 767px) {. tdb_single_content .td-a-ad {float: none; text-align: Center} .tdb_single_content .td-a-ad img {margin-right: auto; margin-left: auto} .tdb_single_content .tdc-a-a-a-{margin-right: auto; margin-left: auto} .tdb_single_content .tdd<\/style>\n<div class=\"tdb-block-inner td-fix-index\">\n<p>\u201eKult przekl\u0119tych \u017co\u0142nierzy powinien by\u0107 wycofywany, poniewa\u017c miesza prawdziwych bohater\u00f3w z przest\u0119pcami wojennymi\u201d, powiedzia\u0142a kandydat na prezydenta Magdalena Biejat. Og\u0142os\u0142a projekt ustawy o odszkodowaniu za\u2026 rodziny domniemanych ofiar przekl\u0119tych \u017co\u0142nierzy. To kolejny gest w kierunku tego konkretnego \u015brodowiska, po przywr\u00f3ceniu spory emerytur dla by\u0142ych oficer\u00f3w komunistycznej s\u0142u\u017cby bezpiecze\u0144stwa.<\/p>\n<h2 class=\"wp-block-heading\">\u201eGasza kultu\u201d<\/h2>\n<p>Podczas sobotniej konferencji prasowej kandydat lewicy na prezydenta Republiki Polski o\u015bwiadczy\u0142, \u017ce kult przekl\u0119tych \u017co\u0142nierzy powinien zosta\u0107 \u201ewycofany\u201d. Wed\u0142ug Biejata, Narodowy Dzie\u0144 Pami\u0119ci przekl\u0119tych \u017co\u0142nierzy jest \u201ecz\u0119\u015bci\u0105 kultu, kt\u00f3ry miesza bohater\u00f3w takich jak kapitan Witold Pilecki z &#8211; nie b\u00f3j si\u0119 tego s\u0142owa &#8211; wojownicy, ludzie tacy jak\u201e Buranie \u201di\u201e Ogie\u0144 \u201d, kt\u00f3rzy byli odpowiedzialni za zbrodnie przeciwko mieszka\u0144com Polandu, w tym zab\u00f3jstwa i przekonania cywil\u00f3w\u201d.<\/p>\n<p>Kampania wymazu przeciwko \u201eBury\u201d Romuald Rajs rozpocz\u0119\u0142a si\u0119 podczas jego wojennej dzia\u0142alno\u015bci, przeprowadzonej przez oficer\u00f3w Komunistycznego Biura Bezpiecze\u0144stwa. Od tego czasu pozosta\u0142o w \u015bwiadomo\u015bci publicznej. \u201eKomunistyczni propagandzi\u015bci wyr\u00f3\u017cnili\u201e Bury \u201djako przyk\u0142ad bandyty\u201d, wyja\u015bni\u0142 historyk Micha\u0142 Ostapiuk kilka lat temu w Telewizja Republika, zauwa\u017caj\u0105c, \u017ce \u201eanty-miths, kt\u00f3re rozros\u0142y si\u0119 wok\u00f3\u0142\u201e Bury \u201d, po prostu nie s\u0105 prawdziwe\u201d. Teraz ta sama propaganda jest promowana przez lewicowych polityk\u00f3w, kt\u00f3rzy s\u0105 spadkobiercami tej tradycji, w tym Joanna Senyszyn i-wi\u0119cej-Magdalena Biejat.<\/p>\n<h2 class=\"wp-block-heading\">Pieni\u0105dze dla \u201eofiar przekl\u0119tych \u017co\u0142nierzy\u201d<\/h2>\n<p>Biejat kontrastowa\u0142 w dniu pami\u0119ci przekl\u0119tych \u017co\u0142nierzy z nowo wprowadzonym dniem armii domowej, obchodzonej po raz pierwszy 14 lutego 2025 r. \u201eTo jest \u015bwi\u0119to i formacja, kt\u00f3rych bohaterowie powinni\u015bmy si\u0119 uhonorowa\u0107\u201d &#8211; argumentowa\u0142a. \u201eStoili w Demokratycznej Republice &#8211; takiej, kt\u00f3ra by\u0142a niezale\u017cna, otwarta i szanuj\u0105ca wszystkich jej obywateli\u201d.<\/p>\n<p>Podkre\u015bli\u0142a, \u017ce \u200b\u200baby zamkn\u0105\u0107 ten rozdzia\u0142, Polska nie mo\u017ce zapomina\u0107 o potomkach ofiar, kt\u00f3rzy wci\u0105\u017c czekaj\u0105 na odszkodowanie i sprawiedliwo\u015b\u0107. \u201eJako lewica przed\u0142o\u017cymy projekt ustawy na nast\u0119pnej sesji SEJM, aby zapewni\u0107 odszkodowanie i odszkodowanie rodzinom ofiar przekl\u0119tych \u017co\u0142nierzy\u201d &#8211; o\u015bwiadczy\u0142 Biejat. Doda\u0142a, \u017ce \u200b\u200b\u201efakt, \u017ce przest\u0119pcy s\u0105 uwielbione i \u017ce ofiary nigdy nie otrzyma\u0142y sprawiedliwo\u015bci, pozostaje otwart\u0105 ran\u0105 dla os\u00f3b mieszkaj\u0105cych w regionie Podlasie, kt\u00f3rzy s\u0105 potomkami tych, kt\u00f3rzy padli ofiar\u0105 tych przest\u0119pstw\u201d.<\/p>\n<p>Projekt ustawy zaproponowany przez lewic\u0119 zapewni\u0142by rekompensat\u0119 finansow\u0105 w wysoko\u015bci 50 000 Zo\u0142otys\u00f3w ka\u017cdemu cz\u0142onkowi rodzin ofiar \u201eprzest\u0119pstw pope\u0142nionych przez przekl\u0119tych \u017co\u0142nierzy\u201d (w tym tych, kt\u00f3rzy podlegali podziemnym \u201ewerdyktom\u201d za zdrad\u0119).<\/p>\n<p>\u201eNadszed\u0142 czas, aby pa\u0144stwo polskie w ko\u0144cu da\u0142o im sprawiedliwo\u015b\u0107 i wyja\u015bni\u0142o, \u017ce ich cierpienie jest uznawane, a ich po\u015bwi\u0119cenie jest szanowane\u201d &#8211; podsumowa\u0142 Biejat. \u201eDemokratyczna Polska musi raz na zawsze przesta\u0107 chwali\u0107 przest\u0119pc\u00f3w\u201d.<\/p>\n<\/div>\n<\/div>\n","protected":false},"excerpt":{"rendered":"<p>\u201eKult przekl\u0119tych \u017co\u0142nierzy powinien by\u0107 wycofywany, poniewa\u017c miesza prawdziwych bohater\u00f3w z przest\u0119pcami wojennymi\u201d, powiedzia\u0142a kandydat na prezydenta Magdalena Biejat. Og\u0142os\u0142a<\/p>\n","protected":false},"author":1,"featured_media":4342,"comment_status":"closed","ping_status":"","sticky":false,"template":"","format":"standard","meta":{"footnotes":""},"categories":[4748],"tags":[5952,3097,5949,5771,5700,568,5950,5951,5948,5128,1581],"class_list":["post-4341","post","type-post","status-publish","format-standard","has-post-thumbnail","hentry","category-aktualne","tag-absurdalne","tag-kandydat","tag-kult","tag-lewicowy","tag-musimy","tag-prezydenta","tag-przekletych","tag-stwarza","tag-ugasic","tag-zadanie","tag-zolnierzy","generate-columns","tablet-grid-50","mobile-grid-100","grid-parent","grid-50","resize-featured-image"],"yoast_head":"<!-- This site is optimized with the Yoast SEO plugin v23.2 - https:\/\/yoast.com\/wordpress\/plugins\/seo\/ -->\n<title>\u201eMusimy ugasi\u0107 kult przekl\u0119tych \u017co\u0142nierzy!\u201d Lewicowy kandydat na prezydenta stwarza absurdalne \u017c\u0105danie - POGOTOWIE FLAGOWE\u00ae<\/title>\n<meta name=\"robots\" content=\"index, follow, max-snippet:-1, max-image-preview:large, max-video-preview:-1\" \/>\n<link rel=\"canonical\" href=\"https:\/\/www.pogotowieflagowe.pl\/aktualne\/musimy-ugasic-kult-przekletych-zolnierzy-lewicowy-kandydat-na-prezydenta-stwarza-absurdalne-zadanie\/\" \/>\n<meta property=\"og:locale\" content=\"pl_PL\" \/>\n<meta property=\"og:type\" content=\"article\" \/>\n<meta property=\"og:title\" content=\"\u201eMusimy ugasi\u0107 kult przekl\u0119tych \u017co\u0142nierzy!\u201d Lewicowy kandydat na prezydenta stwarza absurdalne \u017c\u0105danie - POGOTOWIE FLAGOWE\u00ae\" \/>\n<meta property=\"og:description\" content=\"\u201eKult przekl\u0119tych \u017co\u0142nierzy powinien by\u0107 wycofywany, poniewa\u017c miesza prawdziwych bohater\u00f3w z przest\u0119pcami wojennymi\u201d, powiedzia\u0142a kandydat na prezydenta Magdalena Biejat. Og\u0142os\u0142a\" \/>\n<meta property=\"og:url\" content=\"https:\/\/www.pogotowieflagowe.pl\/aktualne\/musimy-ugasic-kult-przekletych-zolnierzy-lewicowy-kandydat-na-prezydenta-stwarza-absurdalne-zadanie\/\" \/>\n<meta property=\"og:site_name\" content=\"POGOTOWIE FLAGOWE\u00ae\" \/>\n<meta property=\"article:published_time\" content=\"2025-03-02T14:47:50+00:00\" \/>\n<meta property=\"og:image\" content=\"https:\/\/www.pogotowieflagowe.pl\/aktualne\/wp-content\/uploads\/2025\/03\/\u201eMusimy-ugasic-kult-przekletych-zolnierzy-Lewicowy-kandydat-na-prezydenta-stwarza.jpg\" \/>\n\t<meta property=\"og:image:width\" content=\"821\" \/>\n\t<meta property=\"og:image:height\" content=\"466\" \/>\n\t<meta property=\"og:image:type\" content=\"image\/jpeg\" \/>\n<meta name=\"author\" content=\"Filip\" \/>\n<meta name=\"twitter:card\" content=\"summary_large_image\" \/>\n<meta name=\"twitter:label1\" content=\"Napisane przez\" \/>\n\t<meta name=\"twitter:data1\" content=\"Filip\" \/>\n\t<meta name=\"twitter:label2\" content=\"Szacowany czas czytania\" \/>\n\t<meta name=\"twitter:data2\" content=\"2 minuty\" \/>\n<script type=\"application\/ld+json\" class=\"yoast-schema-graph\">{\"@context\":\"https:\/\/schema.org\",\"@graph\":[{\"@type\":\"Article\",\"@id\":\"https:\/\/www.pogotowieflagowe.pl\/aktualne\/musimy-ugasic-kult-przekletych-zolnierzy-lewicowy-kandydat-na-prezydenta-stwarza-absurdalne-zadanie\/#article\",\"isPartOf\":{\"@id\":\"https:\/\/www.pogotowieflagowe.pl\/aktualne\/musimy-ugasic-kult-przekletych-zolnierzy-lewicowy-kandydat-na-prezydenta-stwarza-absurdalne-zadanie\/\"},\"author\":{\"name\":\"Filip\",\"@id\":\"https:\/\/www.pogotowieflagowe.pl\/aktualne\/#\/schema\/person\/9c2fb7d2362ebf6fa088960d7f0d27b0\"},\"headline\":\"\u201eMusimy ugasi\u0107 kult przekl\u0119tych \u017co\u0142nierzy!\u201d Lewicowy kandydat na prezydenta stwarza absurdalne \u017c\u0105danie\",\"datePublished\":\"2025-03-02T14:47:50+00:00\",\"dateModified\":\"2025-03-02T14:47:50+00:00\",\"mainEntityOfPage\":{\"@id\":\"https:\/\/www.pogotowieflagowe.pl\/aktualne\/musimy-ugasic-kult-przekletych-zolnierzy-lewicowy-kandydat-na-prezydenta-stwarza-absurdalne-zadanie\/\"},\"wordCount\":493,\"publisher\":{\"@id\":\"https:\/\/www.pogotowieflagowe.pl\/aktualne\/#organization\"},\"image\":{\"@id\":\"https:\/\/www.pogotowieflagowe.pl\/aktualne\/musimy-ugasic-kult-przekletych-zolnierzy-lewicowy-kandydat-na-prezydenta-stwarza-absurdalne-zadanie\/#primaryimage\"},\"thumbnailUrl\":\"https:\/\/www.pogotowieflagowe.pl\/aktualne\/wp-content\/uploads\/2025\/03\/\u201eMusimy-ugasic-kult-przekletych-zolnierzy-Lewicowy-kandydat-na-prezydenta-stwarza.jpg\",\"keywords\":[\"absurdalne\",\"kandydat\",\"kult\",\"lewicowy\",\"Musimy\",\"prezydenta\",\"przekl\u0119tych\",\"stwarza\",\"ugasi\u0107\",\"\u017c\u0105danie\",\"\u017co\u0142nierzy\"],\"articleSection\":[\"Aktualne\"],\"inLanguage\":\"pl-PL\"},{\"@type\":\"WebPage\",\"@id\":\"https:\/\/www.pogotowieflagowe.pl\/aktualne\/musimy-ugasic-kult-przekletych-zolnierzy-lewicowy-kandydat-na-prezydenta-stwarza-absurdalne-zadanie\/\",\"url\":\"https:\/\/www.pogotowieflagowe.pl\/aktualne\/musimy-ugasic-kult-przekletych-zolnierzy-lewicowy-kandydat-na-prezydenta-stwarza-absurdalne-zadanie\/\",\"name\":\"\u201eMusimy ugasi\u0107 kult przekl\u0119tych \u017co\u0142nierzy!\u201d Lewicowy kandydat na prezydenta stwarza absurdalne \u017c\u0105danie - POGOTOWIE FLAGOWE\u00ae\",\"isPartOf\":{\"@id\":\"https:\/\/www.pogotowieflagowe.pl\/aktualne\/#website\"},\"primaryImageOfPage\":{\"@id\":\"https:\/\/www.pogotowieflagowe.pl\/aktualne\/musimy-ugasic-kult-przekletych-zolnierzy-lewicowy-kandydat-na-prezydenta-stwarza-absurdalne-zadanie\/#primaryimage\"},\"image\":{\"@id\":\"https:\/\/www.pogotowieflagowe.pl\/aktualne\/musimy-ugasic-kult-przekletych-zolnierzy-lewicowy-kandydat-na-prezydenta-stwarza-absurdalne-zadanie\/#primaryimage\"},\"thumbnailUrl\":\"https:\/\/www.pogotowieflagowe.pl\/aktualne\/wp-content\/uploads\/2025\/03\/\u201eMusimy-ugasic-kult-przekletych-zolnierzy-Lewicowy-kandydat-na-prezydenta-stwarza.jpg\",\"datePublished\":\"2025-03-02T14:47:50+00:00\",\"dateModified\":\"2025-03-02T14:47:50+00:00\",\"breadcrumb\":{\"@id\":\"https:\/\/www.pogotowieflagowe.pl\/aktualne\/musimy-ugasic-kult-przekletych-zolnierzy-lewicowy-kandydat-na-prezydenta-stwarza-absurdalne-zadanie\/#breadcrumb\"},\"inLanguage\":\"pl-PL\",\"potentialAction\":[{\"@type\":\"ReadAction\",\"target\":[\"https:\/\/www.pogotowieflagowe.pl\/aktualne\/musimy-ugasic-kult-przekletych-zolnierzy-lewicowy-kandydat-na-prezydenta-stwarza-absurdalne-zadanie\/\"]}]},{\"@type\":\"ImageObject\",\"inLanguage\":\"pl-PL\",\"@id\":\"https:\/\/www.pogotowieflagowe.pl\/aktualne\/musimy-ugasic-kult-przekletych-zolnierzy-lewicowy-kandydat-na-prezydenta-stwarza-absurdalne-zadanie\/#primaryimage\",\"url\":\"https:\/\/www.pogotowieflagowe.pl\/aktualne\/wp-content\/uploads\/2025\/03\/\u201eMusimy-ugasic-kult-przekletych-zolnierzy-Lewicowy-kandydat-na-prezydenta-stwarza.jpg\",\"contentUrl\":\"https:\/\/www.pogotowieflagowe.pl\/aktualne\/wp-content\/uploads\/2025\/03\/\u201eMusimy-ugasic-kult-przekletych-zolnierzy-Lewicowy-kandydat-na-prezydenta-stwarza.jpg\",\"width\":821,\"height\":466,\"caption\":\"\u201eMusimy ugasi\u0107 kult przekl\u0119tych \u017co\u0142nierzy!\u201d Lewicowy kandydat na prezydenta stwarza absurdalne \u017c\u0105danie\"},{\"@type\":\"BreadcrumbList\",\"@id\":\"https:\/\/www.pogotowieflagowe.pl\/aktualne\/musimy-ugasic-kult-przekletych-zolnierzy-lewicowy-kandydat-na-prezydenta-stwarza-absurdalne-zadanie\/#breadcrumb\",\"itemListElement\":[{\"@type\":\"ListItem\",\"position\":1,\"name\":\"Home\",\"item\":\"https:\/\/www.pogotowieflagowe.pl\/aktualne\/\"},{\"@type\":\"ListItem\",\"position\":2,\"name\":\"\u201eMusimy ugasi\u0107 kult przekl\u0119tych \u017co\u0142nierzy!\u201d Lewicowy kandydat na prezydenta stwarza absurdalne \u017c\u0105danie\"}]},{\"@type\":\"WebSite\",\"@id\":\"https:\/\/www.pogotowieflagowe.pl\/aktualne\/#website\",\"url\":\"https:\/\/www.pogotowieflagowe.pl\/aktualne\/\",\"name\":\"POGOTOWIE FLAGOWE\u00ae\",\"description\":\"\",\"publisher\":{\"@id\":\"https:\/\/www.pogotowieflagowe.pl\/aktualne\/#organization\"},\"potentialAction\":[{\"@type\":\"SearchAction\",\"target\":{\"@type\":\"EntryPoint\",\"urlTemplate\":\"https:\/\/www.pogotowieflagowe.pl\/aktualne\/?s={search_term_string}\"},\"query-input\":\"required name=search_term_string\"}],\"inLanguage\":\"pl-PL\"},{\"@type\":\"Organization\",\"@id\":\"https:\/\/www.pogotowieflagowe.pl\/aktualne\/#organization\",\"name\":\"POGOTOWIE FLAGOWE\u00ae\",\"url\":\"https:\/\/www.pogotowieflagowe.pl\/aktualne\/\",\"logo\":{\"@type\":\"ImageObject\",\"inLanguage\":\"pl-PL\",\"@id\":\"https:\/\/www.pogotowieflagowe.pl\/aktualne\/#\/schema\/logo\/image\/\",\"url\":\"https:\/\/www.pogotowieflagowe.pl\/aktualne\/wp-content\/uploads\/2024\/08\/cropped-pogotowieflagowe_flaga_projekt_sm.jpg\",\"contentUrl\":\"https:\/\/www.pogotowieflagowe.pl\/aktualne\/wp-content\/uploads\/2024\/08\/cropped-pogotowieflagowe_flaga_projekt_sm.jpg\",\"width\":250,\"height\":143,\"caption\":\"POGOTOWIE FLAGOWE\u00ae\"},\"image\":{\"@id\":\"https:\/\/www.pogotowieflagowe.pl\/aktualne\/#\/schema\/logo\/image\/\"}},{\"@type\":\"Person\",\"@id\":\"https:\/\/www.pogotowieflagowe.pl\/aktualne\/#\/schema\/person\/9c2fb7d2362ebf6fa088960d7f0d27b0\",\"name\":\"Filip\",\"image\":{\"@type\":\"ImageObject\",\"inLanguage\":\"pl-PL\",\"@id\":\"https:\/\/www.pogotowieflagowe.pl\/aktualne\/#\/schema\/person\/image\/\",\"url\":\"https:\/\/www.pogotowieflagowe.pl\/aktualne\/wp-content\/uploads\/2024\/08\/pogotowieflagowe.pl_.jpg\",\"contentUrl\":\"https:\/\/www.pogotowieflagowe.pl\/aktualne\/wp-content\/uploads\/2024\/08\/pogotowieflagowe.pl_.jpg\",\"caption\":\"Filip\"},\"description\":\"Jestem Filip, polski dziennikarz z dyplomem nauk politycznych Uniwersytetu Warszawskiego. Rozpoczynaj\u0105c swoj\u0105 karier\u0119 w r\u00f3\u017cnych lokalnych mediach, zdoby\u0142em solidne do\u015bwiadczenie w zakresie \u015bledztwa i redakcji. Obecnie jako redaktor w Pogotowie flagowe, staram si\u0119 dostarcza\u0107 dog\u0142\u0119bne i istotne analizy na temat najwa\u017cniejszych kwestii aktualno\u015bci, \u0142\u0105cz\u0105c rygor z pasj\u0105 dziennikarsk\u0105.\",\"sameAs\":[\"https:\/\/www.pogotowieflagowe.pl\/\"]}]}<\/script>\n<!-- \/ Yoast SEO plugin. -->","yoast_head_json":{"title":"\u201eMusimy ugasi\u0107 kult przekl\u0119tych \u017co\u0142nierzy!\u201d Lewicowy kandydat na prezydenta stwarza absurdalne \u017c\u0105danie - POGOTOWIE FLAGOWE\u00ae","robots":{"index":"index","follow":"follow","max-snippet":"max-snippet:-1","max-image-preview":"max-image-preview:large","max-video-preview":"max-video-preview:-1"},"canonical":"https:\/\/www.pogotowieflagowe.pl\/aktualne\/musimy-ugasic-kult-przekletych-zolnierzy-lewicowy-kandydat-na-prezydenta-stwarza-absurdalne-zadanie\/","og_locale":"pl_PL","og_type":"article","og_title":"\u201eMusimy ugasi\u0107 kult przekl\u0119tych \u017co\u0142nierzy!\u201d Lewicowy kandydat na prezydenta stwarza absurdalne \u017c\u0105danie - POGOTOWIE FLAGOWE\u00ae","og_description":"\u201eKult przekl\u0119tych \u017co\u0142nierzy powinien by\u0107 wycofywany, poniewa\u017c miesza prawdziwych bohater\u00f3w z przest\u0119pcami wojennymi\u201d, powiedzia\u0142a kandydat na prezydenta Magdalena Biejat. Og\u0142os\u0142a","og_url":"https:\/\/www.pogotowieflagowe.pl\/aktualne\/musimy-ugasic-kult-przekletych-zolnierzy-lewicowy-kandydat-na-prezydenta-stwarza-absurdalne-zadanie\/","og_site_name":"POGOTOWIE FLAGOWE\u00ae","article_published_time":"2025-03-02T14:47:50+00:00","og_image":[{"width":821,"height":466,"url":"https:\/\/www.pogotowieflagowe.pl\/aktualne\/wp-content\/uploads\/2025\/03\/\u201eMusimy-ugasic-kult-przekletych-zolnierzy-Lewicowy-kandydat-na-prezydenta-stwarza.jpg","type":"image\/jpeg"}],"author":"Filip","twitter_card":"summary_large_image","twitter_misc":{"Napisane przez":"Filip","Szacowany czas czytania":"2 minuty"},"schema":{"@context":"https:\/\/schema.org","@graph":[{"@type":"Article","@id":"https:\/\/www.pogotowieflagowe.pl\/aktualne\/musimy-ugasic-kult-przekletych-zolnierzy-lewicowy-kandydat-na-prezydenta-stwarza-absurdalne-zadanie\/#article","isPartOf":{"@id":"https:\/\/www.pogotowieflagowe.pl\/aktualne\/musimy-ugasic-kult-przekletych-zolnierzy-lewicowy-kandydat-na-prezydenta-stwarza-absurdalne-zadanie\/"},"author":{"name":"Filip","@id":"https:\/\/www.pogotowieflagowe.pl\/aktualne\/#\/schema\/person\/9c2fb7d2362ebf6fa088960d7f0d27b0"},"headline":"\u201eMusimy ugasi\u0107 kult przekl\u0119tych \u017co\u0142nierzy!\u201d Lewicowy kandydat na prezydenta stwarza absurdalne \u017c\u0105danie","datePublished":"2025-03-02T14:47:50+00:00","dateModified":"2025-03-02T14:47:50+00:00","mainEntityOfPage":{"@id":"https:\/\/www.pogotowieflagowe.pl\/aktualne\/musimy-ugasic-kult-przekletych-zolnierzy-lewicowy-kandydat-na-prezydenta-stwarza-absurdalne-zadanie\/"},"wordCount":493,"publisher":{"@id":"https:\/\/www.pogotowieflagowe.pl\/aktualne\/#organization"},"image":{"@id":"https:\/\/www.pogotowieflagowe.pl\/aktualne\/musimy-ugasic-kult-przekletych-zolnierzy-lewicowy-kandydat-na-prezydenta-stwarza-absurdalne-zadanie\/#primaryimage"},"thumbnailUrl":"https:\/\/www.pogotowieflagowe.pl\/aktualne\/wp-content\/uploads\/2025\/03\/\u201eMusimy-ugasic-kult-przekletych-zolnierzy-Lewicowy-kandydat-na-prezydenta-stwarza.jpg","keywords":["absurdalne","kandydat","kult","lewicowy","Musimy","prezydenta","przekl\u0119tych","stwarza","ugasi\u0107","\u017c\u0105danie","\u017co\u0142nierzy"],"articleSection":["Aktualne"],"inLanguage":"pl-PL"},{"@type":"WebPage","@id":"https:\/\/www.pogotowieflagowe.pl\/aktualne\/musimy-ugasic-kult-przekletych-zolnierzy-lewicowy-kandydat-na-prezydenta-stwarza-absurdalne-zadanie\/","url":"https:\/\/www.pogotowieflagowe.pl\/aktualne\/musimy-ugasic-kult-przekletych-zolnierzy-lewicowy-kandydat-na-prezydenta-stwarza-absurdalne-zadanie\/","name":"\u201eMusimy ugasi\u0107 kult przekl\u0119tych \u017co\u0142nierzy!\u201d Lewicowy kandydat na prezydenta stwarza absurdalne \u017c\u0105danie - POGOTOWIE FLAGOWE\u00ae","isPartOf":{"@id":"https:\/\/www.pogotowieflagowe.pl\/aktualne\/#website"},"primaryImageOfPage":{"@id":"https:\/\/www.pogotowieflagowe.pl\/aktualne\/musimy-ugasic-kult-przekletych-zolnierzy-lewicowy-kandydat-na-prezydenta-stwarza-absurdalne-zadanie\/#primaryimage"},"image":{"@id":"https:\/\/www.pogotowieflagowe.pl\/aktualne\/musimy-ugasic-kult-przekletych-zolnierzy-lewicowy-kandydat-na-prezydenta-stwarza-absurdalne-zadanie\/#primaryimage"},"thumbnailUrl":"https:\/\/www.pogotowieflagowe.pl\/aktualne\/wp-content\/uploads\/2025\/03\/\u201eMusimy-ugasic-kult-przekletych-zolnierzy-Lewicowy-kandydat-na-prezydenta-stwarza.jpg","datePublished":"2025-03-02T14:47:50+00:00","dateModified":"2025-03-02T14:47:50+00:00","breadcrumb":{"@id":"https:\/\/www.pogotowieflagowe.pl\/aktualne\/musimy-ugasic-kult-przekletych-zolnierzy-lewicowy-kandydat-na-prezydenta-stwarza-absurdalne-zadanie\/#breadcrumb"},"inLanguage":"pl-PL","potentialAction":[{"@type":"ReadAction","target":["https:\/\/www.pogotowieflagowe.pl\/aktualne\/musimy-ugasic-kult-przekletych-zolnierzy-lewicowy-kandydat-na-prezydenta-stwarza-absurdalne-zadanie\/"]}]},{"@type":"ImageObject","inLanguage":"pl-PL","@id":"https:\/\/www.pogotowieflagowe.pl\/aktualne\/musimy-ugasic-kult-przekletych-zolnierzy-lewicowy-kandydat-na-prezydenta-stwarza-absurdalne-zadanie\/#primaryimage","url":"https:\/\/www.pogotowieflagowe.pl\/aktualne\/wp-content\/uploads\/2025\/03\/\u201eMusimy-ugasic-kult-przekletych-zolnierzy-Lewicowy-kandydat-na-prezydenta-stwarza.jpg","contentUrl":"https:\/\/www.pogotowieflagowe.pl\/aktualne\/wp-content\/uploads\/2025\/03\/\u201eMusimy-ugasic-kult-przekletych-zolnierzy-Lewicowy-kandydat-na-prezydenta-stwarza.jpg","width":821,"height":466,"caption":"\u201eMusimy ugasi\u0107 kult przekl\u0119tych \u017co\u0142nierzy!\u201d Lewicowy kandydat na prezydenta stwarza absurdalne \u017c\u0105danie"},{"@type":"BreadcrumbList","@id":"https:\/\/www.pogotowieflagowe.pl\/aktualne\/musimy-ugasic-kult-przekletych-zolnierzy-lewicowy-kandydat-na-prezydenta-stwarza-absurdalne-zadanie\/#breadcrumb","itemListElement":[{"@type":"ListItem","position":1,"name":"Home","item":"https:\/\/www.pogotowieflagowe.pl\/aktualne\/"},{"@type":"ListItem","position":2,"name":"\u201eMusimy ugasi\u0107 kult przekl\u0119tych \u017co\u0142nierzy!\u201d Lewicowy kandydat na prezydenta stwarza absurdalne \u017c\u0105danie"}]},{"@type":"WebSite","@id":"https:\/\/www.pogotowieflagowe.pl\/aktualne\/#website","url":"https:\/\/www.pogotowieflagowe.pl\/aktualne\/","name":"POGOTOWIE FLAGOWE\u00ae","description":"","publisher":{"@id":"https:\/\/www.pogotowieflagowe.pl\/aktualne\/#organization"},"potentialAction":[{"@type":"SearchAction","target":{"@type":"EntryPoint","urlTemplate":"https:\/\/www.pogotowieflagowe.pl\/aktualne\/?s={search_term_string}"},"query-input":"required name=search_term_string"}],"inLanguage":"pl-PL"},{"@type":"Organization","@id":"https:\/\/www.pogotowieflagowe.pl\/aktualne\/#organization","name":"POGOTOWIE FLAGOWE\u00ae","url":"https:\/\/www.pogotowieflagowe.pl\/aktualne\/","logo":{"@type":"ImageObject","inLanguage":"pl-PL","@id":"https:\/\/www.pogotowieflagowe.pl\/aktualne\/#\/schema\/logo\/image\/","url":"https:\/\/www.pogotowieflagowe.pl\/aktualne\/wp-content\/uploads\/2024\/08\/cropped-pogotowieflagowe_flaga_projekt_sm.jpg","contentUrl":"https:\/\/www.pogotowieflagowe.pl\/aktualne\/wp-content\/uploads\/2024\/08\/cropped-pogotowieflagowe_flaga_projekt_sm.jpg","width":250,"height":143,"caption":"POGOTOWIE FLAGOWE\u00ae"},"image":{"@id":"https:\/\/www.pogotowieflagowe.pl\/aktualne\/#\/schema\/logo\/image\/"}},{"@type":"Person","@id":"https:\/\/www.pogotowieflagowe.pl\/aktualne\/#\/schema\/person\/9c2fb7d2362ebf6fa088960d7f0d27b0","name":"Filip","image":{"@type":"ImageObject","inLanguage":"pl-PL","@id":"https:\/\/www.pogotowieflagowe.pl\/aktualne\/#\/schema\/person\/image\/","url":"https:\/\/www.pogotowieflagowe.pl\/aktualne\/wp-content\/uploads\/2024\/08\/pogotowieflagowe.pl_.jpg","contentUrl":"https:\/\/www.pogotowieflagowe.pl\/aktualne\/wp-content\/uploads\/2024\/08\/pogotowieflagowe.pl_.jpg","caption":"Filip"},"description":"Jestem Filip, polski dziennikarz z dyplomem nauk politycznych Uniwersytetu Warszawskiego. Rozpoczynaj\u0105c swoj\u0105 karier\u0119 w r\u00f3\u017cnych lokalnych mediach, zdoby\u0142em solidne do\u015bwiadczenie w zakresie \u015bledztwa i redakcji. Obecnie jako redaktor w Pogotowie flagowe, staram si\u0119 dostarcza\u0107 dog\u0142\u0119bne i istotne analizy na temat najwa\u017cniejszych kwestii aktualno\u015bci, \u0142\u0105cz\u0105c rygor z pasj\u0105 dziennikarsk\u0105.","sameAs":["https:\/\/www.pogotowieflagowe.pl\/"]}]}},"_links":{"self":[{"href":"https:\/\/www.pogotowieflagowe.pl\/aktualne\/wp-json\/wp\/v2\/posts\/4341","targetHints":{"allow":["GET"]}}],"collection":[{"href":"https:\/\/www.pogotowieflagowe.pl\/aktualne\/wp-json\/wp\/v2\/posts"}],"about":[{"href":"https:\/\/www.pogotowieflagowe.pl\/aktualne\/wp-json\/wp\/v2\/types\/post"}],"author":[{"embeddable":true,"href":"https:\/\/www.pogotowieflagowe.pl\/aktualne\/wp-json\/wp\/v2\/users\/1"}],"replies":[{"embeddable":true,"href":"https:\/\/www.pogotowieflagowe.pl\/aktualne\/wp-json\/wp\/v2\/comments?post=4341"}],"version-history":[{"count":1,"href":"https:\/\/www.pogotowieflagowe.pl\/aktualne\/wp-json\/wp\/v2\/posts\/4341\/revisions"}],"predecessor-version":[{"id":4343,"href":"https:\/\/www.pogotowieflagowe.pl\/aktualne\/wp-json\/wp\/v2\/posts\/4341\/revisions\/4343"}],"wp:featuredmedia":[{"embeddable":true,"href":"https:\/\/www.pogotowieflagowe.pl\/aktualne\/wp-json\/wp\/v2\/media\/4342"}],"wp:attachment":[{"href":"https:\/\/www.pogotowieflagowe.pl\/aktualne\/wp-json\/wp\/v2\/media?parent=4341"}],"wp:term":[{"taxonomy":"category","embeddable":true,"href":"https:\/\/www.pogotowieflagowe.pl\/aktualne\/wp-json\/wp\/v2\/categories?post=4341"},{"taxonomy":"post_tag","embeddable":true,"href":"https:\/\/www.pogotowieflagowe.pl\/aktualne\/wp-json\/wp\/v2\/tags?post=4341"}],"curies":[{"name":"wp","href":"https:\/\/api.w.org\/{rel}","templated":true}]}}