{"id":4344,"date":"2025-03-02T20:46:55","date_gmt":"2025-03-02T19:46:55","guid":{"rendered":"https:\/\/www.pogotowieflagowe.pl\/aktualne\/gazeta-polska-jednostka-gru-podpala-europe-od-atakow-i-sabotazu-po-dezinformacje\/"},"modified":"2025-03-02T20:46:56","modified_gmt":"2025-03-02T19:46:56","slug":"gazeta-polska-jednostka-gru-podpala-europe-od-atakow-i-sabotazu-po-dezinformacje","status":"publish","type":"post","link":"https:\/\/www.pogotowieflagowe.pl\/aktualne\/gazeta-polska-jednostka-gru-podpala-europe-od-atakow-i-sabotazu-po-dezinformacje\/","title":{"rendered":"Gazeta Polska: Jednostka GRU podpala Europ\u0119: od atak\u00f3w i sabota\u017cu po dezinformacj\u0119"},"content":{"rendered":"\n<div class=\"td_block_wrap tdb_single_content tdi_41 td-pb-border-top td_block_template_8 td-post-content tagdiv-type\" data-td-block-uid=\"tdi_41\">\n<style>.tdi_41 {margin-top: 0px! Wa\u017cne; margines-bottom: 0px! WA\u017bNY; PALDING-TOP: 0PX! WA\u017bNY; PALDING-BOTTOM: 0PX! WA\u017bNE}<\/style>\n<style>.tdb_single_content {margin-bottom: 0;*zoom: 1} .tdb_single_content: wcze\u015bniej, .tdb_single_content: po {display: Table; content: ''; line-height: 0} .TDB-BLOCK-INner>*: nie (.WP-BLOCK-QUOTE): not (.alignSwide): not (.Alignfull.wp-block-cover.has-parallax): not (.td-a-ad) {margin-left: auto; margin-right: auto} .tdb_single_ConTent a {wska\u017anik-events: auto} .tdb_single_content .td-spot-id-top_ad .tdc-placeholder-title: przed {content: \u201eArtyku\u0142 top ad\u201d! Wa\u017cne} .tdb_single_content .td-Spot-Id-inline_ad0 .tdc-placeholder-title 1 '! Wa\u017cne} .tdb_single_content .td-Spot-Id-inline_Ad1 .tdc-Placeholder-Title: przed {content: \u201eArtyku\u0142 inline AD 2'! Wa\u017cny} .tdb_single_content. 3 '! Wa\u017cne} .tdb_single_content .td-Spot-Id-Bottom_Ad .tdc-Placeholder-Title: przed {content: \u201eArtyku\u0142 Bottom Ad\u201d! Wa\u017cne} .tdb_single_content .id_top_ad, .tdb_single_content_content .id_bottom_ad {clear: oba; margin-bottom: 21px; text-align: Center} .tdb_single_content .id_top_ad Img, .tdb_single_content .id_bottom_ad img {margin-bottom: 0} .tdb_single_content .id_top_ad .adsbyGoogle, .tdb_single_content .id_bottom_ad .adsbyGoogle {pozycja: relatyw} .tdb_single_content .id_ad_content-horiz-left, .tdb_single_content .id_ad_content-horiz-right, .tdb_single_content .id_ad_content-horiz-Center {margin-bottom: 15px} .tdb_single_content .id_ad_content-horiz-left Img, .tdb_single_content .id_ad_content-horiz-right img, .tdb_single_content .id_ad_content-horiz-centerter img {margin-bottom: 0} .tdb_single_content .id_ad_content-horiz-center {text-align: Center} .tdb_single_content .id_ad_content-horiz-center img {margin-right: auto; margin-let: auto} .tdb_single_content .id_ad_content-horiz-left {float: left; margin-top: 9px; margin-right: 21px} .tdb_single_content .id_ad_content-horiz-right {float: margin-top: 6px; margin-left: 21px} .tdb_single_content .tdc-a-a-ad .TDC-Placeholder-Title {szeroko\u015b\u0107: 300px; height: 250px} .tdb_single_content .tdc-a-ad .TDC-Placeholder-Title: Przed {Pozycja: Absolute; TOP: 50%;-WebKit-Transform: Translatey (-50%); Transform: Translatey (-50%); margines: auto; Display: Tabela; szeroko\u015b\u0107: 100%}. tdb_single_content .TDB-BLOCK-INNER.TD-FIX-INDEX {Word-Break: Break-word} .tdi_41, .tdi_41> p, .tdi_41 .tdb-block-inner> p, .Wp-Block-Column> p {font-size: 16px! Wa\u017cne; wa\u017cny; p {font-styl: normalne! Wa\u017cne} @media (Max-Width: 767px) {. tdb_single_content .id_ad_content-horiz-left, .tdb_single_content .id_ad_content-horiz-right, .tdb_single_content .id_ad_content-horiz-centter {Margin: 0 AUTO 26PXX auto}}@media (Max-Width: 767px) {. tdb_single_content .id_ad_content-horiz-left {margin-right: 0}}@media (max-width: 767px) {. (Max-Width: 767px) {. tdb_single_content .td-a-ad {float: none; text-align: Center} .tdb_single_content .td-a-ad img {margin-right: auto; margin-left: auto} .tdb_single_content .tdc-a-a-a-{margin-right: auto; margin-left: auto} .tdb_single_content .tdd<\/style>\n<div class=\"tdb-block-inner td-fix-index\">\n<p>Rosja jest ju\u017c na wojnie z Zachodem &#8211; wojna cieni, poni\u017cej progu otwartego konfliktu wojskowego. Zgodnie z naukami Sun Tzu os\u0142abia wroga przed podj\u0119ciem decyzji o agresji. Kreml uwa\u017ca ten priorytet, o czym \u015bwiadczy wzmocnione i rozszerzone moce specjalnej jednostki GRU, kt\u00f3ra od lat przeprowadza operacje destabilizuj\u0105ce w Europie &#8211; od bombardowa\u0144 i sabota\u017c po dezinformacj\u0119.<\/p>\n<p>Przedstawiaj\u0105c raport esto\u0144ski zagraniczny S\u0142u\u017cba Wywiadowcza (VLA) 12 lutego, jego szef, Kaupo Rosin, stwierdzi\u0142, \u017ce Europa powinna by\u0107 przygotowana na wi\u0119cej \u201eakt\u00f3w podpalenia, wandalizmu i zniszczenia\u201d maj\u0105cego na celu podwa\u017cenie zachodniego poparcia dla Ukrainy. Kilka dni p\u00f3\u017aniej \u0142otewskie bezpiecze\u0144stwo pa\u0144stwowe (Pa\u0144stwowa S\u0142u\u017cba Bezpiecze\u0144stwa &#8211; SAB) wyda\u0142a to samo ostrze\u017cenie. Rosyjskie us\u0142ugi wywiadowcze rozwijaj\u0105 zdolno\u015b\u0107 do coraz wi\u0119kszych akt\u00f3w sabota\u017cu w Europie. Jest to cz\u0119\u015b\u0107 przygotowania Moskwy do mo\u017cliwej d\u0142ugoterminowej konfrontacji wojskowej z NATO, zgodnie z raportem. To tylko niekt\u00f3re z wielu niepokoj\u0105cych sygna\u0142\u00f3w, kt\u00f3re pojawi\u0142y si\u0119 w ci\u0105gu ostatniego roku w Europie.<\/p>\n<p>Rzeczywi\u015bcie, ostatni rok by\u0142 najbardziej pracowity pod wzgl\u0119dem rosyjskiej dzia\u0142alno\u015bci wywiadowczej na kontynencie &#8211; nie tyle w dziedzinie szpiegostwa, co wywrotka i sabota\u017c. Po\u017cary w Polsce i Finlandii, seria wypadk\u00f3w kolejowych w Szwecji i Czechach, eksplozja w fabryce amunicji system\u00f3w BAE Systems w Walii, po\u017car w berli\u0144skiej fabryce broni Diehl &#8211; te przyk\u0142ady reprezentuj\u0105 jedynie u\u0142amek rosyjskich operacji wywiadu. Eskalacja wojny hybrydowej &#8211; w jej fizycznym wymiarze &#8211; w 2024 r. Nie jest wypadkiem. Rok wcze\u015bniej Rosja ustanowi\u0142a specjaln\u0105 jednostk\u0119 wywiadowcz\u0105, kt\u00f3rej celem jest destabilizacja Europy.<\/p>\n<h2 class=\"wp-block-heading\">Tajna jednostka w akwarium<\/h2>\n<p>W oparciu o dyskusje z zachodnimi urz\u0119dnikami zaanga\u017cowanymi w sprawy wywiadowcze i potwierdzone przez rosyjskie \u017ar\u00f3d\u0142a, Wall Street Journal stwierdzi\u0142, \u017ce kampania przeciwko Zachodowi, obejmuj\u0105ca specjalne \u015brodki, jest prowadzona przez jednostk\u0119 o nazwie Departament Zada\u0144 Specjalnych (skr\u00f3cony DOP od rosyjskiej nazwy). Departament ten dzia\u0142a poza g\u0142\u00f3wn\u0105 siedzib\u0105 GRU &#8211; nies\u0142awnego akwarium. DOP powsta\u0142 w 2023 r. W odpowiedzi na zachodnie poparcie dla Ukrainy, zbieraj\u0105c weteran\u00f3w licznych tajnych operacji GRU od ostatnich lat: od p\u0142acenia talib\u00f3w po zabicie Amerykan\u00f3w, po ataki z udzia\u0142em Novichok. Departament Zada\u0144 Specjalnych zosta\u0142 utworzony z notorycznej jednostki 29155, ale tak\u017ce poch\u0142on\u0105\u0142 cz\u0119\u015b\u0107 obowi\u0105zk\u00f3w FSB. Wed\u0142ug urz\u0119dnik\u00f3w Zachodniego wywiadu cytowanego przez WSJ, DOP ma trzy g\u0142\u00f3wne cele:<\/p>\n<ul class=\"wp-block-list\">\n<li>Przeprowadzanie zab\u00f3jstw i sabota\u017cu za granic\u0105;<\/li>\n<li>Infiltracja zachodnich firm i uniwersytet\u00f3w oraz anga\u017cowanie si\u0119 w rekrutacj\u0119;<\/li>\n<li>Szkolenie zagranicznych agent\u00f3w (g\u0142\u00f3wnie na Ukrainie i krajach postrzeganych jako przyjazny dla Rosji).<\/li>\n<\/ul>\n<p>DOP poszukuje agent\u00f3w na forach Job-AD, w\u015br\u00f3d prorosyjskich aktywist\u00f3w i radyka\u0142\u00f3w-zar\u00f3wno prawicowych, jak i lewicowych. Rekrutuje r\u00f3wnie\u017c przest\u0119pc\u00f3w z Rosji, Ukrainy, Gruzji, Armenii, Mo\u0142dawii i Serbii za po\u015brednictwem urz\u0119dnik\u00f3w w Ministerstwie Spraw Wewn\u0119trznych. Czasami ci agenci posiadaj\u0105 paszporty UE.<\/p>\n<h2 class=\"wp-block-heading\">Ku\u017ania dla Saboteur<\/h2>\n<p>Departament Zada\u0144 Specjalnych nadzoruje r\u00f3wnie\u017c Centrum Szkolenia GRU i Si\u0142 Specjalnych w regionie Moskwy, znanym centrum operacji specjalnych \u201eSenezh\u201d. Sabototeki tam przeznaczeni do Europy. Jednym z nich jest major Yuri Sizov, kt\u00f3ry poprowadzi\u0142 operacje do podpalenia supermarket\u00f3w i centr\u00f3w handlowych na Ukrainie i Polsce (w tym g\u0142o\u015bno-profilu Marywilska 44 Blaze w Warszawie) od maja do lipca ubieg\u0142ego roku.<\/p>\n<p>DOP stoi za licznemu ostatnie ataki na Zach\u00f3d, w tym nieudan\u0105 pr\u00f3b\u0119 zab\u00f3jstwa na dyrektora generalnego niemieckiego giganta obronnego Rheinmetall oraz dzia\u0142anie na rzecz sadzenia urz\u0105dze\u0144 zapalaj\u0105cych na samolotach DHL w Wielkiej Brytanii i Niemczech. Chocia\u017c urz\u0105dzenie nie zapali\u0142o si\u0119 w locie, 22 lipca spowodowa\u0142o po\u017car w magazynie DHL na obrze\u017cach Birmingham. Gdyby odszed\u0142 od lotu, wyniki mog\u0142yby by\u0107 katastrofalne. Podobny incydent mia\u0142 miejsce w Niemczech pod koniec lipca, kiedy podejrzany pakiet przeznaczony do transportu lotniczego zapali\u0142 si\u0119 w obiekcie DHL w Lipsku.<\/p>\n<p>Tymczasem ubieg\u0142ego roku w Finlandii istnia\u0142a seria w\u0142ama\u0144 do infrastruktury wodnej, w tym wie\u017ce wodne i punkty dystrybucji. Pod koniec sierpnia uszkodzone maszyny sabota\u017cowe wykorzystywane do wiercenia w rejonie Per Geijer w pobli\u017cu Kiruna w p\u00f3\u0142nocnej Szwecji, gdzie w styczniu 2023 r. Znaleziono najwi\u0119ksze depozyty mineralne ziem rzadkich w Europie. W maju ubieg\u0142ego roku szef Norwegii Agencji kontrwywiadowczej PST, Ining Haugland, og\u0142osi\u0142, \u017ce Rosjanie planuj\u0105 sabota\u017c w zachodniej Norwegii &#8211; domy dla Haakonsvern, najwi\u0119kszej bazy marynarki wojennej w Europie P\u00f3\u0142nocnej, a tak\u017ce kluczowej infrastruktury ropy, gazu i energii.<\/p>\n<p>Wed\u0142ug WSJ najwy\u017cszym priorytetem dla Departamentu Specjalnego zada\u0144 s\u0105 Niemcy, uwa\u017cane przez osoby z \u201eakwarium\u201d za s\u0142abe ogniwo Zachodu. W 2024 r. Upubliczniono co najmniej dwie operacje w Niemczech. W kwietniu dwie osoby posiadaj\u0105ce obywatelstwo rosyjskie i niemieckie zosta\u0142y aresztowane w Bayreuth. Jeden z nich wcze\u015bniej bra\u0142 udzia\u0142 w operacjach wojskowych w regionie Donbas i utrzymywa\u0142 kontakty z rosyjskim wywiadem. Planowali ataki materia\u0142ami wybuchowymi oraz podpalenie obiekt\u00f3w wojskowych i obronnych, gromadz\u0105c informacje o potencjalnych celach, w tym bazach ameryka\u0144skich. 20 czerwca kolejne trzy osoby zosta\u0142y aresztowane we Frankfurcie jest g\u0142\u00f3wne podczas zbierania informacji o obywatelu ukrai\u0144skiego w Niemczech, kt\u00f3ry walczy\u0142 z armi\u0105 rosyjsk\u0105. Mo\u017cna wywnioskowa\u0107, \u017ce mia\u0142o to u\u0142atwi\u0107 zab\u00f3jstwo.<\/p>\n<h2 class=\"wp-block-heading\">Oficer \u201eorkiestra\u201d i jego jednostka<\/h2>\n<p>Zasadniczo dzia\u0142 zada\u0144 specjalnych jest kontynuacj\u0105 jednostki 29155, tylko z jeszcze szerszymi uprawnieniami i mo\u017cliwo\u015bciami. Jego szef i jego zast\u0119pca od lat pozostaj\u0105 tymi samymi dwoma oficerami, kt\u00f3rzy od lat grali kluczow\u0105 rol\u0119 w wojnie wywiadowczej przeciwko Zachodowi. Genera\u0142 Andrei Averyanow jest weteranem Wojny Czeczet\u00f3w i operacji krymskiej. W 2008 roku nakazano mu stworzy\u0107 od zera jednostk\u0119 GRU po\u015bwi\u0119con\u0105 \u201emokrej pracy\u201d za granic\u0105. Jednostka 29155 rozpocz\u0119\u0142a dzia\u0142alno\u015b\u0107 rok p\u00f3\u017aniej. Averyanow mia\u0142 ostatnio za zadanie przej\u0105\u0107 aktywa grupy Wagner w Afryce i ustanowienie najemnika \u201eKorpusu Afryka\u0144skiego\u201d. Podobno jego prze\u0142o\u017ceni nie byli zadowoleni z jego wyst\u0119pu w tej roli, powoduj\u0105c, \u017ce jego pozycja spad\u0142a w wy\u015bcigu, aby zast\u0105pi\u0107 obecnego szefa GRU, admira\u0142a Igor Kostyukova, kt\u00f3rego zwolnienie jest ustalone, ale jeszcze nie og\u0142oszone.<\/p>\n<p>Zast\u0119pc\u0105 Averyanowa w DOP jest genera\u0142 Ivan Kasyanenko, kt\u00f3rego reporterzy \u015bledczych niedawno zidentyfikowali w zwi\u0105zku z operacj\u0105 GRU w Afganistanie. Ujawniono, \u017ce Rosjanie zap\u0142acili talibom za zabicie Amerykan\u00f3w, a tak\u017ce koalicji i \u017co\u0142nierzy rz\u0105dowych. Urz\u0119dnicy Western Intelligence twierdz\u0105, \u017ce Kasyanenko odegra\u0142 r\u00f3wnie\u017c kluczow\u0105 rol\u0119 w operacji zatrucia Siergiej Skripala i byli zaanga\u017cowani w dzia\u0142ania podj\u0119te po zabiciu lidera grupy Wagnera, Jevgeny Prigozhin.<\/p>\n<p>Jak wspomniano, Averyanow i Kasyanenko byli g\u0142\u00f3wnymi oficerami stoj\u0105cymi za jednostk\u0105 29155, dzia\u0142aj\u0105cymi od 2009 roku. Jego istnienie zosta\u0142o ujawnione przez New York Timesa jesieni\u0105 2019 r., \u017be elitarna grupa by\u0142a powi\u0105zana z pr\u00f3b\u0105 zamachu na Sergei Skripalu (2018) i wyk\u0105t\u0105 depotowania amunicji w Vrbetice w Vrbetace w Vrbetace w Vrbetace w Vrbetyce w Vrbetace w Vrbetace w Vrbetace w Vrbetace w Vrbetace w Vrbetace P\u00f3\u017aniej prace \u015bledcze z Insider i Bellingcat potwierdzi\u0142y, \u017ce ta sama jednostka GRU sabotowa\u0142a wcze\u015bniej cele NATO i UE-z ery tak zwanego \u201eresetowania\u201d w stosunkach. Jego agenci wysadzili zajezdni amunicji w Lovnidol, 150 kilometr\u00f3w na wsch\u00f3d od Sofia, w listopadzie 2011 r. Ta amunicja artyleryjska by\u0142a zwi\u0105zana dla Gruzji. Atak jest pierwszym znanym uzbrojonym sabota\u017cem Rosji przeciwko pa\u0144stwowi cz\u0142onkowskiemu NATO i UE, a tak\u017ce pierwszy znany atak terrorystyczny przeprowadzony przez t\u0119 sam\u0105 grup\u0119 zab\u00f3jc\u00f3w i sabota\u017cyst\u00f3w, kt\u00f3rzy p\u00f3\u017aniej pr\u00f3bowali zamordowa\u0107 Siergiej i Julii Skripal w Salisbury w Wielkiej Brytanii; Bu\u0142garski sprzedawca broni Emilian Gebrev w Sofia; i kt\u00f3ry wysadzi\u0142 lub podpali\u0142 wiele wa\u017cnych magazyn\u00f3w i budynk\u00f3w na terytorium NATO.<\/p>\n<p>Jednostka 29155 r\u00f3wnie\u017c podj\u0119\u0142a znacznie powa\u017cniejsze operacje. W 2016 r. Zaplanowa\u0142 zamach stanu w Czarnog\u00f3rze; W 2017 r. Zaanga\u017cowa\u0142 si\u0119 w destabilizuj\u0105c Kataloni\u0119 w czasie tak zwanego referendum w regionie w Hiszpanii.<\/p>\n<\/div>\n<\/div>\n","protected":false},"excerpt":{"rendered":"<p>Rosja jest ju\u017c na wojnie z Zachodem &#8211; wojna cieni, poni\u017cej progu otwartego konfliktu wojskowego. Zgodnie z naukami Sun Tzu<\/p>\n","protected":false},"author":1,"featured_media":4345,"comment_status":"closed","ping_status":"","sticky":false,"template":"","format":"standard","meta":{"footnotes":""},"categories":[44],"tags":[5956,5958,5044,5501,5954,5953,5955,4,5957],"class_list":["post-4344","post","type-post","status-publish","format-standard","has-post-thumbnail","hentry","category-polityka","tag-atakow","tag-dezinformacje","tag-europe","tag-gazeta","tag-gru","tag-jednostka","tag-podpala","tag-polska","tag-sabotazu","generate-columns","tablet-grid-50","mobile-grid-100","grid-parent","grid-50","resize-featured-image"],"yoast_head":"<!-- This site is optimized with the Yoast SEO plugin v23.2 - https:\/\/yoast.com\/wordpress\/plugins\/seo\/ -->\n<title>Gazeta Polska: Jednostka GRU podpala Europ\u0119: od atak\u00f3w i sabota\u017cu po dezinformacj\u0119 - POGOTOWIE FLAGOWE\u00ae<\/title>\n<meta name=\"robots\" content=\"index, follow, max-snippet:-1, max-image-preview:large, max-video-preview:-1\" \/>\n<link rel=\"canonical\" href=\"https:\/\/www.pogotowieflagowe.pl\/aktualne\/gazeta-polska-jednostka-gru-podpala-europe-od-atakow-i-sabotazu-po-dezinformacje\/\" \/>\n<meta property=\"og:locale\" content=\"pl_PL\" \/>\n<meta property=\"og:type\" content=\"article\" \/>\n<meta property=\"og:title\" content=\"Gazeta Polska: Jednostka GRU podpala Europ\u0119: od atak\u00f3w i sabota\u017cu po dezinformacj\u0119 - POGOTOWIE FLAGOWE\u00ae\" \/>\n<meta property=\"og:description\" content=\"Rosja jest ju\u017c na wojnie z Zachodem &#8211; wojna cieni, poni\u017cej progu otwartego konfliktu wojskowego. Zgodnie z naukami Sun Tzu\" \/>\n<meta property=\"og:url\" content=\"https:\/\/www.pogotowieflagowe.pl\/aktualne\/gazeta-polska-jednostka-gru-podpala-europe-od-atakow-i-sabotazu-po-dezinformacje\/\" \/>\n<meta property=\"og:site_name\" content=\"POGOTOWIE FLAGOWE\u00ae\" \/>\n<meta property=\"article:published_time\" content=\"2025-03-02T19:46:55+00:00\" \/>\n<meta property=\"article:modified_time\" content=\"2025-03-02T19:46:56+00:00\" \/>\n<meta property=\"og:image\" content=\"https:\/\/www.pogotowieflagowe.pl\/aktualne\/wp-content\/uploads\/2025\/03\/Gazeta-Polska-Jednostka-GRU-podpala-Europe-od-atakow-i-sabotazu.webp.webp\" \/>\n\t<meta property=\"og:image:width\" content=\"1280\" \/>\n\t<meta property=\"og:image:height\" content=\"720\" \/>\n\t<meta property=\"og:image:type\" content=\"image\/webp\" \/>\n<meta name=\"author\" content=\"Filip\" \/>\n<meta name=\"twitter:card\" content=\"summary_large_image\" \/>\n<meta name=\"twitter:label1\" content=\"Napisane przez\" \/>\n\t<meta name=\"twitter:data1\" content=\"Filip\" \/>\n\t<meta name=\"twitter:label2\" content=\"Szacowany czas czytania\" \/>\n\t<meta name=\"twitter:data2\" content=\"7 minut\" \/>\n<script type=\"application\/ld+json\" class=\"yoast-schema-graph\">{\"@context\":\"https:\/\/schema.org\",\"@graph\":[{\"@type\":\"Article\",\"@id\":\"https:\/\/www.pogotowieflagowe.pl\/aktualne\/gazeta-polska-jednostka-gru-podpala-europe-od-atakow-i-sabotazu-po-dezinformacje\/#article\",\"isPartOf\":{\"@id\":\"https:\/\/www.pogotowieflagowe.pl\/aktualne\/gazeta-polska-jednostka-gru-podpala-europe-od-atakow-i-sabotazu-po-dezinformacje\/\"},\"author\":{\"name\":\"Filip\",\"@id\":\"https:\/\/www.pogotowieflagowe.pl\/aktualne\/#\/schema\/person\/9c2fb7d2362ebf6fa088960d7f0d27b0\"},\"headline\":\"Gazeta Polska: Jednostka GRU podpala Europ\u0119: od atak\u00f3w i sabota\u017cu po dezinformacj\u0119\",\"datePublished\":\"2025-03-02T19:46:55+00:00\",\"dateModified\":\"2025-03-02T19:46:56+00:00\",\"mainEntityOfPage\":{\"@id\":\"https:\/\/www.pogotowieflagowe.pl\/aktualne\/gazeta-polska-jednostka-gru-podpala-europe-od-atakow-i-sabotazu-po-dezinformacje\/\"},\"wordCount\":1361,\"publisher\":{\"@id\":\"https:\/\/www.pogotowieflagowe.pl\/aktualne\/#organization\"},\"image\":{\"@id\":\"https:\/\/www.pogotowieflagowe.pl\/aktualne\/gazeta-polska-jednostka-gru-podpala-europe-od-atakow-i-sabotazu-po-dezinformacje\/#primaryimage\"},\"thumbnailUrl\":\"https:\/\/www.pogotowieflagowe.pl\/aktualne\/wp-content\/uploads\/2025\/03\/Gazeta-Polska-Jednostka-GRU-podpala-Europe-od-atakow-i-sabotazu.webp.webp\",\"keywords\":[\"atak\u00f3w\",\"dezinformacj\u0119\",\"Europe\",\"Gazeta\",\"GRU\",\"Jednostka\",\"podpala\",\"polska\",\"sabota\u017cu\"],\"articleSection\":[\"Polityka\"],\"inLanguage\":\"pl-PL\"},{\"@type\":\"WebPage\",\"@id\":\"https:\/\/www.pogotowieflagowe.pl\/aktualne\/gazeta-polska-jednostka-gru-podpala-europe-od-atakow-i-sabotazu-po-dezinformacje\/\",\"url\":\"https:\/\/www.pogotowieflagowe.pl\/aktualne\/gazeta-polska-jednostka-gru-podpala-europe-od-atakow-i-sabotazu-po-dezinformacje\/\",\"name\":\"Gazeta Polska: Jednostka GRU podpala Europ\u0119: od atak\u00f3w i sabota\u017cu po dezinformacj\u0119 - POGOTOWIE FLAGOWE\u00ae\",\"isPartOf\":{\"@id\":\"https:\/\/www.pogotowieflagowe.pl\/aktualne\/#website\"},\"primaryImageOfPage\":{\"@id\":\"https:\/\/www.pogotowieflagowe.pl\/aktualne\/gazeta-polska-jednostka-gru-podpala-europe-od-atakow-i-sabotazu-po-dezinformacje\/#primaryimage\"},\"image\":{\"@id\":\"https:\/\/www.pogotowieflagowe.pl\/aktualne\/gazeta-polska-jednostka-gru-podpala-europe-od-atakow-i-sabotazu-po-dezinformacje\/#primaryimage\"},\"thumbnailUrl\":\"https:\/\/www.pogotowieflagowe.pl\/aktualne\/wp-content\/uploads\/2025\/03\/Gazeta-Polska-Jednostka-GRU-podpala-Europe-od-atakow-i-sabotazu.webp.webp\",\"datePublished\":\"2025-03-02T19:46:55+00:00\",\"dateModified\":\"2025-03-02T19:46:56+00:00\",\"breadcrumb\":{\"@id\":\"https:\/\/www.pogotowieflagowe.pl\/aktualne\/gazeta-polska-jednostka-gru-podpala-europe-od-atakow-i-sabotazu-po-dezinformacje\/#breadcrumb\"},\"inLanguage\":\"pl-PL\",\"potentialAction\":[{\"@type\":\"ReadAction\",\"target\":[\"https:\/\/www.pogotowieflagowe.pl\/aktualne\/gazeta-polska-jednostka-gru-podpala-europe-od-atakow-i-sabotazu-po-dezinformacje\/\"]}]},{\"@type\":\"ImageObject\",\"inLanguage\":\"pl-PL\",\"@id\":\"https:\/\/www.pogotowieflagowe.pl\/aktualne\/gazeta-polska-jednostka-gru-podpala-europe-od-atakow-i-sabotazu-po-dezinformacje\/#primaryimage\",\"url\":\"https:\/\/www.pogotowieflagowe.pl\/aktualne\/wp-content\/uploads\/2025\/03\/Gazeta-Polska-Jednostka-GRU-podpala-Europe-od-atakow-i-sabotazu.webp.webp\",\"contentUrl\":\"https:\/\/www.pogotowieflagowe.pl\/aktualne\/wp-content\/uploads\/2025\/03\/Gazeta-Polska-Jednostka-GRU-podpala-Europe-od-atakow-i-sabotazu.webp.webp\",\"width\":1280,\"height\":720,\"caption\":\"Gazeta Polska: Jednostka GRU podpala Europ\u0119: od atak\u00f3w i sabota\u017cu po dezinformacj\u0119\"},{\"@type\":\"BreadcrumbList\",\"@id\":\"https:\/\/www.pogotowieflagowe.pl\/aktualne\/gazeta-polska-jednostka-gru-podpala-europe-od-atakow-i-sabotazu-po-dezinformacje\/#breadcrumb\",\"itemListElement\":[{\"@type\":\"ListItem\",\"position\":1,\"name\":\"Home\",\"item\":\"https:\/\/www.pogotowieflagowe.pl\/aktualne\/\"},{\"@type\":\"ListItem\",\"position\":2,\"name\":\"Gazeta Polska: Jednostka GRU podpala Europ\u0119: od atak\u00f3w i sabota\u017cu po dezinformacj\u0119\"}]},{\"@type\":\"WebSite\",\"@id\":\"https:\/\/www.pogotowieflagowe.pl\/aktualne\/#website\",\"url\":\"https:\/\/www.pogotowieflagowe.pl\/aktualne\/\",\"name\":\"POGOTOWIE FLAGOWE\u00ae\",\"description\":\"\",\"publisher\":{\"@id\":\"https:\/\/www.pogotowieflagowe.pl\/aktualne\/#organization\"},\"potentialAction\":[{\"@type\":\"SearchAction\",\"target\":{\"@type\":\"EntryPoint\",\"urlTemplate\":\"https:\/\/www.pogotowieflagowe.pl\/aktualne\/?s={search_term_string}\"},\"query-input\":\"required name=search_term_string\"}],\"inLanguage\":\"pl-PL\"},{\"@type\":\"Organization\",\"@id\":\"https:\/\/www.pogotowieflagowe.pl\/aktualne\/#organization\",\"name\":\"POGOTOWIE FLAGOWE\u00ae\",\"url\":\"https:\/\/www.pogotowieflagowe.pl\/aktualne\/\",\"logo\":{\"@type\":\"ImageObject\",\"inLanguage\":\"pl-PL\",\"@id\":\"https:\/\/www.pogotowieflagowe.pl\/aktualne\/#\/schema\/logo\/image\/\",\"url\":\"https:\/\/www.pogotowieflagowe.pl\/aktualne\/wp-content\/uploads\/2024\/08\/cropped-pogotowieflagowe_flaga_projekt_sm.jpg\",\"contentUrl\":\"https:\/\/www.pogotowieflagowe.pl\/aktualne\/wp-content\/uploads\/2024\/08\/cropped-pogotowieflagowe_flaga_projekt_sm.jpg\",\"width\":250,\"height\":143,\"caption\":\"POGOTOWIE FLAGOWE\u00ae\"},\"image\":{\"@id\":\"https:\/\/www.pogotowieflagowe.pl\/aktualne\/#\/schema\/logo\/image\/\"}},{\"@type\":\"Person\",\"@id\":\"https:\/\/www.pogotowieflagowe.pl\/aktualne\/#\/schema\/person\/9c2fb7d2362ebf6fa088960d7f0d27b0\",\"name\":\"Filip\",\"image\":{\"@type\":\"ImageObject\",\"inLanguage\":\"pl-PL\",\"@id\":\"https:\/\/www.pogotowieflagowe.pl\/aktualne\/#\/schema\/person\/image\/\",\"url\":\"https:\/\/www.pogotowieflagowe.pl\/aktualne\/wp-content\/uploads\/2024\/08\/pogotowieflagowe.pl_.jpg\",\"contentUrl\":\"https:\/\/www.pogotowieflagowe.pl\/aktualne\/wp-content\/uploads\/2024\/08\/pogotowieflagowe.pl_.jpg\",\"caption\":\"Filip\"},\"description\":\"Jestem Filip, polski dziennikarz z dyplomem nauk politycznych Uniwersytetu Warszawskiego. Rozpoczynaj\u0105c swoj\u0105 karier\u0119 w r\u00f3\u017cnych lokalnych mediach, zdoby\u0142em solidne do\u015bwiadczenie w zakresie \u015bledztwa i redakcji. Obecnie jako redaktor w Pogotowie flagowe, staram si\u0119 dostarcza\u0107 dog\u0142\u0119bne i istotne analizy na temat najwa\u017cniejszych kwestii aktualno\u015bci, \u0142\u0105cz\u0105c rygor z pasj\u0105 dziennikarsk\u0105.\",\"sameAs\":[\"https:\/\/www.pogotowieflagowe.pl\/\"]}]}<\/script>\n<!-- \/ Yoast SEO plugin. -->","yoast_head_json":{"title":"Gazeta Polska: Jednostka GRU podpala Europ\u0119: od atak\u00f3w i sabota\u017cu po dezinformacj\u0119 - POGOTOWIE FLAGOWE\u00ae","robots":{"index":"index","follow":"follow","max-snippet":"max-snippet:-1","max-image-preview":"max-image-preview:large","max-video-preview":"max-video-preview:-1"},"canonical":"https:\/\/www.pogotowieflagowe.pl\/aktualne\/gazeta-polska-jednostka-gru-podpala-europe-od-atakow-i-sabotazu-po-dezinformacje\/","og_locale":"pl_PL","og_type":"article","og_title":"Gazeta Polska: Jednostka GRU podpala Europ\u0119: od atak\u00f3w i sabota\u017cu po dezinformacj\u0119 - POGOTOWIE FLAGOWE\u00ae","og_description":"Rosja jest ju\u017c na wojnie z Zachodem &#8211; wojna cieni, poni\u017cej progu otwartego konfliktu wojskowego. Zgodnie z naukami Sun Tzu","og_url":"https:\/\/www.pogotowieflagowe.pl\/aktualne\/gazeta-polska-jednostka-gru-podpala-europe-od-atakow-i-sabotazu-po-dezinformacje\/","og_site_name":"POGOTOWIE FLAGOWE\u00ae","article_published_time":"2025-03-02T19:46:55+00:00","article_modified_time":"2025-03-02T19:46:56+00:00","og_image":[{"width":1280,"height":720,"url":"https:\/\/www.pogotowieflagowe.pl\/aktualne\/wp-content\/uploads\/2025\/03\/Gazeta-Polska-Jednostka-GRU-podpala-Europe-od-atakow-i-sabotazu.webp.webp","type":"image\/webp"}],"author":"Filip","twitter_card":"summary_large_image","twitter_misc":{"Napisane przez":"Filip","Szacowany czas czytania":"7 minut"},"schema":{"@context":"https:\/\/schema.org","@graph":[{"@type":"Article","@id":"https:\/\/www.pogotowieflagowe.pl\/aktualne\/gazeta-polska-jednostka-gru-podpala-europe-od-atakow-i-sabotazu-po-dezinformacje\/#article","isPartOf":{"@id":"https:\/\/www.pogotowieflagowe.pl\/aktualne\/gazeta-polska-jednostka-gru-podpala-europe-od-atakow-i-sabotazu-po-dezinformacje\/"},"author":{"name":"Filip","@id":"https:\/\/www.pogotowieflagowe.pl\/aktualne\/#\/schema\/person\/9c2fb7d2362ebf6fa088960d7f0d27b0"},"headline":"Gazeta Polska: Jednostka GRU podpala Europ\u0119: od atak\u00f3w i sabota\u017cu po dezinformacj\u0119","datePublished":"2025-03-02T19:46:55+00:00","dateModified":"2025-03-02T19:46:56+00:00","mainEntityOfPage":{"@id":"https:\/\/www.pogotowieflagowe.pl\/aktualne\/gazeta-polska-jednostka-gru-podpala-europe-od-atakow-i-sabotazu-po-dezinformacje\/"},"wordCount":1361,"publisher":{"@id":"https:\/\/www.pogotowieflagowe.pl\/aktualne\/#organization"},"image":{"@id":"https:\/\/www.pogotowieflagowe.pl\/aktualne\/gazeta-polska-jednostka-gru-podpala-europe-od-atakow-i-sabotazu-po-dezinformacje\/#primaryimage"},"thumbnailUrl":"https:\/\/www.pogotowieflagowe.pl\/aktualne\/wp-content\/uploads\/2025\/03\/Gazeta-Polska-Jednostka-GRU-podpala-Europe-od-atakow-i-sabotazu.webp.webp","keywords":["atak\u00f3w","dezinformacj\u0119","Europe","Gazeta","GRU","Jednostka","podpala","polska","sabota\u017cu"],"articleSection":["Polityka"],"inLanguage":"pl-PL"},{"@type":"WebPage","@id":"https:\/\/www.pogotowieflagowe.pl\/aktualne\/gazeta-polska-jednostka-gru-podpala-europe-od-atakow-i-sabotazu-po-dezinformacje\/","url":"https:\/\/www.pogotowieflagowe.pl\/aktualne\/gazeta-polska-jednostka-gru-podpala-europe-od-atakow-i-sabotazu-po-dezinformacje\/","name":"Gazeta Polska: Jednostka GRU podpala Europ\u0119: od atak\u00f3w i sabota\u017cu po dezinformacj\u0119 - POGOTOWIE FLAGOWE\u00ae","isPartOf":{"@id":"https:\/\/www.pogotowieflagowe.pl\/aktualne\/#website"},"primaryImageOfPage":{"@id":"https:\/\/www.pogotowieflagowe.pl\/aktualne\/gazeta-polska-jednostka-gru-podpala-europe-od-atakow-i-sabotazu-po-dezinformacje\/#primaryimage"},"image":{"@id":"https:\/\/www.pogotowieflagowe.pl\/aktualne\/gazeta-polska-jednostka-gru-podpala-europe-od-atakow-i-sabotazu-po-dezinformacje\/#primaryimage"},"thumbnailUrl":"https:\/\/www.pogotowieflagowe.pl\/aktualne\/wp-content\/uploads\/2025\/03\/Gazeta-Polska-Jednostka-GRU-podpala-Europe-od-atakow-i-sabotazu.webp.webp","datePublished":"2025-03-02T19:46:55+00:00","dateModified":"2025-03-02T19:46:56+00:00","breadcrumb":{"@id":"https:\/\/www.pogotowieflagowe.pl\/aktualne\/gazeta-polska-jednostka-gru-podpala-europe-od-atakow-i-sabotazu-po-dezinformacje\/#breadcrumb"},"inLanguage":"pl-PL","potentialAction":[{"@type":"ReadAction","target":["https:\/\/www.pogotowieflagowe.pl\/aktualne\/gazeta-polska-jednostka-gru-podpala-europe-od-atakow-i-sabotazu-po-dezinformacje\/"]}]},{"@type":"ImageObject","inLanguage":"pl-PL","@id":"https:\/\/www.pogotowieflagowe.pl\/aktualne\/gazeta-polska-jednostka-gru-podpala-europe-od-atakow-i-sabotazu-po-dezinformacje\/#primaryimage","url":"https:\/\/www.pogotowieflagowe.pl\/aktualne\/wp-content\/uploads\/2025\/03\/Gazeta-Polska-Jednostka-GRU-podpala-Europe-od-atakow-i-sabotazu.webp.webp","contentUrl":"https:\/\/www.pogotowieflagowe.pl\/aktualne\/wp-content\/uploads\/2025\/03\/Gazeta-Polska-Jednostka-GRU-podpala-Europe-od-atakow-i-sabotazu.webp.webp","width":1280,"height":720,"caption":"Gazeta Polska: Jednostka GRU podpala Europ\u0119: od atak\u00f3w i sabota\u017cu po dezinformacj\u0119"},{"@type":"BreadcrumbList","@id":"https:\/\/www.pogotowieflagowe.pl\/aktualne\/gazeta-polska-jednostka-gru-podpala-europe-od-atakow-i-sabotazu-po-dezinformacje\/#breadcrumb","itemListElement":[{"@type":"ListItem","position":1,"name":"Home","item":"https:\/\/www.pogotowieflagowe.pl\/aktualne\/"},{"@type":"ListItem","position":2,"name":"Gazeta Polska: Jednostka GRU podpala Europ\u0119: od atak\u00f3w i sabota\u017cu po dezinformacj\u0119"}]},{"@type":"WebSite","@id":"https:\/\/www.pogotowieflagowe.pl\/aktualne\/#website","url":"https:\/\/www.pogotowieflagowe.pl\/aktualne\/","name":"POGOTOWIE FLAGOWE\u00ae","description":"","publisher":{"@id":"https:\/\/www.pogotowieflagowe.pl\/aktualne\/#organization"},"potentialAction":[{"@type":"SearchAction","target":{"@type":"EntryPoint","urlTemplate":"https:\/\/www.pogotowieflagowe.pl\/aktualne\/?s={search_term_string}"},"query-input":"required name=search_term_string"}],"inLanguage":"pl-PL"},{"@type":"Organization","@id":"https:\/\/www.pogotowieflagowe.pl\/aktualne\/#organization","name":"POGOTOWIE FLAGOWE\u00ae","url":"https:\/\/www.pogotowieflagowe.pl\/aktualne\/","logo":{"@type":"ImageObject","inLanguage":"pl-PL","@id":"https:\/\/www.pogotowieflagowe.pl\/aktualne\/#\/schema\/logo\/image\/","url":"https:\/\/www.pogotowieflagowe.pl\/aktualne\/wp-content\/uploads\/2024\/08\/cropped-pogotowieflagowe_flaga_projekt_sm.jpg","contentUrl":"https:\/\/www.pogotowieflagowe.pl\/aktualne\/wp-content\/uploads\/2024\/08\/cropped-pogotowieflagowe_flaga_projekt_sm.jpg","width":250,"height":143,"caption":"POGOTOWIE FLAGOWE\u00ae"},"image":{"@id":"https:\/\/www.pogotowieflagowe.pl\/aktualne\/#\/schema\/logo\/image\/"}},{"@type":"Person","@id":"https:\/\/www.pogotowieflagowe.pl\/aktualne\/#\/schema\/person\/9c2fb7d2362ebf6fa088960d7f0d27b0","name":"Filip","image":{"@type":"ImageObject","inLanguage":"pl-PL","@id":"https:\/\/www.pogotowieflagowe.pl\/aktualne\/#\/schema\/person\/image\/","url":"https:\/\/www.pogotowieflagowe.pl\/aktualne\/wp-content\/uploads\/2024\/08\/pogotowieflagowe.pl_.jpg","contentUrl":"https:\/\/www.pogotowieflagowe.pl\/aktualne\/wp-content\/uploads\/2024\/08\/pogotowieflagowe.pl_.jpg","caption":"Filip"},"description":"Jestem Filip, polski dziennikarz z dyplomem nauk politycznych Uniwersytetu Warszawskiego. Rozpoczynaj\u0105c swoj\u0105 karier\u0119 w r\u00f3\u017cnych lokalnych mediach, zdoby\u0142em solidne do\u015bwiadczenie w zakresie \u015bledztwa i redakcji. Obecnie jako redaktor w Pogotowie flagowe, staram si\u0119 dostarcza\u0107 dog\u0142\u0119bne i istotne analizy na temat najwa\u017cniejszych kwestii aktualno\u015bci, \u0142\u0105cz\u0105c rygor z pasj\u0105 dziennikarsk\u0105.","sameAs":["https:\/\/www.pogotowieflagowe.pl\/"]}]}},"_links":{"self":[{"href":"https:\/\/www.pogotowieflagowe.pl\/aktualne\/wp-json\/wp\/v2\/posts\/4344","targetHints":{"allow":["GET"]}}],"collection":[{"href":"https:\/\/www.pogotowieflagowe.pl\/aktualne\/wp-json\/wp\/v2\/posts"}],"about":[{"href":"https:\/\/www.pogotowieflagowe.pl\/aktualne\/wp-json\/wp\/v2\/types\/post"}],"author":[{"embeddable":true,"href":"https:\/\/www.pogotowieflagowe.pl\/aktualne\/wp-json\/wp\/v2\/users\/1"}],"replies":[{"embeddable":true,"href":"https:\/\/www.pogotowieflagowe.pl\/aktualne\/wp-json\/wp\/v2\/comments?post=4344"}],"version-history":[{"count":1,"href":"https:\/\/www.pogotowieflagowe.pl\/aktualne\/wp-json\/wp\/v2\/posts\/4344\/revisions"}],"predecessor-version":[{"id":4346,"href":"https:\/\/www.pogotowieflagowe.pl\/aktualne\/wp-json\/wp\/v2\/posts\/4344\/revisions\/4346"}],"wp:featuredmedia":[{"embeddable":true,"href":"https:\/\/www.pogotowieflagowe.pl\/aktualne\/wp-json\/wp\/v2\/media\/4345"}],"wp:attachment":[{"href":"https:\/\/www.pogotowieflagowe.pl\/aktualne\/wp-json\/wp\/v2\/media?parent=4344"}],"wp:term":[{"taxonomy":"category","embeddable":true,"href":"https:\/\/www.pogotowieflagowe.pl\/aktualne\/wp-json\/wp\/v2\/categories?post=4344"},{"taxonomy":"post_tag","embeddable":true,"href":"https:\/\/www.pogotowieflagowe.pl\/aktualne\/wp-json\/wp\/v2\/tags?post=4344"}],"curies":[{"name":"wp","href":"https:\/\/api.w.org\/{rel}","templated":true}]}}